{"id":419811,"date":"2024-11-15T13:36:39","date_gmt":"2024-11-15T12:36:39","guid":{"rendered":"https:\/\/www.radiopiu.net\/wordpress\/?p=419811"},"modified":"2024-11-15T13:37:08","modified_gmt":"2024-11-15T12:37:08","slug":"nellincontro-avuto-questa-mattina-in-assolombarda-a-monza-con-la-direzione-aziendale-di-edim-spa-azienda-appartenente-al-gruppo-bosch-e-stato-annunciata-la-volonta-del-gruppo-di-privarsi","status":"publish","type":"post","link":"https:\/\/www.radiopiu.net\/wordpress\/nellincontro-avuto-questa-mattina-in-assolombarda-a-monza-con-la-direzione-aziendale-di-edim-spa-azienda-appartenente-al-gruppo-bosch-e-stato-annunciata-la-volonta-del-gruppo-di-privarsi\/","title":{"rendered":"Annuncio di Esuberi e Vendita Stabilimenti Edim Spa: Sindacati in Allarme"},"content":{"rendered":"<p>++<\/p>\n<p>&nbsp;<\/p>\n<p><strong><a class=\"dt-pswp-item\" href=\"https:\/\/www.radiopiu.net\/wordpress\/wp-content\/uploads\/2024\/11\/Azienda-location-orizzontale.png\" data-dt-img-description=\"\" data-large_image_width=\"1300\" data-large_image_height=\"656\"><img loading=\"lazy\" decoding=\"async\" class=\"size-medium wp-image-419812 alignleft\" src=\"https:\/\/www.radiopiu.net\/wordpress\/wp-content\/uploads\/2024\/11\/Azienda-location-orizzontale-300x151.png\" alt=\"\" width=\"300\" height=\"151\" srcset=\"https:\/\/www.radiopiu.net\/wordpress\/wp-content\/uploads\/2024\/11\/Azienda-location-orizzontale-300x151.png 300w, https:\/\/www.radiopiu.net\/wordpress\/wp-content\/uploads\/2024\/11\/Azienda-location-orizzontale-1024x517.png 1024w, https:\/\/www.radiopiu.net\/wordpress\/wp-content\/uploads\/2024\/11\/Azienda-location-orizzontale-768x388.png 768w, https:\/\/www.radiopiu.net\/wordpress\/wp-content\/uploads\/2024\/11\/Azienda-location-orizzontale.png 1300w\" sizes=\"auto, (max-width: 300px) 100vw, 300px\" \/><\/a>QUERO<\/strong><\/p>\n<p data-pm-slice=\"1 1 []\">Durante l\u2019incontro odierno presso Assolombarda a Monza, la Direzione di Edim Spa, parte del Gruppo Bosch, ha annunciato l\u2019intenzione di vendere gli stabilimenti di Villasanta e Quero, coinvolgendo 160 esuberi (120 a Villasanta e 40 a Quero), di cui 40 lavoratori somministrati. Le rappresentanze sindacali Fim, Fiom e Uilm hanno espresso forte dissenso, definendo inaccettabile la scelta, con pesanti conseguenze sui lavoratori e sul tessuto sociale.<\/p>\n<p>La Direzione ha motivato la decisione con difficolt\u00e0 economiche e il non allineamento delle attivit\u00e0 di Edim al core business del Gruppo Bosch. I sindacati fim, Fiom e Uilm con le RSU dei due siti produttivi, per\u00f2, hanno contestato queste giustificazioni, ritenendole indice di una gestione miope e priva di visione strategica. Hanno richiesto il ritiro del piano e nuovi investimenti per rilanciare l\u2019azienda, sollecitando un confronto con le istituzioni locali e il Governo. Assemblee e possibili mobilitazioni sono previste nei prossimi giorni.<\/p>\n<p>&nbsp;<\/p>\n<p>&nbsp;<\/p>\n<hr \/>\n<p>&nbsp;<\/p>\n","protected":false},"excerpt":{"rendered":"<p>++ &nbsp; QUERO Durante l\u2019incontro odierno presso Assolombarda a Monza, la Direzione di Edim Spa, parte del Gruppo Bosch, ha annunciato l\u2019intenzione di vendere gli stabilimenti di Villasanta e Quero, coinvolgendo 160 esuberi (120 a Villasanta e 40 a Quero), di cui 40 lavoratori somministrati. Le rappresentanze sindacali Fim, Fiom e Uilm hanno espresso forte&hellip;<\/p>\n","protected":false},"author":4,"featured_media":419812,"comment_status":"closed","ping_status":"closed","sticky":false,"template":"","format":"standard","meta":{"_monsterinsights_skip_tracking":false,"_monsterinsights_sitenote_active":false,"_monsterinsights_sitenote_note":"","_monsterinsights_sitenote_category":0,"footnotes":""},"categories":[51,49],"tags":[],"class_list":["post-419811","post","type-post","status-publish","format-standard","has-post-thumbnail","hentry","category-evidenza-top","category-news-18","category-51","category-49","description-off"],"img_url":"https:\/\/www.radiopiu.net\/wordpress\/wp-content\/uploads\/2024\/11\/Azienda-location-orizzontale.png","_links":{"self":[{"href":"https:\/\/www.radiopiu.net\/wordpress\/wp-json\/wp\/v2\/posts\/419811","targetHints":{"allow":["GET"]}}],"collection":[{"href":"https:\/\/www.radiopiu.net\/wordpress\/wp-json\/wp\/v2\/posts"}],"about":[{"href":"https:\/\/www.radiopiu.net\/wordpress\/wp-json\/wp\/v2\/types\/post"}],"author":[{"embeddable":true,"href":"https:\/\/www.radiopiu.net\/wordpress\/wp-json\/wp\/v2\/users\/4"}],"replies":[{"embeddable":true,"href":"https:\/\/www.radiopiu.net\/wordpress\/wp-json\/wp\/v2\/comments?post=419811"}],"version-history":[{"count":2,"href":"https:\/\/www.radiopiu.net\/wordpress\/wp-json\/wp\/v2\/posts\/419811\/revisions"}],"predecessor-version":[{"id":419814,"href":"https:\/\/www.radiopiu.net\/wordpress\/wp-json\/wp\/v2\/posts\/419811\/revisions\/419814"}],"wp:featuredmedia":[{"embeddable":true,"href":"https:\/\/www.radiopiu.net\/wordpress\/wp-json\/wp\/v2\/media\/419812"}],"wp:attachment":[{"href":"https:\/\/www.radiopiu.net\/wordpress\/wp-json\/wp\/v2\/media?parent=419811"}],"wp:term":[{"taxonomy":"category","embeddable":true,"href":"https:\/\/www.radiopiu.net\/wordpress\/wp-json\/wp\/v2\/categories?post=419811"},{"taxonomy":"post_tag","embeddable":true,"href":"https:\/\/www.radiopiu.net\/wordpress\/wp-json\/wp\/v2\/tags?post=419811"}],"curies":[{"name":"wp","href":"https:\/\/api.w.org\/{rel}","templated":true}]}}