{"id":419846,"date":"2024-11-15T23:58:06","date_gmt":"2024-11-15T22:58:06","guid":{"rendered":"https:\/\/www.radiopiu.net\/wordpress\/?p=419846"},"modified":"2024-11-15T19:31:34","modified_gmt":"2024-11-15T18:31:34","slug":"il-fine-settimana-dellagordina-calcio-prima-squadra-contro-la-lamonese","status":"publish","type":"post","link":"https:\/\/www.radiopiu.net\/wordpress\/il-fine-settimana-dellagordina-calcio-prima-squadra-contro-la-lamonese\/","title":{"rendered":"IL FINE SETTIMANA DELL&#8217;AGORDINA CALCIO. PRIMA SQUADRA CONTRO LA LAMONESE"},"content":{"rendered":"<p>*******<\/p>\n<p>&nbsp;<\/p>\n<p><strong><a class=\"dt-pswp-item\" href=\"https:\/\/www.radiopiu.net\/wordpress\/wp-content\/uploads\/2022\/11\/CALCIO-2022.jpg\" data-dt-img-description=\"\" data-large_image_width=\"1920\" data-large_image_height=\"1280\"><img loading=\"lazy\" decoding=\"async\" class=\" wp-image-305390 alignleft\" src=\"https:\/\/www.radiopiu.net\/wordpress\/wp-content\/uploads\/2022\/11\/CALCIO-2022-300x200.jpg\" alt=\"\" width=\"182\" height=\"121\" srcset=\"https:\/\/www.radiopiu.net\/wordpress\/wp-content\/uploads\/2022\/11\/CALCIO-2022-300x200.jpg 300w, https:\/\/www.radiopiu.net\/wordpress\/wp-content\/uploads\/2022\/11\/CALCIO-2022-1024x683.jpg 1024w, https:\/\/www.radiopiu.net\/wordpress\/wp-content\/uploads\/2022\/11\/CALCIO-2022-768x512.jpg 768w, https:\/\/www.radiopiu.net\/wordpress\/wp-content\/uploads\/2022\/11\/CALCIO-2022-1536x1024.jpg 1536w, https:\/\/www.radiopiu.net\/wordpress\/wp-content\/uploads\/2022\/11\/CALCIO-2022.jpg 1920w\" sizes=\"auto, (max-width: 182px) 100vw, 182px\" \/><\/a>REDAZIONE<\/strong> Continuano i campionati provinciali della LND della provincia di Belluno dove l&#8217;Agordina \u00e8 iscritta con le sue 5 squadre. Un fine settimana spezzatino per la compagine di Agordo. Si inizia oggi alle 18 quando sar\u00e0 il turno della Juniores che scender\u00e0 a Santa Giustina per la sfida con la Plavis. Domani le ultime due partite in programma. Alle 10 sar\u00e0 il turno degli Allievi dell&#8217;Agordina che giocheranno all&#8217;Ivano Dorigo di Agordo contro la Plavis. Nel pomeriggio, a chiudere il fine settimana dell&#8217;Agordina, in campo la prima squadra che giocher\u00e0 la decima giornata della Terza categoria provinciale. La squadra allenata da Elvio Chiea \u00e8 chiamata ad una reazione dopo le sconfitte delle ultime settimane. Agli agordini servono punti per scalare la classifica e raggiungere la zona playoff, obbiettivo di inizio stagione. Ci prover\u00e0 domani alle 14:30 nella trasferta con la Lamonese. La partita non \u00e8 proibitiva per l&#8217;Agordina che dista a sole due lunghezze dalla squadra di Lamon. Domani sera alle 20:30 appuntamento con &#8220;Agordina In Prima Linea&#8221; su Radio Pi\u00f9 per analizzare il fine settimana dell&#8217;Agordina Calcio.<\/p>\n<p>&nbsp;<\/p>\n<p>&nbsp;<\/p>\n<p>&nbsp;<\/p>\n<p>*********<\/p>\n","protected":false},"excerpt":{"rendered":"<p>******* &nbsp; REDAZIONE Continuano i campionati provinciali della LND della provincia di Belluno dove l&#8217;Agordina \u00e8 iscritta con le sue 5 squadre. Un fine settimana spezzatino per la compagine di Agordo. Si inizia oggi alle 18 quando sar\u00e0 il turno della Juniores che scender\u00e0 a Santa Giustina per la sfida con la Plavis. Domani le&hellip;<\/p>\n","protected":false},"author":4,"featured_media":305390,"comment_status":"closed","ping_status":"closed","sticky":false,"template":"","format":"standard","meta":{"_monsterinsights_skip_tracking":false,"_monsterinsights_sitenote_active":false,"_monsterinsights_sitenote_note":"","_monsterinsights_sitenote_category":0,"footnotes":""},"categories":[49],"tags":[],"class_list":["post-419846","post","type-post","status-publish","format-standard","has-post-thumbnail","hentry","category-news-18","category-49","description-off"],"img_url":"https:\/\/www.radiopiu.net\/wordpress\/wp-content\/uploads\/2022\/11\/CALCIO-2022.jpg","_links":{"self":[{"href":"https:\/\/www.radiopiu.net\/wordpress\/wp-json\/wp\/v2\/posts\/419846","targetHints":{"allow":["GET"]}}],"collection":[{"href":"https:\/\/www.radiopiu.net\/wordpress\/wp-json\/wp\/v2\/posts"}],"about":[{"href":"https:\/\/www.radiopiu.net\/wordpress\/wp-json\/wp\/v2\/types\/post"}],"author":[{"embeddable":true,"href":"https:\/\/www.radiopiu.net\/wordpress\/wp-json\/wp\/v2\/users\/4"}],"replies":[{"embeddable":true,"href":"https:\/\/www.radiopiu.net\/wordpress\/wp-json\/wp\/v2\/comments?post=419846"}],"version-history":[{"count":2,"href":"https:\/\/www.radiopiu.net\/wordpress\/wp-json\/wp\/v2\/posts\/419846\/revisions"}],"predecessor-version":[{"id":419866,"href":"https:\/\/www.radiopiu.net\/wordpress\/wp-json\/wp\/v2\/posts\/419846\/revisions\/419866"}],"wp:featuredmedia":[{"embeddable":true,"href":"https:\/\/www.radiopiu.net\/wordpress\/wp-json\/wp\/v2\/media\/305390"}],"wp:attachment":[{"href":"https:\/\/www.radiopiu.net\/wordpress\/wp-json\/wp\/v2\/media?parent=419846"}],"wp:term":[{"taxonomy":"category","embeddable":true,"href":"https:\/\/www.radiopiu.net\/wordpress\/wp-json\/wp\/v2\/categories?post=419846"},{"taxonomy":"post_tag","embeddable":true,"href":"https:\/\/www.radiopiu.net\/wordpress\/wp-json\/wp\/v2\/tags?post=419846"}],"curies":[{"name":"wp","href":"https:\/\/api.w.org\/{rel}","templated":true}]}}