{"id":419848,"date":"2024-11-15T17:19:32","date_gmt":"2024-11-15T16:19:32","guid":{"rendered":"https:\/\/www.radiopiu.net\/wordpress\/?p=419848"},"modified":"2024-11-16T09:48:54","modified_gmt":"2024-11-16T08:48:54","slug":"pedone-investito-a-calalzo-anziano-grave-a-treviso","status":"publish","type":"post","link":"https:\/\/www.radiopiu.net\/wordpress\/pedone-investito-a-calalzo-anziano-grave-a-treviso\/","title":{"rendered":"PEDONE INVESTITO A CALALZO: ANZIANO GRAVE A TREVISO"},"content":{"rendered":"<p>*******<\/p>\n<p>&nbsp;<\/p>\n<p><strong><a class=\"dt-pswp-item\" href=\"https:\/\/www.radiopiu.net\/wordpress\/wp-content\/uploads\/2024\/11\/Senza-nome-70.png\" data-dt-img-description=\"\" data-large_image_width=\"322\" data-large_image_height=\"204\"><img loading=\"lazy\" decoding=\"async\" class=\" wp-image-419879 alignleft\" src=\"https:\/\/www.radiopiu.net\/wordpress\/wp-content\/uploads\/2024\/11\/Senza-nome-70-300x190.png\" alt=\"\" width=\"196\" height=\"124\" srcset=\"https:\/\/www.radiopiu.net\/wordpress\/wp-content\/uploads\/2024\/11\/Senza-nome-70-300x190.png 300w, https:\/\/www.radiopiu.net\/wordpress\/wp-content\/uploads\/2024\/11\/Senza-nome-70.png 322w\" sizes=\"auto, (max-width: 196px) 100vw, 196px\" \/><\/a>CALALZO DI CADORE<\/strong><\/p>\n<p data-pm-slice=\"1 1 []\">Investito da un&#8217;auto davanti al suo negozio, Beppino De Menego, fondatore e presidente onorario della catena di ottica Demenego, lotta tra la vita e la morte. L&#8217;incidente \u00e8 avvenuto ieri pomeriggio a Calalzo, quando l&#8217;89enne \u00e8 stato colpito da una Fiat Panda mentre attraversava sulle strisce pedonali di via Nazionale, proprio davanti al suo negozio. L&#8217;impatto, estremamente violento, lo ha sbalzato per circa 20 metri, provocando gravi traumi.<\/p>\n<p>De Menego \u00e8 stato soccorso subito, inizialmente incosciente, poi riprendendo conoscenza e rispondendo ai soccorritori. \u00c8 stato trasportato d&#8217;urgenza in elicottero al Ca&#8217; Foncello di Treviso, dove \u00e8 stato sottoposto a TAC e a un intervento chirurgico per un trauma addominale severo.<\/p>\n<p>I carabinieri indagano per chiarire la dinamica, considerando anche l&#8217;ipotesi di un possibile abbagliamento solare. La catena Demenego, fondata nel 1960, conta oggi decine di punti vendita nel Nordest e in Emilia Romagna. La notizia ha suscitato commozione tra amici e conoscenti.<\/p>\n<p>foto corriere delle alpi<\/p>\n<p>&nbsp;<\/p>\n<p>&nbsp;<\/p>\n<p>*******<\/p>\n","protected":false},"excerpt":{"rendered":"<p>******* &nbsp; CALALZO DI CADORE Investito da un&#8217;auto davanti al suo negozio, Beppino De Menego, fondatore e presidente onorario della catena di ottica Demenego, lotta tra la vita e la morte. L&#8217;incidente \u00e8 avvenuto ieri pomeriggio a Calalzo, quando l&#8217;89enne \u00e8 stato colpito da una Fiat Panda mentre attraversava sulle strisce pedonali di via Nazionale,&hellip;<\/p>\n","protected":false},"author":4,"featured_media":419879,"comment_status":"closed","ping_status":"closed","sticky":false,"template":"","format":"standard","meta":{"_monsterinsights_skip_tracking":false,"_monsterinsights_sitenote_active":false,"_monsterinsights_sitenote_note":"","_monsterinsights_sitenote_category":0,"footnotes":""},"categories":[51,49],"tags":[],"class_list":["post-419848","post","type-post","status-publish","format-standard","has-post-thumbnail","hentry","category-evidenza-top","category-news-18","category-51","category-49","description-off"],"img_url":"https:\/\/www.radiopiu.net\/wordpress\/wp-content\/uploads\/2024\/11\/Senza-nome-70.png","_links":{"self":[{"href":"https:\/\/www.radiopiu.net\/wordpress\/wp-json\/wp\/v2\/posts\/419848","targetHints":{"allow":["GET"]}}],"collection":[{"href":"https:\/\/www.radiopiu.net\/wordpress\/wp-json\/wp\/v2\/posts"}],"about":[{"href":"https:\/\/www.radiopiu.net\/wordpress\/wp-json\/wp\/v2\/types\/post"}],"author":[{"embeddable":true,"href":"https:\/\/www.radiopiu.net\/wordpress\/wp-json\/wp\/v2\/users\/4"}],"replies":[{"embeddable":true,"href":"https:\/\/www.radiopiu.net\/wordpress\/wp-json\/wp\/v2\/comments?post=419848"}],"version-history":[{"count":5,"href":"https:\/\/www.radiopiu.net\/wordpress\/wp-json\/wp\/v2\/posts\/419848\/revisions"}],"predecessor-version":[{"id":419938,"href":"https:\/\/www.radiopiu.net\/wordpress\/wp-json\/wp\/v2\/posts\/419848\/revisions\/419938"}],"wp:featuredmedia":[{"embeddable":true,"href":"https:\/\/www.radiopiu.net\/wordpress\/wp-json\/wp\/v2\/media\/419879"}],"wp:attachment":[{"href":"https:\/\/www.radiopiu.net\/wordpress\/wp-json\/wp\/v2\/media?parent=419848"}],"wp:term":[{"taxonomy":"category","embeddable":true,"href":"https:\/\/www.radiopiu.net\/wordpress\/wp-json\/wp\/v2\/categories?post=419848"},{"taxonomy":"post_tag","embeddable":true,"href":"https:\/\/www.radiopiu.net\/wordpress\/wp-json\/wp\/v2\/tags?post=419848"}],"curies":[{"name":"wp","href":"https:\/\/api.w.org\/{rel}","templated":true}]}}