{"id":419882,"date":"2024-11-18T14:00:59","date_gmt":"2024-11-18T13:00:59","guid":{"rendered":"https:\/\/www.radiopiu.net\/wordpress\/?p=419882"},"modified":"2024-11-18T14:26:56","modified_gmt":"2024-11-18T13:26:56","slug":"domani-lultimo-saluto-a-patrick-dellosbel","status":"publish","type":"post","link":"https:\/\/www.radiopiu.net\/wordpress\/domani-lultimo-saluto-a-patrick-dellosbel\/","title":{"rendered":"DOMANI L&#8217;ULTIMO SALUTO A PATRICK DELL&#8217;OSBEL"},"content":{"rendered":"<p>***<img loading=\"lazy\" decoding=\"async\" class=\"alignleft\" src=\"https:\/\/www.radiopiu.net\/wordpress\/wp-content\/uploads\/2024\/11\/Senza-nome-74.png\" width=\"174\" height=\"167\" \/><\/p>\n<p><strong>LA VALLE<\/strong> Domani alle 14.30 nella Chiesa Parrocchiale di La Valle Agordina, saranno celebrati i funerali di Patrick Dell&#8217;Osbel, 36 anni, mancato improvvisamente nella sua abitazione a Conaggia di La Valle Agordina. Una comunit\u00e0 si stringe ai famigliari, al figlio Dherek, alla mamma Mara, pap\u00e0 Sergio, fratello Cristian con Barbara e Denny. La famiglia ha porto un ringraziamento ai medici e personale Suem del Pronto Soccorso di Agordo.<\/p>\n<p>&nbsp;<\/p>\n<p>&nbsp;<\/p>\n<p>&nbsp;<\/p>\n<hr \/>\n<blockquote>\n<h3>PATRICK NON CE L&#8217;HA FATTA, GIOVEDI L&#8217;ARRESTO CARDIOCIRCOLATORIO<\/h3>\n<\/blockquote>\n<p><strong><img loading=\"lazy\" decoding=\"async\" class=\"alignleft\" src=\"https:\/\/www.radiopiu.net\/wordpress\/wp-content\/uploads\/2023\/08\/e39c8772-455c-49f2-a58c-33a1885b023f.jpg\" width=\"207\" height=\"155\" \/>LA VALLE<\/strong> Non ce l&#8217;ha fatta Patrick Dell&#8217;Osbel, 36 anni,\u00a0 colpito da un improvviso arresto cardiocircolatorio nel tardo pomeriggio di gioved\u00ec. La mobilitazione dei sanitari dell&#8217;ambulanza del pronto soccorso di Agordo e dell&#8217;elicottero del Suem di Pieve di Cadore, fatto alzare in volo dalla centrale operativa, non \u00e8 bastata per salvare la vita all&#8217;uomo, che \u00e8 stato portato invano al pronto soccorso dell&#8217;ospedale Giovanni Paolo I. Il tragico episodio, che ha provocato grande cordoglio nella comunit\u00e0 lavallese, \u00e8 avvenuto gioved\u00ec nell&#8217;abitazione dei genitori a Conaggia, dove Dell&#8217;Osbel viveva con il figlio. La chiamata ai soccorritori \u00e8 partita alle 18:37 e dalla centrale operativa del Suem si \u00e8 capito subito che il malore riferito era di grave entit\u00e0. Tanto che, oltre a far mettere in strada l&#8217;ambulanza del pronto soccorso di Agordo, gli operatori del 118 hanno fatto mobilitare l&#8217;elicottero per un eventuale trasferimento in breve tempo in un altro centro ospedaliero. Non \u00e8 purtroppo servito: le manovre di rianimazione e la partenza verso l&#8217;ospedale con una prognosi di massima gravit\u00e0 non hanno permesso di salvare il 37enne. In paese, dove la sirena dell&#8217;ambulanza aveva fatto capire subito che era accaduto qualcosa di grave, la notizia ha provocato grande cordoglio per la giovane et\u00e0 dell&#8217;uomo. La salma \u00e8 stata messa a disposizione delle autorit\u00e0 per gli accertamenti sul tragico malore. Solo dopo le verifiche e l&#8217;eventuale autopsia potr\u00e0 essere fissato il funerale.<\/p>\n<p>&nbsp;<\/p>\n<hr \/>\n<p>&nbsp;<\/p>\n","protected":false},"excerpt":{"rendered":"<p>*** LA VALLE Domani alle 14.30 nella Chiesa Parrocchiale di La Valle Agordina, saranno celebrati i funerali di Patrick Dell&#8217;Osbel, 36 anni, mancato improvvisamente nella sua abitazione a Conaggia di La Valle Agordina. Una comunit\u00e0 si stringe ai famigliari, al figlio Dherek, alla mamma Mara, pap\u00e0 Sergio, fratello Cristian con Barbara e Denny. La famiglia&hellip;<\/p>\n","protected":false},"author":4,"featured_media":420265,"comment_status":"closed","ping_status":"closed","sticky":false,"template":"","format":"standard","meta":{"_monsterinsights_skip_tracking":false,"_monsterinsights_sitenote_active":false,"_monsterinsights_sitenote_note":"","_monsterinsights_sitenote_category":0,"footnotes":""},"categories":[51,49],"tags":[],"class_list":["post-419882","post","type-post","status-publish","format-standard","has-post-thumbnail","hentry","category-evidenza-top","category-news-18","category-51","category-49","description-off"],"img_url":"https:\/\/www.radiopiu.net\/wordpress\/wp-content\/uploads\/2024\/11\/Senza-nome-74.png","_links":{"self":[{"href":"https:\/\/www.radiopiu.net\/wordpress\/wp-json\/wp\/v2\/posts\/419882","targetHints":{"allow":["GET"]}}],"collection":[{"href":"https:\/\/www.radiopiu.net\/wordpress\/wp-json\/wp\/v2\/posts"}],"about":[{"href":"https:\/\/www.radiopiu.net\/wordpress\/wp-json\/wp\/v2\/types\/post"}],"author":[{"embeddable":true,"href":"https:\/\/www.radiopiu.net\/wordpress\/wp-json\/wp\/v2\/users\/4"}],"replies":[{"embeddable":true,"href":"https:\/\/www.radiopiu.net\/wordpress\/wp-json\/wp\/v2\/comments?post=419882"}],"version-history":[{"count":4,"href":"https:\/\/www.radiopiu.net\/wordpress\/wp-json\/wp\/v2\/posts\/419882\/revisions"}],"predecessor-version":[{"id":420267,"href":"https:\/\/www.radiopiu.net\/wordpress\/wp-json\/wp\/v2\/posts\/419882\/revisions\/420267"}],"wp:featuredmedia":[{"embeddable":true,"href":"https:\/\/www.radiopiu.net\/wordpress\/wp-json\/wp\/v2\/media\/420265"}],"wp:attachment":[{"href":"https:\/\/www.radiopiu.net\/wordpress\/wp-json\/wp\/v2\/media?parent=419882"}],"wp:term":[{"taxonomy":"category","embeddable":true,"href":"https:\/\/www.radiopiu.net\/wordpress\/wp-json\/wp\/v2\/categories?post=419882"},{"taxonomy":"post_tag","embeddable":true,"href":"https:\/\/www.radiopiu.net\/wordpress\/wp-json\/wp\/v2\/tags?post=419882"}],"curies":[{"name":"wp","href":"https:\/\/api.w.org\/{rel}","templated":true}]}}