{"id":419896,"date":"2024-11-16T05:53:26","date_gmt":"2024-11-16T04:53:26","guid":{"rendered":"https:\/\/www.radiopiu.net\/wordpress\/?p=419896"},"modified":"2024-11-16T08:52:57","modified_gmt":"2024-11-16T07:52:57","slug":"luxottica-ieri-ore-12-02-la-mail-che-ha-destabilizzato-i-reparti","status":"publish","type":"post","link":"https:\/\/www.radiopiu.net\/wordpress\/luxottica-ieri-ore-12-02-la-mail-che-ha-destabilizzato-i-reparti\/","title":{"rendered":"LUXOTTICA, IERI ORE 12.02: LA MAIL CHE HA DESTABILIZZATO I REPARTI"},"content":{"rendered":"<p>***<\/p>\n<p>&nbsp;<\/p>\n<p><strong><a class=\"dt-pswp-item\" href=\"https:\/\/www.radiopiu.net\/wordpress\/wp-content\/uploads\/2024\/11\/luxottica-maneskin-1280x736-1.jpg\" data-dt-img-description=\"Screenshot\" data-large_image_width=\"1280\" data-large_image_height=\"736\"><img loading=\"lazy\" decoding=\"async\" class=\"size-medium wp-image-419807 alignleft\" src=\"https:\/\/www.radiopiu.net\/wordpress\/wp-content\/uploads\/2024\/11\/luxottica-maneskin-1280x736-1-300x173.jpg\" alt=\"\" width=\"300\" height=\"173\" srcset=\"https:\/\/www.radiopiu.net\/wordpress\/wp-content\/uploads\/2024\/11\/luxottica-maneskin-1280x736-1-300x173.jpg 300w, https:\/\/www.radiopiu.net\/wordpress\/wp-content\/uploads\/2024\/11\/luxottica-maneskin-1280x736-1-1024x589.jpg 1024w, https:\/\/www.radiopiu.net\/wordpress\/wp-content\/uploads\/2024\/11\/luxottica-maneskin-1280x736-1-768x442.jpg 768w, https:\/\/www.radiopiu.net\/wordpress\/wp-content\/uploads\/2024\/11\/luxottica-maneskin-1280x736-1.jpg 1280w\" sizes=\"auto, (max-width: 300px) 100vw, 300px\" \/><\/a>REDAZIONE<\/strong> C&#8217;era una volta la cena Luxottica, all&#8217;Hotel Villa Imperina (oggi), allora Hotel Milano. La crescita con\u00a0 Leonardo Del Vecchio \u00e8 stata veloce e i dipendenti sempre di pi\u00f9. La mensa in localit\u00e0 Valcozzena ed a Sedico, per anni, ha soddisfatto le esigenze dei numeri. Poi troppo piccole hanno ceduto il testimone ai grandi teatri tenda, quindi il PalaLuxottica, che visti i numeri di EssilorLuxottica \u00e8 diventato &#8220;piccolo&#8221; a sua volta. Tutto questo ha comportato e comporta crescenti complessit\u00e0 logistiche e organizzative legate all\u2019evento e alla crescita progressiva della comunit\u00e0 di dipendenti. Per questo la scelta del Gruppo di\u00a0 mettere in pausa l\u2019organizzazione della serata,cio\u00e8 da quest&#8217;anno niente festa di Natale con ospite sul palco delle grandi occasioni. . Al contempo Luxottica ripensa il family day\u00a0 sulla scorta del successo ottenuto due anni fa,\u00a0 considerando nuove modalit\u00e0 per future celebrazioni, valutando la possibilit\u00e0 di un evento estivo.foto www.open.online<\/p>\n<p>&nbsp;<\/p>\n<p><a class=\"dt-pswp-item\" href=\"https:\/\/www.radiopiu.net\/wordpress\/wp-content\/uploads\/2024\/11\/download.png\" data-dt-img-description=\"\" data-large_image_width=\"255\" data-large_image_height=\"197\"><img loading=\"lazy\" decoding=\"async\" class=\"size-full wp-image-419899 aligncenter\" src=\"https:\/\/www.radiopiu.net\/wordpress\/wp-content\/uploads\/2024\/11\/download.png\" alt=\"\" width=\"255\" height=\"197\" \/><\/a><\/p>\n<blockquote><p><em><strong><img loading=\"lazy\" decoding=\"async\" class=\"alignleft\" src=\"https:\/\/www.radiopiu.net\/wordpress\/wp-content\/uploads\/2020\/09\/1.-PalaLuxottica.jpg\" width=\"234\" height=\"131\" \/><\/strong>Siamo consapevoli che molti di voi attendono la tradizionale festa di Natale di Agordo, che \u00e8 da sempre un momento speciale per celebrare insieme e coltivare i legami che ci uniscono come comunit\u00e0. Tuttavia, quest\u2019anno, a causa delle crescenti complessit\u00e0 logistiche e organizzative legate all\u2019evento e alla crescita progressiva della nostra comunit\u00e0 di dipendenti, abbiamo deciso di mettere in pausa l\u2019organizzazione della serata. Stiamo gi\u00e0 facendo delle riflessioni sugli eventi futuri e in particolare, forti dell&#8217;esperienza del Family Day 2023,\u202fsulla possibilit\u00e0 di organizzare un evento nella stagione estiva che potr\u00e0 essere pi\u00f9 in linea con gli standard di sicurezza e inclusivit\u00e0 a cui puntiamo sempre.\u202f Per dimostrarvi il nostro apprezzamento per il lavoro e la dedizione che ogni giorno le nostre persone dedicano all\u2019azienda, e celebrare le festivit\u00e0 insieme anche negli stabilimenti di Agordo, Cencenighe, Sedico, Pederobba e Farra d\u2019Alpago, abbiamo pensato a un regalo speciale che riceverete nel mese di dicembre, come simbolo di gratitudine e di augurio di buone feste per voi e per le vostre famiglie.<\/em><\/p><\/blockquote>\n<p>&nbsp;<\/p>\n<hr \/>\n<p>&nbsp;<\/p>\n","protected":false},"excerpt":{"rendered":"<p>*** &nbsp; REDAZIONE C&#8217;era una volta la cena Luxottica, all&#8217;Hotel Villa Imperina (oggi), allora Hotel Milano. La crescita con\u00a0 Leonardo Del Vecchio \u00e8 stata veloce e i dipendenti sempre di pi\u00f9. La mensa in localit\u00e0 Valcozzena ed a Sedico, per anni, ha soddisfatto le esigenze dei numeri. Poi troppo piccole hanno ceduto il testimone ai&hellip;<\/p>\n","protected":false},"author":4,"featured_media":159859,"comment_status":"closed","ping_status":"closed","sticky":false,"template":"","format":"standard","meta":{"_monsterinsights_skip_tracking":false,"_monsterinsights_sitenote_active":false,"_monsterinsights_sitenote_note":"","_monsterinsights_sitenote_category":0,"footnotes":""},"categories":[49],"tags":[],"class_list":["post-419896","post","type-post","status-publish","format-standard","has-post-thumbnail","hentry","category-news-18","category-49","description-off"],"img_url":"https:\/\/www.radiopiu.net\/wordpress\/wp-content\/uploads\/2020\/09\/1.-PalaLuxottica.jpg","_links":{"self":[{"href":"https:\/\/www.radiopiu.net\/wordpress\/wp-json\/wp\/v2\/posts\/419896","targetHints":{"allow":["GET"]}}],"collection":[{"href":"https:\/\/www.radiopiu.net\/wordpress\/wp-json\/wp\/v2\/posts"}],"about":[{"href":"https:\/\/www.radiopiu.net\/wordpress\/wp-json\/wp\/v2\/types\/post"}],"author":[{"embeddable":true,"href":"https:\/\/www.radiopiu.net\/wordpress\/wp-json\/wp\/v2\/users\/4"}],"replies":[{"embeddable":true,"href":"https:\/\/www.radiopiu.net\/wordpress\/wp-json\/wp\/v2\/comments?post=419896"}],"version-history":[{"count":7,"href":"https:\/\/www.radiopiu.net\/wordpress\/wp-json\/wp\/v2\/posts\/419896\/revisions"}],"predecessor-version":[{"id":419930,"href":"https:\/\/www.radiopiu.net\/wordpress\/wp-json\/wp\/v2\/posts\/419896\/revisions\/419930"}],"wp:featuredmedia":[{"embeddable":true,"href":"https:\/\/www.radiopiu.net\/wordpress\/wp-json\/wp\/v2\/media\/159859"}],"wp:attachment":[{"href":"https:\/\/www.radiopiu.net\/wordpress\/wp-json\/wp\/v2\/media?parent=419896"}],"wp:term":[{"taxonomy":"category","embeddable":true,"href":"https:\/\/www.radiopiu.net\/wordpress\/wp-json\/wp\/v2\/categories?post=419896"},{"taxonomy":"post_tag","embeddable":true,"href":"https:\/\/www.radiopiu.net\/wordpress\/wp-json\/wp\/v2\/tags?post=419896"}],"curies":[{"name":"wp","href":"https:\/\/api.w.org\/{rel}","templated":true}]}}