{"id":419918,"date":"2024-11-16T07:35:40","date_gmt":"2024-11-16T06:35:40","guid":{"rendered":"https:\/\/www.radiopiu.net\/wordpress\/?p=419918"},"modified":"2024-11-16T07:39:27","modified_gmt":"2024-11-16T06:39:27","slug":"419918-2","status":"publish","type":"post","link":"https:\/\/www.radiopiu.net\/wordpress\/419918-2\/","title":{"rendered":"FARE MINORANZA OGGI, ANCHE ANTICAMERA VERSO LA PORTA D&#8217;USCITA"},"content":{"rendered":"<p>***<\/p>\n<p>&nbsp;<\/p>\n<p><strong><img loading=\"lazy\" decoding=\"async\" class=\"alignleft\" src=\"https:\/\/www.radiopiu.net\/wordpress\/wp-content\/uploads\/2019\/05\/ELEZIONI-COMUNALI.jpg\" width=\"301\" height=\"196\" \/><\/strong><strong>REDAZIONE<\/strong> Fare minoranza proprio non piace. Non a tutti. Quanti casi in questi anni di candidati a primi cittadini, con la voce grossa in campagna elettorale, ma ad urne aperte, dopo il responso della comunit\u00e0 inghiottiti dall&#8217;amarezza arrivano puntuali le dimissioni. Logica domanda di Andreottiana memoria <em>&#8220;il potere logora chi non ce l&#8217;ha?&#8221;<\/em><\/p>\n<p>Quindi dopo il giudizio degli elettori il candidato\u00a0 abbassa la voce e\u00a0 rassegna le dimissioni, spesso per motivi di lavoro, o per impegni famigliari, e chi pu\u00f2 contestarlo?<\/p>\n<p>Magari in attesa di tempI migliori? Quanti esempi di questo tipo, di amministratori che poi si sono ri &#8211; candidati, magari altrove, magari con altri colori, nel tentativo di raggiungere ambiti traguardi, ma di solito l&#8217;elettore non \u00e8 proprio cos\u00ec &#8230; stupido e la bocciatura \u00e8 sempre arrivata con grande puntualit\u00e0.<br \/>\n<strong>mirko mezzacasa<\/strong><\/p>\n<p><em>PS ogni riferimento \u00e8 puramente casuale<\/em><\/p>\n<p>&nbsp;<\/p>\n<p>&nbsp;<\/p>\n<p>&nbsp;<\/p>\n<hr \/>\n<p>&nbsp;<\/p>\n","protected":false},"excerpt":{"rendered":"<p>*** &nbsp; REDAZIONE Fare minoranza proprio non piace. Non a tutti. Quanti casi in questi anni di candidati a primi cittadini, con la voce grossa in campagna elettorale, ma ad urne aperte, dopo il responso della comunit\u00e0 inghiottiti dall&#8217;amarezza arrivano puntuali le dimissioni. Logica domanda di Andreottiana memoria &#8220;il potere logora chi non ce l&#8217;ha?&#8221;&hellip;<\/p>\n","protected":false},"author":4,"featured_media":86550,"comment_status":"closed","ping_status":"closed","sticky":false,"template":"","format":"standard","meta":{"_monsterinsights_skip_tracking":false,"_monsterinsights_sitenote_active":false,"_monsterinsights_sitenote_note":"","_monsterinsights_sitenote_category":0,"footnotes":""},"categories":[51,49],"tags":[],"class_list":["post-419918","post","type-post","status-publish","format-standard","has-post-thumbnail","hentry","category-evidenza-top","category-news-18","category-51","category-49","description-off"],"img_url":"https:\/\/www.radiopiu.net\/wordpress\/wp-content\/uploads\/2019\/05\/ELEZIONI-COMUNALI.jpg","_links":{"self":[{"href":"https:\/\/www.radiopiu.net\/wordpress\/wp-json\/wp\/v2\/posts\/419918","targetHints":{"allow":["GET"]}}],"collection":[{"href":"https:\/\/www.radiopiu.net\/wordpress\/wp-json\/wp\/v2\/posts"}],"about":[{"href":"https:\/\/www.radiopiu.net\/wordpress\/wp-json\/wp\/v2\/types\/post"}],"author":[{"embeddable":true,"href":"https:\/\/www.radiopiu.net\/wordpress\/wp-json\/wp\/v2\/users\/4"}],"replies":[{"embeddable":true,"href":"https:\/\/www.radiopiu.net\/wordpress\/wp-json\/wp\/v2\/comments?post=419918"}],"version-history":[{"count":4,"href":"https:\/\/www.radiopiu.net\/wordpress\/wp-json\/wp\/v2\/posts\/419918\/revisions"}],"predecessor-version":[{"id":419923,"href":"https:\/\/www.radiopiu.net\/wordpress\/wp-json\/wp\/v2\/posts\/419918\/revisions\/419923"}],"wp:featuredmedia":[{"embeddable":true,"href":"https:\/\/www.radiopiu.net\/wordpress\/wp-json\/wp\/v2\/media\/86550"}],"wp:attachment":[{"href":"https:\/\/www.radiopiu.net\/wordpress\/wp-json\/wp\/v2\/media?parent=419918"}],"wp:term":[{"taxonomy":"category","embeddable":true,"href":"https:\/\/www.radiopiu.net\/wordpress\/wp-json\/wp\/v2\/categories?post=419918"},{"taxonomy":"post_tag","embeddable":true,"href":"https:\/\/www.radiopiu.net\/wordpress\/wp-json\/wp\/v2\/tags?post=419918"}],"curies":[{"name":"wp","href":"https:\/\/api.w.org\/{rel}","templated":true}]}}