{"id":419952,"date":"2024-11-18T05:36:32","date_gmt":"2024-11-18T04:36:32","guid":{"rendered":"https:\/\/www.radiopiu.net\/wordpress\/?p=419952"},"modified":"2024-11-18T08:54:38","modified_gmt":"2024-11-18T07:54:38","slug":"giornale-radiopiu-18-novembre-2024-direttore-mirko-mezzacasada-41-anni-25-giugno-1983-25-giugno-2024","status":"publish","type":"post","link":"https:\/\/www.radiopiu.net\/wordpress\/giornale-radiopiu-18-novembre-2024-direttore-mirko-mezzacasada-41-anni-25-giugno-1983-25-giugno-2024\/","title":{"rendered":"GIORNALE RADIOPIU 18 NOVEMBRE 2024 DIRETTORE MIRKO MEZZACASA\u2026DA 41 ANNI 25 GIUGNO 1983-25 GIUGNO 2024"},"content":{"rendered":"<p>*******<\/p>\n<p>&nbsp;<\/p>\n<p>&nbsp;<\/p>\n<p><em><span style=\"color: #ff0000;\"><a class=\"dt-pswp-item\" href=\"https:\/\/www.radiopiu.net\/wordpress\/wp-content\/uploads\/2024\/10\/Senza-nome-8.png\" data-dt-img-description=\"\" data-large_image_width=\"343\" data-large_image_height=\"303\"><img loading=\"lazy\" decoding=\"async\" class=\"wp-image-412130 alignleft\" src=\"https:\/\/www.radiopiu.net\/wordpress\/wp-content\/uploads\/2024\/10\/Senza-nome-8-300x265.png\" alt=\"\" width=\"105\" height=\"93\" srcset=\"https:\/\/www.radiopiu.net\/wordpress\/wp-content\/uploads\/2024\/10\/Senza-nome-8-300x265.png 300w, https:\/\/www.radiopiu.net\/wordpress\/wp-content\/uploads\/2024\/10\/Senza-nome-8.png 343w\" sizes=\"auto, (max-width: 105px) 100vw, 105px\" \/><\/a><\/span><\/em><strong><em><span style=\"color: #ff0000;\"> LA\u00a0 APP PER IOS-IPHONE di Nicola Vettorello<\/span><\/em><\/strong><\/p>\n<p><strong><span style=\"color: #0000ff;\"><a style=\"color: #0000ff;\" href=\"https:\/\/apps.apple.com\/it\/app\/radio-pi%C3%B9-emittente-agordina\/id1515939845\">https:\/\/apps.apple.com\/it\/app\/radio-pi%C3%B9-emittente-agordina\/id1515939845<\/a><\/span><\/strong><\/p>\n<p><strong><em style=\"color: #ff0000;\">LA\u00a0 APP RADIO\u00a0 PER ANDROID di Nicola Vettorello<\/em><\/strong><\/p>\n<p><strong><span style=\"color: #0000ff;\"><a style=\"color: #0000ff;\" href=\"https:\/\/play.google.com\/store\/apps\/details?id=net.radiopiu.iniko\" target=\"_blank\" rel=\"noopener noreferrer\">https:\/\/<\/a><a style=\"color: #0000ff;\" href=\"https:\/\/play.google.com\/store\/apps\/details?id=net.radiopiu.iniko\" target=\"_blank\" rel=\"noopener noreferrer\">play.google.com\/store\/apps\/details?id=net.radiopiu.iniko\u00a0\u00a0\u00a0<\/a><\/span><\/strong><\/p>\n<p>&nbsp;<\/p>\n<p>&nbsp;<\/p>\n<p>&nbsp;<\/p>\n<hr \/>\n<p>&nbsp;<\/p>\n<p>&nbsp;<\/p>\n<p><strong><a class=\"dt-pswp-item\" href=\"https:\/\/www.radiopiu.net\/wordpress\/wp-content\/uploads\/2019\/12\/Manrico-DellAgnola-regista-del-film-Donnafugata-scaled-e1731904124955.jpg\" data-dt-img-description=\"\" data-large_image_width=\"2560\" data-large_image_height=\"1621\"><img loading=\"lazy\" decoding=\"async\" class=\" wp-image-109360 alignleft\" src=\"https:\/\/www.radiopiu.net\/wordpress\/wp-content\/uploads\/2019\/12\/Manrico-DellAgnola-regista-del-film-Donnafugata-scaled-e1731904124955-300x190.jpg\" alt=\"\" width=\"204\" height=\"129\" srcset=\"https:\/\/www.radiopiu.net\/wordpress\/wp-content\/uploads\/2019\/12\/Manrico-DellAgnola-regista-del-film-Donnafugata-scaled-e1731904124955-300x190.jpg 300w, https:\/\/www.radiopiu.net\/wordpress\/wp-content\/uploads\/2019\/12\/Manrico-DellAgnola-regista-del-film-Donnafugata-scaled-e1731904124955-1024x648.jpg 1024w, https:\/\/www.radiopiu.net\/wordpress\/wp-content\/uploads\/2019\/12\/Manrico-DellAgnola-regista-del-film-Donnafugata-scaled-e1731904124955-768x486.jpg 768w, https:\/\/www.radiopiu.net\/wordpress\/wp-content\/uploads\/2019\/12\/Manrico-DellAgnola-regista-del-film-Donnafugata-scaled-e1731904124955-1536x973.jpg 1536w, https:\/\/www.radiopiu.net\/wordpress\/wp-content\/uploads\/2019\/12\/Manrico-DellAgnola-regista-del-film-Donnafugata-scaled-e1731904124955-2048x1297.jpg 2048w\" sizes=\"auto, (max-width: 204px) 100vw, 204px\" \/><\/a>OGGI ALLA RADIO&#8230;.<\/strong> <span style=\"color: #ff0000;\">ALLE 4 E ALLE 6<\/span> LE NOTIZIE DALL&#8217;ITALIA E DAL MONDO <span style=\"color: #ff0000;\"> 0500 <span style=\"color: #0000ff;\"><span style=\"color: #000000;\">l&#8217;almanacco della nostra gente con il MUSLA<\/span>\u00a0<\/span><\/span><span style=\"color: #ff0000;\"> 6.15<\/span> PIROLE DE LENGA A CURA DEL MUSLA <span style=\"color: #ff0000;\">7.20<\/span> EL BAL DEL FIORI, DETTI E TRADIZIONI DI GIULIANA DA RONCH <span style=\"color: #ff0000;\">8.05<\/span> LA RASSEGNA STAMPA LOCALE<span style=\"color: #ff0000;\"> 8.30 <span style=\"color: #000000;\">PIU SIAMO DI MARINA DONA&#8217;\u00a0\u00a0<\/span> 900\u00a0<\/span><span style=\"color: #ff0000;\"><span style=\"color: #000000;\">\u00a0 OGGI COME IERI DI SILVIA BALDO-SECONDA STAGIONE <\/span><span style=\"color: #0000ff;\">\u00a09.35 I RACCONTI DI PAOLO SOPPELSA <\/span><\/span><span style=\"color: #ff0000;\"><span style=\"color: #000000;\">\u00a0<\/span><\/span><span style=\"color: #ff0000;\">9.40<\/span> VIABILITA&#8217; CON BOTOL CAR SERVICE (AGORDO-SEDICO-FELTRE)\u00a0 \u00a0<span style=\"color: #ff0000;\">10.30\u00a0 <\/span><span style=\"color: #000000;\">SOCCORSO ALPINO, 70 ANNI DI STORIA, SABATO LA FESTA AD AGORDO PALALUXOTTICA, NE PARLIAMO CON DIEGO FAVERO ED EUGENIO BIEN\u00a0<\/span><span style=\"color: #ff0000;\">\u00a0 11.10\u00a0<\/span><span style=\"color: #ff0000;\"><strong><span style=\"color: #000000;\"> SCUOLA APERTA AL FOLLADOR, CONOSCIAMO L&#8217;OFFERTA SCOLASTICA DEGLI ISTITUTI AGORDINI, PER TUTTA LA SETTIMANA ALLE 11 E ALLE 19.30<\/span><\/strong><span style=\"color: #ff0000;\">\u00a0<\/span><\/span><span style=\"color: #ff0000;\">11.40<\/span> FESTIVALBAR STORY DI ATHOS DJ DAVID BEN\u00a0 \u00a0 <span style=\"color: #ff0000;\">12.00<\/span> VA TUTTO LISCIO\u00a0 <span style=\"color: #ff0000;\">12.30<\/span> GIORNALE RADIO PRINCIPALE 13.20 FOGLIE E CASTAGNE MARINA DONA&#8217;\u00a0 \u00a0 <span style=\"color: #ff0000;\">14.00<\/span> collage operazione nostalgia di Loris Scussel <span style=\"color: #ff0000;\">15.10<\/span>\u00a0 ritratti sonori di Allesia Dall&#8217;O ospite MANRICO DELL&#8217;AGNOLA (foto) <span style=\"color: #ff0000;\">16<\/span> IL ROCK DI MARCO COSTANTINI\u00a0 <span style=\"color: #ff0000;\">1645<\/span> LE HIT DI MIRCO BENCIVENNI <span style=\"color: #ff0000;\">18.00<\/span> PIU&#8217; DANCE LE SELEZIONI CHE FANNO SALTARE DI DJ JACK, JACOPO DEL TEDESCO i remix di marina dona&#8217; <span style=\"color: #ff0000;\">19.00 <span style=\"color: #000000;\">LE ANTICIPAZIONI DAL TG DI ANTENNA 3 DI TIZIANA BOLOGNANI\u00a0<\/span><\/span><\/p>\n<p><strong>rassegna stampa nazionale,<\/strong> ogni giorno alle 5 e alle 6 del mattino<br \/>\ngiornali locali 7 rassegna stampa flash, 8 rassegna stampa, gr flash alle 10 e alle 11, principale 12.30. Informazione pomeriggio alle 15 (speciale) 16, 17, 18. Giornale radio nazionale: ogni ora dalle 5 del mattino, alle 20 della sera.<\/p>\n<p>&nbsp;<\/p>\n<p>&nbsp;<\/p>\n<hr \/>\n<p>&nbsp;<\/p>\n<p>&nbsp;<\/p>\n<div class=\"x11i5rnm xat24cr x1mh8g0r x1vvkbs xtlvy1s x126k92a\">\n<div dir=\"auto\">\n<div dir=\"auto\">\n<p><strong><a class=\"dt-pswp-item\" href=\"https:\/\/www.radiopiu.net\/wordpress\/wp-content\/uploads\/2024\/02\/2d44e751-d8a8-461b-8e22-d8e4e853b032.jpg\" data-dt-img-description=\"\" data-large_image_width=\"1600\" data-large_image_height=\"1200\"><img loading=\"lazy\" decoding=\"async\" class=\"wp-image-373307 alignleft\" src=\"https:\/\/www.radiopiu.net\/wordpress\/wp-content\/uploads\/2024\/02\/2d44e751-d8a8-461b-8e22-d8e4e853b032-300x225.jpg\" alt=\"\" width=\"105\" height=\"79\" srcset=\"https:\/\/www.radiopiu.net\/wordpress\/wp-content\/uploads\/2024\/02\/2d44e751-d8a8-461b-8e22-d8e4e853b032-300x225.jpg 300w, https:\/\/www.radiopiu.net\/wordpress\/wp-content\/uploads\/2024\/02\/2d44e751-d8a8-461b-8e22-d8e4e853b032-1024x768.jpg 1024w, https:\/\/www.radiopiu.net\/wordpress\/wp-content\/uploads\/2024\/02\/2d44e751-d8a8-461b-8e22-d8e4e853b032-768x576.jpg 768w, https:\/\/www.radiopiu.net\/wordpress\/wp-content\/uploads\/2024\/02\/2d44e751-d8a8-461b-8e22-d8e4e853b032-1536x1152.jpg 1536w, https:\/\/www.radiopiu.net\/wordpress\/wp-content\/uploads\/2024\/02\/2d44e751-d8a8-461b-8e22-d8e4e853b032.jpg 1600w\" sizes=\"auto, (max-width: 105px) 100vw, 105px\" \/><\/a>EL BAL DEL FIOR, DI GIULIANA DA RONCH, 18 NOVEMBRE<\/strong><strong>\u00a02024<\/strong><\/p>\n<\/div>\n<\/div>\n<\/div>\n<div><\/div>\n<div>\n<audio class=\"wp-audio-shortcode\" id=\"audio-419952-1\" preload=\"none\" style=\"width: 100%;\" controls=\"controls\"><source type=\"audio\/mpeg\" src=\"https:\/\/www.radiopiu.net\/wordpress\/wp-content\/uploads\/2024\/11\/GLU-2.mp3?_=1\" \/><a href=\"https:\/\/www.radiopiu.net\/wordpress\/wp-content\/uploads\/2024\/11\/GLU-2.mp3\">https:\/\/www.radiopiu.net\/wordpress\/wp-content\/uploads\/2024\/11\/GLU-2.mp3<\/a><\/audio>\n<\/div>\n<div><\/div>\n<hr \/>\n<p>&nbsp;<\/p>\n<p>&nbsp;<\/p>\n<div class=\"x11i5rnm xat24cr x1mh8g0r x1vvkbs xtlvy1s x126k92a\">\n<h1><span style=\"color: #ff0000;\"><a class=\"dt-pswp-item\" href=\"https:\/\/www.radiopiu.net\/wordpress\/wp-content\/uploads\/2024\/06\/th-5.jpg\" data-dt-img-description=\"\" data-large_image_width=\"326\" data-large_image_height=\"180\"><img loading=\"lazy\" decoding=\"async\" class=\"size-medium wp-image-395881 alignleft\" src=\"https:\/\/www.radiopiu.net\/wordpress\/wp-content\/uploads\/2024\/06\/th-5-300x166.jpg\" alt=\"\" width=\"300\" height=\"166\" srcset=\"https:\/\/www.radiopiu.net\/wordpress\/wp-content\/uploads\/2024\/06\/th-5-300x166.jpg 300w, https:\/\/www.radiopiu.net\/wordpress\/wp-content\/uploads\/2024\/06\/th-5.jpg 326w\" sizes=\"auto, (max-width: 300px) 100vw, 300px\" \/><\/a><\/span><\/h1>\n<h1><\/h1>\n<h1><\/h1>\n<h1><span style=\"color: #000000;\">18 NOVEMBRE&#8230; alla radio l&#8217;almanacco\u00a0<\/span><\/h1>\n<\/div>\n<div class=\"x11i5rnm xat24cr x1mh8g0r x1vvkbs xtlvy1s x126k92a\">\n<audio class=\"wp-audio-shortcode\" id=\"audio-419952-2\" preload=\"none\" style=\"width: 100%;\" controls=\"controls\"><source type=\"audio\/mpeg\" src=\"https:\/\/www.radiopiu.net\/wordpress\/wp-content\/uploads\/2024\/11\/ALMANACCONEW-13.mp3?_=2\" \/><a href=\"https:\/\/www.radiopiu.net\/wordpress\/wp-content\/uploads\/2024\/11\/ALMANACCONEW-13.mp3\">https:\/\/www.radiopiu.net\/wordpress\/wp-content\/uploads\/2024\/11\/ALMANACCONEW-13.mp3<\/a><\/audio>\n<p>&nbsp;<\/p>\n<p>&nbsp;<\/p>\n<hr \/>\n<p>&nbsp;<\/p>\n<p>&nbsp;<\/p>\n<blockquote>\n<h1><strong><a class=\"dt-pswp-item\" href=\"https:\/\/www.radiopiu.net\/wordpress\/wp-content\/uploads\/2024\/10\/629301fd-708d-4f53-95c2-d28cbefd500f.jpg\" data-dt-img-description=\"\" data-large_image_width=\"1600\" data-large_image_height=\"1322\"><img loading=\"lazy\" decoding=\"async\" class=\"wp-image-413782 alignleft\" src=\"https:\/\/www.radiopiu.net\/wordpress\/wp-content\/uploads\/2024\/10\/629301fd-708d-4f53-95c2-d28cbefd500f-300x248.jpg\" alt=\"\" width=\"186\" height=\"154\" srcset=\"https:\/\/www.radiopiu.net\/wordpress\/wp-content\/uploads\/2024\/10\/629301fd-708d-4f53-95c2-d28cbefd500f-300x248.jpg 300w, https:\/\/www.radiopiu.net\/wordpress\/wp-content\/uploads\/2024\/10\/629301fd-708d-4f53-95c2-d28cbefd500f-1024x846.jpg 1024w, https:\/\/www.radiopiu.net\/wordpress\/wp-content\/uploads\/2024\/10\/629301fd-708d-4f53-95c2-d28cbefd500f-768x635.jpg 768w, https:\/\/www.radiopiu.net\/wordpress\/wp-content\/uploads\/2024\/10\/629301fd-708d-4f53-95c2-d28cbefd500f-1536x1269.jpg 1536w, https:\/\/www.radiopiu.net\/wordpress\/wp-content\/uploads\/2024\/10\/629301fd-708d-4f53-95c2-d28cbefd500f.jpg 1600w\" sizes=\"auto, (max-width: 186px) 100vw, 186px\" \/><\/a>N di parom &#8211; L Almanach de la nosta jent<\/strong><\/h1>\n<\/blockquote>\n<p>Le voci: Davide Conedera, Agordo, Michela Dell&#8217;Osbel, La Valle Agordina Simone Ganz, Falcade Veronica Lezuo, Colle Santa Lucia. La voce nella sigla \u00e8 di Giorgia Taio<\/p>\n<p><strong>LA PUNTATA DI OGGI, 18 NOVEMBRE<\/strong><\/p>\n<audio class=\"wp-audio-shortcode\" id=\"audio-419952-3\" preload=\"none\" style=\"width: 100%;\" controls=\"controls\"><source type=\"audio\/mpeg\" src=\"https:\/\/www.radiopiu.net\/wordpress\/wp-content\/uploads\/2024\/11\/18_november_Michela.mp3?_=3\" \/><a href=\"https:\/\/www.radiopiu.net\/wordpress\/wp-content\/uploads\/2024\/11\/18_november_Michela.mp3\">https:\/\/www.radiopiu.net\/wordpress\/wp-content\/uploads\/2024\/11\/18_november_Michela.mp3<\/a><\/audio>\n<div class=\"x11i5rnm xat24cr x1mh8g0r x1vvkbs xtlvy1s x126k92a\"><\/div>\n<div><\/div>\n<div><\/div>\n<div><\/div>\n<\/div>\n<div class=\"x11i5rnm xat24cr x1mh8g0r x1vvkbs xtlvy1s x126k92a\">\n<p>&nbsp;<\/p>\n<div dir=\"auto\">\n<hr \/>\n<\/div>\n<\/div>\n<blockquote>\n<blockquote>\n<h1><span style=\"color: #ff0000;\">\u00a0<\/span><\/h1>\n<h1><span style=\"color: #ff0000;\">I podcast informativi del mattino &#8211; audio &#8211;\u00a0\u00a0<\/span><\/h1>\n<\/blockquote>\n<p><strong><a class=\"dt-pswp-item\" href=\"https:\/\/www.radiopiu.net\/wordpress\/wp-content\/uploads\/2024\/11\/6.jpg\" data-dt-img-description=\"\" data-large_image_width=\"177\" data-large_image_height=\"180\"><img loading=\"lazy\" decoding=\"async\" class=\"size-full wp-image-417911 alignleft\" src=\"https:\/\/www.radiopiu.net\/wordpress\/wp-content\/uploads\/2024\/11\/6.jpg\" alt=\"\" width=\"177\" height=\"180\" \/><\/a>LA RASSEGNA STAMPA NAZIONALE ALLA RADIO, OGNI GIORNO ALLE 5 E ALLE 6 DEL MATTINO <span style=\"color: #0000ff;\">viene pubblicata alle 6.00 <span style=\"color: #ff0000;\">DIRETTA RADIO\u00a0 \u00a0\u00a0<\/span><\/span><\/strong><\/p><\/blockquote>\n<p>&nbsp;<\/p>\n<p><strong>NOTIZIE DELLA NOTTE<\/strong><\/p>\n<p>&nbsp;<\/p>\n<h2>AUDIO dalle 6 del mattino<\/h2>\n<audio class=\"wp-audio-shortcode\" id=\"audio-419952-4\" preload=\"none\" style=\"width: 100%;\" controls=\"controls\"><source type=\"audio\/mpeg\" src=\"https:\/\/www.radiopiu.net\/wordpress\/wp-content\/uploads\/2024\/11\/GIORNALEDELLESEI-11.mp3?_=4\" \/><a href=\"https:\/\/www.radiopiu.net\/wordpress\/wp-content\/uploads\/2024\/11\/GIORNALEDELLESEI-11.mp3\">https:\/\/www.radiopiu.net\/wordpress\/wp-content\/uploads\/2024\/11\/GIORNALEDELLESEI-11.mp3<\/a><\/audio>\n<p>&nbsp;<\/p>\n<p>&nbsp;<\/p>\n<p>&nbsp;<\/p>\n<hr \/>\n<p>&nbsp;<\/p>\n<h1 style=\"text-align: center;\"><span style=\"color: #ff0000;\"><a class=\"dt-pswp-item\" href=\"https:\/\/www.radiopiu.net\/wordpress\/wp-content\/uploads\/2024\/11\/7.jpg\" data-dt-img-description=\"\" data-large_image_width=\"180\" data-large_image_height=\"180\"><img loading=\"lazy\" decoding=\"async\" class=\"size-full wp-image-417912 alignleft\" src=\"https:\/\/www.radiopiu.net\/wordpress\/wp-content\/uploads\/2024\/11\/7.jpg\" alt=\"\" width=\"180\" height=\"180\" srcset=\"https:\/\/www.radiopiu.net\/wordpress\/wp-content\/uploads\/2024\/11\/7.jpg 180w, https:\/\/www.radiopiu.net\/wordpress\/wp-content\/uploads\/2024\/11\/7-150x150.jpg 150w\" sizes=\"auto, (max-width: 180px) 100vw, 180px\" \/><\/a>I podcast informativi del mattino &#8211; audio &#8211;\u00a0<\/span><\/h1>\n<p><strong>OGNI GIORNO ALLE SETTE DEL MATTINO, LA RASSEGNA STAMPA LOCALE FLASH&#8230; PER CHI VA IN FRETTA. I TITOLI DAI GIORNALI E DAL SITO WWW.RADIOPIU.NET <span style=\"color: #0000ff;\">viene pubblicato alle 7.00<\/span> <span style=\"color: #ff0000;\">DIRETTA RADIO\u00a0<\/span><\/strong><\/p>\n<p><em><span style=\"color: #ff0000;\">per chi va in fretta&#8230; tante notizie in pochi minuti. L&#8217;informazione locale alla radio, ogni ora dalle 7 del mattino alle 19 della sera.<\/span><\/em><\/p>\n<h1><\/h1>\n<h1>AUDIO dalle 7 del mattino<\/h1>\n<audio class=\"wp-audio-shortcode\" id=\"audio-419952-5\" preload=\"none\" style=\"width: 100%;\" controls=\"controls\"><source type=\"audio\/mpeg\" src=\"https:\/\/www.radiopiu.net\/wordpress\/wp-content\/uploads\/2024\/11\/GF07-14.mp3?_=5\" \/><a href=\"https:\/\/www.radiopiu.net\/wordpress\/wp-content\/uploads\/2024\/11\/GF07-14.mp3\">https:\/\/www.radiopiu.net\/wordpress\/wp-content\/uploads\/2024\/11\/GF07-14.mp3<\/a><\/audio>\n<p>&nbsp;<\/p>\n<hr \/>\n<p>&nbsp;<\/p>\n<h1><\/h1>\n<h1 style=\"text-align: center;\"><span style=\"color: #ff0000;\"><a class=\"dt-pswp-item\" href=\"https:\/\/www.radiopiu.net\/wordpress\/wp-content\/uploads\/2024\/11\/th.jpg\" data-dt-img-description=\"\" data-large_image_width=\"148\" data-large_image_height=\"179\"><img loading=\"lazy\" decoding=\"async\" class=\"size-full wp-image-417913 alignleft\" src=\"https:\/\/www.radiopiu.net\/wordpress\/wp-content\/uploads\/2024\/11\/th.jpg\" alt=\"\" width=\"148\" height=\"179\" \/><\/a>I podcast informativi del mattino &#8211; audio &#8211;\u00a0<\/span><\/h1>\n<blockquote><p><strong>GIORNALE RADIO NAZIONALE, EDIZIONE DELLE SETTE <span style=\"color: #0000ff;\">viene pubblicato alle 7.05 <span style=\"color: #ff0000;\">DIRETTA RADIO\u00a0<\/span><\/span><\/strong><\/p><\/blockquote>\n<p><strong>il giornale radionazionale e&#8217; in onda ogni ora, dalle sette del mattino alle venti della sera\u00a0 \u00a0<\/strong><strong>\u00a0<\/strong><\/p>\n<p>&nbsp;<\/p>\n<p>&nbsp;<\/p>\n<p><span style=\"color: #ff0000;\"><span style=\"color: #0000ff;\">CRONACA<\/span> EDIZIONE DELLA SERA , DEL 15 NOVEMBRE 2024 EDIZIONE DI IERI, 20.00<\/span><\/p>\n<audio class=\"wp-audio-shortcode\" id=\"audio-419952-6\" preload=\"none\" style=\"width: 100%;\" controls=\"controls\"><source type=\"audio\/mpeg\" src=\"https:\/\/www.radiopiu.net\/wordpress\/wp-content\/uploads\/2024\/11\/giornale07-26.mp3?_=6\" \/><a href=\"https:\/\/www.radiopiu.net\/wordpress\/wp-content\/uploads\/2024\/11\/giornale07-26.mp3\">https:\/\/www.radiopiu.net\/wordpress\/wp-content\/uploads\/2024\/11\/giornale07-26.mp3<\/a><\/audio>\n<p>&nbsp;<\/p>\n<p><span style=\"color: #ff0000;\"><span style=\"color: #0000ff;\">SPORT<\/span> EDIZIONE DELLE 19, DEL 15 NOVEMBRE 2024, LO SPORT EDIZIONE DI IERI<\/span><\/p>\n<audio class=\"wp-audio-shortcode\" id=\"audio-419952-7\" preload=\"none\" style=\"width: 100%;\" controls=\"controls\"><source type=\"audio\/mpeg\" src=\"https:\/\/www.radiopiu.net\/wordpress\/wp-content\/uploads\/2024\/11\/gr-sport-13.mp3?_=7\" \/><a href=\"https:\/\/www.radiopiu.net\/wordpress\/wp-content\/uploads\/2024\/11\/gr-sport-13.mp3\">https:\/\/www.radiopiu.net\/wordpress\/wp-content\/uploads\/2024\/11\/gr-sport-13.mp3<\/a><\/audio>\n<h2><\/h2>\n<h2><span style=\"color: #ff0000;\"><span style=\"color: #0000ff;\">ULTIM&#8217;ORA<\/span> AUDIO dalle sette del mattino, ogni ora alla radio EDIZIONE DELLE SETTE\u00a0<\/span><\/h2>\n<audio class=\"wp-audio-shortcode\" id=\"audio-419952-8\" preload=\"none\" style=\"width: 100%;\" controls=\"controls\"><source type=\"audio\/mpeg\" src=\"https:\/\/www.radiopiu.net\/wordpress\/wp-content\/uploads\/2024\/11\/giornale07-27.mp3?_=8\" \/><a href=\"https:\/\/www.radiopiu.net\/wordpress\/wp-content\/uploads\/2024\/11\/giornale07-27.mp3\">https:\/\/www.radiopiu.net\/wordpress\/wp-content\/uploads\/2024\/11\/giornale07-27.mp3<\/a><\/audio>\n<p>&nbsp;<\/p>\n<hr \/>\n<p>&nbsp;<\/p>\n<p>&nbsp;<\/p>\n<h1><span style=\"color: #ff0000;\"><a class=\"dt-pswp-item\" href=\"https:\/\/www.radiopiu.net\/wordpress\/wp-content\/uploads\/2024\/11\/8.jpg\" data-dt-img-description=\"\" data-large_image_width=\"180\" data-large_image_height=\"180\"><img loading=\"lazy\" decoding=\"async\" class=\"size-full wp-image-417910 alignleft\" src=\"https:\/\/www.radiopiu.net\/wordpress\/wp-content\/uploads\/2024\/11\/8.jpg\" alt=\"\" width=\"180\" height=\"180\" srcset=\"https:\/\/www.radiopiu.net\/wordpress\/wp-content\/uploads\/2024\/11\/8.jpg 180w, https:\/\/www.radiopiu.net\/wordpress\/wp-content\/uploads\/2024\/11\/8-150x150.jpg 150w\" sizes=\"auto, (max-width: 180px) 100vw, 180px\" \/><\/a>I podcast informativi del mattino &#8211; video &#8211;\u00a0<\/span><\/h1>\n<h2 style=\"text-align: left;\"><strong>RASSEGNA STAMPA LOCALE, ORE OTTO 05<\/strong><\/h2>\n<h2><strong> <span style=\"color: #0000ff;\">viene\u00a0 <\/span><\/strong><strong><span style=\"color: #0000ff;\">pubblicata alle 8.05 <span style=\"color: #ff0000;\">DIRETTA RADIO\u00a0 \u00a0<\/span><\/span><\/strong><strong>DI MIRKO MEZZACASA<\/strong><\/h2>\n<h2><span style=\"color: #ff0000;\"><strong>\u00a0<\/strong><\/span><\/h2>\n<h2><span style=\"color: #ff0000;\"><strong>\u00a0<\/strong><\/span><\/h2>\n<h1><span style=\"color: #ff0000;\"><strong>VIDEO\u00a0 \u00a0in diretta dalle 8 del mattino\u00a0 \u00a0per ASCOLTARE <\/strong><\/span><\/h1>\n<blockquote>\n<h1 style=\"text-align: center;\"><a href=\"https:\/\/www.facebook.com\/watch\/live\/?ref=watch_permalink&amp;v=3876865742628027\">CLICCA QUI<\/a><\/h1>\n<\/blockquote>\n<p><a class=\"dt-pswp-item\" href=\"https:\/\/www.radiopiu.net\/wordpress\/wp-content\/uploads\/2024\/11\/coop1-1.png\" data-dt-img-description=\"\" data-large_image_width=\"602\" data-large_image_height=\"375\">\u00a0<\/a><\/p>\n<p><a class=\"dt-pswp-item\" href=\"https:\/\/www.radiopiu.net\/wordpress\/wp-content\/uploads\/2024\/11\/coop1-8.png\" data-dt-img-description=\"\" data-large_image_width=\"380\" data-large_image_height=\"220\"><img loading=\"lazy\" decoding=\"async\" class=\"alignnone size-medium wp-image-420183\" src=\"https:\/\/www.radiopiu.net\/wordpress\/wp-content\/uploads\/2024\/11\/coop1-8-300x174.png\" alt=\"\" width=\"300\" height=\"174\" srcset=\"https:\/\/www.radiopiu.net\/wordpress\/wp-content\/uploads\/2024\/11\/coop1-8-300x174.png 300w, https:\/\/www.radiopiu.net\/wordpress\/wp-content\/uploads\/2024\/11\/coop1-8.png 380w\" sizes=\"auto, (max-width: 300px) 100vw, 300px\" \/><\/a><a class=\"dt-pswp-item\" href=\"https:\/\/www.radiopiu.net\/wordpress\/wp-content\/uploads\/2024\/11\/coop2-7.png\" data-dt-img-description=\"\" data-large_image_width=\"526\" data-large_image_height=\"289\"><img loading=\"lazy\" decoding=\"async\" class=\"alignnone size-medium wp-image-420184\" src=\"https:\/\/www.radiopiu.net\/wordpress\/wp-content\/uploads\/2024\/11\/coop2-7-300x165.png\" alt=\"\" width=\"300\" height=\"165\" srcset=\"https:\/\/www.radiopiu.net\/wordpress\/wp-content\/uploads\/2024\/11\/coop2-7-300x165.png 300w, https:\/\/www.radiopiu.net\/wordpress\/wp-content\/uploads\/2024\/11\/coop2-7.png 526w\" sizes=\"auto, (max-width: 300px) 100vw, 300px\" \/><\/a><\/p>\n<p>&nbsp;<\/p>\n<hr \/>\n<p>&nbsp;<\/p>\n<p>&nbsp;<\/p>\n<p><strong><a class=\"dt-pswp-item\" href=\"https:\/\/www.radiopiu.net\/wordpress\/wp-content\/uploads\/2023\/12\/ANTENNA.png\" data-dt-img-description=\"\" data-large_image_width=\"300\" data-large_image_height=\"166\"><img loading=\"lazy\" decoding=\"async\" class=\" wp-image-366306 alignleft\" src=\"https:\/\/www.radiopiu.net\/wordpress\/wp-content\/uploads\/2023\/12\/ANTENNA.png\" alt=\"\" width=\"175\" height=\"97\" \/><\/a>ogni sera alle 19 le anticipazioni alla radio, quello che poi seguirete nel TELEGIORNALE BELLUNESE\u00a0 in onda alle 19.30 sul CANALE 10 del digitale terrestre.\u00a0\u00a0<\/strong><\/p>\n<p>&nbsp;<\/p>\n<p>&nbsp;<\/p>\n<hr \/>\n<p>&nbsp;<\/p>\n<p>&nbsp;<\/p>\n<p><strong><a class=\"dt-pswp-item\" href=\"https:\/\/www.radiopiu.net\/wordpress\/wp-content\/uploads\/2020\/05\/VENETO-STRADE.png\" data-dt-img-description=\"\" data-large_image_width=\"400\" data-large_image_height=\"400\"><img loading=\"lazy\" decoding=\"async\" class=\" wp-image-135574 alignleft\" src=\"https:\/\/www.radiopiu.net\/wordpress\/wp-content\/uploads\/2020\/05\/VENETO-STRADE-300x300.png\" alt=\"\" width=\"75\" height=\"75\" srcset=\"https:\/\/www.radiopiu.net\/wordpress\/wp-content\/uploads\/2020\/05\/VENETO-STRADE-300x300.png 300w, https:\/\/www.radiopiu.net\/wordpress\/wp-content\/uploads\/2020\/05\/VENETO-STRADE-150x150.png 150w, https:\/\/www.radiopiu.net\/wordpress\/wp-content\/uploads\/2020\/05\/VENETO-STRADE.png 400w\" sizes=\"auto, (max-width: 75px) 100vw, 75px\" \/><\/a><\/strong><strong>SP 12 PEDEMONTANA<\/strong><br \/>\n<strong>VIA SAN OSVALDO, COMUNE DI PEDAVENA<\/strong><\/p>\n<p>Nei giorni 19 e 20 novembre interdizione totale alla circolazione per lavori di riparazione condotta fognaria<\/p>\n<p>&nbsp;<\/p>\n<p>&nbsp;<\/p>\n<hr \/>\n<p>&nbsp;<\/p>\n<blockquote>\n<h3>MUORE GIUSEPPE DEMENEGO, IMPRENDITORE CADORINO DELL&#8217;OCCHIALERIA<\/h3>\n<\/blockquote>\n<p><strong><a class=\"dt-pswp-item\" href=\"https:\/\/www.radiopiu.net\/wordpress\/wp-content\/uploads\/2024\/11\/Senza-nome-70.png\" data-dt-img-description=\"\" data-large_image_width=\"322\" data-large_image_height=\"204\"><img loading=\"lazy\" decoding=\"async\" class=\" wp-image-419879 alignleft\" src=\"https:\/\/www.radiopiu.net\/wordpress\/wp-content\/uploads\/2024\/11\/Senza-nome-70-300x190.png\" alt=\"\" width=\"213\" height=\"135\" srcset=\"https:\/\/www.radiopiu.net\/wordpress\/wp-content\/uploads\/2024\/11\/Senza-nome-70-300x190.png 300w, https:\/\/www.radiopiu.net\/wordpress\/wp-content\/uploads\/2024\/11\/Senza-nome-70.png 322w\" sizes=\"auto, (max-width: 213px) 100vw, 213px\" \/><\/a>BELLUNO <\/strong>La scomparsa di Giuseppe Demenego, imprenditore cadorino dell\u2019occhialeria, ha suscitato profonda commozione e cordoglio nel territorio bellunese. Il presidente della Provincia di Belluno, Roberto Padrin, lo ricorda come un simbolo dell\u2019eccellenza artigianale dell\u2019occhialeria locale, capace di valorizzare il proprio mestiere e di essere un ambasciatore della tradizione bellunese. Il suo storico negozio a Calalzo \u00e8 stato un punto di riferimento per turisti e comunit\u00e0. La vicepresidente della Provincia, Silvia Calligaro, sottolinea il suo grande attaccamento al Cadore, il sostegno al territorio attraverso il lavoro, il welfare aziendale e sponsorizzazioni sportive. Lorraine Berton, presidente di Confindustria Belluno Dolomiti e Anfao, lo definisce un imprenditore instancabile e autorevole, capace di creare un\u2019azienda solida e un modello per il distretto dell\u2019occhialeria. Demenego lascia un&#8217;eredit\u00e0 di impegno e amore per il territorio, ricordato per il suo contributo alla crescita economica e sociale del Cadore. La sua perdita, avvenuta in un tragico incidente, unisce istituzioni e comunit\u00e0 in un abbraccio collettivo alla famiglia e ai collaboratori. Il Presidente del Veneto, Luca Zaia, ne elogia la passione e l\u2019innovazione, sottolineando il suo ruolo di riferimento per il settore e per la comunit\u00e0 bellunese, a cui invia il suo cordoglio.<\/p>\n<p>&nbsp;<\/p>\n<p>&nbsp;<\/p>\n<hr \/>\n<p>&nbsp;<\/p>\n<blockquote>\n<h3>DENUNCIATE TRE PERSONE PER FURTO. BOTTINO DA CIRCA 3 MILA EURO<\/h3>\n<\/blockquote>\n<p><strong><a class=\"dt-pswp-item\" href=\"https:\/\/www.radiopiu.net\/wordpress\/wp-content\/uploads\/2024\/11\/SCR-20241117-iwir.jpeg\" data-dt-img-description=\"\" data-large_image_width=\"1446\" data-large_image_height=\"1118\"><img loading=\"lazy\" decoding=\"async\" class=\" wp-image-420036 alignleft\" src=\"https:\/\/www.radiopiu.net\/wordpress\/wp-content\/uploads\/2024\/11\/SCR-20241117-iwir-300x232.jpeg\" alt=\"\" width=\"195\" height=\"151\" srcset=\"https:\/\/www.radiopiu.net\/wordpress\/wp-content\/uploads\/2024\/11\/SCR-20241117-iwir-300x232.jpeg 300w, https:\/\/www.radiopiu.net\/wordpress\/wp-content\/uploads\/2024\/11\/SCR-20241117-iwir-1024x792.jpeg 1024w, https:\/\/www.radiopiu.net\/wordpress\/wp-content\/uploads\/2024\/11\/SCR-20241117-iwir-768x594.jpeg 768w, https:\/\/www.radiopiu.net\/wordpress\/wp-content\/uploads\/2024\/11\/SCR-20241117-iwir.jpeg 1446w\" sizes=\"auto, (max-width: 195px) 100vw, 195px\" \/><\/a>BELLUNO<\/strong> La sera del 14 novembre, i Carabinieri di Belluno, durante controlli mirati contro i reati patrimoniali, hanno fermato un\u2019auto a noleggio in via Caduti 14 Settembre 1944. A bordo c\u2019erano tre persone dell\u2019Europa dell\u2019Est, il cui comportamento sospetto ha portato a un\u2019ispezione del veicolo. All\u2019interno sono state trovate quattro borse contenenti circa 400 articoli, tra cosmetici, prodotti per l\u2019igiene e alimenti, per un valore di circa 3.000 euro. I tre non hanno fornito prove di acquisto, e le indagini hanno collegato la merce a furti in quattro supermercati tra Belluno e il Feltrino. Gli articoli erano stati sottratti rimuovendo le etichette antitaccheggio. I sospetti sono stati denunciati per furto. Il Maggiore Giovanni Meriano ha sottolineato l\u2019importanza della presenza costante dei Carabinieri sul territorio per garantire la sicurezza di cittadini e attivit\u00e0 commerciali.<\/p>\n<p>&nbsp;<\/p>\n<p>&nbsp;<\/p>\n<hr \/>\n<p>&nbsp;<\/p>\n<blockquote>\n<h3>CADE DA CAVALLO E BATTE LA TESTA. 66ENNE IN OSPEDALE CON TRAUMA CRANICO<\/h3>\n<\/blockquote>\n<p><strong><a class=\"dt-pswp-item\" href=\"https:\/\/www.radiopiu.net\/wordpress\/wp-content\/uploads\/2024\/11\/CAVALLO.jpeg\" data-dt-img-description=\"\" data-large_image_width=\"1702\" data-large_image_height=\"1106\"><img loading=\"lazy\" decoding=\"async\" class=\" wp-image-420040 alignleft\" src=\"https:\/\/www.radiopiu.net\/wordpress\/wp-content\/uploads\/2024\/11\/CAVALLO-300x195.jpeg\" alt=\"\" width=\"206\" height=\"134\" srcset=\"https:\/\/www.radiopiu.net\/wordpress\/wp-content\/uploads\/2024\/11\/CAVALLO-300x195.jpeg 300w, https:\/\/www.radiopiu.net\/wordpress\/wp-content\/uploads\/2024\/11\/CAVALLO-1024x665.jpeg 1024w, https:\/\/www.radiopiu.net\/wordpress\/wp-content\/uploads\/2024\/11\/CAVALLO-768x499.jpeg 768w, https:\/\/www.radiopiu.net\/wordpress\/wp-content\/uploads\/2024\/11\/CAVALLO-1536x998.jpeg 1536w, https:\/\/www.radiopiu.net\/wordpress\/wp-content\/uploads\/2024\/11\/CAVALLO.jpeg 1702w\" sizes=\"auto, (max-width: 206px) 100vw, 206px\" \/><\/a>SEDICO<\/strong> Un 66enne di Belluno \u00e8 caduto da cavallo in una scuola di equitazione a Sedico dopo che l\u2019animale, spaventato da quattro cani vicini al maneggio, lo ha disarcionato. L\u2019uomo, pur indossando un casco protettivo, ha riportato un violento trauma cranico e un polso fratturato. Inizialmente disorientato e con un\u2019amnesia temporanea, \u00e8 stato soccorso dal 118 e trasportato in codice rosso all\u2019ospedale San Martino di Belluno. La situazione, molto grave al momento dell\u2019incidente, \u00e8 migliorata successivamente, con il paziente in grado di rassicurare parenti e amici via messaggio. Il titolare della scuola di equitazione ha confermato che l\u2019uomo aveva perso confidenza con il cavallo, ma ha espresso sollievo per il recupero e l\u2019esito non tragico dell\u2019incidente.<\/p>\n<p>&nbsp;<\/p>\n<p>&nbsp;<\/p>\n<hr \/>\n<p>&nbsp;<\/p>\n<blockquote>\n<h3>SCIVOLA SUL SENTIERO SUL MONTE SERVA<\/h3>\n<\/blockquote>\n<p><strong>BELLUNO<\/strong> Poco prima delle 15 di sabato una escursionista di passaggio ha lanciato l&#8217;allarme per un uomo che si era fatto male, mentre con un amico percorreva il sentiero in cresta sopra la Boca de Rosp sul Monte Serva. Il 57enne di Vicenza, che si trovava con un amico e che scivolando aveva riportato un probabile trauma al braccio, \u00e8 stato raggiunto da equipe medica e tecnico di elisoccorso, sbarcati in hovering una ventina di metri pi\u00f9 in basso. Prestate le prime cure, l&#8217;infortunato \u00e8 stato issato a bordo con il verricello per essere trasportato all&#8217;ospedale di Belluno.<\/p>\n<p>&nbsp;<\/p>\n<hr \/>\n<p>&nbsp;<\/p>\n<p>&nbsp;<\/p>\n<blockquote>\n<p data-pm-slice=\"1 1 []\"><strong>Attimi di Panico a Domegge di Cadore: Incendio Boschi<\/strong><\/p>\n<\/blockquote>\n<p><strong><img loading=\"lazy\" decoding=\"async\" class=\"alignleft\" src=\"https:\/\/www.radiopiu.net\/wordpress\/wp-content\/uploads\/2024\/11\/Senza-nome-73.png\" width=\"231\" height=\"148\" \/>DOMEGGE<\/strong> Attimi di panico ieri mattina per\u00a0 un incendio boschivo di grandi dimensioni \u00e8 scoppiato attorno alle 12, tra la Cresta di Pocroda e Pian del Capo, a circa 1.600 metri di altitudine. Un uomo, intento a godersi una giornata con la famiglia nella propria baita, ha perso il controllo di un fal\u00f2 che in pochi secondi si \u00e8 trasformato in un vasto incendio a causa del manto erboso secco. Nonostante i tentativi iniziali di alcuni passanti di contenere le fiamme con badili, la situazione \u00e8 rapidamente degenerata. L&#8217;allarme \u00e8 stato lanciato e sei squadre dei vigili del fuoco, impossibilitate a raggiungere l&#8217;area con l&#8217;autopompa, sono intervenute con fuoristrada e un elicottero Drago, che ha eseguito numerosi lanci d&#8217;acqua dal lago di Centro Cadore. L&#8217;intervento tempestivo ha evitato che le fiamme colpissero le tre baite presenti. Nessun ferito, area bonificata e messa in sicurezza nelle ore successive.<\/p>\n<p><strong>foto corriere delle alpi<\/strong><\/p>\n<p>&nbsp;<\/p>\n<hr \/>\n<p>&nbsp;<\/p>\n<blockquote>\n<h3>PARI OPPORTUNITA&#8217; E APPROCCIO NEL MONDO DEL LAVORO NEL 2024<\/h3>\n<\/blockquote>\n<p><strong><a class=\"dt-pswp-item\" href=\"https:\/\/www.radiopiu.net\/wordpress\/wp-content\/uploads\/2020\/06\/jeZLuVOo.jpeg\" data-dt-img-description=\"\" data-large_image_width=\"178\" data-large_image_height=\"178\"><img loading=\"lazy\" decoding=\"async\" class=\" wp-image-143659 alignleft\" src=\"https:\/\/www.radiopiu.net\/wordpress\/wp-content\/uploads\/2020\/06\/jeZLuVOo.jpeg\" alt=\"\" width=\"98\" height=\"98\" srcset=\"https:\/\/www.radiopiu.net\/wordpress\/wp-content\/uploads\/2020\/06\/jeZLuVOo.jpeg 178w, https:\/\/www.radiopiu.net\/wordpress\/wp-content\/uploads\/2020\/06\/jeZLuVOo-150x150.jpeg 150w\" sizes=\"auto, (max-width: 98px) 100vw, 98px\" \/><\/a>BELLUNO<\/strong> Temi di attualit\u00e0 in questo anno sono certamente legati al tema della pari opportunit\u00e0 e ai cambiamenti sociali in atto rapportati al mondo del lavoro. Ai nostri microfoni Jacopo Massaro, consulente, si occupa della relazione di documenti stratetici in varie del Veneto e Friuli. Segue anche progetti sul tema legato alle pari opportunit\u00e0 nel Veneto<\/p>\n<audio class=\"wp-audio-shortcode\" id=\"audio-419952-9\" preload=\"none\" style=\"width: 100%;\" controls=\"controls\"><source type=\"audio\/mpeg\" src=\"https:\/\/www.radiopiu.net\/wordpress\/wp-content\/uploads\/2024\/11\/JACOPO-MASSARO-SUL-TEMA-PARI-OPPORTUNITA-E-CAMBIAMENTI-SOCIALI-A-LIVELLO-DI-APPROCCIO-AL-MONDO-DEL-LAVORO-FINANZIAMENTI-DSG-PER-LE-AZIENDE.mp3?_=9\" \/><a href=\"https:\/\/www.radiopiu.net\/wordpress\/wp-content\/uploads\/2024\/11\/JACOPO-MASSARO-SUL-TEMA-PARI-OPPORTUNITA-E-CAMBIAMENTI-SOCIALI-A-LIVELLO-DI-APPROCCIO-AL-MONDO-DEL-LAVORO-FINANZIAMENTI-DSG-PER-LE-AZIENDE.mp3\">https:\/\/www.radiopiu.net\/wordpress\/wp-content\/uploads\/2024\/11\/JACOPO-MASSARO-SUL-TEMA-PARI-OPPORTUNITA-E-CAMBIAMENTI-SOCIALI-A-LIVELLO-DI-APPROCCIO-AL-MONDO-DEL-LAVORO-FINANZIAMENTI-DSG-PER-LE-AZIENDE.mp3<\/a><\/audio>\n<p>&nbsp;<\/p>\n<hr \/>\n<p>&nbsp;<\/p>\n<blockquote>\n<h3>IL DESIDERIO DI MAGDA FRANCESCHI SI E&#8217; AVVERATO<\/h3>\n<\/blockquote>\n<p><strong>BELLUNO<\/strong> Magda Franceschi in Grinfan ha lasciato in eredit\u00e0 una somma per aiutare gli altri, desiderio che la nipote e curatrice testamentaria, l&#8217;avvocato Cecilia De Lazzer, ha realizzato con determinazione. Il lascito di oltre 50.000 euro \u00e8 stato donato all&#8217;AIL, che, sotto la presidenza di Carmen Mione, ha utilizzato i fondi per arredare le foresterie destinate agli specializzandi degli ospedali di Belluno e Feltre. Ieri, la famiglia Franceschi ha visitato le strutture, scoprendo come il denaro fosse stato impiegato per allestire appartamenti con cucina e soggiorno. Le foresterie, che ospitano i medici in formazione, sono molto apprezzate per il loro ruolo nel sostenere il sistema sanitario locale, attirando giovani medici grazie ai costi contenuti e creando una comunit\u00e0 di professionisti. Il commissario Dal Ben e il presidente Montico hanno espresso gratitudine per il gesto generoso.<\/p>\n\n\t\t\t<style type='text\/css'>\n\t\t\t\t#gallery-1 {\n\t\t\t\t\tmargin: auto;\n\t\t\t\t}\n\t\t\t\t#gallery-1 .gallery-item {\n\t\t\t\t\tfloat: left;\n\t\t\t\t\tmargin-top: 10px;\n\t\t\t\t\ttext-align: center;\n\t\t\t\t\twidth: 33%;\n\t\t\t\t}\n\t\t\t\t#gallery-1 img {\n\t\t\t\t\tborder: 2px solid #cfcfcf;\n\t\t\t\t}\n\t\t\t\t#gallery-1 .gallery-caption {\n\t\t\t\t\tmargin-left: 0;\n\t\t\t\t}\n\t\t\t\t\/* see gallery_shortcode() in wp-includes\/media.php *\/\n\t\t\t<\/style>\n\t\t<div id='gallery-1' class='dt-gallery-container gallery galleryid-419952 gallery-columns-3 gallery-size-thumbnail'><dl class='gallery-item'>\n\t\t\t\t<dt class='gallery-icon portrait'>\n\t\t\t\t\t<a class=\"rollover rollover-zoom dt-pswp-item\" title=\"IMG-20241115-WA0038\" data-dt-img-description=\"\" data-large_image_width=\"1200\" data-large_image_height=\"1600\"href='https:\/\/www.radiopiu.net\/wordpress\/wp-content\/uploads\/2024\/11\/IMG-20241115-WA0038.jpg'><img loading=\"lazy\" decoding=\"async\" width=\"150\" height=\"150\" src=\"https:\/\/www.radiopiu.net\/wordpress\/wp-content\/uploads\/2024\/11\/IMG-20241115-WA0038-150x150.jpg\" class=\"attachment-thumbnail size-thumbnail\" alt=\"\" \/><\/a>\n\t\t\t\t<\/dt><\/dl><dl class='gallery-item'>\n\t\t\t\t<dt class='gallery-icon portrait'>\n\t\t\t\t\t<a class=\"rollover rollover-zoom dt-pswp-item\" title=\"20241115_101604\" data-dt-img-description=\"\" data-large_image_width=\"1920\" data-large_image_height=\"2560\"href='https:\/\/www.radiopiu.net\/wordpress\/wp-content\/uploads\/2024\/11\/20241115_101604-scaled.jpg'><img loading=\"lazy\" decoding=\"async\" width=\"150\" height=\"150\" src=\"https:\/\/www.radiopiu.net\/wordpress\/wp-content\/uploads\/2024\/11\/20241115_101604-150x150.jpg\" class=\"attachment-thumbnail size-thumbnail\" alt=\"\" \/><\/a>\n\t\t\t\t<\/dt><\/dl><dl class='gallery-item'>\n\t\t\t\t<dt class='gallery-icon landscape'>\n\t\t\t\t\t<a class=\"rollover rollover-zoom dt-pswp-item\" title=\"Screenshot\" data-dt-img-description=\"\" data-large_image_width=\"2560\" data-large_image_height=\"1917\"href='https:\/\/www.radiopiu.net\/wordpress\/wp-content\/uploads\/2024\/11\/SCR-20241117-lles-scaled.jpeg'><img loading=\"lazy\" decoding=\"async\" width=\"150\" height=\"150\" src=\"https:\/\/www.radiopiu.net\/wordpress\/wp-content\/uploads\/2024\/11\/SCR-20241117-lles-150x150.jpeg\" class=\"attachment-thumbnail size-thumbnail\" alt=\"\" \/><\/a>\n\t\t\t\t<\/dt><\/dl><br style=\"clear: both\" \/>\n\t\t\t<\/div>\n\n<p>&nbsp;<\/p>\n<p>&nbsp;<\/p>\n<hr \/>\n<p>&nbsp;<\/p>\n<blockquote>\n<h3>GIORNATA DEI PREMATURI: SPIDERMAN IN PEDIATRIA A BELLUNO<\/h3>\n<\/blockquote>\n<p><strong>BELLUNO<\/strong> Per celebrare la Giornata dei Prematuri, la Pediatria di Belluno ha ospitato un evento speciale con la partecipazione di Spiderman. Il protagonista della mattinata \u00e8 stato Mattia Villardita, Cavaliere della Repubblica, che, travestito da Spiderman, ha emozionato bambini e famiglie con il suo racconto di resilienza. Durante l&#8217;incontro, sono stati celebrati il coraggio e la forza dei piccoli prematuri, ex pazienti e le loro famiglie, che hanno condiviso storie di speranza e tenacia. La giornata, piena di sorrisi e momenti di condivisione, ha ricordato l&#8217;importanza di prendersi cura degli altri e di mantenere viva la speranza.<\/p>\n\n\t\t\t<style type='text\/css'>\n\t\t\t\t#gallery-2 {\n\t\t\t\t\tmargin: auto;\n\t\t\t\t}\n\t\t\t\t#gallery-2 .gallery-item {\n\t\t\t\t\tfloat: left;\n\t\t\t\t\tmargin-top: 10px;\n\t\t\t\t\ttext-align: center;\n\t\t\t\t\twidth: 20%;\n\t\t\t\t}\n\t\t\t\t#gallery-2 img {\n\t\t\t\t\tborder: 2px solid #cfcfcf;\n\t\t\t\t}\n\t\t\t\t#gallery-2 .gallery-caption {\n\t\t\t\t\tmargin-left: 0;\n\t\t\t\t}\n\t\t\t\t\/* see gallery_shortcode() in wp-includes\/media.php *\/\n\t\t\t<\/style>\n\t\t<div id='gallery-2' class='dt-gallery-container gallery galleryid-419952 gallery-columns-5 gallery-size-thumbnail'><dl class='gallery-item'>\n\t\t\t\t<dt class='gallery-icon landscape'>\n\t\t\t\t\t<a class=\"rollover rollover-zoom dt-pswp-item\" title=\"IMG_5247\" data-dt-img-description=\"\" data-large_image_width=\"2560\" data-large_image_height=\"1920\"href='https:\/\/www.radiopiu.net\/wordpress\/wp-content\/uploads\/2024\/11\/IMG_5247-scaled.jpeg'><img loading=\"lazy\" decoding=\"async\" width=\"150\" height=\"150\" src=\"https:\/\/www.radiopiu.net\/wordpress\/wp-content\/uploads\/2024\/11\/IMG_5247-150x150.jpeg\" class=\"attachment-thumbnail size-thumbnail\" alt=\"\" \/><\/a>\n\t\t\t\t<\/dt><\/dl><dl class='gallery-item'>\n\t\t\t\t<dt class='gallery-icon portrait'>\n\t\t\t\t\t<a class=\"rollover rollover-zoom dt-pswp-item\" title=\"IMG_5364\" data-dt-img-description=\"\" data-large_image_width=\"1920\" data-large_image_height=\"2560\"href='https:\/\/www.radiopiu.net\/wordpress\/wp-content\/uploads\/2024\/11\/IMG_5364-scaled.jpeg'><img loading=\"lazy\" decoding=\"async\" width=\"150\" height=\"150\" src=\"https:\/\/www.radiopiu.net\/wordpress\/wp-content\/uploads\/2024\/11\/IMG_5364-150x150.jpeg\" class=\"attachment-thumbnail size-thumbnail\" alt=\"\" \/><\/a>\n\t\t\t\t<\/dt><\/dl><dl class='gallery-item'>\n\t\t\t\t<dt class='gallery-icon portrait'>\n\t\t\t\t\t<a class=\"rollover rollover-zoom dt-pswp-item\" title=\"IMG_5410\" data-dt-img-description=\"\" data-large_image_width=\"1920\" data-large_image_height=\"2560\"href='https:\/\/www.radiopiu.net\/wordpress\/wp-content\/uploads\/2024\/11\/IMG_5410-scaled.jpeg'><img loading=\"lazy\" decoding=\"async\" width=\"150\" height=\"150\" src=\"https:\/\/www.radiopiu.net\/wordpress\/wp-content\/uploads\/2024\/11\/IMG_5410-150x150.jpeg\" class=\"attachment-thumbnail size-thumbnail\" alt=\"\" \/><\/a>\n\t\t\t\t<\/dt><\/dl><dl class='gallery-item'>\n\t\t\t\t<dt class='gallery-icon portrait'>\n\t\t\t\t\t<a class=\"rollover rollover-zoom dt-pswp-item\" title=\"IMG_5403\" data-dt-img-description=\"\" data-large_image_width=\"1920\" data-large_image_height=\"2560\"href='https:\/\/www.radiopiu.net\/wordpress\/wp-content\/uploads\/2024\/11\/IMG_5403-scaled.jpeg'><img loading=\"lazy\" decoding=\"async\" width=\"150\" height=\"150\" src=\"https:\/\/www.radiopiu.net\/wordpress\/wp-content\/uploads\/2024\/11\/IMG_5403-150x150.jpeg\" class=\"attachment-thumbnail size-thumbnail\" alt=\"\" \/><\/a>\n\t\t\t\t<\/dt><\/dl><dl class='gallery-item'>\n\t\t\t\t<dt class='gallery-icon portrait'>\n\t\t\t\t\t<a class=\"rollover rollover-zoom dt-pswp-item\" title=\"IMG_5250\" data-dt-img-description=\"\" data-large_image_width=\"1920\" data-large_image_height=\"2560\"href='https:\/\/www.radiopiu.net\/wordpress\/wp-content\/uploads\/2024\/11\/IMG_5250-scaled.jpeg'><img loading=\"lazy\" decoding=\"async\" width=\"150\" height=\"150\" src=\"https:\/\/www.radiopiu.net\/wordpress\/wp-content\/uploads\/2024\/11\/IMG_5250-150x150.jpeg\" class=\"attachment-thumbnail size-thumbnail\" alt=\"\" \/><\/a>\n\t\t\t\t<\/dt><\/dl><br style=\"clear: both\" \/>\n\t\t\t<\/div>\n\n<p>&nbsp;<\/p>\n<hr \/>\n<p>&nbsp;<\/p>\n<blockquote>\n<h3><a class=\"dt-pswp-item\" href=\"https:\/\/www.radiopiu.net\/wordpress\/wp-content\/uploads\/2024\/11\/PHOTO-2024-11-14-22-34-49.jpg\" data-dt-img-description=\"\" data-large_image_width=\"1536\" data-large_image_height=\"2048\"><img loading=\"lazy\" decoding=\"async\" class=\" wp-image-419987 alignleft\" src=\"https:\/\/www.radiopiu.net\/wordpress\/wp-content\/uploads\/2024\/11\/PHOTO-2024-11-14-22-34-49-225x300.jpg\" alt=\"\" width=\"158\" height=\"211\" srcset=\"https:\/\/www.radiopiu.net\/wordpress\/wp-content\/uploads\/2024\/11\/PHOTO-2024-11-14-22-34-49-225x300.jpg 225w, https:\/\/www.radiopiu.net\/wordpress\/wp-content\/uploads\/2024\/11\/PHOTO-2024-11-14-22-34-49-768x1024.jpg 768w, https:\/\/www.radiopiu.net\/wordpress\/wp-content\/uploads\/2024\/11\/PHOTO-2024-11-14-22-34-49-1152x1536.jpg 1152w, https:\/\/www.radiopiu.net\/wordpress\/wp-content\/uploads\/2024\/11\/PHOTO-2024-11-14-22-34-49.jpg 1536w\" sizes=\"auto, (max-width: 158px) 100vw, 158px\" \/><\/a>UN PREMIO PER DANTE SANSON, PILOTA DI ELICOTTERI<\/h3>\n<\/blockquote>\n<p><strong>LONGARONE<\/strong> Dante Sanson, colonnello pilota dell\u2019Aeronautica Militare e membro del 31\u00b0 Stormo di Ciampino, \u00e8 stato premiato come &#8220;Personaggio Aeronautico dell&#8217;anno 2024&#8221; dall\u2019associazione Amici del Volo di Longarone. Con quasi 12mila ore di volo all\u2019attivo, ha pilotato l\u2019elicottero del presidente Mattarella in occasioni importanti, come il sorvolo delle Dolomiti dopo la tempesta Vaia e il 60\u00b0 anniversario del Vajont. Dal 2011, coordina i voli papali, accompagnando tre pontefici in oltre cento viaggi. Ricorda con emozione il volo all\u2019Aquila nel 2022 con Papa Francesco, durante il quale ha dovuto adattarsi a un atterraggio alternativo. Oltre ai trasporti di Stato e missioni umanitarie, \u00e8 istruttore e responsabile delle attivit\u00e0 protocollari. Il sindaco di Longarone e l\u2019associazione hanno lodato la sua dedizione e il legame con il territorio.<\/p>\n<p>&nbsp;<\/p>\n<p>&nbsp;<\/p>\n<hr \/>\n<p>&nbsp;<\/p>\n<blockquote>\n<h3>OLTRE 11 MILA INTERVENTI PER SUPPORTARE LE VITTIME DI VIOLENZA<\/h3>\n<\/blockquote>\n<p><strong><a class=\"dt-pswp-item\" href=\"https:\/\/www.radiopiu.net\/wordpress\/wp-content\/uploads\/2020\/11\/VIOLENZA-DONNE.jpg\" data-dt-img-description=\"\" data-large_image_width=\"1920\" data-large_image_height=\"1565\"><img loading=\"lazy\" decoding=\"async\" class=\" wp-image-174279 alignleft\" src=\"https:\/\/www.radiopiu.net\/wordpress\/wp-content\/uploads\/2020\/11\/VIOLENZA-DONNE-300x245.jpg\" alt=\"\" width=\"195\" height=\"159\" srcset=\"https:\/\/www.radiopiu.net\/wordpress\/wp-content\/uploads\/2020\/11\/VIOLENZA-DONNE-300x245.jpg 300w, https:\/\/www.radiopiu.net\/wordpress\/wp-content\/uploads\/2020\/11\/VIOLENZA-DONNE-1024x835.jpg 1024w, https:\/\/www.radiopiu.net\/wordpress\/wp-content\/uploads\/2020\/11\/VIOLENZA-DONNE-768x626.jpg 768w, https:\/\/www.radiopiu.net\/wordpress\/wp-content\/uploads\/2020\/11\/VIOLENZA-DONNE-1536x1252.jpg 1536w, https:\/\/www.radiopiu.net\/wordpress\/wp-content\/uploads\/2020\/11\/VIOLENZA-DONNE.jpg 1920w\" sizes=\"auto, (max-width: 195px) 100vw, 195px\" \/><\/a>BELLUNO <\/strong>Il Centro Antiviolenza Belluno Donna ha realizzato oltre 11mila interventi in meno di vent\u2019anni per supportare donne vittime di violenza. Questo bilancio sar\u00e0 al centro del doppio evento \u201cLa rappresentanza femminile: perch\u00e9 s\u00ec!\u201d, in programma oggi a Belluno e Feltre. L\u2019iniziativa, parte del progetto regionale \u201cDisruption\u201d, intende sensibilizzare sull\u2019importanza del ruolo femminile nella societ\u00e0 e promuovere un cambiamento culturale. Il primo incontro si terr\u00e0 la mattina al Teatro Comunale di Belluno, con 300 studenti e una diretta streaming per altre scuole. Nel pomeriggio, l\u2019appuntamento sar\u00e0 all\u2019Auditorium Canossiano di Feltre, aperto al pubblico su prenotazione. Tra le protagoniste: Azzurra Rinaldi, economista femminista, Lucia Raffaella Mariani, attrice, e Micaela Faggiani, presidente del Cantiere delle Donne. Oltre a dati significativi sulla violenza di genere, l\u2019evento esplorer\u00e0 temi come economia di genere, percorsi di empowerment e metodologie educative innovative. L\u2019obiettivo \u00e8 stimolare una riflessione e coinvolgere giovani e adulti in un dialogo partecipativo.<\/p>\n<p>&nbsp;<\/p>\n<p>&nbsp;<\/p>\n<hr \/>\n<p>&nbsp;<\/p>\n<blockquote>\n<h3>L&#8217;IMPRESA DI ESSERE DONNA<\/h3>\n<\/blockquote>\n<p><strong><a class=\"dt-pswp-item\" href=\"https:\/\/www.radiopiu.net\/wordpress\/wp-content\/uploads\/2024\/11\/SCR-20241117-jooz.jpeg\" data-dt-img-description=\"\" data-large_image_width=\"1166\" data-large_image_height=\"646\"><img loading=\"lazy\" decoding=\"async\" class=\" wp-image-420050 alignleft\" src=\"https:\/\/www.radiopiu.net\/wordpress\/wp-content\/uploads\/2024\/11\/SCR-20241117-jooz-300x166.jpeg\" alt=\"\" width=\"199\" height=\"110\" srcset=\"https:\/\/www.radiopiu.net\/wordpress\/wp-content\/uploads\/2024\/11\/SCR-20241117-jooz-300x166.jpeg 300w, https:\/\/www.radiopiu.net\/wordpress\/wp-content\/uploads\/2024\/11\/SCR-20241117-jooz-1024x567.jpeg 1024w, https:\/\/www.radiopiu.net\/wordpress\/wp-content\/uploads\/2024\/11\/SCR-20241117-jooz-768x425.jpeg 768w, https:\/\/www.radiopiu.net\/wordpress\/wp-content\/uploads\/2024\/11\/SCR-20241117-jooz.jpeg 1166w\" sizes=\"auto, (max-width: 199px) 100vw, 199px\" \/><\/a>BELLUNO<\/strong> L\u2019Assemblea generale di Confindustria Belluno Dolomiti, intitolata <em>\u201cL&#8217;impresa di essere donna\u201d<\/em>, si terr\u00e0 il 25 novembre al Teatro Comunale di Belluno. L\u2019evento, moderato da Gabriele Corsi, sar\u00e0 aperto con un premio al giovane musicista Giacomo Menegardi. Lorraine Berton, presidente degli industriali bellunesi, introdurr\u00e0 i lavori affrontando temi legati al fare impresa in montagna e alle Olimpiadi Milano-Cortina 2026. Seguir\u00e0 la presentazione dello studio \u201cValore: sostantivo femminile\u201d della Fondazione Nordest, che esplora parit\u00e0 di genere e pratiche di conciliazione. Una tavola rotonda vedr\u00e0 protagoniste figure di spicco dell\u2019imprenditoria, dello sport e del sociale. L\u2019intervista al presidente Luca Zaia e le conclusioni di Emanuele Orsini chiuderanno l\u2019evento, che mira a promuovere inclusione e rete.<\/p>\n<p>&nbsp;<\/p>\n<p>&nbsp;<\/p>\n<hr \/>\n<p>&nbsp;<\/p>\n<blockquote>\n<h3>LAVORI ALL&#8217;OSPEDALE SANTA MARIA DEL PRATO DI FELTRE<\/h3>\n<\/blockquote>\n<p><strong><a class=\"dt-pswp-item\" href=\"https:\/\/www.radiopiu.net\/wordpress\/wp-content\/uploads\/2023\/05\/ospedale-di-feltre.jpeg\" data-dt-img-description=\"\" data-large_image_width=\"650\" data-large_image_height=\"463\"><img loading=\"lazy\" decoding=\"async\" class=\" wp-image-336242 alignleft\" src=\"https:\/\/www.radiopiu.net\/wordpress\/wp-content\/uploads\/2023\/05\/ospedale-di-feltre-300x214.jpeg\" alt=\"\" width=\"161\" height=\"115\" srcset=\"https:\/\/www.radiopiu.net\/wordpress\/wp-content\/uploads\/2023\/05\/ospedale-di-feltre-300x214.jpeg 300w, https:\/\/www.radiopiu.net\/wordpress\/wp-content\/uploads\/2023\/05\/ospedale-di-feltre.jpeg 650w\" sizes=\"auto, (max-width: 161px) 100vw, 161px\" \/><\/a>FELTRE<\/strong> Dal 19 al 29 novembre 2024 inizieranno i lavori per la costruzione di una pensilina all\u2019ingresso dell\u2019ospedale di Feltre, per agevolare l\u2019accesso delle persone fragili. Durante questa prima fase, il transito pedonale e veicolare sar\u00e0 garantito, cos\u00ec come la fermata per far scendere persone con mobilit\u00e0 ridotta, mentre non sar\u00e0 consentita la sosta prolungata. La seconda fase, prevista da febbraio ad aprile 2025, comporter\u00e0 modifiche alla viabilit\u00e0, di cui sar\u00e0 data comunicazione. L\u2019Ulss invita alla collaborazione per completare al pi\u00f9 presto questo intervento volto a migliorare l\u2019accessibilit\u00e0.<\/p>\n<p>&nbsp;<\/p>\n<p>&nbsp;<\/p>\n<hr \/>\n<p>&nbsp;<\/p>\n<blockquote>\n<h3>INAUGURATO L&#8217;ANGOLO MORBIDO ALLA SCUOLA PRIMARIA DI MEANO A SANTA GIUSTINA<\/h3>\n<\/blockquote>\n<p><strong><a class=\"dt-pswp-item\" href=\"https:\/\/www.radiopiu.net\/wordpress\/wp-content\/uploads\/2024\/11\/SCUOLA-MEANO-SANTA-GIUSTINA.jpg\" data-dt-img-description=\"\" data-large_image_width=\"1600\" data-large_image_height=\"1200\"><img loading=\"lazy\" decoding=\"async\" class=\" wp-image-420013 alignleft\" src=\"https:\/\/www.radiopiu.net\/wordpress\/wp-content\/uploads\/2024\/11\/SCUOLA-MEANO-SANTA-GIUSTINA-300x225.jpg\" alt=\"\" width=\"203\" height=\"152\" srcset=\"https:\/\/www.radiopiu.net\/wordpress\/wp-content\/uploads\/2024\/11\/SCUOLA-MEANO-SANTA-GIUSTINA-300x225.jpg 300w, https:\/\/www.radiopiu.net\/wordpress\/wp-content\/uploads\/2024\/11\/SCUOLA-MEANO-SANTA-GIUSTINA-1024x768.jpg 1024w, https:\/\/www.radiopiu.net\/wordpress\/wp-content\/uploads\/2024\/11\/SCUOLA-MEANO-SANTA-GIUSTINA-768x576.jpg 768w, https:\/\/www.radiopiu.net\/wordpress\/wp-content\/uploads\/2024\/11\/SCUOLA-MEANO-SANTA-GIUSTINA-1536x1152.jpg 1536w, https:\/\/www.radiopiu.net\/wordpress\/wp-content\/uploads\/2024\/11\/SCUOLA-MEANO-SANTA-GIUSTINA.jpg 1600w\" sizes=\"auto, (max-width: 203px) 100vw, 203px\" \/><\/a>SANTA GIUSTINA<\/strong> La Scuola Primaria di Meano di Santa Giustina Bellunese ha celebrato un progetto ideato da cinque ex alunni, ora studenti di prima media, che ha portato alla creazione di un \u201cangolo morbido\u201d nell\u2019aula STEM, un luogo accogliente per incentivare la lettura. Jairo Barp, Mauro Barp, Ester Bridda, Teresa Argenta e Ambra Ferigo hanno sviluppato l\u2019idea attraverso l\u2019elaborato \u201cL\u2019ambiente naturale che vorrei nel futuro\u201d, ispirato a temi globali come l\u2019Agenda 2030 e problematiche locali come Vaia. Il progetto, finanziato dall\u2019Associazione Cacciatori Bellunesi, \u00e8 stato lodato per la sensibilit\u00e0 ambientale e il messaggio educativo. La maestra Rosalba Giordano ha espresso orgoglio per i ragazzi e per il sostegno dell\u2019associazione, che ha elogiato l\u2019iniziativa come esempio positivo anche per la politica. La scuola, rinnovata e riconosciuta per la qualit\u00e0 educativa, conferma il suo impegno nel favorire la crescita personale e culturale degli studenti.<\/p>\n<p>&nbsp;<\/p>\n<p>&nbsp;<\/p>\n<hr \/>\n<p>&nbsp;<\/p>\n<blockquote>\n<h3><a class=\"dt-pswp-item\" href=\"https:\/\/www.radiopiu.net\/wordpress\/wp-content\/uploads\/2024\/11\/Giorgia.jpg\" data-dt-img-description=\"\" data-large_image_width=\"828\" data-large_image_height=\"1078\"><img loading=\"lazy\" decoding=\"async\" class=\" wp-image-420133 alignleft\" src=\"https:\/\/www.radiopiu.net\/wordpress\/wp-content\/uploads\/2024\/11\/Giorgia-230x300.jpg\" alt=\"\" width=\"118\" height=\"154\" srcset=\"https:\/\/www.radiopiu.net\/wordpress\/wp-content\/uploads\/2024\/11\/Giorgia-230x300.jpg 230w, https:\/\/www.radiopiu.net\/wordpress\/wp-content\/uploads\/2024\/11\/Giorgia-787x1024.jpg 787w, https:\/\/www.radiopiu.net\/wordpress\/wp-content\/uploads\/2024\/11\/Giorgia-768x1000.jpg 768w, https:\/\/www.radiopiu.net\/wordpress\/wp-content\/uploads\/2024\/11\/Giorgia.jpg 828w\" sizes=\"auto, (max-width: 118px) 100vw, 118px\" \/><\/a>GIORGIA BATTAIOLA ELETTA PRESIDENTE DEL COMITATO FRAZIONALE DI POLPET<\/h3>\n<\/blockquote>\n<p><strong>PONTE NELLE ALPI<\/strong> Giorgia Battaiola, 25 anni, laureata in Scienze Politiche e attualmente customer care assistant presso Unifarco, \u00e8 stata eletta all\u2019unanimit\u00e0 presidente del Comitato frazionale di Polpet. L\u2019elezione \u00e8 avvenuta il 10 novembre durante il rinnovo del Consiglio frazionale, che ha coinvolto oltre 100 votanti. Succede a Vincenzo Pra, che ha illustrato le attivit\u00e0 svolte dal Comitato uscente. Giorgia ha ringraziato il lavoro svolto e si \u00e8 impegnata a sostenere le idee della comunit\u00e0.<\/p>\n<p>&nbsp;<\/p>\n<hr \/>\n<p>&nbsp;<\/p>\n<blockquote>\n<p data-pm-slice=\"1 1 []\"><strong><a class=\"dt-pswp-item\" href=\"https:\/\/www.radiopiu.net\/wordpress\/wp-content\/uploads\/2024\/08\/1_\u00a9EchiAlessandroSogne-10_partenza-bike-con-corty-la-mascotte-di-fondazione-cortina.jpg\" data-dt-img-description=\"\" data-large_image_width=\"1800\" data-large_image_height=\"1200\"><img loading=\"lazy\" decoding=\"async\" class=\" wp-image-405685 alignleft\" src=\"https:\/\/www.radiopiu.net\/wordpress\/wp-content\/uploads\/2024\/08\/1_\u00a9EchiAlessandroSogne-10_partenza-bike-con-corty-la-mascotte-di-fondazione-cortina-300x200.jpg\" alt=\"\" width=\"233\" height=\"155\" \/><\/a>Cabinovia Apollonio-Socrepes: una spinta allo sviluppo olimpico di Cortina<\/strong><\/p>\n<\/blockquote>\n<p><strong>CORTINA<\/strong> Il Consorzio Impianti a Fune Cortina accoglie con favore la decisione del Commissario di Governo e AD di Societ\u00e0 Infrastrutture Milano-Cortina 2026, Arch. Fabio Saldini, di finanziare la nuova cabinovia Apollonio-Socrepes. L\u2019opera, strategica per il futuro della localit\u00e0, garantir\u00e0 un\u2019eredit\u00e0 importante dopo i Giochi Olimpici. La cabinovia a dieci posti collegher\u00e0 la zona Apollonio a Socrepes, con una tappa intermedia a Mortisa, riducendo traffico e intasamenti. Due tunnel con nastri trasportatori faciliteranno l\u2019accesso al centro e alla funivia Faloria. Nonostante le preoccupazioni per i rischi geologici, le rassicurazioni degli esperti confermano la sicurezza del progetto.<\/p>\n<p>&nbsp;<\/p>\n<p>&nbsp;<\/p>\n<hr \/>\n<p>&nbsp;<\/p>\n<blockquote>\n<h3>SOS USURA: IN AUMENTO LE PMI SEGNALATE ALLA CENTRALE DEI RISCHI DELLA BANCA D\u2019ITALIA<\/h3>\n<\/blockquote>\n<p><a class=\"dt-pswp-item\" href=\"https:\/\/www.radiopiu.net\/wordpress\/wp-content\/uploads\/2024\/11\/20241116095929.png\" data-dt-img-description=\"\" data-large_image_width=\"650\" data-large_image_height=\"743\"><img loading=\"lazy\" decoding=\"async\" class=\"size-medium wp-image-419945 alignleft\" src=\"https:\/\/www.radiopiu.net\/wordpress\/wp-content\/uploads\/2024\/11\/20241116095929-262x300.png\" alt=\"\" width=\"262\" height=\"300\" srcset=\"https:\/\/www.radiopiu.net\/wordpress\/wp-content\/uploads\/2024\/11\/20241116095929-262x300.png 262w, https:\/\/www.radiopiu.net\/wordpress\/wp-content\/uploads\/2024\/11\/20241116095929.png 650w\" sizes=\"auto, (max-width: 262px) 100vw, 262px\" \/><\/a>Sono quasi 8.200 le imprese venete che si trovano a rischio usura. Dopo anni in cui erano in calo, rispetto a un anno fa il numero complessivo di queste realt\u00e0 \u00e8 cresciuto di 314 unit\u00e0 (+4 per cento)(vedi Tab. 1). Si tratta prevalentemente di artigiani, esercenti, commercianti o piccoli imprenditori che sono \u201cscivolati\u201d nell\u2019area dell\u2019insolvenza e, conseguentemente, sono stati segnalati dagli intermediari finanziari alla Centrale dei Rischi della Banca d\u2019Italia. Di fatto, questa \u201cschedatura\u201d preclude a queste attivit\u00e0 di accedere a un nuovo prestito. A denunciarlo \u00e8 l\u2019Ufficio studi CGIA.<\/p>\n<p><strong>\u2022 La situazione \u00e8 peggiorata soprattutto a Venezia, Treviso, Rovigo e Belluno<\/strong><br \/>\nA livello provinciale, in Veneto le situazioni pi\u00f9 critiche le scorgiamo a Vicenza con 1.639 attivit\u00e0 segnalate alla Centrale dei Rischi, Padova con 1.661, Verona con 1.593 e Treviso con 1.417. Rispetto all\u2019ultimo anno, invece, l\u2019incremento percentuale pi\u00f9 importante ha interessato Venezia con il +9,6 per cento. Seguono Treviso con il +5,4, Rovigo e Belluno entrambe con il +5 per cento (vedi Tab. 2).<\/p>\n<p><strong>\u2022 L\u2019usura si \u201cpratica\u201d al Sud, ma i soldi vengono poi reimpiegati altrove, anche in Veneto<\/strong><br \/>\nSe il Mezzogiorno \u00e8 l\u2019area geografica d\u2019Italia pi\u00f9 a rischio usura, i proventi di queste attivit\u00e0 illegali vengono sempre pi\u00f9 reinvestiti al Nord. Negli ultimi tempi, infatti, le indagini effettuate dalla Direzione Investigativa Antimafia dimostrano come il denaro contante proveniente dalle attivit\u00e0 criminali primarie, come l\u2019usura, venga reimpiegato con sempre maggiore frequenza in determinate aree dell\u2019Italia, soprattutto settentrionale (Lombardia, Emilia Romagna, Veneto, Toscana, ecc.).<\/p>\n<p><strong><a class=\"dt-pswp-item\" href=\"https:\/\/www.radiopiu.net\/wordpress\/wp-content\/uploads\/2024\/11\/20241116095907.png\" data-dt-img-description=\"\" data-large_image_width=\"646\" data-large_image_height=\"368\"><img loading=\"lazy\" decoding=\"async\" class=\"size-medium wp-image-419942 alignleft\" src=\"https:\/\/www.radiopiu.net\/wordpress\/wp-content\/uploads\/2024\/11\/20241116095907-300x171.png\" alt=\"\" width=\"300\" height=\"171\" srcset=\"https:\/\/www.radiopiu.net\/wordpress\/wp-content\/uploads\/2024\/11\/20241116095907-300x171.png 300w, https:\/\/www.radiopiu.net\/wordpress\/wp-content\/uploads\/2024\/11\/20241116095907.png 646w\" sizes=\"auto, (max-width: 300px) 100vw, 300px\" \/><\/a>\u2022 Molti imprenditori insolventi anche perch\u00e9 non pagati<\/strong><br \/>\nChi finisce nella black list della Centrale dei Rischi difficilmente pu\u00f2 beneficiare di alcun aiuto economico dal sistema bancario, rischiando, molto pi\u00f9 degli altri, di chiudere o, peggio ancora, di scivolare tra le braccia degli usurai. Per evitare che questa criticit\u00e0 si diffonda, la CGIA continua a chiedere con forza il potenziamento delle risorse a disposizione del \u201cFondo di prevenzione dell\u2019usura\u201d. Strumento, quest\u2019ultimo, in grado di costituire l\u2019unico valido aiuto a chi si trova in questa situazione di vulnerabilit\u00e0. \u00c8 bene ricordare che gli imprenditori che vengono segnalati alla Centrale Rischi della Banca d\u2019Italia non sempre lo devono a una cattiva gestione finanziaria della propria azienda. Nella maggioranza dei casi, infatti, questa situazione si verifica a seguito dell\u2019impossibilit\u00e0 da parte di molti piccoli imprenditori di riscuotere con regolarit\u00e0 i pagamenti dei propri committenti o per essere \u201ccaduti\u201d in un fallimento che ha coinvolto proprio questi ultimi.<\/p>\n<p><strong>\u2022 Il rischio usura si espande anche a causa del credit crunch<\/strong><br \/>\n<a class=\"dt-pswp-item\" href=\"https:\/\/www.radiopiu.net\/wordpress\/wp-content\/uploads\/2024\/11\/20241116100019.png\" data-dt-img-description=\"\" data-large_image_width=\"647\" data-large_image_height=\"403\"><img loading=\"lazy\" decoding=\"async\" class=\"size-medium wp-image-419943 alignleft\" src=\"https:\/\/www.radiopiu.net\/wordpress\/wp-content\/uploads\/2024\/11\/20241116100019-300x187.png\" alt=\"\" width=\"300\" height=\"187\" srcset=\"https:\/\/www.radiopiu.net\/wordpress\/wp-content\/uploads\/2024\/11\/20241116100019-300x187.png 300w, https:\/\/www.radiopiu.net\/wordpress\/wp-content\/uploads\/2024\/11\/20241116100019.png 647w\" sizes=\"auto, (max-width: 300px) 100vw, 300px\" \/><\/a>Ad eccezione degli anni caratterizzati dalla crisi pandemica, dal 2011 ad oggi sono crollati i prestiti bancari anche alle imprese venete. A fronte di poco meno di 100 miliardi di euro di impieghi vivi (al netto delle sofferenze) erogati verso la fine del 2011, siamo scesi a poco meno di 65 miliardi del giugno 2024. In 12 anni, rispetto al picco massimo erogato nel 2011, le imprese venete hanno subito una contrazione dei prestiti bancari di circa 35 miliardi, pari al -53,8 per cento (vedi Graf. 1).<br \/>\nSe, poi, analizziamo il trend degli impieghi vivi riferiti alle piccole imprese con meno di 20 addetti, scorgiamo che sempre rispetto al 2021 in Veneto la caduta \u00e8 stata del 47,9 per cento, 10 punti in pi\u00f9 della media nazionale, con punte del -54,6 per cento a Vicenza e del -52,8 a Padova. Anche nell\u2019ultimo anno (30 giugno 2024 su stesso giorno del 2023) la riduzione dei prestiti alle piccole imprese venete \u00e8 stata superiore rispetto alla media nazionale. Se da noi il calo \u00e8 stato del 10,5 per cento, la media nazionale \u00e8 scesa del 9,2 per cento. A livello provinciale spiccano le contrazioni di Padova (-11,9 per cento), Vicenza (-11,3 per cento) e Venezia (-11,1 per cento) (vedi Tab. 3).<br \/>\nGli effetti della crisi del debito sovrano (2012-2013), la \u201cscomparsa\u201d di Antonveneta, di Veneto Banca e della Popolare di Vicenza, le restrizioni normative imposte dalla BCE alle banche per limitare la proliferazione degli NPL e, in parte, anche il calo della domanda di credito, sono le cause di questa caduta verticale. Pertanto, non \u00e8 da escludere, anzi, che la conseguente chiusura dei rubinetti del credito praticata dal sistema bancario abbia contribuito a \u201cspingere\u201d involontariamente molti lavoratori autonomi e altrettanti piccoli imprenditori veneti a corto di liquidit\u00e0 verso le organizzazioni malavitose che, mai come nei momenti difficili, hanno la necessit\u00e0 di reinvestire nell\u2019economia lecita i denari provenienti dalle attivit\u00e0 criminali.<\/p>\n<p><strong><a class=\"dt-pswp-item\" href=\"https:\/\/www.radiopiu.net\/wordpress\/wp-content\/uploads\/2024\/11\/20241116095957.png\" data-dt-img-description=\"\" data-large_image_width=\"651\" data-large_image_height=\"454\"><img loading=\"lazy\" decoding=\"async\" class=\"size-medium wp-image-419944 alignleft\" src=\"https:\/\/www.radiopiu.net\/wordpress\/wp-content\/uploads\/2024\/11\/20241116095957-300x209.png\" alt=\"\" width=\"300\" height=\"209\" srcset=\"https:\/\/www.radiopiu.net\/wordpress\/wp-content\/uploads\/2024\/11\/20241116095957-300x209.png 300w, https:\/\/www.radiopiu.net\/wordpress\/wp-content\/uploads\/2024\/11\/20241116095957.png 651w\" sizes=\"auto, (max-width: 300px) 100vw, 300px\" \/><\/a>\u2022 Per combattere l\u2019usura, il legislatore ha previsto due fondi: di prevenzione e di solidariet\u00e0<\/strong><br \/>\nIl \u201cFondo di prevenzione dell\u2019usura\u201d \u00e8 stato introdotto con la legge n\u00b0 108\/1996 e ha cominciato a operare nel 1998. Questo fondo \u00e8 stato introdotto per l\u2019erogazione di contributi a Consorzi o Cooperative di garanzia collettiva fidi oppure a Fondazioni e Associazioni riconosciute per la prevenzione del fenomeno dell\u2019usura. Il \u201cFondo di prevenzione\u201d prevede due tipi di contribuzione. La prima \u00e8 destinata ai Confidi a garanzia dei finanziamenti concessi dalle banche alle attivit\u00e0 economiche. La seconda \u00e8 riconosciuta alle fondazioni o alle associazioni contro l\u2019usura che sono riconosciute dal MEF. Queste associazioni consentono alle persone in grave difficolt\u00e0 economica (lavoratori dipendenti e pensionati) di accedere al credito in sicurezza. Dal 1998 al 2022, ai Confidi e alle Fondazioni lo Stato ha erogato 711 milioni di euro; tali risorse hanno garantito finanziamenti per un importo complessivo pari a oltre 2 miliardi di euro. Nel 2022 ai due enti erogatori (Confidi e Fondazioni) sono stati assegnati complessivamente 33,7 milioni di euro: di cui 23,6 milioni ai primi e 10,1 milioni di euro ai secondi. Cifre importanti che, per\u00f2, secondo l\u2019Ufficio studi della CGIA andrebbero implementate: le crisi che si sono succedute in questi ultimi 15 anni, purtroppo, hanno spinto molte attivit\u00e0 sull\u2019orlo del fallimento. Attivit\u00e0 che se non vengono aiutate rischiano di scivolare nell\u2019insolvenza o, nella peggiore delle ipotesi, nella rete tesa da coloro che vogliono impossessarsene con l\u2019inganno, alimentando cos\u00ec l\u2019economia criminale.<\/p>\n<p>Il \u201cFondo di solidariet\u00e0\u201d, invece, offre agli operatori economici, ai commercianti, agli artigiani, ai liberi professionisti che hanno denunciato gli usurai, l\u2019occasione di reinserirsi nell\u2019economia legale attraverso l\u2019elargizione di un mutuo senza interessi da restituire entro 10 anni, il cui importo \u00e8 commisurato agli interessi usurari effettivamente pagati e, in casi di particolare gravit\u00e0, pu\u00f2 tenere conto anche di ulteriori danni subiti. Attualmente \u00e8 la Concessionaria Servizi Assicurativi Pubblici Spa (Consap) a erogare i finanziamenti. Dal 2000 al 2023, Consap ha stipulato 1.660 contratti e le somme concesse a titolo di mutuo sfiorano complessivamente i 145 milioni di euro.<\/p>\n<p>&nbsp;<\/p>\n<p>&nbsp;<\/p>\n<hr \/>\n<p>&nbsp;<\/p>\n<blockquote>\n<h3>IN SALA DON TAMIS L&#8217;ULTIMO APPUNTAMENTO DI MUSICA NELL&#8217;AGORDINO 2024<\/h3>\n<\/blockquote>\n<p><strong>DI MARINA DONA&#8217;<\/strong><\/p>\n<p><strong>AGORDO<\/strong> La Sala Don Tamis ha ospitato una speciale proiezione di <em>&#8220;Shoulth&#8221;<\/em>, il film che racconta l&#8217;avventura di Shackleton al Polo Sud nel 1915. L&#8217;evento, accompagnato dal vivo dalla fisarmonica di Paolo Forte, ha attirato una sala gremita di spettatori. Il cinema muto, nato nel 1895, ha segnato un\u2019epoca che si \u00e8 conclusa nel 1927 con l\u2019avvento del sonoro. Durante la proiezione su grande schermo in bianco e nero, l&#8217;accompagnamento musicale di Paolo Forte ha arricchito l\u2019esperienza, modulando l&#8217;intensit\u00e0 del suono in sintonia con le scene. L&#8217;atmosfera evocativa ha stimolato una riflessione su come i tempi siano cambiati dalla fine dell\u2019Ottocento ad oggi, soprattutto grazie alle innovazioni tecnologiche. L&#8217;iniziativa, parte della 31\u00aa edizione di <em>Musica nell&#8217;Agordino<\/em>, \u00e8 stata organizzata in collaborazione con il CAI Agordo, il Circolo Culturale Agordino e il Circolo Fotografico Agordino, riscuotendo grande successo tra il pubblico.<\/p>\n\n\t\t\t<style type='text\/css'>\n\t\t\t\t#gallery-3 {\n\t\t\t\t\tmargin: auto;\n\t\t\t\t}\n\t\t\t\t#gallery-3 .gallery-item {\n\t\t\t\t\tfloat: left;\n\t\t\t\t\tmargin-top: 10px;\n\t\t\t\t\ttext-align: center;\n\t\t\t\t\twidth: 25%;\n\t\t\t\t}\n\t\t\t\t#gallery-3 img {\n\t\t\t\t\tborder: 2px solid #cfcfcf;\n\t\t\t\t}\n\t\t\t\t#gallery-3 .gallery-caption {\n\t\t\t\t\tmargin-left: 0;\n\t\t\t\t}\n\t\t\t\t\/* see gallery_shortcode() in wp-includes\/media.php *\/\n\t\t\t<\/style>\n\t\t<div id='gallery-3' class='dt-gallery-container gallery galleryid-419952 gallery-columns-4 gallery-size-thumbnail'><dl class='gallery-item'>\n\t\t\t\t<dt class='gallery-icon landscape'>\n\t\t\t\t\t<a class=\"rollover rollover-zoom dt-pswp-item\" title=\"7efd1c50-2fe6-4192-bb48-0ba47fae6ab7\" data-dt-img-description=\"\" data-large_image_width=\"1600\" data-large_image_height=\"1200\"href='https:\/\/www.radiopiu.net\/wordpress\/wp-content\/uploads\/2024\/11\/7efd1c50-2fe6-4192-bb48-0ba47fae6ab7.jpg'><img loading=\"lazy\" decoding=\"async\" width=\"150\" height=\"150\" src=\"https:\/\/www.radiopiu.net\/wordpress\/wp-content\/uploads\/2024\/11\/7efd1c50-2fe6-4192-bb48-0ba47fae6ab7-150x150.jpg\" class=\"attachment-thumbnail size-thumbnail\" alt=\"\" \/><\/a>\n\t\t\t\t<\/dt><\/dl><dl class='gallery-item'>\n\t\t\t\t<dt class='gallery-icon landscape'>\n\t\t\t\t\t<a class=\"rollover rollover-zoom dt-pswp-item\" title=\"96f12938-9b27-45eb-82ef-3c8e786d6806\" data-dt-img-description=\"\" data-large_image_width=\"1600\" data-large_image_height=\"1200\"href='https:\/\/www.radiopiu.net\/wordpress\/wp-content\/uploads\/2024\/11\/96f12938-9b27-45eb-82ef-3c8e786d6806.jpg'><img loading=\"lazy\" decoding=\"async\" width=\"150\" height=\"150\" src=\"https:\/\/www.radiopiu.net\/wordpress\/wp-content\/uploads\/2024\/11\/96f12938-9b27-45eb-82ef-3c8e786d6806-150x150.jpg\" class=\"attachment-thumbnail size-thumbnail\" alt=\"\" \/><\/a>\n\t\t\t\t<\/dt><\/dl><dl class='gallery-item'>\n\t\t\t\t<dt class='gallery-icon landscape'>\n\t\t\t\t\t<a class=\"rollover rollover-zoom dt-pswp-item\" title=\"312a1113-58a4-43ba-902f-93bf51942695\" data-dt-img-description=\"\" data-large_image_width=\"1599\" data-large_image_height=\"1186\"href='https:\/\/www.radiopiu.net\/wordpress\/wp-content\/uploads\/2024\/11\/312a1113-58a4-43ba-902f-93bf51942695.jpg'><img loading=\"lazy\" decoding=\"async\" width=\"150\" height=\"150\" src=\"https:\/\/www.radiopiu.net\/wordpress\/wp-content\/uploads\/2024\/11\/312a1113-58a4-43ba-902f-93bf51942695-150x150.jpg\" class=\"attachment-thumbnail size-thumbnail\" alt=\"\" \/><\/a>\n\t\t\t\t<\/dt><\/dl><dl class='gallery-item'>\n\t\t\t\t<dt class='gallery-icon landscape'>\n\t\t\t\t\t<a class=\"rollover rollover-zoom dt-pswp-item\" title=\"44684839-04bd-4bee-ae58-9b6f14e9c85d\" data-dt-img-description=\"\" data-large_image_width=\"1600\" data-large_image_height=\"1200\"href='https:\/\/www.radiopiu.net\/wordpress\/wp-content\/uploads\/2024\/11\/44684839-04bd-4bee-ae58-9b6f14e9c85d.jpg'><img loading=\"lazy\" decoding=\"async\" width=\"150\" height=\"150\" src=\"https:\/\/www.radiopiu.net\/wordpress\/wp-content\/uploads\/2024\/11\/44684839-04bd-4bee-ae58-9b6f14e9c85d-150x150.jpg\" class=\"attachment-thumbnail size-thumbnail\" alt=\"\" \/><\/a>\n\t\t\t\t<\/dt><\/dl><br style=\"clear: both\" \/>\n\t\t\t<\/div>\n\n<p>&nbsp;<\/p>\n<div style=\"width: 848px;\" class=\"wp-video\"><video class=\"wp-video-shortcode\" id=\"video-419952-1\" width=\"848\" height=\"480\" preload=\"metadata\" controls=\"controls\"><source type=\"video\/mp4\" src=\"https:\/\/www.radiopiu.net\/wordpress\/wp-content\/uploads\/2024\/11\/WhatsApp-Video-2024-11-17-at-18.17.32.mp4?_=1\" \/><a href=\"https:\/\/www.radiopiu.net\/wordpress\/wp-content\/uploads\/2024\/11\/WhatsApp-Video-2024-11-17-at-18.17.32.mp4\">https:\/\/www.radiopiu.net\/wordpress\/wp-content\/uploads\/2024\/11\/WhatsApp-Video-2024-11-17-at-18.17.32.mp4<\/a><\/video><\/div>\n<p>&nbsp;<\/p>\n<hr \/>\n<p>&nbsp;<\/p>\n<blockquote>\n<h3>GIORNATA DELLA COLLETTA ALIMENTARE: ALPINI E VOLONTARI PRESENTI A CENCENIGHE<\/h3>\n<\/blockquote>\n<p><strong>CENCENIGHE<\/strong> Si \u00e8 svolta sabato la Giornata della Colletta Alimentare. L&#8217;iniziativa coinvolge volontari nei supermercati aderenti, che invitano i clienti a donare parte della loro spesa per aiutare persone in difficolt\u00e0. L&#8217;obiettivo \u00e8 sensibilizzare sul tema della povert\u00e0 e raccogliere alimenti come olio, conserve, legumi, tonno e alimenti per l&#8217;infanzia, promuovendo condivisione e solidariet\u00e0. Al Supermercato Kanguro di Cencenighe presenti gli alpini e due ragazzi volontari per ritirare la merce che poi verr\u00e0 donata alle persone pi\u00f9 bisognose.<\/p>\n\n\t\t\t<style type='text\/css'>\n\t\t\t\t#gallery-4 {\n\t\t\t\t\tmargin: auto;\n\t\t\t\t}\n\t\t\t\t#gallery-4 .gallery-item {\n\t\t\t\t\tfloat: left;\n\t\t\t\t\tmargin-top: 10px;\n\t\t\t\t\ttext-align: center;\n\t\t\t\t\twidth: 33%;\n\t\t\t\t}\n\t\t\t\t#gallery-4 img {\n\t\t\t\t\tborder: 2px solid #cfcfcf;\n\t\t\t\t}\n\t\t\t\t#gallery-4 .gallery-caption {\n\t\t\t\t\tmargin-left: 0;\n\t\t\t\t}\n\t\t\t\t\/* see gallery_shortcode() in wp-includes\/media.php *\/\n\t\t\t<\/style>\n\t\t<div id='gallery-4' class='dt-gallery-container gallery galleryid-419952 gallery-columns-3 gallery-size-thumbnail'><dl class='gallery-item'>\n\t\t\t\t<dt class='gallery-icon landscape'>\n\t\t\t\t\t<a class=\"rollover rollover-zoom dt-pswp-item\" title=\"e18d7008-f417-47bf-93b0-46a9765b91ce\" data-dt-img-description=\"\" data-large_image_width=\"1600\" data-large_image_height=\"1200\"href='https:\/\/www.radiopiu.net\/wordpress\/wp-content\/uploads\/2024\/11\/e18d7008-f417-47bf-93b0-46a9765b91ce.jpg'><img loading=\"lazy\" decoding=\"async\" width=\"150\" height=\"150\" src=\"https:\/\/www.radiopiu.net\/wordpress\/wp-content\/uploads\/2024\/11\/e18d7008-f417-47bf-93b0-46a9765b91ce-150x150.jpg\" class=\"attachment-thumbnail size-thumbnail\" alt=\"\" \/><\/a>\n\t\t\t\t<\/dt><\/dl><dl class='gallery-item'>\n\t\t\t\t<dt class='gallery-icon portrait'>\n\t\t\t\t\t<a class=\"rollover rollover-zoom dt-pswp-item\" title=\"9390fb12-a6d5-4a29-9da5-ce5b26262c10\" data-dt-img-description=\"\" data-large_image_width=\"1500\" data-large_image_height=\"2000\"href='https:\/\/www.radiopiu.net\/wordpress\/wp-content\/uploads\/2024\/11\/9390fb12-a6d5-4a29-9da5-ce5b26262c10.jpg'><img loading=\"lazy\" decoding=\"async\" width=\"150\" height=\"150\" src=\"https:\/\/www.radiopiu.net\/wordpress\/wp-content\/uploads\/2024\/11\/9390fb12-a6d5-4a29-9da5-ce5b26262c10-150x150.jpg\" class=\"attachment-thumbnail size-thumbnail\" alt=\"\" \/><\/a>\n\t\t\t\t<\/dt><\/dl><dl class='gallery-item'>\n\t\t\t\t<dt class='gallery-icon portrait'>\n\t\t\t\t\t<a class=\"rollover rollover-zoom dt-pswp-item\" title=\"ab7f8283-da50-48f3-bafa-8477445c0851\" data-dt-img-description=\"\" data-large_image_width=\"1500\" data-large_image_height=\"2000\"href='https:\/\/www.radiopiu.net\/wordpress\/wp-content\/uploads\/2024\/11\/ab7f8283-da50-48f3-bafa-8477445c0851.jpg'><img loading=\"lazy\" decoding=\"async\" width=\"150\" height=\"150\" src=\"https:\/\/www.radiopiu.net\/wordpress\/wp-content\/uploads\/2024\/11\/ab7f8283-da50-48f3-bafa-8477445c0851-150x150.jpg\" class=\"attachment-thumbnail size-thumbnail\" alt=\"\" \/><\/a>\n\t\t\t\t<\/dt><\/dl><br style=\"clear: both\" \/>\n\t\t\t<\/div>\n\n<p>&nbsp;<\/p>\n<hr \/>\n<blockquote>\n<p data-pm-slice=\"1 1 []\"><strong>Il Cuore di Belluno in Festa per la Fiera di San Martino<\/strong><\/p>\n<\/blockquote>\n<p>Il centro storico di Belluno si \u00e8 animato per la tradizionale Fiera di San Martino, attirando un folto pubblico tra bancarelle di artigianato, prelibatezze gastronomiche e giocattoli. In piazza Duomo, l&#8217;area agricola ha ospitato il concerto della Filarmonica di Belluno 1867, con brani che hanno emozionato i presenti. L&#8217;evento ha offerto un&#8217;occasione di gioia per tutte le et\u00e0, tra visite alla Cripta del Duomo e la celebrazione dei prodotti locali. Un successo che ha unito tradizione e novit\u00e0.<\/p>\n<h2 style=\"text-align: center;\"><span style=\"color: #ff0000;\">\u00a0<\/span><\/h2>\n<h2 style=\"text-align: center;\"><span style=\"color: #ff0000;\">ALLA FIERA DI SAN MARTINO CON I CARABINIERI<\/span><\/h2>\n\n\t\t\t<style type='text\/css'>\n\t\t\t\t#gallery-5 {\n\t\t\t\t\tmargin: auto;\n\t\t\t\t}\n\t\t\t\t#gallery-5 .gallery-item {\n\t\t\t\t\tfloat: left;\n\t\t\t\t\tmargin-top: 10px;\n\t\t\t\t\ttext-align: center;\n\t\t\t\t\twidth: 50%;\n\t\t\t\t}\n\t\t\t\t#gallery-5 img {\n\t\t\t\t\tborder: 2px solid #cfcfcf;\n\t\t\t\t}\n\t\t\t\t#gallery-5 .gallery-caption {\n\t\t\t\t\tmargin-left: 0;\n\t\t\t\t}\n\t\t\t\t\/* see gallery_shortcode() in wp-includes\/media.php *\/\n\t\t\t<\/style>\n\t\t<div id='gallery-5' class='dt-gallery-container gallery galleryid-419952 gallery-columns-2 gallery-size-medium'><dl class='gallery-item'>\n\t\t\t\t<dt class='gallery-icon landscape'>\n\t\t\t\t\t<a class=\"rollover rollover-zoom dt-pswp-item\" title=\"cac696fc-0fba-41d9-b61f-c797fdd3bdee\" data-dt-img-description=\"\" data-large_image_width=\"2560\" data-large_image_height=\"1920\"href='https:\/\/www.radiopiu.net\/wordpress\/wp-content\/uploads\/2024\/11\/cac696fc-0fba-41d9-b61f-c797fdd3bdee-scaled.jpg'><img loading=\"lazy\" decoding=\"async\" width=\"300\" height=\"225\" src=\"https:\/\/www.radiopiu.net\/wordpress\/wp-content\/uploads\/2024\/11\/cac696fc-0fba-41d9-b61f-c797fdd3bdee-300x225.jpg\" class=\"attachment-medium size-medium\" alt=\"\" srcset=\"https:\/\/www.radiopiu.net\/wordpress\/wp-content\/uploads\/2024\/11\/cac696fc-0fba-41d9-b61f-c797fdd3bdee-300x225.jpg 300w, https:\/\/www.radiopiu.net\/wordpress\/wp-content\/uploads\/2024\/11\/cac696fc-0fba-41d9-b61f-c797fdd3bdee-1024x768.jpg 1024w, https:\/\/www.radiopiu.net\/wordpress\/wp-content\/uploads\/2024\/11\/cac696fc-0fba-41d9-b61f-c797fdd3bdee-768x576.jpg 768w, https:\/\/www.radiopiu.net\/wordpress\/wp-content\/uploads\/2024\/11\/cac696fc-0fba-41d9-b61f-c797fdd3bdee-1536x1152.jpg 1536w, https:\/\/www.radiopiu.net\/wordpress\/wp-content\/uploads\/2024\/11\/cac696fc-0fba-41d9-b61f-c797fdd3bdee-2048x1536.jpg 2048w\" sizes=\"auto, (max-width: 300px) 100vw, 300px\" \/><\/a>\n\t\t\t\t<\/dt><\/dl><dl class='gallery-item'>\n\t\t\t\t<dt class='gallery-icon landscape'>\n\t\t\t\t\t<a class=\"rollover rollover-zoom dt-pswp-item\" title=\"d80e71d0-1e54-4395-886e-71d9f0756383\" data-dt-img-description=\"\" data-large_image_width=\"2560\" data-large_image_height=\"1920\"href='https:\/\/www.radiopiu.net\/wordpress\/wp-content\/uploads\/2024\/11\/d80e71d0-1e54-4395-886e-71d9f0756383-scaled.jpg'><img loading=\"lazy\" decoding=\"async\" width=\"300\" height=\"225\" src=\"https:\/\/www.radiopiu.net\/wordpress\/wp-content\/uploads\/2024\/11\/d80e71d0-1e54-4395-886e-71d9f0756383-300x225.jpg\" class=\"attachment-medium size-medium\" alt=\"\" srcset=\"https:\/\/www.radiopiu.net\/wordpress\/wp-content\/uploads\/2024\/11\/d80e71d0-1e54-4395-886e-71d9f0756383-300x225.jpg 300w, https:\/\/www.radiopiu.net\/wordpress\/wp-content\/uploads\/2024\/11\/d80e71d0-1e54-4395-886e-71d9f0756383-1024x768.jpg 1024w, https:\/\/www.radiopiu.net\/wordpress\/wp-content\/uploads\/2024\/11\/d80e71d0-1e54-4395-886e-71d9f0756383-768x576.jpg 768w, https:\/\/www.radiopiu.net\/wordpress\/wp-content\/uploads\/2024\/11\/d80e71d0-1e54-4395-886e-71d9f0756383-1536x1152.jpg 1536w, https:\/\/www.radiopiu.net\/wordpress\/wp-content\/uploads\/2024\/11\/d80e71d0-1e54-4395-886e-71d9f0756383-2048x1536.jpg 2048w\" sizes=\"auto, (max-width: 300px) 100vw, 300px\" \/><\/a>\n\t\t\t\t<\/dt><\/dl><br style=\"clear: both\" \/>\n\t\t\t<\/div>\n\n<p>&nbsp;<\/p>\n<div style=\"width: 1200px;\" class=\"wp-video\"><video class=\"wp-video-shortcode\" id=\"video-419952-2\" width=\"1200\" height=\"675\" preload=\"metadata\" controls=\"controls\"><source type=\"video\/mp4\" src=\"https:\/\/www.radiopiu.net\/wordpress\/wp-content\/uploads\/2024\/11\/WhatsApp-Video-2024-11-17-at-16.42.13.mp4?_=2\" \/><a href=\"https:\/\/www.radiopiu.net\/wordpress\/wp-content\/uploads\/2024\/11\/WhatsApp-Video-2024-11-17-at-16.42.13.mp4\">https:\/\/www.radiopiu.net\/wordpress\/wp-content\/uploads\/2024\/11\/WhatsApp-Video-2024-11-17-at-16.42.13.mp4<\/a><\/video><\/div>\n<p>&nbsp;<\/p>\n<p>&nbsp;<\/p>\n<blockquote>\n<p data-pm-slice=\"1 1 []\"><strong>Premiazioni Ex Tempore di Belluno: Successi e Talenti Celebrati<\/strong><\/p>\n<\/blockquote>\n<p>All\u2019Ex Tempore di Belluno, Gianluigi Zeni ha conquistato la giuria tecnica con l\u2019opera \u201cTitone\u201d, ricevendo anche l\u2019applauso del pubblico. Marco Pangrazio, invece, ha vinto il premio della giuria dei bambini con \u201cVolere Volare\u201d, raffigurante una mongolfiera. Andrea Dal Pont, presidente del Consorzio Belluno Centro Storico, ha aperto la cerimonia sottolineando l\u2019alta partecipazione: 3.444 visitatori, tra cui 727 bambini. Nel concorso di poesia, Elisabetta Liberatore ha trionfato con \u201cIo e te siamo uno\u201d, seguita da Silvia Dall\u2019Ava e Asia Comin. Premi e menzioni speciali anche per la fotografia.<\/p>\n<p>&nbsp;<\/p>\n<p>&nbsp;<\/p>\n<blockquote class=\"wp-embedded-content\" data-secret=\"Stww3MQs3r\"><p><a href=\"https:\/\/www.radiopiu.net\/wordpress\/belluno-citta-del-legno-foto\/\">BELLUNO CITTA&#8217; DEL LEGNO &#8211; FOTO &#8211; BRUNELLA MORO<\/a><\/p><\/blockquote>\n<p><iframe loading=\"lazy\" class=\"wp-embedded-content\" sandbox=\"allow-scripts\" security=\"restricted\" style=\"position: absolute; visibility: hidden;\" title=\"&#8220;BELLUNO CITTA&#8217; DEL LEGNO &#8211; FOTO &#8211; BRUNELLA MORO&#8221; &#8212; Radio Pi\u00f9\" src=\"https:\/\/www.radiopiu.net\/wordpress\/belluno-citta-del-legno-foto\/embed\/#?secret=GlC4uRq5QY#?secret=Stww3MQs3r\" data-secret=\"Stww3MQs3r\" width=\"600\" height=\"338\" frameborder=\"0\" marginwidth=\"0\" marginheight=\"0\" scrolling=\"no\"><\/iframe><\/p>\n<p>&nbsp;<\/p>\n<hr \/>\n<p>&nbsp;<\/p>\n<blockquote>\n<h3>DUE INCONTRI CON L&#8217;ASSOCIAZIONE SCUOLA GABELLI<\/h3>\n<\/blockquote>\n<p><strong><a class=\"dt-pswp-item\" href=\"https:\/\/www.radiopiu.net\/wordpress\/wp-content\/uploads\/2024\/11\/image-1.png\" data-dt-img-description=\"\" data-large_image_width=\"280\" data-large_image_height=\"284\"><img loading=\"lazy\" decoding=\"async\" class=\" wp-image-419990 alignleft\" src=\"https:\/\/www.radiopiu.net\/wordpress\/wp-content\/uploads\/2024\/11\/image-1.png\" alt=\"\" width=\"106\" height=\"108\" \/><\/a>BELLUNO<\/strong> L\u2019Associazione Scuola Gabelli di Belluno, in collaborazione con Belluno-ciak e l\u2019Istituto Bellunese di Ricerche Sociali e Culturali, organizza due conferenze sull\u2019eredit\u00e0 educativa di Pierina Boranga. Gli incontri si terranno nell\u2019aula magna del Seminario Gregoriano di Belluno alle 17:00: il 22 novembre si parler\u00e0 della nascita della scuola Gabelli e il 6 dicembre del suo impatto sulla scuola comelicense. L\u2019obiettivo \u00e8 riaffermare il valore rivoluzionario dell\u2019approccio educativo di Boranga, che metteva i bambini al centro del processo formativo, superando la visione utilitaristica della scuola. La Gabelli, definita la \u201cscuola pi\u00f9 bella d\u2019Italia\u201d, rappresenta un modello di didattica attiva e inclusiva che resta attuale. Rievocare questa esperienza significa sperare in un suo rinnovamento per i ragazzi di oggi e di domani.<\/p>\n<p>&nbsp;<\/p>\n<p>&nbsp;<\/p>\n<hr \/>\n<p>&nbsp;<\/p>\n<blockquote>\n<p data-pm-slice=\"1 1 []\"><strong><a class=\"dt-pswp-item\" href=\"https:\/\/www.radiopiu.net\/wordpress\/wp-content\/uploads\/2024\/11\/SCUOLE-RETE.png\" data-dt-img-description=\"\" data-large_image_width=\"166\" data-large_image_height=\"97\"><img loading=\"lazy\" decoding=\"async\" class=\"size-full wp-image-419878 alignleft\" src=\"https:\/\/www.radiopiu.net\/wordpress\/wp-content\/uploads\/2024\/11\/SCUOLE-RETE.png\" alt=\"\" width=\"166\" height=\"97\" \/><\/a>Un incontro per ascoltare i giovani nella Giornata dei diritti dei minori<\/strong><\/p>\n<\/blockquote>\n<p><strong>BELLUNO <\/strong>Mercoled\u00ec, in occasione della Giornata dei diritti dei minori, gli studenti di Belluno parteciperanno all&#8217;incontro \u201cLa voce dei giovani: noi parliamo, chi ascolta?\u201d per dialogare con le autorit\u00e0 e gli adulti. Organizzato dalla Consulta provinciale degli studenti insieme a ULSS Dolomiti, Scuole in Rete, Unicef Belluno, Prefettura e Ufficio scolastico, l\u2019evento si terr\u00e0 in Prefettura. Verranno presentati i risultati di un questionario condotto dal SerD e l\u2019indagine della Consulta del 2024. Sar\u00e0 premiato anche il concorso di pittura \u201cIl mondo che (non) vorrei\u201d. L\u2019incontro, volto a dare voce ai giovani e riconoscerne i bisogni, sar\u00e0 un&#8217;opportunit\u00e0 per rafforzare il dialogo intergenerazionale.<\/p>\n<p>&nbsp;<\/p>\n<hr \/>\n<p>&nbsp;<\/p>\n<p>&nbsp;<\/p>\n<blockquote>\n<h3>IL 23 NOVEMBRE LA FESTA DEGLI EMIGRANTI A SEREN DEL GRAPPA<\/h3>\n<\/blockquote>\n<p><strong><a class=\"dt-pswp-item\" href=\"https:\/\/www.radiopiu.net\/wordpress\/wp-content\/uploads\/2024\/11\/EMI-SEREN.png\" data-dt-img-description=\"\" data-large_image_width=\"474\" data-large_image_height=\"243\"><img loading=\"lazy\" decoding=\"async\" class=\" wp-image-419852 alignleft\" src=\"https:\/\/www.radiopiu.net\/wordpress\/wp-content\/uploads\/2024\/11\/EMI-SEREN-300x154.png\" alt=\"\" width=\"220\" height=\"113\" srcset=\"https:\/\/www.radiopiu.net\/wordpress\/wp-content\/uploads\/2024\/11\/EMI-SEREN-300x154.png 300w, https:\/\/www.radiopiu.net\/wordpress\/wp-content\/uploads\/2024\/11\/EMI-SEREN.png 474w\" sizes=\"auto, (max-width: 220px) 100vw, 220px\" \/><\/a>BELLUNO <\/strong>La Festa degli Emigranti si terr\u00e0 il 23 novembre a Seren del Grappa, celebrando le radici e l\u2019identit\u00e0 bellunese. L\u2019evento, sostenuto dal PNRR \u201cTurismo delle radici\u201d, vedr\u00e0 la partecipazione di autorit\u00e0, emigranti e figure di spicco. Dopo il ritrovo in Piazza di Rasai alle 9.00, un corteo accompagnato dalla Banda di Arsi\u00e9 raggiunger\u00e0 la Sala Teatro per la XXIV edizione del Premio Internazionale \u201cBellunesi che onorano la provincia di Belluno\u201d, con la conduzione di Nicola Maccagnan e interventi musicali di Pio Sagrillo e Omar Tonin. Alle 12.30, presso gli impianti sportivi, si terranno i saluti ufficiali e il \u201cPranzo dell\u2019emigrante\u201d, seguito nel pomeriggio da uno spettacolo del Gruppo Folk di Cesiomaggiore, la presentazione di una guida turistica e un laboratorio sulle migrazioni. La giornata sar\u00e0 un\u2019occasione di memoria e condivisione per onorare chi mantiene viva l\u2019eredit\u00e0 culturale bellunese nel mondo.<\/p>\n<p>&nbsp;<\/p>\n<p>&nbsp;<\/p>\n<hr \/>\n<p>&nbsp;<\/p>\n<blockquote>\n<p data-pm-slice=\"1 1 []\"><strong><a class=\"dt-pswp-item\" href=\"https:\/\/www.radiopiu.net\/wordpress\/wp-content\/uploads\/2022\/12\/MUNICIPIO-AGORDO.png\" data-dt-img-description=\"\" data-large_image_width=\"1890\" data-large_image_height=\"1210\"><img loading=\"lazy\" decoding=\"async\" class=\" wp-image-309882 alignleft\" src=\"https:\/\/www.radiopiu.net\/wordpress\/wp-content\/uploads\/2022\/12\/MUNICIPIO-AGORDO-300x192.png\" alt=\"\" width=\"191\" height=\"122\" srcset=\"https:\/\/www.radiopiu.net\/wordpress\/wp-content\/uploads\/2022\/12\/MUNICIPIO-AGORDO-300x192.png 300w, https:\/\/www.radiopiu.net\/wordpress\/wp-content\/uploads\/2022\/12\/MUNICIPIO-AGORDO-1024x656.png 1024w, https:\/\/www.radiopiu.net\/wordpress\/wp-content\/uploads\/2022\/12\/MUNICIPIO-AGORDO-768x492.png 768w, https:\/\/www.radiopiu.net\/wordpress\/wp-content\/uploads\/2022\/12\/MUNICIPIO-AGORDO-1536x983.png 1536w, https:\/\/www.radiopiu.net\/wordpress\/wp-content\/uploads\/2022\/12\/MUNICIPIO-AGORDO.png 1890w\" sizes=\"auto, (max-width: 191px) 100vw, 191px\" \/><\/a>Consiglio Comunale di Agordo: due punti in agenda<\/strong><\/p>\n<\/blockquote>\n<p><strong>AGORDO<\/strong>Il Consiglio Comunale di Agordo si terr\u00e0 oggi alle 19 presso il Municipio, convocato dal sindaco Roberto Chissal\u00e8. All\u2019ordine del giorno l\u2019approvazione del nuovo regolamento della biblioteca civica e della carta dei servizi, oltre a un dibattito su sicurezza e decoro urbano. La seduta sar\u00e0 trasmessa in diretta sui canali di RADIOPIU per garantire trasparenza. Il gruppo di minoranza Agordo Insieme invita la cittadinanza a partecipare, evidenziando l\u2019urgenza di affrontare episodi di micro-criminalit\u00e0 e incivilt\u00e0 nella vallata, fenomeni che mettono a rischio il benessere della comunit\u00e0. L\u2019incontro sar\u00e0 un\u2019opportunit\u00e0 per proporre soluzioni concrete e sensibilizzare i cittadini.<\/p>\n<p>&nbsp;<\/p>\n<p>&nbsp;<\/p>\n<hr \/>\n<p>&nbsp;<\/p>\n<h2>DA OGGI ALLA RADIO&#8230; SCUOLA APERTA AL FOLLADOR DE ROSSI<\/h2>\n<p><strong>LA SETTIMANA INFORMATIVA<\/strong><\/p>\n<blockquote>\n<h2><img decoding=\"async\" class=\"alignleft\" src=\"https:\/\/www.radiopiu.net\/wordpress\/wp-content\/uploads\/2021\/12\/follador-offerta-copia.jpg\" \/><\/h2>\n<\/blockquote>\n<p>&nbsp;<\/p>\n<p>DA LUNEDI SETTIMANA SPECIALE ALLA RADIO&#8230; FOLLADOR DE ROSSI! L&#8217;OFFERTA SCOLASTICA DALL&#8217;AGORDINA, DA AGORDO A FALCADE, GIORNO PER GIORNO SCOPRIAMO L&#8217;ISTITUTO MINERARIO, CHIMICO, IL LICEO, LE PECULIARITA&#8217; DELLA SCUOLA DI FALCADE CON ANNESSO CONVITTO<br \/>\n<strong>DA LUNEDI 18 NOVEMBRE ALLA RADIO FM-DAB+VENETO-STREAMING IN TUTTO IL MONDO, ALLE 11 E ALLE 19.30<\/strong><\/p>\n<audio class=\"wp-audio-shortcode\" id=\"audio-419952-10\" preload=\"none\" style=\"width: 100%;\" controls=\"controls\"><source type=\"audio\/mpeg\" src=\"https:\/\/www.radiopiu.net\/wordpress\/wp-content\/uploads\/2024\/11\/scuola-aperta-24-follador.mp3?_=10\" \/><a href=\"https:\/\/www.radiopiu.net\/wordpress\/wp-content\/uploads\/2024\/11\/scuola-aperta-24-follador.mp3\">https:\/\/www.radiopiu.net\/wordpress\/wp-content\/uploads\/2024\/11\/scuola-aperta-24-follador.mp3<\/a><\/audio>\n<p>&nbsp;<\/p>\n<p>&nbsp;<\/p>\n<hr \/>\n<p>&nbsp;<\/p>\n<blockquote>\n<p data-pm-slice=\"1 1 []\"><strong>Concorso per 33 atleti nei gruppi sportivi Fiamme Oro della Polizia di Stato<\/strong><\/p>\n<\/blockquote>\n<p>Sul Portale Unico del reclutamento, all&#8217;indirizzo <a>www.inpa.gov.it<\/a> e sul sito <a>www.poliziadistato.it<\/a>, \u00e8 stato pubblicato il 14 novembre 2024 un bando di concorso pubblico per titoli, finalizzato all&#8217;assunzione di 33 atleti da destinare ai gruppi sportivi \u201cPolizia di Stato \u2013 Fiamme Oro\u201d. Gli atleti selezionati saranno inquadrati nel ruolo degli agenti e assistenti della Polizia di Stato, con qualifica di agente.<\/p>\n<p>&nbsp;<\/p>\n<p>&nbsp;<\/p>\n<hr \/>\n<p>&nbsp;<\/p>\n<blockquote>\n<h3>UN CORSO DI DIFESA CONTRO LA VIOLENZA SULLE DONNE<\/h3>\n<\/blockquote>\n<p><strong>BELLUNO<\/strong> In occasione della giornata mondiale contro la violenza sulle donne, l&#8217;associazione Urban Krav Maga, con il patrocinio del Comune di Belluno, organizza una lezione gratuita di &#8220;Difesa femminile&#8221; il 26 novembre alle 20 presso la palestra del Liceo scientifico di Belluno. L&#8217;evento, guidato dall&#8217;istruttore Cristian Burde, mira a fornire alle donne strumenti utili per gestire la paura e affrontare aggressioni, sia a livello teorico che pratico. Burde sottolinea l&#8217;importanza della prevenzione e della consapevolezza dell&#8217;ambiente circostante come base per la difesa personale. La serata sar\u00e0 aperta a donne di tutte le et\u00e0 e includer\u00e0 dimostrazioni pratiche di tecniche di difesa e fuga in caso di aggressione.<\/p>\n<p>&nbsp;<\/p>\n<p>&nbsp;<\/p>\n<hr \/>\n<p>&nbsp;<\/p>\n<blockquote><p><a class=\"dt-pswp-item\" href=\"https:\/\/www.radiopiu.net\/wordpress\/wp-content\/uploads\/2024\/11\/NUDM-23-25-LOCANDINA.jpg\" data-dt-img-description=\"Screenshot\" data-large_image_width=\"1269\" data-large_image_height=\"1793\"><img loading=\"lazy\" decoding=\"async\" class=\" wp-image-419816 alignleft\" src=\"https:\/\/www.radiopiu.net\/wordpress\/wp-content\/uploads\/2024\/11\/NUDM-23-25-LOCANDINA-212x300.jpg\" alt=\"\" width=\"131\" height=\"185\" srcset=\"https:\/\/www.radiopiu.net\/wordpress\/wp-content\/uploads\/2024\/11\/NUDM-23-25-LOCANDINA-212x300.jpg 212w, https:\/\/www.radiopiu.net\/wordpress\/wp-content\/uploads\/2024\/11\/NUDM-23-25-LOCANDINA-725x1024.jpg 725w, https:\/\/www.radiopiu.net\/wordpress\/wp-content\/uploads\/2024\/11\/NUDM-23-25-LOCANDINA-768x1085.jpg 768w, https:\/\/www.radiopiu.net\/wordpress\/wp-content\/uploads\/2024\/11\/NUDM-23-25-LOCANDINA-1087x1536.jpg 1087w, https:\/\/www.radiopiu.net\/wordpress\/wp-content\/uploads\/2024\/11\/NUDM-23-25-LOCANDINA.jpg 1269w\" sizes=\"auto, (max-width: 131px) 100vw, 131px\" \/><\/a><\/p>\n<p data-pm-slice=\"1 1 []\"><strong>Iniziative in Provincia di Belluno per la Giornata Internazionale contro la Violenza sulle Donne<\/strong><\/p>\n<\/blockquote>\n<p><strong>BELLUNO<\/strong><\/p>\n<p data-pm-slice=\"1 1 []\">In occasione della Giornata Internazionale contro la violenza sulle donne, la Provincia di Belluno si mobilita con due iniziative, in parallelo con le manifestazioni nazionali di Non Una di Meno a Roma e Palermo il 23 novembre. Sabato 23 novembre, dalle ore 14,\u00a0 ai Giardini della Stazione Ferroviaria di Belluno (Parco dell\u2019Artigliere)\u00a0 racconto delle varie forme di violenza subite da donne. Luned\u00ec 25 novembre, alle 20,\u00a0 dal Parco Bologna passeggiata notturna con musica e canti,<\/p>\n<p>&nbsp;<\/p>\n<p>&nbsp;<\/p>\n<p>&nbsp;<\/p>\n<hr \/>\n<p>&nbsp;<\/p>\n<blockquote>\n<h3>LA GIORNATA EUROPEA SULLA CONSAPEVOLEZZA DEGLI ANTIBIOTICI<\/h3>\n<\/blockquote>\n<p><strong><a class=\"dt-pswp-item\" href=\"https:\/\/www.radiopiu.net\/wordpress\/wp-content\/uploads\/2021\/03\/ULSS-1.jpg\" data-dt-img-description=\"\" data-large_image_width=\"776\" data-large_image_height=\"408\"><img loading=\"lazy\" decoding=\"async\" class=\" wp-image-198838 alignleft\" src=\"https:\/\/www.radiopiu.net\/wordpress\/wp-content\/uploads\/2021\/03\/ULSS-1-300x158.jpg\" alt=\"\" width=\"241\" height=\"127\" srcset=\"https:\/\/www.radiopiu.net\/wordpress\/wp-content\/uploads\/2021\/03\/ULSS-1-300x158.jpg 300w, https:\/\/www.radiopiu.net\/wordpress\/wp-content\/uploads\/2021\/03\/ULSS-1-768x404.jpg 768w, https:\/\/www.radiopiu.net\/wordpress\/wp-content\/uploads\/2021\/03\/ULSS-1.jpg 776w\" sizes=\"auto, (max-width: 241px) 100vw, 241px\" \/><\/a>BELLUNO<\/strong> In occasione della giornata europea sulla consapevolezza degli antibiotici, l\u2019Ulss Dolomiti organizza un incontro online aperto ai cittadini per sensibilizzare sull&#8217;uso consapevole degli antibiotici e il problema della resistenza antimicrobica (AMR). L\u2019evento si terr\u00e0 oggi alle 17:00. Tra i relatori, la Dott.ssa Giorgia Marcato discuter\u00e0 delle buone pratiche sull\u2019uso degli antibiotici, il Dott. Damiano Comin affronter\u00e0 l&#8217;AMR nel settore animale e agroalimentare, e il Dott. Renzo Scaggiante spiegher\u00e0 l&#8217;efficacia e i rischi degli antibiotici. Altri interventi tratteranno l\u2019appropriatezza prescrittiva e le regole per un uso corretto degli antibiotici.<\/p>\n<p>&nbsp;<\/p>\n<p>&nbsp;<\/p>\n<hr \/>\n<p>&nbsp;<\/p>\n<p><strong><a class=\"dt-pswp-item\" href=\"https:\/\/www.radiopiu.net\/wordpress\/wp-content\/uploads\/2024\/11\/AMICI-MINERARI.png\" data-dt-img-description=\"\" data-large_image_width=\"209\" data-large_image_height=\"174\"><img loading=\"lazy\" decoding=\"async\" class=\"size-full wp-image-419180 alignleft\" src=\"https:\/\/www.radiopiu.net\/wordpress\/wp-content\/uploads\/2024\/11\/AMICI-MINERARI.png\" alt=\"\" width=\"209\" height=\"174\" \/><\/a>&#8220;Con gli Amici dei Minerari: Serate d&#8217;Inverno \u2013 un viaggio tra storia, scienza e meraviglie. Incontri presso la Sala con T\u00e0-Mis. Non mancare!&#8221;<\/strong><\/p>\n<ul>\n<li><em>Venerd\u00ec 22 novembre, ore 20:30<\/em>: &#8220;Ma le Dolomiti cosa sono? Dalla prosa di Dino Buzzati alla geologia di Bruno Castiglioni&#8221; \u2013 Relatore Danilo Giordano.<\/li>\n<li><em>Venerd\u00ec 20 dicembre, ore 20:30<\/em>: &#8220;La morfogenesi delle frane&#8221; \u2013 Relatore Prof. Vittorio Fenti.<\/li>\n<li><em>Venerd\u00ec 24 gennaio, ore 20:30<\/em>: &#8220;Il meraviglioso mondo dei fossili delle Dolomiti&#8221; \u2013 Relatore Danilo Giordano.<\/li>\n<li><em>Venerd\u00ec 21 febbraio, ore 20:30<\/em>: &#8220;Il traforo del Brennero: studio, progettazione e realizzazione&#8221; \u2013 Relatori Vittorio Fenti e Mario Guadagnini.<\/li>\n<\/ul>\n<p><strong>Vivi la cultura e la passione per la montagna!<\/strong><\/p>\n<p>&nbsp;<\/p>\n<p>&nbsp;<\/p>\n<hr \/>\n<p>&nbsp;<\/p>\n<div class=\"flex max-w-full flex-col flex-grow\">\n<div class=\"min-h-8 text-message flex w-full flex-col items-end gap-2 whitespace-normal break-words [.text-message+&amp;]:mt-5\" dir=\"auto\" data-message-author-role=\"assistant\" data-message-id=\"c3d47f35-dbf0-420d-bed1-ce0eab660a3f\" data-message-model-slug=\"gpt-4o-mini\">\n<div class=\"flex w-full flex-col gap-1 empty:hidden first:pt-[3px]\">\n<div class=\"markdown prose w-full break-words dark:prose-invert dark\">\n<blockquote>\n<h3><strong><a class=\"dt-pswp-item\" href=\"https:\/\/www.radiopiu.net\/wordpress\/wp-content\/uploads\/2024\/11\/Senza-nome-9.png\" data-dt-img-description=\"\" data-large_image_width=\"192\" data-large_image_height=\"246\"><img loading=\"lazy\" decoding=\"async\" class=\"wp-image-417941 alignleft\" src=\"https:\/\/www.radiopiu.net\/wordpress\/wp-content\/uploads\/2024\/11\/Senza-nome-9.png\" alt=\"\" width=\"99\" height=\"127\" \/><\/a>\u201cSpazio 32026\u201d a Borgo Valbelluna: un nuovo punto di ritrovo per i giovani<\/strong><\/h3>\n<\/blockquote>\n<\/div>\n<\/div>\n<\/div>\n<\/div>\n<p><strong>BORGO VALBELLUNA<\/strong> Da oggi, l\u2019Amministrazione Comunale di Borgo Valbelluna, insieme a Societ\u00e0 Nuova, inaugura \u201cSpazio 32026\u201d, uno spazio pomeridiano per studenti delle scuole secondarie di primo grado. Situato al Palazzo delle Contesse, offre supporto compiti e attivit\u00e0 scelte dai ragazzi, aiutati da educatori. Obiettivo: promuovere autonomia, creativit\u00e0 e gestione delle emozioni.<\/p>\n<p>&nbsp;<\/p>\n<p>&nbsp;<\/p>\n<p>&nbsp;<\/p>\n<hr \/>\n<p>&nbsp;<\/p>\n<blockquote>\n<h1>A RADIO PIU&#8217;&#8230;Tony Cicco: Il Batterista Leggendario della Formula 3<\/h1>\n<\/blockquote>\n<p data-pm-slice=\"1 1 []\"><strong><a class=\"dt-pswp-item\" href=\"https:\/\/www.radiopiu.net\/wordpress\/wp-content\/uploads\/2024\/11\/formula_3_loc.jpg\" data-dt-img-description=\"\" data-large_image_width=\"600\" data-large_image_height=\"821\"><img loading=\"lazy\" decoding=\"async\" class=\"size-medium wp-image-419609 alignleft\" src=\"https:\/\/www.radiopiu.net\/wordpress\/wp-content\/uploads\/2024\/11\/formula_3_loc-219x300.jpg\" alt=\"\" width=\"219\" height=\"300\" srcset=\"https:\/\/www.radiopiu.net\/wordpress\/wp-content\/uploads\/2024\/11\/formula_3_loc-219x300.jpg 219w, https:\/\/www.radiopiu.net\/wordpress\/wp-content\/uploads\/2024\/11\/formula_3_loc.jpg 600w\" sizes=\"auto, (max-width: 219px) 100vw, 219px\" \/><\/a>REDAZIONE<\/strong> Era il 1983, la calda estate dell&#8217;83, quando in piazza San Rocco a Taibon Agordino si facevano girare i primi 45 giri, ne servivano tanti, ma buoni. I nostri fornitori erano i gestori dei Bar, dove non mancava il juke box e ogni tanto &#8211; spesso &#8211; cambiavano i dischi e noi facevamo da ecocentro. Sono ancora qui, conservati negli archivi della Radio. In mezzo a questo scrigno di musica da met\u00e0 anni Settanta in poi non mancano i dischi della Formula 3, accanto a quelli di Battisti, Mina, Modugno, Celentano, Dalla e ovviamente Vasco Rossi, quello di primo pelo. Intervistare Tony Cicco, dopo 41 anni di Radio \u00e8 stato emozionante. Tony con la Formula 3 sar\u00e0 a Belluno, Teatro Dino Buzzati, venerdi 6 dicembre alle 21 (prevendite su liveticket.it)<\/p>\n<p data-pm-slice=\"1 1 []\"><strong>L&#8217;INTERVISTA DI MIRKO MEZZACASA<\/strong><\/p>\n<audio class=\"wp-audio-shortcode\" id=\"audio-419952-11\" preload=\"none\" style=\"width: 100%;\" controls=\"controls\"><source type=\"audio\/mpeg\" src=\"https:\/\/www.radiopiu.net\/wordpress\/wp-content\/uploads\/2024\/11\/TONI-CICCO.mp3?_=11\" \/><a href=\"https:\/\/www.radiopiu.net\/wordpress\/wp-content\/uploads\/2024\/11\/TONI-CICCO.mp3\">https:\/\/www.radiopiu.net\/wordpress\/wp-content\/uploads\/2024\/11\/TONI-CICCO.mp3<\/a><\/audio>\n<p>&nbsp;<\/p>\n<p>&nbsp;<\/p>\n<blockquote>\n<p data-pm-slice=\"1 1 []\"><em><img decoding=\"async\" src=\"https:\/\/www.radiopiu.net\/wordpress\/wp-content\/uploads\/2024\/11\/tony-cicco-min-750x375.jpg.webp\" \/><\/em><\/p>\n<p data-pm-slice=\"1 1 []\"><em>Tony Cicco, musicista e fondatore della storica band Formula 3, ha lasciato un&#8217;impronta indelebile nella musica italiana. Diplomato al conservatorio di Napoli, inizi\u00f2 la carriera come batterista suonando nei locali con vari complessi. La svolta arriv\u00f2 con la fondazione della Formula 3, gruppo con cui intraprese una fruttuosa collaborazione con Lucio Battisti. \u201cDopo un concerto a Milano, Battisti venne a trovarci nel camerino e, colmo di entusiasmo, ci propose di lavorare insieme,\u201d ha raccontato Cicco. Questa collaborazione dur\u00f2 quattro anni, durante i quali la band accompagn\u00f2 Battisti nei suoi rari concerti italiani. Dopo lo scioglimento della Formula 3, Tony Cicco intraprese una carriera da solista e scrisse brani per celebri artisti come Loredana Bert\u00e8, Fiorella Mannoia e Raffaella Carr\u00e0. L&#8217;amore per la musica \u00e8 una tradizione di famiglia: suo padre dirigeva una banda e il fratello Ciro, prodigioso batterista, lo ispir\u00f2 fin da giovane. Grazie a queste influenze, Cicco trasform\u00f2 la passione in una carriera di successo.<\/em><\/p>\n<\/blockquote>\n<p>&nbsp;<\/p>\n<hr \/>\n<p>&nbsp;<\/p>\n<h2><span style=\"color: #ff6600;\">IERI ALLA RADIO\u00a0\u00a0<\/span><\/h2>\n<h2><span style=\"color: #33cccc;\">DUE MINUTI PER TE<\/span><\/h2>\n<p><strong><a class=\"dt-pswp-item\" href=\"https:\/\/www.radiopiu.net\/wordpress\/wp-content\/uploads\/2020\/12\/DON-GIORGIO-LISE.jpg\" data-dt-img-description=\"\" data-large_image_width=\"1600\" data-large_image_height=\"901\"><img loading=\"lazy\" decoding=\"async\" class=\" wp-image-177420 alignleft\" src=\"https:\/\/www.radiopiu.net\/wordpress\/wp-content\/uploads\/2020\/12\/DON-GIORGIO-LISE-300x169.jpg\" alt=\"\" width=\"202\" height=\"114\" srcset=\"https:\/\/www.radiopiu.net\/wordpress\/wp-content\/uploads\/2020\/12\/DON-GIORGIO-LISE-300x169.jpg 300w, https:\/\/www.radiopiu.net\/wordpress\/wp-content\/uploads\/2020\/12\/DON-GIORGIO-LISE-1024x577.jpg 1024w, https:\/\/www.radiopiu.net\/wordpress\/wp-content\/uploads\/2020\/12\/DON-GIORGIO-LISE-768x432.jpg 768w, https:\/\/www.radiopiu.net\/wordpress\/wp-content\/uploads\/2020\/12\/DON-GIORGIO-LISE-1536x865.jpg 1536w, https:\/\/www.radiopiu.net\/wordpress\/wp-content\/uploads\/2020\/12\/DON-GIORGIO-LISE.jpg 1600w\" sizes=\"auto, (max-width: 202px) 100vw, 202px\" \/><\/a>APPUNTAMENTO DELLA DOMENICA CON IL PENSIERO DI MONSIGNOR GIORGIO LISE<\/strong><\/p>\n<audio class=\"wp-audio-shortcode\" id=\"audio-419952-12\" preload=\"none\" style=\"width: 100%;\" controls=\"controls\"><source type=\"audio\/mpeg\" src=\"https:\/\/www.radiopiu.net\/wordpress\/wp-content\/uploads\/2024\/11\/DON-GIORGIO-2.mp3?_=12\" \/><a href=\"https:\/\/www.radiopiu.net\/wordpress\/wp-content\/uploads\/2024\/11\/DON-GIORGIO-2.mp3\">https:\/\/www.radiopiu.net\/wordpress\/wp-content\/uploads\/2024\/11\/DON-GIORGIO-2.mp3<\/a><\/audio>\n<p>&nbsp;<\/p>\n<h2><span style=\"color: #ff00ff;\">LA RASSEGNA STAMPA DA L&#8217;AMICO DEL POPOLO<\/span><\/h2>\n<p><strong><a class=\"dt-pswp-item\" href=\"https:\/\/www.radiopiu.net\/wordpress\/wp-content\/uploads\/2020\/03\/AMICO-POPOLOpng.png\" data-dt-img-description=\"\" data-large_image_width=\"225\" data-large_image_height=\"225\"><img loading=\"lazy\" decoding=\"async\" class=\" wp-image-123043 alignleft\" src=\"https:\/\/www.radiopiu.net\/wordpress\/wp-content\/uploads\/2020\/03\/AMICO-POPOLOpng.png\" alt=\"\" width=\"126\" height=\"126\" srcset=\"https:\/\/www.radiopiu.net\/wordpress\/wp-content\/uploads\/2020\/03\/AMICO-POPOLOpng.png 225w, https:\/\/www.radiopiu.net\/wordpress\/wp-content\/uploads\/2020\/03\/AMICO-POPOLOpng-150x150.png 150w\" sizes=\"auto, (max-width: 126px) 100vw, 126px\" \/><\/a>DI GIANNI SANTOMASO<\/strong><\/p>\n<audio class=\"wp-audio-shortcode\" id=\"audio-419952-13\" preload=\"none\" style=\"width: 100%;\" controls=\"controls\"><source type=\"audio\/mpeg\" src=\"https:\/\/www.radiopiu.net\/wordpress\/wp-content\/uploads\/2024\/11\/RASSEGNA-GIANNI-1.mp3?_=13\" \/><a href=\"https:\/\/www.radiopiu.net\/wordpress\/wp-content\/uploads\/2024\/11\/RASSEGNA-GIANNI-1.mp3\">https:\/\/www.radiopiu.net\/wordpress\/wp-content\/uploads\/2024\/11\/RASSEGNA-GIANNI-1.mp3<\/a><\/audio>\n<p>&nbsp;<\/p>\n<p>&nbsp;<\/p>\n<hr \/>\n<p>&nbsp;<\/p>\n<blockquote class=\"wp-embedded-content\" data-secret=\"HPiuOGE1cY\"><p><a href=\"https:\/\/www.radiopiu.net\/wordpress\/piu-siamo-con-marina-settimana-dal-11-al-15-novembre-2024\/\">PIU&#8217; SIAMO&#8230;CON MARINA &#8211; SETTIMANA DAL 11 AL 15 NOVEMBRE 2024<\/a><\/p><\/blockquote>\n<p><iframe loading=\"lazy\" class=\"wp-embedded-content\" sandbox=\"allow-scripts\" security=\"restricted\" style=\"position: absolute; visibility: hidden;\" title=\"&#8220;PIU&#8217; SIAMO&#8230;CON MARINA &#8211; SETTIMANA DAL 11 AL 15 NOVEMBRE 2024&#8221; &#8212; Radio Pi\u00f9\" src=\"https:\/\/www.radiopiu.net\/wordpress\/piu-siamo-con-marina-settimana-dal-11-al-15-novembre-2024\/embed\/#?secret=X0qPB2cOrw#?secret=HPiuOGE1cY\" data-secret=\"HPiuOGE1cY\" width=\"600\" height=\"338\" frameborder=\"0\" marginwidth=\"0\" marginheight=\"0\" scrolling=\"no\"><\/iframe><\/p>\n<p>&nbsp;<\/p>\n<hr \/>\n<p>&nbsp;<\/p>\n<h2 data-pm-slice=\"1 1 []\"><span style=\"color: #008080;\">AGORDO, 70 ANNI DEL SOCCORSO ALPINO. BIEN &#8220;SONO GIA&#8217; UN PO&#8217; IN AFFANNO&#8230;&#8221;<\/span><\/h2>\n<p><strong>DI MIRKO MEZZACASA<\/strong><\/p>\n<p><strong>OSPITI DIEGO FAVERO ED EUGENIO BIEN<\/strong><\/p>\n<p><strong>AUDIO<\/strong><\/p>\n<audio class=\"wp-audio-shortcode\" id=\"audio-419952-14\" preload=\"none\" style=\"width: 100%;\" controls=\"controls\"><source type=\"audio\/mpeg\" src=\"https:\/\/www.radiopiu.net\/wordpress\/wp-content\/uploads\/2024\/11\/eugenio-bien-e-diego-favero.mp3?_=14\" \/><a href=\"https:\/\/www.radiopiu.net\/wordpress\/wp-content\/uploads\/2024\/11\/eugenio-bien-e-diego-favero.mp3\">https:\/\/www.radiopiu.net\/wordpress\/wp-content\/uploads\/2024\/11\/eugenio-bien-e-diego-favero.mp3<\/a><\/audio>\n<p>&nbsp;<\/p>\n<p><a class=\"dt-pswp-item\" href=\"https:\/\/www.radiopiu.net\/wordpress\/wp-content\/uploads\/2024\/11\/455240155_10226075975071888_9129546270403361456_n.jpg\" data-dt-img-description=\"\" data-large_image_width=\"402\" data-large_image_height=\"604\"><img loading=\"lazy\" decoding=\"async\" class=\"size-medium wp-image-419602 alignleft\" src=\"https:\/\/www.radiopiu.net\/wordpress\/wp-content\/uploads\/2024\/11\/455240155_10226075975071888_9129546270403361456_n-200x300.jpg\" alt=\"\" width=\"200\" height=\"300\" srcset=\"https:\/\/www.radiopiu.net\/wordpress\/wp-content\/uploads\/2024\/11\/455240155_10226075975071888_9129546270403361456_n-200x300.jpg 200w, https:\/\/www.radiopiu.net\/wordpress\/wp-content\/uploads\/2024\/11\/455240155_10226075975071888_9129546270403361456_n.jpg 402w\" sizes=\"auto, (max-width: 200px) 100vw, 200px\" \/><\/a><strong><a class=\"dt-pswp-item\" href=\"https:\/\/www.radiopiu.net\/wordpress\/wp-content\/uploads\/2023\/04\/EUGENIO-BIEN.png\" data-dt-img-description=\"\" data-large_image_width=\"444\" data-large_image_height=\"344\"><img loading=\"lazy\" decoding=\"async\" class=\" wp-image-329977 alignleft\" src=\"https:\/\/www.radiopiu.net\/wordpress\/wp-content\/uploads\/2023\/04\/EUGENIO-BIEN-300x232.png\" alt=\"\" width=\"226\" height=\"175\" srcset=\"https:\/\/www.radiopiu.net\/wordpress\/wp-content\/uploads\/2023\/04\/EUGENIO-BIEN-300x232.png 300w, https:\/\/www.radiopiu.net\/wordpress\/wp-content\/uploads\/2023\/04\/EUGENIO-BIEN.png 444w\" sizes=\"auto, (max-width: 226px) 100vw, 226px\" \/><\/a><\/strong><\/p>\n<p>&nbsp;<\/p>\n<p>&nbsp;<\/p>\n<p>&nbsp;<\/p>\n<p>&nbsp;<\/p>\n<p>&nbsp;<\/p>\n<p>&nbsp;<\/p>\n<p>&nbsp;<\/p>\n<p>&nbsp;<\/p>\n<p>&nbsp;<\/p>\n<h2><\/h2>\n<p>&nbsp;<\/p>\n<p><a class=\"dt-pswp-item\" href=\"https:\/\/www.radiopiu.net\/wordpress\/wp-content\/uploads\/2024\/11\/manifesto-70-soccorso.jpg\" data-dt-img-description=\"\" data-large_image_width=\"800\" data-large_image_height=\"1131\"><img loading=\"lazy\" decoding=\"async\" class=\"wp-image-419153 aligncenter\" src=\"https:\/\/www.radiopiu.net\/wordpress\/wp-content\/uploads\/2024\/11\/manifesto-70-soccorso-724x1024.jpg\" alt=\"\" width=\"489\" height=\"692\" srcset=\"https:\/\/www.radiopiu.net\/wordpress\/wp-content\/uploads\/2024\/11\/manifesto-70-soccorso-724x1024.jpg 724w, https:\/\/www.radiopiu.net\/wordpress\/wp-content\/uploads\/2024\/11\/manifesto-70-soccorso-212x300.jpg 212w, https:\/\/www.radiopiu.net\/wordpress\/wp-content\/uploads\/2024\/11\/manifesto-70-soccorso-768x1086.jpg 768w, https:\/\/www.radiopiu.net\/wordpress\/wp-content\/uploads\/2024\/11\/manifesto-70-soccorso.jpg 800w\" sizes=\"auto, (max-width: 489px) 100vw, 489px\" \/><\/a><\/p>\n<p>&nbsp;<\/p>\n<p>&nbsp;<\/p>\n<hr \/>\n<p>&nbsp;<\/p>\n<blockquote>\n<h2>Concerto in memoria di Igor Roldo: solidariet\u00e0 e musica al Piccolo Teatro Pierobon<\/h2>\n<\/blockquote>\n<div class=\"flex-1 overflow-hidden\">\n<div class=\"h-full\">\n<div class=\"react-scroll-to-bottom--css-iaghl-79elbk h-full\">\n<div class=\"react-scroll-to-bottom--css-iaghl-1n7m0yu\">\n<div class=\"flex flex-col text-sm md:pb-9\">\n<article class=\"w-full scroll-mb-[var(--thread-trailing-height)] text-token-text-primary focus-visible:outline-2 focus-visible:outline-offset-[-4px]\" dir=\"auto\" data-testid=\"conversation-turn-27\" data-scroll-anchor=\"true\">\n<div class=\"m-auto text-base py-[18px] px-3 md:px-4 w-full md:px-5 lg:px-4 xl:px-5\">\n<div class=\"mx-auto flex flex-1 gap-4 text-base md:gap-5 lg:gap-6 md:max-w-3xl lg:max-w-[40rem] xl:max-w-[48rem]\">\n<div class=\"group\/conversation-turn relative flex w-full min-w-0 flex-col agent-turn\">\n<div class=\"flex-col gap-1 md:gap-3\">\n<div class=\"flex max-w-full flex-col flex-grow\">\n<div class=\"min-h-8 text-message flex w-full flex-col items-end gap-2 whitespace-normal break-words [.text-message+&amp;]:mt-5\" dir=\"auto\" data-message-author-role=\"assistant\" data-message-id=\"2f1985a1-38a8-441c-a356-ef2248e23e98\" data-message-model-slug=\"gpt-4o\">\n<div class=\"flex w-full flex-col gap-1 empty:hidden first:pt-[3px]\">\n<div class=\"markdown prose w-full break-words dark:prose-invert dark\">\n<p><strong><a class=\"dt-pswp-item\" href=\"https:\/\/www.radiopiu.net\/wordpress\/wp-content\/uploads\/2024\/11\/4-foto.jpg\" data-dt-img-description=\"\" data-large_image_width=\"1410\" data-large_image_height=\"1267\"><img loading=\"lazy\" decoding=\"async\" class=\"wp-image-419353 alignleft\" src=\"https:\/\/www.radiopiu.net\/wordpress\/wp-content\/uploads\/2024\/11\/4-foto-300x270.jpg\" alt=\"\" width=\"157\" height=\"141\" srcset=\"https:\/\/www.radiopiu.net\/wordpress\/wp-content\/uploads\/2024\/11\/4-foto-300x270.jpg 300w, https:\/\/www.radiopiu.net\/wordpress\/wp-content\/uploads\/2024\/11\/4-foto-1024x920.jpg 1024w, https:\/\/www.radiopiu.net\/wordpress\/wp-content\/uploads\/2024\/11\/4-foto-768x690.jpg 768w, https:\/\/www.radiopiu.net\/wordpress\/wp-content\/uploads\/2024\/11\/4-foto.jpg 1410w\" sizes=\"auto, (max-width: 157px) 100vw, 157px\" \/><\/a>PONTE NELLE ALPI<\/strong> Sabato 30 novembre, il Piccolo Teatro Pierobon ospiter\u00e0 un concerto in ricordo di Igor Roldo, scomparso un anno fa. Organizzato da WR Events e Comitato Pollicino, l&#8217;evento celebra la memoria di Roldo, 58 anni, noto dirigente del San Giorgio Calcio e ideatore del Festival musicale di Pian dei Castaldi. Considerato un talent scout, Roldo ha sempre supportato nuove formazioni musicali, promuovendo eventi per finanziare progetti solidali del Comitato Pollicino, dedicato ai bambini bisognosi di Petrosani, Romania. La serata sar\u00e0 animata dall\u2019Uncle Frank Project, composto da Franco De Poli, Alberto Mambrini, Andrea Cuzzuol e Mauro De Luca, noti per i loro concerti a scopo benefico. Sul palco, il quartetto racconter\u00e0 l\u2019evoluzione della chitarra attraverso diversi stili musicali, mostrando come questo strumento rimanga centrale nel sound moderno. Il concerto \u00e8 patrocinato dal Comune di Ponte nelle Alpi e prevede ingresso a offerta libera. Tutto il ricavato andr\u00e0 al Comitato Pollicino, proseguendo l\u2019impegno di Roldo nel coniugare musica e solidariet\u00e0.<\/p>\n<\/div>\n<\/div>\n<\/div>\n<\/div>\n<\/div>\n<\/div>\n<\/div>\n<\/div>\n<\/article>\n<\/div>\n<\/div>\n<\/div>\n<\/div>\n<\/div>\n<p>&nbsp;<\/p>\n<p>&nbsp;<\/p>\n<hr \/>\n<p>&nbsp;<\/p>\n<h2><span style=\"color: #ff0000;\"><a class=\"dt-pswp-item\" href=\"https:\/\/www.radiopiu.net\/wordpress\/wp-content\/uploads\/2018\/09\/appuntamenti.jpeg\" data-dt-img-description=\"\" data-large_image_width=\"800\" data-large_image_height=\"100\"><img loading=\"lazy\" decoding=\"async\" class=\"wp-image-61958 size-full aligncenter\" src=\"https:\/\/www.radiopiu.net\/wordpress\/wp-content\/uploads\/2018\/09\/appuntamenti.jpeg\" alt=\"\" width=\"800\" height=\"100\" srcset=\"https:\/\/www.radiopiu.net\/wordpress\/wp-content\/uploads\/2018\/09\/appuntamenti.jpeg 800w, https:\/\/www.radiopiu.net\/wordpress\/wp-content\/uploads\/2018\/09\/appuntamenti-300x38.jpeg 300w, https:\/\/www.radiopiu.net\/wordpress\/wp-content\/uploads\/2018\/09\/appuntamenti-768x96.jpeg 768w\" sizes=\"auto, (max-width: 800px) 100vw, 800px\" \/><\/a><\/span><\/h2>\n<p>&nbsp;<\/p>\n<div style=\"width: 1200px;\" class=\"wp-video\"><video class=\"wp-video-shortcode\" id=\"video-419952-3\" width=\"1200\" height=\"675\" preload=\"metadata\" controls=\"controls\"><source type=\"video\/mp4\" src=\"https:\/\/www.radiopiu.net\/wordpress\/wp-content\/uploads\/2024\/10\/WhatsApp-Video-2024-10-23-at-00.12.10.mp4?_=3\" \/><a href=\"https:\/\/www.radiopiu.net\/wordpress\/wp-content\/uploads\/2024\/10\/WhatsApp-Video-2024-10-23-at-00.12.10.mp4\">https:\/\/www.radiopiu.net\/wordpress\/wp-content\/uploads\/2024\/10\/WhatsApp-Video-2024-10-23-at-00.12.10.mp4<\/a><\/video><\/div>\n<p><strong>\u00a0<\/strong><\/p>\n<p>&nbsp;<\/p>\n<div class=\"flex-shrink-0 flex flex-col relative items-end\">\n<div class=\"pt-0\">\n<div class=\"gizmo-bot-avatar flex h-8 w-8 items-center justify-center overflow-hidden rounded-full\">\n<p class=\"relative p-1 rounded-sm flex items-center justify-center bg-token-main-surface-primary text-token-text-primary h-8 w-8\"><strong>CANALE D&#8217;AGORDO <\/strong>Jazzercise \u00e8 un allenamento ad alta intensit\u00e0 che combina danza, pilates, yoga e kickboxing, adatto a tutti i livelli di fitness. \u00c8 efficace per tonificare i muscoli, migliorare la postura e ottenere un fisico snello. Nell&#8217;Agordino, le lezioni si tengono a Canale d&#8217;Agordo, nella sala ex emigranti di via Lotta, il luned\u00ec dalle 18:15 alle 19:15 e il mercoled\u00ec dalle 18:30 alle 19:30. L&#8217;istruttrice certificata RaLuca ti aspetta per un allenamento coinvolgente al ritmo di musica attuale. Per informazioni: 347 9295478<\/p>\n<\/div>\n<\/div>\n<\/div>\n<p><strong>FALCADE<\/strong> Le cena della classe 1974 dei coscritti dell&#8217;<strong>Agordino<\/strong> si terr\u00e0\u00a0 sabato 30 novembre\u00a0 a Falcade, Hotel Stella Alpina. La cena e&#8217; aperta ai nati nel 1974 nei 16 comuni dell&#8217;Agordino, e sara&#8217; un&#8217;occasione di ritrovo,\u00a0 dopo tanto tempo e festeggiare il mezzo secolo.Info\u00a0 3478120853<\/p>\n<p>&nbsp;<\/p>\n<p>&nbsp;<\/p>\n<div>\n<div class=\"\" dir=\"auto\">\n<div id=\":r9h:\" class=\"x1iorvi4 x1pi30zi x1l90r2v x1swvt13\" data-ad-comet-preview=\"message\" data-ad-preview=\"message\">\n\n\t\t\t<style type='text\/css'>\n\t\t\t\t#gallery-6 {\n\t\t\t\t\tmargin: auto;\n\t\t\t\t}\n\t\t\t\t#gallery-6 .gallery-item {\n\t\t\t\t\tfloat: left;\n\t\t\t\t\tmargin-top: 10px;\n\t\t\t\t\ttext-align: center;\n\t\t\t\t\twidth: 25%;\n\t\t\t\t}\n\t\t\t\t#gallery-6 img {\n\t\t\t\t\tborder: 2px solid #cfcfcf;\n\t\t\t\t}\n\t\t\t\t#gallery-6 .gallery-caption {\n\t\t\t\t\tmargin-left: 0;\n\t\t\t\t}\n\t\t\t\t\/* see gallery_shortcode() in wp-includes\/media.php *\/\n\t\t\t<\/style>\n\t\t<div id='gallery-6' class='dt-gallery-container gallery galleryid-419952 gallery-columns-4 gallery-size-thumbnail'><dl class='gallery-item'>\n\t\t\t\t<dt class='gallery-icon portrait'>\n\t\t\t\t\t<a class=\"rollover rollover-zoom dt-pswp-item\" title=\"967a322c-9996-42d7-af75-662ca7d89e84\" data-dt-img-description=\"\" data-large_image_width=\"1080\" data-large_image_height=\"1519\"href='https:\/\/www.radiopiu.net\/wordpress\/wp-content\/uploads\/2024\/10\/967a322c-9996-42d7-af75-662ca7d89e84-1.jpg'><img loading=\"lazy\" decoding=\"async\" width=\"150\" height=\"150\" src=\"https:\/\/www.radiopiu.net\/wordpress\/wp-content\/uploads\/2024\/10\/967a322c-9996-42d7-af75-662ca7d89e84-1-150x150.jpg\" class=\"attachment-thumbnail size-thumbnail\" alt=\"\" aria-describedby=\"gallery-6-413698\" \/><\/a>\n\t\t\t\t<\/dt>\n\t\t\t\t\t<dd class='wp-caption-text gallery-caption' id='gallery-6-413698'>\n\t\t\t\t\tDOMANI\n\t\t\t\t\t<\/dd><\/dl><dl class='gallery-item'>\n\t\t\t\t<dt class='gallery-icon portrait'>\n\t\t\t\t\t<a class=\"rollover rollover-zoom dt-pswp-item\" title=\"manifesto serate invernali\" data-dt-img-description=\"\" data-large_image_width=\"1683\" data-large_image_height=\"2383\"href='https:\/\/www.radiopiu.net\/wordpress\/wp-content\/uploads\/2024\/11\/manifesto-serate-invernali.jpg'><img loading=\"lazy\" decoding=\"async\" width=\"150\" height=\"150\" src=\"https:\/\/www.radiopiu.net\/wordpress\/wp-content\/uploads\/2024\/11\/manifesto-serate-invernali-150x150.jpg\" class=\"attachment-thumbnail size-thumbnail\" alt=\"\" aria-describedby=\"gallery-6-418816\" \/><\/a>\n\t\t\t\t<\/dt>\n\t\t\t\t\t<dd class='wp-caption-text gallery-caption' id='gallery-6-418816'>\n\t\t\t\t\t21 FEBBRAIO\n\t\t\t\t\t<\/dd><\/dl><dl class='gallery-item'>\n\t\t\t\t<dt class='gallery-icon portrait'>\n\t\t\t\t\t<a class=\"rollover rollover-zoom dt-pswp-item\" title=\"PL_Sosp_A4_CENE\" data-dt-img-description=\"\" data-large_image_width=\"992\" data-large_image_height=\"1403\"href='https:\/\/www.radiopiu.net\/wordpress\/wp-content\/uploads\/2024\/11\/PL_Sosp_A4_CENE.jpg'><img loading=\"lazy\" decoding=\"async\" width=\"150\" height=\"150\" src=\"https:\/\/www.radiopiu.net\/wordpress\/wp-content\/uploads\/2024\/11\/PL_Sosp_A4_CENE-150x150.jpg\" class=\"attachment-thumbnail size-thumbnail\" alt=\"\" aria-describedby=\"gallery-6-419072\" \/><\/a>\n\t\t\t\t<\/dt>\n\t\t\t\t\t<dd class='wp-caption-text gallery-caption' id='gallery-6-419072'>\n\t\t\t\t\tCON LA PRO LOCO MONTI DEL SOLE\n\t\t\t\t\t<\/dd><\/dl><dl class='gallery-item'>\n\t\t\t\t<dt class='gallery-icon portrait'>\n\t\t\t\t\t<a class=\"rollover rollover-zoom dt-pswp-item\" title=\"4448afab-7b66-4760-8c53-e411b845306d\" data-dt-img-description=\"\" data-large_image_width=\"1144\" data-large_image_height=\"1600\"href='https:\/\/www.radiopiu.net\/wordpress\/wp-content\/uploads\/2024\/11\/4448afab-7b66-4760-8c53-e411b845306d.jpg'><img loading=\"lazy\" decoding=\"async\" width=\"150\" height=\"150\" src=\"https:\/\/www.radiopiu.net\/wordpress\/wp-content\/uploads\/2024\/11\/4448afab-7b66-4760-8c53-e411b845306d-150x150.jpg\" class=\"attachment-thumbnail size-thumbnail\" alt=\"\" aria-describedby=\"gallery-6-419621\" \/><\/a>\n\t\t\t\t<\/dt>\n\t\t\t\t\t<dd class='wp-caption-text gallery-caption' id='gallery-6-419621'>\n\t\t\t\t\tIL FINE SETTIMANA A CAVIOLA\n\t\t\t\t\t<\/dd><\/dl><br style=\"clear: both\" \/><dl class='gallery-item'>\n\t\t\t\t<dt class='gallery-icon portrait'>\n\t\t\t\t\t<a class=\"rollover rollover-zoom dt-pswp-item\" title=\"formula_3_loc\" data-dt-img-description=\"\" data-large_image_width=\"600\" data-large_image_height=\"821\"href='https:\/\/www.radiopiu.net\/wordpress\/wp-content\/uploads\/2024\/11\/formula_3_loc.jpg'><img loading=\"lazy\" decoding=\"async\" width=\"150\" height=\"150\" src=\"https:\/\/www.radiopiu.net\/wordpress\/wp-content\/uploads\/2024\/11\/formula_3_loc-150x150.jpg\" class=\"attachment-thumbnail size-thumbnail\" alt=\"\" aria-describedby=\"gallery-6-419609\" \/><\/a>\n\t\t\t\t<\/dt>\n\t\t\t\t\t<dd class='wp-caption-text gallery-caption' id='gallery-6-419609'>\n\t\t\t\t\tI FORMULA 3 A BELLUNO\n\t\t\t\t\t<\/dd><\/dl><dl class='gallery-item'>\n\t\t\t\t<dt class='gallery-icon portrait'>\n\t\t\t\t\t<a class=\"rollover rollover-zoom dt-pswp-item\" title=\"Ciao Igor copia\" data-dt-img-description=\"\" data-large_image_width=\"453\" data-large_image_height=\"640\"href='https:\/\/www.radiopiu.net\/wordpress\/wp-content\/uploads\/2024\/11\/Ciao-Igor-copia.jpeg'><img loading=\"lazy\" decoding=\"async\" width=\"150\" height=\"150\" src=\"https:\/\/www.radiopiu.net\/wordpress\/wp-content\/uploads\/2024\/11\/Ciao-Igor-copia-150x150.jpeg\" class=\"attachment-thumbnail size-thumbnail\" alt=\"\" aria-describedby=\"gallery-6-419352\" \/><\/a>\n\t\t\t\t<\/dt>\n\t\t\t\t\t<dd class='wp-caption-text gallery-caption' id='gallery-6-419352'>\n\t\t\t\t\tIN MEMORIA DI IGOR\n\t\t\t\t\t<\/dd><\/dl>\n\t\t\t\t<br style='clear: both' \/>\n\t\t\t<\/div>\n\n<\/div>\n<\/div>\n<\/div>\n<p>&nbsp;<\/p>\n<hr \/>\n<p>&nbsp;<\/p>\n<p class=\"mceTemp\"><a class=\"dt-pswp-item\" href=\"https:\/\/www.radiopiu.net\/wordpress\/wp-content\/uploads\/2018\/09\/WhatsApp-Image-2018-09-20-at-16.04.06.jpeg\" data-dt-img-description=\"\" data-large_image_width=\"800\" data-large_image_height=\"100\"><img loading=\"lazy\" decoding=\"async\" class=\"wp-image-61378 size-full aligncenter\" src=\"https:\/\/www.radiopiu.net\/wordpress\/wp-content\/uploads\/2018\/09\/WhatsApp-Image-2018-09-20-at-16.04.06.jpeg\" alt=\"\" width=\"800\" height=\"100\" srcset=\"https:\/\/www.radiopiu.net\/wordpress\/wp-content\/uploads\/2018\/09\/WhatsApp-Image-2018-09-20-at-16.04.06.jpeg 800w, https:\/\/www.radiopiu.net\/wordpress\/wp-content\/uploads\/2018\/09\/WhatsApp-Image-2018-09-20-at-16.04.06-300x38.jpeg 300w, https:\/\/www.radiopiu.net\/wordpress\/wp-content\/uploads\/2018\/09\/WhatsApp-Image-2018-09-20-at-16.04.06-768x96.jpeg 768w\" sizes=\"auto, (max-width: 800px) 100vw, 800px\" \/><\/a><\/p>\n<p><center><\/center><center><\/center><center><b>\u00a0<\/b><\/center><center><b>OGGI<\/b><\/center>Al mattino sole e cielo in parte velato da sottili nubi alte. Al pomeriggio identica situazione iniziale, per\u00f2 ci sar\u00e0 una lieve intensificazione della nuvolosit\u00e0 alta per cirrostrati a partire dalla Prealpi occidentali, in estensione al resto dei monti veneti entro la sera.<br \/>\n<b>Precipitazioni: <\/b>Assenti (0%).<br \/>\n<b>Temperature: <\/b>In generale leggera diminuzione, salvo stazionariet\u00e0 delle minime nei fondovalle, con riduzione dell&#8217;inversione termica. Le gelate notturne saranno generalizzate, anche nei fondovalle prealpini.<\/p>\n<hr \/>\n<p><center><b>DOMANI<\/b><\/center>Cielo in prevalenza nuvoloso con qualche limitata chance di schiarite. In questo contesto pi\u00f9 umido e pi\u00f9 fresco qualche debole e sporadico fenomeno intermittente potr\u00e0 verificarsi, gi\u00e0 in giornata, ma sopratutto alla sera, anche se non ovunque.<br \/>\n<b>Precipitazioni: <\/b>Probabilit\u00e0 media di sporadici e debolissime precipitazioni intermittenti in giornata, spesso per burrasche di neve sulle cime, mentre la probabilit\u00e0 di fenomeni sar\u00e0 minore nelle valli. Alla sera crescente probabilit\u00e0 di fenomeni, sempre debolissimi. Il limite neve sar\u00e0 attorno a 1700-1800 m in giornata e si abbasser\u00e0 fino a 1300-1500 m in serata sulle Dolomiti<br \/>\n<b>Temperature: <\/b>Senza notevoli variazioni sopra i 2200-2400 m, mentre le minime saliranno e le massime diminuiranno sotto tali quote.<\/p>\n<hr \/>\n<p><center><b>MERCOLEDI<\/b><\/center>Nottetempo lieve e breve episodio pluvio-nevoso con limite neve a 1100-1200 m sulle Dolomiti, mentre lo stesso episodio sar\u00e0 pi\u00f9 tenue sulle Prealpi con limite neve a 1300-1500 m. Dal primo mattino netto miglioramento del tempo ovunque, salvo qualche irregolare addensamento sulle Dolomiti pi\u00f9 settentrionali. Temperature in generale sensibile diminuzione, pi\u00f9 marcata in alta quota che non nelle valli, specie in quelle interessate dalle condizioni di Foehn. \u00ec.<\/p>\n<hr \/>\n<p><center><b>GIOVEDI<\/b><\/center>Sole e primi annuvolamenti al mattino, poi aumento della nuvolosit\u00e0 fino a cielo coperto nel corso del pomeriggio, prima che il tempo peggiori leggermente in tarda serata con prime deboli precipitazioni, nevose fino a fondovalle sulle Dolomiti e a 400-600 m sulle Prealpi. Temperature in ulteriore lieve diminuzione, quasi invernali.<\/p>\n<p>&nbsp;<\/p>\n<p>&nbsp;<\/p>\n<hr \/>\n<p>&nbsp;<\/p>\n<p>&nbsp;<\/p>\n<p class=\"mceTemp\"><a class=\"dt-pswp-item\" href=\"https:\/\/www.radiopiu.net\/wordpress\/wp-content\/uploads\/2018\/09\/sport.jpg\" data-dt-img-description=\"\" data-large_image_width=\"800\" data-large_image_height=\"100\"><img loading=\"lazy\" decoding=\"async\" class=\"aligncenter wp-image-60761 size-full\" src=\"https:\/\/www.radiopiu.net\/wordpress\/wp-content\/uploads\/2018\/09\/sport.jpg\" alt=\"\" width=\"800\" height=\"100\" srcset=\"https:\/\/www.radiopiu.net\/wordpress\/wp-content\/uploads\/2018\/09\/sport.jpg 800w, https:\/\/www.radiopiu.net\/wordpress\/wp-content\/uploads\/2018\/09\/sport-300x38.jpg 300w, https:\/\/www.radiopiu.net\/wordpress\/wp-content\/uploads\/2018\/09\/sport-768x96.jpg 768w\" sizes=\"auto, (max-width: 800px) 100vw, 800px\" \/><\/a><span style=\"color: #0000ff;\"><strong>\u00a0 \u00a0 \u00a0 \u00a0 \u00a0\u00a0<\/strong><\/span><\/p>\n<p><span style=\"color: #0000ff;\"><strong>HOCKEY SU GHIACCIO<\/strong><\/span><\/p>\n<blockquote>\n<h3>IL CALDARO ESPUGNA IL DE TONI DI ALLEGHE. IL FELTRE VINCE A CAVALESE<\/h3>\n<\/blockquote>\n<p><strong>DI MARCO GAZ<\/strong><\/p>\n<p><span style=\"color: #ff0000;\"><strong>IHL \u2013 14\u00b0 GIORNATA<\/strong><\/span><\/p>\n<p><strong>ALLEGHE \u2013 CALDARO 2-4<\/strong><\/p>\n<p>PARZIALI: 0-2, 1-0, \u00a01-2<\/p>\n<p>GOL: pt. 12\u201916\u201d e 17\u201910\u201d Siiki. st. 12\u201931\u201d Makela. tt. 5\u201907\u201d Soleva, 6\u201926\u201d Sopplesa, 18\u201956\u201dSiiki<\/p>\n<p>Una sconfitta a testa alta per l\u2019Alleghe che tiene testa alla capolista Caldaro per tutti i 60\u2019 di gara. Una gara combattuta con tanti cambi di fronte. Gli altoatesini passano in doppio vantaggio nella prima frazione poi i biancorossi reagiscono mettendo in dubbio il risultato pi\u00f9 volte. Ora gli agordini rispetteranno il turno di riposo gioved\u00ec sera e ritorneranno in campo sabato al de Toni di Alleghe per affrontare il Pergine.\u00a0 Primi minuti di gara con gli altoatesini che si fanno pericolosi pi\u00f9 volte. L\u2019Alleghe \u00e8 costretto a difendersi ma prova a colpire in contropiede ma non riesce a sbloccare l\u2019incontro con Moberg. Si scaldano gli animi e a pagarne le spese sono le civette. Una doppia penalit\u00e0 per Angoletta regala il gol del vantaggio ai lucci. Raddoppio che arriva a 3\u2019 dal termine con Siiki che mette la firma sulla doppietta personale. Il secondo drittel inizia con i biancorossi in doppia inferiorit\u00e0 numerica che viene superata bene dagli alleghesi. I lucci continuano a tenere in mano la partita impensierendo pi\u00f9 volte la difesa agordina. Alleghe che accorcia le distanze con un\u2019azione solitaria di Makela che a tu per tu con il portiere avversario non sbaglia. Poco dopo ci prova anche Alessio e per poco non trova il gol del pareggio. Terza frazione con le civette indiavolate alla ricerca della rete del pareggio. Il caldaro non \u00e8 da meno ma De Nardin salva il risultato. Il portiere alleghese per\u00f2 si fa sorprendere poco dopo da una conclusione di Soleva. La risposta dei biancorossi non si fa attendere che accorciano di nuovo le distanze con Soppelsa in powerplay. Ci prendono gusto gli agordini che continuano a premere. Anche i lucci non stanno a guardare e ma subiscono le incursioni avversarie, soprattutto in inferiorit\u00e0 numerica. Nel finale di gara l\u2019allenatore alleghese decide di giocare la carta dell\u2019uomo di movimento in pi\u00f9 alla ricerca del pareggio. E\u2019 un assedio dell\u2019Alleghe che per\u00f2 non riesce a portare all\u2019overtime la sfida. A pochi secondi dal termine il Caldaro chiude la sfida.<\/p>\n<p><strong>LE FOTO DI MATTEO FLORIDIA<\/strong><\/p>\n\n\t\t\t<style type='text\/css'>\n\t\t\t\t#gallery-7 {\n\t\t\t\t\tmargin: auto;\n\t\t\t\t}\n\t\t\t\t#gallery-7 .gallery-item {\n\t\t\t\t\tfloat: left;\n\t\t\t\t\tmargin-top: 10px;\n\t\t\t\t\ttext-align: center;\n\t\t\t\t\twidth: 20%;\n\t\t\t\t}\n\t\t\t\t#gallery-7 img {\n\t\t\t\t\tborder: 2px solid #cfcfcf;\n\t\t\t\t}\n\t\t\t\t#gallery-7 .gallery-caption {\n\t\t\t\t\tmargin-left: 0;\n\t\t\t\t}\n\t\t\t\t\/* see gallery_shortcode() in wp-includes\/media.php *\/\n\t\t\t<\/style>\n\t\t<div id='gallery-7' class='dt-gallery-container gallery galleryid-419952 gallery-columns-5 gallery-size-thumbnail'><dl class='gallery-item'>\n\t\t\t\t<dt class='gallery-icon landscape'>\n\t\t\t\t\t<a class=\"rollover rollover-zoom dt-pswp-item\" title=\"D3S_9038\" data-dt-img-description=\"\" data-large_image_width=\"2000\" data-large_image_height=\"1331\"href='https:\/\/www.radiopiu.net\/wordpress\/wp-content\/uploads\/2024\/11\/D3S_9038.jpg'><img loading=\"lazy\" decoding=\"async\" width=\"150\" height=\"150\" src=\"https:\/\/www.radiopiu.net\/wordpress\/wp-content\/uploads\/2024\/11\/D3S_9038-150x150.jpg\" class=\"attachment-thumbnail size-thumbnail\" alt=\"\" \/><\/a>\n\t\t\t\t<\/dt><\/dl><dl class='gallery-item'>\n\t\t\t\t<dt class='gallery-icon landscape'>\n\t\t\t\t\t<a class=\"rollover rollover-zoom dt-pswp-item\" title=\"D3S_9062\" data-dt-img-description=\"\" data-large_image_width=\"2000\" data-large_image_height=\"1331\"href='https:\/\/www.radiopiu.net\/wordpress\/wp-content\/uploads\/2024\/11\/D3S_9062.jpg'><img loading=\"lazy\" decoding=\"async\" width=\"150\" height=\"150\" src=\"https:\/\/www.radiopiu.net\/wordpress\/wp-content\/uploads\/2024\/11\/D3S_9062-150x150.jpg\" class=\"attachment-thumbnail size-thumbnail\" alt=\"\" \/><\/a>\n\t\t\t\t<\/dt><\/dl><dl class='gallery-item'>\n\t\t\t\t<dt class='gallery-icon landscape'>\n\t\t\t\t\t<a class=\"rollover rollover-zoom dt-pswp-item\" title=\"D3S_9092\" data-dt-img-description=\"\" data-large_image_width=\"2000\" data-large_image_height=\"1331\"href='https:\/\/www.radiopiu.net\/wordpress\/wp-content\/uploads\/2024\/11\/D3S_9092.jpg'><img loading=\"lazy\" decoding=\"async\" width=\"150\" height=\"150\" src=\"https:\/\/www.radiopiu.net\/wordpress\/wp-content\/uploads\/2024\/11\/D3S_9092-150x150.jpg\" class=\"attachment-thumbnail size-thumbnail\" alt=\"\" \/><\/a>\n\t\t\t\t<\/dt><\/dl><dl class='gallery-item'>\n\t\t\t\t<dt class='gallery-icon landscape'>\n\t\t\t\t\t<a class=\"rollover rollover-zoom dt-pswp-item\" title=\"D3S_9205\" data-dt-img-description=\"\" data-large_image_width=\"2000\" data-large_image_height=\"1457\"href='https:\/\/www.radiopiu.net\/wordpress\/wp-content\/uploads\/2024\/11\/D3S_9205.jpg'><img loading=\"lazy\" decoding=\"async\" width=\"150\" height=\"150\" src=\"https:\/\/www.radiopiu.net\/wordpress\/wp-content\/uploads\/2024\/11\/D3S_9205-150x150.jpg\" class=\"attachment-thumbnail size-thumbnail\" alt=\"\" \/><\/a>\n\t\t\t\t<\/dt><\/dl><dl class='gallery-item'>\n\t\t\t\t<dt class='gallery-icon landscape'>\n\t\t\t\t\t<a class=\"rollover rollover-zoom dt-pswp-item\" title=\"D3S_9244\" data-dt-img-description=\"\" data-large_image_width=\"2000\" data-large_image_height=\"1369\"href='https:\/\/www.radiopiu.net\/wordpress\/wp-content\/uploads\/2024\/11\/D3S_9244.jpg'><img loading=\"lazy\" decoding=\"async\" width=\"150\" height=\"150\" src=\"https:\/\/www.radiopiu.net\/wordpress\/wp-content\/uploads\/2024\/11\/D3S_9244-150x150.jpg\" class=\"attachment-thumbnail size-thumbnail\" alt=\"\" \/><\/a>\n\t\t\t\t<\/dt><\/dl><br style=\"clear: both\" \/>\n\t\t\t<\/div>\n\n<p>&nbsp;<\/p>\n<p><strong>FIEMME \u2013 FELTRE 3-6<\/strong><\/p>\n<p>PARZIALI: 1-1, 2-3, 0-2<\/p>\n<p>GOL: pt. 13\u201909\u201d Nicolao, 17\u201949\u201d Voulfson. st. 6\u201926\u201d e 13\u201924\u201d \u00a0Foltin, 6\u201951\u201d Tomi, 10\u201934\u201d Atamanchuk, 12\u201922\u201d Nicolao. tt. 11\u201909\u201d Foltin, 18\u201954\u201d Kadlec<\/p>\n<p>Il Feltre inizia il girone di ritorno della IHL con una bella vittoria. Bella prestazione dei picchi a cavalese che, dopo un inizio difficile, riescono a reagire e portare a casa 3 punti importanti per la classifica.<\/p>\n<p>Prima frazione di gara di stampa feltrina. I picchi tirano tanto in porta ma subiscono il gol dei trentini con Nicolao. La reazione del Feltre non si fa attendere e Voulfson pareggia i conti a 2\u2019 dal termine della prima frazione. I picchi spingono anche nel secondo tempo portandosi in vantaggio con Foltin. Ma \u00e8 un botta e risposta tra le due formazioni con il Femme che pareggia, ospiti di nuovo avanti e padroni di casa che pareggiano di nuovo i conti. Foltin per\u00f2 \u00e8 pi\u00f9 abile e il Feltre si porta ancora avanti. Nel terzo drittel il Feltre continua a preme alla ricerca del gol della tranquillit\u00e0 che arriva a 9\u2019 dal termine con Foltin. A chiudere definitivamente la contesa ci pensa Kadlec che assicura i 3 punti ai picchi.<\/p>\n<p>&nbsp;<\/p>\n<p><span style=\"color: #0000ff;\"><strong>CALCIO<\/strong><\/span><\/p>\n<blockquote>\n<h3>ANCORA UNA SCONFITTA PER L&#8217;AGORDINA CHE CROLLA CON LA LAMONESE<\/h3>\n<\/blockquote>\n<p><strong><a class=\"dt-pswp-item\" href=\"https:\/\/www.radiopiu.net\/wordpress\/wp-content\/uploads\/2018\/12\/CALCIO-VINTAGE.jpg\" data-dt-img-description=\"\" data-large_image_width=\"800\" data-large_image_height=\"500\"><img loading=\"lazy\" decoding=\"async\" class=\" wp-image-69635 alignleft\" src=\"https:\/\/www.radiopiu.net\/wordpress\/wp-content\/uploads\/2018\/12\/CALCIO-VINTAGE-300x188.jpg\" alt=\"\" width=\"163\" height=\"102\" srcset=\"https:\/\/www.radiopiu.net\/wordpress\/wp-content\/uploads\/2018\/12\/CALCIO-VINTAGE-300x188.jpg 300w, https:\/\/www.radiopiu.net\/wordpress\/wp-content\/uploads\/2018\/12\/CALCIO-VINTAGE-768x480.jpg 768w, https:\/\/www.radiopiu.net\/wordpress\/wp-content\/uploads\/2018\/12\/CALCIO-VINTAGE.jpg 800w\" sizes=\"auto, (max-width: 163px) 100vw, 163px\" \/><\/a>DI MARCO GAZ<\/strong><\/p>\n<p><span style=\"color: #ff0000;\"><strong>TERZA CATEGORIA<\/strong><\/span><\/p>\n<p><strong>LAMONESE \u2013 AGORDINA 2-0<\/strong><\/p>\n<p>Ancora una sconfitta per l\u2019Agordina di Elvio Chiea che esce da una buona prestazione contro la Lamonese ma senza riuscire a segnare. Eppure, le occasioni per la squadra di Agordo sono arrivate ma la compagine di Lamon \u00e8 riuscita ad essere pi\u00f9 cinica sotto porta e portare a casa il risultato pieno. Padroni di casa che giocano meglio nella prima frazione portandosi in vantaggio. Nel secondo tempo l\u2019Agordina reagisce. La Lamonese trova il secondo gol della giornata mentre i ragazzi di Agordo si devono accontentare di palo colpito da Fersuoch. Terza sconfitta consecutiva e 9 punti in classifica per gli agordini che a partire dalla prossima settimana dovranno fare le cose sul serio. Domenica all\u2019Ivano Dorigo di Agordo arriva il Cortina.<\/p>\n<p><strong>LA CLASSIFICA:<\/strong> Alpes Cesio 22, Fortogna e Auronzo 19, Fulgor Farra e Tambre 17, Piave 16, Lamonese 14, Dynamo Vellai 13, Valzoldana e Cortina 12, Agordina 9, Bellunese Calcio 4, Cadore 3, Valboite 1<\/p>\n<p><span style=\"color: #008000;\"><strong>GIOVANILI AGORDINA<\/strong><\/span><\/p>\n<p><span style=\"color: #ff0000;\"><strong>JUNIORES<\/strong><\/span><\/p>\n<p><strong>PLAVIS \u2013 AGORDINA 1-1<\/strong><\/p>\n<p>Botta e risposta nei primi minuti della ripresa tra Plavis e Agordina, che chiudono sull\u20191-1 la sfida sul sintetico di Santa Giustina. I padroni di casa passano in vantaggio al 2\u2019 del secondo tempo, ma cinque minuti dopo arriva la risposta degli ospiti con Carlin, autore di una splendida conclusione di collo pieno che si insacca sul secondo palo. Un risultato equilibrato che rispecchia l\u2019andamento della gara.<\/p>\n<p><span style=\"color: #ff0000;\"><strong>ALLIEVI<\/strong><\/span><\/p>\n<p><strong>AGORDINA \u2013 PLAVIS 2-1<\/strong><\/p>\n<p>L&#8217;Agordina conquista una sofferta vittoria per 2-1 contro la Plavis. La partita si sblocca all&#8217;11&#8217; con Soccol, bravo a finalizzare un assist di De Col. La Plavis pareggia al 20&#8242; con un gol fortunoso di Decima, sfruttando un&#8217;incertezza difensiva avversaria. Nel secondo tempo, al 56&#8242;, l&#8217;Agordina torna avanti grazie a un&#8217;azione di Soccol, che supera un difensore e segna di sinistro dopo un assist di Mezzacasa. Nonostante la pressione finale della Plavis, l&#8217;Agordina si difende con ordine e porta a casa i tre punti.<\/p>\n<p><span style=\"color: #ff0000;\"><strong>GIOVANISSIMI<\/strong><\/span><\/p>\n<p><strong>PARTITE RINVIATE PER LUTTO<\/strong><\/p>\n<p>&nbsp;<\/p>\n<blockquote class=\"wp-embedded-content\" data-secret=\"Gqg9C7ctvI\"><p><a href=\"https:\/\/www.radiopiu.net\/wordpress\/agordina-in-prima-linea-ogni-domenica-su-radio-piu-il-podcast\/\">AGORDINA IN PRIMA LINEA, OGNI DOMENICA SU RADIO PIU&#8217; &#8211; IL PODCAST<\/a><\/p><\/blockquote>\n<p><iframe loading=\"lazy\" class=\"wp-embedded-content\" sandbox=\"allow-scripts\" security=\"restricted\" style=\"position: absolute; visibility: hidden;\" title=\"&#8220;AGORDINA IN PRIMA LINEA, OGNI DOMENICA SU RADIO PIU&#8217; &#8211; IL PODCAST&#8221; &#8212; Radio Pi\u00f9\" src=\"https:\/\/www.radiopiu.net\/wordpress\/agordina-in-prima-linea-ogni-domenica-su-radio-piu-il-podcast\/embed\/#?secret=PGQnlxKKAu#?secret=Gqg9C7ctvI\" data-secret=\"Gqg9C7ctvI\" width=\"600\" height=\"338\" frameborder=\"0\" marginwidth=\"0\" marginheight=\"0\" scrolling=\"no\"><\/iframe><\/p>\n<p>&nbsp;<\/p>\n<p><span style=\"color: #0000ff;\"><strong>PALLAVOLO<\/strong><\/span><\/p>\n<blockquote>\n<h3>ANCORA UNA SCONFITTA AL TIE BREAK PER LA SB VOLLEY<\/h3>\n<\/blockquote>\n<p><b><a class=\"dt-pswp-item\" href=\"https:\/\/www.radiopiu.net\/wordpress\/wp-content\/uploads\/2024\/11\/Elena_Barp_sotto_rete.jpg\" data-dt-img-description=\"\" data-large_image_width=\"1152\" data-large_image_height=\"679\"><img loading=\"lazy\" decoding=\"async\" class=\" wp-image-420048 alignleft\" src=\"https:\/\/www.radiopiu.net\/wordpress\/wp-content\/uploads\/2024\/11\/Elena_Barp_sotto_rete-300x177.jpg\" alt=\"\" width=\"215\" height=\"127\" srcset=\"https:\/\/www.radiopiu.net\/wordpress\/wp-content\/uploads\/2024\/11\/Elena_Barp_sotto_rete-300x177.jpg 300w, https:\/\/www.radiopiu.net\/wordpress\/wp-content\/uploads\/2024\/11\/Elena_Barp_sotto_rete-1024x604.jpg 1024w, https:\/\/www.radiopiu.net\/wordpress\/wp-content\/uploads\/2024\/11\/Elena_Barp_sotto_rete-768x453.jpg 768w, https:\/\/www.radiopiu.net\/wordpress\/wp-content\/uploads\/2024\/11\/Elena_Barp_sotto_rete.jpg 1152w\" sizes=\"auto, (max-width: 215px) 100vw, 215px\" \/><\/a>PALLAVOLO LOCARA-SB VOLLEY 3-2 (<\/b><strong>15-25, 21-25, 25-18, 25-18, 15-10)<\/strong><\/p>\n<p>La SB Volley subisce un&#8217;altra rimonta in campionato di Serie C. Dopo un avvio brillante contro la Pallavolo Locara, con due set giocati in maniera impeccabile, il gruppo guidato da Josh De Salvador cede al tie-break. Nonostante l&#8217;assenza del libero Degortes e un avvio promettente, la squadra cala progressivamente in attacco, segnando solo 7 punti nel terzo set e subendo un parziale di 8-0 nel quarto. La reazione lucida delle avversarie, guidate dall&#8217;ex Sara Ingrosso, porta al sorpasso definitivo. Il DS Casanova riconosce la qualit\u00e0 del Locara ma sottolinea la mancanza di &#8220;cattiveria agonistica&#8221; nei momenti decisivi. La SB Volley guadagna un punto in classifica, ma la &#8220;maledizione della rimonta&#8221; continua.<\/p>\n<p>&nbsp;<\/p>\n<p><span style=\"color: #0000ff;\"><strong>DANZA<\/strong><\/span><\/p>\n<blockquote>\n<h3>L&#8217;ASSOCIAZIONE DANZA AGORDINA AL VENETO DANCE AWARD<\/h3>\n<\/blockquote>\n<p><strong>MESTRE <\/strong>Grande successo per l\u2019Associazione Danza Agordina nella prima uscita dell\u2019anno. I giovani ballerini e ballerine del gruppo Hip Hop 2 si sono recati a Mestre per partecipare al <em>Veneto Dance Award Winter Edition<\/em> e hanno conquistato il primo posto nella categoria Hip Hop Giovanissimi. La coreografia <em>&#8220;Essere gentili&#8221;<\/em>, ideata da Fabiola Prompicai, ha conquistato pubblico e giuria grazie alla sua energia e al messaggio positivo trasmesso dai giovani danzatori. Un inizio di stagione che promette grandi soddisfazioni per il gruppo e per l\u2019intera associazione.<\/p>\n<p>&nbsp;<\/p>\n\n\t\t\t<style type='text\/css'>\n\t\t\t\t#gallery-8 {\n\t\t\t\t\tmargin: auto;\n\t\t\t\t}\n\t\t\t\t#gallery-8 .gallery-item {\n\t\t\t\t\tfloat: left;\n\t\t\t\t\tmargin-top: 10px;\n\t\t\t\t\ttext-align: center;\n\t\t\t\t\twidth: 25%;\n\t\t\t\t}\n\t\t\t\t#gallery-8 img {\n\t\t\t\t\tborder: 2px solid #cfcfcf;\n\t\t\t\t}\n\t\t\t\t#gallery-8 .gallery-caption {\n\t\t\t\t\tmargin-left: 0;\n\t\t\t\t}\n\t\t\t\t\/* see gallery_shortcode() in wp-includes\/media.php *\/\n\t\t\t<\/style>\n\t\t<div id='gallery-8' class='dt-gallery-container gallery galleryid-419952 gallery-columns-4 gallery-size-thumbnail'><dl class='gallery-item'>\n\t\t\t\t<dt class='gallery-icon portrait'>\n\t\t\t\t\t<a class=\"rollover rollover-zoom dt-pswp-item\" title=\"f0c4e333-6df3-402e-a8d5-55e4c648f593\" data-dt-img-description=\"\" data-large_image_width=\"720\" data-large_image_height=\"1012\"href='https:\/\/www.radiopiu.net\/wordpress\/wp-content\/uploads\/2024\/11\/f0c4e333-6df3-402e-a8d5-55e4c648f593.jpg'><img loading=\"lazy\" decoding=\"async\" width=\"150\" height=\"150\" src=\"https:\/\/www.radiopiu.net\/wordpress\/wp-content\/uploads\/2024\/11\/f0c4e333-6df3-402e-a8d5-55e4c648f593-150x150.jpg\" class=\"attachment-thumbnail size-thumbnail\" alt=\"\" \/><\/a>\n\t\t\t\t<\/dt><\/dl><dl class='gallery-item'>\n\t\t\t\t<dt class='gallery-icon portrait'>\n\t\t\t\t\t<a class=\"rollover rollover-zoom dt-pswp-item\" title=\"621e75ad-1f8c-48b3-9065-dc7698a35c2f\" data-dt-img-description=\"\" data-large_image_width=\"720\" data-large_image_height=\"1280\"href='https:\/\/www.radiopiu.net\/wordpress\/wp-content\/uploads\/2024\/11\/621e75ad-1f8c-48b3-9065-dc7698a35c2f.jpg'><img loading=\"lazy\" decoding=\"async\" width=\"150\" height=\"150\" src=\"https:\/\/www.radiopiu.net\/wordpress\/wp-content\/uploads\/2024\/11\/621e75ad-1f8c-48b3-9065-dc7698a35c2f-150x150.jpg\" class=\"attachment-thumbnail size-thumbnail\" alt=\"\" \/><\/a>\n\t\t\t\t<\/dt><\/dl><dl class='gallery-item'>\n\t\t\t\t<dt class='gallery-icon landscape'>\n\t\t\t\t\t<a class=\"rollover rollover-zoom dt-pswp-item\" title=\"2b013628-7374-4507-8427-21dfd878215d\" data-dt-img-description=\"\" data-large_image_width=\"1600\" data-large_image_height=\"1200\"href='https:\/\/www.radiopiu.net\/wordpress\/wp-content\/uploads\/2024\/11\/2b013628-7374-4507-8427-21dfd878215d.jpg'><img loading=\"lazy\" decoding=\"async\" width=\"150\" height=\"150\" src=\"https:\/\/www.radiopiu.net\/wordpress\/wp-content\/uploads\/2024\/11\/2b013628-7374-4507-8427-21dfd878215d-150x150.jpg\" class=\"attachment-thumbnail size-thumbnail\" alt=\"\" \/><\/a>\n\t\t\t\t<\/dt><\/dl><dl class='gallery-item'>\n\t\t\t\t<dt class='gallery-icon portrait'>\n\t\t\t\t\t<a class=\"rollover rollover-zoom dt-pswp-item\" title=\"80fb99f5-46aa-4f5f-8ad7-12b960aff79b\" data-dt-img-description=\"\" data-large_image_width=\"720\" data-large_image_height=\"1280\"href='https:\/\/www.radiopiu.net\/wordpress\/wp-content\/uploads\/2024\/11\/80fb99f5-46aa-4f5f-8ad7-12b960aff79b.jpg'><img loading=\"lazy\" decoding=\"async\" width=\"150\" height=\"150\" src=\"https:\/\/www.radiopiu.net\/wordpress\/wp-content\/uploads\/2024\/11\/80fb99f5-46aa-4f5f-8ad7-12b960aff79b-150x150.jpg\" class=\"attachment-thumbnail size-thumbnail\" alt=\"\" \/><\/a>\n\t\t\t\t<\/dt><\/dl><br style=\"clear: both\" \/>\n\t\t\t<\/div>\n\n<p>&nbsp;<\/p>\n<p><span style=\"color: #0000ff;\"><strong>MOTORI<\/strong><\/span><\/p>\n<blockquote>\n<h3>DA LONGARONE A MARANELLO PER CONTROLLARE I DATI DELLE MONOPOSTO FERRARI<\/h3>\n<\/blockquote>\n<p><strong><a class=\"dt-pswp-item\" href=\"https:\/\/www.radiopiu.net\/wordpress\/wp-content\/uploads\/2024\/11\/SIMONE-DA-ROIT.jpeg\" data-dt-img-description=\"\" data-large_image_width=\"1334\" data-large_image_height=\"962\"><img loading=\"lazy\" decoding=\"async\" class=\" wp-image-420052 alignleft\" src=\"https:\/\/www.radiopiu.net\/wordpress\/wp-content\/uploads\/2024\/11\/SIMONE-DA-ROIT-300x216.jpeg\" alt=\"\" width=\"178\" height=\"128\" srcset=\"https:\/\/www.radiopiu.net\/wordpress\/wp-content\/uploads\/2024\/11\/SIMONE-DA-ROIT-300x216.jpeg 300w, https:\/\/www.radiopiu.net\/wordpress\/wp-content\/uploads\/2024\/11\/SIMONE-DA-ROIT-1024x738.jpeg 1024w, https:\/\/www.radiopiu.net\/wordpress\/wp-content\/uploads\/2024\/11\/SIMONE-DA-ROIT-768x554.jpeg 768w, https:\/\/www.radiopiu.net\/wordpress\/wp-content\/uploads\/2024\/11\/SIMONE-DA-ROIT.jpeg 1334w\" sizes=\"auto, (max-width: 178px) 100vw, 178px\" \/><\/a>LONGARONE<\/strong> Simone Da Roit, 24 anni di Longarone e laureando in Ingegneria del Veicolo all\u2019Universit\u00e0 di Modena e Reggio Emilia, \u00e8 stato selezionato per un prestigioso tirocinio di sei mesi con la Scuderia Ferrari. Appassionato di motori fin dall\u2019infanzia, Simone lavorer\u00e0 al testing dei componenti delle monoposto di Formula 1. L\u2019esperienza a Maranello, sede del leggendario team, rappresenta un sogno che si realizza per il giovane, che racconta con emozione il suo ingresso nella storica azienda. Simone scherza sul sostegno dei concittadini e del padre tifoso, puntando per\u00f2 a contribuire con dedizione ai successi del team, consapevole del ruolo cruciale che giocher\u00e0 in questa straordinaria avventura professionale.<\/p>\n<p>&nbsp;<\/p>\n<p><span style=\"color: #0000ff;\"><strong>CORSA\u00a0<\/strong><\/span><\/p>\n<blockquote>\n<p data-pm-slice=\"1 1 []\"><strong><a class=\"dt-pswp-item\" href=\"https:\/\/www.radiopiu.net\/wordpress\/wp-content\/uploads\/2023\/05\/MANUELA-BULF.jpeg\" data-dt-img-description=\"\" data-large_image_width=\"1120\" data-large_image_height=\"850\"><img loading=\"lazy\" decoding=\"async\" class=\" wp-image-334710 alignleft\" src=\"https:\/\/www.radiopiu.net\/wordpress\/wp-content\/uploads\/2023\/05\/MANUELA-BULF-300x228.jpeg\" alt=\"\" width=\"168\" height=\"128\" srcset=\"https:\/\/www.radiopiu.net\/wordpress\/wp-content\/uploads\/2023\/05\/MANUELA-BULF-300x228.jpeg 300w, https:\/\/www.radiopiu.net\/wordpress\/wp-content\/uploads\/2023\/05\/MANUELA-BULF-1024x777.jpeg 1024w, https:\/\/www.radiopiu.net\/wordpress\/wp-content\/uploads\/2023\/05\/MANUELA-BULF-768x583.jpeg 768w, https:\/\/www.radiopiu.net\/wordpress\/wp-content\/uploads\/2023\/05\/MANUELA-BULF.jpeg 1120w\" sizes=\"auto, (max-width: 168px) 100vw, 168px\" \/><\/a>Le Atlete Bellunesi Protagoniste alla 5 Mulini<\/strong><\/p>\n<\/blockquote>\n<p>Alla 5 Mulini, storica gara di cross italiana, Lucia Arnoldo ha trionfato nella gara Allieve-Juniores, mettendo un&#8217;importante ipoteca sulla convocazione agli Europei. La giovane dell\u2019Atletica Dolomiti Belluno ha vinto con un tempo di 13&#8217;34&#8221;, superando Licia Ferrari (13&#8217;38&#8221;). Manuela Bulf (foto) si \u00e8 distinta tra le Master, conquistando il primo posto. Tra i maschi, Nicolas De Lorenzi ha raggiunto la top ten con un settimo posto, mentre Mihail Sirbu ha concluso 28\u00b0 nella gara internazionale Promesse-Seniores, utile per la preparazione alla prossima stagione. La manifestazione, tenutasi per la prima volta in autunno, ha visto una partecipazione entusiasta in vista degli Europei dell&#8217;8 dicembre ad Antalya.<\/p>\n<div class=\"articlePlainText\">Allieve \u2013 Juniores femminile: 1. Lucia Arnoldo (Atletica Dolomiti Belluno)<\/div>\n<div class=\"articlePlainText\">Allievi \u2013 Juniores maschile: 1. Alessandro Santangelo (Atletica Virtus Lucca)<\/div>\n<div class=\"articlePlainText\">Promesse Seniores femminile internazionale: 1. Yenenesh Shimket (Etiopia)<\/div>\n<div class=\"articlePlainText\">Promesse Seniores maschile internazionale: 1. Matthew Kipkoech Kipruto (Kenya)<\/div>\n<div class=\"articlePlainText\">Master femminile: 1. Manuela Bulf (Atletica Casone Noceto)<\/div>\n<p>&nbsp;<\/p>\n<hr \/>\n<p>&nbsp;<\/p>\n","protected":false},"excerpt":{"rendered":"<p>******* &nbsp; &nbsp; LA\u00a0 APP PER IOS-IPHONE di Nicola Vettorello https:\/\/apps.apple.com\/it\/app\/radio-pi%C3%B9-emittente-agordina\/id1515939845 LA\u00a0 APP RADIO\u00a0 PER ANDROID di Nicola Vettorello https:\/\/play.google.com\/store\/apps\/details?id=net.radiopiu.iniko\u00a0\u00a0\u00a0 &nbsp; &nbsp; &nbsp; &nbsp; &nbsp; OGGI ALLA RADIO&#8230;. ALLE 4 E ALLE 6 LE NOTIZIE DALL&#8217;ITALIA E DAL MONDO 0500 l&#8217;almanacco della nostra gente con il MUSLA\u00a0 6.15 PIROLE DE LENGA A CURA DEL MUSLA&hellip;<\/p>\n","protected":false},"author":4,"featured_media":420181,"comment_status":"closed","ping_status":"closed","sticky":false,"template":"","format":"standard","meta":{"_monsterinsights_skip_tracking":false,"_monsterinsights_sitenote_active":false,"_monsterinsights_sitenote_note":"","_monsterinsights_sitenote_category":0,"footnotes":""},"categories":[51,86,49],"tags":[],"class_list":["post-419952","post","type-post","status-publish","format-standard","has-post-thumbnail","hentry","category-evidenza-top","category-gr","category-news-18","category-51","category-86","category-49","description-off"],"img_url":"https:\/\/www.radiopiu.net\/wordpress\/wp-content\/uploads\/2024\/11\/Senza-nome-73.png","_links":{"self":[{"href":"https:\/\/www.radiopiu.net\/wordpress\/wp-json\/wp\/v2\/posts\/419952","targetHints":{"allow":["GET"]}}],"collection":[{"href":"https:\/\/www.radiopiu.net\/wordpress\/wp-json\/wp\/v2\/posts"}],"about":[{"href":"https:\/\/www.radiopiu.net\/wordpress\/wp-json\/wp\/v2\/types\/post"}],"author":[{"embeddable":true,"href":"https:\/\/www.radiopiu.net\/wordpress\/wp-json\/wp\/v2\/users\/4"}],"replies":[{"embeddable":true,"href":"https:\/\/www.radiopiu.net\/wordpress\/wp-json\/wp\/v2\/comments?post=419952"}],"version-history":[{"count":36,"href":"https:\/\/www.radiopiu.net\/wordpress\/wp-json\/wp\/v2\/posts\/419952\/revisions"}],"predecessor-version":[{"id":420198,"href":"https:\/\/www.radiopiu.net\/wordpress\/wp-json\/wp\/v2\/posts\/419952\/revisions\/420198"}],"wp:featuredmedia":[{"embeddable":true,"href":"https:\/\/www.radiopiu.net\/wordpress\/wp-json\/wp\/v2\/media\/420181"}],"wp:attachment":[{"href":"https:\/\/www.radiopiu.net\/wordpress\/wp-json\/wp\/v2\/media?parent=419952"}],"wp:term":[{"taxonomy":"category","embeddable":true,"href":"https:\/\/www.radiopiu.net\/wordpress\/wp-json\/wp\/v2\/categories?post=419952"},{"taxonomy":"post_tag","embeddable":true,"href":"https:\/\/www.radiopiu.net\/wordpress\/wp-json\/wp\/v2\/tags?post=419952"}],"curies":[{"name":"wp","href":"https:\/\/api.w.org\/{rel}","templated":true}]}}