{"id":420019,"date":"2024-11-16T17:30:03","date_gmt":"2024-11-16T16:30:03","guid":{"rendered":"https:\/\/www.radiopiu.net\/wordpress\/?p=420019"},"modified":"2024-11-16T17:30:03","modified_gmt":"2024-11-16T16:30:03","slug":"scivola-sul-sentiero-sul-monte-serva","status":"publish","type":"post","link":"https:\/\/www.radiopiu.net\/wordpress\/scivola-sul-sentiero-sul-monte-serva\/","title":{"rendered":"SCIVOLA SUL SENTIERO SUL MONTE SERVA"},"content":{"rendered":"<p>******<\/p>\n<p>&nbsp;<\/p>\n<p><strong>BELLUNO<\/strong> Poco prima delle 15 una escursionista di passaggio ha lanciato l&#8217;allarme per un uomo che si era fatto male, mentre con un amico percorreva il sentiero in cresta sopra la Boca de Rosp sul Monte Serva. Il 57enne di Vicenza, che si trovava con un amico e che scivolando aveva riportato un probabile trauma al braccio, \u00e8 stato raggiunto da equipe medica e tecnico di elisoccorso, sbarcati in hovering una ventina di metri pi\u00f9 in basso. Prestate le prime cure, l&#8217;infortunato \u00e8 stato issato a bordo con il verricello per essere trasportato all&#8217;ospedale di Belluno.<\/p>\n<p>&nbsp;<\/p>\n<p>&nbsp;<\/p>\n<p>********<\/p>\n","protected":false},"excerpt":{"rendered":"<p>****** &nbsp; BELLUNO Poco prima delle 15 una escursionista di passaggio ha lanciato l&#8217;allarme per un uomo che si era fatto male, mentre con un amico percorreva il sentiero in cresta sopra la Boca de Rosp sul Monte Serva. Il 57enne di Vicenza, che si trovava con un amico e che scivolando aveva riportato un&hellip;<\/p>\n","protected":false},"author":4,"featured_media":379219,"comment_status":"closed","ping_status":"closed","sticky":false,"template":"","format":"standard","meta":{"_monsterinsights_skip_tracking":false,"_monsterinsights_sitenote_active":false,"_monsterinsights_sitenote_note":"","_monsterinsights_sitenote_category":0,"footnotes":""},"categories":[51,49],"tags":[],"class_list":["post-420019","post","type-post","status-publish","format-standard","has-post-thumbnail","hentry","category-evidenza-top","category-news-18","category-51","category-49","description-off"],"img_url":"https:\/\/www.radiopiu.net\/wordpress\/wp-content\/uploads\/2024\/03\/e040112e-5e6f-4e7a-9965-35c6262d822e.jpg","_links":{"self":[{"href":"https:\/\/www.radiopiu.net\/wordpress\/wp-json\/wp\/v2\/posts\/420019","targetHints":{"allow":["GET"]}}],"collection":[{"href":"https:\/\/www.radiopiu.net\/wordpress\/wp-json\/wp\/v2\/posts"}],"about":[{"href":"https:\/\/www.radiopiu.net\/wordpress\/wp-json\/wp\/v2\/types\/post"}],"author":[{"embeddable":true,"href":"https:\/\/www.radiopiu.net\/wordpress\/wp-json\/wp\/v2\/users\/4"}],"replies":[{"embeddable":true,"href":"https:\/\/www.radiopiu.net\/wordpress\/wp-json\/wp\/v2\/comments?post=420019"}],"version-history":[{"count":1,"href":"https:\/\/www.radiopiu.net\/wordpress\/wp-json\/wp\/v2\/posts\/420019\/revisions"}],"predecessor-version":[{"id":420020,"href":"https:\/\/www.radiopiu.net\/wordpress\/wp-json\/wp\/v2\/posts\/420019\/revisions\/420020"}],"wp:featuredmedia":[{"embeddable":true,"href":"https:\/\/www.radiopiu.net\/wordpress\/wp-json\/wp\/v2\/media\/379219"}],"wp:attachment":[{"href":"https:\/\/www.radiopiu.net\/wordpress\/wp-json\/wp\/v2\/media?parent=420019"}],"wp:term":[{"taxonomy":"category","embeddable":true,"href":"https:\/\/www.radiopiu.net\/wordpress\/wp-json\/wp\/v2\/categories?post=420019"},{"taxonomy":"post_tag","embeddable":true,"href":"https:\/\/www.radiopiu.net\/wordpress\/wp-json\/wp\/v2\/tags?post=420019"}],"curies":[{"name":"wp","href":"https:\/\/api.w.org\/{rel}","templated":true}]}}