{"id":420135,"date":"2024-11-19T05:54:18","date_gmt":"2024-11-19T04:54:18","guid":{"rendered":"https:\/\/www.radiopiu.net\/wordpress\/?p=420135"},"modified":"2024-11-19T09:03:04","modified_gmt":"2024-11-19T08:03:04","slug":"giornale-radiopiu-19-novembre-2024-direttore-mirko-mezzacasada-41-anni-25-giugno-1983-25-giugno-2024","status":"publish","type":"post","link":"https:\/\/www.radiopiu.net\/wordpress\/giornale-radiopiu-19-novembre-2024-direttore-mirko-mezzacasada-41-anni-25-giugno-1983-25-giugno-2024\/","title":{"rendered":"GIORNALE RADIOPIU 19 NOVEMBRE 2024 DIRETTORE MIRKO MEZZACASA\u2026DA 41 ANNI 25 GIUGNO 1983-25 GIUGNO 2024"},"content":{"rendered":"<p>*******<\/p>\n<p><strong>magia della mia Belluno di Brunella Moro<\/strong><\/p>\n<p><a class=\"dt-pswp-item\" href=\"https:\/\/www.radiopiu.net\/wordpress\/wp-content\/uploads\/2024\/11\/881d3fd3-5f3f-41ac-bd0d-53d01f2e01f9.jpg\" data-dt-img-description=\"\" data-large_image_width=\"2048\" data-large_image_height=\"1152\"><img loading=\"lazy\" decoding=\"async\" class=\"size-medium wp-image-420392 aligncenter\" src=\"https:\/\/www.radiopiu.net\/wordpress\/wp-content\/uploads\/2024\/11\/881d3fd3-5f3f-41ac-bd0d-53d01f2e01f9-300x169.jpg\" alt=\"\" width=\"300\" height=\"169\" srcset=\"https:\/\/www.radiopiu.net\/wordpress\/wp-content\/uploads\/2024\/11\/881d3fd3-5f3f-41ac-bd0d-53d01f2e01f9-300x169.jpg 300w, https:\/\/www.radiopiu.net\/wordpress\/wp-content\/uploads\/2024\/11\/881d3fd3-5f3f-41ac-bd0d-53d01f2e01f9-1024x576.jpg 1024w, https:\/\/www.radiopiu.net\/wordpress\/wp-content\/uploads\/2024\/11\/881d3fd3-5f3f-41ac-bd0d-53d01f2e01f9-768x432.jpg 768w, https:\/\/www.radiopiu.net\/wordpress\/wp-content\/uploads\/2024\/11\/881d3fd3-5f3f-41ac-bd0d-53d01f2e01f9-1536x864.jpg 1536w, https:\/\/www.radiopiu.net\/wordpress\/wp-content\/uploads\/2024\/11\/881d3fd3-5f3f-41ac-bd0d-53d01f2e01f9.jpg 2048w\" sizes=\"auto, (max-width: 300px) 100vw, 300px\" \/><\/a><\/p>\n<p>&nbsp;<\/p>\n<p><em><span style=\"color: #ff0000;\"><a class=\"dt-pswp-item\" href=\"https:\/\/www.radiopiu.net\/wordpress\/wp-content\/uploads\/2024\/10\/Senza-nome-8.png\" data-dt-img-description=\"\" data-large_image_width=\"343\" data-large_image_height=\"303\"><img loading=\"lazy\" decoding=\"async\" class=\"wp-image-412130 alignleft\" src=\"https:\/\/www.radiopiu.net\/wordpress\/wp-content\/uploads\/2024\/10\/Senza-nome-8-300x265.png\" alt=\"\" width=\"105\" height=\"93\" srcset=\"https:\/\/www.radiopiu.net\/wordpress\/wp-content\/uploads\/2024\/10\/Senza-nome-8-300x265.png 300w, https:\/\/www.radiopiu.net\/wordpress\/wp-content\/uploads\/2024\/10\/Senza-nome-8.png 343w\" sizes=\"auto, (max-width: 105px) 100vw, 105px\" \/><\/a><\/span><\/em><strong><em><span style=\"color: #ff0000;\"> LA\u00a0 APP PER IOS-IPHONE di Nicola Vettorello<\/span><\/em><\/strong><\/p>\n<p><strong><span style=\"color: #0000ff;\"><a style=\"color: #0000ff;\" href=\"https:\/\/apps.apple.com\/it\/app\/radio-pi%C3%B9-emittente-agordina\/id1515939845\">https:\/\/apps.apple.com\/it\/app\/radio-pi%C3%B9-emittente-agordina\/id1515939845<\/a><\/span><\/strong><\/p>\n<p><strong><em style=\"color: #ff0000;\">LA\u00a0 APP RADIO\u00a0 PER ANDROID di Nicola Vettorello<\/em><\/strong><\/p>\n<p><strong><span style=\"color: #0000ff;\"><a style=\"color: #0000ff;\" href=\"https:\/\/play.google.com\/store\/apps\/details?id=net.radiopiu.iniko\" target=\"_blank\" rel=\"noopener noreferrer\">https:\/\/<\/a><a style=\"color: #0000ff;\" href=\"https:\/\/play.google.com\/store\/apps\/details?id=net.radiopiu.iniko\" target=\"_blank\" rel=\"noopener noreferrer\">play.google.com\/store\/apps\/details?id=net.radiopiu.iniko\u00a0\u00a0\u00a0<\/a><\/span><\/strong><\/p>\n<p>&nbsp;<\/p>\n<p>&nbsp;<\/p>\n<p>&nbsp;<\/p>\n<hr \/>\n<p>&nbsp;<\/p>\n<p><strong><a class=\"dt-pswp-item\" href=\"https:\/\/www.radiopiu.net\/wordpress\/wp-content\/uploads\/2024\/11\/Senza-nome-75-e1731941031740.png\" data-dt-img-description=\"\" data-large_image_width=\"537\" data-large_image_height=\"385\"><img loading=\"lazy\" decoding=\"async\" class=\" wp-image-420276 alignleft\" src=\"https:\/\/www.radiopiu.net\/wordpress\/wp-content\/uploads\/2024\/11\/Senza-nome-75-e1731941031740-300x215.png\" alt=\"\" width=\"213\" height=\"153\" srcset=\"https:\/\/www.radiopiu.net\/wordpress\/wp-content\/uploads\/2024\/11\/Senza-nome-75-e1731941031740-300x215.png 300w, https:\/\/www.radiopiu.net\/wordpress\/wp-content\/uploads\/2024\/11\/Senza-nome-75-e1731941031740.png 537w\" sizes=\"auto, (max-width: 213px) 100vw, 213px\" \/><\/a>OGGI ALLA RADIO&#8230;.<\/strong> <span style=\"color: #ff0000;\">ALLE 4 E ALLE 6<\/span> LE NOTIZIE DALL&#8217;ITALIA E DAL MONDO <span style=\"color: #ff0000;\"> 0500 <span style=\"color: #0000ff;\"><span style=\"color: #000000;\">l&#8217;almanacco della nostra gente con il MUSLA<\/span>\u00a0<\/span><\/span><span style=\"color: #ff0000;\"> 6.15<\/span> PIROLE DE LENGA A CURA DEL MUSLA <span style=\"color: #ff0000;\">7.20<\/span> EL BAL DEL FIORI, DETTI E TRADIZIONI DI GIULIANA DA RONCH <span style=\"color: #ff0000;\">8.05<\/span> LA RASSEGNA STAMPA LOCALE<span style=\"color: #ff0000;\"> 8.30 <span style=\"color: #000000;\">PIU&#8217; SIAMO CON MARINA DONA&#8217;<\/span><span style=\"color: #000000;\">\u00a0\u00a0<\/span> 900 <\/span><span style=\"color: #000000;\">LA MUSICA COUNTRY DI ALEX NASCINMBEN <\/span><span style=\"color: #0000ff;\"><span style=\"color: #000000;\">\u00a0<\/span><\/span><span style=\"color: #ff0000;\"><span style=\"color: #000000;\">\u00a0<\/span><\/span><span style=\"color: #ff0000;\">9.40<\/span> VIABILITA&#8217; CON BOTOL CAR SERVICE (AGORDO-SEDICO-FELTRE) <span style=\"color: #ff0000;\">10 10<\/span> MUSLA LE NOVE IN LADIN <span style=\"color: #ff0000;\">10.30<span style=\"color: #000000;\"> EP CENTER CON FRANCESCO ZILLIO (foto),\u00a0 seconda puntata CERTIFICAZIONI<\/span> \u00a0<\/span>\u00a0<span style=\"color: #ff0000;\">11.10 <span class=\"selectable-text copyable-text\" style=\"color: #000000;\">SCUOLA APERTA AL FOLLADOR DE ROSSI DI AGORDO<\/span><\/span> <span style=\"color: #ff0000;\">11.40<\/span> FESTIVALBAR STORY DI ATHOS DJ DAVID BEN\u00a0 \u00a0 <span style=\"color: #ff0000;\">12.00<\/span> VA TUTTO LISCIO\u00a0 <span style=\"color: #ff0000;\">12.30<\/span> GIORNALE RADIO PRINCIPALE\u00a0<span style=\"color: #ff0000;\">13.20<\/span> FOGLIE E CASTAGNE DI MARINA DONA&#8217; <span style=\"color: #ff0000;\">\u00a0<\/span><span style=\"color: #ff0000;\">14.20 <\/span><span style=\"color: #ff0000;\"><span style=\"color: #000000;\">\u00a0 COLLAGE OPERAZIONE NOSTALGIA DI LORIS SCUSSEL<\/span>\u00a015.10<\/span> I MARTEDI ALLA RADIO, DI LUISA ALCHINI OSPITE SILVIA, EDUCATORE NELLA RSA\u00a0 <span style=\"color: #ff0000;\">16.10<\/span> IL ROCK DI MARCO COSTANTINI <span style=\"color: #ff0000;\">16.30 <span style=\"color: #000000;\">AGORDINA IN PRIMA LINEA CON MARCO GAZ 1<\/span>6.45<\/span> LE HIT DI MIRCO BENCIVENNI <span style=\"color: #ff0000;\">18.00<\/span> PIU&#8217; DANCE LE SELEZIONI CHE FANNO SALTARE DI DJ JACK, JACOPO DEL TEDESCO <span style=\"color: #ff0000;\">19.00 <span style=\"color: #000000;\">LE ANTICIPAZIONI DAL TG DI ANTENNA 3 DI TIZIANA BOLOGNANI\u00a0 \u00a0<span style=\"color: #ff0000;\">19.20<\/span>\u00a0 <span class=\"selectable-text copyable-text\" style=\"color: #000000;\">SCUOLA APERTA AL FOLLADOR DE ROSSI DI AGORDO<\/span><\/span><\/span><\/p>\n<p>&nbsp;<\/p>\n<p><strong>rassegna stampa nazionale,<\/strong> ogni giorno alle 5 e alle 6 del mattino<br \/>\ngiornali locali 7 rassegna stampa flash, 8 rassegna stampa, gr flash alle 10 e alle 11, principale 12.30. Informazione pomeriggio alle 15 (speciale) 16, 17, 18. Giornale radio nazionale: ogni ora dalle 5 del mattino, alle 20 della sera.<\/p>\n<p>&nbsp;<\/p>\n<p>&nbsp;<\/p>\n<hr \/>\n<p>&nbsp;<\/p>\n<p>&nbsp;<\/p>\n<div class=\"x11i5rnm xat24cr x1mh8g0r x1vvkbs xtlvy1s x126k92a\">\n<div dir=\"auto\">\n<div dir=\"auto\">\n<p><strong><a class=\"dt-pswp-item\" href=\"https:\/\/www.radiopiu.net\/wordpress\/wp-content\/uploads\/2024\/02\/2d44e751-d8a8-461b-8e22-d8e4e853b032.jpg\" data-dt-img-description=\"\" data-large_image_width=\"1600\" data-large_image_height=\"1200\"><img loading=\"lazy\" decoding=\"async\" class=\"wp-image-373307 alignleft\" src=\"https:\/\/www.radiopiu.net\/wordpress\/wp-content\/uploads\/2024\/02\/2d44e751-d8a8-461b-8e22-d8e4e853b032-300x225.jpg\" alt=\"\" width=\"105\" height=\"79\" srcset=\"https:\/\/www.radiopiu.net\/wordpress\/wp-content\/uploads\/2024\/02\/2d44e751-d8a8-461b-8e22-d8e4e853b032-300x225.jpg 300w, https:\/\/www.radiopiu.net\/wordpress\/wp-content\/uploads\/2024\/02\/2d44e751-d8a8-461b-8e22-d8e4e853b032-1024x768.jpg 1024w, https:\/\/www.radiopiu.net\/wordpress\/wp-content\/uploads\/2024\/02\/2d44e751-d8a8-461b-8e22-d8e4e853b032-768x576.jpg 768w, https:\/\/www.radiopiu.net\/wordpress\/wp-content\/uploads\/2024\/02\/2d44e751-d8a8-461b-8e22-d8e4e853b032-1536x1152.jpg 1536w, https:\/\/www.radiopiu.net\/wordpress\/wp-content\/uploads\/2024\/02\/2d44e751-d8a8-461b-8e22-d8e4e853b032.jpg 1600w\" sizes=\"auto, (max-width: 105px) 100vw, 105px\" \/><\/a>EL BAL DEL FIOR, DI GIULIANA DA RONCH, 19 NOVEMBRE<\/strong><strong>\u00a02024<\/strong><\/p>\n<\/div>\n<\/div>\n<\/div>\n<div>\n<audio class=\"wp-audio-shortcode\" id=\"audio-420135-1\" preload=\"none\" style=\"width: 100%;\" controls=\"controls\"><source type=\"audio\/mpeg\" src=\"https:\/\/www.radiopiu.net\/wordpress\/wp-content\/uploads\/2024\/11\/GMA-2.mp3?_=1\" \/><a href=\"https:\/\/www.radiopiu.net\/wordpress\/wp-content\/uploads\/2024\/11\/GMA-2.mp3\">https:\/\/www.radiopiu.net\/wordpress\/wp-content\/uploads\/2024\/11\/GMA-2.mp3<\/a><\/audio>\n<\/div>\n<div><\/div>\n<div><\/div>\n<hr \/>\n<p>&nbsp;<\/p>\n<p>&nbsp;<\/p>\n<div class=\"x11i5rnm xat24cr x1mh8g0r x1vvkbs xtlvy1s x126k92a\">\n<h1><span style=\"color: #ff0000;\"><a class=\"dt-pswp-item\" href=\"https:\/\/www.radiopiu.net\/wordpress\/wp-content\/uploads\/2024\/06\/th-5.jpg\" data-dt-img-description=\"\" data-large_image_width=\"326\" data-large_image_height=\"180\"><img loading=\"lazy\" decoding=\"async\" class=\"size-medium wp-image-395881 alignleft\" src=\"https:\/\/www.radiopiu.net\/wordpress\/wp-content\/uploads\/2024\/06\/th-5-300x166.jpg\" alt=\"\" width=\"300\" height=\"166\" srcset=\"https:\/\/www.radiopiu.net\/wordpress\/wp-content\/uploads\/2024\/06\/th-5-300x166.jpg 300w, https:\/\/www.radiopiu.net\/wordpress\/wp-content\/uploads\/2024\/06\/th-5.jpg 326w\" sizes=\"auto, (max-width: 300px) 100vw, 300px\" \/><\/a><\/span><\/h1>\n<h1><\/h1>\n<h1><\/h1>\n<h1><span style=\"color: #000000;\">19 NOVEMBRE&#8230; alla radio l&#8217;almanacco\u00a0<\/span><\/h1>\n<\/div>\n<div class=\"x11i5rnm xat24cr x1mh8g0r x1vvkbs xtlvy1s x126k92a\">\n<audio class=\"wp-audio-shortcode\" id=\"audio-420135-2\" preload=\"none\" style=\"width: 100%;\" controls=\"controls\"><source type=\"audio\/mpeg\" src=\"https:\/\/www.radiopiu.net\/wordpress\/wp-content\/uploads\/2024\/11\/ALMANACCONEW-14.mp3?_=2\" \/><a href=\"https:\/\/www.radiopiu.net\/wordpress\/wp-content\/uploads\/2024\/11\/ALMANACCONEW-14.mp3\">https:\/\/www.radiopiu.net\/wordpress\/wp-content\/uploads\/2024\/11\/ALMANACCONEW-14.mp3<\/a><\/audio>\n<p>&nbsp;<\/p>\n<p>&nbsp;<\/p>\n<hr \/>\n<p>&nbsp;<\/p>\n<p>&nbsp;<\/p>\n<blockquote>\n<h1><strong><a class=\"dt-pswp-item\" href=\"https:\/\/www.radiopiu.net\/wordpress\/wp-content\/uploads\/2024\/10\/629301fd-708d-4f53-95c2-d28cbefd500f.jpg\" data-dt-img-description=\"\" data-large_image_width=\"1600\" data-large_image_height=\"1322\"><img loading=\"lazy\" decoding=\"async\" class=\"wp-image-413782 alignleft\" src=\"https:\/\/www.radiopiu.net\/wordpress\/wp-content\/uploads\/2024\/10\/629301fd-708d-4f53-95c2-d28cbefd500f-300x248.jpg\" alt=\"\" width=\"186\" height=\"154\" srcset=\"https:\/\/www.radiopiu.net\/wordpress\/wp-content\/uploads\/2024\/10\/629301fd-708d-4f53-95c2-d28cbefd500f-300x248.jpg 300w, https:\/\/www.radiopiu.net\/wordpress\/wp-content\/uploads\/2024\/10\/629301fd-708d-4f53-95c2-d28cbefd500f-1024x846.jpg 1024w, https:\/\/www.radiopiu.net\/wordpress\/wp-content\/uploads\/2024\/10\/629301fd-708d-4f53-95c2-d28cbefd500f-768x635.jpg 768w, https:\/\/www.radiopiu.net\/wordpress\/wp-content\/uploads\/2024\/10\/629301fd-708d-4f53-95c2-d28cbefd500f-1536x1269.jpg 1536w, https:\/\/www.radiopiu.net\/wordpress\/wp-content\/uploads\/2024\/10\/629301fd-708d-4f53-95c2-d28cbefd500f.jpg 1600w\" sizes=\"auto, (max-width: 186px) 100vw, 186px\" \/><\/a>N di parom &#8211; L Almanach de la nosta jent<\/strong><\/h1>\n<\/blockquote>\n<p>Le voci: Davide Conedera, Agordo, Michela Dell&#8217;Osbel, La Valle Agordina Simone Ganz, Falcade Veronica Lezuo, Colle Santa Lucia. La voce nella sigla \u00e8 di Giorgia Taio<\/p>\n<p><strong>LA PUNTATA DI OGGI, 19 NOVEMBRE<\/strong><\/p>\n<div>\n<audio class=\"wp-audio-shortcode\" id=\"audio-420135-3\" preload=\"none\" style=\"width: 100%;\" controls=\"controls\"><source type=\"audio\/mpeg\" src=\"https:\/\/www.radiopiu.net\/wordpress\/wp-content\/uploads\/2024\/11\/19_november_Davide.mp3?_=3\" \/><a href=\"https:\/\/www.radiopiu.net\/wordpress\/wp-content\/uploads\/2024\/11\/19_november_Davide.mp3\">https:\/\/www.radiopiu.net\/wordpress\/wp-content\/uploads\/2024\/11\/19_november_Davide.mp3<\/a><\/audio>\n<\/div>\n<div><\/div>\n<div><\/div>\n<\/div>\n<div class=\"x11i5rnm xat24cr x1mh8g0r x1vvkbs xtlvy1s x126k92a\">\n<p>&nbsp;<\/p>\n<div dir=\"auto\">\n<hr \/>\n<\/div>\n<\/div>\n<blockquote>\n<blockquote>\n<h1><span style=\"color: #ff0000;\">\u00a0<\/span><\/h1>\n<h1><span style=\"color: #ff0000;\">I podcast informativi del mattino &#8211; audio &#8211;\u00a0\u00a0<\/span><\/h1>\n<\/blockquote>\n<p><strong><a class=\"dt-pswp-item\" href=\"https:\/\/www.radiopiu.net\/wordpress\/wp-content\/uploads\/2024\/11\/6.jpg\" data-dt-img-description=\"\" data-large_image_width=\"177\" data-large_image_height=\"180\"><img loading=\"lazy\" decoding=\"async\" class=\"size-full wp-image-417911 alignleft\" src=\"https:\/\/www.radiopiu.net\/wordpress\/wp-content\/uploads\/2024\/11\/6.jpg\" alt=\"\" width=\"177\" height=\"180\" \/><\/a>LA RASSEGNA STAMPA NAZIONALE ALLA RADIO, OGNI GIORNO ALLE 5 E ALLE 6 DEL MATTINO <span style=\"color: #0000ff;\">viene pubblicata alle 6.00 <span style=\"color: #ff0000;\">DIRETTA RADIO\u00a0 \u00a0\u00a0<\/span><\/span><\/strong><\/p><\/blockquote>\n<p>&nbsp;<\/p>\n<p><strong>NOTIZIE DELLA NOTTE<\/strong><\/p>\n<p><strong>Cina:<\/strong> auto contro studenti vicino a una scuola, molti feriti <strong>Usa,<\/strong> Trump ammette che Gaetz &#8216;potrebbe non essere confermato&#8217; <strong>Borsa<\/strong>: Hong Kong positiva, apre a +0,93%<br \/>\n<strong>Borsa<\/strong>: Tokyo, apertura in aumento (+0,51%) <strong>Tennis<\/strong>: Bj King Cup, Italia in finale<br \/>\n<strong>Proietti<\/strong> eletta presidente dell&#8217;Umbria, il Pd \u00e8 il primo partito <strong>Incidente sul lavoro,<\/strong> muore travolto da una gru a Torino <strong>&#8216;Problema tecnico&#8217;<\/strong> a British Airways, ritardi e code negli scali<\/p>\n<h2>AUDIO dalle 6 del mattino<\/h2>\n<audio class=\"wp-audio-shortcode\" id=\"audio-420135-4\" preload=\"none\" style=\"width: 100%;\" controls=\"controls\"><source type=\"audio\/mpeg\" src=\"https:\/\/www.radiopiu.net\/wordpress\/wp-content\/uploads\/2024\/11\/GIORNALEDELLESEI-12.mp3?_=4\" \/><a href=\"https:\/\/www.radiopiu.net\/wordpress\/wp-content\/uploads\/2024\/11\/GIORNALEDELLESEI-12.mp3\">https:\/\/www.radiopiu.net\/wordpress\/wp-content\/uploads\/2024\/11\/GIORNALEDELLESEI-12.mp3<\/a><\/audio>\n<p>&nbsp;<\/p>\n<p>&nbsp;<\/p>\n<p>&nbsp;<\/p>\n<hr \/>\n<p>&nbsp;<\/p>\n<h1 style=\"text-align: center;\"><span style=\"color: #ff0000;\"><a class=\"dt-pswp-item\" href=\"https:\/\/www.radiopiu.net\/wordpress\/wp-content\/uploads\/2024\/11\/7.jpg\" data-dt-img-description=\"\" data-large_image_width=\"180\" data-large_image_height=\"180\"><img loading=\"lazy\" decoding=\"async\" class=\"size-full wp-image-417912 alignleft\" src=\"https:\/\/www.radiopiu.net\/wordpress\/wp-content\/uploads\/2024\/11\/7.jpg\" alt=\"\" width=\"180\" height=\"180\" srcset=\"https:\/\/www.radiopiu.net\/wordpress\/wp-content\/uploads\/2024\/11\/7.jpg 180w, https:\/\/www.radiopiu.net\/wordpress\/wp-content\/uploads\/2024\/11\/7-150x150.jpg 150w\" sizes=\"auto, (max-width: 180px) 100vw, 180px\" \/><\/a>I podcast informativi del mattino &#8211; audio &#8211;\u00a0<\/span><\/h1>\n<p><strong>OGNI GIORNO ALLE SETTE DEL MATTINO, LA RASSEGNA STAMPA LOCALE FLASH&#8230; PER CHI VA IN FRETTA. I TITOLI DAI GIORNALI E DAL SITO WWW.RADIOPIU.NET <span style=\"color: #0000ff;\">viene pubblicato alle 7.00<\/span> <span style=\"color: #ff0000;\">DIRETTA RADIO\u00a0<\/span><\/strong><\/p>\n<p><em><span style=\"color: #ff0000;\">per chi va in fretta&#8230; tante notizie in pochi minuti. L&#8217;informazione locale alla radio, ogni ora dalle 7 del mattino alle 19 della sera.<\/span><\/em><\/p>\n<h1><\/h1>\n<h1>AUDIO dalle 7 del mattino<\/h1>\n<audio class=\"wp-audio-shortcode\" id=\"audio-420135-5\" preload=\"none\" style=\"width: 100%;\" controls=\"controls\"><source type=\"audio\/mpeg\" src=\"https:\/\/www.radiopiu.net\/wordpress\/wp-content\/uploads\/2024\/11\/GF07-15.mp3?_=5\" \/><a href=\"https:\/\/www.radiopiu.net\/wordpress\/wp-content\/uploads\/2024\/11\/GF07-15.mp3\">https:\/\/www.radiopiu.net\/wordpress\/wp-content\/uploads\/2024\/11\/GF07-15.mp3<\/a><\/audio>\n<p>&nbsp;<\/p>\n<p>&nbsp;<\/p>\n<p>&nbsp;<\/p>\n<hr \/>\n<p>&nbsp;<\/p>\n<h1><\/h1>\n<h1 style=\"text-align: center;\"><span style=\"color: #ff0000;\"><a class=\"dt-pswp-item\" href=\"https:\/\/www.radiopiu.net\/wordpress\/wp-content\/uploads\/2024\/11\/th.jpg\" data-dt-img-description=\"\" data-large_image_width=\"148\" data-large_image_height=\"179\"><img loading=\"lazy\" decoding=\"async\" class=\"size-full wp-image-417913 alignleft\" src=\"https:\/\/www.radiopiu.net\/wordpress\/wp-content\/uploads\/2024\/11\/th.jpg\" alt=\"\" width=\"148\" height=\"179\" \/><\/a>I podcast informativi del mattino &#8211; audio &#8211;\u00a0<\/span><\/h1>\n<blockquote><p><strong>GIORNALE RADIO NAZIONALE, EDIZIONE DELLE SETTE <span style=\"color: #0000ff;\">viene pubblicato alle 7.05 <span style=\"color: #ff0000;\">DIRETTA RADIO\u00a0<\/span><\/span><\/strong><\/p><\/blockquote>\n<p><strong>il giornale radionazionale e&#8217; in onda ogni ora, dalle sette del mattino alle venti della sera\u00a0 \u00a0<\/strong><strong>\u00a0<\/strong><\/p>\n<p><a href=\"https:\/\/www.radiopiu.net\/wordpress\/wp-content\/uploads\/2024\/11\/d0fad3860d6c9e04c8d18c9481936f7c.webp\"><img loading=\"lazy\" decoding=\"async\" class=\"wp-image-420363 alignleft\" src=\"https:\/\/www.radiopiu.net\/wordpress\/wp-content\/uploads\/2024\/11\/d0fad3860d6c9e04c8d18c9481936f7c-300x200.webp\" alt=\"\" width=\"197\" height=\"131\" srcset=\"https:\/\/www.radiopiu.net\/wordpress\/wp-content\/uploads\/2024\/11\/d0fad3860d6c9e04c8d18c9481936f7c-300x200.webp 300w, https:\/\/www.radiopiu.net\/wordpress\/wp-content\/uploads\/2024\/11\/d0fad3860d6c9e04c8d18c9481936f7c-768x512.webp 768w, https:\/\/www.radiopiu.net\/wordpress\/wp-content\/uploads\/2024\/11\/d0fad3860d6c9e04c8d18c9481936f7c.webp 774w\" sizes=\"auto, (max-width: 197px) 100vw, 197px\" \/><\/a><strong>CROTONE<\/strong> La disposizioneStalking all&#8217;ex compagno, braccialetto elettronico ad una donna <strong>CESENA<\/strong> Ciclista investito e ucciso da un&#8217;auto nel CesenateIndagini per chiarire la posizione del conducente della vettura <strong>VITERBO<\/strong> Pranzo a base di funghi velenosi, muore donna <strong>TORINO<\/strong> Incidente sul lavoro, muore travolto da una gru\u00a0 <strong>TREVISO<\/strong>Spaccio di hashish ed estorsioni, 16 minorenni indagati <strong>ROMA<\/strong> Si scontrano due volanti, muore un poliziotto veneto (foto)<\/p>\n<p><span style=\"color: #ff0000;\"><span style=\"color: #0000ff;\">CRONACA<\/span> EDIZIONE DELLA SERA , DEL 18 NOVEMBRE 2024 EDIZIONE DI IERI, 20.00<\/span><\/p>\n<audio class=\"wp-audio-shortcode\" id=\"audio-420135-6\" preload=\"none\" style=\"width: 100%;\" controls=\"controls\"><source type=\"audio\/mpeg\" src=\"https:\/\/www.radiopiu.net\/wordpress\/wp-content\/uploads\/2024\/11\/giornale07-28.mp3?_=6\" \/><a href=\"https:\/\/www.radiopiu.net\/wordpress\/wp-content\/uploads\/2024\/11\/giornale07-28.mp3\">https:\/\/www.radiopiu.net\/wordpress\/wp-content\/uploads\/2024\/11\/giornale07-28.mp3<\/a><\/audio>\n<p>&nbsp;<\/p>\n<p><span style=\"color: #ff0000;\"><span style=\"color: #0000ff;\">SPORT<\/span> EDIZIONE DELLE 19, DEL 18 NOVEMBRE 2024, LO SPORT EDIZIONE DI IERI<\/span><\/p>\n<audio class=\"wp-audio-shortcode\" id=\"audio-420135-7\" preload=\"none\" style=\"width: 100%;\" controls=\"controls\"><source type=\"audio\/mpeg\" src=\"https:\/\/www.radiopiu.net\/wordpress\/wp-content\/uploads\/2024\/11\/gr-sport-14.mp3?_=7\" \/><a href=\"https:\/\/www.radiopiu.net\/wordpress\/wp-content\/uploads\/2024\/11\/gr-sport-14.mp3\">https:\/\/www.radiopiu.net\/wordpress\/wp-content\/uploads\/2024\/11\/gr-sport-14.mp3<\/a><\/audio>\n<h2><\/h2>\n<h2><span style=\"color: #ff0000;\"><span style=\"color: #0000ff;\">ULTIM&#8217;ORA<\/span> AUDIO dalle sette del mattino, ogni ora alla radio EDIZIONE DELLE SETTE<\/span><\/h2>\n<audio class=\"wp-audio-shortcode\" id=\"audio-420135-8\" preload=\"none\" style=\"width: 100%;\" controls=\"controls\"><source type=\"audio\/mpeg\" src=\"https:\/\/www.radiopiu.net\/wordpress\/wp-content\/uploads\/2024\/11\/giornale07-29.mp3?_=8\" \/><a href=\"https:\/\/www.radiopiu.net\/wordpress\/wp-content\/uploads\/2024\/11\/giornale07-29.mp3\">https:\/\/www.radiopiu.net\/wordpress\/wp-content\/uploads\/2024\/11\/giornale07-29.mp3<\/a><\/audio>\n<p>&nbsp;<\/p>\n<p>&nbsp;<\/p>\n<hr \/>\n<p>&nbsp;<\/p>\n<p>&nbsp;<\/p>\n<h1><span style=\"color: #ff0000;\"><a class=\"dt-pswp-item\" href=\"https:\/\/www.radiopiu.net\/wordpress\/wp-content\/uploads\/2024\/11\/8.jpg\" data-dt-img-description=\"\" data-large_image_width=\"180\" data-large_image_height=\"180\"><img loading=\"lazy\" decoding=\"async\" class=\"size-full wp-image-417910 alignleft\" src=\"https:\/\/www.radiopiu.net\/wordpress\/wp-content\/uploads\/2024\/11\/8.jpg\" alt=\"\" width=\"180\" height=\"180\" srcset=\"https:\/\/www.radiopiu.net\/wordpress\/wp-content\/uploads\/2024\/11\/8.jpg 180w, https:\/\/www.radiopiu.net\/wordpress\/wp-content\/uploads\/2024\/11\/8-150x150.jpg 150w\" sizes=\"auto, (max-width: 180px) 100vw, 180px\" \/><\/a>I podcast informativi del mattino &#8211; video &#8211;\u00a0<\/span><\/h1>\n<h2 style=\"text-align: left;\"><strong>RASSEGNA STAMPA LOCALE, ORE OTTO 05<\/strong><\/h2>\n<h2><strong> <span style=\"color: #0000ff;\">viene\u00a0 <\/span><\/strong><strong><span style=\"color: #0000ff;\">pubblicata alle 8.05 <span style=\"color: #ff0000;\">DIRETTA RADIO\u00a0 \u00a0<\/span><\/span><\/strong><strong>DI MIRKO MEZZACASA<\/strong><\/h2>\n<h2><span style=\"color: #ff0000;\"><strong>\u00a0<\/strong><\/span><\/h2>\n<h2><span style=\"color: #ff0000;\"><strong>\u00a0<\/strong><\/span><\/h2>\n<h1><span style=\"color: #ff0000;\"><strong>VIDEO\u00a0 \u00a0in diretta dalle 8 del mattino\u00a0 \u00a0per ASCOLTARE <\/strong><\/span><\/h1>\n<blockquote>\n<h1 style=\"text-align: center;\"><a href=\"https:\/\/www.facebook.com\/radiopiu\/videos\/1595215417779288\">CLICCA QUI<\/a><\/h1>\n<\/blockquote>\n<p><a class=\"dt-pswp-item\" href=\"https:\/\/www.radiopiu.net\/wordpress\/wp-content\/uploads\/2024\/11\/COPA2.png\" data-dt-img-description=\"\" data-large_image_width=\"486\" data-large_image_height=\"259\"><img loading=\"lazy\" decoding=\"async\" class=\"alignnone size-medium wp-image-420377\" src=\"https:\/\/www.radiopiu.net\/wordpress\/wp-content\/uploads\/2024\/11\/COPA2-300x160.png\" alt=\"\" width=\"300\" height=\"160\" srcset=\"https:\/\/www.radiopiu.net\/wordpress\/wp-content\/uploads\/2024\/11\/COPA2-300x160.png 300w, https:\/\/www.radiopiu.net\/wordpress\/wp-content\/uploads\/2024\/11\/COPA2.png 486w\" sizes=\"auto, (max-width: 300px) 100vw, 300px\" \/><\/a><a class=\"dt-pswp-item\" href=\"https:\/\/www.radiopiu.net\/wordpress\/wp-content\/uploads\/2024\/11\/COPA1.png\" data-dt-img-description=\"\" data-large_image_width=\"496\" data-large_image_height=\"263\"><img loading=\"lazy\" decoding=\"async\" class=\"alignnone size-medium wp-image-420376\" src=\"https:\/\/www.radiopiu.net\/wordpress\/wp-content\/uploads\/2024\/11\/COPA1-300x159.png\" alt=\"\" width=\"300\" height=\"159\" srcset=\"https:\/\/www.radiopiu.net\/wordpress\/wp-content\/uploads\/2024\/11\/COPA1-300x159.png 300w, https:\/\/www.radiopiu.net\/wordpress\/wp-content\/uploads\/2024\/11\/COPA1.png 496w\" sizes=\"auto, (max-width: 300px) 100vw, 300px\" \/><\/a><a class=\"dt-pswp-item\" href=\"https:\/\/www.radiopiu.net\/wordpress\/wp-content\/uploads\/2024\/11\/COPA3.png\" data-dt-img-description=\"\" data-large_image_width=\"517\" data-large_image_height=\"305\"><img loading=\"lazy\" decoding=\"async\" class=\"alignnone size-medium wp-image-420378\" src=\"https:\/\/www.radiopiu.net\/wordpress\/wp-content\/uploads\/2024\/11\/COPA3-300x177.png\" alt=\"\" width=\"300\" height=\"177\" srcset=\"https:\/\/www.radiopiu.net\/wordpress\/wp-content\/uploads\/2024\/11\/COPA3-300x177.png 300w, https:\/\/www.radiopiu.net\/wordpress\/wp-content\/uploads\/2024\/11\/COPA3.png 517w\" sizes=\"auto, (max-width: 300px) 100vw, 300px\" \/><\/a><\/p>\n<hr \/>\n<p>&nbsp;<\/p>\n<p>&nbsp;<\/p>\n<p><strong><a class=\"dt-pswp-item\" href=\"https:\/\/www.radiopiu.net\/wordpress\/wp-content\/uploads\/2023\/12\/ANTENNA.png\" data-dt-img-description=\"\" data-large_image_width=\"300\" data-large_image_height=\"166\"><img loading=\"lazy\" decoding=\"async\" class=\" wp-image-366306 alignleft\" src=\"https:\/\/www.radiopiu.net\/wordpress\/wp-content\/uploads\/2023\/12\/ANTENNA.png\" alt=\"\" width=\"175\" height=\"97\" \/><\/a>ogni sera alle 19 le anticipazioni alla radio, quello che poi seguirete nel TELEGIORNALE BELLUNESE\u00a0 in onda alle 19.30 sul CANALE 10 del digitale terrestre.\u00a0\u00a0<\/strong><\/p>\n<p><strong>LE ANTICIPAZIONI DAL TG DI ANTENNA 3 DI TIZIANA BOLOGNANI<\/strong><\/p>\n<audio class=\"wp-audio-shortcode\" id=\"audio-420135-9\" preload=\"none\" style=\"width: 100%;\" controls=\"controls\"><source type=\"audio\/mpeg\" src=\"https:\/\/www.radiopiu.net\/wordpress\/wp-content\/uploads\/2024\/11\/ANTENNA3-12.mp3?_=9\" \/><a href=\"https:\/\/www.radiopiu.net\/wordpress\/wp-content\/uploads\/2024\/11\/ANTENNA3-12.mp3\">https:\/\/www.radiopiu.net\/wordpress\/wp-content\/uploads\/2024\/11\/ANTENNA3-12.mp3<\/a><\/audio>\n<p>&nbsp;<\/p>\n<hr \/>\n<p>&nbsp;<\/p>\n<p>&nbsp;<\/p>\n<p><strong><a class=\"dt-pswp-item\" href=\"https:\/\/www.radiopiu.net\/wordpress\/wp-content\/uploads\/2020\/05\/VENETO-STRADE.png\" data-dt-img-description=\"\" data-large_image_width=\"400\" data-large_image_height=\"400\"><img loading=\"lazy\" decoding=\"async\" class=\" wp-image-135574 alignleft\" src=\"https:\/\/www.radiopiu.net\/wordpress\/wp-content\/uploads\/2020\/05\/VENETO-STRADE-300x300.png\" alt=\"\" width=\"75\" height=\"75\" srcset=\"https:\/\/www.radiopiu.net\/wordpress\/wp-content\/uploads\/2020\/05\/VENETO-STRADE-300x300.png 300w, https:\/\/www.radiopiu.net\/wordpress\/wp-content\/uploads\/2020\/05\/VENETO-STRADE-150x150.png 150w, https:\/\/www.radiopiu.net\/wordpress\/wp-content\/uploads\/2020\/05\/VENETO-STRADE.png 400w\" sizes=\"auto, (max-width: 75px) 100vw, 75px\" \/><\/a><\/strong><strong>SP 12 PEDEMONTANA<\/strong><br \/>\n<strong>VIA SAN OSVALDO, COMUNE DI PEDAVENA<\/strong><\/p>\n<p>Oggi e domani interdizione totale alla circolazione per lavori di riparazione condotta fognaria<\/p>\n<p>&nbsp;<\/p>\n<p>&nbsp;<\/p>\n<p>&nbsp;<\/p>\n<hr \/>\n<p>&nbsp;<\/p>\n<blockquote>\n<h2>OGGI L&#8217;ULTIMO SALUTO A PATRICK DELL&#8217;OSBEL<\/h2>\n<\/blockquote>\n<p><img loading=\"lazy\" decoding=\"async\" class=\"alignleft\" src=\"https:\/\/www.radiopiu.net\/wordpress\/wp-content\/uploads\/2024\/11\/Senza-nome-74.png\" width=\"174\" height=\"167\" \/><\/p>\n<p><strong>LA VALLE<\/strong> Oggi alle 14.30 nella Chiesa Parrocchiale di La Valle Agordina, saranno celebrati i funerali di Patrick Dell&#8217;Osbel, 36 anni, mancato improvvisamente nella sua abitazione a Conaggia di La Valle Agordina. Una comunit\u00e0 si stringe ai famigliari, al figlio Dherek, alla mamma Mara, pap\u00e0 Sergio, fratello Cristian con Barbara e Denny. La famiglia ha porto un ringraziamento ai medici e personale Suem del Pronto Soccorso di Agordo.<\/p>\n<p>&nbsp;<\/p>\n<p>&nbsp;<\/p>\n<p>&nbsp;<\/p>\n<p>&nbsp;<\/p>\n<p>&nbsp;<\/p>\n<hr \/>\n<p>&nbsp;<\/p>\n<blockquote>\n<h2>E&#8217; MORTO ADUO VIO Fondatore della Famiglia Bellunese in Germania<\/h2>\n<\/blockquote>\n<p data-pm-slice=\"1 1 []\"><a class=\"dt-pswp-item\" href=\"https:\/\/www.radiopiu.net\/wordpress\/wp-content\/uploads\/2024\/11\/aduoi_vio-1-e1731945187654.jpg\" data-dt-img-description=\"\" data-large_image_width=\"1500\" data-large_image_height=\"1024\"><img loading=\"lazy\" decoding=\"async\" class=\" wp-image-420312 alignleft\" src=\"https:\/\/www.radiopiu.net\/wordpress\/wp-content\/uploads\/2024\/11\/aduoi_vio-1-e1731945187654-300x205.jpg\" alt=\"\" width=\"260\" height=\"178\" srcset=\"https:\/\/www.radiopiu.net\/wordpress\/wp-content\/uploads\/2024\/11\/aduoi_vio-1-e1731945187654-300x205.jpg 300w, https:\/\/www.radiopiu.net\/wordpress\/wp-content\/uploads\/2024\/11\/aduoi_vio-1-e1731945187654-1024x699.jpg 1024w, https:\/\/www.radiopiu.net\/wordpress\/wp-content\/uploads\/2024\/11\/aduoi_vio-1-e1731945187654-768x524.jpg 768w, https:\/\/www.radiopiu.net\/wordpress\/wp-content\/uploads\/2024\/11\/aduoi_vio-1-e1731945187654.jpg 1500w\" sizes=\"auto, (max-width: 260px) 100vw, 260px\" \/><\/a>Belluno si prepara a dare l\u2019ultimo addio ad Aduo Vio, fondatore e presidente onorario della Famiglia Bellunese del Nord Reno-Westfalia, in Germania. I funerali si terranno domani alle 15.00 presso la Cattedrale di Belluno, presieduti dal vescovo mons. Renato Marangoni, con la partecipazione di familiari, amici e rappresentanti delle comunit\u00e0 bellunesi.<\/p>\n<p>Figura di spicco per gli emigrati bellunesi, Vio ha dedicato la sua vita a rafforzare i legami con la terra d&#8217;origine, creando ponti culturali e sociali tra Belluno e la comunit\u00e0 in Germania. Il suo impegno ha reso la Famiglia Bellunese un punto di riferimento per l&#8217;integrazione e la conservazione delle tradizioni.<\/p>\n<p>Oscar De Bona, presidente dell&#8217;Associazione Bellunesi nel Mondo, ha ricordato Vio come \u00aborgoglio di Belluno\u00bb. La cerimonia vedr\u00e0 anche un omaggio musicale di Giorgio Fornasier.<\/p>\n<p>&nbsp;<\/p>\n<hr \/>\n<p>&nbsp;<\/p>\n<p>&nbsp;<\/p>\n<blockquote>\n<h2 class=\"articlePlainSubHead\"><em><a class=\"dt-pswp-item\" href=\"https:\/\/www.radiopiu.net\/wordpress\/wp-content\/uploads\/2021\/07\/b39c74f9-db73-45b1-b518-6c028072e3ad.jpg\" data-dt-img-description=\"\" data-large_image_width=\"1062\" data-large_image_height=\"1328\"><img loading=\"lazy\" decoding=\"async\" class=\"wp-image-222511 alignleft\" src=\"https:\/\/www.radiopiu.net\/wordpress\/wp-content\/uploads\/2021\/07\/b39c74f9-db73-45b1-b518-6c028072e3ad-240x300.jpg\" alt=\"\" width=\"119\" height=\"149\" srcset=\"https:\/\/www.radiopiu.net\/wordpress\/wp-content\/uploads\/2021\/07\/b39c74f9-db73-45b1-b518-6c028072e3ad-240x300.jpg 240w, https:\/\/www.radiopiu.net\/wordpress\/wp-content\/uploads\/2021\/07\/b39c74f9-db73-45b1-b518-6c028072e3ad-819x1024.jpg 819w, https:\/\/www.radiopiu.net\/wordpress\/wp-content\/uploads\/2021\/07\/b39c74f9-db73-45b1-b518-6c028072e3ad-768x960.jpg 768w, https:\/\/www.radiopiu.net\/wordpress\/wp-content\/uploads\/2021\/07\/b39c74f9-db73-45b1-b518-6c028072e3ad.jpg 1062w\" sizes=\"auto, (max-width: 119px) 100vw, 119px\" \/><\/a>Malore in terrazzo, soccorso a Belluno<\/em><\/h2>\n<\/blockquote>\n<div class=\"articlePlainSubHead\"><strong>BELLUNO\u00a0<\/strong> Ha un malore e resta chiuso fuori di casa. Nel tardo pomeriggio di ieri un residente del centro \u00e8 stato soccorso dai vigili del fuoco e dall&#8217;ambulanza del Pronto soccorso a causa di un malore che ha accusato.<\/div>\n<div class=\"articlePlainText\">L&#8217;uomo, tra le altre cose, era rimasto anche chiuso sul terrazzo ed \u00e8 l\u00ec che i vigili del fuoco lo hanno trovato dopo aver aperto la porta di ingresso dell&#8217;abitazione del centro citt\u00e0, tra via Sant&#8217;Andrea e la via San Lucano.<\/div>\n<div class=\"articlePlainText\">Preso in carico dai sanitari, il bellunese \u00e8 stato trasferito al Pronto soccorso del San Martino per i consueti accertamenti<\/div>\n<p>&nbsp;<\/p>\n<hr \/>\n<p>&nbsp;<\/p>\n<blockquote>\n<h1>Quattro giovani denunciati per rapina a un coetaneo<\/h1>\n<\/blockquote>\n<p><strong><img loading=\"lazy\" decoding=\"async\" class=\"alignleft\" src=\"https:\/\/www.radiopiu.net\/wordpress\/wp-content\/uploads\/2023\/12\/adff62d8-42da-4b2e-8aae-522a5ff02b4a.jpg\" width=\"273\" height=\"205\" \/>FELTRE<\/strong><\/p>\n<p>I Carabinieri della Compagnia di Feltre hanno identificato i responsabili della rapina avvenuta il 2 settembre scorso. Quattro ragazzi, dopo aver accerchiato e minacciato un coetaneo, gli avevano strappato l\u2019orologio dal polso.<\/p>\n<p>Grazie alle indagini del nucleo operativo, supportate da riprese di telecamere e dal ritrovamento degli abiti indossati durante l\u2019aggressione, gli autori sono stati individuati. L\u2019orologio, gi\u00e0 rivenduto, \u00e8 stato recuperato. I quattro, tutti residenti nel feltrino, sono stati denunciati alla Procura della Repubblica per i minori che ha diretto le indagini<\/p>\n<p>&nbsp;<\/p>\n<p>&nbsp;<\/p>\n<p>&nbsp;<\/p>\n<hr \/>\n<p>&nbsp;<\/p>\n<blockquote>\n<h3>QUALITA&#8217; DELLA VITA, BELLUNO SCENDE DI NUOVO<\/h3>\n<\/blockquote>\n<blockquote><p><em>Belluno scende al 35\u00b0 posto, ma il presidente della Provincia sottolinea l&#8217;importanza di migliorare i servizi nelle aree periferiche<\/em><\/p><\/blockquote>\n<p><strong>BELLUNO<\/strong><\/p>\n<div class=\"flex max-w-full flex-col flex-grow\">\n<div class=\"min-h-8 text-message flex w-full flex-col items-end gap-2 whitespace-normal break-words [.text-message+&amp;]:mt-5\" dir=\"auto\" data-message-author-role=\"assistant\" data-message-id=\"76b7f586-ce5d-4ed9-a6a0-9d65721b2c87\" data-message-model-slug=\"gpt-4o-mini\">\n<div class=\"flex w-full flex-col gap-1 empty:hidden first:pt-[3px]\">\n<div class=\"markdown prose w-full break-words dark:prose-invert dark\">\n<p><img loading=\"lazy\" decoding=\"async\" class=\"alignleft\" src=\"https:\/\/www.radiopiu.net\/wordpress\/wp-content\/uploads\/2021\/06\/6bda7d20-2bca-46b1-9c47-7864eeb8da9e.jpg\" width=\"262\" height=\"147\" \/>Il presidente della Provincia di Belluno, Roberto Padrin, commenta il calo di 13 posizioni nella nuova classifica di qualit\u00e0 della vita pubblicata da <em>Italia Oggi<\/em>, che vede Belluno al 35\u00b0 posto. Nonostante la buona performance in categorie come &#8220;Affari e lavoro&#8221;, &#8220;Ambiente&#8221; e &#8220;Istruzione&#8221;, Padrin evidenzia la difficolt\u00e0 di tradurre la realt\u00e0 complessa di un territorio montano in una semplice graduatoria. \u00abLa qualit\u00e0 della vita si misura anche dalla capacit\u00e0 di un territorio di offrire benessere ai suoi abitanti. Tuttavia, numeri e classifiche non riescono a raccontare appieno la nostra realt\u00e0\u00bb, afferma Padrin. Sebbene le categorie come &#8220;Popolazione&#8221; mostrino un leggero miglioramento, gli indicatori di &#8220;Reddito e ricchezza&#8221;, &#8220;Sicurezza sociale&#8221; e &#8220;Salute&#8221; sono in calo, segno di un territorio che soffre a causa dello spopolamento e della carenza di servizi nelle aree periferiche. Il presidente della Provincia invita a focalizzarsi anche sulla rarefazione dei servizi in montagna e nelle zone pi\u00f9 isolate, che non trovano spazio in queste classifiche, ma sono una realt\u00e0 da affrontare con urgenza. &#8220;Lavoriamo per migliorare e rendere Belluno un luogo dove vivere bene, con un ambiente salubre e opportunit\u00e0 di lavoro&#8221;, conclude Padrin<\/p>\n<\/div>\n<\/div>\n<\/div>\n<\/div>\n<p>&nbsp;<\/p>\n<p>&nbsp;<\/p>\n<hr \/>\n<p>&nbsp;<\/p>\n<blockquote><p><strong><em>CHI PROTEGGE CHI? VERITA&#8217; O LEGGENDE METROPOLITANE, DAL CONSIGLIERE ORA SERVE SINCERITA&#8217; E CHIAREZZA, DICA QUELLO CHE SA.\u00a0<\/em><\/strong><\/p>\n<p>di Mirko Mezzacasa<\/p>\n<p><strong>AUDIO DAL CONSIGLIO COMUNALE, PAOLO SELVA MORETTI<\/strong><\/p>\n<audio class=\"wp-audio-shortcode\" id=\"audio-420135-10\" preload=\"none\" style=\"width: 100%;\" controls=\"controls\"><source type=\"audio\/mpeg\" src=\"https:\/\/www.radiopiu.net\/wordpress\/wp-content\/uploads\/2024\/11\/paolo-ccccc.mp3?_=10\" \/><a href=\"https:\/\/www.radiopiu.net\/wordpress\/wp-content\/uploads\/2024\/11\/paolo-ccccc.mp3\">https:\/\/www.radiopiu.net\/wordpress\/wp-content\/uploads\/2024\/11\/paolo-ccccc.mp3<\/a><\/audio>\n<p>&nbsp;<\/p><\/blockquote>\n<div class=\"flex-1 overflow-hidden\">\n<div class=\"h-full\">\n<div class=\"react-scroll-to-bottom--css-xgxjv-79elbk h-full\">\n<div class=\"react-scroll-to-bottom--css-xgxjv-1n7m0yu\">\n<div class=\"flex flex-col text-sm md:pb-9\">\n<article class=\"w-full scroll-mb-[var(--thread-trailing-height,150px)] text-token-text-primary focus-visible:outline-2 focus-visible:outline-offset-[-4px]\" dir=\"auto\" data-testid=\"conversation-turn-15\" data-scroll-anchor=\"true\">\n<div class=\"m-auto text-base py-[18px] px-3 md:px-4 w-full md:px-5 lg:px-4 xl:px-5\">\n<div class=\"mx-auto flex flex-1 gap-4 text-base md:gap-5 lg:gap-6 md:max-w-3xl lg:max-w-[40rem] xl:max-w-[48rem]\">\n<div class=\"group\/conversation-turn relative flex w-full min-w-0 flex-col agent-turn\">\n<div class=\"flex-col gap-1 md:gap-3\">\n<div class=\"flex max-w-full flex-col flex-grow\">\n<div class=\"min-h-8 text-message flex w-full flex-col items-end gap-2 whitespace-normal break-words [.text-message+&amp;]:mt-5\" dir=\"auto\" data-message-author-role=\"assistant\" data-message-id=\"9ff3714b-a13e-458a-8595-52992c3facb8\" data-message-model-slug=\"gpt-4o\">\n<div class=\"flex w-full flex-col gap-1 empty:hidden first:pt-[3px]\">\n<div class=\"markdown prose w-full break-words dark:prose-invert dark\">\n<p><strong><img loading=\"lazy\" decoding=\"async\" class=\"alignleft\" src=\"https:\/\/www.radiopiu.net\/wordpress\/wp-content\/uploads\/2024\/11\/7475742c-c075-44ba-bf2b-a4473cad6ebb.jpg\" width=\"313\" height=\"176\" \/>AGORDO<\/strong> Durante la seduta di ieri sera del Consiglio comunale di Agordo, il tema della sicurezza e del degrado urbano ha scaldato il dibattito. La minoranza ha sollevato critiche riguardo ai recenti episodi di violenza avvenuti in citt\u00e0.<\/p>\n<p>Paolo Selva Moretti, ha accusato \u2014 senza specificare chi \u2014 di adottare atteggiamenti di protezione verso i &#8220;disadattati&#8221;. Le parole, non accompagnate da dettagli concreti, hanno acceso interrogativi e suscitato tensioni. L\u2019accusa, vaga e non indirizzata a un preciso soggetto, lascia spazio a interpretazioni e richiederebbe un maggiore approfondimento per chiarire chi o cosa la minoranza intenda con il termine \u201cproteggere\u201d. La questione della gestione del disagio sociale e del degrado rimane un argomento sensibile per la comunit\u00e0, con opinioni che sembrano polarizzarsi tra chi chiede un approccio pi\u00f9 repressivo e chi, invece, insiste sull\u2019importanza di politiche sociali inclusive. Resta da vedere se il Consiglio affronter\u00e0 il tema in modo pi\u00f9 approfondito nei prossimi incontri, chiarendo le posizioni e proponendo soluzioni concrete per garantire sicurezza e decoro urbano, senza cadere in accuse generiche, ma anche per chiarire alla popolazione quella frase&#8230; &#8220;Chi protegge chi?&#8221;<\/p>\n<\/div>\n<\/div>\n<\/div>\n<\/div>\n<\/div>\n<\/div>\n<\/div>\n<\/div>\n<\/article>\n<\/div>\n<\/div>\n<\/div>\n<\/div>\n<\/div>\n<p>&nbsp;<\/p>\n<p>&nbsp;<\/p>\n<hr \/>\n<p>&nbsp;<\/p>\n<p>&nbsp;<\/p>\n<blockquote>\n<h1><a class=\"dt-pswp-item\" href=\"https:\/\/www.radiopiu.net\/wordpress\/wp-content\/uploads\/2024\/11\/MINORANZA-AGORDO.png\" data-dt-img-description=\"\" data-large_image_width=\"778\" data-large_image_height=\"366\"><img loading=\"lazy\" decoding=\"async\" class=\"size-medium wp-image-420359 alignleft\" src=\"https:\/\/www.radiopiu.net\/wordpress\/wp-content\/uploads\/2024\/11\/MINORANZA-AGORDO-300x141.png\" alt=\"\" width=\"300\" height=\"141\" srcset=\"https:\/\/www.radiopiu.net\/wordpress\/wp-content\/uploads\/2024\/11\/MINORANZA-AGORDO-300x141.png 300w, https:\/\/www.radiopiu.net\/wordpress\/wp-content\/uploads\/2024\/11\/MINORANZA-AGORDO-768x361.png 768w, https:\/\/www.radiopiu.net\/wordpress\/wp-content\/uploads\/2024\/11\/MINORANZA-AGORDO.png 778w\" sizes=\"auto, (max-width: 300px) 100vw, 300px\" \/><\/a>Sicurezza, la minoranza all&#8217;attacco \u00abLa gente ha paura, dovete agire\u00bb<\/h1>\n<\/blockquote>\n<p>&nbsp;<\/p>\n<p><strong>DI GIANNI SANTOMASO\u00a0\u00a0<\/strong><\/p>\n<audio class=\"wp-audio-shortcode\" id=\"audio-420135-11\" preload=\"none\" style=\"width: 100%;\" controls=\"controls\"><source type=\"audio\/mpeg\" src=\"https:\/\/www.radiopiu.net\/wordpress\/wp-content\/uploads\/2024\/11\/gianni-consiglio-agordo.mp3?_=11\" \/><a href=\"https:\/\/www.radiopiu.net\/wordpress\/wp-content\/uploads\/2024\/11\/gianni-consiglio-agordo.mp3\">https:\/\/www.radiopiu.net\/wordpress\/wp-content\/uploads\/2024\/11\/gianni-consiglio-agordo.mp3<\/a><\/audio>\n<p>&nbsp;<\/p>\n<p>&nbsp;<\/p>\n<hr \/>\n<p>&nbsp;<\/p>\n<blockquote>\n<h1>CONSIGLIO COMUNALE, LA DIRETTA DI RADIOPIU<\/h1>\n<\/blockquote>\n<p>&nbsp;<\/p>\n<p><iframe loading=\"lazy\" title=\"Consiglio Comunale di Agordo \/ 18 novembre 2024\" width=\"1200\" height=\"900\" src=\"https:\/\/www.youtube.com\/embed\/5Ud7VGFJf7w?feature=oembed\" frameborder=\"0\" allow=\"accelerometer; autoplay; clipboard-write; encrypted-media; gyroscope; picture-in-picture; web-share\" referrerpolicy=\"strict-origin-when-cross-origin\" allowfullscreen><\/iframe><\/p>\n<p>&nbsp;<\/p>\n<hr \/>\n<p>&nbsp;<\/p>\n<blockquote>\n<h2>Giornata di premiazioni alla Camera di Commercio di Treviso Belluno Dolomiti<\/h2>\n<\/blockquote>\n<p>&nbsp;<\/p>\n<p><strong><a class=\"dt-pswp-item\" href=\"https:\/\/www.radiopiu.net\/wordpress\/wp-content\/uploads\/2024\/11\/5d9408b0-2f8e-41f5-9d95-c83a8c2cc62e-scaled.jpg\" data-dt-img-description=\"\" data-large_image_width=\"1920\" data-large_image_height=\"2560\"><img loading=\"lazy\" decoding=\"async\" class=\"wp-image-420288 alignleft\" src=\"https:\/\/www.radiopiu.net\/wordpress\/wp-content\/uploads\/2024\/11\/5d9408b0-2f8e-41f5-9d95-c83a8c2cc62e-225x300.jpg\" alt=\"\" width=\"169\" height=\"225\" srcset=\"https:\/\/www.radiopiu.net\/wordpress\/wp-content\/uploads\/2024\/11\/5d9408b0-2f8e-41f5-9d95-c83a8c2cc62e-225x300.jpg 225w, https:\/\/www.radiopiu.net\/wordpress\/wp-content\/uploads\/2024\/11\/5d9408b0-2f8e-41f5-9d95-c83a8c2cc62e-768x1024.jpg 768w, https:\/\/www.radiopiu.net\/wordpress\/wp-content\/uploads\/2024\/11\/5d9408b0-2f8e-41f5-9d95-c83a8c2cc62e-1152x1536.jpg 1152w, https:\/\/www.radiopiu.net\/wordpress\/wp-content\/uploads\/2024\/11\/5d9408b0-2f8e-41f5-9d95-c83a8c2cc62e-1536x2048.jpg 1536w, https:\/\/www.radiopiu.net\/wordpress\/wp-content\/uploads\/2024\/11\/5d9408b0-2f8e-41f5-9d95-c83a8c2cc62e-scaled.jpg 1920w\" sizes=\"auto, (max-width: 169px) 100vw, 169px\" \/><\/a><\/strong><\/p>\n<p>&nbsp;<\/p>\n<p><strong>BELLUNO<\/strong><\/p>\n<p data-pm-slice=\"1 1 []\">La cerimonia di premiazione Fedelt\u00e0 al lavoro e progresso economico, giunta alla quarta edizione, ha celebrato 18 realt\u00e0 locali per il loro contributo alla crescita economica e sociale. Premiate imprese, lavoratori e amministratori, con particolare attenzione alle aziende di Agordino. Cinque i premi speciali conferiti dalla giunta camerale. L\u2019evento ha sottolineato l&#8217;importanza della continuit\u00e0 generazionale e dell&#8217;innovazione nell&#8217;imprenditoria bellunese.<\/p>\n<p data-pm-slice=\"1 1 []\"><strong>DI DANIELE DALVIT<\/strong><\/p>\n<audio class=\"wp-audio-shortcode\" id=\"audio-420135-12\" preload=\"none\" style=\"width: 100%;\" controls=\"controls\"><source type=\"audio\/mpeg\" src=\"https:\/\/www.radiopiu.net\/wordpress\/wp-content\/uploads\/2024\/11\/Servizio-Premi-Camera-Commercio-2024.mp3?_=12\" \/><a href=\"https:\/\/www.radiopiu.net\/wordpress\/wp-content\/uploads\/2024\/11\/Servizio-Premi-Camera-Commercio-2024.mp3\">https:\/\/www.radiopiu.net\/wordpress\/wp-content\/uploads\/2024\/11\/Servizio-Premi-Camera-Commercio-2024.mp3<\/a><\/audio>\n<p>&nbsp;<\/p>\n<p><a class=\"dt-pswp-item\" href=\"https:\/\/www.radiopiu.net\/wordpress\/wp-content\/uploads\/2024\/11\/7435bca4-768f-424b-a7ac-270311b448f8-scaled.jpg\" data-dt-img-description=\"\" data-large_image_width=\"2560\" data-large_image_height=\"1920\"><img loading=\"lazy\" decoding=\"async\" class=\"alignnone size-medium wp-image-420283\" src=\"https:\/\/www.radiopiu.net\/wordpress\/wp-content\/uploads\/2024\/11\/7435bca4-768f-424b-a7ac-270311b448f8-300x225.jpg\" alt=\"\" width=\"300\" height=\"225\" srcset=\"https:\/\/www.radiopiu.net\/wordpress\/wp-content\/uploads\/2024\/11\/7435bca4-768f-424b-a7ac-270311b448f8-300x225.jpg 300w, https:\/\/www.radiopiu.net\/wordpress\/wp-content\/uploads\/2024\/11\/7435bca4-768f-424b-a7ac-270311b448f8-1024x768.jpg 1024w, https:\/\/www.radiopiu.net\/wordpress\/wp-content\/uploads\/2024\/11\/7435bca4-768f-424b-a7ac-270311b448f8-768x576.jpg 768w, https:\/\/www.radiopiu.net\/wordpress\/wp-content\/uploads\/2024\/11\/7435bca4-768f-424b-a7ac-270311b448f8-1536x1152.jpg 1536w, https:\/\/www.radiopiu.net\/wordpress\/wp-content\/uploads\/2024\/11\/7435bca4-768f-424b-a7ac-270311b448f8-2048x1536.jpg 2048w\" sizes=\"auto, (max-width: 300px) 100vw, 300px\" \/><\/a><a class=\"dt-pswp-item\" href=\"https:\/\/www.radiopiu.net\/wordpress\/wp-content\/uploads\/2024\/11\/a978a485-2643-4a6c-8c40-150a8d958358-scaled.jpg\" data-dt-img-description=\"\" data-large_image_width=\"2560\" data-large_image_height=\"1920\"><img loading=\"lazy\" decoding=\"async\" class=\"alignnone size-medium wp-image-420284\" src=\"https:\/\/www.radiopiu.net\/wordpress\/wp-content\/uploads\/2024\/11\/a978a485-2643-4a6c-8c40-150a8d958358-300x225.jpg\" alt=\"\" width=\"300\" height=\"225\" srcset=\"https:\/\/www.radiopiu.net\/wordpress\/wp-content\/uploads\/2024\/11\/a978a485-2643-4a6c-8c40-150a8d958358-300x225.jpg 300w, https:\/\/www.radiopiu.net\/wordpress\/wp-content\/uploads\/2024\/11\/a978a485-2643-4a6c-8c40-150a8d958358-1024x768.jpg 1024w, https:\/\/www.radiopiu.net\/wordpress\/wp-content\/uploads\/2024\/11\/a978a485-2643-4a6c-8c40-150a8d958358-768x576.jpg 768w, https:\/\/www.radiopiu.net\/wordpress\/wp-content\/uploads\/2024\/11\/a978a485-2643-4a6c-8c40-150a8d958358-1536x1152.jpg 1536w, https:\/\/www.radiopiu.net\/wordpress\/wp-content\/uploads\/2024\/11\/a978a485-2643-4a6c-8c40-150a8d958358-2048x1536.jpg 2048w\" sizes=\"auto, (max-width: 300px) 100vw, 300px\" \/><\/a><a class=\"dt-pswp-item\" href=\"https:\/\/www.radiopiu.net\/wordpress\/wp-content\/uploads\/2024\/11\/c0a8ae97-423c-432a-8ea7-5769274ee2e0-scaled.jpg\" data-dt-img-description=\"\" data-large_image_width=\"2560\" data-large_image_height=\"1920\"><img loading=\"lazy\" decoding=\"async\" class=\"alignnone size-medium wp-image-420285\" src=\"https:\/\/www.radiopiu.net\/wordpress\/wp-content\/uploads\/2024\/11\/c0a8ae97-423c-432a-8ea7-5769274ee2e0-300x225.jpg\" alt=\"\" width=\"300\" height=\"225\" srcset=\"https:\/\/www.radiopiu.net\/wordpress\/wp-content\/uploads\/2024\/11\/c0a8ae97-423c-432a-8ea7-5769274ee2e0-300x225.jpg 300w, https:\/\/www.radiopiu.net\/wordpress\/wp-content\/uploads\/2024\/11\/c0a8ae97-423c-432a-8ea7-5769274ee2e0-1024x768.jpg 1024w, https:\/\/www.radiopiu.net\/wordpress\/wp-content\/uploads\/2024\/11\/c0a8ae97-423c-432a-8ea7-5769274ee2e0-768x576.jpg 768w, https:\/\/www.radiopiu.net\/wordpress\/wp-content\/uploads\/2024\/11\/c0a8ae97-423c-432a-8ea7-5769274ee2e0-1536x1152.jpg 1536w, https:\/\/www.radiopiu.net\/wordpress\/wp-content\/uploads\/2024\/11\/c0a8ae97-423c-432a-8ea7-5769274ee2e0-2048x1536.jpg 2048w\" sizes=\"auto, (max-width: 300px) 100vw, 300px\" \/><\/a><a class=\"dt-pswp-item\" href=\"https:\/\/www.radiopiu.net\/wordpress\/wp-content\/uploads\/2024\/11\/feef6675-693c-4ff6-87a5-3f8dd37b2f48-scaled.jpg\" data-dt-img-description=\"\" data-large_image_width=\"2560\" data-large_image_height=\"1920\"><img loading=\"lazy\" decoding=\"async\" class=\"alignnone size-medium wp-image-420286\" src=\"https:\/\/www.radiopiu.net\/wordpress\/wp-content\/uploads\/2024\/11\/feef6675-693c-4ff6-87a5-3f8dd37b2f48-300x225.jpg\" alt=\"\" width=\"300\" height=\"225\" srcset=\"https:\/\/www.radiopiu.net\/wordpress\/wp-content\/uploads\/2024\/11\/feef6675-693c-4ff6-87a5-3f8dd37b2f48-300x225.jpg 300w, https:\/\/www.radiopiu.net\/wordpress\/wp-content\/uploads\/2024\/11\/feef6675-693c-4ff6-87a5-3f8dd37b2f48-1024x768.jpg 1024w, https:\/\/www.radiopiu.net\/wordpress\/wp-content\/uploads\/2024\/11\/feef6675-693c-4ff6-87a5-3f8dd37b2f48-768x576.jpg 768w, https:\/\/www.radiopiu.net\/wordpress\/wp-content\/uploads\/2024\/11\/feef6675-693c-4ff6-87a5-3f8dd37b2f48-1536x1152.jpg 1536w, https:\/\/www.radiopiu.net\/wordpress\/wp-content\/uploads\/2024\/11\/feef6675-693c-4ff6-87a5-3f8dd37b2f48-2048x1536.jpg 2048w\" sizes=\"auto, (max-width: 300px) 100vw, 300px\" \/><\/a><\/p>\n<p>&nbsp;<\/p>\n<p>&nbsp;<\/p>\n<hr \/>\n<p>&nbsp;<\/p>\n<blockquote>\n<h2>Impianto Apollonio-Socrepes: Presentate le contro osservazioni dal Comitato Civico Cortina<\/h2>\n<\/blockquote>\n<p><strong><a class=\"dt-pswp-item\" href=\"https:\/\/www.radiopiu.net\/wordpress\/wp-content\/uploads\/2024\/11\/6b2fb9d7-80c7-47fb-9639-e1b55632f2f0.jpg\" data-dt-img-description=\"\" data-large_image_width=\"800\" data-large_image_height=\"446\"><img loading=\"lazy\" decoding=\"async\" class=\"size-medium wp-image-420353 alignleft\" src=\"https:\/\/www.radiopiu.net\/wordpress\/wp-content\/uploads\/2024\/11\/6b2fb9d7-80c7-47fb-9639-e1b55632f2f0-300x167.jpg\" alt=\"\" width=\"300\" height=\"167\" srcset=\"https:\/\/www.radiopiu.net\/wordpress\/wp-content\/uploads\/2024\/11\/6b2fb9d7-80c7-47fb-9639-e1b55632f2f0-300x167.jpg 300w, https:\/\/www.radiopiu.net\/wordpress\/wp-content\/uploads\/2024\/11\/6b2fb9d7-80c7-47fb-9639-e1b55632f2f0-768x428.jpg 768w, https:\/\/www.radiopiu.net\/wordpress\/wp-content\/uploads\/2024\/11\/6b2fb9d7-80c7-47fb-9639-e1b55632f2f0.jpg 800w\" sizes=\"auto, (max-width: 300px) 100vw, 300px\" \/><\/a>CORTINA<\/strong>\u00a0 Il progetto della cabinovia Apollonio-Socrepes, presentato da Pool Engineering e Quick No Problem Parking, ha ricevuto nuove contro osservazioni dal Comitato Civico Cortina, dopo la risposta dei proponenti alle osservazioni della commissione Via regionale e delle associazioni locali. Tra i punti critici sollevati: <strong>Rischio frana<\/strong>: Nonostante il riconoscimento della pericolosit\u00e0 del sito, i proponenti non hanno fornito dettagli tecnici sulle misure di mitigazione. La possibilit\u00e0 di sospensione dell\u2019impianto in caso di movimenti del suolo \u00e8 elevata, un rischio simile a quello che ha colpito il Tofana Express nel 2024. <strong>Doppione dell\u2019impianto Freccia nel Cielo<\/strong>: Il Comitato riconosce che la cabinovia proposta \u00e8 parzialmente ridondante rispetto a quella utilizzata per i Mondiali del 2021. <strong>Cronoprogramma<\/strong>: I tempi per completare l\u2019opera non coincidono con quelli previsti per le Olimpiadi 2026, con gi\u00e0 tre mesi di ritardo. Il progetto rischia di non essere pronto in tempo. In sintesi, il Comitato Civico Cortina solleva dubbi sulla fattibilit\u00e0 e sulla sicurezza del progetto.<\/p>\n<p><strong>DI BARBARA PAOLAZZI PER LE TRE RADIO<\/strong><\/p>\n<audio class=\"wp-audio-shortcode\" id=\"audio-420135-13\" preload=\"none\" style=\"width: 100%;\" controls=\"controls\"><source type=\"audio\/mpeg\" src=\"https:\/\/www.radiopiu.net\/wordpress\/wp-content\/uploads\/2024\/11\/BARBARA-CORTINA.mp3?_=13\" \/><a href=\"https:\/\/www.radiopiu.net\/wordpress\/wp-content\/uploads\/2024\/11\/BARBARA-CORTINA.mp3\">https:\/\/www.radiopiu.net\/wordpress\/wp-content\/uploads\/2024\/11\/BARBARA-CORTINA.mp3<\/a><\/audio>\n<p>&nbsp;<\/p>\n<hr \/>\n<p>&nbsp;<\/p>\n<p><strong>LA GIUDIZIARIA OGGI<\/strong><br \/>\n<strong>DAL CORRIERE DELLE ALPI<\/strong><br \/>\n<strong>GIGI SOSSO<\/strong><\/p>\n<div class=\"flex-1 overflow-hidden\">\n<div class=\"h-full\">\n<div class=\"react-scroll-to-bottom--css-xgxjv-79elbk h-full\">\n<div class=\"react-scroll-to-bottom--css-xgxjv-1n7m0yu\">\n<div class=\"flex flex-col text-sm md:pb-9\">\n<article class=\"w-full scroll-mb-[var(--thread-trailing-height,150px)] text-token-text-primary focus-visible:outline-2 focus-visible:outline-offset-[-4px]\" dir=\"auto\" data-testid=\"conversation-turn-17\" data-scroll-anchor=\"true\">\n<div class=\"m-auto text-base py-[18px] px-3 md:px-4 w-full md:px-5 lg:px-4 xl:px-5\">\n<div class=\"mx-auto flex flex-1 gap-4 text-base md:gap-5 lg:gap-6 md:max-w-3xl lg:max-w-[40rem] xl:max-w-[48rem]\">\n<div class=\"group\/conversation-turn relative flex w-full min-w-0 flex-col agent-turn\">\n<div class=\"flex-col gap-1 md:gap-3\">\n<div class=\"flex max-w-full flex-col flex-grow\">\n<div class=\"min-h-8 text-message flex w-full flex-col items-end gap-2 whitespace-normal break-words [.text-message+&amp;]:mt-5\" dir=\"auto\" data-message-author-role=\"assistant\" data-message-id=\"be8d31fe-e6cb-42e1-a391-de2b52664d2f\" data-message-model-slug=\"gpt-4o\">\n<div class=\"flex w-full flex-col gap-1 empty:hidden first:pt-[3px]\">\n<div class=\"markdown prose w-full break-words dark:prose-invert dark\">\n<blockquote><p><strong><em>Processo per maltrattamenti: assente l\u2019avvocato di fiducia<\/em><\/strong><\/p><\/blockquote>\n<p><strong>BELLUNO<\/strong> , durante il processo per maltrattamenti in famiglia, l\u2019avvocato di fiducia non si \u00e8 presentato, n\u00e9 ha invocato legittimi impedimenti. Il giudice Paolo Velo ha nominato un avvocato d\u2019ufficio, Enrico Rech. L\u2019imputato, sorpreso, si \u00e8 dichiarato innocente, definendo i fatti \u201cpiccoli eventi\u201d. La moglie non si \u00e8 costituita parte civile. L\u2019accusa ha citato nove testimoni per descrivere presunti maltrattamenti psicologici e fisici. Il processo riprender\u00e0 il 9 giugno per l\u2019ascolto dei testimoni.<\/p>\n<\/div>\n<\/div>\n<\/div>\n<\/div>\n<div class=\"mb-2 flex gap-3 empty:hidden -ml-2\">\n<div class=\"items-center justify-start rounded-xl p-1 flex\"><\/div>\n<\/div>\n<\/div>\n<\/div>\n<\/div>\n<\/div>\n<\/article>\n<\/div>\n<\/div>\n<\/div>\n<\/div>\n<\/div>\n<p>&nbsp;<\/p>\n<blockquote><p><strong><em>Codice rosso per amore tossico: violenze e accuse in tribunale<\/em><\/strong><\/p><\/blockquote>\n<p><strong>AGORDO <\/strong>A.B. \u00e8 sotto processo per maltrattamenti e lesioni aggravate ai danni della compagna convivente, con episodi di violenza fisica e psicologica avvenuti tra gennaio e giugno 2022. L\u2019accusa include insulti, isolamento, fratture e aggressioni, come l\u2019uso di spray al peperoncino e un accendino. La donna, ora in una struttura di cura per alcolismo, si \u00e8 costituita parte civile. La relazione si \u00e8 interrotta a luglio 2022, quando A.B. \u00e8 stato incarcerato. Prossima udienza prevista per aprile.<\/p>\n<blockquote><p>&nbsp;<\/p>\n<p><strong><em>Autista indagato per incidente con ciclista: udienza a dicembre<\/em><\/strong><\/p><\/blockquote>\n<p><strong>CORTINA<\/strong> Un autista di navetta \u00e8 indagato per lesioni stradali dopo un incidente avvenuto nel 2020 su una strada di Cortina. Il ciclista coinvolto sostiene che il conducente abbia invaso la corsia opposta, provocando la sua caduta. Tuttavia, non ci sono prove di impatto o frenate brusche. Inizialmente trattato come denuncia, il caso \u00e8 proseguito dopo una querela presentata in base alla riforma Cartabia. L\u2019udienza decisiva \u00e8 fissata per dicembre, con possibilit\u00e0 di costituzione di parte civile.<\/p>\n<p>&nbsp;<\/p>\n<hr \/>\n<p>&nbsp;<\/p>\n<h1 class=\"_title post-title entry-title\">L\u2019ECONOMISTA RINALDI AGLI STUDENTI: \u00abSOLO IL LAVORO FERMA LA VIOLENZA ECONOMICA\u00bb<\/h1>\n<p>\u2013 Intervistati AZZURRA RINALDI (ECONOMISTA) (Servizio di\u00a0<a href=\"https:\/\/antennatre.medianordest.it\/redazione\/Tiziana-Bolognani\/\">Tiziana Bolognani<\/a>)<\/p>\n<p><iframe loading=\"lazy\" title=\"L&#039;ECONOMISTA RINALDI AGLI STUDENTI: \u00abSOLO IL LAVORO FERMA LA VIOLENZA ECONOMICA\u00bb | 18\/11\/2024\" width=\"1200\" height=\"675\" src=\"https:\/\/www.youtube.com\/embed\/3Hc_KBpSKPw?feature=oembed\" frameborder=\"0\" allow=\"accelerometer; autoplay; clipboard-write; encrypted-media; gyroscope; picture-in-picture; web-share\" referrerpolicy=\"strict-origin-when-cross-origin\" allowfullscreen><\/iframe><\/p>\n<p>&nbsp;<\/p>\n<p>&nbsp;<\/p>\n<p>&nbsp;<\/p>\n<hr \/>\n<p>&nbsp;<\/p>\n<blockquote>\n<h3>I CARABINIERI INCONTRANO I MAESTRI DI SCI<\/h3>\n<\/blockquote>\n<p><strong><a class=\"dt-pswp-item\" href=\"https:\/\/www.radiopiu.net\/wordpress\/wp-content\/uploads\/2024\/11\/SCR-20241118-llri-e1731941372320.jpeg\" data-dt-img-description=\"Screenshot\" data-large_image_width=\"1442\" data-large_image_height=\"972\"><img loading=\"lazy\" decoding=\"async\" class=\" wp-image-420261 alignleft\" src=\"https:\/\/www.radiopiu.net\/wordpress\/wp-content\/uploads\/2024\/11\/SCR-20241118-llri-e1731941372320-300x202.jpeg\" alt=\"\" width=\"267\" height=\"180\" srcset=\"https:\/\/www.radiopiu.net\/wordpress\/wp-content\/uploads\/2024\/11\/SCR-20241118-llri-e1731941372320-300x202.jpeg 300w, https:\/\/www.radiopiu.net\/wordpress\/wp-content\/uploads\/2024\/11\/SCR-20241118-llri-e1731941372320-1024x690.jpeg 1024w, https:\/\/www.radiopiu.net\/wordpress\/wp-content\/uploads\/2024\/11\/SCR-20241118-llri-e1731941372320-768x518.jpeg 768w, https:\/\/www.radiopiu.net\/wordpress\/wp-content\/uploads\/2024\/11\/SCR-20241118-llri-e1731941372320.jpeg 1442w\" sizes=\"auto, (max-width: 267px) 100vw, 267px\" \/><\/a>BELLUNO<\/strong> Carabinieri della Compagnia di Cortina d\u2019Ampezzo hanno incontrato i Maestri di Sci a Belluno per un percorso formativo sulla sicurezza in pista. L\u2019incontro ha approfondito il Decreto Legislativo sulle nuove disposizioni in tema di sicurezza, analizzando obblighi, responsabilit\u00e0 e diritti di operatori e sciatori. Sono stati discussi scenari pratici, casi concreti e i rischi legati agli incidenti, con un focus sugli aspetti penali e legali. L\u2019iniziativa ha sottolineato l\u2019importanza di una cultura della sicurezza condivisa tra operatori, enti di gestione e utenti. Il Comandante Alessandro Bui ha evidenziato l\u2019obiettivo di rafforzare la collaborazione per garantire piste pi\u00f9 sicure. I maestri di sci hanno partecipato attivamente, impegnandosi a promuovere il rispetto delle normative per un\u2019esperienza in montagna pi\u00f9 sicura.<\/p>\n<p>&nbsp;<\/p>\n<hr \/>\n<p>&nbsp;<\/p>\n<blockquote>\n<h2 data-pm-slice=\"1 1 []\"><strong>Novit\u00e0 agli impianti sportivi della citt\u00e0<\/strong><\/h2>\n<\/blockquote>\n<p><strong><a class=\"dt-pswp-item\" href=\"https:\/\/www.radiopiu.net\/wordpress\/wp-content\/uploads\/2023\/01\/PALASPORT-DE-MAS.png\" data-dt-img-description=\"\" data-large_image_width=\"912\" data-large_image_height=\"486\"><img loading=\"lazy\" decoding=\"async\" class=\"size-medium wp-image-315290 alignleft\" src=\"https:\/\/www.radiopiu.net\/wordpress\/wp-content\/uploads\/2023\/01\/PALASPORT-DE-MAS-300x160.png\" alt=\"\" width=\"300\" height=\"160\" srcset=\"https:\/\/www.radiopiu.net\/wordpress\/wp-content\/uploads\/2023\/01\/PALASPORT-DE-MAS-300x160.png 300w, https:\/\/www.radiopiu.net\/wordpress\/wp-content\/uploads\/2023\/01\/PALASPORT-DE-MAS-768x409.png 768w, https:\/\/www.radiopiu.net\/wordpress\/wp-content\/uploads\/2023\/01\/PALASPORT-DE-MAS.png 912w\" sizes=\"auto, (max-width: 300px) 100vw, 300px\" \/><\/a>BELLUNO<\/strong> La citt\u00e0 si prepara a un rinnovamento delle strutture sportive con un&#8217;efficace gestione degli spazi e nuove tariffe per sale non utilizzate, ora disponibili per affitto a societ\u00e0 sportive e altri enti. Il Sindaco Oscar De Pellegrin ha dichiarato: \u201cAbbiamo messo ordine nei nostri impianti, migliorando i servizi e razionalizzando gli spazi\u201d. Tra le novit\u00e0, una nuova palestra dedicata alle arti marziali miste \u00e8 stata realizzata al palasport \u201cDe Mas\u201d, occupando l\u2019area precedentemente destinata all\u2019arrampicata. Questa struttura, gi\u00e0 molto richiesta, \u00e8 gi\u00e0 quasi completamente prenotata. Contestualmente, sono state aggiornate le tariffe della piscina di Lambioi, sia per il nuoto libero che per i corsi. L\u2019amministratore di Sportivamente, Andrea Terribile, ha spiegato: \u201cUn adeguamento necessario, dopo anni senza incrementi, considerando l\u2019aumento dei costi energetici\u201d. In ambito fiscale, la soglia di esenzione per l\u2019addizionale comunale Irpef \u00e8 stata elevata da 10 a 12mila euro, beneficiando i redditi pi\u00f9 bassi, mentre l\u2019aliquota \u00e8 stata uniformata a 0,80 per tutti gli altri scaglioni. \u201cUn sostegno alle fasce pi\u00f9 in difficolt\u00e0\u201d, ha concluso il Sindaco.<\/p>\n<p>&nbsp;<\/p>\n<hr \/>\n<p>&nbsp;<\/p>\n<blockquote>\n<h2>Il Bilancio del Lavoro Dipendente in Veneto: Trend Positivi ma in Rallentamento<\/h2>\n<\/blockquote>\n<p><img loading=\"lazy\" decoding=\"async\" class=\"alignleft\" src=\"https:\/\/www.radiopiu.net\/wordpress\/wp-content\/uploads\/2024\/11\/image-2.png\" width=\"324\" height=\"229\" \/>Il bilancio del lavoro dipendente in Veneto per il periodo gennaio-ottobre 2024 si conferma positivo, sebbene con una crescita inferiore rispetto all&#8217;anno precedente. Anche le dinamiche dell&#8217;ultimo mese indicano un rallentamento della crescita e una flessione della domanda di lavoro. Nel settore agricolo, il saldo di ottobre, tradizionalmente negativo, ha solo intaccato marginalmente la crescita complessiva osservata nei primi dieci mesi dell&#8217;anno, con un aumento di 13.600 posti di lavoro dipendente. Anche il terziario mostra un bilancio ampiamente positivo, con un incremento di 29.800 posti, sebbene al di sotto dei livelli dell&#8217;anno scorso, in parte a causa della fine della stagione turistica. Dopo i segnali incoraggianti di settembre, il settore industriale ha registrato a ottobre un nuovo rallentamento nella crescita occupazionale, con un impatto particolarmente evidente nei comparti metalmeccanico e made in Italy. L&#8217;analisi delle aziende del settore automotive ha evidenziato un calo della crescita occupazionale negli ultimi mesi: il bilancio \u00e8 diventato negativo a partire da luglio, portando a un&#8217;erosione dei posti di lavoro guadagnati nel biennio 2022-2023. L&#8217;elevato ricorso alla cassa integrazione, come indicato dai dati sulle ore autorizzate, potrebbe aver attenuato gli effetti delle difficolt\u00e0 nel settore metalmeccanico, mitigando gli impatti sul mercato del lavoro.<\/p>\n<p>&nbsp;<\/p>\n<hr \/>\n<p>&nbsp;<\/p>\n<blockquote>\n<h3>DA LONGARONE A MARANELLO PER CONTROLLARE I DATI DELLE MONOPOSTO FERRARI<\/h3>\n<\/blockquote>\n<p><strong><a class=\"dt-pswp-item\" href=\"https:\/\/www.radiopiu.net\/wordpress\/wp-content\/uploads\/2024\/11\/SIMONE-DA-ROIT.jpeg\" data-dt-img-description=\"\" data-large_image_width=\"1334\" data-large_image_height=\"962\"><img loading=\"lazy\" decoding=\"async\" class=\" wp-image-420052 alignleft\" src=\"https:\/\/www.radiopiu.net\/wordpress\/wp-content\/uploads\/2024\/11\/SIMONE-DA-ROIT-300x216.jpeg\" alt=\"\" width=\"178\" height=\"128\" srcset=\"https:\/\/www.radiopiu.net\/wordpress\/wp-content\/uploads\/2024\/11\/SIMONE-DA-ROIT-300x216.jpeg 300w, https:\/\/www.radiopiu.net\/wordpress\/wp-content\/uploads\/2024\/11\/SIMONE-DA-ROIT-1024x738.jpeg 1024w, https:\/\/www.radiopiu.net\/wordpress\/wp-content\/uploads\/2024\/11\/SIMONE-DA-ROIT-768x554.jpeg 768w, https:\/\/www.radiopiu.net\/wordpress\/wp-content\/uploads\/2024\/11\/SIMONE-DA-ROIT.jpeg 1334w\" sizes=\"auto, (max-width: 178px) 100vw, 178px\" \/><\/a>LONGARONE<\/strong> Simone Da Roit, 24 anni di Longarone e laureando in Ingegneria del Veicolo all\u2019Universit\u00e0 di Modena e Reggio Emilia, \u00e8 stato selezionato per un prestigioso tirocinio di sei mesi con la Scuderia Ferrari. Appassionato di motori fin dall\u2019infanzia, Simone lavorer\u00e0 al testing dei componenti delle monoposto di Formula 1. L\u2019esperienza a Maranello, sede del leggendario team, rappresenta un sogno che si realizza per il giovane, che racconta con emozione il suo ingresso nella storica azienda. Simone scherza sul sostegno dei concittadini e del padre tifoso, puntando per\u00f2 a contribuire con dedizione ai successi del team, consapevole del ruolo cruciale che giocher\u00e0 in questa straordinaria avventura professionale.<\/p>\n<p>&nbsp;<\/p>\n<p>&nbsp;<\/p>\n<hr \/>\n<p>&nbsp;<\/p>\n<blockquote>\n<h3>SITO DI VALLE IMPERINA: GIOVEDI&#8217; IL BILANCIO DELLA STAGIONE ESTIVA<\/h3>\n<\/blockquote>\n<p><strong><a class=\"dt-pswp-item\" href=\"https:\/\/www.radiopiu.net\/wordpress\/wp-content\/uploads\/2024\/10\/Valle-Imperina-Fabbricato-Forni-Fusori.jpeg\" data-dt-img-description=\"\" data-large_image_width=\"1600\" data-large_image_height=\"1200\"><img loading=\"lazy\" decoding=\"async\" class=\" wp-image-412572 alignleft\" src=\"https:\/\/www.radiopiu.net\/wordpress\/wp-content\/uploads\/2024\/10\/Valle-Imperina-Fabbricato-Forni-Fusori-300x225.jpeg\" alt=\"\" width=\"171\" height=\"128\" srcset=\"https:\/\/www.radiopiu.net\/wordpress\/wp-content\/uploads\/2024\/10\/Valle-Imperina-Fabbricato-Forni-Fusori-300x225.jpeg 300w, https:\/\/www.radiopiu.net\/wordpress\/wp-content\/uploads\/2024\/10\/Valle-Imperina-Fabbricato-Forni-Fusori-1024x768.jpeg 1024w, https:\/\/www.radiopiu.net\/wordpress\/wp-content\/uploads\/2024\/10\/Valle-Imperina-Fabbricato-Forni-Fusori-768x576.jpeg 768w, https:\/\/www.radiopiu.net\/wordpress\/wp-content\/uploads\/2024\/10\/Valle-Imperina-Fabbricato-Forni-Fusori-1536x1152.jpeg 1536w, https:\/\/www.radiopiu.net\/wordpress\/wp-content\/uploads\/2024\/10\/Valle-Imperina-Fabbricato-Forni-Fusori.jpeg 1600w\" sizes=\"auto, (max-width: 171px) 100vw, 171px\" \/><\/a>RIVAMONTE<\/strong> Il sito di archeologia industriale di Valle Imperina ha concluso la stagione estiva 2024 con risultati eccellenti in termini di presenze e coinvolgimento. La nuova gestione ha puntato su esperienze innovative, riaprendo al pubblico le gallerie e attirando numerosi visitatori. Per presentare il bilancio della stagione, discutere le prospettive future e i progetti di valorizzazione, si terr\u00e0 una conferenza stampa gioved\u00ec alle 11 all\u2019Ostello di Valle Imperina a Rivamonte Agordino. Saranno presenti esponenti del Parco Nazionale Dolomiti Bellunesi, del Comune di Rivamonte, dell\u2019Unione Montana Agordina e i responsabili del sito.<\/p>\n<p>&nbsp;<\/p>\n<p>&nbsp;<\/p>\n<hr \/>\n<p>&nbsp;<\/p>\n<p>&nbsp;<\/p>\n<blockquote>\n<h2>Divieto di sosta su uno stallo in via Mezzaterra<\/h2>\n<\/blockquote>\n<h2><a class=\"dt-pswp-item\" href=\"https:\/\/www.radiopiu.net\/wordpress\/wp-content\/uploads\/2023\/06\/Belluno-di-sera-i-giovedi.jpg\" data-dt-img-description=\"\" data-large_image_width=\"1000\" data-large_image_height=\"750\"><img loading=\"lazy\" decoding=\"async\" class=\"size-medium wp-image-342240 alignleft\" src=\"https:\/\/www.radiopiu.net\/wordpress\/wp-content\/uploads\/2023\/06\/Belluno-di-sera-i-giovedi-300x225.jpg\" alt=\"\" width=\"300\" height=\"225\" srcset=\"https:\/\/www.radiopiu.net\/wordpress\/wp-content\/uploads\/2023\/06\/Belluno-di-sera-i-giovedi-300x225.jpg 300w, https:\/\/www.radiopiu.net\/wordpress\/wp-content\/uploads\/2023\/06\/Belluno-di-sera-i-giovedi-768x576.jpg 768w, https:\/\/www.radiopiu.net\/wordpress\/wp-content\/uploads\/2023\/06\/Belluno-di-sera-i-giovedi.jpg 1000w\" sizes=\"auto, (max-width: 300px) 100vw, 300px\" \/><\/a><\/h2>\n<p><strong>BELLUNO<\/strong> In alcune giornate, per incontri sulla natura morta al Museo Burel In occasione di alcuni incontri collegati alla mostra \u201cNatura morta. Jessica Moss\u201d, si rende necessaria l\u2019istituzione del divieto di sosta sullo stallo a pagamento antistante all\u2019ingresso del Museo Burel, in via Mezzaterra, all\u2019altezza del civico 49, nelle giornate 23, 24 e 30 novembre e 1, 7 e 8 dicembre, dalle ore 9.00 alle ore 19.00 di ciascuna giornata.<\/p>\n<blockquote>\n<h2>\u00a0Chiusura uffici Polizia locale<\/h2>\n<\/blockquote>\n<p><strong>BELLUNO\u00a0 <\/strong>Il 19 e 28 novembre e il 2 dicembre, per corsi interni Nelle giornate del 19 e 28 novembre e il 2 dicembre, gli uffici della Polizia locale saranno chiusi al pubblico, per permettere al personale di frequentare dei corsi di formazione. L\u2019attivit\u00e0 riprender\u00e0 regolarmente nelle altre giornate<\/p>\n<p>&nbsp;<\/p>\n<p>&nbsp;<\/p>\n<hr \/>\n<p>&nbsp;<\/p>\n<blockquote>\n<h3>DUE INCONTRI CON L&#8217;ASSOCIAZIONE SCUOLA GABELLI<\/h3>\n<\/blockquote>\n<p><strong><a class=\"dt-pswp-item\" href=\"https:\/\/www.radiopiu.net\/wordpress\/wp-content\/uploads\/2024\/11\/image-1.png\" data-dt-img-description=\"\" data-large_image_width=\"280\" data-large_image_height=\"284\"><img loading=\"lazy\" decoding=\"async\" class=\" wp-image-419990 alignleft\" src=\"https:\/\/www.radiopiu.net\/wordpress\/wp-content\/uploads\/2024\/11\/image-1.png\" alt=\"\" width=\"106\" height=\"108\" \/><\/a>BELLUNO<\/strong> L\u2019Associazione Scuola Gabelli di Belluno, in collaborazione con Belluno-ciak e l\u2019Istituto Bellunese di Ricerche Sociali e Culturali, organizza due conferenze sull\u2019eredit\u00e0 educativa di Pierina Boranga. Gli incontri si terranno nell\u2019aula magna del Seminario Gregoriano di Belluno alle 17:00: il 22 novembre si parler\u00e0 della nascita della scuola Gabelli e il 6 dicembre del suo impatto sulla scuola comelicense. L\u2019obiettivo \u00e8 riaffermare il valore rivoluzionario dell\u2019approccio educativo di Boranga, che metteva i bambini al centro del processo formativo, superando la visione utilitaristica della scuola. La Gabelli, definita la \u201cscuola pi\u00f9 bella d\u2019Italia\u201d, rappresenta un modello di didattica attiva e inclusiva che resta attuale. Rievocare questa esperienza significa sperare in un suo rinnovamento per i ragazzi di oggi e di domani.<\/p>\n<p>&nbsp;<\/p>\n<p>&nbsp;<\/p>\n<hr \/>\n<p>&nbsp;<\/p>\n<blockquote>\n<p data-pm-slice=\"1 1 []\"><strong><a class=\"dt-pswp-item\" href=\"https:\/\/www.radiopiu.net\/wordpress\/wp-content\/uploads\/2024\/11\/SCUOLE-RETE.png\" data-dt-img-description=\"\" data-large_image_width=\"166\" data-large_image_height=\"97\"><img loading=\"lazy\" decoding=\"async\" class=\"size-full wp-image-419878 alignleft\" src=\"https:\/\/www.radiopiu.net\/wordpress\/wp-content\/uploads\/2024\/11\/SCUOLE-RETE.png\" alt=\"\" width=\"166\" height=\"97\" \/><\/a>Un incontro per ascoltare i giovani nella Giornata dei diritti dei minori<\/strong><\/p>\n<\/blockquote>\n<p><strong>BELLUNO <\/strong>Domani, in occasione della Giornata dei diritti dei minori, gli studenti di Belluno parteciperanno all&#8217;incontro \u201cLa voce dei giovani: noi parliamo, chi ascolta?\u201d per dialogare con le autorit\u00e0 e gli adulti. Organizzato dalla Consulta provinciale degli studenti insieme a ULSS Dolomiti, Scuole in Rete, Unicef Belluno, Prefettura e Ufficio scolastico, l\u2019evento si terr\u00e0 in Prefettura. Verranno presentati i risultati di un questionario condotto dal SerD e l\u2019indagine della Consulta del 2024. Sar\u00e0 premiato anche il concorso di pittura \u201cIl mondo che (non) vorrei\u201d. L\u2019incontro, volto a dare voce ai giovani e riconoscerne i bisogni, sar\u00e0 un&#8217;opportunit\u00e0 per rafforzare il dialogo intergenerazionale.<\/p>\n<p>&nbsp;<\/p>\n<blockquote>\n<h3><a class=\"dt-pswp-item\" href=\"https:\/\/www.radiopiu.net\/wordpress\/wp-content\/uploads\/2024\/11\/WhatsApp-Image-2024-09-27-at-21.03.26.jpeg\" data-dt-img-description=\"\" data-large_image_width=\"638\" data-large_image_height=\"960\"><img loading=\"lazy\" decoding=\"async\" class=\" wp-image-420245 alignleft\" src=\"https:\/\/www.radiopiu.net\/wordpress\/wp-content\/uploads\/2024\/11\/WhatsApp-Image-2024-09-27-at-21.03.26-199x300.jpeg\" alt=\"\" width=\"77\" height=\"116\" srcset=\"https:\/\/www.radiopiu.net\/wordpress\/wp-content\/uploads\/2024\/11\/WhatsApp-Image-2024-09-27-at-21.03.26-199x300.jpeg 199w, https:\/\/www.radiopiu.net\/wordpress\/wp-content\/uploads\/2024\/11\/WhatsApp-Image-2024-09-27-at-21.03.26.jpeg 638w\" sizes=\"auto, (max-width: 77px) 100vw, 77px\" \/><\/a>VITO MANCUSO A FELTRE PER PARLARE DI DIRITTI UMANI<\/h3>\n<\/blockquote>\n<p><strong>FELTRE<\/strong> Dopo il successo dell\u2019incontro con Federico Faggin, la Provincia di Belluno ospiter\u00e0 Vito Mancuso, teologo e filosofo, per il secondo evento della rassegna \u201cIncursioni filosofiche in Valbelluna\u201d. Gioved\u00ec 21 novembre, al Teatro Canossiano di Feltre, Mancuso esplorer\u00e0 \u201cLa ricerca dell\u2019umano nell\u2019uomo\u201d, riflettendo su diritti umani, etica e speranza. L\u2019evento, in memoria del professor Claudio Comel, \u00e8 gratuito previa iscrizione su <strong><a href=\"http:\/\/www.studentibelluno.it\" target=\"_new\" rel=\"noopener\">www.studentibelluno.it<\/a><\/strong>.<\/p>\n<p>&nbsp;<\/p>\n<hr \/>\n<p>&nbsp;<\/p>\n<p>&nbsp;<\/p>\n<blockquote>\n<h3>IL 23 NOVEMBRE LA FESTA DEGLI EMIGRANTI A SEREN DEL GRAPPA<\/h3>\n<\/blockquote>\n<p><strong><a class=\"dt-pswp-item\" href=\"https:\/\/www.radiopiu.net\/wordpress\/wp-content\/uploads\/2024\/11\/EMI-SEREN.png\" data-dt-img-description=\"\" data-large_image_width=\"474\" data-large_image_height=\"243\"><img loading=\"lazy\" decoding=\"async\" class=\" wp-image-419852 alignleft\" src=\"https:\/\/www.radiopiu.net\/wordpress\/wp-content\/uploads\/2024\/11\/EMI-SEREN-300x154.png\" alt=\"\" width=\"220\" height=\"113\" srcset=\"https:\/\/www.radiopiu.net\/wordpress\/wp-content\/uploads\/2024\/11\/EMI-SEREN-300x154.png 300w, https:\/\/www.radiopiu.net\/wordpress\/wp-content\/uploads\/2024\/11\/EMI-SEREN.png 474w\" sizes=\"auto, (max-width: 220px) 100vw, 220px\" \/><\/a>BELLUNO <\/strong>La Festa degli Emigranti si terr\u00e0 il 23 novembre a Seren del Grappa, celebrando le radici e l\u2019identit\u00e0 bellunese. L\u2019evento, sostenuto dal PNRR \u201cTurismo delle radici\u201d, vedr\u00e0 la partecipazione di autorit\u00e0, emigranti e figure di spicco. Dopo il ritrovo in Piazza di Rasai alle 9.00, un corteo accompagnato dalla Banda di Arsi\u00e9 raggiunger\u00e0 la Sala Teatro per la XXIV edizione del Premio Internazionale \u201cBellunesi che onorano la provincia di Belluno\u201d, con la conduzione di Nicola Maccagnan e interventi musicali di Pio Sagrillo e Omar Tonin. Alle 12.30, presso gli impianti sportivi, si terranno i saluti ufficiali e il \u201cPranzo dell\u2019emigrante\u201d, seguito nel pomeriggio da uno spettacolo del Gruppo Folk di Cesiomaggiore, la presentazione di una guida turistica e un laboratorio sulle migrazioni. La giornata sar\u00e0 un\u2019occasione di memoria e condivisione per onorare chi mantiene viva l\u2019eredit\u00e0 culturale bellunese nel mondo.<\/p>\n<p>&nbsp;<\/p>\n<hr \/>\n<p>&nbsp;<\/p>\n<div class=\"page-title-head hgroup\">\n<h1 class=\"entry-title\">I colori dell\u2019autunno incontrano la cultura, la cucina agricola e i vini di montagna<\/h1>\n<\/div>\n<div class=\"page-title-breadcrumbs\"><\/div>\n<p data-pm-slice=\"1 1 []\"><strong><a class=\"dt-pswp-item\" href=\"https:\/\/www.radiopiu.net\/wordpress\/wp-content\/uploads\/2024\/05\/FABRIZIO-PESCOSTA.jpg\" data-dt-img-description=\"\" data-large_image_width=\"303\" data-large_image_height=\"166\"><img loading=\"lazy\" decoding=\"async\" class=\" wp-image-392099 alignleft\" src=\"https:\/\/www.radiopiu.net\/wordpress\/wp-content\/uploads\/2024\/05\/FABRIZIO-PESCOSTA-300x164.jpg\" alt=\"\" width=\"176\" height=\"96\" srcset=\"https:\/\/www.radiopiu.net\/wordpress\/wp-content\/uploads\/2024\/05\/FABRIZIO-PESCOSTA-300x164.jpg 300w, https:\/\/www.radiopiu.net\/wordpress\/wp-content\/uploads\/2024\/05\/FABRIZIO-PESCOSTA.jpg 303w\" sizes=\"auto, (max-width: 176px) 100vw, 176px\" \/><\/a>I colori dell\u2019autunno incontrano la cultura, la cucina agricola e i vini di montagna<\/strong>Un men\u00f9 degustazione unico, ideato dal cuoco contadino Fabrizio Pescosta dell&#8217;Agriturismo Piccola Baita, porta i profumi e i sapori dell&#8217;autunno dalla tavola ai sensi. La serata inizier\u00e0 alle ore 20 con la presentazione del libro <em>SAPORI della VALBELLUNA<\/em> di Edizioni Il Veses.<\/p>\n<p data-pm-slice=\"1 1 []\"><strong>DI ALESSIA DALL&#8217;O<\/strong><\/p>\n<audio class=\"wp-audio-shortcode\" id=\"audio-420135-14\" preload=\"none\" style=\"width: 100%;\" controls=\"controls\"><source type=\"audio\/mpeg\" src=\"https:\/\/www.radiopiu.net\/wordpress\/wp-content\/uploads\/2024\/11\/ALESSIA-SAPORI-DI-CASA.mp3?_=14\" \/><a href=\"https:\/\/www.radiopiu.net\/wordpress\/wp-content\/uploads\/2024\/11\/ALESSIA-SAPORI-DI-CASA.mp3\">https:\/\/www.radiopiu.net\/wordpress\/wp-content\/uploads\/2024\/11\/ALESSIA-SAPORI-DI-CASA.mp3<\/a><\/audio>\n<p>&nbsp;<\/p>\n<p><strong>Il Men\u00f9 <\/strong>Si parte con l&#8217;antipasto: <em>fagiolo di Lamon con radicchio rosso e lardo scottato<\/em>, un connubio di gusto rustico e raffinato. I primi piatti includono la <em>Sopa de Pan \u201cFabrizio Style\u201d<\/em>, che rievoca la cucina contadina, e il <em>tortello alla zucca con formaggio di malga e cavolo nero<\/em>, autentici richiami ai sapori autunnali. Per secondo, le celebri <em>costine di maiale al miele DOP delle Dolomiti con pur\u00e8 di sedano rapa<\/em>, un\u2019esplosione di sapori intensi e dolci. I dessert celebrano il territorio con il <em>Marone Feltrino al Cucchiaio<\/em> e il <em>Carfogn al Papavero<\/em>.<\/p>\n<p>&nbsp;<\/p>\n<p>&nbsp;<\/p>\n<p>&nbsp;<\/p>\n<p>&nbsp;<\/p>\n<p>&nbsp;<\/p>\n<hr \/>\n<p>&nbsp;<\/p>\n<blockquote class=\"wp-embedded-content\" data-secret=\"R1ui9sIz6J\"><p><a href=\"https:\/\/www.radiopiu.net\/wordpress\/mig-i-piedi-saldamente-piantati-nella-tradizione-lo-sguardo-al-futuro-allinnovazione\/\">MIG: I piedi saldamente piantati nella tradizione, lo sguardo al futuro, all\u2019innovazione<\/a><\/p><\/blockquote>\n<p><iframe loading=\"lazy\" class=\"wp-embedded-content\" sandbox=\"allow-scripts\" security=\"restricted\" style=\"position: absolute; visibility: hidden;\" title=\"&#8220;MIG: I piedi saldamente piantati nella tradizione, lo sguardo al futuro, all\u2019innovazione&#8221; &#8212; Radio Pi\u00f9\" src=\"https:\/\/www.radiopiu.net\/wordpress\/mig-i-piedi-saldamente-piantati-nella-tradizione-lo-sguardo-al-futuro-allinnovazione\/embed\/#?secret=UUpQs9A7pj#?secret=R1ui9sIz6J\" data-secret=\"R1ui9sIz6J\" width=\"600\" height=\"338\" frameborder=\"0\" marginwidth=\"0\" marginheight=\"0\" scrolling=\"no\"><\/iframe><\/p>\n<p>&nbsp;<\/p>\n<hr \/>\n<p>&nbsp;<\/p>\n<blockquote>\n<h3>DALLA SEDE DEL SOCCORSO ALPINO DI AGORDO, CON DIEGO FAVERO<\/h3>\n<\/blockquote>\n<p><strong>AGORDO<\/strong> Giorni importanti nelle sede del Soccorso Alpino in Piazzale Marconi, nel Municipio. Sono in corso i grandi preparative per l&#8217;evento di sabato, i 70 anni del Soccorso Alpino con la presentazione del libro scritto da Eugenio Bien.<br \/>\nNe abbiamo parlato con Diego Favero, numero uno del Soccorso Alpino della Vallata.<\/p>\n<p><iframe loading=\"lazy\" title=\"diego favero\" width=\"1200\" height=\"675\" src=\"https:\/\/www.youtube.com\/embed\/V8jx0y6oAZ8?feature=oembed\" frameborder=\"0\" allow=\"accelerometer; autoplay; clipboard-write; encrypted-media; gyroscope; picture-in-picture; web-share\" referrerpolicy=\"strict-origin-when-cross-origin\" allowfullscreen><\/iframe><\/p>\n<p>&nbsp;<\/p>\n<p>&nbsp;<\/p>\n<blockquote>\n<h1><img loading=\"lazy\" decoding=\"async\" class=\"alignleft\" src=\"https:\/\/www.radiopiu.net\/wordpress\/wp-content\/uploads\/2019\/11\/34564bb3-a7ae-4e91-8df7-86ab5ac45256.jpg\" width=\"271\" height=\"156\" \/>AGORDO, 70 ANNI DEL SOCCORSO ALPINO. BIEN &#8220;SONO GIA&#8217; UN PO&#8217; IN AFFANNO&#8230;&#8221;<\/h1>\n<\/blockquote>\n<p><strong>DI MIRKO MEZZACASA<\/strong><\/p>\n<p><strong>OSPITI DIEGO FAVERO ED EUGENIO BIEN<\/strong><\/p>\n<p><strong>AUDIO<\/strong><\/p>\n<audio class=\"wp-audio-shortcode\" id=\"audio-420135-15\" preload=\"none\" style=\"width: 100%;\" controls=\"controls\"><source type=\"audio\/mpeg\" src=\"https:\/\/www.radiopiu.net\/wordpress\/wp-content\/uploads\/2024\/11\/eugenio-bien-e-diego-favero.mp3?_=15\" \/><a href=\"https:\/\/www.radiopiu.net\/wordpress\/wp-content\/uploads\/2024\/11\/eugenio-bien-e-diego-favero.mp3\">https:\/\/www.radiopiu.net\/wordpress\/wp-content\/uploads\/2024\/11\/eugenio-bien-e-diego-favero.mp3<\/a><\/audio>\n<p>&nbsp;<\/p>\n<p>&nbsp;<\/p>\n<p>&nbsp;<\/p>\n<hr \/>\n<p>&nbsp;<\/p>\n<blockquote>\n<p data-pm-slice=\"1 1 []\"><strong>Concorso per 33 atleti nei gruppi sportivi Fiamme Oro della Polizia di Stato<\/strong><\/p>\n<\/blockquote>\n<p>Sul Portale Unico del reclutamento, all&#8217;indirizzo <a>www.inpa.gov.it<\/a> e sul sito <a>www.poliziadistato.it<\/a>, \u00e8 stato pubblicato il 14 novembre 2024 un bando di concorso pubblico per titoli, finalizzato all&#8217;assunzione di 33 atleti da destinare ai gruppi sportivi \u201cPolizia di Stato \u2013 Fiamme Oro\u201d. Gli atleti selezionati saranno inquadrati nel ruolo degli agenti e assistenti della Polizia di Stato, con qualifica di agente.<\/p>\n<p>&nbsp;<\/p>\n<p>&nbsp;<\/p>\n<hr \/>\n<p>&nbsp;<\/p>\n<blockquote>\n<h3>UN CORSO DI DIFESA CONTRO LA VIOLENZA SULLE DONNE<\/h3>\n<\/blockquote>\n<p><strong>BELLUNO<\/strong> In occasione della giornata mondiale contro la violenza sulle donne, l&#8217;associazione Urban Krav Maga, con il patrocinio del Comune di Belluno, organizza una lezione gratuita di &#8220;Difesa femminile&#8221; il 26 novembre alle 20 presso la palestra del Liceo scientifico di Belluno. L&#8217;evento, guidato dall&#8217;istruttore Cristian Burde, mira a fornire alle donne strumenti utili per gestire la paura e affrontare aggressioni, sia a livello teorico che pratico. Burde sottolinea l&#8217;importanza della prevenzione e della consapevolezza dell&#8217;ambiente circostante come base per la difesa personale. La serata sar\u00e0 aperta a donne di tutte le et\u00e0 e includer\u00e0 dimostrazioni pratiche di tecniche di difesa e fuga in caso di aggressione.<\/p>\n<p>&nbsp;<\/p>\n<p>&nbsp;<\/p>\n<hr \/>\n<p>&nbsp;<\/p>\n<blockquote><p><a class=\"dt-pswp-item\" href=\"https:\/\/www.radiopiu.net\/wordpress\/wp-content\/uploads\/2024\/11\/NUDM-23-25-LOCANDINA.jpg\" data-dt-img-description=\"Screenshot\" data-large_image_width=\"1269\" data-large_image_height=\"1793\"><img loading=\"lazy\" decoding=\"async\" class=\" wp-image-419816 alignleft\" src=\"https:\/\/www.radiopiu.net\/wordpress\/wp-content\/uploads\/2024\/11\/NUDM-23-25-LOCANDINA-212x300.jpg\" alt=\"\" width=\"131\" height=\"185\" srcset=\"https:\/\/www.radiopiu.net\/wordpress\/wp-content\/uploads\/2024\/11\/NUDM-23-25-LOCANDINA-212x300.jpg 212w, https:\/\/www.radiopiu.net\/wordpress\/wp-content\/uploads\/2024\/11\/NUDM-23-25-LOCANDINA-725x1024.jpg 725w, https:\/\/www.radiopiu.net\/wordpress\/wp-content\/uploads\/2024\/11\/NUDM-23-25-LOCANDINA-768x1085.jpg 768w, https:\/\/www.radiopiu.net\/wordpress\/wp-content\/uploads\/2024\/11\/NUDM-23-25-LOCANDINA-1087x1536.jpg 1087w, https:\/\/www.radiopiu.net\/wordpress\/wp-content\/uploads\/2024\/11\/NUDM-23-25-LOCANDINA.jpg 1269w\" sizes=\"auto, (max-width: 131px) 100vw, 131px\" \/><\/a><\/p>\n<p data-pm-slice=\"1 1 []\"><strong>Iniziative in Provincia di Belluno per la Giornata Internazionale contro la Violenza sulle Donne<\/strong><\/p>\n<\/blockquote>\n<p><strong>BELLUNO<\/strong><\/p>\n<p data-pm-slice=\"1 1 []\">In occasione della Giornata Internazionale contro la violenza sulle donne, la Provincia di Belluno si mobilita con due iniziative, in parallelo con le manifestazioni nazionali di Non Una di Meno a Roma e Palermo il 23 novembre. Sabato 23 novembre, dalle ore 14,\u00a0 ai Giardini della Stazione Ferroviaria di Belluno (Parco dell\u2019Artigliere)\u00a0 racconto delle varie forme di violenza subite da donne. Luned\u00ec 25 novembre, alle 20,\u00a0 dal Parco Bologna passeggiata notturna con musica e canti,<\/p>\n<p>&nbsp;<\/p>\n<p>&nbsp;<\/p>\n<p>&nbsp;<\/p>\n<hr \/>\n<p>&nbsp;<\/p>\n<blockquote>\n<h3>INCONTRI IN TAVERNA<\/h3>\n<\/blockquote>\n<p><strong>BELLUNO<\/strong> Gioved\u00ec alle 18, al ristorante &#8220;La Taverna&#8221; di Belluno, si terr\u00e0 una conversazione intitolata <em>Egeo Veneziano &#8211; Venezia e il Levante<\/em>. Protagonista dell&#8217;evento sar\u00e0 la giornalista e scrittrice Barbara Marengo, autrice del libro <em>Levante o gi\u00f9 di l\u00ec &#8211; storie vecchie e nuove di una viaggiatrice<\/em>. Modera l\u2019incontro Gianna Chemello, avvocato.<\/p>\n<p>&nbsp;<\/p>\n<p>&nbsp;<\/p>\n<hr \/>\n<p>&nbsp;<\/p>\n<p><strong><a class=\"dt-pswp-item\" href=\"https:\/\/www.radiopiu.net\/wordpress\/wp-content\/uploads\/2024\/11\/AMICI-MINERARI.png\" data-dt-img-description=\"\" data-large_image_width=\"209\" data-large_image_height=\"174\"><img loading=\"lazy\" decoding=\"async\" class=\"size-full wp-image-419180 alignleft\" src=\"https:\/\/www.radiopiu.net\/wordpress\/wp-content\/uploads\/2024\/11\/AMICI-MINERARI.png\" alt=\"\" width=\"209\" height=\"174\" \/><\/a>&#8220;Con gli Amici dei Minerari: Serate d&#8217;Inverno \u2013 un viaggio tra storia, scienza e meraviglie. Incontri presso la Sala con T\u00e0-Mis. Non mancare!&#8221;<\/strong><\/p>\n<ul>\n<li><em>Venerd\u00ec 22 novembre, ore 20:30<\/em>: &#8220;Ma le Dolomiti cosa sono? Dalla prosa di Dino Buzzati alla geologia di Bruno Castiglioni&#8221; \u2013 Relatore Danilo Giordano.<\/li>\n<li><em>Venerd\u00ec 20 dicembre, ore 20:30<\/em>: &#8220;La morfogenesi delle frane&#8221; \u2013 Relatore Prof. Vittorio Fenti.<\/li>\n<li><em>Venerd\u00ec 24 gennaio, ore 20:30<\/em>: &#8220;Il meraviglioso mondo dei fossili delle Dolomiti&#8221; \u2013 Relatore Danilo Giordano.<\/li>\n<li><em>Venerd\u00ec 21 febbraio, ore 20:30<\/em>: &#8220;Il traforo del Brennero: studio, progettazione e realizzazione&#8221; \u2013 Relatori Vittorio Fenti e Mario Guadagnini.<\/li>\n<\/ul>\n<p><strong>Vivi la cultura e la passione per la montagna!<\/strong><\/p>\n<p>&nbsp;<\/p>\n<p>&nbsp;<\/p>\n<hr \/>\n<p>&nbsp;<\/p>\n<blockquote>\n<h3><a class=\"dt-pswp-item\" href=\"https:\/\/www.radiopiu.net\/wordpress\/wp-content\/uploads\/2024\/11\/Dolomiti-Symphonia-scaled.jpg\" data-dt-img-description=\"\" data-large_image_width=\"2560\" data-large_image_height=\"1701\"><img loading=\"lazy\" decoding=\"async\" class=\" wp-image-420252 alignleft\" src=\"https:\/\/www.radiopiu.net\/wordpress\/wp-content\/uploads\/2024\/11\/Dolomiti-Symphonia-300x199.jpg\" alt=\"\" width=\"253\" height=\"168\" srcset=\"https:\/\/www.radiopiu.net\/wordpress\/wp-content\/uploads\/2024\/11\/Dolomiti-Symphonia-300x199.jpg 300w, https:\/\/www.radiopiu.net\/wordpress\/wp-content\/uploads\/2024\/11\/Dolomiti-Symphonia-1024x680.jpg 1024w, https:\/\/www.radiopiu.net\/wordpress\/wp-content\/uploads\/2024\/11\/Dolomiti-Symphonia-768x510.jpg 768w, https:\/\/www.radiopiu.net\/wordpress\/wp-content\/uploads\/2024\/11\/Dolomiti-Symphonia-1536x1021.jpg 1536w, https:\/\/www.radiopiu.net\/wordpress\/wp-content\/uploads\/2024\/11\/Dolomiti-Symphonia-2048x1361.jpg 2048w\" sizes=\"auto, (max-width: 253px) 100vw, 253px\" \/><\/a>UN CONCERTO PER L&#8217;ECCIDIO DI GENA<\/h3>\n<\/blockquote>\n<p><strong>SOSPIROLO<\/strong> In occasione dell&#8217;80\u00b0 anniversario dell&#8217;Eccidio di Gena, sabato 23 novembre alle 21:00, la Chiesa arcipretale di Sospirolo ospiter\u00e0 un concerto commemorativo. La Dolomiti Symphonia Orchestra di Belluno, insieme alla Corale Polifonica \u2018B. Marcello\u2019 di Mestre, eseguir\u00e0 una selezione dall\u2019oratorio <em>Il Messiah<\/em> di G. F. Haendel, focalizzata sui temi della passione, della morte e della fragilit\u00e0 umana. L\u2019evento, che riflette sulla ricerca di un senso di fronte al dolore e alla morte, celebra anche la collaborazione tra Dolomiti Symphonia e la Polifonica \u2018B. Marcello\u2019, rinomata per la sua attivit\u00e0 concertistica.<\/p>\n<p>&nbsp;<\/p>\n<p>&nbsp;<\/p>\n<hr \/>\n<p>&nbsp;<\/p>\n<blockquote>\n<div><span style=\"color: #20124d; font-family: comic sans ms, sans-serif; font-size: large;\">&#8220;Anziani soli &amp; Volontariato&#8221;<\/span><\/div>\n<\/blockquote>\n<div><span style=\"color: #0c343d; font-family: verdana, sans-serif;\"><b>\u00a0 \u00a0 \u00a0 \u00a0 \u00a0 \u00a0 \u00a0L&#8217;OPINIONE<\/b><\/span><\/div>\n<div><a class=\"dt-pswp-item\" href=\"https:\/\/www.radiopiu.net\/wordpress\/wp-content\/uploads\/2024\/01\/ANZIANI.jpg\" data-dt-img-description=\"\" data-large_image_width=\"1280\" data-large_image_height=\"853\"><img loading=\"lazy\" decoding=\"async\" class=\"size-medium wp-image-371639 alignleft\" src=\"https:\/\/www.radiopiu.net\/wordpress\/wp-content\/uploads\/2024\/01\/ANZIANI-300x200.jpg\" alt=\"\" width=\"300\" height=\"200\" srcset=\"https:\/\/www.radiopiu.net\/wordpress\/wp-content\/uploads\/2024\/01\/ANZIANI-300x200.jpg 300w, https:\/\/www.radiopiu.net\/wordpress\/wp-content\/uploads\/2024\/01\/ANZIANI-1024x682.jpg 1024w, https:\/\/www.radiopiu.net\/wordpress\/wp-content\/uploads\/2024\/01\/ANZIANI-768x512.jpg 768w, https:\/\/www.radiopiu.net\/wordpress\/wp-content\/uploads\/2024\/01\/ANZIANI.jpg 1280w\" sizes=\"auto, (max-width: 300px) 100vw, 300px\" \/><\/a>Autorevoli e ben documentate realt\u00e0 territoriali, di rappresentanza sociale e sindacale, recentemente hanno evidenziato la preoccupante situazione, anche qui in Veneto, di molte miglia di persone anziane che vivono in solitudine. Una solitudine che non trova, complessivamente, una particolare e capillare attenzione da parte delle pubbliche istituzioni, che, anche per oggettive difficolt\u00e0 economiche nei loro bilanci, a causa dei tagli sui trasferimenti finanziari governativi, coinvolgono le reti locali del volontariato, il pi\u00f9 delle volte per prestazioni sostitutive di servizi e non di sussidiariet\u00e0 come, invece, stabilisce la Carta Costituzionale. Comunque, per fortuna che quotidianamente moltissimi volontari (donne e uomini) affiancano e supportano tantissimi anziani soli: nel trasporto sociale; nei pasti e farmaci a domicilio; nelle passeggiate; negli incontri culturali; nelle lezioni alle universit\u00e0 popolari; nell&#8217;accompagnamento alle prestazioni sanitarie; nella convivialit\u00e0 in RSA. Tutte attivit\u00e0 di convinta solidariet\u00e0, svolte con grande passione umana. Un volontariato ancorato all&#8217;altruismo, come lo si pu\u00f2, ad esempio, rilevare, da oltre 35 anni di pregevole esperienza, da AUSER, una realt\u00e0 associativa nata nel 1989 grazie alla straordinaria intuizione del sindacalista CGIL Bruno Trentin, figlio del giurista veneto, antifascista, Silvio Trentin. Quindi si pu\u00f2 affermare, riscontrare, che grazie al volontariato (per fortuna) la solitudine per un buon numero di anziani non \u00e8 un problema. Pertanto sar\u00e0 bene ed opportuno che il Codice del Terzo Settore venga velocemente modificato negli articoli che interessano il volontariato: troppa burocrazia, &#8220;lacci e laccioli&#8221;, penalizzano le associazioni della sussidiariet\u00e0.<\/div>\n<div><strong>Franco Piacentini &#8211; FELTRE<\/strong><\/div>\n<p>&nbsp;<\/p>\n<p>&nbsp;<\/p>\n<hr \/>\n<p>&nbsp;<\/p>\n<h2><span style=\"color: #ff6600;\">IERI ALLA RADIO<\/span><\/h2>\n<h2><span style=\"color: #ff0000;\">OGGI COME IERI di e con SILVIA BALDO<\/span><\/h2>\n<p><img decoding=\"async\" class=\"aligncenter\" src=\"https:\/\/www.radiopiu.net\/wordpress\/wp-content\/uploads\/2023\/09\/309000774_10222572118595513_7956305457803922499_n.jpg\" \/><\/p>\n<p><strong>\u00a0 \u00a0 \u00a0 \u00a0<\/strong><\/p>\n<p><strong>\u00a0 \u00a0 \u00a0 \u00a0<\/strong><\/p>\n<p><strong>PUNTATA DEL 18 NOVEMBRE<\/strong><\/p>\n<audio class=\"wp-audio-shortcode\" id=\"audio-420135-16\" preload=\"none\" style=\"width: 100%;\" controls=\"controls\"><source type=\"audio\/mpeg\" src=\"https:\/\/www.radiopiu.net\/wordpress\/wp-content\/uploads\/2024\/11\/SIBI-1.mp3?_=16\" \/><a href=\"https:\/\/www.radiopiu.net\/wordpress\/wp-content\/uploads\/2024\/11\/SIBI-1.mp3\">https:\/\/www.radiopiu.net\/wordpress\/wp-content\/uploads\/2024\/11\/SIBI-1.mp3<\/a><\/audio>\n<p>&nbsp;<\/p>\n<h2>LA RACCOLTA COMPLETA <a href=\"https:\/\/www.radiopiu.net\/wordpress\/alle-nove-oggi-come-ieri-di-e-con-silvia-baldo\/\"><span style=\"color: #3366ff;\">CLICCA QUI<\/span><\/a><\/h2>\n<p>&nbsp;<\/p>\n<hr \/>\n<p>&nbsp;<\/p>\n<h2><span style=\"color: #ff00ff;\">SCUOLA APERTA AL FOLLADOR DE ROSSI<\/span><\/h2>\n<p><a class=\"dt-pswp-item\" href=\"https:\/\/www.radiopiu.net\/wordpress\/wp-content\/uploads\/2024\/09\/FOLLADOR.jpg\" data-dt-img-description=\"\" data-large_image_width=\"1280\" data-large_image_height=\"720\"><img loading=\"lazy\" decoding=\"async\" class=\" wp-image-411383 alignleft\" src=\"https:\/\/www.radiopiu.net\/wordpress\/wp-content\/uploads\/2024\/09\/FOLLADOR-300x169.jpg\" alt=\"\" width=\"151\" height=\"85\" srcset=\"https:\/\/www.radiopiu.net\/wordpress\/wp-content\/uploads\/2024\/09\/FOLLADOR-300x169.jpg 300w, https:\/\/www.radiopiu.net\/wordpress\/wp-content\/uploads\/2024\/09\/FOLLADOR-1024x576.jpg 1024w, https:\/\/www.radiopiu.net\/wordpress\/wp-content\/uploads\/2024\/09\/FOLLADOR-768x432.jpg 768w, https:\/\/www.radiopiu.net\/wordpress\/wp-content\/uploads\/2024\/09\/FOLLADOR.jpg 1280w\" sizes=\"auto, (max-width: 151px) 100vw, 151px\" \/><\/a>SETTIMANA SPECIALE ALLA RADIO&#8230; FOLLADOR DE ROSSI! L&#8217;OFFERTA SCOLASTICA DALL&#8217;AGORDINA, DA AGORDO A FALCADE, GIORNO PER GIORNO SCOPRIAMO L&#8217;ISTITUTO MINERARIO, CHIMICO, IL LICEO, LE PECULIARITA&#8217; DELLA SCUOLA DI FALCADE CON ANNESSO CONVITTO<\/p>\n<p>&nbsp;<\/p>\n<p><strong>PUNTATA 01<\/strong><\/p>\n<blockquote>\n<h2>LA DIRIGENTE SCOLASTICA ANTONELLA PACIERI E L&#8217;INDIRIZZO DI GEOTECNICA<\/h2>\n<\/blockquote>\n<audio class=\"wp-audio-shortcode\" id=\"audio-420135-17\" preload=\"none\" style=\"width: 100%;\" controls=\"controls\"><source type=\"audio\/mpeg\" src=\"https:\/\/www.radiopiu.net\/wordpress\/wp-content\/uploads\/2024\/11\/FOLLADOR-1-LUNEDI-2.mp3?_=17\" \/><a href=\"https:\/\/www.radiopiu.net\/wordpress\/wp-content\/uploads\/2024\/11\/FOLLADOR-1-LUNEDI-2.mp3\">https:\/\/www.radiopiu.net\/wordpress\/wp-content\/uploads\/2024\/11\/FOLLADOR-1-LUNEDI-2.mp3<\/a><\/audio>\n\n\t\t\t<style type='text\/css'>\n\t\t\t\t#gallery-1 {\n\t\t\t\t\tmargin: auto;\n\t\t\t\t}\n\t\t\t\t#gallery-1 .gallery-item {\n\t\t\t\t\tfloat: left;\n\t\t\t\t\tmargin-top: 10px;\n\t\t\t\t\ttext-align: center;\n\t\t\t\t\twidth: 50%;\n\t\t\t\t}\n\t\t\t\t#gallery-1 img {\n\t\t\t\t\tborder: 2px solid #cfcfcf;\n\t\t\t\t}\n\t\t\t\t#gallery-1 .gallery-caption {\n\t\t\t\t\tmargin-left: 0;\n\t\t\t\t}\n\t\t\t\t\/* see gallery_shortcode() in wp-includes\/media.php *\/\n\t\t\t<\/style>\n\t\t<div id='gallery-1' class='dt-gallery-container gallery galleryid-420135 gallery-columns-2 gallery-size-thumbnail'><dl class='gallery-item'>\n\t\t\t\t<dt class='gallery-icon portrait'>\n\t\t\t\t\t<a class=\"rollover rollover-zoom dt-pswp-item\" title=\"ANTONELLA PACERI\" data-dt-img-description=\"\" data-large_image_width=\"179\" data-large_image_height=\"219\"href='https:\/\/www.radiopiu.net\/wordpress\/wp-content\/uploads\/2024\/11\/ANTONELLA-PACERI.png'><img loading=\"lazy\" decoding=\"async\" width=\"150\" height=\"150\" src=\"https:\/\/www.radiopiu.net\/wordpress\/wp-content\/uploads\/2024\/11\/ANTONELLA-PACERI-150x150.png\" class=\"attachment-thumbnail size-thumbnail\" alt=\"\" \/><\/a>\n\t\t\t\t<\/dt><\/dl><dl class='gallery-item'>\n\t\t\t\t<dt class='gallery-icon landscape'>\n\t\t\t\t\t<a class=\"rollover rollover-zoom dt-pswp-item\" title=\"447250033_916653183595462_4187811564651129282_n\" data-dt-img-description=\"\" data-large_image_width=\"1200\" data-large_image_height=\"540\"href='https:\/\/www.radiopiu.net\/wordpress\/wp-content\/uploads\/2024\/11\/447250033_916653183595462_4187811564651129282_n.jpg'><img loading=\"lazy\" decoding=\"async\" width=\"150\" height=\"150\" src=\"https:\/\/www.radiopiu.net\/wordpress\/wp-content\/uploads\/2024\/11\/447250033_916653183595462_4187811564651129282_n-150x150.jpg\" class=\"attachment-thumbnail size-thumbnail\" alt=\"\" \/><\/a>\n\t\t\t\t<\/dt><\/dl><br style=\"clear: both\" \/>\n\t\t\t<\/div>\n\n<p>&nbsp;<\/p>\n<h2>LA RACCOLTA COMPLETA <a href=\"https:\/\/www.radiopiu.net\/wordpress\/da-lunedi-alla-radio-scuola-aperta-al-follador-de-rossi\/\"><span style=\"color: #3366ff;\">CLICCA QUI<\/span><\/a><\/h2>\n<p>&nbsp;<\/p>\n<hr \/>\n<p>&nbsp;<\/p>\n<h2><span style=\"color: #000080;\">RITRATTI SONORI, IL PROGRAMMA DI ALESSIA DALL&#8217;O&#8217;<\/span><\/h2>\n<p><span style=\"color: #ff0000;\"><strong><a class=\"dt-pswp-item\" href=\"https:\/\/www.radiopiu.net\/wordpress\/wp-content\/uploads\/2019\/12\/Manrico-DellAgnola-regista-del-film-Donnafugata-scaled-e1731904124955.jpg\" data-dt-img-description=\"\" data-large_image_width=\"2560\" data-large_image_height=\"1621\"><img loading=\"lazy\" decoding=\"async\" class=\" wp-image-109360 alignleft\" src=\"https:\/\/www.radiopiu.net\/wordpress\/wp-content\/uploads\/2019\/12\/Manrico-DellAgnola-regista-del-film-Donnafugata-scaled-e1731904124955-300x190.jpg\" alt=\"\" width=\"161\" height=\"102\" srcset=\"https:\/\/www.radiopiu.net\/wordpress\/wp-content\/uploads\/2019\/12\/Manrico-DellAgnola-regista-del-film-Donnafugata-scaled-e1731904124955-300x190.jpg 300w, https:\/\/www.radiopiu.net\/wordpress\/wp-content\/uploads\/2019\/12\/Manrico-DellAgnola-regista-del-film-Donnafugata-scaled-e1731904124955-1024x648.jpg 1024w, https:\/\/www.radiopiu.net\/wordpress\/wp-content\/uploads\/2019\/12\/Manrico-DellAgnola-regista-del-film-Donnafugata-scaled-e1731904124955-768x486.jpg 768w, https:\/\/www.radiopiu.net\/wordpress\/wp-content\/uploads\/2019\/12\/Manrico-DellAgnola-regista-del-film-Donnafugata-scaled-e1731904124955-1536x973.jpg 1536w, https:\/\/www.radiopiu.net\/wordpress\/wp-content\/uploads\/2019\/12\/Manrico-DellAgnola-regista-del-film-Donnafugata-scaled-e1731904124955-2048x1297.jpg 2048w\" sizes=\"auto, (max-width: 161px) 100vw, 161px\" \/><\/a>PUNTATA 04 &#8211; MANRICO DELL&#8217;AGNOLA<\/strong><\/span><\/p>\n<p>PRIMA PARTE<\/p>\n<audio class=\"wp-audio-shortcode\" id=\"audio-420135-18\" preload=\"none\" style=\"width: 100%;\" controls=\"controls\"><source type=\"audio\/mpeg\" src=\"https:\/\/www.radiopiu.net\/wordpress\/wp-content\/uploads\/2024\/11\/RF1-1.mp3?_=18\" \/><a href=\"https:\/\/www.radiopiu.net\/wordpress\/wp-content\/uploads\/2024\/11\/RF1-1.mp3\">https:\/\/www.radiopiu.net\/wordpress\/wp-content\/uploads\/2024\/11\/RF1-1.mp3<\/a><\/audio>\n<p>&nbsp;<\/p>\n<p>SECONDA PARTE<\/p>\n<audio class=\"wp-audio-shortcode\" id=\"audio-420135-19\" preload=\"none\" style=\"width: 100%;\" controls=\"controls\"><source type=\"audio\/mpeg\" src=\"https:\/\/www.radiopiu.net\/wordpress\/wp-content\/uploads\/2024\/11\/RF2-1.mp3?_=19\" \/><a href=\"https:\/\/www.radiopiu.net\/wordpress\/wp-content\/uploads\/2024\/11\/RF2-1.mp3\">https:\/\/www.radiopiu.net\/wordpress\/wp-content\/uploads\/2024\/11\/RF2-1.mp3<\/a><\/audio>\n<p>&nbsp;<\/p>\n<p>TERZA PARTE<\/p>\n<audio class=\"wp-audio-shortcode\" id=\"audio-420135-20\" preload=\"none\" style=\"width: 100%;\" controls=\"controls\"><source type=\"audio\/mpeg\" src=\"https:\/\/www.radiopiu.net\/wordpress\/wp-content\/uploads\/2024\/11\/RF3-1.mp3?_=20\" \/><a href=\"https:\/\/www.radiopiu.net\/wordpress\/wp-content\/uploads\/2024\/11\/RF3-1.mp3\">https:\/\/www.radiopiu.net\/wordpress\/wp-content\/uploads\/2024\/11\/RF3-1.mp3<\/a><\/audio>\n<p>&nbsp;<\/p>\n<h2>LA RACCOLTA COMPLETA <a href=\"https:\/\/www.radiopiu.net\/wordpress\/ritratti-sonori-il-programma-di-alessia-dallo-la-raccolta\/\"><span style=\"color: #3366ff;\">CLICCA QUI<\/span><\/a><\/h2>\n<p>&nbsp;<\/p>\n<hr \/>\n<p>&nbsp;<\/p>\n<h2><span style=\"color: #00ccff;\">SALUTE E SOCIETA&#8217;<\/span><\/h2>\n<p><a class=\"dt-pswp-item\" href=\"https:\/\/www.radiopiu.net\/wordpress\/wp-content\/uploads\/2024\/11\/329e0b6f-79c9-8d42-f80e-fdafea1a7dba.jpg\" data-dt-img-description=\"red and white blood cells, 3D illustration\" data-large_image_width=\"800\" data-large_image_height=\"445\"><img loading=\"lazy\" decoding=\"async\" class=\"wp-image-420229 alignleft\" src=\"https:\/\/www.radiopiu.net\/wordpress\/wp-content\/uploads\/2024\/11\/329e0b6f-79c9-8d42-f80e-fdafea1a7dba-300x167.jpg\" alt=\"\" width=\"201\" height=\"112\" srcset=\"https:\/\/www.radiopiu.net\/wordpress\/wp-content\/uploads\/2024\/11\/329e0b6f-79c9-8d42-f80e-fdafea1a7dba-300x167.jpg 300w, https:\/\/www.radiopiu.net\/wordpress\/wp-content\/uploads\/2024\/11\/329e0b6f-79c9-8d42-f80e-fdafea1a7dba-768x427.jpg 768w, https:\/\/www.radiopiu.net\/wordpress\/wp-content\/uploads\/2024\/11\/329e0b6f-79c9-8d42-f80e-fdafea1a7dba.jpg 800w\" sizes=\"auto, (max-width: 201px) 100vw, 201px\" \/><\/a><strong>PUNTATA DEL 18 NOVEMBRE 2024<\/strong><\/p>\n<p><strong>CAR-T &#8211; Il futuro \u00e8 gi\u00e0 qui <\/strong>&#8220;CAR-T Il futuro \u00e8 gi\u00e0 qui&#8221; \u00e8 la campagna itinerante e online nata nel 2021, per informare pazienti, familiari, caregiver e specialisti, su leucemie, linfomi e mieloma. <strong>PerCORSA di salute <\/strong>PerCORSA di salute \u00e8 un progetto di sensibilizzazione, prevenzione e informazione dedicato a pazienti con patologie respiratorie croniche, ai loro familiari e alla popolazione generale.<\/p>\n<audio class=\"wp-audio-shortcode\" id=\"audio-420135-21\" preload=\"none\" style=\"width: 100%;\" controls=\"controls\"><source type=\"audio\/mpeg\" src=\"https:\/\/www.radiopiu.net\/wordpress\/wp-content\/uploads\/2024\/11\/SALUTE-1.mp3?_=21\" \/><a href=\"https:\/\/www.radiopiu.net\/wordpress\/wp-content\/uploads\/2024\/11\/SALUTE-1.mp3\">https:\/\/www.radiopiu.net\/wordpress\/wp-content\/uploads\/2024\/11\/SALUTE-1.mp3<\/a><\/audio>\n<p>&nbsp;<\/p>\n<hr \/>\n<p>&nbsp;<\/p>\n<h2><span style=\"color: #ffcc00;\">I RACCONTI DI PAOLO SOPPELSA<\/span><\/h2>\n<p><strong>RITORNO A CASA<\/strong><\/p>\n<p><strong>AUDIO<\/strong><\/p>\n<audio class=\"wp-audio-shortcode\" id=\"audio-420135-22\" preload=\"none\" style=\"width: 100%;\" controls=\"controls\"><source type=\"audio\/mpeg\" src=\"https:\/\/www.radiopiu.net\/wordpress\/wp-content\/uploads\/2024\/11\/PAOLOS-2.mp3?_=22\" \/><a href=\"https:\/\/www.radiopiu.net\/wordpress\/wp-content\/uploads\/2024\/11\/PAOLOS-2.mp3\">https:\/\/www.radiopiu.net\/wordpress\/wp-content\/uploads\/2024\/11\/PAOLOS-2.mp3<\/a><\/audio>\n<p>&nbsp;<\/p>\n<p><a class=\"dt-pswp-item\" href=\"https:\/\/www.radiopiu.net\/wordpress\/wp-content\/uploads\/2024\/11\/f546a93d-e176-45bb-bdff-557df3bb7906.jpg\" data-dt-img-description=\"\" data-large_image_width=\"1600\" data-large_image_height=\"1200\"><img loading=\"lazy\" decoding=\"async\" class=\" wp-image-420082 alignleft\" src=\"https:\/\/www.radiopiu.net\/wordpress\/wp-content\/uploads\/2024\/11\/f546a93d-e176-45bb-bdff-557df3bb7906-300x225.jpg\" alt=\"\" width=\"199\" height=\"149\" srcset=\"https:\/\/www.radiopiu.net\/wordpress\/wp-content\/uploads\/2024\/11\/f546a93d-e176-45bb-bdff-557df3bb7906-300x225.jpg 300w, https:\/\/www.radiopiu.net\/wordpress\/wp-content\/uploads\/2024\/11\/f546a93d-e176-45bb-bdff-557df3bb7906-1024x768.jpg 1024w, https:\/\/www.radiopiu.net\/wordpress\/wp-content\/uploads\/2024\/11\/f546a93d-e176-45bb-bdff-557df3bb7906-768x576.jpg 768w, https:\/\/www.radiopiu.net\/wordpress\/wp-content\/uploads\/2024\/11\/f546a93d-e176-45bb-bdff-557df3bb7906-1536x1152.jpg 1536w, https:\/\/www.radiopiu.net\/wordpress\/wp-content\/uploads\/2024\/11\/f546a93d-e176-45bb-bdff-557df3bb7906.jpg 1600w\" sizes=\"auto, (max-width: 199px) 100vw, 199px\" \/><\/a>Ad inizio novembre, l\u2019ultimo giorno di lavoro al cantiere sembrava eterno. Le ore scorrevano lente e i pensieri erano al giorno successivo, al viaggio che lo avrebbe condotto aldil\u00e0 delle Alpi, al suo paese natale, quello che al mattino vedeva sorgere il sole sopra il Pelsa. Era giornata carica di subbuglio, erano attrezzi da riporre, sacchi di cemento da immagazzinare e considerazioni in merito al lavoro compiuto in quegli ultimi otto mesi. La grande casa era cresciuta di un paio di piani e chiss\u00e0 di quanto erano cresciuti anche i suoi figli, pensava mentre menava gli ultimi colpi di badile. Al venire del buio oramai precoce, quando era ormai svanito il fragore della betoniera e la gru stava emettendo gli ultimi stanchi cigolii, era il tempo dei saluti ai compagni di lavoro. Erano pacche sulle spalle, erano parole in quel tedesco che anno dopo anno andava perfezionandosi, erano altre parole in italiano e in dialetto del suo paese. Alla sera, una bevuta in compagnia dei paesani, quelli che lo avevano aiutato a lenire la nostalgia di casa, quelli che alla met\u00e0 di marzo erano saliti sul treno insieme a lui per raggiungere il nord della Svizzera; e poi a casa, dove tutto era gi\u00e0 pronto per la partenza finalmente imminente. Sulla sedia accanto al letto c&#8217;era la camicia bianca, quella della domenica, i pantaloni con la riga e la giacca dei matrimoni e dei funerali. Vicino alla porta c&#8217;era la valigia colma di vestiti da lavoro e piccoli regali per la moglie e i figli, e sul tavolo il biglietto del treno che lo avrebbe riportato in patria. Nel primo pomeriggio del giorno successivo erano in tanti insieme a lui ad attendere il treno nella grande stazione di Basilea. In una mano teneva la valigia, nell&#8217;altra un giornale appena acquistato. Avrebbe letto quelle pagine durante le prime ore di viaggio, per tentare di distrarsi e far passare pi\u00f9 in fretta quel tempo che ancora sembrava infinito, un tempo grigio d&#8217;inizio novembre che lo separava dal riabbracciare la sua famiglia e dal rivedere le sue montagne. Il capotreno gli sorrise mentre saliva sul vagone e pochi minuti pi\u00f9 tardi un fischio ed uno scossone annunciarono l&#8217;inizio del ritorno a casa. Un sonno profondo lo colse a sera ormai fatta mentre il treno correva spedito lungo le valli svizzere. Era un sonno ricco di sogni, ed in quei sogni c&#8217;erano il cantiere, i figli e la moglie, le montagne il fienile e il maiale che avrebbe macellato a fine novembre. Riapr\u00ec gli occhi poco dopo l&#8217;alba, quando ormai il treno correva lungo la pianura lombarda. Dal finestrino osservava i campi a riposo imbiancati dalla brina, gli alti e scintillanti tralicci che portavano la corrente elettrica fino a Milano e le cascine, con i camini fumanti e le aie ghiacciate. Uno snodarsi di dolci colline annunci\u00f2 la terra veneta e nella grande stazione di Padova cambi\u00f2 treno, salendo sul convoglio che lo avrebbe riportato fra le sue montagne. La locomotiva a vapore sbuffava mentre si inoltrava nella vallata feltrina e finalmente si sentiva a casa. Osservava i profili delle montagne illuminate dal sole del mezzogiorno e contava i minuti che lo separavano dal paese. Poi l\u2019ordinata stazione di Belluno e la corriera che poco pi\u00f9 tardi solcava l&#8217;asfalto nuovo della Strada Agordina. Scorrevano paesi e pensieri mentre il sole stanco si preparava ad iniziare il suo congedo giornaliero nascondendosi dietro alle cime ad ovest. Scese a Cencenighe, e gli ultimi due chilometri e mezzo volle percorrerli a piedi, come aveva fatto migliaia di volte, come aveva fatto, per\u00f2 al contrario, il giorno di San Giuseppe, quando aveva lasciato la valle. Venti minuti di cammino mentre l&#8217;ombra risaliva la parete del Pelsa, poi laggi\u00f9 in basso dietro una curva, la casa che aveva tirato s\u00f9 a mano. Il camino che fumava, i larici dorati, un lungo respiro e le lacrime trattenute a stento. Apr\u00ec la porta, si guardarono per qualche secondo, e poi disse Son lug\u00e0\u2026<\/p>\n<p>&nbsp;<\/p>\n<hr \/>\n<p>&nbsp;<\/p>\n<blockquote>\n<h2>Feltre, sport e inclusione: successo per la gara campestre a Pr\u00e0 del Moro<\/h2>\n<\/blockquote>\n<p><strong><a class=\"dt-pswp-item\" href=\"https:\/\/www.radiopiu.net\/wordpress\/wp-content\/uploads\/2024\/11\/IMG-20241113-WA0012.jpg\" data-dt-img-description=\"\" data-large_image_width=\"1600\" data-large_image_height=\"1298\"><img loading=\"lazy\" decoding=\"async\" class=\"size-medium wp-image-420342 alignleft\" src=\"https:\/\/www.radiopiu.net\/wordpress\/wp-content\/uploads\/2024\/11\/IMG-20241113-WA0012-300x243.jpg\" alt=\"\" width=\"300\" height=\"243\" srcset=\"https:\/\/www.radiopiu.net\/wordpress\/wp-content\/uploads\/2024\/11\/IMG-20241113-WA0012-300x243.jpg 300w, https:\/\/www.radiopiu.net\/wordpress\/wp-content\/uploads\/2024\/11\/IMG-20241113-WA0012-1024x831.jpg 1024w, https:\/\/www.radiopiu.net\/wordpress\/wp-content\/uploads\/2024\/11\/IMG-20241113-WA0012-768x623.jpg 768w, https:\/\/www.radiopiu.net\/wordpress\/wp-content\/uploads\/2024\/11\/IMG-20241113-WA0012-1536x1246.jpg 1536w, https:\/\/www.radiopiu.net\/wordpress\/wp-content\/uploads\/2024\/11\/IMG-20241113-WA0012.jpg 1600w\" sizes=\"auto, (max-width: 300px) 100vw, 300px\" \/><\/a>FELTRE<\/strong> Nei giorni scorsi, Pr\u00e0 del Moro a Feltre ha ospitato la gara campestre che ha coinvolto 363 studenti della scuola secondaria Rocca e 226 alunni delle classi quarta e quinta dei plessi primari di Nemeggio, Mugnai, Foen, Villabruna, Vittorino e Farra. L\u2019evento, organizzato dagli insegnanti Luca Perer e Valentina Valdetara, con il supporto dell\u2019ANA ATLETICA e di Valerio Stach, rappresentava la fase d\u2019istituto, propedeutica a quella distrettuale. I giovani atleti si sono cimentati su percorsi differenti: 800 metri per gli alunni della primaria, 1100 metri per le prime medie e le cadette, e 1400 metri per i cadetti di seconda e terza media. La competizione, oltre a favorire l\u2019attivit\u00e0 fisica, ha stimolato i ragazzi a superare pigrizie e timori, trasformando la partecipazione in una vittoria personale. Le premiazioni hanno celebrato il coinvolgimento di tutti, con un\u2019attenzione speciale ai giovani con disabilit\u00e0 e agli studenti della CISEIA, scuola per ragazzi con disabilit\u00e0 significative. La loro determinazione ha emozionato il pubblico, sottolineando il valore dell\u2019inclusione nello sport.<\/p>\n<p>&nbsp;<\/p>\n<p>&nbsp;<\/p>\n<hr \/>\n<p>&nbsp;<\/p>\n<blockquote>\n<h2>\u00a0EVA E PETRA E FABER CON IL CIRCOLO SARDI<\/h2>\n<\/blockquote>\n<p><strong>BELLUNO<\/strong> Due Eventi organizzati dal circolo Sardi di Belluno,<strong> venerdi alle 20.30<\/strong>\u00a0 nella sala parrocchiale di Cavarzano.\u00a0 Con Fabrizio Passerotti, regia Giulia d&#8217;Agostini, testo Gianni Loy e disegni Francesco Del Casino. Ingressi libero. Meraviglioso monologo teatrale sull&#8217;eccidio di Buggerru (SU) e lo sciopero Nazionale. Eva e Petra erano l\u00e0 quando i soldati fecero fuoco sui minatori in rivolta, a Buggerru, una domenica di settembre del 1904. Quei colpi, e quei morti aprirono loro gli occhi mostrando le differenze esistenti fra di loro e allontanandole&#8230; Un racconto delicato e vero che ci parla di adulti e bambini, d&#8217;ingiustizia e di lotta, di sguardi sempre puntati verso l&#8217;alto e, soprattutto del potere incontrastabile dell&#8217;amicizia. Sabato 23 novembre ore 20.30. Faber Il canto della terra:<strong> Sabato alle 20.30<\/strong> sempre nella sala polifunzionale di Cavarzano Fabrizio Passerotti in Faber, il canto della terra. Monologo teatrale, musiche dal vivo di Stefano Migneco, testo Giammaria Monti, regia Raimondo Riu, ingresso libro &#8220;Faber, il canto della terra&#8221;, racconta in modo del tutto inedito i grandi temi della poetica. &#8220;deandreiana&#8221; senza cedere al documentarismo ma soffermandosi sull&#8217;essenziale e trovando nei testi delle canzoni la struttura stessa sulla quale costruire l&#8217;intera opera.<br \/>\nPer contatti Roberto AGUS Cell. 3886458895 email robertoagus2@gmail.com<\/p>\n<p><a class=\"dt-pswp-item\" href=\"https:\/\/www.radiopiu.net\/wordpress\/wp-content\/uploads\/2024\/11\/Locandina-Eva-e-Petra.jpg\" data-dt-img-description=\"\" data-large_image_width=\"1050\" data-large_image_height=\"1600\"><img loading=\"lazy\" decoding=\"async\" class=\"alignnone size-medium wp-image-420335\" src=\"https:\/\/www.radiopiu.net\/wordpress\/wp-content\/uploads\/2024\/11\/Locandina-Eva-e-Petra-197x300.jpg\" alt=\"\" width=\"197\" height=\"300\" srcset=\"https:\/\/www.radiopiu.net\/wordpress\/wp-content\/uploads\/2024\/11\/Locandina-Eva-e-Petra-197x300.jpg 197w, https:\/\/www.radiopiu.net\/wordpress\/wp-content\/uploads\/2024\/11\/Locandina-Eva-e-Petra-672x1024.jpg 672w, https:\/\/www.radiopiu.net\/wordpress\/wp-content\/uploads\/2024\/11\/Locandina-Eva-e-Petra-768x1170.jpg 768w, https:\/\/www.radiopiu.net\/wordpress\/wp-content\/uploads\/2024\/11\/Locandina-Eva-e-Petra-1008x1536.jpg 1008w, https:\/\/www.radiopiu.net\/wordpress\/wp-content\/uploads\/2024\/11\/Locandina-Eva-e-Petra.jpg 1050w\" sizes=\"auto, (max-width: 197px) 100vw, 197px\" \/><\/a><img loading=\"lazy\" decoding=\"async\" class=\"alignnone size-medium wp-image-420334\" src=\"https:\/\/www.radiopiu.net\/wordpress\/wp-content\/uploads\/2024\/11\/Locandina-FABER-1-1-198x300.jpg\" alt=\"\" width=\"198\" height=\"300\" srcset=\"https:\/\/www.radiopiu.net\/wordpress\/wp-content\/uploads\/2024\/11\/Locandina-FABER-1-1-198x300.jpg 198w, https:\/\/www.radiopiu.net\/wordpress\/wp-content\/uploads\/2024\/11\/Locandina-FABER-1-1-675x1024.jpg 675w, https:\/\/www.radiopiu.net\/wordpress\/wp-content\/uploads\/2024\/11\/Locandina-FABER-1-1-768x1165.jpg 768w, https:\/\/www.radiopiu.net\/wordpress\/wp-content\/uploads\/2024\/11\/Locandina-FABER-1-1-1013x1536.jpg 1013w, https:\/\/www.radiopiu.net\/wordpress\/wp-content\/uploads\/2024\/11\/Locandina-FABER-1-1.jpg 1055w\" sizes=\"auto, (max-width: 198px) 100vw, 198px\" \/><\/p>\n<p>&nbsp;<\/p>\n<p>&nbsp;<\/p>\n<p>&nbsp;<\/p>\n<hr \/>\n<p>&nbsp;<\/p>\n<blockquote>\n<h2>Concerto in memoria di Igor Roldo: solidariet\u00e0 e musica al Piccolo Teatro Pierobon<\/h2>\n<\/blockquote>\n<div class=\"flex-1 overflow-hidden\">\n<div class=\"h-full\">\n<div class=\"react-scroll-to-bottom--css-iaghl-79elbk h-full\">\n<div class=\"react-scroll-to-bottom--css-iaghl-1n7m0yu\">\n<div class=\"flex flex-col text-sm md:pb-9\">\n<article class=\"w-full scroll-mb-[var(--thread-trailing-height)] text-token-text-primary focus-visible:outline-2 focus-visible:outline-offset-[-4px]\" dir=\"auto\" data-testid=\"conversation-turn-27\" data-scroll-anchor=\"true\">\n<div class=\"m-auto text-base py-[18px] px-3 md:px-4 w-full md:px-5 lg:px-4 xl:px-5\">\n<div class=\"mx-auto flex flex-1 gap-4 text-base md:gap-5 lg:gap-6 md:max-w-3xl lg:max-w-[40rem] xl:max-w-[48rem]\">\n<div class=\"group\/conversation-turn relative flex w-full min-w-0 flex-col agent-turn\">\n<div class=\"flex-col gap-1 md:gap-3\">\n<div class=\"flex max-w-full flex-col flex-grow\">\n<div class=\"min-h-8 text-message flex w-full flex-col items-end gap-2 whitespace-normal break-words [.text-message+&amp;]:mt-5\" dir=\"auto\" data-message-author-role=\"assistant\" data-message-id=\"2f1985a1-38a8-441c-a356-ef2248e23e98\" data-message-model-slug=\"gpt-4o\">\n<div class=\"flex w-full flex-col gap-1 empty:hidden first:pt-[3px]\">\n<div class=\"markdown prose w-full break-words dark:prose-invert dark\">\n<p><strong><a class=\"dt-pswp-item\" href=\"https:\/\/www.radiopiu.net\/wordpress\/wp-content\/uploads\/2024\/11\/4-foto.jpg\" data-dt-img-description=\"\" data-large_image_width=\"1410\" data-large_image_height=\"1267\"><img loading=\"lazy\" decoding=\"async\" class=\"wp-image-419353 alignleft\" src=\"https:\/\/www.radiopiu.net\/wordpress\/wp-content\/uploads\/2024\/11\/4-foto-300x270.jpg\" alt=\"\" width=\"157\" height=\"141\" srcset=\"https:\/\/www.radiopiu.net\/wordpress\/wp-content\/uploads\/2024\/11\/4-foto-300x270.jpg 300w, https:\/\/www.radiopiu.net\/wordpress\/wp-content\/uploads\/2024\/11\/4-foto-1024x920.jpg 1024w, https:\/\/www.radiopiu.net\/wordpress\/wp-content\/uploads\/2024\/11\/4-foto-768x690.jpg 768w, https:\/\/www.radiopiu.net\/wordpress\/wp-content\/uploads\/2024\/11\/4-foto.jpg 1410w\" sizes=\"auto, (max-width: 157px) 100vw, 157px\" \/><\/a>PONTE NELLE ALPI<\/strong> Sabato 30 novembre, il Piccolo Teatro Pierobon ospiter\u00e0 un concerto in ricordo di Igor Roldo, scomparso un anno fa. Organizzato da WR Events e Comitato Pollicino, l&#8217;evento celebra la memoria di Roldo, 58 anni, noto dirigente del San Giorgio Calcio e ideatore del Festival musicale di Pian dei Castaldi. Considerato un talent scout, Roldo ha sempre supportato nuove formazioni musicali, promuovendo eventi per finanziare progetti solidali del Comitato Pollicino, dedicato ai bambini bisognosi di Petrosani, Romania. La serata sar\u00e0 animata dall\u2019Uncle Frank Project, composto da Franco De Poli, Alberto Mambrini, Andrea Cuzzuol e Mauro De Luca, noti per i loro concerti a scopo benefico. Sul palco, il quartetto racconter\u00e0 l\u2019evoluzione della chitarra attraverso diversi stili musicali, mostrando come questo strumento rimanga centrale nel sound moderno. Il concerto \u00e8 patrocinato dal Comune di Ponte nelle Alpi e prevede ingresso a offerta libera. Tutto il ricavato andr\u00e0 al Comitato Pollicino, proseguendo l\u2019impegno di Roldo nel coniugare musica e solidariet\u00e0.<\/p>\n<\/div>\n<\/div>\n<\/div>\n<\/div>\n<\/div>\n<\/div>\n<\/div>\n<\/div>\n<\/article>\n<\/div>\n<\/div>\n<\/div>\n<\/div>\n<\/div>\n<p>&nbsp;<\/p>\n<p>&nbsp;<\/p>\n<hr \/>\n<p>&nbsp;<\/p>\n<h2><span style=\"color: #ff0000;\"><a class=\"dt-pswp-item\" href=\"https:\/\/www.radiopiu.net\/wordpress\/wp-content\/uploads\/2018\/09\/appuntamenti.jpeg\" data-dt-img-description=\"\" data-large_image_width=\"800\" data-large_image_height=\"100\"><img loading=\"lazy\" decoding=\"async\" class=\"wp-image-61958 size-full aligncenter\" src=\"https:\/\/www.radiopiu.net\/wordpress\/wp-content\/uploads\/2018\/09\/appuntamenti.jpeg\" alt=\"\" width=\"800\" height=\"100\" srcset=\"https:\/\/www.radiopiu.net\/wordpress\/wp-content\/uploads\/2018\/09\/appuntamenti.jpeg 800w, https:\/\/www.radiopiu.net\/wordpress\/wp-content\/uploads\/2018\/09\/appuntamenti-300x38.jpeg 300w, https:\/\/www.radiopiu.net\/wordpress\/wp-content\/uploads\/2018\/09\/appuntamenti-768x96.jpeg 768w\" sizes=\"auto, (max-width: 800px) 100vw, 800px\" \/><\/a><\/span><\/h2>\n<p>&nbsp;<\/p>\n<div style=\"width: 1200px;\" class=\"wp-video\"><video class=\"wp-video-shortcode\" id=\"video-420135-1\" width=\"1200\" height=\"675\" preload=\"metadata\" controls=\"controls\"><source type=\"video\/mp4\" src=\"https:\/\/www.radiopiu.net\/wordpress\/wp-content\/uploads\/2024\/10\/WhatsApp-Video-2024-10-23-at-00.12.10.mp4?_=1\" \/><a href=\"https:\/\/www.radiopiu.net\/wordpress\/wp-content\/uploads\/2024\/10\/WhatsApp-Video-2024-10-23-at-00.12.10.mp4\">https:\/\/www.radiopiu.net\/wordpress\/wp-content\/uploads\/2024\/10\/WhatsApp-Video-2024-10-23-at-00.12.10.mp4<\/a><\/video><\/div>\n<p><strong>\u00a0<\/strong><\/p>\n<p>&nbsp;<\/p>\n<div class=\"flex-shrink-0 flex flex-col relative items-end\">\n<div class=\"pt-0\">\n<div class=\"gizmo-bot-avatar flex h-8 w-8 items-center justify-center overflow-hidden rounded-full\">\n<p class=\"relative p-1 rounded-sm flex items-center justify-center bg-token-main-surface-primary text-token-text-primary h-8 w-8\"><strong>CANALE D&#8217;AGORDO <\/strong>Jazzercise \u00e8 un allenamento ad alta intensit\u00e0 che combina danza, pilates, yoga e kickboxing, adatto a tutti i livelli di fitness. \u00c8 efficace per tonificare i muscoli, migliorare la postura e ottenere un fisico snello. Nell&#8217;Agordino, le lezioni si tengono a Canale d&#8217;Agordo, nella sala ex emigranti di via Lotta, il luned\u00ec dalle 18:15 alle 19:15 e il mercoled\u00ec dalle 18:30 alle 19:30. L&#8217;istruttrice certificata RaLuca ti aspetta per un allenamento coinvolgente al ritmo di musica attuale. Per informazioni: 347 9295478<\/p>\n<\/div>\n<\/div>\n<\/div>\n<p><strong>FALCADE<\/strong> Le cena della classe 1974 dei coscritti dell&#8217;<strong>Agordino<\/strong> si terr\u00e0\u00a0 sabato 30 novembre\u00a0 a Falcade, Hotel Stella Alpina. La cena e&#8217; aperta ai nati nel 1974 nei 16 comuni dell&#8217;Agordino, e sara&#8217; un&#8217;occasione di ritrovo,\u00a0 dopo tanto tempo e festeggiare il mezzo secolo.Info\u00a0 3478120853<\/p>\n<p>&nbsp;<\/p>\n<p>&nbsp;<\/p>\n<div>\n<div class=\"\" dir=\"auto\">\n<div id=\":r9h:\" class=\"x1iorvi4 x1pi30zi x1l90r2v x1swvt13\" data-ad-comet-preview=\"message\" data-ad-preview=\"message\">\n\n\t\t\t<style type='text\/css'>\n\t\t\t\t#gallery-2 {\n\t\t\t\t\tmargin: auto;\n\t\t\t\t}\n\t\t\t\t#gallery-2 .gallery-item {\n\t\t\t\t\tfloat: left;\n\t\t\t\t\tmargin-top: 10px;\n\t\t\t\t\ttext-align: center;\n\t\t\t\t\twidth: 25%;\n\t\t\t\t}\n\t\t\t\t#gallery-2 img {\n\t\t\t\t\tborder: 2px solid #cfcfcf;\n\t\t\t\t}\n\t\t\t\t#gallery-2 .gallery-caption {\n\t\t\t\t\tmargin-left: 0;\n\t\t\t\t}\n\t\t\t\t\/* see gallery_shortcode() in wp-includes\/media.php *\/\n\t\t\t<\/style>\n\t\t<div id='gallery-2' class='dt-gallery-container gallery galleryid-420135 gallery-columns-4 gallery-size-thumbnail'><dl class='gallery-item'>\n\t\t\t\t<dt class='gallery-icon portrait'>\n\t\t\t\t\t<a class=\"rollover rollover-zoom dt-pswp-item\" title=\"967a322c-9996-42d7-af75-662ca7d89e84\" data-dt-img-description=\"\" data-large_image_width=\"1080\" data-large_image_height=\"1519\"href='https:\/\/www.radiopiu.net\/wordpress\/wp-content\/uploads\/2024\/10\/967a322c-9996-42d7-af75-662ca7d89e84-1.jpg'><img loading=\"lazy\" decoding=\"async\" width=\"150\" height=\"150\" src=\"https:\/\/www.radiopiu.net\/wordpress\/wp-content\/uploads\/2024\/10\/967a322c-9996-42d7-af75-662ca7d89e84-1-150x150.jpg\" class=\"attachment-thumbnail size-thumbnail\" alt=\"\" aria-describedby=\"gallery-2-413698\" \/><\/a>\n\t\t\t\t<\/dt>\n\t\t\t\t\t<dd class='wp-caption-text gallery-caption' id='gallery-2-413698'>\n\t\t\t\t\tDOMANI\n\t\t\t\t\t<\/dd><\/dl><dl class='gallery-item'>\n\t\t\t\t<dt class='gallery-icon portrait'>\n\t\t\t\t\t<a class=\"rollover rollover-zoom dt-pswp-item\" title=\"manifesto serate invernali\" data-dt-img-description=\"\" data-large_image_width=\"1683\" data-large_image_height=\"2383\"href='https:\/\/www.radiopiu.net\/wordpress\/wp-content\/uploads\/2024\/11\/manifesto-serate-invernali.jpg'><img loading=\"lazy\" decoding=\"async\" width=\"150\" height=\"150\" src=\"https:\/\/www.radiopiu.net\/wordpress\/wp-content\/uploads\/2024\/11\/manifesto-serate-invernali-150x150.jpg\" class=\"attachment-thumbnail size-thumbnail\" alt=\"\" aria-describedby=\"gallery-2-418816\" \/><\/a>\n\t\t\t\t<\/dt>\n\t\t\t\t\t<dd class='wp-caption-text gallery-caption' id='gallery-2-418816'>\n\t\t\t\t\t21 FEBBRAIO\n\t\t\t\t\t<\/dd><\/dl><dl class='gallery-item'>\n\t\t\t\t<dt class='gallery-icon portrait'>\n\t\t\t\t\t<a class=\"rollover rollover-zoom dt-pswp-item\" title=\"PL_Sosp_A4_CENE\" data-dt-img-description=\"\" data-large_image_width=\"992\" data-large_image_height=\"1403\"href='https:\/\/www.radiopiu.net\/wordpress\/wp-content\/uploads\/2024\/11\/PL_Sosp_A4_CENE.jpg'><img loading=\"lazy\" decoding=\"async\" width=\"150\" height=\"150\" src=\"https:\/\/www.radiopiu.net\/wordpress\/wp-content\/uploads\/2024\/11\/PL_Sosp_A4_CENE-150x150.jpg\" class=\"attachment-thumbnail size-thumbnail\" alt=\"\" aria-describedby=\"gallery-2-419072\" \/><\/a>\n\t\t\t\t<\/dt>\n\t\t\t\t\t<dd class='wp-caption-text gallery-caption' id='gallery-2-419072'>\n\t\t\t\t\tCON LA PRO LOCO MONTI DEL SOLE\n\t\t\t\t\t<\/dd><\/dl><dl class='gallery-item'>\n\t\t\t\t<dt class='gallery-icon portrait'>\n\t\t\t\t\t<a class=\"rollover rollover-zoom dt-pswp-item\" title=\"4448afab-7b66-4760-8c53-e411b845306d\" data-dt-img-description=\"\" data-large_image_width=\"1144\" data-large_image_height=\"1600\"href='https:\/\/www.radiopiu.net\/wordpress\/wp-content\/uploads\/2024\/11\/4448afab-7b66-4760-8c53-e411b845306d.jpg'><img loading=\"lazy\" decoding=\"async\" width=\"150\" height=\"150\" src=\"https:\/\/www.radiopiu.net\/wordpress\/wp-content\/uploads\/2024\/11\/4448afab-7b66-4760-8c53-e411b845306d-150x150.jpg\" class=\"attachment-thumbnail size-thumbnail\" alt=\"\" aria-describedby=\"gallery-2-419621\" \/><\/a>\n\t\t\t\t<\/dt>\n\t\t\t\t\t<dd class='wp-caption-text gallery-caption' id='gallery-2-419621'>\n\t\t\t\t\tIL FINE SETTIMANA A CAVIOLA\n\t\t\t\t\t<\/dd><\/dl><br style=\"clear: both\" \/><dl class='gallery-item'>\n\t\t\t\t<dt class='gallery-icon portrait'>\n\t\t\t\t\t<a class=\"rollover rollover-zoom dt-pswp-item\" title=\"formula_3_loc\" data-dt-img-description=\"\" data-large_image_width=\"600\" data-large_image_height=\"821\"href='https:\/\/www.radiopiu.net\/wordpress\/wp-content\/uploads\/2024\/11\/formula_3_loc.jpg'><img loading=\"lazy\" decoding=\"async\" width=\"150\" height=\"150\" src=\"https:\/\/www.radiopiu.net\/wordpress\/wp-content\/uploads\/2024\/11\/formula_3_loc-150x150.jpg\" class=\"attachment-thumbnail size-thumbnail\" alt=\"\" aria-describedby=\"gallery-2-419609\" \/><\/a>\n\t\t\t\t<\/dt>\n\t\t\t\t\t<dd class='wp-caption-text gallery-caption' id='gallery-2-419609'>\n\t\t\t\t\tI FORMULA 3 A BELLUNO\n\t\t\t\t\t<\/dd><\/dl><dl class='gallery-item'>\n\t\t\t\t<dt class='gallery-icon portrait'>\n\t\t\t\t\t<a class=\"rollover rollover-zoom dt-pswp-item\" title=\"Ciao Igor copia\" data-dt-img-description=\"\" data-large_image_width=\"453\" data-large_image_height=\"640\"href='https:\/\/www.radiopiu.net\/wordpress\/wp-content\/uploads\/2024\/11\/Ciao-Igor-copia.jpeg'><img loading=\"lazy\" decoding=\"async\" width=\"150\" height=\"150\" src=\"https:\/\/www.radiopiu.net\/wordpress\/wp-content\/uploads\/2024\/11\/Ciao-Igor-copia-150x150.jpeg\" class=\"attachment-thumbnail size-thumbnail\" alt=\"\" aria-describedby=\"gallery-2-419352\" \/><\/a>\n\t\t\t\t<\/dt>\n\t\t\t\t\t<dd class='wp-caption-text gallery-caption' id='gallery-2-419352'>\n\t\t\t\t\tIN MEMORIA DI IGOR\n\t\t\t\t\t<\/dd><\/dl><dl class='gallery-item'>\n\t\t\t\t<dt class='gallery-icon portrait'>\n\t\t\t\t\t<a class=\"rollover rollover-zoom dt-pswp-item\" title=\"IL FILO ROSSO TRA ARRIGO E LENOR\" data-dt-img-description=\"\" data-large_image_width=\"841\" data-large_image_height=\"1190\"href='https:\/\/www.radiopiu.net\/wordpress\/wp-content\/uploads\/2024\/11\/IL-FILO-ROSSO-TRA-ARRIGO-E-LENOR.jpg'><img loading=\"lazy\" decoding=\"async\" width=\"150\" height=\"150\" src=\"https:\/\/www.radiopiu.net\/wordpress\/wp-content\/uploads\/2024\/11\/IL-FILO-ROSSO-TRA-ARRIGO-E-LENOR-150x150.jpg\" class=\"attachment-thumbnail size-thumbnail\" alt=\"\" aria-describedby=\"gallery-2-420249\" \/><\/a>\n\t\t\t\t<\/dt>\n\t\t\t\t\t<dd class='wp-caption-text gallery-caption' id='gallery-2-420249'>\n\t\t\t\t\tAL PICCOLO TEATRO PIEROBON\n\t\t\t\t\t<\/dd><\/dl><dl class='gallery-item'>\n\t\t\t\t<dt class='gallery-icon portrait'>\n\t\t\t\t\t<a class=\"rollover rollover-zoom dt-pswp-item\" title=\"41f0eb19-6c8b-40db-a950-17a74dc36554\" data-dt-img-description=\"\" data-large_image_width=\"1131\" data-large_image_height=\"1600\"href='https:\/\/www.radiopiu.net\/wordpress\/wp-content\/uploads\/2024\/11\/41f0eb19-6c8b-40db-a950-17a74dc36554.jpg'><img loading=\"lazy\" decoding=\"async\" width=\"150\" height=\"150\" src=\"https:\/\/www.radiopiu.net\/wordpress\/wp-content\/uploads\/2024\/11\/41f0eb19-6c8b-40db-a950-17a74dc36554-150x150.jpg\" class=\"attachment-thumbnail size-thumbnail\" alt=\"\" aria-describedby=\"gallery-2-420248\" \/><\/a>\n\t\t\t\t<\/dt>\n\t\t\t\t\t<dd class='wp-caption-text gallery-caption' id='gallery-2-420248'>\n\t\t\t\t\tIL CONCERTO A CENCENIGHE\n\t\t\t\t\t<\/dd><\/dl><br style=\"clear: both\" \/><dl class='gallery-item'>\n\t\t\t\t<dt class='gallery-icon portrait'>\n\t\t\t\t\t<a class=\"rollover rollover-zoom dt-pswp-item\" title=\"TIB_Locandina_A3_Orso (1)\" data-dt-img-description=\"\" data-large_image_width=\"858\" data-large_image_height=\"1207\"href='https:\/\/www.radiopiu.net\/wordpress\/wp-content\/uploads\/2024\/11\/TIB_Locandina_A3_Orso-1.jpg'><img loading=\"lazy\" decoding=\"async\" width=\"150\" height=\"150\" src=\"https:\/\/www.radiopiu.net\/wordpress\/wp-content\/uploads\/2024\/11\/TIB_Locandina_A3_Orso-1-150x150.jpg\" class=\"attachment-thumbnail size-thumbnail\" alt=\"\" aria-describedby=\"gallery-2-420259\" \/><\/a>\n\t\t\t\t<\/dt>\n\t\t\t\t\t<dd class='wp-caption-text gallery-caption' id='gallery-2-420259'>\n\t\t\t\t\tDOMENICA A BELLUNO\n\t\t\t\t\t<\/dd><\/dl>\n\t\t\t\t<br style='clear: both' \/>\n\t\t\t<\/div>\n\n<\/div>\n<\/div>\n<\/div>\n<p>&nbsp;<\/p>\n<hr \/>\n<p>&nbsp;<\/p>\n<p class=\"mceTemp\"><a class=\"dt-pswp-item\" href=\"https:\/\/www.radiopiu.net\/wordpress\/wp-content\/uploads\/2018\/09\/WhatsApp-Image-2018-09-20-at-16.04.06.jpeg\" data-dt-img-description=\"\" data-large_image_width=\"800\" data-large_image_height=\"100\"><img loading=\"lazy\" decoding=\"async\" class=\"wp-image-61378 size-full aligncenter\" src=\"https:\/\/www.radiopiu.net\/wordpress\/wp-content\/uploads\/2018\/09\/WhatsApp-Image-2018-09-20-at-16.04.06.jpeg\" alt=\"\" width=\"800\" height=\"100\" srcset=\"https:\/\/www.radiopiu.net\/wordpress\/wp-content\/uploads\/2018\/09\/WhatsApp-Image-2018-09-20-at-16.04.06.jpeg 800w, https:\/\/www.radiopiu.net\/wordpress\/wp-content\/uploads\/2018\/09\/WhatsApp-Image-2018-09-20-at-16.04.06-300x38.jpeg 300w, https:\/\/www.radiopiu.net\/wordpress\/wp-content\/uploads\/2018\/09\/WhatsApp-Image-2018-09-20-at-16.04.06-768x96.jpeg 768w\" sizes=\"auto, (max-width: 800px) 100vw, 800px\" \/><\/a><\/p>\n<p><center><\/center><center><\/center><center><b>\u00a0<\/b><\/center><center><b>OGGI<\/b><\/center><b>\u00ec<\/b>Al mattino cielo in prevalenza nuvoloso con qualche schiarita; nel pomeriggio da molto nuvoloso a coperto con deboli fenomeni specie sulle Dolomiti. Nelle valli ridotta escursione termica diurna per minore freddo notturno e per contesto pi\u00f9 fresco in giornata.<br \/>\n<b>Precipitazioni: <\/b>Fino al tardo pomeriggio generalmente assenti. In serata e nella notte sulle Prealpi probabilit\u00e0 molto bassa di qualche occasionale fiocco di neve oltre i 1600-1800 m, mentre sulle Dolomiti probabilit\u00e0 medio-bassa di sporadici e debolissime precipitazioni intermittenti specie sui rilievi di confine con il Trenino alto Adige attorno ai 1200-1400 m, localmente pi\u00f9 in basso nelle valli chiuse.<br \/>\n<b>Temperature: <\/b>In lieve o contenuta diminuzione specie in alta montagna, dove le minime saranno misurate a fine giornata, salvo risultare in lieve aumento le minime nelle valli. Debole escursione termica giornaliera.<\/p>\n<hr \/>\n<p><center><b>DOMANI<\/b><\/center>Nella notte cielo molto nuvoloso o coperto con qualche modestissimo fenomeno specie sulle Dolomiti. In mattinata netto miglioramento del tempo ovunque con cielo tendente a divenire sereno o poco nuvoloso, salvo qualche residuo e irregolare addensamento sulle Dolomiti.<br \/>\n<b>Precipitazioni: <\/b>Nottetempo possibile lieve e breve fenomeno da locale a sparso specie sulle Dolomiti dove il limite delle nevicate sar\u00e0 di circa 1200-1400 m con apporti di precipitazione molto scarsi. Lo stesso episodio sulle Prealpi sar\u00e0 meno probabile Attenuazione dei fenomeni verso l&#8217;alba.<br \/>\n<b>Temperature: <\/b>In generale sensibile diminuzione, pi\u00f9 marcata in alta quota rispetto alle valli dove localmente potranno essere interessate dal Foehn con minime in quota misurate a fine giornata e massime registrate nelle prime ore.<\/p>\n<hr \/>\n<p><center><b>GIOVEDI<\/b><\/center>Al mattino da soleggiato a parzialmente soleggiato per un graduale aumento della nuvolosit\u00e0 fino a cielo coperto nel pomeriggio con delle modeste precipitazioni, specie verso la sera, nevose fino a quote basse. Temperature in ulteriore lieve diminuzione di stampo invernale.<\/p>\n<hr \/>\n<p><center><b>VENERDI<\/b><\/center>Al mattino cielo irregolarmente nuvoloso con residui e modesti fenomeni da sparsi a locali, nevosi fino a fondovalle. Dalle ore centrali rasserenamenti diffusi con clima invernale. Temperature in diminuzione specie le minime che saranno misurate ovunque a fine giornata, su valori ben inferiori alla norma.<\/p>\n<p>&nbsp;<\/p>\n<p>&nbsp;<\/p>\n<hr \/>\n<p>&nbsp;<\/p>\n<p>&nbsp;<\/p>\n<p class=\"mceTemp\"><a class=\"dt-pswp-item\" href=\"https:\/\/www.radiopiu.net\/wordpress\/wp-content\/uploads\/2018\/09\/sport.jpg\" data-dt-img-description=\"\" data-large_image_width=\"800\" data-large_image_height=\"100\"><img loading=\"lazy\" decoding=\"async\" class=\"aligncenter wp-image-60761 size-full\" src=\"https:\/\/www.radiopiu.net\/wordpress\/wp-content\/uploads\/2018\/09\/sport.jpg\" alt=\"\" width=\"800\" height=\"100\" srcset=\"https:\/\/www.radiopiu.net\/wordpress\/wp-content\/uploads\/2018\/09\/sport.jpg 800w, https:\/\/www.radiopiu.net\/wordpress\/wp-content\/uploads\/2018\/09\/sport-300x38.jpg 300w, https:\/\/www.radiopiu.net\/wordpress\/wp-content\/uploads\/2018\/09\/sport-768x96.jpg 768w\" sizes=\"auto, (max-width: 800px) 100vw, 800px\" \/><\/a><span style=\"color: #0000ff;\"><strong>\u00a0 \u00a0 \u00a0 \u00a0 \u00a0 \u00a0<\/strong><\/span><\/p>\n<p>&nbsp;<\/p>\n<div class=\"moz-text-html\" lang=\"x-unicode\">\n<div dir=\"ltr\">\n<div><\/div>\n<div>\n<blockquote>\n<h1><b>IL BELLUNO VOLLEY &#8220;LICENZIA&#8221; DE CECCO<\/b><\/h1>\n<\/blockquote>\n<p>Il Belluno Volley comunica di aver sollevato Matteo De Cecco dall\u2019incarico di guida tecnica della prima squadra.<span class=\"gmail-Apple-converted-space\"> La causa:<\/span> il momento che sta attraversando il collettivo, impegnato nel campionato di Serie A3. La societ\u00e0 \u00e8 gi\u00e0 al lavoro per individuare la figura che guider\u00e0 la squadra nel prosieguo della stagione<\/p>\n<p><a class=\"dt-pswp-item\" href=\"https:\/\/www.radiopiu.net\/wordpress\/wp-content\/uploads\/2024\/11\/De_Cecco_sollevato_dall_incarico.jpg\" data-dt-img-description=\"\" data-large_image_width=\"2048\" data-large_image_height=\"1365\"><img loading=\"lazy\" decoding=\"async\" class=\"size-medium wp-image-420330 alignleft\" src=\"https:\/\/www.radiopiu.net\/wordpress\/wp-content\/uploads\/2024\/11\/De_Cecco_sollevato_dall_incarico-300x200.jpg\" alt=\"\" width=\"300\" height=\"200\" srcset=\"https:\/\/www.radiopiu.net\/wordpress\/wp-content\/uploads\/2024\/11\/De_Cecco_sollevato_dall_incarico-300x200.jpg 300w, https:\/\/www.radiopiu.net\/wordpress\/wp-content\/uploads\/2024\/11\/De_Cecco_sollevato_dall_incarico-1024x683.jpg 1024w, https:\/\/www.radiopiu.net\/wordpress\/wp-content\/uploads\/2024\/11\/De_Cecco_sollevato_dall_incarico-768x512.jpg 768w, https:\/\/www.radiopiu.net\/wordpress\/wp-content\/uploads\/2024\/11\/De_Cecco_sollevato_dall_incarico-1536x1024.jpg 1536w, https:\/\/www.radiopiu.net\/wordpress\/wp-content\/uploads\/2024\/11\/De_Cecco_sollevato_dall_incarico.jpg 2048w\" sizes=\"auto, (max-width: 300px) 100vw, 300px\" \/><\/a><\/p>\n<p>&nbsp;<\/p>\n<p>&#8211;<\/p>\n<\/div>\n<\/div>\n<\/div>\n<p>&nbsp;<\/p>\n<p>&nbsp;<\/p>\n<p><span style=\"color: #0000ff;\"><strong>\u00a0<\/strong><\/span><\/p>\n<p><span style=\"color: #0000ff;\"><strong>\u00a0<\/strong><\/span><\/p>\n<p><span style=\"color: #0000ff;\"><strong>\u00a0<\/strong><\/span><\/p>\n<p><span style=\"color: #0000ff;\"><strong>HOCKEY SU GHIACCIO<\/strong><\/span><\/p>\n<blockquote>\n<h3>UN FINE SETTIMANA DA ALTI E BASSI PER I GIOVANI DELL&#8217;ALLEGHE HOCKEY<\/h3>\n<\/blockquote>\n<p><strong><a class=\"dt-pswp-item\" href=\"https:\/\/www.radiopiu.net\/wordpress\/wp-content\/uploads\/2023\/10\/hockey.jpg\" data-dt-img-description=\"\" data-large_image_width=\"1280\" data-large_image_height=\"961\"><img loading=\"lazy\" decoding=\"async\" class=\" wp-image-359038 alignleft\" src=\"https:\/\/www.radiopiu.net\/wordpress\/wp-content\/uploads\/2023\/10\/hockey-300x225.jpg\" alt=\"\" width=\"191\" height=\"143\" srcset=\"https:\/\/www.radiopiu.net\/wordpress\/wp-content\/uploads\/2023\/10\/hockey-300x225.jpg 300w, https:\/\/www.radiopiu.net\/wordpress\/wp-content\/uploads\/2023\/10\/hockey-1024x769.jpg 1024w, https:\/\/www.radiopiu.net\/wordpress\/wp-content\/uploads\/2023\/10\/hockey-768x577.jpg 768w, https:\/\/www.radiopiu.net\/wordpress\/wp-content\/uploads\/2023\/10\/hockey.jpg 1280w\" sizes=\"auto, (max-width: 191px) 100vw, 191px\" \/><\/a>di Marco Gaz<\/strong><\/p>\n<p><span style=\"color: #ff0000;\"><strong>UNDER 19<\/strong><\/span><\/p>\n<p><strong>CORTINA\/ALLEGHE &#8211; MERANO\/BOLZANO 2-4<\/strong><\/p>\n<p>Arriva una sconfitta per la squadra mista bellunese che domenica sera ha perso contro il Merano\/Bolzano al De Toni di Alleghe. Gli altoatesini hanno dominato la partita portandosi sul 3 a 0 gi\u00e0 a fine primo tempo. Il Cortina\/Alleghe risponde nel secondo tempo accorciando le distanze con Rimoldi. Nel terzo drittel Sudiro riapre i giochi ma pochi minuti dopo le speranze di pareggiare i conti sfumano quando la squadra mista altatesina sigla la quarta rete della serata.<\/p>\n<p><span style=\"color: #ff0000;\"><strong>UNDER 16<\/strong><\/span><\/p>\n<p><strong>CHIAVENNA &#8211; CORTINA\/DOBBIACO 4-7<\/strong><\/p>\n<p>Bella vittoria in terra lombarda per il Cortina\/Dobbiaco. La formazione mista composta anche da alcuni giocatori alleghesi torna a casa con 3 punti in saccoccia. Dopo un primo tempo difficoltoso, il Cortina\/Dobbiaco ingrana la marcia giusta mettendo a segno un gol dopo l&#8217;altro. Si chiude la prima fase del campionato con la squadra mista che conquista il primo posto del girone B assicurandosi cos\u00ec un posto nel Master Round del torneo.<\/p>\n<p><span style=\"color: #ff0000;\"><strong>UNDER 14<\/strong><\/span><\/p>\n<p><strong>DOBBIACO &#8211; ALLEGHE\/CORTINA 9-4<\/strong><\/p>\n<p>Brutta sconfitta per le giovani civette che contro il Dobbiaco non riescono a tenere testa agli orsi polari. Primo tempo di marca bellunese con i ragazzi dell&#8217;Allege\/Cortina che gestiscono la sfida. Nel secondo tempo a spuntarla \u00e8 il Dobbiaco che pareggia i conti portando sul 4 a 4 la sfida. Padroni di casa che chiudono la contesa nel terzo tempo con altre 5 reti.<\/p>\n<p><span style=\"color: #ff0000;\"><strong>I PIU&#8217; GIOVANI<\/strong><\/span><\/p>\n<p>In campo anche i giovani under 12 dell&#8217;Alleghe\/Cortina che hanno vinto 14 a 1 contro l&#8217;Asiago. Gli under 10 hanno partecipato al torneo di Asiago mentre i giovani under 8 hanno fatto un raggruppamento a maglie miste a Feltre.<\/p>\n<p>&nbsp;<\/p>\n<p><span style=\"color: #0000ff;\"><strong>NUOTO\u00a0<\/strong><\/span><\/p>\n<blockquote>\n<h2>Ottimi Risultati per Attivamente Agordino alla 1^ Prova del Campionato di Nuoto CSI Trentino<\/h2>\n<\/blockquote>\n<p><strong>AGORDO<\/strong><\/p>\n<p data-pm-slice=\"1 1 []\"><a class=\"dt-pswp-item\" href=\"https:\/\/www.radiopiu.net\/wordpress\/wp-content\/uploads\/2024\/11\/514dab0d-3ba1-4526-8049-3aa9c1657148.jpg\" data-dt-img-description=\"\" data-large_image_width=\"1600\" data-large_image_height=\"1200\"><img loading=\"lazy\" decoding=\"async\" class=\"size-medium wp-image-420301 alignleft\" src=\"https:\/\/www.radiopiu.net\/wordpress\/wp-content\/uploads\/2024\/11\/514dab0d-3ba1-4526-8049-3aa9c1657148-300x225.jpg\" alt=\"\" width=\"300\" height=\"225\" srcset=\"https:\/\/www.radiopiu.net\/wordpress\/wp-content\/uploads\/2024\/11\/514dab0d-3ba1-4526-8049-3aa9c1657148-300x225.jpg 300w, https:\/\/www.radiopiu.net\/wordpress\/wp-content\/uploads\/2024\/11\/514dab0d-3ba1-4526-8049-3aa9c1657148-1024x768.jpg 1024w, https:\/\/www.radiopiu.net\/wordpress\/wp-content\/uploads\/2024\/11\/514dab0d-3ba1-4526-8049-3aa9c1657148-768x576.jpg 768w, https:\/\/www.radiopiu.net\/wordpress\/wp-content\/uploads\/2024\/11\/514dab0d-3ba1-4526-8049-3aa9c1657148-1536x1152.jpg 1536w, https:\/\/www.radiopiu.net\/wordpress\/wp-content\/uploads\/2024\/11\/514dab0d-3ba1-4526-8049-3aa9c1657148.jpg 1600w\" sizes=\"auto, (max-width: 300px) 100vw, 300px\" \/><\/a>Domenica 17 novembre 2024, presso la Piscina di Cavalese, si \u00e8 svolta la 1^ prova del Campionato Provinciale di nuoto CSI Trentino. Gli atleti di Attivamente Agordino, appartenenti ai gruppi Propaganda, Swim Teen e Master, hanno gareggiato con successo, migliorando i loro tempi e conquistando posizioni di rilievo. Nella categoria Esordienti C, Federica De Zordo ha brillato con un 2\u00b0 posto nei 25 metri rana e un 3\u00b0 posto nei 25 metri stile libero. Per la categoria Esordienti A, Carlotta Fusina ha ottenuto il 1\u00b0 posto nei 50 metri rana, seguita da Ilenia Venialetti, che ha poi invertito le posizioni con Carlotta vincendo i 50 metri stile libero e lasciando a quest&#8217;ultima il 2\u00b0 posto. Nella categoria Special, Marika Soppelsa ha conquistato il 1\u00b0 posto, seguita da Alex Pollazzon al 3\u00b0 posto; nella seconda gara, Alex ha ottenuto il 2\u00b0 posto, con Marika che ha chiuso al 3\u00b0 posto. Dalia Fadig\u00e0 si \u00e8 imposta nella categoria Ragazzi, conquistando il 1\u00b0 posto nei 50 metri rana, seguita da Rebecca Buxaj al 2\u00b0 posto. Per la categoria Master 1, Claudia Scussel ha raggiunto il 3\u00b0 posto nei 50 metri rana, mentre Gaia Bristot ha ottenuto un eccellente 1\u00b0 posto nei 100 metri stile libero. Le squadre di Attivamente Agordino tornano ad Agordo con risultati importanti e grande entusiasmo per affrontare le prossime competizioni.<\/p>\n<p><a class=\"dt-pswp-item\" href=\"https:\/\/www.radiopiu.net\/wordpress\/wp-content\/uploads\/2024\/11\/b8d7cad4-89a5-4f2f-a9da-76241a91da29.jpg\" data-dt-img-description=\"\" data-large_image_width=\"1600\" data-large_image_height=\"1200\"><img loading=\"lazy\" decoding=\"async\" class=\"alignnone size-medium wp-image-420303\" src=\"https:\/\/www.radiopiu.net\/wordpress\/wp-content\/uploads\/2024\/11\/b8d7cad4-89a5-4f2f-a9da-76241a91da29-300x225.jpg\" alt=\"\" width=\"300\" height=\"225\" srcset=\"https:\/\/www.radiopiu.net\/wordpress\/wp-content\/uploads\/2024\/11\/b8d7cad4-89a5-4f2f-a9da-76241a91da29-300x225.jpg 300w, https:\/\/www.radiopiu.net\/wordpress\/wp-content\/uploads\/2024\/11\/b8d7cad4-89a5-4f2f-a9da-76241a91da29-1024x768.jpg 1024w, https:\/\/www.radiopiu.net\/wordpress\/wp-content\/uploads\/2024\/11\/b8d7cad4-89a5-4f2f-a9da-76241a91da29-768x576.jpg 768w, https:\/\/www.radiopiu.net\/wordpress\/wp-content\/uploads\/2024\/11\/b8d7cad4-89a5-4f2f-a9da-76241a91da29-1536x1152.jpg 1536w, https:\/\/www.radiopiu.net\/wordpress\/wp-content\/uploads\/2024\/11\/b8d7cad4-89a5-4f2f-a9da-76241a91da29.jpg 1600w\" sizes=\"auto, (max-width: 300px) 100vw, 300px\" \/><\/a><a class=\"dt-pswp-item\" href=\"https:\/\/www.radiopiu.net\/wordpress\/wp-content\/uploads\/2024\/11\/311e680c-cb35-41ac-9e1f-7bda3617a4ee.jpg\" data-dt-img-description=\"\" data-large_image_width=\"1600\" data-large_image_height=\"1334\"><img loading=\"lazy\" decoding=\"async\" class=\"alignnone wp-image-420300\" src=\"https:\/\/www.radiopiu.net\/wordpress\/wp-content\/uploads\/2024\/11\/311e680c-cb35-41ac-9e1f-7bda3617a4ee-300x250.jpg\" alt=\"\" width=\"269\" height=\"224\" srcset=\"https:\/\/www.radiopiu.net\/wordpress\/wp-content\/uploads\/2024\/11\/311e680c-cb35-41ac-9e1f-7bda3617a4ee-300x250.jpg 300w, https:\/\/www.radiopiu.net\/wordpress\/wp-content\/uploads\/2024\/11\/311e680c-cb35-41ac-9e1f-7bda3617a4ee-1024x854.jpg 1024w, https:\/\/www.radiopiu.net\/wordpress\/wp-content\/uploads\/2024\/11\/311e680c-cb35-41ac-9e1f-7bda3617a4ee-768x640.jpg 768w, https:\/\/www.radiopiu.net\/wordpress\/wp-content\/uploads\/2024\/11\/311e680c-cb35-41ac-9e1f-7bda3617a4ee-1536x1281.jpg 1536w, https:\/\/www.radiopiu.net\/wordpress\/wp-content\/uploads\/2024\/11\/311e680c-cb35-41ac-9e1f-7bda3617a4ee.jpg 1600w\" sizes=\"auto, (max-width: 269px) 100vw, 269px\" \/><\/a><a class=\"dt-pswp-item\" href=\"https:\/\/www.radiopiu.net\/wordpress\/wp-content\/uploads\/2024\/11\/6ee66dd7-e6fe-47f1-bbb4-efc2389957e6.jpg\" data-dt-img-description=\"\" data-large_image_width=\"1600\" data-large_image_height=\"1200\"><img loading=\"lazy\" decoding=\"async\" class=\"alignnone size-medium wp-image-420299\" src=\"https:\/\/www.radiopiu.net\/wordpress\/wp-content\/uploads\/2024\/11\/6ee66dd7-e6fe-47f1-bbb4-efc2389957e6-300x225.jpg\" alt=\"\" width=\"300\" height=\"225\" srcset=\"https:\/\/www.radiopiu.net\/wordpress\/wp-content\/uploads\/2024\/11\/6ee66dd7-e6fe-47f1-bbb4-efc2389957e6-300x225.jpg 300w, https:\/\/www.radiopiu.net\/wordpress\/wp-content\/uploads\/2024\/11\/6ee66dd7-e6fe-47f1-bbb4-efc2389957e6-1024x768.jpg 1024w, https:\/\/www.radiopiu.net\/wordpress\/wp-content\/uploads\/2024\/11\/6ee66dd7-e6fe-47f1-bbb4-efc2389957e6-768x576.jpg 768w, https:\/\/www.radiopiu.net\/wordpress\/wp-content\/uploads\/2024\/11\/6ee66dd7-e6fe-47f1-bbb4-efc2389957e6-1536x1152.jpg 1536w, https:\/\/www.radiopiu.net\/wordpress\/wp-content\/uploads\/2024\/11\/6ee66dd7-e6fe-47f1-bbb4-efc2389957e6.jpg 1600w\" sizes=\"auto, (max-width: 300px) 100vw, 300px\" \/><\/a><a class=\"dt-pswp-item\" href=\"https:\/\/www.radiopiu.net\/wordpress\/wp-content\/uploads\/2024\/11\/e9301c85-f829-47f2-8b86-df8f47d56da0.jpg\" data-dt-img-description=\"\" data-large_image_width=\"1600\" data-large_image_height=\"1200\"><img loading=\"lazy\" decoding=\"async\" class=\"alignnone size-medium wp-image-420296\" src=\"https:\/\/www.radiopiu.net\/wordpress\/wp-content\/uploads\/2024\/11\/e9301c85-f829-47f2-8b86-df8f47d56da0-300x225.jpg\" alt=\"\" width=\"300\" height=\"225\" srcset=\"https:\/\/www.radiopiu.net\/wordpress\/wp-content\/uploads\/2024\/11\/e9301c85-f829-47f2-8b86-df8f47d56da0-300x225.jpg 300w, https:\/\/www.radiopiu.net\/wordpress\/wp-content\/uploads\/2024\/11\/e9301c85-f829-47f2-8b86-df8f47d56da0-1024x768.jpg 1024w, https:\/\/www.radiopiu.net\/wordpress\/wp-content\/uploads\/2024\/11\/e9301c85-f829-47f2-8b86-df8f47d56da0-768x576.jpg 768w, https:\/\/www.radiopiu.net\/wordpress\/wp-content\/uploads\/2024\/11\/e9301c85-f829-47f2-8b86-df8f47d56da0-1536x1152.jpg 1536w, https:\/\/www.radiopiu.net\/wordpress\/wp-content\/uploads\/2024\/11\/e9301c85-f829-47f2-8b86-df8f47d56da0.jpg 1600w\" sizes=\"auto, (max-width: 300px) 100vw, 300px\" \/><\/a><a class=\"dt-pswp-item\" href=\"https:\/\/www.radiopiu.net\/wordpress\/wp-content\/uploads\/2024\/11\/dd8f27d5-d7a8-4bca-88ef-09dfc144c22e.jpg\" data-dt-img-description=\"\" data-large_image_width=\"1600\" data-large_image_height=\"1200\"><img loading=\"lazy\" decoding=\"async\" class=\"alignnone size-medium wp-image-420295\" src=\"https:\/\/www.radiopiu.net\/wordpress\/wp-content\/uploads\/2024\/11\/dd8f27d5-d7a8-4bca-88ef-09dfc144c22e-300x225.jpg\" alt=\"\" width=\"300\" height=\"225\" srcset=\"https:\/\/www.radiopiu.net\/wordpress\/wp-content\/uploads\/2024\/11\/dd8f27d5-d7a8-4bca-88ef-09dfc144c22e-300x225.jpg 300w, https:\/\/www.radiopiu.net\/wordpress\/wp-content\/uploads\/2024\/11\/dd8f27d5-d7a8-4bca-88ef-09dfc144c22e-1024x768.jpg 1024w, https:\/\/www.radiopiu.net\/wordpress\/wp-content\/uploads\/2024\/11\/dd8f27d5-d7a8-4bca-88ef-09dfc144c22e-768x576.jpg 768w, https:\/\/www.radiopiu.net\/wordpress\/wp-content\/uploads\/2024\/11\/dd8f27d5-d7a8-4bca-88ef-09dfc144c22e-1536x1152.jpg 1536w, https:\/\/www.radiopiu.net\/wordpress\/wp-content\/uploads\/2024\/11\/dd8f27d5-d7a8-4bca-88ef-09dfc144c22e.jpg 1600w\" sizes=\"auto, (max-width: 300px) 100vw, 300px\" \/><\/a><a class=\"dt-pswp-item\" href=\"https:\/\/www.radiopiu.net\/wordpress\/wp-content\/uploads\/2024\/11\/bfcf0b5c-21c4-4985-8ace-965aeac88ca0.jpg\" data-dt-img-description=\"\" data-large_image_width=\"1600\" data-large_image_height=\"1200\"><img loading=\"lazy\" decoding=\"async\" class=\"alignnone size-medium wp-image-420294\" src=\"https:\/\/www.radiopiu.net\/wordpress\/wp-content\/uploads\/2024\/11\/bfcf0b5c-21c4-4985-8ace-965aeac88ca0-300x225.jpg\" alt=\"\" width=\"300\" height=\"225\" srcset=\"https:\/\/www.radiopiu.net\/wordpress\/wp-content\/uploads\/2024\/11\/bfcf0b5c-21c4-4985-8ace-965aeac88ca0-300x225.jpg 300w, https:\/\/www.radiopiu.net\/wordpress\/wp-content\/uploads\/2024\/11\/bfcf0b5c-21c4-4985-8ace-965aeac88ca0-1024x768.jpg 1024w, https:\/\/www.radiopiu.net\/wordpress\/wp-content\/uploads\/2024\/11\/bfcf0b5c-21c4-4985-8ace-965aeac88ca0-768x576.jpg 768w, https:\/\/www.radiopiu.net\/wordpress\/wp-content\/uploads\/2024\/11\/bfcf0b5c-21c4-4985-8ace-965aeac88ca0-1536x1152.jpg 1536w, https:\/\/www.radiopiu.net\/wordpress\/wp-content\/uploads\/2024\/11\/bfcf0b5c-21c4-4985-8ace-965aeac88ca0.jpg 1600w\" sizes=\"auto, (max-width: 300px) 100vw, 300px\" \/><\/a><a class=\"dt-pswp-item\" href=\"https:\/\/www.radiopiu.net\/wordpress\/wp-content\/uploads\/2024\/11\/f5693ce1-e3fa-49a4-b834-a076f54102e5.jpg\" data-dt-img-description=\"\" data-large_image_width=\"1200\" data-large_image_height=\"1600\"><img loading=\"lazy\" decoding=\"async\" class=\"alignnone size-medium wp-image-420297\" src=\"https:\/\/www.radiopiu.net\/wordpress\/wp-content\/uploads\/2024\/11\/f5693ce1-e3fa-49a4-b834-a076f54102e5-225x300.jpg\" alt=\"\" width=\"225\" height=\"300\" srcset=\"https:\/\/www.radiopiu.net\/wordpress\/wp-content\/uploads\/2024\/11\/f5693ce1-e3fa-49a4-b834-a076f54102e5-225x300.jpg 225w, https:\/\/www.radiopiu.net\/wordpress\/wp-content\/uploads\/2024\/11\/f5693ce1-e3fa-49a4-b834-a076f54102e5-768x1024.jpg 768w, https:\/\/www.radiopiu.net\/wordpress\/wp-content\/uploads\/2024\/11\/f5693ce1-e3fa-49a4-b834-a076f54102e5-1152x1536.jpg 1152w, https:\/\/www.radiopiu.net\/wordpress\/wp-content\/uploads\/2024\/11\/f5693ce1-e3fa-49a4-b834-a076f54102e5.jpg 1200w\" sizes=\"auto, (max-width: 225px) 100vw, 225px\" \/><\/a><a class=\"dt-pswp-item\" href=\"https:\/\/www.radiopiu.net\/wordpress\/wp-content\/uploads\/2024\/11\/3102cc66-783f-4c8f-925f-800c7d8ec6a4.jpg\" data-dt-img-description=\"\" data-large_image_width=\"1200\" data-large_image_height=\"1600\"><img loading=\"lazy\" decoding=\"async\" class=\"alignnone size-medium wp-image-420302\" src=\"https:\/\/www.radiopiu.net\/wordpress\/wp-content\/uploads\/2024\/11\/3102cc66-783f-4c8f-925f-800c7d8ec6a4-225x300.jpg\" alt=\"\" width=\"225\" height=\"300\" srcset=\"https:\/\/www.radiopiu.net\/wordpress\/wp-content\/uploads\/2024\/11\/3102cc66-783f-4c8f-925f-800c7d8ec6a4-225x300.jpg 225w, https:\/\/www.radiopiu.net\/wordpress\/wp-content\/uploads\/2024\/11\/3102cc66-783f-4c8f-925f-800c7d8ec6a4-768x1024.jpg 768w, https:\/\/www.radiopiu.net\/wordpress\/wp-content\/uploads\/2024\/11\/3102cc66-783f-4c8f-925f-800c7d8ec6a4-1152x1536.jpg 1152w, https:\/\/www.radiopiu.net\/wordpress\/wp-content\/uploads\/2024\/11\/3102cc66-783f-4c8f-925f-800c7d8ec6a4.jpg 1200w\" sizes=\"auto, (max-width: 225px) 100vw, 225px\" \/><\/a><a class=\"dt-pswp-item\" href=\"https:\/\/www.radiopiu.net\/wordpress\/wp-content\/uploads\/2024\/11\/fc7f2646-8fbc-44d7-8837-f65181dd8837.jpg\" data-dt-img-description=\"\" data-large_image_width=\"1200\" data-large_image_height=\"1600\"><img loading=\"lazy\" decoding=\"async\" class=\"alignnone size-medium wp-image-420298\" src=\"https:\/\/www.radiopiu.net\/wordpress\/wp-content\/uploads\/2024\/11\/fc7f2646-8fbc-44d7-8837-f65181dd8837-225x300.jpg\" alt=\"\" width=\"225\" height=\"300\" srcset=\"https:\/\/www.radiopiu.net\/wordpress\/wp-content\/uploads\/2024\/11\/fc7f2646-8fbc-44d7-8837-f65181dd8837-225x300.jpg 225w, https:\/\/www.radiopiu.net\/wordpress\/wp-content\/uploads\/2024\/11\/fc7f2646-8fbc-44d7-8837-f65181dd8837-768x1024.jpg 768w, https:\/\/www.radiopiu.net\/wordpress\/wp-content\/uploads\/2024\/11\/fc7f2646-8fbc-44d7-8837-f65181dd8837-1152x1536.jpg 1152w, https:\/\/www.radiopiu.net\/wordpress\/wp-content\/uploads\/2024\/11\/fc7f2646-8fbc-44d7-8837-f65181dd8837.jpg 1200w\" sizes=\"auto, (max-width: 225px) 100vw, 225px\" \/><\/a><\/p>\n<p>&nbsp;<\/p>\n<p><span style=\"color: #0000ff;\"><strong>PALLAVOLO<\/strong><\/span><\/p>\n<blockquote>\n<h3><a class=\"dt-pswp-item\" href=\"https:\/\/www.radiopiu.net\/wordpress\/wp-content\/uploads\/2024\/11\/Mian_autore_di_24_punti.jpg\" data-dt-img-description=\"\" data-large_image_width=\"2048\" data-large_image_height=\"1365\"><img loading=\"lazy\" decoding=\"async\" class=\" wp-image-420258 alignleft\" src=\"https:\/\/www.radiopiu.net\/wordpress\/wp-content\/uploads\/2024\/11\/Mian_autore_di_24_punti-300x200.jpg\" alt=\"\" width=\"254\" height=\"169\" srcset=\"https:\/\/www.radiopiu.net\/wordpress\/wp-content\/uploads\/2024\/11\/Mian_autore_di_24_punti-300x200.jpg 300w, https:\/\/www.radiopiu.net\/wordpress\/wp-content\/uploads\/2024\/11\/Mian_autore_di_24_punti-1024x683.jpg 1024w, https:\/\/www.radiopiu.net\/wordpress\/wp-content\/uploads\/2024\/11\/Mian_autore_di_24_punti-768x512.jpg 768w, https:\/\/www.radiopiu.net\/wordpress\/wp-content\/uploads\/2024\/11\/Mian_autore_di_24_punti-1536x1024.jpg 1536w, https:\/\/www.radiopiu.net\/wordpress\/wp-content\/uploads\/2024\/11\/Mian_autore_di_24_punti.jpg 2048w\" sizes=\"auto, (max-width: 254px) 100vw, 254px\" \/><\/a>TERZA SCONFITTA PER IL BELLUNO VOLLEY<\/h3>\n<\/blockquote>\n<p>Il Belluno Volley incassa la terza sconfitta in campionato contro The Begin Ancona, nonostante la prestazione brillante di Riccardo Mian, top scorer con 24 punti e 4 muri, che figura tra i migliori attaccanti della Serie A3. Mian analizza la battuta d\u2019arresto, attribuendola a problemi al servizio e a troppi errori che hanno minato la continuit\u00e0 del gioco. Dopo due vittorie consecutive, la sconfitta contro i marchigiani lascia amarezza tra i giocatori, la societ\u00e0 e i tifosi del Pala Lambioi. Ora la squadra punta al riscatto nella trasferta contro la Sarlux Sarroch, in Sardegna, sabato 23 novembre.<\/p>\n<p>&nbsp;<\/p>\n","protected":false},"excerpt":{"rendered":"<p>******* magia della mia Belluno di Brunella Moro &nbsp; LA\u00a0 APP PER IOS-IPHONE di Nicola Vettorello https:\/\/apps.apple.com\/it\/app\/radio-pi%C3%B9-emittente-agordina\/id1515939845 LA\u00a0 APP RADIO\u00a0 PER ANDROID di Nicola Vettorello https:\/\/play.google.com\/store\/apps\/details?id=net.radiopiu.iniko\u00a0\u00a0\u00a0 &nbsp; &nbsp; &nbsp; &nbsp; OGGI ALLA RADIO&#8230;. ALLE 4 E ALLE 6 LE NOTIZIE DALL&#8217;ITALIA E DAL MONDO 0500 l&#8217;almanacco della nostra gente con il MUSLA\u00a0 6.15 PIROLE DE&hellip;<\/p>\n","protected":false},"author":4,"featured_media":420351,"comment_status":"closed","ping_status":"closed","sticky":false,"template":"","format":"standard","meta":{"_monsterinsights_skip_tracking":false,"_monsterinsights_sitenote_active":false,"_monsterinsights_sitenote_note":"","_monsterinsights_sitenote_category":0,"footnotes":""},"categories":[51,86,49],"tags":[],"class_list":["post-420135","post","type-post","status-publish","format-standard","has-post-thumbnail","hentry","category-evidenza-top","category-gr","category-news-18","category-51","category-86","category-49","description-off"],"img_url":"https:\/\/www.radiopiu.net\/wordpress\/wp-content\/uploads\/2024\/11\/451a2334-398c-41bb-8d97-00af82533002.jpg","_links":{"self":[{"href":"https:\/\/www.radiopiu.net\/wordpress\/wp-json\/wp\/v2\/posts\/420135","targetHints":{"allow":["GET"]}}],"collection":[{"href":"https:\/\/www.radiopiu.net\/wordpress\/wp-json\/wp\/v2\/posts"}],"about":[{"href":"https:\/\/www.radiopiu.net\/wordpress\/wp-json\/wp\/v2\/types\/post"}],"author":[{"embeddable":true,"href":"https:\/\/www.radiopiu.net\/wordpress\/wp-json\/wp\/v2\/users\/4"}],"replies":[{"embeddable":true,"href":"https:\/\/www.radiopiu.net\/wordpress\/wp-json\/wp\/v2\/comments?post=420135"}],"version-history":[{"count":30,"href":"https:\/\/www.radiopiu.net\/wordpress\/wp-json\/wp\/v2\/posts\/420135\/revisions"}],"predecessor-version":[{"id":420513,"href":"https:\/\/www.radiopiu.net\/wordpress\/wp-json\/wp\/v2\/posts\/420135\/revisions\/420513"}],"wp:featuredmedia":[{"embeddable":true,"href":"https:\/\/www.radiopiu.net\/wordpress\/wp-json\/wp\/v2\/media\/420351"}],"wp:attachment":[{"href":"https:\/\/www.radiopiu.net\/wordpress\/wp-json\/wp\/v2\/media?parent=420135"}],"wp:term":[{"taxonomy":"category","embeddable":true,"href":"https:\/\/www.radiopiu.net\/wordpress\/wp-json\/wp\/v2\/categories?post=420135"},{"taxonomy":"post_tag","embeddable":true,"href":"https:\/\/www.radiopiu.net\/wordpress\/wp-json\/wp\/v2\/tags?post=420135"}],"curies":[{"name":"wp","href":"https:\/\/api.w.org\/{rel}","templated":true}]}}