{"id":420331,"date":"2024-11-19T04:51:40","date_gmt":"2024-11-19T03:51:40","guid":{"rendered":"https:\/\/www.radiopiu.net\/wordpress\/?p=420331"},"modified":"2024-11-19T04:51:40","modified_gmt":"2024-11-19T03:51:40","slug":"il-belluno-volley-licenzia-de-cecco","status":"publish","type":"post","link":"https:\/\/www.radiopiu.net\/wordpress\/il-belluno-volley-licenzia-de-cecco\/","title":{"rendered":"IL BELLUNO VOLLEY &#8220;LICENZIA&#8221; DE CECCO"},"content":{"rendered":"<div class=\"moz-text-html\" lang=\"x-unicode\">\n<div dir=\"ltr\">\n<blockquote>\n<h1>**<\/h1>\n<p>&nbsp;<\/p><\/blockquote>\n<p>Il Belluno Volley comunica di aver sollevato Matteo De Cecco dall\u2019incarico di guida tecnica della prima squadra.<span class=\"gmail-Apple-converted-space\"> La causa:<\/span> il momento che sta attraversando il collettivo, impegnato nel campionato di Serie A3. La societ\u00e0 \u00e8 gi\u00e0 al lavoro per individuare la figura che guider\u00e0 la squadra nel prosieguo della stagione<\/p>\n<p><a class=\"dt-pswp-item\" href=\"https:\/\/www.radiopiu.net\/wordpress\/wp-content\/uploads\/2024\/11\/De_Cecco_sollevato_dall_incarico.jpg\" data-dt-img-description=\"\" data-large_image_width=\"2048\" data-large_image_height=\"1365\"><img loading=\"lazy\" decoding=\"async\" class=\"size-medium wp-image-420330 alignleft\" src=\"https:\/\/www.radiopiu.net\/wordpress\/wp-content\/uploads\/2024\/11\/De_Cecco_sollevato_dall_incarico-300x200.jpg\" alt=\"\" width=\"300\" height=\"200\" srcset=\"https:\/\/www.radiopiu.net\/wordpress\/wp-content\/uploads\/2024\/11\/De_Cecco_sollevato_dall_incarico-300x200.jpg 300w, https:\/\/www.radiopiu.net\/wordpress\/wp-content\/uploads\/2024\/11\/De_Cecco_sollevato_dall_incarico-1024x683.jpg 1024w, https:\/\/www.radiopiu.net\/wordpress\/wp-content\/uploads\/2024\/11\/De_Cecco_sollevato_dall_incarico-768x512.jpg 768w, https:\/\/www.radiopiu.net\/wordpress\/wp-content\/uploads\/2024\/11\/De_Cecco_sollevato_dall_incarico-1536x1024.jpg 1536w, https:\/\/www.radiopiu.net\/wordpress\/wp-content\/uploads\/2024\/11\/De_Cecco_sollevato_dall_incarico.jpg 2048w\" sizes=\"auto, (max-width: 300px) 100vw, 300px\" \/><\/a><\/p>\n<p>&nbsp;<\/p>\n<p>&#8211;<\/p>\n<\/div>\n<\/div>\n<p>&nbsp;<\/p>\n<p>&nbsp;<\/p>\n<p><span style=\"color: #0000ff;\"><strong>\u00a0<\/strong><\/span><\/p>\n<p><span style=\"color: #0000ff;\"><strong>\u00a0\u00a0<\/strong><\/span><\/p>\n<p>&nbsp;<\/p>\n<p>&nbsp;<\/p>\n<p>&#8212;<\/p>\n","protected":false},"excerpt":{"rendered":"<p>** &nbsp; Il Belluno Volley comunica di aver sollevato Matteo De Cecco dall\u2019incarico di guida tecnica della prima squadra. La causa: il momento che sta attraversando il collettivo, impegnato nel campionato di Serie A3. La societ\u00e0 \u00e8 gi\u00e0 al lavoro per individuare la figura che guider\u00e0 la squadra nel prosieguo della stagione &nbsp; &#8211; &nbsp;&hellip;<\/p>\n","protected":false},"author":4,"featured_media":420330,"comment_status":"closed","ping_status":"closed","sticky":false,"template":"","format":"standard","meta":{"_monsterinsights_skip_tracking":false,"_monsterinsights_sitenote_active":false,"_monsterinsights_sitenote_note":"","_monsterinsights_sitenote_category":0,"footnotes":""},"categories":[49],"tags":[],"class_list":["post-420331","post","type-post","status-publish","format-standard","has-post-thumbnail","hentry","category-news-18","category-49","description-off"],"img_url":"https:\/\/www.radiopiu.net\/wordpress\/wp-content\/uploads\/2024\/11\/De_Cecco_sollevato_dall_incarico.jpg","_links":{"self":[{"href":"https:\/\/www.radiopiu.net\/wordpress\/wp-json\/wp\/v2\/posts\/420331","targetHints":{"allow":["GET"]}}],"collection":[{"href":"https:\/\/www.radiopiu.net\/wordpress\/wp-json\/wp\/v2\/posts"}],"about":[{"href":"https:\/\/www.radiopiu.net\/wordpress\/wp-json\/wp\/v2\/types\/post"}],"author":[{"embeddable":true,"href":"https:\/\/www.radiopiu.net\/wordpress\/wp-json\/wp\/v2\/users\/4"}],"replies":[{"embeddable":true,"href":"https:\/\/www.radiopiu.net\/wordpress\/wp-json\/wp\/v2\/comments?post=420331"}],"version-history":[{"count":1,"href":"https:\/\/www.radiopiu.net\/wordpress\/wp-json\/wp\/v2\/posts\/420331\/revisions"}],"predecessor-version":[{"id":420332,"href":"https:\/\/www.radiopiu.net\/wordpress\/wp-json\/wp\/v2\/posts\/420331\/revisions\/420332"}],"wp:featuredmedia":[{"embeddable":true,"href":"https:\/\/www.radiopiu.net\/wordpress\/wp-json\/wp\/v2\/media\/420330"}],"wp:attachment":[{"href":"https:\/\/www.radiopiu.net\/wordpress\/wp-json\/wp\/v2\/media?parent=420331"}],"wp:term":[{"taxonomy":"category","embeddable":true,"href":"https:\/\/www.radiopiu.net\/wordpress\/wp-json\/wp\/v2\/categories?post=420331"},{"taxonomy":"post_tag","embeddable":true,"href":"https:\/\/www.radiopiu.net\/wordpress\/wp-json\/wp\/v2\/tags?post=420331"}],"curies":[{"name":"wp","href":"https:\/\/api.w.org\/{rel}","templated":true}]}}