{"id":420356,"date":"2024-11-19T05:32:09","date_gmt":"2024-11-19T04:32:09","guid":{"rendered":"https:\/\/www.radiopiu.net\/wordpress\/?p=420356"},"modified":"2024-11-19T05:32:09","modified_gmt":"2024-11-19T04:32:09","slug":"malore-in-terrazzo-soccorso-a-belluno","status":"publish","type":"post","link":"https:\/\/www.radiopiu.net\/wordpress\/malore-in-terrazzo-soccorso-a-belluno\/","title":{"rendered":"Malore in terrazzo, soccorso a Belluno"},"content":{"rendered":"<p>**<\/p>\n<blockquote>\n<h2 class=\"articlePlainSubHead\"><em><a class=\"dt-pswp-item\" href=\"https:\/\/www.radiopiu.net\/wordpress\/wp-content\/uploads\/2021\/07\/b39c74f9-db73-45b1-b518-6c028072e3ad.jpg\" data-dt-img-description=\"\" data-large_image_width=\"1062\" data-large_image_height=\"1328\"><img loading=\"lazy\" decoding=\"async\" class=\"wp-image-222511 alignleft\" src=\"https:\/\/www.radiopiu.net\/wordpress\/wp-content\/uploads\/2021\/07\/b39c74f9-db73-45b1-b518-6c028072e3ad-240x300.jpg\" alt=\"\" width=\"119\" height=\"149\" srcset=\"https:\/\/www.radiopiu.net\/wordpress\/wp-content\/uploads\/2021\/07\/b39c74f9-db73-45b1-b518-6c028072e3ad-240x300.jpg 240w, https:\/\/www.radiopiu.net\/wordpress\/wp-content\/uploads\/2021\/07\/b39c74f9-db73-45b1-b518-6c028072e3ad-819x1024.jpg 819w, https:\/\/www.radiopiu.net\/wordpress\/wp-content\/uploads\/2021\/07\/b39c74f9-db73-45b1-b518-6c028072e3ad-768x960.jpg 768w, https:\/\/www.radiopiu.net\/wordpress\/wp-content\/uploads\/2021\/07\/b39c74f9-db73-45b1-b518-6c028072e3ad.jpg 1062w\" sizes=\"auto, (max-width: 119px) 100vw, 119px\" \/><\/a><\/em><\/h2>\n<\/blockquote>\n<div class=\"articlePlainSubHead\"><strong>BELLUNO\u00a0<\/strong> Ha un malore e resta chiuso fuori di casa. Nel tardo pomeriggio di ieri un residente del centro \u00e8 stato soccorso dai vigili del fuoco e dall&#8217;ambulanza del Pronto soccorso a causa di un malore che ha accusato.<\/div>\n<div class=\"articlePlainText\">L&#8217;uomo, tra le altre cose, era rimasto anche chiuso sul terrazzo ed \u00e8 l\u00ec che i vigili del fuoco lo hanno trovato dopo aver aperto la porta di ingresso dell&#8217;abitazione del centro citt\u00e0, tra via Sant&#8217;Andrea e la via San Lucano.<\/div>\n<div class=\"articlePlainText\">Preso in carico dai sanitari, il bellunese \u00e8 stato trasferito al Pronto soccorso del San Martino per i consueti accertamenti<\/div>\n<div><\/div>\n<div><\/div>\n<div><\/div>\n<div>\n<hr \/>\n<\/div>\n<p>&nbsp;<\/p>\n<p>&nbsp;<\/p>\n","protected":false},"excerpt":{"rendered":"<p>** BELLUNO\u00a0 Ha un malore e resta chiuso fuori di casa. Nel tardo pomeriggio di ieri un residente del centro \u00e8 stato soccorso dai vigili del fuoco e dall&#8217;ambulanza del Pronto soccorso a causa di un malore che ha accusato. L&#8217;uomo, tra le altre cose, era rimasto anche chiuso sul terrazzo ed \u00e8 l\u00ec che&hellip;<\/p>\n","protected":false},"author":4,"featured_media":222511,"comment_status":"closed","ping_status":"closed","sticky":false,"template":"","format":"standard","meta":{"_monsterinsights_skip_tracking":false,"_monsterinsights_sitenote_active":false,"_monsterinsights_sitenote_note":"","_monsterinsights_sitenote_category":0,"footnotes":""},"categories":[51,49],"tags":[],"class_list":["post-420356","post","type-post","status-publish","format-standard","has-post-thumbnail","hentry","category-evidenza-top","category-news-18","category-51","category-49","description-off"],"img_url":"https:\/\/www.radiopiu.net\/wordpress\/wp-content\/uploads\/2021\/07\/b39c74f9-db73-45b1-b518-6c028072e3ad.jpg","_links":{"self":[{"href":"https:\/\/www.radiopiu.net\/wordpress\/wp-json\/wp\/v2\/posts\/420356","targetHints":{"allow":["GET"]}}],"collection":[{"href":"https:\/\/www.radiopiu.net\/wordpress\/wp-json\/wp\/v2\/posts"}],"about":[{"href":"https:\/\/www.radiopiu.net\/wordpress\/wp-json\/wp\/v2\/types\/post"}],"author":[{"embeddable":true,"href":"https:\/\/www.radiopiu.net\/wordpress\/wp-json\/wp\/v2\/users\/4"}],"replies":[{"embeddable":true,"href":"https:\/\/www.radiopiu.net\/wordpress\/wp-json\/wp\/v2\/comments?post=420356"}],"version-history":[{"count":1,"href":"https:\/\/www.radiopiu.net\/wordpress\/wp-json\/wp\/v2\/posts\/420356\/revisions"}],"predecessor-version":[{"id":420357,"href":"https:\/\/www.radiopiu.net\/wordpress\/wp-json\/wp\/v2\/posts\/420356\/revisions\/420357"}],"wp:featuredmedia":[{"embeddable":true,"href":"https:\/\/www.radiopiu.net\/wordpress\/wp-json\/wp\/v2\/media\/222511"}],"wp:attachment":[{"href":"https:\/\/www.radiopiu.net\/wordpress\/wp-json\/wp\/v2\/media?parent=420356"}],"wp:term":[{"taxonomy":"category","embeddable":true,"href":"https:\/\/www.radiopiu.net\/wordpress\/wp-json\/wp\/v2\/categories?post=420356"},{"taxonomy":"post_tag","embeddable":true,"href":"https:\/\/www.radiopiu.net\/wordpress\/wp-json\/wp\/v2\/tags?post=420356"}],"curies":[{"name":"wp","href":"https:\/\/api.w.org\/{rel}","templated":true}]}}