{"id":420409,"date":"2024-11-20T05:49:35","date_gmt":"2024-11-20T04:49:35","guid":{"rendered":"https:\/\/www.radiopiu.net\/wordpress\/?p=420409"},"modified":"2024-11-20T09:05:28","modified_gmt":"2024-11-20T08:05:28","slug":"giornale-radiopiu-20-novembre-2024-direttore-mirko-mezzacasada-41-anni-25-giugno-1983-25-giugno-2024","status":"publish","type":"post","link":"https:\/\/www.radiopiu.net\/wordpress\/giornale-radiopiu-20-novembre-2024-direttore-mirko-mezzacasada-41-anni-25-giugno-1983-25-giugno-2024\/","title":{"rendered":"GIORNALE RADIOPIU 20 NOVEMBRE 2024 DIRETTORE MIRKO MEZZACASA\u2026DA 41 ANNI 25 GIUGNO 1983-25 GIUGNO 2024"},"content":{"rendered":"<p>*******<\/p>\n<p>&nbsp;<\/p>\n<p>&nbsp;<\/p>\n<p><em><span style=\"color: #ff0000;\"><a class=\"dt-pswp-item\" href=\"https:\/\/www.radiopiu.net\/wordpress\/wp-content\/uploads\/2024\/10\/Senza-nome-8.png\" data-dt-img-description=\"\" data-large_image_width=\"343\" data-large_image_height=\"303\"><img loading=\"lazy\" decoding=\"async\" class=\"wp-image-412130 alignleft\" src=\"https:\/\/www.radiopiu.net\/wordpress\/wp-content\/uploads\/2024\/10\/Senza-nome-8-300x265.png\" alt=\"\" width=\"105\" height=\"93\" srcset=\"https:\/\/www.radiopiu.net\/wordpress\/wp-content\/uploads\/2024\/10\/Senza-nome-8-300x265.png 300w, https:\/\/www.radiopiu.net\/wordpress\/wp-content\/uploads\/2024\/10\/Senza-nome-8.png 343w\" sizes=\"auto, (max-width: 105px) 100vw, 105px\" \/><\/a><\/span><\/em><strong><em><span style=\"color: #ff0000;\"> LA\u00a0 APP PER IOS-IPHONE di Nicola Vettorello<\/span><\/em><\/strong><\/p>\n<p><strong><span style=\"color: #0000ff;\"><a style=\"color: #0000ff;\" href=\"https:\/\/apps.apple.com\/it\/app\/radio-pi%C3%B9-emittente-agordina\/id1515939845\">https:\/\/apps.apple.com\/it\/app\/radio-pi%C3%B9-emittente-agordina\/id1515939845<\/a><\/span><\/strong><\/p>\n<p><strong><em style=\"color: #ff0000;\">LA\u00a0 APP RADIO\u00a0 PER ANDROID di Nicola Vettorello<\/em><\/strong><\/p>\n<p><strong><span style=\"color: #0000ff;\"><a style=\"color: #0000ff;\" href=\"https:\/\/play.google.com\/store\/apps\/details?id=net.radiopiu.iniko\" target=\"_blank\" rel=\"noopener noreferrer\">https:\/\/<\/a><a style=\"color: #0000ff;\" href=\"https:\/\/play.google.com\/store\/apps\/details?id=net.radiopiu.iniko\" target=\"_blank\" rel=\"noopener noreferrer\">play.google.com\/store\/apps\/details?id=net.radiopiu.iniko\u00a0\u00a0\u00a0<\/a><\/span><\/strong><\/p>\n<p>&nbsp;<\/p>\n<h1>Gestione Servizi Pubblici informa che l&#8217;intervento alla rete idrica di AGORDO previsto per oggi, \u00e8 stato annullato.<\/h1>\n<p>&nbsp;<\/p>\n<hr \/>\n<p>&nbsp;<\/p>\n<p><strong><a class=\"dt-pswp-item\" href=\"https:\/\/www.radiopiu.net\/wordpress\/wp-content\/uploads\/2024\/11\/file-1.jpg\" data-dt-img-description=\"\" data-large_image_width=\"480\" data-large_image_height=\"480\"><img loading=\"lazy\" decoding=\"async\" class=\" wp-image-420523 alignleft\" src=\"https:\/\/www.radiopiu.net\/wordpress\/wp-content\/uploads\/2024\/11\/file-1-300x300.jpg\" alt=\"\" width=\"171\" height=\"171\" srcset=\"https:\/\/www.radiopiu.net\/wordpress\/wp-content\/uploads\/2024\/11\/file-1-300x300.jpg 300w, https:\/\/www.radiopiu.net\/wordpress\/wp-content\/uploads\/2024\/11\/file-1-150x150.jpg 150w, https:\/\/www.radiopiu.net\/wordpress\/wp-content\/uploads\/2024\/11\/file-1.jpg 480w\" sizes=\"auto, (max-width: 171px) 100vw, 171px\" \/><\/a>OGGI ALLA RADIO&#8230;.<\/strong> <span style=\"color: #ff0000;\">ALLE 4 E ALLE 6<\/span> LE NOTIZIE DALL&#8217;ITALIA E DAL MONDO <span style=\"color: #ff0000;\"> 0500 <span style=\"color: #0000ff;\"><span style=\"color: #000000;\">l&#8217;almanacco della nostra gente con il MUSLA<\/span>\u00a0<\/span><\/span><span style=\"color: #ff0000;\"> 6.15<\/span> PIROLE DE LENGA A CURA DEL MUSLA <span style=\"color: #ff0000;\">7.20<\/span> EL BAL DEL FIORI, DETTI E TRADIZIONI DI GIULIANA DA RONCH <span style=\"color: #ff0000;\">8.05<\/span> LA RASSEGNA STAMPA LOCALE<span style=\"color: #ff0000;\"> 8.30 <span style=\"color: #000000;\">PIU&#8217; SIAMO CON MARINA DONA&#8217;<\/span><span style=\"color: #000000;\">\u00a0\u00a0<\/span> 900 <\/span><span style=\"color: #000000;\">LIBER, IL LIBRO CON LIANA CAVALLET <\/span><span style=\"color: #0000ff;\"><span style=\"color: #000000;\">\u00a0<\/span><\/span><span style=\"color: #ff0000;\"><span style=\"color: #000000;\">\u00a0<\/span><\/span><span style=\"color: #ff0000;\">9.40<\/span> VIABILITA&#8217; CON BOTOL CAR SERVICE (AGORDO-SEDICO-FELTRE) <span style=\"color: #ff0000;\">10 10<\/span>\u00a0 CISL LA VOCE PER I LAVORATORI CON DAVIDE MONTAGNER (FOTO) LUXOTTICA PEDEROBBA <span style=\"color: #ff0000;\">10.30 <span style=\"color: #000000;\">SE NON LA SMETTI DI MANDO DAL PRESIDE CON LA PROF. MARIA ROSA SALMAZO<\/span>\u00a0\u00a0<\/span>\u00a0<span style=\"color: #ff0000;\">11.10 <span class=\"selectable-text copyable-text\" style=\"color: #000000;\">SCUOLA APERTA AL FOLLADOR DE ROSSI DI AGORDO<\/span><\/span>\u00a0<span style=\"color: #ff0000;\">11.40<\/span> FESTIVALBAR STORY DI ATHOS DJ DAVID BEN\u00a0 \u00a0 <span style=\"color: #ff0000;\">12.00<\/span> VA TUTTO LISCIO\u00a0 <span style=\"color: #ff0000;\">12.30<\/span> GIORNALE RADIO PRINCIPALE <span style=\"color: #ff0000;\">13 10<\/span> DANILO GIORDANO PRESENTA LA PRIMA SERATA CON GLI AMICI DEI MINERARI <span style=\"color: #ff0000;\">13.20<\/span> FOGLIE E CASTAGNE DI MARINA DONA&#8217; <span style=\"color: #ff0000;\">\u00a0<\/span><span style=\"color: #ff0000;\">14.20 <\/span><span style=\"color: #ff0000;\"><span style=\"color: #000000;\">\u00a0 LA CLASSIFICA DI RADIOPIU CON MARCO GAZ <\/span>\u00a015.10<\/span> BATTICINQUE ALESSIO E MARINA&#8230; SCONTRI E INCONTRI GENERAZIONALI ALLA RADIO\u00a0 <span style=\"color: #ff0000;\">16.10<\/span> IL ROCK DI MARCO COSTANTINI <span style=\"color: #ff0000;\"><span style=\"color: #000000;\">1<\/span>6.45<\/span> LE HIT DI MIRCO BENCIVENNI <span style=\"color: #ff0000;\">18.00<\/span> PIU&#8217; DANCE LE SELEZIONI CHE FANNO SALTARE DI DJ JACK, JACOPO DEL TEDESCO <span style=\"color: #ff0000;\">19.00 <span style=\"color: #000000;\">LE ANTICIPAZIONI DAL TG DI ANTENNA 3 DI TIZIANA BOLOGNANI\u00a0 <span style=\"color: #ff0000;\">\u00a01920<\/span> <span class=\"selectable-text copyable-text\" style=\"color: #000000;\">SCUOLA APERTA AL FOLLADOR DE ROSSI DI AGORDO<span style=\"color: #ff0000;\"> 19.30<\/span> SPECIALE SOCCORSO ALPINO, LA FESTA DEI 70 ANNI, SABATO AL PALALUXOTTICA CON DIEGO FAVERO ED EUGENIO BIEN<\/span><\/span><\/span><\/p>\n<p>&nbsp;<\/p>\n<p><strong>rassegna stampa nazionale,<\/strong> ogni giorno alle 5 e alle 6 del mattino<br \/>\ngiornali locali 7 rassegna stampa flash, 8 rassegna stampa, gr flash alle 10 e alle 11, principale 12.30. Informazione pomeriggio alle 15 (speciale) 16, 17, 18. Giornale radio nazionale: ogni ora dalle 5 del mattino, alle 20 della sera.<\/p>\n<p>&nbsp;<\/p>\n<p>&nbsp;<\/p>\n<hr \/>\n<p>&nbsp;<\/p>\n<p>&nbsp;<\/p>\n<div class=\"x11i5rnm xat24cr x1mh8g0r x1vvkbs xtlvy1s x126k92a\">\n<div dir=\"auto\">\n<div dir=\"auto\">\n<p><strong><a class=\"dt-pswp-item\" href=\"https:\/\/www.radiopiu.net\/wordpress\/wp-content\/uploads\/2024\/02\/2d44e751-d8a8-461b-8e22-d8e4e853b032.jpg\" data-dt-img-description=\"\" data-large_image_width=\"1600\" data-large_image_height=\"1200\"><img loading=\"lazy\" decoding=\"async\" class=\"wp-image-373307 alignleft\" src=\"https:\/\/www.radiopiu.net\/wordpress\/wp-content\/uploads\/2024\/02\/2d44e751-d8a8-461b-8e22-d8e4e853b032-300x225.jpg\" alt=\"\" width=\"105\" height=\"79\" srcset=\"https:\/\/www.radiopiu.net\/wordpress\/wp-content\/uploads\/2024\/02\/2d44e751-d8a8-461b-8e22-d8e4e853b032-300x225.jpg 300w, https:\/\/www.radiopiu.net\/wordpress\/wp-content\/uploads\/2024\/02\/2d44e751-d8a8-461b-8e22-d8e4e853b032-1024x768.jpg 1024w, https:\/\/www.radiopiu.net\/wordpress\/wp-content\/uploads\/2024\/02\/2d44e751-d8a8-461b-8e22-d8e4e853b032-768x576.jpg 768w, https:\/\/www.radiopiu.net\/wordpress\/wp-content\/uploads\/2024\/02\/2d44e751-d8a8-461b-8e22-d8e4e853b032-1536x1152.jpg 1536w, https:\/\/www.radiopiu.net\/wordpress\/wp-content\/uploads\/2024\/02\/2d44e751-d8a8-461b-8e22-d8e4e853b032.jpg 1600w\" sizes=\"auto, (max-width: 105px) 100vw, 105px\" \/><\/a>EL BAL DEL FIOR, DI GIULIANA DA RONCH, 20 NOVEMBRE<\/strong><strong>\u00a02024<\/strong><\/p>\n<\/div>\n<\/div>\n<\/div>\n<div><\/div>\n<div>\n<audio class=\"wp-audio-shortcode\" id=\"audio-420409-1\" preload=\"none\" style=\"width: 100%;\" controls=\"controls\"><source type=\"audio\/mpeg\" src=\"https:\/\/www.radiopiu.net\/wordpress\/wp-content\/uploads\/2024\/11\/GME-2.mp3?_=1\" \/><a href=\"https:\/\/www.radiopiu.net\/wordpress\/wp-content\/uploads\/2024\/11\/GME-2.mp3\">https:\/\/www.radiopiu.net\/wordpress\/wp-content\/uploads\/2024\/11\/GME-2.mp3<\/a><\/audio>\n<\/div>\n<div><\/div>\n<hr \/>\n<p>&nbsp;<\/p>\n<p>&nbsp;<\/p>\n<div class=\"x11i5rnm xat24cr x1mh8g0r x1vvkbs xtlvy1s x126k92a\">\n<h1><span style=\"color: #ff0000;\"><a class=\"dt-pswp-item\" href=\"https:\/\/www.radiopiu.net\/wordpress\/wp-content\/uploads\/2024\/06\/th-5.jpg\" data-dt-img-description=\"\" data-large_image_width=\"326\" data-large_image_height=\"180\"><img loading=\"lazy\" decoding=\"async\" class=\"size-medium wp-image-395881 alignleft\" src=\"https:\/\/www.radiopiu.net\/wordpress\/wp-content\/uploads\/2024\/06\/th-5-300x166.jpg\" alt=\"\" width=\"300\" height=\"166\" srcset=\"https:\/\/www.radiopiu.net\/wordpress\/wp-content\/uploads\/2024\/06\/th-5-300x166.jpg 300w, https:\/\/www.radiopiu.net\/wordpress\/wp-content\/uploads\/2024\/06\/th-5.jpg 326w\" sizes=\"auto, (max-width: 300px) 100vw, 300px\" \/><\/a><\/span><\/h1>\n<h1><\/h1>\n<h1><\/h1>\n<h1><span style=\"color: #000000;\">20 NOVEMBRE&#8230; alla radio l&#8217;almanacco\u00a0<\/span><\/h1>\n<\/div>\n<div class=\"x11i5rnm xat24cr x1mh8g0r x1vvkbs xtlvy1s x126k92a\">\n<audio class=\"wp-audio-shortcode\" id=\"audio-420409-2\" preload=\"none\" style=\"width: 100%;\" controls=\"controls\"><source type=\"audio\/mpeg\" src=\"https:\/\/www.radiopiu.net\/wordpress\/wp-content\/uploads\/2024\/11\/ALMANACCONEW-15.mp3?_=2\" \/><a href=\"https:\/\/www.radiopiu.net\/wordpress\/wp-content\/uploads\/2024\/11\/ALMANACCONEW-15.mp3\">https:\/\/www.radiopiu.net\/wordpress\/wp-content\/uploads\/2024\/11\/ALMANACCONEW-15.mp3<\/a><\/audio>\n<p>&nbsp;<\/p>\n<p>&nbsp;<\/p>\n<hr \/>\n<p>&nbsp;<\/p>\n<p>&nbsp;<\/p>\n<blockquote>\n<h1><strong><a class=\"dt-pswp-item\" href=\"https:\/\/www.radiopiu.net\/wordpress\/wp-content\/uploads\/2024\/10\/629301fd-708d-4f53-95c2-d28cbefd500f.jpg\" data-dt-img-description=\"\" data-large_image_width=\"1600\" data-large_image_height=\"1322\"><img loading=\"lazy\" decoding=\"async\" class=\"wp-image-413782 alignleft\" src=\"https:\/\/www.radiopiu.net\/wordpress\/wp-content\/uploads\/2024\/10\/629301fd-708d-4f53-95c2-d28cbefd500f-300x248.jpg\" alt=\"\" width=\"186\" height=\"154\" srcset=\"https:\/\/www.radiopiu.net\/wordpress\/wp-content\/uploads\/2024\/10\/629301fd-708d-4f53-95c2-d28cbefd500f-300x248.jpg 300w, https:\/\/www.radiopiu.net\/wordpress\/wp-content\/uploads\/2024\/10\/629301fd-708d-4f53-95c2-d28cbefd500f-1024x846.jpg 1024w, https:\/\/www.radiopiu.net\/wordpress\/wp-content\/uploads\/2024\/10\/629301fd-708d-4f53-95c2-d28cbefd500f-768x635.jpg 768w, https:\/\/www.radiopiu.net\/wordpress\/wp-content\/uploads\/2024\/10\/629301fd-708d-4f53-95c2-d28cbefd500f-1536x1269.jpg 1536w, https:\/\/www.radiopiu.net\/wordpress\/wp-content\/uploads\/2024\/10\/629301fd-708d-4f53-95c2-d28cbefd500f.jpg 1600w\" sizes=\"auto, (max-width: 186px) 100vw, 186px\" \/><\/a>N di parom &#8211; L Almanach de la nosta jent<\/strong><\/h1>\n<\/blockquote>\n<p>Le voci: Davide Conedera, Agordo, Michela Dell&#8217;Osbel, La Valle Agordina Simone Ganz, Falcade Veronica Lezuo, Colle Santa Lucia. La voce nella sigla \u00e8 di Giorgia Taio<\/p>\n<p><strong>LA PUNTATA DI OGGI, 20 NOVEMBRE<\/strong><\/p>\n<audio class=\"wp-audio-shortcode\" id=\"audio-420409-3\" preload=\"none\" style=\"width: 100%;\" controls=\"controls\"><source type=\"audio\/mpeg\" src=\"https:\/\/www.radiopiu.net\/wordpress\/wp-content\/uploads\/2024\/11\/20_november_Veronica.mp3?_=3\" \/><a href=\"https:\/\/www.radiopiu.net\/wordpress\/wp-content\/uploads\/2024\/11\/20_november_Veronica.mp3\">https:\/\/www.radiopiu.net\/wordpress\/wp-content\/uploads\/2024\/11\/20_november_Veronica.mp3<\/a><\/audio>\n<div><\/div>\n<div><\/div>\n<div><\/div>\n<\/div>\n<div class=\"x11i5rnm xat24cr x1mh8g0r x1vvkbs xtlvy1s x126k92a\">\n<p>&nbsp;<\/p>\n<div dir=\"auto\">\n<hr \/>\n<\/div>\n<\/div>\n<blockquote>\n<blockquote>\n<h1><span style=\"color: #ff0000;\">\u00a0<\/span><\/h1>\n<h1><span style=\"color: #ff0000;\">I podcast informativi del mattino &#8211; audio &#8211;\u00a0\u00a0<\/span><\/h1>\n<\/blockquote>\n<p><strong><a class=\"dt-pswp-item\" href=\"https:\/\/www.radiopiu.net\/wordpress\/wp-content\/uploads\/2024\/11\/6.jpg\" data-dt-img-description=\"\" data-large_image_width=\"177\" data-large_image_height=\"180\"><img loading=\"lazy\" decoding=\"async\" class=\"size-full wp-image-417911 alignleft\" src=\"https:\/\/www.radiopiu.net\/wordpress\/wp-content\/uploads\/2024\/11\/6.jpg\" alt=\"\" width=\"177\" height=\"180\" \/><\/a>LA RASSEGNA STAMPA NAZIONALE ALLA RADIO, OGNI GIORNO ALLE 5 E ALLE 6 DEL MATTINO <span style=\"color: #0000ff;\">viene pubblicata alle 6.00 <span style=\"color: #ff0000;\">DIRETTA RADIO\u00a0 \u00a0\u00a0<\/span><\/span><\/strong><\/p><\/blockquote>\n<p>&nbsp;<\/p>\n<p><strong>NOTIZIE DELLA NOTTE<\/strong><\/p>\n<p>04:42<\/p>\n<p><strong>Mondiali 2026<\/strong>: qualificazioni, l&#8217;Uruguay ferma 1-1 il Brasile &#8216;<strong>Biden<\/strong> approva la fornitura di mine antiuomo all&#8217;Ucraina&#8217; <strong>Zelensky:<\/strong> &#8216;Se gli Usa tagliano gli aiuti, l&#8217;Ucraina perder\u00e0&#8217;<br \/>\n<strong>Usa,<\/strong> Trump nomina Linda McMahon segretaria all&#8217;Istruzione <strong>Mosca<\/strong>: la &#8216;linea rossa&#8217; con Washington non \u00e8 pi\u00f9 in uso <strong>Borsa<\/strong>: Hong Kong negativa, apre a -0,14% <strong>Borsa:<\/strong> Tokyo, apertura in leggero rialzo (+0,20%) <strong>Intimidazione<\/strong> a imprenditore del Palermitano come ne Il Padrino<\/p>\n<h2>AUDIO dalle 6 del mattino<\/h2>\n<audio class=\"wp-audio-shortcode\" id=\"audio-420409-4\" preload=\"none\" style=\"width: 100%;\" controls=\"controls\"><source type=\"audio\/mpeg\" src=\"https:\/\/www.radiopiu.net\/wordpress\/wp-content\/uploads\/2024\/11\/GIORNALEDELLESEI-13.mp3?_=4\" \/><a href=\"https:\/\/www.radiopiu.net\/wordpress\/wp-content\/uploads\/2024\/11\/GIORNALEDELLESEI-13.mp3\">https:\/\/www.radiopiu.net\/wordpress\/wp-content\/uploads\/2024\/11\/GIORNALEDELLESEI-13.mp3<\/a><\/audio>\n<p>&nbsp;<\/p>\n<p>&nbsp;<\/p>\n<hr \/>\n<p>&nbsp;<\/p>\n<h1 style=\"text-align: center;\"><span style=\"color: #ff0000;\"><a class=\"dt-pswp-item\" href=\"https:\/\/www.radiopiu.net\/wordpress\/wp-content\/uploads\/2024\/11\/7.jpg\" data-dt-img-description=\"\" data-large_image_width=\"180\" data-large_image_height=\"180\"><img loading=\"lazy\" decoding=\"async\" class=\"size-full wp-image-417912 alignleft\" src=\"https:\/\/www.radiopiu.net\/wordpress\/wp-content\/uploads\/2024\/11\/7.jpg\" alt=\"\" width=\"180\" height=\"180\" srcset=\"https:\/\/www.radiopiu.net\/wordpress\/wp-content\/uploads\/2024\/11\/7.jpg 180w, https:\/\/www.radiopiu.net\/wordpress\/wp-content\/uploads\/2024\/11\/7-150x150.jpg 150w\" sizes=\"auto, (max-width: 180px) 100vw, 180px\" \/><\/a>I podcast informativi del mattino &#8211; audio &#8211;\u00a0<\/span><\/h1>\n<p><strong>OGNI GIORNO ALLE SETTE DEL MATTINO, LA RASSEGNA STAMPA LOCALE FLASH&#8230; PER CHI VA IN FRETTA. I TITOLI DAI GIORNALI E DAL SITO WWW.RADIOPIU.NET <span style=\"color: #0000ff;\">viene pubblicato alle 7.00<\/span> <span style=\"color: #ff0000;\">DIRETTA RADIO\u00a0<\/span><\/strong><\/p>\n<p><em><span style=\"color: #ff0000;\">per chi va in fretta&#8230; tante notizie in pochi minuti. L&#8217;informazione locale alla radio, ogni ora dalle 7 del mattino alle 19 della sera.<\/span><\/em><\/p>\n<h1><\/h1>\n<h1>AUDIO dalle 7 del mattino<\/h1>\n<audio class=\"wp-audio-shortcode\" id=\"audio-420409-5\" preload=\"none\" style=\"width: 100%;\" controls=\"controls\"><source type=\"audio\/mpeg\" src=\"https:\/\/www.radiopiu.net\/wordpress\/wp-content\/uploads\/2024\/11\/GF07-16.mp3?_=5\" \/><a href=\"https:\/\/www.radiopiu.net\/wordpress\/wp-content\/uploads\/2024\/11\/GF07-16.mp3\">https:\/\/www.radiopiu.net\/wordpress\/wp-content\/uploads\/2024\/11\/GF07-16.mp3<\/a><\/audio>\n<p>&nbsp;<\/p>\n<p>&nbsp;<\/p>\n<p>&nbsp;<\/p>\n<hr \/>\n<p>&nbsp;<\/p>\n<h1><\/h1>\n<h1 style=\"text-align: center;\"><span style=\"color: #ff0000;\"><a class=\"dt-pswp-item\" href=\"https:\/\/www.radiopiu.net\/wordpress\/wp-content\/uploads\/2024\/11\/th.jpg\" data-dt-img-description=\"\" data-large_image_width=\"148\" data-large_image_height=\"179\"><img loading=\"lazy\" decoding=\"async\" class=\"size-full wp-image-417913 alignleft\" src=\"https:\/\/www.radiopiu.net\/wordpress\/wp-content\/uploads\/2024\/11\/th.jpg\" alt=\"\" width=\"148\" height=\"179\" \/><\/a>I podcast informativi del mattino &#8211; audio &#8211;\u00a0<\/span><\/h1>\n<blockquote><p><strong>GIORNALE RADIO NAZIONALE, EDIZIONE DELLE SETTE <span style=\"color: #0000ff;\">viene pubblicato alle 7.05 <span style=\"color: #ff0000;\">DIRETTA RADIO\u00a0<\/span><\/span><\/strong><\/p><\/blockquote>\n<p><strong>il giornale radionazionale e&#8217; in onda ogni ora, dalle sette del mattino alle venti della sera\u00a0 \u00a0<\/strong><strong>\u00a0<\/strong><\/p>\n<p><strong>Il caso<\/strong> Torna a casa piccolo Ethan. Sottratto alla madre, era negli Stati Uniti <strong>Femminicidi<\/strong> Piantedosi: &#8217;96 donne uccise quest&#8217;anno, \u00e8 emergenza&#8217; <strong>Trasporti Fs<\/strong>, sciopero del personale il 23 e 24 novembre\u00a0<strong>Teste shock<\/strong> su Giulio Regeni, &#8216;bendato e sfinito da tortura&#8217; Il video di un ex detenuto, &#8216;carcerieri usavano scosse elettriche&#8217; <strong>Un ragazzo aggredisce un capotreno<\/strong> e gli fa saltare due denti Ennesimo caso di violenza nel Bolognese, indagano i carabinieri <strong>Nel Salento Una 17enne trovata morta in casa<\/strong>, era a letto con la febbre La scoperta quando i famigliari sono andati a svegliarla <strong>Esplode un deposito abusivo di fuochi d&#8217;artificio,<\/strong> tre morti a Ercolano Le vittime sono un 18enne e due gemelle di 26 anni al loro primo giorno di lavoro<br \/>\n<strong>Incidente sul lavoro, muore travolto da una gru a Torino<\/strong> Schiacciato mentre stava eseguendo dei lavori di realizzazione della struttura per contenere una nuova vasca di pompaggio<\/p>\n<p><span style=\"color: #ff0000;\"><span style=\"color: #0000ff;\">CRONACA<\/span> EDIZIONE DELLA SERA , DEL 19 NOVEMBRE 2024 EDIZIONE DI IERI, 20.00<\/span><\/p>\n<audio class=\"wp-audio-shortcode\" id=\"audio-420409-6\" preload=\"none\" style=\"width: 100%;\" controls=\"controls\"><source type=\"audio\/mpeg\" src=\"https:\/\/www.radiopiu.net\/wordpress\/wp-content\/uploads\/2024\/11\/giornale07-30.mp3?_=6\" \/><a href=\"https:\/\/www.radiopiu.net\/wordpress\/wp-content\/uploads\/2024\/11\/giornale07-30.mp3\">https:\/\/www.radiopiu.net\/wordpress\/wp-content\/uploads\/2024\/11\/giornale07-30.mp3<\/a><\/audio>\n<p>&nbsp;<\/p>\n<p><span style=\"color: #ff0000;\"><span style=\"color: #0000ff;\">SPORT<\/span> EDIZIONE DELLE 19, DEL 19 NOVEMBRE 2024, LO SPORT EDIZIONE DI IERI<\/span><\/p>\n<audio class=\"wp-audio-shortcode\" id=\"audio-420409-7\" preload=\"none\" style=\"width: 100%;\" controls=\"controls\"><source type=\"audio\/mpeg\" src=\"https:\/\/www.radiopiu.net\/wordpress\/wp-content\/uploads\/2024\/11\/gr-sport-15.mp3?_=7\" \/><a href=\"https:\/\/www.radiopiu.net\/wordpress\/wp-content\/uploads\/2024\/11\/gr-sport-15.mp3\">https:\/\/www.radiopiu.net\/wordpress\/wp-content\/uploads\/2024\/11\/gr-sport-15.mp3<\/a><\/audio>\n<h2><\/h2>\n<h2><span style=\"color: #ff0000;\"><span style=\"color: #0000ff;\">ULTIM&#8217;ORA<\/span> AUDIO dalle sette del mattino, ogni ora alla radio EDIZIONE DELLE SETTE<\/span><\/h2>\n<audio class=\"wp-audio-shortcode\" id=\"audio-420409-8\" preload=\"none\" style=\"width: 100%;\" controls=\"controls\"><source type=\"audio\/mpeg\" src=\"https:\/\/www.radiopiu.net\/wordpress\/wp-content\/uploads\/2024\/11\/giornale07-31.mp3?_=8\" \/><a href=\"https:\/\/www.radiopiu.net\/wordpress\/wp-content\/uploads\/2024\/11\/giornale07-31.mp3\">https:\/\/www.radiopiu.net\/wordpress\/wp-content\/uploads\/2024\/11\/giornale07-31.mp3<\/a><\/audio>\n<p>&nbsp;<\/p>\n<p>&nbsp;<\/p>\n<hr \/>\n<p>&nbsp;<\/p>\n<p>&nbsp;<\/p>\n<h1><span style=\"color: #ff0000;\"><a class=\"dt-pswp-item\" href=\"https:\/\/www.radiopiu.net\/wordpress\/wp-content\/uploads\/2024\/11\/8.jpg\" data-dt-img-description=\"\" data-large_image_width=\"180\" data-large_image_height=\"180\"><img loading=\"lazy\" decoding=\"async\" class=\"size-full wp-image-417910 alignleft\" src=\"https:\/\/www.radiopiu.net\/wordpress\/wp-content\/uploads\/2024\/11\/8.jpg\" alt=\"\" width=\"180\" height=\"180\" srcset=\"https:\/\/www.radiopiu.net\/wordpress\/wp-content\/uploads\/2024\/11\/8.jpg 180w, https:\/\/www.radiopiu.net\/wordpress\/wp-content\/uploads\/2024\/11\/8-150x150.jpg 150w\" sizes=\"auto, (max-width: 180px) 100vw, 180px\" \/><\/a>I podcast informativi del mattino &#8211; video &#8211;\u00a0<\/span><\/h1>\n<h2 style=\"text-align: left;\"><strong>RASSEGNA STAMPA LOCALE, ORE OTTO 05<\/strong><\/h2>\n<h2><strong> <span style=\"color: #0000ff;\">viene\u00a0 <\/span><\/strong><strong><span style=\"color: #0000ff;\">pubblicata alle 8.05 <span style=\"color: #ff0000;\">DIRETTA RADIO\u00a0 \u00a0<\/span><\/span><\/strong><strong>DI MIRKO MEZZACASA<\/strong><\/h2>\n<h2><span style=\"color: #ff0000;\"><strong>\u00a0<\/strong><\/span><\/h2>\n<h2><span style=\"color: #ff0000;\"><strong>\u00a0<\/strong><\/span><\/h2>\n<h1><span style=\"color: #ff0000;\"><strong>VIDEO\u00a0 \u00a0in diretta dalle 8 del mattino\u00a0 \u00a0per ASCOLTARE <\/strong><\/span><\/h1>\n<blockquote>\n<h1 style=\"text-align: center;\"><a href=\"https:\/\/www.facebook.com\/radiopiu\/videos\/1685027192046099\">CLICCA QUI<\/a><\/h1>\n<\/blockquote>\n<p><a class=\"dt-pswp-item\" href=\"https:\/\/www.radiopiu.net\/wordpress\/wp-content\/uploads\/2024\/11\/coop1-1.png\" data-dt-img-description=\"\" data-large_image_width=\"602\" data-large_image_height=\"375\">\u00a0<\/a><\/p>\n<p><a class=\"dt-pswp-item\" href=\"https:\/\/www.radiopiu.net\/wordpress\/wp-content\/uploads\/2024\/11\/coop1-9.png\" data-dt-img-description=\"\" data-large_image_width=\"583\" data-large_image_height=\"257\"><img loading=\"lazy\" decoding=\"async\" class=\"alignnone wp-image-420591\" src=\"https:\/\/www.radiopiu.net\/wordpress\/wp-content\/uploads\/2024\/11\/coop1-9-300x132.png\" alt=\"\" width=\"368\" height=\"162\" srcset=\"https:\/\/www.radiopiu.net\/wordpress\/wp-content\/uploads\/2024\/11\/coop1-9-300x132.png 300w, https:\/\/www.radiopiu.net\/wordpress\/wp-content\/uploads\/2024\/11\/coop1-9.png 583w\" sizes=\"auto, (max-width: 368px) 100vw, 368px\" \/><\/a><a class=\"dt-pswp-item\" href=\"https:\/\/www.radiopiu.net\/wordpress\/wp-content\/uploads\/2024\/11\/coop2-8.png\" data-dt-img-description=\"\" data-large_image_width=\"610\" data-large_image_height=\"329\"><img loading=\"lazy\" decoding=\"async\" class=\"alignnone size-medium wp-image-420592\" src=\"https:\/\/www.radiopiu.net\/wordpress\/wp-content\/uploads\/2024\/11\/coop2-8-300x162.png\" alt=\"\" width=\"300\" height=\"162\" srcset=\"https:\/\/www.radiopiu.net\/wordpress\/wp-content\/uploads\/2024\/11\/coop2-8-300x162.png 300w, https:\/\/www.radiopiu.net\/wordpress\/wp-content\/uploads\/2024\/11\/coop2-8.png 610w\" sizes=\"auto, (max-width: 300px) 100vw, 300px\" \/><\/a><a class=\"dt-pswp-item\" href=\"https:\/\/www.radiopiu.net\/wordpress\/wp-content\/uploads\/2024\/11\/coop3-5.png\" data-dt-img-description=\"\" data-large_image_width=\"253\" data-large_image_height=\"184\"><img loading=\"lazy\" decoding=\"async\" class=\"alignnone size-medium wp-image-420593\" src=\"https:\/\/www.radiopiu.net\/wordpress\/wp-content\/uploads\/2024\/11\/coop3-5.png\" alt=\"\" width=\"253\" height=\"184\" \/>\u00a0<\/a><\/p>\n<p>&nbsp;<\/p>\n<hr \/>\n<p>&nbsp;<\/p>\n<p>&nbsp;<\/p>\n<p><strong><a class=\"dt-pswp-item\" href=\"https:\/\/www.radiopiu.net\/wordpress\/wp-content\/uploads\/2023\/12\/ANTENNA.png\" data-dt-img-description=\"\" data-large_image_width=\"300\" data-large_image_height=\"166\"><img loading=\"lazy\" decoding=\"async\" class=\" wp-image-366306 alignleft\" src=\"https:\/\/www.radiopiu.net\/wordpress\/wp-content\/uploads\/2023\/12\/ANTENNA.png\" alt=\"\" width=\"175\" height=\"97\" \/><\/a>ogni sera alle 19 le anticipazioni alla radio, quello che poi seguirete nel TELEGIORNALE BELLUNESE\u00a0 in onda alle 19.30 sul CANALE 10 del digitale terrestre.\u00a0\u00a0<\/strong><\/p>\n<p><strong>LE ANTICIPAZIONI DAL TG DI ANTENNA 3 DI TIZIANA BOLOGNANI<\/strong><\/p>\n<audio class=\"wp-audio-shortcode\" id=\"audio-420409-9\" preload=\"none\" style=\"width: 100%;\" controls=\"controls\"><source type=\"audio\/mpeg\" src=\"https:\/\/www.radiopiu.net\/wordpress\/wp-content\/uploads\/2024\/11\/ANTENNA3-13.mp3?_=9\" \/><a href=\"https:\/\/www.radiopiu.net\/wordpress\/wp-content\/uploads\/2024\/11\/ANTENNA3-13.mp3\">https:\/\/www.radiopiu.net\/wordpress\/wp-content\/uploads\/2024\/11\/ANTENNA3-13.mp3<\/a><\/audio>\n<p>&nbsp;<\/p>\n<p>&nbsp;<\/p>\n<hr \/>\n<p>&nbsp;<\/p>\n<p>&nbsp;<\/p>\n<p><strong><a class=\"dt-pswp-item\" href=\"https:\/\/www.radiopiu.net\/wordpress\/wp-content\/uploads\/2020\/05\/VENETO-STRADE.png\" data-dt-img-description=\"\" data-large_image_width=\"400\" data-large_image_height=\"400\"><img loading=\"lazy\" decoding=\"async\" class=\" wp-image-135574 alignleft\" src=\"https:\/\/www.radiopiu.net\/wordpress\/wp-content\/uploads\/2020\/05\/VENETO-STRADE-300x300.png\" alt=\"\" width=\"75\" height=\"75\" srcset=\"https:\/\/www.radiopiu.net\/wordpress\/wp-content\/uploads\/2020\/05\/VENETO-STRADE-300x300.png 300w, https:\/\/www.radiopiu.net\/wordpress\/wp-content\/uploads\/2020\/05\/VENETO-STRADE-150x150.png 150w, https:\/\/www.radiopiu.net\/wordpress\/wp-content\/uploads\/2020\/05\/VENETO-STRADE.png 400w\" sizes=\"auto, (max-width: 75px) 100vw, 75px\" \/><\/a><\/strong><strong>SP 12 PEDEMONTANA<\/strong><br \/>\n<strong>VIA SAN OSVALDO, COMUNE DI PEDAVENA<\/strong><\/p>\n<p>Oggi interdizione totale alla circolazione per lavori di riparazione condotta fognaria<\/p>\n<p>&nbsp;<\/p>\n<p>&nbsp;<\/p>\n<hr \/>\n<p>&nbsp;<\/p>\n<blockquote>\n<h2>ALESSANDRO, ORIGINARIO DI ALLEGHE MUORE PROVANDO LA NUOVA AUTO<\/h2>\n<\/blockquote>\n<p><img loading=\"lazy\" decoding=\"async\" class=\"alignleft\" src=\"https:\/\/www.radiopiu.net\/wordpress\/wp-content\/uploads\/2024\/11\/Senza-nome-80.png\" width=\"169\" height=\"164\" \/><\/p>\n<blockquote><p><strong>Addio ad Alessandro Da Tos, giovane legato ad Alleghe<\/strong><\/p><\/blockquote>\n<p>Alessandro Da Tos, 38 anni, \u00e8 morto luned\u00ec a Susegana per un malore improvviso mentre provava un\u2019auto nuova. Originario di Alleghe, viveva a Rivignano Teor con la compagna Jessica Peresson, con cui gestiva una profumeria a Pordenone. Amante della vita, collezionista, e appassionato di viaggi e motori lascia la sorella, Laura, i genitori, Ugo e Franca.<\/p>\n<p>&nbsp;<\/p>\n<p style=\"text-align: center;\"><a class=\"dt-pswp-item\" href=\"https:\/\/www.radiopiu.net\/wordpress\/wp-content\/uploads\/2024\/11\/Senza-nome-81.png\" data-dt-img-description=\"\" data-large_image_width=\"542\" data-large_image_height=\"373\"><img loading=\"lazy\" decoding=\"async\" class=\"alignnone size-medium wp-image-420575\" src=\"https:\/\/www.radiopiu.net\/wordpress\/wp-content\/uploads\/2024\/11\/Senza-nome-81-300x206.png\" alt=\"\" width=\"300\" height=\"206\" srcset=\"https:\/\/www.radiopiu.net\/wordpress\/wp-content\/uploads\/2024\/11\/Senza-nome-81-300x206.png 300w, https:\/\/www.radiopiu.net\/wordpress\/wp-content\/uploads\/2024\/11\/Senza-nome-81.png 542w\" sizes=\"auto, (max-width: 300px) 100vw, 300px\" \/><\/a><\/p>\n<p>&nbsp;<\/p>\n<p>&nbsp;<\/p>\n<h1><a class=\"dt-pswp-item\" href=\"https:\/\/www.radiopiu.net\/wordpress\/wp-content\/uploads\/2023\/12\/ANTENNA.png\" data-dt-img-description=\"\" data-large_image_width=\"300\" data-large_image_height=\"166\"><img loading=\"lazy\" decoding=\"async\" class=\" wp-image-366306 alignleft\" src=\"https:\/\/www.radiopiu.net\/wordpress\/wp-content\/uploads\/2023\/12\/ANTENNA.png\" alt=\"\" width=\"210\" height=\"116\" \/><\/a>SUSEGANA | MALORE FATALE IN CONCESSIONARIA, 38ENNE MUORE DAVANTI ALLA COMPAGNA<br \/>\n(Servizio di\u00a0Cristian Arboit)<\/h1>\n<p>&nbsp;<\/p>\n<p><iframe loading=\"lazy\" title=\"MALORE FATALE IN CONCESSIONARIA, 38ENNE MUORE DAVANTI ALLA COMPAGNA | 18\/11\/2024\" width=\"1200\" height=\"675\" src=\"https:\/\/www.youtube.com\/embed\/qt61e4R80IY?feature=oembed\" frameborder=\"0\" allow=\"accelerometer; autoplay; clipboard-write; encrypted-media; gyroscope; picture-in-picture; web-share\" referrerpolicy=\"strict-origin-when-cross-origin\" allowfullscreen><\/iframe><\/p>\n<p>&nbsp;<\/p>\n<p>&nbsp;<\/p>\n<hr \/>\n<blockquote>\n<h2><\/h2>\n<h2>OLGA HA RAGGIUNTO IL SUO LIONELLO<\/h2>\n<\/blockquote>\n<p><strong><img loading=\"lazy\" decoding=\"async\" class=\"alignleft\" src=\"https:\/\/www.radiopiu.net\/wordpress\/wp-content\/uploads\/2023\/11\/lioa.png\" width=\"188\" height=\"130\" \/>FALCADE<\/strong> Un anno fa, il 23 novembre, scrivevamo il ricordo del dottor Lionello Fregni, l&#8217;amato medico di base in Valle del Biois. Altrettanto amata era la moglie Olga Guerini,\u00a0 che ieri si \u00e8 spenta serenamente tra i sui figli.<br \/>\nI funerali si svolgeranno domani alle 11.<\/p>\n<p>&nbsp;<\/p>\n<p>&nbsp;<\/p>\n<p>&nbsp;<\/p>\n<hr \/>\n<p>&nbsp;<\/p>\n<blockquote>\n<h3><a class=\"dt-pswp-item\" href=\"https:\/\/www.radiopiu.net\/wordpress\/wp-content\/uploads\/2024\/11\/Senza-nome-82.png\" data-dt-img-description=\"\" data-large_image_width=\"278\" data-large_image_height=\"291\"><img loading=\"lazy\" decoding=\"async\" class=\"wp-image-420577 alignleft\" src=\"https:\/\/www.radiopiu.net\/wordpress\/wp-content\/uploads\/2024\/11\/Senza-nome-82.png\" alt=\"\" width=\"142\" height=\"149\" \/><\/a>DOMANI L&#8217;ADDIO A BEPPINO<\/h3>\n<p>CALALZO I funerali di Beppino De Monego (89 anni), vittima dell&#8217;investimento in Cadore, saranno celebrati domani alle 14.30 nella chiesa di San Biagio, lascia la moglie Marisa, le figlie Jose e Giovanna, genero, nipoti e tanti parenti ed amici di una vita.<\/p><\/blockquote>\n<p>&nbsp;<\/p>\n<p>&nbsp;<\/p>\n<hr \/>\n<p>&nbsp;<\/p>\n<p><strong>REDAZIONE<\/strong> Due interventi importanti, tra gli altri, per il personale del Suem 118 e per le forze dell&#8217;ordine incaricate dei rilievi e sicurezza stradale. In entrambi i casi non si \u00e8 resa necessaria la chiamata all&#8217;elicottero Falco. I feriti, infatti sono stati portati in ambulanza al San Martino di Belluno. Primo incidente ieri mattina\u00a0 alle 10.30, in centro investito un uomo di Agordo, di 34 anni (ferite di media gravit\u00e0). Nel pomeriggio un secondo incidente stradale, ferito un uomo (codice 2).<\/p>\n<p>&nbsp;<\/p>\n<blockquote><p><strong><a class=\"dt-pswp-item\" href=\"https:\/\/www.radiopiu.net\/wordpress\/wp-content\/uploads\/2024\/11\/Senza-nome-79.png\" data-dt-img-description=\"\" data-large_image_width=\"577\" data-large_image_height=\"345\"><img loading=\"lazy\" decoding=\"async\" class=\" wp-image-420567 alignleft\" src=\"https:\/\/www.radiopiu.net\/wordpress\/wp-content\/uploads\/2024\/11\/Senza-nome-79-300x179.png\" alt=\"\" width=\"223\" height=\"133\" srcset=\"https:\/\/www.radiopiu.net\/wordpress\/wp-content\/uploads\/2024\/11\/Senza-nome-79-300x179.png 300w, https:\/\/www.radiopiu.net\/wordpress\/wp-content\/uploads\/2024\/11\/Senza-nome-79.png 577w\" sizes=\"auto, (max-width: 223px) 100vw, 223px\" \/><\/a>Fuoristrada a Fisterre: conducente ferito e auto distrutta<\/strong><\/p><\/blockquote>\n<p><strong>BELLUNO<\/strong><\/p>\n<div class=\"flex max-w-full flex-col flex-grow\">\n<div class=\"min-h-8 text-message flex w-full flex-col items-end gap-2 whitespace-normal break-words [.text-message+&amp;]:mt-5\" dir=\"auto\" data-message-author-role=\"assistant\" data-message-id=\"d70b6b37-bb36-4c16-8ba4-62baee4a3dba\" data-message-model-slug=\"gpt-4o\">\n<div class=\"flex w-full flex-col gap-1 empty:hidden first:pt-[3px]\">\n<div class=\"markdown prose w-full break-words dark:prose-invert dark\">\n<p>Belluno. Incidente oggi a Fisterre, poco prima delle 16, sulla strada verso il circolo tennis. Una Citroen C5 SW ha perso il controllo, finendo in testacoda e abbattendo un palo della luce. L&#8217;auto \u00e8 andata distrutta, con airbag scoppiati e vetri infranti. Il conducente \u00e8 stato trasportato in ospedale con traumi non gravi. Sul posto sono intervenuti carabinieri e vigili del fuoco, con traffico deviato per agevolare i soccorsi.<\/p>\n<\/div>\n<\/div>\n<\/div>\n<\/div>\n<div class=\"mb-2 flex gap-3 empty:hidden -ml-2\">\n<div class=\"items-center justify-start rounded-xl p-1 flex\">\n<div class=\"flex items-center\">\n<div class=\"flex\"><strong>\u00a0foto corriere delle alpi<\/strong><\/div>\n<div><\/div>\n<div>\n<hr \/>\n<\/div>\n<blockquote>\n<h1>Denunciati per rapina a un coetaneo<\/h1>\n<\/blockquote>\n<div>\n<p><strong><img loading=\"lazy\" decoding=\"async\" class=\"alignleft\" src=\"https:\/\/www.radiopiu.net\/wordpress\/wp-content\/uploads\/2023\/12\/adff62d8-42da-4b2e-8aae-522a5ff02b4a.jpg\" width=\"273\" height=\"205\" \/>FELTRE<\/strong><\/p>\n<p>I Carabinieri della Compagnia di Feltre hanno identificato i responsabili della rapina avvenuta il 2 settembre scorso in pieno centro. Quattro ragazzi, dopo aver accerchiato e minacciato un coetaneo, gli avevano strappato l\u2019orologio dal polso, un finto rolex.<\/p>\n<p>Grazie alle indagini del nucleo operativo, supportate da riprese di telecamere e dal ritrovamento degli abiti indossati durante l\u2019aggressione, gli autori sono stati individuati. L\u2019orologio, gi\u00e0 rivenduto, \u00e8 stato recuperato. I quattro, tutti residenti nel feltrino, sono stati denunciati alla Procura della Repubblica per i minori che ha diretto le indagini<\/p>\n<p>foto archivio radiopiu<\/p>\n<p>&nbsp;<\/p>\n<p>&nbsp;<\/p>\n<h1 class=\"_title post-title entry-title\"><a class=\"dt-pswp-item\" href=\"https:\/\/www.radiopiu.net\/wordpress\/wp-content\/uploads\/2023\/12\/ANTENNA.png\" data-dt-img-description=\"\" data-large_image_width=\"300\" data-large_image_height=\"166\"><img loading=\"lazy\" decoding=\"async\" class=\"wp-image-366306 alignleft\" src=\"https:\/\/www.radiopiu.net\/wordpress\/wp-content\/uploads\/2023\/12\/ANTENNA.png\" alt=\"\" width=\"184\" height=\"102\" \/><\/a>STRAPPARONO FINTO ROLEX A UN COETANEO, 4 BABY RAPINATORI DENUNCIATI DAI CARABINIERI<\/h1>\n<\/div>\n<div>(Servizio di\u00a0<a href=\"https:\/\/antennatre.medianordest.it\/redazione\/Tiziana-Bolognani\/\">Tiziana Bolognani<\/a>)<\/div>\n<div class=\"flex items-center pb-0\"><\/div>\n<div>\n<p><iframe loading=\"lazy\" title=\"STRAPPARONO FINTO ROLEX A UN COETANEO, 4 BABY RAPINATORI DENUNCIATI DAI CARABINIERI | 19\/11\/2024\" width=\"1200\" height=\"675\" src=\"https:\/\/www.youtube.com\/embed\/hhfo7sWF9jE?feature=oembed\" frameborder=\"0\" allow=\"accelerometer; autoplay; clipboard-write; encrypted-media; gyroscope; picture-in-picture; web-share\" referrerpolicy=\"strict-origin-when-cross-origin\" allowfullscreen><\/iframe><\/p>\n<p>&nbsp;<\/p>\n<p>&nbsp;<\/p>\n<\/div>\n<div>\n<hr \/>\n<\/div>\n<div><\/div>\n<div>\n<div class=\"flex-shrink-0 flex flex-col relative items-end\">\n<div>\n<div class=\"pt-0\">\n<div class=\"gizmo-bot-avatar flex h-8 w-8 items-center justify-center overflow-hidden rounded-full\">\n<div class=\"relative p-1 rounded-sm flex items-center justify-center bg-token-main-surface-primary text-token-text-primary h-8 w-8\"><\/div>\n<\/div>\n<\/div>\n<\/div>\n<\/div>\n<div class=\"group\/conversation-turn relative flex w-full min-w-0 flex-col agent-turn\">\n<div class=\"flex-col gap-1 md:gap-3\">\n<div class=\"flex max-w-full flex-col flex-grow\">\n<div class=\"min-h-8 text-message flex w-full flex-col items-end gap-2 whitespace-normal break-words [.text-message+&amp;]:mt-5\" dir=\"auto\" data-message-author-role=\"assistant\" data-message-id=\"d2cfd157-c57c-4e18-bc93-223d9eabc083\" data-message-model-slug=\"gpt-4o\">\n<div class=\"flex w-full flex-col gap-1 empty:hidden first:pt-[3px]\">\n<div class=\"markdown prose w-full break-words dark:prose-invert dark\">\n<blockquote><p><strong>Incendio al panificio dell\u2019Emisfero: apertura ritardata<\/strong><\/p><\/blockquote>\n<p><strong><a class=\"dt-pswp-item\" href=\"https:\/\/www.radiopiu.net\/wordpress\/wp-content\/uploads\/2024\/11\/464662818_10212873445226904_1594329159478961733_n.jpg\" data-dt-img-description=\"\" data-large_image_width=\"503\" data-large_image_height=\"600\"><img loading=\"lazy\" decoding=\"async\" class=\"wp-image-420568 alignleft\" src=\"https:\/\/www.radiopiu.net\/wordpress\/wp-content\/uploads\/2024\/11\/464662818_10212873445226904_1594329159478961733_n-252x300.jpg\" alt=\"\" width=\"157\" height=\"187\" srcset=\"https:\/\/www.radiopiu.net\/wordpress\/wp-content\/uploads\/2024\/11\/464662818_10212873445226904_1594329159478961733_n-252x300.jpg 252w, https:\/\/www.radiopiu.net\/wordpress\/wp-content\/uploads\/2024\/11\/464662818_10212873445226904_1594329159478961733_n.jpg 503w\" sizes=\"auto, (max-width: 157px) 100vw, 157px\" \/><\/a>BELLUNO<\/strong> Un forno del panificio del centro commerciale Emisfero ha preso fuoco alle 7:27, provocando fumo e disagi. I vigili del fuoco hanno spento l\u2019incendio e messo in sicurezza l\u2019area. Il centro, rimasto chiuso fino alle 11, ha causato disagi ai clienti. Danni materiali in valutazione.<\/p>\n<p>&nbsp;<\/p>\n<blockquote><p><strong>Ponte nelle Alpi, furgone in fiamme: ferito il proprietario<\/strong><\/p><\/blockquote>\n<p><strong>PONTE NELLE ALPI <\/strong>Un furgone \u00e8 andato a fuoco a Polpet ieri sera. Il proprietario, un artigiano, \u00e8 rimasto ferito tentando di spegnere le fiamme ed \u00e8 stato trasportato in ospedale<\/p>\n<div class=\"mb-2 flex gap-3 empty:hidden -ml-2\">\n<div class=\"items-center justify-start rounded-xl p-1 flex\">\n<div class=\"flex items-center\">\n<div class=\"flex items-center pb-0\"><\/div>\n<\/div>\n<\/div>\n<\/div>\n<\/div>\n<\/div>\n<\/div>\n<\/div>\n<\/div>\n<\/div>\n<\/div>\n<div><\/div>\n<div><\/div>\n<div>\n<hr \/>\n<\/div>\n<div><\/div>\n<div><strong>OGGI\u00a0<\/strong><br \/>\n<strong>SUL CORRIERE DELLE ALPI&#8230; LA GIUDIZIARIA<\/strong><br \/>\n<strong>DI GIGI SOSSO<\/strong><\/div>\n<div><\/div>\n<div>\n<blockquote><p><strong>Condanna per stalking razzista a Sedico<\/strong><\/p><\/blockquote>\n<p><strong>SEDICO<\/strong> Il residente a Sedico, \u00e8 stato condannato a due anni e sei mesi di reclusione per stalking razzista contro una vicina marocchina e il figlio minorenne. La sentenza include un risarcimento di 10.000 euro. Le persecuzioni, iniziate nel 2016, comprendevano minacce, insulti razzisti e un\u2019aggressione fisica nel 2020, con fratture costali alla vittima.<\/p>\n<\/div>\n<\/div>\n<\/div>\n<\/div>\n<p>&nbsp;<\/p>\n<p>&nbsp;<\/p>\n<hr \/>\n<p>&nbsp;<\/p>\n<blockquote>\n<div class=\"mceTemp\"><\/div>\n<p><strong><a class=\"dt-pswp-item\" href=\"https:\/\/www.radiopiu.net\/wordpress\/wp-content\/uploads\/2023\/05\/mm-ss.jpg\" data-dt-img-description=\"Doctor using a digital tablet in the hospital, Healthcare and Medicine concept.\" data-large_image_width=\"800\" data-large_image_height=\"445\"><img loading=\"lazy\" decoding=\"async\" class=\"size-medium wp-image-336923 alignleft\" src=\"https:\/\/www.radiopiu.net\/wordpress\/wp-content\/uploads\/2023\/05\/mm-ss-300x167.jpg\" alt=\"\" width=\"300\" height=\"167\" srcset=\"https:\/\/www.radiopiu.net\/wordpress\/wp-content\/uploads\/2023\/05\/mm-ss-300x167.jpg 300w, https:\/\/www.radiopiu.net\/wordpress\/wp-content\/uploads\/2023\/05\/mm-ss-768x427.jpg 768w, https:\/\/www.radiopiu.net\/wordpress\/wp-content\/uploads\/2023\/05\/mm-ss.jpg 800w\" sizes=\"auto, (max-width: 300px) 100vw, 300px\" \/><\/a>Sciopero in ospedali bellunesi: a rischio centinaia di prestazioni<\/strong><\/p><\/blockquote>\n<p>Oggi sciopero di 24 ore di medici, infermieri e tecnici negli ospedali bellunesi. Colpite visite ambulatoriali, Laboratorio analisi, Radiologia e Chirurgia, mentre emergenze e Pronto Soccorso restano garantiti. Sindacati denunciano contratti inadeguati, carenza di risorse, mancata protezione del personale e stipendi insufficienti. La protesta culminer\u00e0 in una manifestazione a Roma.<\/p>\n<p>&nbsp;<\/p>\n<p>&nbsp;<\/p>\n<hr \/>\n<p>&nbsp;<\/p>\n<blockquote>\n<h3>IL NOF FILO&#8217; DI CENCENIGHE AGORDINO VERSO UN IMPORTANTE INTERVENTO DI ADEGUAMENTO SISMICO E RIQUALIFICAZIONE FUNZIONALE<\/h3>\n<\/blockquote>\n<p><strong><a class=\"dt-pswp-item\" href=\"https:\/\/www.radiopiu.net\/wordpress\/wp-content\/uploads\/2022\/11\/CENCENIGHE-NOF-FILO.png\" data-dt-img-description=\"\" data-large_image_width=\"1494\" data-large_image_height=\"962\"><img loading=\"lazy\" decoding=\"async\" class=\" wp-image-308445 alignleft\" src=\"https:\/\/www.radiopiu.net\/wordpress\/wp-content\/uploads\/2022\/11\/CENCENIGHE-NOF-FILO-300x193.png\" alt=\"\" width=\"216\" height=\"139\" srcset=\"https:\/\/www.radiopiu.net\/wordpress\/wp-content\/uploads\/2022\/11\/CENCENIGHE-NOF-FILO-300x193.png 300w, https:\/\/www.radiopiu.net\/wordpress\/wp-content\/uploads\/2022\/11\/CENCENIGHE-NOF-FILO-1024x659.png 1024w, https:\/\/www.radiopiu.net\/wordpress\/wp-content\/uploads\/2022\/11\/CENCENIGHE-NOF-FILO-768x495.png 768w, https:\/\/www.radiopiu.net\/wordpress\/wp-content\/uploads\/2022\/11\/CENCENIGHE-NOF-FILO.png 1494w\" sizes=\"auto, (max-width: 216px) 100vw, 216px\" \/><\/a>BELLUNO<\/strong> Il Nof Fil\u00f2 di Cencenighe verr\u00e0 adeguato agli standard di sicurezza sismica e completamente riqualificato grazie a un contributo iniziale di 1.600.000 euro dal Fondo Comuni Confinanti (FCC). La struttura, centro culturale e sociale simbolico per la comunit\u00e0 locale e il territorio agordino, vedr\u00e0 interventi di consolidamento sismico, rifacimento del tetto, coibentazione per il risparmio energetico, e modernizzazione degli impianti audio-video. Prevista anche una nuova organizzazione degli spazi interni, con bar, servizi e magazzino. Il sindaco Mauro Soppelsa annuncia l\u2019imminente completamento della progettazione esecutiva e i lavori di appalto per la primavera, auspicando un ulteriore finanziamento di 1,4 milioni per ultimare il progetto.<\/p>\n<p>IL PRESIDENTE DARIO BOND Presidente Fondo Comuni Confinanti (FCC).<\/p>\n<audio class=\"wp-audio-shortcode\" id=\"audio-420409-10\" preload=\"none\" style=\"width: 100%;\" controls=\"controls\"><source type=\"audio\/mpeg\" src=\"https:\/\/www.radiopiu.net\/wordpress\/wp-content\/uploads\/2024\/11\/DARIO-BOND-NOF-FILO.mp3?_=10\" \/><a href=\"https:\/\/www.radiopiu.net\/wordpress\/wp-content\/uploads\/2024\/11\/DARIO-BOND-NOF-FILO.mp3\">https:\/\/www.radiopiu.net\/wordpress\/wp-content\/uploads\/2024\/11\/DARIO-BOND-NOF-FILO.mp3<\/a><\/audio>\n<p>&nbsp;<\/p>\n<p>&nbsp;<\/p>\n<hr \/>\n<p>&nbsp;<\/p>\n<h1 class=\"_title post-title entry-title\"><a class=\"dt-pswp-item\" href=\"https:\/\/www.radiopiu.net\/wordpress\/wp-content\/uploads\/2023\/12\/ANTENNA.png\" data-dt-img-description=\"\" data-large_image_width=\"300\" data-large_image_height=\"166\"><img loading=\"lazy\" decoding=\"async\" class=\"wp-image-366306 alignleft\" src=\"https:\/\/www.radiopiu.net\/wordpress\/wp-content\/uploads\/2023\/12\/ANTENNA.png\" alt=\"\" width=\"231\" height=\"128\" \/><\/a>BILANCIO PALAZZO ROSSO: DAL 1\u00b0 GENNAIO RINCARI DIFFUSI. TARIFFA UNICA PER L\u2019IRPEF<\/h1>\n<p>(Servizio di\u00a0<a href=\"https:\/\/antennatre.medianordest.it\/redazione\/Tiziana-Bolognani\/\">Tiziana Bolognani<\/a>)<\/p>\n<p><iframe loading=\"lazy\" title=\"BILANCIO PALAZZO ROSSO: DAL 1\u00b0 GENNAIO RINCARI DIFFUSI. TARIFFA UNICA PER L&#039;IRPEF | 19\/11\/2024\" width=\"1200\" height=\"675\" src=\"https:\/\/www.youtube.com\/embed\/xVh_hsfAiss?feature=oembed\" frameborder=\"0\" allow=\"accelerometer; autoplay; clipboard-write; encrypted-media; gyroscope; picture-in-picture; web-share\" referrerpolicy=\"strict-origin-when-cross-origin\" allowfullscreen><\/iframe><\/p>\n<p>&nbsp;<\/p>\n<p>&nbsp;<\/p>\n<hr \/>\n<p>&nbsp;<\/p>\n<blockquote>\n<h1>Interramenti delle linee elettriche: l\u2019Unione Montana Agordina unisce le forze dei Comuni<\/h1>\n<\/blockquote>\n<blockquote><p><em><img loading=\"lazy\" decoding=\"async\" class=\"alignleft\" src=\"https:\/\/www.radiopiu.net\/wordpress\/wp-content\/uploads\/2021\/02\/FOTO-TERNA-CORTINA_4-scaled.jpg\" width=\"281\" height=\"187\" \/>L\u2019Agordino raccoglier\u00e0 le esigenze dei Comuni cos\u00ec da portarle alla Provincia ed avere una visione unitaria del tema elettrodotti. &#8220;Il che significa valorizzare e rafforzare le richieste dei Comuni in una pianificazione che possa tener conto di quello che serve davvero al nostro territorio\u00bb dice Danilo De Toni.<\/em><\/p><\/blockquote>\n<p><strong>AGORDO\u00a0<\/strong><\/p>\n<div class=\"flex-1 overflow-hidden\">\n<div class=\"h-full\">\n<div class=\"react-scroll-to-bottom--css-munjv-79elbk h-full\">\n<div class=\"react-scroll-to-bottom--css-munjv-1n7m0yu\">\n<div class=\"flex flex-col text-sm md:pb-9\">\n<article class=\"w-full scroll-mb-[var(--thread-trailing-height,150px)] text-token-text-primary focus-visible:outline-2 focus-visible:outline-offset-[-4px]\" dir=\"auto\" data-testid=\"conversation-turn-13\" data-scroll-anchor=\"true\">\n<div class=\"m-auto text-base py-[18px] px-3 md:px-4 w-full md:px-5 lg:px-4 xl:px-5\">\n<div class=\"mx-auto flex flex-1 gap-4 text-base md:gap-5 lg:gap-6 md:max-w-3xl lg:max-w-[40rem] xl:max-w-[48rem]\">\n<div class=\"group\/conversation-turn relative flex w-full min-w-0 flex-col agent-turn\">\n<div class=\"flex-col gap-1 md:gap-3\">\n<div class=\"flex max-w-full flex-col flex-grow\">\n<div class=\"min-h-8 text-message flex w-full flex-col items-end gap-2 whitespace-normal break-words [.text-message+&amp;]:mt-5\" dir=\"auto\" data-message-author-role=\"assistant\" data-message-id=\"7b881f87-cc9d-4da1-9a8e-15a986b9aa7e\" data-message-model-slug=\"gpt-4o\">\n<div class=\"flex w-full flex-col gap-1 empty:hidden first:pt-[3px]\">\n<div class=\"markdown prose w-full break-words dark:prose-invert dark\">\n<p>L\u2019Unione Montana Agordina si pone come punto di riferimento per coordinare le esigenze dei Comuni in tema di linee elettriche. Dalla razionalizzazione degli elettrodotti all\u2019interramento delle linee e alla progettazione di nuovi tracciati, l\u2019obiettivo \u00e8 elaborare una proposta condivisa da sottoporre alla Provincia di Belluno. <em>\u00abQuesto approccio permette di evitare che la soluzione di un problema in un Comune diventi una criticit\u00e0 per il Comune vicino\u00bb,<\/em> spiega il vicepresidente Danilo De Toni. L\u2019iniziativa nasce dalla richiesta del Comune di Livinallongo di valutare l\u2019interramento della linea ad alta tensione Saviner-Corvara. La Provincia ha gi\u00e0 coinvolto Terna, gestore nazionale delle reti elettriche, per accedere ai piani di razionalizzazione che interessano il Bellunese. <em>\u00abCoordinare le richieste significa dare voce unica al territorio e rafforzare le istanze agordine in una pianificazione pi\u00f9 ampia e strategica\u00bb<\/em>, conclude De Toni.<\/p>\n<\/div>\n<\/div>\n<\/div>\n<\/div>\n<\/div>\n<\/div>\n<\/div>\n<\/div>\n<\/article>\n<\/div>\n<p>&nbsp;<\/p>\n<\/div>\n<\/div>\n<\/div>\n<\/div>\n<blockquote>\n<hr \/>\n<h3><\/h3>\n<h3>L&#8217;ASSOCIAZIONE VIVAIO DOLOMITI ACCOGLIE POSITIVAMENTE L&#8217;INCONTRO SUGLI ELETTRODOTTI<\/h3>\n<\/blockquote>\n<p><strong><a class=\"dt-pswp-item\" href=\"https:\/\/www.radiopiu.net\/wordpress\/wp-content\/uploads\/2018\/07\/VIVAIO-DOLOMITI.jpg\" data-dt-img-description=\"\" data-large_image_width=\"247\" data-large_image_height=\"204\"><img loading=\"lazy\" decoding=\"async\" class=\" wp-image-53894 alignleft\" src=\"https:\/\/www.radiopiu.net\/wordpress\/wp-content\/uploads\/2018\/07\/VIVAIO-DOLOMITI.jpg\" alt=\"\" width=\"177\" height=\"146\" \/><\/a>BELLUNO<\/strong> L\u2019Associazione Vivaio Dolomiti accoglie positivamente la richiesta della Provincia di Belluno di un tavolo con la Regione per pianificare il passaggio delle linee elettriche, sottolineando la necessit\u00e0 di una strategia unitaria per tutelare il territorio fragile. Critica il metodo di lavoro di Terna, aggravato dall\u2019assenza di un\u2019azione politica autorevole, e richiama l\u2019attenzione sui problemi nella stazione di Vellai e nel sud della provincia. L\u2019associazione apprezza il ruolo attribuito dal Senatore Luca De Carlo all\u2019ex sindaco di Limana, Milena De Zanet, riconoscendo la continuit\u00e0 delle amministrazioni limanesi nel difendere il territorio. Auspica una presa di posizione compatta della Regione, con il contributo dell\u2019assessore Roberto Marcato, e si affida a De Zanet per rappresentare i comitati. Vivaio Dolomiti ringrazia anche De Carlo e Massimo Bortoluzzi per il loro sostegno, ma lamenta un\u2019ampia mancanza di impegno da parte di altri amministratori locali.<\/p>\n<p>&nbsp;<\/p>\n<p>&nbsp;<\/p>\n<hr \/>\n<p>&nbsp;<\/p>\n<blockquote>\n<h3>PER UN ITALIANO SU DUE SUPERARE IL LIMITE DI VELOCITA&#8217; NON E&#8217; PERICOLOSO<\/h3>\n<\/blockquote>\n<p><a class=\"dt-pswp-item\" href=\"https:\/\/www.radiopiu.net\/wordpress\/wp-content\/uploads\/2020\/07\/Traffico_bassa.jpg\" data-dt-img-description=\"traffic jam or collapse with rows of cars and lorry at motorway autostrada road during rush hour\" data-large_image_width=\"630\" data-large_image_height=\"420\"><img loading=\"lazy\" decoding=\"async\" class=\"wp-image-148717 alignleft\" src=\"https:\/\/www.radiopiu.net\/wordpress\/wp-content\/uploads\/2020\/07\/Traffico_bassa-300x200.jpg\" alt=\"\" width=\"225\" height=\"150\" srcset=\"https:\/\/www.radiopiu.net\/wordpress\/wp-content\/uploads\/2020\/07\/Traffico_bassa-300x200.jpg 300w, https:\/\/www.radiopiu.net\/wordpress\/wp-content\/uploads\/2020\/07\/Traffico_bassa.jpg 630w\" sizes=\"auto, (max-width: 225px) 100vw, 225px\" \/> <\/a><strong>ROMA <\/strong>La ricerca Anas sugli stili di guida, presentata in occasione della Giornata mondiale in ricordo delle vittime della strada, evidenzia che il 51% degli italiani non ritiene pericoloso superare i limiti di velocit\u00e0, mentre solo il 34,7% li considera utili. Il superamento dei limiti avviene nel 10% dei casi, con Bari tra le citt\u00e0 pi\u00f9 indisciplinate. Si registra un miglioramento nell\u2019uso di cinture di sicurezza e indicatori di direzione, ma restano criticit\u00e0, come l\u2019uso del cellulare alla guida (7,4%, in calo rispetto al 2023). Nonostante ci\u00f2, gli italiani danno a s\u00e9 stessi un voto di 7,9 come guidatori. La ricerca sottolinea la necessit\u00e0 di ulteriori investimenti in educazione stradale e sicurezza infrastrutturale, con Anas che ha destinato 780 milioni di euro alla manutenzione nel primo semestre del 2024.<\/p>\n<p>&nbsp;<\/p>\n<hr \/>\n<p>&nbsp;<\/p>\n<blockquote>\n<h1>La congiuntura nel terzo trimestre 2024<\/h1>\n<\/blockquote>\n<blockquote><p><em>Segnali crescenti di difficolt\u00e0 per diversi settori del manifatturiero<\/em><\/p><\/blockquote>\n<p><img decoding=\"async\" class=\"alignleft\" src=\"https:\/\/www.radiopiu.net\/wordpress\/wp-content\/uploads\/2024\/07\/th-7.jpg\" \/>La congiuntura economica del terzo trimestre 2024 mostra un quadro complesso, con forti difficolt\u00e0 per alcuni settori manifatturieri, in particolare il Sistema Moda e l\u2019automotive. La debolezza della domanda internazionale, accentuata dalla recessione in Germania e dalla crisi del settore automobilistico, impatta significativamente sul tessuto economico del Veneto, come evidenzia Mario Pozza, Presidente della Camera di Commercio di Treviso-Belluno (foto).<\/p>\n<p><strong>I numeri della crisi<\/strong><br \/>\nIl Sistema Moda registra una flessione della produzione del -7,1% su base tendenziale, riflettendo il calo dei consumi delle famiglie, sempre pi\u00f9 orientati verso i servizi. Anche l\u2019automotive soffre, con una riduzione del -4%, che si ripercuote sull&#8217;indotto: 528 stabilimenti in Veneto, di cui 116 a Treviso, sono coinvolti, generando un export di 1,5 miliardi di euro.<\/p>\n<p><strong>Preoccupazioni e prospettive<\/strong><br \/>\nLa frettolosa transizione verso la mobilit\u00e0 elettrica, priva di un supporto adeguato alle imprese, e l\u2019eccessiva prudenza della BCE nei tassi d\u2019interesse hanno aggravato la situazione. \u201c\u00c8 necessario un ripensamento delle politiche europee per sostenere la manifattura,\u201d afferma Pozza, sottolineando l\u2019urgenza di regole pi\u00f9 flessibili sugli aiuti di Stato e incentivi per la digitalizzazione.<\/p>\n<p>Nonostante le difficolt\u00e0, settori come l\u2019agroalimentare e il legno-arredo mostrano segnali di resilienza, aprendo spiragli di ottimismo per il futuro. Tuttavia, servono decisioni rapide e mirate per rilanciare l\u2019economia e garantire la competitivit\u00e0 delle imprese italiane.<\/p>\n<p>&nbsp;<\/p>\n<hr \/>\n<p>&nbsp;<\/p>\n<p>&nbsp;<\/p>\n<blockquote>\n<h2>Lieve crescita dell\u2019occupazione in un quadro economico incerto<\/h2>\n<\/blockquote>\n<p><strong><img loading=\"lazy\" decoding=\"async\" class=\"alignleft\" src=\"https:\/\/www.radiopiu.net\/wordpress\/wp-content\/uploads\/2024\/11\/Senza-nome-77.png\" width=\"389\" height=\"168\" \/>TREVISO_BELLUNO<\/strong><\/p>\n<div class=\"flex max-w-full flex-col flex-grow\">\n<div class=\"min-h-8 text-message flex w-full flex-col items-end gap-2 whitespace-normal break-words [.text-message+&amp;]:mt-5\" dir=\"auto\" data-message-author-role=\"assistant\" data-message-id=\"a8861b3e-14a5-4781-960c-72081c27acbf\" data-message-model-slug=\"gpt-4o\">\n<div class=\"flex w-full flex-col gap-1 empty:hidden first:pt-[3px]\">\n<div class=\"markdown prose w-full break-words dark:prose-invert dark\">\n<p>Nonostante un lieve miglioramento occupazionale, l&#8217;economia bellunese rimane fragile. Lo sportsystem e l\u2019abbigliamento soffrono ancora gli effetti della pandemia, mentre l\u2019automotive registra difficolt\u00e0 legate alla crisi tedesca. Il PIL del Veneto \u00e8 stato rivisto al ribasso (+0,8% a ottobre), con una produzione in calo per la domanda estera debole. Segnali positivi arrivano dal legno-arredo, mentre l\u2019occhialeria resta trainante. Mario Pozza, presidente della Camera di Commercio, invita a un mix di prudenza e coraggio, puntando su digitalizzazione e innovazione.<\/p>\n<\/div>\n<\/div>\n<\/div>\n<\/div>\n<div class=\"mb-2 flex gap-3 empty:hidden -ml-2\">\n<div class=\"items-center justify-start rounded-xl p-1 flex\">\n<div class=\"flex items-center\">\n<div class=\"flex\">\n<p><strong>DI DANIELE DALVIT<\/strong><\/p>\n<audio class=\"wp-audio-shortcode\" id=\"audio-420409-11\" preload=\"none\" style=\"width: 100%;\" controls=\"controls\"><source type=\"audio\/mpeg\" src=\"https:\/\/www.radiopiu.net\/wordpress\/wp-content\/uploads\/2024\/11\/Servizio-Dati-CCIAA-Novembre-2024.mp3?_=11\" \/><a href=\"https:\/\/www.radiopiu.net\/wordpress\/wp-content\/uploads\/2024\/11\/Servizio-Dati-CCIAA-Novembre-2024.mp3\">https:\/\/www.radiopiu.net\/wordpress\/wp-content\/uploads\/2024\/11\/Servizio-Dati-CCIAA-Novembre-2024.mp3<\/a><\/audio>\n<\/div>\n<div><\/div>\n<div><\/div>\n<div>\n<hr \/>\n<\/div>\n<blockquote>\n<h2><\/h2>\n<h2>Prevenzione delle aggressioni al personale Ulss<\/h2>\n<\/blockquote>\n<\/div>\n<\/div>\n<\/div>\n<p><strong>BELLUNO<\/strong><\/p>\n<div class=\"flex-1 overflow-hidden\">\n<div class=\"h-full\">\n<div class=\"react-scroll-to-bottom--css-munjv-79elbk h-full\">\n<div class=\"react-scroll-to-bottom--css-munjv-1n7m0yu\">\n<div class=\"flex flex-col text-sm md:pb-9\">\n<article class=\"w-full scroll-mb-[var(--thread-trailing-height,150px)] text-token-text-primary focus-visible:outline-2 focus-visible:outline-offset-[-4px]\" dir=\"auto\" data-testid=\"conversation-turn-25\" data-scroll-anchor=\"true\">\n<div class=\"m-auto text-base py-[18px] px-3 md:px-4 w-full md:px-5 lg:px-4 xl:px-5\">\n<div class=\"mx-auto flex flex-1 gap-4 text-base md:gap-5 lg:gap-6 md:max-w-3xl lg:max-w-[40rem] xl:max-w-[48rem]\">\n<div class=\"group\/conversation-turn relative flex w-full min-w-0 flex-col agent-turn\">\n<div class=\"flex-col gap-1 md:gap-3\">\n<div class=\"flex max-w-full flex-col flex-grow\">\n<div class=\"min-h-8 text-message flex w-full flex-col items-end gap-2 whitespace-normal break-words [.text-message+&amp;]:mt-5\" dir=\"auto\" data-message-author-role=\"assistant\" data-message-id=\"36b54f98-da09-41f6-8651-54b44172fd66\" data-message-model-slug=\"gpt-4o-mini\">\n<div class=\"flex w-full flex-col gap-1 empty:hidden first:pt-[3px]\">\n<div class=\"markdown prose w-full break-words dark:prose-invert dark\">\n<p>si \u00e8 tenuta una nuova edizione del corso di prevenzione delle aggressioni al personale Ulss, organizzato dal Servizio di Prevenzione e Protezione in collaborazione con il Medico Competente e il Servizio di Psicologia Ospedaliera. Il corso ha visto la partecipazione dei carabinieri negoziatori per insegnare tecniche di comunicazione e gestione delle situazioni critiche. Il Commissario Giuseppe Dal Ben e il Comandante Provinciale dei Carabinieri, colonnello Enrico Pigozzo, hanno aperto i lavori, enfatizzando l&#8217;importanza di tutelare gli operatori e promuovere il rispetto e il senso civico. L\u2019obiettivo del corso \u00e8 fornire gli strumenti necessari per la gestione della \u201cdescalation\u201d in caso di aggressivit\u00e0.<\/p>\n<p><a class=\"dt-pswp-item\" href=\"https:\/\/www.radiopiu.net\/wordpress\/wp-content\/uploads\/2024\/11\/WhatsApp-Image-2024-11-19-at-17.35.43.jpeg\" data-dt-img-description=\"\" data-large_image_width=\"2040\" data-large_image_height=\"1530\"><img loading=\"lazy\" decoding=\"async\" class=\"alignnone size-medium wp-image-420533\" src=\"https:\/\/www.radiopiu.net\/wordpress\/wp-content\/uploads\/2024\/11\/WhatsApp-Image-2024-11-19-at-17.35.43-300x225.jpeg\" alt=\"\" width=\"300\" height=\"225\" srcset=\"https:\/\/www.radiopiu.net\/wordpress\/wp-content\/uploads\/2024\/11\/WhatsApp-Image-2024-11-19-at-17.35.43-300x225.jpeg 300w, https:\/\/www.radiopiu.net\/wordpress\/wp-content\/uploads\/2024\/11\/WhatsApp-Image-2024-11-19-at-17.35.43-1024x768.jpeg 1024w, https:\/\/www.radiopiu.net\/wordpress\/wp-content\/uploads\/2024\/11\/WhatsApp-Image-2024-11-19-at-17.35.43-768x576.jpeg 768w, https:\/\/www.radiopiu.net\/wordpress\/wp-content\/uploads\/2024\/11\/WhatsApp-Image-2024-11-19-at-17.35.43-1536x1152.jpeg 1536w, https:\/\/www.radiopiu.net\/wordpress\/wp-content\/uploads\/2024\/11\/WhatsApp-Image-2024-11-19-at-17.35.43.jpeg 2040w\" sizes=\"auto, (max-width: 300px) 100vw, 300px\" \/><\/a><\/p>\n<\/div>\n<\/div>\n<\/div>\n<\/div>\n<\/div>\n<\/div>\n<\/div>\n<\/div>\n<\/article>\n<\/div>\n<\/div>\n<\/div>\n<\/div>\n<\/div>\n<p>&nbsp;<\/p>\n<hr \/>\n<p>&nbsp;<\/p>\n<blockquote>\n<h1>CENTRO WELLNESS DI ARABBA: ROTTAMATO<\/h1>\n<\/blockquote>\n<p>&nbsp;<\/p>\n<p><strong><a class=\"dt-pswp-item\" href=\"https:\/\/www.radiopiu.net\/wordpress\/wp-content\/uploads\/2022\/10\/310122743_498244062313104_3169098356255353643_n.jpg\" data-dt-img-description=\"\" data-large_image_width=\"720\" data-large_image_height=\"540\"><img loading=\"lazy\" decoding=\"async\" class=\"wp-image-301505 alignleft\" src=\"https:\/\/www.radiopiu.net\/wordpress\/wp-content\/uploads\/2022\/10\/310122743_498244062313104_3169098356255353643_n-300x225.jpg\" alt=\"\" width=\"161\" height=\"121\" srcset=\"https:\/\/www.radiopiu.net\/wordpress\/wp-content\/uploads\/2022\/10\/310122743_498244062313104_3169098356255353643_n-300x225.jpg 300w, https:\/\/www.radiopiu.net\/wordpress\/wp-content\/uploads\/2022\/10\/310122743_498244062313104_3169098356255353643_n.jpg 720w\" sizes=\"auto, (max-width: 161px) 100vw, 161px\" \/><\/a>LIVINALLONGO<\/strong><\/p>\n<p><strong>DI LORENZO SORATROI<\/strong><\/p>\n<audio class=\"wp-audio-shortcode\" id=\"audio-420409-12\" preload=\"none\" style=\"width: 100%;\" controls=\"controls\"><source type=\"audio\/mpeg\" src=\"https:\/\/www.radiopiu.net\/wordpress\/wp-content\/uploads\/2024\/11\/lorenzo-arabba.mp3?_=12\" \/><a href=\"https:\/\/www.radiopiu.net\/wordpress\/wp-content\/uploads\/2024\/11\/lorenzo-arabba.mp3\">https:\/\/www.radiopiu.net\/wordpress\/wp-content\/uploads\/2024\/11\/lorenzo-arabba.mp3<\/a><\/audio>\n<p>&nbsp;<\/p>\n<p><span style=\"color: #ff0000;\"><strong>ARCHIVIO RADIOPIU 10 MAGGIO 2023<\/strong><\/span><\/p>\n<blockquote><p><strong>UN NUOVO CENTRO WELLNESS AD ARABBA\u00a0<\/strong><\/p><\/blockquote>\n<p><strong><a class=\"dt-pswp-item\" href=\"https:\/\/www.radiopiu.net\/wordpress\/wp-content\/uploads\/2023\/05\/zona-nuovo-centro-wellness-Arabba.jpg\" data-dt-img-description=\"\" data-large_image_width=\"1469\" data-large_image_height=\"1011\"><img loading=\"lazy\" decoding=\"async\" class=\"size-medium wp-image-335064 alignleft\" src=\"https:\/\/www.radiopiu.net\/wordpress\/wp-content\/uploads\/2023\/05\/zona-nuovo-centro-wellness-Arabba-300x206.jpg\" alt=\"\" width=\"300\" height=\"206\" srcset=\"https:\/\/www.radiopiu.net\/wordpress\/wp-content\/uploads\/2023\/05\/zona-nuovo-centro-wellness-Arabba-300x206.jpg 300w, https:\/\/www.radiopiu.net\/wordpress\/wp-content\/uploads\/2023\/05\/zona-nuovo-centro-wellness-Arabba-1024x705.jpg 1024w, https:\/\/www.radiopiu.net\/wordpress\/wp-content\/uploads\/2023\/05\/zona-nuovo-centro-wellness-Arabba-768x529.jpg 768w, https:\/\/www.radiopiu.net\/wordpress\/wp-content\/uploads\/2023\/05\/zona-nuovo-centro-wellness-Arabba.jpg 1469w\" sizes=\"auto, (max-width: 300px) 100vw, 300px\" \/><\/a>LIVINALLONGO<\/strong><\/p>\n<p>di Lorenzo Soratroi<\/p>\n<p>(nella foto la zona dove nascer\u00e0 il Centro Wellness)<\/p>\n<audio class=\"wp-audio-shortcode\" id=\"audio-420409-13\" preload=\"none\" style=\"width: 100%;\" controls=\"controls\"><source type=\"audio\/mpeg\" src=\"https:\/\/www.radiopiu.net\/wordpress\/wp-content\/uploads\/2023\/05\/SORATROI-CENTRO-WELLNESS-ARABBA.mp3?_=13\" \/><a href=\"https:\/\/www.radiopiu.net\/wordpress\/wp-content\/uploads\/2023\/05\/SORATROI-CENTRO-WELLNESS-ARABBA.mp3\">https:\/\/www.radiopiu.net\/wordpress\/wp-content\/uploads\/2023\/05\/SORATROI-CENTRO-WELLNESS-ARABBA.mp3<\/a><\/audio>\n<p>&nbsp;<\/p>\n<p>&nbsp;<\/p>\n<hr \/>\n<p>&nbsp;<\/p>\n<blockquote>\n<h1>LA DICHIARAZIONE DI SELVA: CARABINIERI CHE NON INTERVENGONO PERCHE&#8217; &#8220;SONO PROTETTI&#8221;<\/h1>\n<\/blockquote>\n<p>&nbsp;<\/p>\n<blockquote>\n<h1>IERI ALLA RADIO&#8230; GLI ARTICOLI PIU&#8217; CLICCATI<\/h1>\n<\/blockquote>\n<p><span style=\"color: #ff0000;\"><strong><em>Ha fatto molto discutere la dichiarazione di Selva, che i Carabinieri di Agordo avrebbero le &#8220;mani legate&#8221;.. perch\u00e8 una coppia di disadattati sono &#8220;protetti&#8221;. Da chi? La gente chiede risposte chiare questo sistema nuovo per Agordo crea perplessita&#8217;<\/em><\/strong><\/span><\/p>\n<blockquote>\n<h1><img loading=\"lazy\" decoding=\"async\" class=\"alignleft\" src=\"https:\/\/www.radiopiu.net\/wordpress\/wp-content\/uploads\/2024\/11\/MINORANZA-AGORDO.png\" width=\"310\" height=\"146\" \/>\u00a0\u00abLa gente ha paura, dovete agire\u00bb<\/h1>\n<\/blockquote>\n<p>&nbsp;<\/p>\n<p><strong>DI GIANNI SANTOMASO\u00a0\u00a0<\/strong><\/p>\n<audio class=\"wp-audio-shortcode\" id=\"audio-420409-14\" preload=\"none\" style=\"width: 100%;\" controls=\"controls\"><source type=\"audio\/mpeg\" src=\"https:\/\/www.radiopiu.net\/wordpress\/wp-content\/uploads\/2024\/11\/gianni-consiglio-agordo.mp3?_=14\" \/><a href=\"https:\/\/www.radiopiu.net\/wordpress\/wp-content\/uploads\/2024\/11\/gianni-consiglio-agordo.mp3\">https:\/\/www.radiopiu.net\/wordpress\/wp-content\/uploads\/2024\/11\/gianni-consiglio-agordo.mp3<\/a><\/audio>\n<p>&nbsp;<\/p>\n<h1>IERI ALLA RADIO&#8230; GLI ARTICOLI PIU&#8217; CLICCATI<\/h1>\n<p><em>Ha fatto molto discutere la dichiarazione di Selva, che i Carabinieri di Agordo avrebbero le &#8220;mani legate&#8221;.. perch\u00e8 una coppia di disadattati sono &#8220;protetti&#8221;. Da chi? La gente chiede risposte chiare questo sistema nuovo per Agordo crea perplessita&#8217;<\/em><\/p>\n<p><strong>Consiglio comunale ad Agordo: accuse su violenza e degrado\u00a0<\/strong><\/p>\n<blockquote><p><strong><em>CHI PROTEGGE CHI? VERITA&#8217; O LEGGENDE METROPOLITANE, DAL CONSIGLIERE ORA SERVE SINCERITA&#8217; E CHIAREZZA, DICA QUELLO CHE SA.<\/em><\/strong><\/p>\n<p>di Mirko Mezzacasa<\/p>\n<p><strong>AUDIO DAL CONSIGLIO COMUNALE, PAOLO SELVA MORETTI<\/strong><\/p>\n<audio class=\"wp-audio-shortcode\" id=\"audio-420409-15\" preload=\"none\" style=\"width: 100%;\" controls=\"controls\"><source type=\"audio\/mpeg\" src=\"https:\/\/www.radiopiu.net\/wordpress\/wp-content\/uploads\/2024\/11\/paolo-ccccc.mp3?_=15\" \/><a href=\"https:\/\/www.radiopiu.net\/wordpress\/wp-content\/uploads\/2024\/11\/paolo-ccccc.mp3\">https:\/\/www.radiopiu.net\/wordpress\/wp-content\/uploads\/2024\/11\/paolo-ccccc.mp3<\/a><\/audio>\n<p>&nbsp;<\/p><\/blockquote>\n<div class=\"flex-1 overflow-hidden\">\n<div class=\"h-full\">\n<div class=\"react-scroll-to-bottom--css-xgxjv-79elbk h-full\">\n<div class=\"react-scroll-to-bottom--css-xgxjv-1n7m0yu\">\n<div class=\"flex flex-col text-sm md:pb-9\">\n<article class=\"w-full scroll-mb-[var(--thread-trailing-height,150px)] text-token-text-primary focus-visible:outline-2 focus-visible:outline-offset-[-4px]\" dir=\"auto\" data-testid=\"conversation-turn-15\" data-scroll-anchor=\"true\">\n<div class=\"m-auto text-base py-[18px] px-3 md:px-4 w-full md:px-5 lg:px-4 xl:px-5\">\n<div class=\"mx-auto flex flex-1 gap-4 text-base md:gap-5 lg:gap-6 md:max-w-3xl lg:max-w-[40rem] xl:max-w-[48rem]\">\n<div class=\"group\/conversation-turn relative flex w-full min-w-0 flex-col agent-turn\">\n<div class=\"flex-col gap-1 md:gap-3\">\n<div class=\"flex max-w-full flex-col flex-grow\">\n<div class=\"min-h-8 text-message flex w-full flex-col items-end gap-2 whitespace-normal break-words [.text-message+&amp;]:mt-5\" dir=\"auto\" data-message-author-role=\"assistant\" data-message-id=\"9ff3714b-a13e-458a-8595-52992c3facb8\" data-message-model-slug=\"gpt-4o\">\n<div class=\"flex w-full flex-col gap-1 empty:hidden first:pt-[3px]\">\n<div class=\"markdown prose w-full break-words dark:prose-invert dark\">\n<p><strong><img loading=\"lazy\" decoding=\"async\" class=\"alignleft\" src=\"https:\/\/www.radiopiu.net\/wordpress\/wp-content\/uploads\/2024\/11\/7475742c-c075-44ba-bf2b-a4473cad6ebb.jpg\" width=\"313\" height=\"176\" \/>AGORDO<\/strong> Durante la seduta di ieri sera del Consiglio comunale di Agordo, il tema della sicurezza e del degrado urbano ha scaldato il dibattito. La minoranza ha sollevato critiche riguardo ai recenti episodi di violenza avvenuti in citt\u00e0. Paolo Selva Moretti, ha accusato \u2014 senza specificare chi \u2014 di adottare atteggiamenti di protezione verso i &#8220;disadattati&#8221;. Le parole, non accompagnate da dettagli concreti, hanno acceso interrogativi e suscitato tensioni. L\u2019accusa, vaga e non indirizzata a un preciso soggetto, lascia spazio a interpretazioni e richiederebbe un maggiore approfondimento per chiarire chi o cosa la minoranza intenda con il termine \u201cproteggere\u201d. La questione della gestione del disagio sociale e del degrado rimane un argomento sensibile per la comunit\u00e0, con opinioni che sembrano polarizzarsi tra chi chiede un approccio pi\u00f9 repressivo e chi, invece, insiste sull\u2019importanza di politiche sociali inclusive. Resta da vedere se il Consiglio affronter\u00e0 il tema in modo pi\u00f9 approfondito nei prossimi incontri, chiarendo le posizioni e proponendo soluzioni concrete per garantire sicurezza e decoro urbano, senza cadere in accuse generiche, ma anche per chiarire alla popolazione quella frase&#8230; &#8220;Chi protegge chi?&#8221;<\/p>\n<p>&nbsp;<\/p>\n<hr \/>\n<\/div>\n<\/div>\n<\/div>\n<\/div>\n<div class=\"mt-3 w-full empty:hidden\">\n<div class=\"text-center\"><\/div>\n<\/div>\n<\/div>\n<div class=\"absolute\"><\/div>\n<\/div>\n<\/div>\n<\/div>\n<\/article>\n<\/div>\n<\/div>\n<\/div>\n<\/div>\n<\/div>\n<div class=\"md:pt-0 dark:border-white\/20 md:border-transparent md:dark:border-transparent w-full\">\n<div>\n<div class=\"m-auto text-base px-3 md:px-4 w-full md:px-5 lg:px-4 xl:px-5\">\n<div class=\"mx-auto flex flex-1 gap-4 text-base md:gap-5 lg:gap-6 md:max-w-3xl lg:max-w-[40rem] xl:max-w-[48rem]\">\n<div class=\"flex justify-center\">\n<p><iframe loading=\"lazy\" title=\"Consiglio Comunale di Agordo \/ 18 novembre 2024\" width=\"1200\" height=\"675\" src=\"https:\/\/www.youtube.com\/embed\/5Ud7VGFJf7w?start=1636&#038;feature=oembed\" frameborder=\"0\" allow=\"accelerometer; autoplay; clipboard-write; encrypted-media; gyroscope; picture-in-picture; web-share\" referrerpolicy=\"strict-origin-when-cross-origin\" allowfullscreen><\/iframe><\/p>\n<\/div>\n<form class=\"w-full\" aria-haspopup=\"dialog\" aria-expanded=\"false\" aria-controls=\"radix-:r4d:\" data-state=\"closed\">\n<div class=\"relative flex h-full max-w-full flex-1 flex-col\">\n<div class=\"group relative flex w-full items-center\">\n<div id=\"composer-background\" class=\"flex w-full flex-col transition-colors contain-inline-size gap-1.5 rounded-[26px] px-2.5 py-1.5 bg-[#f4f4f4] dark:bg-token-main-surface-secondary\">\n<div class=\"flex items-end gap-1.5 pl-4 md:gap-2\">\n<div class=\"flex min-w-0 flex-1 flex-col\">\n<div class=\"_prosemirror-parent_15ceg_1 text-token-text-primary max-h-[25dvh] max-h-52 overflow-auto default-browser\">\n<p>&nbsp;<\/p>\n<div id=\"prompt-textarea\" class=\"ProseMirror\" contenteditable=\"true\" translate=\"no\"><\/div>\n<\/div>\n<\/div>\n<div class=\"mb-1 me-1\">\n<div class=\"min-w-8\"><\/div>\n<\/div>\n<\/div>\n<\/div>\n<\/div>\n<\/div>\n<\/form>\n<\/div>\n<\/div>\n<\/div>\n<\/div>\n<p>&nbsp;<\/p>\n<p>&nbsp;<\/p>\n<hr \/>\n<p>&nbsp;<\/p>\n<blockquote>\n<h3>A 25 ANNI DALL&#8217;ACCADUTO, UNO STUPRO RACCONTATO E SCRITTO IN UN LIBRO<\/h3>\n<\/blockquote>\n<p><strong>DI MARINA DONA&#8217;<\/strong><\/p>\n<p><strong>BELLUNO<\/strong> Nella serata di marted\u00ec 19 novembre 2024, la consigliera di parit\u00e0 Flavia Monego, con il patrocinio della provincia e del comune di Belluno hanno organizzato un incontro a Palazzo Fulcis con Martina Casanova Fuga, tristemente protagonista all&#8217;et\u00e0 di 16 anni di uno stupro. Dopo tutti questi anni dall&#8217;accaduto il coraggio di raccogliere questa esperienza e di racchiuderla in un libro. La serata infatti \u00e8 dedicata alla presentazione del libro intitolato &#8220;Come stelle aggrappate al cielo&#8221;. L&#8217;autrice ha raccontato al pubblico di come questo fatto abbia cambiato totalmente la sua vita e del ruolo fondamentale che ha avuto la musica come unica ancora di salvezza. L&#8217;evento \u00e8 stato presentato con estrema delicatezza da Damiano Tormen, con letture di alcuni brani tratti dal libro a cura di Martina Fontana . Tra i racconti dell&#8217;autrice e le letture, anche momenti dove la stessa ha cantato le canzoni che hanno fatto da &#8220;rifugio&#8221; in questo grande dolore, accompagnata al pianoforte da Lorenzo Tonon. Presenti all&#8217;evento Simonetta Buttignon, assessore alle pari opportunit\u00e0, Raffaele Addamiano, assessore alla cultura del comune di Belluno, le forze dell&#8217;ordine, la dottoressa Caruso in rappresentanza del prefetto, Sofia Pierini, la vice presidente della provincia di Belluno Silvia Calligaro, Barbara Bortoluzzi in rappresentanza del questore ed infine in rappresentanza del &#8220;Centro antiviolenza della provincia di Belluno&#8221;, la presidente dell&#8217;associazione &#8220;Belluno donna&#8221; Anna Cubattoli. La serata si conclude con le domande dal pubblico, e alla nostra domanda se lei ad oggi sia curiosa di sapere cosa faccia questo uomo, lei , molto provata risponde di s\u00ec. E aggiunge che se prima era una cosa da non dire a nessuno per il troppo dolore, ora \u00e8 una cosa dichiarata che sicuramente anche lui vedr\u00e0.<\/p>\n\n\t\t\t<style type='text\/css'>\n\t\t\t\t#gallery-1 {\n\t\t\t\t\tmargin: auto;\n\t\t\t\t}\n\t\t\t\t#gallery-1 .gallery-item {\n\t\t\t\t\tfloat: left;\n\t\t\t\t\tmargin-top: 10px;\n\t\t\t\t\ttext-align: center;\n\t\t\t\t\twidth: 20%;\n\t\t\t\t}\n\t\t\t\t#gallery-1 img {\n\t\t\t\t\tborder: 2px solid #cfcfcf;\n\t\t\t\t}\n\t\t\t\t#gallery-1 .gallery-caption {\n\t\t\t\t\tmargin-left: 0;\n\t\t\t\t}\n\t\t\t\t\/* see gallery_shortcode() in wp-includes\/media.php *\/\n\t\t\t<\/style>\n\t\t<div id='gallery-1' class='dt-gallery-container gallery galleryid-420409 gallery-columns-5 gallery-size-medium'><dl class='gallery-item'>\n\t\t\t\t<dt class='gallery-icon landscape'>\n\t\t\t\t\t<a class=\"rollover rollover-zoom dt-pswp-item\" title=\"8cb12795-93cc-4d0e-bc07-21efca90a37a\" data-dt-img-description=\"\" data-large_image_width=\"1600\" data-large_image_height=\"1200\"href='https:\/\/www.radiopiu.net\/wordpress\/wp-content\/uploads\/2024\/11\/8cb12795-93cc-4d0e-bc07-21efca90a37a.jpg'><img loading=\"lazy\" decoding=\"async\" width=\"300\" height=\"225\" src=\"https:\/\/www.radiopiu.net\/wordpress\/wp-content\/uploads\/2024\/11\/8cb12795-93cc-4d0e-bc07-21efca90a37a-300x225.jpg\" class=\"attachment-medium size-medium\" alt=\"\" srcset=\"https:\/\/www.radiopiu.net\/wordpress\/wp-content\/uploads\/2024\/11\/8cb12795-93cc-4d0e-bc07-21efca90a37a-300x225.jpg 300w, https:\/\/www.radiopiu.net\/wordpress\/wp-content\/uploads\/2024\/11\/8cb12795-93cc-4d0e-bc07-21efca90a37a-1024x768.jpg 1024w, https:\/\/www.radiopiu.net\/wordpress\/wp-content\/uploads\/2024\/11\/8cb12795-93cc-4d0e-bc07-21efca90a37a-768x576.jpg 768w, https:\/\/www.radiopiu.net\/wordpress\/wp-content\/uploads\/2024\/11\/8cb12795-93cc-4d0e-bc07-21efca90a37a-1536x1152.jpg 1536w, https:\/\/www.radiopiu.net\/wordpress\/wp-content\/uploads\/2024\/11\/8cb12795-93cc-4d0e-bc07-21efca90a37a.jpg 1600w\" sizes=\"auto, (max-width: 300px) 100vw, 300px\" \/><\/a>\n\t\t\t\t<\/dt><\/dl><dl class='gallery-item'>\n\t\t\t\t<dt class='gallery-icon landscape'>\n\t\t\t\t\t<a class=\"rollover rollover-zoom dt-pswp-item\" title=\"ae5fa9a0-a562-4cb6-9f6c-b553ba0229cc\" data-dt-img-description=\"\" data-large_image_width=\"1600\" data-large_image_height=\"1200\"href='https:\/\/www.radiopiu.net\/wordpress\/wp-content\/uploads\/2024\/11\/ae5fa9a0-a562-4cb6-9f6c-b553ba0229cc.jpg'><img loading=\"lazy\" decoding=\"async\" width=\"300\" height=\"225\" src=\"https:\/\/www.radiopiu.net\/wordpress\/wp-content\/uploads\/2024\/11\/ae5fa9a0-a562-4cb6-9f6c-b553ba0229cc-300x225.jpg\" class=\"attachment-medium size-medium\" alt=\"\" srcset=\"https:\/\/www.radiopiu.net\/wordpress\/wp-content\/uploads\/2024\/11\/ae5fa9a0-a562-4cb6-9f6c-b553ba0229cc-300x225.jpg 300w, https:\/\/www.radiopiu.net\/wordpress\/wp-content\/uploads\/2024\/11\/ae5fa9a0-a562-4cb6-9f6c-b553ba0229cc-1024x768.jpg 1024w, https:\/\/www.radiopiu.net\/wordpress\/wp-content\/uploads\/2024\/11\/ae5fa9a0-a562-4cb6-9f6c-b553ba0229cc-768x576.jpg 768w, https:\/\/www.radiopiu.net\/wordpress\/wp-content\/uploads\/2024\/11\/ae5fa9a0-a562-4cb6-9f6c-b553ba0229cc-1536x1152.jpg 1536w, https:\/\/www.radiopiu.net\/wordpress\/wp-content\/uploads\/2024\/11\/ae5fa9a0-a562-4cb6-9f6c-b553ba0229cc.jpg 1600w\" sizes=\"auto, (max-width: 300px) 100vw, 300px\" \/><\/a>\n\t\t\t\t<\/dt><\/dl><dl class='gallery-item'>\n\t\t\t\t<dt class='gallery-icon landscape'>\n\t\t\t\t\t<a class=\"rollover rollover-zoom dt-pswp-item\" title=\"c8c0caea-ad00-40fa-8ea3-5cadb138cc68\" data-dt-img-description=\"\" data-large_image_width=\"1600\" data-large_image_height=\"1200\"href='https:\/\/www.radiopiu.net\/wordpress\/wp-content\/uploads\/2024\/11\/c8c0caea-ad00-40fa-8ea3-5cadb138cc68.jpg'><img loading=\"lazy\" decoding=\"async\" width=\"300\" height=\"225\" src=\"https:\/\/www.radiopiu.net\/wordpress\/wp-content\/uploads\/2024\/11\/c8c0caea-ad00-40fa-8ea3-5cadb138cc68-300x225.jpg\" class=\"attachment-medium size-medium\" alt=\"\" srcset=\"https:\/\/www.radiopiu.net\/wordpress\/wp-content\/uploads\/2024\/11\/c8c0caea-ad00-40fa-8ea3-5cadb138cc68-300x225.jpg 300w, https:\/\/www.radiopiu.net\/wordpress\/wp-content\/uploads\/2024\/11\/c8c0caea-ad00-40fa-8ea3-5cadb138cc68-1024x768.jpg 1024w, https:\/\/www.radiopiu.net\/wordpress\/wp-content\/uploads\/2024\/11\/c8c0caea-ad00-40fa-8ea3-5cadb138cc68-768x576.jpg 768w, https:\/\/www.radiopiu.net\/wordpress\/wp-content\/uploads\/2024\/11\/c8c0caea-ad00-40fa-8ea3-5cadb138cc68-1536x1152.jpg 1536w, https:\/\/www.radiopiu.net\/wordpress\/wp-content\/uploads\/2024\/11\/c8c0caea-ad00-40fa-8ea3-5cadb138cc68.jpg 1600w\" sizes=\"auto, (max-width: 300px) 100vw, 300px\" \/><\/a>\n\t\t\t\t<\/dt><\/dl><dl class='gallery-item'>\n\t\t\t\t<dt class='gallery-icon landscape'>\n\t\t\t\t\t<a class=\"rollover rollover-zoom dt-pswp-item\" title=\"2ae6d977-9ebe-4eca-b7f6-a56a54a3d5b5\" data-dt-img-description=\"\" data-large_image_width=\"1600\" data-large_image_height=\"1200\"href='https:\/\/www.radiopiu.net\/wordpress\/wp-content\/uploads\/2024\/11\/2ae6d977-9ebe-4eca-b7f6-a56a54a3d5b5.jpg'><img loading=\"lazy\" decoding=\"async\" width=\"300\" height=\"225\" src=\"https:\/\/www.radiopiu.net\/wordpress\/wp-content\/uploads\/2024\/11\/2ae6d977-9ebe-4eca-b7f6-a56a54a3d5b5-300x225.jpg\" class=\"attachment-medium size-medium\" alt=\"\" srcset=\"https:\/\/www.radiopiu.net\/wordpress\/wp-content\/uploads\/2024\/11\/2ae6d977-9ebe-4eca-b7f6-a56a54a3d5b5-300x225.jpg 300w, https:\/\/www.radiopiu.net\/wordpress\/wp-content\/uploads\/2024\/11\/2ae6d977-9ebe-4eca-b7f6-a56a54a3d5b5-1024x768.jpg 1024w, https:\/\/www.radiopiu.net\/wordpress\/wp-content\/uploads\/2024\/11\/2ae6d977-9ebe-4eca-b7f6-a56a54a3d5b5-768x576.jpg 768w, https:\/\/www.radiopiu.net\/wordpress\/wp-content\/uploads\/2024\/11\/2ae6d977-9ebe-4eca-b7f6-a56a54a3d5b5-1536x1152.jpg 1536w, https:\/\/www.radiopiu.net\/wordpress\/wp-content\/uploads\/2024\/11\/2ae6d977-9ebe-4eca-b7f6-a56a54a3d5b5.jpg 1600w\" sizes=\"auto, (max-width: 300px) 100vw, 300px\" \/><\/a>\n\t\t\t\t<\/dt><\/dl><dl class='gallery-item'>\n\t\t\t\t<dt class='gallery-icon landscape'>\n\t\t\t\t\t<a class=\"rollover rollover-zoom dt-pswp-item\" title=\"043abf5f-5e00-4d0e-b58b-ddcc3d566278\" data-dt-img-description=\"\" data-large_image_width=\"1599\" data-large_image_height=\"1186\"href='https:\/\/www.radiopiu.net\/wordpress\/wp-content\/uploads\/2024\/11\/043abf5f-5e00-4d0e-b58b-ddcc3d566278.jpg'><img loading=\"lazy\" decoding=\"async\" width=\"300\" height=\"223\" src=\"https:\/\/www.radiopiu.net\/wordpress\/wp-content\/uploads\/2024\/11\/043abf5f-5e00-4d0e-b58b-ddcc3d566278-300x223.jpg\" class=\"attachment-medium size-medium\" alt=\"\" srcset=\"https:\/\/www.radiopiu.net\/wordpress\/wp-content\/uploads\/2024\/11\/043abf5f-5e00-4d0e-b58b-ddcc3d566278-300x223.jpg 300w, https:\/\/www.radiopiu.net\/wordpress\/wp-content\/uploads\/2024\/11\/043abf5f-5e00-4d0e-b58b-ddcc3d566278-1024x760.jpg 1024w, https:\/\/www.radiopiu.net\/wordpress\/wp-content\/uploads\/2024\/11\/043abf5f-5e00-4d0e-b58b-ddcc3d566278-768x570.jpg 768w, https:\/\/www.radiopiu.net\/wordpress\/wp-content\/uploads\/2024\/11\/043abf5f-5e00-4d0e-b58b-ddcc3d566278-1536x1139.jpg 1536w, https:\/\/www.radiopiu.net\/wordpress\/wp-content\/uploads\/2024\/11\/043abf5f-5e00-4d0e-b58b-ddcc3d566278.jpg 1599w\" sizes=\"auto, (max-width: 300px) 100vw, 300px\" \/><\/a>\n\t\t\t\t<\/dt><\/dl><br style=\"clear: both\" \/>\n\t\t\t<\/div>\n\n<p>&nbsp;<\/p>\n<p><iframe loading=\"lazy\" title=\"Martina Casanova Fuga a Palazzo Fulcis\" width=\"1200\" height=\"675\" src=\"https:\/\/www.youtube.com\/embed\/ur-Rcdrfdfc?feature=oembed\" frameborder=\"0\" allow=\"accelerometer; autoplay; clipboard-write; encrypted-media; gyroscope; picture-in-picture; web-share\" referrerpolicy=\"strict-origin-when-cross-origin\" allowfullscreen><\/iframe><\/p>\n<p>&nbsp;<\/p>\n<p>&nbsp;<\/p>\n<hr \/>\n<p>&nbsp;<\/p>\n<p>&nbsp;<\/p>\n<blockquote>\n<h3>SITO DI VALLE IMPERINA: DOMANI IL BILANCIO DELLA STAGIONE ESTIVA<\/h3>\n<\/blockquote>\n<p><strong><a class=\"dt-pswp-item\" href=\"https:\/\/www.radiopiu.net\/wordpress\/wp-content\/uploads\/2024\/10\/Valle-Imperina-Fabbricato-Forni-Fusori.jpeg\" data-dt-img-description=\"\" data-large_image_width=\"1600\" data-large_image_height=\"1200\"><img loading=\"lazy\" decoding=\"async\" class=\" wp-image-412572 alignleft\" src=\"https:\/\/www.radiopiu.net\/wordpress\/wp-content\/uploads\/2024\/10\/Valle-Imperina-Fabbricato-Forni-Fusori-300x225.jpeg\" alt=\"\" width=\"181\" height=\"136\" srcset=\"https:\/\/www.radiopiu.net\/wordpress\/wp-content\/uploads\/2024\/10\/Valle-Imperina-Fabbricato-Forni-Fusori-300x225.jpeg 300w, https:\/\/www.radiopiu.net\/wordpress\/wp-content\/uploads\/2024\/10\/Valle-Imperina-Fabbricato-Forni-Fusori-1024x768.jpeg 1024w, https:\/\/www.radiopiu.net\/wordpress\/wp-content\/uploads\/2024\/10\/Valle-Imperina-Fabbricato-Forni-Fusori-768x576.jpeg 768w, https:\/\/www.radiopiu.net\/wordpress\/wp-content\/uploads\/2024\/10\/Valle-Imperina-Fabbricato-Forni-Fusori-1536x1152.jpeg 1536w, https:\/\/www.radiopiu.net\/wordpress\/wp-content\/uploads\/2024\/10\/Valle-Imperina-Fabbricato-Forni-Fusori.jpeg 1600w\" sizes=\"auto, (max-width: 181px) 100vw, 181px\" \/><\/a>RIVAMONTE<\/strong> Conferenza stampa a Valle Imperina per fare il bilancio di una stagione di successo e illustrare le prospettive future domani, alle 11:00, presso l\u2019ostello di Valle Imperina a Rivamonte Agordino Il sito di archeologia industriale di Valle Imperina ha chiuso la stagione estiva 2024 con un bilancio pi\u00f9 che positivo in termini di presenze e di interesse suscitato nei numerosi visitatori. La nuova gestione ha investito molto per promuovere il sito e offrire esperienze di visita coinvolgenti, che prevedono anche l\u2019esplorazione delle gallerie, rese nuovamente accessibili al pubblico. Per tracciare il bilancio della stagione conclusa, illustrare le prospettive future e gli interventi in programma per valorizzare ulteriormente il sito, resi possibili dalla stipula di nuovi accordi di collaborazione tra l\u2019Ente Parco, il Comune di Rivamonte e l\u2019Unione Montana Agordina, \u00e8 programmata una conferenza stampa per domani, alle 11:00, presso l\u2019ostello di Valle Imperina a Rivamonte Agordino. Saranno presenti rappresentanti del Parco Nazionale Dolomiti Bellunesi, del Comune di Rivamonte Agordino, dell\u2019Unione Montana Agordina e dei responsabili della gestione del sito di Valle Imperina.<\/p>\n<p>&nbsp;<\/p>\n<p>&nbsp;<\/p>\n<hr \/>\n<p>&nbsp;<\/p>\n<blockquote>\n<h3><a class=\"dt-pswp-item\" href=\"https:\/\/www.radiopiu.net\/wordpress\/wp-content\/uploads\/2020\/11\/logoUNCEM_no_scritta-wdtr.jpg\" data-dt-img-description=\"\" data-large_image_width=\"640\" data-large_image_height=\"640\"><img loading=\"lazy\" decoding=\"async\" class=\" wp-image-170846 alignleft\" src=\"https:\/\/www.radiopiu.net\/wordpress\/wp-content\/uploads\/2020\/11\/logoUNCEM_no_scritta-wdtr-300x300.jpg\" alt=\"\" width=\"123\" height=\"123\" srcset=\"https:\/\/www.radiopiu.net\/wordpress\/wp-content\/uploads\/2020\/11\/logoUNCEM_no_scritta-wdtr-300x300.jpg 300w, https:\/\/www.radiopiu.net\/wordpress\/wp-content\/uploads\/2020\/11\/logoUNCEM_no_scritta-wdtr-150x150.jpg 150w, https:\/\/www.radiopiu.net\/wordpress\/wp-content\/uploads\/2020\/11\/logoUNCEM_no_scritta-wdtr.jpg 640w\" sizes=\"auto, (max-width: 123px) 100vw, 123px\" \/><\/a>UNCEM PRONTA A LAVORARE PER IL DDL MONTAGNA<\/h3>\n<\/blockquote>\n<p><strong>ROMA<\/strong> Marco Bussone, Presidente di Uncem, conferma la disponibilit\u00e0 a collaborare con il Ministro Calderoli e il Parlamento per completare il disegno di legge sulla montagna, gi\u00e0 approvato al Senato. Sollecita un incremento del fondo nazionale montagna da 200 a 500 milioni di euro annui e invita le Regioni a un maggiore impegno e coordinamento nelle politiche montane. Propone di armonizzare le iniziative regionali per garantire stanziamenti e organizzazione adeguati.<\/p>\n<p>&nbsp;<\/p>\n<p>&nbsp;<\/p>\n<hr \/>\n<p>&nbsp;<\/p>\n<div class=\"flex max-w-full flex-col flex-grow\">\n<div class=\"min-h-8 text-message flex w-full flex-col items-end gap-2 whitespace-normal break-words [.text-message+&amp;]:mt-5\" dir=\"auto\" data-message-author-role=\"assistant\" data-message-id=\"bc78ebdf-b67d-4bbb-b295-2f6debf00bc5\" data-message-model-slug=\"gpt-4o\">\n<div class=\"flex w-full flex-col gap-1 empty:hidden first:pt-[3px]\">\n<div class=\"markdown prose w-full break-words dark:prose-invert dark\">\n<blockquote>\n<h3><strong><a class=\"dt-pswp-item\" href=\"https:\/\/www.radiopiu.net\/wordpress\/wp-content\/uploads\/2022\/02\/th-19.jpg\" data-dt-img-description=\"\" data-large_image_width=\"168\" data-large_image_height=\"168\"><img loading=\"lazy\" decoding=\"async\" class=\" wp-image-261464 alignleft\" src=\"https:\/\/www.radiopiu.net\/wordpress\/wp-content\/uploads\/2022\/02\/th-19.jpg\" alt=\"\" width=\"113\" height=\"113\" srcset=\"https:\/\/www.radiopiu.net\/wordpress\/wp-content\/uploads\/2022\/02\/th-19.jpg 168w, https:\/\/www.radiopiu.net\/wordpress\/wp-content\/uploads\/2022\/02\/th-19-150x150.jpg 150w\" sizes=\"auto, (max-width: 113px) 100vw, 113px\" \/><\/a>Belluno partecipa alla 41\u00aa Assemblea Nazionale ANCI<\/strong><\/h3>\n<\/blockquote>\n<p>Oggi Belluno sar\u00e0 presente alla 41\u00aa Assemblea Nazionale ANCI, dedicata al tema <em>\u201cFacciamo l\u2019Italia giorno per giorno\u201d<\/em>. Il sindaco Oscar De Pellegrin sottolinea l&#8217;importanza del confronto con altri amministratori su temi come energia, intelligenza artificiale e innovazione amministrativa. \u00abI Comuni sono presidi essenziali per le comunit\u00e0, specialmente in tempi difficili\u00bb, afferma il Sindaco, auspicando attenzione alla montagna e ai piccoli centri. De Pellegrin vede le terre alte come laboratori di innovazione, pronte a gestire il futuro ritorno alla montagna. L&#8217;incontro ANCI \u00e8 un\u2019occasione per dialogare, trovare soluzioni e prepararsi al cambiamento.<\/p>\n<\/div>\n<\/div>\n<\/div>\n<\/div>\n<p>&nbsp;<\/p>\n<p>&nbsp;<\/p>\n<p>&nbsp;<\/p>\n<hr \/>\n<p>&nbsp;<\/p>\n<blockquote>\n<h3><a class=\"dt-pswp-item\" href=\"https:\/\/www.radiopiu.net\/wordpress\/wp-content\/uploads\/2020\/10\/Nastri-Piazza-Martiri-Ottobre-in-rosa-2020-1-scaled.jpg\" data-dt-img-description=\"\" data-large_image_width=\"2560\" data-large_image_height=\"1920\"><img loading=\"lazy\" decoding=\"async\" class=\" wp-image-163554 alignleft\" src=\"https:\/\/www.radiopiu.net\/wordpress\/wp-content\/uploads\/2020\/10\/Nastri-Piazza-Martiri-Ottobre-in-rosa-2020-1-300x225.jpg\" alt=\"\" width=\"236\" height=\"177\" srcset=\"https:\/\/www.radiopiu.net\/wordpress\/wp-content\/uploads\/2020\/10\/Nastri-Piazza-Martiri-Ottobre-in-rosa-2020-1-300x225.jpg 300w, https:\/\/www.radiopiu.net\/wordpress\/wp-content\/uploads\/2020\/10\/Nastri-Piazza-Martiri-Ottobre-in-rosa-2020-1-1024x768.jpg 1024w, https:\/\/www.radiopiu.net\/wordpress\/wp-content\/uploads\/2020\/10\/Nastri-Piazza-Martiri-Ottobre-in-rosa-2020-1-768x576.jpg 768w, https:\/\/www.radiopiu.net\/wordpress\/wp-content\/uploads\/2020\/10\/Nastri-Piazza-Martiri-Ottobre-in-rosa-2020-1-1536x1152.jpg 1536w, https:\/\/www.radiopiu.net\/wordpress\/wp-content\/uploads\/2020\/10\/Nastri-Piazza-Martiri-Ottobre-in-rosa-2020-1-2048x1536.jpg 2048w, https:\/\/www.radiopiu.net\/wordpress\/wp-content\/uploads\/2020\/10\/Nastri-Piazza-Martiri-Ottobre-in-rosa-2020-1-640x480.jpg 640w\" sizes=\"auto, (max-width: 236px) 100vw, 236px\" \/><\/a>Belluno celebra la Festa dell&#8217;Albero con due nuovi alberi monumentali<\/h3>\n<\/blockquote>\n<p><strong>BELLUNO<\/strong> Il 21 novembre Belluno festeggia la Giornata Nazionale degli Alberi con una grande notizia: i due maestosi cedri Deodara dei giardini di Piazza dei Martiri sono stati ufficialmente riconosciuti come alberi monumentali d\u2019Italia. Il decreto del 4 novembre 2024, pubblicato in Gazzetta Ufficiale, porta a 12 il numero di alberi monumentali della citt\u00e0 e a 23 quelli della provincia. La festa coinvolger\u00e0 i bambini delle scuole primarie con una lezione all\u2019aperto e attivit\u00e0 pratiche. \u00abQuesti riconoscimenti \u2013 sottolinea il sindaco \u2013 valorizzano il nostro patrimonio verde e incentivano il turismo slow, fondamentale per il territorio\u00bb. Informazioni e dettagli sugli alberi monumentali sono disponibili sul sito del Comune di Belluno.<\/p>\n<p>&nbsp;<\/p>\n<hr \/>\n<p><strong>\u00a0<\/strong><\/p>\n<blockquote><p><strong><a class=\"dt-pswp-item\" href=\"https:\/\/www.radiopiu.net\/wordpress\/wp-content\/uploads\/2024\/11\/Menia-Corbanese-Frescura-2.jpg\" data-dt-img-description=\"\" data-large_image_width=\"1365\" data-large_image_height=\"2048\"><img loading=\"lazy\" decoding=\"async\" class=\"wp-image-420531 alignleft\" src=\"https:\/\/www.radiopiu.net\/wordpress\/wp-content\/uploads\/2024\/11\/Menia-Corbanese-Frescura-2-200x300.jpg\" alt=\"\" width=\"133\" height=\"200\" srcset=\"https:\/\/www.radiopiu.net\/wordpress\/wp-content\/uploads\/2024\/11\/Menia-Corbanese-Frescura-2-200x300.jpg 200w, https:\/\/www.radiopiu.net\/wordpress\/wp-content\/uploads\/2024\/11\/Menia-Corbanese-Frescura-2-683x1024.jpg 683w, https:\/\/www.radiopiu.net\/wordpress\/wp-content\/uploads\/2024\/11\/Menia-Corbanese-Frescura-2-768x1152.jpg 768w, https:\/\/www.radiopiu.net\/wordpress\/wp-content\/uploads\/2024\/11\/Menia-Corbanese-Frescura-2-1024x1536.jpg 1024w, https:\/\/www.radiopiu.net\/wordpress\/wp-content\/uploads\/2024\/11\/Menia-Corbanese-Frescura-2.jpg 1365w\" sizes=\"auto, (max-width: 133px) 100vw, 133px\" \/><\/a>Parte il progetto &#8220;Tesi al cambiamento!&#8221; dell&#8217;associazione Giovani&amp;Futuro<\/strong><\/p><\/blockquote>\n<p>L\u2019associazione Giovani&amp;Futuro lancia un nuovo progetto dal titolo \u201cTesi al cambiamento!\u201d, finalizzato a valorizzare il lavoro di ricerca dei laureandi e laureati, trasformandolo in proposte concrete per le istituzioni locali, nazionali ed europee. Il presidente Luca Frescura sottolinea l\u2019importanza di rendere i lavori di tesi strumenti di sensibilizzazione su temi cruciali come ambiente, lavoro, diritti e innovazione. Il vicepresidente Thomas Menia Corbanese aggiunge che il progetto mira a fermare la fuga di competenze all&#8217;estero, stimolando il cambiamento e promuovendo idee innovative per il futuro del Paese. \u00c8 possibile inviare la propria candidatura on-line al seguente link: https:\/\/forms.gle\/1hwA6QXioeho5tus5<\/p>\n<p>&nbsp;<\/p>\n<p>&nbsp;<\/p>\n<hr \/>\n<p>&nbsp;<\/p>\n<blockquote>\n<h3>ALLA FAMIGLIA DE ROCCO IL PREMIO \u201cMASTRI GELATIERI\u201d 2024<\/h3>\n<\/blockquote>\n<p><strong>LONGARONE<\/strong> Il premio &#8220;Mastri Gelatieri 2024&#8221; sar\u00e0 conferito alla famiglia De Rocco, originaria di Val di Zoldo e titolare di una rinomata gelateria a Schwabach, in Germania. La loro storia, iniziata nel 1911 con Arcangelo De Rocco, rappresenta un esempio virtuoso di tradizione e innovazione. Dalla produzione ambulante in Italia all&#8217;apertura della gelateria in Germania nel 1966, la famiglia ha saputo valorizzare il gelato artigianale con ingredienti naturali e lavorazione tradizionale. Guidata ora da Luca De Rocco, che ha portato l&#8217;azienda alla quarta generazione, la gelateria si \u00e8 distinta in competizioni internazionali, come il Gelato World Tour 2017. Il premio celebra la capacit\u00e0 imprenditoriale e il ricambio generazionale, in linea con i valori di MIG 2024.<\/p>\n\n\t\t\t<style type='text\/css'>\n\t\t\t\t#gallery-2 {\n\t\t\t\t\tmargin: auto;\n\t\t\t\t}\n\t\t\t\t#gallery-2 .gallery-item {\n\t\t\t\t\tfloat: left;\n\t\t\t\t\tmargin-top: 10px;\n\t\t\t\t\ttext-align: center;\n\t\t\t\t\twidth: 25%;\n\t\t\t\t}\n\t\t\t\t#gallery-2 img {\n\t\t\t\t\tborder: 2px solid #cfcfcf;\n\t\t\t\t}\n\t\t\t\t#gallery-2 .gallery-caption {\n\t\t\t\t\tmargin-left: 0;\n\t\t\t\t}\n\t\t\t\t\/* see gallery_shortcode() in wp-includes\/media.php *\/\n\t\t\t<\/style>\n\t\t<div id='gallery-2' class='dt-gallery-container gallery galleryid-420409 gallery-columns-4 gallery-size-thumbnail'><dl class='gallery-item'>\n\t\t\t\t<dt class='gallery-icon landscape'>\n\t\t\t\t\t<a class=\"rollover rollover-zoom dt-pswp-item\" title=\"Famiglia De Rocco 12\" data-dt-img-description=\"\" data-large_image_width=\"1600\" data-large_image_height=\"1066\"href='https:\/\/www.radiopiu.net\/wordpress\/wp-content\/uploads\/2024\/11\/Famiglia-De-Rocco-12.jpg'><img loading=\"lazy\" decoding=\"async\" width=\"150\" height=\"150\" src=\"https:\/\/www.radiopiu.net\/wordpress\/wp-content\/uploads\/2024\/11\/Famiglia-De-Rocco-12-150x150.jpg\" class=\"attachment-thumbnail size-thumbnail\" alt=\"\" \/><\/a>\n\t\t\t\t<\/dt><\/dl><dl class='gallery-item'>\n\t\t\t\t<dt class='gallery-icon portrait'>\n\t\t\t\t\t<a class=\"rollover rollover-zoom dt-pswp-item\" title=\"Famiglia De Rocco 03\" data-dt-img-description=\"\" data-large_image_width=\"1200\" data-large_image_height=\"1600\"href='https:\/\/www.radiopiu.net\/wordpress\/wp-content\/uploads\/2024\/11\/Famiglia-De-Rocco-03.jpg'><img loading=\"lazy\" decoding=\"async\" width=\"150\" height=\"150\" src=\"https:\/\/www.radiopiu.net\/wordpress\/wp-content\/uploads\/2024\/11\/Famiglia-De-Rocco-03-150x150.jpg\" class=\"attachment-thumbnail size-thumbnail\" alt=\"\" \/><\/a>\n\t\t\t\t<\/dt><\/dl><dl class='gallery-item'>\n\t\t\t\t<dt class='gallery-icon portrait'>\n\t\t\t\t\t<a class=\"rollover rollover-zoom dt-pswp-item\" title=\"Famiglia De Rocco 08\" data-dt-img-description=\"\" data-large_image_width=\"1200\" data-large_image_height=\"1600\"href='https:\/\/www.radiopiu.net\/wordpress\/wp-content\/uploads\/2024\/11\/Famiglia-De-Rocco-08.jpg'><img loading=\"lazy\" decoding=\"async\" width=\"150\" height=\"150\" src=\"https:\/\/www.radiopiu.net\/wordpress\/wp-content\/uploads\/2024\/11\/Famiglia-De-Rocco-08-150x150.jpg\" class=\"attachment-thumbnail size-thumbnail\" alt=\"\" \/><\/a>\n\t\t\t\t<\/dt><\/dl><dl class='gallery-item'>\n\t\t\t\t<dt class='gallery-icon portrait'>\n\t\t\t\t\t<a class=\"rollover rollover-zoom dt-pswp-item\" title=\"Famiglia De Rocco 10\" data-dt-img-description=\"\" data-large_image_width=\"1200\" data-large_image_height=\"1600\"href='https:\/\/www.radiopiu.net\/wordpress\/wp-content\/uploads\/2024\/11\/Famiglia-De-Rocco-10.jpg'><img loading=\"lazy\" decoding=\"async\" width=\"150\" height=\"150\" src=\"https:\/\/www.radiopiu.net\/wordpress\/wp-content\/uploads\/2024\/11\/Famiglia-De-Rocco-10-150x150.jpg\" class=\"attachment-thumbnail size-thumbnail\" alt=\"\" \/><\/a>\n\t\t\t\t<\/dt><\/dl><br style=\"clear: both\" \/>\n\t\t\t<\/div>\n\n<p>&nbsp;<\/p>\n<p>&nbsp;<\/p>\n<hr \/>\n<p>&nbsp;<\/p>\n<blockquote>\n<h2>Divieto di sosta su uno stallo in via Mezzaterra<\/h2>\n<\/blockquote>\n<h2><a class=\"dt-pswp-item\" href=\"https:\/\/www.radiopiu.net\/wordpress\/wp-content\/uploads\/2023\/06\/Belluno-di-sera-i-giovedi.jpg\" data-dt-img-description=\"\" data-large_image_width=\"1000\" data-large_image_height=\"750\"><img loading=\"lazy\" decoding=\"async\" class=\"size-medium wp-image-342240 alignleft\" src=\"https:\/\/www.radiopiu.net\/wordpress\/wp-content\/uploads\/2023\/06\/Belluno-di-sera-i-giovedi-300x225.jpg\" alt=\"\" width=\"300\" height=\"225\" srcset=\"https:\/\/www.radiopiu.net\/wordpress\/wp-content\/uploads\/2023\/06\/Belluno-di-sera-i-giovedi-300x225.jpg 300w, https:\/\/www.radiopiu.net\/wordpress\/wp-content\/uploads\/2023\/06\/Belluno-di-sera-i-giovedi-768x576.jpg 768w, https:\/\/www.radiopiu.net\/wordpress\/wp-content\/uploads\/2023\/06\/Belluno-di-sera-i-giovedi.jpg 1000w\" sizes=\"auto, (max-width: 300px) 100vw, 300px\" \/><\/a><\/h2>\n<p><strong>BELLUNO<\/strong> In alcune giornate, per incontri sulla natura morta al Museo Burel In occasione di alcuni incontri collegati alla mostra \u201cNatura morta. Jessica Moss\u201d, si rende necessaria l\u2019istituzione del divieto di sosta sullo stallo a pagamento antistante all\u2019ingresso del Museo Burel, in via Mezzaterra, all\u2019altezza del civico 49, nelle giornate 23, 24 e 30 novembre e 1, 7 e 8 dicembre, dalle ore 9.00 alle ore 19.00 di ciascuna giornata.<\/p>\n<blockquote>\n<h2>\u00a0Chiusura uffici Polizia locale<\/h2>\n<\/blockquote>\n<p><strong>BELLUNO\u00a0 <\/strong>Il 19 e 28 novembre e il 2 dicembre, gli uffici della Polizia locale saranno chiusi al pubblico, per permettere al personale di frequentare dei corsi di formazione. L\u2019attivit\u00e0 riprender\u00e0 regolarmente nelle altre giornate<\/p>\n<p>&nbsp;<\/p>\n<p>&nbsp;<\/p>\n<hr \/>\n<p>&nbsp;<\/p>\n<blockquote>\n<h3>DUE INCONTRI CON L&#8217;ASSOCIAZIONE SCUOLA GABELLI<\/h3>\n<\/blockquote>\n<p><strong><a class=\"dt-pswp-item\" href=\"https:\/\/www.radiopiu.net\/wordpress\/wp-content\/uploads\/2024\/11\/image-1.png\" data-dt-img-description=\"\" data-large_image_width=\"280\" data-large_image_height=\"284\"><img loading=\"lazy\" decoding=\"async\" class=\" wp-image-419990 alignleft\" src=\"https:\/\/www.radiopiu.net\/wordpress\/wp-content\/uploads\/2024\/11\/image-1.png\" alt=\"\" width=\"106\" height=\"108\" \/><\/a>BELLUNO<\/strong> L\u2019Associazione Scuola Gabelli di Belluno, in collaborazione con Belluno-ciak e l\u2019Istituto Bellunese di Ricerche Sociali e Culturali, organizza due conferenze sull\u2019eredit\u00e0 educativa di Pierina Boranga. Gli incontri si terranno nell\u2019aula magna del Seminario Gregoriano di Belluno alle 17:00: il 22 novembre si parler\u00e0 della nascita della scuola Gabelli e il 6 dicembre del suo impatto sulla scuola comelicense. L\u2019obiettivo \u00e8 riaffermare il valore rivoluzionario dell\u2019approccio educativo di Boranga, che metteva i bambini al centro del processo formativo, superando la visione utilitaristica della scuola. La Gabelli, definita la \u201cscuola pi\u00f9 bella d\u2019Italia\u201d, rappresenta un modello di didattica attiva e inclusiva che resta attuale. Rievocare questa esperienza significa sperare in un suo rinnovamento per i ragazzi di oggi e di domani.<\/p>\n<p>&nbsp;<\/p>\n<p>&nbsp;<\/p>\n<hr \/>\n<p>&nbsp;<\/p>\n<blockquote>\n<p data-pm-slice=\"1 1 []\"><strong><a class=\"dt-pswp-item\" href=\"https:\/\/www.radiopiu.net\/wordpress\/wp-content\/uploads\/2024\/11\/SCUOLE-RETE.png\" data-dt-img-description=\"\" data-large_image_width=\"166\" data-large_image_height=\"97\"><img loading=\"lazy\" decoding=\"async\" class=\"size-full wp-image-419878 alignleft\" src=\"https:\/\/www.radiopiu.net\/wordpress\/wp-content\/uploads\/2024\/11\/SCUOLE-RETE.png\" alt=\"\" width=\"166\" height=\"97\" \/><\/a>Un incontro per ascoltare i giovani nella Giornata dei diritti dei minori<\/strong><\/p>\n<\/blockquote>\n<p><strong>BELLUNO <\/strong>Oggi, in occasione della Giornata dei diritti dei minori, gli studenti di Belluno parteciperanno all&#8217;incontro \u201cLa voce dei giovani: noi parliamo, chi ascolta?\u201d per dialogare con le autorit\u00e0 e gli adulti. Organizzato dalla Consulta provinciale degli studenti insieme a ULSS Dolomiti, Scuole in Rete, Unicef Belluno, Prefettura e Ufficio scolastico, l\u2019evento si terr\u00e0 in Prefettura. Verranno presentati i risultati di un questionario condotto dal SerD e l\u2019indagine della Consulta del 2024. Sar\u00e0 premiato anche il concorso di pittura \u201cIl mondo che (non) vorrei\u201d. L\u2019incontro, volto a dare voce ai giovani e riconoscerne i bisogni, sar\u00e0 un&#8217;opportunit\u00e0 per rafforzare il dialogo intergenerazionale.<\/p>\n<p>&nbsp;<\/p>\n<hr \/>\n<blockquote>\n<h3><a class=\"dt-pswp-item\" href=\"https:\/\/www.radiopiu.net\/wordpress\/wp-content\/uploads\/2024\/11\/WhatsApp-Image-2024-09-27-at-21.03.26.jpeg\" data-dt-img-description=\"\" data-large_image_width=\"638\" data-large_image_height=\"960\"><img loading=\"lazy\" decoding=\"async\" class=\" wp-image-420245 alignleft\" src=\"https:\/\/www.radiopiu.net\/wordpress\/wp-content\/uploads\/2024\/11\/WhatsApp-Image-2024-09-27-at-21.03.26-199x300.jpeg\" alt=\"\" width=\"77\" height=\"116\" srcset=\"https:\/\/www.radiopiu.net\/wordpress\/wp-content\/uploads\/2024\/11\/WhatsApp-Image-2024-09-27-at-21.03.26-199x300.jpeg 199w, https:\/\/www.radiopiu.net\/wordpress\/wp-content\/uploads\/2024\/11\/WhatsApp-Image-2024-09-27-at-21.03.26.jpeg 638w\" sizes=\"auto, (max-width: 77px) 100vw, 77px\" \/><\/a>VITO MANCUSO A FELTRE PER PARLARE DI DIRITTI UMANI<\/h3>\n<\/blockquote>\n<p><strong>FELTRE<\/strong> Dopo il successo dell\u2019incontro con Federico Faggin, la Provincia di Belluno ospiter\u00e0 Vito Mancuso, teologo e filosofo, per il secondo evento della rassegna \u201cIncursioni filosofiche in Valbelluna\u201d. Domani, al Teatro Canossiano di Feltre, Mancuso esplorer\u00e0 \u201cLa ricerca dell\u2019umano nell\u2019uomo\u201d, riflettendo su diritti umani, etica e speranza. L\u2019evento, in memoria del professor Claudio Comel, \u00e8 gratuito previa iscrizione su <strong><a href=\"http:\/\/www.studentibelluno.it\" target=\"_new\" rel=\"noopener\">www.studentibelluno.it<\/a><\/strong>.<\/p>\n<p>&nbsp;<\/p>\n<hr \/>\n<p>&nbsp;<\/p>\n<p>&nbsp;<\/p>\n<blockquote>\n<h3>IL 23 NOVEMBRE LA FESTA DEGLI EMIGRANTI A SEREN DEL GRAPPA<\/h3>\n<\/blockquote>\n<p><strong><a class=\"dt-pswp-item\" href=\"https:\/\/www.radiopiu.net\/wordpress\/wp-content\/uploads\/2024\/11\/EMI-SEREN.png\" data-dt-img-description=\"\" data-large_image_width=\"474\" data-large_image_height=\"243\"><img loading=\"lazy\" decoding=\"async\" class=\" wp-image-419852 alignleft\" src=\"https:\/\/www.radiopiu.net\/wordpress\/wp-content\/uploads\/2024\/11\/EMI-SEREN-300x154.png\" alt=\"\" width=\"220\" height=\"113\" srcset=\"https:\/\/www.radiopiu.net\/wordpress\/wp-content\/uploads\/2024\/11\/EMI-SEREN-300x154.png 300w, https:\/\/www.radiopiu.net\/wordpress\/wp-content\/uploads\/2024\/11\/EMI-SEREN.png 474w\" sizes=\"auto, (max-width: 220px) 100vw, 220px\" \/><\/a>BELLUNO <\/strong>La Festa degli Emigranti si terr\u00e0 il 23 novembre a Seren del Grappa, celebrando le radici e l\u2019identit\u00e0 bellunese. L\u2019evento, sostenuto dal PNRR \u201cTurismo delle radici\u201d, vedr\u00e0 la partecipazione di autorit\u00e0, emigranti e figure di spicco. Dopo il ritrovo in Piazza di Rasai alle 9.00, un corteo accompagnato dalla Banda di Arsi\u00e9 raggiunger\u00e0 la Sala Teatro per la XXIV edizione del Premio Internazionale \u201cBellunesi che onorano la provincia di Belluno\u201d, con la conduzione di Nicola Maccagnan e interventi musicali di Pio Sagrillo e Omar Tonin. Alle 12.30, presso gli impianti sportivi, si terranno i saluti ufficiali e il \u201cPranzo dell\u2019emigrante\u201d, seguito nel pomeriggio da uno spettacolo del Gruppo Folk di Cesiomaggiore, la presentazione di una guida turistica e un laboratorio sulle migrazioni. La giornata sar\u00e0 un\u2019occasione di memoria e condivisione per onorare chi mantiene viva l\u2019eredit\u00e0 culturale bellunese nel mondo.<\/p>\n<p>&nbsp;<\/p>\n<hr \/>\n<p>&nbsp;<\/p>\n<div class=\"page-title-head hgroup\">\n<h1 class=\"entry-title\">I colori dell\u2019autunno incontrano la cultura, la cucina agricola e i vini di montagna<\/h1>\n<\/div>\n<div class=\"page-title-breadcrumbs\"><\/div>\n<p data-pm-slice=\"1 1 []\"><strong><a class=\"dt-pswp-item\" href=\"https:\/\/www.radiopiu.net\/wordpress\/wp-content\/uploads\/2024\/05\/FABRIZIO-PESCOSTA.jpg\" data-dt-img-description=\"\" data-large_image_width=\"303\" data-large_image_height=\"166\"><img loading=\"lazy\" decoding=\"async\" class=\" wp-image-392099 alignleft\" src=\"https:\/\/www.radiopiu.net\/wordpress\/wp-content\/uploads\/2024\/05\/FABRIZIO-PESCOSTA-300x164.jpg\" alt=\"\" width=\"176\" height=\"96\" srcset=\"https:\/\/www.radiopiu.net\/wordpress\/wp-content\/uploads\/2024\/05\/FABRIZIO-PESCOSTA-300x164.jpg 300w, https:\/\/www.radiopiu.net\/wordpress\/wp-content\/uploads\/2024\/05\/FABRIZIO-PESCOSTA.jpg 303w\" sizes=\"auto, (max-width: 176px) 100vw, 176px\" \/><\/a>I colori dell\u2019autunno incontrano la cultura, la cucina agricola e i vini di montagna<\/strong>Un men\u00f9 degustazione unico, ideato dal cuoco contadino Fabrizio Pescosta dell&#8217;Agriturismo Piccola Baita, porta i profumi e i sapori dell&#8217;autunno dalla tavola ai sensi. La serata inizier\u00e0 alle ore 20 con la presentazione del libro <em>SAPORI della VALBELLUNA<\/em> di Edizioni Il Veses.<\/p>\n<p data-pm-slice=\"1 1 []\"><strong>DI ALESSIA DALL&#8217;O<\/strong><\/p>\n<audio class=\"wp-audio-shortcode\" id=\"audio-420409-16\" preload=\"none\" style=\"width: 100%;\" controls=\"controls\"><source type=\"audio\/mpeg\" src=\"https:\/\/www.radiopiu.net\/wordpress\/wp-content\/uploads\/2024\/11\/ALESSIA-SAPORI-DI-CASA.mp3?_=16\" \/><a href=\"https:\/\/www.radiopiu.net\/wordpress\/wp-content\/uploads\/2024\/11\/ALESSIA-SAPORI-DI-CASA.mp3\">https:\/\/www.radiopiu.net\/wordpress\/wp-content\/uploads\/2024\/11\/ALESSIA-SAPORI-DI-CASA.mp3<\/a><\/audio>\n<p>&nbsp;<\/p>\n<p><strong>Il Men\u00f9 <\/strong>Si parte con l&#8217;antipasto: <em>fagiolo di Lamon con radicchio rosso e lardo scottato<\/em>, un connubio di gusto rustico e raffinato. I primi piatti includono la <em>Sopa de Pan \u201cFabrizio Style\u201d<\/em>, che rievoca la cucina contadina, e il <em>tortello alla zucca con formaggio di malga e cavolo nero<\/em>, autentici richiami ai sapori autunnali. Per secondo, le celebri <em>costine di maiale al miele DOP delle Dolomiti con pur\u00e8 di sedano rapa<\/em>, un\u2019esplosione di sapori intensi e dolci. I dessert celebrano il territorio con il <em>Marone Feltrino al Cucchiaio<\/em> e il <em>Carfogn al Papavero<\/em>.<\/p>\n<p>&nbsp;<\/p>\n<p>&nbsp;<\/p>\n<hr \/>\n<p>&nbsp;<\/p>\n<blockquote>\n<h3>DALLA SEDE DEL SOCCORSO ALPINO DI AGORDO, CON DIEGO FAVERO<\/h3>\n<\/blockquote>\n<p><strong>AGORDO<\/strong> Giorni importanti nelle sede del Soccorso Alpino in Piazzale Marconi, nel Municipio. Sono in corso i grandi preparative per l&#8217;evento di sabato, i 70 anni del Soccorso Alpino con la presentazione del libro scritto da Eugenio Bien.<br \/>\nNe abbiamo parlato con Diego Favero, numero uno del Soccorso Alpino della Vallata.<\/p>\n<p><iframe loading=\"lazy\" title=\"diego favero\" width=\"1200\" height=\"675\" src=\"https:\/\/www.youtube.com\/embed\/V8jx0y6oAZ8?feature=oembed\" frameborder=\"0\" allow=\"accelerometer; autoplay; clipboard-write; encrypted-media; gyroscope; picture-in-picture; web-share\" referrerpolicy=\"strict-origin-when-cross-origin\" allowfullscreen><\/iframe><\/p>\n<p>&nbsp;<\/p>\n<p>&nbsp;<\/p>\n<blockquote>\n<h1><img loading=\"lazy\" decoding=\"async\" class=\"alignleft\" src=\"https:\/\/www.radiopiu.net\/wordpress\/wp-content\/uploads\/2019\/11\/34564bb3-a7ae-4e91-8df7-86ab5ac45256.jpg\" width=\"271\" height=\"156\" \/>AGORDO, 70 ANNI DEL SOCCORSO ALPINO. BIEN &#8220;SONO GIA&#8217; UN PO&#8217; IN AFFANNO&#8230;&#8221;<\/h1>\n<\/blockquote>\n<p><strong>DI MIRKO MEZZACASA<\/strong><\/p>\n<p><strong>OSPITI DIEGO FAVERO ED EUGENIO BIEN<\/strong><\/p>\n<p><strong>AUDIO<\/strong><\/p>\n<audio class=\"wp-audio-shortcode\" id=\"audio-420409-17\" preload=\"none\" style=\"width: 100%;\" controls=\"controls\"><source type=\"audio\/mpeg\" src=\"https:\/\/www.radiopiu.net\/wordpress\/wp-content\/uploads\/2024\/11\/eugenio-bien-e-diego-favero.mp3?_=17\" \/><a href=\"https:\/\/www.radiopiu.net\/wordpress\/wp-content\/uploads\/2024\/11\/eugenio-bien-e-diego-favero.mp3\">https:\/\/www.radiopiu.net\/wordpress\/wp-content\/uploads\/2024\/11\/eugenio-bien-e-diego-favero.mp3<\/a><\/audio>\n<p>&nbsp;<\/p>\n<p>&nbsp;<\/p>\n<p>&nbsp;<\/p>\n<hr \/>\n<p>&nbsp;<\/p>\n<blockquote>\n<p data-pm-slice=\"1 1 []\"><strong>Concorso per 33 atleti nei gruppi sportivi Fiamme Oro della Polizia di Stato<\/strong><\/p>\n<\/blockquote>\n<p>Sul Portale Unico del reclutamento, all&#8217;indirizzo <a>www.inpa.gov.it<\/a> e sul sito <a>www.poliziadistato.it<\/a>, \u00e8 stato pubblicato il 14 novembre 2024 un bando di concorso pubblico per titoli, finalizzato all&#8217;assunzione di 33 atleti da destinare ai gruppi sportivi \u201cPolizia di Stato \u2013 Fiamme Oro\u201d. Gli atleti selezionati saranno inquadrati nel ruolo degli agenti e assistenti della Polizia di Stato, con qualifica di agente.<\/p>\n<p>&nbsp;<\/p>\n<p>&nbsp;<\/p>\n<hr \/>\n<p>&nbsp;<\/p>\n<blockquote>\n<h3>UN WEBINAR SULL&#8217;INTELLIGENZA ARTIFICIALE<\/h3>\n<\/blockquote>\n<p><strong>BELLUNO<\/strong> Gioved\u00ec 28 novembre, dalle 18 alle 20, si terr\u00e0 un webinar gratuito al FabLab di Belluno del progetto &#8220;Dal virtuale al reale: I am here for you&#8221;. Quattro esperti esploreranno il ruolo dell&#8217;Intelligenza Artificiale nello sviluppo aziendale: supporto alle start-up (Francesco Cavestro), nuove professioni digitali (Niccol\u00f2 Boccagni), funzionamento dell&#8217;IA (Armand Thanasi) e rivoluzione creativa e di marketing (Davide Schizzi). L&#8217;evento \u00e8 aperto a tutti e offrir\u00e0 casi studio e testimonianze per sfruttare le tecnologie emergenti.<\/p>\n<p>&nbsp;<\/p>\n<p>&nbsp;<\/p>\n<hr \/>\n<p>&nbsp;<\/p>\n<blockquote>\n<h3>UN CORSO DI DIFESA CONTRO LA VIOLENZA SULLE DONNE<\/h3>\n<\/blockquote>\n<p><strong>BELLUNO<\/strong> In occasione della giornata mondiale contro la violenza sulle donne, l&#8217;associazione Urban Krav Maga, con il patrocinio del Comune di Belluno, organizza una lezione gratuita di &#8220;Difesa femminile&#8221; il 26 novembre alle 20 presso la palestra del Liceo scientifico di Belluno. L&#8217;evento, guidato dall&#8217;istruttore Cristian Burde, mira a fornire alle donne strumenti utili per gestire la paura e affrontare aggressioni, sia a livello teorico che pratico. Burde sottolinea l&#8217;importanza della prevenzione e della consapevolezza dell&#8217;ambiente circostante come base per la difesa personale. La serata sar\u00e0 aperta a donne di tutte le et\u00e0 e includer\u00e0 dimostrazioni pratiche di tecniche di difesa e fuga in caso di aggressione.<\/p>\n<p>&nbsp;<\/p>\n<p>&nbsp;<\/p>\n<hr \/>\n<p>&nbsp;<\/p>\n<blockquote><p><a class=\"dt-pswp-item\" href=\"https:\/\/www.radiopiu.net\/wordpress\/wp-content\/uploads\/2024\/11\/NUDM-23-25-LOCANDINA.jpg\" data-dt-img-description=\"Screenshot\" data-large_image_width=\"1269\" data-large_image_height=\"1793\"><img loading=\"lazy\" decoding=\"async\" class=\" wp-image-419816 alignleft\" src=\"https:\/\/www.radiopiu.net\/wordpress\/wp-content\/uploads\/2024\/11\/NUDM-23-25-LOCANDINA-212x300.jpg\" alt=\"\" width=\"131\" height=\"185\" srcset=\"https:\/\/www.radiopiu.net\/wordpress\/wp-content\/uploads\/2024\/11\/NUDM-23-25-LOCANDINA-212x300.jpg 212w, https:\/\/www.radiopiu.net\/wordpress\/wp-content\/uploads\/2024\/11\/NUDM-23-25-LOCANDINA-725x1024.jpg 725w, https:\/\/www.radiopiu.net\/wordpress\/wp-content\/uploads\/2024\/11\/NUDM-23-25-LOCANDINA-768x1085.jpg 768w, https:\/\/www.radiopiu.net\/wordpress\/wp-content\/uploads\/2024\/11\/NUDM-23-25-LOCANDINA-1087x1536.jpg 1087w, https:\/\/www.radiopiu.net\/wordpress\/wp-content\/uploads\/2024\/11\/NUDM-23-25-LOCANDINA.jpg 1269w\" sizes=\"auto, (max-width: 131px) 100vw, 131px\" \/><\/a><\/p>\n<p data-pm-slice=\"1 1 []\"><strong>Iniziative in Provincia di Belluno per la Giornata Internazionale contro la Violenza sulle Donne<\/strong><\/p>\n<\/blockquote>\n<p><strong>BELLUNO<\/strong><\/p>\n<p data-pm-slice=\"1 1 []\">In occasione della Giornata Internazionale contro la violenza sulle donne, la Provincia di Belluno si mobilita con due iniziative, in parallelo con le manifestazioni nazionali di Non Una di Meno a Roma e Palermo il 23 novembre. Sabato 23 novembre, dalle ore 14,\u00a0 ai Giardini della Stazione Ferroviaria di Belluno (Parco dell\u2019Artigliere)\u00a0 racconto delle varie forme di violenza subite da donne. Luned\u00ec 25 novembre, alle 20,\u00a0 dal Parco Bologna passeggiata notturna con musica e canti,<\/p>\n<p>&nbsp;<\/p>\n<hr \/>\n<p>&nbsp;<\/p>\n<blockquote>\n<h2>AD AGORDO CHIUDE MOSTORICCO, ECCO IL PERCHE&#8217;<\/h2>\n<\/blockquote>\n<p><strong><img loading=\"lazy\" decoding=\"async\" class=\"alignleft\" src=\"https:\/\/www.radiopiu.net\/wordpress\/wp-content\/uploads\/2024\/05\/MOSTORICCO-500-x-400-px.png\" width=\"145\" height=\"116\" \/>REDAZIONE<\/strong> Diana Zerrilli, di Mostoricco, il negozio aperto da poco ad Agordo abbassa la saracinesca, ma per rialzarla perch\u00e9 gli spazi rimangono in famiglia con l&#8217;agenzia di Pasquale Gatto. Diana Zerrilli ai microfoni di Radio Pi\u00f9 spiega il perch\u00e9 della scelta a cos\u00ec pochi messi dall&#8217;inaugurazione.<\/p>\n<p>&nbsp;<\/p>\n<p><strong>AUDIO<\/strong><\/p>\n<audio class=\"wp-audio-shortcode\" id=\"audio-420409-18\" preload=\"none\" style=\"width: 100%;\" controls=\"controls\"><source type=\"audio\/mpeg\" src=\"https:\/\/www.radiopiu.net\/wordpress\/wp-content\/uploads\/2024\/11\/DIANA-POLEMICA.mp3?_=18\" \/><a href=\"https:\/\/www.radiopiu.net\/wordpress\/wp-content\/uploads\/2024\/11\/DIANA-POLEMICA.mp3\">https:\/\/www.radiopiu.net\/wordpress\/wp-content\/uploads\/2024\/11\/DIANA-POLEMICA.mp3<\/a><\/audio>\n<p>&nbsp;<\/p>\n<p>&nbsp;<\/p>\n<hr \/>\n<p>&nbsp;<\/p>\n<blockquote>\n<h3>INCONTRI IN TAVERNA<\/h3>\n<\/blockquote>\n<p><strong>BELLUNO<\/strong> Domani alle 18, al ristorante &#8220;La Taverna&#8221; di Belluno, si terr\u00e0 una conversazione intitolata <em>Egeo Veneziano &#8211; Venezia e il Levante<\/em>. Protagonista dell&#8217;evento sar\u00e0 la giornalista e scrittrice Barbara Marengo, autrice del libro <em>Levante o gi\u00f9 di l\u00ec &#8211; storie vecchie e nuove di una viaggiatrice<\/em>. Modera l\u2019incontro Gianna Chemello, avvocato.<\/p>\n<p>&nbsp;<\/p>\n<p>&nbsp;<\/p>\n<hr \/>\n<p>&nbsp;<\/p>\n<p><strong><a class=\"dt-pswp-item\" href=\"https:\/\/www.radiopiu.net\/wordpress\/wp-content\/uploads\/2024\/11\/AMICI-MINERARI.png\" data-dt-img-description=\"\" data-large_image_width=\"209\" data-large_image_height=\"174\"><img loading=\"lazy\" decoding=\"async\" class=\"size-full wp-image-419180 alignleft\" src=\"https:\/\/www.radiopiu.net\/wordpress\/wp-content\/uploads\/2024\/11\/AMICI-MINERARI.png\" alt=\"\" width=\"209\" height=\"174\" \/><\/a>&#8220;Con gli Amici dei Minerari: Serate d&#8217;Inverno \u2013 un viaggio tra storia, scienza e meraviglie. Incontri presso la Sala con T\u00e0-Mis. Non mancare!&#8221;<\/strong><\/p>\n<ul>\n<li><em>Venerd\u00ec 22 novembre, ore 20:30<\/em>: &#8220;Ma le Dolomiti cosa sono? Dalla prosa di Dino Buzzati alla geologia di Bruno Castiglioni&#8221; \u2013 Relatore Danilo Giordano.<\/li>\n<li><em>Venerd\u00ec 20 dicembre, ore 20:30<\/em>: &#8220;La morfogenesi delle frane&#8221; \u2013 Relatore Prof. Vittorio Fenti.<\/li>\n<li><em>Venerd\u00ec 24 gennaio, ore 20:30<\/em>: &#8220;Il meraviglioso mondo dei fossili delle Dolomiti&#8221; \u2013 Relatore Danilo Giordano.<\/li>\n<li><em>Venerd\u00ec 21 febbraio, ore 20:30<\/em>: &#8220;Il traforo del Brennero: studio, progettazione e realizzazione&#8221; \u2013 Relatori Vittorio Fenti e Mario Guadagnini.<\/li>\n<\/ul>\n<p><strong>Vivi la cultura e la passione per la montagna!<\/strong><\/p>\n<p>&nbsp;<\/p>\n<p>&nbsp;<\/p>\n<hr \/>\n<p>&nbsp;<\/p>\n<blockquote>\n<h3><a class=\"dt-pswp-item\" href=\"https:\/\/www.radiopiu.net\/wordpress\/wp-content\/uploads\/2024\/11\/Dolomiti-Symphonia-scaled.jpg\" data-dt-img-description=\"\" data-large_image_width=\"2560\" data-large_image_height=\"1701\"><img loading=\"lazy\" decoding=\"async\" class=\" wp-image-420252 alignleft\" src=\"https:\/\/www.radiopiu.net\/wordpress\/wp-content\/uploads\/2024\/11\/Dolomiti-Symphonia-300x199.jpg\" alt=\"\" width=\"253\" height=\"168\" srcset=\"https:\/\/www.radiopiu.net\/wordpress\/wp-content\/uploads\/2024\/11\/Dolomiti-Symphonia-300x199.jpg 300w, https:\/\/www.radiopiu.net\/wordpress\/wp-content\/uploads\/2024\/11\/Dolomiti-Symphonia-1024x680.jpg 1024w, https:\/\/www.radiopiu.net\/wordpress\/wp-content\/uploads\/2024\/11\/Dolomiti-Symphonia-768x510.jpg 768w, https:\/\/www.radiopiu.net\/wordpress\/wp-content\/uploads\/2024\/11\/Dolomiti-Symphonia-1536x1021.jpg 1536w, https:\/\/www.radiopiu.net\/wordpress\/wp-content\/uploads\/2024\/11\/Dolomiti-Symphonia-2048x1361.jpg 2048w\" sizes=\"auto, (max-width: 253px) 100vw, 253px\" \/><\/a>UN CONCERTO PER L&#8217;ECCIDIO DI GENA<\/h3>\n<\/blockquote>\n<p><strong>SOSPIROLO<\/strong> In occasione dell&#8217;80\u00b0 anniversario dell&#8217;Eccidio di Gena, sabato 23 novembre alle 21:00, la Chiesa arcipretale di Sospirolo ospiter\u00e0 un concerto commemorativo. La Dolomiti Symphonia Orchestra di Belluno, insieme alla Corale Polifonica \u2018B. Marcello\u2019 di Mestre, eseguir\u00e0 una selezione dall\u2019oratorio <em>Il Messiah<\/em> di G. F. Haendel, focalizzata sui temi della passione, della morte e della fragilit\u00e0 umana. L\u2019evento, che riflette sulla ricerca di un senso di fronte al dolore e alla morte, celebra anche la collaborazione tra Dolomiti Symphonia e la Polifonica \u2018B. Marcello\u2019, rinomata per la sua attivit\u00e0 concertistica.<\/p>\n<p>&nbsp;<\/p>\n<hr \/>\n<div class=\"flex-1 overflow-hidden\">\n<div class=\"h-full\">\n<div class=\"react-scroll-to-bottom--css-munjv-79elbk h-full\">\n<div class=\"react-scroll-to-bottom--css-munjv-1n7m0yu\">\n<div class=\"flex flex-col text-sm\">\n<article class=\"w-full scroll-mb-[var(--thread-trailing-height,150px)] text-token-text-primary focus-visible:outline-2 focus-visible:outline-offset-[-4px]\" dir=\"auto\" data-testid=\"conversation-turn-21\" data-scroll-anchor=\"true\">\n<div class=\"m-auto text-base py-[18px] px-3 md:px-4 w-full md:px-5 lg:px-4 xl:px-5\">\n<div class=\"mx-auto flex flex-1 gap-4 text-base md:gap-5 lg:gap-6 md:max-w-3xl lg:max-w-[40rem] xl:max-w-[48rem]\">\n<div class=\"group\/conversation-turn relative flex w-full min-w-0 flex-col agent-turn\">\n<div class=\"flex-col gap-1 md:gap-3\">\n<div class=\"flex max-w-full flex-col flex-grow\">\n<div class=\"min-h-8 text-message flex w-full flex-col items-end gap-2 whitespace-normal break-words [.text-message+&amp;]:mt-5\" dir=\"auto\" data-message-author-role=\"assistant\" data-message-id=\"e18cfcdd-70df-4f94-a7bf-c03558b63c8f\" data-message-model-slug=\"gpt-4o\">\n<div class=\"flex w-full flex-col gap-1 empty:hidden first:pt-[3px]\">\n<div class=\"markdown prose w-full break-words dark:prose-invert dark\">\n<p><strong>\u00a0<\/strong><strong>\u00a0<\/strong><\/p>\n<blockquote><p><a class=\"dt-pswp-item\" href=\"https:\/\/www.radiopiu.net\/wordpress\/wp-content\/uploads\/2024\/11\/south-scaled.jpg\" data-dt-img-description=\"oplus_34\" data-large_image_width=\"2560\" data-large_image_height=\"1920\"><img loading=\"lazy\" decoding=\"async\" class=\" wp-image-420528 alignleft\" src=\"https:\/\/www.radiopiu.net\/wordpress\/wp-content\/uploads\/2024\/11\/south-300x225.jpg\" alt=\"\" width=\"251\" height=\"188\" srcset=\"https:\/\/www.radiopiu.net\/wordpress\/wp-content\/uploads\/2024\/11\/south-300x225.jpg 300w, https:\/\/www.radiopiu.net\/wordpress\/wp-content\/uploads\/2024\/11\/south-1024x768.jpg 1024w, https:\/\/www.radiopiu.net\/wordpress\/wp-content\/uploads\/2024\/11\/south-768x576.jpg 768w, https:\/\/www.radiopiu.net\/wordpress\/wp-content\/uploads\/2024\/11\/south-1536x1152.jpg 1536w, https:\/\/www.radiopiu.net\/wordpress\/wp-content\/uploads\/2024\/11\/south-2048x1536.jpg 2048w\" sizes=\"auto, (max-width: 251px) 100vw, 251px\" \/><\/a><\/p>\n<p><strong>Paolo Forte chiude in grande stile la rassegna \u201cMusica nell\u2019Agordino 2024\u201d<\/strong><\/p><\/blockquote>\n<p>Il fisarmonicista Paolo Forte ha regalato emozioni indimenticabili ad Agordo, con un concerto-improvvisazione di 90 minuti che ha accompagnato il film muto <em>South<\/em>. La pellicola racconta l\u2019epica spedizione di Sir Ernest Shackleton al Polo Sud, con Forte che ha saputo sottolinearne magistralmente ogni scena, alternando suoni onomatopeici a melodie fluide.<\/p>\n<p>Evento straordinario frutto della collaborazione tra cinque associazioni locali e sostenuto da numerosi enti e sponsor. Un successo che conferma Paolo Forte come protagonista indiscusso della musica dal vivo e che lascia il pubblico in attesa della sua prossima esibizione in Agordino.<\/p>\n<\/div>\n<\/div>\n<\/div>\n<\/div>\n<div class=\"mb-2 flex gap-3 empty:hidden -ml-2\">\n<div class=\"items-center justify-start rounded-xl p-1 flex\"><\/div>\n<\/div>\n<\/div>\n<\/div>\n<\/div>\n<\/div>\n<\/article>\n<\/div>\n<\/div>\n<\/div>\n<\/div>\n<\/div>\n<blockquote class=\"wp-embedded-content\" data-secret=\"Lvb7DuR0Pu\"><p><a href=\"https:\/\/www.radiopiu.net\/wordpress\/in-sala-don-tamis-lultimo-appuntamento-di-musica-nellagordino-2024\/\">IN SALA DON TAMIS L&#8217;ULTIMO APPUNTAMENTO DI MUSICA NELL&#8217;AGORDINO 2024<\/a><\/p><\/blockquote>\n<p><iframe loading=\"lazy\" class=\"wp-embedded-content\" sandbox=\"allow-scripts\" security=\"restricted\" style=\"position: absolute; visibility: hidden;\" title=\"&#8220;IN SALA DON TAMIS L&#8217;ULTIMO APPUNTAMENTO DI MUSICA NELL&#8217;AGORDINO 2024&#8221; &#8212; Radio Pi\u00f9\" src=\"https:\/\/www.radiopiu.net\/wordpress\/in-sala-don-tamis-lultimo-appuntamento-di-musica-nellagordino-2024\/embed\/#?secret=yzeMfg9Ddc#?secret=Lvb7DuR0Pu\" data-secret=\"Lvb7DuR0Pu\" width=\"600\" height=\"338\" frameborder=\"0\" marginwidth=\"0\" marginheight=\"0\" scrolling=\"no\"><\/iframe><\/p>\n<p>&nbsp;<\/p>\n<p>&nbsp;<\/p>\n<hr \/>\n<p>&nbsp;<\/p>\n<h2><span style=\"color: #ff6600;\">IERI ALLA RADIO<\/span><\/h2>\n<h2><span style=\"color: #800080;\">&#8220;DINTORN E FORA VIA&#8221;\u00a0 IL PROGRAMMA\u00a0 A CURA DEL MUSLA<\/span><\/h2>\n<p><strong><a class=\"dt-pswp-item\" href=\"https:\/\/www.radiopiu.net\/wordpress\/wp-content\/uploads\/2024\/04\/file-1.jpg\" data-dt-img-description=\"\" data-large_image_width=\"640\" data-large_image_height=\"640\"><img loading=\"lazy\" decoding=\"async\" class=\"wp-image-387869 alignleft\" src=\"https:\/\/www.radiopiu.net\/wordpress\/wp-content\/uploads\/2024\/04\/file-1-300x300.jpg\" alt=\"\" width=\"130\" height=\"130\" srcset=\"https:\/\/www.radiopiu.net\/wordpress\/wp-content\/uploads\/2024\/04\/file-1-300x300.jpg 300w, https:\/\/www.radiopiu.net\/wordpress\/wp-content\/uploads\/2024\/04\/file-1-150x150.jpg 150w, https:\/\/www.radiopiu.net\/wordpress\/wp-content\/uploads\/2024\/04\/file-1.jpg 640w\" sizes=\"auto, (max-width: 130px) 100vw, 130px\" \/><\/a>PUNTATA DEL 19 NOVEMBRE ELEONORA TROI<\/strong><\/p>\n<audio class=\"wp-audio-shortcode\" id=\"audio-420409-19\" preload=\"none\" style=\"width: 100%;\" controls=\"controls\"><source type=\"audio\/mpeg\" src=\"https:\/\/www.radiopiu.net\/wordpress\/wp-content\/uploads\/2024\/11\/MUSLA-4.mp3?_=19\" \/><a href=\"https:\/\/www.radiopiu.net\/wordpress\/wp-content\/uploads\/2024\/11\/MUSLA-4.mp3\">https:\/\/www.radiopiu.net\/wordpress\/wp-content\/uploads\/2024\/11\/MUSLA-4.mp3<\/a><\/audio>\n<p>&nbsp;<\/p>\n<h2>LA RACCOLTA COMPLETA <a href=\"https:\/\/www.radiopiu.net\/wordpress\/musla\/\"><span style=\"color: #3366ff;\">CLICCA QUI<\/span><\/a><\/h2>\n<p>&nbsp;<\/p>\n<hr \/>\n<p>&nbsp;<\/p>\n<h2><span style=\"color: #008000;\">EPCENTER, HOTEL SAN MARCO STORIA E TECNOLOGIA &#8211; SECONDA PUNTATA<\/span><\/h2>\n<p><strong>CON MIRKO MEZZACASA E FRANCESCO ZILIO DI EP CENTER<\/strong><\/p>\n<p><iframe loading=\"lazy\" title=\"EPCENTER, HOTEL SAN MARCO STORIA E TECNOLOGIA - SECONDA PUNTATA\" width=\"1200\" height=\"675\" src=\"https:\/\/www.youtube.com\/embed\/qbL_dX7C6Go?feature=oembed\" frameborder=\"0\" allow=\"accelerometer; autoplay; clipboard-write; encrypted-media; gyroscope; picture-in-picture; web-share\" referrerpolicy=\"strict-origin-when-cross-origin\" allowfullscreen><\/iframe><\/p>\n<p>&nbsp;<\/p>\n<hr \/>\n<p>&nbsp;<\/p>\n<h2><span style=\"color: #33cccc;\">DI MARTEDI&#8230; POMERIGGIO CON LUISA ALCHINI<\/span><\/h2>\n<p><span style=\"color: #ff0000;\"><strong><a class=\"dt-pswp-item\" href=\"https:\/\/www.radiopiu.net\/wordpress\/wp-content\/uploads\/2024\/11\/LKIGYUIAgvbiau.jpg\" data-dt-img-description=\"\" data-large_image_width=\"526\" data-large_image_height=\"360\"><img loading=\"lazy\" decoding=\"async\" class=\" wp-image-420458 alignleft\" src=\"https:\/\/www.radiopiu.net\/wordpress\/wp-content\/uploads\/2024\/11\/LKIGYUIAgvbiau-300x205.jpg\" alt=\"\" width=\"192\" height=\"131\" srcset=\"https:\/\/www.radiopiu.net\/wordpress\/wp-content\/uploads\/2024\/11\/LKIGYUIAgvbiau-300x205.jpg 300w, https:\/\/www.radiopiu.net\/wordpress\/wp-content\/uploads\/2024\/11\/LKIGYUIAgvbiau.jpg 526w\" sizes=\"auto, (max-width: 192px) 100vw, 192px\" \/><\/a>PUNTATA 19 PARTE UNO &#8211; SILVIA, EDUCATRICE IN RSA<\/strong><\/span><\/p>\n<audio class=\"wp-audio-shortcode\" id=\"audio-420409-20\" preload=\"none\" style=\"width: 100%;\" controls=\"controls\"><source type=\"audio\/mpeg\" src=\"https:\/\/www.radiopiu.net\/wordpress\/wp-content\/uploads\/2024\/11\/LP1-2.mp3?_=20\" \/><a href=\"https:\/\/www.radiopiu.net\/wordpress\/wp-content\/uploads\/2024\/11\/LP1-2.mp3\">https:\/\/www.radiopiu.net\/wordpress\/wp-content\/uploads\/2024\/11\/LP1-2.mp3<\/a><\/audio>\n<p><span style=\"color: #ff0000;\">\u00a0<\/span><\/p>\n<p><span style=\"color: #ff0000;\"><strong>PARTE DUE<\/strong><\/span><\/p>\n<audio class=\"wp-audio-shortcode\" id=\"audio-420409-21\" preload=\"none\" style=\"width: 100%;\" controls=\"controls\"><source type=\"audio\/mpeg\" src=\"https:\/\/www.radiopiu.net\/wordpress\/wp-content\/uploads\/2024\/11\/LP2-2.mp3?_=21\" \/><a href=\"https:\/\/www.radiopiu.net\/wordpress\/wp-content\/uploads\/2024\/11\/LP2-2.mp3\">https:\/\/www.radiopiu.net\/wordpress\/wp-content\/uploads\/2024\/11\/LP2-2.mp3<\/a><\/audio>\n<p>&nbsp;<\/p>\n<h2>LA RACCOLTA COMPLETA <a href=\"https:\/\/www.radiopiu.net\/wordpress\/lmt19\/\"><span style=\"color: #3366ff;\">CLICCA QUI<\/span><\/a><\/h2>\n<p>&nbsp;<\/p>\n<hr \/>\n<p>&nbsp;<\/p>\n<h2><span style=\"color: #ff00ff;\">SCUOLA APERTA AL FOLLADOR DE ROSSI<\/span><\/h2>\n<p><a class=\"dt-pswp-item\" href=\"https:\/\/www.radiopiu.net\/wordpress\/wp-content\/uploads\/2024\/09\/FOLLADOR.jpg\" data-dt-img-description=\"\" data-large_image_width=\"1280\" data-large_image_height=\"720\"><img loading=\"lazy\" decoding=\"async\" class=\" wp-image-411383 alignleft\" src=\"https:\/\/www.radiopiu.net\/wordpress\/wp-content\/uploads\/2024\/09\/FOLLADOR-300x169.jpg\" alt=\"\" width=\"151\" height=\"85\" srcset=\"https:\/\/www.radiopiu.net\/wordpress\/wp-content\/uploads\/2024\/09\/FOLLADOR-300x169.jpg 300w, https:\/\/www.radiopiu.net\/wordpress\/wp-content\/uploads\/2024\/09\/FOLLADOR-1024x576.jpg 1024w, https:\/\/www.radiopiu.net\/wordpress\/wp-content\/uploads\/2024\/09\/FOLLADOR-768x432.jpg 768w, https:\/\/www.radiopiu.net\/wordpress\/wp-content\/uploads\/2024\/09\/FOLLADOR.jpg 1280w\" sizes=\"auto, (max-width: 151px) 100vw, 151px\" \/><\/a>SETTIMANA SPECIALE ALLA RADIO&#8230; FOLLADOR DE ROSSI! L&#8217;OFFERTA SCOLASTICA DALL&#8217;AGORDINA, DA AGORDO A FALCADE, GIORNO PER GIORNO SCOPRIAMO L&#8217;ISTITUTO MINERARIO, CHIMICO, IL LICEO, LE PECULIARITA&#8217; DELLA SCUOLA DI FALCADE CON ANNESSO CONVITTO<\/p>\n<p>&nbsp;<\/p>\n<p><strong><a class=\"dt-pswp-item\" href=\"https:\/\/www.radiopiu.net\/wordpress\/wp-content\/uploads\/2024\/11\/CHIMICA.jpg\" data-dt-img-description=\"\" data-large_image_width=\"1280\" data-large_image_height=\"847\"><img loading=\"lazy\" decoding=\"async\" class=\" wp-image-420446 alignleft\" src=\"https:\/\/www.radiopiu.net\/wordpress\/wp-content\/uploads\/2024\/11\/CHIMICA-300x199.jpg\" alt=\"\" width=\"201\" height=\"133\" srcset=\"https:\/\/www.radiopiu.net\/wordpress\/wp-content\/uploads\/2024\/11\/CHIMICA-300x199.jpg 300w, https:\/\/www.radiopiu.net\/wordpress\/wp-content\/uploads\/2024\/11\/CHIMICA-1024x678.jpg 1024w, https:\/\/www.radiopiu.net\/wordpress\/wp-content\/uploads\/2024\/11\/CHIMICA-768x508.jpg 768w, https:\/\/www.radiopiu.net\/wordpress\/wp-content\/uploads\/2024\/11\/CHIMICA.jpg 1280w\" sizes=\"auto, (max-width: 201px) 100vw, 201px\" \/><\/a>PUNTATA 02\u00a0<\/strong><\/p>\n<blockquote>\n<h2>L&#8217;INDIRIZZO CHIMICA E MATERIALI<\/h2>\n<\/blockquote>\n<audio class=\"wp-audio-shortcode\" id=\"audio-420409-22\" preload=\"none\" style=\"width: 100%;\" controls=\"controls\"><source type=\"audio\/mpeg\" src=\"https:\/\/www.radiopiu.net\/wordpress\/wp-content\/uploads\/2024\/11\/FOLLADOR-2-MARTEDI.mp3?_=22\" \/><a href=\"https:\/\/www.radiopiu.net\/wordpress\/wp-content\/uploads\/2024\/11\/FOLLADOR-2-MARTEDI.mp3\">https:\/\/www.radiopiu.net\/wordpress\/wp-content\/uploads\/2024\/11\/FOLLADOR-2-MARTEDI.mp3<\/a><\/audio>\n<p>&nbsp;<\/p>\n<hr \/>\n<p>&nbsp;<\/p>\n<blockquote>\n<h2>EVA E PETRA E FABER CON IL CIRCOLO SARDI<\/h2>\n<\/blockquote>\n<p><strong>BELLUNO<\/strong> Il Circolo Sardi di Belluno organizza due eventi teatrali nella sala parrocchiale di Cavarzano. Venerd\u00ec alle 20:30 va in scena un monologo sull\u2019eccidio di Buggerru del 1904, con Fabrizio Passerotti, regia di Giulia d&#8217;Agostini e testo di Gianni Loy, accompagnato dai disegni di Francesco Del Casino. La storia esplora i drammi sociali e il potere dell\u2019amicizia, con ingresso gratuito. Sabato 23 novembre, sempre alle 20:30, sar\u00e0 il turno di <em>Faber, il canto della terra<\/em>, con Passerotti, musiche dal vivo di Stefano Migneco, testo di Giammaria Monti e regia di Raimondo Riu. Questo monologo rilegge in chiave teatrale i temi poetici di Fabrizio De Andr\u00e9, con un approccio essenziale che mette al centro la forza dei testi delle sue canzoni. Per informazioni, contattare Roberto Agus al 3886458895 o via email: <a rel=\"noopener\">robertoagus2@gmail.com<\/a>.<\/p>\n<p><a class=\"dt-pswp-item\" href=\"https:\/\/www.radiopiu.net\/wordpress\/wp-content\/uploads\/2024\/11\/Locandina-Eva-e-Petra.jpg\" data-dt-img-description=\"\" data-large_image_width=\"1050\" data-large_image_height=\"1600\"><img loading=\"lazy\" decoding=\"async\" class=\"alignnone size-medium wp-image-420335\" src=\"https:\/\/www.radiopiu.net\/wordpress\/wp-content\/uploads\/2024\/11\/Locandina-Eva-e-Petra-197x300.jpg\" alt=\"\" width=\"197\" height=\"300\" srcset=\"https:\/\/www.radiopiu.net\/wordpress\/wp-content\/uploads\/2024\/11\/Locandina-Eva-e-Petra-197x300.jpg 197w, https:\/\/www.radiopiu.net\/wordpress\/wp-content\/uploads\/2024\/11\/Locandina-Eva-e-Petra-672x1024.jpg 672w, https:\/\/www.radiopiu.net\/wordpress\/wp-content\/uploads\/2024\/11\/Locandina-Eva-e-Petra-768x1170.jpg 768w, https:\/\/www.radiopiu.net\/wordpress\/wp-content\/uploads\/2024\/11\/Locandina-Eva-e-Petra-1008x1536.jpg 1008w, https:\/\/www.radiopiu.net\/wordpress\/wp-content\/uploads\/2024\/11\/Locandina-Eva-e-Petra.jpg 1050w\" sizes=\"auto, (max-width: 197px) 100vw, 197px\" \/><\/a><img loading=\"lazy\" decoding=\"async\" class=\"alignnone size-medium wp-image-420334\" src=\"https:\/\/www.radiopiu.net\/wordpress\/wp-content\/uploads\/2024\/11\/Locandina-FABER-1-1-198x300.jpg\" alt=\"\" width=\"198\" height=\"300\" srcset=\"https:\/\/www.radiopiu.net\/wordpress\/wp-content\/uploads\/2024\/11\/Locandina-FABER-1-1-198x300.jpg 198w, https:\/\/www.radiopiu.net\/wordpress\/wp-content\/uploads\/2024\/11\/Locandina-FABER-1-1-675x1024.jpg 675w, https:\/\/www.radiopiu.net\/wordpress\/wp-content\/uploads\/2024\/11\/Locandina-FABER-1-1-768x1165.jpg 768w, https:\/\/www.radiopiu.net\/wordpress\/wp-content\/uploads\/2024\/11\/Locandina-FABER-1-1-1013x1536.jpg 1013w, https:\/\/www.radiopiu.net\/wordpress\/wp-content\/uploads\/2024\/11\/Locandina-FABER-1-1.jpg 1055w\" sizes=\"auto, (max-width: 198px) 100vw, 198px\" \/><\/p>\n<p>&nbsp;<\/p>\n<p>&nbsp;<\/p>\n<p>&nbsp;<\/p>\n<hr \/>\n<p>&nbsp;<\/p>\n<blockquote>\n<h2>Concerto in memoria di Igor Roldo: solidariet\u00e0 e musica al Piccolo Teatro Pierobon<\/h2>\n<\/blockquote>\n<div class=\"flex-1 overflow-hidden\">\n<div class=\"h-full\">\n<div class=\"react-scroll-to-bottom--css-iaghl-79elbk h-full\">\n<div class=\"react-scroll-to-bottom--css-iaghl-1n7m0yu\">\n<div class=\"flex flex-col text-sm md:pb-9\">\n<article class=\"w-full scroll-mb-[var(--thread-trailing-height)] text-token-text-primary focus-visible:outline-2 focus-visible:outline-offset-[-4px]\" dir=\"auto\" data-testid=\"conversation-turn-27\" data-scroll-anchor=\"true\">\n<div class=\"m-auto text-base py-[18px] px-3 md:px-4 w-full md:px-5 lg:px-4 xl:px-5\">\n<div class=\"mx-auto flex flex-1 gap-4 text-base md:gap-5 lg:gap-6 md:max-w-3xl lg:max-w-[40rem] xl:max-w-[48rem]\">\n<div class=\"group\/conversation-turn relative flex w-full min-w-0 flex-col agent-turn\">\n<div class=\"flex-col gap-1 md:gap-3\">\n<div class=\"flex max-w-full flex-col flex-grow\">\n<div class=\"min-h-8 text-message flex w-full flex-col items-end gap-2 whitespace-normal break-words [.text-message+&amp;]:mt-5\" dir=\"auto\" data-message-author-role=\"assistant\" data-message-id=\"2f1985a1-38a8-441c-a356-ef2248e23e98\" data-message-model-slug=\"gpt-4o\">\n<div class=\"flex w-full flex-col gap-1 empty:hidden first:pt-[3px]\">\n<div class=\"markdown prose w-full break-words dark:prose-invert dark\">\n<p><strong><a class=\"dt-pswp-item\" href=\"https:\/\/www.radiopiu.net\/wordpress\/wp-content\/uploads\/2024\/11\/4-foto.jpg\" data-dt-img-description=\"\" data-large_image_width=\"1410\" data-large_image_height=\"1267\"><img loading=\"lazy\" decoding=\"async\" class=\"wp-image-419353 alignleft\" src=\"https:\/\/www.radiopiu.net\/wordpress\/wp-content\/uploads\/2024\/11\/4-foto-300x270.jpg\" alt=\"\" width=\"157\" height=\"141\" srcset=\"https:\/\/www.radiopiu.net\/wordpress\/wp-content\/uploads\/2024\/11\/4-foto-300x270.jpg 300w, https:\/\/www.radiopiu.net\/wordpress\/wp-content\/uploads\/2024\/11\/4-foto-1024x920.jpg 1024w, https:\/\/www.radiopiu.net\/wordpress\/wp-content\/uploads\/2024\/11\/4-foto-768x690.jpg 768w, https:\/\/www.radiopiu.net\/wordpress\/wp-content\/uploads\/2024\/11\/4-foto.jpg 1410w\" sizes=\"auto, (max-width: 157px) 100vw, 157px\" \/><\/a>PONTE NELLE ALPI<\/strong> Sabato 30 novembre, il Piccolo Teatro Pierobon ospiter\u00e0 un concerto in ricordo di Igor Roldo, scomparso un anno fa. Organizzato da WR Events e Comitato Pollicino, l&#8217;evento celebra la memoria di Roldo, 58 anni, noto dirigente del San Giorgio Calcio e ideatore del Festival musicale di Pian dei Castaldi. Considerato un talent scout, Roldo ha sempre supportato nuove formazioni musicali, promuovendo eventi per finanziare progetti solidali del Comitato Pollicino, dedicato ai bambini bisognosi di Petrosani, Romania. La serata sar\u00e0 animata dall\u2019Uncle Frank Project, composto da Franco De Poli, Alberto Mambrini, Andrea Cuzzuol e Mauro De Luca, noti per i loro concerti a scopo benefico. Sul palco, il quartetto racconter\u00e0 l\u2019evoluzione della chitarra attraverso diversi stili musicali, mostrando come questo strumento rimanga centrale nel sound moderno. Il concerto \u00e8 patrocinato dal Comune di Ponte nelle Alpi e prevede ingresso a offerta libera. Tutto il ricavato andr\u00e0 al Comitato Pollicino, proseguendo l\u2019impegno di Roldo nel coniugare musica e solidariet\u00e0.<\/p>\n<\/div>\n<\/div>\n<\/div>\n<\/div>\n<\/div>\n<\/div>\n<\/div>\n<\/div>\n<\/article>\n<\/div>\n<\/div>\n<\/div>\n<\/div>\n<\/div>\n<p>&nbsp;<\/p>\n<p>&nbsp;<\/p>\n<p>&nbsp;<\/p>\n<hr \/>\n<p>&nbsp;<\/p>\n<h2><span style=\"color: #ff0000;\"><a class=\"dt-pswp-item\" href=\"https:\/\/www.radiopiu.net\/wordpress\/wp-content\/uploads\/2018\/09\/appuntamenti.jpeg\" data-dt-img-description=\"\" data-large_image_width=\"800\" data-large_image_height=\"100\"><img loading=\"lazy\" decoding=\"async\" class=\"wp-image-61958 size-full aligncenter\" src=\"https:\/\/www.radiopiu.net\/wordpress\/wp-content\/uploads\/2018\/09\/appuntamenti.jpeg\" alt=\"\" width=\"800\" height=\"100\" srcset=\"https:\/\/www.radiopiu.net\/wordpress\/wp-content\/uploads\/2018\/09\/appuntamenti.jpeg 800w, https:\/\/www.radiopiu.net\/wordpress\/wp-content\/uploads\/2018\/09\/appuntamenti-300x38.jpeg 300w, https:\/\/www.radiopiu.net\/wordpress\/wp-content\/uploads\/2018\/09\/appuntamenti-768x96.jpeg 768w\" sizes=\"auto, (max-width: 800px) 100vw, 800px\" \/><\/a><\/span><\/h2>\n<p>&nbsp;<\/p>\n<div style=\"width: 1200px;\" class=\"wp-video\"><video class=\"wp-video-shortcode\" id=\"video-420409-1\" width=\"1200\" height=\"675\" preload=\"metadata\" controls=\"controls\"><source type=\"video\/mp4\" src=\"https:\/\/www.radiopiu.net\/wordpress\/wp-content\/uploads\/2024\/10\/WhatsApp-Video-2024-10-23-at-00.12.10.mp4?_=1\" \/><a href=\"https:\/\/www.radiopiu.net\/wordpress\/wp-content\/uploads\/2024\/10\/WhatsApp-Video-2024-10-23-at-00.12.10.mp4\">https:\/\/www.radiopiu.net\/wordpress\/wp-content\/uploads\/2024\/10\/WhatsApp-Video-2024-10-23-at-00.12.10.mp4<\/a><\/video><\/div>\n<p><strong>\u00a0<\/strong><\/p>\n<p>&nbsp;<\/p>\n<div class=\"flex-shrink-0 flex flex-col relative items-end\">\n<div class=\"pt-0\">\n<div class=\"gizmo-bot-avatar flex h-8 w-8 items-center justify-center overflow-hidden rounded-full\">\n<p class=\"relative p-1 rounded-sm flex items-center justify-center bg-token-main-surface-primary text-token-text-primary h-8 w-8\"><strong>CANALE D&#8217;AGORDO <\/strong>Jazzercise \u00e8 un allenamento ad alta intensit\u00e0 che combina danza, pilates, yoga e kickboxing, adatto a tutti i livelli di fitness. \u00c8 efficace per tonificare i muscoli, migliorare la postura e ottenere un fisico snello. Nell&#8217;Agordino, le lezioni si tengono a Canale d&#8217;Agordo, nella sala ex emigranti di via Lotta, il luned\u00ec dalle 18:15 alle 19:15 e il mercoled\u00ec dalle 18:30 alle 19:30. L&#8217;istruttrice certificata RaLuca ti aspetta per un allenamento coinvolgente al ritmo di musica attuale. Per informazioni: 347 9295478<\/p>\n<\/div>\n<\/div>\n<\/div>\n<p><strong>FALCADE<\/strong> Le cena della classe 1974 dei coscritti dell&#8217;<strong>Agordino<\/strong> si terr\u00e0\u00a0 sabato 30 novembre\u00a0 a Falcade, Hotel Stella Alpina. La cena e&#8217; aperta ai nati nel 1974 nei 16 comuni dell&#8217;Agordino, e sara&#8217; un&#8217;occasione di ritrovo,\u00a0 dopo tanto tempo e festeggiare il mezzo secolo.Info\u00a0 3478120853<\/p>\n<p>&nbsp;<\/p>\n<p>&nbsp;<\/p>\n<div>\n<div class=\"\" dir=\"auto\">\n<div id=\":r9h:\" class=\"x1iorvi4 x1pi30zi x1l90r2v x1swvt13\" data-ad-comet-preview=\"message\" data-ad-preview=\"message\">\n\n\t\t\t<style type='text\/css'>\n\t\t\t\t#gallery-3 {\n\t\t\t\t\tmargin: auto;\n\t\t\t\t}\n\t\t\t\t#gallery-3 .gallery-item {\n\t\t\t\t\tfloat: left;\n\t\t\t\t\tmargin-top: 10px;\n\t\t\t\t\ttext-align: center;\n\t\t\t\t\twidth: 25%;\n\t\t\t\t}\n\t\t\t\t#gallery-3 img {\n\t\t\t\t\tborder: 2px solid #cfcfcf;\n\t\t\t\t}\n\t\t\t\t#gallery-3 .gallery-caption {\n\t\t\t\t\tmargin-left: 0;\n\t\t\t\t}\n\t\t\t\t\/* see gallery_shortcode() in wp-includes\/media.php *\/\n\t\t\t<\/style>\n\t\t<div id='gallery-3' class='dt-gallery-container gallery galleryid-420409 gallery-columns-4 gallery-size-thumbnail'><dl class='gallery-item'>\n\t\t\t\t<dt class='gallery-icon portrait'>\n\t\t\t\t\t<a class=\"rollover rollover-zoom dt-pswp-item\" title=\"967a322c-9996-42d7-af75-662ca7d89e84\" data-dt-img-description=\"\" data-large_image_width=\"1080\" data-large_image_height=\"1519\"href='https:\/\/www.radiopiu.net\/wordpress\/wp-content\/uploads\/2024\/10\/967a322c-9996-42d7-af75-662ca7d89e84-1.jpg'><img loading=\"lazy\" decoding=\"async\" width=\"150\" height=\"150\" src=\"https:\/\/www.radiopiu.net\/wordpress\/wp-content\/uploads\/2024\/10\/967a322c-9996-42d7-af75-662ca7d89e84-1-150x150.jpg\" class=\"attachment-thumbnail size-thumbnail\" alt=\"\" aria-describedby=\"gallery-3-413698\" \/><\/a>\n\t\t\t\t<\/dt>\n\t\t\t\t\t<dd class='wp-caption-text gallery-caption' id='gallery-3-413698'>\n\t\t\t\t\tDOMANI\n\t\t\t\t\t<\/dd><\/dl><dl class='gallery-item'>\n\t\t\t\t<dt class='gallery-icon portrait'>\n\t\t\t\t\t<a class=\"rollover rollover-zoom dt-pswp-item\" title=\"manifesto serate invernali\" data-dt-img-description=\"\" data-large_image_width=\"1683\" data-large_image_height=\"2383\"href='https:\/\/www.radiopiu.net\/wordpress\/wp-content\/uploads\/2024\/11\/manifesto-serate-invernali.jpg'><img loading=\"lazy\" decoding=\"async\" width=\"150\" height=\"150\" src=\"https:\/\/www.radiopiu.net\/wordpress\/wp-content\/uploads\/2024\/11\/manifesto-serate-invernali-150x150.jpg\" class=\"attachment-thumbnail size-thumbnail\" alt=\"\" aria-describedby=\"gallery-3-418816\" \/><\/a>\n\t\t\t\t<\/dt>\n\t\t\t\t\t<dd class='wp-caption-text gallery-caption' id='gallery-3-418816'>\n\t\t\t\t\t21 FEBBRAIO\n\t\t\t\t\t<\/dd><\/dl><dl class='gallery-item'>\n\t\t\t\t<dt class='gallery-icon portrait'>\n\t\t\t\t\t<a class=\"rollover rollover-zoom dt-pswp-item\" title=\"Locandina proiezione docufilm I Belumat international 2024\" data-dt-img-description=\"\" data-large_image_width=\"720\" data-large_image_height=\"1040\"href='https:\/\/www.radiopiu.net\/wordpress\/wp-content\/uploads\/2024\/11\/Locandina-proiezione-docufilm-I-Belumat-international-2024.jpg'><img loading=\"lazy\" decoding=\"async\" width=\"150\" height=\"150\" src=\"https:\/\/www.radiopiu.net\/wordpress\/wp-content\/uploads\/2024\/11\/Locandina-proiezione-docufilm-I-Belumat-international-2024-150x150.jpg\" class=\"attachment-thumbnail size-thumbnail\" alt=\"\" aria-describedby=\"gallery-3-420471\" \/><\/a>\n\t\t\t\t<\/dt>\n\t\t\t\t\t<dd class='wp-caption-text gallery-caption' id='gallery-3-420471'>\n\t\t\t\t\tIL DOCUFILM A LIMANA\n\t\t\t\t\t<\/dd><\/dl><dl class='gallery-item'>\n\t\t\t\t<dt class='gallery-icon portrait'>\n\t\t\t\t\t<a class=\"rollover rollover-zoom dt-pswp-item\" title=\"PL_Sosp_A4_CENE\" data-dt-img-description=\"\" data-large_image_width=\"992\" data-large_image_height=\"1403\"href='https:\/\/www.radiopiu.net\/wordpress\/wp-content\/uploads\/2024\/11\/PL_Sosp_A4_CENE.jpg'><img loading=\"lazy\" decoding=\"async\" width=\"150\" height=\"150\" src=\"https:\/\/www.radiopiu.net\/wordpress\/wp-content\/uploads\/2024\/11\/PL_Sosp_A4_CENE-150x150.jpg\" class=\"attachment-thumbnail size-thumbnail\" alt=\"\" aria-describedby=\"gallery-3-419072\" \/><\/a>\n\t\t\t\t<\/dt>\n\t\t\t\t\t<dd class='wp-caption-text gallery-caption' id='gallery-3-419072'>\n\t\t\t\t\tCON LA PRO LOCO MONTI DEL SOLE\n\t\t\t\t\t<\/dd><\/dl><br style=\"clear: both\" \/><dl class='gallery-item'>\n\t\t\t\t<dt class='gallery-icon portrait'>\n\t\t\t\t\t<a class=\"rollover rollover-zoom dt-pswp-item\" title=\"4448afab-7b66-4760-8c53-e411b845306d\" data-dt-img-description=\"\" data-large_image_width=\"1144\" data-large_image_height=\"1600\"href='https:\/\/www.radiopiu.net\/wordpress\/wp-content\/uploads\/2024\/11\/4448afab-7b66-4760-8c53-e411b845306d.jpg'><img loading=\"lazy\" decoding=\"async\" width=\"150\" height=\"150\" src=\"https:\/\/www.radiopiu.net\/wordpress\/wp-content\/uploads\/2024\/11\/4448afab-7b66-4760-8c53-e411b845306d-150x150.jpg\" class=\"attachment-thumbnail size-thumbnail\" alt=\"\" aria-describedby=\"gallery-3-419621\" \/><\/a>\n\t\t\t\t<\/dt>\n\t\t\t\t\t<dd class='wp-caption-text gallery-caption' id='gallery-3-419621'>\n\t\t\t\t\tIL FINE SETTIMANA A CAVIOLA\n\t\t\t\t\t<\/dd><\/dl><dl class='gallery-item'>\n\t\t\t\t<dt class='gallery-icon portrait'>\n\t\t\t\t\t<a class=\"rollover rollover-zoom dt-pswp-item\" title=\"IL FILO ROSSO TRA ARRIGO E LENOR\" data-dt-img-description=\"\" data-large_image_width=\"841\" data-large_image_height=\"1190\"href='https:\/\/www.radiopiu.net\/wordpress\/wp-content\/uploads\/2024\/11\/IL-FILO-ROSSO-TRA-ARRIGO-E-LENOR.jpg'><img loading=\"lazy\" decoding=\"async\" width=\"150\" height=\"150\" src=\"https:\/\/www.radiopiu.net\/wordpress\/wp-content\/uploads\/2024\/11\/IL-FILO-ROSSO-TRA-ARRIGO-E-LENOR-150x150.jpg\" class=\"attachment-thumbnail size-thumbnail\" alt=\"\" aria-describedby=\"gallery-3-420249\" \/><\/a>\n\t\t\t\t<\/dt>\n\t\t\t\t\t<dd class='wp-caption-text gallery-caption' id='gallery-3-420249'>\n\t\t\t\t\tAL PICCOLO TEATRO PIEROBON\n\t\t\t\t\t<\/dd><\/dl><dl class='gallery-item'>\n\t\t\t\t<dt class='gallery-icon portrait'>\n\t\t\t\t\t<a class=\"rollover rollover-zoom dt-pswp-item\" title=\"TIB_Locandina_A3_Orso (1)\" data-dt-img-description=\"\" data-large_image_width=\"858\" data-large_image_height=\"1207\"href='https:\/\/www.radiopiu.net\/wordpress\/wp-content\/uploads\/2024\/11\/TIB_Locandina_A3_Orso-1.jpg'><img loading=\"lazy\" decoding=\"async\" width=\"150\" height=\"150\" src=\"https:\/\/www.radiopiu.net\/wordpress\/wp-content\/uploads\/2024\/11\/TIB_Locandina_A3_Orso-1-150x150.jpg\" class=\"attachment-thumbnail size-thumbnail\" alt=\"\" aria-describedby=\"gallery-3-420259\" \/><\/a>\n\t\t\t\t<\/dt>\n\t\t\t\t\t<dd class='wp-caption-text gallery-caption' id='gallery-3-420259'>\n\t\t\t\t\tDOMENICA A BELLUNO\n\t\t\t\t\t<\/dd><\/dl><dl class='gallery-item'>\n\t\t\t\t<dt class='gallery-icon portrait'>\n\t\t\t\t\t<a class=\"rollover rollover-zoom dt-pswp-item\" title=\"41f0eb19-6c8b-40db-a950-17a74dc36554\" data-dt-img-description=\"\" data-large_image_width=\"1131\" data-large_image_height=\"1600\"href='https:\/\/www.radiopiu.net\/wordpress\/wp-content\/uploads\/2024\/11\/41f0eb19-6c8b-40db-a950-17a74dc36554.jpg'><img loading=\"lazy\" decoding=\"async\" width=\"150\" height=\"150\" src=\"https:\/\/www.radiopiu.net\/wordpress\/wp-content\/uploads\/2024\/11\/41f0eb19-6c8b-40db-a950-17a74dc36554-150x150.jpg\" class=\"attachment-thumbnail size-thumbnail\" alt=\"\" aria-describedby=\"gallery-3-420248\" \/><\/a>\n\t\t\t\t<\/dt>\n\t\t\t\t\t<dd class='wp-caption-text gallery-caption' id='gallery-3-420248'>\n\t\t\t\t\tIL CONCERTO A CENCENIGHE\n\t\t\t\t\t<\/dd><\/dl><br style=\"clear: both\" \/><dl class='gallery-item'>\n\t\t\t\t<dt class='gallery-icon portrait'>\n\t\t\t\t\t<a class=\"rollover rollover-zoom dt-pswp-item\" title=\"Ciao Igor copia\" data-dt-img-description=\"\" data-large_image_width=\"453\" data-large_image_height=\"640\"href='https:\/\/www.radiopiu.net\/wordpress\/wp-content\/uploads\/2024\/11\/Ciao-Igor-copia.jpeg'><img loading=\"lazy\" decoding=\"async\" width=\"150\" height=\"150\" src=\"https:\/\/www.radiopiu.net\/wordpress\/wp-content\/uploads\/2024\/11\/Ciao-Igor-copia-150x150.jpeg\" class=\"attachment-thumbnail size-thumbnail\" alt=\"\" aria-describedby=\"gallery-3-419352\" \/><\/a>\n\t\t\t\t<\/dt>\n\t\t\t\t\t<dd class='wp-caption-text gallery-caption' id='gallery-3-419352'>\n\t\t\t\t\tIN MEMORIA DI IGOR\n\t\t\t\t\t<\/dd><\/dl><dl class='gallery-item'>\n\t\t\t\t<dt class='gallery-icon portrait'>\n\t\t\t\t\t<a class=\"rollover rollover-zoom dt-pswp-item\" title=\"formula_3_loc\" data-dt-img-description=\"\" data-large_image_width=\"600\" data-large_image_height=\"821\"href='https:\/\/www.radiopiu.net\/wordpress\/wp-content\/uploads\/2024\/11\/formula_3_loc.jpg'><img loading=\"lazy\" decoding=\"async\" width=\"150\" height=\"150\" src=\"https:\/\/www.radiopiu.net\/wordpress\/wp-content\/uploads\/2024\/11\/formula_3_loc-150x150.jpg\" class=\"attachment-thumbnail size-thumbnail\" alt=\"\" aria-describedby=\"gallery-3-419609\" \/><\/a>\n\t\t\t\t<\/dt>\n\t\t\t\t\t<dd class='wp-caption-text gallery-caption' id='gallery-3-419609'>\n\t\t\t\t\tI FORMULA 3 A BELLUNO\n\t\t\t\t\t<\/dd><\/dl><dl class='gallery-item'>\n\t\t\t\t<dt class='gallery-icon portrait'>\n\t\t\t\t\t<a class=\"rollover rollover-zoom dt-pswp-item\" title=\"7aaa7683-d014-4c9c-8c3a-b4df70977517\" data-dt-img-description=\"\" data-large_image_width=\"1088\" data-large_image_height=\"1550\"href='https:\/\/www.radiopiu.net\/wordpress\/wp-content\/uploads\/2024\/11\/7aaa7683-d014-4c9c-8c3a-b4df70977517.jpg'><img loading=\"lazy\" decoding=\"async\" width=\"150\" height=\"150\" src=\"https:\/\/www.radiopiu.net\/wordpress\/wp-content\/uploads\/2024\/11\/7aaa7683-d014-4c9c-8c3a-b4df70977517-150x150.jpg\" class=\"attachment-thumbnail size-thumbnail\" alt=\"\" aria-describedby=\"gallery-3-420557\" \/><\/a>\n\t\t\t\t<\/dt>\n\t\t\t\t\t<dd class='wp-caption-text gallery-caption' id='gallery-3-420557'>\n\t\t\t\t\tDOMENICA A BELLUNO\n\t\t\t\t\t<\/dd><\/dl><dl class='gallery-item'>\n\t\t\t\t<dt class='gallery-icon portrait'>\n\t\t\t\t\t<a class=\"rollover rollover-zoom dt-pswp-item\" title=\"a33d4b1a-4183-4aeb-872d-b9ead0664bc8\" data-dt-img-description=\"\" data-large_image_width=\"905\" data-large_image_height=\"1280\"href='https:\/\/www.radiopiu.net\/wordpress\/wp-content\/uploads\/2024\/11\/a33d4b1a-4183-4aeb-872d-b9ead0664bc8.jpg'><img loading=\"lazy\" decoding=\"async\" width=\"150\" height=\"150\" src=\"https:\/\/www.radiopiu.net\/wordpress\/wp-content\/uploads\/2024\/11\/a33d4b1a-4183-4aeb-872d-b9ead0664bc8-150x150.jpg\" class=\"attachment-thumbnail size-thumbnail\" alt=\"\" aria-describedby=\"gallery-3-420564\" \/><\/a>\n\t\t\t\t<\/dt>\n\t\t\t\t\t<dd class='wp-caption-text gallery-caption' id='gallery-3-420564'>\n\t\t\t\t\tSABATO A BELLUNO\n\t\t\t\t\t<\/dd><\/dl><br style=\"clear: both\" \/>\n\t\t\t<\/div>\n\n<\/div>\n<\/div>\n<\/div>\n<p>&nbsp;<\/p>\n<hr \/>\n<p>&nbsp;<\/p>\n<p class=\"mceTemp\"><a class=\"dt-pswp-item\" href=\"https:\/\/www.radiopiu.net\/wordpress\/wp-content\/uploads\/2018\/09\/WhatsApp-Image-2018-09-20-at-16.04.06.jpeg\" data-dt-img-description=\"\" data-large_image_width=\"800\" data-large_image_height=\"100\"><img loading=\"lazy\" decoding=\"async\" class=\"wp-image-61378 size-full aligncenter\" src=\"https:\/\/www.radiopiu.net\/wordpress\/wp-content\/uploads\/2018\/09\/WhatsApp-Image-2018-09-20-at-16.04.06.jpeg\" alt=\"\" width=\"800\" height=\"100\" srcset=\"https:\/\/www.radiopiu.net\/wordpress\/wp-content\/uploads\/2018\/09\/WhatsApp-Image-2018-09-20-at-16.04.06.jpeg 800w, https:\/\/www.radiopiu.net\/wordpress\/wp-content\/uploads\/2018\/09\/WhatsApp-Image-2018-09-20-at-16.04.06-300x38.jpeg 300w, https:\/\/www.radiopiu.net\/wordpress\/wp-content\/uploads\/2018\/09\/WhatsApp-Image-2018-09-20-at-16.04.06-768x96.jpeg 768w\" sizes=\"auto, (max-width: 800px) 100vw, 800px\" \/><\/a><\/p>\n<p><center><\/center><center><\/center><center><b>\u00a0<\/b><\/center><center><b>OGGI<\/b><\/center>Nella notte cielo molto nuvoloso o coperto con qualche modestissimo fenomeno specie sulle Dolomiti settentrionali. In mattinata netto miglioramento del tempo ovunque con cielo tendente a divenire sereno o poco nuvoloso.<br \/>\n<b>Precipitazioni: <\/b>Nottetempo e fino all&#8217;alba sulle Dolomiti possibili modesti fenomeni da locali a sparsi specie sui rilievi di confine con il Trentino Alto Adige dove il limite delle nevicate sar\u00e0 di circa 1000 m, localmente pi\u00f9 in basso 800\/900 m nelle valli chiuse. Sulle Prealpi i fenomeni saranno meno probabili con eventuali fiocchi di neve oltre i 1500 m<br \/>\n<b>Temperature: <\/b>In generale sensibile diminuzione, pi\u00f9 marcata in alta quota rispetto alle valli dove le massime non subiranno particolari variazioni e localmente potranno essere anche in lieve aumento nelle zone interessate dal Foehn. Le minime saranno misurate a fine giornata ovunque e le massime in quota registrate prima dell&#8217;alba.<\/p>\n<hr \/>\n<p><center><b>DOMANI<\/b><\/center>Al mattino da soleggiato a parzialmente soleggiato per un graduale aumento della nuvolosit\u00e0 medio-alta fino a cielo coperto nel pomeriggio.<br \/>\n<b>Precipitazioni: <\/b>Al mattino assenti. Nel corso del pomeriggio aumento della probabilit\u00e0 fino a medio-alta di precipitazioni, specie dal tardo pomeriggio, da sparse a diffuse in genere di debole o al pi\u00f9 moderata intensit\u00e0, nevose fino a fondovalle. A fine giornata gli accumuli di neve in tutti i fondovalle potranno essere significativi con la Valbelluna in gran parte imbiancata.<br \/>\n<b>Temperature: <\/b>In ulteriore diminuzione specie le massime su valori di stampo invernale e inferiori alla norma.<\/p>\n<hr \/>\n<p><center><b>VENERDI<\/b><\/center>Al mattino cielo irregolarmente nuvoloso con residui e modesti fenomeni nelle prime ore da sparsi a locali, nevosi fino a fondovalle; gli apporti nevosi previsti tra gioved\u00ec pomeriggio e venerd\u00ec mattina saranno tuttavia modesti e compresi tra i 5 e i 15 cm localmente fino a 20 cm oltre i 1500 m. Prime schiarite dopo l&#8217;alba con ampi rasserenamenti dalle ore centrali. Temperature in diminuzione specie le minime che saranno misurate ovunque a fine giornata, su valori ben inferiori alla norma; clima invernale.<\/p>\n<hr \/>\n<p><center><b>SABATO<\/b><\/center>Cielo sereno o poco nuvoloso con clima di stampo invernale. Temperature minime in calo anche sensibile favorito dalla diffusa copertura nevosa, massime in contenuto aumento specie nelle valli su valori comunque al di sotto della norma.<\/p>\n<p>&nbsp;<\/p>\n<p>&nbsp;<\/p>\n<hr \/>\n<p>&nbsp;<\/p>\n<p>&nbsp;<\/p>\n<p class=\"mceTemp\"><a class=\"dt-pswp-item\" href=\"https:\/\/www.radiopiu.net\/wordpress\/wp-content\/uploads\/2018\/09\/sport.jpg\" data-dt-img-description=\"\" data-large_image_width=\"800\" data-large_image_height=\"100\"><img loading=\"lazy\" decoding=\"async\" class=\"aligncenter wp-image-60761 size-full\" src=\"https:\/\/www.radiopiu.net\/wordpress\/wp-content\/uploads\/2018\/09\/sport.jpg\" alt=\"\" width=\"800\" height=\"100\" srcset=\"https:\/\/www.radiopiu.net\/wordpress\/wp-content\/uploads\/2018\/09\/sport.jpg 800w, https:\/\/www.radiopiu.net\/wordpress\/wp-content\/uploads\/2018\/09\/sport-300x38.jpg 300w, https:\/\/www.radiopiu.net\/wordpress\/wp-content\/uploads\/2018\/09\/sport-768x96.jpg 768w\" sizes=\"auto, (max-width: 800px) 100vw, 800px\" \/><\/a><span style=\"color: #0000ff;\"><strong>\u00a0 \u00a0 \u00a0 \u00a0 \u00a0 \u00a0\u00a0<\/strong><\/span><\/p>\n<p><span style=\"color: #0000ff;\"><strong>PALLAVOLO<\/strong><\/span><\/p>\n<blockquote>\n<h3><a class=\"dt-pswp-item\" href=\"https:\/\/www.radiopiu.net\/wordpress\/wp-content\/uploads\/2024\/11\/Il_presidente_Da_Rold_con_coach_Marzola.jpg\" data-dt-img-description=\"\" data-large_image_width=\"1597\" data-large_image_height=\"874\"><img loading=\"lazy\" decoding=\"async\" class=\" wp-image-420491 alignleft\" src=\"https:\/\/www.radiopiu.net\/wordpress\/wp-content\/uploads\/2024\/11\/Il_presidente_Da_Rold_con_coach_Marzola-300x164.jpg\" alt=\"\" width=\"203\" height=\"111\" srcset=\"https:\/\/www.radiopiu.net\/wordpress\/wp-content\/uploads\/2024\/11\/Il_presidente_Da_Rold_con_coach_Marzola-300x164.jpg 300w, https:\/\/www.radiopiu.net\/wordpress\/wp-content\/uploads\/2024\/11\/Il_presidente_Da_Rold_con_coach_Marzola-1024x560.jpg 1024w, https:\/\/www.radiopiu.net\/wordpress\/wp-content\/uploads\/2024\/11\/Il_presidente_Da_Rold_con_coach_Marzola-768x420.jpg 768w, https:\/\/www.radiopiu.net\/wordpress\/wp-content\/uploads\/2024\/11\/Il_presidente_Da_Rold_con_coach_Marzola-1536x841.jpg 1536w, https:\/\/www.radiopiu.net\/wordpress\/wp-content\/uploads\/2024\/11\/Il_presidente_Da_Rold_con_coach_Marzola.jpg 1597w\" sizes=\"auto, (max-width: 203px) 100vw, 203px\" \/><\/a>IL NUOVO ALLENATORE DEL BELLUNO VOLLEY E&#8217; MARCO MARZOLA<\/h3>\n<\/blockquote>\n<p>Marco Marzola, classe 1985 e originario di Cesena, \u00e8 il nuovo allenatore del Belluno Volley. Ex palleggiatore con esperienza in Serie A (Loreto e Sora), ha iniziato la carriera da tecnico nel 2021-2022 come vice a Portomaggiore, assumendo poi la guida della squadra l\u2019anno successivo. Successivamente ha allenato a Bologna e Motta, dove ha rilanciato la squadra trevigiana a fine 2023. Ha firmato un contratto fino al 2024-2025 e sar\u00e0 presentato ufficialmente oggi, alle 19 al Pala Lambioi.<\/p>\n<p>&nbsp;<\/p>\n<blockquote>\n<h2>VOLLEY, LA STAGIONE DELLE SOSTITUZIONI<\/h2>\n<\/blockquote>\n<p><strong>REDAZIONE<\/strong> Interruzione consensuale del rapporto di collaborazione, cos\u00ec viene definita la fine della storia con il primo allenatore Giorgio De Salvador.\u00a0 \u201cJosh\u201d ha rappresentato un capitolo importante nella crescita del gruppo e nel raggiungimento di risultati significativi. Le atlete guardano avanti convinte di avere\u00a0 le carte in regola per ambire all\u2019alta classifica. In via temporanea la squadra \u00e8 affidata a Giovanni Bortoluzzi.<\/p>\n<p>__<a class=\"dt-pswp-item\" href=\"https:\/\/www.radiopiu.net\/wordpress\/wp-content\/uploads\/2024\/11\/Risoluzione_consensuale_con_De_Salvador.jpg\" data-dt-img-description=\"\" data-large_image_width=\"938\" data-large_image_height=\"539\"><img loading=\"lazy\" decoding=\"async\" class=\"alignnone size-medium wp-image-420499\" src=\"https:\/\/www.radiopiu.net\/wordpress\/wp-content\/uploads\/2024\/11\/Risoluzione_consensuale_con_De_Salvador-300x172.jpg\" alt=\"\" width=\"300\" height=\"172\" srcset=\"https:\/\/www.radiopiu.net\/wordpress\/wp-content\/uploads\/2024\/11\/Risoluzione_consensuale_con_De_Salvador-300x172.jpg 300w, https:\/\/www.radiopiu.net\/wordpress\/wp-content\/uploads\/2024\/11\/Risoluzione_consensuale_con_De_Salvador-768x441.jpg 768w, https:\/\/www.radiopiu.net\/wordpress\/wp-content\/uploads\/2024\/11\/Risoluzione_consensuale_con_De_Salvador.jpg 938w\" sizes=\"auto, (max-width: 300px) 100vw, 300px\" \/><\/a><\/p>\n<p>&nbsp;<\/p>\n<p>&nbsp;<\/p>\n<p><span style=\"color: #0000ff;\"><strong>MOTORI<\/strong><\/span><\/p>\n<blockquote>\n<h3>GRANDE RIMONTA DI ANDREA FONTANA ALLE WORLD FINALS LAMBORGHINI<\/h3>\n<\/blockquote>\n<p>Andrea Fontana ha chiuso l\u2019esperienza sul Circuito de Jerez nel Lamborghini Super Trofeo Europe e nelle World Finals 2024. In coppia con Luca Seg\u00f9 sulla Huracan ST Evo2 del DL Racing, ha mostrato grinta nonostante condizioni meteo difficili e vari imprevisti. Dopo un inizio complicato, con la pioggia che ha influenzato Gara-1 e una safety car penalizzante in Gara-2, la coppia ha comunque ottenuto buoni piazzamenti, accedendo di diritto alle World Finals. Qui, un set di gomme difettoso ha compromesso le qualifiche, costringendoli a partire dalle retrovie. Nonostante ci\u00f2, Fontana si \u00e8 distinto con rimonte spettacolari, recuperando complessivamente 28 posizioni in gara. Sebbene un&#8217;infrazione li abbia penalizzati in Gara-1, l\u2019equipaggio ha dimostrato forza e costanza, chiudendo nella top-15. Fontana ha ringraziato il team, la famiglia e gli sponsor, esprimendo soddisfazione per il lavoro svolto e la passione condivisa durante la stagione.<\/p>\n\n\t\t\t<style type='text\/css'>\n\t\t\t\t#gallery-4 {\n\t\t\t\t\tmargin: auto;\n\t\t\t\t}\n\t\t\t\t#gallery-4 .gallery-item {\n\t\t\t\t\tfloat: left;\n\t\t\t\t\tmargin-top: 10px;\n\t\t\t\t\ttext-align: center;\n\t\t\t\t\twidth: 33%;\n\t\t\t\t}\n\t\t\t\t#gallery-4 img {\n\t\t\t\t\tborder: 2px solid #cfcfcf;\n\t\t\t\t}\n\t\t\t\t#gallery-4 .gallery-caption {\n\t\t\t\t\tmargin-left: 0;\n\t\t\t\t}\n\t\t\t\t\/* see gallery_shortcode() in wp-includes\/media.php *\/\n\t\t\t<\/style>\n\t\t<div id='gallery-4' class='dt-gallery-container gallery galleryid-420409 gallery-columns-3 gallery-size-medium'><dl class='gallery-item'>\n\t\t\t\t<dt class='gallery-icon landscape'>\n\t\t\t\t\t<a class=\"rollover rollover-zoom dt-pswp-item\" title=\"Andrea\" data-dt-img-description=\"\" data-large_image_width=\"1600\" data-large_image_height=\"1067\"href='https:\/\/www.radiopiu.net\/wordpress\/wp-content\/uploads\/2024\/11\/Andrea.jpeg'><img loading=\"lazy\" decoding=\"async\" width=\"300\" height=\"200\" src=\"https:\/\/www.radiopiu.net\/wordpress\/wp-content\/uploads\/2024\/11\/Andrea-300x200.jpeg\" class=\"attachment-medium size-medium\" alt=\"\" srcset=\"https:\/\/www.radiopiu.net\/wordpress\/wp-content\/uploads\/2024\/11\/Andrea-300x200.jpeg 300w, https:\/\/www.radiopiu.net\/wordpress\/wp-content\/uploads\/2024\/11\/Andrea-1024x683.jpeg 1024w, https:\/\/www.radiopiu.net\/wordpress\/wp-content\/uploads\/2024\/11\/Andrea-768x512.jpeg 768w, https:\/\/www.radiopiu.net\/wordpress\/wp-content\/uploads\/2024\/11\/Andrea-1536x1024.jpeg 1536w, https:\/\/www.radiopiu.net\/wordpress\/wp-content\/uploads\/2024\/11\/Andrea.jpeg 1600w\" sizes=\"auto, (max-width: 300px) 100vw, 300px\" \/><\/a>\n\t\t\t\t<\/dt><\/dl><dl class='gallery-item'>\n\t\t\t\t<dt class='gallery-icon landscape'>\n\t\t\t\t\t<a class=\"rollover rollover-zoom dt-pswp-item\" title=\"Start\" data-dt-img-description=\"\" data-large_image_width=\"1600\" data-large_image_height=\"1067\"href='https:\/\/www.radiopiu.net\/wordpress\/wp-content\/uploads\/2024\/11\/Start.jpeg'><img loading=\"lazy\" decoding=\"async\" width=\"300\" height=\"200\" src=\"https:\/\/www.radiopiu.net\/wordpress\/wp-content\/uploads\/2024\/11\/Start-300x200.jpeg\" class=\"attachment-medium size-medium\" alt=\"\" srcset=\"https:\/\/www.radiopiu.net\/wordpress\/wp-content\/uploads\/2024\/11\/Start-300x200.jpeg 300w, https:\/\/www.radiopiu.net\/wordpress\/wp-content\/uploads\/2024\/11\/Start-1024x683.jpeg 1024w, https:\/\/www.radiopiu.net\/wordpress\/wp-content\/uploads\/2024\/11\/Start-768x512.jpeg 768w, https:\/\/www.radiopiu.net\/wordpress\/wp-content\/uploads\/2024\/11\/Start-1536x1024.jpeg 1536w, https:\/\/www.radiopiu.net\/wordpress\/wp-content\/uploads\/2024\/11\/Start.jpeg 1600w\" sizes=\"auto, (max-width: 300px) 100vw, 300px\" \/><\/a>\n\t\t\t\t<\/dt><\/dl><dl class='gallery-item'>\n\t\t\t\t<dt class='gallery-icon landscape'>\n\t\t\t\t\t<a class=\"rollover rollover-zoom dt-pswp-item\" title=\"Fontana\" data-dt-img-description=\"\" data-large_image_width=\"1600\" data-large_image_height=\"1067\"href='https:\/\/www.radiopiu.net\/wordpress\/wp-content\/uploads\/2024\/11\/Fontana.jpeg'><img loading=\"lazy\" decoding=\"async\" width=\"300\" height=\"200\" src=\"https:\/\/www.radiopiu.net\/wordpress\/wp-content\/uploads\/2024\/11\/Fontana-300x200.jpeg\" class=\"attachment-medium size-medium\" alt=\"\" srcset=\"https:\/\/www.radiopiu.net\/wordpress\/wp-content\/uploads\/2024\/11\/Fontana-300x200.jpeg 300w, https:\/\/www.radiopiu.net\/wordpress\/wp-content\/uploads\/2024\/11\/Fontana-1024x683.jpeg 1024w, https:\/\/www.radiopiu.net\/wordpress\/wp-content\/uploads\/2024\/11\/Fontana-768x512.jpeg 768w, https:\/\/www.radiopiu.net\/wordpress\/wp-content\/uploads\/2024\/11\/Fontana-1536x1024.jpeg 1536w, https:\/\/www.radiopiu.net\/wordpress\/wp-content\/uploads\/2024\/11\/Fontana.jpeg 1600w\" sizes=\"auto, (max-width: 300px) 100vw, 300px\" \/><\/a>\n\t\t\t\t<\/dt><\/dl><br style=\"clear: both\" \/>\n\t\t\t<\/div>\n\n<p>&nbsp;<\/p>\n<p>&nbsp;<\/p>\n<p>&nbsp;<\/p>\n","protected":false},"excerpt":{"rendered":"<p>******* &nbsp; &nbsp; LA\u00a0 APP PER IOS-IPHONE di Nicola Vettorello https:\/\/apps.apple.com\/it\/app\/radio-pi%C3%B9-emittente-agordina\/id1515939845 LA\u00a0 APP RADIO\u00a0 PER ANDROID di Nicola Vettorello https:\/\/play.google.com\/store\/apps\/details?id=net.radiopiu.iniko\u00a0\u00a0\u00a0 &nbsp; Gestione Servizi Pubblici informa che l&#8217;intervento alla rete idrica di AGORDO previsto per oggi, \u00e8 stato annullato. &nbsp; &nbsp; OGGI ALLA RADIO&#8230;. ALLE 4 E ALLE 6 LE NOTIZIE DALL&#8217;ITALIA E DAL MONDO 0500&hellip;<\/p>\n","protected":false},"author":4,"featured_media":420567,"comment_status":"closed","ping_status":"closed","sticky":false,"template":"","format":"standard","meta":{"_monsterinsights_skip_tracking":false,"_monsterinsights_sitenote_active":false,"_monsterinsights_sitenote_note":"","_monsterinsights_sitenote_category":0,"footnotes":""},"categories":[51,86,49],"tags":[],"class_list":["post-420409","post","type-post","status-publish","format-standard","has-post-thumbnail","hentry","category-evidenza-top","category-gr","category-news-18","category-51","category-86","category-49","description-off"],"img_url":"https:\/\/www.radiopiu.net\/wordpress\/wp-content\/uploads\/2024\/11\/Senza-nome-79.png","_links":{"self":[{"href":"https:\/\/www.radiopiu.net\/wordpress\/wp-json\/wp\/v2\/posts\/420409","targetHints":{"allow":["GET"]}}],"collection":[{"href":"https:\/\/www.radiopiu.net\/wordpress\/wp-json\/wp\/v2\/posts"}],"about":[{"href":"https:\/\/www.radiopiu.net\/wordpress\/wp-json\/wp\/v2\/types\/post"}],"author":[{"embeddable":true,"href":"https:\/\/www.radiopiu.net\/wordpress\/wp-json\/wp\/v2\/users\/4"}],"replies":[{"embeddable":true,"href":"https:\/\/www.radiopiu.net\/wordpress\/wp-json\/wp\/v2\/comments?post=420409"}],"version-history":[{"count":27,"href":"https:\/\/www.radiopiu.net\/wordpress\/wp-json\/wp\/v2\/posts\/420409\/revisions"}],"predecessor-version":[{"id":420594,"href":"https:\/\/www.radiopiu.net\/wordpress\/wp-json\/wp\/v2\/posts\/420409\/revisions\/420594"}],"wp:featuredmedia":[{"embeddable":true,"href":"https:\/\/www.radiopiu.net\/wordpress\/wp-json\/wp\/v2\/media\/420567"}],"wp:attachment":[{"href":"https:\/\/www.radiopiu.net\/wordpress\/wp-json\/wp\/v2\/media?parent=420409"}],"wp:term":[{"taxonomy":"category","embeddable":true,"href":"https:\/\/www.radiopiu.net\/wordpress\/wp-json\/wp\/v2\/categories?post=420409"},{"taxonomy":"post_tag","embeddable":true,"href":"https:\/\/www.radiopiu.net\/wordpress\/wp-json\/wp\/v2\/tags?post=420409"}],"curies":[{"name":"wp","href":"https:\/\/api.w.org\/{rel}","templated":true}]}}