{"id":420485,"date":"2024-11-01T11:58:29","date_gmt":"2024-11-01T10:58:29","guid":{"rendered":"https:\/\/www.radiopiu.net\/wordpress\/?p=420485"},"modified":"2024-11-19T15:09:01","modified_gmt":"2024-11-19T14:09:01","slug":"il-nof-filo-di-cencenighe-agordino-verso-un-importante-intervento-di-adeguamento-sismico-e-riqualificazione-funzionale","status":"publish","type":"post","link":"https:\/\/www.radiopiu.net\/wordpress\/il-nof-filo-di-cencenighe-agordino-verso-un-importante-intervento-di-adeguamento-sismico-e-riqualificazione-funzionale\/","title":{"rendered":"IL NOF FILO&#8217; DI CENCENIGHE AGORDINO VERSO UN IMPORTANTE INTERVENTO DI ADEGUAMENTO SISMICO E RIQUALIFICAZIONE FUNZIONALE"},"content":{"rendered":"<p>*****<\/p>\n<p>&nbsp;<\/p>\n<p><strong><a class=\"dt-pswp-item\" href=\"https:\/\/www.radiopiu.net\/wordpress\/wp-content\/uploads\/2022\/11\/CENCENIGHE-NOF-FILO.png\" data-dt-img-description=\"\" data-large_image_width=\"1494\" data-large_image_height=\"962\"><img loading=\"lazy\" decoding=\"async\" class=\" wp-image-308445 alignleft\" src=\"https:\/\/www.radiopiu.net\/wordpress\/wp-content\/uploads\/2022\/11\/CENCENIGHE-NOF-FILO-300x193.png\" alt=\"\" width=\"232\" height=\"149\" srcset=\"https:\/\/www.radiopiu.net\/wordpress\/wp-content\/uploads\/2022\/11\/CENCENIGHE-NOF-FILO-300x193.png 300w, https:\/\/www.radiopiu.net\/wordpress\/wp-content\/uploads\/2022\/11\/CENCENIGHE-NOF-FILO-1024x659.png 1024w, https:\/\/www.radiopiu.net\/wordpress\/wp-content\/uploads\/2022\/11\/CENCENIGHE-NOF-FILO-768x495.png 768w, https:\/\/www.radiopiu.net\/wordpress\/wp-content\/uploads\/2022\/11\/CENCENIGHE-NOF-FILO.png 1494w\" sizes=\"auto, (max-width: 232px) 100vw, 232px\" \/><\/a>BELLUNO <\/strong>Nof Fil\u00f2 di Cencenighe verso l\u2019adeguamento agli standard di sicurezza sismici oggi richiesti e la piena riqualificazione funzionale: nei giorni scorsi il Fondo Comuni Confinanti e il Comune hanno infatti siglato la convenzione che destina alla struttura un primo contributo di 1.600.000 euro. \u201cForse pochi edifici costituiscono per una comunit\u00e0 locale un centro di cultura e aggregazione sociale cos\u00ec identitario come il <em>Nof Fil\u00f2<\/em> per Cencenighe; \u00e8 parso subito opportuno, se non addirittura necessario, impegnare le risorse del FCC per un intervento che va nella duplice direzione di garantire alla costruzione, da un lato, i necessari livelli di sicurezza strutturale, e, dall\u2019altro, una piena e moderna funzionalit\u00e0, adeguata agli standard moderni. D\u2019altro canto, 43 anni di storia testimoniano gi\u00e0 da soli quale sia l\u2019importanza e il ruolo del <em>Nof Fil\u00f2<\/em> non solo per Cencenighe, ma per tutto il comprensorio agordino\u201d. Cos\u00ec il presidente del Comitato di Gestione del Fondo Comuni Confinanti, on.le Dario Bond, a corollario della firma apposta in questi giorni sull\u2019accordo che d\u00e0 il via libera all\u2019intervento. \u201cA giorni, aggiunge il sindaco di Cencenighe Mauro Soppelsa, ci verr\u00e0 consegnata la progettazione esecutiva dell\u2019intervento, che prevede, tra l\u2019altro, oltre all\u2019adeguamento e al consolidamento sismico della struttura, il rifacimento del tetto e degli impianti, la coibentazione dell\u2019edificio \u2013 che garantir\u00e0 un notevole risparmio energetico \u2013 l\u2019installazione di nuovi impianti audio e video e la nuova distribuzione degli spazi dedicati al bar, ai servizi e al magazzino. Stiamo gi\u00e0 lavorando con il Fondo, aggiunge Soppelsa, per una ulteriore tranche di finanziamento da 1,4 milioni che ci consentir\u00e0 di completare tutti gli interventi necessari. Per la nostra comunit\u00e0 \u00e8 davvero una gran bella notizia; contiamo di andare in appalto con le prime opere gi\u00e0 nella prossima primavera\u201d, conclude il sindaco Soppelsa.<\/p>\n<p>&nbsp;<\/p>\n<p>&nbsp;<\/p>\n<p>&nbsp;<\/p>\n<p>******<\/p>\n","protected":false},"excerpt":{"rendered":"<p>***** &nbsp; BELLUNO Nof Fil\u00f2 di Cencenighe verso l\u2019adeguamento agli standard di sicurezza sismici oggi richiesti e la piena riqualificazione funzionale: nei giorni scorsi il Fondo Comuni Confinanti e il Comune hanno infatti siglato la convenzione che destina alla struttura un primo contributo di 1.600.000 euro. \u201cForse pochi edifici costituiscono per una comunit\u00e0 locale un&hellip;<\/p>\n","protected":false},"author":4,"featured_media":308445,"comment_status":"closed","ping_status":"closed","sticky":false,"template":"","format":"standard","meta":{"_monsterinsights_skip_tracking":false,"_monsterinsights_sitenote_active":false,"_monsterinsights_sitenote_note":"","_monsterinsights_sitenote_category":0,"footnotes":""},"categories":[51,49],"tags":[],"class_list":["post-420485","post","type-post","status-publish","format-standard","has-post-thumbnail","hentry","category-evidenza-top","category-news-18","category-51","category-49","description-off"],"img_url":"https:\/\/www.radiopiu.net\/wordpress\/wp-content\/uploads\/2022\/11\/CENCENIGHE-NOF-FILO.png","_links":{"self":[{"href":"https:\/\/www.radiopiu.net\/wordpress\/wp-json\/wp\/v2\/posts\/420485","targetHints":{"allow":["GET"]}}],"collection":[{"href":"https:\/\/www.radiopiu.net\/wordpress\/wp-json\/wp\/v2\/posts"}],"about":[{"href":"https:\/\/www.radiopiu.net\/wordpress\/wp-json\/wp\/v2\/types\/post"}],"author":[{"embeddable":true,"href":"https:\/\/www.radiopiu.net\/wordpress\/wp-json\/wp\/v2\/users\/4"}],"replies":[{"embeddable":true,"href":"https:\/\/www.radiopiu.net\/wordpress\/wp-json\/wp\/v2\/comments?post=420485"}],"version-history":[{"count":1,"href":"https:\/\/www.radiopiu.net\/wordpress\/wp-json\/wp\/v2\/posts\/420485\/revisions"}],"predecessor-version":[{"id":420486,"href":"https:\/\/www.radiopiu.net\/wordpress\/wp-json\/wp\/v2\/posts\/420485\/revisions\/420486"}],"wp:featuredmedia":[{"embeddable":true,"href":"https:\/\/www.radiopiu.net\/wordpress\/wp-json\/wp\/v2\/media\/308445"}],"wp:attachment":[{"href":"https:\/\/www.radiopiu.net\/wordpress\/wp-json\/wp\/v2\/media?parent=420485"}],"wp:term":[{"taxonomy":"category","embeddable":true,"href":"https:\/\/www.radiopiu.net\/wordpress\/wp-json\/wp\/v2\/categories?post=420485"},{"taxonomy":"post_tag","embeddable":true,"href":"https:\/\/www.radiopiu.net\/wordpress\/wp-json\/wp\/v2\/tags?post=420485"}],"curies":[{"name":"wp","href":"https:\/\/api.w.org\/{rel}","templated":true}]}}