{"id":420569,"date":"2024-11-20T05:46:08","date_gmt":"2024-11-20T04:46:08","guid":{"rendered":"https:\/\/www.radiopiu.net\/wordpress\/?p=420569"},"modified":"2024-11-20T05:54:05","modified_gmt":"2024-11-20T04:54:05","slug":"forno-in-fiamme-a-belluno-un-furgone-a-ponte","status":"publish","type":"post","link":"https:\/\/www.radiopiu.net\/wordpress\/forno-in-fiamme-a-belluno-un-furgone-a-ponte\/","title":{"rendered":"FORNO IN FIAMME A BELLUNO, UN FURGONE A PONTE"},"content":{"rendered":"<p>***<\/p>\n<div class=\"flex-shrink-0 flex flex-col relative items-end\">\n<div>\n<div class=\"pt-0\">\n<div class=\"gizmo-bot-avatar flex h-8 w-8 items-center justify-center overflow-hidden rounded-full\">\n<div class=\"relative p-1 rounded-sm flex items-center justify-center bg-token-main-surface-primary text-token-text-primary h-8 w-8\"><\/div>\n<\/div>\n<\/div>\n<\/div>\n<\/div>\n<div class=\"group\/conversation-turn relative flex w-full min-w-0 flex-col agent-turn\">\n<div class=\"flex-col gap-1 md:gap-3\">\n<div class=\"flex max-w-full flex-col flex-grow\">\n<div class=\"min-h-8 text-message flex w-full flex-col items-end gap-2 whitespace-normal break-words [.text-message+&amp;]:mt-5\" dir=\"auto\" data-message-author-role=\"assistant\" data-message-id=\"d2cfd157-c57c-4e18-bc93-223d9eabc083\" data-message-model-slug=\"gpt-4o\">\n<div class=\"flex w-full flex-col gap-1 empty:hidden first:pt-[3px]\">\n<div class=\"markdown prose w-full break-words dark:prose-invert dark\">\n<blockquote><p><strong>Incendio al panificio dell\u2019Emisfero: apertura ritardata<\/strong><\/p><\/blockquote>\n<p><strong><a class=\"dt-pswp-item\" href=\"https:\/\/www.radiopiu.net\/wordpress\/wp-content\/uploads\/2024\/11\/464662818_10212873445226904_1594329159478961733_n.jpg\" data-dt-img-description=\"\" data-large_image_width=\"503\" data-large_image_height=\"600\"><img loading=\"lazy\" decoding=\"async\" class=\"wp-image-420568 alignleft\" src=\"https:\/\/www.radiopiu.net\/wordpress\/wp-content\/uploads\/2024\/11\/464662818_10212873445226904_1594329159478961733_n-252x300.jpg\" alt=\"\" width=\"157\" height=\"187\" srcset=\"https:\/\/www.radiopiu.net\/wordpress\/wp-content\/uploads\/2024\/11\/464662818_10212873445226904_1594329159478961733_n-252x300.jpg 252w, https:\/\/www.radiopiu.net\/wordpress\/wp-content\/uploads\/2024\/11\/464662818_10212873445226904_1594329159478961733_n.jpg 503w\" sizes=\"auto, (max-width: 157px) 100vw, 157px\" \/><\/a>BELLUNO<\/strong> Un forno del panificio del centro commerciale Emisfero ha preso fuoco alle 7:27, provocando fumo e disagi. I vigili del fuoco hanno spento l\u2019incendio e messo in sicurezza l\u2019area. Il centro, rimasto chiuso fino alle 11, ha causato disagi ai clienti. Danni materiali in valutazione.<\/p>\n<p>&nbsp;<\/p>\n<blockquote><p><strong>Ponte nelle Alpi, furgone in fiamme: ferito il proprietario<\/strong><\/p><\/blockquote>\n<p><strong>PONTE NELLE ALPI <\/strong>Un furgone \u00e8 andato a fuoco a Polpet ieri sera. Il proprietario, un artigiano, \u00e8 rimasto ferito tentando di spegnere le fiamme ed \u00e8 stato trasportato in ospedale<\/p>\n<\/div>\n<hr \/>\n<p>&nbsp;<\/p>\n<\/div>\n<\/div>\n<\/div>\n<\/div>\n<\/div>\n","protected":false},"excerpt":{"rendered":"<p>*** Incendio al panificio dell\u2019Emisfero: apertura ritardata BELLUNO Un forno del panificio del centro commerciale Emisfero ha preso fuoco alle 7:27, provocando fumo e disagi. I vigili del fuoco hanno spento l\u2019incendio e messo in sicurezza l\u2019area. Il centro, rimasto chiuso fino alle 11, ha causato disagi ai clienti. Danni materiali in valutazione. &nbsp; Ponte&hellip;<\/p>\n","protected":false},"author":4,"featured_media":420568,"comment_status":"closed","ping_status":"closed","sticky":false,"template":"","format":"standard","meta":{"_monsterinsights_skip_tracking":false,"_monsterinsights_sitenote_active":false,"_monsterinsights_sitenote_note":"","_monsterinsights_sitenote_category":0,"footnotes":""},"categories":[51,49],"tags":[],"class_list":["post-420569","post","type-post","status-publish","format-standard","has-post-thumbnail","hentry","category-evidenza-top","category-news-18","category-51","category-49","description-off"],"img_url":"https:\/\/www.radiopiu.net\/wordpress\/wp-content\/uploads\/2024\/11\/464662818_10212873445226904_1594329159478961733_n.jpg","_links":{"self":[{"href":"https:\/\/www.radiopiu.net\/wordpress\/wp-json\/wp\/v2\/posts\/420569","targetHints":{"allow":["GET"]}}],"collection":[{"href":"https:\/\/www.radiopiu.net\/wordpress\/wp-json\/wp\/v2\/posts"}],"about":[{"href":"https:\/\/www.radiopiu.net\/wordpress\/wp-json\/wp\/v2\/types\/post"}],"author":[{"embeddable":true,"href":"https:\/\/www.radiopiu.net\/wordpress\/wp-json\/wp\/v2\/users\/4"}],"replies":[{"embeddable":true,"href":"https:\/\/www.radiopiu.net\/wordpress\/wp-json\/wp\/v2\/comments?post=420569"}],"version-history":[{"count":1,"href":"https:\/\/www.radiopiu.net\/wordpress\/wp-json\/wp\/v2\/posts\/420569\/revisions"}],"predecessor-version":[{"id":420570,"href":"https:\/\/www.radiopiu.net\/wordpress\/wp-json\/wp\/v2\/posts\/420569\/revisions\/420570"}],"wp:featuredmedia":[{"embeddable":true,"href":"https:\/\/www.radiopiu.net\/wordpress\/wp-json\/wp\/v2\/media\/420568"}],"wp:attachment":[{"href":"https:\/\/www.radiopiu.net\/wordpress\/wp-json\/wp\/v2\/media?parent=420569"}],"wp:term":[{"taxonomy":"category","embeddable":true,"href":"https:\/\/www.radiopiu.net\/wordpress\/wp-json\/wp\/v2\/categories?post=420569"},{"taxonomy":"post_tag","embeddable":true,"href":"https:\/\/www.radiopiu.net\/wordpress\/wp-json\/wp\/v2\/tags?post=420569"}],"curies":[{"name":"wp","href":"https:\/\/api.w.org\/{rel}","templated":true}]}}