{"id":420616,"date":"2024-11-21T05:44:57","date_gmt":"2024-11-21T04:44:57","guid":{"rendered":"https:\/\/www.radiopiu.net\/wordpress\/?p=420616"},"modified":"2024-11-21T07:57:26","modified_gmt":"2024-11-21T06:57:26","slug":"giornale-radiopiu-21-novembre-2024-direttore-mirko-mezzacasada-41-anni-25-giugno-1983-25-giugno-2024","status":"publish","type":"post","link":"https:\/\/www.radiopiu.net\/wordpress\/giornale-radiopiu-21-novembre-2024-direttore-mirko-mezzacasada-41-anni-25-giugno-1983-25-giugno-2024\/","title":{"rendered":"GIORNALE RADIOPIU 21 NOVEMBRE 2024 DIRETTORE MIRKO MEZZACASA\u2026DA 41 ANNI 25 GIUGNO 1983-25 GIUGNO 2024"},"content":{"rendered":"<p>*****<\/p>\n<p>&nbsp;<\/p>\n<p><em><span style=\"color: #ff0000;\"><a class=\"dt-pswp-item\" href=\"https:\/\/www.radiopiu.net\/wordpress\/wp-content\/uploads\/2024\/10\/Senza-nome-8.png\" data-dt-img-description=\"\" data-large_image_width=\"343\" data-large_image_height=\"303\"><img loading=\"lazy\" decoding=\"async\" class=\"wp-image-412130 alignleft\" src=\"https:\/\/www.radiopiu.net\/wordpress\/wp-content\/uploads\/2024\/10\/Senza-nome-8-300x265.png\" alt=\"\" width=\"105\" height=\"93\" srcset=\"https:\/\/www.radiopiu.net\/wordpress\/wp-content\/uploads\/2024\/10\/Senza-nome-8-300x265.png 300w, https:\/\/www.radiopiu.net\/wordpress\/wp-content\/uploads\/2024\/10\/Senza-nome-8.png 343w\" sizes=\"auto, (max-width: 105px) 100vw, 105px\" \/><\/a><\/span><\/em><strong><em><span style=\"color: #ff0000;\"> LA\u00a0 APP PER IOS-IPHONE di Nicola Vettorello<\/span><\/em><\/strong><\/p>\n<p><strong><span style=\"color: #0000ff;\"><a style=\"color: #0000ff;\" href=\"https:\/\/apps.apple.com\/it\/app\/radio-pi%C3%B9-emittente-agordina\/id1515939845\">https:\/\/apps.apple.com\/it\/app\/radio-pi%C3%B9-emittente-agordina\/id1515939845<\/a><\/span><\/strong><\/p>\n<p><strong><em style=\"color: #ff0000;\">LA\u00a0 APP RADIO\u00a0 PER ANDROID di Nicola Vettorello<\/em><\/strong><\/p>\n<p><strong><span style=\"color: #0000ff;\"><a style=\"color: #0000ff;\" href=\"https:\/\/play.google.com\/store\/apps\/details?id=net.radiopiu.iniko\" target=\"_blank\" rel=\"noopener noreferrer\">https:\/\/<\/a><a style=\"color: #0000ff;\" href=\"https:\/\/play.google.com\/store\/apps\/details?id=net.radiopiu.iniko\" target=\"_blank\" rel=\"noopener noreferrer\">play.google.com\/store\/apps\/details?id=net.radiopiu.iniko\u00a0\u00a0\u00a0<\/a><\/span><\/strong><\/p>\n<p>&nbsp;<\/p>\n<p>&nbsp;<\/p>\n<hr \/>\n<p>&nbsp;<\/p>\n<p><strong><a href=\"https:\/\/www.radiopiu.net\/wordpress\/wp-content\/uploads\/2024\/11\/tony-cicco-min-750x375.jpg.webp\"><img loading=\"lazy\" decoding=\"async\" class=\"size-medium wp-image-419608 alignleft\" src=\"https:\/\/www.radiopiu.net\/wordpress\/wp-content\/uploads\/2024\/11\/tony-cicco-min-750x375.jpg-300x150.webp\" alt=\"\" width=\"300\" height=\"150\" srcset=\"https:\/\/www.radiopiu.net\/wordpress\/wp-content\/uploads\/2024\/11\/tony-cicco-min-750x375.jpg-300x150.webp 300w, https:\/\/www.radiopiu.net\/wordpress\/wp-content\/uploads\/2024\/11\/tony-cicco-min-750x375.jpg.webp 750w\" sizes=\"auto, (max-width: 300px) 100vw, 300px\" \/><\/a>OGGI ALLA RADIO&#8230;.<\/strong> <span style=\"color: #ff0000;\">ALLE 4 E ALLE 6<\/span> LE NOTIZIE DALL&#8217;ITALIA E DAL MONDO <span style=\"color: #ff0000;\"> 0500 <span style=\"color: #0000ff;\"><span style=\"color: #000000;\">l&#8217;almanacco della nostra gente con il MUSLA<\/span>\u00a0<\/span><\/span><span style=\"color: #ff0000;\"> 6.15<\/span> PIROLE DE LENGA A CURA DEL MUSLA <span style=\"color: #ff0000;\">7.20<\/span> EL BAL DEL FIORI, DETTI E TRADIZIONI DI GIULIANA DA RONCH <span style=\"color: #ff0000;\">8.05<\/span> LA RASSEGNA STAMPA LOCALE<span style=\"color: #ff0000;\"> 8.30 <span style=\"color: #000000;\">PIU&#8217; SIAMO CON MARINA DONA&#8217;<\/span><span style=\"color: #000000;\">\u00a0\u00a0<\/span> 900 <\/span><span style=\"color: #000000;\">la musica country di ALEX NASCINBEN <\/span><span style=\"color: #0000ff;\"><span style=\"color: #000000;\">\u00a0<\/span><\/span><span style=\"color: #ff0000;\"><span style=\"color: #000000;\">\u00a0<\/span><\/span><span style=\"color: #ff0000;\">9.40<\/span> VIABILITA&#8217; CON BOTOL CAR SERVICE (AGORDO-SEDICO-FELTRE) \u00a0<span style=\"color: #ff0000;\">10.30\u00a0<\/span><span style=\"color: #ff0000;\"><span style=\"color: #000000;\"> SPI CGIL, CON MARIA RITA GENTILIN<\/span><span style=\"color: #ff0000;\">\u00a0<\/span><\/span>\u00a0<span style=\"color: #ff0000;\">11.10 <span class=\"selectable-text copyable-text\" style=\"color: #000000;\">SCUOLA APERTA AL FOLLADOR DE ROSSI DI AGORDO<\/span><\/span>\u00a0<span style=\"color: #ff0000;\">11.40<\/span> FESTIVALBAR STORY DI ATHOS DJ DAVID BEN\u00a0 \u00a0 <span style=\"color: #ff0000;\">12.00<\/span> VA TUTTO LISCIO\u00a0 <span style=\"color: #ff0000;\">12.30<\/span> GIORNALE RADIO PRINCIPALE <span style=\"color: #ff0000;\">13 10<\/span> TONI CICCO, IL BATTERISTA DE LA FORMULA3 IL 6 DICEMBRE AL TEATRO BUZZATI DI BELLUNO\u00a0 <span style=\"color: #ff0000;\">13.20<\/span> FOGLIE E CASTAGNE DI MARINA DONA&#8217; <span style=\"color: #ff0000;\">\u00a0<\/span><span style=\"color: #ff0000;\">14.20 <\/span><span style=\"color: #ff0000;\"><span style=\"color: #000000;\">\u00a0COLLAGE OPERAZIONE NOSTALGIA DI LORIS SCUSSEL <\/span>\u00a015.10<\/span> PIU&#8217; MUSICA DI MARINA DONA&#8217;\u00a0 <span style=\"color: #ff0000;\">16.10<\/span> IL ROCK DI MARCO COSTANTINI <span style=\"color: #ff0000;\">16.45<\/span> LE HIT DI MIRCO BENCIVENNI <span style=\"color: #ff0000;\">18.00<\/span> PIU&#8217; DANCE LE SELEZIONI CHE FANNO SALTARE DI DJ JACK, JACOPO DEL TEDESCO <span style=\"color: #ff0000;\">19.00 <span style=\"color: #000000;\">LE ANTICIPAZIONI DAL TG DI ANTENNA 3 DI TIZIANA BOLOGNANI\u00a0 \u00a0<span style=\"color: #ff0000;\">1920<\/span> <span class=\"selectable-text copyable-text\" style=\"color: #000000;\">SCUOLA APERTA AL FOLLADOR DE ROSSI DI AGORDO<\/span><\/span><\/span><\/p>\n<p>&nbsp;<\/p>\n<p><strong>rassegna stampa nazionale,<\/strong> ogni giorno alle 5 e alle 6 del mattino<br \/>\ngiornali locali 7 rassegna stampa flash, 8 rassegna stampa, gr flash alle 10 e alle 11, principale 12.30. Informazione pomeriggio alle 15 (speciale) 16, 17, 18. Giornale radio nazionale: ogni ora dalle 5 del mattino, alle 20 della sera.<\/p>\n<p>&nbsp;<\/p>\n<p>&nbsp;<\/p>\n<hr \/>\n<p>&nbsp;<\/p>\n<p>&nbsp;<\/p>\n<div class=\"x11i5rnm xat24cr x1mh8g0r x1vvkbs xtlvy1s x126k92a\">\n<div dir=\"auto\">\n<div dir=\"auto\">\n<p><strong><a class=\"dt-pswp-item\" href=\"https:\/\/www.radiopiu.net\/wordpress\/wp-content\/uploads\/2024\/02\/2d44e751-d8a8-461b-8e22-d8e4e853b032.jpg\" data-dt-img-description=\"\" data-large_image_width=\"1600\" data-large_image_height=\"1200\"><img loading=\"lazy\" decoding=\"async\" class=\"wp-image-373307 alignleft\" src=\"https:\/\/www.radiopiu.net\/wordpress\/wp-content\/uploads\/2024\/02\/2d44e751-d8a8-461b-8e22-d8e4e853b032-300x225.jpg\" alt=\"\" width=\"105\" height=\"79\" srcset=\"https:\/\/www.radiopiu.net\/wordpress\/wp-content\/uploads\/2024\/02\/2d44e751-d8a8-461b-8e22-d8e4e853b032-300x225.jpg 300w, https:\/\/www.radiopiu.net\/wordpress\/wp-content\/uploads\/2024\/02\/2d44e751-d8a8-461b-8e22-d8e4e853b032-1024x768.jpg 1024w, https:\/\/www.radiopiu.net\/wordpress\/wp-content\/uploads\/2024\/02\/2d44e751-d8a8-461b-8e22-d8e4e853b032-768x576.jpg 768w, https:\/\/www.radiopiu.net\/wordpress\/wp-content\/uploads\/2024\/02\/2d44e751-d8a8-461b-8e22-d8e4e853b032-1536x1152.jpg 1536w, https:\/\/www.radiopiu.net\/wordpress\/wp-content\/uploads\/2024\/02\/2d44e751-d8a8-461b-8e22-d8e4e853b032.jpg 1600w\" sizes=\"auto, (max-width: 105px) 100vw, 105px\" \/><\/a>EL BAL DEL FIOR, DI GIULIANA DA RONCH, 21 NOVEMBRE<\/strong><strong>\u00a02024<\/strong><\/p>\n<\/div>\n<\/div>\n<\/div>\n<div><\/div>\n<div>\n<audio class=\"wp-audio-shortcode\" id=\"audio-420616-1\" preload=\"none\" style=\"width: 100%;\" controls=\"controls\"><source type=\"audio\/mpeg\" src=\"https:\/\/www.radiopiu.net\/wordpress\/wp-content\/uploads\/2024\/11\/GGI-2.mp3?_=1\" \/><a href=\"https:\/\/www.radiopiu.net\/wordpress\/wp-content\/uploads\/2024\/11\/GGI-2.mp3\">https:\/\/www.radiopiu.net\/wordpress\/wp-content\/uploads\/2024\/11\/GGI-2.mp3<\/a><\/audio>\n<\/div>\n<div><\/div>\n<hr \/>\n<p>&nbsp;<\/p>\n<p>&nbsp;<\/p>\n<div class=\"x11i5rnm xat24cr x1mh8g0r x1vvkbs xtlvy1s x126k92a\">\n<h1><span style=\"color: #ff0000;\"><a class=\"dt-pswp-item\" href=\"https:\/\/www.radiopiu.net\/wordpress\/wp-content\/uploads\/2024\/06\/th-5.jpg\" data-dt-img-description=\"\" data-large_image_width=\"326\" data-large_image_height=\"180\"><img loading=\"lazy\" decoding=\"async\" class=\"size-medium wp-image-395881 alignleft\" src=\"https:\/\/www.radiopiu.net\/wordpress\/wp-content\/uploads\/2024\/06\/th-5-300x166.jpg\" alt=\"\" width=\"300\" height=\"166\" srcset=\"https:\/\/www.radiopiu.net\/wordpress\/wp-content\/uploads\/2024\/06\/th-5-300x166.jpg 300w, https:\/\/www.radiopiu.net\/wordpress\/wp-content\/uploads\/2024\/06\/th-5.jpg 326w\" sizes=\"auto, (max-width: 300px) 100vw, 300px\" \/><\/a><\/span><\/h1>\n<h1><\/h1>\n<h1><\/h1>\n<h1><span style=\"color: #000000;\">21 NOVEMBRE&#8230; alla radio l&#8217;almanacco\u00a0<\/span><\/h1>\n<\/div>\n<div class=\"x11i5rnm xat24cr x1mh8g0r x1vvkbs xtlvy1s x126k92a\">\n<audio class=\"wp-audio-shortcode\" id=\"audio-420616-2\" preload=\"none\" style=\"width: 100%;\" controls=\"controls\"><source type=\"audio\/mpeg\" src=\"https:\/\/www.radiopiu.net\/wordpress\/wp-content\/uploads\/2024\/11\/ALMANACCONEW-16.mp3?_=2\" \/><a href=\"https:\/\/www.radiopiu.net\/wordpress\/wp-content\/uploads\/2024\/11\/ALMANACCONEW-16.mp3\">https:\/\/www.radiopiu.net\/wordpress\/wp-content\/uploads\/2024\/11\/ALMANACCONEW-16.mp3<\/a><\/audio>\n<p>&nbsp;<\/p>\n<p>&nbsp;<\/p>\n<hr \/>\n<p>&nbsp;<\/p>\n<p>&nbsp;<\/p>\n<blockquote>\n<h1><strong><a class=\"dt-pswp-item\" href=\"https:\/\/www.radiopiu.net\/wordpress\/wp-content\/uploads\/2024\/10\/629301fd-708d-4f53-95c2-d28cbefd500f.jpg\" data-dt-img-description=\"\" data-large_image_width=\"1600\" data-large_image_height=\"1322\"><img loading=\"lazy\" decoding=\"async\" class=\"wp-image-413782 alignleft\" src=\"https:\/\/www.radiopiu.net\/wordpress\/wp-content\/uploads\/2024\/10\/629301fd-708d-4f53-95c2-d28cbefd500f-300x248.jpg\" alt=\"\" width=\"186\" height=\"154\" srcset=\"https:\/\/www.radiopiu.net\/wordpress\/wp-content\/uploads\/2024\/10\/629301fd-708d-4f53-95c2-d28cbefd500f-300x248.jpg 300w, https:\/\/www.radiopiu.net\/wordpress\/wp-content\/uploads\/2024\/10\/629301fd-708d-4f53-95c2-d28cbefd500f-1024x846.jpg 1024w, https:\/\/www.radiopiu.net\/wordpress\/wp-content\/uploads\/2024\/10\/629301fd-708d-4f53-95c2-d28cbefd500f-768x635.jpg 768w, https:\/\/www.radiopiu.net\/wordpress\/wp-content\/uploads\/2024\/10\/629301fd-708d-4f53-95c2-d28cbefd500f-1536x1269.jpg 1536w, https:\/\/www.radiopiu.net\/wordpress\/wp-content\/uploads\/2024\/10\/629301fd-708d-4f53-95c2-d28cbefd500f.jpg 1600w\" sizes=\"auto, (max-width: 186px) 100vw, 186px\" \/><\/a>N di parom &#8211; L Almanach de la nosta jent<\/strong><\/h1>\n<\/blockquote>\n<p>Le voci: Davide Conedera, Agordo, Michela Dell&#8217;Osbel, La Valle Agordina Simone Ganz, Falcade Veronica Lezuo, Colle Santa Lucia. La voce nella sigla \u00e8 di Giorgia Taio<\/p>\n<p><strong>LA PUNTATA DI OGGI, 21 NOVEMBRE<\/strong><\/p>\n<div>\n<audio class=\"wp-audio-shortcode\" id=\"audio-420616-3\" preload=\"none\" style=\"width: 100%;\" controls=\"controls\"><source type=\"audio\/mpeg\" src=\"https:\/\/www.radiopiu.net\/wordpress\/wp-content\/uploads\/2024\/11\/21_november_Simone.mp3?_=3\" \/><a href=\"https:\/\/www.radiopiu.net\/wordpress\/wp-content\/uploads\/2024\/11\/21_november_Simone.mp3\">https:\/\/www.radiopiu.net\/wordpress\/wp-content\/uploads\/2024\/11\/21_november_Simone.mp3<\/a><\/audio>\n<\/div>\n<div><\/div>\n<\/div>\n<div class=\"x11i5rnm xat24cr x1mh8g0r x1vvkbs xtlvy1s x126k92a\">\n<p>&nbsp;<\/p>\n<div dir=\"auto\">\n<hr \/>\n<\/div>\n<\/div>\n<blockquote>\n<blockquote>\n<h1><span style=\"color: #ff0000;\">\u00a0<\/span><\/h1>\n<h1><span style=\"color: #ff0000;\">I podcast informativi del mattino &#8211; audio &#8211;\u00a0\u00a0<\/span><\/h1>\n<\/blockquote>\n<p><strong><a class=\"dt-pswp-item\" href=\"https:\/\/www.radiopiu.net\/wordpress\/wp-content\/uploads\/2024\/11\/6.jpg\" data-dt-img-description=\"\" data-large_image_width=\"177\" data-large_image_height=\"180\"><img loading=\"lazy\" decoding=\"async\" class=\"size-full wp-image-417911 alignleft\" src=\"https:\/\/www.radiopiu.net\/wordpress\/wp-content\/uploads\/2024\/11\/6.jpg\" alt=\"\" width=\"177\" height=\"180\" \/><\/a>LA RASSEGNA STAMPA NAZIONALE ALLA RADIO, OGNI GIORNO ALLE 5 E ALLE 6 DEL MATTINO <span style=\"color: #0000ff;\">viene pubblicata alle 6.00 <span style=\"color: #ff0000;\">DIRETTA RADIO\u00a0 \u00a0\u00a0<\/span><\/span><\/strong><\/p><\/blockquote>\n<p>&nbsp;<\/p>\n<p><strong>NOTIZIE DELLA NOTTE<\/strong><\/p>\n<p><strong>Bitcoin<\/strong> supera per la prima volta i 95 mila dollari<br \/>\n<strong>Erutta<\/strong> un vulcano in Islanda, \u00e8 il settimo in un anno<br \/>\n<strong>Senato Usa<\/strong> d\u00e0 il via libera alla vendita di tank a Israele<br \/>\n<strong>Oltre sei milioni<\/strong> da Sotheby&#8217;s per la banana di Cattelan<br \/>\n<strong>Borsa:<\/strong> Tokyo, apertura poco variata (+0,03%)<br \/>\n<strong>Riapre<\/strong> l&#8217;ambasciata Usa a Kiev, &#8216;restiamo vigili&#8217;<br \/>\n<strong>L&#8217;Fbi<\/strong> ha le prove dei pagamenti di Gaetz a diverse donne&#8217;<br \/>\n<strong>FdI<\/strong> voter\u00e0 a favore della Commissione, in Ecr libert\u00e0 di voto<\/p>\n<h2>AUDIO dalle 6 del mattino<\/h2>\n<audio class=\"wp-audio-shortcode\" id=\"audio-420616-4\" preload=\"none\" style=\"width: 100%;\" controls=\"controls\"><source type=\"audio\/mpeg\" src=\"https:\/\/www.radiopiu.net\/wordpress\/wp-content\/uploads\/2024\/11\/GIORNALEDELLESEI-14.mp3?_=4\" \/><a href=\"https:\/\/www.radiopiu.net\/wordpress\/wp-content\/uploads\/2024\/11\/GIORNALEDELLESEI-14.mp3\">https:\/\/www.radiopiu.net\/wordpress\/wp-content\/uploads\/2024\/11\/GIORNALEDELLESEI-14.mp3<\/a><\/audio>\n<p>&nbsp;<\/p>\n<p>&nbsp;<\/p>\n<p>&nbsp;<\/p>\n<hr \/>\n<p>&nbsp;<\/p>\n<h1 style=\"text-align: center;\"><span style=\"color: #ff0000;\"><a class=\"dt-pswp-item\" href=\"https:\/\/www.radiopiu.net\/wordpress\/wp-content\/uploads\/2024\/11\/7.jpg\" data-dt-img-description=\"\" data-large_image_width=\"180\" data-large_image_height=\"180\"><img loading=\"lazy\" decoding=\"async\" class=\"size-full wp-image-417912 alignleft\" src=\"https:\/\/www.radiopiu.net\/wordpress\/wp-content\/uploads\/2024\/11\/7.jpg\" alt=\"\" width=\"180\" height=\"180\" srcset=\"https:\/\/www.radiopiu.net\/wordpress\/wp-content\/uploads\/2024\/11\/7.jpg 180w, https:\/\/www.radiopiu.net\/wordpress\/wp-content\/uploads\/2024\/11\/7-150x150.jpg 150w\" sizes=\"auto, (max-width: 180px) 100vw, 180px\" \/><\/a>I podcast informativi del mattino &#8211; audio &#8211;\u00a0<\/span><\/h1>\n<p><strong>OGNI GIORNO ALLE SETTE DEL MATTINO, LA RASSEGNA STAMPA LOCALE FLASH&#8230; PER CHI VA IN FRETTA. I TITOLI DAI GIORNALI E DAL SITO WWW.RADIOPIU.NET <span style=\"color: #0000ff;\">viene pubblicato alle 7.00<\/span> <span style=\"color: #ff0000;\">DIRETTA RADIO\u00a0<\/span><\/strong><\/p>\n<p><em><span style=\"color: #ff0000;\">per chi va in fretta&#8230; tante notizie in pochi minuti. L&#8217;informazione locale alla radio, ogni ora dalle 7 del mattino alle 19 della sera.<\/span><\/em><\/p>\n<h1><\/h1>\n<h1>AUDIO dalle 7 del mattino<\/h1>\n<audio class=\"wp-audio-shortcode\" id=\"audio-420616-5\" preload=\"none\" style=\"width: 100%;\" controls=\"controls\"><source type=\"audio\/mpeg\" src=\"https:\/\/www.radiopiu.net\/wordpress\/wp-content\/uploads\/2024\/11\/GF07-17.mp3?_=5\" \/><a href=\"https:\/\/www.radiopiu.net\/wordpress\/wp-content\/uploads\/2024\/11\/GF07-17.mp3\">https:\/\/www.radiopiu.net\/wordpress\/wp-content\/uploads\/2024\/11\/GF07-17.mp3<\/a><\/audio>\n<p>&nbsp;<\/p>\n<p>&nbsp;<\/p>\n<p>&nbsp;<\/p>\n<hr \/>\n<p>&nbsp;<\/p>\n<h1><\/h1>\n<h1 style=\"text-align: center;\"><span style=\"color: #ff0000;\"><a class=\"dt-pswp-item\" href=\"https:\/\/www.radiopiu.net\/wordpress\/wp-content\/uploads\/2024\/11\/th.jpg\" data-dt-img-description=\"\" data-large_image_width=\"148\" data-large_image_height=\"179\"><img loading=\"lazy\" decoding=\"async\" class=\"size-full wp-image-417913 alignleft\" src=\"https:\/\/www.radiopiu.net\/wordpress\/wp-content\/uploads\/2024\/11\/th.jpg\" alt=\"\" width=\"148\" height=\"179\" \/><\/a>I podcast informativi del mattino &#8211; audio &#8211;\u00a0<\/span><\/h1>\n<blockquote><p><strong>GIORNALE RADIO NAZIONALE, EDIZIONE DELLE SETTE <span style=\"color: #0000ff;\">viene pubblicato alle 7.05 <span style=\"color: #ff0000;\">DIRETTA RADIO\u00a0<\/span><\/span><\/strong><\/p><\/blockquote>\n<p><strong>il giornale radionazionale e&#8217; in onda ogni ora, dalle sette del mattino alle venti della sera\u00a0 \u00a0<\/strong><strong>\u00a0<\/strong><\/p>\n<p><strong>Trieste<\/strong>\u00a0Sparatoria in Questura, la famiglia Demenego fa causa allo Stato <strong>Trapani<\/strong> Torture nel carcere: 11 agenti arrestati e 14 sospesi <strong>Palermo<\/strong> Ad un imprenditore\u00a0 un&#8217;intimidazione in stile Padrino Mozzata la testa a un cavallo\u00a0 <strong>Arezzo<\/strong> Esplosione in azienda ad Arezzo, 4 operai in ospedale con ferite lievi\u00a0<strong>Gorizia<\/strong> Precario da una vita, assunto a scuola a 63 anni <strong>Pisa<\/strong> Scontri, avviso di garanzia per 13 manifestanti Notifica della procura <strong>Roma<\/strong> Funerali pi\u00f9 snelli per i Papi,\u00a0 nuove regole<\/p>\n<p>&nbsp;<\/p>\n<p><span style=\"color: #ff0000;\"><span style=\"color: #0000ff;\">CRONACA<\/span> EDIZIONE DELLA SERA , DEL 20 NOVEMBRE 2024 EDIZIONE DI IERI, 20.00<\/span><\/p>\n<audio class=\"wp-audio-shortcode\" id=\"audio-420616-6\" preload=\"none\" style=\"width: 100%;\" controls=\"controls\"><source type=\"audio\/mpeg\" src=\"https:\/\/www.radiopiu.net\/wordpress\/wp-content\/uploads\/2024\/11\/giornale07-32.mp3?_=6\" \/><a href=\"https:\/\/www.radiopiu.net\/wordpress\/wp-content\/uploads\/2024\/11\/giornale07-32.mp3\">https:\/\/www.radiopiu.net\/wordpress\/wp-content\/uploads\/2024\/11\/giornale07-32.mp3<\/a><\/audio>\n<p>&nbsp;<\/p>\n<p><span style=\"color: #ff0000;\"><span style=\"color: #0000ff;\">SPORT<\/span> EDIZIONE DELLE 19, DEL 20 NOVEMBRE 2024, LO SPORT EDIZIONE DI IERI<\/span><\/p>\n<audio class=\"wp-audio-shortcode\" id=\"audio-420616-7\" preload=\"none\" style=\"width: 100%;\" controls=\"controls\"><source type=\"audio\/mpeg\" src=\"https:\/\/www.radiopiu.net\/wordpress\/wp-content\/uploads\/2024\/11\/gr-sport-16.mp3?_=7\" \/><a href=\"https:\/\/www.radiopiu.net\/wordpress\/wp-content\/uploads\/2024\/11\/gr-sport-16.mp3\">https:\/\/www.radiopiu.net\/wordpress\/wp-content\/uploads\/2024\/11\/gr-sport-16.mp3<\/a><\/audio>\n<h2><\/h2>\n<h2><span style=\"color: #ff0000;\"><span style=\"color: #0000ff;\">ULTIM&#8217;ORA<\/span> AUDIO dalle sette del mattino, ogni ora alla radio EDIZIONE DELLE SETTE<\/span><\/h2>\n<audio class=\"wp-audio-shortcode\" id=\"audio-420616-8\" preload=\"none\" style=\"width: 100%;\" controls=\"controls\"><source type=\"audio\/mpeg\" src=\"https:\/\/www.radiopiu.net\/wordpress\/wp-content\/uploads\/2024\/11\/giornale07-33.mp3?_=8\" \/><a href=\"https:\/\/www.radiopiu.net\/wordpress\/wp-content\/uploads\/2024\/11\/giornale07-33.mp3\">https:\/\/www.radiopiu.net\/wordpress\/wp-content\/uploads\/2024\/11\/giornale07-33.mp3<\/a><\/audio>\n<p>&nbsp;<\/p>\n<p>&nbsp;<\/p>\n<hr \/>\n<p>&nbsp;<\/p>\n<p>&nbsp;<\/p>\n<h1><span style=\"color: #ff0000;\"><a class=\"dt-pswp-item\" href=\"https:\/\/www.radiopiu.net\/wordpress\/wp-content\/uploads\/2024\/11\/8.jpg\" data-dt-img-description=\"\" data-large_image_width=\"180\" data-large_image_height=\"180\"><img loading=\"lazy\" decoding=\"async\" class=\"size-full wp-image-417910 alignleft\" src=\"https:\/\/www.radiopiu.net\/wordpress\/wp-content\/uploads\/2024\/11\/8.jpg\" alt=\"\" width=\"180\" height=\"180\" srcset=\"https:\/\/www.radiopiu.net\/wordpress\/wp-content\/uploads\/2024\/11\/8.jpg 180w, https:\/\/www.radiopiu.net\/wordpress\/wp-content\/uploads\/2024\/11\/8-150x150.jpg 150w\" sizes=\"auto, (max-width: 180px) 100vw, 180px\" \/><\/a>I podcast informativi del mattino &#8211; video &#8211;\u00a0<\/span><\/h1>\n<h2 style=\"text-align: left;\"><strong>RASSEGNA STAMPA LOCALE, ORE OTTO 05<\/strong><\/h2>\n<h2><strong> <span style=\"color: #0000ff;\">viene\u00a0 <\/span><\/strong><strong><span style=\"color: #0000ff;\">pubblicata alle 8.05 <span style=\"color: #ff0000;\">DIRETTA RADIO\u00a0 \u00a0<\/span><\/span><\/strong><strong>DI MIRKO MEZZACASA<\/strong><\/h2>\n<h2><span style=\"color: #ff0000;\"><strong>\u00a0<\/strong><\/span><\/h2>\n<h2><span style=\"color: #ff0000;\"><strong>\u00a0<\/strong><\/span><\/h2>\n<h1><span style=\"color: #ff0000;\"><strong>VIDEO\u00a0 \u00a0in diretta dalle 8 del mattino\u00a0 \u00a0per ASCOLTARE <\/strong><\/span><\/h1>\n<blockquote>\n<h1 style=\"text-align: center;\"><a href=\"https:\/\/www.facebook.com\/radiopiu\/videos\/948052183855205\">CLICCA QUI<\/a><\/h1>\n<\/blockquote>\n<p><a class=\"dt-pswp-item\" href=\"https:\/\/www.radiopiu.net\/wordpress\/wp-content\/uploads\/2024\/11\/coop1-1.png\" data-dt-img-description=\"\" data-large_image_width=\"602\" data-large_image_height=\"375\">\u00a0<\/a><\/p>\n<p><a class=\"dt-pswp-item\" href=\"https:\/\/www.radiopiu.net\/wordpress\/wp-content\/uploads\/2024\/11\/Senza-nome-91.png\" data-dt-img-description=\"\" data-large_image_width=\"604\" data-large_image_height=\"348\"><img loading=\"lazy\" decoding=\"async\" class=\"alignnone size-medium wp-image-420806\" src=\"https:\/\/www.radiopiu.net\/wordpress\/wp-content\/uploads\/2024\/11\/Senza-nome-91-300x173.png\" alt=\"\" width=\"300\" height=\"173\" srcset=\"https:\/\/www.radiopiu.net\/wordpress\/wp-content\/uploads\/2024\/11\/Senza-nome-91-300x173.png 300w, https:\/\/www.radiopiu.net\/wordpress\/wp-content\/uploads\/2024\/11\/Senza-nome-91.png 604w\" sizes=\"auto, (max-width: 300px) 100vw, 300px\" \/><\/a><a class=\"dt-pswp-item\" href=\"https:\/\/www.radiopiu.net\/wordpress\/wp-content\/uploads\/2024\/11\/Senza-nome-90.png\" data-dt-img-description=\"\" data-large_image_width=\"414\" data-large_image_height=\"220\"><img loading=\"lazy\" decoding=\"async\" class=\"alignnone size-medium wp-image-420803\" src=\"https:\/\/www.radiopiu.net\/wordpress\/wp-content\/uploads\/2024\/11\/Senza-nome-90-300x159.png\" alt=\"\" width=\"300\" height=\"159\" srcset=\"https:\/\/www.radiopiu.net\/wordpress\/wp-content\/uploads\/2024\/11\/Senza-nome-90-300x159.png 300w, https:\/\/www.radiopiu.net\/wordpress\/wp-content\/uploads\/2024\/11\/Senza-nome-90.png 414w\" sizes=\"auto, (max-width: 300px) 100vw, 300px\" \/><\/a><a class=\"dt-pswp-item\" href=\"https:\/\/www.radiopiu.net\/wordpress\/wp-content\/uploads\/2024\/11\/cope.png\" data-dt-img-description=\"\" data-large_image_width=\"245\" data-large_image_height=\"137\"><img loading=\"lazy\" decoding=\"async\" class=\"alignnone size-full wp-image-420801\" src=\"https:\/\/www.radiopiu.net\/wordpress\/wp-content\/uploads\/2024\/11\/cope.png\" alt=\"\" width=\"245\" height=\"137\" \/><\/a><\/p>\n<hr \/>\n<p>&nbsp;<\/p>\n<p>&nbsp;<\/p>\n<p><strong><a class=\"dt-pswp-item\" href=\"https:\/\/www.radiopiu.net\/wordpress\/wp-content\/uploads\/2023\/12\/ANTENNA.png\" data-dt-img-description=\"\" data-large_image_width=\"300\" data-large_image_height=\"166\"><img loading=\"lazy\" decoding=\"async\" class=\" wp-image-366306 alignleft\" src=\"https:\/\/www.radiopiu.net\/wordpress\/wp-content\/uploads\/2023\/12\/ANTENNA.png\" alt=\"\" width=\"175\" height=\"97\" \/><\/a>ogni sera alle 19 le anticipazioni alla radio, quello che poi seguirete nel TELEGIORNALE BELLUNESE\u00a0 in onda alle 19.30 sul CANALE 10 del digitale terrestre.\u00a0\u00a0<\/strong><\/p>\n<p><strong>LE ANTICIPAZIONI DAL TG DI ANTENNA 3 DI\u00a0 fabio fioravanzi<\/strong><\/p>\n<audio class=\"wp-audio-shortcode\" id=\"audio-420616-9\" preload=\"none\" style=\"width: 100%;\" controls=\"controls\"><source type=\"audio\/mpeg\" src=\"https:\/\/www.radiopiu.net\/wordpress\/wp-content\/uploads\/2024\/11\/ANTENNA3-14.mp3?_=9\" \/><a href=\"https:\/\/www.radiopiu.net\/wordpress\/wp-content\/uploads\/2024\/11\/ANTENNA3-14.mp3\">https:\/\/www.radiopiu.net\/wordpress\/wp-content\/uploads\/2024\/11\/ANTENNA3-14.mp3<\/a><\/audio>\n<p>&nbsp;<\/p>\n<p>&nbsp;<\/p>\n<hr \/>\n<p>&nbsp;<\/p>\n<div class=\"flex max-w-full flex-col flex-grow\">\n<div class=\"min-h-8 text-message flex w-full flex-col items-end gap-2 whitespace-normal break-words [.text-message+&amp;]:mt-5\" dir=\"auto\" data-message-author-role=\"assistant\" data-message-id=\"abc87836-44ce-42b7-8d1c-bc751b0e2caf\" data-message-model-slug=\"gpt-4o\">\n<div class=\"flex w-full flex-col gap-1 empty:hidden first:pt-[3px]\">\n<div class=\"markdown prose w-full break-words dark:prose-invert dark\">\n<blockquote><p>&nbsp;<\/p>\n<p><em><a class=\"dt-pswp-item\" href=\"https:\/\/www.radiopiu.net\/wordpress\/wp-content\/uploads\/2024\/11\/Senza-nome-87.png\" data-dt-img-description=\"\" data-large_image_width=\"488\" data-large_image_height=\"341\"><img loading=\"lazy\" decoding=\"async\" class=\"wp-image-420777 alignleft\" src=\"https:\/\/www.radiopiu.net\/wordpress\/wp-content\/uploads\/2024\/11\/Senza-nome-87-300x210.png\" alt=\"\" width=\"174\" height=\"122\" srcset=\"https:\/\/www.radiopiu.net\/wordpress\/wp-content\/uploads\/2024\/11\/Senza-nome-87-300x210.png 300w, https:\/\/www.radiopiu.net\/wordpress\/wp-content\/uploads\/2024\/11\/Senza-nome-87.png 488w\" sizes=\"auto, (max-width: 174px) 100vw, 174px\" \/><\/a>Dichiarata la fase di attenzione per nevicate in Veneto fino a domani. Le previsioni indicano deboli precipitazioni con neve fino a 200-500 metri, accumuli di 1-5 cm nei fondovalle prealpini, pedemontana e colline. In pianura prevale la pioggia, con possibili episodi di neve mista, senza accumuli significativi.\u00a0<\/em><\/p><\/blockquote>\n<\/div>\n<\/div>\n<\/div>\n<\/div>\n<div class=\"mb-2 flex gap-3 empty:hidden -ml-2\">\n<div class=\"flex items-center\"><\/div>\n<\/div>\n<p>&nbsp;<\/p>\n<hr \/>\n<blockquote>\n<h3><\/h3>\n<h3><a class=\"dt-pswp-item\" href=\"https:\/\/www.radiopiu.net\/wordpress\/wp-content\/uploads\/2024\/11\/Senza-nome-82.png\" data-dt-img-description=\"\" data-large_image_width=\"278\" data-large_image_height=\"291\"><img loading=\"lazy\" decoding=\"async\" class=\"wp-image-420577 alignleft\" src=\"https:\/\/www.radiopiu.net\/wordpress\/wp-content\/uploads\/2024\/11\/Senza-nome-82.png\" alt=\"\" width=\"142\" height=\"149\" \/><\/a><\/h3>\n<h3>OGGI L&#8217;ADDIO A BEPPINO<\/h3>\n<p><strong>CALALZO<\/strong> I funerali di Beppino De Monego (89 anni), vittima dell&#8217;investimento in Cadore, saranno celebrati oggi\u00a0 alle 14.30 nella chiesa di San Biagio.<\/p><\/blockquote>\n<p>&nbsp;<\/p>\n<blockquote>\n<h2><\/h2>\n<hr \/>\n<h2><\/h2>\n<h2><a class=\"dt-pswp-item\" href=\"https:\/\/www.radiopiu.net\/wordpress\/wp-content\/uploads\/2024\/11\/Senza-nome-88.png\" data-dt-img-description=\"\" data-large_image_width=\"260\" data-large_image_height=\"219\"><img loading=\"lazy\" decoding=\"async\" class=\" wp-image-420788 alignleft\" src=\"https:\/\/www.radiopiu.net\/wordpress\/wp-content\/uploads\/2024\/11\/Senza-nome-88.png\" alt=\"\" width=\"136\" height=\"114\" \/><\/a>SABATO, MESSA AD ARSON PER DON BASILIO<\/h2>\n<\/blockquote>\n<p><strong>FELTRE<\/strong>\u00a0 \u00c8 mancato don Basilio Trivellato, sacerdote novantenne gi\u00e0 parroco di San Michele Arcangelo nelle frazioni di Arson e Lasen. Il sacerdote viveva in Piemonte I funerali si svolgerannoi nella Certosa di Serra San Bruno a Verbania. Sabato alle 18, la messa in ricordo nella chiesa parrocchiale di Arson<\/p>\n<p>&nbsp;<\/p>\n<p>&nbsp;<\/p>\n<hr \/>\n<p>&nbsp;<\/p>\n<blockquote>\n<h1><a class=\"dt-pswp-item\" href=\"https:\/\/www.radiopiu.net\/wordpress\/wp-content\/uploads\/2024\/11\/LON.png\" data-dt-img-description=\"\" data-large_image_width=\"253\" data-large_image_height=\"220\"><img loading=\"lazy\" decoding=\"async\" class=\" wp-image-420802 alignleft\" src=\"https:\/\/www.radiopiu.net\/wordpress\/wp-content\/uploads\/2024\/11\/LON.png\" alt=\"\" width=\"158\" height=\"137\" \/><\/a>SABATO LACRIME PER LUPIN<\/h1>\n<\/blockquote>\n<p>&nbsp;<\/p>\n<p><strong>BELLUNO<\/strong><br \/>\nI funerali di Lorenzo Bogo, Lupin, mancato improvvisamente, si terranno sabato alle 10.30 a Levego, seguir\u00e0 la cremazione. Lorenzo lascia la moglie Sonia, il figlio Antonio, la mamma Bruna, sorella Fulvia, i fratelli Andrea e Francesco, cognate e parenti tutti.<\/p>\n<p>&nbsp;<\/p>\n<p><strong>ARCHIVIO, 15 NOVEMBRE 2024<\/strong><\/p>\n<p><strong>BELLUNO<\/strong> Lorenzo Bogo &#8220;Lupin&#8221; 56enne di Levego, \u00e8 deceduto improvvisamente nel sonno nella cabina del suo camion, fermo a Conegliano per una pausa. La moglie, non ricevendo risposta, ha lanciato l\u2019allarme. Il corpo \u00e8 stato trovato senza vita; escluso il reato, la Procura ha autorizzato la sepoltura. L&#8217;autopsia chiarir\u00e0 le cause esatte.<\/p>\n<p><a class=\"dt-pswp-item\" href=\"https:\/\/www.radiopiu.net\/wordpress\/wp-content\/uploads\/2024\/11\/Senza-nome-67.png\" data-dt-img-description=\"\" data-large_image_width=\"142\" data-large_image_height=\"109\"><img loading=\"lazy\" decoding=\"async\" class=\"alignnone size-full wp-image-419741\" src=\"https:\/\/www.radiopiu.net\/wordpress\/wp-content\/uploads\/2024\/11\/Senza-nome-67.png\" alt=\"\" width=\"142\" height=\"109\" \/><\/a><\/p>\n<p>&nbsp;<\/p>\n<hr \/>\n<p>&nbsp;<\/p>\n<blockquote>\n<h2>Auto rigate in via Belluno: vandalismo o episodio isolato?<\/h2>\n<\/blockquote>\n<p><strong>FELTRE<\/strong><\/p>\n<div class=\"markdown prose w-full break-words dark:prose-invert dark\">\n<p><img loading=\"lazy\" decoding=\"async\" class=\"alignleft\" src=\"https:\/\/www.radiopiu.net\/wordpress\/wp-content\/uploads\/2024\/11\/auto-rigata-e1504794825946-449x445-1.jpg\" width=\"184\" height=\"182\" \/>Ieri mattina, brutta sorpresa per alcuni residenti di via Belluno, dove almeno cinque auto parcheggiate lungo il muro dell&#8217;ex presidio psichiatrico sono state trovate con profonde rigature e altri danni. L\u2019episodio, avvenuto probabilmente durante la notte, sembra un atto di vandalismo gratuito, simile a un caso recente in centro citt\u00e0.<\/p>\n<p>I proprietari danneggiati hanno sporto denuncia ai carabinieri. Non emergono collegamenti con dissapori tra vicini, n\u00e9 segnalazioni di parcheggi scorretti. Tuttavia, la zona resta problematica per la carenza di marciapiedi e stalli sicuri, soprattutto nel tratto vicino alla semicurva. Alcuni residenti chiedono di sfruttare gli spazi inutilizzati dell\u2019ex manicomio per migliorare la viabilit\u00e0 e prevenire nuovi disagi.<\/p>\n<\/div>\n<p>&nbsp;<\/p>\n<hr \/>\n<p>&nbsp;<\/p>\n<div class=\"flex-shrink-0 flex flex-col relative items-end\">\n<div>\n<div class=\"pt-0\">\n<div class=\"gizmo-bot-avatar flex h-8 w-8 items-center justify-center overflow-hidden rounded-full\">\n<div class=\"relative p-1 rounded-sm flex items-center justify-center bg-token-main-surface-primary text-token-text-primary h-8 w-8\"><\/div>\n<\/div>\n<\/div>\n<\/div>\n<\/div>\n<div class=\"group\/conversation-turn relative flex w-full min-w-0 flex-col agent-turn\">\n<div class=\"flex-col gap-1 md:gap-3\">\n<div class=\"flex max-w-full flex-col flex-grow\">\n<div class=\"min-h-8 text-message flex w-full flex-col items-end gap-2 whitespace-normal break-words [.text-message+&amp;]:mt-5\" dir=\"auto\" data-message-author-role=\"assistant\" data-message-id=\"804a8061-0777-4a95-9048-b0fdd72f0754\" data-message-model-slug=\"gpt-4o\">\n<div class=\"flex w-full flex-col gap-1 empty:hidden first:pt-[3px]\">\n<div class=\"markdown prose w-full break-words dark:prose-invert dark\">\n<blockquote><p><strong>Rapina per un orologio falso: indagati quattro minorenni a Feltre<\/strong><\/p><\/blockquote>\n<p><strong>FELTRE<\/strong><\/p>\n<p><a class=\"dt-pswp-item\" href=\"https:\/\/www.radiopiu.net\/wordpress\/wp-content\/uploads\/2024\/06\/Feltre-Belluno-1024x576-1.jpg\" data-dt-img-description=\"\" data-large_image_width=\"1024\" data-large_image_height=\"576\"><img loading=\"lazy\" decoding=\"async\" class=\" wp-image-394880 alignleft\" src=\"https:\/\/www.radiopiu.net\/wordpress\/wp-content\/uploads\/2024\/06\/Feltre-Belluno-1024x576-1-300x169.jpg\" alt=\"\" width=\"245\" height=\"138\" srcset=\"https:\/\/www.radiopiu.net\/wordpress\/wp-content\/uploads\/2024\/06\/Feltre-Belluno-1024x576-1-300x169.jpg 300w, https:\/\/www.radiopiu.net\/wordpress\/wp-content\/uploads\/2024\/06\/Feltre-Belluno-1024x576-1-768x432.jpg 768w, https:\/\/www.radiopiu.net\/wordpress\/wp-content\/uploads\/2024\/06\/Feltre-Belluno-1024x576-1.jpg 1024w\" sizes=\"auto, (max-width: 245px) 100vw, 245px\" \/><\/a>Un orologio, apparentemente di valore ma in realt\u00e0 una replica, ha spinto quattro minorenni a commettere una rapina lo scorso 2 settembre a Feltre. Gli indagati, studenti residenti nel Feltrino, sono stati identificati grazie alle immagini di videosorveglianza.<\/p>\n<p>La vittima, coetanea, ha sporto denuncia con l&#8217;aiuto dei genitori. Nessuna misura cautelare \u00e8 stata richiesta dalla Procura dei Minori, se non il divieto di avvicinamento alla vittima. L\u2019assessore alla Sicurezza, Alberto Curto, sottolinea la necessit\u00e0 di offrire alternative educative per prevenire simili episodi.<\/p>\n<\/div>\n<\/div>\n<\/div>\n<\/div>\n<\/div>\n<\/div>\n<p>&nbsp;<\/p>\n<hr \/>\n<div class=\"flex max-w-full flex-col flex-grow\">\n<div class=\"min-h-8 text-message flex w-full flex-col items-end gap-2 whitespace-normal break-words [.text-message+&amp;]:mt-5\" dir=\"auto\" data-message-author-role=\"assistant\" data-message-id=\"d4641b2d-1841-40e3-a34b-8e245572d642\" data-message-model-slug=\"gpt-4o\">\n<div class=\"flex w-full flex-col gap-1 empty:hidden first:pt-[3px]\">\n<div class=\"markdown prose w-full break-words dark:prose-invert dark\">\n<blockquote><p><strong>Omicidio di Fener: Sanchez si dichiara innocente e punta alla giustizia<\/strong><\/p><\/blockquote>\n<p><strong>FELTRE<\/strong><\/p>\n<p><a class=\"dt-pswp-item\" href=\"https:\/\/www.radiopiu.net\/wordpress\/wp-content\/uploads\/2024\/08\/th-7.jpg\" data-dt-img-description=\"\" data-large_image_width=\"240\" data-large_image_height=\"180\"><img loading=\"lazy\" decoding=\"async\" class=\" wp-image-407389 alignleft\" src=\"https:\/\/www.radiopiu.net\/wordpress\/wp-content\/uploads\/2024\/08\/th-7.jpg\" alt=\"\" width=\"159\" height=\"119\" \/><\/a>Junior Cedano Sanchez, imputato con Pedro Livert Dominguez per l&#8217;omicidio volontario di Antonio Costa, avvenuto il 6 maggio 2023 a Fener, nega qualsiasi responsabilit\u00e0. Dichiarando di non aver avuto contatti fisici con Costa, Sanchez afferma: \u00abNon ho ucciso nessuno e presenter\u00f2 querela per falsa testimonianza contro chi dice il contrario\u00bb.<\/p>\n<p>Secondo il suo racconto, alla festa al Kangur bar era con familiari e amici. Solo successivamente avrebbe notato una lite tra Costa e Dominguez, durante la quale Costa brandiva un coltello. Spaventato, si sarebbe allontanato senza sapere del tragico esito.<\/p>\n<p>L\u2019avvocato di Dominguez ha sollevato dubbi sulle testimonianze, ma la Corte d\u2019Assise ha respinto ulteriori audizioni. Mercoled\u00ec inizier\u00e0 la discussione finale<\/p>\n<p>&nbsp;<\/p>\n<p>&nbsp;<\/p>\n<h1 class=\"_title post-title entry-title\" style=\"text-align: left;\"><a class=\"dt-pswp-item\" href=\"https:\/\/www.radiopiu.net\/wordpress\/wp-content\/uploads\/2023\/12\/ANTENNA.png\" data-dt-img-description=\"\" data-large_image_width=\"300\" data-large_image_height=\"166\"><img loading=\"lazy\" decoding=\"async\" class=\" wp-image-366306 alignleft\" src=\"https:\/\/www.radiopiu.net\/wordpress\/wp-content\/uploads\/2023\/12\/ANTENNA.png\" alt=\"\" width=\"201\" height=\"111\" \/><\/a><\/h1>\n<h1 class=\"_title post-title entry-title\">DELITTO DI FENER: RINVITA LA SENTENZA PER L\u2019OMICIDIO DI ANTONIO COSTA<\/h1>\n<p>Intervistati MARCELLO STELLIN (AVVOCATO DIFENSORE), PAOLO SERRANGELI (AVVOCATO DIFENSORE) (Servizio di\u00a0<a href=\"https:\/\/antennatre.medianordest.it\/redazione\/Fabio-Fioravanzi\/\">Fabio Fioravanzi<\/a>)<\/p>\n<p><iframe loading=\"lazy\" title=\"DELITTO DI FENER: RINVITA LA SENTENZA PER L&#039;OMICIDIO DI ANTONIO COSTA | 20\/11\/2024\" width=\"1200\" height=\"675\" src=\"https:\/\/www.youtube.com\/embed\/IaxfOCs4V9I?feature=oembed\" frameborder=\"0\" allow=\"accelerometer; autoplay; clipboard-write; encrypted-media; gyroscope; picture-in-picture; web-share\" referrerpolicy=\"strict-origin-when-cross-origin\" allowfullscreen><\/iframe><\/p>\n<p>&nbsp;<\/p>\n<p>&nbsp;<\/p>\n<\/div>\n<\/div>\n<\/div>\n<\/div>\n<hr \/>\n<p>&nbsp;<\/p>\n<blockquote><p><strong><a class=\"dt-pswp-item\" href=\"https:\/\/www.radiopiu.net\/wordpress\/wp-content\/uploads\/2024\/11\/cope.png\" data-dt-img-description=\"\" data-large_image_width=\"245\" data-large_image_height=\"137\"><img loading=\"lazy\" decoding=\"async\" class=\"size-full wp-image-420801 alignleft\" src=\"https:\/\/www.radiopiu.net\/wordpress\/wp-content\/uploads\/2024\/11\/cope.png\" alt=\"\" width=\"245\" height=\"137\" \/><\/a>Incidente mortale a Sant&#8217;Angelo: medico si avvale della facolt\u00e0 di non rispondere<\/strong><\/p><\/blockquote>\n<p>La dottoressa, indagata per l\u2019intervento del 118 in seguito all\u2019incidente che il 28 ottobre \u00e8 costato la vita a Eleonora Chinello, ha scelto di non rispondere davanti al PM Sergio Dini. L\u2019accusa \u00e8 rifiuto di atti d\u2019ufficio e interruzione di pubblico servizio; l\u2019omicidio colposo \u00e8 escluso in attesa dell\u2019autopsia. Due infermiere sostengono che la dottoressa, presente sul posto, si sarebbe dichiarata incapace di agire, lasciandole sole a intervenire.<\/p>\n<p>&nbsp;<\/p>\n<hr \/>\n<p>&nbsp;<\/p>\n<blockquote><p><strong>Malore alla guida: donna salvata da cittadini feltrini<\/strong><\/p><\/blockquote>\n<p><strong>FELTRE<\/strong><\/p>\n<div class=\"flex max-w-full flex-col flex-grow\">\n<div class=\"min-h-8 text-message flex w-full flex-col items-end gap-2 whitespace-normal break-words [.text-message+&amp;]:mt-5\" dir=\"auto\" data-message-author-role=\"assistant\" data-message-id=\"715bf0ce-09af-4be4-8b52-6b50f4c28023\" data-message-model-slug=\"gpt-4o\">\n<div class=\"flex w-full flex-col gap-1 empty:hidden first:pt-[3px]\">\n<div class=\"markdown prose w-full break-words dark:prose-invert dark\">\n<p><a class=\"dt-pswp-item\" href=\"https:\/\/www.radiopiu.net\/wordpress\/wp-content\/uploads\/2024\/04\/OSPEDALE-BELLUNO.jpg\" data-dt-img-description=\"\" data-large_image_width=\"512\" data-large_image_height=\"275\"><img loading=\"lazy\" decoding=\"async\" class=\" wp-image-382849 alignleft\" src=\"https:\/\/www.radiopiu.net\/wordpress\/wp-content\/uploads\/2024\/04\/OSPEDALE-BELLUNO-300x161.jpg\" alt=\"\" width=\"252\" height=\"135\" srcset=\"https:\/\/www.radiopiu.net\/wordpress\/wp-content\/uploads\/2024\/04\/OSPEDALE-BELLUNO-300x161.jpg 300w, https:\/\/www.radiopiu.net\/wordpress\/wp-content\/uploads\/2024\/04\/OSPEDALE-BELLUNO.jpg 512w\" sizes=\"auto, (max-width: 252px) 100vw, 252px\" \/><\/a>Una 71enne di San Gregorio nelle Alpi \u00e8 stata colpita da un arresto cardiocircolatorio mentre guidava a Feltre. L&#8217;auto si \u00e8 fermata nei pressi di un distributore di carburanti, dove alcuni presenti, accortisi della situazione, l\u2019hanno soccorsa. La donna, priva di conoscenza e apparentemente senza respiro, \u00e8 stata rianimata sul posto mentre veniva allertato il 118. Trasportata d&#8217;urgenza al Santa Maria del Prato di Feltre, \u00e8 stata poi trasferita in Emodinamica al San Martino di Belluno, dove \u00e8 ora in cura per condizioni cardiovascolari critiche<\/p>\n<\/div>\n<\/div>\n<\/div>\n<\/div>\n<div class=\"mb-2 flex gap-3 empty:hidden -ml-2\">\n<div class=\"items-center justify-start rounded-xl p-1 flex\">\n<div class=\"flex items-center\">\n<div class=\"flex items-center pb-0\"><\/div>\n<\/div>\n<\/div>\n<\/div>\n<p>&nbsp;<\/p>\n<hr \/>\n<p>&nbsp;<\/p>\n<blockquote><p><strong><a class=\"dt-pswp-item\" href=\"https:\/\/www.radiopiu.net\/wordpress\/wp-content\/uploads\/2024\/11\/InCollage_20241120_155710198-1.jpg\" data-dt-img-description=\"\" data-large_image_width=\"2048\" data-large_image_height=\"1536\"><img loading=\"lazy\" decoding=\"async\" class=\"size-medium wp-image-420699 alignleft\" src=\"https:\/\/www.radiopiu.net\/wordpress\/wp-content\/uploads\/2024\/11\/InCollage_20241120_155710198-1-300x225.jpg\" alt=\"\" width=\"300\" height=\"225\" srcset=\"https:\/\/www.radiopiu.net\/wordpress\/wp-content\/uploads\/2024\/11\/InCollage_20241120_155710198-1-300x225.jpg 300w, https:\/\/www.radiopiu.net\/wordpress\/wp-content\/uploads\/2024\/11\/InCollage_20241120_155710198-1-1024x768.jpg 1024w, https:\/\/www.radiopiu.net\/wordpress\/wp-content\/uploads\/2024\/11\/InCollage_20241120_155710198-1-768x576.jpg 768w, https:\/\/www.radiopiu.net\/wordpress\/wp-content\/uploads\/2024\/11\/InCollage_20241120_155710198-1-1536x1152.jpg 1536w, https:\/\/www.radiopiu.net\/wordpress\/wp-content\/uploads\/2024\/11\/InCollage_20241120_155710198-1.jpg 2048w\" sizes=\"auto, (max-width: 300px) 100vw, 300px\" \/><\/a>Poste Italiane e il precariato sistematico<\/strong><\/p><\/blockquote>\n<div class=\"flex max-w-full flex-col flex-grow\">\n<div class=\"min-h-8 text-message flex w-full flex-col items-end gap-2 whitespace-normal break-words [.text-message+&amp;]:mt-5\" dir=\"auto\" data-message-author-role=\"assistant\" data-message-id=\"f855e482-1532-4072-9b91-f2fdcd73a6d8\" data-message-model-slug=\"gpt-4o\">\n<div class=\"flex w-full flex-col gap-1 empty:hidden first:pt-[3px]\">\n<div class=\"markdown prose w-full break-words dark:prose-invert dark\">\n<p>Poste Italiane, con 120mila dipendenti, \u00e8 il maggior datore di lavoro in Italia, ma il precariato resta una piaga. Molti lavoratori sono assunti con contratti brevi, spesso non prorogati oltre un anno e per il lavoratore significa mancata stabilizzazione. Dal 2017, 90mila giovani sono stati impiegati a termine, ma solo 12.500 hanno ottenuto contratti stabili fanno sapere da Roma Carmine Pascale,\u00a0Sara Ludovisi e\u00a0 Andrea Fasano del\u00a0Direttivo Mov. Lottiamo Insieme. Portalettere e addetti allo smistamento restano le categorie pi\u00f9 colpite, operando in condizioni spesso sfruttanti. Una normativa pi\u00f9 giusta \u00e8 necessaria per garantire diritti e sicurezza ai lavoratori. (mm)<\/p>\n<\/div>\n<\/div>\n<\/div>\n<\/div>\n<p>&nbsp;<\/p>\n<p>&nbsp;<\/p>\n<hr \/>\n<p>&nbsp;<\/p>\n<blockquote>\n<h1>Corso OSS in montagna a Livinallongo: futuro per la comunit\u00e0<\/h1>\n<\/blockquote>\n<p><strong><img decoding=\"async\" src=\"https:\/\/www.radiopiu.net\/wordpress\/wp-content\/uploads\/2024\/11\/beec3276-808d-4405-8ba1-afb7f07684d9.jpg\" \/><\/strong><\/p>\n<p><strong>LIVINALLONGO<\/strong><\/p>\n<div class=\"flex max-w-full flex-col flex-grow\">\n<div class=\"min-h-8 text-message flex w-full flex-col items-end gap-2 whitespace-normal break-words [.text-message+&amp;]:mt-5\" dir=\"auto\" data-message-author-role=\"assistant\" data-message-id=\"67cda4de-2a4f-481d-844f-a9b99d3bbeec\" data-message-model-slug=\"gpt-4o\">\n<div class=\"flex w-full flex-col gap-1 empty:hidden first:pt-[3px]\">\n<div class=\"markdown prose w-full break-words dark:prose-invert dark\">\n<p>Un progetto per formare operatori socio-sanitari a Livinallongo \u00e8 stato condiviso da Comune, Fodom Servizi e Ulss 1 Dolomiti. Obiettivo: sostenere le case di riposo nelle terre alte e promuovere l\u2019autonomia locale<\/p>\n<\/div>\n<\/div>\n<\/div>\n<\/div>\n<div class=\"mb-2 flex gap-3 empty:hidden -ml-2\">\n<div class=\"items-center justify-start rounded-xl p-1 flex\">\n<div class=\"flex items-center\">\n<div class=\"flex\"><strong>di LORENZO SORATROI<\/strong><\/div>\n<div class=\"flex items-center pb-0\"><\/div>\n<\/div>\n<\/div>\n<\/div>\n<audio class=\"wp-audio-shortcode\" id=\"audio-420616-10\" preload=\"none\" style=\"width: 100%;\" controls=\"controls\"><source type=\"audio\/mpeg\" src=\"https:\/\/www.radiopiu.net\/wordpress\/wp-content\/uploads\/2024\/11\/LORENZO-GRUPPO.mp3?_=10\" \/><a href=\"https:\/\/www.radiopiu.net\/wordpress\/wp-content\/uploads\/2024\/11\/LORENZO-GRUPPO.mp3\">https:\/\/www.radiopiu.net\/wordpress\/wp-content\/uploads\/2024\/11\/LORENZO-GRUPPO.mp3<\/a><\/audio>\n<p>&nbsp;<\/p>\n<p>&nbsp;<\/p>\n<hr \/>\n<p>&nbsp;<\/p>\n<p>&nbsp;<\/p>\n<p>&nbsp;<\/p>\n<blockquote><p><a class=\"dt-pswp-item\" href=\"https:\/\/www.radiopiu.net\/wordpress\/wp-content\/uploads\/2024\/11\/Cisl_ParlarePerSalvare_FlyerDigitale.jpg\" data-dt-img-description=\"Screenshot\" data-large_image_width=\"1088\" data-large_image_height=\"1550\"><img loading=\"lazy\" decoding=\"async\" class=\"alignleft wp-image-420678 \" src=\"https:\/\/www.radiopiu.net\/wordpress\/wp-content\/uploads\/2024\/11\/Cisl_ParlarePerSalvare_FlyerDigitale-211x300.jpg\" alt=\"\" width=\"168\" height=\"238\" srcset=\"https:\/\/www.radiopiu.net\/wordpress\/wp-content\/uploads\/2024\/11\/Cisl_ParlarePerSalvare_FlyerDigitale-211x300.jpg 211w, https:\/\/www.radiopiu.net\/wordpress\/wp-content\/uploads\/2024\/11\/Cisl_ParlarePerSalvare_FlyerDigitale-719x1024.jpg 719w, https:\/\/www.radiopiu.net\/wordpress\/wp-content\/uploads\/2024\/11\/Cisl_ParlarePerSalvare_FlyerDigitale-768x1094.jpg 768w, https:\/\/www.radiopiu.net\/wordpress\/wp-content\/uploads\/2024\/11\/Cisl_ParlarePerSalvare_FlyerDigitale-1078x1536.jpg 1078w, https:\/\/www.radiopiu.net\/wordpress\/wp-content\/uploads\/2024\/11\/Cisl_ParlarePerSalvare_FlyerDigitale.jpg 1088w\" sizes=\"auto, (max-width: 168px) 100vw, 168px\" \/><\/a><\/p>\n<h3>UN INCONTRO NELLA GIORNATA INTERNAZIONALE PER L&#8217;ELIMINAZIONE DELLA VIOLENZA CONTRO LE DONNE<\/h3>\n<\/blockquote>\n<p><strong>BELLUNO<\/strong> La Cisl Belluno Treviso, in occasione della Giornata Internazionale per l&#8217;Eliminazione della Violenza contro le Donne, organizza l&#8217;evento \u201cLa parola alla cultura. Parlare per salvare\u201d luned\u00ec alla Biblioteca Civica di Belluno. L\u2019iniziativa prevede interventi di quattro donne di diverse et\u00e0 e professioni, accompagnati da musica e letture contro la violenza. Parteciper\u00e0 anche una rappresentante dei Carabinieri di Belluno per fornire informazioni pratiche per le vittime di violenza e stalking. L\u2019evento sar\u00e0 aperto dal segretario generale della Cisl Francesco Orr\u00f9 e dall\u2019assessore alla Cultura Raffaele Addamiano. La segretaria della Cisl Roberta Barbieri sottolinea l\u2019importanza di combattere la violenza di genere non solo con leggi, ma attraverso cultura, educazione e contrasto agli stereotipi. Ogni testimonianza e azione, inclusa la sensibilizzazione nei luoghi di lavoro, pu\u00f2 essere un faro di speranza per superare la paura e promuovere l\u2019equit\u00e0 di genere.<\/p>\n<p>&nbsp;<\/p>\n<hr \/>\n<p>&nbsp;<\/p>\n<blockquote>\n<h3><a class=\"dt-pswp-item\" href=\"https:\/\/www.radiopiu.net\/wordpress\/wp-content\/uploads\/2024\/11\/Senza-nome-86.png\" data-dt-img-description=\"\" data-large_image_width=\"217\" data-large_image_height=\"202\"><img loading=\"lazy\" decoding=\"async\" class=\" wp-image-420702 alignleft\" src=\"https:\/\/www.radiopiu.net\/wordpress\/wp-content\/uploads\/2024\/11\/Senza-nome-86.png\" alt=\"\" width=\"146\" height=\"136\" \/><\/a><\/h3>\n<h3>FESTA DEGLI ALBERI, ANCHE A FELTRE<\/h3>\n<\/blockquote>\n<p><strong>FELTRE<\/strong> Oggi si celebra la Giornata Nazionale degli Alberi e il Comune di Feltre alle 10 presso l\u2019 \u201cEx Casa Rossa\u201d in via Peschiera, poser\u00e0 130 nuove piantine per i nati\/e e adottati\/e nel corso dell&#8217;ultimo anno. Alle 20:30 nell\u2019aula magna del Campus Tina Merlin incontro con il il dottor Valerio Finozzi, Fitosanitaria Regione Veneto, su &#8220;Stato di salute di alberi e boschi&#8221;. L&#8217;Assessore delegato all\u2019Agricoltura e Ambiente, Claudio Dalla Palma (foto), ha espresso soddisfazione per questo evento e per il grande significato simbolico della piantumazione, oltre che dell\u2019occasione culturale e divulgativa. <em>Vogliamo ribadire l&#8217;importanza di tutelare e promuovere il nostro patrimonio naturale, un elemento imprescindibile per la qualit\u00e0 della vita di tutti noi e per il futuro delle nuove generazioni. La piantumazione degli alberi per i nuovi nati rappresenta non solo un gesto concreto verso l&#8217;ambiente, ma anche un forte legame simbolico tra le nostre comunit\u00e0 e il territorio che abitiamo<\/em><\/p>\n<p>&nbsp;<\/p>\n<hr \/>\n<p>&nbsp;<\/p>\n<blockquote>\n<h3>IN CALO LA POPOLAZIONE DEI CAMOSCI SUL MONTE GRAPPA<\/h3>\n<\/blockquote>\n<p><strong><a class=\"dt-pswp-item\" href=\"https:\/\/www.radiopiu.net\/wordpress\/wp-content\/uploads\/2023\/05\/6e44b086-5988-464f-93fe-10d674609f82.jpg\" data-dt-img-description=\"\" data-large_image_width=\"960\" data-large_image_height=\"540\"><img loading=\"lazy\" decoding=\"async\" class=\" wp-image-336155 alignleft\" src=\"https:\/\/www.radiopiu.net\/wordpress\/wp-content\/uploads\/2023\/05\/6e44b086-5988-464f-93fe-10d674609f82-300x169.jpg\" alt=\"\" width=\"217\" height=\"122\" srcset=\"https:\/\/www.radiopiu.net\/wordpress\/wp-content\/uploads\/2023\/05\/6e44b086-5988-464f-93fe-10d674609f82-300x169.jpg 300w, https:\/\/www.radiopiu.net\/wordpress\/wp-content\/uploads\/2023\/05\/6e44b086-5988-464f-93fe-10d674609f82-768x432.jpg 768w, https:\/\/www.radiopiu.net\/wordpress\/wp-content\/uploads\/2023\/05\/6e44b086-5988-464f-93fe-10d674609f82.jpg 960w\" sizes=\"auto, (max-width: 217px) 100vw, 217px\" \/><\/a>BELLUNO <\/strong>Il progetto dell\u2019Universit\u00e0 di Sassari sul Monte Grappa, avviato un anno fa in collaborazione con Regione Veneto e Province di Belluno, Treviso e Vicenza, studia l\u2019impatto dei cambiamenti climatici e della presenza del lupo sui camosci. Finanziato dal PNRR e coordinato dal Centro nazionale Biodiversit\u00e0, l&#8217;iniziativa mira a comprendere come l\u2019aumento delle temperature e il ritorno del lupo influenzino le abitudini e la salute di questi animali. Le popolazioni alpine di camoscio risultano in calo, con giovani sempre pi\u00f9 deboli, mentre quelle di bassa quota mostrano maggiore resistenza. Il bosco potrebbe rappresentare un rifugio mitigando l\u2019impatto del cambiamento climatico. I primi risultati saranno presentati il 26 novembre a Feltre, con interventi di esperti e della vicepresidente della Provincia di Belluno, Silvia Calligaro, che sottolinea l\u2019importanza dello studio per la gestione della fauna e del patrimonio ambientale locale.<\/p>\n<p>&nbsp;<\/p>\n<hr \/>\n<p>&nbsp;<\/p>\n<h1 class=\"_title post-title entry-title\" style=\"text-align: left;\"><a class=\"dt-pswp-item\" href=\"https:\/\/www.radiopiu.net\/wordpress\/wp-content\/uploads\/2023\/12\/ANTENNA.png\" data-dt-img-description=\"\" data-large_image_width=\"300\" data-large_image_height=\"166\"><img loading=\"lazy\" decoding=\"async\" class=\" wp-image-366306 alignleft\" src=\"https:\/\/www.radiopiu.net\/wordpress\/wp-content\/uploads\/2023\/12\/ANTENNA.png\" alt=\"\" width=\"201\" height=\"111\" \/><\/a>\u2018NOI PARLIAMO, CHI ASCOLTA\u2019, INDAGINE FRA I GIOVANI A TU PER TU CON IL MALESSERE<\/h1>\n<p>\u2013 Intervistati FRANCO CHEMELLO (SCUOLE IN RETE), PAOLO BELLO (PSICOLOGO DIPARTIMENTO SERD ULSS DOLOMITI) (Servizio di\u00a0<a href=\"https:\/\/antennatre.medianordest.it\/redazione\/Tiziana-Bolognani\/\">Tiziana Bolognani<\/a>)<\/p>\n<p>&nbsp;<\/p>\n<p><iframe loading=\"lazy\" title=\"&#039;NOI PARLIAMO, CHI ASCOLTA&#039;, INDAGINE FRA I GIOVANI A TU PER TU CON IL MALESSERE | 20\/11\/2024\" width=\"1200\" height=\"675\" src=\"https:\/\/www.youtube.com\/embed\/Tgq63C5Cw_0?feature=oembed\" frameborder=\"0\" allow=\"accelerometer; autoplay; clipboard-write; encrypted-media; gyroscope; picture-in-picture; web-share\" referrerpolicy=\"strict-origin-when-cross-origin\" allowfullscreen><\/iframe><\/p>\n<hr \/>\n<blockquote>\n<h2><\/h2>\n<h2>DILLO A RADIO PIU &#8220;QUANDO LA NECESSITA&#8217; DI SVINCOLARSI DALLA NEVE E&#8217; NECESSARIA&#8221;<\/h2>\n<\/blockquote>\n<div class=\"group\/conversation-turn relative flex w-full min-w-0 flex-col agent-turn\">\n<div class=\"flex-col gap-1 md:gap-3\">\n<div class=\"flex max-w-full flex-col flex-grow\">\n<div class=\"min-h-8 text-message flex w-full flex-col items-end gap-2 whitespace-normal break-words [.text-message+&amp;]:mt-5\" dir=\"auto\" data-message-author-role=\"assistant\" data-message-id=\"c95abc93-7e7d-4bc0-a6b1-09d4457cef93\" data-message-model-slug=\"gpt-4o\">\n<div class=\"flex w-full flex-col gap-1 empty:hidden first:pt-[3px]\">\n<div class=\"markdown prose w-full break-words dark:prose-invert dark\">\n<blockquote><p><strong>Cancellato il progetto del centro wellness ad Arabba<\/strong><\/p><\/blockquote>\n<p>La cancellazione del centro wellness di Arabba \u00e8 un duro colpo per il turismo montano secondo Nevio che insiste sulla necessit\u00e0 di diversificarsi dalla neve. Manca una struttura di medie dimensioni per attrarre clientela qualificata.<\/p>\n<\/div>\n<div class=\"flex-shrink-0 flex flex-col relative items-end\">\n<div>\n<div class=\"pt-0\">\n<div class=\"gizmo-bot-avatar flex h-8 w-8 items-center justify-center overflow-hidden rounded-full\">Riceviamo e pubblichiamo<\/div>\n<div><\/div>\n<\/div>\n<\/div>\n<\/div>\n<div class=\"group\/conversation-turn relative flex w-full min-w-0 flex-col agent-turn\">\n<div class=\"flex-col gap-1 md:gap-3\">\n<div class=\"flex max-w-full flex-col flex-grow\">\n<div class=\"min-h-8 text-message flex w-full flex-col items-end gap-2 whitespace-normal break-words [.text-message+&amp;]:mt-5\" dir=\"auto\" data-message-author-role=\"assistant\" data-message-id=\"c95abc93-7e7d-4bc0-a6b1-09d4457cef93\" data-message-model-slug=\"gpt-4o\">\n<div class=\"flex w-full flex-col gap-1 empty:hidden first:pt-[3px]\">\n<div class=\"markdown prose w-full break-words dark:prose-invert dark\">\n<p><img loading=\"lazy\" decoding=\"async\" class=\"alignleft\" src=\"https:\/\/www.radiopiu.net\/wordpress\/wp-content\/uploads\/2024\/11\/woman-936549_1280.jpg\" width=\"255\" height=\"166\" \/>leggo con dispiacere della cancellazione del progetto del centro wellness di Arabba, in un periodo in cui \u00e8 palese che per il turismo di montagna la necessit\u00e0 di svincolarsi dalla neve \u00e8 prioritaria. La mancanza di infrastrutture di medie dimensioni, che necessitano comunque di interventi pubblici per la realizzazione, \u00e8 un divario non indifferente per attrarre una tipologia di clientela, che cerca servizi di un certo livello. Speriamo almeno che una struttura simile possa avere un futuro in zona di Agordo, magari collegata alla piscina per bilanciare alcune spese fisse. Un politico agordino, al tempo degli ultimi grandi lavori alla piscina mi disse: &#8220;non \u00e8 compito dei comuni realizzare strutture del genere&#8221;, chiss\u00e0 se la pensa ancora cos\u00ec. Oltretutto le ultime soluzioni progettuali permettono di modulare la fruibilit\u00e0, quindi i costi, per la piena stagione ed i periodi di magra. Attendiamo fiduciosi, intanto lasciamo che turisti e bellunesi portino denaro altrove. \u00a0Siamo indietro di 15 anni, allora avevamo l&#8217;attenuante che solo i &#8220;vicini&#8221; avevano le disponibilit\u00e0 economiche per aprire una nuova strada che poteva essere un flop, problemi che comunque alcuni centri hanno rischiato, ma ora abbiamo la possibilit\u00e0 di attingere da varie esperienze di sostenibilit\u00e0 economica ed abbiamo anche il bacino di possibili utenti provenienti da Luxottica che, secondo me, non aspettano altro che avere un servizio di questo tipo.<\/p>\n<\/div>\n<p>Nevio<\/p>\n<\/div>\n<\/div>\n<\/div>\n<\/div>\n<\/div>\n<\/div>\n<\/div>\n<\/div>\n<\/div>\n<\/div>\n<p>&nbsp;<\/p>\n<blockquote>\n<h1>CENTRO WELLNESS DI ARABBA: ROTTAMATO<\/h1>\n<\/blockquote>\n<p><strong><a class=\"dt-pswp-item\" href=\"https:\/\/www.radiopiu.net\/wordpress\/wp-content\/uploads\/2023\/05\/zona-nuovo-centro-wellness-Arabba.jpg\" data-dt-img-description=\"\" data-large_image_width=\"1469\" data-large_image_height=\"1011\"><img loading=\"lazy\" decoding=\"async\" class=\"size-medium wp-image-335064 alignleft\" src=\"https:\/\/www.radiopiu.net\/wordpress\/wp-content\/uploads\/2023\/05\/zona-nuovo-centro-wellness-Arabba-300x206.jpg\" alt=\"\" width=\"300\" height=\"206\" srcset=\"https:\/\/www.radiopiu.net\/wordpress\/wp-content\/uploads\/2023\/05\/zona-nuovo-centro-wellness-Arabba-300x206.jpg 300w, https:\/\/www.radiopiu.net\/wordpress\/wp-content\/uploads\/2023\/05\/zona-nuovo-centro-wellness-Arabba-1024x705.jpg 1024w, https:\/\/www.radiopiu.net\/wordpress\/wp-content\/uploads\/2023\/05\/zona-nuovo-centro-wellness-Arabba-768x529.jpg 768w, https:\/\/www.radiopiu.net\/wordpress\/wp-content\/uploads\/2023\/05\/zona-nuovo-centro-wellness-Arabba.jpg 1469w\" sizes=\"auto, (max-width: 300px) 100vw, 300px\" \/><\/a>LIVINALLONGO<\/strong><\/p>\n<p><strong>DI LORENZO SORATROI<\/strong><\/p>\n<audio class=\"wp-audio-shortcode\" id=\"audio-420616-11\" preload=\"none\" style=\"width: 100%;\" controls=\"controls\"><source type=\"audio\/mpeg\" src=\"https:\/\/www.radiopiu.net\/wordpress\/wp-content\/uploads\/2024\/11\/lorenzo-arabba.mp3?_=11\" \/><a href=\"https:\/\/www.radiopiu.net\/wordpress\/wp-content\/uploads\/2024\/11\/lorenzo-arabba.mp3\">https:\/\/www.radiopiu.net\/wordpress\/wp-content\/uploads\/2024\/11\/lorenzo-arabba.mp3<\/a><\/audio>\n<p>&nbsp;<\/p>\n<hr \/>\n<p>&nbsp;<\/p>\n<blockquote>\n<h2>Emergenza personale negli uffici giudiziari di Belluno<\/h2>\n<\/blockquote>\n<p><strong>BELLUNO<\/strong><\/p>\n<div class=\"flex max-w-full flex-col flex-grow\">\n<div class=\"min-h-8 text-message flex w-full flex-col items-end gap-2 whitespace-normal break-words [.text-message+&amp;]:mt-5\" dir=\"auto\" data-message-author-role=\"assistant\" data-message-id=\"5a9ee83a-5144-4184-89c3-43342172c8cc\" data-message-model-slug=\"gpt-4o\">\n<div class=\"flex w-full flex-col gap-1 empty:hidden first:pt-[3px]\">\n<div class=\"markdown prose w-full break-words dark:prose-invert dark\">\n<p><img decoding=\"async\" class=\"alignleft\" src=\"https:\/\/www.radiopiu.net\/wordpress\/wp-content\/uploads\/2021\/09\/tribunale-belluno-300x200.jpg\" \/>La situazione negli uffici giudiziari di Belluno \u00e8 drammatica, con carenze di personale che compromettono l\u2019efficienza del sistema. La Procura copre solo il 47% dell\u2019organico previsto, il Tribunale il 51%, e l\u2019Unep registra una scopertura del 60%. L\u2019ufficio del Giudice di pace \u00e8 ancora pi\u00f9 critico, con un\u2019assenza dell\u201980%. Anche il carcere \u00e8 in difficolt\u00e0, con solo 6 dipendenti su 16. La Cisl Fp Belluno Treviso, attraverso Eugenio Marra e Mario De Boni, sollecita misure straordinarie: mobilit\u00e0 inter-amministrativa, incentivi economici per le sedi disagiate e maggiore attenzione da parte dell\u2019amministrazione centrale. Il rischio \u00e8 che la produttivit\u00e0 degli uffici subisca danni irreparabili, aggravati dalla perifericit\u00e0 del territorio.<\/p>\n<\/div>\n<\/div>\n<\/div>\n<\/div>\n<p>&nbsp;<\/p>\n<p>&nbsp;<\/p>\n<hr \/>\n<p>&nbsp;<\/p>\n<blockquote>\n<h3>LA FIERA DI LONGARONE SARA&#8217; HUB LOGISTICO PER LE OLIMPIADI DI MILANO CORTINA 2026<\/h3>\n<\/blockquote>\n<p><strong><a class=\"dt-pswp-item\" href=\"https:\/\/www.radiopiu.net\/wordpress\/wp-content\/uploads\/2024\/11\/fondazione-milano-cortina.jpg\" data-dt-img-description=\"\" data-large_image_width=\"1536\" data-large_image_height=\"2048\"><img loading=\"lazy\" decoding=\"async\" class=\" wp-image-420672 alignleft\" src=\"https:\/\/www.radiopiu.net\/wordpress\/wp-content\/uploads\/2024\/11\/fondazione-milano-cortina-225x300.jpg\" alt=\"\" width=\"101\" height=\"135\" srcset=\"https:\/\/www.radiopiu.net\/wordpress\/wp-content\/uploads\/2024\/11\/fondazione-milano-cortina-225x300.jpg 225w, https:\/\/www.radiopiu.net\/wordpress\/wp-content\/uploads\/2024\/11\/fondazione-milano-cortina-768x1024.jpg 768w, https:\/\/www.radiopiu.net\/wordpress\/wp-content\/uploads\/2024\/11\/fondazione-milano-cortina-1152x1536.jpg 1152w, https:\/\/www.radiopiu.net\/wordpress\/wp-content\/uploads\/2024\/11\/fondazione-milano-cortina.jpg 1536w\" sizes=\"auto, (max-width: 101px) 100vw, 101px\" \/><\/a>LONGARONE <\/strong>La Fiera di Longarone avr\u00e0 un ruolo chiave nella logistica per le Olimpiadi e Paralimpiadi di Milano Cortina 2026, fungendo da hub per il cluster di Cortina. Durante un incontro a Milano tra Comune di Longarone e Fondazione Milano Cortina, sono stati analizzati gli spazi e i servizi che l\u2019area fieristica potr\u00e0 offrire. Tra le proposte, un deposito per 150 pullman nell\u2019area nord della Fiera e una centrale operativa interna. Nei giorni di picco, l\u2019area sar\u00e0 anche usata come parcheggio per gli spettatori delle gare. Il sindaco di Longarone, Roberto Padrin, ha sottolineato l\u2019importanza della logistica per il successo dei Giochi e ha ringraziato la Fondazione per il confronto, definendo l\u2019incontro propedeutico all\u2019accordo finale. L\u2019obiettivo \u00e8 garantire spazi e servizi efficienti, conciliando la gestione olimpica con il calendario fieristico.<\/p>\n<p>&nbsp;<\/p>\n<p>&nbsp;<\/p>\n<hr \/>\n<p>&nbsp;<\/p>\n<blockquote>\n<h3>SUPERATE LE 250 FIRME PER L&#8217;ILLUMINAZIONE PUBBLICA DI BELLUNO<\/h3>\n<\/blockquote>\n<p><strong><a class=\"dt-pswp-item\" href=\"https:\/\/www.radiopiu.net\/wordpress\/wp-content\/uploads\/2023\/05\/SIAMO-BELLUNO.png\" data-dt-img-description=\"\" data-large_image_width=\"750\" data-large_image_height=\"484\"><img loading=\"lazy\" decoding=\"async\" class=\" wp-image-336800 alignleft\" src=\"https:\/\/www.radiopiu.net\/wordpress\/wp-content\/uploads\/2023\/05\/SIAMO-BELLUNO-300x194.png\" alt=\"\" width=\"193\" height=\"125\" srcset=\"https:\/\/www.radiopiu.net\/wordpress\/wp-content\/uploads\/2023\/05\/SIAMO-BELLUNO-300x194.png 300w, https:\/\/www.radiopiu.net\/wordpress\/wp-content\/uploads\/2023\/05\/SIAMO-BELLUNO.png 750w\" sizes=\"auto, (max-width: 193px) 100vw, 193px\" \/><\/a>BELLUNO <\/strong>Ha gi\u00e0 superato quota 250 sottoscrizioni la raccolta firme promossa dal laboratorio politico SiAmo Belluno per chiedere all&#8217;amministrazione comunale di Belluno \u2013 attraverso una petizione popolare &#8211; la riaccensione dell&#8217;illuminazione pubblica nelle ore notturne, Il conteggio riguarda solo le firme raccolte ai gazebo promossi dall&#8217;organizzazione nel corso del mercato cittadino settimanale del 9 e del 16 novembre; a queste, si aggiungeranno quelle in fase di raccolta in diverse attivit\u00e0 del centro storico e della citt\u00e0. SiAmo Belluno torner\u00e0 in piazza, dopo un weekend di pausa, nella mattina di sabato 30 novembre e lo far\u00e0 con un doppio appuntamento, nella tradizionale location di Piazza dei Martiri, dalle 9.00 alle 13.00.<\/p>\n<p><strong>BIAGIO GIANNONE<\/strong><\/p>\n<audio class=\"wp-audio-shortcode\" id=\"audio-420616-12\" preload=\"none\" style=\"width: 100%;\" controls=\"controls\"><source type=\"audio\/mpeg\" src=\"https:\/\/www.radiopiu.net\/wordpress\/wp-content\/uploads\/2024\/11\/2024.11.20-AUDIO-Raccolta-firme-per-lilluminazione-pubblica-gia-superata-quota-250.doc.mp3?_=12\" \/><a href=\"https:\/\/www.radiopiu.net\/wordpress\/wp-content\/uploads\/2024\/11\/2024.11.20-AUDIO-Raccolta-firme-per-lilluminazione-pubblica-gia-superata-quota-250.doc.mp3\">https:\/\/www.radiopiu.net\/wordpress\/wp-content\/uploads\/2024\/11\/2024.11.20-AUDIO-Raccolta-firme-per-lilluminazione-pubblica-gia-superata-quota-250.doc.mp3<\/a><\/audio>\n<p>&nbsp;<\/p>\n<p>&nbsp;<\/p>\n<hr \/>\n<p>&nbsp;<\/p>\n<blockquote>\n<h3>LUIGI FILIPPO DANIELE CAPO FRAZIONE DI BALDENICH<\/h3>\n<\/blockquote>\n<p><strong><a class=\"dt-pswp-item\" href=\"https:\/\/www.radiopiu.net\/wordpress\/wp-content\/uploads\/2024\/11\/Progetto-senza-titolo_20241120_094450_0000.png\" data-dt-img-description=\"\" data-large_image_width=\"1080\" data-large_image_height=\"1350\"><img loading=\"lazy\" decoding=\"async\" class=\" wp-image-420671 alignleft\" src=\"https:\/\/www.radiopiu.net\/wordpress\/wp-content\/uploads\/2024\/11\/Progetto-senza-titolo_20241120_094450_0000-240x300.png\" alt=\"\" width=\"114\" height=\"143\" srcset=\"https:\/\/www.radiopiu.net\/wordpress\/wp-content\/uploads\/2024\/11\/Progetto-senza-titolo_20241120_094450_0000-240x300.png 240w, https:\/\/www.radiopiu.net\/wordpress\/wp-content\/uploads\/2024\/11\/Progetto-senza-titolo_20241120_094450_0000-819x1024.png 819w, https:\/\/www.radiopiu.net\/wordpress\/wp-content\/uploads\/2024\/11\/Progetto-senza-titolo_20241120_094450_0000-768x960.png 768w, https:\/\/www.radiopiu.net\/wordpress\/wp-content\/uploads\/2024\/11\/Progetto-senza-titolo_20241120_094450_0000.png 1080w\" sizes=\"auto, (max-width: 114px) 100vw, 114px\" \/><\/a>BELLUNO\u00a0 <\/strong>A Baldenich si sono tenute le elezioni per il capo frazione, con una partecipazione significativa di 93 votanti. Luigi Filippo Daniele \u00e8 stato eletto con 36 voti, superando Nicola Bortoluzzi (32 voti) ed Enzo Giovanelli (25 voti). Daniele ha ringraziato i sostenitori sottolineando l\u2019alto senso di comunit\u00e0 e ha notato che alcuni residenti non hanno potuto votare dopo le 21, segno di un rinnovato interesse per la vita del quartiere. L\u2019elezione si inserisce nel lavoro del Comitato Baldenich 24, che promuove iniziative per valorizzare il territorio e rafforzare i legami tra cittadini e istituzioni. Daniele ha promesso di proseguire su questa strada, puntando sulla partecipazione attiva e sul consolidamento delle iniziative gi\u00e0 avviate per il bene comune. Questo risultato rappresenta un nuovo inizio per il quartiere.<\/p>\n<p>&nbsp;<\/p>\n<p>&nbsp;<\/p>\n<hr \/>\n<p>&nbsp;<\/p>\n<blockquote>\n<h3>PD VENETO: COMUNI MONTANI AL COLLASSO<\/h3>\n<\/blockquote>\n<p><strong><a class=\"dt-pswp-item\" href=\"https:\/\/www.radiopiu.net\/wordpress\/wp-content\/uploads\/2021\/11\/A_Martella_M_Lotto.jpeg\" data-dt-img-description=\"\" data-large_image_width=\"1024\" data-large_image_height=\"768\"><img loading=\"lazy\" decoding=\"async\" class=\" wp-image-243069 alignleft\" src=\"https:\/\/www.radiopiu.net\/wordpress\/wp-content\/uploads\/2021\/11\/A_Martella_M_Lotto-300x225.jpeg\" alt=\"\" width=\"157\" height=\"118\" srcset=\"https:\/\/www.radiopiu.net\/wordpress\/wp-content\/uploads\/2021\/11\/A_Martella_M_Lotto-300x225.jpeg 300w, https:\/\/www.radiopiu.net\/wordpress\/wp-content\/uploads\/2021\/11\/A_Martella_M_Lotto-768x576.jpeg 768w, https:\/\/www.radiopiu.net\/wordpress\/wp-content\/uploads\/2021\/11\/A_Martella_M_Lotto.jpeg 1024w\" sizes=\"auto, (max-width: 157px) 100vw, 157px\" \/><\/a>VENEZIA <\/strong>La campagna del Partito Democratico Veneto, <em>\u201cPagano i cittadini! Tagli ai Comuni\u201d<\/em>, denuncia gli effetti delle politiche del Governo Meloni sui bilanci locali, con particolare attenzione ai comuni montani. Questi enti, spesso con poche risorse e vasti territori da gestire, affrontano difficolt\u00e0 aggravate dai tagli nazionali, che toglieranno 1,4 miliardi di euro ai comuni veneti nei prossimi anni. Andrea Martella, segretario regionale del PD Veneto, evidenzia il crescente disagio degli amministratori locali, che faticano a garantire servizi essenziali. Un esempio \u00e8 Pieve di Cadore (BL), dove la sindaca Sindi Manushi segnala un taglio di 23.000 euro solo nel 2024, a fronte di contributi allo Stato di quasi 800.000 euro tramite il Fondo di Solidariet\u00e0. Per far fronte ai nuovi tagli, il comune rischia di aumentare le tariffe di servizi come piscina e stadio del ghiaccio o di introdurre costi per l&#8217;uso di strutture pubbliche finora gratuite.<\/p>\n<p>&nbsp;<\/p>\n<p>&nbsp;<\/p>\n<hr \/>\n<p>&nbsp;<\/p>\n<blockquote>\n<h3>VOLONTARI IN AZIONE PER RIPRISTINARE IL SENTIERO DI PIAN DI CASERA VECIA IN VALLE DI SAN LUCANO<\/h3>\n<\/blockquote>\n<p><strong>TAIBON<\/strong> Un grande lavoro di ripristino \u00e8 stato svolto sul sentiero che porta a Pian de Casera Vecia e alla malga I Doff, nella splendida Valle di San Lucano. L\u2019intervento, reso necessario dalla presenza di numerose piante abbattute, \u00e8 stato realizzato grazie all\u2019impegno dei volontari Piodec e del CAI di Taibon. L\u2019operazione ha richiesto notevole sforzo, data la quantit\u00e0 e le dimensioni delle piante da rimuovere. Al rientro, la Pro Loco di Taibon ha accolto i volontari con un piatto caldo, un gesto semplice ma molto apprezzato. Un sincero grazie a tutti per il lavoro svolto a beneficio della comunit\u00e0 e degli amanti della montagna.<\/p>\n\n\t\t\t<style type='text\/css'>\n\t\t\t\t#gallery-1 {\n\t\t\t\t\tmargin: auto;\n\t\t\t\t}\n\t\t\t\t#gallery-1 .gallery-item {\n\t\t\t\t\tfloat: left;\n\t\t\t\t\tmargin-top: 10px;\n\t\t\t\t\ttext-align: center;\n\t\t\t\t\twidth: 14%;\n\t\t\t\t}\n\t\t\t\t#gallery-1 img {\n\t\t\t\t\tborder: 2px solid #cfcfcf;\n\t\t\t\t}\n\t\t\t\t#gallery-1 .gallery-caption {\n\t\t\t\t\tmargin-left: 0;\n\t\t\t\t}\n\t\t\t\t\/* see gallery_shortcode() in wp-includes\/media.php *\/\n\t\t\t<\/style>\n\t\t<div id='gallery-1' class='dt-gallery-container gallery galleryid-420616 gallery-columns-7 gallery-size-thumbnail'><dl class='gallery-item'>\n\t\t\t\t<dt class='gallery-icon landscape'>\n\t\t\t\t\t<a class=\"rollover rollover-zoom dt-pswp-item\" title=\"39872be0-2283-4766-bd9c-e73c409acb7c\" data-dt-img-description=\"\" data-large_image_width=\"2048\" data-large_image_height=\"1536\"href='https:\/\/www.radiopiu.net\/wordpress\/wp-content\/uploads\/2024\/11\/39872be0-2283-4766-bd9c-e73c409acb7c.jpg'><img loading=\"lazy\" decoding=\"async\" width=\"150\" height=\"150\" src=\"https:\/\/www.radiopiu.net\/wordpress\/wp-content\/uploads\/2024\/11\/39872be0-2283-4766-bd9c-e73c409acb7c-150x150.jpg\" class=\"attachment-thumbnail size-thumbnail\" alt=\"\" \/><\/a>\n\t\t\t\t<\/dt><\/dl><dl class='gallery-item'>\n\t\t\t\t<dt class='gallery-icon portrait'>\n\t\t\t\t\t<a class=\"rollover rollover-zoom dt-pswp-item\" title=\"ad75c857-41e8-4582-b734-5aef42feebb8\" data-dt-img-description=\"\" data-large_image_width=\"1536\" data-large_image_height=\"2048\"href='https:\/\/www.radiopiu.net\/wordpress\/wp-content\/uploads\/2024\/11\/ad75c857-41e8-4582-b734-5aef42feebb8.jpg'><img loading=\"lazy\" decoding=\"async\" width=\"150\" height=\"150\" src=\"https:\/\/www.radiopiu.net\/wordpress\/wp-content\/uploads\/2024\/11\/ad75c857-41e8-4582-b734-5aef42feebb8-150x150.jpg\" class=\"attachment-thumbnail size-thumbnail\" alt=\"\" \/><\/a>\n\t\t\t\t<\/dt><\/dl><dl class='gallery-item'>\n\t\t\t\t<dt class='gallery-icon portrait'>\n\t\t\t\t\t<a class=\"rollover rollover-zoom dt-pswp-item\" title=\"ae894296-ca48-443d-8883-94edfb9a6c2a\" data-dt-img-description=\"\" data-large_image_width=\"924\" data-large_image_height=\"2000\"href='https:\/\/www.radiopiu.net\/wordpress\/wp-content\/uploads\/2024\/11\/ae894296-ca48-443d-8883-94edfb9a6c2a.jpg'><img loading=\"lazy\" decoding=\"async\" width=\"150\" height=\"150\" src=\"https:\/\/www.radiopiu.net\/wordpress\/wp-content\/uploads\/2024\/11\/ae894296-ca48-443d-8883-94edfb9a6c2a-150x150.jpg\" class=\"attachment-thumbnail size-thumbnail\" alt=\"\" \/><\/a>\n\t\t\t\t<\/dt><\/dl><dl class='gallery-item'>\n\t\t\t\t<dt class='gallery-icon portrait'>\n\t\t\t\t\t<a class=\"rollover rollover-zoom dt-pswp-item\" title=\"778c83d8-7589-47f4-ad38-8a5d7e753c84\" data-dt-img-description=\"\" data-large_image_width=\"924\" data-large_image_height=\"2000\"href='https:\/\/www.radiopiu.net\/wordpress\/wp-content\/uploads\/2024\/11\/778c83d8-7589-47f4-ad38-8a5d7e753c84.jpg'><img loading=\"lazy\" decoding=\"async\" width=\"150\" height=\"150\" src=\"https:\/\/www.radiopiu.net\/wordpress\/wp-content\/uploads\/2024\/11\/778c83d8-7589-47f4-ad38-8a5d7e753c84-150x150.jpg\" class=\"attachment-thumbnail size-thumbnail\" alt=\"\" \/><\/a>\n\t\t\t\t<\/dt><\/dl><dl class='gallery-item'>\n\t\t\t\t<dt class='gallery-icon landscape'>\n\t\t\t\t\t<a class=\"rollover rollover-zoom dt-pswp-item\" title=\"86403cd3-f76c-433a-b997-52d4a37675a1\" data-dt-img-description=\"\" data-large_image_width=\"2000\" data-large_image_height=\"924\"href='https:\/\/www.radiopiu.net\/wordpress\/wp-content\/uploads\/2024\/11\/86403cd3-f76c-433a-b997-52d4a37675a1.jpg'><img loading=\"lazy\" decoding=\"async\" width=\"150\" height=\"150\" src=\"https:\/\/www.radiopiu.net\/wordpress\/wp-content\/uploads\/2024\/11\/86403cd3-f76c-433a-b997-52d4a37675a1-150x150.jpg\" class=\"attachment-thumbnail size-thumbnail\" alt=\"\" \/><\/a>\n\t\t\t\t<\/dt><\/dl><dl class='gallery-item'>\n\t\t\t\t<dt class='gallery-icon landscape'>\n\t\t\t\t\t<a class=\"rollover rollover-zoom dt-pswp-item\" title=\"64731e1f-72ce-410d-8371-7062afd6ba19\" data-dt-img-description=\"\" data-large_image_width=\"2000\" data-large_image_height=\"924\"href='https:\/\/www.radiopiu.net\/wordpress\/wp-content\/uploads\/2024\/11\/64731e1f-72ce-410d-8371-7062afd6ba19.jpg'><img loading=\"lazy\" decoding=\"async\" width=\"150\" height=\"150\" src=\"https:\/\/www.radiopiu.net\/wordpress\/wp-content\/uploads\/2024\/11\/64731e1f-72ce-410d-8371-7062afd6ba19-150x150.jpg\" class=\"attachment-thumbnail size-thumbnail\" alt=\"\" \/><\/a>\n\t\t\t\t<\/dt><\/dl><dl class='gallery-item'>\n\t\t\t\t<dt class='gallery-icon portrait'>\n\t\t\t\t\t<a class=\"rollover rollover-zoom dt-pswp-item\" title=\"9a0157e3-3214-4eac-9ed3-256bf52de041\" data-dt-img-description=\"\" data-large_image_width=\"924\" data-large_image_height=\"2000\"href='https:\/\/www.radiopiu.net\/wordpress\/wp-content\/uploads\/2024\/11\/9a0157e3-3214-4eac-9ed3-256bf52de041.jpg'><img loading=\"lazy\" decoding=\"async\" width=\"150\" height=\"150\" src=\"https:\/\/www.radiopiu.net\/wordpress\/wp-content\/uploads\/2024\/11\/9a0157e3-3214-4eac-9ed3-256bf52de041-150x150.jpg\" class=\"attachment-thumbnail size-thumbnail\" alt=\"\" \/><\/a>\n\t\t\t\t<\/dt><\/dl><br style=\"clear: both\" \/>\n\t\t\t<\/div>\n\n<p>&nbsp;<\/p>\n<hr \/>\n<p>&nbsp;<\/p>\n<h2><span style=\"color: #ff0000;\">CONSIGLI COMUNALI IN AGORDINO<\/span><\/h2>\n<p><strong>AGORDO<\/strong> Luned\u00ec alle 18 consiglio comunale convocato dal sindaco Roberto Chissal\u00e8. Quattro punti in discussione tra cui l&#8217;acquisizione al patrimonio comunale della sede della scuola materna mons. Luigi Cappello, l&#8217;approvazione del DUP e la presa d&#8217;atto della quantificazione economica deli interventi in capo ai proponenti sui terreni che sono stati oggetto di permuta.<\/p>\n<p>&nbsp;<\/p>\n<div class=\"flex-1 overflow-hidden\">\n<div class=\"h-full\">\n<div class=\"react-scroll-to-bottom--css-xgxjv-79elbk h-full\">\n<div class=\"react-scroll-to-bottom--css-xgxjv-1n7m0yu\">\n<div class=\"flex flex-col text-sm md:pb-9\">\n<article class=\"w-full scroll-mb-[var(--thread-trailing-height,150px)] text-token-text-primary focus-visible:outline-2 focus-visible:outline-offset-[-4px]\" dir=\"auto\" data-testid=\"conversation-turn-15\" data-scroll-anchor=\"true\">\n<div class=\"m-auto text-base py-[18px] px-3 md:px-4 w-full md:px-5 lg:px-4 xl:px-5\">\n<div class=\"mx-auto flex flex-1 gap-4 text-base md:gap-5 lg:gap-6 md:max-w-3xl lg:max-w-[40rem] xl:max-w-[48rem]\">\n<div class=\"group\/conversation-turn relative flex w-full min-w-0 flex-col agent-turn\">\n<div class=\"flex-col gap-1 md:gap-3\">\n<div class=\"mt-3 w-full empty:hidden\">\n<div class=\"text-center\"><strong>L&#8217;ULTIMA DIRETTA DI RADIOPIU DAL MUNICIPIO DI AGORDO, IL CONSIGLIO COMUNALE 18 NOVEMBRE 2024<\/strong><\/div>\n<\/div>\n<\/div>\n<div class=\"absolute\"><\/div>\n<\/div>\n<\/div>\n<\/div>\n<\/article>\n<\/div>\n<\/div>\n<\/div>\n<\/div>\n<\/div>\n<div class=\"md:pt-0 dark:border-white\/20 md:border-transparent md:dark:border-transparent w-full\">\n<div class=\"m-auto text-base px-3 md:px-4 w-full md:px-5 lg:px-4 xl:px-5\">\n<div class=\"mx-auto flex flex-1 gap-4 text-base md:gap-5 lg:gap-6 md:max-w-3xl lg:max-w-[40rem] xl:max-w-[48rem]\">\n<div class=\"flex justify-center\">\n<p><iframe loading=\"lazy\" title=\"Consiglio Comunale di Agordo \/ 18 novembre 2024\" width=\"1200\" height=\"675\" src=\"https:\/\/www.youtube.com\/embed\/5Ud7VGFJf7w?start=1636&#038;feature=oembed\" frameborder=\"0\" allow=\"accelerometer; autoplay; clipboard-write; encrypted-media; gyroscope; picture-in-picture; web-share\" referrerpolicy=\"strict-origin-when-cross-origin\" allowfullscreen><\/iframe><\/p>\n<\/div>\n<form class=\"w-full\" aria-haspopup=\"dialog\" aria-expanded=\"false\" aria-controls=\"radix-:r4d:\" data-state=\"closed\">\n<div class=\"relative flex h-full max-w-full flex-1 flex-col\">\n<div class=\"group relative flex w-full items-center\">\n<div id=\"composer-background\" class=\"flex w-full flex-col transition-colors contain-inline-size gap-1.5 rounded-[26px] px-2.5 py-1.5 bg-[#f4f4f4] dark:bg-token-main-surface-secondary\">\n<div class=\"flex items-end gap-1.5 pl-4 md:gap-2\">\n<div class=\"flex min-w-0 flex-1 flex-col\">\n<div class=\"_prosemirror-parent_15ceg_1 text-token-text-primary max-h-[25dvh] max-h-52 overflow-auto default-browser\">\n<p>&nbsp;<\/p>\n<div id=\"prompt-textarea\" class=\"ProseMirror\" contenteditable=\"true\" translate=\"no\"><\/div>\n<\/div>\n<\/div>\n<\/div>\n<\/div>\n<\/div>\n<\/div>\n<\/form>\n<\/div>\n<\/div>\n<\/div>\n<hr \/>\n<p>&nbsp;<\/p>\n<hr \/>\n<p>&nbsp;<\/p>\n<blockquote>\n<h2>Divieto di sosta su uno stallo in via Mezzaterra<\/h2>\n<\/blockquote>\n<h2><a class=\"dt-pswp-item\" href=\"https:\/\/www.radiopiu.net\/wordpress\/wp-content\/uploads\/2023\/06\/Belluno-di-sera-i-giovedi.jpg\" data-dt-img-description=\"\" data-large_image_width=\"1000\" data-large_image_height=\"750\"><img loading=\"lazy\" decoding=\"async\" class=\"size-medium wp-image-342240 alignleft\" src=\"https:\/\/www.radiopiu.net\/wordpress\/wp-content\/uploads\/2023\/06\/Belluno-di-sera-i-giovedi-300x225.jpg\" alt=\"\" width=\"300\" height=\"225\" srcset=\"https:\/\/www.radiopiu.net\/wordpress\/wp-content\/uploads\/2023\/06\/Belluno-di-sera-i-giovedi-300x225.jpg 300w, https:\/\/www.radiopiu.net\/wordpress\/wp-content\/uploads\/2023\/06\/Belluno-di-sera-i-giovedi-768x576.jpg 768w, https:\/\/www.radiopiu.net\/wordpress\/wp-content\/uploads\/2023\/06\/Belluno-di-sera-i-giovedi.jpg 1000w\" sizes=\"auto, (max-width: 300px) 100vw, 300px\" \/><\/a><\/h2>\n<p><strong>BELLUNO<\/strong> In alcune giornate, per incontri sulla natura morta al Museo Burel In occasione di alcuni incontri collegati alla mostra \u201cNatura morta. Jessica Moss\u201d, si rende necessaria l\u2019istituzione del divieto di sosta sullo stallo a pagamento antistante all\u2019ingresso del Museo Burel, in via Mezzaterra, all\u2019altezza del civico 49, nelle giornate 23, 24 e 30 novembre e 1, 7 e 8 dicembre, dalle ore 9.00 alle ore 19.00 di ciascuna giornata.<\/p>\n<blockquote>\n<h2>\u00a0Chiusura uffici Polizia locale<\/h2>\n<\/blockquote>\n<p><strong>BELLUNO\u00a0 <\/strong>Il 28 novembre e il 2 dicembre, gli uffici della Polizia locale saranno chiusi al pubblico, per permettere al personale di frequentare dei corsi di formazione. L\u2019attivit\u00e0 riprender\u00e0 regolarmente nelle altre giornate<\/p>\n<p>&nbsp;<\/p>\n<p>&nbsp;<\/p>\n<hr \/>\n<p>&nbsp;<\/p>\n<p>&nbsp;<\/p>\n<blockquote>\n<h1><img loading=\"lazy\" decoding=\"async\" class=\"alignleft\" src=\"https:\/\/www.radiopiu.net\/wordpress\/wp-content\/uploads\/2024\/11\/WhatsApp-Image-2024-11-20-at-17.24.33.jpeg\" width=\"112\" height=\"184\" \/>I RACCONTI AL FEMMINILE A MEL<\/h1>\n<\/blockquote>\n<p>&nbsp;<\/p>\n<p><strong>BORGO VALBELLUNA<\/strong><\/p>\n<p>&nbsp;<\/p>\n<p><strong>DI ROBERTO BONA<\/strong><\/p>\n<audio class=\"wp-audio-shortcode\" id=\"audio-420616-13\" preload=\"none\" style=\"width: 100%;\" controls=\"controls\"><source type=\"audio\/wav\" src=\"https:\/\/www.radiopiu.net\/wordpress\/wp-content\/uploads\/2024\/11\/Canituccia.wav?_=13\" \/><a href=\"https:\/\/www.radiopiu.net\/wordpress\/wp-content\/uploads\/2024\/11\/Canituccia.wav\">https:\/\/www.radiopiu.net\/wordpress\/wp-content\/uploads\/2024\/11\/Canituccia.wav<\/a><\/audio>\n<p>&nbsp;<\/p>\n<p>&nbsp;<\/p>\n<hr \/>\n<p>&nbsp;<\/p>\n<blockquote>\n<h3>DUE INCONTRI CON L&#8217;ASSOCIAZIONE SCUOLA GABELLI<\/h3>\n<\/blockquote>\n<p><strong><a class=\"dt-pswp-item\" href=\"https:\/\/www.radiopiu.net\/wordpress\/wp-content\/uploads\/2024\/11\/image-1.png\" data-dt-img-description=\"\" data-large_image_width=\"280\" data-large_image_height=\"284\"><img loading=\"lazy\" decoding=\"async\" class=\" wp-image-419990 alignleft\" src=\"https:\/\/www.radiopiu.net\/wordpress\/wp-content\/uploads\/2024\/11\/image-1.png\" alt=\"\" width=\"106\" height=\"108\" \/><\/a>BELLUNO<\/strong> L\u2019Associazione Scuola Gabelli di Belluno, in collaborazione con Belluno-ciak e l\u2019Istituto Bellunese di Ricerche Sociali e Culturali, organizza due conferenze sull\u2019eredit\u00e0 educativa di Pierina Boranga. Gli incontri si terranno nell\u2019aula magna del Seminario Gregoriano di Belluno alle 17:00: il 22 novembre si parler\u00e0 della nascita della scuola Gabelli e il 6 dicembre del suo impatto sulla scuola comelicense. L\u2019obiettivo \u00e8 riaffermare il valore rivoluzionario dell\u2019approccio educativo di Boranga, che metteva i bambini al centro del processo formativo, superando la visione utilitaristica della scuola. La Gabelli, definita la \u201cscuola pi\u00f9 bella d\u2019Italia\u201d, rappresenta un modello di didattica attiva e inclusiva che resta attuale. Rievocare questa esperienza significa sperare in un suo rinnovamento per i ragazzi di oggi e di domani.<\/p>\n<p>&nbsp;<\/p>\n<p>&nbsp;<\/p>\n<hr \/>\n<p>&nbsp;<\/p>\n<blockquote>\n<h2>AGORDO, MESSA PER I CADUTI SUL LAVORO 2024<\/h2>\n<\/blockquote>\n<p>&nbsp;<\/p>\n<p><strong>AGORDO<\/strong><\/p>\n<p><img loading=\"lazy\" decoding=\"async\" class=\"alignleft\" src=\"https:\/\/www.radiopiu.net\/wordpress\/wp-content\/uploads\/2024\/11\/AGORDO-La-Schola-Cantorum-di-La-Valle.jpg\" width=\"348\" height=\"232\" \/>Dopo la Messa per i caduti della montagna, celebrata nella consueta atmosfera carica di ricordi e di gratitudine, la comunit\u00e0 religiosa e civile di Agordo render\u00e0 nuovamente onore agli agordini morti sul lavoro.<\/p>\n<p>Lo far\u00e0 domenica, come da tradizione nella festa di Cristo re, alla Messa delle 18.30 nella chiesa arcidiaconale: un altro significativo momento di affettuosa e riconoscente memoria dei caduti nell\u2019attivit\u00e0 lavorativa.<\/p>\n<p>Una celebrazione che si svolge da 42 anni e vuole unirsi nel ricordo dei propri cari ai familiari dei morti, sottolineando al contempo il valore della vita, del lavoro e della sicurezza nei luoghi di lavoro, troppo spesso considerata inutile vincolo burocratico, mentre \u00e8 doveroso prevenire, nel rispetto delle leggi, le cause dei sempre troppi incidenti mortali, diffondendo una cultura della sicurezza.<\/p>\n<p>Una sentita cerimonia, con cui l&#8217;Agordino, oltre ad essere terra legata al mondo della montagna, dimostra di esserlo altrettanto a quello del lavoro e dell\u2019emigrazione. All\u2019offertorio della Messa, che si svolge dal 1982 per iniziativa della Parrocchia, della Nuova Corale, delle Confraternite locali e del Comune di Agordo, si ripeter\u00e0 il toccante momento della lettura di 163 nomi degli agordini che in Italia e all\u2019estero (fra cui molti minatori e periti minerari) hanno lasciato la vita nel compimento del dovere quotidiano. Il rito, celebrato dall\u2019arcidiacono monsignor Cesare Larese, sar\u00e0 accompagnato dalla Schola Cantorum di La Valle, diretta da Lucio De Cassan.<\/p>\n<p><strong>Foto<\/strong>:<\/p>\n<p>AGORDO \u2013 La Schola Cantorum di La Valle, diretta da Lucio De Cassan.<\/p>\n<p>&nbsp;<\/p>\n<p><em>Questi i nomi dei 163 agordini caduti sul lavoro al 24-11-2024<\/em><\/p>\n<p>Angoletta Dario (Irak), Avoscan Adolfo (Brescia), Bassot Fabrizio (Padova), Bedont Bruno (Vallalta), Bedont Ottavio (Porto Ceresio (VA)), Ben Benedetto (S. Marco d&#8217;Auronzo), Benvegn\u00f9 Denis (S. Michele all&#8217;Adige), Bortolotti Silvano (Andria (BA)), Bortoluzzi Giovanni (Feltre), Botter Antonio (Selva di Cadore), Botter Igino (Casera del Camp), Botter Serio (Francia), Bulgheroni Giovanni (Paluzza (UD)), Busin Danilo (Val Gardena), Carlin Sandro (Milano), Carrera Antonio (Vallalta), Case Pierdomenico (Tolmezzo), Cassol Rocco (Rocca Pietore), Chenet Tito (Monteneve), Chierzi Angelo (Agordo), Coltamai Paolo (Losanna Svizzera), Conedera Arcangelo (Kosseir Egitto), Conedera Giuseppe (Canton dei Grigioni Svizzera), Contini Ernesto (Sicilia), Costa Attilio (Valt di Caviola), Costantini Giuseppe (Agordo), Crepaz Fortunato (Australia), Crepaz Giuseppe (Renaz di Livinallongo), Crepaz Mariangelo (Genova), Crepaz Mauro (Arabba), Crepaz Massimo (Padon &#8211; Livinallongo), Crepaz Renzo (Livinallongo), Crepaz Renzo (Salesei di Sopra), Crose Primo Attilio (Per\u00f9), Da Costa Pietro (America del Nord), Da Roit Aurelio (Le Pale), Da Roit Cesare (Carbonia), Da Roit Elio (Col dei Toffoi), Da Roit Giuseppe (Foschin) (Germania), Da Roit Massimo Antonio (Galleria Agordo (Noach)), Da Roit Piergiovanni (Pordenone), Da Ronch Giorgio (Agordo), Da Ronche Fioravante (Trentino), Dai Pr\u00e0 Emanuele (Livigno), Dal Borgo Riccardo (Agordo), Dal Don Alessandro (Gosaldo), Dal Molin Isacco (Belgio), Dal Negro Silvano (Auronzo), Dall&#8217;Armi Pierfranco (Sedico), Dalla Porta Carlo (Taibon), Darman Giuseppino (Marmolada), De Biasi Vittorio (Abbadia S.Salvatore (SI)), De Biasio Sante (Ande Per\u00f9), De Cassan Vito (Vallalta), De Col Carlo (Gargnano), De Col Marcello (Plezzo), De Col Pietro (Germania), De Col Raffaele (Domodossola), De Col Romano (Livinallongo), De Marco Luigi (Iran), De Nardin Antonio (Valle Imperina), De Nardin Cesare (Kosseir Egitto), De Nardin Giuseppe (Agordo), De Nardin Mario (Svizzera), De Nardin Silvano (Filippine), De Nardin Silvio (Agordo), De Toni Alvise (Mozambico), De Zaiacomo Giovanni (Diga Entracque), De Zaiacomo Giuseppe (Sandrigo (VI)), De Zaiacomo Sergio (Agordo), De Zolt Gioacchino (Agordo), Del Din Paolo (Calceranica (TN)), Dell&#8217;Agnola Giovanni, Dell&#8217;Osbel Gigetto (Germania), Dell&#8217;Osbel Renato (Libia), Della Giacoma Gianluigi (Caviola), Dorigo Ivano (Gosaldo), Fadig\u00e0 Andrea (Bingham USA), Fadig\u00e0 Andrea (Crostolin di Agordo), Fadig\u00e0 Antonio (Bingham USA), Farenzena Giovanni (Bingham USA), Farenzena Giulio (Arsa Pola), Farenzena Gottardo (Colorado USA), Farenzena Luigi (Calleda), Ferroni Felix (Fortogna), Follador Enrico (Kosseir Egitto), Follador Stefano (Passo san Pellegrino), Foppa Luigi (Livinallongo), Frena Vittore (Sacile), Friz Giovanni (Persia), Fullin Aldo (Val Galina), Fullin Emilio (Pontebba (UD)), Fusina Giovanni (Mis &#8211; Sospirolo), Fusina Lucio (Chicago USA), Garavana Fabio (Castellavazzo), Gaz Dino (Entracque (CN)), Genuin Carlo (Desenzano), Genuin Paolo (Merano), Gobbis Ugo (Gosaldo), Lorenzi Ugo (Ortisei), Marcon Giuseppe (Vallalta), Marcon Paolo (Gosaldo), Martini Francesco (Livinallongo), Maschio Mario (Ciavalotta (AG)), Masoch Celio (Feltre), Mezzacasa Irno (Libia), Miana Giovanni (Vajont), Miola Luigi (Bingham USA), Monferone Luca (Angola), Moretti Michele (Treviso), Moretti Nicola (Val Daone), Moretti Orlando (Africa), Mottes Giovanni (Curitiba Paran\u00e0 Brasile), Nardi Claudio (Marmolada), Ongaro Luciano (S.Tomaso Agordino), Orzes Luigino (Oderzo), Pollazzon Carlo (Cesena), Porta Primo (La Valle Agordina), Renon Ilario (Glarus Svizzera), Renon Maurizio (Gosaldo), Riva Italo (Ascoli Piceno), Rossi Angelo (Avoscan), Rossi Dario (Congo), Rossi Giuseppe, Rossi Ivo (Zurigo), Rosson Dante (Piemonte), Rosson Enrico (Per\u00f9), Rumor Agostino (Agordo), Rumor Ernesto (USA), Santomaso Giuseppe (Asmara Eritrea), Santomaso Giuseppe (Bingham USA), Santomaso Innocente (Arsa Pola), Savio Alfonso (Taibon), Savio Rino (Bolzano), Schena Giovannina (Rivamonte), Selle Primo (Val Imperina), Serafini Salvatore (Marghera), Serafini Toni (Canale d&#8217;Agordo), Sibillon Danilo (Brescia), Sief Michele (Colle S. Lucia), Soccol Luciano (Luino (VA)), Sommariva Giorgio (Montevecchio (CA)), Sommariva Umberto (Val Imperina), Soppelsa Gianni (Rocca Pietore), Stalliviere Novello (Svizzera), Tazzer Umberto, Tibolla Giuseppe (Libia), Tomaselli Sergio (Verona), Troi Lino (Rocca Pietore), Troi Roberto (Bergamo), Troi Serafino (Cortina d&#8217;Ampezzo), Valcozzena Antonio (Tasmania Australia), Valt Giovanni (Sardegna), Vanz Genuino (Brescia &#8211; Val Camonica), Venialetti Giacinto (Vicenza), Vigilante Giuseppe (Roma), Zanetti Antonio (Colle S. Lucia), Zanin Remo (Valle Imperina), Zasso Antonio (Agordo), Zasso Luigi (Svizzera), Zasso Vincenzo, Zuanel Secondo (Val Imperina), Zus Giuseppe (Canale d&#8217;Agordo).<\/p>\n<p>&nbsp;<\/p>\n<hr \/>\n<p>&nbsp;<\/p>\n<blockquote>\n<h3><a class=\"dt-pswp-item\" href=\"https:\/\/www.radiopiu.net\/wordpress\/wp-content\/uploads\/2024\/11\/WhatsApp-Image-2024-09-27-at-21.03.26.jpeg\" data-dt-img-description=\"\" data-large_image_width=\"638\" data-large_image_height=\"960\"><img loading=\"lazy\" decoding=\"async\" class=\" wp-image-420245 alignleft\" src=\"https:\/\/www.radiopiu.net\/wordpress\/wp-content\/uploads\/2024\/11\/WhatsApp-Image-2024-09-27-at-21.03.26-199x300.jpeg\" alt=\"\" width=\"77\" height=\"116\" srcset=\"https:\/\/www.radiopiu.net\/wordpress\/wp-content\/uploads\/2024\/11\/WhatsApp-Image-2024-09-27-at-21.03.26-199x300.jpeg 199w, https:\/\/www.radiopiu.net\/wordpress\/wp-content\/uploads\/2024\/11\/WhatsApp-Image-2024-09-27-at-21.03.26.jpeg 638w\" sizes=\"auto, (max-width: 77px) 100vw, 77px\" \/><\/a>VITO MANCUSO A FELTRE PER PARLARE DI DIRITTI UMANI<\/h3>\n<\/blockquote>\n<p><strong>FELTRE<\/strong> Dopo il successo dell\u2019incontro con Federico Faggin, la Provincia di Belluno ospiter\u00e0 Vito Mancuso, teologo e filosofo, per il secondo evento della rassegna \u201cIncursioni filosofiche in Valbelluna\u201d. Oggi, al Teatro Canossiano di Feltre, Mancuso esplorer\u00e0 \u201cLa ricerca dell\u2019umano nell\u2019uomo\u201d, riflettendo su diritti umani, etica e speranza. L\u2019evento, in memoria del professor Claudio Comel, \u00e8 gratuito previa iscrizione su <strong><a href=\"http:\/\/www.studentibelluno.it\" target=\"_new\" rel=\"noopener\">www.studentibelluno.it<\/a><\/strong>.<\/p>\n<p>&nbsp;<\/p>\n<hr \/>\n<p>&nbsp;<\/p>\n<p>&nbsp;<\/p>\n<blockquote>\n<h3>IL 23 NOVEMBRE LA FESTA DEGLI EMIGRANTI A SEREN DEL GRAPPA<\/h3>\n<\/blockquote>\n<p><strong><a class=\"dt-pswp-item\" href=\"https:\/\/www.radiopiu.net\/wordpress\/wp-content\/uploads\/2024\/11\/EMI-SEREN.png\" data-dt-img-description=\"\" data-large_image_width=\"474\" data-large_image_height=\"243\"><img loading=\"lazy\" decoding=\"async\" class=\" wp-image-419852 alignleft\" src=\"https:\/\/www.radiopiu.net\/wordpress\/wp-content\/uploads\/2024\/11\/EMI-SEREN-300x154.png\" alt=\"\" width=\"220\" height=\"113\" srcset=\"https:\/\/www.radiopiu.net\/wordpress\/wp-content\/uploads\/2024\/11\/EMI-SEREN-300x154.png 300w, https:\/\/www.radiopiu.net\/wordpress\/wp-content\/uploads\/2024\/11\/EMI-SEREN.png 474w\" sizes=\"auto, (max-width: 220px) 100vw, 220px\" \/><\/a>BELLUNO <\/strong>La Festa degli Emigranti si terr\u00e0 il 23 novembre a Seren del Grappa, celebrando le radici e l\u2019identit\u00e0 bellunese. L\u2019evento, sostenuto dal PNRR \u201cTurismo delle radici\u201d, vedr\u00e0 la partecipazione di autorit\u00e0, emigranti e figure di spicco. Dopo il ritrovo in Piazza di Rasai alle 9.00, un corteo accompagnato dalla Banda di Arsi\u00e9 raggiunger\u00e0 la Sala Teatro per la XXIV edizione del Premio Internazionale \u201cBellunesi che onorano la provincia di Belluno\u201d, con la conduzione di Nicola Maccagnan e interventi musicali di Pio Sagrillo e Omar Tonin. Alle 12.30, presso gli impianti sportivi, si terranno i saluti ufficiali e il \u201cPranzo dell\u2019emigrante\u201d, seguito nel pomeriggio da uno spettacolo del Gruppo Folk di Cesiomaggiore, la presentazione di una guida turistica e un laboratorio sulle migrazioni. La giornata sar\u00e0 un\u2019occasione di memoria e condivisione per onorare chi mantiene viva l\u2019eredit\u00e0 culturale bellunese nel mondo.<\/p>\n<p>&nbsp;<\/p>\n<hr \/>\n<p>&nbsp;<\/p>\n<blockquote>\n<h2>PUNTI DI VISTA, ULTIMO APPUNTAMENTO IN SALA AFFRESCHI A MEL<\/h2>\n<\/blockquote>\n<p><strong><img loading=\"lazy\" decoding=\"async\" class=\"alignleft\" src=\"https:\/\/www.radiopiu.net\/wordpress\/wp-content\/uploads\/2022\/03\/mel-3.jpg\" width=\"229\" height=\"129\" \/>BORGO VALBELLUNA<\/strong><\/p>\n<p>DI ROBERTO BONA<\/p>\n<audio class=\"wp-audio-shortcode\" id=\"audio-420616-14\" preload=\"none\" style=\"width: 100%;\" controls=\"controls\"><source type=\"audio\/wav\" src=\"https:\/\/www.radiopiu.net\/wordpress\/wp-content\/uploads\/2024\/11\/PuntiDiVistaUltimo.wav?_=14\" \/><a href=\"https:\/\/www.radiopiu.net\/wordpress\/wp-content\/uploads\/2024\/11\/PuntiDiVistaUltimo.wav\">https:\/\/www.radiopiu.net\/wordpress\/wp-content\/uploads\/2024\/11\/PuntiDiVistaUltimo.wav<\/a><\/audio>\n<p>&nbsp;<\/p>\n<p>&nbsp;<\/p>\n<hr \/>\n<p>&nbsp;<\/p>\n<blockquote>\n<h2>OSCAR ANGELONI GUIDERA&#8217; LA NAZIONALE SCI ALPINISMO U.S.A.<\/h2>\n<\/blockquote>\n<p>&nbsp;<\/p>\n<p><img loading=\"lazy\" decoding=\"async\" class=\"aligncenter\" src=\"https:\/\/www.radiopiu.net\/wordpress\/wp-content\/uploads\/2024\/11\/Senza-nome-83.png\" width=\"285\" height=\"180\" \/><\/p>\n<p>&nbsp;<\/p>\n<p>Che traguardo, che vetta! Oscar Angeloni, da vent&#8217;anni sui pendii innevati ad alti livelli, \u00e8 stato ingaggiato come capo allenatore per la Nazionale Usa di sci alpinismo. Un\u00a0 &#8220;nuovo&#8221; Oscar a stelle e strisce,\u00a0 chiamato ad allenare una nazionale che cerca spazi dopo l&#8217;inserimento della disciplina nel pacchetto olimpico,\u00a0 dopo aver lavorato con squadre in Italia, Svizzera e Cina. La notizia ufficializzata sui canali ufficiali ieri ad Aspen. <a href=\"https:\/\/usaskimo.org\/\"><strong>USA Skimo<\/strong><\/a> questo il traguardo raggiunto dal talentuoso allenatore che si incaricher\u00e0 di portare la nazionale alle Olimpiadi invernali del 2026. Lo scorso 23 ottobre, dopo aver lasciato la Cina, Oscar aveva riferito: <em>\u00abIl mio futuro \u00e8 ancora incerto, ma sicuramente vorrei continuare a lavorare nel mondo dello scialpinismo. Ho una grande passione per questo sport e sono sempre alla ricerca di nuove sfide\u00bb. <\/em>Ed eccola la sfida, in bocca al lupo Oscar Capo Allenatore Angeloni.<\/p>\n<p>&nbsp;<\/p>\n<hr \/>\n<p>&nbsp;<\/p>\n<blockquote>\n<h1>Dolomiti Garden: torna la magia del Natale a Belluno<\/h1>\n<\/blockquote>\n<div class=\"flex-1 overflow-hidden\">\n<div class=\"h-full\">\n<div class=\"react-scroll-to-bottom--css-munjv-79elbk h-full\">\n<div class=\"react-scroll-to-bottom--css-munjv-1n7m0yu\">\n<div class=\"flex flex-col text-sm md:pb-9\">\n<article class=\"w-full scroll-mb-[var(--thread-trailing-height,150px)] text-token-text-primary focus-visible:outline-2 focus-visible:outline-offset-[-4px]\" dir=\"auto\" data-testid=\"conversation-turn-49\" data-scroll-anchor=\"true\">\n<div class=\"m-auto text-base py-[18px] px-3 md:px-4 w-full md:px-5 lg:px-4 xl:px-5\">\n<div class=\"mx-auto flex flex-1 gap-4 text-base md:gap-5 lg:gap-6 md:max-w-3xl lg:max-w-[40rem] xl:max-w-[48rem]\">\n<div class=\"group\/conversation-turn relative flex w-full min-w-0 flex-col agent-turn\">\n<div class=\"flex-col gap-1 md:gap-3\">\n<div class=\"flex max-w-full flex-col flex-grow\">\n<div class=\"min-h-8 text-message flex w-full flex-col items-end gap-2 whitespace-normal break-words [.text-message+&amp;]:mt-5\" dir=\"auto\" data-message-author-role=\"assistant\" data-message-id=\"58dc525d-6200-4b3b-beaf-7d97086a66f0\" data-message-model-slug=\"gpt-4o\">\n<div class=\"flex w-full flex-col gap-1 empty:hidden first:pt-[3px]\">\n<div class=\"markdown prose w-full break-words dark:prose-invert dark\">\n<p><strong>BELLUNO<\/strong> Anche quest\u2019anno il Dolomiti Garden, il centro di giardinaggio situato lungo il Boscon a Belluno, si prepara a regalare una straordinaria sorpresa natalizia. Artisti di talento, tra cui Beppino Lorenzet, Gianluigi Zeni, Corrado Clerici, stanno lavorando per creare opere uniche che accarezzano il legno con maestria e passione.<\/p>\n<p>Come tradizione, il presepe sar\u00e0 posizionato nei pressi della Chiesa di San Fermo, portando un\u2019atmosfera di calore e spiritualit\u00e0 alla comunit\u00e0 locale. L\u2019iniziativa, guidata da Stefano De Paris e dal suo staff, \u00e8 un regalo speciale che ogni anno rinnova la magia del Natale, unendo arte, tradizione e solidariet\u00e0.<\/p>\n<\/div>\n<\/div>\n<\/div>\n<\/div>\n<div class=\"mb-2 flex gap-3 empty:hidden -ml-2\">\n<div class=\"items-center justify-start rounded-xl p-1 flex\">\n<div class=\"flex items-center\"><\/div>\n<\/div>\n<\/div>\n<div class=\"pr-2 lg:pr-0\">\n<p><iframe loading=\"lazy\" title=\"dolomiti garden\" width=\"1200\" height=\"675\" src=\"https:\/\/www.youtube.com\/embed\/3v_obImXvmo?feature=oembed\" frameborder=\"0\" allow=\"accelerometer; autoplay; clipboard-write; encrypted-media; gyroscope; picture-in-picture; web-share\" referrerpolicy=\"strict-origin-when-cross-origin\" allowfullscreen><\/iframe><\/p>\n<\/div>\n<\/div>\n<\/div>\n<\/div>\n<\/div>\n<\/article>\n<\/div>\n<\/div>\n<\/div>\n<\/div>\n<\/div>\n<div class=\"md:pt-0 dark:border-white\/20 md:border-transparent md:dark:border-transparent w-full\">\n<div class=\"m-auto text-base px-3 md:px-4 w-full md:px-5 lg:px-4 xl:px-5\">\n<div class=\"mx-auto flex flex-1 gap-4 text-base md:gap-5 lg:gap-6 md:max-w-3xl lg:max-w-[40rem] xl:max-w-[48rem]\">\n<form class=\"w-full\" aria-haspopup=\"dialog\" aria-expanded=\"false\" aria-controls=\"radix-:r5d:\" data-state=\"closed\">\n<div class=\"relative flex h-full max-w-full flex-1 flex-col\">\n<div><\/div>\n<\/div>\n<\/form>\n<\/div>\n<\/div>\n<\/div>\n<p>&nbsp;<\/p>\n<p>&nbsp;<\/p>\n<hr \/>\n<p>&nbsp;<\/p>\n<div class=\"page-title-head hgroup\">\n<h1 class=\"entry-title\">I colori dell\u2019autunno incontrano la cultura, la cucina agricola e i vini di montagna<\/h1>\n<\/div>\n<div class=\"page-title-breadcrumbs\"><\/div>\n<p data-pm-slice=\"1 1 []\"><strong><a class=\"dt-pswp-item\" href=\"https:\/\/www.radiopiu.net\/wordpress\/wp-content\/uploads\/2024\/05\/FABRIZIO-PESCOSTA.jpg\" data-dt-img-description=\"\" data-large_image_width=\"303\" data-large_image_height=\"166\"><img loading=\"lazy\" decoding=\"async\" class=\" wp-image-392099 alignleft\" src=\"https:\/\/www.radiopiu.net\/wordpress\/wp-content\/uploads\/2024\/05\/FABRIZIO-PESCOSTA-300x164.jpg\" alt=\"\" width=\"176\" height=\"96\" srcset=\"https:\/\/www.radiopiu.net\/wordpress\/wp-content\/uploads\/2024\/05\/FABRIZIO-PESCOSTA-300x164.jpg 300w, https:\/\/www.radiopiu.net\/wordpress\/wp-content\/uploads\/2024\/05\/FABRIZIO-PESCOSTA.jpg 303w\" sizes=\"auto, (max-width: 176px) 100vw, 176px\" \/><\/a>I colori dell\u2019autunno incontrano la cultura, la cucina agricola e i vini di montagna<\/strong>Un men\u00f9 degustazione unico, ideato dal cuoco contadino Fabrizio Pescosta dell&#8217;Agriturismo Piccola Baita, porta i profumi e i sapori dell&#8217;autunno dalla tavola ai sensi. La serata inizier\u00e0 alle ore 20 con la presentazione del libro <em>SAPORI della VALBELLUNA<\/em> di Edizioni Il Veses.<\/p>\n<p data-pm-slice=\"1 1 []\"><strong>DI ALESSIA DALL&#8217;O<\/strong><\/p>\n<audio class=\"wp-audio-shortcode\" id=\"audio-420616-15\" preload=\"none\" style=\"width: 100%;\" controls=\"controls\"><source type=\"audio\/mpeg\" src=\"https:\/\/www.radiopiu.net\/wordpress\/wp-content\/uploads\/2024\/11\/ALESSIA-SAPORI-DI-CASA.mp3?_=15\" \/><a href=\"https:\/\/www.radiopiu.net\/wordpress\/wp-content\/uploads\/2024\/11\/ALESSIA-SAPORI-DI-CASA.mp3\">https:\/\/www.radiopiu.net\/wordpress\/wp-content\/uploads\/2024\/11\/ALESSIA-SAPORI-DI-CASA.mp3<\/a><\/audio>\n<p>&nbsp;<\/p>\n<p><strong>Il Men\u00f9 <\/strong>Si parte con l&#8217;antipasto: <em>fagiolo di Lamon con radicchio rosso e lardo scottato<\/em>, un connubio di gusto rustico e raffinato. I primi piatti includono la <em>Sopa de Pan \u201cFabrizio Style\u201d<\/em>, che rievoca la cucina contadina, e il <em>tortello alla zucca con formaggio di malga e cavolo nero<\/em>, autentici richiami ai sapori autunnali. Per secondo, le celebri <em>costine di maiale al miele DOP delle Dolomiti con pur\u00e8 di sedano rapa<\/em>, un\u2019esplosione di sapori intensi e dolci. I dessert celebrano il territorio con il <em>Marone Feltrino al Cucchiaio<\/em> e il <em>Carfogn al Papavero<\/em>.<\/p>\n<p>&nbsp;<\/p>\n<p>&nbsp;<\/p>\n<hr \/>\n<p>&nbsp;<\/p>\n<blockquote>\n<h3>DALLA SEDE DEL SOCCORSO ALPINO DI AGORDO, CON DIEGO FAVERO<\/h3>\n<\/blockquote>\n<p><strong>AGORDO<\/strong> Giorni importanti nelle sede del Soccorso Alpino in Piazzale Marconi, nel Municipio. Sono in corso i grandi preparative per l&#8217;evento di sabato, i 70 anni del Soccorso Alpino con la presentazione del libro scritto da Eugenio Bien.<br \/>\nNe abbiamo parlato con Diego Favero, numero uno del Soccorso Alpino della Vallata.<\/p>\n<p><iframe loading=\"lazy\" title=\"diego favero\" width=\"1200\" height=\"675\" src=\"https:\/\/www.youtube.com\/embed\/V8jx0y6oAZ8?feature=oembed\" frameborder=\"0\" allow=\"accelerometer; autoplay; clipboard-write; encrypted-media; gyroscope; picture-in-picture; web-share\" referrerpolicy=\"strict-origin-when-cross-origin\" allowfullscreen><\/iframe><\/p>\n<p>&nbsp;<\/p>\n<p>&nbsp;<\/p>\n<blockquote>\n<h1><img loading=\"lazy\" decoding=\"async\" class=\"alignleft\" src=\"https:\/\/www.radiopiu.net\/wordpress\/wp-content\/uploads\/2019\/11\/34564bb3-a7ae-4e91-8df7-86ab5ac45256.jpg\" width=\"271\" height=\"156\" \/>AGORDO, 70 ANNI DEL SOCCORSO ALPINO. BIEN &#8220;SONO GIA&#8217; UN PO&#8217; IN AFFANNO&#8230;&#8221;<\/h1>\n<\/blockquote>\n<p><strong>DI MIRKO MEZZACASA<\/strong><\/p>\n<p><strong>OSPITI DIEGO FAVERO ED EUGENIO BIEN<\/strong><\/p>\n<p><strong>AUDIO<\/strong><\/p>\n<audio class=\"wp-audio-shortcode\" id=\"audio-420616-16\" preload=\"none\" style=\"width: 100%;\" controls=\"controls\"><source type=\"audio\/mpeg\" src=\"https:\/\/www.radiopiu.net\/wordpress\/wp-content\/uploads\/2024\/11\/eugenio-bien-e-diego-favero.mp3?_=16\" \/><a href=\"https:\/\/www.radiopiu.net\/wordpress\/wp-content\/uploads\/2024\/11\/eugenio-bien-e-diego-favero.mp3\">https:\/\/www.radiopiu.net\/wordpress\/wp-content\/uploads\/2024\/11\/eugenio-bien-e-diego-favero.mp3<\/a><\/audio>\n<p>&nbsp;<\/p>\n<p>&nbsp;<\/p>\n<hr \/>\n<p>&nbsp;<\/p>\n<blockquote>\n<h2>DA BARDIN C&#8217;E&#8217; UN ELFO INCASTRATO NELL&#8217;ALBERO&#8230;.<\/h2>\n<\/blockquote>\n<p><iframe loading=\"lazy\" title=\"bardin24\" width=\"1200\" height=\"675\" src=\"https:\/\/www.youtube.com\/embed\/uVUpknuvl4I?feature=oembed\" frameborder=\"0\" allow=\"accelerometer; autoplay; clipboard-write; encrypted-media; gyroscope; picture-in-picture; web-share\" referrerpolicy=\"strict-origin-when-cross-origin\" allowfullscreen><\/iframe><\/p>\n<p>&nbsp;<\/p>\n<p>&nbsp;<\/p>\n<hr \/>\n<p>&nbsp;<\/p>\n<blockquote>\n<p data-pm-slice=\"1 1 []\"><strong>Concorso per 33 atleti nei gruppi sportivi Fiamme Oro della Polizia di Stato<\/strong><\/p>\n<\/blockquote>\n<p>Sul Portale Unico del reclutamento, all&#8217;indirizzo <a>www.inpa.gov.it<\/a> e sul sito <a>www.poliziadistato.it<\/a>, \u00e8 stato pubblicato il 14 novembre 2024 un bando di concorso pubblico per titoli, finalizzato all&#8217;assunzione di 33 atleti da destinare ai gruppi sportivi \u201cPolizia di Stato \u2013 Fiamme Oro\u201d. Gli atleti selezionati saranno inquadrati nel ruolo degli agenti e assistenti della Polizia di Stato, con qualifica di agente.<\/p>\n<p>&nbsp;<\/p>\n<p>&nbsp;<\/p>\n<hr \/>\n<p>&nbsp;<\/p>\n<blockquote>\n<h3>UN WEBINAR SULL&#8217;INTELLIGENZA ARTIFICIALE<\/h3>\n<\/blockquote>\n<p><strong>BELLUNO<\/strong> Gioved\u00ec 28 novembre, dalle 18 alle 20, si terr\u00e0 un webinar gratuito al FabLab di Belluno del progetto &#8220;Dal virtuale al reale: I am here for you&#8221;. Quattro esperti esploreranno il ruolo dell&#8217;Intelligenza Artificiale nello sviluppo aziendale: supporto alle start-up (Francesco Cavestro), nuove professioni digitali (Niccol\u00f2 Boccagni), funzionamento dell&#8217;IA (Armand Thanasi) e rivoluzione creativa e di marketing (Davide Schizzi). L&#8217;evento \u00e8 aperto a tutti e offrir\u00e0 casi studio e testimonianze per sfruttare le tecnologie emergenti.<\/p>\n<p>&nbsp;<\/p>\n<p>&nbsp;<\/p>\n<hr \/>\n<p>&nbsp;<\/p>\n<blockquote>\n<h3>UN CORSO DI DIFESA CONTRO LA VIOLENZA SULLE DONNE<\/h3>\n<\/blockquote>\n<p><strong>BELLUNO<\/strong> In occasione della giornata mondiale contro la violenza sulle donne, l&#8217;associazione Urban Krav Maga, con il patrocinio del Comune di Belluno, organizza una lezione gratuita di &#8220;Difesa femminile&#8221; il 26 novembre alle 20 presso la palestra del Liceo scientifico di Belluno. L&#8217;evento, guidato dall&#8217;istruttore Cristian Burde, mira a fornire alle donne strumenti utili per gestire la paura e affrontare aggressioni, sia a livello teorico che pratico. Burde sottolinea l&#8217;importanza della prevenzione e della consapevolezza dell&#8217;ambiente circostante come base per la difesa personale. La serata sar\u00e0 aperta a donne di tutte le et\u00e0 e includer\u00e0 dimostrazioni pratiche di tecniche di difesa e fuga in caso di aggressione.<\/p>\n<p>&nbsp;<\/p>\n<p>&nbsp;<\/p>\n<hr \/>\n<p>&nbsp;<\/p>\n<blockquote><p><a class=\"dt-pswp-item\" href=\"https:\/\/www.radiopiu.net\/wordpress\/wp-content\/uploads\/2024\/11\/NUDM-23-25-LOCANDINA.jpg\" data-dt-img-description=\"Screenshot\" data-large_image_width=\"1269\" data-large_image_height=\"1793\"><img loading=\"lazy\" decoding=\"async\" class=\" wp-image-419816 alignleft\" src=\"https:\/\/www.radiopiu.net\/wordpress\/wp-content\/uploads\/2024\/11\/NUDM-23-25-LOCANDINA-212x300.jpg\" alt=\"\" width=\"131\" height=\"185\" srcset=\"https:\/\/www.radiopiu.net\/wordpress\/wp-content\/uploads\/2024\/11\/NUDM-23-25-LOCANDINA-212x300.jpg 212w, https:\/\/www.radiopiu.net\/wordpress\/wp-content\/uploads\/2024\/11\/NUDM-23-25-LOCANDINA-725x1024.jpg 725w, https:\/\/www.radiopiu.net\/wordpress\/wp-content\/uploads\/2024\/11\/NUDM-23-25-LOCANDINA-768x1085.jpg 768w, https:\/\/www.radiopiu.net\/wordpress\/wp-content\/uploads\/2024\/11\/NUDM-23-25-LOCANDINA-1087x1536.jpg 1087w, https:\/\/www.radiopiu.net\/wordpress\/wp-content\/uploads\/2024\/11\/NUDM-23-25-LOCANDINA.jpg 1269w\" sizes=\"auto, (max-width: 131px) 100vw, 131px\" \/><\/a><\/p>\n<p data-pm-slice=\"1 1 []\"><strong>Iniziative in Provincia di Belluno per la Giornata Internazionale contro la Violenza sulle Donne<\/strong><\/p>\n<\/blockquote>\n<p><strong>BELLUNO<\/strong><\/p>\n<p data-pm-slice=\"1 1 []\">In occasione della Giornata Internazionale contro la violenza sulle donne, la Provincia di Belluno si mobilita con due iniziative, in parallelo con le manifestazioni nazionali di Non Una di Meno a Roma e Palermo il 23 novembre. Sabato 23 novembre, dalle ore 14,\u00a0 ai Giardini della Stazione Ferroviaria di Belluno (Parco dell\u2019Artigliere)\u00a0 racconto delle varie forme di violenza subite da donne. Luned\u00ec 25 novembre, alle 20,\u00a0 dal Parco Bologna passeggiata notturna con musica e canti,<\/p>\n<p>&nbsp;<\/p>\n<p>&nbsp;<\/p>\n<hr \/>\n<p>&nbsp;<\/p>\n<blockquote>\n<h3><a class=\"dt-pswp-item\" href=\"https:\/\/www.radiopiu.net\/wordpress\/wp-content\/uploads\/2024\/11\/KLAGASH.jpg\" data-dt-img-description=\"\" data-large_image_width=\"1080\" data-large_image_height=\"714\"><img loading=\"lazy\" decoding=\"async\" class=\" wp-image-420664 alignleft\" src=\"https:\/\/www.radiopiu.net\/wordpress\/wp-content\/uploads\/2024\/11\/KLAGASH-300x198.jpg\" alt=\"\" width=\"161\" height=\"106\" srcset=\"https:\/\/www.radiopiu.net\/wordpress\/wp-content\/uploads\/2024\/11\/KLAGASH-300x198.jpg 300w, https:\/\/www.radiopiu.net\/wordpress\/wp-content\/uploads\/2024\/11\/KLAGASH-1024x677.jpg 1024w, https:\/\/www.radiopiu.net\/wordpress\/wp-content\/uploads\/2024\/11\/KLAGASH-768x508.jpg 768w, https:\/\/www.radiopiu.net\/wordpress\/wp-content\/uploads\/2024\/11\/KLAGASH.jpg 1080w\" sizes=\"auto, (max-width: 161px) 100vw, 161px\" \/><\/a>AUTUNNO A TEATRO IN COMELICO 2024<\/h3>\n<\/blockquote>\n<p><strong>COMELICO <\/strong>Quarto appuntamento della rassegna \u201cAutunno a Teatro in Comelico 2024\u201d: domenica 24 novembre alle ore 17.00 alla Cinema Piave di S. Stefano di Cadore, andr\u00e0 in scena <em>\u201cChe occhi grandi che hai!\u201d<\/em>, divertente spettacolo teatral-musicale per famiglie di Teatro Piteco e The Covers.<\/p>\n<p>&nbsp;<\/p>\n<p>&nbsp;<\/p>\n<hr \/>\n<p>&nbsp;<\/p>\n<p>&nbsp;<\/p>\n<blockquote>\n<h3>INCONTRI IN TAVERNA<\/h3>\n<\/blockquote>\n<p><strong>BELLUNO<\/strong> Oggi alle 18, al ristorante &#8220;La Taverna&#8221; di Belluno, si terr\u00e0 una conversazione intitolata <em>Egeo Veneziano &#8211; Venezia e il Levante<\/em>. Protagonista dell&#8217;evento sar\u00e0 la giornalista e scrittrice Barbara Marengo, autrice del libro <em>Levante o gi\u00f9 di l\u00ec &#8211; storie vecchie e nuove di una viaggiatrice<\/em>. Modera l\u2019incontro Gianna Chemello, avvocato.<\/p>\n<p>&nbsp;<\/p>\n<p>&nbsp;<\/p>\n<hr \/>\n<p>&nbsp;<\/p>\n<p><strong><a class=\"dt-pswp-item\" href=\"https:\/\/www.radiopiu.net\/wordpress\/wp-content\/uploads\/2024\/11\/AMICI-MINERARI.png\" data-dt-img-description=\"\" data-large_image_width=\"209\" data-large_image_height=\"174\"><img loading=\"lazy\" decoding=\"async\" class=\"size-full wp-image-419180 alignleft\" src=\"https:\/\/www.radiopiu.net\/wordpress\/wp-content\/uploads\/2024\/11\/AMICI-MINERARI.png\" alt=\"\" width=\"209\" height=\"174\" \/><\/a>&#8220;Con gli Amici dei Minerari: Serate d&#8217;Inverno \u2013 un viaggio tra storia, scienza e meraviglie. Incontri presso la Sala con T\u00e0-Mis. Non mancare!&#8221;<\/strong><\/p>\n<ul>\n<li><em>Domani, ore 20:30<\/em>: &#8220;Ma le Dolomiti cosa sono? Dalla prosa di Dino Buzzati alla geologia di Bruno Castiglioni&#8221; \u2013 Relatore Danilo Giordano.<\/li>\n<li><em>Venerd\u00ec 20 dicembre, ore 20:30<\/em>: &#8220;La morfogenesi delle frane&#8221; \u2013 Relatore Prof. Vittorio Fenti.<\/li>\n<li><em>Venerd\u00ec 24 gennaio, ore 20:30<\/em>: &#8220;Il meraviglioso mondo dei fossili delle Dolomiti&#8221; \u2013 Relatore Danilo Giordano.<\/li>\n<li><em>Venerd\u00ec 21 febbraio, ore 20:30<\/em>: &#8220;Il traforo del Brennero: studio, progettazione e realizzazione&#8221; \u2013 Relatori Vittorio Fenti e Mario Guadagnini.<\/li>\n<\/ul>\n<p><strong>Vivi la cultura e la passione per la montagna!<\/strong><\/p>\n<p>&nbsp;<\/p>\n<h2><span style=\"color: #808000;\">SERATE D&#8217;INVERNO CON GLI AMICI DEI MINERARI, OSPITE DANILO GIORDANO<\/span><\/h2>\n<p><strong><a class=\"dt-pswp-item\" href=\"https:\/\/www.radiopiu.net\/wordpress\/wp-content\/uploads\/2024\/11\/Senza-nome-84.png\" data-dt-img-description=\"\" data-large_image_width=\"97\" data-large_image_height=\"145\"><img loading=\"lazy\" decoding=\"async\" class=\"size-full wp-image-420692 alignleft\" src=\"https:\/\/www.radiopiu.net\/wordpress\/wp-content\/uploads\/2024\/11\/Senza-nome-84.png\" alt=\"\" width=\"97\" height=\"145\" \/><\/a>DI MIRKO MEZZACASA<\/strong><\/p>\n<p>&nbsp;<\/p>\n<p><strong>OSPITE: Danilo Giordano<\/strong><\/p>\n<audio class=\"wp-audio-shortcode\" id=\"audio-420616-17\" preload=\"none\" style=\"width: 100%;\" controls=\"controls\"><source type=\"audio\/mpeg\" src=\"https:\/\/www.radiopiu.net\/wordpress\/wp-content\/uploads\/2024\/11\/DANILO-GIORDANO-MINERARI.mp3?_=17\" \/><a href=\"https:\/\/www.radiopiu.net\/wordpress\/wp-content\/uploads\/2024\/11\/DANILO-GIORDANO-MINERARI.mp3\">https:\/\/www.radiopiu.net\/wordpress\/wp-content\/uploads\/2024\/11\/DANILO-GIORDANO-MINERARI.mp3<\/a><\/audio>\n<p>&nbsp;<\/p>\n<hr \/>\n<p>&nbsp;<\/p>\n<blockquote>\n<h3><a class=\"dt-pswp-item\" href=\"https:\/\/www.radiopiu.net\/wordpress\/wp-content\/uploads\/2024\/11\/Dolomiti-Symphonia-scaled.jpg\" data-dt-img-description=\"\" data-large_image_width=\"2560\" data-large_image_height=\"1701\"><img loading=\"lazy\" decoding=\"async\" class=\" wp-image-420252 alignleft\" src=\"https:\/\/www.radiopiu.net\/wordpress\/wp-content\/uploads\/2024\/11\/Dolomiti-Symphonia-300x199.jpg\" alt=\"\" width=\"253\" height=\"168\" srcset=\"https:\/\/www.radiopiu.net\/wordpress\/wp-content\/uploads\/2024\/11\/Dolomiti-Symphonia-300x199.jpg 300w, https:\/\/www.radiopiu.net\/wordpress\/wp-content\/uploads\/2024\/11\/Dolomiti-Symphonia-1024x680.jpg 1024w, https:\/\/www.radiopiu.net\/wordpress\/wp-content\/uploads\/2024\/11\/Dolomiti-Symphonia-768x510.jpg 768w, https:\/\/www.radiopiu.net\/wordpress\/wp-content\/uploads\/2024\/11\/Dolomiti-Symphonia-1536x1021.jpg 1536w, https:\/\/www.radiopiu.net\/wordpress\/wp-content\/uploads\/2024\/11\/Dolomiti-Symphonia-2048x1361.jpg 2048w\" sizes=\"auto, (max-width: 253px) 100vw, 253px\" \/><\/a>UN CONCERTO PER L&#8217;ECCIDIO DI GENA<\/h3>\n<\/blockquote>\n<p><strong>SOSPIROLO<\/strong> In occasione dell&#8217;80\u00b0 anniversario dell&#8217;Eccidio di Gena, sabato 23 novembre alle 21:00, la Chiesa arcipretale di Sospirolo ospiter\u00e0 un concerto commemorativo. La Dolomiti Symphonia Orchestra di Belluno, insieme alla Corale Polifonica \u2018B. Marcello\u2019 di Mestre, eseguir\u00e0 una selezione dall\u2019oratorio <em>Il Messiah<\/em> di G. F. Haendel, focalizzata sui temi della passione, della morte e della fragilit\u00e0 umana. L\u2019evento, che riflette sulla ricerca di un senso di fronte al dolore e alla morte, celebra anche la collaborazione tra Dolomiti Symphonia e la Polifonica \u2018B. Marcello\u2019, rinomata per la sua attivit\u00e0 concertistica.<\/p>\n<p>&nbsp;<\/p>\n<p>&nbsp;<\/p>\n<hr \/>\n<p>&nbsp;<\/p>\n<h2><span style=\"color: #ff6600;\">IERI ALLA RADIO<\/span><\/h2>\n<h2><span style=\"color: #008000;\">CISL E FEMCA CISL LA VOCE PER I LAVORATORI<\/span><\/h2>\n<p><a class=\"dt-pswp-item\" href=\"https:\/\/www.radiopiu.net\/wordpress\/wp-content\/uploads\/2024\/11\/file-1.jpg\" data-dt-img-description=\"\" data-large_image_width=\"480\" data-large_image_height=\"480\"><img loading=\"lazy\" decoding=\"async\" class=\" wp-image-420523 alignleft\" src=\"https:\/\/www.radiopiu.net\/wordpress\/wp-content\/uploads\/2024\/11\/file-1-300x300.jpg\" alt=\"\" width=\"123\" height=\"123\" srcset=\"https:\/\/www.radiopiu.net\/wordpress\/wp-content\/uploads\/2024\/11\/file-1-300x300.jpg 300w, https:\/\/www.radiopiu.net\/wordpress\/wp-content\/uploads\/2024\/11\/file-1-150x150.jpg 150w, https:\/\/www.radiopiu.net\/wordpress\/wp-content\/uploads\/2024\/11\/file-1.jpg 480w\" sizes=\"auto, (max-width: 123px) 100vw, 123px\" \/><\/a>puntata del 20 NOVEMBRE 2024<\/p>\n<p><strong>OSPITE DAVIDE MONTAGNER<\/strong><\/p>\n<audio class=\"wp-audio-shortcode\" id=\"audio-420616-18\" preload=\"none\" style=\"width: 100%;\" controls=\"controls\"><source type=\"audio\/mpeg\" src=\"https:\/\/www.radiopiu.net\/wordpress\/wp-content\/uploads\/2024\/10\/FEMCA-CISL-2.mp3?_=18\" \/><a href=\"https:\/\/www.radiopiu.net\/wordpress\/wp-content\/uploads\/2024\/10\/FEMCA-CISL-2.mp3\">https:\/\/www.radiopiu.net\/wordpress\/wp-content\/uploads\/2024\/10\/FEMCA-CISL-2.mp3<\/a><\/audio>\n<p>&nbsp;<\/p>\n<h2>LA RACCOLTA COMPLETA <a href=\"https:\/\/www.radiopiu.net\/wordpress\/cisl-e-femca-cisl-la-vocef\/\"><span style=\"color: #3366ff;\">CLICCA QUI<\/span><\/a><\/h2>\n<p>&nbsp;<\/p>\n<hr \/>\n<p>&nbsp;<\/p>\n<h2><span style=\"color: #ff0000;\">LIBER, CON LIANA CAVALET<\/span><\/h2>\n<p><strong>PUNTATA 10 20 NOVEMBRE 2024 GUZEL&#8217; JACHINA &#8220;ZULEIKA APRE GLI OCCHI&#8221;<\/strong><\/p>\n<audio class=\"wp-audio-shortcode\" id=\"audio-420616-19\" preload=\"none\" style=\"width: 100%;\" controls=\"controls\"><source type=\"audio\/mpeg\" src=\"https:\/\/www.radiopiu.net\/wordpress\/wp-content\/uploads\/2024\/11\/LIANA-3.mp3?_=19\" \/><a href=\"https:\/\/www.radiopiu.net\/wordpress\/wp-content\/uploads\/2024\/11\/LIANA-3.mp3\">https:\/\/www.radiopiu.net\/wordpress\/wp-content\/uploads\/2024\/11\/LIANA-3.mp3<\/a><\/audio>\n<p>&nbsp;<\/p>\n<p><a class=\"dt-pswp-item\" href=\"https:\/\/www.radiopiu.net\/wordpress\/wp-content\/uploads\/2024\/11\/1284c504-70ac-48ab-81bb-2a3567ed4055.jpg\" data-dt-img-description=\"\" data-large_image_width=\"576\" data-large_image_height=\"851\"><br \/>\n<img loading=\"lazy\" decoding=\"async\" class=\"size-medium wp-image-420650 aligncenter\" src=\"https:\/\/www.radiopiu.net\/wordpress\/wp-content\/uploads\/2024\/11\/1284c504-70ac-48ab-81bb-2a3567ed4055-203x300.jpg\" alt=\"\" width=\"203\" height=\"300\" srcset=\"https:\/\/www.radiopiu.net\/wordpress\/wp-content\/uploads\/2024\/11\/1284c504-70ac-48ab-81bb-2a3567ed4055-203x300.jpg 203w, https:\/\/www.radiopiu.net\/wordpress\/wp-content\/uploads\/2024\/11\/1284c504-70ac-48ab-81bb-2a3567ed4055.jpg 576w\" sizes=\"auto, (max-width: 203px) 100vw, 203px\" \/><\/a><\/p>\n<p>&nbsp;<\/p>\n<p>&nbsp;<\/p>\n<h2>LA RACCOLTA COMPLETA <a href=\"https:\/\/www.radiopiu.net\/wordpress\/liber24puntata10\/\"><span style=\"color: #3366ff;\">CLICCA QUI<\/span><\/a><\/h2>\n<p>&nbsp;<\/p>\n<hr \/>\n<p>&nbsp;<\/p>\n<h2><a class=\"dt-pswp-item\" href=\"https:\/\/www.radiopiu.net\/wordpress\/wp-content\/uploads\/2022\/11\/scuola-zaino.jpeg\" data-dt-img-description=\"\" data-large_image_width=\"626\" data-large_image_height=\"417\"><img loading=\"lazy\" decoding=\"async\" class=\" wp-image-306830 alignleft\" src=\"https:\/\/www.radiopiu.net\/wordpress\/wp-content\/uploads\/2022\/11\/scuola-zaino-300x200.jpeg\" alt=\"\" width=\"171\" height=\"114\" srcset=\"https:\/\/www.radiopiu.net\/wordpress\/wp-content\/uploads\/2022\/11\/scuola-zaino-300x200.jpeg 300w, https:\/\/www.radiopiu.net\/wordpress\/wp-content\/uploads\/2022\/11\/scuola-zaino.jpeg 626w\" sizes=\"auto, (max-width: 171px) 100vw, 171px\" \/><\/a><span style=\"color: #00ccff;\">SE NON LA SMETTI TI MANDO DAL PRESIDE<\/span><\/h2>\n<p><strong>DI MIRKO MEZZACASA<\/strong><\/p>\n<p>CON MARIA ROSA SALMAZO<\/p>\n<audio class=\"wp-audio-shortcode\" id=\"audio-420616-20\" preload=\"none\" style=\"width: 100%;\" controls=\"controls\"><source type=\"audio\/mpeg\" src=\"https:\/\/www.radiopiu.net\/wordpress\/wp-content\/uploads\/2024\/11\/PRESIDE-1.mp3?_=20\" \/><a href=\"https:\/\/www.radiopiu.net\/wordpress\/wp-content\/uploads\/2024\/11\/PRESIDE-1.mp3\">https:\/\/www.radiopiu.net\/wordpress\/wp-content\/uploads\/2024\/11\/PRESIDE-1.mp3<\/a><\/audio>\n<h2><\/h2>\n<h2>LA RACCOLTA COMPLETA <span style=\"color: #0000ff;\"><a style=\"color: #0000ff;\" href=\"https:\/\/www.radiopiu.net\/wordpress\/se-non-la-smetti-di-mando-dal-preside\/\">CLICCA QUI<\/a><\/span><\/h2>\n<p>&nbsp;<\/p>\n<p>&nbsp;<\/p>\n<blockquote class=\"wp-embedded-content\" data-secret=\"F4T1JKQXm5\"><p><a href=\"https:\/\/www.radiopiu.net\/wordpress\/almanac1\/\">N di parom &#8211; L Almanach de la nosta jent RACCOLTA COMPLETA<\/a><\/p><\/blockquote>\n<p><iframe loading=\"lazy\" class=\"wp-embedded-content\" sandbox=\"allow-scripts\" security=\"restricted\" style=\"position: absolute; visibility: hidden;\" title=\"&#8220;N di parom &#8211; L Almanach de la nosta jent RACCOLTA COMPLETA&#8221; &#8212; Radio Pi\u00f9\" src=\"https:\/\/www.radiopiu.net\/wordpress\/almanac1\/embed\/#?secret=by7hVeIJfq#?secret=F4T1JKQXm5\" data-secret=\"F4T1JKQXm5\" width=\"600\" height=\"338\" frameborder=\"0\" marginwidth=\"0\" marginheight=\"0\" scrolling=\"no\"><\/iframe><\/p>\n<p>&nbsp;<\/p>\n<hr \/>\n<p>&nbsp;<\/p>\n<h2><span style=\"color: #800080;\">BATTI CINQUE&#8230;CON MARINA ED ALESSIO<\/span><\/h2>\n<p><strong><a class=\"dt-pswp-item\" href=\"https:\/\/www.radiopiu.net\/wordpress\/wp-content\/uploads\/2024\/10\/2b41afd1-2910-40a2-aa8e-1f6263104f30.jpg\" data-dt-img-description=\"\" data-large_image_width=\"2048\" data-large_image_height=\"1536\"><img loading=\"lazy\" decoding=\"async\" class=\" wp-image-415813 alignleft\" src=\"https:\/\/www.radiopiu.net\/wordpress\/wp-content\/uploads\/2024\/10\/2b41afd1-2910-40a2-aa8e-1f6263104f30-300x225.jpg\" alt=\"\" width=\"135\" height=\"101\" srcset=\"https:\/\/www.radiopiu.net\/wordpress\/wp-content\/uploads\/2024\/10\/2b41afd1-2910-40a2-aa8e-1f6263104f30-300x225.jpg 300w, https:\/\/www.radiopiu.net\/wordpress\/wp-content\/uploads\/2024\/10\/2b41afd1-2910-40a2-aa8e-1f6263104f30-1024x768.jpg 1024w, https:\/\/www.radiopiu.net\/wordpress\/wp-content\/uploads\/2024\/10\/2b41afd1-2910-40a2-aa8e-1f6263104f30-768x576.jpg 768w, https:\/\/www.radiopiu.net\/wordpress\/wp-content\/uploads\/2024\/10\/2b41afd1-2910-40a2-aa8e-1f6263104f30-1536x1152.jpg 1536w, https:\/\/www.radiopiu.net\/wordpress\/wp-content\/uploads\/2024\/10\/2b41afd1-2910-40a2-aa8e-1f6263104f30.jpg 2048w\" sizes=\"auto, (max-width: 135px) 100vw, 135px\" \/><\/a>REDAZIONE<\/strong> Un confronto tra generazioni, lo si pu\u00f2 definire cos\u00ec il nuovo programma pomeridiano di Radio Pi\u00f9. &#8220;Batti Cinque&#8221; il titolo del contenitore in onda il mercoled\u00ec dalle 15 a cadenza quindicinale. In studio Marina ed Alessio<\/p>\n<p><span style=\"color: #ff0000;\"><strong>\u00a0<\/strong><\/span><\/p>\n<p><span style=\"color: #ff0000;\"><strong>\u00a0<\/strong><\/span><\/p>\n<p>&nbsp;<\/p>\n<p><span style=\"color: #ff0000;\"><strong>PUNTATA 03 &#8211; PRIMA PARTE<\/strong><\/span><\/p>\n<audio class=\"wp-audio-shortcode\" id=\"audio-420616-21\" preload=\"none\" style=\"width: 100%;\" controls=\"controls\"><source type=\"audio\/mpeg\" src=\"https:\/\/www.radiopiu.net\/wordpress\/wp-content\/uploads\/2024\/11\/BATTI-5-TERZA-PUNTATA-1.mp3?_=21\" \/><a href=\"https:\/\/www.radiopiu.net\/wordpress\/wp-content\/uploads\/2024\/11\/BATTI-5-TERZA-PUNTATA-1.mp3\">https:\/\/www.radiopiu.net\/wordpress\/wp-content\/uploads\/2024\/11\/BATTI-5-TERZA-PUNTATA-1.mp3<\/a><\/audio>\n<p><span style=\"color: #ff0000;\">\u00a0<\/span><\/p>\n<p><span style=\"color: #ff0000;\"><strong>SECONDA PARTE<\/strong><\/span><\/p>\n<audio class=\"wp-audio-shortcode\" id=\"audio-420616-22\" preload=\"none\" style=\"width: 100%;\" controls=\"controls\"><source type=\"audio\/mpeg\" src=\"https:\/\/www.radiopiu.net\/wordpress\/wp-content\/uploads\/2024\/11\/BATTI-5-TERZA-PUNTATA-2.mp3?_=22\" \/><a href=\"https:\/\/www.radiopiu.net\/wordpress\/wp-content\/uploads\/2024\/11\/BATTI-5-TERZA-PUNTATA-2.mp3\">https:\/\/www.radiopiu.net\/wordpress\/wp-content\/uploads\/2024\/11\/BATTI-5-TERZA-PUNTATA-2.mp3<\/a><\/audio>\n<p><span style=\"color: #ff0000;\"><strong>\u00a0<\/strong><\/span><\/p>\n<p><span style=\"color: #ff0000;\"><strong>TERZA PARTE<\/strong><\/span><\/p>\n<audio class=\"wp-audio-shortcode\" id=\"audio-420616-23\" preload=\"none\" style=\"width: 100%;\" controls=\"controls\"><source type=\"audio\/mpeg\" src=\"https:\/\/www.radiopiu.net\/wordpress\/wp-content\/uploads\/2024\/11\/BATTI-5-TERZA-PUNTATA-3.mp3?_=23\" \/><a href=\"https:\/\/www.radiopiu.net\/wordpress\/wp-content\/uploads\/2024\/11\/BATTI-5-TERZA-PUNTATA-3.mp3\">https:\/\/www.radiopiu.net\/wordpress\/wp-content\/uploads\/2024\/11\/BATTI-5-TERZA-PUNTATA-3.mp3<\/a><\/audio>\n<p>&nbsp;<\/p>\n<h2>LA RACCOLTA COMPLETA <a href=\"https:\/\/www.radiopiu.net\/wordpress\/batti-cinque-con-marina-ed-alessio-la-raccolta\/\"><span style=\"color: #3366ff;\">CLICCA QUI<\/span><\/a><\/h2>\n<p>&nbsp;<\/p>\n<hr \/>\n<p>&nbsp;<\/p>\n<h2><span style=\"color: #ff00ff;\">SCUOLA APERTA AL FOLLADOR DE ROSSI<\/span><\/h2>\n<p><a class=\"dt-pswp-item\" href=\"https:\/\/www.radiopiu.net\/wordpress\/wp-content\/uploads\/2024\/09\/FOLLADOR.jpg\" data-dt-img-description=\"\" data-large_image_width=\"1280\" data-large_image_height=\"720\"><img loading=\"lazy\" decoding=\"async\" class=\" wp-image-411383 alignleft\" src=\"https:\/\/www.radiopiu.net\/wordpress\/wp-content\/uploads\/2024\/09\/FOLLADOR-300x169.jpg\" alt=\"\" width=\"151\" height=\"85\" srcset=\"https:\/\/www.radiopiu.net\/wordpress\/wp-content\/uploads\/2024\/09\/FOLLADOR-300x169.jpg 300w, https:\/\/www.radiopiu.net\/wordpress\/wp-content\/uploads\/2024\/09\/FOLLADOR-1024x576.jpg 1024w, https:\/\/www.radiopiu.net\/wordpress\/wp-content\/uploads\/2024\/09\/FOLLADOR-768x432.jpg 768w, https:\/\/www.radiopiu.net\/wordpress\/wp-content\/uploads\/2024\/09\/FOLLADOR.jpg 1280w\" sizes=\"auto, (max-width: 151px) 100vw, 151px\" \/><\/a>SETTIMANA SPECIALE ALLA RADIO&#8230; FOLLADOR DE ROSSI! L&#8217;OFFERTA SCOLASTICA DALL&#8217;AGORDINA, DA AGORDO A FALCADE, GIORNO PER GIORNO SCOPRIAMO L&#8217;ISTITUTO MINERARIO, CHIMICO, IL LICEO, LE PECULIARITA&#8217; DELLA SCUOLA DI FALCADE CON ANNESSO CONVITTO<\/p>\n<p>&nbsp;<\/p>\n<p><strong><a class=\"dt-pswp-item\" href=\"https:\/\/www.radiopiu.net\/wordpress\/wp-content\/uploads\/2024\/11\/IPSSAR-FALCADE.png\" data-dt-img-description=\"\" data-large_image_width=\"709\" data-large_image_height=\"355\"><img loading=\"lazy\" decoding=\"async\" class=\" wp-image-420633 alignleft\" src=\"https:\/\/www.radiopiu.net\/wordpress\/wp-content\/uploads\/2024\/11\/IPSSAR-FALCADE-300x150.png\" alt=\"\" width=\"214\" height=\"107\" srcset=\"https:\/\/www.radiopiu.net\/wordpress\/wp-content\/uploads\/2024\/11\/IPSSAR-FALCADE-300x150.png 300w, https:\/\/www.radiopiu.net\/wordpress\/wp-content\/uploads\/2024\/11\/IPSSAR-FALCADE.png 709w\" sizes=\"auto, (max-width: 214px) 100vw, 214px\" \/><\/a>PUNTATA 03<\/strong><\/p>\n<blockquote>\n<h2>L&#8217;INDIRIZZO ENOGASTRONOMIA ED OSPITALITA&#8217; ALBEGHIERA<\/h2>\n<\/blockquote>\n<audio class=\"wp-audio-shortcode\" id=\"audio-420616-24\" preload=\"none\" style=\"width: 100%;\" controls=\"controls\"><source type=\"audio\/mpeg\" src=\"https:\/\/www.radiopiu.net\/wordpress\/wp-content\/uploads\/2024\/11\/FOLLADOR-3-MERCOLEDI-1.mp3?_=24\" \/><a href=\"https:\/\/www.radiopiu.net\/wordpress\/wp-content\/uploads\/2024\/11\/FOLLADOR-3-MERCOLEDI-1.mp3\">https:\/\/www.radiopiu.net\/wordpress\/wp-content\/uploads\/2024\/11\/FOLLADOR-3-MERCOLEDI-1.mp3<\/a><\/audio>\n<p>&nbsp;<\/p>\n<h2>LA RACCOLTA COMPLETA <a href=\"https:\/\/www.radiopiu.net\/wordpress\/da-lunedi-alla-radio-scuola-aperta-al-follador-de-rossi\/\"><span style=\"color: #3366ff;\">CLICCA QUI<\/span><\/a><\/h2>\n<p>&nbsp;<\/p>\n<p>&nbsp;<\/p>\n<h2><span style=\"color: #008000;\">EPCENTER, HOTEL SAN MARCO STORIA E TECNOLOGIA &#8211; SECONDA PUNTATA<\/span><\/h2>\n<p><strong>CON MIRKO MEZZACASA E FRANCESCO ZILIO DI EP CENTER<\/strong><\/p>\n<p><iframe loading=\"lazy\" title=\"EPCENTER, HOTEL SAN MARCO STORIA E TECNOLOGIA - SECONDA PUNTATA\" width=\"1200\" height=\"675\" src=\"https:\/\/www.youtube.com\/embed\/qbL_dX7C6Go?feature=oembed\" frameborder=\"0\" allow=\"accelerometer; autoplay; clipboard-write; encrypted-media; gyroscope; picture-in-picture; web-share\" referrerpolicy=\"strict-origin-when-cross-origin\" allowfullscreen><\/iframe><\/p>\n<p>&nbsp;<\/p>\n<h2>LA RACCOLTA COMPLETA \u00a0<span style=\"color: #0000ff;\"><a style=\"color: #0000ff;\" href=\"https:\/\/www.youtube.com\/channel\/UCf9-X1lG2r4-xhdzt_0zNHg\/videos\">clicca qui<\/a><\/span><\/h2>\n<p>&nbsp;<\/p>\n<hr \/>\n<blockquote class=\"wp-embedded-content\" data-secret=\"rF9i9fAB8k\"><p><a href=\"https:\/\/www.radiopiu.net\/wordpress\/pirole-de-lenga-la-parola-del-giorno-a-cura-del-musla-raccolta-completa\/\">PIROLE DE LENGA&#8230; LA PAROLA DEL GIORNO A CURA DEL MUSLA -raccolta completa &#8211;<\/a><\/p><\/blockquote>\n<p><iframe loading=\"lazy\" class=\"wp-embedded-content\" sandbox=\"allow-scripts\" security=\"restricted\" style=\"position: absolute; visibility: hidden;\" title=\"&#8220;PIROLE DE LENGA&#8230; LA PAROLA DEL GIORNO A CURA DEL MUSLA -raccolta completa &#8211;&#8221; &#8212; Radio Pi\u00f9\" src=\"https:\/\/www.radiopiu.net\/wordpress\/pirole-de-lenga-la-parola-del-giorno-a-cura-del-musla-raccolta-completa\/embed\/#?secret=o0lhCTeB0H#?secret=rF9i9fAB8k\" data-secret=\"rF9i9fAB8k\" width=\"600\" height=\"338\" frameborder=\"0\" marginwidth=\"0\" marginheight=\"0\" scrolling=\"no\"><\/iframe><\/p>\n<p>&nbsp;<\/p>\n<p>&nbsp;<\/p>\n<hr \/>\n<p>&nbsp;<\/p>\n<blockquote>\n<h2>EVA E PETRA E FABER CON IL CIRCOLO SARDI<\/h2>\n<\/blockquote>\n<p><strong>BELLUNO<\/strong> Il Circolo Sardi di Belluno organizza due eventi teatrali nella sala parrocchiale di Cavarzano. Domani alle 20:30 va in scena un monologo sull\u2019eccidio di Buggerru del 1904, con Fabrizio Passerotti, regia di Giulia d&#8217;Agostini e testo di Gianni Loy, accompagnato dai disegni di Francesco Del Casino. La storia esplora i drammi sociali e il potere dell\u2019amicizia, con ingresso gratuito. Sabato 23 novembre, sempre alle 20:30, sar\u00e0 il turno di <em>Faber, il canto della terra<\/em>, con Passerotti, musiche dal vivo di Stefano Migneco, testo di Giammaria Monti e regia di Raimondo Riu. Questo monologo rilegge in chiave teatrale i temi poetici di Fabrizio De Andr\u00e9, con un approccio essenziale che mette al centro la forza dei testi delle sue canzoni. Per informazioni, contattare Roberto Agus al 3886458895 o via email: <a rel=\"noopener\">robertoagus2@gmail.com<\/a>.<\/p>\n<p><a class=\"dt-pswp-item\" href=\"https:\/\/www.radiopiu.net\/wordpress\/wp-content\/uploads\/2024\/11\/Locandina-Eva-e-Petra.jpg\" data-dt-img-description=\"\" data-large_image_width=\"1050\" data-large_image_height=\"1600\"><img loading=\"lazy\" decoding=\"async\" class=\"alignnone size-medium wp-image-420335\" src=\"https:\/\/www.radiopiu.net\/wordpress\/wp-content\/uploads\/2024\/11\/Locandina-Eva-e-Petra-197x300.jpg\" alt=\"\" width=\"197\" height=\"300\" srcset=\"https:\/\/www.radiopiu.net\/wordpress\/wp-content\/uploads\/2024\/11\/Locandina-Eva-e-Petra-197x300.jpg 197w, https:\/\/www.radiopiu.net\/wordpress\/wp-content\/uploads\/2024\/11\/Locandina-Eva-e-Petra-672x1024.jpg 672w, https:\/\/www.radiopiu.net\/wordpress\/wp-content\/uploads\/2024\/11\/Locandina-Eva-e-Petra-768x1170.jpg 768w, https:\/\/www.radiopiu.net\/wordpress\/wp-content\/uploads\/2024\/11\/Locandina-Eva-e-Petra-1008x1536.jpg 1008w, https:\/\/www.radiopiu.net\/wordpress\/wp-content\/uploads\/2024\/11\/Locandina-Eva-e-Petra.jpg 1050w\" sizes=\"auto, (max-width: 197px) 100vw, 197px\" \/><\/a><img loading=\"lazy\" decoding=\"async\" class=\"alignnone size-medium wp-image-420334\" src=\"https:\/\/www.radiopiu.net\/wordpress\/wp-content\/uploads\/2024\/11\/Locandina-FABER-1-1-198x300.jpg\" alt=\"\" width=\"198\" height=\"300\" srcset=\"https:\/\/www.radiopiu.net\/wordpress\/wp-content\/uploads\/2024\/11\/Locandina-FABER-1-1-198x300.jpg 198w, https:\/\/www.radiopiu.net\/wordpress\/wp-content\/uploads\/2024\/11\/Locandina-FABER-1-1-675x1024.jpg 675w, https:\/\/www.radiopiu.net\/wordpress\/wp-content\/uploads\/2024\/11\/Locandina-FABER-1-1-768x1165.jpg 768w, https:\/\/www.radiopiu.net\/wordpress\/wp-content\/uploads\/2024\/11\/Locandina-FABER-1-1-1013x1536.jpg 1013w, https:\/\/www.radiopiu.net\/wordpress\/wp-content\/uploads\/2024\/11\/Locandina-FABER-1-1.jpg 1055w\" sizes=\"auto, (max-width: 198px) 100vw, 198px\" \/><\/p>\n<p>&nbsp;<\/p>\n<p>&nbsp;<\/p>\n<p>&nbsp;<\/p>\n<hr \/>\n<p>&nbsp;<\/p>\n<blockquote>\n<h2>Concerto in memoria di Igor Roldo: solidariet\u00e0 e musica al Piccolo Teatro Pierobon<\/h2>\n<\/blockquote>\n<div class=\"flex-1 overflow-hidden\">\n<div class=\"h-full\">\n<div class=\"react-scroll-to-bottom--css-iaghl-79elbk h-full\">\n<div class=\"react-scroll-to-bottom--css-iaghl-1n7m0yu\">\n<div class=\"flex flex-col text-sm md:pb-9\">\n<article class=\"w-full scroll-mb-[var(--thread-trailing-height)] text-token-text-primary focus-visible:outline-2 focus-visible:outline-offset-[-4px]\" dir=\"auto\" data-testid=\"conversation-turn-27\" data-scroll-anchor=\"true\">\n<div class=\"m-auto text-base py-[18px] px-3 md:px-4 w-full md:px-5 lg:px-4 xl:px-5\">\n<div class=\"mx-auto flex flex-1 gap-4 text-base md:gap-5 lg:gap-6 md:max-w-3xl lg:max-w-[40rem] xl:max-w-[48rem]\">\n<div class=\"group\/conversation-turn relative flex w-full min-w-0 flex-col agent-turn\">\n<div class=\"flex-col gap-1 md:gap-3\">\n<div class=\"flex max-w-full flex-col flex-grow\">\n<div class=\"min-h-8 text-message flex w-full flex-col items-end gap-2 whitespace-normal break-words [.text-message+&amp;]:mt-5\" dir=\"auto\" data-message-author-role=\"assistant\" data-message-id=\"2f1985a1-38a8-441c-a356-ef2248e23e98\" data-message-model-slug=\"gpt-4o\">\n<div class=\"flex w-full flex-col gap-1 empty:hidden first:pt-[3px]\">\n<div class=\"markdown prose w-full break-words dark:prose-invert dark\">\n<p><strong><a class=\"dt-pswp-item\" href=\"https:\/\/www.radiopiu.net\/wordpress\/wp-content\/uploads\/2024\/11\/4-foto.jpg\" data-dt-img-description=\"\" data-large_image_width=\"1410\" data-large_image_height=\"1267\"><img loading=\"lazy\" decoding=\"async\" class=\"wp-image-419353 alignleft\" src=\"https:\/\/www.radiopiu.net\/wordpress\/wp-content\/uploads\/2024\/11\/4-foto-300x270.jpg\" alt=\"\" width=\"157\" height=\"141\" srcset=\"https:\/\/www.radiopiu.net\/wordpress\/wp-content\/uploads\/2024\/11\/4-foto-300x270.jpg 300w, https:\/\/www.radiopiu.net\/wordpress\/wp-content\/uploads\/2024\/11\/4-foto-1024x920.jpg 1024w, https:\/\/www.radiopiu.net\/wordpress\/wp-content\/uploads\/2024\/11\/4-foto-768x690.jpg 768w, https:\/\/www.radiopiu.net\/wordpress\/wp-content\/uploads\/2024\/11\/4-foto.jpg 1410w\" sizes=\"auto, (max-width: 157px) 100vw, 157px\" \/><\/a>PONTE NELLE ALPI<\/strong> Sabato 30 novembre, il Piccolo Teatro Pierobon ospiter\u00e0 un concerto in ricordo di Igor Roldo, scomparso un anno fa. Organizzato da WR Events e Comitato Pollicino, l&#8217;evento celebra la memoria di Roldo, 58 anni, noto dirigente del San Giorgio Calcio e ideatore del Festival musicale di Pian dei Castaldi. Considerato un talent scout, Roldo ha sempre supportato nuove formazioni musicali, promuovendo eventi per finanziare progetti solidali del Comitato Pollicino, dedicato ai bambini bisognosi di Petrosani, Romania. La serata sar\u00e0 animata dall\u2019Uncle Frank Project, composto da Franco De Poli, Alberto Mambrini, Andrea Cuzzuol e Mauro De Luca, noti per i loro concerti a scopo benefico. Sul palco, il quartetto racconter\u00e0 l\u2019evoluzione della chitarra attraverso diversi stili musicali, mostrando come questo strumento rimanga centrale nel sound moderno. Il concerto \u00e8 patrocinato dal Comune di Ponte nelle Alpi e prevede ingresso a offerta libera. Tutto il ricavato andr\u00e0 al Comitato Pollicino, proseguendo l\u2019impegno di Roldo nel coniugare musica e solidariet\u00e0.<\/p>\n<\/div>\n<\/div>\n<\/div>\n<\/div>\n<\/div>\n<\/div>\n<\/div>\n<\/div>\n<\/article>\n<\/div>\n<\/div>\n<\/div>\n<\/div>\n<\/div>\n<p>&nbsp;<\/p>\n<p>&nbsp;<\/p>\n<p>&nbsp;<\/p>\n<hr \/>\n<p>&nbsp;<\/p>\n<blockquote>\n<h2>AL CINEMA DOLOMITI DI FALCADE IN PROGRAMMAZIONE &#8220;IL ROBOT SELVAGGIO&#8221;<\/h2>\n<\/blockquote>\n<p><a class=\"dt-pswp-item\" href=\"https:\/\/www.radiopiu.net\/wordpress\/wp-content\/uploads\/2024\/11\/01.jpg\" data-dt-img-description=\"\" data-large_image_width=\"540\" data-large_image_height=\"800\"><img loading=\"lazy\" decoding=\"async\" class=\" wp-image-420657 alignleft\" src=\"https:\/\/www.radiopiu.net\/wordpress\/wp-content\/uploads\/2024\/11\/01-203x300.jpg\" alt=\"\" width=\"141\" height=\"208\" srcset=\"https:\/\/www.radiopiu.net\/wordpress\/wp-content\/uploads\/2024\/11\/01-203x300.jpg 203w, https:\/\/www.radiopiu.net\/wordpress\/wp-content\/uploads\/2024\/11\/01.jpg 540w\" sizes=\"auto, (max-width: 141px) 100vw, 141px\" \/><\/a>&#8220;Il Robot Selvaggio&#8221; \u00e8 un film d&#8217;animazione diretto da Chris Sanders. Un cargo della Universal Dynamics perde sei robot durante un tifone; solo il robot multiuso ROZZUM 7134, &#8220;Roz&#8221;, sopravvive, approdando su un\u2019isola selvaggia. Dopo un iniziale rifiuto da parte degli animali, Roz adotta un pulcino, Beccolustro, e impara a prendersene cura con l&#8217;aiuto di altri abitanti dell&#8217;isola. Crescendo, Beccolustro scopre che Roz ha causato la morte della sua famiglia e si allontana, ma Roz lo aiuta a prepararsi per la migrazione. Compiuto il suo compito, Roz affronta i dubbi sul suo scopo e decide di proteggere gli animali dell\u2019isola. Quando i robot della Universal Dynamics attaccano per recuperarla, Roz guida una strenua difesa. Nonostante la vittoria, Roz lascia l\u2019isola per garantire la sicurezza dei suoi amici. In seguito, viene riparata e sembra resettata, ma ritrova Beccolustro, rivelando di avere ancora i suoi ricordi e il legame con lui. <span style=\"color: #ff0000;\"><strong>Il film \u00e8 in programmazione al Cinema Dolomiti di Falcade sabato e domenica. Spettacoli alle 21, domenica anche alle 15:30.<\/strong><\/span><\/p>\n<p><strong>LA PRESENTAZIONE A CURA DI PAOLA LANCIATO<\/strong><\/p>\n<audio class=\"wp-audio-shortcode\" id=\"audio-420616-25\" preload=\"none\" style=\"width: 100%;\" controls=\"controls\"><source type=\"audio\/mpeg\" src=\"https:\/\/www.radiopiu.net\/wordpress\/wp-content\/uploads\/2024\/11\/CINEMA-DOLOMITI-ROBOT-SELVAGGIO.mp3?_=25\" \/><a href=\"https:\/\/www.radiopiu.net\/wordpress\/wp-content\/uploads\/2024\/11\/CINEMA-DOLOMITI-ROBOT-SELVAGGIO.mp3\">https:\/\/www.radiopiu.net\/wordpress\/wp-content\/uploads\/2024\/11\/CINEMA-DOLOMITI-ROBOT-SELVAGGIO.mp3<\/a><\/audio>\n<p>&nbsp;<\/p>\n<hr \/>\n<p>&nbsp;<\/p>\n<h2><span style=\"color: #ff0000;\"><a class=\"dt-pswp-item\" href=\"https:\/\/www.radiopiu.net\/wordpress\/wp-content\/uploads\/2018\/09\/appuntamenti.jpeg\" data-dt-img-description=\"\" data-large_image_width=\"800\" data-large_image_height=\"100\"><img loading=\"lazy\" decoding=\"async\" class=\"wp-image-61958 size-full aligncenter\" src=\"https:\/\/www.radiopiu.net\/wordpress\/wp-content\/uploads\/2018\/09\/appuntamenti.jpeg\" alt=\"\" width=\"800\" height=\"100\" srcset=\"https:\/\/www.radiopiu.net\/wordpress\/wp-content\/uploads\/2018\/09\/appuntamenti.jpeg 800w, https:\/\/www.radiopiu.net\/wordpress\/wp-content\/uploads\/2018\/09\/appuntamenti-300x38.jpeg 300w, https:\/\/www.radiopiu.net\/wordpress\/wp-content\/uploads\/2018\/09\/appuntamenti-768x96.jpeg 768w\" sizes=\"auto, (max-width: 800px) 100vw, 800px\" \/><\/a><\/span><\/h2>\n<p>&nbsp;<\/p>\n<div style=\"width: 1200px;\" class=\"wp-video\"><video class=\"wp-video-shortcode\" id=\"video-420616-1\" width=\"1200\" height=\"675\" preload=\"metadata\" controls=\"controls\"><source type=\"video\/mp4\" src=\"https:\/\/www.radiopiu.net\/wordpress\/wp-content\/uploads\/2024\/10\/WhatsApp-Video-2024-10-23-at-00.12.10.mp4?_=1\" \/><a href=\"https:\/\/www.radiopiu.net\/wordpress\/wp-content\/uploads\/2024\/10\/WhatsApp-Video-2024-10-23-at-00.12.10.mp4\">https:\/\/www.radiopiu.net\/wordpress\/wp-content\/uploads\/2024\/10\/WhatsApp-Video-2024-10-23-at-00.12.10.mp4<\/a><\/video><\/div>\n<p><strong>\u00a0<\/strong><\/p>\n<p><strong>SABATO E DOMENICA AL CINEMA DOLOMITI DI FALCADE IL FILM &#8220;IL ROBOT SELVAGGIO&#8221; SPETTACOLI ALLE 21, DOMENICA ANCHE ALLE 15:30<\/strong><\/p>\n<div class=\"flex-shrink-0 flex flex-col relative items-end\">\n<div class=\"pt-0\">\n<div class=\"gizmo-bot-avatar flex h-8 w-8 items-center justify-center overflow-hidden rounded-full\">\n<p class=\"relative p-1 rounded-sm flex items-center justify-center bg-token-main-surface-primary text-token-text-primary h-8 w-8\"><strong>CANALE D&#8217;AGORDO <\/strong>Jazzercise \u00e8 un allenamento ad alta intensit\u00e0 che combina danza, pilates, yoga e kickboxing, adatto a tutti i livelli di fitness. \u00c8 efficace per tonificare i muscoli, migliorare la postura e ottenere un fisico snello. Nell&#8217;Agordino, le lezioni si tengono a Canale d&#8217;Agordo, nella sala ex emigranti di via Lotta, il luned\u00ec dalle 18:15 alle 19:15 e il mercoled\u00ec dalle 18:30 alle 19:30. L&#8217;istruttrice certificata RaLuca ti aspetta per un allenamento coinvolgente al ritmo di musica attuale. Per informazioni: 347 9295478<\/p>\n<\/div>\n<\/div>\n<\/div>\n<p><strong>FALCADE<\/strong> Le cena della classe 1974 dei coscritti dell&#8217;<strong>Agordino<\/strong> si terr\u00e0\u00a0 sabato 30 novembre\u00a0 a Falcade, Hotel Stella Alpina. La cena e&#8217; aperta ai nati nel 1974 nei 16 comuni dell&#8217;Agordino, e sara&#8217; un&#8217;occasione di ritrovo,\u00a0 dopo tanto tempo e festeggiare il mezzo secolo.Info\u00a0 3478120853<\/p>\n<p>&nbsp;<\/p>\n<p>&nbsp;<\/p>\n<div>\n<div class=\"\" dir=\"auto\">\n<div id=\":r9h:\" class=\"x1iorvi4 x1pi30zi x1l90r2v x1swvt13\" data-ad-comet-preview=\"message\" data-ad-preview=\"message\">\n\n\t\t\t<style type='text\/css'>\n\t\t\t\t#gallery-2 {\n\t\t\t\t\tmargin: auto;\n\t\t\t\t}\n\t\t\t\t#gallery-2 .gallery-item {\n\t\t\t\t\tfloat: left;\n\t\t\t\t\tmargin-top: 10px;\n\t\t\t\t\ttext-align: center;\n\t\t\t\t\twidth: 25%;\n\t\t\t\t}\n\t\t\t\t#gallery-2 img {\n\t\t\t\t\tborder: 2px solid #cfcfcf;\n\t\t\t\t}\n\t\t\t\t#gallery-2 .gallery-caption {\n\t\t\t\t\tmargin-left: 0;\n\t\t\t\t}\n\t\t\t\t\/* see gallery_shortcode() in wp-includes\/media.php *\/\n\t\t\t<\/style>\n\t\t<div id='gallery-2' class='dt-gallery-container gallery galleryid-420616 gallery-columns-4 gallery-size-thumbnail'><dl class='gallery-item'>\n\t\t\t\t<dt class='gallery-icon portrait'>\n\t\t\t\t\t<a class=\"rollover rollover-zoom dt-pswp-item\" title=\"967a322c-9996-42d7-af75-662ca7d89e84\" data-dt-img-description=\"\" data-large_image_width=\"1080\" data-large_image_height=\"1519\"href='https:\/\/www.radiopiu.net\/wordpress\/wp-content\/uploads\/2024\/10\/967a322c-9996-42d7-af75-662ca7d89e84-1.jpg'><img loading=\"lazy\" decoding=\"async\" width=\"150\" height=\"150\" src=\"https:\/\/www.radiopiu.net\/wordpress\/wp-content\/uploads\/2024\/10\/967a322c-9996-42d7-af75-662ca7d89e84-1-150x150.jpg\" class=\"attachment-thumbnail size-thumbnail\" alt=\"\" aria-describedby=\"gallery-2-413698\" \/><\/a>\n\t\t\t\t<\/dt>\n\t\t\t\t\t<dd class='wp-caption-text gallery-caption' id='gallery-2-413698'>\n\t\t\t\t\tDOMANI\n\t\t\t\t\t<\/dd><\/dl><dl class='gallery-item'>\n\t\t\t\t<dt class='gallery-icon portrait'>\n\t\t\t\t\t<a class=\"rollover rollover-zoom dt-pswp-item\" title=\"manifesto serate invernali\" data-dt-img-description=\"\" data-large_image_width=\"1683\" data-large_image_height=\"2383\"href='https:\/\/www.radiopiu.net\/wordpress\/wp-content\/uploads\/2024\/11\/manifesto-serate-invernali.jpg'><img loading=\"lazy\" decoding=\"async\" width=\"150\" height=\"150\" src=\"https:\/\/www.radiopiu.net\/wordpress\/wp-content\/uploads\/2024\/11\/manifesto-serate-invernali-150x150.jpg\" class=\"attachment-thumbnail size-thumbnail\" alt=\"\" aria-describedby=\"gallery-2-418816\" \/><\/a>\n\t\t\t\t<\/dt>\n\t\t\t\t\t<dd class='wp-caption-text gallery-caption' id='gallery-2-418816'>\n\t\t\t\t\t21 FEBBRAIO\n\t\t\t\t\t<\/dd><\/dl><dl class='gallery-item'>\n\t\t\t\t<dt class='gallery-icon portrait'>\n\t\t\t\t\t<a class=\"rollover rollover-zoom dt-pswp-item\" title=\"Locandina proiezione docufilm I Belumat international 2024\" data-dt-img-description=\"\" data-large_image_width=\"720\" data-large_image_height=\"1040\"href='https:\/\/www.radiopiu.net\/wordpress\/wp-content\/uploads\/2024\/11\/Locandina-proiezione-docufilm-I-Belumat-international-2024.jpg'><img loading=\"lazy\" decoding=\"async\" width=\"150\" height=\"150\" src=\"https:\/\/www.radiopiu.net\/wordpress\/wp-content\/uploads\/2024\/11\/Locandina-proiezione-docufilm-I-Belumat-international-2024-150x150.jpg\" class=\"attachment-thumbnail size-thumbnail\" alt=\"\" aria-describedby=\"gallery-2-420471\" \/><\/a>\n\t\t\t\t<\/dt>\n\t\t\t\t\t<dd class='wp-caption-text gallery-caption' id='gallery-2-420471'>\n\t\t\t\t\tIL DOCUFILM A LIMANA\n\t\t\t\t\t<\/dd><\/dl><dl class='gallery-item'>\n\t\t\t\t<dt class='gallery-icon portrait'>\n\t\t\t\t\t<a class=\"rollover rollover-zoom dt-pswp-item\" title=\"PL_Sosp_A4_CENE\" data-dt-img-description=\"\" data-large_image_width=\"992\" data-large_image_height=\"1403\"href='https:\/\/www.radiopiu.net\/wordpress\/wp-content\/uploads\/2024\/11\/PL_Sosp_A4_CENE.jpg'><img loading=\"lazy\" decoding=\"async\" width=\"150\" height=\"150\" src=\"https:\/\/www.radiopiu.net\/wordpress\/wp-content\/uploads\/2024\/11\/PL_Sosp_A4_CENE-150x150.jpg\" class=\"attachment-thumbnail size-thumbnail\" alt=\"\" aria-describedby=\"gallery-2-419072\" \/><\/a>\n\t\t\t\t<\/dt>\n\t\t\t\t\t<dd class='wp-caption-text gallery-caption' id='gallery-2-419072'>\n\t\t\t\t\tCON LA PRO LOCO MONTI DEL SOLE\n\t\t\t\t\t<\/dd><\/dl><br style=\"clear: both\" \/><dl class='gallery-item'>\n\t\t\t\t<dt class='gallery-icon portrait'>\n\t\t\t\t\t<a class=\"rollover rollover-zoom dt-pswp-item\" title=\"4448afab-7b66-4760-8c53-e411b845306d\" data-dt-img-description=\"\" data-large_image_width=\"1144\" data-large_image_height=\"1600\"href='https:\/\/www.radiopiu.net\/wordpress\/wp-content\/uploads\/2024\/11\/4448afab-7b66-4760-8c53-e411b845306d.jpg'><img loading=\"lazy\" decoding=\"async\" width=\"150\" height=\"150\" src=\"https:\/\/www.radiopiu.net\/wordpress\/wp-content\/uploads\/2024\/11\/4448afab-7b66-4760-8c53-e411b845306d-150x150.jpg\" class=\"attachment-thumbnail size-thumbnail\" alt=\"\" aria-describedby=\"gallery-2-419621\" \/><\/a>\n\t\t\t\t<\/dt>\n\t\t\t\t\t<dd class='wp-caption-text gallery-caption' id='gallery-2-419621'>\n\t\t\t\t\tIL FINE SETTIMANA A CAVIOLA\n\t\t\t\t\t<\/dd><\/dl><dl class='gallery-item'>\n\t\t\t\t<dt class='gallery-icon portrait'>\n\t\t\t\t\t<a class=\"rollover rollover-zoom dt-pswp-item\" title=\"IL FILO ROSSO TRA ARRIGO E LENOR\" data-dt-img-description=\"\" data-large_image_width=\"841\" data-large_image_height=\"1190\"href='https:\/\/www.radiopiu.net\/wordpress\/wp-content\/uploads\/2024\/11\/IL-FILO-ROSSO-TRA-ARRIGO-E-LENOR.jpg'><img loading=\"lazy\" decoding=\"async\" width=\"150\" height=\"150\" src=\"https:\/\/www.radiopiu.net\/wordpress\/wp-content\/uploads\/2024\/11\/IL-FILO-ROSSO-TRA-ARRIGO-E-LENOR-150x150.jpg\" class=\"attachment-thumbnail size-thumbnail\" alt=\"\" aria-describedby=\"gallery-2-420249\" \/><\/a>\n\t\t\t\t<\/dt>\n\t\t\t\t\t<dd class='wp-caption-text gallery-caption' id='gallery-2-420249'>\n\t\t\t\t\tAL PICCOLO TEATRO PIEROBON\n\t\t\t\t\t<\/dd><\/dl><dl class='gallery-item'>\n\t\t\t\t<dt class='gallery-icon portrait'>\n\t\t\t\t\t<a class=\"rollover rollover-zoom dt-pswp-item\" title=\"TIB_Locandina_A3_Orso (1)\" data-dt-img-description=\"\" data-large_image_width=\"858\" data-large_image_height=\"1207\"href='https:\/\/www.radiopiu.net\/wordpress\/wp-content\/uploads\/2024\/11\/TIB_Locandina_A3_Orso-1.jpg'><img loading=\"lazy\" decoding=\"async\" width=\"150\" height=\"150\" src=\"https:\/\/www.radiopiu.net\/wordpress\/wp-content\/uploads\/2024\/11\/TIB_Locandina_A3_Orso-1-150x150.jpg\" class=\"attachment-thumbnail size-thumbnail\" alt=\"\" aria-describedby=\"gallery-2-420259\" \/><\/a>\n\t\t\t\t<\/dt>\n\t\t\t\t\t<dd class='wp-caption-text gallery-caption' id='gallery-2-420259'>\n\t\t\t\t\tDOMENICA A BELLUNO\n\t\t\t\t\t<\/dd><\/dl><dl class='gallery-item'>\n\t\t\t\t<dt class='gallery-icon portrait'>\n\t\t\t\t\t<a class=\"rollover rollover-zoom dt-pswp-item\" title=\"41f0eb19-6c8b-40db-a950-17a74dc36554\" data-dt-img-description=\"\" data-large_image_width=\"1131\" data-large_image_height=\"1600\"href='https:\/\/www.radiopiu.net\/wordpress\/wp-content\/uploads\/2024\/11\/41f0eb19-6c8b-40db-a950-17a74dc36554.jpg'><img loading=\"lazy\" decoding=\"async\" width=\"150\" height=\"150\" src=\"https:\/\/www.radiopiu.net\/wordpress\/wp-content\/uploads\/2024\/11\/41f0eb19-6c8b-40db-a950-17a74dc36554-150x150.jpg\" class=\"attachment-thumbnail size-thumbnail\" alt=\"\" aria-describedby=\"gallery-2-420248\" \/><\/a>\n\t\t\t\t<\/dt>\n\t\t\t\t\t<dd class='wp-caption-text gallery-caption' id='gallery-2-420248'>\n\t\t\t\t\tIL CONCERTO A CENCENIGHE\n\t\t\t\t\t<\/dd><\/dl><br style=\"clear: both\" \/><dl class='gallery-item'>\n\t\t\t\t<dt class='gallery-icon portrait'>\n\t\t\t\t\t<a class=\"rollover rollover-zoom dt-pswp-item\" title=\"Ciao Igor copia\" data-dt-img-description=\"\" data-large_image_width=\"453\" data-large_image_height=\"640\"href='https:\/\/www.radiopiu.net\/wordpress\/wp-content\/uploads\/2024\/11\/Ciao-Igor-copia.jpeg'><img loading=\"lazy\" decoding=\"async\" width=\"150\" height=\"150\" src=\"https:\/\/www.radiopiu.net\/wordpress\/wp-content\/uploads\/2024\/11\/Ciao-Igor-copia-150x150.jpeg\" class=\"attachment-thumbnail size-thumbnail\" alt=\"\" aria-describedby=\"gallery-2-419352\" \/><\/a>\n\t\t\t\t<\/dt>\n\t\t\t\t\t<dd class='wp-caption-text gallery-caption' id='gallery-2-419352'>\n\t\t\t\t\tIN MEMORIA DI IGOR\n\t\t\t\t\t<\/dd><\/dl><dl class='gallery-item'>\n\t\t\t\t<dt class='gallery-icon portrait'>\n\t\t\t\t\t<a class=\"rollover rollover-zoom dt-pswp-item\" title=\"formula_3_loc\" data-dt-img-description=\"\" data-large_image_width=\"600\" data-large_image_height=\"821\"href='https:\/\/www.radiopiu.net\/wordpress\/wp-content\/uploads\/2024\/11\/formula_3_loc.jpg'><img loading=\"lazy\" decoding=\"async\" width=\"150\" height=\"150\" src=\"https:\/\/www.radiopiu.net\/wordpress\/wp-content\/uploads\/2024\/11\/formula_3_loc-150x150.jpg\" class=\"attachment-thumbnail size-thumbnail\" alt=\"\" aria-describedby=\"gallery-2-419609\" \/><\/a>\n\t\t\t\t<\/dt>\n\t\t\t\t\t<dd class='wp-caption-text gallery-caption' id='gallery-2-419609'>\n\t\t\t\t\tI FORMULA 3 A BELLUNO\n\t\t\t\t\t<\/dd><\/dl><dl class='gallery-item'>\n\t\t\t\t<dt class='gallery-icon portrait'>\n\t\t\t\t\t<a class=\"rollover rollover-zoom dt-pswp-item\" title=\"Screenshot\" data-dt-img-description=\"\" data-large_image_width=\"1088\" data-large_image_height=\"1550\"href='https:\/\/www.radiopiu.net\/wordpress\/wp-content\/uploads\/2024\/11\/Cisl_ParlarePerSalvare_FlyerDigitale.jpg'><img loading=\"lazy\" decoding=\"async\" width=\"150\" height=\"150\" src=\"https:\/\/www.radiopiu.net\/wordpress\/wp-content\/uploads\/2024\/11\/Cisl_ParlarePerSalvare_FlyerDigitale-150x150.jpg\" class=\"attachment-thumbnail size-thumbnail\" alt=\"\" aria-describedby=\"gallery-2-420678\" \/><\/a>\n\t\t\t\t<\/dt>\n\t\t\t\t\t<dd class='wp-caption-text gallery-caption' id='gallery-2-420678'>\n\t\t\t\t\tScreenshot\n\t\t\t\t\t<\/dd><\/dl><dl class='gallery-item'>\n\t\t\t\t<dt class='gallery-icon portrait'>\n\t\t\t\t\t<a class=\"rollover rollover-zoom dt-pswp-item\" title=\"a33d4b1a-4183-4aeb-872d-b9ead0664bc8\" data-dt-img-description=\"\" data-large_image_width=\"905\" data-large_image_height=\"1280\"href='https:\/\/www.radiopiu.net\/wordpress\/wp-content\/uploads\/2024\/11\/a33d4b1a-4183-4aeb-872d-b9ead0664bc8.jpg'><img loading=\"lazy\" decoding=\"async\" width=\"150\" height=\"150\" src=\"https:\/\/www.radiopiu.net\/wordpress\/wp-content\/uploads\/2024\/11\/a33d4b1a-4183-4aeb-872d-b9ead0664bc8-150x150.jpg\" class=\"attachment-thumbnail size-thumbnail\" alt=\"\" aria-describedby=\"gallery-2-420564\" \/><\/a>\n\t\t\t\t<\/dt>\n\t\t\t\t\t<dd class='wp-caption-text gallery-caption' id='gallery-2-420564'>\n\t\t\t\t\tSABATO A BELLUNO\n\t\t\t\t\t<\/dd><\/dl><br style=\"clear: both\" \/><dl class='gallery-item'>\n\t\t\t\t<dt class='gallery-icon portrait'>\n\t\t\t\t\t<a class=\"rollover rollover-zoom dt-pswp-item\" title=\"76cccd40-0603-419e-97ce-c76a73bfea49\" data-dt-img-description=\"\" data-large_image_width=\"1131\" data-large_image_height=\"1600\"href='https:\/\/www.radiopiu.net\/wordpress\/wp-content\/uploads\/2024\/11\/76cccd40-0603-419e-97ce-c76a73bfea49.jpg'><img loading=\"lazy\" decoding=\"async\" width=\"150\" height=\"150\" src=\"https:\/\/www.radiopiu.net\/wordpress\/wp-content\/uploads\/2024\/11\/76cccd40-0603-419e-97ce-c76a73bfea49-150x150.jpg\" class=\"attachment-thumbnail size-thumbnail\" alt=\"\" \/><\/a>\n\t\t\t\t<\/dt><\/dl>\n\t\t\t\t<br style='clear: both' \/>\n\t\t\t<\/div>\n\n<\/div>\n<\/div>\n<\/div>\n<p>&nbsp;<\/p>\n<hr \/>\n<p>&nbsp;<\/p>\n<p class=\"mceTemp\"><a class=\"dt-pswp-item\" href=\"https:\/\/www.radiopiu.net\/wordpress\/wp-content\/uploads\/2018\/09\/WhatsApp-Image-2018-09-20-at-16.04.06.jpeg\" data-dt-img-description=\"\" data-large_image_width=\"800\" data-large_image_height=\"100\"><img loading=\"lazy\" decoding=\"async\" class=\"wp-image-61378 size-full aligncenter\" src=\"https:\/\/www.radiopiu.net\/wordpress\/wp-content\/uploads\/2018\/09\/WhatsApp-Image-2018-09-20-at-16.04.06.jpeg\" alt=\"\" width=\"800\" height=\"100\" srcset=\"https:\/\/www.radiopiu.net\/wordpress\/wp-content\/uploads\/2018\/09\/WhatsApp-Image-2018-09-20-at-16.04.06.jpeg 800w, https:\/\/www.radiopiu.net\/wordpress\/wp-content\/uploads\/2018\/09\/WhatsApp-Image-2018-09-20-at-16.04.06-300x38.jpeg 300w, https:\/\/www.radiopiu.net\/wordpress\/wp-content\/uploads\/2018\/09\/WhatsApp-Image-2018-09-20-at-16.04.06-768x96.jpeg 768w\" sizes=\"auto, (max-width: 800px) 100vw, 800px\" \/><\/a><\/p>\n<p><center><\/center><center><\/center><center><b>\u00a0<\/b><\/center><center><b>OGGI<\/b><\/center>Al mattino da soleggiato a parzialmente soleggiato per un graduale aumento della nuvolosit\u00e0 medio-alta fino a cielo coperto nel pomeriggio.<br \/>\n<b>Precipitazioni: <\/b>Al mattino assenti. Nel corso del pomeriggio aumento della probabilit\u00e0 fino a medio-alta di precipitazioni, specie dal tardo pomeriggio, da sparse a diffuse in genere di debole o al pi\u00f9 di moderata intensit\u00e0, nevose fino a fondovalle. A fine giornata gli accumuli di neve in tutti i fondovalle potranno essere significativi con la Valbelluna in gran parte imbiancata.<br \/>\n<b>Temperature: <\/b>In ulteriore diminuzione specie le massime su valori di stampo invernale e inferiori alla norma.<\/p>\n<hr \/>\n<p><center><b>DOMANI<\/b><\/center>Al mattino cielo irregolarmente nuvoloso con residui e modesti fenomeni nelle prime ore da sparsi a locali, nevosi fino a fondovalle; prime schiarite dopo l&#8217;alba con ampi rasserenamenti dalle ore centrali.<br \/>\n<b>Precipitazioni: <\/b>Al mattino possibili deboli fenomeni sparsi con deboli nevicate fino a fondovalle, dalle ore centrali precipitazioni assenti. Gli apporti nevosi previsti tra gioved\u00ec pomeriggio e venerd\u00ec mattina saranno tuttavia modesti e compresi tra i 5 e i 15 cm localmente fino a 20 cm oltre i 1500 m specie sulle Prealpi.<br \/>\n<b>Temperature: <\/b>In diminuzione specie le minime che saranno misurate ovunque a fine giornata, su valori ben inferiori alla norma; clima invernale.<\/p>\n<hr \/>\n<p><center><b>SABATO<\/b><\/center>Cielo sereno o poco nuvoloso per il transito di velature molto sottili con clima di stampo invernale. Temperature minime in calo anche sensibile nelle valli favorito dalla diffusa copertura nevosa, massime in contenuto aumento specie nelle valli su valori comunque al di sotto della norma.<\/p>\n<hr \/>\n<p><center><b>DOMENICA<\/b><\/center>Cielo sereno o poco nuvoloso per possibile transito di sottili nubi alte. Clima meno freddo rispetto a sabato a tutte le quote con temperature in sensibile aumento specie le minime e in alta montagna con un&#8217;importante accentuazione dell&#8217;inversione termica nelle valli nelle ore fredde localmente persistente in quelle chiuse poco soleggiate<\/p>\n<p>&nbsp;<\/p>\n<p>&nbsp;<\/p>\n<hr \/>\n<p>&nbsp;<\/p>\n<p>&nbsp;<\/p>\n<p class=\"mceTemp\"><a class=\"dt-pswp-item\" href=\"https:\/\/www.radiopiu.net\/wordpress\/wp-content\/uploads\/2018\/09\/sport.jpg\" data-dt-img-description=\"\" data-large_image_width=\"800\" data-large_image_height=\"100\"><img loading=\"lazy\" decoding=\"async\" class=\"aligncenter wp-image-60761 size-full\" src=\"https:\/\/www.radiopiu.net\/wordpress\/wp-content\/uploads\/2018\/09\/sport.jpg\" alt=\"\" width=\"800\" height=\"100\" srcset=\"https:\/\/www.radiopiu.net\/wordpress\/wp-content\/uploads\/2018\/09\/sport.jpg 800w, https:\/\/www.radiopiu.net\/wordpress\/wp-content\/uploads\/2018\/09\/sport-300x38.jpg 300w, https:\/\/www.radiopiu.net\/wordpress\/wp-content\/uploads\/2018\/09\/sport-768x96.jpg 768w\" sizes=\"auto, (max-width: 800px) 100vw, 800px\" \/><\/a><span style=\"color: #0000ff;\"><strong>\u00a0 \u00a0 \u00a0 \u00a0 \u00a0 \u00a0 \u00a0<\/strong><\/span><\/p>\n<p>&nbsp;<\/p>\n<p>&nbsp;<\/p>\n<h2><span style=\"color: #0000ff;\"><span style=\"color: #ff0000;\"><i>curling<\/i><\/span><\/span><\/h2>\n<blockquote>\n<h3>Curling, Europei 2024: l\u2019Italia femminile \u00e8 gi\u00e0 in semifinale, gli uomini battono la quotata Scozia<\/h3>\n<\/blockquote>\n<p><img loading=\"lazy\" decoding=\"async\" class=\"aligncenter\" src=\"https:\/\/www.radiopiu.net\/wordpress\/wp-content\/uploads\/2024\/11\/Zardini-Lacedelli-e-Mathis-Europei-Lohja-curling-2024-credit-WCF-e1732036577432.jpg\" width=\"332\" height=\"221\" \/><\/p>\n<p>&nbsp;<\/p>\n<p>La\u00a0<strong>squadra femminile<\/strong>\u00a0\u2013 formata da Stefania\u00a0<strong>Constantini<\/strong>\u00a0(Fiamme Oro), Giulia\u00a0<strong>Zardini Lacedelli<\/strong>\u00a0(C.C. Dolomiti), Elena Antonia\u00a0<strong>Mathis<\/strong>\u00a0(C.C. Dolomiti), Angela\u00a0<strong>Romei<\/strong>\u00a0(Fiamme Gialle) e Marta\u00a0<strong>Lo Deserto<\/strong>\u00a0(Fiamme Gialle) \u2013 \u00e8 arrivata alla giornata odierna con un bilancio di\u00a0<strong>quattro vittorie<\/strong>\u00a0e una sconfitta.<\/p>\n<p><strong>per le TRE RADIO LUCA DE MICHIEL<\/strong><\/p>\n<audio class=\"wp-audio-shortcode\" id=\"audio-420616-26\" preload=\"none\" style=\"width: 100%;\" controls=\"controls\"><source type=\"audio\/mpeg\" src=\"https:\/\/www.radiopiu.net\/wordpress\/wp-content\/uploads\/2024\/11\/CARLING-BARBARA-1.mp3?_=26\" \/><a href=\"https:\/\/www.radiopiu.net\/wordpress\/wp-content\/uploads\/2024\/11\/CARLING-BARBARA-1.mp3\">https:\/\/www.radiopiu.net\/wordpress\/wp-content\/uploads\/2024\/11\/CARLING-BARBARA-1.mp3<\/a><\/audio>\n<p>FOTO: World Curling Federation<\/p>\n<p>&nbsp;<\/p>\n<p>&nbsp;<\/p>\n<p><span style=\"color: #0000ff;\"><strong>HOCKEY SU GHIACCIO<\/strong><\/span><\/p>\n<blockquote>\n<h3>STAGIONE FINITA PER RICCARDO DELL&#8217;OSBEL<\/h3>\n<\/blockquote>\n<p><strong><a class=\"dt-pswp-item\" href=\"https:\/\/www.radiopiu.net\/wordpress\/wp-content\/uploads\/2024\/11\/96222cf3-fd4f-4f8b-b7f2-4f9b8092867c.jpg\" data-dt-img-description=\"\" data-large_image_width=\"1600\" data-large_image_height=\"1302\"><img loading=\"lazy\" decoding=\"async\" class=\" wp-image-420619 alignleft\" src=\"https:\/\/www.radiopiu.net\/wordpress\/wp-content\/uploads\/2024\/11\/96222cf3-fd4f-4f8b-b7f2-4f9b8092867c-300x244.jpg\" alt=\"\" width=\"140\" height=\"114\" srcset=\"https:\/\/www.radiopiu.net\/wordpress\/wp-content\/uploads\/2024\/11\/96222cf3-fd4f-4f8b-b7f2-4f9b8092867c-300x244.jpg 300w, https:\/\/www.radiopiu.net\/wordpress\/wp-content\/uploads\/2024\/11\/96222cf3-fd4f-4f8b-b7f2-4f9b8092867c-1024x833.jpg 1024w, https:\/\/www.radiopiu.net\/wordpress\/wp-content\/uploads\/2024\/11\/96222cf3-fd4f-4f8b-b7f2-4f9b8092867c-768x625.jpg 768w, https:\/\/www.radiopiu.net\/wordpress\/wp-content\/uploads\/2024\/11\/96222cf3-fd4f-4f8b-b7f2-4f9b8092867c-1536x1250.jpg 1536w, https:\/\/www.radiopiu.net\/wordpress\/wp-content\/uploads\/2024\/11\/96222cf3-fd4f-4f8b-b7f2-4f9b8092867c.jpg 1600w\" sizes=\"auto, (max-width: 140px) 100vw, 140px\" \/><\/a>DI ROBERTO MIANA, PORTAVOCE DELL&#8217;ALLEGHE HOCKEY<\/strong><\/p>\n<p>La Societ\u00e0 Alleghe Hockey, con immenso dispiacere, comunica che l\u2019attaccante Riccardo Dell\u2019Osbel, per questa stagione sportiva, non sar\u00e0 a disposizione di coach Surenkin a causa del persistere dei problemi fisici riscontrati nella passata stagione e che non sono tuttora risolti. La Societ\u00e0 augura a Riccardo di recuperare al meglio, per tornare nuovamente utile alla causa biancorossa nella prossima stagione.<\/p>\n<p>&nbsp;<\/p>\n<blockquote>\n<h3>ANCHE DUE ALLEGHESI NELLA RAPPRESENTATIVA VENETA DI HOCKEY FEMMINILE<\/h3>\n<\/blockquote>\n<p><strong><a class=\"dt-pswp-item\" href=\"https:\/\/www.radiopiu.net\/wordpress\/wp-content\/uploads\/2024\/11\/1-1-scaled-1.jpg\" data-dt-img-description=\"\" data-large_image_width=\"2560\" data-large_image_height=\"1340\"><img loading=\"lazy\" decoding=\"async\" class=\" wp-image-420624 alignleft\" src=\"https:\/\/www.radiopiu.net\/wordpress\/wp-content\/uploads\/2024\/11\/1-1-scaled-1-300x157.jpg\" alt=\"\" width=\"263\" height=\"138\" srcset=\"https:\/\/www.radiopiu.net\/wordpress\/wp-content\/uploads\/2024\/11\/1-1-scaled-1-300x157.jpg 300w, https:\/\/www.radiopiu.net\/wordpress\/wp-content\/uploads\/2024\/11\/1-1-scaled-1-1024x536.jpg 1024w, https:\/\/www.radiopiu.net\/wordpress\/wp-content\/uploads\/2024\/11\/1-1-scaled-1-768x402.jpg 768w, https:\/\/www.radiopiu.net\/wordpress\/wp-content\/uploads\/2024\/11\/1-1-scaled-1-1536x804.jpg 1536w, https:\/\/www.radiopiu.net\/wordpress\/wp-content\/uploads\/2024\/11\/1-1-scaled-1-2048x1072.jpg 2048w\" sizes=\"auto, (max-width: 263px) 100vw, 263px\" \/><\/a>REDAZIONE <\/strong>Il 9 e 10 novembre, al Palasesto di Sesto San Giovanni (MI), si \u00e8 svolto un evento sportivo di grande intensit\u00e0, organizzato dal Comitato Lombardia. A incrociare le stecche, quattro rappresentative: Lombardia+Piemonte, Trentino, Alto Adige e Veneto. Due giornate ricche di emozioni, durante le quali le atlete hanno dimostrato determinazione, affiatamento e notevoli capacit\u00e0 tecniche, regalando spettacolo e divertimento. Un segnale promettente per affrontare sfide ancora pi\u00f9 ambiziose in futuro. Nella rappresentativa Veneta allenata da Silvia Toffano ed Emma Cossalter anche due ragazze che arrivano dal vivaio dell&#8217;Alleghe Hockey: Stella Manfroi e Lucia Ronchi. (foto: FISG Veneto)<\/p>\n<p>&nbsp;<\/p>\n<p>&nbsp;<\/p>\n<p><span style=\"color: #0000ff;\"><strong>VOLLEY<\/strong><\/span><\/p>\n<blockquote>\n<h1>Belluno Volley: Marco Marzola \u00e8 il nuovo coach<\/h1>\n<\/blockquote>\n<p><strong>BELLUNO <\/strong>Marco Marzola sostituisce Matteo De Cecco sulla panchina del Belluno Volley dopo un avvio deludente in A3 con tre sconfitte in cinque partite. Il 39enne tecnico cesenate, ex allenatore di Motta di Livenza, promette di trasformare la squadra, lavorando su tattica, difesa e fiducia.<\/p>\n\n\t\t\t<style type='text\/css'>\n\t\t\t\t#gallery-3 {\n\t\t\t\t\tmargin: auto;\n\t\t\t\t}\n\t\t\t\t#gallery-3 .gallery-item {\n\t\t\t\t\tfloat: left;\n\t\t\t\t\tmargin-top: 10px;\n\t\t\t\t\ttext-align: center;\n\t\t\t\t\twidth: 33%;\n\t\t\t\t}\n\t\t\t\t#gallery-3 img {\n\t\t\t\t\tborder: 2px solid #cfcfcf;\n\t\t\t\t}\n\t\t\t\t#gallery-3 .gallery-caption {\n\t\t\t\t\tmargin-left: 0;\n\t\t\t\t}\n\t\t\t\t\/* see gallery_shortcode() in wp-includes\/media.php *\/\n\t\t\t<\/style>\n\t\t<div id='gallery-3' class='dt-gallery-container gallery galleryid-420616 gallery-columns-3 gallery-size-thumbnail'><dl class='gallery-item'>\n\t\t\t\t<dt class='gallery-icon landscape'>\n\t\t\t\t\t<a class=\"rollover rollover-zoom dt-pswp-item\" title=\"6c96fcb2-7d40-4150-bcb9-33d29e2b1478\" data-dt-img-description=\"\" data-large_image_width=\"2560\" data-large_image_height=\"1920\"href='https:\/\/www.radiopiu.net\/wordpress\/wp-content\/uploads\/2024\/11\/6c96fcb2-7d40-4150-bcb9-33d29e2b1478-scaled.jpg'><img loading=\"lazy\" decoding=\"async\" width=\"150\" height=\"150\" src=\"https:\/\/www.radiopiu.net\/wordpress\/wp-content\/uploads\/2024\/11\/6c96fcb2-7d40-4150-bcb9-33d29e2b1478-150x150.jpg\" class=\"attachment-thumbnail size-thumbnail\" alt=\"\" \/><\/a>\n\t\t\t\t<\/dt><\/dl><dl class='gallery-item'>\n\t\t\t\t<dt class='gallery-icon landscape'>\n\t\t\t\t\t<a class=\"rollover rollover-zoom dt-pswp-item\" title=\"0ece10b1-0435-4e75-bdf1-2d36fd3808f9\" data-dt-img-description=\"\" data-large_image_width=\"2560\" data-large_image_height=\"1920\"href='https:\/\/www.radiopiu.net\/wordpress\/wp-content\/uploads\/2024\/11\/0ece10b1-0435-4e75-bdf1-2d36fd3808f9-scaled.jpg'><img loading=\"lazy\" decoding=\"async\" width=\"150\" height=\"150\" src=\"https:\/\/www.radiopiu.net\/wordpress\/wp-content\/uploads\/2024\/11\/0ece10b1-0435-4e75-bdf1-2d36fd3808f9-150x150.jpg\" class=\"attachment-thumbnail size-thumbnail\" alt=\"\" \/><\/a>\n\t\t\t\t<\/dt><\/dl><dl class='gallery-item'>\n\t\t\t\t<dt class='gallery-icon landscape'>\n\t\t\t\t\t<a class=\"rollover rollover-zoom dt-pswp-item\" title=\"e281834c-1734-43ff-8981-c256cfaccffd\" data-dt-img-description=\"\" data-large_image_width=\"2560\" data-large_image_height=\"1920\"href='https:\/\/www.radiopiu.net\/wordpress\/wp-content\/uploads\/2024\/11\/e281834c-1734-43ff-8981-c256cfaccffd-scaled.jpg'><img loading=\"lazy\" decoding=\"async\" width=\"150\" height=\"150\" src=\"https:\/\/www.radiopiu.net\/wordpress\/wp-content\/uploads\/2024\/11\/e281834c-1734-43ff-8981-c256cfaccffd-150x150.jpg\" class=\"attachment-thumbnail size-thumbnail\" alt=\"\" \/><\/a>\n\t\t\t\t<\/dt><\/dl><br style=\"clear: both\" \/>\n\t\t\t<\/div>\n\n<p>DI DANIELE DALVIT<\/p>\n<audio class=\"wp-audio-shortcode\" id=\"audio-420616-27\" preload=\"none\" style=\"width: 100%;\" controls=\"controls\"><source type=\"audio\/mpeg\" src=\"https:\/\/www.radiopiu.net\/wordpress\/wp-content\/uploads\/2024\/11\/Servizio-Nuovo-coach-Belluno-Volley.mp3?_=27\" \/><a href=\"https:\/\/www.radiopiu.net\/wordpress\/wp-content\/uploads\/2024\/11\/Servizio-Nuovo-coach-Belluno-Volley.mp3\">https:\/\/www.radiopiu.net\/wordpress\/wp-content\/uploads\/2024\/11\/Servizio-Nuovo-coach-Belluno-Volley.mp3<\/a><\/audio>\n<p>&nbsp;<\/p>\n<p>&nbsp;<\/p>\n<p>&nbsp;<\/p>\n<hr \/>\n<div class=\"flex max-w-full flex-col flex-grow\">\n<div class=\"min-h-8 text-message flex w-full flex-col items-end gap-2 whitespace-normal break-words [.text-message+&amp;]:mt-5\" dir=\"auto\" data-message-author-role=\"assistant\" data-message-id=\"391930a1-f9a7-444c-9af9-7f5631f2179f\" data-message-model-slug=\"gpt-4o\">\n<div class=\"flex w-full flex-col gap-1 empty:hidden first:pt-[3px]\">\n<div class=\"markdown prose w-full break-words dark:prose-invert dark\">\n<p>&nbsp;<\/p>\n<\/div>\n<\/div>\n<\/div>\n<\/div>\n<h2><span style=\"color: #ffcc00;\">GOODBYE BY BICICLE&#8230;UN VIAGGIO DALL&#8217;INDIA A SEREN DEL GRAPPA IN BICICLETTA<\/span><\/h2>\n<p><span style=\"color: #ff0000;\"><strong>PUNTATA 37 &#8211; LA META E&#8217; SEMPRE PIU&#8217; VICINA<\/strong><\/span><\/p>\n<audio class=\"wp-audio-shortcode\" id=\"audio-420616-28\" preload=\"none\" style=\"width: 100%;\" controls=\"controls\"><source type=\"audio\/mpeg\" src=\"https:\/\/www.radiopiu.net\/wordpress\/wp-content\/uploads\/2024\/11\/AIRE-INDIA-PUNTATA-37.mp3?_=28\" \/><a href=\"https:\/\/www.radiopiu.net\/wordpress\/wp-content\/uploads\/2024\/11\/AIRE-INDIA-PUNTATA-37.mp3\">https:\/\/www.radiopiu.net\/wordpress\/wp-content\/uploads\/2024\/11\/AIRE-INDIA-PUNTATA-37.mp3<\/a><\/audio>\n<p>&nbsp;<\/p>\n<p><strong>PER VISITARE I SITI DEI LUOGHI VISITATI, CLICCA SULLE SEGUENTI SCRITTE: <span style=\"color: #3366ff;\"><a href=\"https:\/\/cameredaria.net\/\">CAMERE D&#8217;ARIA<\/a>\u00a0 \u00a0<a href=\"https:\/\/www.italiachecambia.org\/mappa\/casa-del-cuculo\/\">CASA DEL CUCULO<\/a>\u00a0 \u00a0<a href=\"https:\/\/www.comunitanuovomondo.org\/\">COMUNITA&#8217; NUOVO MONDO<\/a><\/span><\/strong><\/p>\n<p>&nbsp;<\/p>\n\n\t\t\t<style type='text\/css'>\n\t\t\t\t#gallery-4 {\n\t\t\t\t\tmargin: auto;\n\t\t\t\t}\n\t\t\t\t#gallery-4 .gallery-item {\n\t\t\t\t\tfloat: left;\n\t\t\t\t\tmargin-top: 10px;\n\t\t\t\t\ttext-align: center;\n\t\t\t\t\twidth: 20%;\n\t\t\t\t}\n\t\t\t\t#gallery-4 img {\n\t\t\t\t\tborder: 2px solid #cfcfcf;\n\t\t\t\t}\n\t\t\t\t#gallery-4 .gallery-caption {\n\t\t\t\t\tmargin-left: 0;\n\t\t\t\t}\n\t\t\t\t\/* see gallery_shortcode() in wp-includes\/media.php *\/\n\t\t\t<\/style>\n\t\t<div id='gallery-4' class='dt-gallery-container gallery galleryid-420616 gallery-columns-5 gallery-size-thumbnail'><dl class='gallery-item'>\n\t\t\t\t<dt class='gallery-icon landscape'>\n\t\t\t\t\t<a class=\"rollover rollover-zoom dt-pswp-item\" title=\"7e972483-fd6a-47fc-a9ab-622ddaffa969\" data-dt-img-description=\"\" data-large_image_width=\"1600\" data-large_image_height=\"1200\"href='https:\/\/www.radiopiu.net\/wordpress\/wp-content\/uploads\/2024\/11\/7e972483-fd6a-47fc-a9ab-622ddaffa969.jpg'><img loading=\"lazy\" decoding=\"async\" width=\"150\" height=\"150\" src=\"https:\/\/www.radiopiu.net\/wordpress\/wp-content\/uploads\/2024\/11\/7e972483-fd6a-47fc-a9ab-622ddaffa969-150x150.jpg\" class=\"attachment-thumbnail size-thumbnail\" alt=\"\" \/><\/a>\n\t\t\t\t<\/dt><\/dl><dl class='gallery-item'>\n\t\t\t\t<dt class='gallery-icon landscape'>\n\t\t\t\t\t<a class=\"rollover rollover-zoom dt-pswp-item\" title=\"b10c7fb3-a95e-4848-93bf-310a5ee03955\" data-dt-img-description=\"\" data-large_image_width=\"1600\" data-large_image_height=\"1200\"href='https:\/\/www.radiopiu.net\/wordpress\/wp-content\/uploads\/2024\/11\/b10c7fb3-a95e-4848-93bf-310a5ee03955.jpg'><img loading=\"lazy\" decoding=\"async\" width=\"150\" height=\"150\" src=\"https:\/\/www.radiopiu.net\/wordpress\/wp-content\/uploads\/2024\/11\/b10c7fb3-a95e-4848-93bf-310a5ee03955-150x150.jpg\" class=\"attachment-thumbnail size-thumbnail\" alt=\"\" \/><\/a>\n\t\t\t\t<\/dt><\/dl><dl class='gallery-item'>\n\t\t\t\t<dt class='gallery-icon landscape'>\n\t\t\t\t\t<a class=\"rollover rollover-zoom dt-pswp-item\" title=\"2ef1f2cb-d9a0-45ed-b967-fdba9f775049\" data-dt-img-description=\"\" data-large_image_width=\"1600\" data-large_image_height=\"1200\"href='https:\/\/www.radiopiu.net\/wordpress\/wp-content\/uploads\/2024\/11\/2ef1f2cb-d9a0-45ed-b967-fdba9f775049.jpg'><img loading=\"lazy\" decoding=\"async\" width=\"150\" height=\"150\" src=\"https:\/\/www.radiopiu.net\/wordpress\/wp-content\/uploads\/2024\/11\/2ef1f2cb-d9a0-45ed-b967-fdba9f775049-150x150.jpg\" class=\"attachment-thumbnail size-thumbnail\" alt=\"\" \/><\/a>\n\t\t\t\t<\/dt><\/dl><dl class='gallery-item'>\n\t\t\t\t<dt class='gallery-icon landscape'>\n\t\t\t\t\t<a class=\"rollover rollover-zoom dt-pswp-item\" title=\"13ac88bf-3a10-494b-ac08-9ba0cac4314c\" data-dt-img-description=\"\" data-large_image_width=\"1600\" data-large_image_height=\"1200\"href='https:\/\/www.radiopiu.net\/wordpress\/wp-content\/uploads\/2024\/11\/13ac88bf-3a10-494b-ac08-9ba0cac4314c.jpg'><img loading=\"lazy\" decoding=\"async\" width=\"150\" height=\"150\" src=\"https:\/\/www.radiopiu.net\/wordpress\/wp-content\/uploads\/2024\/11\/13ac88bf-3a10-494b-ac08-9ba0cac4314c-150x150.jpg\" class=\"attachment-thumbnail size-thumbnail\" alt=\"\" \/><\/a>\n\t\t\t\t<\/dt><\/dl><dl class='gallery-item'>\n\t\t\t\t<dt class='gallery-icon landscape'>\n\t\t\t\t\t<a class=\"rollover rollover-zoom dt-pswp-item\" title=\"7aecf17b-b326-404b-97f9-a76d4abcd4ae\" data-dt-img-description=\"\" data-large_image_width=\"1600\" data-large_image_height=\"1200\"href='https:\/\/www.radiopiu.net\/wordpress\/wp-content\/uploads\/2024\/11\/7aecf17b-b326-404b-97f9-a76d4abcd4ae.jpg'><img loading=\"lazy\" decoding=\"async\" width=\"150\" height=\"150\" src=\"https:\/\/www.radiopiu.net\/wordpress\/wp-content\/uploads\/2024\/11\/7aecf17b-b326-404b-97f9-a76d4abcd4ae-150x150.jpg\" class=\"attachment-thumbnail size-thumbnail\" alt=\"\" \/><\/a>\n\t\t\t\t<\/dt><\/dl><br style=\"clear: both\" \/>\n\t\t\t<\/div>\n\n<p>&nbsp;<\/p>\n<h2>LA RACCOLTA COMPLETA <a href=\"https:\/\/www.radiopiu.net\/wordpress\/goodbye-by-bicicle-un-viaggio-dallindia-a-seren-del-grappa-in-bicicletta-37\/\"><span style=\"color: #3366ff;\">CLICCA QUI<\/span><\/a><\/h2>\n<p>&nbsp;<\/p>\n","protected":false},"excerpt":{"rendered":"<p>***** &nbsp; LA\u00a0 APP PER IOS-IPHONE di Nicola Vettorello https:\/\/apps.apple.com\/it\/app\/radio-pi%C3%B9-emittente-agordina\/id1515939845 LA\u00a0 APP RADIO\u00a0 PER ANDROID di Nicola Vettorello https:\/\/play.google.com\/store\/apps\/details?id=net.radiopiu.iniko\u00a0\u00a0\u00a0 &nbsp; &nbsp; &nbsp; OGGI ALLA RADIO&#8230;. ALLE 4 E ALLE 6 LE NOTIZIE DALL&#8217;ITALIA E DAL MONDO 0500 l&#8217;almanacco della nostra gente con il MUSLA\u00a0 6.15 PIROLE DE LENGA A CURA DEL MUSLA 7.20 EL BAL&hellip;<\/p>\n","protected":false},"author":4,"featured_media":420777,"comment_status":"closed","ping_status":"closed","sticky":false,"template":"","format":"standard","meta":{"_monsterinsights_skip_tracking":false,"_monsterinsights_sitenote_active":false,"_monsterinsights_sitenote_note":"","_monsterinsights_sitenote_category":0,"footnotes":""},"categories":[51,86,49],"tags":[],"class_list":["post-420616","post","type-post","status-publish","format-standard","has-post-thumbnail","hentry","category-evidenza-top","category-gr","category-news-18","category-51","category-86","category-49","description-off"],"img_url":"https:\/\/www.radiopiu.net\/wordpress\/wp-content\/uploads\/2024\/11\/Senza-nome-87.png","_links":{"self":[{"href":"https:\/\/www.radiopiu.net\/wordpress\/wp-json\/wp\/v2\/posts\/420616","targetHints":{"allow":["GET"]}}],"collection":[{"href":"https:\/\/www.radiopiu.net\/wordpress\/wp-json\/wp\/v2\/posts"}],"about":[{"href":"https:\/\/www.radiopiu.net\/wordpress\/wp-json\/wp\/v2\/types\/post"}],"author":[{"embeddable":true,"href":"https:\/\/www.radiopiu.net\/wordpress\/wp-json\/wp\/v2\/users\/4"}],"replies":[{"embeddable":true,"href":"https:\/\/www.radiopiu.net\/wordpress\/wp-json\/wp\/v2\/comments?post=420616"}],"version-history":[{"count":27,"href":"https:\/\/www.radiopiu.net\/wordpress\/wp-json\/wp\/v2\/posts\/420616\/revisions"}],"predecessor-version":[{"id":420821,"href":"https:\/\/www.radiopiu.net\/wordpress\/wp-json\/wp\/v2\/posts\/420616\/revisions\/420821"}],"wp:featuredmedia":[{"embeddable":true,"href":"https:\/\/www.radiopiu.net\/wordpress\/wp-json\/wp\/v2\/media\/420777"}],"wp:attachment":[{"href":"https:\/\/www.radiopiu.net\/wordpress\/wp-json\/wp\/v2\/media?parent=420616"}],"wp:term":[{"taxonomy":"category","embeddable":true,"href":"https:\/\/www.radiopiu.net\/wordpress\/wp-json\/wp\/v2\/categories?post=420616"},{"taxonomy":"post_tag","embeddable":true,"href":"https:\/\/www.radiopiu.net\/wordpress\/wp-json\/wp\/v2\/tags?post=420616"}],"curies":[{"name":"wp","href":"https:\/\/api.w.org\/{rel}","templated":true}]}}