{"id":420668,"date":"2024-11-21T05:20:31","date_gmt":"2024-11-21T04:20:31","guid":{"rendered":"https:\/\/www.radiopiu.net\/wordpress\/?p=420668"},"modified":"2024-11-21T05:39:51","modified_gmt":"2024-11-21T04:39:51","slug":"superate-le-250-firme-per-lilluminazione-pubblica-di-belluno","status":"publish","type":"post","link":"https:\/\/www.radiopiu.net\/wordpress\/superate-le-250-firme-per-lilluminazione-pubblica-di-belluno\/","title":{"rendered":"SUPERATE LE 250 FIRME PER L&#8217;ILLUMINAZIONE PUBBLICA DI BELLUNO"},"content":{"rendered":"<p>******<\/p>\n<p>&nbsp;<\/p>\n<p><strong><a class=\"dt-pswp-item\" href=\"https:\/\/www.radiopiu.net\/wordpress\/wp-content\/uploads\/2023\/05\/SIAMO-BELLUNO.png\" data-dt-img-description=\"\" data-large_image_width=\"750\" data-large_image_height=\"484\"><img loading=\"lazy\" decoding=\"async\" class=\" wp-image-336800 alignleft\" src=\"https:\/\/www.radiopiu.net\/wordpress\/wp-content\/uploads\/2023\/05\/SIAMO-BELLUNO-300x194.png\" alt=\"\" width=\"193\" height=\"125\" srcset=\"https:\/\/www.radiopiu.net\/wordpress\/wp-content\/uploads\/2023\/05\/SIAMO-BELLUNO-300x194.png 300w, https:\/\/www.radiopiu.net\/wordpress\/wp-content\/uploads\/2023\/05\/SIAMO-BELLUNO.png 750w\" sizes=\"auto, (max-width: 193px) 100vw, 193px\" \/><\/a>BELLUNO <\/strong>Ha gi\u00e0 superato quota 250 sottoscrizioni la raccolta firme promossa dal laboratorio politico SiAmo Belluno per chiedere all&#8217;amministrazione comunale di Belluno \u2013 attraverso una petizione popolare &#8211; la riaccensione dell&#8217;illuminazione pubblica nelle ore notturne, Il conteggio riguarda solo le firme raccolte ai gazebo promossi dall&#8217;organizzazione nel corso del mercato cittadino settimanale del 9 e del 16 novembre; a queste, si aggiungeranno quelle in fase di raccolta in diverse attivit\u00e0 del centro storico e della citt\u00e0. SiAmo Belluno torner\u00e0 in piazza, dopo un weekend di pausa, nella mattina di sabato 30 novembre e lo far\u00e0 con un doppio appuntamento, nella tradizionale location di Piazza dei Martiri, dalle 9.00 alle 13.00.<\/p>\n<p><strong>BIAGIO GIANNONE<\/strong><\/p>\n<audio class=\"wp-audio-shortcode\" id=\"audio-420668-1\" preload=\"none\" style=\"width: 100%;\" controls=\"controls\"><source type=\"audio\/mpeg\" src=\"https:\/\/www.radiopiu.net\/wordpress\/wp-content\/uploads\/2024\/11\/2024.11.20-AUDIO-Raccolta-firme-per-lilluminazione-pubblica-gia-superata-quota-250.doc.mp3?_=1\" \/><a href=\"https:\/\/www.radiopiu.net\/wordpress\/wp-content\/uploads\/2024\/11\/2024.11.20-AUDIO-Raccolta-firme-per-lilluminazione-pubblica-gia-superata-quota-250.doc.mp3\">https:\/\/www.radiopiu.net\/wordpress\/wp-content\/uploads\/2024\/11\/2024.11.20-AUDIO-Raccolta-firme-per-lilluminazione-pubblica-gia-superata-quota-250.doc.mp3<\/a><\/audio>\n<p>&nbsp;<\/p>\n<p>&nbsp;<\/p>\n<p>******<\/p>\n","protected":false},"excerpt":{"rendered":"<p>****** &nbsp; BELLUNO Ha gi\u00e0 superato quota 250 sottoscrizioni la raccolta firme promossa dal laboratorio politico SiAmo Belluno per chiedere all&#8217;amministrazione comunale di Belluno \u2013 attraverso una petizione popolare &#8211; la riaccensione dell&#8217;illuminazione pubblica nelle ore notturne, Il conteggio riguarda solo le firme raccolte ai gazebo promossi dall&#8217;organizzazione nel corso del mercato cittadino settimanale del&hellip;<\/p>\n","protected":false},"author":4,"featured_media":336800,"comment_status":"closed","ping_status":"closed","sticky":false,"template":"","format":"standard","meta":{"_monsterinsights_skip_tracking":false,"_monsterinsights_sitenote_active":false,"_monsterinsights_sitenote_note":"","_monsterinsights_sitenote_category":0,"footnotes":""},"categories":[51,49],"tags":[],"class_list":["post-420668","post","type-post","status-publish","format-standard","has-post-thumbnail","hentry","category-evidenza-top","category-news-18","category-51","category-49","description-off"],"img_url":"https:\/\/www.radiopiu.net\/wordpress\/wp-content\/uploads\/2023\/05\/SIAMO-BELLUNO.png","_links":{"self":[{"href":"https:\/\/www.radiopiu.net\/wordpress\/wp-json\/wp\/v2\/posts\/420668","targetHints":{"allow":["GET"]}}],"collection":[{"href":"https:\/\/www.radiopiu.net\/wordpress\/wp-json\/wp\/v2\/posts"}],"about":[{"href":"https:\/\/www.radiopiu.net\/wordpress\/wp-json\/wp\/v2\/types\/post"}],"author":[{"embeddable":true,"href":"https:\/\/www.radiopiu.net\/wordpress\/wp-json\/wp\/v2\/users\/4"}],"replies":[{"embeddable":true,"href":"https:\/\/www.radiopiu.net\/wordpress\/wp-json\/wp\/v2\/comments?post=420668"}],"version-history":[{"count":3,"href":"https:\/\/www.radiopiu.net\/wordpress\/wp-json\/wp\/v2\/posts\/420668\/revisions"}],"predecessor-version":[{"id":420676,"href":"https:\/\/www.radiopiu.net\/wordpress\/wp-json\/wp\/v2\/posts\/420668\/revisions\/420676"}],"wp:featuredmedia":[{"embeddable":true,"href":"https:\/\/www.radiopiu.net\/wordpress\/wp-json\/wp\/v2\/media\/336800"}],"wp:attachment":[{"href":"https:\/\/www.radiopiu.net\/wordpress\/wp-json\/wp\/v2\/media?parent=420668"}],"wp:term":[{"taxonomy":"category","embeddable":true,"href":"https:\/\/www.radiopiu.net\/wordpress\/wp-json\/wp\/v2\/categories?post=420668"},{"taxonomy":"post_tag","embeddable":true,"href":"https:\/\/www.radiopiu.net\/wordpress\/wp-json\/wp\/v2\/tags?post=420668"}],"curies":[{"name":"wp","href":"https:\/\/api.w.org\/{rel}","templated":true}]}}