{"id":420700,"date":"2024-11-21T05:23:13","date_gmt":"2024-11-21T04:23:13","guid":{"rendered":"https:\/\/www.radiopiu.net\/wordpress\/?p=420700"},"modified":"2024-11-21T05:41:57","modified_gmt":"2024-11-21T04:41:57","slug":"poste-italiane-e-il-precariato-sistematico","status":"publish","type":"post","link":"https:\/\/www.radiopiu.net\/wordpress\/poste-italiane-e-il-precariato-sistematico\/","title":{"rendered":"Poste Italiane e il precariato sistematico"},"content":{"rendered":"<p>***<\/p>\n<blockquote><p><strong><a class=\"dt-pswp-item\" href=\"https:\/\/www.radiopiu.net\/wordpress\/wp-content\/uploads\/2024\/11\/InCollage_20241120_155710198-1.jpg\" data-dt-img-description=\"\" data-large_image_width=\"2048\" data-large_image_height=\"1536\"><img loading=\"lazy\" decoding=\"async\" class=\"size-medium wp-image-420699 alignleft\" src=\"https:\/\/www.radiopiu.net\/wordpress\/wp-content\/uploads\/2024\/11\/InCollage_20241120_155710198-1-300x225.jpg\" alt=\"\" width=\"300\" height=\"225\" srcset=\"https:\/\/www.radiopiu.net\/wordpress\/wp-content\/uploads\/2024\/11\/InCollage_20241120_155710198-1-300x225.jpg 300w, https:\/\/www.radiopiu.net\/wordpress\/wp-content\/uploads\/2024\/11\/InCollage_20241120_155710198-1-1024x768.jpg 1024w, https:\/\/www.radiopiu.net\/wordpress\/wp-content\/uploads\/2024\/11\/InCollage_20241120_155710198-1-768x576.jpg 768w, https:\/\/www.radiopiu.net\/wordpress\/wp-content\/uploads\/2024\/11\/InCollage_20241120_155710198-1-1536x1152.jpg 1536w, https:\/\/www.radiopiu.net\/wordpress\/wp-content\/uploads\/2024\/11\/InCollage_20241120_155710198-1.jpg 2048w\" sizes=\"auto, (max-width: 300px) 100vw, 300px\" \/><\/a><\/strong><\/p><\/blockquote>\n<div class=\"flex max-w-full flex-col flex-grow\">\n<div class=\"min-h-8 text-message flex w-full flex-col items-end gap-2 whitespace-normal break-words [.text-message+&amp;]:mt-5\" dir=\"auto\" data-message-author-role=\"assistant\" data-message-id=\"f855e482-1532-4072-9b91-f2fdcd73a6d8\" data-message-model-slug=\"gpt-4o\">\n<div class=\"flex w-full flex-col gap-1 empty:hidden first:pt-[3px]\">\n<div class=\"markdown prose w-full break-words dark:prose-invert dark\">\n<p>Poste Italiane, con 120mila dipendenti, \u00e8 il maggior datore di lavoro in Italia, ma il precariato resta una piaga. Molti lavoratori sono assunti con contratti brevi, spesso non prorogati oltre un anno e per il lavoratore significa mancata stabilizzazione. Dal 2017, 90mila giovani sono stati impiegati a termine, ma solo 12.500 hanno ottenuto contratti stabili fanno sapere da Roma Carmine Pascale, Sara Ludovisi e\u00a0 Andrea Fasano del\u00a0<strong>Direttivo Mov. Lottiamo Insieme.<\/strong> Portalettere e addetti allo smistamento restano le categorie pi\u00f9 colpite, operando in condizioni spesso sfruttanti. Una normativa pi\u00f9 giusta \u00e8 necessaria per garantire diritti e sicurezza ai lavoratori. (mm)<\/p>\n<\/div>\n<\/div>\n<\/div>\n<\/div>\n<p>&nbsp;<\/p>\n<p>&nbsp;<\/p>\n<p>&nbsp;<\/p>\n<hr \/>\n<p>&nbsp;<\/p>\n","protected":false},"excerpt":{"rendered":"<p>*** Poste Italiane, con 120mila dipendenti, \u00e8 il maggior datore di lavoro in Italia, ma il precariato resta una piaga. Molti lavoratori sono assunti con contratti brevi, spesso non prorogati oltre un anno e per il lavoratore significa mancata stabilizzazione. Dal 2017, 90mila giovani sono stati impiegati a termine, ma solo 12.500 hanno ottenuto contratti&hellip;<\/p>\n","protected":false},"author":4,"featured_media":420699,"comment_status":"closed","ping_status":"closed","sticky":false,"template":"","format":"standard","meta":{"_monsterinsights_skip_tracking":false,"_monsterinsights_sitenote_active":false,"_monsterinsights_sitenote_note":"","_monsterinsights_sitenote_category":0,"footnotes":""},"categories":[51,49],"tags":[],"class_list":["post-420700","post","type-post","status-publish","format-standard","has-post-thumbnail","hentry","category-evidenza-top","category-news-18","category-51","category-49","description-off"],"img_url":"https:\/\/www.radiopiu.net\/wordpress\/wp-content\/uploads\/2024\/11\/InCollage_20241120_155710198-1.jpg","_links":{"self":[{"href":"https:\/\/www.radiopiu.net\/wordpress\/wp-json\/wp\/v2\/posts\/420700","targetHints":{"allow":["GET"]}}],"collection":[{"href":"https:\/\/www.radiopiu.net\/wordpress\/wp-json\/wp\/v2\/posts"}],"about":[{"href":"https:\/\/www.radiopiu.net\/wordpress\/wp-json\/wp\/v2\/types\/post"}],"author":[{"embeddable":true,"href":"https:\/\/www.radiopiu.net\/wordpress\/wp-json\/wp\/v2\/users\/4"}],"replies":[{"embeddable":true,"href":"https:\/\/www.radiopiu.net\/wordpress\/wp-json\/wp\/v2\/comments?post=420700"}],"version-history":[{"count":1,"href":"https:\/\/www.radiopiu.net\/wordpress\/wp-json\/wp\/v2\/posts\/420700\/revisions"}],"predecessor-version":[{"id":420701,"href":"https:\/\/www.radiopiu.net\/wordpress\/wp-json\/wp\/v2\/posts\/420700\/revisions\/420701"}],"wp:featuredmedia":[{"embeddable":true,"href":"https:\/\/www.radiopiu.net\/wordpress\/wp-json\/wp\/v2\/media\/420699"}],"wp:attachment":[{"href":"https:\/\/www.radiopiu.net\/wordpress\/wp-json\/wp\/v2\/media?parent=420700"}],"wp:term":[{"taxonomy":"category","embeddable":true,"href":"https:\/\/www.radiopiu.net\/wordpress\/wp-json\/wp\/v2\/categories?post=420700"},{"taxonomy":"post_tag","embeddable":true,"href":"https:\/\/www.radiopiu.net\/wordpress\/wp-json\/wp\/v2\/tags?post=420700"}],"curies":[{"name":"wp","href":"https:\/\/api.w.org\/{rel}","templated":true}]}}