{"id":420703,"date":"2024-11-21T05:27:37","date_gmt":"2024-11-21T04:27:37","guid":{"rendered":"https:\/\/www.radiopiu.net\/wordpress\/?p=420703"},"modified":"2024-11-21T05:41:48","modified_gmt":"2024-11-21T04:41:48","slug":"meteo-fase-di-attenzione-per-neve-su-veneto","status":"publish","type":"post","link":"https:\/\/www.radiopiu.net\/wordpress\/meteo-fase-di-attenzione-per-neve-su-veneto\/","title":{"rendered":"Meteo: fase di attenzione per neve su Veneto"},"content":{"rendered":"<p>***<\/p>\n<div class=\"flex max-w-full flex-col flex-grow\">\n<div class=\"min-h-8 text-message flex w-full flex-col items-end gap-2 whitespace-normal break-words [.text-message+&amp;]:mt-5\" dir=\"auto\" data-message-author-role=\"assistant\" data-message-id=\"abc87836-44ce-42b7-8d1c-bc751b0e2caf\" data-message-model-slug=\"gpt-4o\">\n<div class=\"flex w-full flex-col gap-1 empty:hidden first:pt-[3px]\">\n<div class=\"markdown prose w-full break-words dark:prose-invert dark\">\n<p>Dichiarata la fase di attenzione per nevicate in Veneto, valida dalle 16 di gioved\u00ec 21 novembre alle 6 di venerd\u00ec 22. Le previsioni indicano deboli precipitazioni con neve fino a 200-500 metri, accumuli di 1-5 cm nei fondovalle prealpini, pedemontana e colline. In pianura prevale la pioggia, con possibili episodi di neve mista, senza accumuli significativi. Il Centro Funzionale Decentrato monitorer\u00e0 l\u2019intensit\u00e0 dei fenomeni, pronti a passare a preallarme o allarme in caso di necessit\u00e0. Attesi disagi su strade e viabilit\u00e0, specialmente nelle aree collinari e pedemontane.<\/p>\n<\/div>\n<\/div>\n<\/div>\n<\/div>\n<div class=\"mb-2 flex gap-3 empty:hidden -ml-2\">\n<div class=\"items-center justify-start rounded-xl p-1 flex\">\n<div class=\"flex items-center\"><button class=\"rounded-lg text-token-text-secondary hover:bg-token-main-surface-secondary\" aria-label=\"Read aloud\" data-testid=\"voice-play-turn-action-button\"><\/button><button class=\"rounded-lg text-token-text-secondary hover:bg-token-main-surface-secondary\" aria-label=\"Copia\" data-testid=\"copy-turn-action-button\"><\/button><\/p>\n<div class=\"flex\"><\/div>\n<div class=\"flex items-center pb-0\"><span class=\"overflow-hidden text-clip whitespace-nowrap text-sm\">4o<\/span><\/div>\n<\/div>\n<\/div>\n<\/div>\n","protected":false},"excerpt":{"rendered":"<p>*** Dichiarata la fase di attenzione per nevicate in Veneto, valida dalle 16 di gioved\u00ec 21 novembre alle 6 di venerd\u00ec 22. Le previsioni indicano deboli precipitazioni con neve fino a 200-500 metri, accumuli di 1-5 cm nei fondovalle prealpini, pedemontana e colline. In pianura prevale la pioggia, con possibili episodi di neve mista, senza&hellip;<\/p>\n","protected":false},"author":4,"featured_media":57488,"comment_status":"closed","ping_status":"closed","sticky":false,"template":"","format":"standard","meta":{"_monsterinsights_skip_tracking":false,"_monsterinsights_sitenote_active":false,"_monsterinsights_sitenote_note":"","_monsterinsights_sitenote_category":0,"footnotes":""},"categories":[51,49],"tags":[],"class_list":["post-420703","post","type-post","status-publish","format-standard","has-post-thumbnail","hentry","category-evidenza-top","category-news-18","category-51","category-49","description-off"],"img_url":"https:\/\/www.radiopiu.net\/wordpress\/wp-content\/uploads\/2018\/08\/instabilita.jpg","_links":{"self":[{"href":"https:\/\/www.radiopiu.net\/wordpress\/wp-json\/wp\/v2\/posts\/420703","targetHints":{"allow":["GET"]}}],"collection":[{"href":"https:\/\/www.radiopiu.net\/wordpress\/wp-json\/wp\/v2\/posts"}],"about":[{"href":"https:\/\/www.radiopiu.net\/wordpress\/wp-json\/wp\/v2\/types\/post"}],"author":[{"embeddable":true,"href":"https:\/\/www.radiopiu.net\/wordpress\/wp-json\/wp\/v2\/users\/4"}],"replies":[{"embeddable":true,"href":"https:\/\/www.radiopiu.net\/wordpress\/wp-json\/wp\/v2\/comments?post=420703"}],"version-history":[{"count":1,"href":"https:\/\/www.radiopiu.net\/wordpress\/wp-json\/wp\/v2\/posts\/420703\/revisions"}],"predecessor-version":[{"id":420704,"href":"https:\/\/www.radiopiu.net\/wordpress\/wp-json\/wp\/v2\/posts\/420703\/revisions\/420704"}],"wp:featuredmedia":[{"embeddable":true,"href":"https:\/\/www.radiopiu.net\/wordpress\/wp-json\/wp\/v2\/media\/57488"}],"wp:attachment":[{"href":"https:\/\/www.radiopiu.net\/wordpress\/wp-json\/wp\/v2\/media?parent=420703"}],"wp:term":[{"taxonomy":"category","embeddable":true,"href":"https:\/\/www.radiopiu.net\/wordpress\/wp-json\/wp\/v2\/categories?post=420703"},{"taxonomy":"post_tag","embeddable":true,"href":"https:\/\/www.radiopiu.net\/wordpress\/wp-json\/wp\/v2\/tags?post=420703"}],"curies":[{"name":"wp","href":"https:\/\/api.w.org\/{rel}","templated":true}]}}