{"id":420755,"date":"2024-11-21T05:25:23","date_gmt":"2024-11-21T04:25:23","guid":{"rendered":"https:\/\/www.radiopiu.net\/wordpress\/?p=420755"},"modified":"2024-11-21T05:39:06","modified_gmt":"2024-11-21T04:39:06","slug":"dillo-a-radio-piu-q","status":"publish","type":"post","link":"https:\/\/www.radiopiu.net\/wordpress\/dillo-a-radio-piu-q\/","title":{"rendered":"DILLO A RADIO PIU &#8220;QUANDO LA NECESSITA&#8217; DI SVINCOLARSI DALLA NEVE E&#8217; NECESSARIA&#8221;"},"content":{"rendered":"<p>***<\/p>\n<p>&nbsp;<\/p>\n<div class=\"group\/conversation-turn relative flex w-full min-w-0 flex-col agent-turn\">\n<div class=\"flex-col gap-1 md:gap-3\">\n<div class=\"flex max-w-full flex-col flex-grow\">\n<div class=\"min-h-8 text-message flex w-full flex-col items-end gap-2 whitespace-normal break-words [.text-message+&amp;]:mt-5\" dir=\"auto\" data-message-author-role=\"assistant\" data-message-id=\"c95abc93-7e7d-4bc0-a6b1-09d4457cef93\" data-message-model-slug=\"gpt-4o\">\n<div class=\"flex w-full flex-col gap-1 empty:hidden first:pt-[3px]\">\n<div class=\"markdown prose w-full break-words dark:prose-invert dark\">\n<blockquote><p><strong>Cancellato il progetto del centro wellness ad Arabba<\/strong><\/p><\/blockquote>\n<p>La cancellazione del centro wellness di Arabba \u00e8 un duro colpo per il turismo montano secondo Nevio che insiste sulla necessit\u00e0 di diversificarsi dalla neve. Manca una struttura di medie dimensioni per attrarre clientela qualificata.<\/p>\n<\/div>\n<div class=\"flex-shrink-0 flex flex-col relative items-end\">\n<div>\n<div class=\"pt-0\">\n<div class=\"gizmo-bot-avatar flex h-8 w-8 items-center justify-center overflow-hidden rounded-full\">Riceviamo e pubblichiamo<\/div>\n<div><\/div>\n<\/div>\n<\/div>\n<\/div>\n<div class=\"group\/conversation-turn relative flex w-full min-w-0 flex-col agent-turn\">\n<div class=\"flex-col gap-1 md:gap-3\">\n<div class=\"flex max-w-full flex-col flex-grow\">\n<div class=\"min-h-8 text-message flex w-full flex-col items-end gap-2 whitespace-normal break-words [.text-message+&amp;]:mt-5\" dir=\"auto\" data-message-author-role=\"assistant\" data-message-id=\"c95abc93-7e7d-4bc0-a6b1-09d4457cef93\" data-message-model-slug=\"gpt-4o\">\n<div class=\"flex w-full flex-col gap-1 empty:hidden first:pt-[3px]\">\n<div class=\"markdown prose w-full break-words dark:prose-invert dark\">\n<p><img loading=\"lazy\" decoding=\"async\" class=\"alignleft\" src=\"https:\/\/www.radiopiu.net\/wordpress\/wp-content\/uploads\/2024\/11\/woman-936549_1280.jpg\" width=\"255\" height=\"166\" \/>leggo con dispiacere della cancellazione del progetto del centro wellness di Arabba, in un periodo in cui \u00e8 palese che per il turismo di montagna la necessit\u00e0 di svincolarsi dalla neve \u00e8 prioritaria. La mancanza di infrastrutture di medie dimensioni, che necessitano comunque di interventi pubblici per la realizzazione, \u00e8 un divario non indifferente per attrarre una tipologia di clientela, che cerca servizi di un certo livello. Speriamo almeno che una struttura simile possa avere un futuro in zona di Agordo, magari collegata alla piscina per bilanciare alcune spese fisse. Un politico agordino, al tempo degli ultimi grandi lavori alla piscina mi disse: &#8220;non \u00e8 compito dei comuni realizzare strutture del genere&#8221;, chiss\u00e0 se la pensa ancora cos\u00ec. Oltretutto le ultime soluzioni progettuali permettono di modulare la fruibilit\u00e0, quindi i costi, per la piena stagione ed i periodi di magra. Attendiamo fiduciosi, intanto lasciamo che turisti e bellunesi portino denaro altrove. \u00a0Siamo indietro di 15 anni, allora avevamo l&#8217;attenuante che solo i &#8220;vicini&#8221; avevano le disponibilit\u00e0 economiche per aprire una nuova strada che poteva essere un flop, problemi che comunque alcuni centri hanno rischiato, ma ora abbiamo la possibilit\u00e0 di attingere da varie esperienze di sostenibilit\u00e0 economica ed abbiamo anche il bacino di possibili utenti provenienti da Luxottica che, secondo me, non aspettano altro che avere un servizio di questo tipo.<\/p>\n<\/div>\n<p>Nevio<\/p>\n<p>___<\/p>\n<\/div>\n<\/div>\n<\/div>\n<\/div>\n<\/div>\n<\/div>\n<\/div>\n<\/div>\n<\/div>\n<\/div>\n<p>&nbsp;<\/p>\n<blockquote>\n<h1>CENTRO WELLNESS DI ARABBA: ROTTAMATO<\/h1>\n<\/blockquote>\n<p><strong><a class=\"dt-pswp-item\" href=\"https:\/\/www.radiopiu.net\/wordpress\/wp-content\/uploads\/2022\/10\/310122743_498244062313104_3169098356255353643_n.jpg\" data-dt-img-description=\"\" data-large_image_width=\"720\" data-large_image_height=\"540\"><img loading=\"lazy\" decoding=\"async\" class=\"wp-image-301505 alignleft\" src=\"https:\/\/www.radiopiu.net\/wordpress\/wp-content\/uploads\/2022\/10\/310122743_498244062313104_3169098356255353643_n-300x225.jpg\" alt=\"\" width=\"161\" height=\"121\" srcset=\"https:\/\/www.radiopiu.net\/wordpress\/wp-content\/uploads\/2022\/10\/310122743_498244062313104_3169098356255353643_n-300x225.jpg 300w, https:\/\/www.radiopiu.net\/wordpress\/wp-content\/uploads\/2022\/10\/310122743_498244062313104_3169098356255353643_n.jpg 720w\" sizes=\"auto, (max-width: 161px) 100vw, 161px\" \/><\/a>LIVINALLONGO<\/strong><\/p>\n<p><strong>DI LORENZO SORATROI<\/strong><\/p>\n<audio class=\"wp-audio-shortcode\" id=\"audio-420755-1\" preload=\"none\" style=\"width: 100%;\" controls=\"controls\"><source type=\"audio\/mpeg\" src=\"https:\/\/www.radiopiu.net\/wordpress\/wp-content\/uploads\/2024\/11\/lorenzo-arabba.mp3?_=1\" \/><a href=\"https:\/\/www.radiopiu.net\/wordpress\/wp-content\/uploads\/2024\/11\/lorenzo-arabba.mp3\">https:\/\/www.radiopiu.net\/wordpress\/wp-content\/uploads\/2024\/11\/lorenzo-arabba.mp3<\/a><\/audio>\n<p>&nbsp;<\/p>\n<hr \/>\n<p>&nbsp;<\/p>\n<p><strong>ARCHIVIO RADIOPIU 10 MAGGIO 2023<\/strong><\/p>\n<blockquote><p><strong>UN NUOVO CENTRO WELLNESS AD ARABBA\u00a0<\/strong><\/p><\/blockquote>\n<p><strong><a class=\"dt-pswp-item\" href=\"https:\/\/www.radiopiu.net\/wordpress\/wp-content\/uploads\/2023\/05\/zona-nuovo-centro-wellness-Arabba.jpg\" data-dt-img-description=\"\" data-large_image_width=\"1469\" data-large_image_height=\"1011\"><img loading=\"lazy\" decoding=\"async\" class=\"size-medium wp-image-335064 alignleft\" src=\"https:\/\/www.radiopiu.net\/wordpress\/wp-content\/uploads\/2023\/05\/zona-nuovo-centro-wellness-Arabba-300x206.jpg\" alt=\"\" width=\"300\" height=\"206\" srcset=\"https:\/\/www.radiopiu.net\/wordpress\/wp-content\/uploads\/2023\/05\/zona-nuovo-centro-wellness-Arabba-300x206.jpg 300w, https:\/\/www.radiopiu.net\/wordpress\/wp-content\/uploads\/2023\/05\/zona-nuovo-centro-wellness-Arabba-1024x705.jpg 1024w, https:\/\/www.radiopiu.net\/wordpress\/wp-content\/uploads\/2023\/05\/zona-nuovo-centro-wellness-Arabba-768x529.jpg 768w, https:\/\/www.radiopiu.net\/wordpress\/wp-content\/uploads\/2023\/05\/zona-nuovo-centro-wellness-Arabba.jpg 1469w\" sizes=\"auto, (max-width: 300px) 100vw, 300px\" \/><\/a>LIVINALLONGO<\/strong><\/p>\n<p>di Lorenzo Soratroi<\/p>\n<p>(nella foto la zona dove nascer\u00e0 il Centro Wellness)<\/p>\n<audio class=\"wp-audio-shortcode\" id=\"audio-420755-2\" preload=\"none\" style=\"width: 100%;\" controls=\"controls\"><source type=\"audio\/mpeg\" src=\"https:\/\/www.radiopiu.net\/wordpress\/wp-content\/uploads\/2023\/05\/SORATROI-CENTRO-WELLNESS-ARABBA.mp3?_=2\" \/><a href=\"https:\/\/www.radiopiu.net\/wordpress\/wp-content\/uploads\/2023\/05\/SORATROI-CENTRO-WELLNESS-ARABBA.mp3\">https:\/\/www.radiopiu.net\/wordpress\/wp-content\/uploads\/2023\/05\/SORATROI-CENTRO-WELLNESS-ARABBA.mp3<\/a><\/audio>\n<p>&nbsp;<\/p>\n<p>&nbsp;<\/p>\n<p>&nbsp;<\/p>\n<p>___<\/p>\n","protected":false},"excerpt":{"rendered":"<p>*** &nbsp; Cancellato il progetto del centro wellness ad Arabba La cancellazione del centro wellness di Arabba \u00e8 un duro colpo per il turismo montano secondo Nevio che insiste sulla necessit\u00e0 di diversificarsi dalla neve. Manca una struttura di medie dimensioni per attrarre clientela qualificata. Riceviamo e pubblichiamo leggo con dispiacere della cancellazione del progetto&hellip;<\/p>\n","protected":false},"author":4,"featured_media":420756,"comment_status":"closed","ping_status":"closed","sticky":false,"template":"","format":"standard","meta":{"_monsterinsights_skip_tracking":false,"_monsterinsights_sitenote_active":false,"_monsterinsights_sitenote_note":"","_monsterinsights_sitenote_category":0,"footnotes":""},"categories":[51,49],"tags":[],"class_list":["post-420755","post","type-post","status-publish","format-standard","has-post-thumbnail","hentry","category-evidenza-top","category-news-18","category-51","category-49","description-off"],"img_url":"https:\/\/www.radiopiu.net\/wordpress\/wp-content\/uploads\/2024\/11\/woman-936549_1280.jpg","_links":{"self":[{"href":"https:\/\/www.radiopiu.net\/wordpress\/wp-json\/wp\/v2\/posts\/420755","targetHints":{"allow":["GET"]}}],"collection":[{"href":"https:\/\/www.radiopiu.net\/wordpress\/wp-json\/wp\/v2\/posts"}],"about":[{"href":"https:\/\/www.radiopiu.net\/wordpress\/wp-json\/wp\/v2\/types\/post"}],"author":[{"embeddable":true,"href":"https:\/\/www.radiopiu.net\/wordpress\/wp-json\/wp\/v2\/users\/4"}],"replies":[{"embeddable":true,"href":"https:\/\/www.radiopiu.net\/wordpress\/wp-json\/wp\/v2\/comments?post=420755"}],"version-history":[{"count":2,"href":"https:\/\/www.radiopiu.net\/wordpress\/wp-json\/wp\/v2\/posts\/420755\/revisions"}],"predecessor-version":[{"id":420759,"href":"https:\/\/www.radiopiu.net\/wordpress\/wp-json\/wp\/v2\/posts\/420755\/revisions\/420759"}],"wp:featuredmedia":[{"embeddable":true,"href":"https:\/\/www.radiopiu.net\/wordpress\/wp-json\/wp\/v2\/media\/420756"}],"wp:attachment":[{"href":"https:\/\/www.radiopiu.net\/wordpress\/wp-json\/wp\/v2\/media?parent=420755"}],"wp:term":[{"taxonomy":"category","embeddable":true,"href":"https:\/\/www.radiopiu.net\/wordpress\/wp-json\/wp\/v2\/categories?post=420755"},{"taxonomy":"post_tag","embeddable":true,"href":"https:\/\/www.radiopiu.net\/wordpress\/wp-json\/wp\/v2\/tags?post=420755"}],"curies":[{"name":"wp","href":"https:\/\/api.w.org\/{rel}","templated":true}]}}