{"id":420776,"date":"2024-11-22T05:41:04","date_gmt":"2024-11-22T04:41:04","guid":{"rendered":"https:\/\/www.radiopiu.net\/wordpress\/?p=420776"},"modified":"2024-11-22T08:58:36","modified_gmt":"2024-11-22T07:58:36","slug":"giornale-radiopiu-22-novembre-2024-direttore-mirko-mezzacasada-41-anni-25-giugno-1983-25-giugno-2024","status":"publish","type":"post","link":"https:\/\/www.radiopiu.net\/wordpress\/giornale-radiopiu-22-novembre-2024-direttore-mirko-mezzacasada-41-anni-25-giugno-1983-25-giugno-2024\/","title":{"rendered":"GIORNALE RADIOPIU 22 NOVEMBRE 2024 DIRETTORE MIRKO MEZZACASA\u2026DA 41 ANNI 25 GIUGNO 1983-25 GIUGNO 2024"},"content":{"rendered":"<p>*****<\/p>\n<h2><strong>Dal canale di Veneto Strade <img decoding=\"async\" class=\"emoji emoji-image\" src=\"https:\/\/web.telegram.org\/k\/assets\/img\/emoji\/1f328.png\" alt=\"&#x1f328;&#xfe0f;\" \/> Situazione Meteo nel Bellunese <img decoding=\"async\" class=\"emoji emoji-image\" src=\"https:\/\/web.telegram.org\/k\/assets\/img\/emoji\/1f328.png\" alt=\"&#x1f328;&#xfe0f;\" \/> Tutto sotto controllo! <img decoding=\"async\" class=\"emoji emoji-image\" src=\"https:\/\/web.telegram.org\/k\/assets\/img\/emoji\/1f6a6.png\" alt=\"&#x1f6a6;\" \/> La neve ha raggiunto le strade fino a 800 m. <img decoding=\"async\" class=\"emoji emoji-image\" src=\"https:\/\/web.telegram.org\/k\/assets\/img\/emoji\/2744.png\" alt=\"&#x2744;&#xfe0f;\" \/> Sui passi, sono accumulati circa 10 cm. Guidate con prudenza e rimanete aggiornati! <img decoding=\"async\" class=\"emoji emoji-image\" src=\"https:\/\/web.telegram.org\/k\/assets\/img\/emoji\/1f697.png\" alt=\"&#x1f697;\" \/><img decoding=\"async\" class=\"emoji emoji-image\" src=\"https:\/\/web.telegram.org\/k\/assets\/img\/emoji\/1f4a8.png\" alt=\"&#x1f4a8;\" \/><\/strong><\/h2>\n<h2><\/h2>\n<h2>VALLE DEL BIOIS se desmonteghea: &#8220;<em>Eravamo presenti alle celebrazioni della Madonna della Salute, nella bella chiesetta a lei dedicata a Caviola <\/em>Una ricorrenza molto sentita nella nostra Valle a cui il Gruppo Folk ha voluto rendere omaggio. Riconoscenti perch\u00e9 la salute \u00e9 tra i beni pi\u00f9 preziosi che abbiamo&#8221;.<\/h2>\n<h2><\/h2>\n<p><a class=\"dt-pswp-item\" href=\"https:\/\/www.radiopiu.net\/wordpress\/wp-content\/uploads\/2024\/11\/467621444_890496496543345_3810569279574869334_n.jpg\" data-dt-img-description=\"\" data-large_image_width=\"720\" data-large_image_height=\"540\"><img loading=\"lazy\" decoding=\"async\" class=\"size-medium wp-image-420984 aligncenter\" src=\"https:\/\/www.radiopiu.net\/wordpress\/wp-content\/uploads\/2024\/11\/467621444_890496496543345_3810569279574869334_n-300x225.jpg\" alt=\"\" width=\"300\" height=\"225\" srcset=\"https:\/\/www.radiopiu.net\/wordpress\/wp-content\/uploads\/2024\/11\/467621444_890496496543345_3810569279574869334_n-300x225.jpg 300w, https:\/\/www.radiopiu.net\/wordpress\/wp-content\/uploads\/2024\/11\/467621444_890496496543345_3810569279574869334_n.jpg 720w\" sizes=\"auto, (max-width: 300px) 100vw, 300px\" \/><\/a><\/p>\n<p>&nbsp;<\/p>\n<div dir=\"auto\"><\/div>\n<p>&nbsp;<\/p>\n<p><em><span style=\"color: #ff0000;\"><a class=\"dt-pswp-item\" href=\"https:\/\/www.radiopiu.net\/wordpress\/wp-content\/uploads\/2024\/10\/Senza-nome-8.png\" data-dt-img-description=\"\" data-large_image_width=\"343\" data-large_image_height=\"303\"><img loading=\"lazy\" decoding=\"async\" class=\"wp-image-412130 alignleft\" src=\"https:\/\/www.radiopiu.net\/wordpress\/wp-content\/uploads\/2024\/10\/Senza-nome-8-300x265.png\" alt=\"\" width=\"105\" height=\"93\" srcset=\"https:\/\/www.radiopiu.net\/wordpress\/wp-content\/uploads\/2024\/10\/Senza-nome-8-300x265.png 300w, https:\/\/www.radiopiu.net\/wordpress\/wp-content\/uploads\/2024\/10\/Senza-nome-8.png 343w\" sizes=\"auto, (max-width: 105px) 100vw, 105px\" \/><\/a><\/span><\/em><strong><em><span style=\"color: #ff0000;\"> LA\u00a0 APP PER IOS-IPHONE di Nicola Vettorello<\/span><\/em><\/strong><\/p>\n<p><strong><span style=\"color: #0000ff;\"><a style=\"color: #0000ff;\" href=\"https:\/\/apps.apple.com\/it\/app\/radio-pi%C3%B9-emittente-agordina\/id1515939845\">https:\/\/apps.apple.com\/it\/app\/radio-pi%C3%B9-emittente-agordina\/id1515939845<\/a><\/span><\/strong><\/p>\n<p><strong><em style=\"color: #ff0000;\">LA\u00a0 APP RADIO\u00a0 PER ANDROID di Nicola Vettorello<\/em><\/strong><\/p>\n<p><strong><span style=\"color: #0000ff;\"><a style=\"color: #0000ff;\" href=\"https:\/\/play.google.com\/store\/apps\/details?id=net.radiopiu.iniko\" target=\"_blank\" rel=\"noopener noreferrer\">https:\/\/<\/a><a style=\"color: #0000ff;\" href=\"https:\/\/play.google.com\/store\/apps\/details?id=net.radiopiu.iniko\" target=\"_blank\" rel=\"noopener noreferrer\">play.google.com\/store\/apps\/details?id=net.radiopiu.iniko\u00a0\u00a0\u00a0<\/a><\/span><\/strong><\/p>\n<p>&nbsp;<\/p>\n<p>&nbsp;<\/p>\n<hr \/>\n<p>&nbsp;<\/p>\n<p><strong><a class=\"dt-pswp-item\" href=\"https:\/\/www.radiopiu.net\/wordpress\/wp-content\/uploads\/2024\/11\/418024097_394567929958268_1555868685856711732_n.jpg\" data-dt-img-description=\"\" data-large_image_width=\"640\" data-large_image_height=\"641\"><img loading=\"lazy\" decoding=\"async\" class=\" wp-image-420946 alignleft\" src=\"https:\/\/www.radiopiu.net\/wordpress\/wp-content\/uploads\/2024\/11\/418024097_394567929958268_1555868685856711732_n-300x300.jpg\" alt=\"\" width=\"191\" height=\"191\" srcset=\"https:\/\/www.radiopiu.net\/wordpress\/wp-content\/uploads\/2024\/11\/418024097_394567929958268_1555868685856711732_n-300x300.jpg 300w, https:\/\/www.radiopiu.net\/wordpress\/wp-content\/uploads\/2024\/11\/418024097_394567929958268_1555868685856711732_n-150x150.jpg 150w, https:\/\/www.radiopiu.net\/wordpress\/wp-content\/uploads\/2024\/11\/418024097_394567929958268_1555868685856711732_n.jpg 640w\" sizes=\"auto, (max-width: 191px) 100vw, 191px\" \/><\/a>OGGI ALLA RADIO&#8230;.<\/strong> <span style=\"color: #ff0000;\">ALLE 4 E ALLE 6<\/span> LE NOTIZIE DALL&#8217;ITALIA E DAL MONDO <span style=\"color: #ff0000;\"> 0500 <span style=\"color: #0000ff;\"><span style=\"color: #000000;\">l&#8217;almanacco della nostra gente con il MUSLA<\/span>\u00a0<\/span><\/span><span style=\"color: #ff0000;\"> 6.15<\/span> PIROLE DE LENGA A CURA DEL MUSLA <span style=\"color: #ff0000;\">7.20<\/span> EL BAL DEL FIORI, DETTI E TRADIZIONI DI GIULIANA DA RONCH <span style=\"color: #ff0000;\">8.05<\/span> LA RASSEGNA STAMPA LOCALE<span style=\"color: #ff0000;\"> 8.30 <span style=\"color: #000000;\">PIU&#8217; SIAMO CON MARINA DONA&#8217;<\/span><span style=\"color: #000000;\">\u00a0\u00a0<\/span> 900 <\/span><span style=\"color: #000000;\">premier di marco gaz le novit\u00e0 discografiche alla radio<span style=\"color: #ff0000;\"> 9.35<\/span> la musica anni ottanta di MONICA FONTANIVE <\/span><span style=\"color: #0000ff;\"><span style=\"color: #000000;\">\u00a0<\/span><\/span><span style=\"color: #ff0000;\"><span style=\"color: #000000;\">\u00a0<\/span><\/span><span style=\"color: #ff0000;\">9.40<\/span> VIABILITA&#8217; CON BOTOL CAR SERVICE (AGORDO-SEDICO-FELTRE) <span style=\"color: #ff0000;\">10 10<\/span> MUSLA, LE NOVE IN LADIN CON JAQUELINE DA SELVA (FOTO) <span style=\"color: #ff0000;\">10.30\u00a0<\/span><span style=\"color: #ff0000;\"><span style=\"color: #000000;\">\u00a0 SERATE D&#8217;INVERNO CON GLI AMICI DEI MINERARI, OGGI PRIMO APPUNTAMENTO CON DANILO GIORDANO <\/span><\/span>\u00a0<span style=\"color: #ff0000;\">10.50<\/span> SCUOLA APERTA, CONOSCIAMO L&#8217;OFFERTA SCOLASTICA DEL FOLLADOR DE ROSSI, QUARTA PUNTATA <span style=\"color: #ff0000;\">11.10<\/span> miky e marina&#8230; da NEVEGAL TOUR il venerdi mattina alla radio <span style=\"color: #ff0000;\">11.40<\/span> FESTIVALBAR STORY DI ATHOS DJ DAVID BEN\u00a0 \u00a0 <span style=\"color: #ff0000;\">12.00<\/span> VA TUTTO LISCIO\u00a0 <span style=\"color: #ff0000;\">12.30<\/span> GIORNALE RADIO PRINCIPALE <span style=\"color: #ff0000;\">13 10<\/span> AL CINEMA DOLOMITI DI FALCADE&#8230; CON PAOLA LANCIATO\u00a0 \u00a0<span style=\"color: #ff0000;\">13.20<\/span> FOGLIE E CASTAGNE DI MARINA DONA&#8217; <span style=\"color: #ff0000;\">\u00a0<\/span><span style=\"color: #ff0000;\">14.20 <\/span><span style=\"color: #ff0000;\"><span style=\"color: #000000;\">\u00a0MARINA E ATHOS, MUSIC ABC&#8230;LA NUOVA PUNTATA <\/span>\u00a015.10 WEEK END MARINA C&#8217;E&#8217; <\/span>\u00a0\u00a0<span style=\"color: #ff0000;\">16.10<\/span> IL ROCK DI MARCO COSTANTINI <span style=\"color: #ff0000;\">16.45<\/span> LE HIT DI MIRCO BENCIVENNI <span style=\"color: #ff0000;\">18.00<\/span> PIU&#8217; DANCE LE SELEZIONI CHE FANNO SALTARE DI DJ JACK, JACOPO DEL TEDESCO <span style=\"color: #ff0000;\">19.00 <span style=\"color: #000000;\">LE ANTICIPAZIONI DAL TG DI ANTENNA 3 DI TIZIANA BOLOGNANI\u00a0 \u00a0<span style=\"color: #ff0000;\">1920<\/span> SCUOLA APERTA, CONOSCIAMO L&#8217;OFFERTA SCOLASTICA DEL FOLLADOR DE ROSSI, QUARTA PUNTATA<\/span><\/span><\/p>\n<p>&nbsp;<\/p>\n<p><strong>rassegna stampa nazionale,<\/strong> ogni giorno alle 5 e alle 6 del mattino<br \/>\ngiornali locali 7 rassegna stampa flash, 8 rassegna stampa, gr flash alle 10 e alle 11, principale 12.30. Informazione pomeriggio alle 15 (speciale) 16, 17, 18. Giornale radio nazionale: ogni ora dalle 5 del mattino, alle 20 della sera.<\/p>\n<p>&nbsp;<\/p>\n<p>&nbsp;<\/p>\n<hr \/>\n<p>&nbsp;<\/p>\n<p>&nbsp;<\/p>\n<div class=\"x11i5rnm xat24cr x1mh8g0r x1vvkbs xtlvy1s x126k92a\">\n<div dir=\"auto\">\n<div dir=\"auto\">\n<p><strong><a class=\"dt-pswp-item\" href=\"https:\/\/www.radiopiu.net\/wordpress\/wp-content\/uploads\/2024\/02\/2d44e751-d8a8-461b-8e22-d8e4e853b032.jpg\" data-dt-img-description=\"\" data-large_image_width=\"1600\" data-large_image_height=\"1200\"><img loading=\"lazy\" decoding=\"async\" class=\"wp-image-373307 alignleft\" src=\"https:\/\/www.radiopiu.net\/wordpress\/wp-content\/uploads\/2024\/02\/2d44e751-d8a8-461b-8e22-d8e4e853b032-300x225.jpg\" alt=\"\" width=\"105\" height=\"79\" srcset=\"https:\/\/www.radiopiu.net\/wordpress\/wp-content\/uploads\/2024\/02\/2d44e751-d8a8-461b-8e22-d8e4e853b032-300x225.jpg 300w, https:\/\/www.radiopiu.net\/wordpress\/wp-content\/uploads\/2024\/02\/2d44e751-d8a8-461b-8e22-d8e4e853b032-1024x768.jpg 1024w, https:\/\/www.radiopiu.net\/wordpress\/wp-content\/uploads\/2024\/02\/2d44e751-d8a8-461b-8e22-d8e4e853b032-768x576.jpg 768w, https:\/\/www.radiopiu.net\/wordpress\/wp-content\/uploads\/2024\/02\/2d44e751-d8a8-461b-8e22-d8e4e853b032-1536x1152.jpg 1536w, https:\/\/www.radiopiu.net\/wordpress\/wp-content\/uploads\/2024\/02\/2d44e751-d8a8-461b-8e22-d8e4e853b032.jpg 1600w\" sizes=\"auto, (max-width: 105px) 100vw, 105px\" \/><\/a>EL BAL DEL FIOR, DI GIULIANA DA RONCH, 22 NOVEMBRE<\/strong><strong>\u00a02024<\/strong><\/p>\n<\/div>\n<\/div>\n<\/div>\n<div><\/div>\n<div>\n<audio class=\"wp-audio-shortcode\" id=\"audio-420776-1\" preload=\"none\" style=\"width: 100%;\" controls=\"controls\"><source type=\"audio\/mpeg\" src=\"https:\/\/www.radiopiu.net\/wordpress\/wp-content\/uploads\/2024\/11\/GVE-2.mp3?_=1\" \/><a href=\"https:\/\/www.radiopiu.net\/wordpress\/wp-content\/uploads\/2024\/11\/GVE-2.mp3\">https:\/\/www.radiopiu.net\/wordpress\/wp-content\/uploads\/2024\/11\/GVE-2.mp3<\/a><\/audio>\n<p>&nbsp;<\/p>\n<\/div>\n<hr \/>\n<p>&nbsp;<\/p>\n<p>&nbsp;<\/p>\n<div class=\"x11i5rnm xat24cr x1mh8g0r x1vvkbs xtlvy1s x126k92a\">\n<h1><span style=\"color: #ff0000;\"><a class=\"dt-pswp-item\" href=\"https:\/\/www.radiopiu.net\/wordpress\/wp-content\/uploads\/2024\/06\/th-5.jpg\" data-dt-img-description=\"\" data-large_image_width=\"326\" data-large_image_height=\"180\"><img loading=\"lazy\" decoding=\"async\" class=\"size-medium wp-image-395881 alignleft\" src=\"https:\/\/www.radiopiu.net\/wordpress\/wp-content\/uploads\/2024\/06\/th-5-300x166.jpg\" alt=\"\" width=\"300\" height=\"166\" srcset=\"https:\/\/www.radiopiu.net\/wordpress\/wp-content\/uploads\/2024\/06\/th-5-300x166.jpg 300w, https:\/\/www.radiopiu.net\/wordpress\/wp-content\/uploads\/2024\/06\/th-5.jpg 326w\" sizes=\"auto, (max-width: 300px) 100vw, 300px\" \/><\/a><\/span><\/h1>\n<h1><\/h1>\n<h1><\/h1>\n<h1><span style=\"color: #000000;\">22 NOVEMBRE&#8230; alla radio l&#8217;almanacco\u00a0<\/span><\/h1>\n<\/div>\n<div class=\"x11i5rnm xat24cr x1mh8g0r x1vvkbs xtlvy1s x126k92a\">\n<audio class=\"wp-audio-shortcode\" id=\"audio-420776-2\" preload=\"none\" style=\"width: 100%;\" controls=\"controls\"><source type=\"audio\/mpeg\" src=\"https:\/\/www.radiopiu.net\/wordpress\/wp-content\/uploads\/2024\/11\/ALMANACCONEW-17.mp3?_=2\" \/><a href=\"https:\/\/www.radiopiu.net\/wordpress\/wp-content\/uploads\/2024\/11\/ALMANACCONEW-17.mp3\">https:\/\/www.radiopiu.net\/wordpress\/wp-content\/uploads\/2024\/11\/ALMANACCONEW-17.mp3<\/a><\/audio>\n<p>&nbsp;<\/p>\n<p>&nbsp;<\/p>\n<hr \/>\n<p>&nbsp;<\/p>\n<p>&nbsp;<\/p>\n<blockquote>\n<h1><strong><a class=\"dt-pswp-item\" href=\"https:\/\/www.radiopiu.net\/wordpress\/wp-content\/uploads\/2024\/10\/629301fd-708d-4f53-95c2-d28cbefd500f.jpg\" data-dt-img-description=\"\" data-large_image_width=\"1600\" data-large_image_height=\"1322\"><img loading=\"lazy\" decoding=\"async\" class=\"wp-image-413782 alignleft\" src=\"https:\/\/www.radiopiu.net\/wordpress\/wp-content\/uploads\/2024\/10\/629301fd-708d-4f53-95c2-d28cbefd500f-300x248.jpg\" alt=\"\" width=\"186\" height=\"154\" srcset=\"https:\/\/www.radiopiu.net\/wordpress\/wp-content\/uploads\/2024\/10\/629301fd-708d-4f53-95c2-d28cbefd500f-300x248.jpg 300w, https:\/\/www.radiopiu.net\/wordpress\/wp-content\/uploads\/2024\/10\/629301fd-708d-4f53-95c2-d28cbefd500f-1024x846.jpg 1024w, https:\/\/www.radiopiu.net\/wordpress\/wp-content\/uploads\/2024\/10\/629301fd-708d-4f53-95c2-d28cbefd500f-768x635.jpg 768w, https:\/\/www.radiopiu.net\/wordpress\/wp-content\/uploads\/2024\/10\/629301fd-708d-4f53-95c2-d28cbefd500f-1536x1269.jpg 1536w, https:\/\/www.radiopiu.net\/wordpress\/wp-content\/uploads\/2024\/10\/629301fd-708d-4f53-95c2-d28cbefd500f.jpg 1600w\" sizes=\"auto, (max-width: 186px) 100vw, 186px\" \/><\/a>N di parom &#8211; L Almanach de la nosta jent<\/strong><\/h1>\n<\/blockquote>\n<p>Le voci: Davide Conedera, Agordo, Michela Dell&#8217;Osbel, La Valle Agordina Simone Ganz, Falcade Veronica Lezuo, Colle Santa Lucia. La voce nella sigla \u00e8 di Giorgia Taio<\/p>\n<p><strong>LA PUNTATA DI OGGI, 22 NOVEMBRE<\/strong><\/p>\n<div>\n<audio class=\"wp-audio-shortcode\" id=\"audio-420776-3\" preload=\"none\" style=\"width: 100%;\" controls=\"controls\"><source type=\"audio\/mpeg\" src=\"https:\/\/www.radiopiu.net\/wordpress\/wp-content\/uploads\/2024\/11\/22_november_2024_Michela.mp3?_=3\" \/><a href=\"https:\/\/www.radiopiu.net\/wordpress\/wp-content\/uploads\/2024\/11\/22_november_2024_Michela.mp3\">https:\/\/www.radiopiu.net\/wordpress\/wp-content\/uploads\/2024\/11\/22_november_2024_Michela.mp3<\/a><\/audio>\n<\/div>\n<\/div>\n<div class=\"x11i5rnm xat24cr x1mh8g0r x1vvkbs xtlvy1s x126k92a\">\n<p>&nbsp;<\/p>\n<div dir=\"auto\">\n<hr \/>\n<\/div>\n<\/div>\n<blockquote>\n<blockquote>\n<h1><span style=\"color: #ff0000;\">\u00a0<\/span><\/h1>\n<h1><span style=\"color: #ff0000;\">I podcast informativi del mattino &#8211; audio &#8211;\u00a0\u00a0<\/span><\/h1>\n<\/blockquote>\n<p><strong><a class=\"dt-pswp-item\" href=\"https:\/\/www.radiopiu.net\/wordpress\/wp-content\/uploads\/2024\/11\/6.jpg\" data-dt-img-description=\"\" data-large_image_width=\"177\" data-large_image_height=\"180\"><img loading=\"lazy\" decoding=\"async\" class=\"size-full wp-image-417911 alignleft\" src=\"https:\/\/www.radiopiu.net\/wordpress\/wp-content\/uploads\/2024\/11\/6.jpg\" alt=\"\" width=\"177\" height=\"180\" \/><\/a>LA RASSEGNA STAMPA NAZIONALE ALLA RADIO, OGNI GIORNO ALLE 5 E ALLE 6 DEL MATTINO <span style=\"color: #0000ff;\">viene pubblicata alle 6.00 <span style=\"color: #ff0000;\">DIRETTA RADIO\u00a0 \u00a0\u00a0<\/span><\/span><\/strong><\/p><\/blockquote>\n<p>&nbsp;<\/p>\n<p><strong>NOTIZIE DELLA NOTTE<\/strong><\/p>\n<p><strong>Esecuzione in Alabama<\/strong>, la terza per inalazione di azoto <strong>Borsa:<\/strong> Tokyo, apertura in rialzo (+0,52%) <strong>Biden<\/strong>, &#8216;mandati di arresto Cpi scandalosi&#8217; <strong>Trump<\/strong> nomina Bondi ministro della giustizia <strong>Vermiglio<\/strong> ammesso alla corsa all&#8217;Oscar <strong>Casa Bianca<\/strong>,\u00e8 la Russia che ha provocato l&#8217;escalation in Ucraina <strong>Crosetto,<\/strong> sentenza Cpi sbagliata, ma dovremmo applicarla <strong>Nuovi scontri<\/strong> alla Sapienza tra collettivi-studenti destra<\/p>\n<h2>AUDIO dalle 6 del mattino<\/h2>\n<audio class=\"wp-audio-shortcode\" id=\"audio-420776-4\" preload=\"none\" style=\"width: 100%;\" controls=\"controls\"><source type=\"audio\/mpeg\" src=\"https:\/\/www.radiopiu.net\/wordpress\/wp-content\/uploads\/2024\/11\/GIORNALEDELLESEI-15.mp3?_=4\" \/><a href=\"https:\/\/www.radiopiu.net\/wordpress\/wp-content\/uploads\/2024\/11\/GIORNALEDELLESEI-15.mp3\">https:\/\/www.radiopiu.net\/wordpress\/wp-content\/uploads\/2024\/11\/GIORNALEDELLESEI-15.mp3<\/a><\/audio>\n<p>&nbsp;<\/p>\n<p>&nbsp;<\/p>\n<p>&nbsp;<\/p>\n<hr \/>\n<p>&nbsp;<\/p>\n<h1 style=\"text-align: center;\"><span style=\"color: #ff0000;\"><a class=\"dt-pswp-item\" href=\"https:\/\/www.radiopiu.net\/wordpress\/wp-content\/uploads\/2024\/11\/7.jpg\" data-dt-img-description=\"\" data-large_image_width=\"180\" data-large_image_height=\"180\"><img loading=\"lazy\" decoding=\"async\" class=\"size-full wp-image-417912 alignleft\" src=\"https:\/\/www.radiopiu.net\/wordpress\/wp-content\/uploads\/2024\/11\/7.jpg\" alt=\"\" width=\"180\" height=\"180\" srcset=\"https:\/\/www.radiopiu.net\/wordpress\/wp-content\/uploads\/2024\/11\/7.jpg 180w, https:\/\/www.radiopiu.net\/wordpress\/wp-content\/uploads\/2024\/11\/7-150x150.jpg 150w\" sizes=\"auto, (max-width: 180px) 100vw, 180px\" \/><\/a>I podcast informativi del mattino &#8211; audio &#8211;\u00a0<\/span><\/h1>\n<p><strong>OGNI GIORNO ALLE SETTE DEL MATTINO, LA RASSEGNA STAMPA LOCALE FLASH&#8230; PER CHI VA IN FRETTA. I TITOLI DAI GIORNALI E DAL SITO WWW.RADIOPIU.NET <span style=\"color: #0000ff;\">viene pubblicato alle 7.00<\/span> <span style=\"color: #ff0000;\">DIRETTA RADIO\u00a0<\/span><\/strong><\/p>\n<p><em><span style=\"color: #ff0000;\">per chi va in fretta&#8230; tante notizie in pochi minuti. L&#8217;informazione locale alla radio, ogni ora dalle 7 del mattino alle 19 della sera.<\/span><\/em><\/p>\n<h1><\/h1>\n<h1>AUDIO dalle 7 del mattino<\/h1>\n<audio class=\"wp-audio-shortcode\" id=\"audio-420776-5\" preload=\"none\" style=\"width: 100%;\" controls=\"controls\"><source type=\"audio\/mpeg\" src=\"https:\/\/www.radiopiu.net\/wordpress\/wp-content\/uploads\/2024\/11\/GF07-18.mp3?_=5\" \/><a href=\"https:\/\/www.radiopiu.net\/wordpress\/wp-content\/uploads\/2024\/11\/GF07-18.mp3\">https:\/\/www.radiopiu.net\/wordpress\/wp-content\/uploads\/2024\/11\/GF07-18.mp3<\/a><\/audio>\n<p>&nbsp;<\/p>\n<p>&nbsp;<\/p>\n<p>&nbsp;<\/p>\n<hr \/>\n<p>&nbsp;<\/p>\n<h1><\/h1>\n<h1 style=\"text-align: center;\"><span style=\"color: #ff0000;\"><a class=\"dt-pswp-item\" href=\"https:\/\/www.radiopiu.net\/wordpress\/wp-content\/uploads\/2024\/11\/th.jpg\" data-dt-img-description=\"\" data-large_image_width=\"148\" data-large_image_height=\"179\"><img loading=\"lazy\" decoding=\"async\" class=\"size-full wp-image-417913 alignleft\" src=\"https:\/\/www.radiopiu.net\/wordpress\/wp-content\/uploads\/2024\/11\/th.jpg\" alt=\"\" width=\"148\" height=\"179\" \/><\/a>I podcast informativi del mattino &#8211; audio &#8211;\u00a0<\/span><\/h1>\n<blockquote><p><strong>GIORNALE RADIO NAZIONALE, EDIZIONE DELLE SETTE <span style=\"color: #0000ff;\">viene pubblicato alle 7.05 <span style=\"color: #ff0000;\">DIRETTA RADIO\u00a0<\/span><\/span><\/strong><\/p><\/blockquote>\n<p><strong>il giornale radionazionale e&#8217; in onda ogni ora, dalle sette del mattino alle venti della sera\u00a0 \u00a0<\/strong><strong>\u00a0<\/strong><\/p>\n<p><strong>Pu\u00f2 tornare in Italia<\/strong> dalla Francia Giudici: &#8216;Pena estinta per l&#8217;ex terrorista Raffaele Ventura&#8217; <strong>Il caso<\/strong> Il piccolo Ethan consegnato alla madre dalle autorit\u00e0 Usa <strong><span style=\"color: #000000;\">Taranto Schiaffi a infermiere <\/span><\/strong><span style=\"color: #000000;\">per saltare la fila, denunciato <\/span><strong>Bolzano Aggredisce sanitari <\/strong>e tenta di sottrarre la pistola ad agente Questore\u00a0 &#8216;Un gravissimo episodio criminale&#8217; <strong>Pescara<\/strong> Donna accoltellata mentre rientra a casa, arrestato infermiere Indagini dei carabinieri, l&#8217;accusa \u00e8 tentato omicidio <strong>Finge di consolarla<\/strong> dopo una lite e la violenti, custodia per 24enne dopo uno stupro a San Benedetto <strong>Morta per intervento estetico<\/strong>: &#8216;Chirurgo ignor\u00f2 le regole base&#8217; Lo spiega il giudice nella sentenza che ha condannato il medico<\/p>\n<p>&nbsp;<\/p>\n<p><span style=\"color: #ff0000;\"><span style=\"color: #0000ff;\">CRONACA<\/span> EDIZIONE DELLA SERA , DEL 21 NOVEMBRE 2024 EDIZIONE DI IERI, 20.00<\/span><\/p>\n<audio class=\"wp-audio-shortcode\" id=\"audio-420776-6\" preload=\"none\" style=\"width: 100%;\" controls=\"controls\"><source type=\"audio\/mpeg\" src=\"https:\/\/www.radiopiu.net\/wordpress\/wp-content\/uploads\/2024\/11\/giornale07-34.mp3?_=6\" \/><a href=\"https:\/\/www.radiopiu.net\/wordpress\/wp-content\/uploads\/2024\/11\/giornale07-34.mp3\">https:\/\/www.radiopiu.net\/wordpress\/wp-content\/uploads\/2024\/11\/giornale07-34.mp3<\/a><\/audio>\n<p>&nbsp;<\/p>\n<p><span style=\"color: #ff0000;\"><span style=\"color: #0000ff;\">SPORT<\/span> EDIZIONE DELLE 19, DEL 21 NOVEMBRE 2024, LO SPORT EDIZIONE DI IERI<\/span><\/p>\n<audio class=\"wp-audio-shortcode\" id=\"audio-420776-7\" preload=\"none\" style=\"width: 100%;\" controls=\"controls\"><source type=\"audio\/mpeg\" src=\"https:\/\/www.radiopiu.net\/wordpress\/wp-content\/uploads\/2024\/11\/gr-sport-17.mp3?_=7\" \/><a href=\"https:\/\/www.radiopiu.net\/wordpress\/wp-content\/uploads\/2024\/11\/gr-sport-17.mp3\">https:\/\/www.radiopiu.net\/wordpress\/wp-content\/uploads\/2024\/11\/gr-sport-17.mp3<\/a><\/audio>\n<h2><\/h2>\n<h2><span style=\"color: #ff0000;\"><span style=\"color: #0000ff;\">ULTIM&#8217;ORA<\/span> AUDIO dalle sette del mattino, ogni ora alla radio EDIZIONE DELLE SETTE<\/span><\/h2>\n<audio class=\"wp-audio-shortcode\" id=\"audio-420776-8\" preload=\"none\" style=\"width: 100%;\" controls=\"controls\"><source type=\"audio\/mpeg\" src=\"https:\/\/www.radiopiu.net\/wordpress\/wp-content\/uploads\/2024\/11\/giornale07-35.mp3?_=8\" \/><a href=\"https:\/\/www.radiopiu.net\/wordpress\/wp-content\/uploads\/2024\/11\/giornale07-35.mp3\">https:\/\/www.radiopiu.net\/wordpress\/wp-content\/uploads\/2024\/11\/giornale07-35.mp3<\/a><\/audio>\n<p>&nbsp;<\/p>\n<p>&nbsp;<\/p>\n<hr \/>\n<p>&nbsp;<\/p>\n<p>&nbsp;<\/p>\n<h1><span style=\"color: #ff0000;\"><a class=\"dt-pswp-item\" href=\"https:\/\/www.radiopiu.net\/wordpress\/wp-content\/uploads\/2024\/11\/8.jpg\" data-dt-img-description=\"\" data-large_image_width=\"180\" data-large_image_height=\"180\"><img loading=\"lazy\" decoding=\"async\" class=\"size-full wp-image-417910 alignleft\" src=\"https:\/\/www.radiopiu.net\/wordpress\/wp-content\/uploads\/2024\/11\/8.jpg\" alt=\"\" width=\"180\" height=\"180\" srcset=\"https:\/\/www.radiopiu.net\/wordpress\/wp-content\/uploads\/2024\/11\/8.jpg 180w, https:\/\/www.radiopiu.net\/wordpress\/wp-content\/uploads\/2024\/11\/8-150x150.jpg 150w\" sizes=\"auto, (max-width: 180px) 100vw, 180px\" \/><\/a>I podcast informativi del mattino &#8211; video &#8211;\u00a0<\/span><\/h1>\n<h2 style=\"text-align: left;\"><strong>RASSEGNA STAMPA LOCALE, ORE OTTO 05<\/strong><\/h2>\n<h2><strong> <span style=\"color: #0000ff;\">viene\u00a0 <\/span><\/strong><strong><span style=\"color: #0000ff;\">pubblicata alle 8.05 <span style=\"color: #ff0000;\">DIRETTA RADIO\u00a0 \u00a0<\/span><\/span><\/strong><strong>DI MIRKO MEZZACASA<\/strong><\/h2>\n<h2><span style=\"color: #ff0000;\"><strong>\u00a0<\/strong><\/span><\/h2>\n<h2><span style=\"color: #ff0000;\"><strong>\u00a0<\/strong><\/span><\/h2>\n<h1><span style=\"color: #ff0000;\"><strong>VIDEO\u00a0 \u00a0in diretta dalle 8 del mattino\u00a0 \u00a0per ASCOLTARE <\/strong><\/span><\/h1>\n<blockquote>\n<h1 style=\"text-align: center;\"><a href=\"https:\/\/www.facebook.com\/radiopiu\/videos\/1093446802309689\">CLICCA QUI<\/a><\/h1>\n<\/blockquote>\n<p><a class=\"dt-pswp-item\" href=\"https:\/\/www.radiopiu.net\/wordpress\/wp-content\/uploads\/2024\/11\/coop1-1.png\" data-dt-img-description=\"\" data-large_image_width=\"602\" data-large_image_height=\"375\">\u00a0<\/a><\/p>\n\n\t\t\t<style type='text\/css'>\n\t\t\t\t#gallery-1 {\n\t\t\t\t\tmargin: auto;\n\t\t\t\t}\n\t\t\t\t#gallery-1 .gallery-item {\n\t\t\t\t\tfloat: left;\n\t\t\t\t\tmargin-top: 10px;\n\t\t\t\t\ttext-align: center;\n\t\t\t\t\twidth: 50%;\n\t\t\t\t}\n\t\t\t\t#gallery-1 img {\n\t\t\t\t\tborder: 2px solid #cfcfcf;\n\t\t\t\t}\n\t\t\t\t#gallery-1 .gallery-caption {\n\t\t\t\t\tmargin-left: 0;\n\t\t\t\t}\n\t\t\t\t\/* see gallery_shortcode() in wp-includes\/media.php *\/\n\t\t\t<\/style>\n\t\t<div id='gallery-1' class='dt-gallery-container gallery galleryid-420776 gallery-columns-2 gallery-size-medium'><dl class='gallery-item'>\n\t\t\t\t<dt class='gallery-icon landscape'>\n\t\t\t\t\t<a class=\"rollover rollover-zoom dt-pswp-item\" title=\"sop2\" data-dt-img-description=\"\" data-large_image_width=\"540\" data-large_image_height=\"317\"href='https:\/\/www.radiopiu.net\/wordpress\/wp-content\/uploads\/2024\/11\/sop2.png'><img loading=\"lazy\" decoding=\"async\" width=\"300\" height=\"176\" src=\"https:\/\/www.radiopiu.net\/wordpress\/wp-content\/uploads\/2024\/11\/sop2-300x176.png\" class=\"attachment-medium size-medium\" alt=\"\" srcset=\"https:\/\/www.radiopiu.net\/wordpress\/wp-content\/uploads\/2024\/11\/sop2-300x176.png 300w, https:\/\/www.radiopiu.net\/wordpress\/wp-content\/uploads\/2024\/11\/sop2.png 540w\" sizes=\"auto, (max-width: 300px) 100vw, 300px\" \/><\/a>\n\t\t\t\t<\/dt><\/dl><dl class='gallery-item'>\n\t\t\t\t<dt class='gallery-icon landscape'>\n\t\t\t\t\t<a class=\"rollover rollover-zoom dt-pswp-item\" title=\"COOP1\" data-dt-img-description=\"\" data-large_image_width=\"539\" data-large_image_height=\"331\"href='https:\/\/www.radiopiu.net\/wordpress\/wp-content\/uploads\/2024\/11\/COOP1-10.png'><img loading=\"lazy\" decoding=\"async\" width=\"300\" height=\"184\" src=\"https:\/\/www.radiopiu.net\/wordpress\/wp-content\/uploads\/2024\/11\/COOP1-10-300x184.png\" class=\"attachment-medium size-medium\" alt=\"\" srcset=\"https:\/\/www.radiopiu.net\/wordpress\/wp-content\/uploads\/2024\/11\/COOP1-10-300x184.png 300w, https:\/\/www.radiopiu.net\/wordpress\/wp-content\/uploads\/2024\/11\/COOP1-10.png 539w\" sizes=\"auto, (max-width: 300px) 100vw, 300px\" \/><\/a>\n\t\t\t\t<\/dt><\/dl><br style=\"clear: both\" \/>\n\t\t\t<\/div>\n\n<p>&nbsp;<\/p>\n<hr \/>\n<p>&nbsp;<\/p>\n<p>&nbsp;<\/p>\n<p><strong><a class=\"dt-pswp-item\" href=\"https:\/\/www.radiopiu.net\/wordpress\/wp-content\/uploads\/2023\/12\/ANTENNA.png\" data-dt-img-description=\"\" data-large_image_width=\"300\" data-large_image_height=\"166\"><img loading=\"lazy\" decoding=\"async\" class=\" wp-image-366306 alignleft\" src=\"https:\/\/www.radiopiu.net\/wordpress\/wp-content\/uploads\/2023\/12\/ANTENNA.png\" alt=\"\" width=\"175\" height=\"97\" \/><\/a>ogni sera alle 19 le anticipazioni alla radio, quello che poi seguirete nel TELEGIORNALE BELLUNESE\u00a0 in onda alle 19.30 sul CANALE 10 del digitale terrestre.\u00a0\u00a0<\/strong><\/p>\n<p><strong>LE ANTICIPAZIONI DAL TG DI ANTENNA 3 DI\u00a0 FABIO FIORAVANZI<\/strong><\/p>\n<audio class=\"wp-audio-shortcode\" id=\"audio-420776-9\" preload=\"none\" style=\"width: 100%;\" controls=\"controls\"><source type=\"audio\/mpeg\" src=\"https:\/\/www.radiopiu.net\/wordpress\/wp-content\/uploads\/2024\/11\/ANTENNA3-15.mp3?_=9\" \/><a href=\"https:\/\/www.radiopiu.net\/wordpress\/wp-content\/uploads\/2024\/11\/ANTENNA3-15.mp3\">https:\/\/www.radiopiu.net\/wordpress\/wp-content\/uploads\/2024\/11\/ANTENNA3-15.mp3<\/a><\/audio>\n<p>&nbsp;<\/p>\n<p>&nbsp;<\/p>\n<hr \/>\n<p>&nbsp;<\/p>\n<p>&nbsp;<\/p>\n<blockquote>\n<h2><a class=\"dt-pswp-item\" href=\"https:\/\/www.radiopiu.net\/wordpress\/wp-content\/uploads\/2024\/06\/taibon-framont-san-lucano2.jpg\" data-dt-img-description=\"\" data-large_image_width=\"1600\" data-large_image_height=\"1200\"><img loading=\"lazy\" decoding=\"async\" class=\"wp-image-396641 alignleft\" src=\"https:\/\/www.radiopiu.net\/wordpress\/wp-content\/uploads\/2024\/06\/taibon-framont-san-lucano2-300x225.jpg\" alt=\"\" width=\"184\" height=\"138\" srcset=\"https:\/\/www.radiopiu.net\/wordpress\/wp-content\/uploads\/2024\/06\/taibon-framont-san-lucano2-300x225.jpg 300w, https:\/\/www.radiopiu.net\/wordpress\/wp-content\/uploads\/2024\/06\/taibon-framont-san-lucano2-1024x768.jpg 1024w, https:\/\/www.radiopiu.net\/wordpress\/wp-content\/uploads\/2024\/06\/taibon-framont-san-lucano2-768x576.jpg 768w, https:\/\/www.radiopiu.net\/wordpress\/wp-content\/uploads\/2024\/06\/taibon-framont-san-lucano2-1536x1152.jpg 1536w, https:\/\/www.radiopiu.net\/wordpress\/wp-content\/uploads\/2024\/06\/taibon-framont-san-lucano2.jpg 1600w\" sizes=\"auto, (max-width: 184px) 100vw, 184px\" \/><\/a>203 AGORDINA DA LUNEDI CHIUSURA DELLO SVINCOLO PER AGORDO<\/h2>\n<\/blockquote>\n<p><strong>TAIBON<\/strong> Da lunedi al 29 novembre, in localit\u00e0 San Cipriano, interdizione totale della circolazione stradale della corsia di svincolo direzione sud\u00a0 per intervento realizzazione rete del gas. <strong>QUINDI PER AGORDO RIMANERE IN TANGENZIALE\u00a0\u00a0<\/strong><\/p>\n<p>&nbsp;<\/p>\n<p>&nbsp;<\/p>\n<hr \/>\n<p>&nbsp;<\/p>\n<div class=\"page-title-head hgroup\">\n<blockquote>\n<h2 class=\"entry-title\">MORTE NEL BOSCO, TRAVOLTO DALLA PIANTA CHIAMA I SOCCORSI, MA PURTROPPO INUTILMENTE<\/h2>\n<p><em>Era una persona cardine per esempio nell&#8217;associazione Carve Viva.\u00a0Comiotto, alla passione per le moto univa anche quella per la montagna che lo vedeva andare in escursione insieme con la famiglia. Poi la vena artistica con gli intarsi in legno che diventavano veri e propri quadri.\u00a0\u2014<\/em><\/p><\/blockquote>\n<\/div>\n<p><strong>BORGO VALBELLUNA<\/strong><\/p>\n<p><a class=\"dt-pswp-item\" href=\"https:\/\/www.radiopiu.net\/wordpress\/wp-content\/uploads\/2024\/11\/Senza-nome-94.png\" data-dt-img-description=\"\" data-large_image_width=\"345\" data-large_image_height=\"397\"><img loading=\"lazy\" decoding=\"async\" class=\" wp-image-420910 alignleft\" src=\"https:\/\/www.radiopiu.net\/wordpress\/wp-content\/uploads\/2024\/11\/Senza-nome-94-261x300.png\" alt=\"\" width=\"137\" height=\"158\" srcset=\"https:\/\/www.radiopiu.net\/wordpress\/wp-content\/uploads\/2024\/11\/Senza-nome-94-261x300.png 261w, https:\/\/www.radiopiu.net\/wordpress\/wp-content\/uploads\/2024\/11\/Senza-nome-94.png 345w\" sizes=\"auto, (max-width: 137px) 100vw, 137px\" \/><\/a>Tragedia nel primo pomeriggio in localit\u00e0 Sort Frede, sopra Carve di Mel, dove un uomo di 65 anni \u00e8 deceduto dopo essere stato travolto da una pianta.<\/p>\n<p>L\u2019allarme \u00e8 stato lanciato dalla sorella della vittima, che aveva ricevuto una drammatica telefonata dallo stesso uomo, impegnato a tagliare un albero. Purtroppo, il tronco lo ha schiacciato, rendendo disperate le sue condizioni.<\/p>\n<p>Alcuni presenti sono intervenuti rapidamente per liberarlo, tagliando la pianta mentre l\u2019elicottero del Suem di Pieve di Cadore si avvicinava al luogo dell\u2019incidente. Nonostante i tempestivi tentativi di rianimazione da parte del personale medico e del tecnico di elisoccorso, giunti sul prato in hovering, per il 65enne non c\u2019\u00e8 stato nulla da fare.Sul posto \u00e8 intervenuta anche una squadra del Soccorso Alpino di Belluno, che ha provveduto al recupero della salma, trasportandola fino alla strada. Il terreno era di propriet\u00e0: lo zumellese, pensionato, appassionato di moto, Comiotto era una persona molto attiva a Carve e a Borgo Valbelluna dove partecipava alla vita associativa e alla realizzazione di eventi in paese. Sposato con Gina Reolon, lascia due figli Giada e Luca di 30 e 28 anni.<\/p>\n<p>&nbsp;<\/p>\n<p>&nbsp;<\/p>\n<hr \/>\n<p>&nbsp;<\/p>\n<blockquote><p><strong>Addio a Guerrino Agostinetto, simbolo dello sport feltrino<\/strong><\/p><\/blockquote>\n<p><strong>FELTRE<\/strong> Il mondo sportivo di Feltre piange Guerrino Agostinetto, figura di spicco della pallavolo e storico presidente della Loretana, confluita nel Feltre Volley. Appassionato di sport, aveva fondato una squadra di ping pong e guidato il Viola Club Feltre, dedicato ai tifosi della Fiorentina. Sempre presente agli eventi sportivi, era un simbolo dell\u2019aggregazione e dell\u2019impegno sportivo feltrino. I funerali si terranno domani alle 10:30 nella chiesa arcipretale di Pedavena.<\/p>\n<p>&nbsp;<\/p>\n<hr \/>\n<p>&nbsp;<\/p>\n<p>&nbsp;<\/p>\n<blockquote>\n<h2>L&#8217;Anac: l&#8217;ex consigliere comunale non doveva guidare l&#8217;azienda speciale<\/h2>\n<\/blockquote>\n<div id=\"attachment_127029\" style=\"width: 245px\" class=\"wp-caption alignleft\"><a class=\"dt-pswp-item\" href=\"https:\/\/www.radiopiu.net\/wordpress\/wp-content\/uploads\/2020\/04\/FEDERICA-ZASSO.jpg\" data-dt-img-description=\"FEDERICA ZASSO\" data-large_image_width=\"235\" data-large_image_height=\"317\"><img loading=\"lazy\" decoding=\"async\" aria-describedby=\"caption-attachment-127029\" class=\" wp-image-127029\" src=\"https:\/\/www.radiopiu.net\/wordpress\/wp-content\/uploads\/2020\/04\/FEDERICA-ZASSO-222x300.jpg\" alt=\"\" width=\"154\" height=\"208\" srcset=\"https:\/\/www.radiopiu.net\/wordpress\/wp-content\/uploads\/2020\/04\/FEDERICA-ZASSO-222x300.jpg 222w, https:\/\/www.radiopiu.net\/wordpress\/wp-content\/uploads\/2020\/04\/FEDERICA-ZASSO.jpg 235w\" sizes=\"auto, (max-width: 154px) 100vw, 154px\" \/><\/a><p id=\"caption-attachment-127029\" class=\"wp-caption-text\"><strong>FEDERICA ZASSO<\/strong><\/p><\/div>\n<p><strong>IL CASO<\/strong><\/p>\n<p><strong>DI GIANNI SANTOMASO<\/strong><\/p>\n<audio class=\"wp-audio-shortcode\" id=\"audio-420776-10\" preload=\"none\" style=\"width: 100%;\" controls=\"controls\"><source type=\"audio\/mpeg\" src=\"https:\/\/www.radiopiu.net\/wordpress\/wp-content\/uploads\/2024\/11\/GIANNI-AGORDO-FEDERICA.mp3?_=10\" \/><a href=\"https:\/\/www.radiopiu.net\/wordpress\/wp-content\/uploads\/2024\/11\/GIANNI-AGORDO-FEDERICA.mp3\">https:\/\/www.radiopiu.net\/wordpress\/wp-content\/uploads\/2024\/11\/GIANNI-AGORDO-FEDERICA.mp3<\/a><\/audio>\n<p>&nbsp;<\/p>\n<p>&nbsp;<\/p>\n<hr \/>\n<blockquote>\n<h2><\/h2>\n<h2>Le scelte che fanno riflettere: com&#8217;era ieri la mia Agordo?<\/h2>\n<\/blockquote>\n<p><strong>AGORDO\u00a0<\/strong> Ci sono domande che sorgono spontanee guardando i cambiamenti di un luogo caro, specialmente quando quei mutamenti sembrano stonare con l\u2019identit\u00e0 che lo ha caratterizzato nel tempo. Chi percorre le strade di Agordo oggi non pu\u00f2 non porsi un interrogativo che racchiude insieme nostalgia e critica: <em>com\u2019era ieri la mia Agordo?<\/em><\/p>\n<div class=\"flex-1 overflow-hidden\">\n<div class=\"h-full\">\n<div class=\"react-scroll-to-bottom--css-faqzd-79elbk h-full\">\n<div class=\"react-scroll-to-bottom--css-faqzd-1n7m0yu\">\n<div class=\"flex flex-col text-sm md:pb-9\">\n<article class=\"w-full scroll-mb-[var(--thread-trailing-height,150px)] text-token-text-primary focus-visible:outline-2 focus-visible:outline-offset-[-4px]\" dir=\"auto\" data-testid=\"conversation-turn-3\" data-scroll-anchor=\"true\">\n<div class=\"m-auto text-base py-[18px] px-3 md:px-4 w-full md:px-5 lg:px-4 xl:px-5\">\n<div class=\"mx-auto flex flex-1 gap-4 text-base md:gap-5 lg:gap-6 md:max-w-3xl lg:max-w-[40rem] xl:max-w-[48rem]\">\n<div class=\"group\/conversation-turn relative flex w-full min-w-0 flex-col agent-turn\">\n<div class=\"flex-col gap-1 md:gap-3\">\n<div class=\"flex max-w-full flex-col flex-grow\">\n<div class=\"min-h-8 text-message flex w-full flex-col items-end gap-2 whitespace-normal break-words [.text-message+&amp;]:mt-5\" dir=\"auto\" data-message-author-role=\"assistant\" data-message-id=\"42eb7b00-07d1-4c46-989a-cc005d5e8232\" data-client-thread-id=\"WEB:430f6359-fb1e-47ca-9b66-33b8556c0020\" data-message-model-slug=\"gpt-4o\">\n<div class=\"flex w-full flex-col gap-1 empty:hidden first:pt-[3px]\">\n<div class=\"markdown prose w-full break-words dark:prose-invert dark\">\n<p>Salendo verso l\u2019ospedale, lo sguardo dovrebbe essere catturato dalla maestosa silhouette del Monte Celo, che veglia sulla valle con discrezione e imponenza. Ma quel panorama \u00e8\u00a0 oscurato da un grande condominio, che sembra essere stato trasportato dalla periferia di una citt\u00e0 pi\u00f9 che costruito in armonia con il contesto montano. Un\u2019immagine che stride, quasi una forzatura urbana in un territorio che da sempre si \u00e8 distinto per l\u2019equilibrio tra natura e abitato.<\/p>\n<p>Lo stesso contrasto si ritrova in Viale Insurrezione, dove i nuovi condomini convivono con l\u2019opera architettonica della stazione della Dolomitibus. Una struttura moderna, realizzata sul finire del millennio, che porta con s\u00e9 un certo fastidio grazie al suo richiamo al ferro, materiale profondamente legato alla tradizione montana&#8230; Ma anche qui emerge una riflessione: quanto queste aggiunte al tessuto urbano rispettano l&#8217;anima del luogo?<\/p>\n<p>Guardando al futuro, ci si potrebbe chiedere se Agordo potrebbe osare un ulteriore passo: l\u2019idea di una struttura che richiami la partenza di una cabinovia, una pista da sci, una pista da bob di ultima generazione cio\u00e8 simboli moderni di connessione con le vette. Una proposta che, con l\u2019anno Olimpico bellunese all\u2019orizzonte, potrebbe persino attrarre investimenti e turisti. Tuttavia, questa possibilit\u00e0 solleva un quesito cruciale: \u00e8 davvero quello che Agordo vuole essere?<\/p>\n<p>Ogni scelta urbanistica \u00e8 un segno lasciato nel tempo, un\u2019eredit\u00e0 che racconta chi siamo e cosa vogliamo trasmettere alle generazioni future. La domanda su com\u2019era ieri la nostra Agordo \u00e8 anche un invito a pensare al domani: possiamo trovare un equilibrio tra innovazione e memoria?<\/p>\n<\/div>\n<\/div>\n<\/div>\n<\/div>\n<div class=\"mb-2 flex gap-3 empty:hidden -ml-2\">\n<div class=\"items-center justify-start rounded-xl p-1 flex\"><\/div>\n<\/div>\n<div class=\"mt-3 w-full empty:hidden\">\n<div class=\"text-center\"><em><strong>(mm)\u00a0<\/strong><\/em><\/div>\n<\/div>\n<\/div>\n<\/div>\n<\/div>\n<\/div>\n<\/article>\n<\/div>\n<\/div>\n<\/div>\n<\/div>\n<\/div>\n<p>&nbsp;<\/p>\n<p><strong>IN TRE SCATTI DI CORRADO CATTADORI <span style=\"color: #ff0000;\">&#8220;CHICCO&#8221;<\/span> (ieri sulla pagina facebook Sei di Agordo Se&#8230;) ecco come \u00e8 cambiato Piazzale Marconi-Viale Sommariva nel corso dei decenni, fino all&#8217;ultima scelta architettonica. <\/strong><\/p>\n\n\t\t\t<style type='text\/css'>\n\t\t\t\t#gallery-2 {\n\t\t\t\t\tmargin: auto;\n\t\t\t\t}\n\t\t\t\t#gallery-2 .gallery-item {\n\t\t\t\t\tfloat: left;\n\t\t\t\t\tmargin-top: 10px;\n\t\t\t\t\ttext-align: center;\n\t\t\t\t\twidth: 33%;\n\t\t\t\t}\n\t\t\t\t#gallery-2 img {\n\t\t\t\t\tborder: 2px solid #cfcfcf;\n\t\t\t\t}\n\t\t\t\t#gallery-2 .gallery-caption {\n\t\t\t\t\tmargin-left: 0;\n\t\t\t\t}\n\t\t\t\t\/* see gallery_shortcode() in wp-includes\/media.php *\/\n\t\t\t<\/style>\n\t\t<div id='gallery-2' class='dt-gallery-container gallery galleryid-420776 gallery-columns-3 gallery-size-thumbnail'><dl class='gallery-item'>\n\t\t\t\t<dt class='gallery-icon landscape'>\n\t\t\t\t\t<a class=\"rollover rollover-zoom dt-pswp-item\" title=\"467655215_28047353871577179_4619167962612467135_n\" data-dt-img-description=\"\" data-large_image_width=\"600\" data-large_image_height=\"378\"href='https:\/\/www.radiopiu.net\/wordpress\/wp-content\/uploads\/2024\/11\/467655215_28047353871577179_4619167962612467135_n.jpg'><img loading=\"lazy\" decoding=\"async\" width=\"150\" height=\"150\" src=\"https:\/\/www.radiopiu.net\/wordpress\/wp-content\/uploads\/2024\/11\/467655215_28047353871577179_4619167962612467135_n-150x150.jpg\" class=\"attachment-thumbnail size-thumbnail\" alt=\"\" \/><\/a>\n\t\t\t\t<\/dt><\/dl><dl class='gallery-item'>\n\t\t\t\t<dt class='gallery-icon landscape'>\n\t\t\t\t\t<a class=\"rollover rollover-zoom dt-pswp-item\" title=\"467916038_28047367144909185_1769671740097618730_n\" data-dt-img-description=\"\" data-large_image_width=\"493\" data-large_image_height=\"377\"href='https:\/\/www.radiopiu.net\/wordpress\/wp-content\/uploads\/2024\/11\/467916038_28047367144909185_1769671740097618730_n.jpg'><img loading=\"lazy\" decoding=\"async\" width=\"150\" height=\"150\" src=\"https:\/\/www.radiopiu.net\/wordpress\/wp-content\/uploads\/2024\/11\/467916038_28047367144909185_1769671740097618730_n-150x150.jpg\" class=\"attachment-thumbnail size-thumbnail\" alt=\"\" \/><\/a>\n\t\t\t\t<\/dt><\/dl><dl class='gallery-item'>\n\t\t\t\t<dt class='gallery-icon portrait'>\n\t\t\t\t\t<a class=\"rollover rollover-zoom dt-pswp-item\" title=\"467770515_28047390041573562_319970145418651724_n\" data-dt-img-description=\"\" data-large_image_width=\"518\" data-large_image_height=\"600\"href='https:\/\/www.radiopiu.net\/wordpress\/wp-content\/uploads\/2024\/11\/467770515_28047390041573562_319970145418651724_n.jpg'><img loading=\"lazy\" decoding=\"async\" width=\"150\" height=\"150\" src=\"https:\/\/www.radiopiu.net\/wordpress\/wp-content\/uploads\/2024\/11\/467770515_28047390041573562_319970145418651724_n-150x150.jpg\" class=\"attachment-thumbnail size-thumbnail\" alt=\"\" \/><\/a>\n\t\t\t\t<\/dt><\/dl><br style=\"clear: both\" \/>\n\t\t\t<\/div>\n\n<div dir=\"auto\"><span style=\"color: #ff0000;\"><a class=\"dt-pswp-item\" href=\"https:\/\/www.radiopiu.net\/wordpress\/wp-content\/uploads\/2020\/01\/CHICCO-CATTADORI-e1732256844442.jpg\" data-dt-img-description=\"\" data-large_image_width=\"1280\" data-large_image_height=\"738\"><img loading=\"lazy\" decoding=\"async\" class=\" wp-image-158210 alignleft\" src=\"https:\/\/www.radiopiu.net\/wordpress\/wp-content\/uploads\/2020\/01\/CHICCO-CATTADORI-e1732256844442-300x173.jpg\" alt=\"\" width=\"281\" height=\"162\" srcset=\"https:\/\/www.radiopiu.net\/wordpress\/wp-content\/uploads\/2020\/01\/CHICCO-CATTADORI-e1732256844442-300x173.jpg 300w, https:\/\/www.radiopiu.net\/wordpress\/wp-content\/uploads\/2020\/01\/CHICCO-CATTADORI-e1732256844442-1024x590.jpg 1024w, https:\/\/www.radiopiu.net\/wordpress\/wp-content\/uploads\/2020\/01\/CHICCO-CATTADORI-e1732256844442-768x443.jpg 768w, https:\/\/www.radiopiu.net\/wordpress\/wp-content\/uploads\/2020\/01\/CHICCO-CATTADORI-e1732256844442.jpg 1280w\" sizes=\"auto, (max-width: 281px) 100vw, 281px\" \/><\/a><strong>DI CHICCO corrado cattadori<\/strong><\/span><\/div>\n<div dir=\"auto\"><strong>Da cos\u00ec a cos\u00ec.<\/strong><\/div>\n<div dir=\"auto\"><strong>Che succede?<\/strong><\/div>\n<div dir=\"auto\"><em>Si chiesero i Tigli del Corso degli Alpini in quel lontano 1941! Il sig. Latino Deola aveva acquistato dopo la prima guerra mondiale quel vecchio stabile colorato in rosso (fu la sede della Gendarmeria Austro-Ungarica, dove si trovavano le prigioni), che divenne la sede della sua nascente attivit\u00e0 di materiali edili (1919), uno stabile con cortile recintato in cui stoccare i laterizi che vendeva. Il figlio in quell\u2019anno (1941) costru\u00ec un nuovo stabile con uffici e negozi per potenziare la sua attivit\u00e0. Quel caseggiato oggi abbattuto sta per essere sostituito da una nuova costruzione\u00a0<\/em><\/div>\n<div dir=\"auto\"><\/div>\n<p>&nbsp;<\/p>\n<hr \/>\n<p>&nbsp;<\/p>\n<p>&nbsp;<\/p>\n<blockquote>\n<h1>BENVENUTO INVERNO&#8230; VPB_WINTER<\/h1>\n<\/blockquote>\n\n\t\t\t<style type='text\/css'>\n\t\t\t\t#gallery-3 {\n\t\t\t\t\tmargin: auto;\n\t\t\t\t}\n\t\t\t\t#gallery-3 .gallery-item {\n\t\t\t\t\tfloat: left;\n\t\t\t\t\tmargin-top: 10px;\n\t\t\t\t\ttext-align: center;\n\t\t\t\t\twidth: 20%;\n\t\t\t\t}\n\t\t\t\t#gallery-3 img {\n\t\t\t\t\tborder: 2px solid #cfcfcf;\n\t\t\t\t}\n\t\t\t\t#gallery-3 .gallery-caption {\n\t\t\t\t\tmargin-left: 0;\n\t\t\t\t}\n\t\t\t\t\/* see gallery_shortcode() in wp-includes\/media.php *\/\n\t\t\t<\/style>\n\t\t<div id='gallery-3' class='dt-gallery-container gallery galleryid-420776 gallery-columns-5 gallery-size-thumbnail'><dl class='gallery-item'>\n\t\t\t\t<dt class='gallery-icon landscape'>\n\t\t\t\t\t<a class=\"rollover rollover-zoom dt-pswp-item\" title=\"INV1\" data-dt-img-description=\"\" data-large_image_width=\"490\" data-large_image_height=\"232\"href='https:\/\/www.radiopiu.net\/wordpress\/wp-content\/uploads\/2024\/11\/INV1.png'><img loading=\"lazy\" decoding=\"async\" width=\"150\" height=\"150\" src=\"https:\/\/www.radiopiu.net\/wordpress\/wp-content\/uploads\/2024\/11\/INV1-150x150.png\" class=\"attachment-thumbnail size-thumbnail\" alt=\"\" \/><\/a>\n\t\t\t\t<\/dt><\/dl><dl class='gallery-item'>\n\t\t\t\t<dt class='gallery-icon landscape'>\n\t\t\t\t\t<a class=\"rollover rollover-zoom dt-pswp-item\" title=\"INV5\" data-dt-img-description=\"\" data-large_image_width=\"574\" data-large_image_height=\"286\"href='https:\/\/www.radiopiu.net\/wordpress\/wp-content\/uploads\/2024\/11\/INV5.png'><img loading=\"lazy\" decoding=\"async\" width=\"150\" height=\"150\" src=\"https:\/\/www.radiopiu.net\/wordpress\/wp-content\/uploads\/2024\/11\/INV5-150x150.png\" class=\"attachment-thumbnail size-thumbnail\" alt=\"\" \/><\/a>\n\t\t\t\t<\/dt><\/dl><dl class='gallery-item'>\n\t\t\t\t<dt class='gallery-icon landscape'>\n\t\t\t\t\t<a class=\"rollover rollover-zoom dt-pswp-item\" title=\"INV4\" data-dt-img-description=\"\" data-large_image_width=\"413\" data-large_image_height=\"219\"href='https:\/\/www.radiopiu.net\/wordpress\/wp-content\/uploads\/2024\/11\/INV4.png'><img loading=\"lazy\" decoding=\"async\" width=\"150\" height=\"150\" src=\"https:\/\/www.radiopiu.net\/wordpress\/wp-content\/uploads\/2024\/11\/INV4-150x150.png\" class=\"attachment-thumbnail size-thumbnail\" alt=\"\" \/><\/a>\n\t\t\t\t<\/dt><\/dl><dl class='gallery-item'>\n\t\t\t\t<dt class='gallery-icon landscape'>\n\t\t\t\t\t<a class=\"rollover rollover-zoom dt-pswp-item\" title=\"INV3\" data-dt-img-description=\"\" data-large_image_width=\"468\" data-large_image_height=\"326\"href='https:\/\/www.radiopiu.net\/wordpress\/wp-content\/uploads\/2024\/11\/INV3.png'><img loading=\"lazy\" decoding=\"async\" width=\"150\" height=\"150\" src=\"https:\/\/www.radiopiu.net\/wordpress\/wp-content\/uploads\/2024\/11\/INV3-150x150.png\" class=\"attachment-thumbnail size-thumbnail\" alt=\"\" \/><\/a>\n\t\t\t\t<\/dt><\/dl><dl class='gallery-item'>\n\t\t\t\t<dt class='gallery-icon landscape'>\n\t\t\t\t\t<a class=\"rollover rollover-zoom dt-pswp-item\" title=\"INV2\" data-dt-img-description=\"\" data-large_image_width=\"423\" data-large_image_height=\"235\"href='https:\/\/www.radiopiu.net\/wordpress\/wp-content\/uploads\/2024\/11\/INV2.png'><img loading=\"lazy\" decoding=\"async\" width=\"150\" height=\"150\" src=\"https:\/\/www.radiopiu.net\/wordpress\/wp-content\/uploads\/2024\/11\/INV2-150x150.png\" class=\"attachment-thumbnail size-thumbnail\" alt=\"\" \/><\/a>\n\t\t\t\t<\/dt><\/dl><br style=\"clear: both\" \/>\n\t\t\t<\/div>\n\n<p>&nbsp;<\/p>\n<p>&nbsp;<\/p>\n<hr \/>\n<p>&nbsp;<\/p>\n<blockquote>\n<h1>Nuovo anno accademico a Feltre: numeri in crescita<\/h1>\n<\/blockquote>\n<p>&nbsp;<\/p>\n<p><strong>FELTRE<\/strong><\/p>\n<p>In crescita gli iscritti ai corsi di laurea in Infermieristica e Tecniche della Prevenzione dell&#8217;Universit\u00e0 di Padova a Feltre. Successo che rafforza la proposta di un corso magistrale in Infermieristica.<\/p>\n<p><strong>DI DANIELE DALVIT<\/strong><\/p>\n<audio class=\"wp-audio-shortcode\" id=\"audio-420776-11\" preload=\"none\" style=\"width: 100%;\" controls=\"controls\"><source type=\"audio\/mpeg\" src=\"https:\/\/www.radiopiu.net\/wordpress\/wp-content\/uploads\/2024\/11\/Servizio-Inaugurazione-anno-accademico-Feltre-2024.mp3?_=11\" \/><a href=\"https:\/\/www.radiopiu.net\/wordpress\/wp-content\/uploads\/2024\/11\/Servizio-Inaugurazione-anno-accademico-Feltre-2024.mp3\">https:\/\/www.radiopiu.net\/wordpress\/wp-content\/uploads\/2024\/11\/Servizio-Inaugurazione-anno-accademico-Feltre-2024.mp3<\/a><\/audio>\n<p>&nbsp;<\/p>\n\n\t\t\t<style type='text\/css'>\n\t\t\t\t#gallery-4 {\n\t\t\t\t\tmargin: auto;\n\t\t\t\t}\n\t\t\t\t#gallery-4 .gallery-item {\n\t\t\t\t\tfloat: left;\n\t\t\t\t\tmargin-top: 10px;\n\t\t\t\t\ttext-align: center;\n\t\t\t\t\twidth: 33%;\n\t\t\t\t}\n\t\t\t\t#gallery-4 img {\n\t\t\t\t\tborder: 2px solid #cfcfcf;\n\t\t\t\t}\n\t\t\t\t#gallery-4 .gallery-caption {\n\t\t\t\t\tmargin-left: 0;\n\t\t\t\t}\n\t\t\t\t\/* see gallery_shortcode() in wp-includes\/media.php *\/\n\t\t\t<\/style>\n\t\t<div id='gallery-4' class='dt-gallery-container gallery galleryid-420776 gallery-columns-3 gallery-size-thumbnail'><dl class='gallery-item'>\n\t\t\t\t<dt class='gallery-icon landscape'>\n\t\t\t\t\t<a class=\"rollover rollover-zoom dt-pswp-item\" title=\"30ba63fb-7b55-46c4-a2e6-ed42d5da29e0\" data-dt-img-description=\"\" data-large_image_width=\"2560\" data-large_image_height=\"1920\"href='https:\/\/www.radiopiu.net\/wordpress\/wp-content\/uploads\/2024\/11\/30ba63fb-7b55-46c4-a2e6-ed42d5da29e0-scaled.jpg'><img loading=\"lazy\" decoding=\"async\" width=\"150\" height=\"150\" src=\"https:\/\/www.radiopiu.net\/wordpress\/wp-content\/uploads\/2024\/11\/30ba63fb-7b55-46c4-a2e6-ed42d5da29e0-150x150.jpg\" class=\"attachment-thumbnail size-thumbnail\" alt=\"\" \/><\/a>\n\t\t\t\t<\/dt><\/dl><dl class='gallery-item'>\n\t\t\t\t<dt class='gallery-icon landscape'>\n\t\t\t\t\t<a class=\"rollover rollover-zoom dt-pswp-item\" title=\"f4f45414-f506-4fe7-ac42-42d6a4c818f6\" data-dt-img-description=\"\" data-large_image_width=\"2560\" data-large_image_height=\"1920\"href='https:\/\/www.radiopiu.net\/wordpress\/wp-content\/uploads\/2024\/11\/f4f45414-f506-4fe7-ac42-42d6a4c818f6-scaled.jpg'><img loading=\"lazy\" decoding=\"async\" width=\"150\" height=\"150\" src=\"https:\/\/www.radiopiu.net\/wordpress\/wp-content\/uploads\/2024\/11\/f4f45414-f506-4fe7-ac42-42d6a4c818f6-150x150.jpg\" class=\"attachment-thumbnail size-thumbnail\" alt=\"\" \/><\/a>\n\t\t\t\t<\/dt><\/dl><dl class='gallery-item'>\n\t\t\t\t<dt class='gallery-icon landscape'>\n\t\t\t\t\t<a class=\"rollover rollover-zoom dt-pswp-item\" title=\"d09caf50-6a27-4bbb-9648-2d97b2cfb747\" data-dt-img-description=\"\" data-large_image_width=\"2560\" data-large_image_height=\"1920\"href='https:\/\/www.radiopiu.net\/wordpress\/wp-content\/uploads\/2024\/11\/d09caf50-6a27-4bbb-9648-2d97b2cfb747-scaled.jpg'><img loading=\"lazy\" decoding=\"async\" width=\"150\" height=\"150\" src=\"https:\/\/www.radiopiu.net\/wordpress\/wp-content\/uploads\/2024\/11\/d09caf50-6a27-4bbb-9648-2d97b2cfb747-150x150.jpg\" class=\"attachment-thumbnail size-thumbnail\" alt=\"\" \/><\/a>\n\t\t\t\t<\/dt><\/dl><br style=\"clear: both\" \/>\n\t\t\t<\/div>\n\n<p>&nbsp;<\/p>\n<hr \/>\n<p>&nbsp;<\/p>\n<blockquote>\n<h3>SITO DI VALLE IMPERINA: IL BILANCIO DELLA STAGIONE ESTIVA 2024<\/h3>\n<\/blockquote>\n<p><strong>RIVAMONTE<\/strong> All\u2019ostello di Valle Imperina a Rivamonte Agordino, la conferenza stampa per fare il bilancio della stagione estiva 2024 e presentare le prospettive future del sito di archeologia industriale. La stagione si \u00e8 conclusa con un risultato positivo in termini di presenze e interesse, grazie agli investimenti della nuova gestione, che ha migliorato le esperienze di visita, rendendo accessibili anche le gallerie. Durante l\u2019evento saranno illustrati gli interventi futuri per valorizzare il sito, resi possibili da nuovi accordi tra l\u2019Ente Parco, il Comune di Rivamonte e l\u2019Unione Montana Agordina. Parteciperanno rappresentanti istituzionali e responsabili della gestione del sito.<\/p>\n<p><strong>LA DIRETTA RADIO PIU&#8217;<\/strong><\/p>\n<p><iframe loading=\"lazy\" style=\"border: none; overflow: hidden;\" src=\"https:\/\/www.facebook.com\/plugins\/video.php?height=314&amp;href=https%3A%2F%2Fwww.facebook.com%2Fradiopiu%2Fvideos%2F539986645504932%2F&amp;show_text=false&amp;width=560&amp;t=0\" width=\"560\" height=\"314\" frameborder=\"0\" scrolling=\"no\" allowfullscreen=\"allowfullscreen\" data-mce-fragment=\"1\"><\/iframe><\/p>\n<p>&nbsp;<\/p>\n<p>&nbsp;<\/p>\n<hr \/>\n<p>&nbsp;<\/p>\n<blockquote>\n<h3>ADEGUAMENTO SISMICO E RIQUALIFICAZIONE DEL NOF FILO&#8217;: PARLA IL SINDACO MAURO SOPPELSA<\/h3>\n<\/blockquote>\n<p><strong><a class=\"dt-pswp-item\" href=\"https:\/\/www.radiopiu.net\/wordpress\/wp-content\/uploads\/2024\/11\/MAURO-SOPPELSA.png\" data-dt-img-description=\"\" data-large_image_width=\"642\" data-large_image_height=\"494\"><img loading=\"lazy\" decoding=\"async\" class=\" wp-image-420843 alignleft\" src=\"https:\/\/www.radiopiu.net\/wordpress\/wp-content\/uploads\/2024\/11\/MAURO-SOPPELSA-300x231.png\" alt=\"\" width=\"203\" height=\"156\" srcset=\"https:\/\/www.radiopiu.net\/wordpress\/wp-content\/uploads\/2024\/11\/MAURO-SOPPELSA-300x231.png 300w, https:\/\/www.radiopiu.net\/wordpress\/wp-content\/uploads\/2024\/11\/MAURO-SOPPELSA.png 642w\" sizes=\"auto, (max-width: 203px) 100vw, 203px\" \/><\/a>CENCENIGHE<\/strong> Il Nof Fil\u00f2 di Cencenighe sar\u00e0 adeguato agli standard di sicurezza sismici e completamente riqualificato grazie a un primo contributo di 1.600.000 euro del Fondo Comuni Confinanti, in accordo con il Comune. L\u2019intervento mira a garantire sia la sicurezza strutturale sia una funzionalit\u00e0 moderna e al passo con i tempi. La struttura, con 43 anni di storia, rappresenta un punto di riferimento fondamentale non solo per Cencenighe, ma per l\u2019intero comprensorio agordino. Questo progetto conferma l&#8217;importanza del Nof Fil\u00f2 come centro vitale per la comunit\u00e0 locale.<\/p>\n<p><strong>IL SINDACO DI CENCENIGHE MAURO SOPPELSA<\/strong><\/p>\n<audio class=\"wp-audio-shortcode\" id=\"audio-420776-12\" preload=\"none\" style=\"width: 100%;\" controls=\"controls\"><source type=\"audio\/mpeg\" src=\"https:\/\/www.radiopiu.net\/wordpress\/wp-content\/uploads\/2024\/11\/mauro-soppelsa-noffilo.mp3?_=12\" \/><a href=\"https:\/\/www.radiopiu.net\/wordpress\/wp-content\/uploads\/2024\/11\/mauro-soppelsa-noffilo.mp3\">https:\/\/www.radiopiu.net\/wordpress\/wp-content\/uploads\/2024\/11\/mauro-soppelsa-noffilo.mp3<\/a><\/audio>\n<p>&nbsp;<\/p>\n<h2><span style=\"color: #ff0000;\">IERI ALLA RADIO<\/span><\/h2>\n<p><strong class=\"photoswipe-wrapper\"><a class=\"dt-pswp-item pspw-wrap-ready\" href=\"https:\/\/www.radiopiu.net\/wordpress\/wp-content\/uploads\/2022\/11\/CENCENIGHE-NOF-FILO.png\" data-dt-img-description=\"\" data-large_image_width=\"1494\" data-large_image_height=\"962\"><img loading=\"lazy\" decoding=\"async\" class=\" wp-image-308445 alignleft\" src=\"https:\/\/www.radiopiu.net\/wordpress\/wp-content\/uploads\/2022\/11\/CENCENIGHE-NOF-FILO-300x193.png\" sizes=\"auto, (max-width: 232px) 100vw, 232px\" srcset=\"https:\/\/www.radiopiu.net\/wordpress\/wp-content\/uploads\/2022\/11\/CENCENIGHE-NOF-FILO-300x193.png 300w, https:\/\/www.radiopiu.net\/wordpress\/wp-content\/uploads\/2022\/11\/CENCENIGHE-NOF-FILO-1024x659.png 1024w, https:\/\/www.radiopiu.net\/wordpress\/wp-content\/uploads\/2022\/11\/CENCENIGHE-NOF-FILO-768x495.png 768w, https:\/\/www.radiopiu.net\/wordpress\/wp-content\/uploads\/2022\/11\/CENCENIGHE-NOF-FILO.png 1494w\" alt=\"\" width=\"232\" height=\"149\" \/><\/a>BELLUNO\u00a0<\/strong>Nof Fil\u00f2 di Cencenighe verso l\u2019adeguamento agli standard di sicurezza sismici oggi richiesti e la piena riqualificazione funzionale: nei giorni scorsi il Fondo Comuni Confinanti e il Comune hanno infatti siglato la convenzione che destina alla struttura un primo contributo di 1.600.000 euro. \u201cForse pochi edifici costituiscono per una comunit\u00e0 locale un centro di cultura e aggregazione sociale cos\u00ec identitario come il\u00a0<em>Nof Fil\u00f2<\/em>\u00a0per Cencenighe; \u00e8 parso subito opportuno, se non addirittura necessario, impegnare le risorse del FCC per un intervento che va nella duplice direzione di garantire alla costruzione, da un lato, i necessari livelli di sicurezza strutturale, e, dall\u2019altro, una piena e moderna funzionalit\u00e0, adeguata agli standard moderni. D\u2019altro canto, 43 anni di storia testimoniano gi\u00e0 da soli quale sia l\u2019importanza e il ruolo del\u00a0<em>Nof Fil\u00f2<\/em>\u00a0non solo per Cencenighe, ma per tutto il comprensorio agordino\u201d. Cos\u00ec il presidente del Comitato di Gestione del Fondo Comuni Confinanti, on.le Dario Bond, a corollario della firma apposta in questi giorni sull\u2019accordo che d\u00e0 il via libera all\u2019intervento. \u201cA giorni, aggiunge il sindaco di Cencenighe Mauro Soppelsa, ci verr\u00e0 consegnata la progettazione esecutiva dell\u2019intervento, che prevede, tra l\u2019altro, oltre all\u2019adeguamento e al consolidamento sismico della struttura, il rifacimento del tetto e degli impianti, la coibentazione dell\u2019edificio \u2013 che garantir\u00e0 un notevole risparmio energetico \u2013 l\u2019installazione di nuovi impianti audio e video e la nuova distribuzione degli spazi dedicati al bar, ai servizi e al magazzino. Stiamo gi\u00e0 lavorando con il Fondo, aggiunge Soppelsa, per una ulteriore tranche di finanziamento da 1,4 milioni che ci consentir\u00e0 di completare tutti gli interventi necessari. Per la nostra comunit\u00e0 \u00e8 davvero una gran bella notizia; contiamo di andare in appalto con le prime opere gi\u00e0 nella prossima primavera\u201d, conclude il sindaco Soppelsa.<\/p>\n<p>&nbsp;<\/p>\n<p>&nbsp;<\/p>\n<hr \/>\n<p>&nbsp;<\/p>\n<blockquote>\n<h2>Nuove norme stradali e controlli intensificati<\/h2>\n<\/blockquote>\n<p><strong><img loading=\"lazy\" decoding=\"async\" class=\"alignleft\" src=\"https:\/\/www.radiopiu.net\/wordpress\/wp-content\/uploads\/2019\/01\/stradale-belluno-4-1.jpg\" width=\"303\" height=\"191\" \/>BELLUNO<\/strong><\/p>\n<div class=\"flex-1 overflow-hidden\">\n<div class=\"h-full\">\n<div class=\"react-scroll-to-bottom--css-crwoh-79elbk h-full\">\n<div class=\"react-scroll-to-bottom--css-crwoh-1n7m0yu\">\n<div class=\"flex flex-col text-sm md:pb-9\">\n<article class=\"w-full scroll-mb-[var(--thread-trailing-height,150px)] text-token-text-primary focus-visible:outline-2 focus-visible:outline-offset-[-4px]\" dir=\"auto\" data-testid=\"conversation-turn-3\" data-scroll-anchor=\"true\">\n<div class=\"m-auto text-base py-[18px] px-3 md:px-4 w-full md:px-5 lg:px-4 xl:px-5\">\n<div class=\"mx-auto flex flex-1 gap-4 text-base md:gap-5 lg:gap-6 md:max-w-3xl lg:max-w-[40rem] xl:max-w-[48rem]\">\n<div class=\"group\/conversation-turn relative flex w-full min-w-0 flex-col agent-turn\">\n<div class=\"flex-col gap-1 md:gap-3\">\n<div class=\"flex max-w-full flex-col flex-grow\">\n<div class=\"min-h-8 text-message flex w-full flex-col items-end gap-2 whitespace-normal break-words [.text-message+&amp;]:mt-5\" dir=\"auto\" data-message-author-role=\"assistant\" data-message-id=\"e7a0e2e4-d5c4-4fa4-a057-e682336b4cea\" data-message-model-slug=\"gpt-4o\">\n<div class=\"flex w-full flex-col gap-1 empty:hidden first:pt-[3px]\">\n<div class=\"markdown prose w-full break-words dark:prose-invert dark\">\n<p>Nel weekend proseguono i pattugliamenti di Polizia stradale e altre forze dell&#8217;ordine lungo le strade. Le recenti verifiche hanno portato a sanzioni per guida in stato di ebbrezza o sotto l&#8217;effetto di droghe. Con l\u2019imminente entrata in vigore delle nuove norme del codice della strada, sanzioni pi\u00f9 severe attendono i trasgressori, incluse misure come l&#8217;alcolblock per i recidivi e regole pi\u00f9 rigide su cellulari e monopattini. A Belluno, un incontro formativo ha preparato polizia e polizia locale sulle nuove procedure di controllo. La collaborazione tra le forze continuer\u00e0 nelle prossime settimane, puntando sulla tolleranza zero per migliorare la sicurezza stradale.<\/p>\n<p>&nbsp;<\/p>\n<\/div>\n<\/div>\n<\/div>\n<\/div>\n<\/div>\n<\/div>\n<\/div>\n<\/div>\n<\/article>\n<\/div>\n<\/div>\n<\/div>\n<\/div>\n<\/div>\n<p>&nbsp;<\/p>\n<blockquote>\n<h3>UN INCONTRO PER PARLARE DI GUIDA IN STATO DI EBREZZA E SOTTO EFFETTO DI STUPEFACENTI<\/h3>\n<\/blockquote>\n<p><a class=\"dt-pswp-item\" href=\"https:\/\/www.radiopiu.net\/wordpress\/wp-content\/uploads\/2024\/11\/SCR-20241121-kjrm.jpeg\" data-dt-img-description=\"Screenshot\" data-large_image_width=\"1272\" data-large_image_height=\"656\"><img loading=\"lazy\" decoding=\"async\" class=\"wp-image-420871 size-medium alignleft\" src=\"https:\/\/www.radiopiu.net\/wordpress\/wp-content\/uploads\/2024\/11\/SCR-20241121-kjrm-300x155.jpeg\" alt=\"\" width=\"300\" height=\"155\" srcset=\"https:\/\/www.radiopiu.net\/wordpress\/wp-content\/uploads\/2024\/11\/SCR-20241121-kjrm-300x155.jpeg 300w, https:\/\/www.radiopiu.net\/wordpress\/wp-content\/uploads\/2024\/11\/SCR-20241121-kjrm-1024x528.jpeg 1024w, https:\/\/www.radiopiu.net\/wordpress\/wp-content\/uploads\/2024\/11\/SCR-20241121-kjrm-768x396.jpeg 768w, https:\/\/www.radiopiu.net\/wordpress\/wp-content\/uploads\/2024\/11\/SCR-20241121-kjrm.jpeg 1272w\" sizes=\"auto, (max-width: 300px) 100vw, 300px\" \/><\/a><strong>BELLUNO <\/strong>La Sezione Polizia Stradale di Belluno ha organizzato presso la Sala Bianchi \u201cEliseo Dal Pont\u201d di Belluno un\u2019attivit\u00e0 formativa dedicata alle procedure di accertamento della guida in stato di ebbrezza e sotto l\u2019effetto di sostanze stupefacenti e psicotrope. All\u2019evento ha partecipato anche il personale della Polizia Locale di Belluno. La guida in stato di ebbrezza o sotto l\u2019influenza di sostanze stupefacenti\u00a0 rappresenta un fenomeno sempre pi\u00f9 preoccupante. Le recenti attivit\u00e0 di contrasto condotte congiuntamente dalla Sezione Polizia Stradale di Belluno e dalla Polizia Locale di Belluno hanno portato alla sanzione di numerosi automobilisti, alcuni dei quali coinvolti in incidenti stradali avvenuti poco prima del controllo. La collaborazione tra la Polizia Stradale di Belluno e la Polizia Locale di Belluno proseguir\u00e0 anche nelle prossime settimane, con l\u2019obiettivo di rafforzare la sicurezza stradale e prevenire ulteriori episodi di guida pericolosa.<\/p>\n<p>&nbsp;<\/p>\n<hr \/>\n<p>&nbsp;<\/p>\n<div class=\"page-title-head hgroup\">\n<blockquote>\n<h1 class=\"entry-title\">Ad Ottobre Rave party sotto la Regina, chi lo aveva autorizzato?<\/h1>\n<\/blockquote>\n<\/div>\n<div class=\"page-title-breadcrumbs\">\n<div class=\"flex max-w-full flex-col flex-grow\">\n<div class=\"min-h-8 text-message flex w-full flex-col items-end gap-2 whitespace-normal break-words [.text-message+&amp;]:mt-5\" dir=\"auto\" data-message-author-role=\"assistant\" data-message-id=\"83c29e44-5fd1-4cd0-a773-fa4ac4345a22\" data-message-model-slug=\"gpt-4o\">\n<div class=\"flex w-full flex-col gap-1 empty:hidden first:pt-[3px]\">\n<div class=\"markdown prose w-full break-words dark:prose-invert dark\">\n<p><strong><img decoding=\"async\" class=\"alignleft\" src=\"https:\/\/www.radiopiu.net\/wordpress\/wp-content\/uploads\/2024\/11\/th-12.jpg\" \/>ROCCA PIETORE<\/strong> \u2013 Mercoled\u00ec alle 18:30 \u00e8 convocato il Consiglio comunale con all\u2019ordine del giorno importanti punti di discussione. Tra questi, una variazione al bilancio di previsione finanziario e la rinuncia alla richiesta di ridestinazione di un finanziamento proveniente dal Fondo Comuni Confinanti.<\/p>\n<p>Un tema destinato a sollevare dibattito sar\u00e0 l\u2019interrogazione presentata dalla minoranza riguardo al rave party del 5 ottobre in localit\u00e0 La Leda. Il raduno, che ha suscitato curiosit\u00e0 e polemiche, era clandestino o autorizzato? Se autorizzato, chi ha concesso il permesso e per quali motivazioni?<\/p>\n<p><em>Queste domande puntano a chiarire eventuali responsabilit\u00e0 amministrative e a garantire trasparenza nella gestione di eventi sul territorio. La seduta si preannuncia animata, con i consiglieri chiamati a confrontarsi su temi che intrecciano amministrazione e controllo del territorio.<\/em><\/p>\n<\/div>\n<\/div>\n<\/div>\n<\/div>\n<p>foto archivio<\/p>\n<\/div>\n<p>&nbsp;<\/p>\n<h3><\/h3>\n<hr \/>\n<p>&nbsp;<\/p>\n<blockquote>\n<h3 class=\"_title post-title entry-title\"><a class=\"dt-pswp-item\" href=\"https:\/\/www.radiopiu.net\/wordpress\/wp-content\/uploads\/2023\/12\/ANTENNA.png\" data-dt-img-description=\"\" data-large_image_width=\"300\" data-large_image_height=\"166\"><img loading=\"lazy\" decoding=\"async\" class=\"wp-image-366306 alignleft\" src=\"https:\/\/www.radiopiu.net\/wordpress\/wp-content\/uploads\/2023\/12\/ANTENNA.png\" alt=\"\" width=\"154\" height=\"85\" \/><\/a>CERAMICA DOLOMITE: E\u2019 DI NUOVO CRISI. DOMANI SCIOPERO DI 4 ORE<\/h3>\n<\/blockquote>\n<p>(Servizio di\u00a0<a href=\"https:\/\/antennatre.medianordest.it\/redazione\/Tiziana-Bolognani\/\">Tiziana Bolognani<\/a>)<\/p>\n<p><iframe loading=\"lazy\" title=\"CERAMICA DOLOMITE: E&#039; DI NUOVO CRISI. DOMANI SCIOPERO DI 4 ORE  | 21\/11\/2024\" width=\"1200\" height=\"675\" src=\"https:\/\/www.youtube.com\/embed\/mf9Gher7_VQ?feature=oembed\" frameborder=\"0\" allow=\"accelerometer; autoplay; clipboard-write; encrypted-media; gyroscope; picture-in-picture; web-share\" referrerpolicy=\"strict-origin-when-cross-origin\" allowfullscreen><\/iframe><\/p>\n<hr \/>\n<p>&nbsp;<\/p>\n<p><strong>OGGI LA GIUDIZIARIA<\/strong><br \/>\n<strong>DAL CORRIERE DELLE ALPI<\/strong><br \/>\n<strong>SINTESI, GIGI SOSSO\u00a0<\/strong><\/p>\n<div class=\"flex max-w-full flex-col flex-grow\">\n<div class=\"min-h-8 text-message flex w-full flex-col items-end gap-2 whitespace-normal break-words [.text-message+&amp;]:mt-5\" dir=\"auto\" data-message-author-role=\"assistant\" data-message-id=\"7bc98185-df80-4188-8fdd-94ef6448dca1\" data-message-model-slug=\"gpt-4o\">\n<div class=\"flex w-full flex-col gap-1 empty:hidden first:pt-[3px]\">\n<div class=\"markdown prose w-full break-words dark:prose-invert dark\">\n<blockquote><p><strong>Investito, muore dopo un mese: al via il processo<\/strong><\/p><\/blockquote>\n<p><strong>FELTRE<\/strong> Dario Palminteri, 96 anni, fondatore del Rugby Feltre ed ex alpinista, mor\u00ec un mese dopo essere stato investito da una Volkswagen Caravelle in via Rizzarda. Nonostante la velocit\u00e0 moderata, il conducente \u00e8 accusato di omicidio stradale per mancata prudenza e violazione del Codice della Strada. L\u2019accusa, basata sulla perizia dell\u2019ingegner Andrea Calzavara, sostiene che l\u2019impatto si sarebbe potuto evitare. La difesa punta su una controperizia di Gianni Bee e sull\u2019assenza di autopsia. La prossima udienza \u00e8 fissata per il 3 luglio<\/p>\n<\/div>\n<\/div>\n<\/div>\n<\/div>\n<blockquote><p><strong>Maltrattamenti in famiglia: in tribunale un caso complesso<\/strong><\/p><\/blockquote>\n<p><strong>BELLUNO <\/strong>Un uomo, accusato di violenze contro la madre di suo figlio, \u00e8 in tribunale difeso da Silvia Dolif. La donna ha raccontato i mesi di convivenza difficili, tra minacce con coltelli e pistole, maltrattamenti fisici e abusi economici. Senza certificati medici ma con testimonianze drammatiche, ha spiegato di aver chiesto aiuto ai Servizi sociali. Il 10 marzo l\u2019imputato parler\u00e0.<\/p>\n<p><strong>Parcheggio selvaggio: processo per interruzione di pubblico servizio<\/strong><\/p>\n<p><strong>LIVINALLONGO<\/strong>\u00a0 un\u2019auto parcheggiata male ha impedito il passaggio di un camion carico di new jersey, causando un&#8217;ora di ritardo e l&#8217;intervento di carabinieri e Polizia locale. L\u2019episodio, accaduto ai piedi di uno stabile da demolire, ha portato il proprietario del veicolo a processo per interruzione di pubblico servizio. La prossima udienza si terr\u00e0 il 3 febbraio davanti al giudice Federico Montalto.<\/p>\n<p>&nbsp;<\/p>\n<div dir=\"auto\"><\/div>\n<div dir=\"auto\"><\/div>\n<div dir=\"auto\"><\/div>\n<div dir=\"auto\">\n<hr \/>\n<\/div>\n<div dir=\"auto\">\n<p>&nbsp;<\/p>\n<p>DILLO A RADIO PIU: Quando l\u2019acqua sparisce e la strada si chiude: cronache di una via<\/p>\n<p><strong>Riceviamo e pubblichiamo<\/strong><\/p>\n<div class=\"flex max-w-full flex-col flex-grow\">\n<div class=\"min-h-8 text-message flex w-full flex-col items-end gap-2 whitespace-normal break-words [.text-message+&amp;]:mt-5\" dir=\"auto\" data-message-author-role=\"assistant\" data-message-id=\"e59d9f22-bca7-4881-8240-941a691ba4cc\" data-message-model-slug=\"gpt-4o\">\n<div class=\"flex w-full flex-col gap-1 empty:hidden first:pt-[3px]\">\n<div class=\"markdown prose w-full break-words dark:prose-invert dark\">\n<p>&nbsp;<\/p>\n<p><strong><a class=\"dt-pswp-item\" href=\"https:\/\/www.radiopiu.net\/wordpress\/wp-content\/uploads\/2024\/11\/Senza-nome-93.png\" data-dt-img-description=\"\" data-large_image_width=\"331\" data-large_image_height=\"259\"><img loading=\"lazy\" decoding=\"async\" class=\"size-medium wp-image-420905 alignleft\" src=\"https:\/\/www.radiopiu.net\/wordpress\/wp-content\/uploads\/2024\/11\/Senza-nome-93-300x235.png\" alt=\"\" width=\"300\" height=\"235\" srcset=\"https:\/\/www.radiopiu.net\/wordpress\/wp-content\/uploads\/2024\/11\/Senza-nome-93-300x235.png 300w, https:\/\/www.radiopiu.net\/wordpress\/wp-content\/uploads\/2024\/11\/Senza-nome-93.png 331w\" sizes=\"auto, (max-width: 300px) 100vw, 300px\" \/><\/a>AGORDO<\/strong> Succede tutto in una tranquilla via di Agordo, di quelle che conosciamo per nome e un po\u2019 meno per comunicazioni utili. Una giovane cittadina, armata di pazienza (ma non di parcheggio), segnala con tono serafico una situazione al limite dell\u2019assurdo. Qui, a quanto pare, i lavori in corso sono segreti di stato: nessun avviso, nessun cartello, nessun tamburo per annunciare che, sorpresa, non potrai tornare a casa in auto. E se gi\u00e0 parcheggiare \u00e8 un\u2019odissea,\u00a0 ogni tanto, togliamoci anche l\u2019acqua, perch\u00e9 si sa, un giorno senz\u2019acqua \u00e8 un giorno di sfide. <em>&#8220;Qui molte volte tolgono l\u2019acqua e non lo segnalano&#8221;<\/em>, si lamenta l&#8217;ascoltatrice di RADIOPIU, immaginando un piano\u00a0 basato sull\u2019effetto sorpresa. Il risultato? Auto in esilio, rubinetti a volte\u00a0 muti e una comunit\u00e0 che si sente penalizzata dai problemi creati <em>\u201cda pochi a sfavore di molti\u201d.<\/em> Ironia della sorte, nessuno sembra mai essere informato. Niente bigliettini nelle cassette della posta, zero email, neppure un piccione viaggiatore.<em> &#8220;Bastava poco,<\/em><em> forse un avviso o una scrollata d&#8217;anticipo per prepararsi psicologicamente&#8221;. <\/em>Eppure, la via resiste e Claudio Baglioni continua a cantare ad Agordo, sul Col di Foglia \u00e8 cos\u00ec. Tra rabbia, ironia e qualche battuta al vicino, si sopravvive. Perch\u00e9 alla fine, quando la strada \u00e8 bloccata e l\u2019acqua non c\u2019\u00e8, resta solo un\u2019unica certezza: qualcuno, da qualche parte, probabilmente non ha ricevuto la mail<\/p>\n<\/div>\n<\/div>\n<\/div>\n<\/div>\n<p>&nbsp;<\/p>\n<hr \/>\n<p>&nbsp;<\/p>\n<blockquote>\n<h2 class=\"articlePlainTitle\">VIRGO FIDELIS, LA FESTA DEI CARABINIERI<\/h2>\n<\/blockquote>\n<div class=\"articlePlainText\"><em><strong>BELLUNO<\/strong> I carabinieri in servizio e in congedo hanno festeggiato ieri sera in Duomo la patrona dell&#8217;Arma, la Virgo Fidelis. Una celebrazione che ha visto riuniti i vertici militari, assieme ai carabinieri delle stazioni e del comando provinciale, ai loro familiari, ai militari in congedo e ai rappresentanti delle altre associazioni d&#8217;arma.<\/em><\/div>\n<p><a class=\"dt-pswp-item\" href=\"https:\/\/www.radiopiu.net\/wordpress\/wp-content\/uploads\/2024\/11\/Senza-nome-97.png\" data-dt-img-description=\"\" data-large_image_width=\"795\" data-large_image_height=\"417\"><img loading=\"lazy\" decoding=\"async\" class=\"alignnone size-medium wp-image-420931 aligncenter\" src=\"https:\/\/www.radiopiu.net\/wordpress\/wp-content\/uploads\/2024\/11\/Senza-nome-97-300x157.png\" alt=\"\" width=\"300\" height=\"157\" srcset=\"https:\/\/www.radiopiu.net\/wordpress\/wp-content\/uploads\/2024\/11\/Senza-nome-97-300x157.png 300w, https:\/\/www.radiopiu.net\/wordpress\/wp-content\/uploads\/2024\/11\/Senza-nome-97-768x403.png 768w, https:\/\/www.radiopiu.net\/wordpress\/wp-content\/uploads\/2024\/11\/Senza-nome-97.png 795w\" sizes=\"auto, (max-width: 300px) 100vw, 300px\" \/><\/a><\/p>\n<p>&nbsp;<\/p>\n<hr \/>\n<p>&nbsp;<\/p>\n<p>&nbsp;<\/p>\n<blockquote>\n<h2>Alunni del Catullo premiati al Festival Belluno Citt\u00e0 del Legno<\/h2>\n<\/blockquote>\n<p><strong><a class=\"dt-pswp-item\" href=\"https:\/\/www.radiopiu.net\/wordpress\/wp-content\/uploads\/2024\/11\/Immagine.jpg\" data-dt-img-description=\"\" data-large_image_width=\"1080\" data-large_image_height=\"1366\"><img loading=\"lazy\" decoding=\"async\" class=\"size-medium wp-image-420924 alignleft\" src=\"https:\/\/www.radiopiu.net\/wordpress\/wp-content\/uploads\/2024\/11\/Immagine-237x300.jpg\" alt=\"\" width=\"237\" height=\"300\" srcset=\"https:\/\/www.radiopiu.net\/wordpress\/wp-content\/uploads\/2024\/11\/Immagine-237x300.jpg 237w, https:\/\/www.radiopiu.net\/wordpress\/wp-content\/uploads\/2024\/11\/Immagine-810x1024.jpg 810w, https:\/\/www.radiopiu.net\/wordpress\/wp-content\/uploads\/2024\/11\/Immagine-768x971.jpg 768w, https:\/\/www.radiopiu.net\/wordpress\/wp-content\/uploads\/2024\/11\/Immagine.jpg 1080w\" sizes=\"auto, (max-width: 237px) 100vw, 237px\" \/><\/a>BELLUNO<\/strong><\/p>\n<p><strong>DI SARA PIAZZA\u00a0<\/strong><\/p>\n<p>Due alunne dell\u2019IS \u201cCatullo\u201d frequentanti il Liceo grafico e multimediale, sono salite sul podio del Concorso fotografico organizzato dal Consorzio Belluno Centro Storico, in occasione della 3\u00b0 edizione del Festival Belluno Citt\u00e0 del Legno. Martina Baglivo, della classe 3AM, e Giulia Ribaudio, della 3BM, si sono aggiudicate rispettivamente il 1\u00b0 e 2\u00b0 posto, per la sezione studenti, interpretando capacemente, attraverso i loro scatti, il tema del concorso: <em>Le espressioni dell\u2019uomo e della sua scultura<\/em>. \u201cQuando la professoressa Laura Del Favero ci ha proposto di partecipare al concorso, non avrei mai pensato di vincere,\u201d racconta con emozione la prima classificata. \u201c\u00c8 stato un bel risultato e una gioia che ho condiviso con i miei compagni di classe. Nella foto ho voluto cogliere l\u2019espressione dello scultore, e il passaggio dall\u2019idea all\u2019opera compiuta: lo scalpello crea una linea diagonale che unisce l\u2019occhio dell\u2019artista alla mano, per finire sulla scultura, in contorni ben definiti dalla luce sullo sfondo\u201d. Altri due alunni dell\u2019Istituto, Paola Lorenzini (3AM) e Lorenzo Tremonti (5AG), hanno ricevuto una menzione speciale, per il valore artistico delle loro opere. Le premiazioni si sono svolte in data 17 novembre, a conclusione della 3\u00b0edizione del Festival, che si snoda come estensione della storica Ex tempore di Scultura su Legno e crea nuove contaminazioni tra la materia e le arti.<\/p>\n<p>&nbsp;<\/p>\n<hr \/>\n<p>&nbsp;<\/p>\n<blockquote>\n<h2>Amministrazione al lavoro: opere completate e nuovi progetti per il territorio<\/h2>\n<\/blockquote>\n<blockquote>\n<h2><a class=\"dt-pswp-item\" href=\"https:\/\/www.radiopiu.net\/wordpress\/wp-content\/uploads\/2024\/06\/VALERIO-DAVARE.png\" data-dt-img-description=\"\" data-large_image_width=\"513\" data-large_image_height=\"495\"><img loading=\"lazy\" decoding=\"async\" class=\"wp-image-393708 alignleft\" src=\"https:\/\/www.radiopiu.net\/wordpress\/wp-content\/uploads\/2024\/06\/VALERIO-DAVARE-300x289.png\" alt=\"\" width=\"171\" height=\"165\" srcset=\"https:\/\/www.radiopiu.net\/wordpress\/wp-content\/uploads\/2024\/06\/VALERIO-DAVARE-300x289.png 300w, https:\/\/www.radiopiu.net\/wordpress\/wp-content\/uploads\/2024\/06\/VALERIO-DAVARE.png 513w\" sizes=\"auto, (max-width: 171px) 100vw, 171px\" \/><\/a><\/h2>\n<\/blockquote>\n<p><strong>ROCCA PIETORE<\/strong> Il sindaco Valerio Davare anticipa gli auguri di buone feste alla popolazione. Lo fa con una lettera sul gruppo whatsapp. &#8220;Cari concittadini &#8211; scrive tra l&#8217;altro il sindaco &#8211;\u00a0 in questi mesi l\u2019amministrazione ha affrontato le sfide del nostro fragile territorio e delle infrastrutture datate, collaborando con il personale comunale ed enti esterni. Tra le opere concluse: asfaltature a Masar\u00e8 e Palue, manutenzione sentieri e strade silvo-pastorali, consolidamento stradale a Troi, e completamento delle scogliere al Ru dei Termen. \u00c8 quasi ultimata la ristrutturazione dell\u2019edificio comunale a Molin e il rifacimento del parco naturale dei Serrai, per il quale si sta individuando una nuova gestione. Abbiamo aderito al progetto dei \u201cBorghi pi\u00f9 belli d\u2019Italia\u201d con un articolo pubblicitario, e molte altre opere sono in programma per migliorare ogni abitato e valorizzare boschi e pascoli.<\/p>\n<\/div>\n<div dir=\"auto\"><\/div>\n<p>&nbsp;<\/p>\n<hr \/>\n<p>&nbsp;<\/p>\n<blockquote>\n<h3>VHV: PREMIO RISULTATO E BUONO CARBURANTE PER I DIPENDENTI<\/h3>\n<\/blockquote>\n<p><strong><a class=\"dt-pswp-item\" href=\"https:\/\/www.radiopiu.net\/wordpress\/wp-content\/uploads\/2024\/11\/VHV.png\" data-dt-img-description=\"\" data-large_image_width=\"359\" data-large_image_height=\"140\"><img loading=\"lazy\" decoding=\"async\" class=\" wp-image-420874 alignleft\" src=\"https:\/\/www.radiopiu.net\/wordpress\/wp-content\/uploads\/2024\/11\/VHV-300x117.png\" alt=\"\" width=\"177\" height=\"69\" srcset=\"https:\/\/www.radiopiu.net\/wordpress\/wp-content\/uploads\/2024\/11\/VHV-300x117.png 300w, https:\/\/www.radiopiu.net\/wordpress\/wp-content\/uploads\/2024\/11\/VHV.png 359w\" sizes=\"auto, (max-width: 177px) 100vw, 177px\" \/><\/a>BELLUNO<\/strong> Il 20 novembre 2024 \u00e8 stato siglato un accordo tra VHV, compagnia assicurativa di Belluno, e il sindacato First Cisl Belluno Treviso, rappresentato da Antonella Primizia, per il premio di risultato e un buono carburante di 200 euro. Il premio, previsto per aprile 2025, sar\u00e0 legato a obiettivi di produttivit\u00e0, redditivit\u00e0 e innovazione, con la possibilit\u00e0 per i dipendenti di destinarne una parte alla previdenza complementare o al welfare, ricevendo un incremento del 10%. A Natale 2024, tutti i lavoratori riceveranno un buono carburante. L\u2019accordo include anche l\u2019aumento del buono pasto, una giornata di permesso retribuito, e maggiore flessibilit\u00e0, con l\u2019obiettivo di firmare il contratto integrativo aziendale entro gennaio 2025. Inoltre, da luglio 2024, \u00e8 attivo lo smart working per almeno due giorni a settimana. Il percorso condiviso mira a migliorare welfare, assistenza sanitaria e percorsi di carriera.<\/p>\n<p>&nbsp;<\/p>\n<p>&nbsp;<\/p>\n<hr \/>\n<p>&nbsp;<\/p>\n<blockquote>\n<h3>TRE OSPITI DI PRESTIGIO A LORENZAGO PER PARLARE DELLE SFIDE E DELLE OPPORTUNITA&#8217; PER IL TERRITORIO IN MATERIA DI TURISMO<\/h3>\n<\/blockquote>\n<p><strong>LORENZAGO<\/strong> Stasera alle 20:45, nella sala esposizioni del Municipio di Lorenzago, si terr\u00e0 la quarta serata della rassegna culturale <em>&#8220;Pi te sas, meo te stas!&#8221;<\/em>, dedicata al turismo montano. L&#8217;evento, a ingresso libero, vedr\u00e0 la partecipazione di Luca De Carlo, senatore e presidente della commissione agricoltura e turismo del Senato, Federico Caner, assessore regionale al turismo, e un rappresentante della fondazione DMO Dolomiti Bellunesi. Moderer\u00e0 il dibattito Alberto Laggia, nuovo direttore de <em>L\u2019Amico del Popolo<\/em>. Si discuteranno sfide e opportunit\u00e0 per il territorio bellunese, con particolare attenzione ai grandi eventi, come le Olimpiadi invernali del 2026, e al futuro del turismo.<\/p>\n<p>&nbsp;<\/p>\n<p>&nbsp;<\/p>\n<hr \/>\n<p>&nbsp;<\/p>\n<blockquote>\n<h3>DOMANI ALLA MIG CON FONDAZIONE CORTINA<\/h3>\n<\/blockquote>\n<p><strong><a class=\"dt-pswp-item\" href=\"https:\/\/www.radiopiu.net\/wordpress\/wp-content\/uploads\/2024\/11\/210914-Roadshow-SportBusinessForum-Belluno-4-scaled.jpg\" data-dt-img-description=\"\" data-large_image_width=\"2560\" data-large_image_height=\"2048\"><img loading=\"lazy\" decoding=\"async\" class=\" wp-image-420851 alignleft\" src=\"https:\/\/www.radiopiu.net\/wordpress\/wp-content\/uploads\/2024\/11\/210914-Roadshow-SportBusinessForum-Belluno-4-300x240.jpg\" alt=\"\" width=\"148\" height=\"118\" srcset=\"https:\/\/www.radiopiu.net\/wordpress\/wp-content\/uploads\/2024\/11\/210914-Roadshow-SportBusinessForum-Belluno-4-300x240.jpg 300w, https:\/\/www.radiopiu.net\/wordpress\/wp-content\/uploads\/2024\/11\/210914-Roadshow-SportBusinessForum-Belluno-4-1024x819.jpg 1024w, https:\/\/www.radiopiu.net\/wordpress\/wp-content\/uploads\/2024\/11\/210914-Roadshow-SportBusinessForum-Belluno-4-768x614.jpg 768w, https:\/\/www.radiopiu.net\/wordpress\/wp-content\/uploads\/2024\/11\/210914-Roadshow-SportBusinessForum-Belluno-4-1536x1229.jpg 1536w, https:\/\/www.radiopiu.net\/wordpress\/wp-content\/uploads\/2024\/11\/210914-Roadshow-SportBusinessForum-Belluno-4-2048x1638.jpg 2048w\" sizes=\"auto, (max-width: 148px) 100vw, 148px\" \/><\/a>CORTINA<\/strong> Domani alle 15:30, allo stand della Regione Veneto alla Mostra Internazionale del Gelato (MIG) di Longarone, si terr\u00e0 l\u2019incontro <em>\u201cCortina e Dolomiti Bellunesi: una nuova stagione per lo sport e il turismo invernale\u201d<\/em>. Promosso dalla Regione Veneto e organizzato da Fondazione Cortina con Fondazione DMO Dolomiti Bellunesi, l\u2019evento presenter\u00e0 le attivit\u00e0 di promozione legate alla Coppa del Mondo di Sci Alpino Femminile di Cortina (18-19 gennaio 2025) e alle iniziative per la stagione invernale 2024\/2025. Si discuteranno le strategie per consolidare le Dolomiti Bellunesi come destinazione d\u2019eccellenza per sport, cultura e turismo, anche in vista delle Olimpiadi e Paralimpiadi Milano Cortina 2026. La MIG ospiter\u00e0 inoltre la <em>\u201csNOw DIFFERENCE EXPEDITION\u201d<\/em>, roadshow che avvicina i giovani agli sport olimpici e paralimpici attraverso esperienze interattive. Saranno presenti le mascotte ufficiali dei Giochi 2026, Tina, Milo e Corty, per arricchire l\u2019esperienza dei partecipanti.<\/p>\n<p>&nbsp;<\/p>\n<hr \/>\n<p>&nbsp;<\/p>\n<blockquote><p><strong>Workshop sull&#8217;Open Innovation a Belluno: supporto alle imprese locali<\/strong><\/p><\/blockquote>\n<p><strong><a class=\"dt-pswp-item\" href=\"https:\/\/www.radiopiu.net\/wordpress\/wp-content\/uploads\/2024\/09\/GAL_logo.png\" data-dt-img-description=\"\" data-large_image_width=\"286\" data-large_image_height=\"88\"><img loading=\"lazy\" decoding=\"async\" class=\"size-full wp-image-408811 alignleft\" src=\"https:\/\/www.radiopiu.net\/wordpress\/wp-content\/uploads\/2024\/09\/GAL_logo.png\" alt=\"\" width=\"286\" height=\"88\" \/><\/a>BELLUNO<\/strong> Il 26-27 novembre a Belluno si terr\u00e0 un workshop per diffondere strumenti e modelli di Open Innovation, rivolto alle imprese locali. L&#8217;evento, promosso dall\u2019IPA Prealpi e Dolomiti Bellunesi, mira a superare le barriere tecnologiche che ostacolano la crescita delle PMI. Con il supporto di esperti come Giulio Buciuni e Giorgio Soffiato, saranno presentati strumenti pratici per integrare l\u2019innovazione nei processi aziendali. Finanziato da istituti di credito locali, il workshop rappresenta un passo strategico verso l&#8217;economia della conoscenza e la competitivit\u00e0 sostenibile.<\/p>\n<p>&nbsp;<\/p>\n<p>&nbsp;<\/p>\n<hr \/>\n<p>&nbsp;<\/p>\n<h2><span style=\"color: #ff0000;\">CONSIGLI COMUNALI IN AGORDINO<\/span><\/h2>\n<p><strong>AGORDO<\/strong> Luned\u00ec alle 18 consiglio comunale convocato dal sindaco Roberto Chissal\u00e8. Quattro punti in discussione tra cui l&#8217;acquisizione al patrimonio comunale della sede della scuola materna mons. Luigi Cappello, l&#8217;approvazione del DUP e la presa d&#8217;atto della quantificazione economica deli interventi in capo ai proponenti sui terreni che sono stati oggetto di permuta.<\/p>\n<p><strong>ROCCA PIETORE<\/strong> Mercoledi alle 18.30 consiglio comunale, variazione da apportare agli stanziamenti del bilancio di previsione finanziario; rinuncia richiesta di ridestinazione del finanziamento da parte del fondo Comuni Confinanti. La minoranza chiede invece conto con un&#8217;iterrogazione del rave party free dello scorso 5 ottobre in localit\u00e0 La Leda.<\/p>\n<p><strong>RIVAMONTE<\/strong> Consiglio comunale convocato dal sindaco Giovanni Deon mercoled\u00ec alle 18:30. In discussione due variazioni al bilancio<\/p>\n<div class=\"flex-1 overflow-hidden\">\n<div class=\"h-full\">\n<div class=\"react-scroll-to-bottom--css-xgxjv-79elbk h-full\">\n<div class=\"react-scroll-to-bottom--css-xgxjv-1n7m0yu\">\n<div class=\"flex flex-col text-sm md:pb-9\">\n<article class=\"w-full scroll-mb-[var(--thread-trailing-height,150px)] text-token-text-primary focus-visible:outline-2 focus-visible:outline-offset-[-4px]\" dir=\"auto\" data-testid=\"conversation-turn-15\" data-scroll-anchor=\"true\">\n<div class=\"m-auto text-base py-[18px] px-3 md:px-4 w-full md:px-5 lg:px-4 xl:px-5\">\n<div class=\"mx-auto flex flex-1 gap-4 text-base md:gap-5 lg:gap-6 md:max-w-3xl lg:max-w-[40rem] xl:max-w-[48rem]\">\n<div class=\"group\/conversation-turn relative flex w-full min-w-0 flex-col agent-turn\">\n<div class=\"flex-col gap-1 md:gap-3\">\n<div class=\"mt-3 w-full empty:hidden\">\n<div class=\"text-center\"><strong>L&#8217;ULTIMA DIRETTA DI RADIOPIU DAL MUNICIPIO DI AGORDO, IL CONSIGLIO COMUNALE 18 NOVEMBRE 2024<\/strong><\/div>\n<\/div>\n<\/div>\n<div class=\"absolute\"><\/div>\n<\/div>\n<\/div>\n<\/div>\n<\/article>\n<\/div>\n<\/div>\n<\/div>\n<\/div>\n<\/div>\n<div class=\"md:pt-0 dark:border-white\/20 md:border-transparent md:dark:border-transparent w-full\">\n<div class=\"m-auto text-base px-3 md:px-4 w-full md:px-5 lg:px-4 xl:px-5\">\n<div class=\"mx-auto flex flex-1 gap-4 text-base md:gap-5 lg:gap-6 md:max-w-3xl lg:max-w-[40rem] xl:max-w-[48rem]\">\n<div class=\"flex justify-center\">\n<p><iframe loading=\"lazy\" title=\"Consiglio Comunale di Agordo \/ 18 novembre 2024\" width=\"1200\" height=\"675\" src=\"https:\/\/www.youtube.com\/embed\/5Ud7VGFJf7w?start=1636&#038;feature=oembed\" frameborder=\"0\" allow=\"accelerometer; autoplay; clipboard-write; encrypted-media; gyroscope; picture-in-picture; web-share\" referrerpolicy=\"strict-origin-when-cross-origin\" allowfullscreen><\/iframe><\/p>\n<\/div>\n<form class=\"w-full\" aria-haspopup=\"dialog\" aria-expanded=\"false\" aria-controls=\"radix-:r4d:\" data-state=\"closed\">\n<div class=\"relative flex h-full max-w-full flex-1 flex-col\">\n<div class=\"group relative flex w-full items-center\">\n<div id=\"composer-background\" class=\"flex w-full flex-col transition-colors contain-inline-size gap-1.5 rounded-[26px] px-2.5 py-1.5 bg-[#f4f4f4] dark:bg-token-main-surface-secondary\">\n<div class=\"flex items-end gap-1.5 pl-4 md:gap-2\">\n<div class=\"flex min-w-0 flex-1 flex-col\">\n<div class=\"_prosemirror-parent_15ceg_1 text-token-text-primary max-h-[25dvh] max-h-52 overflow-auto default-browser\">\n<p>&nbsp;<\/p>\n<\/div>\n<\/div>\n<\/div>\n<\/div>\n<\/div>\n<\/div>\n<\/form>\n<\/div>\n<\/div>\n<\/div>\n<p>&nbsp;<\/p>\n<hr \/>\n<p>&nbsp;<\/p>\n<blockquote>\n<h3>CONSEGNA DEI DIPLOMI DELL&#8217;ISTITUTO FOLLADOR-DE ROSSI<\/h3>\n<\/blockquote>\n<p><strong><a class=\"dt-pswp-item\" href=\"https:\/\/www.radiopiu.net\/wordpress\/wp-content\/uploads\/2024\/11\/FOLLADOR-DE-ROSSI.png\" data-dt-img-description=\"\" data-large_image_width=\"385\" data-large_image_height=\"148\"><img loading=\"lazy\" decoding=\"async\" class=\" wp-image-420848 alignleft\" src=\"https:\/\/www.radiopiu.net\/wordpress\/wp-content\/uploads\/2024\/11\/FOLLADOR-DE-ROSSI-300x115.png\" alt=\"\" width=\"245\" height=\"94\" srcset=\"https:\/\/www.radiopiu.net\/wordpress\/wp-content\/uploads\/2024\/11\/FOLLADOR-DE-ROSSI-300x115.png 300w, https:\/\/www.radiopiu.net\/wordpress\/wp-content\/uploads\/2024\/11\/FOLLADOR-DE-ROSSI.png 385w\" sizes=\"auto, (max-width: 245px) 100vw, 245px\" \/><\/a>AGORDO<\/strong> Venerd\u00ec 29 novembre 2024, alle ore 19:30, presso la palestra Dolomiti di Falcade (adiacente all\u2019Istituto Follador-De Rossi), si terr\u00e0 la cerimonia di consegna dei Diplomi di Stato dell\u2019Istituto Follador-De Rossi di Agordo. L\u2019evento sar\u00e0 preceduto da un buffet di benvenuto, curato dagli studenti dell\u2019indirizzo enogastronomico, a partire dalle 18:00. La serata celebrer\u00e0 i neo-diplomati e vedr\u00e0 la partecipazione di ospiti e autorit\u00e0. L\u2019iniziativa rappresenta un momento importante per valorizzare il percorso degli studenti e coinvolgere la comunit\u00e0.<\/p>\n<p>&nbsp;<\/p>\n<p>&nbsp;<\/p>\n<hr \/>\n<p>&nbsp;<\/p>\n<blockquote>\n<h2>Divieto di sosta su uno stallo in via Mezzaterra<\/h2>\n<\/blockquote>\n<h2><a class=\"dt-pswp-item\" href=\"https:\/\/www.radiopiu.net\/wordpress\/wp-content\/uploads\/2023\/06\/Belluno-di-sera-i-giovedi.jpg\" data-dt-img-description=\"\" data-large_image_width=\"1000\" data-large_image_height=\"750\"><img loading=\"lazy\" decoding=\"async\" class=\"size-medium wp-image-342240 alignleft\" src=\"https:\/\/www.radiopiu.net\/wordpress\/wp-content\/uploads\/2023\/06\/Belluno-di-sera-i-giovedi-300x225.jpg\" alt=\"\" width=\"300\" height=\"225\" srcset=\"https:\/\/www.radiopiu.net\/wordpress\/wp-content\/uploads\/2023\/06\/Belluno-di-sera-i-giovedi-300x225.jpg 300w, https:\/\/www.radiopiu.net\/wordpress\/wp-content\/uploads\/2023\/06\/Belluno-di-sera-i-giovedi-768x576.jpg 768w, https:\/\/www.radiopiu.net\/wordpress\/wp-content\/uploads\/2023\/06\/Belluno-di-sera-i-giovedi.jpg 1000w\" sizes=\"auto, (max-width: 300px) 100vw, 300px\" \/><\/a><\/h2>\n<p><strong>BELLUNO<\/strong> In alcune giornate, per incontri sulla natura morta al Museo Burel In occasione di alcuni incontri collegati alla mostra \u201cNatura morta. Jessica Moss\u201d, si rende necessaria l\u2019istituzione del divieto di sosta sullo stallo a pagamento antistante all\u2019ingresso del Museo Burel, in via Mezzaterra, all\u2019altezza del civico 49, nelle giornate 23, 24 e 30 novembre e 1, 7 e 8 dicembre, dalle ore 9.00 alle ore 19.00 di ciascuna giornata.<\/p>\n<blockquote>\n<h2>\u00a0Chiusura uffici Polizia locale<\/h2>\n<\/blockquote>\n<p><strong>BELLUNO\u00a0 <\/strong>Il 28 novembre e il 2 dicembre, gli uffici della Polizia locale saranno chiusi al pubblico, per permettere al personale di frequentare dei corsi di formazione. L\u2019attivit\u00e0 riprender\u00e0 regolarmente nelle altre giornate<\/p>\n<p>&nbsp;<\/p>\n<p>&nbsp;<\/p>\n<hr \/>\n<p>&nbsp;<\/p>\n<p>&nbsp;<\/p>\n<h1 class=\"_title post-title entry-title\"><a class=\"dt-pswp-item\" href=\"https:\/\/www.radiopiu.net\/wordpress\/wp-content\/uploads\/2023\/12\/ANTENNA.png\" data-dt-img-description=\"\" data-large_image_width=\"300\" data-large_image_height=\"166\"><img loading=\"lazy\" decoding=\"async\" class=\"wp-image-366306 alignleft\" src=\"https:\/\/www.radiopiu.net\/wordpress\/wp-content\/uploads\/2023\/12\/ANTENNA.png\" alt=\"\" width=\"226\" height=\"125\" \/><\/a>FESTA DEGLI ALBERI: MONUMENTALI I CEDRI DI PIAZZA DEI MARTIRI<\/h1>\n<p>(Servizio di\u00a0<a href=\"https:\/\/antennatre.medianordest.it\/redazione\/Fabio-Fioravanzi\/\">Fabio Fioravanzi<\/a>)<\/p>\n<p><iframe loading=\"lazy\" title=\"FESTA DEGLI ALBERI: MONUMENTALI I CEDRI DI PIAZZA DEI MARTIRI | 21\/11\/2024\" width=\"1200\" height=\"675\" src=\"https:\/\/www.youtube.com\/embed\/51ZIDb7U0_Y?feature=oembed\" frameborder=\"0\" allow=\"accelerometer; autoplay; clipboard-write; encrypted-media; gyroscope; picture-in-picture; web-share\" referrerpolicy=\"strict-origin-when-cross-origin\" allowfullscreen><\/iframe><\/p>\n<hr \/>\n<p>&nbsp;<\/p>\n<blockquote><p><a class=\"dt-pswp-item\" href=\"https:\/\/www.radiopiu.net\/wordpress\/wp-content\/uploads\/2024\/11\/Cisl_ParlarePerSalvare_FlyerDigitale.jpg\" data-dt-img-description=\"Screenshot\" data-large_image_width=\"1088\" data-large_image_height=\"1550\"><img loading=\"lazy\" decoding=\"async\" class=\"alignleft wp-image-420678 \" src=\"https:\/\/www.radiopiu.net\/wordpress\/wp-content\/uploads\/2024\/11\/Cisl_ParlarePerSalvare_FlyerDigitale-211x300.jpg\" alt=\"\" width=\"168\" height=\"238\" srcset=\"https:\/\/www.radiopiu.net\/wordpress\/wp-content\/uploads\/2024\/11\/Cisl_ParlarePerSalvare_FlyerDigitale-211x300.jpg 211w, https:\/\/www.radiopiu.net\/wordpress\/wp-content\/uploads\/2024\/11\/Cisl_ParlarePerSalvare_FlyerDigitale-719x1024.jpg 719w, https:\/\/www.radiopiu.net\/wordpress\/wp-content\/uploads\/2024\/11\/Cisl_ParlarePerSalvare_FlyerDigitale-768x1094.jpg 768w, https:\/\/www.radiopiu.net\/wordpress\/wp-content\/uploads\/2024\/11\/Cisl_ParlarePerSalvare_FlyerDigitale-1078x1536.jpg 1078w, https:\/\/www.radiopiu.net\/wordpress\/wp-content\/uploads\/2024\/11\/Cisl_ParlarePerSalvare_FlyerDigitale.jpg 1088w\" sizes=\"auto, (max-width: 168px) 100vw, 168px\" \/><\/a><\/p>\n<h3>UN INCONTRO NELLA GIORNATA INTERNAZIONALE PER L&#8217;ELIMINAZIONE DELLA VIOLENZA CONTRO LE DONNE<\/h3>\n<\/blockquote>\n<p><strong>BELLUNO<\/strong> La Cisl Belluno Treviso, in occasione della Giornata Internazionale per l&#8217;Eliminazione della Violenza contro le Donne, organizza l&#8217;evento \u201cLa parola alla cultura. Parlare per salvare\u201d luned\u00ec alla Biblioteca Civica di Belluno. L\u2019iniziativa prevede interventi di quattro donne di diverse et\u00e0 e professioni, accompagnati da musica e letture contro la violenza. Parteciper\u00e0 anche una rappresentante dei Carabinieri di Belluno per fornire informazioni pratiche per le vittime di violenza e stalking. L\u2019evento sar\u00e0 aperto dal segretario generale della Cisl Francesco Orr\u00f9 e dall\u2019assessore alla Cultura Raffaele Addamiano. La segretaria della Cisl Roberta Barbieri sottolinea l\u2019importanza di combattere la violenza di genere non solo con leggi, ma attraverso cultura, educazione e contrasto agli stereotipi. Ogni testimonianza e azione, inclusa la sensibilizzazione nei luoghi di lavoro, pu\u00f2 essere un faro di speranza per superare la paura e promuovere l\u2019equit\u00e0 di genere.<\/p>\n<p>&nbsp;<\/p>\n<p>&nbsp;<\/p>\n<hr \/>\n<p>&nbsp;<\/p>\n<blockquote>\n<h3>DUE INCONTRI CON L&#8217;ASSOCIAZIONE SCUOLA GABELLI<\/h3>\n<\/blockquote>\n<p><strong><a class=\"dt-pswp-item\" href=\"https:\/\/www.radiopiu.net\/wordpress\/wp-content\/uploads\/2024\/11\/image-1.png\" data-dt-img-description=\"\" data-large_image_width=\"280\" data-large_image_height=\"284\"><img loading=\"lazy\" decoding=\"async\" class=\" wp-image-419990 alignleft\" src=\"https:\/\/www.radiopiu.net\/wordpress\/wp-content\/uploads\/2024\/11\/image-1.png\" alt=\"\" width=\"106\" height=\"108\" \/><\/a>BELLUNO<\/strong> L\u2019Associazione Scuola Gabelli di Belluno, in collaborazione con Belluno-ciak e l\u2019Istituto Bellunese di Ricerche Sociali e Culturali, organizza due conferenze sull\u2019eredit\u00e0 educativa di Pierina Boranga. Gli incontri si terranno nell\u2019aula magna del Seminario Gregoriano di Belluno alle 17:00: il 22 novembre si parler\u00e0 della nascita della scuola Gabelli e il 6 dicembre del suo impatto sulla scuola comelicense. L\u2019obiettivo \u00e8 riaffermare il valore rivoluzionario dell\u2019approccio educativo di Boranga, che metteva i bambini al centro del processo formativo, superando la visione utilitaristica della scuola. La Gabelli, definita la \u201cscuola pi\u00f9 bella d\u2019Italia\u201d, rappresenta un modello di didattica attiva e inclusiva che resta attuale. Rievocare questa esperienza significa sperare in un suo rinnovamento per i ragazzi di oggi e di domani.<\/p>\n<p>&nbsp;<\/p>\n<p>&nbsp;<\/p>\n<hr \/>\n<p>&nbsp;<\/p>\n<blockquote>\n<h2>AGORDO, MESSA PER I CADUTI SUL LAVORO 2024<\/h2>\n<\/blockquote>\n<p>&nbsp;<\/p>\n<p><strong>AGORDO<\/strong><\/p>\n<p><img loading=\"lazy\" decoding=\"async\" class=\"alignleft\" src=\"https:\/\/www.radiopiu.net\/wordpress\/wp-content\/uploads\/2024\/11\/AGORDO-La-Schola-Cantorum-di-La-Valle.jpg\" width=\"348\" height=\"232\" \/>Dopo la Messa per i caduti della montagna, celebrata nella consueta atmosfera carica di ricordi e di gratitudine, la comunit\u00e0 religiosa e civile di Agordo render\u00e0 nuovamente onore agli agordini morti sul lavoro.<\/p>\n<p>Lo far\u00e0 domenica, come da tradizione nella festa di Cristo re, alla Messa delle 18.30 nella chiesa arcidiaconale: un altro significativo momento di affettuosa e riconoscente memoria dei caduti nell\u2019attivit\u00e0 lavorativa.<\/p>\n<p>Una celebrazione che si svolge da 42 anni e vuole unirsi nel ricordo dei propri cari ai familiari dei morti, sottolineando al contempo il valore della vita, del lavoro e della sicurezza nei luoghi di lavoro, troppo spesso considerata inutile vincolo burocratico, mentre \u00e8 doveroso prevenire, nel rispetto delle leggi, le cause dei sempre troppi incidenti mortali, diffondendo una cultura della sicurezza.<\/p>\n<p>Una sentita cerimonia, con cui l&#8217;Agordino, oltre ad essere terra legata al mondo della montagna, dimostra di esserlo altrettanto a quello del lavoro e dell\u2019emigrazione. All\u2019offertorio della Messa, che si svolge dal 1982 per iniziativa della Parrocchia, della Nuova Corale, delle Confraternite locali e del Comune di Agordo, si ripeter\u00e0 il toccante momento della lettura di 163 nomi degli agordini che in Italia e all\u2019estero (fra cui molti minatori e periti minerari) hanno lasciato la vita nel compimento del dovere quotidiano. Il rito, celebrato dall\u2019arcidiacono monsignor Cesare Larese, sar\u00e0 accompagnato dalla Schola Cantorum di La Valle, diretta da Lucio De Cassan.<\/p>\n<p><strong>Foto<\/strong>:<\/p>\n<p>AGORDO \u2013 La Schola Cantorum di La Valle, diretta da Lucio De Cassan.<\/p>\n<p>&nbsp;<\/p>\n<p><em>Questi i nomi dei 163 agordini caduti sul lavoro al 24-11-2024<\/em><\/p>\n<p>Angoletta Dario (Irak), Avoscan Adolfo (Brescia), Bassot Fabrizio (Padova), Bedont Bruno (Vallalta), Bedont Ottavio (Porto Ceresio (VA)), Ben Benedetto (S. Marco d&#8217;Auronzo), Benvegn\u00f9 Denis (S. Michele all&#8217;Adige), Bortolotti Silvano (Andria (BA)), Bortoluzzi Giovanni (Feltre), Botter Antonio (Selva di Cadore), Botter Igino (Casera del Camp), Botter Serio (Francia), Bulgheroni Giovanni (Paluzza (UD)), Busin Danilo (Val Gardena), Carlin Sandro (Milano), Carrera Antonio (Vallalta), Case Pierdomenico (Tolmezzo), Cassol Rocco (Rocca Pietore), Chenet Tito (Monteneve), Chierzi Angelo (Agordo), Coltamai Paolo (Losanna Svizzera), Conedera Arcangelo (Kosseir Egitto), Conedera Giuseppe (Canton dei Grigioni Svizzera), Contini Ernesto (Sicilia), Costa Attilio (Valt di Caviola), Costantini Giuseppe (Agordo), Crepaz Fortunato (Australia), Crepaz Giuseppe (Renaz di Livinallongo), Crepaz Mariangelo (Genova), Crepaz Mauro (Arabba), Crepaz Massimo (Padon &#8211; Livinallongo), Crepaz Renzo (Livinallongo), Crepaz Renzo (Salesei di Sopra), Crose Primo Attilio (Per\u00f9), Da Costa Pietro (America del Nord), Da Roit Aurelio (Le Pale), Da Roit Cesare (Carbonia), Da Roit Elio (Col dei Toffoi), Da Roit Giuseppe (Foschin) (Germania), Da Roit Massimo Antonio (Galleria Agordo (Noach)), Da Roit Piergiovanni (Pordenone), Da Ronch Giorgio (Agordo), Da Ronche Fioravante (Trentino), Dai Pr\u00e0 Emanuele (Livigno), Dal Borgo Riccardo (Agordo), Dal Don Alessandro (Gosaldo), Dal Molin Isacco (Belgio), Dal Negro Silvano (Auronzo), Dall&#8217;Armi Pierfranco (Sedico), Dalla Porta Carlo (Taibon), Darman Giuseppino (Marmolada), De Biasi Vittorio (Abbadia S.Salvatore (SI)), De Biasio Sante (Ande Per\u00f9), De Cassan Vito (Vallalta), De Col Carlo (Gargnano), De Col Marcello (Plezzo), De Col Pietro (Germania), De Col Raffaele (Domodossola), De Col Romano (Livinallongo), De Marco Luigi (Iran), De Nardin Antonio (Valle Imperina), De Nardin Cesare (Kosseir Egitto), De Nardin Giuseppe (Agordo), De Nardin Mario (Svizzera), De Nardin Silvano (Filippine), De Nardin Silvio (Agordo), De Toni Alvise (Mozambico), De Zaiacomo Giovanni (Diga Entracque), De Zaiacomo Giuseppe (Sandrigo (VI)), De Zaiacomo Sergio (Agordo), De Zolt Gioacchino (Agordo), Del Din Paolo (Calceranica (TN)), Dell&#8217;Agnola Giovanni, Dell&#8217;Osbel Gigetto (Germania), Dell&#8217;Osbel Renato (Libia), Della Giacoma Gianluigi (Caviola), Dorigo Ivano (Gosaldo), Fadig\u00e0 Andrea (Bingham USA), Fadig\u00e0 Andrea (Crostolin di Agordo), Fadig\u00e0 Antonio (Bingham USA), Farenzena Giovanni (Bingham USA), Farenzena Giulio (Arsa Pola), Farenzena Gottardo (Colorado USA), Farenzena Luigi (Calleda), Ferroni Felix (Fortogna), Follador Enrico (Kosseir Egitto), Follador Stefano (Passo san Pellegrino), Foppa Luigi (Livinallongo), Frena Vittore (Sacile), Friz Giovanni (Persia), Fullin Aldo (Val Galina), Fullin Emilio (Pontebba (UD)), Fusina Giovanni (Mis &#8211; Sospirolo), Fusina Lucio (Chicago USA), Garavana Fabio (Castellavazzo), Gaz Dino (Entracque (CN)), Genuin Carlo (Desenzano), Genuin Paolo (Merano), Gobbis Ugo (Gosaldo), Lorenzi Ugo (Ortisei), Marcon Giuseppe (Vallalta), Marcon Paolo (Gosaldo), Martini Francesco (Livinallongo), Maschio Mario (Ciavalotta (AG)), Masoch Celio (Feltre), Mezzacasa Irno (Libia), Miana Giovanni (Vajont), Miola Luigi (Bingham USA), Monferone Luca (Angola), Moretti Michele (Treviso), Moretti Nicola (Val Daone), Moretti Orlando (Africa), Mottes Giovanni (Curitiba Paran\u00e0 Brasile), Nardi Claudio (Marmolada), Ongaro Luciano (S.Tomaso Agordino), Orzes Luigino (Oderzo), Pollazzon Carlo (Cesena), Porta Primo (La Valle Agordina), Renon Ilario (Glarus Svizzera), Renon Maurizio (Gosaldo), Riva Italo (Ascoli Piceno), Rossi Angelo (Avoscan), Rossi Dario (Congo), Rossi Giuseppe, Rossi Ivo (Zurigo), Rosson Dante (Piemonte), Rosson Enrico (Per\u00f9), Rumor Agostino (Agordo), Rumor Ernesto (USA), Santomaso Giuseppe (Asmara Eritrea), Santomaso Giuseppe (Bingham USA), Santomaso Innocente (Arsa Pola), Savio Alfonso (Taibon), Savio Rino (Bolzano), Schena Giovannina (Rivamonte), Selle Primo (Val Imperina), Serafini Salvatore (Marghera), Serafini Toni (Canale d&#8217;Agordo), Sibillon Danilo (Brescia), Sief Michele (Colle S. Lucia), Soccol Luciano (Luino (VA)), Sommariva Giorgio (Montevecchio (CA)), Sommariva Umberto (Val Imperina), Soppelsa Gianni (Rocca Pietore), Stalliviere Novello (Svizzera), Tazzer Umberto, Tibolla Giuseppe (Libia), Tomaselli Sergio (Verona), Troi Lino (Rocca Pietore), Troi Roberto (Bergamo), Troi Serafino (Cortina d&#8217;Ampezzo), Valcozzena Antonio (Tasmania Australia), Valt Giovanni (Sardegna), Vanz Genuino (Brescia &#8211; Val Camonica), Venialetti Giacinto (Vicenza), Vigilante Giuseppe (Roma), Zanetti Antonio (Colle S. Lucia), Zanin Remo (Valle Imperina), Zasso Antonio (Agordo), Zasso Luigi (Svizzera), Zasso Vincenzo, Zuanel Secondo (Val Imperina), Zus Giuseppe (Canale d&#8217;Agordo).<\/p>\n<p>&nbsp;<\/p>\n<p>&nbsp;<\/p>\n<hr \/>\n<p>&nbsp;<\/p>\n<blockquote>\n<h3>LA FESTA DEGLI EMIGRANTI A SEREN DEL GRAPPA<\/h3>\n<\/blockquote>\n<p><strong><a class=\"dt-pswp-item\" href=\"https:\/\/www.radiopiu.net\/wordpress\/wp-content\/uploads\/2024\/11\/EMI-SEREN.png\" data-dt-img-description=\"\" data-large_image_width=\"474\" data-large_image_height=\"243\"><img loading=\"lazy\" decoding=\"async\" class=\" wp-image-419852 alignleft\" src=\"https:\/\/www.radiopiu.net\/wordpress\/wp-content\/uploads\/2024\/11\/EMI-SEREN-300x154.png\" alt=\"\" width=\"220\" height=\"113\" srcset=\"https:\/\/www.radiopiu.net\/wordpress\/wp-content\/uploads\/2024\/11\/EMI-SEREN-300x154.png 300w, https:\/\/www.radiopiu.net\/wordpress\/wp-content\/uploads\/2024\/11\/EMI-SEREN.png 474w\" sizes=\"auto, (max-width: 220px) 100vw, 220px\" \/><\/a>BELLUNO <\/strong>La Festa degli Emigranti si terr\u00e0 domani a Seren del Grappa, celebrando le radici e l\u2019identit\u00e0 bellunese. L\u2019evento, sostenuto dal PNRR \u201cTurismo delle radici\u201d, vedr\u00e0 la partecipazione di autorit\u00e0, emigranti e figure di spicco. Dopo il ritrovo in Piazza di Rasai alle 9.00, un corteo accompagnato dalla Banda di Arsi\u00e9 raggiunger\u00e0 la Sala Teatro per la XXIV edizione del Premio Internazionale \u201cBellunesi che onorano la provincia di Belluno\u201d, con la conduzione di Nicola Maccagnan e interventi musicali di Pio Sagrillo e Omar Tonin. Alle 12.30, presso gli impianti sportivi, si terranno i saluti ufficiali e il \u201cPranzo dell\u2019emigrante\u201d, seguito nel pomeriggio da uno spettacolo del Gruppo Folk di Cesiomaggiore, la presentazione di una guida turistica e un laboratorio sulle migrazioni. La giornata sar\u00e0 un\u2019occasione di memoria e condivisione per onorare chi mantiene viva l\u2019eredit\u00e0 culturale bellunese nel mondo.<\/p>\n<p>&nbsp;<\/p>\n<hr \/>\n<p>&nbsp;<\/p>\n<blockquote>\n<h2>PUNTI DI VISTA, ULTIMO APPUNTAMENTO IN SALA AFFRESCHI A MEL<\/h2>\n<\/blockquote>\n<p><strong><img loading=\"lazy\" decoding=\"async\" class=\"alignleft\" src=\"https:\/\/www.radiopiu.net\/wordpress\/wp-content\/uploads\/2022\/03\/mel-3.jpg\" width=\"229\" height=\"129\" \/>BORGO VALBELLUNA<\/strong><\/p>\n<p>DI ROBERTO BONA<\/p>\n<audio class=\"wp-audio-shortcode\" id=\"audio-420776-13\" preload=\"none\" style=\"width: 100%;\" controls=\"controls\"><source type=\"audio\/wav\" src=\"https:\/\/www.radiopiu.net\/wordpress\/wp-content\/uploads\/2024\/11\/PuntiDiVistaUltimo.wav?_=13\" \/><a href=\"https:\/\/www.radiopiu.net\/wordpress\/wp-content\/uploads\/2024\/11\/PuntiDiVistaUltimo.wav\">https:\/\/www.radiopiu.net\/wordpress\/wp-content\/uploads\/2024\/11\/PuntiDiVistaUltimo.wav<\/a><\/audio>\n<p>&nbsp;<\/p>\n<hr \/>\n<p>&nbsp;<\/p>\n<blockquote>\n<h1>Dolomiti Garden: torna la magia del Natale a Belluno<\/h1>\n<\/blockquote>\n<div class=\"flex-1 overflow-hidden\">\n<div class=\"h-full\">\n<div class=\"react-scroll-to-bottom--css-munjv-79elbk h-full\">\n<div class=\"react-scroll-to-bottom--css-munjv-1n7m0yu\">\n<div class=\"flex flex-col text-sm md:pb-9\">\n<article class=\"w-full scroll-mb-[var(--thread-trailing-height,150px)] text-token-text-primary focus-visible:outline-2 focus-visible:outline-offset-[-4px]\" dir=\"auto\" data-testid=\"conversation-turn-49\" data-scroll-anchor=\"true\">\n<div class=\"m-auto text-base py-[18px] px-3 md:px-4 w-full md:px-5 lg:px-4 xl:px-5\">\n<div class=\"mx-auto flex flex-1 gap-4 text-base md:gap-5 lg:gap-6 md:max-w-3xl lg:max-w-[40rem] xl:max-w-[48rem]\">\n<div class=\"group\/conversation-turn relative flex w-full min-w-0 flex-col agent-turn\">\n<div class=\"flex-col gap-1 md:gap-3\">\n<div class=\"flex max-w-full flex-col flex-grow\">\n<div class=\"min-h-8 text-message flex w-full flex-col items-end gap-2 whitespace-normal break-words [.text-message+&amp;]:mt-5\" dir=\"auto\" data-message-author-role=\"assistant\" data-message-id=\"58dc525d-6200-4b3b-beaf-7d97086a66f0\" data-message-model-slug=\"gpt-4o\">\n<div class=\"flex w-full flex-col gap-1 empty:hidden first:pt-[3px]\">\n<div class=\"markdown prose w-full break-words dark:prose-invert dark\">\n<p><strong>BELLUNO<\/strong> Anche quest\u2019anno il Dolomiti Garden, il centro di giardinaggio situato lungo il Boscon a Belluno, si prepara a regalare una straordinaria sorpresa natalizia. Artisti di talento, tra cui Beppino Lorenzet, Gianluigi Zeni, Corrado Clerici, stanno lavorando per creare opere uniche che accarezzano il legno con maestria e passione.<\/p>\n<p>Come tradizione, il presepe sar\u00e0 posizionato nei pressi della Chiesa di San Fermo, portando un\u2019atmosfera di calore e spiritualit\u00e0 alla comunit\u00e0 locale. L\u2019iniziativa, guidata da Stefano De Paris e dal suo staff, \u00e8 un regalo speciale che ogni anno rinnova la magia del Natale, unendo arte, tradizione e solidariet\u00e0.<\/p>\n<\/div>\n<\/div>\n<\/div>\n<\/div>\n<div class=\"mb-2 flex gap-3 empty:hidden -ml-2\">\n<div class=\"items-center justify-start rounded-xl p-1 flex\">\n<div class=\"flex items-center\"><\/div>\n<\/div>\n<\/div>\n<div class=\"pr-2 lg:pr-0\">\n<p><iframe loading=\"lazy\" title=\"dolomiti garden\" width=\"1200\" height=\"675\" src=\"https:\/\/www.youtube.com\/embed\/3v_obImXvmo?feature=oembed\" frameborder=\"0\" allow=\"accelerometer; autoplay; clipboard-write; encrypted-media; gyroscope; picture-in-picture; web-share\" referrerpolicy=\"strict-origin-when-cross-origin\" allowfullscreen><\/iframe><\/p>\n<\/div>\n<\/div>\n<\/div>\n<\/div>\n<\/div>\n<\/article>\n<\/div>\n<\/div>\n<\/div>\n<\/div>\n<\/div>\n<div class=\"md:pt-0 dark:border-white\/20 md:border-transparent md:dark:border-transparent w-full\">\n<div class=\"m-auto text-base px-3 md:px-4 w-full md:px-5 lg:px-4 xl:px-5\">\n<div class=\"mx-auto flex flex-1 gap-4 text-base md:gap-5 lg:gap-6 md:max-w-3xl lg:max-w-[40rem] xl:max-w-[48rem]\">\n<form class=\"w-full\" aria-haspopup=\"dialog\" aria-expanded=\"false\" aria-controls=\"radix-:r5d:\" data-state=\"closed\">\n<div class=\"relative flex h-full max-w-full flex-1 flex-col\">\n<div><\/div>\n<\/div>\n<\/form>\n<\/div>\n<\/div>\n<\/div>\n<p>&nbsp;<\/p>\n<p>&nbsp;<\/p>\n<hr \/>\n<p>&nbsp;<\/p>\n<div class=\"page-title-head hgroup\">\n<h1 class=\"entry-title\">I colori dell\u2019autunno incontrano la cultura, la cucina agricola e i vini di montagna<\/h1>\n<\/div>\n<div class=\"page-title-breadcrumbs\"><\/div>\n<p data-pm-slice=\"1 1 []\"><strong><a class=\"dt-pswp-item\" href=\"https:\/\/www.radiopiu.net\/wordpress\/wp-content\/uploads\/2024\/05\/FABRIZIO-PESCOSTA.jpg\" data-dt-img-description=\"\" data-large_image_width=\"303\" data-large_image_height=\"166\"><img loading=\"lazy\" decoding=\"async\" class=\" wp-image-392099 alignleft\" src=\"https:\/\/www.radiopiu.net\/wordpress\/wp-content\/uploads\/2024\/05\/FABRIZIO-PESCOSTA-300x164.jpg\" alt=\"\" width=\"176\" height=\"96\" srcset=\"https:\/\/www.radiopiu.net\/wordpress\/wp-content\/uploads\/2024\/05\/FABRIZIO-PESCOSTA-300x164.jpg 300w, https:\/\/www.radiopiu.net\/wordpress\/wp-content\/uploads\/2024\/05\/FABRIZIO-PESCOSTA.jpg 303w\" sizes=\"auto, (max-width: 176px) 100vw, 176px\" \/><\/a>I colori dell\u2019autunno incontrano la cultura, la cucina agricola e i vini di montagna<\/strong>Un men\u00f9 degustazione unico, ideato dal cuoco contadino Fabrizio Pescosta dell&#8217;Agriturismo Piccola Baita, porta i profumi e i sapori dell&#8217;autunno dalla tavola ai sensi. La serata inizier\u00e0 alle ore 20 con la presentazione del libro <em>SAPORI della VALBELLUNA<\/em> di Edizioni Il Veses.<\/p>\n<p data-pm-slice=\"1 1 []\"><strong>DI ALESSIA DALL&#8217;O<\/strong><\/p>\n<audio class=\"wp-audio-shortcode\" id=\"audio-420776-14\" preload=\"none\" style=\"width: 100%;\" controls=\"controls\"><source type=\"audio\/mpeg\" src=\"https:\/\/www.radiopiu.net\/wordpress\/wp-content\/uploads\/2024\/11\/ALESSIA-SAPORI-DI-CASA.mp3?_=14\" \/><a href=\"https:\/\/www.radiopiu.net\/wordpress\/wp-content\/uploads\/2024\/11\/ALESSIA-SAPORI-DI-CASA.mp3\">https:\/\/www.radiopiu.net\/wordpress\/wp-content\/uploads\/2024\/11\/ALESSIA-SAPORI-DI-CASA.mp3<\/a><\/audio>\n<p>&nbsp;<\/p>\n<p><strong>Il Men\u00f9 <\/strong>Si parte con l&#8217;antipasto: <em>fagiolo di Lamon con radicchio rosso e lardo scottato<\/em>, un connubio di gusto rustico e raffinato. I primi piatti includono la <em>Sopa de Pan \u201cFabrizio Style\u201d<\/em>, che rievoca la cucina contadina, e il <em>tortello alla zucca con formaggio di malga e cavolo nero<\/em>, autentici richiami ai sapori autunnali. Per secondo, le celebri <em>costine di maiale al miele DOP delle Dolomiti con pur\u00e8 di sedano rapa<\/em>, un\u2019esplosione di sapori intensi e dolci. I dessert celebrano il territorio con il <em>Marone Feltrino al Cucchiaio<\/em> e il <em>Carfogn al Papavero<\/em>.<\/p>\n<p>&nbsp;<\/p>\n<p>&nbsp;<\/p>\n<hr \/>\n<p>&nbsp;<\/p>\n<blockquote>\n<h3>DALLA SEDE DEL SOCCORSO ALPINO DI AGORDO, CON DIEGO FAVERO<\/h3>\n<\/blockquote>\n<p><strong>AGORDO<\/strong> Giorni importanti nelle sede del Soccorso Alpino in Piazzale Marconi, nel Municipio. Sono in corso i grandi preparative per l&#8217;evento di sabato, i 70 anni del Soccorso Alpino con la presentazione del libro scritto da Eugenio Bien.<br \/>\nNe abbiamo parlato con Diego Favero, numero uno del Soccorso Alpino della Vallata.<\/p>\n<p><iframe loading=\"lazy\" title=\"diego favero\" width=\"1200\" height=\"675\" src=\"https:\/\/www.youtube.com\/embed\/V8jx0y6oAZ8?feature=oembed\" frameborder=\"0\" allow=\"accelerometer; autoplay; clipboard-write; encrypted-media; gyroscope; picture-in-picture; web-share\" referrerpolicy=\"strict-origin-when-cross-origin\" allowfullscreen><\/iframe><\/p>\n<p>&nbsp;<\/p>\n<p>&nbsp;<\/p>\n<blockquote>\n<h1><img loading=\"lazy\" decoding=\"async\" class=\"alignleft\" src=\"https:\/\/www.radiopiu.net\/wordpress\/wp-content\/uploads\/2019\/11\/34564bb3-a7ae-4e91-8df7-86ab5ac45256.jpg\" width=\"271\" height=\"156\" \/>AGORDO, 70 ANNI DEL SOCCORSO ALPINO. BIEN &#8220;SONO GIA&#8217; UN PO&#8217; IN AFFANNO&#8230;&#8221;<\/h1>\n<\/blockquote>\n<p><strong>DI MIRKO MEZZACASA<\/strong><\/p>\n<p><strong>OSPITI DIEGO FAVERO ED EUGENIO BIEN<\/strong><\/p>\n<p><strong>AUDIO<\/strong><\/p>\n<audio class=\"wp-audio-shortcode\" id=\"audio-420776-15\" preload=\"none\" style=\"width: 100%;\" controls=\"controls\"><source type=\"audio\/mpeg\" src=\"https:\/\/www.radiopiu.net\/wordpress\/wp-content\/uploads\/2024\/11\/eugenio-bien-e-diego-favero.mp3?_=15\" \/><a href=\"https:\/\/www.radiopiu.net\/wordpress\/wp-content\/uploads\/2024\/11\/eugenio-bien-e-diego-favero.mp3\">https:\/\/www.radiopiu.net\/wordpress\/wp-content\/uploads\/2024\/11\/eugenio-bien-e-diego-favero.mp3<\/a><\/audio>\n<p>&nbsp;<\/p>\n<p>&nbsp;<\/p>\n<hr \/>\n<p>&nbsp;<\/p>\n<blockquote>\n<h2>DA BARDIN C&#8217;E&#8217; UN ELFO INCASTRATO NELL&#8217;ALBERO&#8230;.<\/h2>\n<\/blockquote>\n<p><iframe loading=\"lazy\" title=\"bardin24\" width=\"1200\" height=\"675\" src=\"https:\/\/www.youtube.com\/embed\/uVUpknuvl4I?feature=oembed\" frameborder=\"0\" allow=\"accelerometer; autoplay; clipboard-write; encrypted-media; gyroscope; picture-in-picture; web-share\" referrerpolicy=\"strict-origin-when-cross-origin\" allowfullscreen><\/iframe><\/p>\n<p>&nbsp;<\/p>\n<p>&nbsp;<\/p>\n<hr \/>\n<p>&nbsp;<\/p>\n<blockquote>\n<h3>PER I CAMOSCI E&#8217; INIZIATA LA STAGIONE DEGLI AMORI<\/h3>\n<\/blockquote>\n<p><strong>REDAZIONE<\/strong> In questi giorni, Mario De Marco ha avuto la rara opportunit\u00e0 di osservare, a distanza e senza disturbarli, i rituali legati al periodo degli amori del camoscio in alta montagna. Grazie all&#8217;uso di un potente teleobiettivo da 800mm, ha potuto immortalare momenti emozionanti e poco comuni, lontano dalle aree protette come i parchi nazionali. Un&#8217;opportunit\u00e0 unica per documentare comportamenti naturali cos\u00ec particolari, che suscitano grande interesse per la loro rarit\u00e0.<\/p>\n\n\t\t\t<style type='text\/css'>\n\t\t\t\t#gallery-5 {\n\t\t\t\t\tmargin: auto;\n\t\t\t\t}\n\t\t\t\t#gallery-5 .gallery-item {\n\t\t\t\t\tfloat: left;\n\t\t\t\t\tmargin-top: 10px;\n\t\t\t\t\ttext-align: center;\n\t\t\t\t\twidth: 50%;\n\t\t\t\t}\n\t\t\t\t#gallery-5 img {\n\t\t\t\t\tborder: 2px solid #cfcfcf;\n\t\t\t\t}\n\t\t\t\t#gallery-5 .gallery-caption {\n\t\t\t\t\tmargin-left: 0;\n\t\t\t\t}\n\t\t\t\t\/* see gallery_shortcode() in wp-includes\/media.php *\/\n\t\t\t<\/style>\n\t\t<div id='gallery-5' class='dt-gallery-container gallery galleryid-420776 gallery-columns-2 gallery-size-medium'><dl class='gallery-item'>\n\t\t\t\t<dt class='gallery-icon landscape'>\n\t\t\t\t\t<a class=\"rollover rollover-zoom dt-pswp-item\" title=\"c5f84c13-7d1b-4270-867d-c43c609b224a\" data-dt-img-description=\"\" data-large_image_width=\"1392\" data-large_image_height=\"1075\"href='https:\/\/www.radiopiu.net\/wordpress\/wp-content\/uploads\/2024\/11\/c5f84c13-7d1b-4270-867d-c43c609b224a.jpg'><img loading=\"lazy\" decoding=\"async\" width=\"300\" height=\"232\" src=\"https:\/\/www.radiopiu.net\/wordpress\/wp-content\/uploads\/2024\/11\/c5f84c13-7d1b-4270-867d-c43c609b224a-300x232.jpg\" class=\"attachment-medium size-medium\" alt=\"\" srcset=\"https:\/\/www.radiopiu.net\/wordpress\/wp-content\/uploads\/2024\/11\/c5f84c13-7d1b-4270-867d-c43c609b224a-300x232.jpg 300w, https:\/\/www.radiopiu.net\/wordpress\/wp-content\/uploads\/2024\/11\/c5f84c13-7d1b-4270-867d-c43c609b224a-1024x791.jpg 1024w, https:\/\/www.radiopiu.net\/wordpress\/wp-content\/uploads\/2024\/11\/c5f84c13-7d1b-4270-867d-c43c609b224a-768x593.jpg 768w, https:\/\/www.radiopiu.net\/wordpress\/wp-content\/uploads\/2024\/11\/c5f84c13-7d1b-4270-867d-c43c609b224a.jpg 1392w\" sizes=\"auto, (max-width: 300px) 100vw, 300px\" \/><\/a>\n\t\t\t\t<\/dt><\/dl><dl class='gallery-item'>\n\t\t\t\t<dt class='gallery-icon landscape'>\n\t\t\t\t\t<a class=\"rollover rollover-zoom dt-pswp-item\" title=\"40dbc530-5359-4405-beca-849728da614e\" data-dt-img-description=\"\" data-large_image_width=\"1600\" data-large_image_height=\"1066\"href='https:\/\/www.radiopiu.net\/wordpress\/wp-content\/uploads\/2024\/11\/40dbc530-5359-4405-beca-849728da614e.jpg'><img loading=\"lazy\" decoding=\"async\" width=\"300\" height=\"200\" src=\"https:\/\/www.radiopiu.net\/wordpress\/wp-content\/uploads\/2024\/11\/40dbc530-5359-4405-beca-849728da614e-300x200.jpg\" class=\"attachment-medium size-medium\" alt=\"\" srcset=\"https:\/\/www.radiopiu.net\/wordpress\/wp-content\/uploads\/2024\/11\/40dbc530-5359-4405-beca-849728da614e-300x200.jpg 300w, https:\/\/www.radiopiu.net\/wordpress\/wp-content\/uploads\/2024\/11\/40dbc530-5359-4405-beca-849728da614e-1024x682.jpg 1024w, https:\/\/www.radiopiu.net\/wordpress\/wp-content\/uploads\/2024\/11\/40dbc530-5359-4405-beca-849728da614e-768x512.jpg 768w, https:\/\/www.radiopiu.net\/wordpress\/wp-content\/uploads\/2024\/11\/40dbc530-5359-4405-beca-849728da614e-1536x1023.jpg 1536w, https:\/\/www.radiopiu.net\/wordpress\/wp-content\/uploads\/2024\/11\/40dbc530-5359-4405-beca-849728da614e.jpg 1600w\" sizes=\"auto, (max-width: 300px) 100vw, 300px\" \/><\/a>\n\t\t\t\t<\/dt><\/dl><br style=\"clear: both\" \/>\n\t\t\t<\/div>\n\n<p>&nbsp;<\/p>\n<div style=\"width: 848px;\" class=\"wp-video\"><video class=\"wp-video-shortcode\" id=\"video-420776-1\" width=\"848\" height=\"480\" preload=\"metadata\" controls=\"controls\"><source type=\"video\/mp4\" src=\"https:\/\/www.radiopiu.net\/wordpress\/wp-content\/uploads\/2024\/11\/WhatsApp-Video-2024-11-21-at-08.20.44.mp4?_=1\" \/><a href=\"https:\/\/www.radiopiu.net\/wordpress\/wp-content\/uploads\/2024\/11\/WhatsApp-Video-2024-11-21-at-08.20.44.mp4\">https:\/\/www.radiopiu.net\/wordpress\/wp-content\/uploads\/2024\/11\/WhatsApp-Video-2024-11-21-at-08.20.44.mp4<\/a><\/video><\/div>\n<p>&nbsp;<\/p>\n<hr \/>\n<p>&nbsp;<\/p>\n<blockquote>\n<p data-pm-slice=\"1 1 []\"><strong>Concorso per 33 atleti nei gruppi sportivi Fiamme Oro della Polizia di Stato<\/strong><\/p>\n<\/blockquote>\n<p>Sul Portale Unico del reclutamento, all&#8217;indirizzo <a>www.inpa.gov.it<\/a> e sul sito <a>www.poliziadistato.it<\/a>, \u00e8 stato pubblicato il 14 novembre 2024 un bando di concorso pubblico per titoli, finalizzato all&#8217;assunzione di 33 atleti da destinare ai gruppi sportivi \u201cPolizia di Stato \u2013 Fiamme Oro\u201d. Gli atleti selezionati saranno inquadrati nel ruolo degli agenti e assistenti della Polizia di Stato, con qualifica di agente.<\/p>\n<p>&nbsp;<\/p>\n<p>&nbsp;<\/p>\n<hr \/>\n<p>&nbsp;<\/p>\n<blockquote>\n<h3>UN WEBINAR SULL&#8217;INTELLIGENZA ARTIFICIALE<\/h3>\n<\/blockquote>\n<p><strong>BELLUNO<\/strong> Gioved\u00ec 28 novembre, dalle 18 alle 20, si terr\u00e0 un webinar gratuito al FabLab di Belluno del progetto &#8220;Dal virtuale al reale: I am here for you&#8221;. Quattro esperti esploreranno il ruolo dell&#8217;Intelligenza Artificiale nello sviluppo aziendale: supporto alle start-up (Francesco Cavestro), nuove professioni digitali (Niccol\u00f2 Boccagni), funzionamento dell&#8217;IA (Armand Thanasi) e rivoluzione creativa e di marketing (Davide Schizzi). L&#8217;evento \u00e8 aperto a tutti e offrir\u00e0 casi studio e testimonianze per sfruttare le tecnologie emergenti.<\/p>\n<p>&nbsp;<\/p>\n<p>&nbsp;<\/p>\n<hr \/>\n<p>&nbsp;<\/p>\n<blockquote>\n<h3>UN CORSO DI DIFESA CONTRO LA VIOLENZA SULLE DONNE<\/h3>\n<\/blockquote>\n<p><strong>BELLUNO<\/strong> In occasione della giornata mondiale contro la violenza sulle donne, l&#8217;associazione Urban Krav Maga, con il patrocinio del Comune di Belluno, organizza una lezione gratuita di &#8220;Difesa femminile&#8221; il 26 novembre alle 20 presso la palestra del Liceo scientifico di Belluno. L&#8217;evento, guidato dall&#8217;istruttore Cristian Burde, mira a fornire alle donne strumenti utili per gestire la paura e affrontare aggressioni, sia a livello teorico che pratico. Burde sottolinea l&#8217;importanza della prevenzione e della consapevolezza dell&#8217;ambiente circostante come base per la difesa personale. La serata sar\u00e0 aperta a donne di tutte le et\u00e0 e includer\u00e0 dimostrazioni pratiche di tecniche di difesa e fuga in caso di aggressione.<\/p>\n<p>&nbsp;<\/p>\n<p>&nbsp;<\/p>\n<hr \/>\n<p>&nbsp;<\/p>\n<blockquote><p><a class=\"dt-pswp-item\" href=\"https:\/\/www.radiopiu.net\/wordpress\/wp-content\/uploads\/2024\/11\/NUDM-23-25-LOCANDINA.jpg\" data-dt-img-description=\"Screenshot\" data-large_image_width=\"1269\" data-large_image_height=\"1793\"><img loading=\"lazy\" decoding=\"async\" class=\" wp-image-419816 alignleft\" src=\"https:\/\/www.radiopiu.net\/wordpress\/wp-content\/uploads\/2024\/11\/NUDM-23-25-LOCANDINA-212x300.jpg\" alt=\"\" width=\"131\" height=\"185\" srcset=\"https:\/\/www.radiopiu.net\/wordpress\/wp-content\/uploads\/2024\/11\/NUDM-23-25-LOCANDINA-212x300.jpg 212w, https:\/\/www.radiopiu.net\/wordpress\/wp-content\/uploads\/2024\/11\/NUDM-23-25-LOCANDINA-725x1024.jpg 725w, https:\/\/www.radiopiu.net\/wordpress\/wp-content\/uploads\/2024\/11\/NUDM-23-25-LOCANDINA-768x1085.jpg 768w, https:\/\/www.radiopiu.net\/wordpress\/wp-content\/uploads\/2024\/11\/NUDM-23-25-LOCANDINA-1087x1536.jpg 1087w, https:\/\/www.radiopiu.net\/wordpress\/wp-content\/uploads\/2024\/11\/NUDM-23-25-LOCANDINA.jpg 1269w\" sizes=\"auto, (max-width: 131px) 100vw, 131px\" \/><\/a><\/p>\n<p data-pm-slice=\"1 1 []\"><strong>Iniziative in Provincia di Belluno per la Giornata Internazionale contro la Violenza sulle Donne<\/strong><\/p>\n<\/blockquote>\n<p><strong>BELLUNO<\/strong><\/p>\n<p data-pm-slice=\"1 1 []\">In occasione della Giornata Internazionale contro la violenza sulle donne, la Provincia di Belluno si mobilita con due iniziative, in parallelo con le manifestazioni nazionali di Non Una di Meno a Roma e Palermo il 23 novembre. Domani, dalle ore 14,\u00a0 ai Giardini della Stazione Ferroviaria di Belluno (Parco dell\u2019Artigliere)\u00a0 racconto delle varie forme di violenza subite da donne. Luned\u00ec 25 novembre, alle 20,\u00a0 dal Parco Bologna passeggiata notturna con musica e canti,<\/p>\n<p>&nbsp;<\/p>\n<p>&nbsp;<\/p>\n<hr \/>\n<p>&nbsp;<\/p>\n<blockquote>\n<h3><a class=\"dt-pswp-item\" href=\"https:\/\/www.radiopiu.net\/wordpress\/wp-content\/uploads\/2024\/11\/KLAGASH.jpg\" data-dt-img-description=\"\" data-large_image_width=\"1080\" data-large_image_height=\"714\"><img loading=\"lazy\" decoding=\"async\" class=\" wp-image-420664 alignleft\" src=\"https:\/\/www.radiopiu.net\/wordpress\/wp-content\/uploads\/2024\/11\/KLAGASH-300x198.jpg\" alt=\"\" width=\"161\" height=\"106\" srcset=\"https:\/\/www.radiopiu.net\/wordpress\/wp-content\/uploads\/2024\/11\/KLAGASH-300x198.jpg 300w, https:\/\/www.radiopiu.net\/wordpress\/wp-content\/uploads\/2024\/11\/KLAGASH-1024x677.jpg 1024w, https:\/\/www.radiopiu.net\/wordpress\/wp-content\/uploads\/2024\/11\/KLAGASH-768x508.jpg 768w, https:\/\/www.radiopiu.net\/wordpress\/wp-content\/uploads\/2024\/11\/KLAGASH.jpg 1080w\" sizes=\"auto, (max-width: 161px) 100vw, 161px\" \/><\/a>AUTUNNO A TEATRO IN COMELICO 2024<\/h3>\n<\/blockquote>\n<p><strong>COMELICO <\/strong>Quarto appuntamento della rassegna \u201cAutunno a Teatro in Comelico 2024\u201d: domenica 24 novembre alle ore 17.00 alla Cinema Piave di S. Stefano di Cadore, andr\u00e0 in scena <em>\u201cChe occhi grandi che hai!\u201d<\/em>, divertente spettacolo teatral-musicale per famiglie di Teatro Piteco e The Covers.<\/p>\n<p>&nbsp;<\/p>\n<p>&nbsp;<\/p>\n<p>&nbsp;<\/p>\n<hr \/>\n<p>&nbsp;<\/p>\n<p><strong><a class=\"dt-pswp-item\" href=\"https:\/\/www.radiopiu.net\/wordpress\/wp-content\/uploads\/2024\/11\/AMICI-MINERARI.png\" data-dt-img-description=\"\" data-large_image_width=\"209\" data-large_image_height=\"174\"><img loading=\"lazy\" decoding=\"async\" class=\"size-full wp-image-419180 alignleft\" src=\"https:\/\/www.radiopiu.net\/wordpress\/wp-content\/uploads\/2024\/11\/AMICI-MINERARI.png\" alt=\"\" width=\"209\" height=\"174\" \/><\/a>&#8220;Con gli Amici dei Minerari: Serate d&#8217;Inverno \u2013 un viaggio tra storia, scienza e meraviglie. Incontri presso la Sala con T\u00e0-Mis. Non mancare!&#8221;<\/strong><\/p>\n<ul>\n<li><em>Oggi, ore 20:30<\/em>: &#8220;Ma le Dolomiti cosa sono? Dalla prosa di Dino Buzzati alla geologia di Bruno Castiglioni&#8221; \u2013 Relatore Danilo Giordano.<\/li>\n<li><em>Venerd\u00ec 20 dicembre, ore 20:30<\/em>: &#8220;La morfogenesi delle frane&#8221; \u2013 Relatore Prof. Vittorio Fenti.<\/li>\n<li><em>Venerd\u00ec 24 gennaio, ore 20:30<\/em>: &#8220;Il meraviglioso mondo dei fossili delle Dolomiti&#8221; \u2013 Relatore Danilo Giordano.<\/li>\n<li><em>Venerd\u00ec 21 febbraio, ore 20:30<\/em>: &#8220;Il traforo del Brennero: studio, progettazione e realizzazione&#8221; \u2013 Relatori Vittorio Fenti e Mario Guadagnini.<\/li>\n<\/ul>\n<p><strong>Vivi la cultura e la passione per la montagna!<\/strong><\/p>\n<p>&nbsp;<\/p>\n<h2><span style=\"color: #808000;\">SERATE D&#8217;INVERNO CON GLI AMICI DEI MINERARI, OSPITE DANILO GIORDANO<\/span><\/h2>\n<p><strong><a class=\"dt-pswp-item\" href=\"https:\/\/www.radiopiu.net\/wordpress\/wp-content\/uploads\/2024\/11\/Senza-nome-84.png\" data-dt-img-description=\"\" data-large_image_width=\"97\" data-large_image_height=\"145\"><img loading=\"lazy\" decoding=\"async\" class=\"size-full wp-image-420692 alignleft\" src=\"https:\/\/www.radiopiu.net\/wordpress\/wp-content\/uploads\/2024\/11\/Senza-nome-84.png\" alt=\"\" width=\"97\" height=\"145\" \/><\/a>DI MIRKO MEZZACASA<\/strong><\/p>\n<p>&nbsp;<\/p>\n<p><strong>OSPITE: Danilo Giordano<\/strong><\/p>\n<audio class=\"wp-audio-shortcode\" id=\"audio-420776-16\" preload=\"none\" style=\"width: 100%;\" controls=\"controls\"><source type=\"audio\/mpeg\" src=\"https:\/\/www.radiopiu.net\/wordpress\/wp-content\/uploads\/2024\/11\/DANILO-GIORDANO-MINERARI.mp3?_=16\" \/><a href=\"https:\/\/www.radiopiu.net\/wordpress\/wp-content\/uploads\/2024\/11\/DANILO-GIORDANO-MINERARI.mp3\">https:\/\/www.radiopiu.net\/wordpress\/wp-content\/uploads\/2024\/11\/DANILO-GIORDANO-MINERARI.mp3<\/a><\/audio>\n<p>&nbsp;<\/p>\n<hr \/>\n<p>&nbsp;<\/p>\n<blockquote>\n<h3><a class=\"dt-pswp-item\" href=\"https:\/\/www.radiopiu.net\/wordpress\/wp-content\/uploads\/2024\/11\/Dolomiti-Symphonia-scaled.jpg\" data-dt-img-description=\"\" data-large_image_width=\"2560\" data-large_image_height=\"1701\"><img loading=\"lazy\" decoding=\"async\" class=\" wp-image-420252 alignleft\" src=\"https:\/\/www.radiopiu.net\/wordpress\/wp-content\/uploads\/2024\/11\/Dolomiti-Symphonia-300x199.jpg\" alt=\"\" width=\"253\" height=\"168\" srcset=\"https:\/\/www.radiopiu.net\/wordpress\/wp-content\/uploads\/2024\/11\/Dolomiti-Symphonia-300x199.jpg 300w, https:\/\/www.radiopiu.net\/wordpress\/wp-content\/uploads\/2024\/11\/Dolomiti-Symphonia-1024x680.jpg 1024w, https:\/\/www.radiopiu.net\/wordpress\/wp-content\/uploads\/2024\/11\/Dolomiti-Symphonia-768x510.jpg 768w, https:\/\/www.radiopiu.net\/wordpress\/wp-content\/uploads\/2024\/11\/Dolomiti-Symphonia-1536x1021.jpg 1536w, https:\/\/www.radiopiu.net\/wordpress\/wp-content\/uploads\/2024\/11\/Dolomiti-Symphonia-2048x1361.jpg 2048w\" sizes=\"auto, (max-width: 253px) 100vw, 253px\" \/><\/a>UN CONCERTO PER L&#8217;ECCIDIO DI GENA<\/h3>\n<\/blockquote>\n<p><strong>SOSPIROLO<\/strong> In occasione dell&#8217;80\u00b0 anniversario dell&#8217;Eccidio di Gena, sabato 23 novembre alle 21:00, la Chiesa arcipretale di Sospirolo ospiter\u00e0 un concerto commemorativo. La Dolomiti Symphonia Orchestra di Belluno, insieme alla Corale Polifonica \u2018B. Marcello\u2019 di Mestre, eseguir\u00e0 una selezione dall\u2019oratorio <em>Il Messiah<\/em> di G. F. Haendel, focalizzata sui temi della passione, della morte e della fragilit\u00e0 umana. L\u2019evento, che riflette sulla ricerca di un senso di fronte al dolore e alla morte, celebra anche la collaborazione tra Dolomiti Symphonia e la Polifonica \u2018B. Marcello\u2019, rinomata per la sua attivit\u00e0 concertistica.<\/p>\n<p>&nbsp;<\/p>\n<p>&nbsp;<\/p>\n<hr \/>\n<p>&nbsp;<\/p>\n<h2><span style=\"color: #ff6600;\">IERI ALLA RADIO<\/span><\/h2>\n<h2><span style=\"color: #ff0000;\">SPECIALE SPI CGIL<\/span><\/h2>\n<p><strong><a class=\"dt-pswp-item\" href=\"https:\/\/www.radiopiu.net\/wordpress\/wp-content\/uploads\/2023\/02\/SPI-CGIL.png\" data-dt-img-description=\"\" data-large_image_width=\"278\" data-large_image_height=\"244\"><img loading=\"lazy\" decoding=\"async\" class=\" wp-image-322694 alignleft\" src=\"https:\/\/www.radiopiu.net\/wordpress\/wp-content\/uploads\/2023\/02\/SPI-CGIL.png\" alt=\"\" width=\"124\" height=\"109\" \/><\/a>DI MIRKO MEZZACASA<\/strong><\/p>\n<p>OSPITE: Maria Rita Gentilin &#8211; SPI CGIL<\/p>\n<audio class=\"wp-audio-shortcode\" id=\"audio-420776-17\" preload=\"none\" style=\"width: 100%;\" controls=\"controls\"><source type=\"audio\/mpeg\" src=\"https:\/\/www.radiopiu.net\/wordpress\/wp-content\/uploads\/2024\/11\/spi-cgil-con-maria-dita-novembre-19-1.mp3?_=17\" \/><a href=\"https:\/\/www.radiopiu.net\/wordpress\/wp-content\/uploads\/2024\/11\/spi-cgil-con-maria-dita-novembre-19-1.mp3\">https:\/\/www.radiopiu.net\/wordpress\/wp-content\/uploads\/2024\/11\/spi-cgil-con-maria-dita-novembre-19-1.mp3<\/a><\/audio>\n<p>&nbsp;<\/p>\n<p>&nbsp;<\/p>\n<hr \/>\n<p>&nbsp;<\/p>\n<h2><span style=\"color: #ff00ff;\">SCUOLA APERTA AL FOLLADOR DE ROSSI<\/span><\/h2>\n<p><a class=\"dt-pswp-item\" href=\"https:\/\/www.radiopiu.net\/wordpress\/wp-content\/uploads\/2024\/09\/FOLLADOR.jpg\" data-dt-img-description=\"\" data-large_image_width=\"1280\" data-large_image_height=\"720\"><img loading=\"lazy\" decoding=\"async\" class=\" wp-image-411383 alignleft\" src=\"https:\/\/www.radiopiu.net\/wordpress\/wp-content\/uploads\/2024\/09\/FOLLADOR-300x169.jpg\" alt=\"\" width=\"151\" height=\"85\" srcset=\"https:\/\/www.radiopiu.net\/wordpress\/wp-content\/uploads\/2024\/09\/FOLLADOR-300x169.jpg 300w, https:\/\/www.radiopiu.net\/wordpress\/wp-content\/uploads\/2024\/09\/FOLLADOR-1024x576.jpg 1024w, https:\/\/www.radiopiu.net\/wordpress\/wp-content\/uploads\/2024\/09\/FOLLADOR-768x432.jpg 768w, https:\/\/www.radiopiu.net\/wordpress\/wp-content\/uploads\/2024\/09\/FOLLADOR.jpg 1280w\" sizes=\"auto, (max-width: 151px) 100vw, 151px\" \/><\/a>SETTIMANA SPECIALE ALLA RADIO&#8230; FOLLADOR DE ROSSI! L&#8217;OFFERTA SCOLASTICA DALL&#8217;AGORDINA, DA AGORDO A FALCADE, GIORNO PER GIORNO SCOPRIAMO L&#8217;ISTITUTO MINERARIO, CHIMICO, IL LICEO, LE PECULIARITA&#8217; DELLA SCUOLA DI FALCADE CON ANNESSO CONVITTO<\/p>\n<p>&nbsp;<\/p>\n<p><strong><a class=\"dt-pswp-item\" href=\"https:\/\/www.radiopiu.net\/wordpress\/wp-content\/uploads\/2024\/11\/machining-4359091_1280.jpg\" data-dt-img-description=\"\" data-large_image_width=\"1280\" data-large_image_height=\"853\"><img loading=\"lazy\" decoding=\"async\" class=\" wp-image-420839 alignleft\" src=\"https:\/\/www.radiopiu.net\/wordpress\/wp-content\/uploads\/2024\/11\/machining-4359091_1280-300x200.jpg\" alt=\"\" width=\"209\" height=\"139\" srcset=\"https:\/\/www.radiopiu.net\/wordpress\/wp-content\/uploads\/2024\/11\/machining-4359091_1280-300x200.jpg 300w, https:\/\/www.radiopiu.net\/wordpress\/wp-content\/uploads\/2024\/11\/machining-4359091_1280-1024x682.jpg 1024w, https:\/\/www.radiopiu.net\/wordpress\/wp-content\/uploads\/2024\/11\/machining-4359091_1280-768x512.jpg 768w, https:\/\/www.radiopiu.net\/wordpress\/wp-content\/uploads\/2024\/11\/machining-4359091_1280.jpg 1280w\" sizes=\"auto, (max-width: 209px) 100vw, 209px\" \/><\/a>PUNTATA 04<\/strong><\/p>\n<blockquote>\n<h2>L&#8217;INDIRIZZO MANUTENZIONE ED ASSISTENZA TECNICA<\/h2>\n<\/blockquote>\n<audio class=\"wp-audio-shortcode\" id=\"audio-420776-18\" preload=\"none\" style=\"width: 100%;\" controls=\"controls\"><source type=\"audio\/mpeg\" src=\"https:\/\/www.radiopiu.net\/wordpress\/wp-content\/uploads\/2024\/11\/FOLLADOR-4-GIOVEDI-1.mp3?_=18\" \/><a href=\"https:\/\/www.radiopiu.net\/wordpress\/wp-content\/uploads\/2024\/11\/FOLLADOR-4-GIOVEDI-1.mp3\">https:\/\/www.radiopiu.net\/wordpress\/wp-content\/uploads\/2024\/11\/FOLLADOR-4-GIOVEDI-1.mp3<\/a><\/audio>\n<p>&nbsp;<\/p>\n<h2>LA RACCOLTA COMPLETA <a href=\"https:\/\/www.radiopiu.net\/wordpress\/da-lunedi-alla-radio-scuola-aperta-al-follador-de-rossi\/\"><span style=\"color: #3366ff;\">CLICCA QUI<\/span><\/a><\/h2>\n<p>&nbsp;<\/p>\n<hr \/>\n<p>&nbsp;<\/p>\n<h2><span style=\"color: #008000;\">EPCENTER, HOTEL SAN MARCO STORIA E TECNOLOGIA &#8211; SECONDA PUNTATA<\/span><\/h2>\n<p><strong>CON MIRKO MEZZACASA E FRANCESCO ZILIO DI EP CENTER<\/strong><\/p>\n<p><iframe loading=\"lazy\" title=\"EPCENTER  CERTIFICAZIONI E RISPONDENZA\" width=\"1200\" height=\"675\" src=\"https:\/\/www.youtube.com\/embed\/qbL_dX7C6Go?feature=oembed\" frameborder=\"0\" allow=\"accelerometer; autoplay; clipboard-write; encrypted-media; gyroscope; picture-in-picture; web-share\" referrerpolicy=\"strict-origin-when-cross-origin\" allowfullscreen><\/iframe><\/p>\n<p>&nbsp;<\/p>\n<h2>LA RACCOLTA COMPLETA \u00a0<span style=\"color: #0000ff;\"><a style=\"color: #0000ff;\" href=\"https:\/\/www.youtube.com\/channel\/UCf9-X1lG2r4-xhdzt_0zNHg\/videos\">clicca qui<\/a><\/span><\/h2>\n<p>&nbsp;<\/p>\n<hr \/>\n<blockquote class=\"wp-embedded-content\" data-secret=\"6SteeMPbJ0\"><p><a href=\"https:\/\/www.radiopiu.net\/wordpress\/pirole-de-lenga-la-parola-del-giorno-a-cura-del-musla-raccolta-completa\/\">PIROLE DE LENGA&#8230; LA PAROLA DEL GIORNO A CURA DEL MUSLA -raccolta completa &#8211;<\/a><\/p><\/blockquote>\n<p><iframe loading=\"lazy\" class=\"wp-embedded-content\" sandbox=\"allow-scripts\" security=\"restricted\" style=\"position: absolute; visibility: hidden;\" title=\"&#8220;PIROLE DE LENGA&#8230; LA PAROLA DEL GIORNO A CURA DEL MUSLA -raccolta completa &#8211;&#8221; &#8212; Radio Pi\u00f9\" src=\"https:\/\/www.radiopiu.net\/wordpress\/pirole-de-lenga-la-parola-del-giorno-a-cura-del-musla-raccolta-completa\/embed\/#?secret=yf7c66KwyS#?secret=6SteeMPbJ0\" data-secret=\"6SteeMPbJ0\" width=\"600\" height=\"338\" frameborder=\"0\" marginwidth=\"0\" marginheight=\"0\" scrolling=\"no\"><\/iframe><\/p>\n<p>&nbsp;<\/p>\n<p>&nbsp;<\/p>\n<hr \/>\n<p>&nbsp;<\/p>\n<blockquote>\n<h2>EVA E PETRA E FABER CON IL CIRCOLO SARDI<\/h2>\n<\/blockquote>\n<p><strong>BELLUNO<\/strong> Il Circolo Sardi di Belluno organizza due eventi teatrali nella sala parrocchiale di Cavarzano. Oggi alle 20:30 va in scena un monologo sull\u2019eccidio di Buggerru del 1904, con Fabrizio Passerotti, regia di Giulia d&#8217;Agostini e testo di Gianni Loy, accompagnato dai disegni di Francesco Del Casino. La storia esplora i drammi sociali e il potere dell\u2019amicizia, con ingresso gratuito. Domani, sempre alle 20:30, sar\u00e0 il turno di <em>Faber, il canto della terra<\/em>, con Passerotti, musiche dal vivo di Stefano Migneco, testo di Giammaria Monti e regia di Raimondo Riu. Questo monologo rilegge in chiave teatrale i temi poetici di Fabrizio De Andr\u00e9, con un approccio essenziale che mette al centro la forza dei testi delle sue canzoni. Per informazioni, contattare Roberto Agus al 3886458895 o via email: <a rel=\"noopener\">robertoagus2@gmail.com<\/a>.<\/p>\n<p><a class=\"dt-pswp-item\" href=\"https:\/\/www.radiopiu.net\/wordpress\/wp-content\/uploads\/2024\/11\/Locandina-Eva-e-Petra.jpg\" data-dt-img-description=\"\" data-large_image_width=\"1050\" data-large_image_height=\"1600\"><img loading=\"lazy\" decoding=\"async\" class=\"alignnone size-medium wp-image-420335\" src=\"https:\/\/www.radiopiu.net\/wordpress\/wp-content\/uploads\/2024\/11\/Locandina-Eva-e-Petra-197x300.jpg\" alt=\"\" width=\"197\" height=\"300\" srcset=\"https:\/\/www.radiopiu.net\/wordpress\/wp-content\/uploads\/2024\/11\/Locandina-Eva-e-Petra-197x300.jpg 197w, https:\/\/www.radiopiu.net\/wordpress\/wp-content\/uploads\/2024\/11\/Locandina-Eva-e-Petra-672x1024.jpg 672w, https:\/\/www.radiopiu.net\/wordpress\/wp-content\/uploads\/2024\/11\/Locandina-Eva-e-Petra-768x1170.jpg 768w, https:\/\/www.radiopiu.net\/wordpress\/wp-content\/uploads\/2024\/11\/Locandina-Eva-e-Petra-1008x1536.jpg 1008w, https:\/\/www.radiopiu.net\/wordpress\/wp-content\/uploads\/2024\/11\/Locandina-Eva-e-Petra.jpg 1050w\" sizes=\"auto, (max-width: 197px) 100vw, 197px\" \/><\/a><img loading=\"lazy\" decoding=\"async\" class=\"alignnone size-medium wp-image-420334\" src=\"https:\/\/www.radiopiu.net\/wordpress\/wp-content\/uploads\/2024\/11\/Locandina-FABER-1-1-198x300.jpg\" alt=\"\" width=\"198\" height=\"300\" srcset=\"https:\/\/www.radiopiu.net\/wordpress\/wp-content\/uploads\/2024\/11\/Locandina-FABER-1-1-198x300.jpg 198w, https:\/\/www.radiopiu.net\/wordpress\/wp-content\/uploads\/2024\/11\/Locandina-FABER-1-1-675x1024.jpg 675w, https:\/\/www.radiopiu.net\/wordpress\/wp-content\/uploads\/2024\/11\/Locandina-FABER-1-1-768x1165.jpg 768w, https:\/\/www.radiopiu.net\/wordpress\/wp-content\/uploads\/2024\/11\/Locandina-FABER-1-1-1013x1536.jpg 1013w, https:\/\/www.radiopiu.net\/wordpress\/wp-content\/uploads\/2024\/11\/Locandina-FABER-1-1.jpg 1055w\" sizes=\"auto, (max-width: 198px) 100vw, 198px\" \/><\/p>\n<p>&nbsp;<\/p>\n<p>&nbsp;<\/p>\n<p>&nbsp;<\/p>\n<hr \/>\n<p>&nbsp;<\/p>\n<blockquote>\n<h2>Concerto in memoria di Igor Roldo: solidariet\u00e0 e musica al Piccolo Teatro Pierobon<\/h2>\n<\/blockquote>\n<div class=\"flex-1 overflow-hidden\">\n<div class=\"h-full\">\n<div class=\"react-scroll-to-bottom--css-iaghl-79elbk h-full\">\n<div class=\"react-scroll-to-bottom--css-iaghl-1n7m0yu\">\n<div class=\"flex flex-col text-sm md:pb-9\">\n<article class=\"w-full scroll-mb-[var(--thread-trailing-height)] text-token-text-primary focus-visible:outline-2 focus-visible:outline-offset-[-4px]\" dir=\"auto\" data-testid=\"conversation-turn-27\" data-scroll-anchor=\"true\">\n<div class=\"m-auto text-base py-[18px] px-3 md:px-4 w-full md:px-5 lg:px-4 xl:px-5\">\n<div class=\"mx-auto flex flex-1 gap-4 text-base md:gap-5 lg:gap-6 md:max-w-3xl lg:max-w-[40rem] xl:max-w-[48rem]\">\n<div class=\"group\/conversation-turn relative flex w-full min-w-0 flex-col agent-turn\">\n<div class=\"flex-col gap-1 md:gap-3\">\n<div class=\"flex max-w-full flex-col flex-grow\">\n<div class=\"min-h-8 text-message flex w-full flex-col items-end gap-2 whitespace-normal break-words [.text-message+&amp;]:mt-5\" dir=\"auto\" data-message-author-role=\"assistant\" data-message-id=\"2f1985a1-38a8-441c-a356-ef2248e23e98\" data-message-model-slug=\"gpt-4o\">\n<div class=\"flex w-full flex-col gap-1 empty:hidden first:pt-[3px]\">\n<div class=\"markdown prose w-full break-words dark:prose-invert dark\">\n<p><strong><a class=\"dt-pswp-item\" href=\"https:\/\/www.radiopiu.net\/wordpress\/wp-content\/uploads\/2024\/11\/4-foto.jpg\" data-dt-img-description=\"\" data-large_image_width=\"1410\" data-large_image_height=\"1267\"><img loading=\"lazy\" decoding=\"async\" class=\"wp-image-419353 alignleft\" src=\"https:\/\/www.radiopiu.net\/wordpress\/wp-content\/uploads\/2024\/11\/4-foto-300x270.jpg\" alt=\"\" width=\"157\" height=\"141\" srcset=\"https:\/\/www.radiopiu.net\/wordpress\/wp-content\/uploads\/2024\/11\/4-foto-300x270.jpg 300w, https:\/\/www.radiopiu.net\/wordpress\/wp-content\/uploads\/2024\/11\/4-foto-1024x920.jpg 1024w, https:\/\/www.radiopiu.net\/wordpress\/wp-content\/uploads\/2024\/11\/4-foto-768x690.jpg 768w, https:\/\/www.radiopiu.net\/wordpress\/wp-content\/uploads\/2024\/11\/4-foto.jpg 1410w\" sizes=\"auto, (max-width: 157px) 100vw, 157px\" \/><\/a>PONTE NELLE ALPI<\/strong> Sabato 30 novembre, il Piccolo Teatro Pierobon ospiter\u00e0 un concerto in ricordo di Igor Roldo, scomparso un anno fa. Organizzato da WR Events e Comitato Pollicino, l&#8217;evento celebra la memoria di Roldo, 58 anni, noto dirigente del San Giorgio Calcio e ideatore del Festival musicale di Pian dei Castaldi. Considerato un talent scout, Roldo ha sempre supportato nuove formazioni musicali, promuovendo eventi per finanziare progetti solidali del Comitato Pollicino, dedicato ai bambini bisognosi di Petrosani, Romania. La serata sar\u00e0 animata dall\u2019Uncle Frank Project, composto da Franco De Poli, Alberto Mambrini, Andrea Cuzzuol e Mauro De Luca, noti per i loro concerti a scopo benefico. Sul palco, il quartetto racconter\u00e0 l\u2019evoluzione della chitarra attraverso diversi stili musicali, mostrando come questo strumento rimanga centrale nel sound moderno. Il concerto \u00e8 patrocinato dal Comune di Ponte nelle Alpi e prevede ingresso a offerta libera. Tutto il ricavato andr\u00e0 al Comitato Pollicino, proseguendo l\u2019impegno di Roldo nel coniugare musica e solidariet\u00e0.<\/p>\n<\/div>\n<\/div>\n<\/div>\n<\/div>\n<\/div>\n<\/div>\n<\/div>\n<\/div>\n<\/article>\n<\/div>\n<\/div>\n<\/div>\n<\/div>\n<\/div>\n<p>&nbsp;<\/p>\n<p>&nbsp;<\/p>\n<p>&nbsp;<\/p>\n<hr \/>\n<p>&nbsp;<\/p>\n<blockquote>\n<h2>AL CINEMA DOLOMITI DI FALCADE IN PROGRAMMAZIONE &#8220;IL ROBOT SELVAGGIO&#8221;<\/h2>\n<\/blockquote>\n<p><a class=\"dt-pswp-item\" href=\"https:\/\/www.radiopiu.net\/wordpress\/wp-content\/uploads\/2024\/11\/01.jpg\" data-dt-img-description=\"\" data-large_image_width=\"540\" data-large_image_height=\"800\"><img loading=\"lazy\" decoding=\"async\" class=\" wp-image-420657 alignleft\" src=\"https:\/\/www.radiopiu.net\/wordpress\/wp-content\/uploads\/2024\/11\/01-203x300.jpg\" alt=\"\" width=\"141\" height=\"208\" srcset=\"https:\/\/www.radiopiu.net\/wordpress\/wp-content\/uploads\/2024\/11\/01-203x300.jpg 203w, https:\/\/www.radiopiu.net\/wordpress\/wp-content\/uploads\/2024\/11\/01.jpg 540w\" sizes=\"auto, (max-width: 141px) 100vw, 141px\" \/><\/a>&#8220;Il Robot Selvaggio&#8221; \u00e8 un film d&#8217;animazione diretto da Chris Sanders. Un cargo della Universal Dynamics perde sei robot durante un tifone; solo il robot multiuso ROZZUM 7134, &#8220;Roz&#8221;, sopravvive, approdando su un\u2019isola selvaggia. Dopo un iniziale rifiuto da parte degli animali, Roz adotta un pulcino, Beccolustro, e impara a prendersene cura con l&#8217;aiuto di altri abitanti dell&#8217;isola. Crescendo, Beccolustro scopre che Roz ha causato la morte della sua famiglia e si allontana, ma Roz lo aiuta a prepararsi per la migrazione. Compiuto il suo compito, Roz affronta i dubbi sul suo scopo e decide di proteggere gli animali dell\u2019isola. Quando i robot della Universal Dynamics attaccano per recuperarla, Roz guida una strenua difesa. Nonostante la vittoria, Roz lascia l\u2019isola per garantire la sicurezza dei suoi amici. In seguito, viene riparata e sembra resettata, ma ritrova Beccolustro, rivelando di avere ancora i suoi ricordi e il legame con lui. <span style=\"color: #ff0000;\"><strong>Il film \u00e8 in programmazione al Cinema Dolomiti di Falcade sabato e domenica. Spettacoli alle 21, domenica anche alle 15:30.<\/strong><\/span><\/p>\n<p><strong>LA PRESENTAZIONE A CURA DI PAOLA LANCIATO<\/strong><\/p>\n<audio class=\"wp-audio-shortcode\" id=\"audio-420776-19\" preload=\"none\" style=\"width: 100%;\" controls=\"controls\"><source type=\"audio\/mpeg\" src=\"https:\/\/www.radiopiu.net\/wordpress\/wp-content\/uploads\/2024\/11\/CINEMA-DOLOMITI-ROBOT-SELVAGGIO.mp3?_=19\" \/><a href=\"https:\/\/www.radiopiu.net\/wordpress\/wp-content\/uploads\/2024\/11\/CINEMA-DOLOMITI-ROBOT-SELVAGGIO.mp3\">https:\/\/www.radiopiu.net\/wordpress\/wp-content\/uploads\/2024\/11\/CINEMA-DOLOMITI-ROBOT-SELVAGGIO.mp3<\/a><\/audio>\n<p>&nbsp;<\/p>\n<hr \/>\n<p>&nbsp;<\/p>\n<h2><span style=\"color: #ff0000;\"><a class=\"dt-pswp-item\" href=\"https:\/\/www.radiopiu.net\/wordpress\/wp-content\/uploads\/2018\/09\/appuntamenti.jpeg\" data-dt-img-description=\"\" data-large_image_width=\"800\" data-large_image_height=\"100\"><img loading=\"lazy\" decoding=\"async\" class=\"wp-image-61958 size-full aligncenter\" src=\"https:\/\/www.radiopiu.net\/wordpress\/wp-content\/uploads\/2018\/09\/appuntamenti.jpeg\" alt=\"\" width=\"800\" height=\"100\" srcset=\"https:\/\/www.radiopiu.net\/wordpress\/wp-content\/uploads\/2018\/09\/appuntamenti.jpeg 800w, https:\/\/www.radiopiu.net\/wordpress\/wp-content\/uploads\/2018\/09\/appuntamenti-300x38.jpeg 300w, https:\/\/www.radiopiu.net\/wordpress\/wp-content\/uploads\/2018\/09\/appuntamenti-768x96.jpeg 768w\" sizes=\"auto, (max-width: 800px) 100vw, 800px\" \/><\/a><\/span><\/h2>\n<p>&nbsp;<\/p>\n<div style=\"width: 1200px;\" class=\"wp-video\"><video class=\"wp-video-shortcode\" id=\"video-420776-2\" width=\"1200\" height=\"675\" preload=\"metadata\" controls=\"controls\"><source type=\"video\/mp4\" src=\"https:\/\/www.radiopiu.net\/wordpress\/wp-content\/uploads\/2024\/10\/WhatsApp-Video-2024-10-23-at-00.12.10.mp4?_=2\" \/><a href=\"https:\/\/www.radiopiu.net\/wordpress\/wp-content\/uploads\/2024\/10\/WhatsApp-Video-2024-10-23-at-00.12.10.mp4\">https:\/\/www.radiopiu.net\/wordpress\/wp-content\/uploads\/2024\/10\/WhatsApp-Video-2024-10-23-at-00.12.10.mp4<\/a><\/video><\/div>\n<p><strong>\u00a0<\/strong><\/p>\n<p><strong>SABATO E DOMENICA AL CINEMA DOLOMITI DI FALCADE IL FILM &#8220;IL ROBOT SELVAGGIO&#8221; SPETTACOLI ALLE 21, DOMENICA ANCHE ALLE 15:30<\/strong><\/p>\n<div class=\"flex-shrink-0 flex flex-col relative items-end\">\n<div class=\"pt-0\">\n<div class=\"gizmo-bot-avatar flex h-8 w-8 items-center justify-center overflow-hidden rounded-full\">\n<p class=\"relative p-1 rounded-sm flex items-center justify-center bg-token-main-surface-primary text-token-text-primary h-8 w-8\"><strong>CANALE D&#8217;AGORDO <\/strong>Jazzercise \u00e8 un allenamento ad alta intensit\u00e0 che combina danza, pilates, yoga e kickboxing, adatto a tutti i livelli di fitness. \u00c8 efficace per tonificare i muscoli, migliorare la postura e ottenere un fisico snello. Nell&#8217;Agordino, le lezioni si tengono a Canale d&#8217;Agordo, nella sala ex emigranti di via Lotta, il luned\u00ec dalle 18:15 alle 19:15 e il mercoled\u00ec dalle 18:30 alle 19:30. L&#8217;istruttrice certificata RaLuca ti aspetta per un allenamento coinvolgente al ritmo di musica attuale. Per informazioni: 347 9295478<\/p>\n<\/div>\n<\/div>\n<\/div>\n<p><strong>FALCADE<\/strong> Le cena della classe 1974 dei coscritti dell&#8217;<strong>Agordino<\/strong> si terr\u00e0\u00a0 sabato 30 novembre\u00a0 a Falcade, Hotel Stella Alpina. La cena e&#8217; aperta ai nati nel 1974 nei 16 comuni dell&#8217;Agordino, e sara&#8217; un&#8217;occasione di ritrovo,\u00a0 dopo tanto tempo e festeggiare il mezzo secolo.Info\u00a0 3478120853<\/p>\n<p><strong>CENCENIGHE\u00a0 <\/strong>SABATO 30 NOVEMBRE, DOMENICA 1 DICEMBRE A CENCENIGHE LA FESTA DI SANT&#8217;ANDREA CON PROLOCO E COMUNE.<br \/>\nAL NOF FILO&#8217; SABATO MERCATINO DELL&#8217;ARTIGIANATO DALLE 9 ALLE 19, SERVIZIO BAR E POSSIBILIT\u00e0 DI PRANZO CON PRODOTTI TIPICI. DALLE 16.30 SPETTACOLO DEL GRUPPO I BATI ORZ DA SAN TOMAS E APERITIVO DEI MAGNA MUS CON DJ JACK DOMENICA 1 DICEMBRE DALLE 10 ALLE 16 GIRI IN PONY E CAVALLO PER BAMBINI E RAGAZZI ESPOSIZIONE ANIMALI, DIMOSTRAZIONE DI SCULTURA CON LA MOTOSEGA E ALLE 16 IN SALA CONSILIARE DOLCE E SALATO, SPETTACOLO DI BURATTINI DDI SERGHEI FULLIN. CON GLI ALPINI VIN BRULE&#8217; E CALDARROSTE FIERA DI SANT&#8217;ANDREA DI CENCENIGHE SABATO 30 NOVEMBRE E DOMENICA 1 DICEMBRE CON IL CONTRIBUTO DI BIM COMUNI MONTANI<\/p>\n<p>&nbsp;<\/p>\n<div>\n<div class=\"\" dir=\"auto\">\n<div id=\":r9h:\" class=\"x1iorvi4 x1pi30zi x1l90r2v x1swvt13\" data-ad-comet-preview=\"message\" data-ad-preview=\"message\">\n\n\t\t\t<style type='text\/css'>\n\t\t\t\t#gallery-6 {\n\t\t\t\t\tmargin: auto;\n\t\t\t\t}\n\t\t\t\t#gallery-6 .gallery-item {\n\t\t\t\t\tfloat: left;\n\t\t\t\t\tmargin-top: 10px;\n\t\t\t\t\ttext-align: center;\n\t\t\t\t\twidth: 25%;\n\t\t\t\t}\n\t\t\t\t#gallery-6 img {\n\t\t\t\t\tborder: 2px solid #cfcfcf;\n\t\t\t\t}\n\t\t\t\t#gallery-6 .gallery-caption {\n\t\t\t\t\tmargin-left: 0;\n\t\t\t\t}\n\t\t\t\t\/* see gallery_shortcode() in wp-includes\/media.php *\/\n\t\t\t<\/style>\n\t\t<div id='gallery-6' class='dt-gallery-container gallery galleryid-420776 gallery-columns-4 gallery-size-thumbnail'><dl class='gallery-item'>\n\t\t\t\t<dt class='gallery-icon portrait'>\n\t\t\t\t\t<a class=\"rollover rollover-zoom dt-pswp-item\" title=\"967a322c-9996-42d7-af75-662ca7d89e84\" data-dt-img-description=\"\" data-large_image_width=\"1080\" data-large_image_height=\"1519\"href='https:\/\/www.radiopiu.net\/wordpress\/wp-content\/uploads\/2024\/10\/967a322c-9996-42d7-af75-662ca7d89e84-1.jpg'><img loading=\"lazy\" decoding=\"async\" width=\"150\" height=\"150\" src=\"https:\/\/www.radiopiu.net\/wordpress\/wp-content\/uploads\/2024\/10\/967a322c-9996-42d7-af75-662ca7d89e84-1-150x150.jpg\" class=\"attachment-thumbnail size-thumbnail\" alt=\"\" aria-describedby=\"gallery-6-413698\" \/><\/a>\n\t\t\t\t<\/dt>\n\t\t\t\t\t<dd class='wp-caption-text gallery-caption' id='gallery-6-413698'>\n\t\t\t\t\tDOMANI\n\t\t\t\t\t<\/dd><\/dl><dl class='gallery-item'>\n\t\t\t\t<dt class='gallery-icon landscape'>\n\t\t\t\t\t<a class=\"rollover rollover-zoom dt-pswp-item\" title=\"Locandina concerto\" data-dt-img-description=\"\" data-large_image_width=\"1080\" data-large_image_height=\"1080\"href='https:\/\/www.radiopiu.net\/wordpress\/wp-content\/uploads\/2024\/11\/Locandina-concerto.jpg'><img loading=\"lazy\" decoding=\"async\" width=\"150\" height=\"150\" src=\"https:\/\/www.radiopiu.net\/wordpress\/wp-content\/uploads\/2024\/11\/Locandina-concerto-150x150.jpg\" class=\"attachment-thumbnail size-thumbnail\" alt=\"\" aria-describedby=\"gallery-6-420897\" srcset=\"https:\/\/www.radiopiu.net\/wordpress\/wp-content\/uploads\/2024\/11\/Locandina-concerto-150x150.jpg 150w, https:\/\/www.radiopiu.net\/wordpress\/wp-content\/uploads\/2024\/11\/Locandina-concerto-300x300.jpg 300w, https:\/\/www.radiopiu.net\/wordpress\/wp-content\/uploads\/2024\/11\/Locandina-concerto-1024x1024.jpg 1024w, https:\/\/www.radiopiu.net\/wordpress\/wp-content\/uploads\/2024\/11\/Locandina-concerto-768x768.jpg 768w, https:\/\/www.radiopiu.net\/wordpress\/wp-content\/uploads\/2024\/11\/Locandina-concerto.jpg 1080w\" sizes=\"auto, (max-width: 150px) 100vw, 150px\" \/><\/a>\n\t\t\t\t<\/dt>\n\t\t\t\t\t<dd class='wp-caption-text gallery-caption' id='gallery-6-420897'>\n\t\t\t\t\tDOMENICA\n\t\t\t\t\t<\/dd><\/dl><dl class='gallery-item'>\n\t\t\t\t<dt class='gallery-icon portrait'>\n\t\t\t\t\t<a class=\"rollover rollover-zoom dt-pswp-item\" title=\"TIB_Locandina_A3_Orso (1)\" data-dt-img-description=\"\" data-large_image_width=\"858\" data-large_image_height=\"1207\"href='https:\/\/www.radiopiu.net\/wordpress\/wp-content\/uploads\/2024\/11\/TIB_Locandina_A3_Orso-1.jpg'><img loading=\"lazy\" decoding=\"async\" width=\"150\" height=\"150\" src=\"https:\/\/www.radiopiu.net\/wordpress\/wp-content\/uploads\/2024\/11\/TIB_Locandina_A3_Orso-1-150x150.jpg\" class=\"attachment-thumbnail size-thumbnail\" alt=\"\" aria-describedby=\"gallery-6-420259\" \/><\/a>\n\t\t\t\t<\/dt>\n\t\t\t\t\t<dd class='wp-caption-text gallery-caption' id='gallery-6-420259'>\n\t\t\t\t\tDOMENICA A BELLUNO\n\t\t\t\t\t<\/dd><\/dl><dl class='gallery-item'>\n\t\t\t\t<dt class='gallery-icon portrait'>\n\t\t\t\t\t<a class=\"rollover rollover-zoom dt-pswp-item\" title=\"Screenshot\" data-dt-img-description=\"\" data-large_image_width=\"1088\" data-large_image_height=\"1550\"href='https:\/\/www.radiopiu.net\/wordpress\/wp-content\/uploads\/2024\/11\/Cisl_ParlarePerSalvare_FlyerDigitale.jpg'><img loading=\"lazy\" decoding=\"async\" width=\"150\" height=\"150\" src=\"https:\/\/www.radiopiu.net\/wordpress\/wp-content\/uploads\/2024\/11\/Cisl_ParlarePerSalvare_FlyerDigitale-150x150.jpg\" class=\"attachment-thumbnail size-thumbnail\" alt=\"\" aria-describedby=\"gallery-6-420678\" \/><\/a>\n\t\t\t\t<\/dt>\n\t\t\t\t\t<dd class='wp-caption-text gallery-caption' id='gallery-6-420678'>\n\t\t\t\t\tScreenshot\n\t\t\t\t\t<\/dd><\/dl><br style=\"clear: both\" \/><dl class='gallery-item'>\n\t\t\t\t<dt class='gallery-icon portrait'>\n\t\t\t\t\t<a class=\"rollover rollover-zoom dt-pswp-item\" title=\"Locandina proiezione docufilm I Belumat international 2024\" data-dt-img-description=\"\" data-large_image_width=\"720\" data-large_image_height=\"1040\"href='https:\/\/www.radiopiu.net\/wordpress\/wp-content\/uploads\/2024\/11\/Locandina-proiezione-docufilm-I-Belumat-international-2024.jpg'><img loading=\"lazy\" decoding=\"async\" width=\"150\" height=\"150\" src=\"https:\/\/www.radiopiu.net\/wordpress\/wp-content\/uploads\/2024\/11\/Locandina-proiezione-docufilm-I-Belumat-international-2024-150x150.jpg\" class=\"attachment-thumbnail size-thumbnail\" alt=\"\" aria-describedby=\"gallery-6-420471\" \/><\/a>\n\t\t\t\t<\/dt>\n\t\t\t\t\t<dd class='wp-caption-text gallery-caption' id='gallery-6-420471'>\n\t\t\t\t\tIL DOCUFILM A LIMANA\n\t\t\t\t\t<\/dd><\/dl><dl class='gallery-item'>\n\t\t\t\t<dt class='gallery-icon portrait'>\n\t\t\t\t\t<a class=\"rollover rollover-zoom dt-pswp-item\" title=\"IL FILO ROSSO TRA ARRIGO E LENOR\" data-dt-img-description=\"\" data-large_image_width=\"841\" data-large_image_height=\"1190\"href='https:\/\/www.radiopiu.net\/wordpress\/wp-content\/uploads\/2024\/11\/IL-FILO-ROSSO-TRA-ARRIGO-E-LENOR.jpg'><img loading=\"lazy\" decoding=\"async\" width=\"150\" height=\"150\" src=\"https:\/\/www.radiopiu.net\/wordpress\/wp-content\/uploads\/2024\/11\/IL-FILO-ROSSO-TRA-ARRIGO-E-LENOR-150x150.jpg\" class=\"attachment-thumbnail size-thumbnail\" alt=\"\" aria-describedby=\"gallery-6-420249\" \/><\/a>\n\t\t\t\t<\/dt>\n\t\t\t\t\t<dd class='wp-caption-text gallery-caption' id='gallery-6-420249'>\n\t\t\t\t\tAL PICCOLO TEATRO PIEROBON\n\t\t\t\t\t<\/dd><\/dl><dl class='gallery-item'>\n\t\t\t\t<dt class='gallery-icon portrait'>\n\t\t\t\t\t<a class=\"rollover rollover-zoom dt-pswp-item\" title=\"4448afab-7b66-4760-8c53-e411b845306d\" data-dt-img-description=\"\" data-large_image_width=\"1144\" data-large_image_height=\"1600\"href='https:\/\/www.radiopiu.net\/wordpress\/wp-content\/uploads\/2024\/11\/4448afab-7b66-4760-8c53-e411b845306d.jpg'><img loading=\"lazy\" decoding=\"async\" width=\"150\" height=\"150\" src=\"https:\/\/www.radiopiu.net\/wordpress\/wp-content\/uploads\/2024\/11\/4448afab-7b66-4760-8c53-e411b845306d-150x150.jpg\" class=\"attachment-thumbnail size-thumbnail\" alt=\"\" aria-describedby=\"gallery-6-419621\" \/><\/a>\n\t\t\t\t<\/dt>\n\t\t\t\t\t<dd class='wp-caption-text gallery-caption' id='gallery-6-419621'>\n\t\t\t\t\tIL FINE SETTIMANA A CAVIOLA\n\t\t\t\t\t<\/dd><\/dl><dl class='gallery-item'>\n\t\t\t\t<dt class='gallery-icon portrait'>\n\t\t\t\t\t<a class=\"rollover rollover-zoom dt-pswp-item\" title=\"PL_Sosp_A4_CENE\" data-dt-img-description=\"\" data-large_image_width=\"992\" data-large_image_height=\"1403\"href='https:\/\/www.radiopiu.net\/wordpress\/wp-content\/uploads\/2024\/11\/PL_Sosp_A4_CENE.jpg'><img loading=\"lazy\" decoding=\"async\" width=\"150\" height=\"150\" src=\"https:\/\/www.radiopiu.net\/wordpress\/wp-content\/uploads\/2024\/11\/PL_Sosp_A4_CENE-150x150.jpg\" class=\"attachment-thumbnail size-thumbnail\" alt=\"\" aria-describedby=\"gallery-6-419072\" \/><\/a>\n\t\t\t\t<\/dt>\n\t\t\t\t\t<dd class='wp-caption-text gallery-caption' id='gallery-6-419072'>\n\t\t\t\t\tCON LA PRO LOCO MONTI DEL SOLE\n\t\t\t\t\t<\/dd><\/dl><br style=\"clear: both\" \/><dl class='gallery-item'>\n\t\t\t\t<dt class='gallery-icon portrait'>\n\t\t\t\t\t<a class=\"rollover rollover-zoom dt-pswp-item\" title=\"Locandina Sant&#039;Andrea nuova\" data-dt-img-description=\"\" data-large_image_width=\"1890\" data-large_image_height=\"2646\"href='https:\/\/www.radiopiu.net\/wordpress\/wp-content\/uploads\/2024\/11\/Locandina-SantAndrea-nuova.png'><img loading=\"lazy\" decoding=\"async\" width=\"150\" height=\"150\" src=\"https:\/\/www.radiopiu.net\/wordpress\/wp-content\/uploads\/2024\/11\/Locandina-SantAndrea-nuova-150x150.png\" class=\"attachment-thumbnail size-thumbnail\" alt=\"\" \/><\/a>\n\t\t\t\t<\/dt><\/dl><dl class='gallery-item'>\n\t\t\t\t<dt class='gallery-icon portrait'>\n\t\t\t\t\t<a class=\"rollover rollover-zoom dt-pswp-item\" title=\"formula_3_loc\" data-dt-img-description=\"\" data-large_image_width=\"600\" data-large_image_height=\"821\"href='https:\/\/www.radiopiu.net\/wordpress\/wp-content\/uploads\/2024\/11\/formula_3_loc.jpg'><img loading=\"lazy\" decoding=\"async\" width=\"150\" height=\"150\" src=\"https:\/\/www.radiopiu.net\/wordpress\/wp-content\/uploads\/2024\/11\/formula_3_loc-150x150.jpg\" class=\"attachment-thumbnail size-thumbnail\" alt=\"\" aria-describedby=\"gallery-6-419609\" \/><\/a>\n\t\t\t\t<\/dt>\n\t\t\t\t\t<dd class='wp-caption-text gallery-caption' id='gallery-6-419609'>\n\t\t\t\t\tI FORMULA 3 A BELLUNO\n\t\t\t\t\t<\/dd><\/dl><dl class='gallery-item'>\n\t\t\t\t<dt class='gallery-icon portrait'>\n\t\t\t\t\t<a class=\"rollover rollover-zoom dt-pswp-item\" title=\"a33d4b1a-4183-4aeb-872d-b9ead0664bc8\" data-dt-img-description=\"\" data-large_image_width=\"905\" data-large_image_height=\"1280\"href='https:\/\/www.radiopiu.net\/wordpress\/wp-content\/uploads\/2024\/11\/a33d4b1a-4183-4aeb-872d-b9ead0664bc8.jpg'><img loading=\"lazy\" decoding=\"async\" width=\"150\" height=\"150\" src=\"https:\/\/www.radiopiu.net\/wordpress\/wp-content\/uploads\/2024\/11\/a33d4b1a-4183-4aeb-872d-b9ead0664bc8-150x150.jpg\" class=\"attachment-thumbnail size-thumbnail\" alt=\"\" aria-describedby=\"gallery-6-420564\" \/><\/a>\n\t\t\t\t<\/dt>\n\t\t\t\t\t<dd class='wp-caption-text gallery-caption' id='gallery-6-420564'>\n\t\t\t\t\tSABATO A BELLUNO\n\t\t\t\t\t<\/dd><\/dl><dl class='gallery-item'>\n\t\t\t\t<dt class='gallery-icon portrait'>\n\t\t\t\t\t<a class=\"rollover rollover-zoom dt-pswp-item\" title=\"Ciao Igor copia\" data-dt-img-description=\"\" data-large_image_width=\"453\" data-large_image_height=\"640\"href='https:\/\/www.radiopiu.net\/wordpress\/wp-content\/uploads\/2024\/11\/Ciao-Igor-copia.jpeg'><img loading=\"lazy\" decoding=\"async\" width=\"150\" height=\"150\" src=\"https:\/\/www.radiopiu.net\/wordpress\/wp-content\/uploads\/2024\/11\/Ciao-Igor-copia-150x150.jpeg\" class=\"attachment-thumbnail size-thumbnail\" alt=\"\" aria-describedby=\"gallery-6-419352\" \/><\/a>\n\t\t\t\t<\/dt>\n\t\t\t\t\t<dd class='wp-caption-text gallery-caption' id='gallery-6-419352'>\n\t\t\t\t\tIN MEMORIA DI IGOR\n\t\t\t\t\t<\/dd><\/dl><br style=\"clear: both\" \/><dl class='gallery-item'>\n\t\t\t\t<dt class='gallery-icon portrait'>\n\t\t\t\t\t<a class=\"rollover rollover-zoom dt-pswp-item\" title=\"manifesto serate invernali\" data-dt-img-description=\"\" data-large_image_width=\"1683\" data-large_image_height=\"2383\"href='https:\/\/www.radiopiu.net\/wordpress\/wp-content\/uploads\/2024\/11\/manifesto-serate-invernali.jpg'><img loading=\"lazy\" decoding=\"async\" width=\"150\" height=\"150\" src=\"https:\/\/www.radiopiu.net\/wordpress\/wp-content\/uploads\/2024\/11\/manifesto-serate-invernali-150x150.jpg\" class=\"attachment-thumbnail size-thumbnail\" alt=\"\" aria-describedby=\"gallery-6-418816\" \/><\/a>\n\t\t\t\t<\/dt>\n\t\t\t\t\t<dd class='wp-caption-text gallery-caption' id='gallery-6-418816'>\n\t\t\t\t\t21 FEBBRAIO\n\t\t\t\t\t<\/dd><\/dl><dl class='gallery-item'>\n\t\t\t\t<dt class='gallery-icon portrait'>\n\t\t\t\t\t<a class=\"rollover rollover-zoom dt-pswp-item\" title=\"41f0eb19-6c8b-40db-a950-17a74dc36554\" data-dt-img-description=\"\" data-large_image_width=\"1131\" data-large_image_height=\"1600\"href='https:\/\/www.radiopiu.net\/wordpress\/wp-content\/uploads\/2024\/11\/41f0eb19-6c8b-40db-a950-17a74dc36554.jpg'><img loading=\"lazy\" decoding=\"async\" width=\"150\" height=\"150\" src=\"https:\/\/www.radiopiu.net\/wordpress\/wp-content\/uploads\/2024\/11\/41f0eb19-6c8b-40db-a950-17a74dc36554-150x150.jpg\" class=\"attachment-thumbnail size-thumbnail\" alt=\"\" aria-describedby=\"gallery-6-420248\" \/><\/a>\n\t\t\t\t<\/dt>\n\t\t\t\t\t<dd class='wp-caption-text gallery-caption' id='gallery-6-420248'>\n\t\t\t\t\tIL CONCERTO A CENCENIGHE\n\t\t\t\t\t<\/dd><\/dl><dl class='gallery-item'>\n\t\t\t\t<dt class='gallery-icon portrait'>\n\t\t\t\t\t<a class=\"rollover rollover-zoom dt-pswp-item\" title=\"76cccd40-0603-419e-97ce-c76a73bfea49\" data-dt-img-description=\"\" data-large_image_width=\"1131\" data-large_image_height=\"1600\"href='https:\/\/www.radiopiu.net\/wordpress\/wp-content\/uploads\/2024\/11\/76cccd40-0603-419e-97ce-c76a73bfea49.jpg'><img loading=\"lazy\" decoding=\"async\" width=\"150\" height=\"150\" src=\"https:\/\/www.radiopiu.net\/wordpress\/wp-content\/uploads\/2024\/11\/76cccd40-0603-419e-97ce-c76a73bfea49-150x150.jpg\" class=\"attachment-thumbnail size-thumbnail\" alt=\"\" \/><\/a>\n\t\t\t\t<\/dt><\/dl><dl class='gallery-item'>\n\t\t\t\t<dt class='gallery-icon landscape'>\n\t\t\t\t\t<a class=\"rollover rollover-zoom dt-pswp-item\" title=\"0abbc826-bb45-4385-b009-d3e07ffc47d6\" data-dt-img-description=\"\" data-large_image_width=\"1080\" data-large_image_height=\"1080\"href='https:\/\/www.radiopiu.net\/wordpress\/wp-content\/uploads\/2024\/11\/0abbc826-bb45-4385-b009-d3e07ffc47d6.jpg'><img loading=\"lazy\" decoding=\"async\" width=\"150\" height=\"150\" src=\"https:\/\/www.radiopiu.net\/wordpress\/wp-content\/uploads\/2024\/11\/0abbc826-bb45-4385-b009-d3e07ffc47d6-150x150.jpg\" class=\"attachment-thumbnail size-thumbnail\" alt=\"\" aria-describedby=\"gallery-6-420917\" srcset=\"https:\/\/www.radiopiu.net\/wordpress\/wp-content\/uploads\/2024\/11\/0abbc826-bb45-4385-b009-d3e07ffc47d6-150x150.jpg 150w, https:\/\/www.radiopiu.net\/wordpress\/wp-content\/uploads\/2024\/11\/0abbc826-bb45-4385-b009-d3e07ffc47d6-300x300.jpg 300w, https:\/\/www.radiopiu.net\/wordpress\/wp-content\/uploads\/2024\/11\/0abbc826-bb45-4385-b009-d3e07ffc47d6-1024x1024.jpg 1024w, https:\/\/www.radiopiu.net\/wordpress\/wp-content\/uploads\/2024\/11\/0abbc826-bb45-4385-b009-d3e07ffc47d6-768x768.jpg 768w, https:\/\/www.radiopiu.net\/wordpress\/wp-content\/uploads\/2024\/11\/0abbc826-bb45-4385-b009-d3e07ffc47d6.jpg 1080w\" sizes=\"auto, (max-width: 150px) 100vw, 150px\" \/><\/a>\n\t\t\t\t<\/dt>\n\t\t\t\t\t<dd class='wp-caption-text gallery-caption' id='gallery-6-420917'>\n\t\t\t\t\ta taibon il 28\n\t\t\t\t\t<\/dd><\/dl><br style=\"clear: both\" \/>\n\t\t\t<\/div>\n\n<\/div>\n<\/div>\n<\/div>\n<p>&nbsp;<\/p>\n<hr \/>\n<p>&nbsp;<\/p>\n<p class=\"mceTemp\"><a class=\"dt-pswp-item\" href=\"https:\/\/www.radiopiu.net\/wordpress\/wp-content\/uploads\/2018\/09\/WhatsApp-Image-2018-09-20-at-16.04.06.jpeg\" data-dt-img-description=\"\" data-large_image_width=\"800\" data-large_image_height=\"100\"><img loading=\"lazy\" decoding=\"async\" class=\"wp-image-61378 size-full aligncenter\" src=\"https:\/\/www.radiopiu.net\/wordpress\/wp-content\/uploads\/2018\/09\/WhatsApp-Image-2018-09-20-at-16.04.06.jpeg\" alt=\"\" width=\"800\" height=\"100\" srcset=\"https:\/\/www.radiopiu.net\/wordpress\/wp-content\/uploads\/2018\/09\/WhatsApp-Image-2018-09-20-at-16.04.06.jpeg 800w, https:\/\/www.radiopiu.net\/wordpress\/wp-content\/uploads\/2018\/09\/WhatsApp-Image-2018-09-20-at-16.04.06-300x38.jpeg 300w, https:\/\/www.radiopiu.net\/wordpress\/wp-content\/uploads\/2018\/09\/WhatsApp-Image-2018-09-20-at-16.04.06-768x96.jpeg 768w\" sizes=\"auto, (max-width: 800px) 100vw, 800px\" \/><\/a><\/p>\n<p><center><\/center><center><\/center><center><b>\u00a0<\/b><\/center>&nbsp;<\/p>\n<p><center><b>OGGI<\/b><\/center><b>Tempo atteso: <\/b>Al mattino cielo irregolarmente nuvoloso con residui e modesti fenomeni nelle prime ore da sparsi a locali, nevosi fino a fondovalle; prime schiarite dopo l&#8217;alba con ampi rasserenamenti dalle ore centrali.<br \/>\n<b>Precipitazioni: <\/b>Al mattino possibili deboli fenomeni da sparsi a licali (30-40%) con deboli nevicate fino a fondovalle dell&#8217;ordine di 1-4 cm; dalle ore centrali precipitazioni ovunque assenti (0%). Gli apporti nevosi previsti tra gioved\u00ec pomeriggio e venerd\u00ec mattina saranno tuttavia modesti e compresi tra i 5 e i 15 cm localmente fino a 20 cm oltre i 1500 m specie sulle Prealpi.<\/p>\n<hr \/>\n<p><center><b>DOMANI<\/b><\/center><b>Tempo atteso: <\/b>Tempo stabile e molto secco con cielo sereno o poco nuvoloso per il transito di velature molto sottili specie nella seconda parte della giornata con clima di stampo invernale. <b>Precipitazioni: <\/b>Assenti.<\/p>\n<p>&nbsp;<\/p>\n<hr \/>\n<p><center><b>DOMENICA\u00a0<\/b><\/center>Cielo poco nuvoloso o parzialmente nuvoloso per transito di nubi alte a tratti anche consistenti ma senza fenomeni, in diradamento nel corso del pomeriggio. Clima meno freddo rispetto a sabato a tutte le quote con temperature in sensibile aumento specie le minime e in alta montagna con un&#8217;importante accentuazione dell&#8217;inversione termica nelle valli nelle ore fredde localmente persistente in quelle chiuse poco soleggiate.<\/p>\n<p>&nbsp;<\/p>\n<hr \/>\n<p><center><b>LUNEDI<\/b><\/center>Tempo stabile e soleggiato salvo la formazione di nubi basse nelle ore fredde in rapido dissolvimento. Temperature in ulteriore ripresa soprattutto in alta montagna con forte inversione termica nelle valli nelle ore fredde anche persistente nelle ore diurne in quelle chiuse e poco soleggiate<\/p>\n<blockquote class=\"wp-embedded-content\" data-secret=\"zJFQzvBNmD\"><p><a href=\"https:\/\/www.radiopiu.net\/wordpress\/freddo-intenso-nella-notte-le-temperature-registrate\/\">FREDDO INTENSO NELLA NOTTE: LE TEMPERATURE REGISTRATE<\/a><\/p><\/blockquote>\n<p><iframe loading=\"lazy\" class=\"wp-embedded-content\" sandbox=\"allow-scripts\" security=\"restricted\" style=\"position: absolute; visibility: hidden;\" title=\"&#8220;FREDDO INTENSO NELLA NOTTE: LE TEMPERATURE REGISTRATE&#8221; &#8212; Radio Pi\u00f9\" src=\"https:\/\/www.radiopiu.net\/wordpress\/freddo-intenso-nella-notte-le-temperature-registrate\/embed\/#?secret=Z8YRY1zYVc#?secret=zJFQzvBNmD\" data-secret=\"zJFQzvBNmD\" width=\"600\" height=\"338\" frameborder=\"0\" marginwidth=\"0\" marginheight=\"0\" scrolling=\"no\"><\/iframe><\/p>\n<p>&nbsp;<\/p>\n<hr \/>\n<p>&nbsp;<\/p>\n<p>&nbsp;<\/p>\n<p class=\"mceTemp\"><a class=\"dt-pswp-item\" href=\"https:\/\/www.radiopiu.net\/wordpress\/wp-content\/uploads\/2018\/09\/sport.jpg\" data-dt-img-description=\"\" data-large_image_width=\"800\" data-large_image_height=\"100\"><img loading=\"lazy\" decoding=\"async\" class=\"aligncenter wp-image-60761 size-full\" src=\"https:\/\/www.radiopiu.net\/wordpress\/wp-content\/uploads\/2018\/09\/sport.jpg\" alt=\"\" width=\"800\" height=\"100\" srcset=\"https:\/\/www.radiopiu.net\/wordpress\/wp-content\/uploads\/2018\/09\/sport.jpg 800w, https:\/\/www.radiopiu.net\/wordpress\/wp-content\/uploads\/2018\/09\/sport-300x38.jpg 300w, https:\/\/www.radiopiu.net\/wordpress\/wp-content\/uploads\/2018\/09\/sport-768x96.jpg 768w\" sizes=\"auto, (max-width: 800px) 100vw, 800px\" \/><\/a><span style=\"color: #0000ff;\"><strong>\u00a0 \u00a0 \u00a0 \u00a0 \u00a0 \u00a0 \u00a0\u00a0<\/strong><\/span><\/p>\n<p><span style=\"color: #0000ff;\"><strong>HOCKEY SU GHIACCIO<\/strong><\/span><\/p>\n<blockquote>\n<h3>IL FELTRE ATTERRA IL FASSA E DOMANI LO SCONTRO DIRETTO PER IL SECONDO POSTO IN CLASSIFICA<\/h3>\n<\/blockquote>\n<p><strong><a class=\"dt-pswp-item\" href=\"https:\/\/www.radiopiu.net\/wordpress\/wp-content\/uploads\/2024\/10\/HOCKEY-FELTRE-2024-scaled.jpg\" data-dt-img-description=\"\" data-large_image_width=\"2560\" data-large_image_height=\"1707\"><img loading=\"lazy\" decoding=\"async\" class=\" wp-image-413733 alignleft\" src=\"https:\/\/www.radiopiu.net\/wordpress\/wp-content\/uploads\/2024\/10\/HOCKEY-FELTRE-2024-300x200.jpg\" alt=\"\" width=\"188\" height=\"125\" srcset=\"https:\/\/www.radiopiu.net\/wordpress\/wp-content\/uploads\/2024\/10\/HOCKEY-FELTRE-2024-300x200.jpg 300w, https:\/\/www.radiopiu.net\/wordpress\/wp-content\/uploads\/2024\/10\/HOCKEY-FELTRE-2024-1024x683.jpg 1024w, https:\/\/www.radiopiu.net\/wordpress\/wp-content\/uploads\/2024\/10\/HOCKEY-FELTRE-2024-768x512.jpg 768w, https:\/\/www.radiopiu.net\/wordpress\/wp-content\/uploads\/2024\/10\/HOCKEY-FELTRE-2024-1536x1024.jpg 1536w, https:\/\/www.radiopiu.net\/wordpress\/wp-content\/uploads\/2024\/10\/HOCKEY-FELTRE-2024-2048x1366.jpg 2048w\" sizes=\"auto, (max-width: 188px) 100vw, 188px\" \/><\/a>FELTRE &#8211; FASSA 5-2<\/strong><\/p>\n<p>PARZIALI: 1-1, 3-1, 1-0<\/p>\n<p>GOL: pt. 10&#8217;11&#8221; Salo, 19&#8217;58&#8221; Korkiakoski. st. 2&#8217;34&#8221; Geronazzo, 9&#8217;59&#8221; Foltin, 12&#8217;03&#8221; Marco Defrancesco, 17&#8217;27&#8221; Kadlec. tt. 5&#8217;17&#8221; Kadlec<\/p>\n<p>Il Feltre vince ancora e si prepara allo scontro diretto per il secondo posto contro l\u2019Aosta domani. Dopo un primo drittel difficile, con il vantaggio iniziale del Fassa e alcune penalit\u00e0, Korkiakoski pareggia poco prima dell\u2019intervallo. Nel secondo drittel, il Feltre accelera con Geronazzo e Foltin (3-1), ma il Fassa accorcia con Defrancesco in inferiorit\u00e0 numerica. Kadlec chiude i conti con una doppietta, inclusa una rete in superiorit\u00e0. Il risultato finale non cambia, nonostante altre occasioni mancate. Il Feltre resta a tre punti dall\u2019Aosta, rendendo cruciale la sfida per il secondo posto dietro al Caldaro.<\/p>\n<p>&nbsp;<\/p>\n<p><span style=\"color: #0000ff;\"><strong>PALLAVOLO<\/strong><\/span><\/p>\n<blockquote>\n<h3>LE PRIME PAROLE DI MARCO MARZOLA, IL NUOVO ALLENATORE DELLA BELLUNO VOLLEY<\/h3>\n<\/blockquote>\n<p><a class=\"dt-pswp-item\" href=\"https:\/\/www.radiopiu.net\/wordpress\/wp-content\/uploads\/2024\/11\/Carniel_con_Marzola.jpg\" data-dt-img-description=\"\" data-large_image_width=\"1280\" data-large_image_height=\"768\"><img loading=\"lazy\" decoding=\"async\" class=\" wp-image-420853 alignleft\" src=\"https:\/\/www.radiopiu.net\/wordpress\/wp-content\/uploads\/2024\/11\/Carniel_con_Marzola-300x180.jpg\" alt=\"\" width=\"173\" height=\"104\" srcset=\"https:\/\/www.radiopiu.net\/wordpress\/wp-content\/uploads\/2024\/11\/Carniel_con_Marzola-300x180.jpg 300w, https:\/\/www.radiopiu.net\/wordpress\/wp-content\/uploads\/2024\/11\/Carniel_con_Marzola-1024x614.jpg 1024w, https:\/\/www.radiopiu.net\/wordpress\/wp-content\/uploads\/2024\/11\/Carniel_con_Marzola-768x461.jpg 768w, https:\/\/www.radiopiu.net\/wordpress\/wp-content\/uploads\/2024\/11\/Carniel_con_Marzola.jpg 1280w\" sizes=\"auto, (max-width: 173px) 100vw, 173px\" \/><\/a>Marco Marzola \u00e8 il nuovo allenatore del Belluno Volley in Serie A3. Presentato al Pala Lambioi, si \u00e8 detto entusiasta dell\u2019opportunit\u00e0 e del gruppo ambizioso. Il suo obiettivo \u00e8 migliorare l\u2019attuale sesto posto, lavorando sia sul piano tattico, come la correlazione muro-difesa, sia su quello mentale, per restituire fiducia ai giocatori. Marzola, con esperienza a Salsomaggiore, Bologna e Motta, utilizza un sistema di gioco particolare e punta a massimizzare il potenziale della squadra, descritta come una &#8220;Ferrari&#8221; da ottimizzare. Il presidente Sandro Da Rold ha salutato l\u2019ex tecnico Matteo De Cecco e richiesto un cambio di mentalit\u00e0 dagli atleti, mentre il vicepresidente Andrea Gallina ha fissato l\u2019obiettivo della qualificazione alla Coppa Italia. Il ds Alessandro Carniel, che conosce bene Marzola, nutre piena fiducia nella sua capacit\u00e0 di valorizzare il team. La prossima sfida sar\u00e0 contro la Sarlux Sarroch in Sardegna.<\/p>\n<p>&nbsp;<\/p>\n<p><span style=\"color: #0000ff;\"><strong>MOTORI<\/strong><\/span><\/p>\n<blockquote>\n<h2>GRANDE RIMONTA PER ANDREA FONTANA ALLE WORLD FINALS LAMBORGHINI<\/h2>\n<\/blockquote>\n<div class=\"flex max-w-full flex-col flex-grow\">\n<div class=\"min-h-8 text-message flex w-full flex-col items-end gap-2 whitespace-normal break-words [.text-message+&amp;]:mt-5\" dir=\"auto\" data-message-author-role=\"assistant\" data-message-id=\"aac47a55-901e-478d-907f-fc6682059986\" data-message-model-slug=\"gpt-4o\">\n<div class=\"flex w-full flex-col gap-1 empty:hidden first:pt-[3px]\">\n<div class=\"markdown prose w-full break-words dark:prose-invert dark\">\n<p><img loading=\"lazy\" decoding=\"async\" class=\"alignleft\" src=\"https:\/\/www.radiopiu.net\/wordpress\/wp-content\/uploads\/2024\/11\/FONTANA-1.jpg\" width=\"306\" height=\"204\" \/>Andrea Fontana ha chiuso in bellezza la stagione 2024 nel Lamborghini Super Trofeo Europe e nelle World Finals sul Circuito de Jerez. In coppia con Luca Seg\u00f9 sulla Hurac\u00e1n ST Evo2 del DL Racing, il pilota bellunese ha affrontato quattro gare intense, caratterizzate da meteo incerto e una griglia altamente competitiva. Nella prima gara, condizionata dalla pioggia e conclusa anticipatamente, Fontana e Seg\u00f9 hanno chiuso 14\u00b0 assoluti e 8\u00b0 in Pro Cup. In Gara-2, su pista umida, Fontana ha recuperato posizioni partendo dalla settima fila, ma un errore nella gestione della safety car ha relegato il team all&#8217;8\u00b0 posto. Le World Finals del 16-17 novembre hanno visto un\u2019ulteriore sfida: problemi con un set di gomme hanno penalizzato le qualifiche, con partenze dalla 21\u00aa e 31\u00aa posizione. Gara-1 \u00e8 stata brillante ma segnata da una penalit\u00e0 che ha vanificato una rimonta fino al 13\u00b0 posto. Nell&#8217;ultima manche, Fontana ha messo in scena una prestazione straordinaria, guadagnando 11 posizioni al primo giro e risalendo fino al 17\u00b0 posto. Grazie a una strategia vincente durante la Virtual Safety Car, Seg\u00f9 ha chiuso 14\u00b0 assoluto e 13\u00b0 di classe su 46 partecipanti. Un finale che conferma il talento e la determinazione del duo Fontana-Seg\u00f9, protagonisti di una stagione entusiasmante e ricca di sfide.<\/p>\n<p>&nbsp;<\/p>\n<\/div>\n<\/div>\n<\/div>\n<\/div>\n","protected":false},"excerpt":{"rendered":"<p>***** Dal canale di Veneto Strade Situazione Meteo nel Bellunese Tutto sotto controllo! La neve ha raggiunto le strade fino a 800 m. Sui passi, sono accumulati circa 10 cm. Guidate con prudenza e rimanete aggiornati! VALLE DEL BIOIS se desmonteghea: &#8220;Eravamo presenti alle celebrazioni della Madonna della Salute, nella bella chiesetta a lei dedicata&hellip;<\/p>\n","protected":false},"author":4,"featured_media":420919,"comment_status":"closed","ping_status":"closed","sticky":false,"template":"","format":"standard","meta":{"_monsterinsights_skip_tracking":false,"_monsterinsights_sitenote_active":false,"_monsterinsights_sitenote_note":"","_monsterinsights_sitenote_category":0,"footnotes":""},"categories":[51,86,49],"tags":[],"class_list":["post-420776","post","type-post","status-publish","format-standard","has-post-thumbnail","hentry","category-evidenza-top","category-gr","category-news-18","category-51","category-86","category-49","description-off"],"img_url":"https:\/\/www.radiopiu.net\/wordpress\/wp-content\/uploads\/2024\/11\/INV3.png","_links":{"self":[{"href":"https:\/\/www.radiopiu.net\/wordpress\/wp-json\/wp\/v2\/posts\/420776","targetHints":{"allow":["GET"]}}],"collection":[{"href":"https:\/\/www.radiopiu.net\/wordpress\/wp-json\/wp\/v2\/posts"}],"about":[{"href":"https:\/\/www.radiopiu.net\/wordpress\/wp-json\/wp\/v2\/types\/post"}],"author":[{"embeddable":true,"href":"https:\/\/www.radiopiu.net\/wordpress\/wp-json\/wp\/v2\/users\/4"}],"replies":[{"embeddable":true,"href":"https:\/\/www.radiopiu.net\/wordpress\/wp-json\/wp\/v2\/comments?post=420776"}],"version-history":[{"count":27,"href":"https:\/\/www.radiopiu.net\/wordpress\/wp-json\/wp\/v2\/posts\/420776\/revisions"}],"predecessor-version":[{"id":420986,"href":"https:\/\/www.radiopiu.net\/wordpress\/wp-json\/wp\/v2\/posts\/420776\/revisions\/420986"}],"wp:featuredmedia":[{"embeddable":true,"href":"https:\/\/www.radiopiu.net\/wordpress\/wp-json\/wp\/v2\/media\/420919"}],"wp:attachment":[{"href":"https:\/\/www.radiopiu.net\/wordpress\/wp-json\/wp\/v2\/media?parent=420776"}],"wp:term":[{"taxonomy":"category","embeddable":true,"href":"https:\/\/www.radiopiu.net\/wordpress\/wp-json\/wp\/v2\/categories?post=420776"},{"taxonomy":"post_tag","embeddable":true,"href":"https:\/\/www.radiopiu.net\/wordpress\/wp-json\/wp\/v2\/tags?post=420776"}],"curies":[{"name":"wp","href":"https:\/\/api.w.org\/{rel}","templated":true}]}}