{"id":420979,"date":"2024-11-23T05:43:17","date_gmt":"2024-11-23T04:43:17","guid":{"rendered":"https:\/\/www.radiopiu.net\/wordpress\/?p=420979"},"modified":"2024-11-23T09:54:22","modified_gmt":"2024-11-23T08:54:22","slug":"giornale-radiopiu-23-novembre-2024-direttore-mirko-mezzacasada-41-anni-25-giugno-1983-25-giugno-2024","status":"publish","type":"post","link":"https:\/\/www.radiopiu.net\/wordpress\/giornale-radiopiu-23-novembre-2024-direttore-mirko-mezzacasada-41-anni-25-giugno-1983-25-giugno-2024\/","title":{"rendered":"GIORNALE RADIOPIU 23 NOVEMBRE 2024 DIRETTORE MIRKO MEZZACASA\u2026DA 41 ANNI 25 GIUGNO 1983-25 GIUGNO 2024"},"content":{"rendered":"<audio class=\"wp-audio-shortcode\" id=\"audio-420979-1\" preload=\"none\" style=\"width: 100%;\" controls=\"controls\"><source type=\"audio\/mpeg\" src=\"https:\/\/www.radiopiu.net\/wordpress\/wp-content\/uploads\/2024\/11\/giornale07-37.mp3?_=1\" \/><a href=\"https:\/\/www.radiopiu.net\/wordpress\/wp-content\/uploads\/2024\/11\/giornale07-37.mp3\">https:\/\/www.radiopiu.net\/wordpress\/wp-content\/uploads\/2024\/11\/giornale07-37.mp3<\/a><\/audio>\n<p>*****<\/p>\n<p>&nbsp;<\/p>\n<p><em><span style=\"color: #ff0000;\"><a class=\"dt-pswp-item\" href=\"https:\/\/www.radiopiu.net\/wordpress\/wp-content\/uploads\/2024\/10\/Senza-nome-8.png\" data-dt-img-description=\"\" data-large_image_width=\"343\" data-large_image_height=\"303\"><img loading=\"lazy\" decoding=\"async\" class=\"wp-image-412130 alignleft\" src=\"https:\/\/www.radiopiu.net\/wordpress\/wp-content\/uploads\/2024\/10\/Senza-nome-8-300x265.png\" alt=\"\" width=\"105\" height=\"93\" srcset=\"https:\/\/www.radiopiu.net\/wordpress\/wp-content\/uploads\/2024\/10\/Senza-nome-8-300x265.png 300w, https:\/\/www.radiopiu.net\/wordpress\/wp-content\/uploads\/2024\/10\/Senza-nome-8.png 343w\" sizes=\"auto, (max-width: 105px) 100vw, 105px\" \/><\/a><\/span><\/em><strong><em><span style=\"color: #ff0000;\"> LA\u00a0 APP PER IOS-IPHONE di Nicola Vettorello<\/span><\/em><\/strong><\/p>\n<p><strong><span style=\"color: #0000ff;\"><a style=\"color: #0000ff;\" href=\"https:\/\/apps.apple.com\/it\/app\/radio-pi%C3%B9-emittente-agordina\/id1515939845\">https:\/\/apps.apple.com\/it\/app\/radio-pi%C3%B9-emittente-agordina\/id1515939845<\/a><\/span><\/strong><\/p>\n<p><strong><em style=\"color: #ff0000;\">LA\u00a0 APP RADIO\u00a0 PER ANDROID di Nicola Vettorello<\/em><\/strong><\/p>\n<p><strong><span style=\"color: #0000ff;\"><a style=\"color: #0000ff;\" href=\"https:\/\/play.google.com\/store\/apps\/details?id=net.radiopiu.iniko\" target=\"_blank\" rel=\"noopener noreferrer\">https:\/\/<\/a><a style=\"color: #0000ff;\" href=\"https:\/\/play.google.com\/store\/apps\/details?id=net.radiopiu.iniko\" target=\"_blank\" rel=\"noopener noreferrer\">play.google.com\/store\/apps\/details?id=net.radiopiu.iniko\u00a0\u00a0\u00a0<\/a><\/span><\/strong><\/p>\n<p>&nbsp;<\/p>\n<p>&nbsp;<\/p>\n<hr \/>\n<p>&nbsp;<\/p>\n<p>&nbsp;<\/p>\n<blockquote>\n<h2><a class=\"dt-pswp-item\" href=\"https:\/\/www.radiopiu.net\/wordpress\/wp-content\/uploads\/2019\/10\/FOGLIA-2.jpg\" data-dt-img-description=\"\" data-large_image_width=\"4608\" data-large_image_height=\"3456\"><img loading=\"lazy\" decoding=\"async\" class=\"wp-image-102978 alignleft\" src=\"https:\/\/www.radiopiu.net\/wordpress\/wp-content\/uploads\/2019\/10\/FOGLIA-2-300x225.jpg\" alt=\"\" width=\"147\" height=\"110\" srcset=\"https:\/\/www.radiopiu.net\/wordpress\/wp-content\/uploads\/2019\/10\/FOGLIA-2-300x225.jpg 300w, https:\/\/www.radiopiu.net\/wordpress\/wp-content\/uploads\/2019\/10\/FOGLIA-2-768x576.jpg 768w, https:\/\/www.radiopiu.net\/wordpress\/wp-content\/uploads\/2019\/10\/FOGLIA-2-1024x768.jpg 1024w\" sizes=\"auto, (max-width: 147px) 100vw, 147px\" \/><\/a>METEO, IERI AI PIEDI DEL COL DI FOGLIA<\/h2>\n<\/blockquote>\n<p><strong>AGORDO, DI ALESSANDRO DEOLA: \u00a0ieri bell\u2019episodio di f\u00f6hn con raffica 65km\/h. Anche il 20 novembre\u00a0 raffica a 60km\/h<\/strong><\/p>\n<p>&nbsp;<\/p>\n<p>&nbsp;<\/p>\n<hr \/>\n<p>&nbsp;<\/p>\n<p><strong><a class=\"dt-pswp-item\" href=\"https:\/\/www.radiopiu.net\/wordpress\/wp-content\/uploads\/2024\/11\/Senza-nome-101.png\" data-dt-img-description=\"\" data-large_image_width=\"173\" data-large_image_height=\"170\"><img loading=\"lazy\" decoding=\"async\" class=\"size-full wp-image-421060 alignleft\" src=\"https:\/\/www.radiopiu.net\/wordpress\/wp-content\/uploads\/2024\/11\/Senza-nome-101.png\" alt=\"\" width=\"173\" height=\"170\" \/><\/a>OGGI ALLA RADIO&#8230;.<\/strong> <span style=\"color: #ff0000;\">ALLE 4 E ALLE 6<\/span> LE NOTIZIE DALL&#8217;ITALIA E DAL MONDO <span style=\"color: #ff0000;\"> 0500 <span style=\"color: #0000ff;\"><span style=\"color: #000000;\">l&#8217;almanacco della nostra gente con il MUSLA<\/span>\u00a0<\/span><\/span><span style=\"color: #ff0000;\"> 6.15<\/span> PIROLE DE LENGA A CURA DEL MUSLA <span style=\"color: #ff0000;\">7.20<\/span> EL BAL DEL FIORI, DETTI E TRADIZIONI DI GIULIANA DA RONCH <span style=\"color: #ff0000;\">8.05<\/span> LA RASSEGNA STAMPA LOCALE<span style=\"color: #ff0000;\"> 8.30 week end marina c&#8217;e&#8217;<span style=\"color: #000000;\">\u00a0<\/span> 900 <\/span><span style=\"color: #000000;\">premier di marco gaz le novit\u00e0 discografiche alla radio<span style=\"color: #ff0000;\"> 9.35<\/span> INDIA-ITALIA&#8230; LA NUOVA PUNTATA <\/span><span style=\"color: #0000ff;\"><span style=\"color: #000000;\">\u00a0<\/span><\/span><span style=\"color: #ff0000;\"><span style=\"color: #000000;\">\u00a0<\/span><\/span><span style=\"color: #ff0000;\">9.40<\/span> VIABILITA&#8217; CON BOTOL CAR SERVICE (AGORDO-SEDICO-FELTRE) \u00a0<span style=\"color: #ff0000;\">10.30\u00a0<\/span><span style=\"color: #ff0000;\"><span style=\"color: #000000;\">\u00a0 la rassegna stampa da l&#8217;amico del popolo di gianni santomaso, ospite anna cubattoli (FOTO) <\/span><\/span>\u00a0<span style=\"color: #ff0000;\">11.10<\/span> SCUOLA APERTA, CONOSCIAMO L&#8217;OFFERTA SCOLASTICA DEL FOLLADOR DE ROSSI, sesta PUNTATA <span style=\"color: #ff0000;\">11.40<\/span> FESTIVALBAR STORY DI ATHOS DJ DAVID BEN\u00a0 \u00a0 <span style=\"color: #ff0000;\">12.00<\/span> VA TUTTO LISCIO\u00a0 <span style=\"color: #ff0000;\">12.30<\/span> GIORNALE RADIO PRINCIPALE <span style=\"color: #ff0000;\">\u00a013 10 <span style=\"color: #000000;\">AL CINEMA DOLOMITI DI FALCADE CON PAOLA LANCIATO <\/span><\/span><span style=\"color: #ff0000;\">14.00 ELETTROCHOC CON DJ JACK <\/span><span style=\"color: #000000;\">15 LA CLASSIFICA DI MARCO GAZ<\/span><span style=\"color: #ff0000;\">\u00a0<\/span>\u00a0\u00a0<span style=\"color: #ff0000;\">16.10<\/span> IL ROCK DI MARCO COSTANTINI <span style=\"color: #ff0000;\">16.45<\/span> LE HIT DI MIRCO BENCIVENNI <span style=\"color: #ff0000;\">18.00<\/span> PIU&#8217; DANCE LE SELEZIONI CHE FANNO SALTARE DI DJ JACK, JACOPO DEL TEDESCO<span style=\"color: #ff0000;\"> 18.10<\/span> REGGAETON DAVID BEN <span style=\"color: #ff0000;\">19.00 <span style=\"color: #000000;\">LE ANTICIPAZIONI DAL TG DI ANTENNA 3 DI TIZIANA BOLOGNANI\u00a0 \u00a0<span style=\"color: #ff0000;\">1920<\/span> SCUOLA APERTA, CONOSCIAMO L&#8217;OFFERTA SCOLASTICA DEL FOLLADOR DE ROSSI, QUARTA PUNTATA<\/span><\/span><\/p>\n<p><strong>ALLEGHE HOCKEY &#8211; HOCKEY PERGINE SAPIENS <\/strong>Sabato 23 Novembre ore 20:30 &#8211; Palaghiaccio Alvise De Toni di Alleghe Collegamenti in DIRETTA RADIOFONICA su Radio Pi\u00f9 (www.radiopiu.net) con \u201chockey al punto giusto\u201d, in studio Marco Gaz e da Alleghe interventi di Federico Paganin<\/p>\n<p><strong>rassegna stampa nazionale,<\/strong> ogni giorno alle 5 e alle 6 del mattino<br \/>\ngiornali locali 7 rassegna stampa flash, 8 rassegna stampa, gr flash alle 10 e alle 11, principale 12.30. Informazione pomeriggio alle 15 (speciale) 16, 17, 18. Giornale radio nazionale: ogni ora dalle 5 del mattino, alle 20 della sera.<\/p>\n<p>&nbsp;<\/p>\n<p>&nbsp;<\/p>\n<hr \/>\n<p>&nbsp;<\/p>\n<p>&nbsp;<\/p>\n<div class=\"x11i5rnm xat24cr x1mh8g0r x1vvkbs xtlvy1s x126k92a\">\n<div dir=\"auto\">\n<div dir=\"auto\">\n<p><strong><a class=\"dt-pswp-item\" href=\"https:\/\/www.radiopiu.net\/wordpress\/wp-content\/uploads\/2024\/02\/2d44e751-d8a8-461b-8e22-d8e4e853b032.jpg\" data-dt-img-description=\"\" data-large_image_width=\"1600\" data-large_image_height=\"1200\"><img loading=\"lazy\" decoding=\"async\" class=\"wp-image-373307 alignleft\" src=\"https:\/\/www.radiopiu.net\/wordpress\/wp-content\/uploads\/2024\/02\/2d44e751-d8a8-461b-8e22-d8e4e853b032-300x225.jpg\" alt=\"\" width=\"105\" height=\"79\" srcset=\"https:\/\/www.radiopiu.net\/wordpress\/wp-content\/uploads\/2024\/02\/2d44e751-d8a8-461b-8e22-d8e4e853b032-300x225.jpg 300w, https:\/\/www.radiopiu.net\/wordpress\/wp-content\/uploads\/2024\/02\/2d44e751-d8a8-461b-8e22-d8e4e853b032-1024x768.jpg 1024w, https:\/\/www.radiopiu.net\/wordpress\/wp-content\/uploads\/2024\/02\/2d44e751-d8a8-461b-8e22-d8e4e853b032-768x576.jpg 768w, https:\/\/www.radiopiu.net\/wordpress\/wp-content\/uploads\/2024\/02\/2d44e751-d8a8-461b-8e22-d8e4e853b032-1536x1152.jpg 1536w, https:\/\/www.radiopiu.net\/wordpress\/wp-content\/uploads\/2024\/02\/2d44e751-d8a8-461b-8e22-d8e4e853b032.jpg 1600w\" sizes=\"auto, (max-width: 105px) 100vw, 105px\" \/><\/a>EL BAL DEL FIOR, DI GIULIANA DA RONCH, 23 NOVEMBRE<\/strong><strong>\u00a02024<\/strong><\/p>\n<\/div>\n<\/div>\n<\/div>\n<div>\n<audio class=\"wp-audio-shortcode\" id=\"audio-420979-2\" preload=\"none\" style=\"width: 100%;\" controls=\"controls\"><source type=\"audio\/mpeg\" src=\"https:\/\/www.radiopiu.net\/wordpress\/wp-content\/uploads\/2024\/11\/GSA-2.mp3?_=2\" \/><a href=\"https:\/\/www.radiopiu.net\/wordpress\/wp-content\/uploads\/2024\/11\/GSA-2.mp3\">https:\/\/www.radiopiu.net\/wordpress\/wp-content\/uploads\/2024\/11\/GSA-2.mp3<\/a><\/audio>\n<p>&nbsp;<\/p>\n<\/div>\n<hr \/>\n<p>&nbsp;<\/p>\n<p>&nbsp;<\/p>\n<div class=\"x11i5rnm xat24cr x1mh8g0r x1vvkbs xtlvy1s x126k92a\">\n<h1><span style=\"color: #ff0000;\"><a class=\"dt-pswp-item\" href=\"https:\/\/www.radiopiu.net\/wordpress\/wp-content\/uploads\/2024\/06\/th-5.jpg\" data-dt-img-description=\"\" data-large_image_width=\"326\" data-large_image_height=\"180\"><img loading=\"lazy\" decoding=\"async\" class=\"size-medium wp-image-395881 alignleft\" src=\"https:\/\/www.radiopiu.net\/wordpress\/wp-content\/uploads\/2024\/06\/th-5-300x166.jpg\" alt=\"\" width=\"300\" height=\"166\" srcset=\"https:\/\/www.radiopiu.net\/wordpress\/wp-content\/uploads\/2024\/06\/th-5-300x166.jpg 300w, https:\/\/www.radiopiu.net\/wordpress\/wp-content\/uploads\/2024\/06\/th-5.jpg 326w\" sizes=\"auto, (max-width: 300px) 100vw, 300px\" \/><\/a><\/span><\/h1>\n<h1><\/h1>\n<h1><\/h1>\n<h1><span style=\"color: #000000;\">23 NOVEMBRE&#8230; alla radio l&#8217;almanacco\u00a0<\/span><\/h1>\n<\/div>\n<div class=\"x11i5rnm xat24cr x1mh8g0r x1vvkbs xtlvy1s x126k92a\">\n<audio class=\"wp-audio-shortcode\" id=\"audio-420979-3\" preload=\"none\" style=\"width: 100%;\" controls=\"controls\"><source type=\"audio\/mpeg\" src=\"https:\/\/www.radiopiu.net\/wordpress\/wp-content\/uploads\/2024\/11\/ALMANACCONEW-18.mp3?_=3\" \/><a href=\"https:\/\/www.radiopiu.net\/wordpress\/wp-content\/uploads\/2024\/11\/ALMANACCONEW-18.mp3\">https:\/\/www.radiopiu.net\/wordpress\/wp-content\/uploads\/2024\/11\/ALMANACCONEW-18.mp3<\/a><\/audio>\n<p>&nbsp;<\/p>\n<p>&nbsp;<\/p>\n<hr \/>\n<p>&nbsp;<\/p>\n<p>&nbsp;<\/p>\n<blockquote>\n<h1><strong><a class=\"dt-pswp-item\" href=\"https:\/\/www.radiopiu.net\/wordpress\/wp-content\/uploads\/2024\/10\/629301fd-708d-4f53-95c2-d28cbefd500f.jpg\" data-dt-img-description=\"\" data-large_image_width=\"1600\" data-large_image_height=\"1322\"><img loading=\"lazy\" decoding=\"async\" class=\"wp-image-413782 alignleft\" src=\"https:\/\/www.radiopiu.net\/wordpress\/wp-content\/uploads\/2024\/10\/629301fd-708d-4f53-95c2-d28cbefd500f-300x248.jpg\" alt=\"\" width=\"186\" height=\"154\" srcset=\"https:\/\/www.radiopiu.net\/wordpress\/wp-content\/uploads\/2024\/10\/629301fd-708d-4f53-95c2-d28cbefd500f-300x248.jpg 300w, https:\/\/www.radiopiu.net\/wordpress\/wp-content\/uploads\/2024\/10\/629301fd-708d-4f53-95c2-d28cbefd500f-1024x846.jpg 1024w, https:\/\/www.radiopiu.net\/wordpress\/wp-content\/uploads\/2024\/10\/629301fd-708d-4f53-95c2-d28cbefd500f-768x635.jpg 768w, https:\/\/www.radiopiu.net\/wordpress\/wp-content\/uploads\/2024\/10\/629301fd-708d-4f53-95c2-d28cbefd500f-1536x1269.jpg 1536w, https:\/\/www.radiopiu.net\/wordpress\/wp-content\/uploads\/2024\/10\/629301fd-708d-4f53-95c2-d28cbefd500f.jpg 1600w\" sizes=\"auto, (max-width: 186px) 100vw, 186px\" \/><\/a>N di parom &#8211; L Almanach de la nosta jent<\/strong><\/h1>\n<\/blockquote>\n<p>Le voci: Davide Conedera, Agordo, Michela Dell&#8217;Osbel, La Valle Agordina Simone Ganz, Falcade Veronica Lezuo, Colle Santa Lucia. La voce nella sigla \u00e8 di Giorgia Taio<\/p>\n<p><strong>LA PUNTATA DI OGGI, 23 NOVEMBRE<\/strong><\/p>\n<\/div>\n<div class=\"x11i5rnm xat24cr x1mh8g0r x1vvkbs xtlvy1s x126k92a\">\n<audio class=\"wp-audio-shortcode\" id=\"audio-420979-4\" preload=\"none\" style=\"width: 100%;\" controls=\"controls\"><source type=\"audio\/mpeg\" src=\"https:\/\/www.radiopiu.net\/wordpress\/wp-content\/uploads\/2024\/11\/23_november_Davide.mp3?_=4\" \/><a href=\"https:\/\/www.radiopiu.net\/wordpress\/wp-content\/uploads\/2024\/11\/23_november_Davide.mp3\">https:\/\/www.radiopiu.net\/wordpress\/wp-content\/uploads\/2024\/11\/23_november_Davide.mp3<\/a><\/audio>\n<p>&nbsp;<\/p>\n<div dir=\"auto\">\n<hr \/>\n<\/div>\n<\/div>\n<blockquote>\n<blockquote>\n<h1><span style=\"color: #ff0000;\">\u00a0<\/span><\/h1>\n<h1><span style=\"color: #ff0000;\">I podcast informativi del mattino &#8211; audio &#8211;\u00a0\u00a0<\/span><\/h1>\n<\/blockquote>\n<p><strong><a class=\"dt-pswp-item\" href=\"https:\/\/www.radiopiu.net\/wordpress\/wp-content\/uploads\/2024\/11\/6.jpg\" data-dt-img-description=\"\" data-large_image_width=\"177\" data-large_image_height=\"180\"><img loading=\"lazy\" decoding=\"async\" class=\"size-full wp-image-417911 alignleft\" src=\"https:\/\/www.radiopiu.net\/wordpress\/wp-content\/uploads\/2024\/11\/6.jpg\" alt=\"\" width=\"177\" height=\"180\" \/><\/a>LA RASSEGNA STAMPA NAZIONALE ALLA RADIO, OGNI GIORNO ALLE 5 E ALLE 6 DEL MATTINO <span style=\"color: #0000ff;\">viene pubblicata alle 6.00 <span style=\"color: #ff0000;\">DIRETTA RADIO\u00a0 \u00a0\u00a0<\/span><\/span><\/strong><\/p><\/blockquote>\n<p>&nbsp;<\/p>\n<p><strong>NOTIZIE DELLA NOTTE<\/strong><\/p>\n<p><strong>Attacco israeliano<\/strong> distrugge edificio nel centro di Beirut <strong>Austin,<\/strong> truppe nordcoreane in Russia pronte a entrare in Ucraina <strong>Cnn<\/strong>, Trump nomina Scott Bessent segretario al Tesoro <strong>&#8216;Trump<\/strong> vuole usare la Giustizia per indagare voto 2020&#8242; <strong>Nuovi raid<\/strong> israeliani alla periferia sud di Beirut <strong>Moody&#8217;s<\/strong>, crescita dell&#8217;Italia sotto 1%, spesa Pnrr lenta<br \/>\n<strong>Crosetto,<\/strong> ora esame della situazione sul campo e dei rischi <strong>Cnn,<\/strong> &#8216;truppe nordcoreane a Mariupol e nel Kharkiv&#8217;<\/p>\n<h2>AUDIO dalle 6 del mattino<\/h2>\n<audio class=\"wp-audio-shortcode\" id=\"audio-420979-5\" preload=\"none\" style=\"width: 100%;\" controls=\"controls\"><source type=\"audio\/mpeg\" src=\"https:\/\/www.radiopiu.net\/wordpress\/wp-content\/uploads\/2024\/11\/GIORNALEDELLESEI-16.mp3?_=5\" \/><a href=\"https:\/\/www.radiopiu.net\/wordpress\/wp-content\/uploads\/2024\/11\/GIORNALEDELLESEI-16.mp3\">https:\/\/www.radiopiu.net\/wordpress\/wp-content\/uploads\/2024\/11\/GIORNALEDELLESEI-16.mp3<\/a><\/audio>\n<p>&nbsp;<\/p>\n<p>&nbsp;<\/p>\n<hr \/>\n<p>&nbsp;<\/p>\n<h1 style=\"text-align: center;\"><span style=\"color: #ff0000;\"><a class=\"dt-pswp-item\" href=\"https:\/\/www.radiopiu.net\/wordpress\/wp-content\/uploads\/2024\/11\/7.jpg\" data-dt-img-description=\"\" data-large_image_width=\"180\" data-large_image_height=\"180\"><img loading=\"lazy\" decoding=\"async\" class=\"size-full wp-image-417912 alignleft\" src=\"https:\/\/www.radiopiu.net\/wordpress\/wp-content\/uploads\/2024\/11\/7.jpg\" alt=\"\" width=\"180\" height=\"180\" srcset=\"https:\/\/www.radiopiu.net\/wordpress\/wp-content\/uploads\/2024\/11\/7.jpg 180w, https:\/\/www.radiopiu.net\/wordpress\/wp-content\/uploads\/2024\/11\/7-150x150.jpg 150w\" sizes=\"auto, (max-width: 180px) 100vw, 180px\" \/><\/a>I podcast informativi del mattino &#8211; audio &#8211;\u00a0<\/span><\/h1>\n<p><strong>OGNI GIORNO ALLE SETTE DEL MATTINO, LA RASSEGNA STAMPA LOCALE FLASH&#8230; PER CHI VA IN FRETTA. I TITOLI DAI GIORNALI E DAL SITO WWW.RADIOPIU.NET <span style=\"color: #0000ff;\">viene pubblicato alle 7.00<\/span> <span style=\"color: #ff0000;\">DIRETTA RADIO\u00a0<\/span><\/strong><\/p>\n<p><em><span style=\"color: #ff0000;\">per chi va in fretta&#8230; tante notizie in pochi minuti. L&#8217;informazione locale alla radio, ogni ora dalle 7 del mattino alle 19 della sera.<\/span><\/em><\/p>\n<h1><\/h1>\n<h1>AUDIO dalle 7 del mattino<\/h1>\n<audio class=\"wp-audio-shortcode\" id=\"audio-420979-6\" preload=\"none\" style=\"width: 100%;\" controls=\"controls\"><source type=\"audio\/mpeg\" src=\"https:\/\/www.radiopiu.net\/wordpress\/wp-content\/uploads\/2024\/11\/GF07-19.mp3?_=6\" \/><a href=\"https:\/\/www.radiopiu.net\/wordpress\/wp-content\/uploads\/2024\/11\/GF07-19.mp3\">https:\/\/www.radiopiu.net\/wordpress\/wp-content\/uploads\/2024\/11\/GF07-19.mp3<\/a><\/audio>\n<p>&nbsp;<\/p>\n<p>&nbsp;<\/p>\n<p>&nbsp;<\/p>\n<hr \/>\n<p>&nbsp;<\/p>\n<h1><\/h1>\n<h1 style=\"text-align: center;\"><span style=\"color: #ff0000;\"><a class=\"dt-pswp-item\" href=\"https:\/\/www.radiopiu.net\/wordpress\/wp-content\/uploads\/2024\/11\/th.jpg\" data-dt-img-description=\"\" data-large_image_width=\"148\" data-large_image_height=\"179\"><img loading=\"lazy\" decoding=\"async\" class=\"size-full wp-image-417913 alignleft\" src=\"https:\/\/www.radiopiu.net\/wordpress\/wp-content\/uploads\/2024\/11\/th.jpg\" alt=\"\" width=\"148\" height=\"179\" \/><\/a>I podcast informativi del mattino &#8211; audio &#8211;\u00a0<\/span><\/h1>\n<blockquote><p><strong>GIORNALE RADIO NAZIONALE, EDIZIONE DELLE SETTE <span style=\"color: #0000ff;\">viene pubblicato alle 7.05 <span style=\"color: #ff0000;\">DIRETTA RADIO\u00a0<\/span><\/span><\/strong><\/p><\/blockquote>\n<p><strong>il giornale radionazionale e&#8217; in onda ogni ora, dalle sette del mattino alle venti della sera\u00a0 \u00a0<\/strong><strong>\u00a0<\/strong><\/p>\n<p><strong>Cassazione<\/strong> 10 anni di reclusione al trapper Elia17Baby <strong>Nel Novarese<\/strong> Scontro tra auto, muore bimbo di 14 anni gravissimo fratello di 4\u00a0 <strong>Femminicidio a Cagliari,<\/strong> il marito ha confessato Per sei mesi si \u00e8 sempre dichiarato innocente <strong>Aggredisce infermiere e vigilante<\/strong> nell&#8217;ospedale Betania di Napoli Il Dg: &#8216;Siamo in guerra, sempre pi\u00f9 spesso si verificano aggressioni nel nosocomio&#8217;\u00a0 <strong>Schiaffi a infermiere<\/strong> per saltare la fila, denunciato <strong>Identificato parente di un paziente<\/strong>. Tensione al pronto soccorso <strong>Ex vigilessa uccisa,<\/strong> confermato l&#8217;ergastolo alle due figlie\u00a0 In appello a Brescia, la stessa pena per l&#8217;ex fidanzato\u00a0 <strong>Giudici:<\/strong> &#8216;Pena estinta per l&#8217;ex terrorista Raffaele Ventura&#8217; Condannato per l&#8217;omicidio Custra. Pu\u00f2 tornare in Italia dalla Francia<br \/>\n<strong>Il piccolo Ethan<\/strong> consegnato alla madre dalle autorit\u00e0 Usa La conferma dalla console d&#8217;Italia a Los Angeles<\/p>\n<p>&nbsp;<\/p>\n<p><span style=\"color: #ff0000;\"><span style=\"color: #0000ff;\">CRONACA<\/span> EDIZIONE DELLA SERA , DEL 22 NOVEMBRE 2024 EDIZIONE DI IERI, 20.00<\/span><\/p>\n<audio class=\"wp-audio-shortcode\" id=\"audio-420979-7\" preload=\"none\" style=\"width: 100%;\" controls=\"controls\"><source type=\"audio\/mpeg\" src=\"https:\/\/www.radiopiu.net\/wordpress\/wp-content\/uploads\/2024\/11\/giornale07-36.mp3?_=7\" \/><a href=\"https:\/\/www.radiopiu.net\/wordpress\/wp-content\/uploads\/2024\/11\/giornale07-36.mp3\">https:\/\/www.radiopiu.net\/wordpress\/wp-content\/uploads\/2024\/11\/giornale07-36.mp3<\/a><\/audio>\n<p>&nbsp;<\/p>\n<p><span style=\"color: #ff0000;\"><span style=\"color: #0000ff;\">SPORT<\/span> EDIZIONE DELLE 19, DEL 22 NOVEMBRE 2024, LO SPORT EDIZIONE DI IERI<\/span><\/p>\n<audio class=\"wp-audio-shortcode\" id=\"audio-420979-8\" preload=\"none\" style=\"width: 100%;\" controls=\"controls\"><source type=\"audio\/mpeg\" src=\"https:\/\/www.radiopiu.net\/wordpress\/wp-content\/uploads\/2024\/11\/gr-sport-18.mp3?_=8\" \/><a href=\"https:\/\/www.radiopiu.net\/wordpress\/wp-content\/uploads\/2024\/11\/gr-sport-18.mp3\">https:\/\/www.radiopiu.net\/wordpress\/wp-content\/uploads\/2024\/11\/gr-sport-18.mp3<\/a><\/audio>\n<h2><\/h2>\n<h2><span style=\"color: #ff0000;\"><span style=\"color: #0000ff;\">ULTIM&#8217;ORA<\/span> AUDIO dalle sette del mattino, ogni ora alla radio EDIZIONE DELLE SETTE<\/span><\/h2>\n<audio class=\"wp-audio-shortcode\" id=\"audio-420979-9\" preload=\"none\" style=\"width: 100%;\" controls=\"controls\"><source type=\"audio\/mpeg\" src=\"https:\/\/www.radiopiu.net\/wordpress\/wp-content\/uploads\/2024\/11\/giornale07-37.mp3?_=9\" \/><a href=\"https:\/\/www.radiopiu.net\/wordpress\/wp-content\/uploads\/2024\/11\/giornale07-37.mp3\">https:\/\/www.radiopiu.net\/wordpress\/wp-content\/uploads\/2024\/11\/giornale07-37.mp3<\/a><\/audio>\n<p>&nbsp;<\/p>\n<p>&nbsp;<\/p>\n<hr \/>\n<p>&nbsp;<\/p>\n<p>&nbsp;<\/p>\n<h1><span style=\"color: #ff0000;\"><a class=\"dt-pswp-item\" href=\"https:\/\/www.radiopiu.net\/wordpress\/wp-content\/uploads\/2024\/11\/8.jpg\" data-dt-img-description=\"\" data-large_image_width=\"180\" data-large_image_height=\"180\"><img loading=\"lazy\" decoding=\"async\" class=\"size-full wp-image-417910 alignleft\" src=\"https:\/\/www.radiopiu.net\/wordpress\/wp-content\/uploads\/2024\/11\/8.jpg\" alt=\"\" width=\"180\" height=\"180\" srcset=\"https:\/\/www.radiopiu.net\/wordpress\/wp-content\/uploads\/2024\/11\/8.jpg 180w, https:\/\/www.radiopiu.net\/wordpress\/wp-content\/uploads\/2024\/11\/8-150x150.jpg 150w\" sizes=\"auto, (max-width: 180px) 100vw, 180px\" \/><\/a>I podcast informativi del mattino &#8211; video &#8211;\u00a0<\/span><\/h1>\n<h2 style=\"text-align: left;\"><strong>RASSEGNA STAMPA LOCALE, ORE OTTO 05<\/strong><\/h2>\n<h2><strong> <span style=\"color: #0000ff;\">viene\u00a0 <\/span><\/strong><strong><span style=\"color: #0000ff;\">pubblicata alle 8.05 <span style=\"color: #ff0000;\">DIRETTA RADIO\u00a0 \u00a0<\/span><\/span><\/strong><strong>DI MIRKO MEZZACASA<\/strong><\/h2>\n<h2><span style=\"color: #ff0000;\"><strong>\u00a0<\/strong><\/span><\/h2>\n<h2><span style=\"color: #ff0000;\"><strong>\u00a0<\/strong><\/span><\/h2>\n<h1><span style=\"color: #ff0000;\"><strong>VIDEO\u00a0 \u00a0in diretta dalle 8 del mattino\u00a0 \u00a0per ASCOLTARE <\/strong><\/span><\/h1>\n<blockquote>\n<h1 style=\"text-align: center;\">CLICCA QUI<\/h1>\n<\/blockquote>\n<p><a class=\"dt-pswp-item\" href=\"https:\/\/www.radiopiu.net\/wordpress\/wp-content\/uploads\/2024\/11\/coop1-1.png\" data-dt-img-description=\"\" data-large_image_width=\"602\" data-large_image_height=\"375\">\u00a0<\/a><\/p>\n<p>&nbsp;<\/p>\n<p>&nbsp;<\/p>\n<hr \/>\n<p>&nbsp;<\/p>\n<p>&nbsp;<\/p>\n<p><strong><a class=\"dt-pswp-item\" href=\"https:\/\/www.radiopiu.net\/wordpress\/wp-content\/uploads\/2023\/12\/ANTENNA.png\" data-dt-img-description=\"\" data-large_image_width=\"300\" data-large_image_height=\"166\"><img loading=\"lazy\" decoding=\"async\" class=\" wp-image-366306 alignleft\" src=\"https:\/\/www.radiopiu.net\/wordpress\/wp-content\/uploads\/2023\/12\/ANTENNA.png\" alt=\"\" width=\"175\" height=\"97\" \/><\/a>ogni sera alle 19 le anticipazioni alla radio, quello che poi seguirete nel TELEGIORNALE BELLUNESE\u00a0 in onda alle 19.30 sul CANALE 10 del digitale terrestre.\u00a0\u00a0<\/strong><\/p>\n<p><strong>LE ANTICIPAZIONI DAL TG DI ANTENNA 3 DI TIZIANA BOLOGNANI<\/strong><\/p>\n<audio class=\"wp-audio-shortcode\" id=\"audio-420979-10\" preload=\"none\" style=\"width: 100%;\" controls=\"controls\"><source type=\"audio\/mpeg\" src=\"https:\/\/www.radiopiu.net\/wordpress\/wp-content\/uploads\/2024\/11\/ANTENNA3-16.mp3?_=10\" \/><a href=\"https:\/\/www.radiopiu.net\/wordpress\/wp-content\/uploads\/2024\/11\/ANTENNA3-16.mp3\">https:\/\/www.radiopiu.net\/wordpress\/wp-content\/uploads\/2024\/11\/ANTENNA3-16.mp3<\/a><\/audio>\n<p>&nbsp;<\/p>\n<p>&nbsp;<\/p>\n<hr \/>\n<p>&nbsp;<\/p>\n<blockquote>\n<h3>VENERDI SCIOPERO NAZIONALE DEI TRASPORTI<\/h3>\n<\/blockquote>\n<p><strong>BELLUNO<\/strong> DolomitiBus e le sigle sindacali comunicano che nella giornata di venerd\u00ec 29 novembre \u00e8 stato indetto uno sciopero nazionale di 24 ore dei trasporti. DolomitiBus garantisce il servizio dalle 5:40 alle 8:10 e dalle 12:10 alle 15:40. Le corse in partenza prima dell\u2019inizio dello sciopero<br \/>\nverranno effettuate regolarmente e le stesse, una volta iniziate, proseguiranno sino al capolinea. I servizi verranno ripristinati completamente a partire dal giorno successivo.<\/p>\n<p>&nbsp;<\/p>\n<p>&nbsp;<\/p>\n<hr \/>\n<p>&nbsp;<\/p>\n<blockquote>\n<h3>LAVORI PROGRAMMATI BIM GSP<\/h3>\n<\/blockquote>\n<p><strong>VALLADA<\/strong> Marted\u00ec, dalle 13:00 alle 17:00 (o fino a fine lavori), sar\u00e0 sospesa l&#8217;erogazione dell&#8217;acqua a Vallada Agordina, nelle localit\u00e0 Cogul, Piaz e Andrich, per lavori alla rete idrica. Si cercher\u00e0 di minimizzare i disagi per i residenti.<\/p>\n<p>&nbsp;<\/p>\n<p>&nbsp;<\/p>\n<hr \/>\n<p>&nbsp;<\/p>\n<blockquote>\n<h2><a class=\"dt-pswp-item\" href=\"https:\/\/www.radiopiu.net\/wordpress\/wp-content\/uploads\/2024\/06\/taibon-framont-san-lucano2.jpg\" data-dt-img-description=\"\" data-large_image_width=\"1600\" data-large_image_height=\"1200\"><img loading=\"lazy\" decoding=\"async\" class=\"wp-image-396641 alignleft\" src=\"https:\/\/www.radiopiu.net\/wordpress\/wp-content\/uploads\/2024\/06\/taibon-framont-san-lucano2-300x225.jpg\" alt=\"\" width=\"184\" height=\"138\" srcset=\"https:\/\/www.radiopiu.net\/wordpress\/wp-content\/uploads\/2024\/06\/taibon-framont-san-lucano2-300x225.jpg 300w, https:\/\/www.radiopiu.net\/wordpress\/wp-content\/uploads\/2024\/06\/taibon-framont-san-lucano2-1024x768.jpg 1024w, https:\/\/www.radiopiu.net\/wordpress\/wp-content\/uploads\/2024\/06\/taibon-framont-san-lucano2-768x576.jpg 768w, https:\/\/www.radiopiu.net\/wordpress\/wp-content\/uploads\/2024\/06\/taibon-framont-san-lucano2-1536x1152.jpg 1536w, https:\/\/www.radiopiu.net\/wordpress\/wp-content\/uploads\/2024\/06\/taibon-framont-san-lucano2.jpg 1600w\" sizes=\"auto, (max-width: 184px) 100vw, 184px\" \/><\/a>203 AGORDINA DA LUNEDI CHIUSURA DELLO SVINCOLO PER AGORDO<\/h2>\n<\/blockquote>\n<p><strong>TAIBON<\/strong> Da lunedi al 29 novembre, in localit\u00e0 San Cipriano, interdizione totale della circolazione stradale della corsia di svincolo direzione sud\u00a0 per intervento realizzazione rete del gas. <strong>QUINDI PER AGORDO RIMANERE IN TANGENZIALE\u00a0 \u00a0<\/strong><\/p>\n<p>&nbsp;<\/p>\n<p>&nbsp;<\/p>\n<hr \/>\n<p>&nbsp;<\/p>\n<blockquote>\n<h3>Addio al cardiologo Andrea Zerbio, stimato professionista e appassionato sportivo<\/h3>\n<\/blockquote>\n<p><strong>BELLUNO<\/strong><\/p>\n<div class=\"flex max-w-full flex-col flex-grow\">\n<div class=\"min-h-8 text-message flex w-full flex-col items-end gap-2 whitespace-normal break-words [.text-message+&amp;]:mt-5\" dir=\"auto\" data-message-author-role=\"assistant\" data-message-id=\"43047850-7778-4c24-9e30-a841b250373b\" data-client-thread-id=\"WEB:fd2542db-72dc-4a78-bef5-5698434dba87\" data-message-model-slug=\"gpt-4o\">\n<div class=\"flex w-full flex-col gap-1 empty:hidden first:pt-[3px]\">\n<div class=\"markdown prose w-full break-words dark:prose-invert dark\">\n<p><a class=\"dt-pswp-item\" href=\"https:\/\/www.radiopiu.net\/wordpress\/wp-content\/uploads\/2024\/11\/ZERBIO.png\" data-dt-img-description=\"\" data-large_image_width=\"280\" data-large_image_height=\"273\"><img loading=\"lazy\" decoding=\"async\" class=\"wp-image-421110 alignleft\" src=\"https:\/\/www.radiopiu.net\/wordpress\/wp-content\/uploads\/2024\/11\/ZERBIO.png\" alt=\"\" width=\"154\" height=\"150\" \/><\/a>\u00c8 scomparso a 85 anni il cardiologo Andrea Zerbio, figura di riferimento per la medicina sportiva a Belluno e Feltre. Nel corso della sua carriera ha visitato migliaia di atleti, garantendo loro l\u2019idoneit\u00e0 agonistica, e ha lavorato anche privatamente nel suo ambulatorio di via Caffi.<\/p>\n<p>Appassionato ciclista, Zerbio percorreva quotidianamente le strade bellunesi fino a quando le condizioni di salute non gliel\u2019hanno pi\u00f9 permesso. Ricoverato in Pneumologia, \u00e8 venuto a mancare nella notte tra gioved\u00ec e venerd\u00ec.<\/p>\n<p>Lascia la moglie Andreina, il figlio Michele e i nipoti. Il funerale si terr\u00e0 luned\u00ec alle 15 nel Duomo di Belluno.<\/p>\n<p>&nbsp;<\/p>\n<p>&nbsp;<\/p>\n<hr \/>\n<p>&nbsp;<\/p>\n<blockquote>\n<h3><a class=\"dt-pswp-item\" href=\"https:\/\/www.radiopiu.net\/wordpress\/wp-content\/uploads\/2024\/11\/Senza-nome-95.png\" data-dt-img-description=\"\" data-large_image_width=\"345\" data-large_image_height=\"397\"><img loading=\"lazy\" decoding=\"async\" class=\"wp-image-420911 alignleft\" src=\"https:\/\/www.radiopiu.net\/wordpress\/wp-content\/uploads\/2024\/11\/Senza-nome-95-261x300.png\" alt=\"\" width=\"100\" height=\"115\" srcset=\"https:\/\/www.radiopiu.net\/wordpress\/wp-content\/uploads\/2024\/11\/Senza-nome-95-261x300.png 261w, https:\/\/www.radiopiu.net\/wordpress\/wp-content\/uploads\/2024\/11\/Senza-nome-95.png 345w\" sizes=\"auto, (max-width: 100px) 100vw, 100px\" \/><\/a>MARTEDI I FUNERALI DI ANTONIO<\/h3>\n<p><strong>BORGO VALBELLUNA\u00a0<\/strong> Si svolgeranno martedi alle 9.30 a Carve i funerali di Antonio Comiotto, 65 anni di Mel morto schiacciato da una pianta mentre lavorava in un bosco di sua propriet\u00e0 in localit\u00e0 Valmaor.<\/p><\/blockquote>\n<p>&nbsp;<\/p>\n<p>&nbsp;<\/p>\n<p>&nbsp;<\/p>\n<p>&nbsp;<\/p>\n<\/div>\n<\/div>\n<\/div>\n<\/div>\n<hr \/>\n<p>&nbsp;<\/p>\n<blockquote>\n<h1>TRE FERITI, DI BRESCIA A PASSO SAN PELLEGRINO<\/h1>\n<\/blockquote>\n<p><strong>FALCADE<\/strong> Un auto ribaltata,\u00a0 A bordo della Panda, una persona cosciente (non in condizioni critiche) trasferita in elicottero ad\u00a0 Agordo\u00a0 e altri due feriti non gravi. E&#8217; il bilancio dell&#8217;incidente lungo la regionale 346 del San Pellegrino in localit\u00e0 ai Zingari. Sul posto elicottero del Suem 118, vigili del fuoco per la messa in sicurezza della strada e Carabinieri. Disagi al traffico comunque limitati.\u00a0 Tre dunque i feriti, tutti trasportati all&#8217;ospedale di Agordo, tutti tre in condizioni non gravi, codice c&#8217;ingresso 1, anche la persona trasferita in elicottero.\u00a0 \u00a0Si tratta di tre ventenni, un uomo e due donne di Brescia.<\/p>\n\n\t\t\t<style type='text\/css'>\n\t\t\t\t#gallery-1 {\n\t\t\t\t\tmargin: auto;\n\t\t\t\t}\n\t\t\t\t#gallery-1 .gallery-item {\n\t\t\t\t\tfloat: left;\n\t\t\t\t\tmargin-top: 10px;\n\t\t\t\t\ttext-align: center;\n\t\t\t\t\twidth: 25%;\n\t\t\t\t}\n\t\t\t\t#gallery-1 img {\n\t\t\t\t\tborder: 2px solid #cfcfcf;\n\t\t\t\t}\n\t\t\t\t#gallery-1 .gallery-caption {\n\t\t\t\t\tmargin-left: 0;\n\t\t\t\t}\n\t\t\t\t\/* see gallery_shortcode() in wp-includes\/media.php *\/\n\t\t\t<\/style>\n\t\t<div id='gallery-1' class='dt-gallery-container gallery galleryid-420979 gallery-columns-4 gallery-size-thumbnail'><dl class='gallery-item'>\n\t\t\t\t<dt class='gallery-icon landscape'>\n\t\t\t\t\t<a class=\"rollover rollover-zoom dt-pswp-item\" title=\"9a9dd184-cbe9-4436-b2cc-03878f1d115e\" data-dt-img-description=\"\" data-large_image_width=\"1599\" data-large_image_height=\"899\"href='https:\/\/www.radiopiu.net\/wordpress\/wp-content\/uploads\/2024\/11\/9a9dd184-cbe9-4436-b2cc-03878f1d115e.jpg'><img loading=\"lazy\" decoding=\"async\" width=\"150\" height=\"150\" src=\"https:\/\/www.radiopiu.net\/wordpress\/wp-content\/uploads\/2024\/11\/9a9dd184-cbe9-4436-b2cc-03878f1d115e-150x150.jpg\" class=\"attachment-thumbnail size-thumbnail\" alt=\"\" \/><\/a>\n\t\t\t\t<\/dt><\/dl><dl class='gallery-item'>\n\t\t\t\t<dt class='gallery-icon landscape'>\n\t\t\t\t\t<a class=\"rollover rollover-zoom dt-pswp-item\" title=\"SANP\" data-dt-img-description=\"\" data-large_image_width=\"451\" data-large_image_height=\"295\"href='https:\/\/www.radiopiu.net\/wordpress\/wp-content\/uploads\/2024\/11\/SANP.png'><img loading=\"lazy\" decoding=\"async\" width=\"150\" height=\"150\" src=\"https:\/\/www.radiopiu.net\/wordpress\/wp-content\/uploads\/2024\/11\/SANP-150x150.png\" class=\"attachment-thumbnail size-thumbnail\" alt=\"\" \/><\/a>\n\t\t\t\t<\/dt><\/dl><dl class='gallery-item'>\n\t\t\t\t<dt class='gallery-icon landscape'>\n\t\t\t\t\t<a class=\"rollover rollover-zoom dt-pswp-item\" title=\"fc4a666b-a3fa-4dff-add3-ebd98e495901\" data-dt-img-description=\"\" data-large_image_width=\"1599\" data-large_image_height=\"899\"href='https:\/\/www.radiopiu.net\/wordpress\/wp-content\/uploads\/2024\/11\/fc4a666b-a3fa-4dff-add3-ebd98e495901.jpg'><img loading=\"lazy\" decoding=\"async\" width=\"150\" height=\"150\" src=\"https:\/\/www.radiopiu.net\/wordpress\/wp-content\/uploads\/2024\/11\/fc4a666b-a3fa-4dff-add3-ebd98e495901-150x150.jpg\" class=\"attachment-thumbnail size-thumbnail\" alt=\"\" \/><\/a>\n\t\t\t\t<\/dt><\/dl><dl class='gallery-item'>\n\t\t\t\t<dt class='gallery-icon landscape'>\n\t\t\t\t\t<a class=\"rollover rollover-zoom dt-pswp-item\" title=\"6758e020-0060-40b2-845b-4d9e5490115d\" data-dt-img-description=\"\" data-large_image_width=\"1599\" data-large_image_height=\"899\"href='https:\/\/www.radiopiu.net\/wordpress\/wp-content\/uploads\/2024\/11\/6758e020-0060-40b2-845b-4d9e5490115d.jpg'><img loading=\"lazy\" decoding=\"async\" width=\"150\" height=\"150\" src=\"https:\/\/www.radiopiu.net\/wordpress\/wp-content\/uploads\/2024\/11\/6758e020-0060-40b2-845b-4d9e5490115d-150x150.jpg\" class=\"attachment-thumbnail size-thumbnail\" alt=\"\" \/><\/a>\n\t\t\t\t<\/dt><\/dl><br style=\"clear: both\" \/>\n\t\t\t<\/div>\n\n<p>&nbsp;<\/p>\n<p>&nbsp;<\/p>\n<hr \/>\n<blockquote>\n<h3><\/h3>\n<h3>Bolzano Bellunese: auto si ribalta, donna di 77 anni in ospedale<\/h3>\n<\/blockquote>\n<p><strong>BELLUNO<\/strong><\/p>\n<div class=\"flex max-w-full flex-col flex-grow\">\n<div class=\"min-h-8 text-message flex w-full flex-col items-end gap-2 whitespace-normal break-words [.text-message+&amp;]:mt-5\" dir=\"auto\" data-message-author-role=\"assistant\" data-message-id=\"7ca810a9-27a2-4e39-91ed-659bcf169e34\" data-client-thread-id=\"WEB:fd2542db-72dc-4a78-bef5-5698434dba87\" data-message-model-slug=\"gpt-4o\">\n<div class=\"flex w-full flex-col gap-1 empty:hidden first:pt-[3px]\">\n<div class=\"markdown prose w-full break-words dark:prose-invert dark\">\n<p><img loading=\"lazy\" decoding=\"async\" class=\"alignleft\" src=\"https:\/\/www.radiopiu.net\/wordpress\/wp-content\/uploads\/2024\/11\/Senza-nome-103.png\" width=\"276\" height=\"122\" \/>Incidente ieri pomeriggio a Bolzano Bellunese, nei pressi di locanda Case Bortot. Una donna di 77 anni ha perso il controllo della sua Fiat 500 nera, urtando una massa di tronchi a lato strada. L\u2019impatto ha ribaltato l\u2019auto, lasciandola capovolta.<\/p>\n<p>&nbsp;<\/p>\n<p>I vigili del fuoco, intervenuti sul posto, hanno estratto la donna, poi trasportata in codice giallo all\u2019ospedale San Martino di Belluno per accertamenti. La viabilit\u00e0 \u00e8 stata temporaneamente interrotta per consentire i soccorsi e mettere in sicurezza il veicolo.<\/p>\n<p>&nbsp;<\/p>\n<p>&nbsp;<\/p>\n<hr \/>\n<p>&nbsp;<\/p>\n<blockquote>\n<h3>Energia, falsit\u00e0 per un contratto: anziana disabile di Vigo di Cadore si salva grazie alla figlia<\/h3>\n<\/blockquote>\n<p><strong>VIGO DI CADORE<\/strong><\/p>\n<div class=\"flex max-w-full flex-col flex-grow\">\n<div class=\"min-h-8 text-message flex w-full flex-col items-end gap-2 whitespace-normal break-words [.text-message+&amp;]:mt-5\" dir=\"auto\" data-message-author-role=\"assistant\" data-message-id=\"282a624d-7538-4095-8780-fe560da1da23\" data-client-thread-id=\"WEB:fd2542db-72dc-4a78-bef5-5698434dba87\" data-message-model-slug=\"gpt-4o\">\n<div class=\"flex w-full flex-col gap-1 empty:hidden first:pt-[3px]\">\n<div class=\"markdown prose w-full break-words dark:prose-invert dark\">\n<p><a class=\"dt-pswp-item\" href=\"https:\/\/www.radiopiu.net\/wordpress\/wp-content\/uploads\/2024\/11\/th-14.jpg\" data-dt-img-description=\"\" data-large_image_width=\"288\" data-large_image_height=\"180\"><img loading=\"lazy\" decoding=\"async\" class=\" wp-image-421115 alignleft\" src=\"https:\/\/www.radiopiu.net\/wordpress\/wp-content\/uploads\/2024\/11\/th-14.jpg\" alt=\"\" width=\"214\" height=\"134\" \/><\/a>Una 90enne disabile di Vigo di Cadore \u00e8 scampata a un tentativo di raggiro da parte di un operatore energetico, che ha contattato la figlia per forzarle un nuovo contratto. L\u2019operatore ha millantato la necessit\u00e0 di un \u201caggiornamento al mercato libero regionale\u201d e l\u2019obbligo di scegliere un fornitore con una centralina a Belluno.<\/p>\n<p>&nbsp;<\/p>\n<p>La figlia ha smascherato le bugie, rivolgendosi all\u2019Adico. L\u2019associazione ha denunciato il crescente caos nel settore energetico, tra pressioni telefoniche e falsit\u00e0 per strappare clienti. La tutela per anziani e disabili resta una necessit\u00e0 critica, specie nel Bellunese<\/p>\n<\/div>\n<\/div>\n<p>&nbsp;<\/p>\n<p>&nbsp;<\/p>\n<hr \/>\n<p>&nbsp;<\/p>\n<blockquote>\n<h2>Feltre, topi d\u2019appartamento rubano monili d\u2019oro in due case<\/h2>\n<\/blockquote>\n<\/div>\n<\/div>\n<p><strong><img loading=\"lazy\" decoding=\"async\" class=\"alignleft\" src=\"https:\/\/www.radiopiu.net\/wordpress\/wp-content\/uploads\/2023\/02\/la-pattuglia-dei-Carabinieri-intervenuta-sul-luogo-del-tentato-furto-.jpg\" width=\"215\" height=\"146\" \/>FELTRE<\/strong><\/p>\n<div class=\"flex max-w-full flex-col flex-grow\">\n<div class=\"min-h-8 text-message flex w-full flex-col items-end gap-2 whitespace-normal break-words [.text-message+&amp;]:mt-5\" dir=\"auto\" data-message-author-role=\"assistant\" data-message-id=\"2a6e58ef-669b-47c7-95bf-24a56fc1471b\" data-client-thread-id=\"WEB:fd2542db-72dc-4a78-bef5-5698434dba87\" data-message-model-slug=\"gpt-4o\">\n<div class=\"flex w-full flex-col gap-1 empty:hidden first:pt-[3px]\">\n<div class=\"markdown prose w-full break-words dark:prose-invert dark\">\n<p>Gioved\u00ec pomeriggio, due abitazioni nella zona di Boscariz a Feltre sono state prese di mira dai ladri. Rientrando, i proprietari hanno trovato porte forzate, cassetti svuotati e monili d\u2019oro rubati. Il bottino, ancora da quantificare, sembra essere consistente.<\/p>\n<p>Le vittime hanno sporto denuncia ai carabinieri, che stanno esaminando le immagini delle telecamere di sorveglianza per identificare i responsabili. Si sospetta che i colpi siano opera della stessa banda. Le forze dell\u2019ordine invitano i cittadini a segnalare movimenti sospetti per prevenire nuovi furti.<\/p>\n<\/div>\n<\/div>\n<\/div>\n<\/div>\n<p>FOTO ARCHIVIO<\/p>\n<p>&nbsp;<\/p>\n<hr \/>\n<p>&nbsp;<\/p>\n<blockquote>\n<h1>Sovramonte, pianta cade su un elettrodotto: intervento dei pompieri<\/h1>\n<\/blockquote>\n<p><strong><img loading=\"lazy\" decoding=\"async\" class=\"alignleft\" src=\"https:\/\/www.radiopiu.net\/wordpress\/wp-content\/uploads\/2023\/11\/vigili-fuoco-1.jpg\" width=\"180\" height=\"135\" \/>SOVRAMONTE<\/strong><\/p>\n<div class=\"flex max-w-full flex-col flex-grow\">\n<div class=\"min-h-8 text-message flex w-full flex-col items-end gap-2 whitespace-normal break-words [.text-message+&amp;]:mt-5\" dir=\"auto\" data-message-author-role=\"assistant\" data-message-id=\"bf262f70-22d4-4447-bb39-21c36b95bd5e\" data-client-thread-id=\"WEB:fd2542db-72dc-4a78-bef5-5698434dba87\" data-message-model-slug=\"gpt-4o\">\n<div class=\"flex w-full flex-col gap-1 empty:hidden first:pt-[3px]\">\n<div class=\"markdown prose w-full break-words dark:prose-invert dark\">\n<p>A Moline di Sovramonte, ieri mattina, una pianta caduta sulla linea dell\u2019alta tensione ha provocato un principio d\u2019incendio e l\u2019interruzione dell\u2019energia elettrica nella zona. L\u2019incidente \u00e8 avvenuto nei pressi della centrale elettrica, dove l\u2019impatto con l\u2019elettrodotto ha danneggiato un cavo.<\/p>\n<p>Immediata la richiesta di intervento ai vigili del fuoco di Feltre, che si sono recati sul posto per domare il principio d\u2019incendio. Nel frattempo, i tecnici di Terna hanno isolato il tratto danneggiato per consentire le riparazioni. La situazione \u00e8 stata rapidamente messa in sicurezza<\/p>\n<p>&nbsp;<\/p>\n<hr \/>\n<p>&nbsp;<\/p>\n<blockquote>\n<h2>Intitolare una via a Orsini La maggioranza dice no<\/h2>\n<\/blockquote>\n<div class=\"articlePlainText\"><img loading=\"lazy\" decoding=\"async\" class=\"alignleft\" src=\"https:\/\/www.radiopiu.net\/wordpress\/wp-content\/uploads\/2024\/11\/ec90e303-47ef-4aa0-a19d-1a6b2ea45034-300x300.webp\" width=\"139\" height=\"139\" \/><\/div>\n<div class=\"articlePlainText\"><strong>BORGO VALBELLUNA\u00a0<\/strong><\/div>\n<div><\/div>\n<div class=\"articlePlainText\">Respinta la proposta della minoranza di intitolare una via di Mel a Gianfranco Orsini. In consiglio comunale la maggioranza ha infatti detto no all&#8217;idea lanciata da &#8220;Costruiamo Borgo&#8221; di rinominare l&#8217;attuale via Roma, per motivazioni legate <em>\u00abal mancato coinvolgimento della popolazione su un&#8217;importante decisione come questa\u00bb.<\/em><\/div>\n<div><\/div>\n<p>&nbsp;<\/p>\n<p>&nbsp;<\/p>\n<\/div>\n<\/div>\n<\/div>\n<\/div>\n<p>&nbsp;<\/p>\n<\/div>\n<\/div>\n<\/div>\n<\/div>\n<hr \/>\n<p>&nbsp;<\/p>\n<blockquote>\n<h3 class=\"entry-title\">LA SVOLTA: BUFFA E SCHINETTI SUBENTRANO A STRIANO<\/h3>\n<\/blockquote>\n<p><a class=\"dt-pswp-item\" href=\"https:\/\/www.radiopiu.net\/wordpress\/wp-content\/uploads\/2024\/11\/dafe5205-4c26-40a1-9adb-5d0b51ba1664.jpg\" data-dt-img-description=\"\" data-large_image_width=\"1179\" data-large_image_height=\"758\"><img loading=\"lazy\" decoding=\"async\" class=\" wp-image-421032 alignleft\" src=\"https:\/\/www.radiopiu.net\/wordpress\/wp-content\/uploads\/2024\/11\/dafe5205-4c26-40a1-9adb-5d0b51ba1664-300x193.jpg\" alt=\"\" width=\"263\" height=\"169\" srcset=\"https:\/\/www.radiopiu.net\/wordpress\/wp-content\/uploads\/2024\/11\/dafe5205-4c26-40a1-9adb-5d0b51ba1664-300x193.jpg 300w, https:\/\/www.radiopiu.net\/wordpress\/wp-content\/uploads\/2024\/11\/dafe5205-4c26-40a1-9adb-5d0b51ba1664-1024x658.jpg 1024w, https:\/\/www.radiopiu.net\/wordpress\/wp-content\/uploads\/2024\/11\/dafe5205-4c26-40a1-9adb-5d0b51ba1664-768x494.jpg 768w, https:\/\/www.radiopiu.net\/wordpress\/wp-content\/uploads\/2024\/11\/dafe5205-4c26-40a1-9adb-5d0b51ba1664.jpg 1179w\" sizes=\"auto, (max-width: 263px) 100vw, 263px\" \/><\/a>Durante l&#8217;ultimo incontro sindacale, i vertici aziendali EssilorLuxottica hanno annunciato importanti cambiamenti manageriali. Davide Schinetti \u00e8 stato nominato responsabile globale delle operations, succedendo a Giorgio Striano. Schinetti, con esperienza interna al Gruppo, garantir\u00e0 continuit\u00e0 e innovazione nei processi produttivi. Federico Buffa assumer\u00e0 la guida di ricerca, sviluppo e innovazione, ampliando le sue responsabilit\u00e0 fino al marketing, consolidando il legame tra tecnologia e mercato. I nuovi leader, entrambi italiani e cresciuti professionalmente nel Gruppo di Agordo, rappresentano stabilit\u00e0 e visione futura. Questi cambiamenti rafforzano la governance, mantenendo saldo il legame con le radici aziendali e proiettandosi verso nuove sfide globali.<\/p>\n<p>foto Striano, Schinetti, Buffa.<\/p>\n<p>&nbsp;<\/p>\n<hr \/>\n<p>&nbsp;<\/p>\n<div class=\"flex-1 overflow-hidden\">\n<div class=\"h-full\">\n<div class=\"react-scroll-to-bottom--css-mgnhq-79elbk h-full\">\n<div class=\"react-scroll-to-bottom--css-mgnhq-1n7m0yu\">\n<div class=\"flex flex-col text-sm md:pb-9\">\n<article class=\"w-full scroll-mb-[var(--thread-trailing-height,150px)] text-token-text-primary focus-visible:outline-2 focus-visible:outline-offset-[-4px]\" dir=\"auto\" data-testid=\"conversation-turn-23\" data-scroll-anchor=\"true\">\n<div class=\"m-auto text-base py-[18px] px-3 md:px-4 w-full md:px-5 lg:px-4 xl:px-5\">\n<div class=\"mx-auto flex flex-1 gap-4 text-base md:gap-5 lg:gap-6 md:max-w-3xl lg:max-w-[40rem] xl:max-w-[48rem]\">\n<div class=\"group\/conversation-turn relative flex w-full min-w-0 flex-col agent-turn\">\n<div class=\"flex-col gap-1 md:gap-3\">\n<div class=\"flex max-w-full flex-col flex-grow\">\n<div class=\"min-h-8 text-message flex w-full flex-col items-end gap-2 whitespace-normal break-words [.text-message+&amp;]:mt-5\" dir=\"auto\" data-message-author-role=\"assistant\" data-message-id=\"ac1bc916-1f74-4405-8243-39eb393ede86\" data-client-thread-id=\"WEB:fd2542db-72dc-4a78-bef5-5698434dba87\" data-message-model-slug=\"gpt-4o-mini\">\n<div class=\"flex w-full flex-col gap-1 empty:hidden first:pt-[3px]\">\n<div class=\"markdown prose w-full break-words dark:prose-invert dark\">\n<blockquote>\n<h3><a class=\"dt-pswp-item\" href=\"https:\/\/www.radiopiu.net\/wordpress\/wp-content\/uploads\/2024\/11\/sindaci-veneti.jpeg\" data-dt-img-description=\"\" data-large_image_width=\"1080\" data-large_image_height=\"1440\"><img loading=\"lazy\" decoding=\"async\" class=\"size-medium wp-image-421082 alignleft\" src=\"https:\/\/www.radiopiu.net\/wordpress\/wp-content\/uploads\/2024\/11\/sindaci-veneti-225x300.jpeg\" alt=\"\" width=\"225\" height=\"300\" srcset=\"https:\/\/www.radiopiu.net\/wordpress\/wp-content\/uploads\/2024\/11\/sindaci-veneti-225x300.jpeg 225w, https:\/\/www.radiopiu.net\/wordpress\/wp-content\/uploads\/2024\/11\/sindaci-veneti-768x1024.jpeg 768w, https:\/\/www.radiopiu.net\/wordpress\/wp-content\/uploads\/2024\/11\/sindaci-veneti.jpeg 1080w\" sizes=\"auto, (max-width: 225px) 100vw, 225px\" \/><\/a>\u00abL\u2019ossatura del Paese sono le aree interne e montane\u00bb, commenta Roberto Padrin<\/h3>\n<\/blockquote>\n<p>Il presidente della Provincia di Belluno, Roberto Padrin, ha partecipato alla due giorni di Anci a Torino, supportando le richieste dei sindaci per garantire servizi nelle aree interne e montane. Padrin ha ribadito che la sopravvivenza di queste zone dipende dalla capillarit\u00e0 dei servizi e dalle politiche territoriali mirate a famiglie e imprese. Ha inoltre sottolineato l&#8217;importanza della semplificazione amministrativa e dell\u2019attrazione di personale per i Comuni. Infine, ha commentato positivamente l&#8217;apertura del ministro Salvini al ripristino dell\u2019elettivit\u00e0 delle Province entro il 2026.<\/p>\n<\/div>\n<\/div>\n<\/div>\n<\/div>\n<div class=\"mb-2 flex gap-3 empty:hidden -ml-2\">\n<div class=\"items-center justify-start rounded-xl p-1 flex\"><\/div>\n<\/div>\n<\/div>\n<\/div>\n<\/div>\n<\/div>\n<\/article>\n<\/div>\n<\/div>\n<\/div>\n<\/div>\n<\/div>\n<p>&nbsp;<\/p>\n<p>&nbsp;<\/p>\n<p>&nbsp;<\/p>\n<p>&nbsp;<\/p>\n<hr \/>\n<div class=\"flex-1 overflow-hidden\">\n<div class=\"h-full\">\n<div class=\"react-scroll-to-bottom--css-mgnhq-79elbk h-full\">\n<div class=\"react-scroll-to-bottom--css-mgnhq-1n7m0yu\">\n<div class=\"flex flex-col text-sm md:pb-9\">\n<article class=\"w-full scroll-mb-[var(--thread-trailing-height,150px)] text-token-text-primary focus-visible:outline-2 focus-visible:outline-offset-[-4px]\" dir=\"auto\" data-testid=\"conversation-turn-25\" data-scroll-anchor=\"true\">\n<div class=\"m-auto text-base py-[18px] px-3 md:px-4 w-full md:px-5 lg:px-4 xl:px-5\">\n<div class=\"mx-auto flex flex-1 gap-4 text-base md:gap-5 lg:gap-6 md:max-w-3xl lg:max-w-[40rem] xl:max-w-[48rem]\">\n<div class=\"group\/conversation-turn relative flex w-full min-w-0 flex-col agent-turn\">\n<div class=\"flex-col gap-1 md:gap-3\">\n<div class=\"flex max-w-full flex-col flex-grow\">\n<div class=\"min-h-8 text-message flex w-full flex-col items-end gap-2 whitespace-normal break-words [.text-message+&amp;]:mt-5\" dir=\"auto\" data-message-author-role=\"assistant\" data-message-id=\"d6dc78a8-0b23-4843-a377-631b2e4086d2\" data-client-thread-id=\"WEB:fd2542db-72dc-4a78-bef5-5698434dba87\" data-message-model-slug=\"gpt-4o-mini\">\n<div class=\"flex w-full flex-col gap-1 empty:hidden first:pt-[3px]\">\n<div class=\"markdown prose w-full break-words dark:prose-invert dark\">\n<blockquote>\n<h3><\/h3>\n<h3><a class=\"dt-pswp-item\" href=\"https:\/\/www.radiopiu.net\/wordpress\/wp-content\/uploads\/2021\/10\/SILVIA-CALLIGARO.png\" data-dt-img-description=\"\" data-large_image_width=\"328\" data-large_image_height=\"364\"><img loading=\"lazy\" decoding=\"async\" class=\" wp-image-235451 alignleft\" src=\"https:\/\/www.radiopiu.net\/wordpress\/wp-content\/uploads\/2021\/10\/SILVIA-CALLIGARO-270x300.png\" alt=\"\" width=\"172\" height=\"191\" srcset=\"https:\/\/www.radiopiu.net\/wordpress\/wp-content\/uploads\/2021\/10\/SILVIA-CALLIGARO-270x300.png 270w, https:\/\/www.radiopiu.net\/wordpress\/wp-content\/uploads\/2021\/10\/SILVIA-CALLIGARO.png 328w\" sizes=\"auto, (max-width: 172px) 100vw, 172px\" \/><\/a>\u00abLe attivit\u00e0 agricole sono un presidio fondamentale per la montagna\u00bb, afferma Silvia Calligaro<\/h3>\n<\/blockquote>\n<p>La vice presidente della Provincia di Belluno, Silvia Calligaro, ha sottolineato l\u2019importanza delle attivit\u00e0 agricole per la montagna, definendole cruciali per la difesa del suolo e la creazione di lavoro. Intervenendo all&#8217;incontro di Confagricoltura a Pedavena, ha evidenziato le difficolt\u00e0 dell\u2019agricoltura montana, caratterizzata da piccole aziende e difficolt\u00e0 orografiche. Calligaro ha ribadito il supporto della Provincia agli agricoltori, definendoli &#8220;contadini&#8221; nel senso pi\u00f9 nobile del termine, e ha evidenziato l\u2019importanza di lavorare insieme per trasformare le sfide della montagna in opportunit\u00e0 per un\u2019agricoltura innovativa e sostenibile<\/p>\n<hr \/>\n<\/div>\n<\/div>\n<\/div>\n<\/div>\n<\/div>\n<div class=\"absolute\">\n<div class=\"flex items-center justify-center\"><\/div>\n<\/div>\n<\/div>\n<\/div>\n<\/div>\n<\/article>\n<\/div>\n<\/div>\n<\/div>\n<\/div>\n<\/div>\n<div class=\"md:pt-0 dark:border-white\/20 md:border-transparent md:dark:border-transparent w-full\">\n<div>\n<div class=\"m-auto text-base px-3 md:px-4 w-full md:px-5 lg:px-4 xl:px-5\">\n<div class=\"mx-auto flex flex-1 gap-4 text-base md:gap-5 lg:gap-6 md:max-w-3xl lg:max-w-[40rem] xl:max-w-[48rem]\">\n<div class=\"flex justify-center\"><\/div>\n<\/div>\n<\/div>\n<\/div>\n<\/div>\n<blockquote>\n<h3>PRENDE FORMA IL GIRO DEL LAGO DEL CENTRO CADORE: DAL FONDO COMUNI CONFINANTI UN CONTRIBUTO DI 4 MILIONI DI EURO<\/h3>\n<\/blockquote>\n<p><strong><a class=\"dt-pswp-item\" href=\"https:\/\/www.radiopiu.net\/wordpress\/wp-content\/uploads\/2020\/05\/Dario-Bond.jpg\" data-dt-img-description=\"\" data-large_image_width=\"165\" data-large_image_height=\"228\"><img loading=\"lazy\" decoding=\"async\" class=\" wp-image-138833 alignleft\" src=\"https:\/\/www.radiopiu.net\/wordpress\/wp-content\/uploads\/2020\/05\/Dario-Bond.jpg\" alt=\"\" width=\"103\" height=\"142\" \/><\/a>BELLUNO <\/strong>Quattro milioni di euro per un\u2019opera infrastrutturale attesa da tempo e destinata a cambiare in maniera radicale l\u2019offerta turistica dell\u2019intero Cadore. A tanto ammonta il finanziamento che il Comitato di Gestione del Fondo Comuni Confinanti ha destinato, in base alla convenzione appena firmata, al soggetto attuatore dell\u2019intervento, rappresentato dall\u2019Unione Montana Centro Cadore, per il nuovo tracciato pedonale e ciclabile attorno al Lago del Centro Cadore.<\/p>\n<p><strong>(FOTO dario bond)<\/strong><\/p>\n<p><strong>DARIO BOND\u00a0<\/strong><\/p>\n<audio class=\"wp-audio-shortcode\" id=\"audio-420979-11\" preload=\"none\" style=\"width: 100%;\" controls=\"controls\"><source type=\"audio\/mpeg\" src=\"https:\/\/www.radiopiu.net\/wordpress\/wp-content\/uploads\/2024\/11\/BOND-CICLABILE.mp3?_=11\" \/><a href=\"https:\/\/www.radiopiu.net\/wordpress\/wp-content\/uploads\/2024\/11\/BOND-CICLABILE.mp3\">https:\/\/www.radiopiu.net\/wordpress\/wp-content\/uploads\/2024\/11\/BOND-CICLABILE.mp3<\/a><\/audio>\n<p>&nbsp;<\/p>\n<hr \/>\n<p>&nbsp;<\/p>\n<blockquote>\n<h3>IL NUOVO DEPURATORE A BORCA DI CADORE<\/h3>\n<\/blockquote>\n<p><strong>BELLUNO<\/strong> A Borca di Cadore si avviano alla conclusione i lavori per il nuovo impianto di depurazione realizzato da Bim Gsp in localit\u00e0 Salieto, vicino al ponte di Villanova. Gi\u00e0 operativo da mesi, l\u2019impianto serve l\u2019intero comune con una capacit\u00e0 di 4.500 abitanti equivalenti, trattando dai 450 ai 900 metri cubi di reflui al giorno, a seconda della stagione. Dotato di due linee di trattamento per garantire efficienza anche nei picchi di utilizzo, utilizza un sistema di disinfezione a raggi UV per restituire acqua di alta qualit\u00e0 all\u2019ambiente. L\u2019intervento, dal costo di 4,5 milioni di euro, \u00e8 stato cofinanziato con 1,1 milioni dalla Regione Veneto e 280 mila euro dal Consiglio di Bacino Dolomiti Bellunesi.<\/p>\n\n\t\t\t<style type='text\/css'>\n\t\t\t\t#gallery-2 {\n\t\t\t\t\tmargin: auto;\n\t\t\t\t}\n\t\t\t\t#gallery-2 .gallery-item {\n\t\t\t\t\tfloat: left;\n\t\t\t\t\tmargin-top: 10px;\n\t\t\t\t\ttext-align: center;\n\t\t\t\t\twidth: 33%;\n\t\t\t\t}\n\t\t\t\t#gallery-2 img {\n\t\t\t\t\tborder: 2px solid #cfcfcf;\n\t\t\t\t}\n\t\t\t\t#gallery-2 .gallery-caption {\n\t\t\t\t\tmargin-left: 0;\n\t\t\t\t}\n\t\t\t\t\/* see gallery_shortcode() in wp-includes\/media.php *\/\n\t\t\t<\/style>\n\t\t<div id='gallery-2' class='dt-gallery-container gallery galleryid-420979 gallery-columns-3 gallery-size-thumbnail'><dl class='gallery-item'>\n\t\t\t\t<dt class='gallery-icon landscape'>\n\t\t\t\t\t<a class=\"rollover rollover-zoom dt-pswp-item\" title=\"1_la posa della copertura del nuovo depuratore\" data-dt-img-description=\"\" data-large_image_width=\"1599\" data-large_image_height=\"1200\"href='https:\/\/www.radiopiu.net\/wordpress\/wp-content\/uploads\/2024\/11\/1_la-posa-della-copertura-del-nuovo-depuratore.jpg'><img loading=\"lazy\" decoding=\"async\" width=\"150\" height=\"150\" src=\"https:\/\/www.radiopiu.net\/wordpress\/wp-content\/uploads\/2024\/11\/1_la-posa-della-copertura-del-nuovo-depuratore-150x150.jpg\" class=\"attachment-thumbnail size-thumbnail\" alt=\"\" \/><\/a>\n\t\t\t\t<\/dt><\/dl><dl class='gallery-item'>\n\t\t\t\t<dt class='gallery-icon landscape'>\n\t\t\t\t\t<a class=\"rollover rollover-zoom dt-pswp-item\" title=\"2_l&#039;esterno dell&#039;impianto in esercizio\" data-dt-img-description=\"\" data-large_image_width=\"1599\" data-large_image_height=\"1200\"href='https:\/\/www.radiopiu.net\/wordpress\/wp-content\/uploads\/2024\/11\/2_lesterno-dellimpianto-in-esercizio.jpg'><img loading=\"lazy\" decoding=\"async\" width=\"150\" height=\"150\" src=\"https:\/\/www.radiopiu.net\/wordpress\/wp-content\/uploads\/2024\/11\/2_lesterno-dellimpianto-in-esercizio-150x150.jpg\" class=\"attachment-thumbnail size-thumbnail\" alt=\"\" \/><\/a>\n\t\t\t\t<\/dt><\/dl><dl class='gallery-item'>\n\t\t\t\t<dt class='gallery-icon landscape'>\n\t\t\t\t\t<a class=\"rollover rollover-zoom dt-pswp-item\" title=\"3_l&#039;interno dell&#039;impianto\" data-dt-img-description=\"\" data-large_image_width=\"1600\" data-large_image_height=\"720\"href='https:\/\/www.radiopiu.net\/wordpress\/wp-content\/uploads\/2024\/11\/3_linterno-dellimpianto.jpg'><img loading=\"lazy\" decoding=\"async\" width=\"150\" height=\"150\" src=\"https:\/\/www.radiopiu.net\/wordpress\/wp-content\/uploads\/2024\/11\/3_linterno-dellimpianto-150x150.jpg\" class=\"attachment-thumbnail size-thumbnail\" alt=\"\" \/><\/a>\n\t\t\t\t<\/dt><\/dl><br style=\"clear: both\" \/>\n\t\t\t<\/div>\n\n<p>&nbsp;<\/p>\n<hr \/>\n<p>&nbsp;<\/p>\n<h3><a class=\"dt-pswp-item\" href=\"https:\/\/www.radiopiu.net\/wordpress\/wp-content\/uploads\/2024\/11\/Thomas-Menia-Corbanese-Luca-Frescura-scaled.jpg\" data-dt-img-description=\"09 October 2024, 1760: European Youth Capitals - Youth participation for a stronger democracy Belgium - Brussels - October 2024 \u00a9 European Union \/ Vincent Duterne\" data-large_image_width=\"2560\" data-large_image_height=\"2248\"><img loading=\"lazy\" decoding=\"async\" class=\" wp-image-421064 alignleft\" src=\"https:\/\/www.radiopiu.net\/wordpress\/wp-content\/uploads\/2024\/11\/Thomas-Menia-Corbanese-Luca-Frescura-300x263.jpg\" alt=\"\" width=\"210\" height=\"184\" srcset=\"https:\/\/www.radiopiu.net\/wordpress\/wp-content\/uploads\/2024\/11\/Thomas-Menia-Corbanese-Luca-Frescura-300x263.jpg 300w, https:\/\/www.radiopiu.net\/wordpress\/wp-content\/uploads\/2024\/11\/Thomas-Menia-Corbanese-Luca-Frescura-1024x899.jpg 1024w, https:\/\/www.radiopiu.net\/wordpress\/wp-content\/uploads\/2024\/11\/Thomas-Menia-Corbanese-Luca-Frescura-768x674.jpg 768w, https:\/\/www.radiopiu.net\/wordpress\/wp-content\/uploads\/2024\/11\/Thomas-Menia-Corbanese-Luca-Frescura-1536x1349.jpg 1536w, https:\/\/www.radiopiu.net\/wordpress\/wp-content\/uploads\/2024\/11\/Thomas-Menia-Corbanese-Luca-Frescura-2048x1798.jpg 2048w\" sizes=\"auto, (max-width: 210px) 100vw, 210px\" \/><\/a>PRIMA NEVICATA E PRIMI DISAGI<\/h3>\n<blockquote><p><em><strong>Giovani&amp;Futuro: \u201cServe maggiore attenzione alla pulizia delle strade secondarie!\u201d<\/strong><\/em><\/p><\/blockquote>\n<p><strong>COMELICO<\/strong> La prima nevicata ha creato disagi agli automobilisti, costretti a percorrere strade innevate come il Passo Sant\u2019Antonio e la SP6 a causa della chiusura della Galleria Comelico per lavori. Luca Frescura, Presidente di <em>Giovani&amp;Futuro<\/em>, ha ribadito la necessit\u00e0 di garantire la sicurezza stradale, chiedendo un potenziamento dello sgombero neve. Anche il Vicepresidente e Sindaco di Danta, Thomas Menia Corbanese, ha sollecitato Veneto Strade per incrementare i servizi notturni di pulizia e Anas per un sopralluogo al cantiere. L\u2019associazione sottolinea che, con l\u2019inverno imminente, servono soluzioni rapide per prevenire ulteriori disagi in attesa del completamento della galleria.<\/p>\n<p>&nbsp;<\/p>\n<p>&nbsp;<\/p>\n<hr \/>\n<p>&nbsp;<\/p>\n<p>&nbsp;<\/p>\n<blockquote>\n<h2>Servizio Dati Sangue Trasfusionale Belluno 2024<\/h2>\n<\/blockquote>\n<p><strong><img loading=\"lazy\" decoding=\"async\" class=\"alignleft\" src=\"https:\/\/www.radiopiu.net\/wordpress\/wp-content\/uploads\/2024\/11\/3d38236f-9c71-4d81-a5a9-f7fefbe36f1e-scaled.jpg\" width=\"215\" height=\"161\" \/>BELLUNO<\/strong> Belluno si conferma eccellenza nella donazione di sangue, con raccolta oltre la media regionale per sangue intero e plasma. Nel 2024, le previsioni indicano 14.520 unit\u00e0 raccolte (+2,4% rispetto al 2023). Crescono visite di controllo, nuovi donatori e attivit\u00e0 di medicina generativa, un primato locale.<\/p>\n<p><strong>DI DANIELE DALVIT<\/strong><\/p>\n<audio class=\"wp-audio-shortcode\" id=\"audio-420979-12\" preload=\"none\" style=\"width: 100%;\" controls=\"controls\"><source type=\"audio\/mpeg\" src=\"https:\/\/www.radiopiu.net\/wordpress\/wp-content\/uploads\/2024\/11\/Servizio-Dati-sangue-trasfusionale-Belluno-2024.mp3?_=12\" \/><a href=\"https:\/\/www.radiopiu.net\/wordpress\/wp-content\/uploads\/2024\/11\/Servizio-Dati-sangue-trasfusionale-Belluno-2024.mp3\">https:\/\/www.radiopiu.net\/wordpress\/wp-content\/uploads\/2024\/11\/Servizio-Dati-sangue-trasfusionale-Belluno-2024.mp3<\/a><\/audio>\n<p>&nbsp;<\/p>\n<p>&nbsp;<\/p>\n<hr \/>\n<p>&nbsp;<\/p>\n<blockquote>\n<h2>Diga Vanoi, la Provincia attende le risposte del Consorzio Brenta<\/h2>\n<\/blockquote>\n<h3><img loading=\"lazy\" decoding=\"async\" class=\"alignleft\" src=\"https:\/\/www.radiopiu.net\/wordpress\/wp-content\/uploads\/2024\/09\/Vanoi-Canal-San-Bovo-1-scaled.jpg\" width=\"220\" height=\"165\" \/><\/h3>\n<p><strong>BELLUNO<\/strong> La Provincia di Belluno accoglie con favore le osservazioni del Ministero della Cultura contro la realizzazione della diga del Vanoi, sostenendo l&#8217;opzione zero come la migliore soluzione. Il presidente Roberto Padrin ribadisce la contrariet\u00e0 del territorio, proponendo alternative alla siccit\u00e0 e allo stoccaggio idrico. Il \u201cQuaderno delle osservazioni\u201d, presentato oggi, sar\u00e0 esaminato dal Consorzio di Bonifica Brenta, che risponder\u00e0 entro il 12 dicembre. Il consigliere Massimo Bortoluzzi auspica la chiusura della progettazione, rifiutando la contrapposizione tra montagna e pianura, sottolineando la necessit\u00e0 di soluzioni condivise. La Provincia vigila sull\u2019iter progettuale per garantire il rispetto delle esigenze del territorio montano.<\/p>\n<p>&nbsp;<\/p>\n<p>&nbsp;<\/p>\n<hr \/>\n<p>&nbsp;<\/p>\n<h1 class=\"_title post-title entry-title\"><a class=\"dt-pswp-item\" href=\"https:\/\/www.radiopiu.net\/wordpress\/wp-content\/uploads\/2023\/12\/ANTENNA.png\" data-dt-img-description=\"\" data-large_image_width=\"300\" data-large_image_height=\"166\"><img loading=\"lazy\" decoding=\"async\" class=\"wp-image-366306 alignleft\" src=\"https:\/\/www.radiopiu.net\/wordpress\/wp-content\/uploads\/2023\/12\/ANTENNA.png\" alt=\"\" width=\"172\" height=\"95\" \/><\/a>NON SOLO 25 NOVEMBRE\u2019 INIZIATIVE DIFFUSE PER CONTRASTARE LA VIOLENZA DI GENERE<\/h1>\n<p>Intervistati SIMONETTA BUTTIGNON (ASSESSORA PARI OPPORTUNITA\u2019 COMUNE DI BELLUNO) (Servizio di\u00a0<a href=\"https:\/\/antennatre.medianordest.it\/redazione\/Tiziana-Bolognani\/\">Tiziana Bolognani<\/a>)<\/p>\n<p><iframe loading=\"lazy\" title=\"&#039;NON SOLO 25 NOVEMBRE&#039; INIZIATIVE DIFFUSE PER CONTRASTARE LA VIOLENZA DI GENERE | 22\/11\/2024\" width=\"1200\" height=\"675\" src=\"https:\/\/www.youtube.com\/embed\/C2SJUFNNmHM?feature=oembed\" frameborder=\"0\" allow=\"accelerometer; autoplay; clipboard-write; encrypted-media; gyroscope; picture-in-picture; web-share\" referrerpolicy=\"strict-origin-when-cross-origin\" allowfullscreen><\/iframe><\/p>\n<p>&nbsp;<\/p>\n<p>&nbsp;<\/p>\n<p>&nbsp;<\/p>\n<hr \/>\n<p>&nbsp;<\/p>\n<blockquote>\n<h3>PRESENTATO IL NUOVO CALENDARIO DELLA GUARDIA DI FINANZA<\/h3>\n<\/blockquote>\n<p><strong><a class=\"dt-pswp-item\" href=\"https:\/\/www.radiopiu.net\/wordpress\/wp-content\/uploads\/2021\/07\/f4c337a3-ac9c-493f-80be-951c4d412476.jpg\" data-dt-img-description=\"\" data-large_image_width=\"1080\" data-large_image_height=\"763\"><img loading=\"lazy\" decoding=\"async\" class=\" wp-image-222505 alignleft\" src=\"https:\/\/www.radiopiu.net\/wordpress\/wp-content\/uploads\/2021\/07\/f4c337a3-ac9c-493f-80be-951c4d412476-300x212.jpg\" alt=\"\" width=\"167\" height=\"118\" srcset=\"https:\/\/www.radiopiu.net\/wordpress\/wp-content\/uploads\/2021\/07\/f4c337a3-ac9c-493f-80be-951c4d412476-300x212.jpg 300w, https:\/\/www.radiopiu.net\/wordpress\/wp-content\/uploads\/2021\/07\/f4c337a3-ac9c-493f-80be-951c4d412476-1024x723.jpg 1024w, https:\/\/www.radiopiu.net\/wordpress\/wp-content\/uploads\/2021\/07\/f4c337a3-ac9c-493f-80be-951c4d412476-768x543.jpg 768w, https:\/\/www.radiopiu.net\/wordpress\/wp-content\/uploads\/2021\/07\/f4c337a3-ac9c-493f-80be-951c4d412476.jpg 1080w\" sizes=\"auto, (max-width: 167px) 100vw, 167px\" \/><\/a>ROMA <\/strong>Presso l\u2019Auditorium \u201cdella Conciliazione\u201d \u00e8 stato presentato il Calendario Storico 2025 della Guardia di Finanza, realizzato con il contributo del fotogiornalista Massimo Sestini. All\u2019evento, condotto dalla giornalista Roberta Floris, hanno partecipato il Vice Ministro dell\u2019Economia e delle Finanze, On. Maurizio Leo, e la Banda del Corpo, accompagnata dal quartetto d\u2019archi \u201cQART Music Events\u201d e da un corpo di ballo. Durante la serata, lo storico Michele D\u2019Andrea ha illustrato il contesto storico dell\u2019Inno d\u2019Italia. Il Comandante Generale Andrea De Gennaro ha spiegato che il Calendario rompe la tradizione storica per esplorare l\u2019attualit\u00e0, con fotografie che immortalano l\u2019impegno quotidiano delle Fiamme Gialle. Dedicato agli uomini e alle donne della Guardia di Finanza, il Calendario racconta con immagini storie di servizio, coraggio e dedizione, mostrando il lavoro silenzioso ma fondamentale a favore del Paese.<\/p>\n<p>&nbsp;<\/p>\n<p>&nbsp;<\/p>\n<hr \/>\n<p>&nbsp;<\/p>\n<blockquote><p><strong>Workshop sull&#8217;Open Innovation a Belluno: supporto alle imprese locali<\/strong><\/p><\/blockquote>\n<p><strong><a class=\"dt-pswp-item\" href=\"https:\/\/www.radiopiu.net\/wordpress\/wp-content\/uploads\/2024\/09\/GAL_logo.png\" data-dt-img-description=\"\" data-large_image_width=\"286\" data-large_image_height=\"88\"><img loading=\"lazy\" decoding=\"async\" class=\"size-full wp-image-408811 alignleft\" src=\"https:\/\/www.radiopiu.net\/wordpress\/wp-content\/uploads\/2024\/09\/GAL_logo.png\" alt=\"\" width=\"286\" height=\"88\" \/><\/a>BELLUNO<\/strong> Il 26-27 novembre a Belluno si terr\u00e0 un workshop per diffondere strumenti e modelli di Open Innovation, rivolto alle imprese locali. L&#8217;evento, promosso dall\u2019IPA Prealpi e Dolomiti Bellunesi, mira a superare le barriere tecnologiche che ostacolano la crescita delle PMI. Con il supporto di esperti come Giulio Buciuni e Giorgio Soffiato, saranno presentati strumenti pratici per integrare l\u2019innovazione nei processi aziendali. Finanziato da istituti di credito locali, il workshop rappresenta un passo strategico verso l&#8217;economia della conoscenza e la competitivit\u00e0 sostenibile.<\/p>\n<p>&nbsp;<\/p>\n<hr \/>\n<p>&nbsp;<\/p>\n<blockquote>\n<h1>ZAIA, L&#8217;AUTONOMIA VISTA DAL &#8220;RIVOLUZIONARIO&#8221;<\/h1>\n<\/blockquote>\n<p>&nbsp;<\/p>\n<p>di mirko mezzacasa<\/p>\n<p><strong>premessa<\/strong><\/p>\n<p><a class=\"dt-pswp-item\" href=\"https:\/\/www.radiopiu.net\/wordpress\/wp-content\/uploads\/2024\/11\/th-13.jpg\" data-dt-img-description=\"\" data-large_image_width=\"117\" data-large_image_height=\"180\"><img loading=\"lazy\" decoding=\"async\" class=\"size-full wp-image-421073 alignleft\" src=\"https:\/\/www.radiopiu.net\/wordpress\/wp-content\/uploads\/2024\/11\/th-13.jpg\" alt=\"\" width=\"117\" height=\"180\" \/><\/a>Pomeriggio alla Radio con il presidente del Veneto Luca Zaia. Occasione per presentare il suo ultimo libro Autonomia. La rivoluzione necessaria edito da Marsilio.<br \/>\nE&#8217; il quinto libro della produzione di Zaia iniziata nel 2010 con Adottare la terra (per non morire di fame)\u00a0 e poi proseguita da inizio ventennio con un libro all&#8217;anno Ragioniamoci sopra. Dalla pandemia all&#8217;autonomia (2021) I pessimisti non fanno fortuna. La sfida del futuro come scelta (2022) Fa&#8217; presto vai piano. La vita \u00e8 un viaggio passo a passo (2023)<\/p>\n<p><strong><a class=\"dt-pswp-item\" href=\"https:\/\/www.radiopiu.net\/wordpress\/wp-content\/uploads\/2020\/04\/LUCA-ZAIA-AAA.png\" data-dt-img-description=\"\" data-large_image_width=\"1122\" data-large_image_height=\"1122\"><img loading=\"lazy\" decoding=\"async\" class=\"wp-image-127914 alignright\" src=\"https:\/\/www.radiopiu.net\/wordpress\/wp-content\/uploads\/2020\/04\/LUCA-ZAIA-AAA-300x300.png\" alt=\"\" width=\"148\" height=\"148\" srcset=\"https:\/\/www.radiopiu.net\/wordpress\/wp-content\/uploads\/2020\/04\/LUCA-ZAIA-AAA-300x300.png 300w, https:\/\/www.radiopiu.net\/wordpress\/wp-content\/uploads\/2020\/04\/LUCA-ZAIA-AAA-1024x1024.png 1024w, https:\/\/www.radiopiu.net\/wordpress\/wp-content\/uploads\/2020\/04\/LUCA-ZAIA-AAA-150x150.png 150w, https:\/\/www.radiopiu.net\/wordpress\/wp-content\/uploads\/2020\/04\/LUCA-ZAIA-AAA-768x768.png 768w, https:\/\/www.radiopiu.net\/wordpress\/wp-content\/uploads\/2020\/04\/LUCA-ZAIA-AAA.png 1122w\" sizes=\"auto, (max-width: 148px) 100vw, 148px\" \/><\/a>il libro<\/strong><\/p>\n<p>Il nuovo libro \u00a0rappresenta una riflessione personale e politica sul tema dell\u2019autonomia differenziata, un argomento cruciale nel dibattito pubblico italiano e una delle battaglie pi\u00f9 significative del governatore del Veneto. Il testo si propone di spiegare i fondamenti dell\u2019autonomia regionale, superando pregiudizi e fraintendimenti, e di dimostrare come questa possa rafforzare l\u2019unit\u00e0 nazionale piuttosto che minacciarla. Uno dei messaggi centrali \u00e8 che l\u2019autonomia non \u00e8 una concessione indiscriminata, ma un modello flessibile che pu\u00f2 essere adattato alle esigenze e alle capacit\u00e0 delle singole regioni. Zaia sfida la visione centralista dello Stato, proponendo invece una collaborazione equilibrata tra centro e periferia, per avvicinare i servizi ai cittadini e garantire maggiore efficienza, come dimostrato in contesti come la gestione della pandemia.<\/p>\n<p><span style=\"color: #ff0000;\"><strong>l&#8217;intervista<\/strong><\/span><\/p>\n<audio class=\"wp-audio-shortcode\" id=\"audio-420979-13\" preload=\"none\" style=\"width: 100%;\" controls=\"controls\"><source type=\"audio\/mpeg\" src=\"https:\/\/www.radiopiu.net\/wordpress\/wp-content\/uploads\/2024\/11\/zaia-nuovo-libro.mp3?_=13\" \/><a href=\"https:\/\/www.radiopiu.net\/wordpress\/wp-content\/uploads\/2024\/11\/zaia-nuovo-libro.mp3\">https:\/\/www.radiopiu.net\/wordpress\/wp-content\/uploads\/2024\/11\/zaia-nuovo-libro.mp3<\/a><\/audio>\n<p>Il libro si rivolge a un pubblico ampio, con uno stile diretto e accessibile, ma non mancano riferimenti a dati e analisi per supportare le argomentazioni. \u00c8 un\u2019opera che invita a riflettere sul futuro assetto istituzionale del Paese, sottolineando che l\u2019autonomia pu\u00f2 essere uno strumento per costruire un\u2019Italia pi\u00f9 equa e solidale.<\/p>\n<p>&nbsp;<\/p>\n<p>&nbsp;<\/p>\n<p>&nbsp;<\/p>\n<p>&nbsp;<\/p>\n<hr \/>\n<p>&nbsp;<\/p>\n<h2><span style=\"color: #ff0000;\">CONSIGLI COMUNALI IN AGORDINO<\/span><\/h2>\n<blockquote><p><strong>Giovedi alle 20 consiglio dell&#8217;Unione Montana Agordina in sala Don Tamis. All&#8217;ordine del giorno provvedimento di variazione al bilancio (assestamento) e comunicazioni del Presidente Paolo Frena. IN DIRETTA SUI CANALI FACEBOOK-YOUTUBE-TELEGRAM di\u00a0 RADIOPIU<\/strong><\/p><\/blockquote>\n<p><strong>AGORDO<\/strong> Luned\u00ec alle 18 consiglio comunale convocato dal sindaco Roberto Chissal\u00e8. Quattro punti in discussione tra cui l&#8217;acquisizione al patrimonio comunale della sede della scuola materna mons. Luigi Cappello, l&#8217;approvazione del DUP e la presa d&#8217;atto della quantificazione economica deli interventi in capo ai proponenti sui terreni che sono stati oggetto di permuta. <strong>IN DIRETTA SUI CANALI FACEBOOK-YOUTUBE-TELEGRAM di\u00a0 RADIOPIU<\/strong><\/p>\n<p><strong>ROCCA PIETORE<\/strong> Mercoledi alle 18.30 consiglio comunale, variazione da apportare agli stanziamenti del bilancio di previsione finanziario; rinuncia richiesta di ridestinazione del finanziamento da parte del fondo Comuni Confinanti. La minoranza chiede invece conto con un&#8217;iterrogazione del rave party free dello scorso 5 ottobre in localit\u00e0 La Leda.<\/p>\n<p><strong>RIVAMONTE<\/strong> Consiglio comunale convocato dal sindaco Giovanni Deon mercoled\u00ec alle 18:30. In discussione due variazioni al bilancio<\/p>\n<p><strong>ALLEGHE\u00a0<\/strong>Consiglio comunale mercoled\u00ec alle 20:30 per trattare tre punti tra cui una variazione a bilancio e il regolamento per l&#8217;utilizzo del parcheggio multipiano Park Centrale.<\/p>\n<p><strong>LIVINALLONGO<\/strong> Mercoled\u00ec alle 20:45 consiglio comunale. 5 punti da disacutere tra cui ina variazione a bilancio, l&#8217;addizionale IRPEF, IMU e un aggiornamento sl DUP<\/p>\n<p><strong>SELVA DI CADORE<\/strong> Consiglio comunale venerd\u00ec alle 18:30 per parlare di una variazione a bilancio<\/p>\n<p><strong>COLLE SANTA LUCIA\u00a0<\/strong>Consiglio comunale sabato 30 novembre alle 7:30. Undici punti in discussione tra cui una variazione a bilancio, l&#8217;aliquota dell&#8217;addizionale comunale per il 2025, un aggiornamento al DUP e l&#8217;approvazione del bilancio di previsione 2025\/2027.<\/p>\n<div class=\"flex-1 overflow-hidden\">\n<div class=\"h-full\">\n<div class=\"react-scroll-to-bottom--css-xgxjv-79elbk h-full\">\n<div class=\"react-scroll-to-bottom--css-xgxjv-1n7m0yu\">\n<div class=\"flex flex-col text-sm md:pb-9\">\n<article class=\"w-full scroll-mb-[var(--thread-trailing-height,150px)] text-token-text-primary focus-visible:outline-2 focus-visible:outline-offset-[-4px]\" dir=\"auto\" data-testid=\"conversation-turn-15\" data-scroll-anchor=\"true\">\n<div class=\"m-auto text-base py-[18px] px-3 md:px-4 w-full md:px-5 lg:px-4 xl:px-5\">\n<div class=\"mx-auto flex flex-1 gap-4 text-base md:gap-5 lg:gap-6 md:max-w-3xl lg:max-w-[40rem] xl:max-w-[48rem]\">\n<div class=\"group\/conversation-turn relative flex w-full min-w-0 flex-col agent-turn\">\n<div class=\"flex-col gap-1 md:gap-3\">\n<div class=\"mt-3 w-full empty:hidden\">\n<div class=\"text-center\"><strong>L&#8217;ULTIMA DIRETTA DI RADIOPIU DAL MUNICIPIO DI AGORDO, IL CONSIGLIO COMUNALE 18 NOVEMBRE 2024<\/strong><\/div>\n<\/div>\n<\/div>\n<div class=\"absolute\"><\/div>\n<\/div>\n<\/div>\n<\/div>\n<\/article>\n<\/div>\n<\/div>\n<\/div>\n<\/div>\n<\/div>\n<div class=\"md:pt-0 dark:border-white\/20 md:border-transparent md:dark:border-transparent w-full\">\n<div class=\"m-auto text-base px-3 md:px-4 w-full md:px-5 lg:px-4 xl:px-5\">\n<div class=\"mx-auto flex flex-1 gap-4 text-base md:gap-5 lg:gap-6 md:max-w-3xl lg:max-w-[40rem] xl:max-w-[48rem]\">\n<div class=\"flex justify-center\">\n<p><iframe loading=\"lazy\" title=\"Consiglio Comunale di Agordo \/ 18 novembre 2024\" width=\"1200\" height=\"675\" src=\"https:\/\/www.youtube.com\/embed\/5Ud7VGFJf7w?start=1636&#038;feature=oembed\" frameborder=\"0\" allow=\"accelerometer; autoplay; clipboard-write; encrypted-media; gyroscope; picture-in-picture; web-share\" referrerpolicy=\"strict-origin-when-cross-origin\" allowfullscreen><\/iframe><\/p>\n<\/div>\n<form class=\"w-full\" aria-haspopup=\"dialog\" aria-expanded=\"false\" aria-controls=\"radix-:r4d:\" data-state=\"closed\">\n<div class=\"relative flex h-full max-w-full flex-1 flex-col\">\n<div class=\"group relative flex w-full items-center\">\n<div id=\"composer-background\" class=\"flex w-full flex-col transition-colors contain-inline-size gap-1.5 rounded-[26px] px-2.5 py-1.5 bg-[#f4f4f4] dark:bg-token-main-surface-secondary\">\n<div class=\"flex items-end gap-1.5 pl-4 md:gap-2\">\n<div class=\"flex min-w-0 flex-1 flex-col\">\n<div class=\"_prosemirror-parent_15ceg_1 text-token-text-primary max-h-[25dvh] max-h-52 overflow-auto default-browser\">\n<p>&nbsp;<\/p>\n<\/div>\n<\/div>\n<\/div>\n<\/div>\n<\/div>\n<\/div>\n<\/form>\n<\/div>\n<\/div>\n<\/div>\n<hr \/>\n<p>&nbsp;<\/p>\n<blockquote><p><strong><a class=\"dt-pswp-item\" href=\"https:\/\/www.radiopiu.net\/wordpress\/wp-content\/uploads\/2024\/11\/foto-1-scaled.jpg\" data-dt-img-description=\"\" data-large_image_width=\"2560\" data-large_image_height=\"1920\"><img loading=\"lazy\" decoding=\"async\" class=\"size-medium wp-image-421063 alignleft\" src=\"https:\/\/www.radiopiu.net\/wordpress\/wp-content\/uploads\/2024\/11\/foto-1-300x225.jpg\" alt=\"\" width=\"300\" height=\"225\" srcset=\"https:\/\/www.radiopiu.net\/wordpress\/wp-content\/uploads\/2024\/11\/foto-1-300x225.jpg 300w, https:\/\/www.radiopiu.net\/wordpress\/wp-content\/uploads\/2024\/11\/foto-1-1024x768.jpg 1024w, https:\/\/www.radiopiu.net\/wordpress\/wp-content\/uploads\/2024\/11\/foto-1-768x576.jpg 768w, https:\/\/www.radiopiu.net\/wordpress\/wp-content\/uploads\/2024\/11\/foto-1-1536x1152.jpg 1536w, https:\/\/www.radiopiu.net\/wordpress\/wp-content\/uploads\/2024\/11\/foto-1-2048x1536.jpg 2048w\" sizes=\"auto, (max-width: 300px) 100vw, 300px\" \/><\/a>Il documentario che racconta il terremoto dell&#8217;Alpago: prima proiezione il 29 novembre<\/strong><\/p><\/blockquote>\n<p><strong>ALPAGO<\/strong> Venerd\u00ec 29 novembre, alle ore 20.30, presso la Casa della Giovent\u00f9 di Puos d\u2019Alpago, il Comune di Alpago presenter\u00e0 alla cittadinanza il documentario <em>Terremoto 150<\/em>, realizzato per ricordare il terremoto del 29 giugno 1873. L\u2019iniziativa fa parte del progetto <em>Terremoto150<\/em>, sostenuto dalla Regione Veneto. Diretto da Eros De Bona e Patrick Olivotti, con musiche di Mattia Gosetti con Marco De Martin Modolado, il documentario esplora l\u2019evento catastrofico attraverso interviste a esperti e testimonianze storiche. All\u2019evento parteciperanno il sindaco Alberto Peterle e l\u2019assessore regionale Gianpaolo Bottacin. Maggiori informazioni sui canali social del Comune e sul sito della rassegna <em>ReStart Alpago<\/em>.<\/p>\n<p>&nbsp;<\/p>\n<hr \/>\n<p>&nbsp;<\/p>\n<blockquote>\n<h1>Una comica bellunese in prima serata su Rai 2<\/h1>\n<\/blockquote>\n<div class=\"flex max-w-full flex-col flex-grow\">\n<div class=\"min-h-8 text-message flex w-full flex-col items-end gap-2 whitespace-normal break-words [.text-message+&amp;]:mt-5\" dir=\"auto\" data-message-author-role=\"assistant\" data-message-id=\"57a7f0f1-33a1-4165-b1b2-6ac0e5e45b3d\" data-client-thread-id=\"WEB:fd2542db-72dc-4a78-bef5-5698434dba87\" data-message-model-slug=\"gpt-4o-mini\">\n<div class=\"flex w-full flex-col gap-1 empty:hidden first:pt-[3px]\">\n<div class=\"markdown prose w-full break-words dark:prose-invert dark\">\n<blockquote><p><em>Luned\u00ec 25 novembre Lucia Arrigoni, residente a Roma ma originaria di Sedico, si esibir\u00e0 nella trasmissione condotta da Ale e Franz<\/em><\/p><\/blockquote>\n<p><strong><a class=\"dt-pswp-item\" href=\"https:\/\/www.radiopiu.net\/wordpress\/wp-content\/uploads\/2024\/11\/434457588_404616285639621_1966048397308430360_n.jpg\" data-dt-img-description=\"\" data-large_image_width=\"960\" data-large_image_height=\"960\"><img loading=\"lazy\" decoding=\"async\" class=\" wp-image-421077 alignleft\" src=\"https:\/\/www.radiopiu.net\/wordpress\/wp-content\/uploads\/2024\/11\/434457588_404616285639621_1966048397308430360_n-300x300.jpg\" alt=\"\" width=\"221\" height=\"221\" srcset=\"https:\/\/www.radiopiu.net\/wordpress\/wp-content\/uploads\/2024\/11\/434457588_404616285639621_1966048397308430360_n-300x300.jpg 300w, https:\/\/www.radiopiu.net\/wordpress\/wp-content\/uploads\/2024\/11\/434457588_404616285639621_1966048397308430360_n-150x150.jpg 150w, https:\/\/www.radiopiu.net\/wordpress\/wp-content\/uploads\/2024\/11\/434457588_404616285639621_1966048397308430360_n-768x768.jpg 768w, https:\/\/www.radiopiu.net\/wordpress\/wp-content\/uploads\/2024\/11\/434457588_404616285639621_1966048397308430360_n.jpg 960w\" sizes=\"auto, (max-width: 221px) 100vw, 221px\" \/><\/a>REDAZIONE<\/strong> Lucia Arrigoni, comica bellunese di Sedico, sar\u00e0 protagonista di una puntata speciale di Rai 2 luned\u00ec 25 novembre, in prima serata. Nata e cresciuta a Sedico, ha frequentato il liceo Tiziano di Belluno prima di trasferirsi a Roma per completare gli studi in filosofia alla Sapienza. Qui ha iniziato a coltivare la sua passione per il teatro, che l\u2019ha portata alla carriera comica. In occasione della Giornata mondiale contro la violenza sulle donne, Lucia presenter\u00e0 un pezzo originale sulle molestie verbali subite in pubblico. La trasmissione, condotta dal duo comico Ale e Franz, vedr\u00e0 anche la partecipazione di altri ospiti del mondo dello spettacolo. Lucia, attiva con l\u2019Accademia del Comico e Makkekomiko, \u00e8 gi\u00e0 un volto noto in numerosi spettacoli live a livello nazionale, apprezzata per il suo talento e l&#8217;approccio originale. La sua presenza su Instagram (@luciaarrigonicomica) le ha permesso di consolidare la sua popolarit\u00e0 anche online.<\/p>\n<\/div>\n<\/div>\n<\/div>\n<\/div>\n<p>&nbsp;<\/p>\n<p>&nbsp;<\/p>\n<p>&nbsp;<\/p>\n<hr \/>\n<p>&nbsp;<\/p>\n<blockquote>\n<h3>CONSEGNA DEI DIPLOMI DELL&#8217;ISTITUTO FOLLADOR-DE ROSSI<\/h3>\n<\/blockquote>\n<p><strong><a class=\"dt-pswp-item\" href=\"https:\/\/www.radiopiu.net\/wordpress\/wp-content\/uploads\/2024\/11\/FOLLADOR-DE-ROSSI.png\" data-dt-img-description=\"\" data-large_image_width=\"385\" data-large_image_height=\"148\"><img loading=\"lazy\" decoding=\"async\" class=\" wp-image-420848 alignleft\" src=\"https:\/\/www.radiopiu.net\/wordpress\/wp-content\/uploads\/2024\/11\/FOLLADOR-DE-ROSSI-300x115.png\" alt=\"\" width=\"245\" height=\"94\" srcset=\"https:\/\/www.radiopiu.net\/wordpress\/wp-content\/uploads\/2024\/11\/FOLLADOR-DE-ROSSI-300x115.png 300w, https:\/\/www.radiopiu.net\/wordpress\/wp-content\/uploads\/2024\/11\/FOLLADOR-DE-ROSSI.png 385w\" sizes=\"auto, (max-width: 245px) 100vw, 245px\" \/><\/a>AGORDO<\/strong> Venerd\u00ec 29 novembre 2024, alle ore 19:30, presso la palestra Dolomiti di Falcade (adiacente all\u2019Istituto Follador-De Rossi), si terr\u00e0 la cerimonia di consegna dei Diplomi di Stato dell\u2019Istituto Follador-De Rossi di Agordo. L\u2019evento sar\u00e0 preceduto da un buffet di benvenuto, curato dagli studenti dell\u2019indirizzo enogastronomico, a partire dalle 18:00. La serata celebrer\u00e0 i neo-diplomati e vedr\u00e0 la partecipazione di ospiti e autorit\u00e0. L\u2019iniziativa rappresenta un momento importante per valorizzare il percorso degli studenti e coinvolgere la comunit\u00e0.<\/p>\n<p>&nbsp;<\/p>\n<p>&nbsp;<\/p>\n<hr \/>\n<p>&nbsp;<\/p>\n<blockquote>\n<h2>Divieto di sosta su uno stallo in via Mezzaterra<\/h2>\n<\/blockquote>\n<h2><a class=\"dt-pswp-item\" href=\"https:\/\/www.radiopiu.net\/wordpress\/wp-content\/uploads\/2023\/06\/Belluno-di-sera-i-giovedi.jpg\" data-dt-img-description=\"\" data-large_image_width=\"1000\" data-large_image_height=\"750\"><img loading=\"lazy\" decoding=\"async\" class=\"size-medium wp-image-342240 alignleft\" src=\"https:\/\/www.radiopiu.net\/wordpress\/wp-content\/uploads\/2023\/06\/Belluno-di-sera-i-giovedi-300x225.jpg\" alt=\"\" width=\"300\" height=\"225\" srcset=\"https:\/\/www.radiopiu.net\/wordpress\/wp-content\/uploads\/2023\/06\/Belluno-di-sera-i-giovedi-300x225.jpg 300w, https:\/\/www.radiopiu.net\/wordpress\/wp-content\/uploads\/2023\/06\/Belluno-di-sera-i-giovedi-768x576.jpg 768w, https:\/\/www.radiopiu.net\/wordpress\/wp-content\/uploads\/2023\/06\/Belluno-di-sera-i-giovedi.jpg 1000w\" sizes=\"auto, (max-width: 300px) 100vw, 300px\" \/><\/a><\/h2>\n<p><strong>BELLUNO<\/strong> In alcune giornate, per incontri sulla natura morta al Museo Burel In occasione di alcuni incontri collegati alla mostra \u201cNatura morta. Jessica Moss\u201d, si rende necessaria l\u2019istituzione del divieto di sosta sullo stallo a pagamento antistante all\u2019ingresso del Museo Burel, in via Mezzaterra, all\u2019altezza del civico 49, nelle giornate 23, 24 e 30 novembre e 1, 7 e 8 dicembre, dalle ore 9.00 alle ore 19.00 di ciascuna giornata.<\/p>\n<blockquote>\n<h2>\u00a0Chiusura uffici Polizia locale<\/h2>\n<\/blockquote>\n<p><strong>BELLUNO\u00a0 <\/strong>Il 28 novembre e il 2 dicembre, gli uffici della Polizia locale saranno chiusi al pubblico, per permettere al personale di frequentare dei corsi di formazione. L\u2019attivit\u00e0 riprender\u00e0 regolarmente nelle altre giornate<\/p>\n<p>&nbsp;<\/p>\n<p>&nbsp;<\/p>\n<hr \/>\n<p>&nbsp;<\/p>\n<p>&nbsp;<\/p>\n<blockquote>\n<h1><img loading=\"lazy\" decoding=\"async\" class=\"alignleft\" src=\"https:\/\/www.radiopiu.net\/wordpress\/wp-content\/uploads\/2024\/11\/WhatsApp-Image-2024-11-20-at-17.24.33.jpeg\" width=\"97\" height=\"160\" \/><span style=\"color: #0000ff;\">25 novembre<\/span><\/h1>\n<h1>I RACCONTI AL FEMMINILE A MEL<\/h1>\n<\/blockquote>\n<p>&nbsp;<\/p>\n<p><strong>BORGO VALBELLUNA<\/strong><\/p>\n<p>&nbsp;<\/p>\n<p><strong>DI ROBERTO BONA<\/strong><\/p>\n<audio class=\"wp-audio-shortcode\" id=\"audio-420979-14\" preload=\"none\" style=\"width: 100%;\" controls=\"controls\"><source type=\"audio\/wav\" src=\"https:\/\/www.radiopiu.net\/wordpress\/wp-content\/uploads\/2024\/11\/Canituccia.wav?_=14\" \/><a href=\"https:\/\/www.radiopiu.net\/wordpress\/wp-content\/uploads\/2024\/11\/Canituccia.wav\">https:\/\/www.radiopiu.net\/wordpress\/wp-content\/uploads\/2024\/11\/Canituccia.wav<\/a><\/audio>\n<p>&nbsp;<\/p>\n<p>&nbsp;<\/p>\n<p>&nbsp;<\/p>\n<hr \/>\n<p>&nbsp;<\/p>\n<blockquote><p><a class=\"dt-pswp-item\" href=\"https:\/\/www.radiopiu.net\/wordpress\/wp-content\/uploads\/2024\/11\/Cisl_ParlarePerSalvare_FlyerDigitale.jpg\" data-dt-img-description=\"Screenshot\" data-large_image_width=\"1088\" data-large_image_height=\"1550\"><img loading=\"lazy\" decoding=\"async\" class=\"alignleft wp-image-420678 \" src=\"https:\/\/www.radiopiu.net\/wordpress\/wp-content\/uploads\/2024\/11\/Cisl_ParlarePerSalvare_FlyerDigitale-211x300.jpg\" alt=\"\" width=\"168\" height=\"238\" srcset=\"https:\/\/www.radiopiu.net\/wordpress\/wp-content\/uploads\/2024\/11\/Cisl_ParlarePerSalvare_FlyerDigitale-211x300.jpg 211w, https:\/\/www.radiopiu.net\/wordpress\/wp-content\/uploads\/2024\/11\/Cisl_ParlarePerSalvare_FlyerDigitale-719x1024.jpg 719w, https:\/\/www.radiopiu.net\/wordpress\/wp-content\/uploads\/2024\/11\/Cisl_ParlarePerSalvare_FlyerDigitale-768x1094.jpg 768w, https:\/\/www.radiopiu.net\/wordpress\/wp-content\/uploads\/2024\/11\/Cisl_ParlarePerSalvare_FlyerDigitale-1078x1536.jpg 1078w, https:\/\/www.radiopiu.net\/wordpress\/wp-content\/uploads\/2024\/11\/Cisl_ParlarePerSalvare_FlyerDigitale.jpg 1088w\" sizes=\"auto, (max-width: 168px) 100vw, 168px\" \/><\/a><\/p>\n<h3>UN INCONTRO NELLA GIORNATA INTERNAZIONALE PER L&#8217;ELIMINAZIONE DELLA VIOLENZA CONTRO LE DONNE<\/h3>\n<\/blockquote>\n<p><strong>BELLUNO<\/strong> La Cisl Belluno Treviso, in occasione della Giornata Internazionale per l&#8217;Eliminazione della Violenza contro le Donne, organizza l&#8217;evento \u201cLa parola alla cultura. Parlare per salvare\u201d luned\u00ec alla Biblioteca Civica di Belluno. L\u2019iniziativa prevede interventi di quattro donne di diverse et\u00e0 e professioni, accompagnati da musica e letture contro la violenza. Parteciper\u00e0 anche una rappresentante dei Carabinieri di Belluno per fornire informazioni pratiche per le vittime di violenza e stalking. L\u2019evento sar\u00e0 aperto dal segretario generale della Cisl Francesco Orr\u00f9 e dall\u2019assessore alla Cultura Raffaele Addamiano. La segretaria della Cisl Roberta Barbieri sottolinea l\u2019importanza di combattere la<\/p>\n<blockquote><p>RAFFAELE ADDAMIANO, ASSESSORE ALLA CULTURA E SICUREZZA<\/p><\/blockquote>\n<p><a class=\"dt-pswp-item\" href=\"https:\/\/www.radiopiu.net\/wordpress\/wp-content\/uploads\/2021\/12\/ADDAMIANO.png\" data-dt-img-description=\"RAFFAELE ADDAMIANO\" data-large_image_width=\"1406\" data-large_image_height=\"1136\"><img loading=\"lazy\" decoding=\"async\" class=\"wp-image-250847 alignleft\" src=\"https:\/\/www.radiopiu.net\/wordpress\/wp-content\/uploads\/2021\/12\/ADDAMIANO-300x242.png\" alt=\"\" width=\"124\" height=\"100\" srcset=\"https:\/\/www.radiopiu.net\/wordpress\/wp-content\/uploads\/2021\/12\/ADDAMIANO-300x242.png 300w, https:\/\/www.radiopiu.net\/wordpress\/wp-content\/uploads\/2021\/12\/ADDAMIANO-1024x827.png 1024w, https:\/\/www.radiopiu.net\/wordpress\/wp-content\/uploads\/2021\/12\/ADDAMIANO-768x621.png 768w, https:\/\/www.radiopiu.net\/wordpress\/wp-content\/uploads\/2021\/12\/ADDAMIANO.png 1406w\" sizes=\"auto, (max-width: 124px) 100vw, 124px\" \/><\/a><\/p>\n<p>violenza di genere non solo con leggi, ma attraverso cultura, educazione e contrasto agli stereotipi. Ogni testimonianza e azione, inclusa la sensibilizzazione nei luoghi di lavoro, pu\u00f2 essere un faro di speranza per superare la paura e promuovere l\u2019equit\u00e0 di genere.<\/p>\n<p>&nbsp;<\/p>\n<audio class=\"wp-audio-shortcode\" id=\"audio-420979-15\" preload=\"none\" style=\"width: 100%;\" controls=\"controls\"><source type=\"audio\/mpeg\" src=\"https:\/\/www.radiopiu.net\/wordpress\/wp-content\/uploads\/2024\/11\/adda.mp3?_=15\" \/><a href=\"https:\/\/www.radiopiu.net\/wordpress\/wp-content\/uploads\/2024\/11\/adda.mp3\">https:\/\/www.radiopiu.net\/wordpress\/wp-content\/uploads\/2024\/11\/adda.mp3<\/a><\/audio>\n<p>&nbsp;<\/p>\n<hr \/>\n<p>&nbsp;<\/p>\n<blockquote>\n<h3>LA FESTA DEGLI EMIGRANTI A SEREN DEL GRAPPA<\/h3>\n<\/blockquote>\n<p><strong><a class=\"dt-pswp-item\" href=\"https:\/\/www.radiopiu.net\/wordpress\/wp-content\/uploads\/2024\/11\/EMI-SEREN.png\" data-dt-img-description=\"\" data-large_image_width=\"474\" data-large_image_height=\"243\"><img loading=\"lazy\" decoding=\"async\" class=\" wp-image-419852 alignleft\" src=\"https:\/\/www.radiopiu.net\/wordpress\/wp-content\/uploads\/2024\/11\/EMI-SEREN-300x154.png\" alt=\"\" width=\"220\" height=\"113\" srcset=\"https:\/\/www.radiopiu.net\/wordpress\/wp-content\/uploads\/2024\/11\/EMI-SEREN-300x154.png 300w, https:\/\/www.radiopiu.net\/wordpress\/wp-content\/uploads\/2024\/11\/EMI-SEREN.png 474w\" sizes=\"auto, (max-width: 220px) 100vw, 220px\" \/><\/a>BELLUNO <\/strong>La Festa degli Emigranti si terr\u00e0 oggi a Seren del Grappa, celebrando le radici e l\u2019identit\u00e0 bellunese. L\u2019evento, sostenuto dal PNRR \u201cTurismo delle radici\u201d, vedr\u00e0 la partecipazione di autorit\u00e0, emigranti e figure di spicco. Dopo il ritrovo in Piazza di Rasai alle 9.00, un corteo accompagnato dalla Banda di Arsi\u00e9 raggiunger\u00e0 la Sala Teatro per la XXIV edizione del Premio Internazionale \u201cBellunesi che onorano la provincia di Belluno\u201d, con la conduzione di Nicola Maccagnan e interventi musicali di Pio Sagrillo e Omar Tonin. Alle 12.30, presso gli impianti sportivi, si terranno i saluti ufficiali e il \u201cPranzo dell\u2019emigrante\u201d, seguito nel pomeriggio da uno spettacolo del Gruppo Folk di Cesiomaggiore, la presentazione di una guida turistica e un laboratorio sulle migrazioni. La giornata sar\u00e0 un\u2019occasione di memoria e condivisione per onorare chi mantiene viva l\u2019eredit\u00e0 culturale bellunese nel mondo.<\/p>\n<p>&nbsp;<\/p>\n<p>&nbsp;<\/p>\n<hr \/>\n<p>&nbsp;<\/p>\n<blockquote>\n<h1>Dolomiti Garden: torna la magia del Natale a Belluno<\/h1>\n<\/blockquote>\n<div class=\"flex-1 overflow-hidden\">\n<div class=\"h-full\">\n<div class=\"react-scroll-to-bottom--css-munjv-79elbk h-full\">\n<div class=\"react-scroll-to-bottom--css-munjv-1n7m0yu\">\n<div class=\"flex flex-col text-sm md:pb-9\">\n<article class=\"w-full scroll-mb-[var(--thread-trailing-height,150px)] text-token-text-primary focus-visible:outline-2 focus-visible:outline-offset-[-4px]\" dir=\"auto\" data-testid=\"conversation-turn-49\" data-scroll-anchor=\"true\">\n<div class=\"m-auto text-base py-[18px] px-3 md:px-4 w-full md:px-5 lg:px-4 xl:px-5\">\n<div class=\"mx-auto flex flex-1 gap-4 text-base md:gap-5 lg:gap-6 md:max-w-3xl lg:max-w-[40rem] xl:max-w-[48rem]\">\n<div class=\"group\/conversation-turn relative flex w-full min-w-0 flex-col agent-turn\">\n<div class=\"flex-col gap-1 md:gap-3\">\n<div class=\"flex max-w-full flex-col flex-grow\">\n<div class=\"min-h-8 text-message flex w-full flex-col items-end gap-2 whitespace-normal break-words [.text-message+&amp;]:mt-5\" dir=\"auto\" data-message-author-role=\"assistant\" data-message-id=\"58dc525d-6200-4b3b-beaf-7d97086a66f0\" data-message-model-slug=\"gpt-4o\">\n<div class=\"flex w-full flex-col gap-1 empty:hidden first:pt-[3px]\">\n<div class=\"markdown prose w-full break-words dark:prose-invert dark\">\n<p><strong>BELLUNO<\/strong> Anche quest\u2019anno il Dolomiti Garden, il centro di giardinaggio situato lungo il Boscon a Belluno, si prepara a regalare una straordinaria sorpresa natalizia. Artisti di talento, tra cui Beppino Lorenzet, Gianluigi Zeni, Corrado Clerici, stanno lavorando per creare opere uniche che accarezzano il legno con maestria e passione.<\/p>\n<p>Come tradizione, il presepe sar\u00e0 posizionato nei pressi della Chiesa di San Fermo, portando un\u2019atmosfera di calore e spiritualit\u00e0 alla comunit\u00e0 locale. L\u2019iniziativa, guidata da Stefano De Paris e dal suo staff, \u00e8 un regalo speciale che ogni anno rinnova la magia del Natale, unendo arte, tradizione e solidariet\u00e0.<\/p>\n<\/div>\n<\/div>\n<\/div>\n<\/div>\n<div class=\"mb-2 flex gap-3 empty:hidden -ml-2\">\n<div class=\"items-center justify-start rounded-xl p-1 flex\">\n<div class=\"flex items-center\"><\/div>\n<\/div>\n<\/div>\n<div class=\"pr-2 lg:pr-0\">\n<p><iframe loading=\"lazy\" title=\"dolomiti garden\" width=\"1200\" height=\"675\" src=\"https:\/\/www.youtube.com\/embed\/3v_obImXvmo?feature=oembed\" frameborder=\"0\" allow=\"accelerometer; autoplay; clipboard-write; encrypted-media; gyroscope; picture-in-picture; web-share\" referrerpolicy=\"strict-origin-when-cross-origin\" allowfullscreen><\/iframe><\/p>\n<\/div>\n<\/div>\n<\/div>\n<\/div>\n<\/div>\n<\/article>\n<\/div>\n<\/div>\n<\/div>\n<\/div>\n<\/div>\n<div class=\"md:pt-0 dark:border-white\/20 md:border-transparent md:dark:border-transparent w-full\">\n<div class=\"m-auto text-base px-3 md:px-4 w-full md:px-5 lg:px-4 xl:px-5\">\n<div class=\"mx-auto flex flex-1 gap-4 text-base md:gap-5 lg:gap-6 md:max-w-3xl lg:max-w-[40rem] xl:max-w-[48rem]\">\n<form class=\"w-full\" aria-haspopup=\"dialog\" aria-expanded=\"false\" aria-controls=\"radix-:r5d:\" data-state=\"closed\">\n<div class=\"relative flex h-full max-w-full flex-1 flex-col\">\n<div><\/div>\n<\/div>\n<\/form>\n<\/div>\n<\/div>\n<\/div>\n<p>&nbsp;<\/p>\n<p>&nbsp;<\/p>\n<hr \/>\n<p>&nbsp;<\/p>\n<blockquote>\n<h3>DALLA SEDE DEL SOCCORSO ALPINO DI AGORDO, CON DIEGO FAVERO<\/h3>\n<\/blockquote>\n<p><strong>AGORDO<\/strong> Giorni importanti nelle sede del Soccorso Alpino in Piazzale Marconi, nel Municipio. Sono in corso i grandi preparative per l&#8217;evento di sabato, i 70 anni del Soccorso Alpino con la presentazione del libro scritto da Eugenio Bien.<br \/>\nNe abbiamo parlato con Diego Favero, numero uno del Soccorso Alpino della Vallata.<\/p>\n<p><iframe loading=\"lazy\" title=\"diego favero\" width=\"1200\" height=\"675\" src=\"https:\/\/www.youtube.com\/embed\/V8jx0y6oAZ8?feature=oembed\" frameborder=\"0\" allow=\"accelerometer; autoplay; clipboard-write; encrypted-media; gyroscope; picture-in-picture; web-share\" referrerpolicy=\"strict-origin-when-cross-origin\" allowfullscreen><\/iframe><\/p>\n<p>&nbsp;<\/p>\n<p>&nbsp;<\/p>\n<blockquote>\n<h1><img loading=\"lazy\" decoding=\"async\" class=\"alignleft\" src=\"https:\/\/www.radiopiu.net\/wordpress\/wp-content\/uploads\/2019\/11\/34564bb3-a7ae-4e91-8df7-86ab5ac45256.jpg\" width=\"271\" height=\"156\" \/>AGORDO, 70 ANNI DEL SOCCORSO ALPINO. BIEN &#8220;SONO GIA&#8217; UN PO&#8217; IN AFFANNO&#8230;&#8221;<\/h1>\n<\/blockquote>\n<p><strong>DI MIRKO MEZZACASA<\/strong><\/p>\n<p><strong>OSPITI DIEGO FAVERO ED EUGENIO BIEN<\/strong><\/p>\n<p><strong>AUDIO<\/strong><\/p>\n<audio class=\"wp-audio-shortcode\" id=\"audio-420979-16\" preload=\"none\" style=\"width: 100%;\" controls=\"controls\"><source type=\"audio\/mpeg\" src=\"https:\/\/www.radiopiu.net\/wordpress\/wp-content\/uploads\/2024\/11\/eugenio-bien-e-diego-favero.mp3?_=16\" \/><a href=\"https:\/\/www.radiopiu.net\/wordpress\/wp-content\/uploads\/2024\/11\/eugenio-bien-e-diego-favero.mp3\">https:\/\/www.radiopiu.net\/wordpress\/wp-content\/uploads\/2024\/11\/eugenio-bien-e-diego-favero.mp3<\/a><\/audio>\n<p>&nbsp;<\/p>\n<p>&nbsp;<\/p>\n<hr \/>\n<p>&nbsp;<\/p>\n<blockquote>\n<h2>DA BARDIN C&#8217;E&#8217; UN ELFO INCASTRATO NELL&#8217;ALBERO&#8230;.<\/h2>\n<\/blockquote>\n<p><iframe loading=\"lazy\" title=\"bardin24\" width=\"1200\" height=\"675\" src=\"https:\/\/www.youtube.com\/embed\/uVUpknuvl4I?feature=oembed\" frameborder=\"0\" allow=\"accelerometer; autoplay; clipboard-write; encrypted-media; gyroscope; picture-in-picture; web-share\" referrerpolicy=\"strict-origin-when-cross-origin\" allowfullscreen><\/iframe><\/p>\n<p>&nbsp;<\/p>\n<hr \/>\n<p>&nbsp;<\/p>\n<blockquote>\n<p data-pm-slice=\"1 1 []\"><strong>Concorso per 33 atleti nei gruppi sportivi Fiamme Oro della Polizia di Stato<\/strong><\/p>\n<\/blockquote>\n<p>Sul Portale Unico del reclutamento, all&#8217;indirizzo <a>www.inpa.gov.it<\/a> e sul sito <a>www.poliziadistato.it<\/a>, \u00e8 stato pubblicato il 14 novembre 2024 un bando di concorso pubblico per titoli, finalizzato all&#8217;assunzione di 33 atleti da destinare ai gruppi sportivi \u201cPolizia di Stato \u2013 Fiamme Oro\u201d. Gli atleti selezionati saranno inquadrati nel ruolo degli agenti e assistenti della Polizia di Stato, con qualifica di agente.<\/p>\n<p>&nbsp;<\/p>\n<p>&nbsp;<\/p>\n<hr \/>\n<p>&nbsp;<\/p>\n<blockquote>\n<h3><a class=\"dt-pswp-item\" href=\"https:\/\/www.radiopiu.net\/wordpress\/wp-content\/uploads\/2024\/11\/LANGLOIS-de-SWARTE_TAYLOR.png\" data-dt-img-description=\"\" data-large_image_width=\"1295\" data-large_image_height=\"884\"><img loading=\"lazy\" decoding=\"async\" class=\" wp-image-421023 alignleft\" src=\"https:\/\/www.radiopiu.net\/wordpress\/wp-content\/uploads\/2024\/11\/LANGLOIS-de-SWARTE_TAYLOR-300x205.png\" alt=\"\" width=\"193\" height=\"132\" srcset=\"https:\/\/www.radiopiu.net\/wordpress\/wp-content\/uploads\/2024\/11\/LANGLOIS-de-SWARTE_TAYLOR-300x205.png 300w, https:\/\/www.radiopiu.net\/wordpress\/wp-content\/uploads\/2024\/11\/LANGLOIS-de-SWARTE_TAYLOR-1024x699.png 1024w, https:\/\/www.radiopiu.net\/wordpress\/wp-content\/uploads\/2024\/11\/LANGLOIS-de-SWARTE_TAYLOR-768x524.png 768w, https:\/\/www.radiopiu.net\/wordpress\/wp-content\/uploads\/2024\/11\/LANGLOIS-de-SWARTE_TAYLOR.png 1295w\" sizes=\"auto, (max-width: 193px) 100vw, 193px\" \/><\/a>UN DUO INTERNAZIONALE IN SALA ZANARDELLI A BELLUNO<\/h3>\n<\/blockquote>\n<p><strong>BELLUNO<\/strong> Marted\u00ec alle 20:30, nella Sala Zanardelli della Prefettura di Belluno, si terr\u00e0 il gran finale della 71\u00aa Stagione del Circolo Culturale Bellunese. Protagonisti Th\u00e9otime Langlois de Swarte (violino barocco) e Justin Taylor (clavicembalo), un duo di fama internazionale. L\u2019ingresso \u00e8 su invito, ritirabile presso Gomitolo d\u2019Oro (via 30 aprile 1, Belluno) durante gli orari di apertura. Per dettagli, contattare il numero +39 348 2684504 o scrivere a <a rel=\"noopener\">segreteriabelcircolo@gmail.com<\/a>.<\/p>\n<p>&nbsp;<\/p>\n<p>&nbsp;<\/p>\n<hr \/>\n<p>&nbsp;<\/p>\n<blockquote>\n<h3>UN WEBINAR SULL&#8217;INTELLIGENZA ARTIFICIALE<\/h3>\n<\/blockquote>\n<p><strong>BELLUNO<\/strong> Gioved\u00ec 28 novembre, dalle 18 alle 20, si terr\u00e0 un webinar gratuito al FabLab di Belluno del progetto &#8220;Dal virtuale al reale: I am here for you&#8221;. Quattro esperti esploreranno il ruolo dell&#8217;Intelligenza Artificiale nello sviluppo aziendale: supporto alle start-up (Francesco Cavestro), nuove professioni digitali (Niccol\u00f2 Boccagni), funzionamento dell&#8217;IA (Armand Thanasi) e rivoluzione creativa e di marketing (Davide Schizzi). L&#8217;evento \u00e8 aperto a tutti e offrir\u00e0 casi studio e testimonianze per sfruttare le tecnologie emergenti.<\/p>\n<p>&nbsp;<\/p>\n<p>&nbsp;<\/p>\n<hr \/>\n<p>&nbsp;<\/p>\n<blockquote>\n<h3>UN CORSO DI DIFESA CONTRO LA VIOLENZA SULLE DONNE<\/h3>\n<\/blockquote>\n<p><strong>BELLUNO<\/strong> In occasione della giornata mondiale contro la violenza sulle donne, l&#8217;associazione Urban Krav Maga, con il patrocinio del Comune di Belluno, organizza una lezione gratuita di &#8220;Difesa femminile&#8221; il 26 novembre alle 20 presso la palestra del Liceo scientifico di Belluno. L&#8217;evento, guidato dall&#8217;istruttore Cristian Burde, mira a fornire alle donne strumenti utili per gestire la paura e affrontare aggressioni, sia a livello teorico che pratico. Burde sottolinea l&#8217;importanza della prevenzione e della consapevolezza dell&#8217;ambiente circostante come base per la difesa personale. La serata sar\u00e0 aperta a donne di tutte le et\u00e0 e includer\u00e0 dimostrazioni pratiche di tecniche di difesa e fuga in caso di aggressione.<\/p>\n<p>&nbsp;<\/p>\n<p>&nbsp;<\/p>\n<hr \/>\n<p>&nbsp;<\/p>\n<blockquote><p><a class=\"dt-pswp-item\" href=\"https:\/\/www.radiopiu.net\/wordpress\/wp-content\/uploads\/2024\/11\/NUDM-23-25-LOCANDINA.jpg\" data-dt-img-description=\"Screenshot\" data-large_image_width=\"1269\" data-large_image_height=\"1793\"><img loading=\"lazy\" decoding=\"async\" class=\" wp-image-419816 alignleft\" src=\"https:\/\/www.radiopiu.net\/wordpress\/wp-content\/uploads\/2024\/11\/NUDM-23-25-LOCANDINA-212x300.jpg\" alt=\"\" width=\"131\" height=\"185\" srcset=\"https:\/\/www.radiopiu.net\/wordpress\/wp-content\/uploads\/2024\/11\/NUDM-23-25-LOCANDINA-212x300.jpg 212w, https:\/\/www.radiopiu.net\/wordpress\/wp-content\/uploads\/2024\/11\/NUDM-23-25-LOCANDINA-725x1024.jpg 725w, https:\/\/www.radiopiu.net\/wordpress\/wp-content\/uploads\/2024\/11\/NUDM-23-25-LOCANDINA-768x1085.jpg 768w, https:\/\/www.radiopiu.net\/wordpress\/wp-content\/uploads\/2024\/11\/NUDM-23-25-LOCANDINA-1087x1536.jpg 1087w, https:\/\/www.radiopiu.net\/wordpress\/wp-content\/uploads\/2024\/11\/NUDM-23-25-LOCANDINA.jpg 1269w\" sizes=\"auto, (max-width: 131px) 100vw, 131px\" \/><\/a><\/p>\n<p data-pm-slice=\"1 1 []\"><strong>Iniziative in Provincia di Belluno per la Giornata Internazionale contro la Violenza sulle Donne<\/strong><\/p>\n<\/blockquote>\n<p><strong>BELLUNO<\/strong><\/p>\n<p data-pm-slice=\"1 1 []\">In occasione della Giornata Internazionale contro la violenza sulle donne, la Provincia di Belluno si mobilita con due iniziative, in parallelo con le manifestazioni nazionali di Non Una di Meno a Roma e Palermo il 23 novembre. Oggi, dalle ore 14,\u00a0 ai Giardini della Stazione Ferroviaria di Belluno (Parco dell\u2019Artigliere)\u00a0 racconto delle varie forme di violenza subite da donne. Luned\u00ec 25 novembre, alle 20,\u00a0 dal Parco Bologna passeggiata notturna con musica e canti,<\/p>\n<p>&nbsp;<\/p>\n<p>&nbsp;<\/p>\n<hr \/>\n<p>&nbsp;<\/p>\n<blockquote>\n<h3><a class=\"dt-pswp-item\" href=\"https:\/\/www.radiopiu.net\/wordpress\/wp-content\/uploads\/2024\/11\/KLAGASH.jpg\" data-dt-img-description=\"\" data-large_image_width=\"1080\" data-large_image_height=\"714\"><img loading=\"lazy\" decoding=\"async\" class=\" wp-image-420664 alignleft\" src=\"https:\/\/www.radiopiu.net\/wordpress\/wp-content\/uploads\/2024\/11\/KLAGASH-300x198.jpg\" alt=\"\" width=\"161\" height=\"106\" srcset=\"https:\/\/www.radiopiu.net\/wordpress\/wp-content\/uploads\/2024\/11\/KLAGASH-300x198.jpg 300w, https:\/\/www.radiopiu.net\/wordpress\/wp-content\/uploads\/2024\/11\/KLAGASH-1024x677.jpg 1024w, https:\/\/www.radiopiu.net\/wordpress\/wp-content\/uploads\/2024\/11\/KLAGASH-768x508.jpg 768w, https:\/\/www.radiopiu.net\/wordpress\/wp-content\/uploads\/2024\/11\/KLAGASH.jpg 1080w\" sizes=\"auto, (max-width: 161px) 100vw, 161px\" \/><\/a>AUTUNNO A TEATRO IN COMELICO 2024<\/h3>\n<\/blockquote>\n<p><strong>COMELICO <\/strong>Quarto appuntamento della rassegna \u201cAutunno a Teatro in Comelico 2024\u201d: domani alle 17.00 al Cinema Piave di S. Stefano di Cadore, andr\u00e0 in scena <em>\u201cChe occhi grandi che hai!\u201d<\/em>, divertente spettacolo teatral-musicale per famiglie di Teatro Piteco e The Covers.<\/p>\n<p>&nbsp;<\/p>\n<p>&nbsp;<\/p>\n<p>&nbsp;<\/p>\n<hr \/>\n<p>&nbsp;<\/p>\n<p><strong><a class=\"dt-pswp-item\" href=\"https:\/\/www.radiopiu.net\/wordpress\/wp-content\/uploads\/2024\/11\/AMICI-MINERARI.png\" data-dt-img-description=\"\" data-large_image_width=\"209\" data-large_image_height=\"174\"><img loading=\"lazy\" decoding=\"async\" class=\"size-full wp-image-419180 alignleft\" src=\"https:\/\/www.radiopiu.net\/wordpress\/wp-content\/uploads\/2024\/11\/AMICI-MINERARI.png\" alt=\"\" width=\"209\" height=\"174\" \/><\/a>&#8220;Con gli Amici dei Minerari: Serate d&#8217;Inverno \u2013 un viaggio tra storia, scienza e meraviglie. Incontri presso la Sala con T\u00e0-Mis. Non mancare!&#8221;<\/strong><\/p>\n<ul>\n<li><em>Venerd\u00ec 20 dicembre, ore 20:30<\/em>: &#8220;La morfogenesi delle frane&#8221; \u2013 Relatore Prof. Vittorio Fenti.<\/li>\n<li><em>Venerd\u00ec 24 gennaio, ore 20:30<\/em>: &#8220;Il meraviglioso mondo dei fossili delle Dolomiti&#8221; \u2013 Relatore Danilo Giordano.<\/li>\n<li><em>Venerd\u00ec 21 febbraio, ore 20:30<\/em>: &#8220;Il traforo del Brennero: studio, progettazione e realizzazione&#8221; \u2013 Relatori Vittorio Fenti e Mario Guadagnini.<\/li>\n<\/ul>\n<p><strong>Vivi la cultura e la passione per la montagna!<\/strong><\/p>\n<p>&nbsp;<\/p>\n<hr \/>\n<p>&nbsp;<\/p>\n<blockquote>\n<h3><a class=\"dt-pswp-item\" href=\"https:\/\/www.radiopiu.net\/wordpress\/wp-content\/uploads\/2024\/11\/Dolomiti-Symphonia-scaled.jpg\" data-dt-img-description=\"\" data-large_image_width=\"2560\" data-large_image_height=\"1701\"><img loading=\"lazy\" decoding=\"async\" class=\" wp-image-420252 alignleft\" src=\"https:\/\/www.radiopiu.net\/wordpress\/wp-content\/uploads\/2024\/11\/Dolomiti-Symphonia-300x199.jpg\" alt=\"\" width=\"253\" height=\"168\" srcset=\"https:\/\/www.radiopiu.net\/wordpress\/wp-content\/uploads\/2024\/11\/Dolomiti-Symphonia-300x199.jpg 300w, https:\/\/www.radiopiu.net\/wordpress\/wp-content\/uploads\/2024\/11\/Dolomiti-Symphonia-1024x680.jpg 1024w, https:\/\/www.radiopiu.net\/wordpress\/wp-content\/uploads\/2024\/11\/Dolomiti-Symphonia-768x510.jpg 768w, https:\/\/www.radiopiu.net\/wordpress\/wp-content\/uploads\/2024\/11\/Dolomiti-Symphonia-1536x1021.jpg 1536w, https:\/\/www.radiopiu.net\/wordpress\/wp-content\/uploads\/2024\/11\/Dolomiti-Symphonia-2048x1361.jpg 2048w\" sizes=\"auto, (max-width: 253px) 100vw, 253px\" \/><\/a>UN CONCERTO PER L&#8217;ECCIDIO DI GENA<\/h3>\n<\/blockquote>\n<p><strong>SOSPIROLO<\/strong> In occasione dell&#8217;80\u00b0 anniversario dell&#8217;Eccidio di Gena, oggi alle 21:00, la Chiesa arcipretale di Sospirolo ospiter\u00e0 un concerto commemorativo. La Dolomiti Symphonia Orchestra di Belluno, insieme alla Corale Polifonica \u2018B. Marcello\u2019 di Mestre, eseguir\u00e0 una selezione dall\u2019oratorio <em>Il Messiah<\/em> di G. F. Haendel, focalizzata sui temi della passione, della morte e della fragilit\u00e0 umana. L\u2019evento, che riflette sulla ricerca di un senso di fronte al dolore e alla morte, celebra anche la collaborazione tra Dolomiti Symphonia e la Polifonica \u2018B. Marcello\u2019, rinomata per la sua attivit\u00e0 concertistica.<\/p>\n<p>&nbsp;<\/p>\n<p>&nbsp;<\/p>\n<hr \/>\n<p>&nbsp;<\/p>\n<blockquote>\n<h3><a class=\"dt-pswp-item\" href=\"https:\/\/www.radiopiu.net\/wordpress\/wp-content\/uploads\/2024\/11\/Unknown.jpeg\" data-dt-img-description=\"\" data-large_image_width=\"1080\" data-large_image_height=\"810\"><img loading=\"lazy\" decoding=\"async\" class=\" wp-image-421053 alignleft\" src=\"https:\/\/www.radiopiu.net\/wordpress\/wp-content\/uploads\/2024\/11\/Unknown-300x225.jpeg\" alt=\"\" width=\"191\" height=\"143\" srcset=\"https:\/\/www.radiopiu.net\/wordpress\/wp-content\/uploads\/2024\/11\/Unknown-300x225.jpeg 300w, https:\/\/www.radiopiu.net\/wordpress\/wp-content\/uploads\/2024\/11\/Unknown-1024x768.jpeg 1024w, https:\/\/www.radiopiu.net\/wordpress\/wp-content\/uploads\/2024\/11\/Unknown-768x576.jpeg 768w, https:\/\/www.radiopiu.net\/wordpress\/wp-content\/uploads\/2024\/11\/Unknown.jpeg 1080w\" sizes=\"auto, (max-width: 191px) 100vw, 191px\" \/><\/a>IL 30 NOVEMBRE DONNE IN PERICOLO A BELLUNO<\/h3>\n<\/blockquote>\n<p><strong>BELLUNO<\/strong> Vittoria Belvedere, Bendicta Boccoli e Debora Caprioglio (in ordine alfabetico) sabato 30 novembre alle 20.45 interpreteranno \u201cDONNE IN PERICOLO\u201d della commediografa americana Wendy MacLeod nel secondo appuntamento della 48ma Stagione di Prosa del Circolo Cultura e Stampa Bellunese. Lo spettacolo, che si preannuncia esilarante, sta raggiungendo il sold out: \u00e8 possibile acquistare i biglietti rimasti online dal sito <a href=\"http:\/\/www.circoloculturaestampabellunese.it\">www.circoloculturaestampabellunese.it<\/a>, oppure la sera dello spettacolo dalle 19.30 al Botteghino del Teatro Comunale.<\/p>\n<p>&nbsp;<\/p>\n<p>&nbsp;<\/p>\n<hr \/>\n<p>&nbsp;<\/p>\n<h2><span style=\"color: #ff6600;\">IERI ALLA RADIO<\/span><\/h2>\n<h2><span style=\"color: #008000;\">&#8220;DINTORN E FORA VIA&#8221;\u00a0 IL PROGRAMMA\u00a0 A CURA DEL MUSLA<\/span><\/h2>\n<p><strong><a class=\"dt-pswp-item\" href=\"https:\/\/www.radiopiu.net\/wordpress\/wp-content\/uploads\/2024\/05\/GIORNALE.jpg\" data-dt-img-description=\"\" data-large_image_width=\"1280\" data-large_image_height=\"805\"><img loading=\"lazy\" decoding=\"async\" class=\" wp-image-389981 alignleft\" src=\"https:\/\/www.radiopiu.net\/wordpress\/wp-content\/uploads\/2024\/05\/GIORNALE-300x189.jpg\" alt=\"\" width=\"162\" height=\"102\" srcset=\"https:\/\/www.radiopiu.net\/wordpress\/wp-content\/uploads\/2024\/05\/GIORNALE-300x189.jpg 300w, https:\/\/www.radiopiu.net\/wordpress\/wp-content\/uploads\/2024\/05\/GIORNALE-1024x644.jpg 1024w, https:\/\/www.radiopiu.net\/wordpress\/wp-content\/uploads\/2024\/05\/GIORNALE-768x483.jpg 768w, https:\/\/www.radiopiu.net\/wordpress\/wp-content\/uploads\/2024\/05\/GIORNALE.jpg 1280w\" sizes=\"auto, (max-width: 162px) 100vw, 162px\" \/><\/a>PUNTATA DEL 22 NOVEMBRE JAQUELINE CAZZETTA<\/strong><\/p>\n<audio class=\"wp-audio-shortcode\" id=\"audio-420979-17\" preload=\"none\" style=\"width: 100%;\" controls=\"controls\"><source type=\"audio\/mpeg\" src=\"https:\/\/www.radiopiu.net\/wordpress\/wp-content\/uploads\/2024\/11\/MUSLA-6.mp3?_=17\" \/><a href=\"https:\/\/www.radiopiu.net\/wordpress\/wp-content\/uploads\/2024\/11\/MUSLA-6.mp3\">https:\/\/www.radiopiu.net\/wordpress\/wp-content\/uploads\/2024\/11\/MUSLA-6.mp3<\/a><\/audio>\n<p>&nbsp;<\/p>\n<h2>LA RACCOLTA COMPLETA <a href=\"https:\/\/www.radiopiu.net\/wordpress\/musla\/\"><span style=\"color: #3366ff;\">CLICCA QUI<\/span><\/a><\/h2>\n<p>&nbsp;<\/p>\n<hr \/>\n<p>&nbsp;<\/p>\n<h2><span style=\"color: #33cccc;\">MUSIC A B C, IL MONDO DELLA MUSICA UNA LETTERA ALLA VOLTA<\/span><\/h2>\n<p><span style=\"color: #ff0000;\"><strong><a class=\"dt-pswp-item\" href=\"https:\/\/www.radiopiu.net\/wordpress\/wp-content\/uploads\/2021\/07\/microfono-radio-ok-768x448-768x448-1.jpg\" data-dt-img-description=\"\" data-large_image_width=\"768\" data-large_image_height=\"448\"><img loading=\"lazy\" decoding=\"async\" class=\" wp-image-220632 alignleft\" src=\"https:\/\/www.radiopiu.net\/wordpress\/wp-content\/uploads\/2021\/07\/microfono-radio-ok-768x448-768x448-1-300x175.jpg\" alt=\"\" width=\"148\" height=\"86\" srcset=\"https:\/\/www.radiopiu.net\/wordpress\/wp-content\/uploads\/2021\/07\/microfono-radio-ok-768x448-768x448-1-300x175.jpg 300w, https:\/\/www.radiopiu.net\/wordpress\/wp-content\/uploads\/2021\/07\/microfono-radio-ok-768x448-768x448-1.jpg 768w\" sizes=\"auto, (max-width: 148px) 100vw, 148px\" \/><\/a>CON MARINA DONA&#8217; E DAVID &#8220;ATHOS&#8221; BEN<\/strong><\/span><\/p>\n<p><span style=\"color: #0000ff;\"><strong>PUNTATA DEL 22 NOVEMBRE 2024<\/strong><\/span><\/p>\n<p><strong>PRIMA PARTE<\/strong><\/p>\n<audio class=\"wp-audio-shortcode\" id=\"audio-420979-18\" preload=\"none\" style=\"width: 100%;\" controls=\"controls\"><source type=\"audio\/mpeg\" src=\"https:\/\/www.radiopiu.net\/wordpress\/wp-content\/uploads\/2024\/11\/GOLD1-2.mp3?_=18\" \/><a href=\"https:\/\/www.radiopiu.net\/wordpress\/wp-content\/uploads\/2024\/11\/GOLD1-2.mp3\">https:\/\/www.radiopiu.net\/wordpress\/wp-content\/uploads\/2024\/11\/GOLD1-2.mp3<\/a><\/audio>\n<p>&nbsp;<\/p>\n<p><strong>SECONDA PARTE<\/strong><\/p>\n<audio class=\"wp-audio-shortcode\" id=\"audio-420979-19\" preload=\"none\" style=\"width: 100%;\" controls=\"controls\"><source type=\"audio\/mpeg\" src=\"https:\/\/www.radiopiu.net\/wordpress\/wp-content\/uploads\/2024\/11\/GOLD2-2.mp3?_=19\" \/><a href=\"https:\/\/www.radiopiu.net\/wordpress\/wp-content\/uploads\/2024\/11\/GOLD2-2.mp3\">https:\/\/www.radiopiu.net\/wordpress\/wp-content\/uploads\/2024\/11\/GOLD2-2.mp3<\/a><\/audio>\n<p>&nbsp;<\/p>\n<p><strong>TERZA PARTE<\/strong><\/p>\n<audio class=\"wp-audio-shortcode\" id=\"audio-420979-20\" preload=\"none\" style=\"width: 100%;\" controls=\"controls\"><source type=\"audio\/mpeg\" src=\"https:\/\/www.radiopiu.net\/wordpress\/wp-content\/uploads\/2024\/11\/GOLD3-2.mp3?_=20\" \/><a href=\"https:\/\/www.radiopiu.net\/wordpress\/wp-content\/uploads\/2024\/11\/GOLD3-2.mp3\">https:\/\/www.radiopiu.net\/wordpress\/wp-content\/uploads\/2024\/11\/GOLD3-2.mp3<\/a><\/audio>\n<p>&nbsp;<\/p>\n<h2>LA RACCOLTA COMPLETA <a href=\"https:\/\/www.radiopiu.net\/wordpress\/music-a-b-c-il-mondo-della-musica-una-lettera-alla-volta-la-raccolta\/\"><span style=\"color: #3366ff;\">CLICCA QUI<\/span><\/a><\/h2>\n<p>&nbsp;<\/p>\n<hr \/>\n<p>&nbsp;<\/p>\n<h2><span style=\"color: #ff00ff;\">SCUOLA APERTA AL FOLLADOR DE ROSSI<\/span><\/h2>\n<p><a class=\"dt-pswp-item\" href=\"https:\/\/www.radiopiu.net\/wordpress\/wp-content\/uploads\/2024\/09\/FOLLADOR.jpg\" data-dt-img-description=\"\" data-large_image_width=\"1280\" data-large_image_height=\"720\"><img loading=\"lazy\" decoding=\"async\" class=\" wp-image-411383 alignleft\" src=\"https:\/\/www.radiopiu.net\/wordpress\/wp-content\/uploads\/2024\/09\/FOLLADOR-300x169.jpg\" alt=\"\" width=\"151\" height=\"85\" srcset=\"https:\/\/www.radiopiu.net\/wordpress\/wp-content\/uploads\/2024\/09\/FOLLADOR-300x169.jpg 300w, https:\/\/www.radiopiu.net\/wordpress\/wp-content\/uploads\/2024\/09\/FOLLADOR-1024x576.jpg 1024w, https:\/\/www.radiopiu.net\/wordpress\/wp-content\/uploads\/2024\/09\/FOLLADOR-768x432.jpg 768w, https:\/\/www.radiopiu.net\/wordpress\/wp-content\/uploads\/2024\/09\/FOLLADOR.jpg 1280w\" sizes=\"auto, (max-width: 151px) 100vw, 151px\" \/><\/a>SETTIMANA SPECIALE ALLA RADIO&#8230; FOLLADOR DE ROSSI! L&#8217;OFFERTA SCOLASTICA DALL&#8217;AGORDINA, DA AGORDO A FALCADE, GIORNO PER GIORNO SCOPRIAMO L&#8217;ISTITUTO MINERARIO, CHIMICO, IL LICEO, LE PECULIARITA&#8217; DELLA SCUOLA DI FALCADE CON ANNESSO CONVITTO<\/p>\n<p>&nbsp;<\/p>\n<p><strong><a class=\"dt-pswp-item\" href=\"https:\/\/www.radiopiu.net\/wordpress\/wp-content\/uploads\/2022\/03\/FOLLADOR-DE-ROSSI.jpg\" data-dt-img-description=\"\" data-large_image_width=\"950\" data-large_image_height=\"355\"><img loading=\"lazy\" decoding=\"async\" class=\"size-medium wp-image-263174 alignleft\" src=\"https:\/\/www.radiopiu.net\/wordpress\/wp-content\/uploads\/2022\/03\/FOLLADOR-DE-ROSSI-300x112.jpg\" alt=\"\" width=\"300\" height=\"112\" srcset=\"https:\/\/www.radiopiu.net\/wordpress\/wp-content\/uploads\/2022\/03\/FOLLADOR-DE-ROSSI-300x112.jpg 300w, https:\/\/www.radiopiu.net\/wordpress\/wp-content\/uploads\/2022\/03\/FOLLADOR-DE-ROSSI-768x287.jpg 768w, https:\/\/www.radiopiu.net\/wordpress\/wp-content\/uploads\/2022\/03\/FOLLADOR-DE-ROSSI.jpg 950w\" sizes=\"auto, (max-width: 300px) 100vw, 300px\" \/><\/a>PUNTATA 05<\/strong><\/p>\n<blockquote>\n<h2>L&#8217;INDIRIZZO LICEO SCENTIFICO<\/h2>\n<\/blockquote>\n<audio class=\"wp-audio-shortcode\" id=\"audio-420979-21\" preload=\"none\" style=\"width: 100%;\" controls=\"controls\"><source type=\"audio\/mpeg\" src=\"https:\/\/www.radiopiu.net\/wordpress\/wp-content\/uploads\/2024\/11\/FOLLADOR-5-VENERDI-1.mp3?_=21\" \/><a href=\"https:\/\/www.radiopiu.net\/wordpress\/wp-content\/uploads\/2024\/11\/FOLLADOR-5-VENERDI-1.mp3\">https:\/\/www.radiopiu.net\/wordpress\/wp-content\/uploads\/2024\/11\/FOLLADOR-5-VENERDI-1.mp3<\/a><\/audio>\n<p>&nbsp;<\/p>\n<h2>LA RACCOLTA COMPLETA <a href=\"https:\/\/www.radiopiu.net\/wordpress\/da-lunedi-alla-radio-scuola-aperta-al-follador-de-rossi\/\"><span style=\"color: #3366ff;\">CLICCA QUI<\/span><\/a><\/h2>\n<p>&nbsp;<\/p>\n<hr \/>\n<p>&nbsp;<\/p>\n<blockquote>\n<h2>FABER CON IL CIRCOLO SARDI<\/h2>\n<\/blockquote>\n<p><strong>BELLUNO<\/strong> Il Circolo Sardi di Belluno organizza due eventi teatrali nella sala parrocchiale di Cavarzano. L&#8217;ultimo oggi alle 20:30, sar\u00e0 il turno di <em>Faber, il canto della terra<\/em>, con Passerotti, musiche dal vivo di Stefano Migneco, testo di Giammaria Monti e regia di Raimondo Riu. Questo monologo rilegge in chiave teatrale i temi poetici di Fabrizio De Andr\u00e9, con un approccio essenziale che mette al centro la forza dei testi delle sue canzoni. Per informazioni, contattare Roberto Agus al 3886458895 o via email: <a rel=\"noopener\">robertoagus2@gmail.com<\/a>.<\/p>\n<p><img loading=\"lazy\" decoding=\"async\" class=\"alignnone size-medium wp-image-420334\" src=\"https:\/\/www.radiopiu.net\/wordpress\/wp-content\/uploads\/2024\/11\/Locandina-FABER-1-1-198x300.jpg\" alt=\"\" width=\"198\" height=\"300\" srcset=\"https:\/\/www.radiopiu.net\/wordpress\/wp-content\/uploads\/2024\/11\/Locandina-FABER-1-1-198x300.jpg 198w, https:\/\/www.radiopiu.net\/wordpress\/wp-content\/uploads\/2024\/11\/Locandina-FABER-1-1-675x1024.jpg 675w, https:\/\/www.radiopiu.net\/wordpress\/wp-content\/uploads\/2024\/11\/Locandina-FABER-1-1-768x1165.jpg 768w, https:\/\/www.radiopiu.net\/wordpress\/wp-content\/uploads\/2024\/11\/Locandina-FABER-1-1-1013x1536.jpg 1013w, https:\/\/www.radiopiu.net\/wordpress\/wp-content\/uploads\/2024\/11\/Locandina-FABER-1-1.jpg 1055w\" sizes=\"auto, (max-width: 198px) 100vw, 198px\" \/><\/p>\n<p>&nbsp;<\/p>\n<p>&nbsp;<\/p>\n<p>&nbsp;<\/p>\n<hr \/>\n<p>&nbsp;<\/p>\n<blockquote>\n<h2>Concerto in memoria di Igor Roldo: solidariet\u00e0 e musica al Piccolo Teatro Pierobon<\/h2>\n<\/blockquote>\n<div class=\"flex-1 overflow-hidden\">\n<div class=\"h-full\">\n<div class=\"react-scroll-to-bottom--css-iaghl-79elbk h-full\">\n<div class=\"react-scroll-to-bottom--css-iaghl-1n7m0yu\">\n<div class=\"flex flex-col text-sm md:pb-9\">\n<article class=\"w-full scroll-mb-[var(--thread-trailing-height)] text-token-text-primary focus-visible:outline-2 focus-visible:outline-offset-[-4px]\" dir=\"auto\" data-testid=\"conversation-turn-27\" data-scroll-anchor=\"true\">\n<div class=\"m-auto text-base py-[18px] px-3 md:px-4 w-full md:px-5 lg:px-4 xl:px-5\">\n<div class=\"mx-auto flex flex-1 gap-4 text-base md:gap-5 lg:gap-6 md:max-w-3xl lg:max-w-[40rem] xl:max-w-[48rem]\">\n<div class=\"group\/conversation-turn relative flex w-full min-w-0 flex-col agent-turn\">\n<div class=\"flex-col gap-1 md:gap-3\">\n<div class=\"flex max-w-full flex-col flex-grow\">\n<div class=\"min-h-8 text-message flex w-full flex-col items-end gap-2 whitespace-normal break-words [.text-message+&amp;]:mt-5\" dir=\"auto\" data-message-author-role=\"assistant\" data-message-id=\"2f1985a1-38a8-441c-a356-ef2248e23e98\" data-message-model-slug=\"gpt-4o\">\n<div class=\"flex w-full flex-col gap-1 empty:hidden first:pt-[3px]\">\n<div class=\"markdown prose w-full break-words dark:prose-invert dark\">\n<p><strong><a class=\"dt-pswp-item\" href=\"https:\/\/www.radiopiu.net\/wordpress\/wp-content\/uploads\/2024\/11\/4-foto.jpg\" data-dt-img-description=\"\" data-large_image_width=\"1410\" data-large_image_height=\"1267\"><img loading=\"lazy\" decoding=\"async\" class=\"wp-image-419353 alignleft\" src=\"https:\/\/www.radiopiu.net\/wordpress\/wp-content\/uploads\/2024\/11\/4-foto-300x270.jpg\" alt=\"\" width=\"157\" height=\"141\" srcset=\"https:\/\/www.radiopiu.net\/wordpress\/wp-content\/uploads\/2024\/11\/4-foto-300x270.jpg 300w, https:\/\/www.radiopiu.net\/wordpress\/wp-content\/uploads\/2024\/11\/4-foto-1024x920.jpg 1024w, https:\/\/www.radiopiu.net\/wordpress\/wp-content\/uploads\/2024\/11\/4-foto-768x690.jpg 768w, https:\/\/www.radiopiu.net\/wordpress\/wp-content\/uploads\/2024\/11\/4-foto.jpg 1410w\" sizes=\"auto, (max-width: 157px) 100vw, 157px\" \/><\/a>PONTE NELLE ALPI<\/strong> Sabato 30 novembre, il Piccolo Teatro Pierobon ospiter\u00e0 un concerto in ricordo di Igor Roldo, scomparso un anno fa. Organizzato da WR Events e Comitato Pollicino, l&#8217;evento celebra la memoria di Roldo, 58 anni, noto dirigente del San Giorgio Calcio e ideatore del Festival musicale di Pian dei Castaldi. Considerato un talent scout, Roldo ha sempre supportato nuove formazioni musicali, promuovendo eventi per finanziare progetti solidali del Comitato Pollicino, dedicato ai bambini bisognosi di Petrosani, Romania. La serata sar\u00e0 animata dall\u2019Uncle Frank Project, composto da Franco De Poli, Alberto Mambrini, Andrea Cuzzuol e Mauro De Luca, noti per i loro concerti a scopo benefico. Sul palco, il quartetto racconter\u00e0 l\u2019evoluzione della chitarra attraverso diversi stili musicali, mostrando come questo strumento rimanga centrale nel sound moderno. Il concerto \u00e8 patrocinato dal Comune di Ponte nelle Alpi e prevede ingresso a offerta libera. Tutto il ricavato andr\u00e0 al Comitato Pollicino, proseguendo l\u2019impegno di Roldo nel coniugare musica e solidariet\u00e0.<\/p>\n<\/div>\n<\/div>\n<\/div>\n<\/div>\n<\/div>\n<\/div>\n<\/div>\n<\/div>\n<\/article>\n<\/div>\n<\/div>\n<\/div>\n<\/div>\n<\/div>\n<p>&nbsp;<\/p>\n<p>&nbsp;<\/p>\n<p>&nbsp;<\/p>\n<p>&nbsp;<\/p>\n<hr \/>\n<p>&nbsp;<\/p>\n<blockquote>\n<h2>AL CINEMA DOLOMITI DI FALCADE IN PROGRAMMAZIONE &#8220;IL ROBOT SELVAGGIO&#8221;<\/h2>\n<\/blockquote>\n<p><a class=\"dt-pswp-item\" href=\"https:\/\/www.radiopiu.net\/wordpress\/wp-content\/uploads\/2024\/11\/01.jpg\" data-dt-img-description=\"\" data-large_image_width=\"540\" data-large_image_height=\"800\"><img loading=\"lazy\" decoding=\"async\" class=\" wp-image-420657 alignleft\" src=\"https:\/\/www.radiopiu.net\/wordpress\/wp-content\/uploads\/2024\/11\/01-203x300.jpg\" alt=\"\" width=\"141\" height=\"208\" srcset=\"https:\/\/www.radiopiu.net\/wordpress\/wp-content\/uploads\/2024\/11\/01-203x300.jpg 203w, https:\/\/www.radiopiu.net\/wordpress\/wp-content\/uploads\/2024\/11\/01.jpg 540w\" sizes=\"auto, (max-width: 141px) 100vw, 141px\" \/><\/a>&#8220;Il Robot Selvaggio&#8221; \u00e8 un film d&#8217;animazione diretto da Chris Sanders. Un cargo della Universal Dynamics perde sei robot durante un tifone; solo il robot multiuso ROZZUM 7134, &#8220;Roz&#8221;, sopravvive, approdando su un\u2019isola selvaggia. Dopo un iniziale rifiuto da parte degli animali, Roz adotta un pulcino, Beccolustro, e impara a prendersene cura con l&#8217;aiuto di altri abitanti dell&#8217;isola. Crescendo, Beccolustro scopre che Roz ha causato la morte della sua famiglia e si allontana, ma Roz lo aiuta a prepararsi per la migrazione. Compiuto il suo compito, Roz affronta i dubbi sul suo scopo e decide di proteggere gli animali dell\u2019isola. Quando i robot della Universal Dynamics attaccano per recuperarla, Roz guida una strenua difesa. Nonostante la vittoria, Roz lascia l\u2019isola per garantire la sicurezza dei suoi amici. In seguito, viene riparata e sembra resettata, ma ritrova Beccolustro, rivelando di avere ancora i suoi ricordi e il legame con lui. <span style=\"color: #ff0000;\"><strong>Il film \u00e8 in programmazione al Cinema Dolomiti di Falcade sabato e domenica. Spettacoli alle 21, domenica anche alle 15:30.<\/strong><\/span><\/p>\n<p><strong>LA PRESENTAZIONE A CURA DI PAOLA LANCIATO<\/strong><\/p>\n<audio class=\"wp-audio-shortcode\" id=\"audio-420979-22\" preload=\"none\" style=\"width: 100%;\" controls=\"controls\"><source type=\"audio\/mpeg\" src=\"https:\/\/www.radiopiu.net\/wordpress\/wp-content\/uploads\/2024\/11\/CINEMA-DOLOMITI-ROBOT-SELVAGGIO.mp3?_=22\" \/><a href=\"https:\/\/www.radiopiu.net\/wordpress\/wp-content\/uploads\/2024\/11\/CINEMA-DOLOMITI-ROBOT-SELVAGGIO.mp3\">https:\/\/www.radiopiu.net\/wordpress\/wp-content\/uploads\/2024\/11\/CINEMA-DOLOMITI-ROBOT-SELVAGGIO.mp3<\/a><\/audio>\n<p>&nbsp;<\/p>\n<hr \/>\n<p>&nbsp;<\/p>\n<h2><span style=\"color: #ff0000;\"><a class=\"dt-pswp-item\" href=\"https:\/\/www.radiopiu.net\/wordpress\/wp-content\/uploads\/2018\/09\/appuntamenti.jpeg\" data-dt-img-description=\"\" data-large_image_width=\"800\" data-large_image_height=\"100\"><img loading=\"lazy\" decoding=\"async\" class=\"wp-image-61958 size-full aligncenter\" src=\"https:\/\/www.radiopiu.net\/wordpress\/wp-content\/uploads\/2018\/09\/appuntamenti.jpeg\" alt=\"\" width=\"800\" height=\"100\" srcset=\"https:\/\/www.radiopiu.net\/wordpress\/wp-content\/uploads\/2018\/09\/appuntamenti.jpeg 800w, https:\/\/www.radiopiu.net\/wordpress\/wp-content\/uploads\/2018\/09\/appuntamenti-300x38.jpeg 300w, https:\/\/www.radiopiu.net\/wordpress\/wp-content\/uploads\/2018\/09\/appuntamenti-768x96.jpeg 768w\" sizes=\"auto, (max-width: 800px) 100vw, 800px\" \/><\/a><\/span><\/h2>\n<p>&nbsp;<\/p>\n<div style=\"width: 1200px;\" class=\"wp-video\"><video class=\"wp-video-shortcode\" id=\"video-420979-1\" width=\"1200\" height=\"675\" preload=\"metadata\" controls=\"controls\"><source type=\"video\/mp4\" src=\"https:\/\/www.radiopiu.net\/wordpress\/wp-content\/uploads\/2024\/10\/WhatsApp-Video-2024-10-23-at-00.12.10.mp4?_=1\" \/><a href=\"https:\/\/www.radiopiu.net\/wordpress\/wp-content\/uploads\/2024\/10\/WhatsApp-Video-2024-10-23-at-00.12.10.mp4\">https:\/\/www.radiopiu.net\/wordpress\/wp-content\/uploads\/2024\/10\/WhatsApp-Video-2024-10-23-at-00.12.10.mp4<\/a><\/video><\/div>\n<p><strong>\u00a0<\/strong><\/p>\n<p><strong>SABATO E DOMENICA AL CINEMA DOLOMITI DI FALCADE IL FILM &#8220;IL ROBOT SELVAGGIO&#8221; SPETTACOLI ALLE 21, DOMENICA ANCHE ALLE 15:30<\/strong><\/p>\n<div class=\"flex-shrink-0 flex flex-col relative items-end\">\n<div class=\"pt-0\">\n<div class=\"gizmo-bot-avatar flex h-8 w-8 items-center justify-center overflow-hidden rounded-full\">\n<p class=\"relative p-1 rounded-sm flex items-center justify-center bg-token-main-surface-primary text-token-text-primary h-8 w-8\"><strong>CANALE D&#8217;AGORDO <\/strong>Jazzercise \u00e8 un allenamento ad alta intensit\u00e0 che combina danza, pilates, yoga e kickboxing, adatto a tutti i livelli di fitness. \u00c8 efficace per tonificare i muscoli, migliorare la postura e ottenere un fisico snello. Nell&#8217;Agordino, le lezioni si tengono a Canale d&#8217;Agordo, nella sala ex emigranti di via Lotta, il luned\u00ec dalle 18:15 alle 19:15 e il mercoled\u00ec dalle 18:30 alle 19:30. L&#8217;istruttrice certificata RaLuca ti aspetta per un allenamento coinvolgente al ritmo di musica attuale. Per informazioni: 347 9295478<\/p>\n<\/div>\n<\/div>\n<\/div>\n<p><strong>FALCADE<\/strong> Le cena della classe 1974 dei coscritti dell&#8217;<strong>Agordino<\/strong> si terr\u00e0\u00a0 sabato 30 novembre\u00a0 a Falcade, Hotel Stella Alpina. La cena e&#8217; aperta ai nati nel 1974 nei 16 comuni dell&#8217;Agordino, e sara&#8217; un&#8217;occasione di ritrovo,\u00a0 dopo tanto tempo e festeggiare il mezzo secolo.Info\u00a0 3478120853<\/p>\n<p><strong>CENCENIGHE\u00a0 <\/strong>SABATO 30 NOVEMBRE, DOMENICA 1 DICEMBRE A CENCENIGHE LA FESTA DI SANT&#8217;ANDREA CON PROLOCO E COMUNE.<br \/>\nAL NOF FILO&#8217; SABATO MERCATINO DELL&#8217;ARTIGIANATO DALLE 9 ALLE 19, SERVIZIO BAR E POSSIBILIT\u00e0 DI PRANZO CON PRODOTTI TIPICI. DALLE 16.30 SPETTACOLO DEL GRUPPO I BATI ORZ DA SAN TOMAS E APERITIVO DEI MAGNA MUS CON DJ JACK DOMENICA 1 DICEMBRE DALLE 10 ALLE 16 GIRI IN PONY E CAVALLO PER BAMBINI E RAGAZZI ESPOSIZIONE ANIMALI, DIMOSTRAZIONE DI SCULTURA CON LA MOTOSEGA E ALLE 16 IN SALA CONSILIARE DOLCE E SALATO, SPETTACOLO DI BURATTINI DDI SERGHEI FULLIN. CON GLI ALPINI VIN BRULE&#8217; E CALDARROSTE FIERA DI SANT&#8217;ANDREA DI CENCENIGHE SABATO 30 NOVEMBRE E DOMENICA 1 DICEMBRE CON IL CONTRIBUTO DI BIM COMUNI MONTANI<\/p>\n<p>&nbsp;<\/p>\n<div>\n<div class=\"\" dir=\"auto\">\n<div id=\":r9h:\" class=\"x1iorvi4 x1pi30zi x1l90r2v x1swvt13\" data-ad-comet-preview=\"message\" data-ad-preview=\"message\">\n\n\t\t\t<style type='text\/css'>\n\t\t\t\t#gallery-3 {\n\t\t\t\t\tmargin: auto;\n\t\t\t\t}\n\t\t\t\t#gallery-3 .gallery-item {\n\t\t\t\t\tfloat: left;\n\t\t\t\t\tmargin-top: 10px;\n\t\t\t\t\ttext-align: center;\n\t\t\t\t\twidth: 25%;\n\t\t\t\t}\n\t\t\t\t#gallery-3 img {\n\t\t\t\t\tborder: 2px solid #cfcfcf;\n\t\t\t\t}\n\t\t\t\t#gallery-3 .gallery-caption {\n\t\t\t\t\tmargin-left: 0;\n\t\t\t\t}\n\t\t\t\t\/* see gallery_shortcode() in wp-includes\/media.php *\/\n\t\t\t<\/style>\n\t\t<div id='gallery-3' class='dt-gallery-container gallery galleryid-420979 gallery-columns-4 gallery-size-thumbnail'><dl class='gallery-item'>\n\t\t\t\t<dt class='gallery-icon portrait'>\n\t\t\t\t\t<a class=\"rollover rollover-zoom dt-pswp-item\" title=\"967a322c-9996-42d7-af75-662ca7d89e84\" data-dt-img-description=\"\" data-large_image_width=\"1080\" data-large_image_height=\"1519\"href='https:\/\/www.radiopiu.net\/wordpress\/wp-content\/uploads\/2024\/10\/967a322c-9996-42d7-af75-662ca7d89e84-1.jpg'><img loading=\"lazy\" decoding=\"async\" width=\"150\" height=\"150\" src=\"https:\/\/www.radiopiu.net\/wordpress\/wp-content\/uploads\/2024\/10\/967a322c-9996-42d7-af75-662ca7d89e84-1-150x150.jpg\" class=\"attachment-thumbnail size-thumbnail\" alt=\"\" aria-describedby=\"gallery-3-413698\" \/><\/a>\n\t\t\t\t<\/dt>\n\t\t\t\t\t<dd class='wp-caption-text gallery-caption' id='gallery-3-413698'>\n\t\t\t\t\tDOMANI\n\t\t\t\t\t<\/dd><\/dl><dl class='gallery-item'>\n\t\t\t\t<dt class='gallery-icon landscape'>\n\t\t\t\t\t<a class=\"rollover rollover-zoom dt-pswp-item\" title=\"Locandina concerto\" data-dt-img-description=\"\" data-large_image_width=\"1080\" data-large_image_height=\"1080\"href='https:\/\/www.radiopiu.net\/wordpress\/wp-content\/uploads\/2024\/11\/Locandina-concerto.jpg'><img loading=\"lazy\" decoding=\"async\" width=\"150\" height=\"150\" src=\"https:\/\/www.radiopiu.net\/wordpress\/wp-content\/uploads\/2024\/11\/Locandina-concerto-150x150.jpg\" class=\"attachment-thumbnail size-thumbnail\" alt=\"\" aria-describedby=\"gallery-3-420897\" srcset=\"https:\/\/www.radiopiu.net\/wordpress\/wp-content\/uploads\/2024\/11\/Locandina-concerto-150x150.jpg 150w, https:\/\/www.radiopiu.net\/wordpress\/wp-content\/uploads\/2024\/11\/Locandina-concerto-300x300.jpg 300w, https:\/\/www.radiopiu.net\/wordpress\/wp-content\/uploads\/2024\/11\/Locandina-concerto-1024x1024.jpg 1024w, https:\/\/www.radiopiu.net\/wordpress\/wp-content\/uploads\/2024\/11\/Locandina-concerto-768x768.jpg 768w, https:\/\/www.radiopiu.net\/wordpress\/wp-content\/uploads\/2024\/11\/Locandina-concerto.jpg 1080w\" sizes=\"auto, (max-width: 150px) 100vw, 150px\" \/><\/a>\n\t\t\t\t<\/dt>\n\t\t\t\t\t<dd class='wp-caption-text gallery-caption' id='gallery-3-420897'>\n\t\t\t\t\tDOMENICA\n\t\t\t\t\t<\/dd><\/dl><dl class='gallery-item'>\n\t\t\t\t<dt class='gallery-icon portrait'>\n\t\t\t\t\t<a class=\"rollover rollover-zoom dt-pswp-item\" title=\"TIB_Locandina_A3_Orso (1)\" data-dt-img-description=\"\" data-large_image_width=\"858\" data-large_image_height=\"1207\"href='https:\/\/www.radiopiu.net\/wordpress\/wp-content\/uploads\/2024\/11\/TIB_Locandina_A3_Orso-1.jpg'><img loading=\"lazy\" decoding=\"async\" width=\"150\" height=\"150\" src=\"https:\/\/www.radiopiu.net\/wordpress\/wp-content\/uploads\/2024\/11\/TIB_Locandina_A3_Orso-1-150x150.jpg\" class=\"attachment-thumbnail size-thumbnail\" alt=\"\" aria-describedby=\"gallery-3-420259\" \/><\/a>\n\t\t\t\t<\/dt>\n\t\t\t\t\t<dd class='wp-caption-text gallery-caption' id='gallery-3-420259'>\n\t\t\t\t\tDOMENICA A BELLUNO\n\t\t\t\t\t<\/dd><\/dl><dl class='gallery-item'>\n\t\t\t\t<dt class='gallery-icon portrait'>\n\t\t\t\t\t<a class=\"rollover rollover-zoom dt-pswp-item\" title=\"Screenshot\" data-dt-img-description=\"\" data-large_image_width=\"1088\" data-large_image_height=\"1550\"href='https:\/\/www.radiopiu.net\/wordpress\/wp-content\/uploads\/2024\/11\/Cisl_ParlarePerSalvare_FlyerDigitale.jpg'><img loading=\"lazy\" decoding=\"async\" width=\"150\" height=\"150\" src=\"https:\/\/www.radiopiu.net\/wordpress\/wp-content\/uploads\/2024\/11\/Cisl_ParlarePerSalvare_FlyerDigitale-150x150.jpg\" class=\"attachment-thumbnail size-thumbnail\" alt=\"\" aria-describedby=\"gallery-3-420678\" \/><\/a>\n\t\t\t\t<\/dt>\n\t\t\t\t\t<dd class='wp-caption-text gallery-caption' id='gallery-3-420678'>\n\t\t\t\t\tScreenshot\n\t\t\t\t\t<\/dd><\/dl><br style=\"clear: both\" \/><dl class='gallery-item'>\n\t\t\t\t<dt class='gallery-icon portrait'>\n\t\t\t\t\t<a class=\"rollover rollover-zoom dt-pswp-item\" title=\"Locandina proiezione docufilm I Belumat international 2024\" data-dt-img-description=\"\" data-large_image_width=\"720\" data-large_image_height=\"1040\"href='https:\/\/www.radiopiu.net\/wordpress\/wp-content\/uploads\/2024\/11\/Locandina-proiezione-docufilm-I-Belumat-international-2024.jpg'><img loading=\"lazy\" decoding=\"async\" width=\"150\" height=\"150\" src=\"https:\/\/www.radiopiu.net\/wordpress\/wp-content\/uploads\/2024\/11\/Locandina-proiezione-docufilm-I-Belumat-international-2024-150x150.jpg\" class=\"attachment-thumbnail size-thumbnail\" alt=\"\" aria-describedby=\"gallery-3-420471\" \/><\/a>\n\t\t\t\t<\/dt>\n\t\t\t\t\t<dd class='wp-caption-text gallery-caption' id='gallery-3-420471'>\n\t\t\t\t\tIL DOCUFILM A LIMANA\n\t\t\t\t\t<\/dd><\/dl><dl class='gallery-item'>\n\t\t\t\t<dt class='gallery-icon portrait'>\n\t\t\t\t\t<a class=\"rollover rollover-zoom dt-pswp-item\" title=\"IL FILO ROSSO TRA ARRIGO E LENOR\" data-dt-img-description=\"\" data-large_image_width=\"841\" data-large_image_height=\"1190\"href='https:\/\/www.radiopiu.net\/wordpress\/wp-content\/uploads\/2024\/11\/IL-FILO-ROSSO-TRA-ARRIGO-E-LENOR.jpg'><img loading=\"lazy\" decoding=\"async\" width=\"150\" height=\"150\" src=\"https:\/\/www.radiopiu.net\/wordpress\/wp-content\/uploads\/2024\/11\/IL-FILO-ROSSO-TRA-ARRIGO-E-LENOR-150x150.jpg\" class=\"attachment-thumbnail size-thumbnail\" alt=\"\" aria-describedby=\"gallery-3-420249\" \/><\/a>\n\t\t\t\t<\/dt>\n\t\t\t\t\t<dd class='wp-caption-text gallery-caption' id='gallery-3-420249'>\n\t\t\t\t\tAL PICCOLO TEATRO PIEROBON\n\t\t\t\t\t<\/dd><\/dl><dl class='gallery-item'>\n\t\t\t\t<dt class='gallery-icon portrait'>\n\t\t\t\t\t<a class=\"rollover rollover-zoom dt-pswp-item\" title=\"4448afab-7b66-4760-8c53-e411b845306d\" data-dt-img-description=\"\" data-large_image_width=\"1144\" data-large_image_height=\"1600\"href='https:\/\/www.radiopiu.net\/wordpress\/wp-content\/uploads\/2024\/11\/4448afab-7b66-4760-8c53-e411b845306d.jpg'><img loading=\"lazy\" decoding=\"async\" width=\"150\" height=\"150\" src=\"https:\/\/www.radiopiu.net\/wordpress\/wp-content\/uploads\/2024\/11\/4448afab-7b66-4760-8c53-e411b845306d-150x150.jpg\" class=\"attachment-thumbnail size-thumbnail\" alt=\"\" aria-describedby=\"gallery-3-419621\" \/><\/a>\n\t\t\t\t<\/dt>\n\t\t\t\t\t<dd class='wp-caption-text gallery-caption' id='gallery-3-419621'>\n\t\t\t\t\tIL FINE SETTIMANA A CAVIOLA\n\t\t\t\t\t<\/dd><\/dl><dl class='gallery-item'>\n\t\t\t\t<dt class='gallery-icon portrait'>\n\t\t\t\t\t<a class=\"rollover rollover-zoom dt-pswp-item\" title=\"PL_Sosp_A4_CENE\" data-dt-img-description=\"\" data-large_image_width=\"992\" data-large_image_height=\"1403\"href='https:\/\/www.radiopiu.net\/wordpress\/wp-content\/uploads\/2024\/11\/PL_Sosp_A4_CENE.jpg'><img loading=\"lazy\" decoding=\"async\" width=\"150\" height=\"150\" src=\"https:\/\/www.radiopiu.net\/wordpress\/wp-content\/uploads\/2024\/11\/PL_Sosp_A4_CENE-150x150.jpg\" class=\"attachment-thumbnail size-thumbnail\" alt=\"\" aria-describedby=\"gallery-3-419072\" \/><\/a>\n\t\t\t\t<\/dt>\n\t\t\t\t\t<dd class='wp-caption-text gallery-caption' id='gallery-3-419072'>\n\t\t\t\t\tCON LA PRO LOCO MONTI DEL SOLE\n\t\t\t\t\t<\/dd><\/dl><br style=\"clear: both\" \/><dl class='gallery-item'>\n\t\t\t\t<dt class='gallery-icon portrait'>\n\t\t\t\t\t<a class=\"rollover rollover-zoom dt-pswp-item\" title=\"Locandina Sant&#039;Andrea nuova\" data-dt-img-description=\"\" data-large_image_width=\"1890\" data-large_image_height=\"2646\"href='https:\/\/www.radiopiu.net\/wordpress\/wp-content\/uploads\/2024\/11\/Locandina-SantAndrea-nuova.png'><img loading=\"lazy\" decoding=\"async\" width=\"150\" height=\"150\" src=\"https:\/\/www.radiopiu.net\/wordpress\/wp-content\/uploads\/2024\/11\/Locandina-SantAndrea-nuova-150x150.png\" class=\"attachment-thumbnail size-thumbnail\" alt=\"\" \/><\/a>\n\t\t\t\t<\/dt><\/dl><dl class='gallery-item'>\n\t\t\t\t<dt class='gallery-icon portrait'>\n\t\t\t\t\t<a class=\"rollover rollover-zoom dt-pswp-item\" title=\"formula_3_loc\" data-dt-img-description=\"\" data-large_image_width=\"600\" data-large_image_height=\"821\"href='https:\/\/www.radiopiu.net\/wordpress\/wp-content\/uploads\/2024\/11\/formula_3_loc.jpg'><img loading=\"lazy\" decoding=\"async\" width=\"150\" height=\"150\" src=\"https:\/\/www.radiopiu.net\/wordpress\/wp-content\/uploads\/2024\/11\/formula_3_loc-150x150.jpg\" class=\"attachment-thumbnail size-thumbnail\" alt=\"\" aria-describedby=\"gallery-3-419609\" \/><\/a>\n\t\t\t\t<\/dt>\n\t\t\t\t\t<dd class='wp-caption-text gallery-caption' id='gallery-3-419609'>\n\t\t\t\t\tI FORMULA 3 A BELLUNO\n\t\t\t\t\t<\/dd><\/dl><dl class='gallery-item'>\n\t\t\t\t<dt class='gallery-icon portrait'>\n\t\t\t\t\t<a class=\"rollover rollover-zoom dt-pswp-item\" title=\"a33d4b1a-4183-4aeb-872d-b9ead0664bc8\" data-dt-img-description=\"\" data-large_image_width=\"905\" data-large_image_height=\"1280\"href='https:\/\/www.radiopiu.net\/wordpress\/wp-content\/uploads\/2024\/11\/a33d4b1a-4183-4aeb-872d-b9ead0664bc8.jpg'><img loading=\"lazy\" decoding=\"async\" width=\"150\" height=\"150\" src=\"https:\/\/www.radiopiu.net\/wordpress\/wp-content\/uploads\/2024\/11\/a33d4b1a-4183-4aeb-872d-b9ead0664bc8-150x150.jpg\" class=\"attachment-thumbnail size-thumbnail\" alt=\"\" aria-describedby=\"gallery-3-420564\" \/><\/a>\n\t\t\t\t<\/dt>\n\t\t\t\t\t<dd class='wp-caption-text gallery-caption' id='gallery-3-420564'>\n\t\t\t\t\tSABATO A BELLUNO\n\t\t\t\t\t<\/dd><\/dl><dl class='gallery-item'>\n\t\t\t\t<dt class='gallery-icon portrait'>\n\t\t\t\t\t<a class=\"rollover rollover-zoom dt-pswp-item\" title=\"Ciao Igor copia\" data-dt-img-description=\"\" data-large_image_width=\"453\" data-large_image_height=\"640\"href='https:\/\/www.radiopiu.net\/wordpress\/wp-content\/uploads\/2024\/11\/Ciao-Igor-copia.jpeg'><img loading=\"lazy\" decoding=\"async\" width=\"150\" height=\"150\" src=\"https:\/\/www.radiopiu.net\/wordpress\/wp-content\/uploads\/2024\/11\/Ciao-Igor-copia-150x150.jpeg\" class=\"attachment-thumbnail size-thumbnail\" alt=\"\" aria-describedby=\"gallery-3-419352\" \/><\/a>\n\t\t\t\t<\/dt>\n\t\t\t\t\t<dd class='wp-caption-text gallery-caption' id='gallery-3-419352'>\n\t\t\t\t\tIN MEMORIA DI IGOR\n\t\t\t\t\t<\/dd><\/dl><br style=\"clear: both\" \/><dl class='gallery-item'>\n\t\t\t\t<dt class='gallery-icon portrait'>\n\t\t\t\t\t<a class=\"rollover rollover-zoom dt-pswp-item\" title=\"manifesto serate invernali\" data-dt-img-description=\"\" data-large_image_width=\"1683\" data-large_image_height=\"2383\"href='https:\/\/www.radiopiu.net\/wordpress\/wp-content\/uploads\/2024\/11\/manifesto-serate-invernali.jpg'><img loading=\"lazy\" decoding=\"async\" width=\"150\" height=\"150\" src=\"https:\/\/www.radiopiu.net\/wordpress\/wp-content\/uploads\/2024\/11\/manifesto-serate-invernali-150x150.jpg\" class=\"attachment-thumbnail size-thumbnail\" alt=\"\" aria-describedby=\"gallery-3-418816\" \/><\/a>\n\t\t\t\t<\/dt>\n\t\t\t\t\t<dd class='wp-caption-text gallery-caption' id='gallery-3-418816'>\n\t\t\t\t\t21 FEBBRAIO\n\t\t\t\t\t<\/dd><\/dl><dl class='gallery-item'>\n\t\t\t\t<dt class='gallery-icon portrait'>\n\t\t\t\t\t<a class=\"rollover rollover-zoom dt-pswp-item\" title=\"41f0eb19-6c8b-40db-a950-17a74dc36554\" data-dt-img-description=\"\" data-large_image_width=\"1131\" data-large_image_height=\"1600\"href='https:\/\/www.radiopiu.net\/wordpress\/wp-content\/uploads\/2024\/11\/41f0eb19-6c8b-40db-a950-17a74dc36554.jpg'><img loading=\"lazy\" decoding=\"async\" width=\"150\" height=\"150\" src=\"https:\/\/www.radiopiu.net\/wordpress\/wp-content\/uploads\/2024\/11\/41f0eb19-6c8b-40db-a950-17a74dc36554-150x150.jpg\" class=\"attachment-thumbnail size-thumbnail\" alt=\"\" aria-describedby=\"gallery-3-420248\" \/><\/a>\n\t\t\t\t<\/dt>\n\t\t\t\t\t<dd class='wp-caption-text gallery-caption' id='gallery-3-420248'>\n\t\t\t\t\tIL CONCERTO A CENCENIGHE\n\t\t\t\t\t<\/dd><\/dl><dl class='gallery-item'>\n\t\t\t\t<dt class='gallery-icon portrait'>\n\t\t\t\t\t<a class=\"rollover rollover-zoom dt-pswp-item\" title=\"76cccd40-0603-419e-97ce-c76a73bfea49\" data-dt-img-description=\"\" data-large_image_width=\"1131\" data-large_image_height=\"1600\"href='https:\/\/www.radiopiu.net\/wordpress\/wp-content\/uploads\/2024\/11\/76cccd40-0603-419e-97ce-c76a73bfea49.jpg'><img loading=\"lazy\" decoding=\"async\" width=\"150\" height=\"150\" src=\"https:\/\/www.radiopiu.net\/wordpress\/wp-content\/uploads\/2024\/11\/76cccd40-0603-419e-97ce-c76a73bfea49-150x150.jpg\" class=\"attachment-thumbnail size-thumbnail\" alt=\"\" \/><\/a>\n\t\t\t\t<\/dt><\/dl><dl class='gallery-item'>\n\t\t\t\t<dt class='gallery-icon landscape'>\n\t\t\t\t\t<a class=\"rollover rollover-zoom dt-pswp-item\" title=\"0abbc826-bb45-4385-b009-d3e07ffc47d6\" data-dt-img-description=\"\" data-large_image_width=\"1080\" data-large_image_height=\"1080\"href='https:\/\/www.radiopiu.net\/wordpress\/wp-content\/uploads\/2024\/11\/0abbc826-bb45-4385-b009-d3e07ffc47d6.jpg'><img loading=\"lazy\" decoding=\"async\" width=\"150\" height=\"150\" src=\"https:\/\/www.radiopiu.net\/wordpress\/wp-content\/uploads\/2024\/11\/0abbc826-bb45-4385-b009-d3e07ffc47d6-150x150.jpg\" class=\"attachment-thumbnail size-thumbnail\" alt=\"\" aria-describedby=\"gallery-3-420917\" srcset=\"https:\/\/www.radiopiu.net\/wordpress\/wp-content\/uploads\/2024\/11\/0abbc826-bb45-4385-b009-d3e07ffc47d6-150x150.jpg 150w, https:\/\/www.radiopiu.net\/wordpress\/wp-content\/uploads\/2024\/11\/0abbc826-bb45-4385-b009-d3e07ffc47d6-300x300.jpg 300w, https:\/\/www.radiopiu.net\/wordpress\/wp-content\/uploads\/2024\/11\/0abbc826-bb45-4385-b009-d3e07ffc47d6-1024x1024.jpg 1024w, https:\/\/www.radiopiu.net\/wordpress\/wp-content\/uploads\/2024\/11\/0abbc826-bb45-4385-b009-d3e07ffc47d6-768x768.jpg 768w, https:\/\/www.radiopiu.net\/wordpress\/wp-content\/uploads\/2024\/11\/0abbc826-bb45-4385-b009-d3e07ffc47d6.jpg 1080w\" sizes=\"auto, (max-width: 150px) 100vw, 150px\" \/><\/a>\n\t\t\t\t<\/dt>\n\t\t\t\t\t<dd class='wp-caption-text gallery-caption' id='gallery-3-420917'>\n\t\t\t\t\ta taibon il 28\n\t\t\t\t\t<\/dd><\/dl><br style=\"clear: both\" \/>\n\t\t\t<\/div>\n\n<\/div>\n<\/div>\n<\/div>\n<p>&nbsp;<\/p>\n<hr \/>\n<p>&nbsp;<\/p>\n<p class=\"mceTemp\"><a class=\"dt-pswp-item\" href=\"https:\/\/www.radiopiu.net\/wordpress\/wp-content\/uploads\/2018\/09\/WhatsApp-Image-2018-09-20-at-16.04.06.jpeg\" data-dt-img-description=\"\" data-large_image_width=\"800\" data-large_image_height=\"100\"><img loading=\"lazy\" decoding=\"async\" class=\"wp-image-61378 size-full aligncenter\" src=\"https:\/\/www.radiopiu.net\/wordpress\/wp-content\/uploads\/2018\/09\/WhatsApp-Image-2018-09-20-at-16.04.06.jpeg\" alt=\"\" width=\"800\" height=\"100\" srcset=\"https:\/\/www.radiopiu.net\/wordpress\/wp-content\/uploads\/2018\/09\/WhatsApp-Image-2018-09-20-at-16.04.06.jpeg 800w, https:\/\/www.radiopiu.net\/wordpress\/wp-content\/uploads\/2018\/09\/WhatsApp-Image-2018-09-20-at-16.04.06-300x38.jpeg 300w, https:\/\/www.radiopiu.net\/wordpress\/wp-content\/uploads\/2018\/09\/WhatsApp-Image-2018-09-20-at-16.04.06-768x96.jpeg 768w\" sizes=\"auto, (max-width: 800px) 100vw, 800px\" \/><\/a><\/p>\n<p><center><\/center><center><\/center><center><b>\u00a0<\/b><\/center><center><b>OGGI<\/b><\/center>Tempo stabile con cielo sereno o poco nuvoloso per il transito di velature molto sottili specie nella seconda parte della giornata con clima di stampo invernale; non esclusa la formazione di nubi basse nelle ore fredde in Valbelluna.<br \/>\n<b>Precipitazioni: <\/b>Assenti<br \/>\n<b>Temperature: <\/b>Minime in lieve o contenuta diminuzione, massime in generale lieve o contenuto aumento su valori comunque al di sotto della norma.<\/p>\n<hr \/>\n<p><center><b>DOMANI<\/b><\/center>Cielo nuvoloso o parzialmente nuvoloso per il transito di nubi alte a tratti anche consistenti ma senza fenomeni, in parziale diradamento nel corso del pomeriggio. Possibile formazione di nubi basse a tratti nelle valli nella notte.<br \/>\n<b>Precipitazioni: <\/b>Assenti<br \/>\n<b>Temperature: <\/b>In sensibile aumento specie in alta montagna oltre i 2500 m, con un&#8217;importante inversione termica nelle valli nelle ore fredde localmente persistente in quelle chiuse poco soleggiate. Clima diurno meno freddo rispetto a sabato a tutte le quote.<\/p>\n<hr \/>\n<p><center><b>LUNEDI<\/b><\/center>Tempo stabile ma non molto soleggiato per la formazione di nubi basse nelle ore fredde e per il transito di nubi medio-alte soprattutto nell&#8217;area prealpina. Temperature in ulteriore ripresa soprattutto le minime e in alta montagna con forte inversione termica nelle valli nelle ore fredde anche persistente nelle ore diurne in quelle chiuse e poco soleggiate.<\/p>\n<hr \/>\n<p><center><b>MARTEDI<\/b><\/center>Tempo ancora stabile ma irregolarmente nuvoloso per la formazione di nubi basse durante le ore fredde e per il transito nubi medio alte nel corso della giornata ma senza fenomeni. Temperature senza notevoli variazioni nelle valli, in leggero o contenuto calo in alta montagna con parziale attenuazione dell&#8217;inversione termica nelle valli nelle ore fredde<\/p>\n<p>&nbsp;<\/p>\n<blockquote class=\"wp-embedded-content\" data-secret=\"KSm7jisdWr\"><p><a href=\"https:\/\/www.radiopiu.net\/wordpress\/prima-nevicata-fino-a-fondo-valle-20-cm-a-passo-falzarego\/\">PRIMA NEVICATA FINO A FONDO VALLE. 20 CM A PASSO FALZAREGO<\/a><\/p><\/blockquote>\n<p><iframe loading=\"lazy\" class=\"wp-embedded-content\" sandbox=\"allow-scripts\" security=\"restricted\" style=\"position: absolute; visibility: hidden;\" title=\"&#8220;PRIMA NEVICATA FINO A FONDO VALLE. 20 CM A PASSO FALZAREGO&#8221; &#8212; Radio Pi\u00f9\" src=\"https:\/\/www.radiopiu.net\/wordpress\/prima-nevicata-fino-a-fondo-valle-20-cm-a-passo-falzarego\/embed\/#?secret=YQ0pMtyHUZ#?secret=KSm7jisdWr\" data-secret=\"KSm7jisdWr\" width=\"600\" height=\"338\" frameborder=\"0\" marginwidth=\"0\" marginheight=\"0\" scrolling=\"no\"><\/iframe><\/p>\n<p>&nbsp;<\/p>\n<hr \/>\n<p>&nbsp;<\/p>\n<p>&nbsp;<\/p>\n<p class=\"mceTemp\"><a class=\"dt-pswp-item\" href=\"https:\/\/www.radiopiu.net\/wordpress\/wp-content\/uploads\/2018\/09\/sport.jpg\" data-dt-img-description=\"\" data-large_image_width=\"800\" data-large_image_height=\"100\"><img loading=\"lazy\" decoding=\"async\" class=\"aligncenter wp-image-60761 size-full\" src=\"https:\/\/www.radiopiu.net\/wordpress\/wp-content\/uploads\/2018\/09\/sport.jpg\" alt=\"\" width=\"800\" height=\"100\" srcset=\"https:\/\/www.radiopiu.net\/wordpress\/wp-content\/uploads\/2018\/09\/sport.jpg 800w, https:\/\/www.radiopiu.net\/wordpress\/wp-content\/uploads\/2018\/09\/sport-300x38.jpg 300w, https:\/\/www.radiopiu.net\/wordpress\/wp-content\/uploads\/2018\/09\/sport-768x96.jpg 768w\" sizes=\"auto, (max-width: 800px) 100vw, 800px\" \/><\/a><span style=\"color: #0000ff;\"><strong>\u00a0 \u00a0 \u00a0 \u00a0 \u00a0 \u00a0 \u00a0\u00a0<\/strong><\/span><\/p>\n<p><span style=\"color: #0000ff;\"><strong>HOCKEY SU GHIACCIO<\/strong><\/span><\/p>\n<blockquote>\n<h3>EL DIABLO IN RIVA AL LAGO. DIEGO IORI E&#8217; IL NUOVO GIOCATORE DELL&#8217;ALLEGHE HOCKEY<\/h3>\n<\/blockquote>\n<p><strong><a class=\"dt-pswp-item\" href=\"https:\/\/www.radiopiu.net\/wordpress\/wp-content\/uploads\/2024\/11\/0e33f359-405f-4d3b-8181-8ba12392d4f5.jpg\" data-dt-img-description=\"\" data-large_image_width=\"1000\" data-large_image_height=\"1000\"><img loading=\"lazy\" decoding=\"async\" class=\" wp-image-421005 alignleft\" src=\"https:\/\/www.radiopiu.net\/wordpress\/wp-content\/uploads\/2024\/11\/0e33f359-405f-4d3b-8181-8ba12392d4f5-300x300.jpg\" alt=\"\" width=\"165\" height=\"165\" srcset=\"https:\/\/www.radiopiu.net\/wordpress\/wp-content\/uploads\/2024\/11\/0e33f359-405f-4d3b-8181-8ba12392d4f5-300x300.jpg 300w, https:\/\/www.radiopiu.net\/wordpress\/wp-content\/uploads\/2024\/11\/0e33f359-405f-4d3b-8181-8ba12392d4f5-150x150.jpg 150w, https:\/\/www.radiopiu.net\/wordpress\/wp-content\/uploads\/2024\/11\/0e33f359-405f-4d3b-8181-8ba12392d4f5-768x768.jpg 768w, https:\/\/www.radiopiu.net\/wordpress\/wp-content\/uploads\/2024\/11\/0e33f359-405f-4d3b-8181-8ba12392d4f5.jpg 1000w\" sizes=\"auto, (max-width: 165px) 100vw, 165px\" \/><\/a>DI ROBERTO MIANA, PORTAVOCE DELL&#8217;ALLEGHE HOCKEY<\/strong><\/p>\n<p>\u00c8 con grande soddisfazione che la Societ\u00e0 Alleghe Hockey annuncia l\u2019arrivo in riva al lago di Diego Iori. Conosciuto anche come \u201cEl Diablo\u201d per la grinta con la quale si batte sul ghiaccio. Attaccante originario di Cavalese, ma uomo simbolo dei Fassa Falcons di cui \u00e8 stato capitano. Trentottenne classe 1986 con tanta esperienza e una carriera impressionante alle spalle. Ha esordito in serie A con il Fassa a 16 anni, dove ha disputato 17 campionati tra massima serie e l\u2019Alps Hockey League, facendo esperienze anche a Milano, Asiago, Gard\u00ebina e Cortina, oltre ad aver indossato 41 volte la maglia azzurra. In 846 gare disputate, considerando serie A e AHL, ha messo a referto 270 reti e 286 assist. Nel suo palmares pu\u00f2 vantare la vittoria di un Campionato di serie A e di una Supercoppa italiana, entrambi con la maglia dell\u2019Asiago. Iori arriva ad Alleghe in prestito dal Fassa, per rinforzare, sia numericamente che qualitativamente, il reparto offensivo delle Civette. Benvenuto ad Alleghe, Diego! (Foto di Doriano Brunel)<\/p>\n<p>&nbsp;<\/p>\n<blockquote>\n<h3>AL DE TONI DI ALLEGHE ARRIVANO LE LINCI DI PERGINE<\/h3>\n<\/blockquote>\n<p><strong><a class=\"dt-pswp-item\" href=\"https:\/\/www.radiopiu.net\/wordpress\/wp-content\/uploads\/2024\/11\/42633fe8-d69b-47ef-a4e3-8710805ede13.jpg\" data-dt-img-description=\"\" data-large_image_width=\"940\" data-large_image_height=\"516\"><img loading=\"lazy\" decoding=\"async\" class=\" wp-image-421001 alignleft\" src=\"https:\/\/www.radiopiu.net\/wordpress\/wp-content\/uploads\/2024\/11\/42633fe8-d69b-47ef-a4e3-8710805ede13-300x165.jpg\" alt=\"\" width=\"193\" height=\"106\" srcset=\"https:\/\/www.radiopiu.net\/wordpress\/wp-content\/uploads\/2024\/11\/42633fe8-d69b-47ef-a4e3-8710805ede13-300x165.jpg 300w, https:\/\/www.radiopiu.net\/wordpress\/wp-content\/uploads\/2024\/11\/42633fe8-d69b-47ef-a4e3-8710805ede13-768x422.jpg 768w, https:\/\/www.radiopiu.net\/wordpress\/wp-content\/uploads\/2024\/11\/42633fe8-d69b-47ef-a4e3-8710805ede13.jpg 940w\" sizes=\"auto, (max-width: 193px) 100vw, 193px\" \/><\/a>DI ROBERTO MIANA, PORTAVOCE DELL&#8217;ALLEGHE HOCKEY<\/strong><\/p>\n<p>Sedicesima giornata del campionato IHL di hockey su ghiaccio. Sabato 23 novembre alle 20:30 l\u2019Alleghe ospita il Pergine. L\u2019Alleghe, nell\u2019infrasettimanale di campionato ha osservato il turno di riposo, mentre nell\u2019ultimo match \u00e8 uscito tra gli applausi del \u201cDe Toni\u201d nonostante la sconfitta 2-4 contro il Caldaro capolista. Prima frazione con gli ospiti che fanno vedere i muscoli chiudendo il parziale sul doppi vantaggio. Nel secondo tempo i Biancorossi scendono pi\u00f9 grintosi sul ghiaccio e riescono a dimezzare lo svantaggio con la marcatura del finlandese Makela. Il terzo periodo mette in mostra uno dei migliori Alleghe della stagione, che subisce la terza rete dei Lucci ma si riporta subito in partita con Francesco Soppelsa e sfiora a pi\u00f9 riprese un pareggio che sarebbe stato meritato, prima di subire nel finale, a porta vuota, la rete che chiude l\u2019incontro a favore dei basso atesini. Civette ottave in classifica con 18 punti in tredici gare. Il Pergine \u00e8 reduce dal turno infrasettimanale nel quale ha battuto sul ghiaccio di casa 6-3 il fanalino di coda Bressanone. Linci che hanno cos\u00ec interrotto una serie di quattro sconfitte consecutive. Campionato fino a questo momento al di sotto delle aspettative per i campioni d\u2019Italia in carica, che hanno cambiato molto il proprio roster rispetto alla passata stagione, mantenendo comunque diversi giovani interessanti. Linci che occupano la settima piazza in classifica con 21 punti in quattordici gare.<br \/>\nNei trentadue precedenti giocati in IHL tra Alleghe e Pergine il bilancio \u00e8 in equilibrio con 16 vittorie trentine e 15 agordine, pi\u00f9 un pareggio. Nella gara di andata, in terra trentina, si sono imposte le Civette 6-4. L\u2019ultimo match in riva al lago, giocato il 22 febbraio di quest\u2019anno, ha visto l\u2019affermazione dei biancorossi 3-2.<\/p>\n<p><strong>ALLEGHE HOCKEY &#8211; HOCKEY PERGINE SAPIENS <\/strong>Sabato 23 Novembre ore 20:30 &#8211; Palaghiaccio Alvise De Toni di Alleghe (BL). Ingresso dalla gradinata laterale (lato torrente Zunaia). Arbitri: Gianluca Abram e Patrick Theo Gruber con giudici di linea Andrea Carrito e Martin Mair. Collegamenti in DIRETTA RADIOFONICA su Radio Pi\u00f9 (www.radiopiu.net) con \u201chockey al punto giusto\u201d, in studio Marco Gaz e da Alleghe interventi di Federico Paganin<\/p>\n<p>&nbsp;<\/p>\n<p><span style=\"color: #3366ff;\"><strong>CALCIO<\/strong><\/span><\/p>\n<blockquote>\n<h3>CONTINUANO I CAMPIONATI DELL&#8217;AGORDINA CALCIO<\/h3>\n<\/blockquote>\n<p><strong><a class=\"dt-pswp-item\" href=\"https:\/\/www.radiopiu.net\/wordpress\/wp-content\/uploads\/2022\/10\/CALCIO-2022-e1665937841126.jpg\" data-dt-img-description=\"\" data-large_image_width=\"400\" data-large_image_height=\"250\"><img loading=\"lazy\" decoding=\"async\" class=\" wp-image-301842 alignleft\" src=\"https:\/\/www.radiopiu.net\/wordpress\/wp-content\/uploads\/2022\/10\/CALCIO-2022-e1665937841126-300x188.jpg\" alt=\"\" width=\"179\" height=\"112\" srcset=\"https:\/\/www.radiopiu.net\/wordpress\/wp-content\/uploads\/2022\/10\/CALCIO-2022-e1665937841126-300x188.jpg 300w, https:\/\/www.radiopiu.net\/wordpress\/wp-content\/uploads\/2022\/10\/CALCIO-2022-e1665937841126.jpg 400w\" sizes=\"auto, (max-width: 179px) 100vw, 179px\" \/><\/a>DI MARCO GAZ<\/strong><\/p>\n<p><strong>REDAZIONE<\/strong> Continuano i campionati dell&#8217;Agordina Calcio nei vari tornei provinciali della LND di Belluno. Quattro le partite in programma nel fina settimana. Si inizia oggi alle 15 con due squadre giovanili in campo. La Juniores giocher\u00e0 ad Agordo contro il Limana mentre la squadra A dei Giovanissimi saranno a Belluno per affrontare il Piave. La squadra B del campionato Giovanissimi rispetter\u00e0 il turno di riposo questa settimana. Domani le ultime due sfide in programma. Alle 10 in campo gli Allievi che saranno impegnati in terra feltrina contro la Dynamo Vellai. Alle 14:30 sar\u00e0 il turno della prima squadra che all&#8217;Ivano Dorigo di Agordo ospiter\u00e0 il Cortina. La compagine allenata da Elvio Chiea non viaggia in buone acque e dovr\u00e0 alzare la testa per racimolare qualche punto contro una squadra che dista a pochi punti dall&#8217;Agordina. Domani alle 20:30 appuntamento su Radio Pi\u00f9 con &#8220;Agordina in Prima Linea&#8221; per approfondire il fine settimana calcistico della squadra di Agordo.<\/p>\n<p>&nbsp;<\/p>\n<p><span style=\"color: #0000ff;\"><strong>PALLAVOLO<\/strong><\/span><\/p>\n<blockquote>\n<h3>SECONDA TRASFERTA IN SARDEGNA PER IL BELLUNO VOLLEY<\/h3>\n<\/blockquote>\n<p><a class=\"dt-pswp-item\" href=\"https:\/\/www.radiopiu.net\/wordpress\/wp-content\/uploads\/2024\/11\/Compatti_verso_Sarroch.jpg\" data-dt-img-description=\"\" data-large_image_width=\"2048\" data-large_image_height=\"1365\"><img loading=\"lazy\" decoding=\"async\" class=\" wp-image-421012 alignleft\" src=\"https:\/\/www.radiopiu.net\/wordpress\/wp-content\/uploads\/2024\/11\/Compatti_verso_Sarroch-300x200.jpg\" alt=\"\" width=\"161\" height=\"107\" srcset=\"https:\/\/www.radiopiu.net\/wordpress\/wp-content\/uploads\/2024\/11\/Compatti_verso_Sarroch-300x200.jpg 300w, https:\/\/www.radiopiu.net\/wordpress\/wp-content\/uploads\/2024\/11\/Compatti_verso_Sarroch-1024x683.jpg 1024w, https:\/\/www.radiopiu.net\/wordpress\/wp-content\/uploads\/2024\/11\/Compatti_verso_Sarroch-768x512.jpg 768w, https:\/\/www.radiopiu.net\/wordpress\/wp-content\/uploads\/2024\/11\/Compatti_verso_Sarroch-1536x1024.jpg 1536w, https:\/\/www.radiopiu.net\/wordpress\/wp-content\/uploads\/2024\/11\/Compatti_verso_Sarroch.jpg 2048w\" sizes=\"auto, (max-width: 161px) 100vw, 161px\" \/><\/a>Il Belluno Volley torna in Sardegna per affrontare la Sarlux Sarroch oggi alle 18. La settimana \u00e8 stata movimentata dal cambio di guida tecnica: Marco Marzola ha sostituito Matteo De Cecco, con il ds Alessandro Carniel fiducioso nel nuovo allenatore. La Sarlux, nonostante un avvio altalenante, \u00e8 temibile in casa e pu\u00f2 contare su Hristiyan Dimitrov, ex Fano, come punta offensiva. Il Belluno cerca riscatto dopo il ko con Ancona, puntando a una prova d\u2019orgoglio per rispondere al cambiamento.<\/p>\n<p>&nbsp;<\/p>\n<blockquote>\n<h3>SB VOLLEY A POLESELLA<\/h3>\n<\/blockquote>\n<p><a class=\"dt-pswp-item\" href=\"https:\/\/www.radiopiu.net\/wordpress\/wp-content\/uploads\/2024\/11\/Trasferta_a_Polesella_per_la_SB_Volley.jpg\" data-dt-img-description=\"\" data-large_image_width=\"779\" data-large_image_height=\"623\"><img loading=\"lazy\" decoding=\"async\" class=\" wp-image-421014 alignleft\" src=\"https:\/\/www.radiopiu.net\/wordpress\/wp-content\/uploads\/2024\/11\/Trasferta_a_Polesella_per_la_SB_Volley-300x240.jpg\" alt=\"\" width=\"153\" height=\"122\" srcset=\"https:\/\/www.radiopiu.net\/wordpress\/wp-content\/uploads\/2024\/11\/Trasferta_a_Polesella_per_la_SB_Volley-300x240.jpg 300w, https:\/\/www.radiopiu.net\/wordpress\/wp-content\/uploads\/2024\/11\/Trasferta_a_Polesella_per_la_SB_Volley-768x614.jpg 768w, https:\/\/www.radiopiu.net\/wordpress\/wp-content\/uploads\/2024\/11\/Trasferta_a_Polesella_per_la_SB_Volley.jpg 779w\" sizes=\"auto, (max-width: 153px) 100vw, 153px\" \/><\/a>La SB Volley affronta stasera alle 20:30, il Fastwindows Vbp a Polesella (Rovigo), per la quinta giornata del campionato di Serie C femminile. Le rodigine sono settime in classifica, a due punti dalle bellunesi, quinte. Dopo la separazione con coach Giorgio De Salvador, la squadra sar\u00e0 guidata da Giovanni Bortoluzzi. Il presidente Walter De Barba ha sottolineato la necessit\u00e0 di un cambiamento per dare uno slancio in pi\u00f9, nonostante il rendimento non fosse negativo. Archiviata la sconfitta al tie-break contro Locara, la SB cerca il successo e un po\u2019 di fortuna dopo i recenti infortuni di Claudia Fiabane e Simona Degortes. L\u2019obiettivo \u00e8 ritrovare ritmo, serenit\u00e0 e autostima, puntando sul contributo di ogni atleta in campo.<\/p>\n<p>&nbsp;<\/p>\n<p>&nbsp;<\/p>\n<p>&nbsp;<\/p>\n<p>&nbsp;<\/p>\n<p>&nbsp;<\/p>\n<p>&nbsp;<\/p>\n","protected":false},"excerpt":{"rendered":"<p>***** &nbsp; LA\u00a0 APP PER IOS-IPHONE di Nicola Vettorello https:\/\/apps.apple.com\/it\/app\/radio-pi%C3%B9-emittente-agordina\/id1515939845 LA\u00a0 APP RADIO\u00a0 PER ANDROID di Nicola Vettorello https:\/\/play.google.com\/store\/apps\/details?id=net.radiopiu.iniko\u00a0\u00a0\u00a0 &nbsp; &nbsp; &nbsp; &nbsp; METEO, IERI AI PIEDI DEL COL DI FOGLIA AGORDO, DI ALESSANDRO DEOLA: \u00a0ieri bell\u2019episodio di f\u00f6hn con raffica 65km\/h. Anche il 20 novembre\u00a0 raffica a 60km\/h &nbsp; &nbsp; &nbsp; OGGI ALLA RADIO&#8230;.&hellip;<\/p>\n","protected":false},"author":4,"featured_media":421045,"comment_status":"closed","ping_status":"closed","sticky":false,"template":"","format":"standard","meta":{"_monsterinsights_skip_tracking":false,"_monsterinsights_sitenote_active":false,"_monsterinsights_sitenote_note":"","_monsterinsights_sitenote_category":0,"footnotes":""},"categories":[51,86,49],"tags":[],"class_list":["post-420979","post","type-post","status-publish","format-standard","has-post-thumbnail","hentry","category-evidenza-top","category-gr","category-news-18","category-51","category-86","category-49","description-off"],"img_url":"https:\/\/www.radiopiu.net\/wordpress\/wp-content\/uploads\/2024\/11\/9a9dd184-cbe9-4436-b2cc-03878f1d115e.jpg","_links":{"self":[{"href":"https:\/\/www.radiopiu.net\/wordpress\/wp-json\/wp\/v2\/posts\/420979","targetHints":{"allow":["GET"]}}],"collection":[{"href":"https:\/\/www.radiopiu.net\/wordpress\/wp-json\/wp\/v2\/posts"}],"about":[{"href":"https:\/\/www.radiopiu.net\/wordpress\/wp-json\/wp\/v2\/types\/post"}],"author":[{"embeddable":true,"href":"https:\/\/www.radiopiu.net\/wordpress\/wp-json\/wp\/v2\/users\/4"}],"replies":[{"embeddable":true,"href":"https:\/\/www.radiopiu.net\/wordpress\/wp-json\/wp\/v2\/comments?post=420979"}],"version-history":[{"count":28,"href":"https:\/\/www.radiopiu.net\/wordpress\/wp-json\/wp\/v2\/posts\/420979\/revisions"}],"predecessor-version":[{"id":421169,"href":"https:\/\/www.radiopiu.net\/wordpress\/wp-json\/wp\/v2\/posts\/420979\/revisions\/421169"}],"wp:featuredmedia":[{"embeddable":true,"href":"https:\/\/www.radiopiu.net\/wordpress\/wp-json\/wp\/v2\/media\/421045"}],"wp:attachment":[{"href":"https:\/\/www.radiopiu.net\/wordpress\/wp-json\/wp\/v2\/media?parent=420979"}],"wp:term":[{"taxonomy":"category","embeddable":true,"href":"https:\/\/www.radiopiu.net\/wordpress\/wp-json\/wp\/v2\/categories?post=420979"},{"taxonomy":"post_tag","embeddable":true,"href":"https:\/\/www.radiopiu.net\/wordpress\/wp-json\/wp\/v2\/tags?post=420979"}],"curies":[{"name":"wp","href":"https:\/\/api.w.org\/{rel}","templated":true}]}}