{"id":421025,"date":"2024-11-22T23:59:30","date_gmt":"2024-11-22T22:59:30","guid":{"rendered":"https:\/\/www.radiopiu.net\/wordpress\/?p=421025"},"modified":"2024-11-22T10:41:09","modified_gmt":"2024-11-22T09:41:09","slug":"continuano-i-campionati-dellagordina-calcio","status":"publish","type":"post","link":"https:\/\/www.radiopiu.net\/wordpress\/continuano-i-campionati-dellagordina-calcio\/","title":{"rendered":"CONTINUANO I CAMPIONATI DELL&#8217;AGORDINA CALCIO"},"content":{"rendered":"<p>*******<\/p>\n<p>&nbsp;<\/p>\n<p><strong><a class=\"dt-pswp-item\" href=\"https:\/\/www.radiopiu.net\/wordpress\/wp-content\/uploads\/2022\/10\/CALCIO-2022-e1665937841126.jpg\" data-dt-img-description=\"\" data-large_image_width=\"400\" data-large_image_height=\"250\"><img loading=\"lazy\" decoding=\"async\" class=\" wp-image-301842 alignleft\" src=\"https:\/\/www.radiopiu.net\/wordpress\/wp-content\/uploads\/2022\/10\/CALCIO-2022-e1665937841126-300x188.jpg\" alt=\"\" width=\"179\" height=\"112\" srcset=\"https:\/\/www.radiopiu.net\/wordpress\/wp-content\/uploads\/2022\/10\/CALCIO-2022-e1665937841126-300x188.jpg 300w, https:\/\/www.radiopiu.net\/wordpress\/wp-content\/uploads\/2022\/10\/CALCIO-2022-e1665937841126.jpg 400w\" sizes=\"auto, (max-width: 179px) 100vw, 179px\" \/><\/a>DI MARCO GAZ<\/strong><\/p>\n<p><strong>REDAZIONE<\/strong> Continuano i campionati dell&#8217;Agordina Calcio nei vari tornei provinciali della LND di Belluno. Quattro le partite in programma nel fina settimana. Si inizia oggi alle 15 con due squadre giovanili in campo. La Juniores giocher\u00e0 ad Agordo contro il Limana mentre la squadra A dei Giovanissimi saranno a Belluno per affrontare il Piave. La squadra B del campionato Giovanissimi rispetter\u00e0 il turno di riposo questa settimana. Domani le ultime due sfide in programma. Alle 10 in campo gli Allievi che saranno impegnati in terra feltrina contro la Dynamo Vellai. Alle 14:30 sar\u00e0 il turno della prima squadra che all&#8217;Ivano Dorigo di Agordo ospiter\u00e0 il Cortina. La compagine allenata da Elvio Chiea non viaggia in buone acque e dovr\u00e0 alzare la testa per racimolare qualche punto contro una squadra che dista a pochi punti dall&#8217;Agordina. Domani alle 20:30 appuntamento su Radio Pi\u00f9 con &#8220;Agordina in Prima Linea&#8221; per approfondire il fine settimana calcistico della squadra di Agordo.<\/p>\n<p>&nbsp;<\/p>\n<p>&nbsp;<\/p>\n<p>&nbsp;<\/p>\n<p>*********<\/p>\n","protected":false},"excerpt":{"rendered":"<p>******* &nbsp; DI MARCO GAZ REDAZIONE Continuano i campionati dell&#8217;Agordina Calcio nei vari tornei provinciali della LND di Belluno. Quattro le partite in programma nel fina settimana. Si inizia oggi alle 15 con due squadre giovanili in campo. La Juniores giocher\u00e0 ad Agordo contro il Limana mentre la squadra A dei Giovanissimi saranno a Belluno&hellip;<\/p>\n","protected":false},"author":4,"featured_media":301842,"comment_status":"closed","ping_status":"closed","sticky":false,"template":"","format":"standard","meta":{"_monsterinsights_skip_tracking":false,"_monsterinsights_sitenote_active":false,"_monsterinsights_sitenote_note":"","_monsterinsights_sitenote_category":0,"footnotes":""},"categories":[49],"tags":[],"class_list":["post-421025","post","type-post","status-publish","format-standard","has-post-thumbnail","hentry","category-news-18","category-49","description-off"],"img_url":"https:\/\/www.radiopiu.net\/wordpress\/wp-content\/uploads\/2022\/10\/CALCIO-2022-e1665937841126.jpg","_links":{"self":[{"href":"https:\/\/www.radiopiu.net\/wordpress\/wp-json\/wp\/v2\/posts\/421025","targetHints":{"allow":["GET"]}}],"collection":[{"href":"https:\/\/www.radiopiu.net\/wordpress\/wp-json\/wp\/v2\/posts"}],"about":[{"href":"https:\/\/www.radiopiu.net\/wordpress\/wp-json\/wp\/v2\/types\/post"}],"author":[{"embeddable":true,"href":"https:\/\/www.radiopiu.net\/wordpress\/wp-json\/wp\/v2\/users\/4"}],"replies":[{"embeddable":true,"href":"https:\/\/www.radiopiu.net\/wordpress\/wp-json\/wp\/v2\/comments?post=421025"}],"version-history":[{"count":1,"href":"https:\/\/www.radiopiu.net\/wordpress\/wp-json\/wp\/v2\/posts\/421025\/revisions"}],"predecessor-version":[{"id":421027,"href":"https:\/\/www.radiopiu.net\/wordpress\/wp-json\/wp\/v2\/posts\/421025\/revisions\/421027"}],"wp:featuredmedia":[{"embeddable":true,"href":"https:\/\/www.radiopiu.net\/wordpress\/wp-json\/wp\/v2\/media\/301842"}],"wp:attachment":[{"href":"https:\/\/www.radiopiu.net\/wordpress\/wp-json\/wp\/v2\/media?parent=421025"}],"wp:term":[{"taxonomy":"category","embeddable":true,"href":"https:\/\/www.radiopiu.net\/wordpress\/wp-json\/wp\/v2\/categories?post=421025"},{"taxonomy":"post_tag","embeddable":true,"href":"https:\/\/www.radiopiu.net\/wordpress\/wp-json\/wp\/v2\/tags?post=421025"}],"curies":[{"name":"wp","href":"https:\/\/api.w.org\/{rel}","templated":true}]}}