{"id":421029,"date":"2024-11-23T05:36:41","date_gmt":"2024-11-23T04:36:41","guid":{"rendered":"https:\/\/www.radiopiu.net\/wordpress\/?p=421029"},"modified":"2024-11-23T05:45:48","modified_gmt":"2024-11-23T04:45:48","slug":"la-svolta-buffa-e-schinetti-subentrano-a-striano","status":"publish","type":"post","link":"https:\/\/www.radiopiu.net\/wordpress\/la-svolta-buffa-e-schinetti-subentrano-a-striano\/","title":{"rendered":"LA SVOLTA: BUFFA E  SCHINETTI SUBENTRANO A STRIANO"},"content":{"rendered":"<p>*******<\/p>\n<blockquote><p>Due italiani al vertici del Gruppo EssilorLuxottica, in tempi di &#8220;<em>multinazionalit\u00e0&#8221;<\/em> dove i francesi di voci in capitolo ne hanno non \u00e8 per nulla scontato.<\/p>\n<p><strong>Cambio ai vertici aziendali: Davide Schinetti e Federico Buffa assumono nuove responsabilit\u00e0 globali<\/strong><\/p><\/blockquote>\n<div class=\"flex-1 overflow-hidden\">\n<div class=\"h-full\">\n<div class=\"react-scroll-to-bottom--css-faqzd-79elbk h-full\">\n<div class=\"react-scroll-to-bottom--css-faqzd-1n7m0yu\">\n<div class=\"flex flex-col text-sm md:pb-9\">\n<article class=\"w-full scroll-mb-[var(--thread-trailing-height,150px)] text-token-text-primary focus-visible:outline-2 focus-visible:outline-offset-[-4px]\" dir=\"auto\" data-testid=\"conversation-turn-5\" data-scroll-anchor=\"true\">\n<div class=\"m-auto text-base py-[18px] px-3 md:px-4 w-full md:px-5 lg:px-4 xl:px-5\">\n<div class=\"mx-auto flex flex-1 gap-4 text-base md:gap-5 lg:gap-6 md:max-w-3xl lg:max-w-[40rem] xl:max-w-[48rem]\">\n<div class=\"group\/conversation-turn relative flex w-full min-w-0 flex-col agent-turn\">\n<div class=\"flex-col gap-1 md:gap-3\">\n<div class=\"flex max-w-full flex-col flex-grow\">\n<div class=\"min-h-8 text-message flex w-full flex-col items-end gap-2 whitespace-normal break-words [.text-message+&amp;]:mt-5\" dir=\"auto\" data-message-author-role=\"assistant\" data-message-id=\"5c2ea9a9-a746-40e8-a1f2-66abdd1f17cb\" data-client-thread-id=\"WEB:430f6359-fb1e-47ca-9b66-33b8556c0020\" data-message-model-slug=\"gpt-4o\">\n<div class=\"flex w-full flex-col gap-1 empty:hidden first:pt-[3px]\">\n<div class=\"markdown prose w-full break-words dark:prose-invert dark\">\n<p><strong><a class=\"dt-pswp-item\" href=\"https:\/\/www.radiopiu.net\/wordpress\/wp-content\/uploads\/2024\/11\/dafe5205-4c26-40a1-9adb-5d0b51ba1664.jpg\" data-dt-img-description=\"\" data-large_image_width=\"1179\" data-large_image_height=\"758\"><img loading=\"lazy\" decoding=\"async\" class=\"alignleft wp-image-421032 size-medium\" src=\"https:\/\/www.radiopiu.net\/wordpress\/wp-content\/uploads\/2024\/11\/dafe5205-4c26-40a1-9adb-5d0b51ba1664-300x193.jpg\" alt=\"\" width=\"300\" height=\"193\" srcset=\"https:\/\/www.radiopiu.net\/wordpress\/wp-content\/uploads\/2024\/11\/dafe5205-4c26-40a1-9adb-5d0b51ba1664-300x193.jpg 300w, https:\/\/www.radiopiu.net\/wordpress\/wp-content\/uploads\/2024\/11\/dafe5205-4c26-40a1-9adb-5d0b51ba1664-1024x658.jpg 1024w, https:\/\/www.radiopiu.net\/wordpress\/wp-content\/uploads\/2024\/11\/dafe5205-4c26-40a1-9adb-5d0b51ba1664-768x494.jpg 768w, https:\/\/www.radiopiu.net\/wordpress\/wp-content\/uploads\/2024\/11\/dafe5205-4c26-40a1-9adb-5d0b51ba1664.jpg 1179w\" sizes=\"auto, (max-width: 300px) 100vw, 300px\" \/><\/a><\/strong>Durante l&#8217;ultimo incontro con il coordinamento sindacale, i vertici aziendali hanno annunciato un importante cambio manageriale che segna una svolta significativa per il futuro del Gruppo. Davide Schinetti assumer\u00e0 il ruolo di responsabile globale delle operations, subentrando a Giorgio Striano, che fino ad ora ha guidato le fabbriche del Gruppo con grande competenza e visione strategica.<\/p>\n<p>Schinetti, manager di seconda generazione, \u00e8 stato descritto come una figura capace di affrontare con entusiasmo le sfide che l&#8217;azienda ha recentemente incontrato. La sua nomina testimonia la fiducia riposta in un leader che, grazie a un\u2019esperienza maturata all\u2019interno del Gruppo, sapr\u00e0 garantire continuit\u00e0 e innovazione nei processi produttivi a livello globale.<\/p>\n<p>Parallelamente, la direzione della ricerca e sviluppo (R&amp;D) e dell&#8217;innovazione verr\u00e0 affidata a Federico Buffa, che assumer\u00e0 una posizione di rilievo strategico ampliando le sue responsabilit\u00e0. Buffa guider\u00e0 ora il prodotto a 360\u00b0, sovrintendendo all\u2019intero ciclo, dalla ricerca e sviluppo fino al marketing, consolidando ulteriormente il legame tra tecnologia e mercato.<\/p>\n<p>I vertici aziendali hanno sottolineato come i solidi piani di successione adottati abbiano consentito un passaggio di responsabilit\u00e0 rapido ed efficace, garantendo stabilit\u00e0 e continuit\u00e0. Un elemento chiave di questo processo \u00e8 rappresentato dal fatto che entrambi i nuovi leader, Schinetti e Buffa, siano italiani e abbiano maturato la loro crescita professionale all\u2019interno dell\u2019azienda con sede ad Agordo.<\/p>\n<p>Questi cambiamenti non solo segnano un\u2019evoluzione nella governance del Gruppo, ma ribadiscono anche il valore di un approccio orientato al futuro senza dimenticare le proprie radici. Con Schinetti e Buffa ai vertici, il Gruppo si prepara ad affrontare nuove sfide globali, forte di una leadership capace e profondamente legata alla propria cultura aziendale.<\/p>\n<\/div>\n<\/div>\n<\/div>\n<\/div>\n<div class=\"mb-2 flex gap-3 empty:hidden -ml-2\">\n<div class=\"items-center justify-start rounded-xl p-1 flex\"><\/div>\n<\/div>\n<\/div>\n<\/div>\n<\/div>\n<\/div>\n<\/article>\n<\/div>\n<\/div>\n<\/div>\n<\/div>\n<\/div>\n<div class=\"md:pt-0 dark:border-white\/20 md:border-transparent md:dark:border-transparent w-full\">\n<div>\n<div class=\"relative w-full px-2 py-2 text-center text-xs text-token-text-secondary empty:hidden md:px-[60px]\">\n<div class=\"min-h-4\">\n<div><\/div>\n<\/div>\n<\/div>\n<\/div>\n<\/div>\n<p>foto Striano, Schinetti, Buffa.<\/p>\n<p>&nbsp;<\/p>\n<p>********<\/p>\n","protected":false},"excerpt":{"rendered":"<p>******* Due italiani al vertici del Gruppo EssilorLuxottica, in tempi di &#8220;multinazionalit\u00e0&#8221; dove i francesi di voci in capitolo ne hanno non \u00e8 per nulla scontato. Cambio ai vertici aziendali: Davide Schinetti e Federico Buffa assumono nuove responsabilit\u00e0 globali Durante l&#8217;ultimo incontro con il coordinamento sindacale, i vertici aziendali hanno annunciato un importante cambio manageriale&hellip;<\/p>\n","protected":false},"author":4,"featured_media":421032,"comment_status":"closed","ping_status":"closed","sticky":false,"template":"","format":"standard","meta":{"_monsterinsights_skip_tracking":false,"_monsterinsights_sitenote_active":false,"_monsterinsights_sitenote_note":"","_monsterinsights_sitenote_category":0,"footnotes":""},"categories":[51,49],"tags":[],"class_list":["post-421029","post","type-post","status-publish","format-standard","has-post-thumbnail","hentry","category-evidenza-top","category-news-18","category-51","category-49","description-off"],"img_url":"https:\/\/www.radiopiu.net\/wordpress\/wp-content\/uploads\/2024\/11\/dafe5205-4c26-40a1-9adb-5d0b51ba1664.jpg","_links":{"self":[{"href":"https:\/\/www.radiopiu.net\/wordpress\/wp-json\/wp\/v2\/posts\/421029","targetHints":{"allow":["GET"]}}],"collection":[{"href":"https:\/\/www.radiopiu.net\/wordpress\/wp-json\/wp\/v2\/posts"}],"about":[{"href":"https:\/\/www.radiopiu.net\/wordpress\/wp-json\/wp\/v2\/types\/post"}],"author":[{"embeddable":true,"href":"https:\/\/www.radiopiu.net\/wordpress\/wp-json\/wp\/v2\/users\/4"}],"replies":[{"embeddable":true,"href":"https:\/\/www.radiopiu.net\/wordpress\/wp-json\/wp\/v2\/comments?post=421029"}],"version-history":[{"count":2,"href":"https:\/\/www.radiopiu.net\/wordpress\/wp-json\/wp\/v2\/posts\/421029\/revisions"}],"predecessor-version":[{"id":421039,"href":"https:\/\/www.radiopiu.net\/wordpress\/wp-json\/wp\/v2\/posts\/421029\/revisions\/421039"}],"wp:featuredmedia":[{"embeddable":true,"href":"https:\/\/www.radiopiu.net\/wordpress\/wp-json\/wp\/v2\/media\/421032"}],"wp:attachment":[{"href":"https:\/\/www.radiopiu.net\/wordpress\/wp-json\/wp\/v2\/media?parent=421029"}],"wp:term":[{"taxonomy":"category","embeddable":true,"href":"https:\/\/www.radiopiu.net\/wordpress\/wp-json\/wp\/v2\/categories?post=421029"},{"taxonomy":"post_tag","embeddable":true,"href":"https:\/\/www.radiopiu.net\/wordpress\/wp-json\/wp\/v2\/tags?post=421029"}],"curies":[{"name":"wp","href":"https:\/\/api.w.org\/{rel}","templated":true}]}}