{"id":421076,"date":"2024-11-23T05:14:01","date_gmt":"2024-11-23T04:14:01","guid":{"rendered":"https:\/\/www.radiopiu.net\/wordpress\/?p=421076"},"modified":"2024-11-23T05:50:31","modified_gmt":"2024-11-23T04:50:31","slug":"una-comica-bellunese-in-prima-serata-su-rai-2","status":"publish","type":"post","link":"https:\/\/www.radiopiu.net\/wordpress\/una-comica-bellunese-in-prima-serata-su-rai-2\/","title":{"rendered":"Una comica bellunese in prima serata su Rai 2"},"content":{"rendered":"<p>***<\/p>\n<div class=\"flex max-w-full flex-col flex-grow\">\n<div class=\"min-h-8 text-message flex w-full flex-col items-end gap-2 whitespace-normal break-words [.text-message+&amp;]:mt-5\" dir=\"auto\" data-message-author-role=\"assistant\" data-message-id=\"57a7f0f1-33a1-4165-b1b2-6ac0e5e45b3d\" data-client-thread-id=\"WEB:fd2542db-72dc-4a78-bef5-5698434dba87\" data-message-model-slug=\"gpt-4o-mini\">\n<div class=\"flex w-full flex-col gap-1 empty:hidden first:pt-[3px]\">\n<div class=\"markdown prose w-full break-words dark:prose-invert dark\">\n<blockquote><p><em>Luned\u00ec 25 novembre Lucia Arrigoni, residente a Roma ma originaria di Sedico, si esibir\u00e0 nella trasmissione condotta da Ale e Franz<\/em><\/p><\/blockquote>\n<p><strong><a class=\"dt-pswp-item\" href=\"https:\/\/www.radiopiu.net\/wordpress\/wp-content\/uploads\/2024\/11\/434457588_404616285639621_1966048397308430360_n.jpg\" data-dt-img-description=\"\" data-large_image_width=\"960\" data-large_image_height=\"960\"><img loading=\"lazy\" decoding=\"async\" class=\" wp-image-421077 alignleft\" src=\"https:\/\/www.radiopiu.net\/wordpress\/wp-content\/uploads\/2024\/11\/434457588_404616285639621_1966048397308430360_n-300x300.jpg\" alt=\"\" width=\"221\" height=\"221\" srcset=\"https:\/\/www.radiopiu.net\/wordpress\/wp-content\/uploads\/2024\/11\/434457588_404616285639621_1966048397308430360_n-300x300.jpg 300w, https:\/\/www.radiopiu.net\/wordpress\/wp-content\/uploads\/2024\/11\/434457588_404616285639621_1966048397308430360_n-150x150.jpg 150w, https:\/\/www.radiopiu.net\/wordpress\/wp-content\/uploads\/2024\/11\/434457588_404616285639621_1966048397308430360_n-768x768.jpg 768w, https:\/\/www.radiopiu.net\/wordpress\/wp-content\/uploads\/2024\/11\/434457588_404616285639621_1966048397308430360_n.jpg 960w\" sizes=\"auto, (max-width: 221px) 100vw, 221px\" \/><\/a>REDAZIONE<\/strong> Lucia Arrigoni, comica bellunese di Sedico, sar\u00e0 protagonista di una puntata speciale di Rai 2 luned\u00ec 25 novembre, in prima serata. Nata e cresciuta a Sedico, ha frequentato il liceo Tiziano di Belluno prima di trasferirsi a Roma per completare gli studi in filosofia alla Sapienza. Qui ha iniziato a coltivare la sua passione per il teatro, che l\u2019ha portata alla carriera comica. In occasione della Giornata mondiale contro la violenza sulle donne, Lucia presenter\u00e0 un pezzo originale sulle molestie verbali subite in pubblico. La trasmissione, condotta dal duo comico Ale e Franz, vedr\u00e0 anche la partecipazione di altri ospiti del mondo dello spettacolo. Lucia, attiva con l\u2019Accademia del Comico e Makkekomiko, \u00e8 gi\u00e0 un volto noto in numerosi spettacoli live a livello nazionale, apprezzata per il suo talento e l&#8217;approccio originale. La sua presenza su Instagram (@luciaarrigonicomica) le ha permesso di consolidare la sua popolarit\u00e0 anche online.<\/p>\n<\/div>\n<\/div>\n<\/div>\n<\/div>\n<p>&nbsp;<\/p>\n<p>&nbsp;<\/p>\n<p>&nbsp;<\/p>\n<hr \/>\n<div class=\"mb-2 flex gap-3 empty:hidden -ml-2\">\n<div class=\"items-center justify-start rounded-xl p-1 flex\">\n<div class=\"flex items-center\">\n<div class=\"flex items-center pb-0\"><\/div>\n<\/div>\n<\/div>\n<\/div>\n","protected":false},"excerpt":{"rendered":"<p>*** Luned\u00ec 25 novembre Lucia Arrigoni, residente a Roma ma originaria di Sedico, si esibir\u00e0 nella trasmissione condotta da Ale e Franz REDAZIONE Lucia Arrigoni, comica bellunese di Sedico, sar\u00e0 protagonista di una puntata speciale di Rai 2 luned\u00ec 25 novembre, in prima serata. Nata e cresciuta a Sedico, ha frequentato il liceo Tiziano di&hellip;<\/p>\n","protected":false},"author":4,"featured_media":421078,"comment_status":"closed","ping_status":"closed","sticky":false,"template":"","format":"standard","meta":{"_monsterinsights_skip_tracking":false,"_monsterinsights_sitenote_active":false,"_monsterinsights_sitenote_note":"","_monsterinsights_sitenote_category":0,"footnotes":""},"categories":[104,49],"tags":[],"class_list":["post-421076","post","type-post","status-publish","format-standard","has-post-thumbnail","hentry","category-evidenza_3","category-news-18","category-104","category-49","description-off"],"img_url":"https:\/\/www.radiopiu.net\/wordpress\/wp-content\/uploads\/2024\/11\/Senza-nome-102.png","_links":{"self":[{"href":"https:\/\/www.radiopiu.net\/wordpress\/wp-json\/wp\/v2\/posts\/421076","targetHints":{"allow":["GET"]}}],"collection":[{"href":"https:\/\/www.radiopiu.net\/wordpress\/wp-json\/wp\/v2\/posts"}],"about":[{"href":"https:\/\/www.radiopiu.net\/wordpress\/wp-json\/wp\/v2\/types\/post"}],"author":[{"embeddable":true,"href":"https:\/\/www.radiopiu.net\/wordpress\/wp-json\/wp\/v2\/users\/4"}],"replies":[{"embeddable":true,"href":"https:\/\/www.radiopiu.net\/wordpress\/wp-json\/wp\/v2\/comments?post=421076"}],"version-history":[{"count":2,"href":"https:\/\/www.radiopiu.net\/wordpress\/wp-json\/wp\/v2\/posts\/421076\/revisions"}],"predecessor-version":[{"id":421080,"href":"https:\/\/www.radiopiu.net\/wordpress\/wp-json\/wp\/v2\/posts\/421076\/revisions\/421080"}],"wp:featuredmedia":[{"embeddable":true,"href":"https:\/\/www.radiopiu.net\/wordpress\/wp-json\/wp\/v2\/media\/421078"}],"wp:attachment":[{"href":"https:\/\/www.radiopiu.net\/wordpress\/wp-json\/wp\/v2\/media?parent=421076"}],"wp:term":[{"taxonomy":"category","embeddable":true,"href":"https:\/\/www.radiopiu.net\/wordpress\/wp-json\/wp\/v2\/categories?post=421076"},{"taxonomy":"post_tag","embeddable":true,"href":"https:\/\/www.radiopiu.net\/wordpress\/wp-json\/wp\/v2\/tags?post=421076"}],"curies":[{"name":"wp","href":"https:\/\/api.w.org\/{rel}","templated":true}]}}