{"id":421109,"date":"2024-11-23T05:41:39","date_gmt":"2024-11-23T04:41:39","guid":{"rendered":"https:\/\/www.radiopiu.net\/wordpress\/?p=421109"},"modified":"2024-11-23T05:44:05","modified_gmt":"2024-11-23T04:44:05","slug":"addio-al-cardiologo-andrea-zerbio-stimato-professionista-e-appassionato-sportivo","status":"publish","type":"post","link":"https:\/\/www.radiopiu.net\/wordpress\/addio-al-cardiologo-andrea-zerbio-stimato-professionista-e-appassionato-sportivo\/","title":{"rendered":"Addio al cardiologo Andrea Zerbio, stimato professionista e appassionato sportivo"},"content":{"rendered":"<p>**<\/p>\n<p><strong>BELLUNO<\/strong><\/p>\n<div class=\"flex max-w-full flex-col flex-grow\">\n<div class=\"min-h-8 text-message flex w-full flex-col items-end gap-2 whitespace-normal break-words [.text-message+&amp;]:mt-5\" dir=\"auto\" data-message-author-role=\"assistant\" data-message-id=\"43047850-7778-4c24-9e30-a841b250373b\" data-client-thread-id=\"WEB:fd2542db-72dc-4a78-bef5-5698434dba87\" data-message-model-slug=\"gpt-4o\">\n<div class=\"flex w-full flex-col gap-1 empty:hidden first:pt-[3px]\">\n<div class=\"markdown prose w-full break-words dark:prose-invert dark\">\n<p><a class=\"dt-pswp-item\" href=\"https:\/\/www.radiopiu.net\/wordpress\/wp-content\/uploads\/2024\/11\/ZERBIO.png\" data-dt-img-description=\"\" data-large_image_width=\"280\" data-large_image_height=\"273\"><img loading=\"lazy\" decoding=\"async\" class=\"wp-image-421110 alignleft\" src=\"https:\/\/www.radiopiu.net\/wordpress\/wp-content\/uploads\/2024\/11\/ZERBIO.png\" alt=\"\" width=\"154\" height=\"150\" \/><\/a>\u00c8 scomparso a 85 anni il cardiologo Andrea Zerbio, figura di riferimento per la medicina sportiva a Belluno e Feltre. Nel corso della sua carriera ha visitato migliaia di atleti, garantendo loro l\u2019idoneit\u00e0 agonistica, e ha lavorato anche privatamente nel suo ambulatorio di via Caffi.<\/p>\n<p>Appassionato ciclista, Zerbio percorreva quotidianamente le strade bellunesi fino a quando le condizioni di salute non gliel\u2019hanno pi\u00f9 permesso. Ricoverato in Pneumologia, \u00e8 venuto a mancare nella notte tra gioved\u00ec e venerd\u00ec.<\/p>\n<p>Lascia la moglie Andreina, il figlio Michele e i nipoti. Il funerale si terr\u00e0 luned\u00ec alle 15 nel Duomo di Belluno.<\/p>\n<hr \/>\n<p>&nbsp;<\/p>\n<\/div>\n<\/div>\n<\/div>\n<\/div>\n","protected":false},"excerpt":{"rendered":"<p>** BELLUNO \u00c8 scomparso a 85 anni il cardiologo Andrea Zerbio, figura di riferimento per la medicina sportiva a Belluno e Feltre. Nel corso della sua carriera ha visitato migliaia di atleti, garantendo loro l\u2019idoneit\u00e0 agonistica, e ha lavorato anche privatamente nel suo ambulatorio di via Caffi. Appassionato ciclista, Zerbio percorreva quotidianamente le strade bellunesi&hellip;<\/p>\n","protected":false},"author":4,"featured_media":421110,"comment_status":"closed","ping_status":"closed","sticky":false,"template":"","format":"standard","meta":{"_monsterinsights_skip_tracking":false,"_monsterinsights_sitenote_active":false,"_monsterinsights_sitenote_note":"","_monsterinsights_sitenote_category":0,"footnotes":""},"categories":[51,49],"tags":[],"class_list":["post-421109","post","type-post","status-publish","format-standard","has-post-thumbnail","hentry","category-evidenza-top","category-news-18","category-51","category-49","description-off"],"img_url":"https:\/\/www.radiopiu.net\/wordpress\/wp-content\/uploads\/2024\/11\/ZERBIO.png","_links":{"self":[{"href":"https:\/\/www.radiopiu.net\/wordpress\/wp-json\/wp\/v2\/posts\/421109","targetHints":{"allow":["GET"]}}],"collection":[{"href":"https:\/\/www.radiopiu.net\/wordpress\/wp-json\/wp\/v2\/posts"}],"about":[{"href":"https:\/\/www.radiopiu.net\/wordpress\/wp-json\/wp\/v2\/types\/post"}],"author":[{"embeddable":true,"href":"https:\/\/www.radiopiu.net\/wordpress\/wp-json\/wp\/v2\/users\/4"}],"replies":[{"embeddable":true,"href":"https:\/\/www.radiopiu.net\/wordpress\/wp-json\/wp\/v2\/comments?post=421109"}],"version-history":[{"count":1,"href":"https:\/\/www.radiopiu.net\/wordpress\/wp-json\/wp\/v2\/posts\/421109\/revisions"}],"predecessor-version":[{"id":421111,"href":"https:\/\/www.radiopiu.net\/wordpress\/wp-json\/wp\/v2\/posts\/421109\/revisions\/421111"}],"wp:featuredmedia":[{"embeddable":true,"href":"https:\/\/www.radiopiu.net\/wordpress\/wp-json\/wp\/v2\/media\/421110"}],"wp:attachment":[{"href":"https:\/\/www.radiopiu.net\/wordpress\/wp-json\/wp\/v2\/media?parent=421109"}],"wp:term":[{"taxonomy":"category","embeddable":true,"href":"https:\/\/www.radiopiu.net\/wordpress\/wp-json\/wp\/v2\/categories?post=421109"},{"taxonomy":"post_tag","embeddable":true,"href":"https:\/\/www.radiopiu.net\/wordpress\/wp-json\/wp\/v2\/tags?post=421109"}],"curies":[{"name":"wp","href":"https:\/\/api.w.org\/{rel}","templated":true}]}}