{"id":421154,"date":"2024-11-23T09:10:46","date_gmt":"2024-11-23T08:10:46","guid":{"rendered":"https:\/\/www.radiopiu.net\/wordpress\/?p=421154"},"modified":"2024-11-23T09:10:46","modified_gmt":"2024-11-23T08:10:46","slug":"oggi-la-grande-festa-per-uomini-e-donne-del-soccorso-alpino","status":"publish","type":"post","link":"https:\/\/www.radiopiu.net\/wordpress\/oggi-la-grande-festa-per-uomini-e-donne-del-soccorso-alpino\/","title":{"rendered":"OGGI, LA GRANDE FESTA PER UOMINI E DONNE DEL SOCCORSO ALPINO"},"content":{"rendered":"<p>**<\/p>\n<blockquote><p><strong>oggi dalle 14.30 in piazza Libert\u00e0 l&#8217;esercitazione e il brindisi con la popolazione, alle 16 al Palaluxottica la mostra fotografica, la presentazione del libro di Eugenio Bien e 70 anni di storia<\/strong><\/p><\/blockquote>\n<p>&nbsp;<\/p>\n<hr \/>\n<p>&nbsp;<\/p>\n<p>l&#8217;intervista a diego favero ed eugenio bien di mirko mezzacasa<\/p>\n<audio class=\"wp-audio-shortcode\" id=\"audio-421154-1\" preload=\"none\" style=\"width: 100%;\" controls=\"controls\"><source type=\"audio\/mpeg\" src=\"https:\/\/www.radiopiu.net\/wordpress\/wp-content\/uploads\/2024\/11\/eugenio-bien-e-diego-favero.mp3?_=1\" \/><a href=\"https:\/\/www.radiopiu.net\/wordpress\/wp-content\/uploads\/2024\/11\/eugenio-bien-e-diego-favero.mp3\">https:\/\/www.radiopiu.net\/wordpress\/wp-content\/uploads\/2024\/11\/eugenio-bien-e-diego-favero.mp3<\/a><\/audio>\n<p>&nbsp;<\/p>\n<div class=\"flex max-w-full flex-col flex-grow\">\n<div class=\"min-h-8 text-message flex w-full flex-col items-end gap-2 whitespace-normal break-words [.text-message+&amp;]:mt-5\" dir=\"auto\" data-message-author-role=\"assistant\" data-message-id=\"acbcc549-a43e-447a-80af-61923908676c\" data-client-thread-id=\"WEB:fd2542db-72dc-4a78-bef5-5698434dba87\" data-message-model-slug=\"gpt-4o\">\n<div class=\"flex w-full flex-col gap-1 empty:hidden first:pt-[3px]\">\n<div class=\"markdown prose w-full break-words dark:prose-invert dark\">\n<p><strong><img loading=\"lazy\" decoding=\"async\" class=\"alignleft\" src=\"https:\/\/www.radiopiu.net\/wordpress\/wp-content\/uploads\/2024\/11\/f535f6d7-7e19-4441-9fb5-79c656043ec3.webp\" width=\"398\" height=\"227\" \/>I primi soccorsi in montagna: dall\u2019inizio del Novecento alla stazione di Agordo<\/strong><\/p>\n<blockquote><p><em>proprio ad Agordo \u00e8 sorta, nel 1868, la prima Sezione del CAI dell\u2019arco orientale, la quarta in Italia dopo Torino (1863), Aosta e Varallo, ad iniziativa di alcuni appassionati locali, incoraggiati da Quintino Sella, fondatore del Club Alpino Italiano. Non \u00e8 evidentemente possibile condensare in poche righe la ricca storia della Sezione Agordina del CAI, nata autonomamente nell\u2019estate del 1868 con il nome di Societ\u00e0 Alpina di Agordo, che ha avuto in Cesare Tom\u00e8 (1844-1922), presidente per lunghi anni e fra i pi\u00f9 grandi pionieri dell\u2019alpinismo, la figura forse pi\u00f9 emblematica e rappresentativa della sua ultracentenaria storia.<\/em><\/p><\/blockquote>\n<p>Agordo, immersa nelle Dolomiti, \u00e8 stata un centro nevralgico per l\u2019alpinismo e, di conseguenza, per il soccorso alpino. Con il crescente turismo montano a inizio Novecento, aumentarono gli incidenti, portando alla necessit\u00e0 di organizzare interventi di emergenza. Inizialmente, le operazioni si basavano su volontari locali, come cacciatori e boscaioli, e su esperienze isolate del CAI. Eventi significativi come il recupero lungo la Via Solleder sul Civetta nel 1932 e nel 1945 dimostrarono l\u2019urgenza di un\u2019organizzazione ufficiale. Nel 1954, con la nascita del Soccorso Alpino nazionale, venne istituita anche la stazione di Agordo. Guidata da pionieri come Mario Facciotto e sostenuta da alpinisti esperti e volontari locali, la stazione si afferm\u00f2 come punto di riferimento per il soccorso alpino nelle Dolomiti.<\/p>\n<\/div>\n<hr \/>\n<p>&nbsp;<\/p>\n<\/div>\n<\/div>\n<\/div>\n","protected":false},"excerpt":{"rendered":"<p>** oggi dalle 14.30 in piazza Libert\u00e0 l&#8217;esercitazione e il brindisi con la popolazione, alle 16 al Palaluxottica la mostra fotografica, la presentazione del libro di Eugenio Bien e 70 anni di storia &nbsp; &nbsp; l&#8217;intervista a diego favero ed eugenio bien di mirko mezzacasa &nbsp; I primi soccorsi in montagna: dall\u2019inizio del Novecento alla&hellip;<\/p>\n","protected":false},"author":4,"featured_media":421155,"comment_status":"closed","ping_status":"closed","sticky":false,"template":"","format":"standard","meta":{"_monsterinsights_skip_tracking":false,"_monsterinsights_sitenote_active":false,"_monsterinsights_sitenote_note":"","_monsterinsights_sitenote_category":0,"footnotes":""},"categories":[51,49],"tags":[],"class_list":["post-421154","post","type-post","status-publish","format-standard","has-post-thumbnail","hentry","category-evidenza-top","category-news-18","category-51","category-49","description-off"],"img_url":"https:\/\/www.radiopiu.net\/wordpress\/wp-content\/uploads\/2024\/11\/f535f6d7-7e19-4441-9fb5-79c656043ec3.webp","_links":{"self":[{"href":"https:\/\/www.radiopiu.net\/wordpress\/wp-json\/wp\/v2\/posts\/421154","targetHints":{"allow":["GET"]}}],"collection":[{"href":"https:\/\/www.radiopiu.net\/wordpress\/wp-json\/wp\/v2\/posts"}],"about":[{"href":"https:\/\/www.radiopiu.net\/wordpress\/wp-json\/wp\/v2\/types\/post"}],"author":[{"embeddable":true,"href":"https:\/\/www.radiopiu.net\/wordpress\/wp-json\/wp\/v2\/users\/4"}],"replies":[{"embeddable":true,"href":"https:\/\/www.radiopiu.net\/wordpress\/wp-json\/wp\/v2\/comments?post=421154"}],"version-history":[{"count":1,"href":"https:\/\/www.radiopiu.net\/wordpress\/wp-json\/wp\/v2\/posts\/421154\/revisions"}],"predecessor-version":[{"id":421156,"href":"https:\/\/www.radiopiu.net\/wordpress\/wp-json\/wp\/v2\/posts\/421154\/revisions\/421156"}],"wp:featuredmedia":[{"embeddable":true,"href":"https:\/\/www.radiopiu.net\/wordpress\/wp-json\/wp\/v2\/media\/421155"}],"wp:attachment":[{"href":"https:\/\/www.radiopiu.net\/wordpress\/wp-json\/wp\/v2\/media?parent=421154"}],"wp:term":[{"taxonomy":"category","embeddable":true,"href":"https:\/\/www.radiopiu.net\/wordpress\/wp-json\/wp\/v2\/categories?post=421154"},{"taxonomy":"post_tag","embeddable":true,"href":"https:\/\/www.radiopiu.net\/wordpress\/wp-json\/wp\/v2\/tags?post=421154"}],"curies":[{"name":"wp","href":"https:\/\/api.w.org\/{rel}","templated":true}]}}