{"id":421157,"date":"2024-11-25T05:28:52","date_gmt":"2024-11-25T04:28:52","guid":{"rendered":"https:\/\/www.radiopiu.net\/wordpress\/?p=421157"},"modified":"2024-11-25T08:03:07","modified_gmt":"2024-11-25T07:03:07","slug":"giornale-radiopiu-25-novembre-2024-direttore-mirko-mezzacasada-41-anni-25-giugno-1983-25-giugno-2024","status":"publish","type":"post","link":"https:\/\/www.radiopiu.net\/wordpress\/giornale-radiopiu-25-novembre-2024-direttore-mirko-mezzacasada-41-anni-25-giugno-1983-25-giugno-2024\/","title":{"rendered":"GIORNALE RADIOPIU 25 NOVEMBRE 2024 DIRETTORE MIRKO MEZZACASA\u2026DA 41 ANNI 25 GIUGNO 1983-25 GIUGNO 2024"},"content":{"rendered":"<p>*****<\/p>\n<p>&nbsp;<\/p>\n<div class=\"page-title-head hgroup\">\n<h1 class=\"entry-title\">ADA, ASSOCIAZIONE DANZA AGORDINA \u201cogni donna ha una luce dentro, proteggila\u201d<\/h1>\n<\/div>\n<div style=\"width: 848px;\" class=\"wp-video\"><video class=\"wp-video-shortcode\" id=\"video-421157-1\" width=\"848\" height=\"480\" preload=\"metadata\" controls=\"controls\"><source type=\"video\/mp4\" src=\"https:\/\/www.radiopiu.net\/wordpress\/wp-content\/uploads\/2024\/11\/WhatsApp-Video-2024-11-25-at-07.20.50.mp4?_=1\" \/><a href=\"https:\/\/www.radiopiu.net\/wordpress\/wp-content\/uploads\/2024\/11\/WhatsApp-Video-2024-11-25-at-07.20.50.mp4\">https:\/\/www.radiopiu.net\/wordpress\/wp-content\/uploads\/2024\/11\/WhatsApp-Video-2024-11-25-at-07.20.50.mp4<\/a><\/video><\/div>\n<p>&nbsp;<\/p>\n<p><em><span style=\"color: #ff0000;\"><a class=\"dt-pswp-item\" href=\"https:\/\/www.radiopiu.net\/wordpress\/wp-content\/uploads\/2024\/10\/Senza-nome-8.png\" data-dt-img-description=\"\" data-large_image_width=\"343\" data-large_image_height=\"303\"><img loading=\"lazy\" decoding=\"async\" class=\"wp-image-412130 alignleft\" src=\"https:\/\/www.radiopiu.net\/wordpress\/wp-content\/uploads\/2024\/10\/Senza-nome-8-300x265.png\" alt=\"\" width=\"105\" height=\"93\" srcset=\"https:\/\/www.radiopiu.net\/wordpress\/wp-content\/uploads\/2024\/10\/Senza-nome-8-300x265.png 300w, https:\/\/www.radiopiu.net\/wordpress\/wp-content\/uploads\/2024\/10\/Senza-nome-8.png 343w\" sizes=\"auto, (max-width: 105px) 100vw, 105px\" \/><\/a><\/span><\/em><strong><em><span style=\"color: #ff0000;\"> LA\u00a0 APP PER IOS-IPHONE di Nicola Vettorello<\/span><\/em><\/strong><\/p>\n<p><strong><span style=\"color: #0000ff;\"><a style=\"color: #0000ff;\" href=\"https:\/\/apps.apple.com\/it\/app\/radio-pi%C3%B9-emittente-agordina\/id1515939845\">https:\/\/apps.apple.com\/it\/app\/radio-pi%C3%B9-emittente-agordina\/id1515939845<\/a><\/span><\/strong><\/p>\n<p><strong><em style=\"color: #ff0000;\">LA\u00a0 APP RADIO\u00a0 PER ANDROID di Nicola Vettorello<\/em><\/strong><\/p>\n<p><strong><span style=\"color: #0000ff;\"><a style=\"color: #0000ff;\" href=\"https:\/\/play.google.com\/store\/apps\/details?id=net.radiopiu.iniko\" target=\"_blank\" rel=\"noopener noreferrer\">https:\/\/<\/a><a style=\"color: #0000ff;\" href=\"https:\/\/play.google.com\/store\/apps\/details?id=net.radiopiu.iniko\" target=\"_blank\" rel=\"noopener noreferrer\">play.google.com\/store\/apps\/details?id=net.radiopiu.iniko\u00a0\u00a0\u00a0<\/a><\/span><\/strong><\/p>\n<p>&nbsp;<\/p>\n<p>&nbsp;<\/p>\n<hr \/>\n<p>&nbsp;<\/p>\n<p><strong><a class=\"dt-pswp-item\" href=\"https:\/\/www.radiopiu.net\/wordpress\/wp-content\/uploads\/2020\/11\/giornata-contro-violenze-seulle-donne.jpg\" data-dt-img-description=\"\" data-large_image_width=\"900\" data-large_image_height=\"615\"><img loading=\"lazy\" decoding=\"async\" class=\"alignleft\" src=\"https:\/\/www.radiopiu.net\/wordpress\/wp-content\/uploads\/2024\/11\/fea4e036-5c92-4e6f-b76b-8a9cf4ecbd14.webp\" width=\"319\" height=\"182\" \/><\/a>OGGI ALLA RADIO&#8230;.<\/strong> <span style=\"color: #ff0000;\">ALLE 4 E ALLE 6<\/span> LE NOTIZIE DALL&#8217;ITALIA E DAL MONDO <span style=\"color: #ff0000;\"> 0500 <span style=\"color: #0000ff;\"><span style=\"color: #000000;\">l&#8217;almanacco della nostra gente con il MUSLA<\/span>\u00a0<\/span><\/span><span style=\"color: #ff0000;\"> 6.15<\/span> PIROLE DE LENGA A CURA DEL MUSLA <span style=\"color: #ff0000;\">7.20<\/span> EL BAL DEL FIORI, DETTI E TRADIZIONI DI GIULIANA DA RONCH <span style=\"color: #ff0000;\">8.05<\/span> LA RASSEGNA STAMPA LOCALE <span style=\"color: #ff0000;\">825<\/span> ncontonse con Milly Crepaz\u00a0<span style=\"color: #ff0000;\"> 8.30 <span style=\"color: #000000;\">PIU SIAMO DI MARINA DONA&#8217;\u00a0\u00a0<\/span> 900\u00a0<\/span><span style=\"color: #ff0000;\"><span style=\"color: #000000;\">\u00a0 OGGI COME IERI DI SILVIA BALDO-SECONDA STAGIONE <\/span><span style=\"color: #0000ff;\">\u00a09.35 I RACCONTI DI PAOLO SOPPELSA <\/span><\/span><span style=\"color: #ff0000;\"><span style=\"color: #000000;\">\u00a0<\/span><\/span><span style=\"color: #ff0000;\">9.40<\/span> VIABILITA&#8217; CON BOTOL CAR SERVICE (AGORDO-SEDICO-FELTRE)\u00a0 \u00a0<span style=\"color: #ff0000;\">10.00 <span style=\"color: #000000;\">GSP INFORMA CON BARBARA PAOLAZZI PER LE TRE RADIO<\/span> 10.30 <span style=\"color: #000000;\">SPECIALE 25 NOVEMBRE, DI MARINA DONA\u00a0 \u00a0E MARTINA CASANOVA FUGA<\/span><\/span><span style=\"color: #000000;\">\u00a0<\/span><span style=\"color: #ff0000;\"> 11.10 <span style=\"color: #000000;\">SCULA APERTA AL FOLLADOR DE ROSSI<\/span>\u00a0 11.20<span style=\"color: #000000;\"> IL NUOVO PROGRAMMA DI PAOLA LANCIATO&#8230;QUESTA SERA SULLE PIATTAFORME TELEVISIVE\u00a0<\/span>\u00a0<\/span><span style=\"color: #ff0000;\"> \u00a0<\/span><span style=\"color: #ff0000;\">11.40<\/span> FESTIVALBAR STORY DI ATHOS DJ DAVID BEN\u00a0 \u00a0 <span style=\"color: #ff0000;\">12.00<\/span> VA TUTTO LISCIO\u00a0 <span style=\"color: #ff0000;\">12.30<\/span> GIORNALE RADIO PRINCIPALE <span style=\"color: #ff0000;\">13.10<\/span> SALUTE E SOCIETA&#8217; DOTTOR MARCO CARACCIOLO <span style=\"color: #ff0000;\">13.20<\/span> FOGLIE E CASTAGNE MARINA DONA&#8217;\u00a0 \u00a0 <span style=\"color: #ff0000;\">14.00<\/span> collage operazione nostalgia di Loris Scussel <span style=\"color: #ff0000;\">15.10<\/span>\u00a0 ritratti sonori di Allesia Dall&#8217;O ospite\u00a0 <span style=\"color: #ff0000;\">16<\/span> IL ROCK DI MARCO COSTANTINI\u00a0 <span style=\"color: #ff0000;\">1645<\/span> LE HIT DI MIRCO BENCIVENNI <span style=\"color: #ff0000;\">18.00<\/span> PIU&#8217; DANCE LE SELEZIONI CHE FANNO SALTARE DI DJ JACK, JACOPO DEL TEDESCO i remix di marina dona&#8217; <span style=\"color: #ff0000;\">19.00 <span style=\"color: #000000;\">LE ANTICIPAZIONI DAL TG DI ANTENNA 3 DI TIZIANA BOLOGNANI\u00a0<\/span><\/span><\/p>\n<blockquote>\n<h2>OGGI SU RADIO PIU&#8217; L&#8217;INTERVISTA A MARTINA CASANOVA FUGA<\/h2>\n<\/blockquote>\n<p>&nbsp;<\/p>\n<p><strong><a class=\"dt-pswp-item\" href=\"https:\/\/www.radiopiu.net\/wordpress\/wp-content\/uploads\/2024\/11\/SCR-20241124-sibg.jpeg\" data-dt-img-description=\"\" data-large_image_width=\"1408\" data-large_image_height=\"958\"><img loading=\"lazy\" decoding=\"async\" class=\" wp-image-421353 alignleft\" src=\"https:\/\/www.radiopiu.net\/wordpress\/wp-content\/uploads\/2024\/11\/SCR-20241124-sibg-300x204.jpeg\" alt=\"\" width=\"168\" height=\"114\" srcset=\"https:\/\/www.radiopiu.net\/wordpress\/wp-content\/uploads\/2024\/11\/SCR-20241124-sibg-300x204.jpeg 300w, https:\/\/www.radiopiu.net\/wordpress\/wp-content\/uploads\/2024\/11\/SCR-20241124-sibg-1024x697.jpeg 1024w, https:\/\/www.radiopiu.net\/wordpress\/wp-content\/uploads\/2024\/11\/SCR-20241124-sibg-768x523.jpeg 768w, https:\/\/www.radiopiu.net\/wordpress\/wp-content\/uploads\/2024\/11\/SCR-20241124-sibg.jpeg 1408w\" sizes=\"auto, (max-width: 168px) 100vw, 168px\" \/><\/a>DI MARINA DONA&#8217;<\/strong><\/p>\n<p>25 novembre giornata contro la violenza sulle donne. In questa giornata alle 10:30 nello spazio reporter a Radio Pi\u00f9 , l&#8217;intervista a Martina Casanova Fuga, nata e cresciuta a Costalta di Cadore, che racconta dello stupro subito all&#8217;et\u00e0 di 15 anni e dal quale dopo 25 anni ha deciso di pubblicare un romanzo autobiografico, libro che per lei rappresenta quella denuncia che non \u00e8 mai riuscita a fare.<br \/>\nIl libro si intitola &#8220;Come stelle aggrappate al cielo&#8221;.<\/p>\n<div style=\"width: 848px;\" class=\"wp-video\"><video class=\"wp-video-shortcode\" id=\"video-421157-2\" width=\"848\" height=\"480\" preload=\"metadata\" controls=\"controls\"><source type=\"video\/mp4\" src=\"https:\/\/www.radiopiu.net\/wordpress\/wp-content\/uploads\/2024\/11\/WhatsApp-Video-2024-11-24-at-20.52.43.mp4?_=2\" \/><a href=\"https:\/\/www.radiopiu.net\/wordpress\/wp-content\/uploads\/2024\/11\/WhatsApp-Video-2024-11-24-at-20.52.43.mp4\">https:\/\/www.radiopiu.net\/wordpress\/wp-content\/uploads\/2024\/11\/WhatsApp-Video-2024-11-24-at-20.52.43.mp4<\/a><\/video><\/div>\n<p>&nbsp;<\/p>\n<p>&nbsp;<\/p>\n<p><strong>rassegna stampa nazionale,<\/strong> ogni giorno alle 5 e alle 6 del mattino<br \/>\ngiornali locali 7 rassegna stampa flash, 8 rassegna stampa, gr flash alle 10 e alle 11, principale 12.30. Informazione pomeriggio alle 15 (speciale) 16, 17, 18. Giornale radio nazionale: ogni ora dalle 5 del mattino, alle 20 della sera.<\/p>\n<p>&nbsp;<\/p>\n<p>&nbsp;<\/p>\n<hr \/>\n<p>&nbsp;<\/p>\n<p>&nbsp;<\/p>\n<div class=\"x11i5rnm xat24cr x1mh8g0r x1vvkbs xtlvy1s x126k92a\">\n<div dir=\"auto\">\n<div dir=\"auto\">\n<p><strong><a class=\"dt-pswp-item\" href=\"https:\/\/www.radiopiu.net\/wordpress\/wp-content\/uploads\/2024\/02\/2d44e751-d8a8-461b-8e22-d8e4e853b032.jpg\" data-dt-img-description=\"\" data-large_image_width=\"1600\" data-large_image_height=\"1200\"><img loading=\"lazy\" decoding=\"async\" class=\"wp-image-373307 alignleft\" src=\"https:\/\/www.radiopiu.net\/wordpress\/wp-content\/uploads\/2024\/02\/2d44e751-d8a8-461b-8e22-d8e4e853b032-300x225.jpg\" alt=\"\" width=\"105\" height=\"79\" srcset=\"https:\/\/www.radiopiu.net\/wordpress\/wp-content\/uploads\/2024\/02\/2d44e751-d8a8-461b-8e22-d8e4e853b032-300x225.jpg 300w, https:\/\/www.radiopiu.net\/wordpress\/wp-content\/uploads\/2024\/02\/2d44e751-d8a8-461b-8e22-d8e4e853b032-1024x768.jpg 1024w, https:\/\/www.radiopiu.net\/wordpress\/wp-content\/uploads\/2024\/02\/2d44e751-d8a8-461b-8e22-d8e4e853b032-768x576.jpg 768w, https:\/\/www.radiopiu.net\/wordpress\/wp-content\/uploads\/2024\/02\/2d44e751-d8a8-461b-8e22-d8e4e853b032-1536x1152.jpg 1536w, https:\/\/www.radiopiu.net\/wordpress\/wp-content\/uploads\/2024\/02\/2d44e751-d8a8-461b-8e22-d8e4e853b032.jpg 1600w\" sizes=\"auto, (max-width: 105px) 100vw, 105px\" \/><\/a>EL BAL DEL FIOR, DI GIULIANA DA RONCH, 25 NOVEMBRE<\/strong><strong>\u00a02024<\/strong><\/p>\n<\/div>\n<\/div>\n<\/div>\n<div><\/div>\n<div>\n<audio class=\"wp-audio-shortcode\" id=\"audio-421157-1\" preload=\"none\" style=\"width: 100%;\" controls=\"controls\"><source type=\"audio\/mpeg\" src=\"https:\/\/www.radiopiu.net\/wordpress\/wp-content\/uploads\/2024\/11\/GLU-3.mp3?_=1\" \/><a href=\"https:\/\/www.radiopiu.net\/wordpress\/wp-content\/uploads\/2024\/11\/GLU-3.mp3\">https:\/\/www.radiopiu.net\/wordpress\/wp-content\/uploads\/2024\/11\/GLU-3.mp3<\/a><\/audio>\n<\/div>\n<div><\/div>\n<hr \/>\n<p>&nbsp;<\/p>\n<p>&nbsp;<\/p>\n<div class=\"x11i5rnm xat24cr x1mh8g0r x1vvkbs xtlvy1s x126k92a\">\n<h1><span style=\"color: #ff0000;\"><a class=\"dt-pswp-item\" href=\"https:\/\/www.radiopiu.net\/wordpress\/wp-content\/uploads\/2024\/06\/th-5.jpg\" data-dt-img-description=\"\" data-large_image_width=\"326\" data-large_image_height=\"180\"><img loading=\"lazy\" decoding=\"async\" class=\"size-medium wp-image-395881 alignleft\" src=\"https:\/\/www.radiopiu.net\/wordpress\/wp-content\/uploads\/2024\/06\/th-5-300x166.jpg\" alt=\"\" width=\"300\" height=\"166\" srcset=\"https:\/\/www.radiopiu.net\/wordpress\/wp-content\/uploads\/2024\/06\/th-5-300x166.jpg 300w, https:\/\/www.radiopiu.net\/wordpress\/wp-content\/uploads\/2024\/06\/th-5.jpg 326w\" sizes=\"auto, (max-width: 300px) 100vw, 300px\" \/><\/a><\/span><\/h1>\n<h1><\/h1>\n<h1><\/h1>\n<h1><span style=\"color: #000000;\">25 NOVEMBRE&#8230; alla radio l&#8217;almanacco\u00a0<\/span><\/h1>\n<\/div>\n<div class=\"x11i5rnm xat24cr x1mh8g0r x1vvkbs xtlvy1s x126k92a\">\n<audio class=\"wp-audio-shortcode\" id=\"audio-421157-2\" preload=\"none\" style=\"width: 100%;\" controls=\"controls\"><source type=\"audio\/mpeg\" src=\"https:\/\/www.radiopiu.net\/wordpress\/wp-content\/uploads\/2024\/11\/ALMANACCONEW-19.mp3?_=2\" \/><a href=\"https:\/\/www.radiopiu.net\/wordpress\/wp-content\/uploads\/2024\/11\/ALMANACCONEW-19.mp3\">https:\/\/www.radiopiu.net\/wordpress\/wp-content\/uploads\/2024\/11\/ALMANACCONEW-19.mp3<\/a><\/audio>\n<p>&nbsp;<\/p>\n<p>&nbsp;<\/p>\n<hr \/>\n<p>&nbsp;<\/p>\n<p>&nbsp;<\/p>\n<blockquote>\n<h1><strong><a class=\"dt-pswp-item\" href=\"https:\/\/www.radiopiu.net\/wordpress\/wp-content\/uploads\/2024\/10\/629301fd-708d-4f53-95c2-d28cbefd500f.jpg\" data-dt-img-description=\"\" data-large_image_width=\"1600\" data-large_image_height=\"1322\"><img loading=\"lazy\" decoding=\"async\" class=\"wp-image-413782 alignleft\" src=\"https:\/\/www.radiopiu.net\/wordpress\/wp-content\/uploads\/2024\/10\/629301fd-708d-4f53-95c2-d28cbefd500f-300x248.jpg\" alt=\"\" width=\"186\" height=\"154\" srcset=\"https:\/\/www.radiopiu.net\/wordpress\/wp-content\/uploads\/2024\/10\/629301fd-708d-4f53-95c2-d28cbefd500f-300x248.jpg 300w, https:\/\/www.radiopiu.net\/wordpress\/wp-content\/uploads\/2024\/10\/629301fd-708d-4f53-95c2-d28cbefd500f-1024x846.jpg 1024w, https:\/\/www.radiopiu.net\/wordpress\/wp-content\/uploads\/2024\/10\/629301fd-708d-4f53-95c2-d28cbefd500f-768x635.jpg 768w, https:\/\/www.radiopiu.net\/wordpress\/wp-content\/uploads\/2024\/10\/629301fd-708d-4f53-95c2-d28cbefd500f-1536x1269.jpg 1536w, https:\/\/www.radiopiu.net\/wordpress\/wp-content\/uploads\/2024\/10\/629301fd-708d-4f53-95c2-d28cbefd500f.jpg 1600w\" sizes=\"auto, (max-width: 186px) 100vw, 186px\" \/><\/a>N di parom &#8211; L Almanach de la nosta jent<\/strong><\/h1>\n<\/blockquote>\n<p>Le voci: Davide Conedera, Agordo, Michela Dell&#8217;Osbel, La Valle Agordina Simone Ganz, Falcade Veronica Lezuo, Colle Santa Lucia. La voce nella sigla \u00e8 di Giorgia Taio<\/p>\n<p><strong>LA PUNTATA DI OGGI, 25 NOVEMBRE<\/strong><\/p>\n<audio class=\"wp-audio-shortcode\" id=\"audio-421157-3\" preload=\"none\" style=\"width: 100%;\" controls=\"controls\"><source type=\"audio\/mpeg\" src=\"https:\/\/www.radiopiu.net\/wordpress\/wp-content\/uploads\/2024\/11\/AL1-1.mp3?_=3\" \/><a href=\"https:\/\/www.radiopiu.net\/wordpress\/wp-content\/uploads\/2024\/11\/AL1-1.mp3\">https:\/\/www.radiopiu.net\/wordpress\/wp-content\/uploads\/2024\/11\/AL1-1.mp3<\/a><\/audio>\n<\/div>\n<div class=\"x11i5rnm xat24cr x1mh8g0r x1vvkbs xtlvy1s x126k92a\">\n<p>&nbsp;<\/p>\n<p>&nbsp;<\/p>\n<p>&nbsp;<\/p>\n<div dir=\"auto\">\n<hr \/>\n<\/div>\n<\/div>\n<blockquote>\n<blockquote>\n<h1><span style=\"color: #ff0000;\">\u00a0<\/span><\/h1>\n<h1><span style=\"color: #ff0000;\">I podcast informativi del mattino &#8211; audio &#8211;\u00a0\u00a0<\/span><\/h1>\n<\/blockquote>\n<p><strong><a class=\"dt-pswp-item\" href=\"https:\/\/www.radiopiu.net\/wordpress\/wp-content\/uploads\/2024\/11\/6.jpg\" data-dt-img-description=\"\" data-large_image_width=\"177\" data-large_image_height=\"180\"><img loading=\"lazy\" decoding=\"async\" class=\"size-full wp-image-417911 alignleft\" src=\"https:\/\/www.radiopiu.net\/wordpress\/wp-content\/uploads\/2024\/11\/6.jpg\" alt=\"\" width=\"177\" height=\"180\" \/><\/a>LA RASSEGNA STAMPA NAZIONALE ALLA RADIO, OGNI GIORNO ALLE 5 E ALLE 6 DEL MATTINO <span style=\"color: #0000ff;\">viene pubblicata alle 6.00 <span style=\"color: #ff0000;\">DIRETTA RADIO\u00a0 \u00a0\u00a0<\/span><\/span><\/strong><\/p><\/blockquote>\n<p>&nbsp;<\/p>\n<p><strong>NOTIZIE DELLA NOTTE<\/strong><\/p>\n<p>&nbsp;<\/p>\n<h2>AUDIO dalle 6 del mattino<\/h2>\n<audio class=\"wp-audio-shortcode\" id=\"audio-421157-4\" preload=\"none\" style=\"width: 100%;\" controls=\"controls\"><source type=\"audio\/mpeg\" src=\"https:\/\/www.radiopiu.net\/wordpress\/wp-content\/uploads\/2024\/11\/GIORNALEDELLESEI-17.mp3?_=4\" \/><a href=\"https:\/\/www.radiopiu.net\/wordpress\/wp-content\/uploads\/2024\/11\/GIORNALEDELLESEI-17.mp3\">https:\/\/www.radiopiu.net\/wordpress\/wp-content\/uploads\/2024\/11\/GIORNALEDELLESEI-17.mp3<\/a><\/audio>\n<p>&nbsp;<\/p>\n<p>&nbsp;<\/p>\n<p>&nbsp;<\/p>\n<hr \/>\n<p>&nbsp;<\/p>\n<h1 style=\"text-align: center;\"><span style=\"color: #ff0000;\"><a class=\"dt-pswp-item\" href=\"https:\/\/www.radiopiu.net\/wordpress\/wp-content\/uploads\/2024\/11\/7.jpg\" data-dt-img-description=\"\" data-large_image_width=\"180\" data-large_image_height=\"180\"><img loading=\"lazy\" decoding=\"async\" class=\"size-full wp-image-417912 alignleft\" src=\"https:\/\/www.radiopiu.net\/wordpress\/wp-content\/uploads\/2024\/11\/7.jpg\" alt=\"\" width=\"180\" height=\"180\" srcset=\"https:\/\/www.radiopiu.net\/wordpress\/wp-content\/uploads\/2024\/11\/7.jpg 180w, https:\/\/www.radiopiu.net\/wordpress\/wp-content\/uploads\/2024\/11\/7-150x150.jpg 150w\" sizes=\"auto, (max-width: 180px) 100vw, 180px\" \/><\/a>I podcast informativi del mattino &#8211; audio &#8211;\u00a0<\/span><\/h1>\n<p><strong>OGNI GIORNO ALLE SETTE DEL MATTINO, LA RASSEGNA STAMPA LOCALE FLASH&#8230; PER CHI VA IN FRETTA. I TITOLI DAI GIORNALI E DAL SITO WWW.RADIOPIU.NET <span style=\"color: #0000ff;\">viene pubblicato alle 7.00<\/span> <span style=\"color: #ff0000;\">DIRETTA RADIO\u00a0<\/span><\/strong><\/p>\n<p><em><span style=\"color: #ff0000;\">per chi va in fretta&#8230; tante notizie in pochi minuti. L&#8217;informazione locale alla radio, ogni ora dalle 7 del mattino alle 19 della sera.<\/span><\/em><\/p>\n<h1><\/h1>\n<h1>AUDIO dalle 7 del mattino<\/h1>\n<audio class=\"wp-audio-shortcode\" id=\"audio-421157-5\" preload=\"none\" style=\"width: 100%;\" controls=\"controls\"><source type=\"audio\/mpeg\" src=\"https:\/\/www.radiopiu.net\/wordpress\/wp-content\/uploads\/2024\/11\/GF07-20.mp3?_=5\" \/><a href=\"https:\/\/www.radiopiu.net\/wordpress\/wp-content\/uploads\/2024\/11\/GF07-20.mp3\">https:\/\/www.radiopiu.net\/wordpress\/wp-content\/uploads\/2024\/11\/GF07-20.mp3<\/a><\/audio>\n<p>&nbsp;<\/p>\n<p>&nbsp;<\/p>\n<hr \/>\n<p>&nbsp;<\/p>\n<h1><\/h1>\n<h1 style=\"text-align: center;\"><span style=\"color: #ff0000;\"><a class=\"dt-pswp-item\" href=\"https:\/\/www.radiopiu.net\/wordpress\/wp-content\/uploads\/2024\/11\/th.jpg\" data-dt-img-description=\"\" data-large_image_width=\"148\" data-large_image_height=\"179\"><img loading=\"lazy\" decoding=\"async\" class=\"size-full wp-image-417913 alignleft\" src=\"https:\/\/www.radiopiu.net\/wordpress\/wp-content\/uploads\/2024\/11\/th.jpg\" alt=\"\" width=\"148\" height=\"179\" \/><\/a>I podcast informativi del mattino &#8211; audio &#8211;\u00a0<\/span><\/h1>\n<blockquote><p><strong>GIORNALE RADIO NAZIONALE, EDIZIONE DELLE SETTE <span style=\"color: #0000ff;\">viene pubblicato alle 7.05 <span style=\"color: #ff0000;\">DIRETTA RADIO\u00a0<\/span><\/span><\/strong><\/p><\/blockquote>\n<p><strong>il giornale radionazionale e&#8217; in onda ogni ora, dalle sette del mattino alle venti della sera\u00a0 \u00a0<\/strong><strong>\u00a0<\/strong><\/p>\n<p>&nbsp;<\/p>\n<p>&nbsp;<\/p>\n<p><span style=\"color: #ff0000;\"><span style=\"color: #0000ff;\">CRONACA<\/span> EDIZIONE DELLA SERA , DEL 24 NOVEMBRE 2024 EDIZIONE DI IERI, 20.00<\/span><\/p>\n<audio class=\"wp-audio-shortcode\" id=\"audio-421157-6\" preload=\"none\" style=\"width: 100%;\" controls=\"controls\"><source type=\"audio\/mpeg\" src=\"https:\/\/www.radiopiu.net\/wordpress\/wp-content\/uploads\/2024\/11\/giornale07-38.mp3?_=6\" \/><a href=\"https:\/\/www.radiopiu.net\/wordpress\/wp-content\/uploads\/2024\/11\/giornale07-38.mp3\">https:\/\/www.radiopiu.net\/wordpress\/wp-content\/uploads\/2024\/11\/giornale07-38.mp3<\/a><\/audio>\n<p>&nbsp;<\/p>\n<p><span style=\"color: #ff0000;\"><span style=\"color: #0000ff;\">SPORT<\/span> EDIZIONE DELLE 19, DEL 24 NOVEMBRE 2024, LO SPORT EDIZIONE DI IERI<\/span><\/p>\n<audio class=\"wp-audio-shortcode\" id=\"audio-421157-7\" preload=\"none\" style=\"width: 100%;\" controls=\"controls\"><source type=\"audio\/mpeg\" src=\"https:\/\/www.radiopiu.net\/wordpress\/wp-content\/uploads\/2024\/11\/gr-sport-19.mp3?_=7\" \/><a href=\"https:\/\/www.radiopiu.net\/wordpress\/wp-content\/uploads\/2024\/11\/gr-sport-19.mp3\">https:\/\/www.radiopiu.net\/wordpress\/wp-content\/uploads\/2024\/11\/gr-sport-19.mp3<\/a><\/audio>\n<h2><\/h2>\n<h2><span style=\"color: #ff0000;\"><span style=\"color: #0000ff;\">ULTIM&#8217;ORA<\/span> AUDIO dalle sette del mattino, ogni ora alla radio EDIZIONE DELLE SETTE<\/span><\/h2>\n<audio class=\"wp-audio-shortcode\" id=\"audio-421157-8\" preload=\"none\" style=\"width: 100%;\" controls=\"controls\"><source type=\"audio\/mpeg\" src=\"https:\/\/www.radiopiu.net\/wordpress\/wp-content\/uploads\/2024\/11\/giornale07-39.mp3?_=8\" \/><a href=\"https:\/\/www.radiopiu.net\/wordpress\/wp-content\/uploads\/2024\/11\/giornale07-39.mp3\">https:\/\/www.radiopiu.net\/wordpress\/wp-content\/uploads\/2024\/11\/giornale07-39.mp3<\/a><\/audio>\n<p>&nbsp;<\/p>\n<p>&nbsp;<\/p>\n<hr \/>\n<p>&nbsp;<\/p>\n<p>&nbsp;<\/p>\n<h1><span style=\"color: #ff0000;\"><a class=\"dt-pswp-item\" href=\"https:\/\/www.radiopiu.net\/wordpress\/wp-content\/uploads\/2024\/11\/8.jpg\" data-dt-img-description=\"\" data-large_image_width=\"180\" data-large_image_height=\"180\"><img loading=\"lazy\" decoding=\"async\" class=\"size-full wp-image-417910 alignleft\" src=\"https:\/\/www.radiopiu.net\/wordpress\/wp-content\/uploads\/2024\/11\/8.jpg\" alt=\"\" width=\"180\" height=\"180\" srcset=\"https:\/\/www.radiopiu.net\/wordpress\/wp-content\/uploads\/2024\/11\/8.jpg 180w, https:\/\/www.radiopiu.net\/wordpress\/wp-content\/uploads\/2024\/11\/8-150x150.jpg 150w\" sizes=\"auto, (max-width: 180px) 100vw, 180px\" \/><\/a>I podcast informativi del mattino &#8211; video &#8211;\u00a0<\/span><\/h1>\n<h2 style=\"text-align: left;\"><strong>RASSEGNA STAMPA LOCALE, ORE OTTO 05<\/strong><\/h2>\n<h2><strong> <span style=\"color: #0000ff;\">viene\u00a0 <\/span><\/strong><strong><span style=\"color: #0000ff;\">pubblicata alle 8.05 <span style=\"color: #ff0000;\">DIRETTA RADIO\u00a0 \u00a0<\/span><\/span><\/strong><strong>DI MIRKO MEZZACASA<\/strong><\/h2>\n<h2><span style=\"color: #ff0000;\"><strong>\u00a0<\/strong><\/span><\/h2>\n<h2><span style=\"color: #ff0000;\"><strong>\u00a0<\/strong><\/span><\/h2>\n<h1><span style=\"color: #ff0000;\"><strong>VIDEO\u00a0 \u00a0in diretta dalle 8 del mattino\u00a0 \u00a0per ASCOLTARE <\/strong><\/span><\/h1>\n<blockquote>\n<h1 style=\"text-align: center;\"><a href=\"https:\/\/www.facebook.com\/radiopiu\/videos\/914884947270547\">CLICCA QUI<\/a><\/h1>\n<\/blockquote>\n\n\t\t\t<style type='text\/css'>\n\t\t\t\t#gallery-1 {\n\t\t\t\t\tmargin: auto;\n\t\t\t\t}\n\t\t\t\t#gallery-1 .gallery-item {\n\t\t\t\t\tfloat: left;\n\t\t\t\t\tmargin-top: 10px;\n\t\t\t\t\ttext-align: center;\n\t\t\t\t\twidth: 50%;\n\t\t\t\t}\n\t\t\t\t#gallery-1 img {\n\t\t\t\t\tborder: 2px solid #cfcfcf;\n\t\t\t\t}\n\t\t\t\t#gallery-1 .gallery-caption {\n\t\t\t\t\tmargin-left: 0;\n\t\t\t\t}\n\t\t\t\t\/* see gallery_shortcode() in wp-includes\/media.php *\/\n\t\t\t<\/style>\n\t\t<div id='gallery-1' class='dt-gallery-container gallery galleryid-421157 gallery-columns-2 gallery-size-medium'><dl class='gallery-item'>\n\t\t\t\t<dt class='gallery-icon landscape'>\n\t\t\t\t\t<a class=\"rollover rollover-zoom dt-pswp-item\" title=\"AAAA\" data-dt-img-description=\"\" data-large_image_width=\"538\" data-large_image_height=\"305\"href='https:\/\/www.radiopiu.net\/wordpress\/wp-content\/uploads\/2024\/11\/AAAA.png'><img loading=\"lazy\" decoding=\"async\" width=\"300\" height=\"170\" src=\"https:\/\/www.radiopiu.net\/wordpress\/wp-content\/uploads\/2024\/11\/AAAA-300x170.png\" class=\"attachment-medium size-medium\" alt=\"\" srcset=\"https:\/\/www.radiopiu.net\/wordpress\/wp-content\/uploads\/2024\/11\/AAAA-300x170.png 300w, https:\/\/www.radiopiu.net\/wordpress\/wp-content\/uploads\/2024\/11\/AAAA.png 538w\" sizes=\"auto, (max-width: 300px) 100vw, 300px\" \/><\/a>\n\t\t\t\t<\/dt><\/dl><dl class='gallery-item'>\n\t\t\t\t<dt class='gallery-icon landscape'>\n\t\t\t\t\t<a class=\"rollover rollover-zoom dt-pswp-item\" title=\"BBBB\" data-dt-img-description=\"\" data-large_image_width=\"567\" data-large_image_height=\"291\"href='https:\/\/www.radiopiu.net\/wordpress\/wp-content\/uploads\/2024\/11\/BBBB.png'><img loading=\"lazy\" decoding=\"async\" width=\"300\" height=\"154\" src=\"https:\/\/www.radiopiu.net\/wordpress\/wp-content\/uploads\/2024\/11\/BBBB-300x154.png\" class=\"attachment-medium size-medium\" alt=\"\" srcset=\"https:\/\/www.radiopiu.net\/wordpress\/wp-content\/uploads\/2024\/11\/BBBB-300x154.png 300w, https:\/\/www.radiopiu.net\/wordpress\/wp-content\/uploads\/2024\/11\/BBBB.png 567w\" sizes=\"auto, (max-width: 300px) 100vw, 300px\" \/><\/a>\n\t\t\t\t<\/dt><\/dl><br style=\"clear: both\" \/>\n\t\t\t<\/div>\n\n<p>&nbsp;<\/p>\n<hr \/>\n<p>&nbsp;<\/p>\n<p>&nbsp;<\/p>\n<p><strong><a class=\"dt-pswp-item\" href=\"https:\/\/www.radiopiu.net\/wordpress\/wp-content\/uploads\/2023\/12\/ANTENNA.png\" data-dt-img-description=\"\" data-large_image_width=\"300\" data-large_image_height=\"166\"><img loading=\"lazy\" decoding=\"async\" class=\" wp-image-366306 alignleft\" src=\"https:\/\/www.radiopiu.net\/wordpress\/wp-content\/uploads\/2023\/12\/ANTENNA.png\" alt=\"\" width=\"175\" height=\"97\" \/><\/a>ogni sera alle 19 le anticipazioni alla radio, quello che poi seguirete nel TELEGIORNALE BELLUNESE\u00a0 in onda alle 19.30 sul CANALE 10 del digitale terrestre.\u00a0\u00a0<\/strong><\/p>\n<p>&nbsp;<\/p>\n<p>&nbsp;<\/p>\n<hr \/>\n<p>&nbsp;<\/p>\n<blockquote>\n<h3><\/h3>\n<h3>VENERDI SCIOPERO NAZIONALE DEI TRASPORTI<\/h3>\n<\/blockquote>\n<p><strong>BELLUNO<\/strong> DolomitiBus e le sigle sindacali comunicano che nella giornata di venerd\u00ec 29 novembre \u00e8 stato indetto uno sciopero nazionale di 24 ore dei trasporti. DolomitiBus garantisce il servizio dalle 5:40 alle 8:10 e dalle 12:10 alle 15:40. Le corse in partenza prima dell\u2019inizio dello sciopero<br \/>\nverranno effettuate regolarmente e le stesse, una volta iniziate, proseguiranno sino al capolinea. I servizi verranno ripristinati completamente a partire dal giorno successivo.<\/p>\n<p>&nbsp;<\/p>\n<p>&nbsp;<\/p>\n<hr \/>\n<p>&nbsp;<\/p>\n<blockquote>\n<h3>LAVORI PROGRAMMATI BIM GSP<\/h3>\n<\/blockquote>\n<p><strong><a class=\"dt-pswp-item\" href=\"https:\/\/www.radiopiu.net\/wordpress\/wp-content\/uploads\/2024\/11\/gsp-informa.jpg\" data-dt-img-description=\"\" data-large_image_width=\"1200\" data-large_image_height=\"670\"><img loading=\"lazy\" decoding=\"async\" class=\" wp-image-420210 alignleft\" src=\"https:\/\/www.radiopiu.net\/wordpress\/wp-content\/uploads\/2024\/11\/gsp-informa-300x168.jpg\" alt=\"\" width=\"180\" height=\"101\" srcset=\"https:\/\/www.radiopiu.net\/wordpress\/wp-content\/uploads\/2024\/11\/gsp-informa-300x168.jpg 300w, https:\/\/www.radiopiu.net\/wordpress\/wp-content\/uploads\/2024\/11\/gsp-informa-1024x572.jpg 1024w, https:\/\/www.radiopiu.net\/wordpress\/wp-content\/uploads\/2024\/11\/gsp-informa-768x429.jpg 768w, https:\/\/www.radiopiu.net\/wordpress\/wp-content\/uploads\/2024\/11\/gsp-informa.jpg 1200w\" sizes=\"auto, (max-width: 180px) 100vw, 180px\" \/><\/a>VALLADA<\/strong> Domani, dalle 13:00 alle 17:00 (o fino a fine lavori), sar\u00e0 sospesa l&#8217;erogazione dell&#8217;acqua a Vallada Agordina, nelle localit\u00e0 Cogul, Piaz e Andrich, per lavori alla rete idrica. Si cercher\u00e0 di minimizzare i disagi per i residenti.<\/p>\n<p style=\"text-align: center;\"><span style=\"color: #ff0000;\"><strong>OGGI ALLE 10.30 E 1900\u00a0 GSP INFORMA, IL PROGRAMMA SULLE TRE RADIO, DI BARBARA PAOLAZZI<\/strong><\/span><\/p>\n<p>&nbsp;<\/p>\n<hr \/>\n<p>&nbsp;<\/p>\n<blockquote>\n<h2><a class=\"dt-pswp-item\" href=\"https:\/\/www.radiopiu.net\/wordpress\/wp-content\/uploads\/2024\/06\/taibon-framont-san-lucano2.jpg\" data-dt-img-description=\"\" data-large_image_width=\"1600\" data-large_image_height=\"1200\"><img loading=\"lazy\" decoding=\"async\" class=\"wp-image-396641 alignleft\" src=\"https:\/\/www.radiopiu.net\/wordpress\/wp-content\/uploads\/2024\/06\/taibon-framont-san-lucano2-300x225.jpg\" alt=\"\" width=\"139\" height=\"104\" srcset=\"https:\/\/www.radiopiu.net\/wordpress\/wp-content\/uploads\/2024\/06\/taibon-framont-san-lucano2-300x225.jpg 300w, https:\/\/www.radiopiu.net\/wordpress\/wp-content\/uploads\/2024\/06\/taibon-framont-san-lucano2-1024x768.jpg 1024w, https:\/\/www.radiopiu.net\/wordpress\/wp-content\/uploads\/2024\/06\/taibon-framont-san-lucano2-768x576.jpg 768w, https:\/\/www.radiopiu.net\/wordpress\/wp-content\/uploads\/2024\/06\/taibon-framont-san-lucano2-1536x1152.jpg 1536w, https:\/\/www.radiopiu.net\/wordpress\/wp-content\/uploads\/2024\/06\/taibon-framont-san-lucano2.jpg 1600w\" sizes=\"auto, (max-width: 139px) 100vw, 139px\" \/><\/a>203 AGORDINA: CHIUSURA DELLO SVINCOLO PER AGORDO<\/h2>\n<\/blockquote>\n<p><strong>TAIBON<\/strong> Fino al 29 novembre, in localit\u00e0 San Cipriano, interdizione totale della circolazione stradale della corsia di svincolo direzione sud\u00a0 per intervento realizzazione rete del gas. <strong>QUINDI PER AGORDO RIMANERE IN TANGENZIALE\u00a0 \u00a0<\/strong><\/p>\n<p>&nbsp;<\/p>\n<hr \/>\n<p>&nbsp;<\/p>\n<blockquote><p><strong><a class=\"dt-pswp-item\" href=\"https:\/\/www.radiopiu.net\/wordpress\/wp-content\/uploads\/2024\/11\/Senza-nome-104.png\" data-dt-img-description=\"\" data-large_image_width=\"77\" data-large_image_height=\"82\"><img loading=\"lazy\" decoding=\"async\" class=\"size-full wp-image-421369 alignleft\" src=\"https:\/\/www.radiopiu.net\/wordpress\/wp-content\/uploads\/2024\/11\/Senza-nome-104.png\" alt=\"\" width=\"77\" height=\"82\" \/><\/a>Feltre saluta Serena De Menech, docente e volontaria appassionata<\/strong><\/p><\/blockquote>\n<p><strong>FELTRE<\/strong> Feltre piange Serena De Menech, scomparsa a 77 anni. Stimata docente di lettere al Vittorino da Feltre e alla &#8220;Gino Rocca&#8221;, dove fu anche vicepreside, ha lasciato un segno profondo nei suoi studenti e nel volontariato culturale. Attiva nell\u2019associazione La Fenice, ha sostenuto il museo civico e quello della bicicletta a Cesiomaggiore. Amante di Feltre, madre e nonna premurosa, ha affrontato con forza gravi perdite familiari. I funerali si terranno oggi alle 15 a Farra; le offerte saranno destinate alle Cure palliative.<\/p>\n<p>&nbsp;<\/p>\n<p>&nbsp;<\/p>\n<hr \/>\n<p>&nbsp;<\/p>\n<blockquote>\n<h3><a class=\"dt-pswp-item\" href=\"https:\/\/www.radiopiu.net\/wordpress\/wp-content\/uploads\/2024\/11\/th-15.jpg\" data-dt-img-description=\"\" data-large_image_width=\"320\" data-large_image_height=\"180\"><img loading=\"lazy\" decoding=\"async\" class=\" wp-image-421367 alignleft\" src=\"https:\/\/www.radiopiu.net\/wordpress\/wp-content\/uploads\/2024\/11\/th-15-300x169.jpg\" alt=\"\" width=\"209\" height=\"118\" srcset=\"https:\/\/www.radiopiu.net\/wordpress\/wp-content\/uploads\/2024\/11\/th-15-300x169.jpg 300w, https:\/\/www.radiopiu.net\/wordpress\/wp-content\/uploads\/2024\/11\/th-15.jpg 320w\" sizes=\"auto, (max-width: 209px) 100vw, 209px\" \/><\/a>CRISI DI PANICO PER UN ESCURSIONISTA IN RIENTRO DAL RIFUGIO CHIGGIATO<\/h3>\n<\/blockquote>\n<p><strong>DOMEGGE <\/strong>Attorno alle 17 di sabato la Centrale del Suem \u00e8 stata attivata da quattro ragazzi in rientro dal Rifugio Chiggiato verso il Baion, poich\u00e9 uno di loro, colto da crisi di panico, non era pi\u00f9 in grado di proseguire. Ascoltando i consigli del tecnico di Centrale, il 21enne Trentino ha ripreso piano piano a camminare, mentre una squadra del Soccorso alpino del Centro Cadore \u00e8 partita per andare incontro a lui e ai suoi amici.<\/p>\n<p>&nbsp;<\/p>\n<hr \/>\n<p>&nbsp;<\/p>\n<p>&nbsp;<\/p>\n<blockquote>\n<h1><img loading=\"lazy\" decoding=\"async\" class=\"alignleft\" src=\"https:\/\/www.radiopiu.net\/wordpress\/wp-content\/uploads\/2024\/11\/WhatsApp-Image-2024-11-20-at-17.24.33.jpeg\" width=\"97\" height=\"160\" \/><span style=\"color: #0000ff;\">25 novembre<\/span><\/h1>\n<h1>I RACCONTI AL FEMMINILE A MEL<\/h1>\n<\/blockquote>\n<p>&nbsp;<\/p>\n<p><strong>BORGO VALBELLUNA<\/strong><\/p>\n<p>&nbsp;<\/p>\n<p><strong>DI ROBERTO BONA<\/strong><\/p>\n<audio class=\"wp-audio-shortcode\" id=\"audio-421157-9\" preload=\"none\" style=\"width: 100%;\" controls=\"controls\"><source type=\"audio\/wav\" src=\"https:\/\/www.radiopiu.net\/wordpress\/wp-content\/uploads\/2024\/11\/Canituccia.wav?_=9\" \/><a href=\"https:\/\/www.radiopiu.net\/wordpress\/wp-content\/uploads\/2024\/11\/Canituccia.wav\">https:\/\/www.radiopiu.net\/wordpress\/wp-content\/uploads\/2024\/11\/Canituccia.wav<\/a><\/audio>\n<p>&nbsp;<\/p>\n<hr \/>\n<p>&nbsp;<\/p>\n<blockquote><p><a class=\"dt-pswp-item\" href=\"https:\/\/www.radiopiu.net\/wordpress\/wp-content\/uploads\/2024\/11\/Cisl_ParlarePerSalvare_FlyerDigitale.jpg\" data-dt-img-description=\"Screenshot\" data-large_image_width=\"1088\" data-large_image_height=\"1550\"><img loading=\"lazy\" decoding=\"async\" class=\"alignleft wp-image-420678 \" src=\"https:\/\/www.radiopiu.net\/wordpress\/wp-content\/uploads\/2024\/11\/Cisl_ParlarePerSalvare_FlyerDigitale-211x300.jpg\" alt=\"\" width=\"168\" height=\"238\" srcset=\"https:\/\/www.radiopiu.net\/wordpress\/wp-content\/uploads\/2024\/11\/Cisl_ParlarePerSalvare_FlyerDigitale-211x300.jpg 211w, https:\/\/www.radiopiu.net\/wordpress\/wp-content\/uploads\/2024\/11\/Cisl_ParlarePerSalvare_FlyerDigitale-719x1024.jpg 719w, https:\/\/www.radiopiu.net\/wordpress\/wp-content\/uploads\/2024\/11\/Cisl_ParlarePerSalvare_FlyerDigitale-768x1094.jpg 768w, https:\/\/www.radiopiu.net\/wordpress\/wp-content\/uploads\/2024\/11\/Cisl_ParlarePerSalvare_FlyerDigitale-1078x1536.jpg 1078w, https:\/\/www.radiopiu.net\/wordpress\/wp-content\/uploads\/2024\/11\/Cisl_ParlarePerSalvare_FlyerDigitale.jpg 1088w\" sizes=\"auto, (max-width: 168px) 100vw, 168px\" \/><\/a><\/p>\n<h3>UN INCONTRO NELLA GIORNATA INTERNAZIONALE PER L&#8217;ELIMINAZIONE DELLA VIOLENZA CONTRO LE DONNE<\/h3>\n<\/blockquote>\n<p><strong>BELLUNO<\/strong> La Cisl Belluno Treviso, in occasione della Giornata Internazionale per l&#8217;Eliminazione della Violenza contro le Donne, organizza l&#8217;evento \u201cLa parola alla cultura. Parlare per salvare\u201d oggi alla Biblioteca Civica di Belluno. L\u2019iniziativa prevede interventi di quattro donne di diverse et\u00e0 e professioni, accompagnati da musica e letture contro la violenza. Parteciper\u00e0 anche una rappresentante dei Carabinieri di Belluno per fornire informazioni pratiche per le vittime di violenza e stalking. L\u2019evento sar\u00e0 aperto dal segretario generale della Cisl Francesco Orr\u00f9 e dall\u2019assessore alla Cultura Raffaele Addamiano. La segretaria della Cisl Roberta Barbieri sottolinea l\u2019importanza di combattere la violenza di genere non solo con leggi, ma attraverso cultura, educazione e contrasto agli stereotipi. Ogni testimonianza e azione, inclusa la sensibilizzazione nei luoghi di lavoro, pu\u00f2 essere un faro di speranza per superare la paura e promuovere l\u2019equit\u00e0 di genere.<\/p>\n<p>&nbsp;<\/p>\n<blockquote>\n<h3>UN CORSO DI DIFESA CONTRO LA VIOLENZA SULLE DONNE<\/h3>\n<\/blockquote>\n<p><strong>BELLUNO<\/strong> In occasione della giornata mondiale contro la violenza sulle donne, l&#8217;associazione Urban Krav Maga, con il patrocinio del Comune di Belluno, organizza una lezione gratuita di &#8220;Difesa femminile&#8221; domani alle 20 presso la palestra del Liceo scientifico di Belluno. L&#8217;evento, guidato dall&#8217;istruttore Cristian Burde, mira a fornire alle donne strumenti utili per gestire la paura e affrontare aggressioni, sia a livello teorico che pratico. Burde sottolinea l&#8217;importanza della prevenzione e della consapevolezza dell&#8217;ambiente circostante come base per la difesa personale. La serata sar\u00e0 aperta a donne di tutte le et\u00e0 e includer\u00e0 dimostrazioni pratiche di tecniche di difesa e fuga in caso di aggressione.<\/p>\n<p>&nbsp;<\/p>\n<p>&nbsp;<\/p>\n<p>&nbsp;<\/p>\n<p>&nbsp;<\/p>\n<hr \/>\n<p>&nbsp;<\/p>\n<blockquote>\n<h3>70 ANNI DEL SOCCORSO ALPINO&#8230;. RIASSUNTO DI UN POMERIGGIO CHE SEGNA LA STORIA<\/h3>\n<\/blockquote>\n<p><strong>DI MIRKO MEZZACASA<\/strong><\/p>\n<div class=\"flex-1 overflow-hidden\">\n<div class=\"h-full\">\n<div class=\"react-scroll-to-bottom--css-xaooe-79elbk h-full\">\n<div class=\"react-scroll-to-bottom--css-xaooe-1n7m0yu\">\n<div class=\"flex flex-col text-sm md:pb-9\">\n<article class=\"w-full scroll-mb-[var(--thread-trailing-height,150px)] text-token-text-primary focus-visible:outline-2 focus-visible:outline-offset-[-4px]\" dir=\"auto\" data-testid=\"conversation-turn-7\" data-scroll-anchor=\"true\">\n<div class=\"m-auto text-base py-[18px] px-3 md:px-4 w-full md:px-5 lg:px-4 xl:px-5\">\n<div class=\"mx-auto flex flex-1 gap-4 text-base md:gap-5 lg:gap-6 md:max-w-3xl lg:max-w-[40rem] xl:max-w-[48rem]\">\n<div class=\"group\/conversation-turn relative flex w-full min-w-0 flex-col agent-turn\">\n<div class=\"flex-col gap-1 md:gap-3\">\n<div class=\"flex max-w-full flex-col flex-grow\">\n<div class=\"min-h-8 text-message flex w-full flex-col items-end gap-2 whitespace-normal break-words [.text-message+&amp;]:mt-5\" dir=\"auto\" data-message-author-role=\"assistant\" data-message-id=\"16eef482-2717-485a-a235-a01b94489f71\" data-message-model-slug=\"gpt-4o\">\n<div class=\"flex w-full flex-col gap-1 empty:hidden first:pt-[3px]\">\n<div class=\"markdown prose w-full break-words dark:prose-invert dark\">\n<p><a class=\"dt-pswp-item\" href=\"https:\/\/www.radiopiu.net\/wordpress\/wp-content\/uploads\/2024\/11\/f943c8d0-41d4-4203-bf7a-81a4223306b9.jpg\" data-dt-img-description=\"\" data-large_image_width=\"1600\" data-large_image_height=\"1594\"><img loading=\"lazy\" decoding=\"async\" class=\" wp-image-421228 alignleft\" src=\"https:\/\/www.radiopiu.net\/wordpress\/wp-content\/uploads\/2024\/11\/f943c8d0-41d4-4203-bf7a-81a4223306b9-300x300.jpg\" alt=\"\" width=\"224\" height=\"224\" srcset=\"https:\/\/www.radiopiu.net\/wordpress\/wp-content\/uploads\/2024\/11\/f943c8d0-41d4-4203-bf7a-81a4223306b9-300x300.jpg 300w, https:\/\/www.radiopiu.net\/wordpress\/wp-content\/uploads\/2024\/11\/f943c8d0-41d4-4203-bf7a-81a4223306b9-1024x1020.jpg 1024w, https:\/\/www.radiopiu.net\/wordpress\/wp-content\/uploads\/2024\/11\/f943c8d0-41d4-4203-bf7a-81a4223306b9-150x150.jpg 150w, https:\/\/www.radiopiu.net\/wordpress\/wp-content\/uploads\/2024\/11\/f943c8d0-41d4-4203-bf7a-81a4223306b9-768x765.jpg 768w, https:\/\/www.radiopiu.net\/wordpress\/wp-content\/uploads\/2024\/11\/f943c8d0-41d4-4203-bf7a-81a4223306b9-1536x1530.jpg 1536w, https:\/\/www.radiopiu.net\/wordpress\/wp-content\/uploads\/2024\/11\/f943c8d0-41d4-4203-bf7a-81a4223306b9.jpg 1600w\" sizes=\"auto, (max-width: 224px) 100vw, 224px\" \/><\/a>Immagina una giornata limpida, con il cielo azzurro che fa da cornice alle maestose Dolomiti. Al centro dell\u2019evento c\u2019\u00e8 una grande piazza di montagna, gremita di persone di tutte le et\u00e0. Un palco, decorato con striscioni colorati che recitano <strong>\u201c70 anni di Soccorso Alpino di Agordo\u201d<\/strong>, domina la scena. Sul palco, membri attuali e storici del soccorso alpino indossano uniformi che raccontano l\u2019evoluzione dei loro equipaggiamenti: da giacche tradizionali a moderne tute tecniche, affiancati da uno storico slittino di legno e una moderna barella. A lato del palco, un elicottero da soccorso atterra su un prato poco distante, attirando l\u2019attenzione di bambini entusiasti, che osservano da dietro una transenna.\u00a0 Nella piazza, stand informativi mostrano foto e video storici, attrezzature del passato e pannelli che raccontano interventi memorabili. Tra la folla, volontari del soccorso alpino conversano con i presenti, spiegando il loro lavoro e condividendo aneddoti. L\u2019atmosfera \u00e8 festosa:\u00a0 e il Coro Agordo diretto da Anna intona canti di montagna accompagnando le emozioni di Eugenio che presenta il libro di storia. Questo pomeriggio \u00e8 un perfetto equilibrio tra celebrazione, memoria e comunit\u00e0, incorniciato dalla bellezza senza tempo delle montagne.<\/p>\n<\/div>\n<\/div>\n<\/div>\n<\/div>\n<\/div>\n<div class=\"absolute\"><\/div>\n<\/div>\n<\/div>\n<\/div>\n<\/article>\n<\/div>\n<\/div>\n<\/div>\n<\/div>\n<\/div>\n<div class=\"md:pt-0 dark:border-white\/20 md:border-transparent md:dark:border-transparent w-full\">\n<div>\n<div class=\"m-auto text-base px-3 md:px-4 w-full md:px-5 lg:px-4 xl:px-5\">\n<div class=\"mx-auto flex flex-1 gap-4 text-base md:gap-5 lg:gap-6 md:max-w-3xl lg:max-w-[40rem] xl:max-w-[48rem]\">\n<form class=\"w-full\" aria-haspopup=\"dialog\" aria-expanded=\"false\" aria-controls=\"radix-:r3q:\" data-state=\"closed\">\n<div class=\"relative flex h-full max-w-full flex-1 flex-col\">\n<div class=\"group relative flex w-full items-center\">\n<div id=\"composer-background\" class=\"flex w-full cursor-text flex-col rounded-3xl px-2.5 py-1 transition-colors contain-inline-size bg-[#f4f4f4] dark:bg-token-main-surface-secondary\">\n<div class=\"flex h-[44px] items-center justify-between\">\n<div class=\"min-w-8\"><\/div>\n<\/div>\n<\/div>\n<\/div>\n<\/div>\n<\/form>\n<\/div>\n<\/div>\n<\/div>\n<\/div>\n<p><strong>DI GIANNI SANTOMASO<\/strong><\/p>\n<audio class=\"wp-audio-shortcode\" id=\"audio-421157-10\" preload=\"none\" style=\"width: 100%;\" controls=\"controls\"><source type=\"audio\/wav\" src=\"https:\/\/www.radiopiu.net\/wordpress\/wp-content\/uploads\/2024\/11\/gianni-servizio.wav?_=10\" \/><a href=\"https:\/\/www.radiopiu.net\/wordpress\/wp-content\/uploads\/2024\/11\/gianni-servizio.wav\">https:\/\/www.radiopiu.net\/wordpress\/wp-content\/uploads\/2024\/11\/gianni-servizio.wav<\/a><\/audio>\n<p><strong>DI SERENA SOPPERA\u00a0\u00a0<\/strong><\/p>\n<p><iframe loading=\"lazy\" title=\"70 ANNI DI SOCCORSO ALPINO AGORDO\" width=\"1200\" height=\"675\" src=\"https:\/\/www.youtube.com\/embed\/yYa6mPuq7YE?feature=oembed\" frameborder=\"0\" allow=\"accelerometer; autoplay; clipboard-write; encrypted-media; gyroscope; picture-in-picture; web-share\" referrerpolicy=\"strict-origin-when-cross-origin\" allowfullscreen><\/iframe><\/p>\n<p>&nbsp;<\/p>\n<p style=\"text-align: center;\"><strong>DAL PALALUXOTTICA, CONDUZIONE MICHELA CANOVA-MIRKO MEZZACASA<\/strong><\/p>\n<p><iframe loading=\"lazy\" title=\"70 ANNI DI SOCCORSO ALPINO, LA FESTA AL PALALUXOTTICA\" width=\"1200\" height=\"675\" src=\"https:\/\/www.youtube.com\/embed\/J61GXmG8okQ?feature=oembed\" frameborder=\"0\" allow=\"accelerometer; autoplay; clipboard-write; encrypted-media; gyroscope; picture-in-picture; web-share\" referrerpolicy=\"strict-origin-when-cross-origin\" allowfullscreen><\/iframe><\/p>\n<p>&nbsp;<\/p>\n<p>&nbsp;<\/p>\n<p>&nbsp;<\/p>\n<hr \/>\n<p>&nbsp;<\/p>\n<blockquote>\n<h3>I CARABINIERI DELLA COMPAGNIA DI FELTRE INTENSIFICANO LA PREVENZIONE CONTRO I FURTI<\/h3>\n<\/blockquote>\n<p><strong>FELTRE<\/strong> La Compagnia Carabinieri di Feltre ha effettuato, il 22 novembre, un servizio straordinario per prevenire furti e reati predatori. L\u2019operazione ha coinvolto tutte le Stazioni Carabinieri del Feltrino, con controlli intensificati in aree sensibili e lungo le principali vie di comunicazione, mirati a bloccare accessi da province vicine. Sono stati istituiti posti di blocco per verificare veicoli sospetti, mentre pattuglie monitoravano zone residenziali e industriali. Durante l\u2019attivit\u00e0, sono stati controllati 53 veicoli con 76 persone a bordo, 15 delle quali con precedenti. Il Capitano Caminiti ha ribadito l\u2019importanza della collaborazione cittadina e la necessit\u00e0 di segnalare situazioni sospette al 112. I controlli proseguiranno per garantire sicurezza.<\/p>\n\n\t\t\t<style type='text\/css'>\n\t\t\t\t#gallery-2 {\n\t\t\t\t\tmargin: auto;\n\t\t\t\t}\n\t\t\t\t#gallery-2 .gallery-item {\n\t\t\t\t\tfloat: left;\n\t\t\t\t\tmargin-top: 10px;\n\t\t\t\t\ttext-align: center;\n\t\t\t\t\twidth: 33%;\n\t\t\t\t}\n\t\t\t\t#gallery-2 img {\n\t\t\t\t\tborder: 2px solid #cfcfcf;\n\t\t\t\t}\n\t\t\t\t#gallery-2 .gallery-caption {\n\t\t\t\t\tmargin-left: 0;\n\t\t\t\t}\n\t\t\t\t\/* see gallery_shortcode() in wp-includes\/media.php *\/\n\t\t\t<\/style>\n\t\t<div id='gallery-2' class='dt-gallery-container gallery galleryid-421157 gallery-columns-3 gallery-size-medium'><dl class='gallery-item'>\n\t\t\t\t<dt class='gallery-icon landscape'>\n\t\t\t\t\t<a class=\"rollover rollover-zoom dt-pswp-item\" title=\"ff3e45a9-e4f1-4905-891d-63ff06d29d33\" data-dt-img-description=\"\" data-large_image_width=\"2048\" data-large_image_height=\"1536\"href='https:\/\/www.radiopiu.net\/wordpress\/wp-content\/uploads\/2024\/11\/ff3e45a9-e4f1-4905-891d-63ff06d29d33.jpg'><img loading=\"lazy\" decoding=\"async\" width=\"300\" height=\"225\" src=\"https:\/\/www.radiopiu.net\/wordpress\/wp-content\/uploads\/2024\/11\/ff3e45a9-e4f1-4905-891d-63ff06d29d33-300x225.jpg\" class=\"attachment-medium size-medium\" alt=\"\" srcset=\"https:\/\/www.radiopiu.net\/wordpress\/wp-content\/uploads\/2024\/11\/ff3e45a9-e4f1-4905-891d-63ff06d29d33-300x225.jpg 300w, https:\/\/www.radiopiu.net\/wordpress\/wp-content\/uploads\/2024\/11\/ff3e45a9-e4f1-4905-891d-63ff06d29d33-1024x768.jpg 1024w, https:\/\/www.radiopiu.net\/wordpress\/wp-content\/uploads\/2024\/11\/ff3e45a9-e4f1-4905-891d-63ff06d29d33-768x576.jpg 768w, https:\/\/www.radiopiu.net\/wordpress\/wp-content\/uploads\/2024\/11\/ff3e45a9-e4f1-4905-891d-63ff06d29d33-1536x1152.jpg 1536w, https:\/\/www.radiopiu.net\/wordpress\/wp-content\/uploads\/2024\/11\/ff3e45a9-e4f1-4905-891d-63ff06d29d33.jpg 2048w\" sizes=\"auto, (max-width: 300px) 100vw, 300px\" \/><\/a>\n\t\t\t\t<\/dt><\/dl><dl class='gallery-item'>\n\t\t\t\t<dt class='gallery-icon landscape'>\n\t\t\t\t\t<a class=\"rollover rollover-zoom dt-pswp-item\" title=\"5df8d69b-033b-4fe6-8b16-43ef6c579519\" data-dt-img-description=\"\" data-large_image_width=\"2048\" data-large_image_height=\"1536\"href='https:\/\/www.radiopiu.net\/wordpress\/wp-content\/uploads\/2024\/11\/5df8d69b-033b-4fe6-8b16-43ef6c579519.jpg'><img loading=\"lazy\" decoding=\"async\" width=\"300\" height=\"225\" src=\"https:\/\/www.radiopiu.net\/wordpress\/wp-content\/uploads\/2024\/11\/5df8d69b-033b-4fe6-8b16-43ef6c579519-300x225.jpg\" class=\"attachment-medium size-medium\" alt=\"\" srcset=\"https:\/\/www.radiopiu.net\/wordpress\/wp-content\/uploads\/2024\/11\/5df8d69b-033b-4fe6-8b16-43ef6c579519-300x225.jpg 300w, https:\/\/www.radiopiu.net\/wordpress\/wp-content\/uploads\/2024\/11\/5df8d69b-033b-4fe6-8b16-43ef6c579519-1024x768.jpg 1024w, https:\/\/www.radiopiu.net\/wordpress\/wp-content\/uploads\/2024\/11\/5df8d69b-033b-4fe6-8b16-43ef6c579519-768x576.jpg 768w, https:\/\/www.radiopiu.net\/wordpress\/wp-content\/uploads\/2024\/11\/5df8d69b-033b-4fe6-8b16-43ef6c579519-1536x1152.jpg 1536w, https:\/\/www.radiopiu.net\/wordpress\/wp-content\/uploads\/2024\/11\/5df8d69b-033b-4fe6-8b16-43ef6c579519.jpg 2048w\" sizes=\"auto, (max-width: 300px) 100vw, 300px\" \/><\/a>\n\t\t\t\t<\/dt><\/dl><dl class='gallery-item'>\n\t\t\t\t<dt class='gallery-icon landscape'>\n\t\t\t\t\t<a class=\"rollover rollover-zoom dt-pswp-item\" title=\"0ddd7e54-7cea-4217-8d6e-607cd9eeb478\" data-dt-img-description=\"\" data-large_image_width=\"2048\" data-large_image_height=\"1536\"href='https:\/\/www.radiopiu.net\/wordpress\/wp-content\/uploads\/2024\/11\/0ddd7e54-7cea-4217-8d6e-607cd9eeb478.jpg'><img loading=\"lazy\" decoding=\"async\" width=\"300\" height=\"225\" src=\"https:\/\/www.radiopiu.net\/wordpress\/wp-content\/uploads\/2024\/11\/0ddd7e54-7cea-4217-8d6e-607cd9eeb478-300x225.jpg\" class=\"attachment-medium size-medium\" alt=\"\" srcset=\"https:\/\/www.radiopiu.net\/wordpress\/wp-content\/uploads\/2024\/11\/0ddd7e54-7cea-4217-8d6e-607cd9eeb478-300x225.jpg 300w, https:\/\/www.radiopiu.net\/wordpress\/wp-content\/uploads\/2024\/11\/0ddd7e54-7cea-4217-8d6e-607cd9eeb478-1024x768.jpg 1024w, https:\/\/www.radiopiu.net\/wordpress\/wp-content\/uploads\/2024\/11\/0ddd7e54-7cea-4217-8d6e-607cd9eeb478-768x576.jpg 768w, https:\/\/www.radiopiu.net\/wordpress\/wp-content\/uploads\/2024\/11\/0ddd7e54-7cea-4217-8d6e-607cd9eeb478-1536x1152.jpg 1536w, https:\/\/www.radiopiu.net\/wordpress\/wp-content\/uploads\/2024\/11\/0ddd7e54-7cea-4217-8d6e-607cd9eeb478.jpg 2048w\" sizes=\"auto, (max-width: 300px) 100vw, 300px\" \/><\/a>\n\t\t\t\t<\/dt><\/dl><br style=\"clear: both\" \/>\n\t\t\t<\/div>\n\n<p>&nbsp;<\/p>\n<p>&nbsp;<\/p>\n<hr \/>\n<p>&nbsp;<\/p>\n<blockquote>\n<h3>SIULP DI BELLUNO: IN VIA DI ESTINZIONE LA POLIZIA STRADALE IN PROVINCIA DI BELLUNO<\/h3>\n<\/blockquote>\n<p><strong><a class=\"dt-pswp-item\" href=\"https:\/\/www.radiopiu.net\/wordpress\/wp-content\/uploads\/2022\/05\/POLIZIA-1.jpg\" data-dt-img-description=\"\" data-large_image_width=\"1920\" data-large_image_height=\"1080\"><img loading=\"lazy\" decoding=\"async\" class=\" wp-image-278032 alignleft\" src=\"https:\/\/www.radiopiu.net\/wordpress\/wp-content\/uploads\/2022\/05\/POLIZIA-1-300x169.jpg\" alt=\"\" width=\"220\" height=\"124\" srcset=\"https:\/\/www.radiopiu.net\/wordpress\/wp-content\/uploads\/2022\/05\/POLIZIA-1-300x169.jpg 300w, https:\/\/www.radiopiu.net\/wordpress\/wp-content\/uploads\/2022\/05\/POLIZIA-1-1024x576.jpg 1024w, https:\/\/www.radiopiu.net\/wordpress\/wp-content\/uploads\/2022\/05\/POLIZIA-1-768x432.jpg 768w, https:\/\/www.radiopiu.net\/wordpress\/wp-content\/uploads\/2022\/05\/POLIZIA-1-1536x864.jpg 1536w, https:\/\/www.radiopiu.net\/wordpress\/wp-content\/uploads\/2022\/05\/POLIZIA-1.jpg 1920w\" sizes=\"auto, (max-width: 220px) 100vw, 220px\" \/><\/a>BELLUNO<\/strong> Il recente piano di assegnazione degli agenti del 227\u00b0 corso, pubblicato dal Dipartimento di Pubblica Sicurezza, evidenzia una grave carenza di personale negli uffici della Polizia Stradale bellunese. Alla Sezione Capoluogo sar\u00e0 trasferito un solo agente, mentre i distaccamenti di Feltre e Valle di Cadore hanno ricevuto pochi rinforzi, insufficienti a compensare i continui pensionamenti. La situazione \u00e8 critica: la Sezione Capoluogo opera con un -42% di personale previsto, Feltre con un -39% e Valle di Cadore con un -33%. La carenza obbliga a sospendere servizi amministrativi per garantire le pattuglie, causando inefficienze. Nonostante gli sforzi dei sindacati e dei poliziotti, la situazione \u00e8 insostenibile. Il SIULP minaccia di non firmare ulteriori deroghe finch\u00e9 non verr\u00e0 attuato un piano concreto per risolvere la crisi, particolarmente urgente in vista delle Olimpiadi Milano-Cortina 2026.<\/p>\n<p>&nbsp;<\/p>\n<hr \/>\n<p>&nbsp;<\/p>\n<blockquote><p><strong><a class=\"dt-pswp-item\" href=\"https:\/\/www.radiopiu.net\/wordpress\/wp-content\/uploads\/2024\/11\/th-16.jpg\" data-dt-img-description=\"\" data-large_image_width=\"398\" data-large_image_height=\"180\"><img loading=\"lazy\" decoding=\"async\" class=\" wp-image-421368 alignleft\" src=\"https:\/\/www.radiopiu.net\/wordpress\/wp-content\/uploads\/2024\/11\/th-16-300x136.jpg\" alt=\"\" width=\"271\" height=\"123\" srcset=\"https:\/\/www.radiopiu.net\/wordpress\/wp-content\/uploads\/2024\/11\/th-16-300x136.jpg 300w, https:\/\/www.radiopiu.net\/wordpress\/wp-content\/uploads\/2024\/11\/th-16.jpg 398w\" sizes=\"auto, (max-width: 271px) 100vw, 271px\" \/><\/a>Schianto sulla provinciale 251: feriti lievi a Soffranco<\/strong><\/p><\/blockquote>\n<p><strong>LONGARONE<\/strong> \u2013 Sabato sera, intorno alle 20.50, due auto si sono scontrate sulla provinciale 251, nei pressi della frazione di Soffranco. Coinvolte quattro persone: un uomo di Trieste, suo figlio di 11 anni, e una coppia di Val di Zoldo. I feriti, tra cui il bambino, sono stati medicati al San Martino di Belluno per precauzione. Sul posto ambulanze, vigili del fuoco per la bonifica della strada e carabinieri per i rilievi. Incidente anche ieri mattina a Mel, senza gravi conseguenze.<\/p>\n<p>&nbsp;<\/p>\n<p>&nbsp;<\/p>\n<p>&nbsp;<\/p>\n<hr \/>\n<p>&nbsp;<\/p>\n<blockquote>\n<h3>GIORNATA MONDIALE PER L&#8217;ELIMINAZIONE DELLA VIOLENZA SULLE DONNE: I DATI DEL VENETO<\/h3>\n<\/blockquote>\n<p><strong><a class=\"dt-pswp-item\" href=\"https:\/\/www.radiopiu.net\/wordpress\/wp-content\/uploads\/2020\/11\/VIOLENZA-DONNE.jpg\" data-dt-img-description=\"\" data-large_image_width=\"1920\" data-large_image_height=\"1565\"><img loading=\"lazy\" decoding=\"async\" class=\" wp-image-174279 alignleft\" src=\"https:\/\/www.radiopiu.net\/wordpress\/wp-content\/uploads\/2020\/11\/VIOLENZA-DONNE-300x245.jpg\" alt=\"\" width=\"169\" height=\"138\" srcset=\"https:\/\/www.radiopiu.net\/wordpress\/wp-content\/uploads\/2020\/11\/VIOLENZA-DONNE-300x245.jpg 300w, https:\/\/www.radiopiu.net\/wordpress\/wp-content\/uploads\/2020\/11\/VIOLENZA-DONNE-1024x835.jpg 1024w, https:\/\/www.radiopiu.net\/wordpress\/wp-content\/uploads\/2020\/11\/VIOLENZA-DONNE-768x626.jpg 768w, https:\/\/www.radiopiu.net\/wordpress\/wp-content\/uploads\/2020\/11\/VIOLENZA-DONNE-1536x1252.jpg 1536w, https:\/\/www.radiopiu.net\/wordpress\/wp-content\/uploads\/2020\/11\/VIOLENZA-DONNE.jpg 1920w\" sizes=\"auto, (max-width: 169px) 100vw, 169px\" \/><\/a>VENEZIA<\/strong> La Regione Veneto, attraverso la legge n. 5\/2013, sostiene le donne vittime di violenza con interventi mirati a ripristinare libert\u00e0 e sicurezza, garantendo anonimato e riservatezza. Nel 2024 sono stati finanziati 25 centri antiviolenza con 34 sportelli e 37 case rifugio, estendendo il supporto anche al mondo universitario per prevenire episodi tragici come il caso Giulia Cecchettin. Inoltre, la Regione sostiene i Centri per uomini autori di violenza (CUAV), con 10 strutture riconosciute e protocolli per la loro gestione. Importanti progetti di formazione sono rivolti a personale sanitario e altri operatori. I protocolli territoriali favoriscono il coordinamento tra enti per un\u2019assistenza efficace. Nel 2023 i centri hanno ricevuto 7.142 contatti, con 3.628 donne prese in carico e 402 persone accolte nelle case rifugio. La Regione punta a rafforzare la rete antiviolenza e promuovere un cambiamento culturale, coinvolgendo scuole e comunit\u00e0.<\/p>\n<p>&nbsp;<\/p>\n<p>&nbsp;<\/p>\n<hr \/>\n<p>&nbsp;<\/p>\n<blockquote>\n<h3>OGGI AL TEATRO DINO BUZZATI CON CONFINDUSTRIA<\/h3>\n<\/blockquote>\n<p><strong><a class=\"dt-pswp-item\" href=\"https:\/\/www.radiopiu.net\/wordpress\/wp-content\/uploads\/2021\/05\/CONFINDUSTRIA.png\" data-dt-img-description=\"\" data-large_image_width=\"575\" data-large_image_height=\"575\"><img loading=\"lazy\" decoding=\"async\" class=\" wp-image-211858 alignleft\" src=\"https:\/\/www.radiopiu.net\/wordpress\/wp-content\/uploads\/2021\/05\/CONFINDUSTRIA-300x300.png\" alt=\"\" width=\"131\" height=\"131\" srcset=\"https:\/\/www.radiopiu.net\/wordpress\/wp-content\/uploads\/2021\/05\/CONFINDUSTRIA-300x300.png 300w, https:\/\/www.radiopiu.net\/wordpress\/wp-content\/uploads\/2021\/05\/CONFINDUSTRIA-150x150.png 150w, https:\/\/www.radiopiu.net\/wordpress\/wp-content\/uploads\/2021\/05\/CONFINDUSTRIA.png 575w\" sizes=\"auto, (max-width: 131px) 100vw, 131px\" \/><\/a>BELLUNO<\/strong> Oggi, il Teatro Comunale di Belluno ospiter\u00e0 l&#8217;Assemblea generale di Confindustria Belluno Dolomiti, con apertura alle 16 e inizio alle 17. L&#8217;evento, intitolato \u201cL\u2019impresa di essere donna\u201d, vedr\u00e0 interventi di spicco, tra cui Lorraine Berton, presidente di Confindustria Belluno, e Luca Zaia, presidente della Regione Veneto. Focus centrale sar\u00e0 la parit\u00e0 di genere, con la presentazione del report della Fondazione Nordest \u201cValore: sostantivo femminile\u201d. La tavola rotonda coinvolger\u00e0 protagoniste di spicco nei settori imprenditoriale, sportivo e civile, tra cui Barbara Cimmino e Cathy La Torre. Saranno premiati talenti locali, come il musicista Giacomo Menegardi, e l\u2019evento culminer\u00e0 con le conclusioni di Emanuele Orsini, presidente di Confindustria. La chiusura \u00e8 prevista alle 19.<\/p>\n<p>&nbsp;<\/p>\n<p>&nbsp;<\/p>\n<hr \/>\n<p>&nbsp;<\/p>\n<blockquote>\n<h3>IL PESO DELLE PAROLE NEL RISPETTO DELLE PERSONE<\/h3>\n<\/blockquote>\n<p><strong><a class=\"dt-pswp-item\" href=\"https:\/\/www.radiopiu.net\/wordpress\/wp-content\/uploads\/2024\/11\/donne-bl-22nov24.jpg\" data-dt-img-description=\"\" data-large_image_width=\"1007\" data-large_image_height=\"678\"><img loading=\"lazy\" decoding=\"async\" class=\" wp-image-421194 alignleft\" src=\"https:\/\/www.radiopiu.net\/wordpress\/wp-content\/uploads\/2024\/11\/donne-bl-22nov24-300x202.jpg\" alt=\"\" width=\"192\" height=\"129\" srcset=\"https:\/\/www.radiopiu.net\/wordpress\/wp-content\/uploads\/2024\/11\/donne-bl-22nov24-300x202.jpg 300w, https:\/\/www.radiopiu.net\/wordpress\/wp-content\/uploads\/2024\/11\/donne-bl-22nov24-768x517.jpg 768w, https:\/\/www.radiopiu.net\/wordpress\/wp-content\/uploads\/2024\/11\/donne-bl-22nov24.jpg 1007w\" sizes=\"auto, (max-width: 192px) 100vw, 192px\" \/><\/a>BELLUNO<\/strong> In occasione della Giornata Internazionale contro la violenza sulle donne, Confartigianato Imprese Belluno e il Gruppo Donne Impresa hanno organizzato un convegno sul ruolo della comunicazione rispettosa, con particolare attenzione all&#8217;ambiente lavorativo. Roberta De Salvador ha evidenziato come linguaggi stereotipati danneggino le relazioni, influendo anche sulla produttivit\u00e0 aziendale. La formatrice Margot Deliperi ha sottolineato l&#8217;importanza di una comunicazione inclusiva, libera da pregiudizi di genere e generazionali, invitando a mettere la persona al centro e a superare stereotipi come l&#8217;associazione di forza agli uomini e fragilit\u00e0 alle donne. La serata ha offerto spunti per favorire un dialogo costruttivo e promuovere un approccio inclusivo nella vita quotidiana e professionale, suscitando l\u2019apprezzamento di Claudia Scarzanella per il valore formativo dell\u2019iniziativa.<\/p>\n<p>&nbsp;<\/p>\n<p>&nbsp;<\/p>\n<hr \/>\n<p>&nbsp;<\/p>\n<blockquote>\n<h3>I LAVORI DI COSTRUZIONE DI UN AUDITORIUM ALL\u2019APERTO IN VALLE DI SAN LUCANO&#8230;IL DEGRADO S\u2019IMPOSSESSA DELL\u2019AREA<\/h3>\n<\/blockquote>\n<p><strong>DI GIORGIO FONTANIVE<\/strong><\/p>\n<p><strong>TAIBON <\/strong>Valle di San Lucano, Comune di Taibon Agordino una mattinata di novembre 2024; temperatura 4\u00b0 C. Di fronte le pareti delle Pale riverberano luce ma non abbastanza per mitigare le ombre dell\u2019Agn\u00e8r che interrompe il tepore del sole, ormai troppo basso\u2026.. Cos\u00ec il primo piano \u00e8 vago, indistinto, quasi a voler nascondere ci\u00f2 che \u00e8 con una serie di segmenti a raggiera, che poi si tratta di un tetto inopinatamente privo di copertura. Il tutto in un\u2019area protetta, di massimo rispetto com\u2019\u00e8 quel gioiello naturalistico che \u00e8 la Valle di San Lucano qui, accanto al romantico laghetto inframorenico delle Peschiere, residuo di un antico ghiacciaio. Siamo in presenza di una \u201ccattedrale laica\u201d incompiuta e preda dei rovi che ricorda tante scene d\u2019Italia in contrade dove le opere non hanno mai termine a beneficio di altri lavori e altre opere: ma una persona di buonsenso si domanda come possa essere stata avviata una struttura di cotal fatta all\u2019aperto in questo luogo, considerando che, con condizioni meteo favorevoli, si potrebbe utilizzare per non pi\u00f9 di 2\/3 mesi all\u2019anno solo quando l\u2019astro \u00e8 all\u2019incirca allo Zenit. A Taibon vi \u00e8 un diffuso mugugno per questa incompiuta che disturba l\u2019ambiente per la dimensione, l\u2019impatto visivo e ora anche l\u2019abbandono al quale \u00e8 lasciata da pi\u00f9 anni con la vegetazione infestante protagonista anche sul palcoscenico; ma si pongono delle domande anche gli escursionisti che visitano la valle grazie una buona rete sentieristica messa a punto dal Comune con finanziamento Interreg e tabellazione in collaborazione col volontariato locale. Un\u2019opera su cui \u00e8 calato un silenzio di tomba com\u2019\u00e8 anche il colore di questa struttura con uso di cemento e di pregevoli conci in pietra lavorata: quasi fosse un santuario ancorch\u00e9 una struttura laica con moderato utilizzo del legno come invece &#8211; e fortunatamente &#8211; non \u00e8 stato per gli adiacenti servizi (sono collegati alla rete idrica?) e per l\u2019esercizio pubblico pi\u00f9 disgiunto protetto da un cappotto di tavole di larice (ex- \u201cAfter Hours\u201d, speriamo in apertura e in gestione nel 2025). Chi \u00e8 che pu\u00f2 chiarire questa situazione all\u2019ingresso della Valle di San Lucano giustificando il percorso interrotto dell\u2019opera e informando la collettivit\u00e0 anche nel rispetto di un ambiente che il mondo c\u2019invidia: ma dove stiamo andando? Il pannello scolorito dal sole dopo 6 anni informa che si tratta di \u201c<em>Lavori di costruzione auditorium all\u2019aperto ed infrastrutture di accesso in ambito del progetto di valorizzazione turistica del Medio\/Alto Agordino<\/em>\u201d; la data d\u2019avvio dei lavori \u00e8 il 27 agosto 2018 per un importo di svariate centinaia di migliaia di Euro. Che dire di pi\u00f9? A Taibon c\u2019\u00e8 chi dice cosa si dovrebbe fare.<\/p>\n\n\t\t\t<style type='text\/css'>\n\t\t\t\t#gallery-3 {\n\t\t\t\t\tmargin: auto;\n\t\t\t\t}\n\t\t\t\t#gallery-3 .gallery-item {\n\t\t\t\t\tfloat: left;\n\t\t\t\t\tmargin-top: 10px;\n\t\t\t\t\ttext-align: center;\n\t\t\t\t\twidth: 33%;\n\t\t\t\t}\n\t\t\t\t#gallery-3 img {\n\t\t\t\t\tborder: 2px solid #cfcfcf;\n\t\t\t\t}\n\t\t\t\t#gallery-3 .gallery-caption {\n\t\t\t\t\tmargin-left: 0;\n\t\t\t\t}\n\t\t\t\t\/* see gallery_shortcode() in wp-includes\/media.php *\/\n\t\t\t<\/style>\n\t\t<div id='gallery-3' class='dt-gallery-container gallery galleryid-421157 gallery-columns-3 gallery-size-thumbnail'><dl class='gallery-item'>\n\t\t\t\t<dt class='gallery-icon portrait'>\n\t\t\t\t\t<a class=\"rollover rollover-zoom dt-pswp-item\" title=\"1-Peschiere (bis)\" data-dt-img-description=\"\" data-large_image_width=\"1738\" data-large_image_height=\"2560\"href='https:\/\/www.radiopiu.net\/wordpress\/wp-content\/uploads\/2024\/11\/1-Peschiere-bis-scaled.jpg'><img loading=\"lazy\" decoding=\"async\" width=\"150\" height=\"150\" src=\"https:\/\/www.radiopiu.net\/wordpress\/wp-content\/uploads\/2024\/11\/1-Peschiere-bis-150x150.jpg\" class=\"attachment-thumbnail size-thumbnail\" alt=\"\" aria-describedby=\"gallery-3-421307\" \/><\/a>\n\t\t\t\t<\/dt>\n\t\t\t\t\t<dd class='wp-caption-text gallery-caption' id='gallery-3-421307'>\n\t\t\t\t\tLa luce riflessa dalle Pale di S.Lucano aumenta l\u2019intensit\u00e0 dell\u2019ombra confondendo la struttura oggetto di queste note\n\t\t\t\t\t<\/dd><\/dl><dl class='gallery-item'>\n\t\t\t\t<dt class='gallery-icon landscape'>\n\t\t\t\t\t<a class=\"rollover rollover-zoom dt-pswp-item\" title=\"2-Il laghetto\" data-dt-img-description=\"\" data-large_image_width=\"2560\" data-large_image_height=\"1709\"href='https:\/\/www.radiopiu.net\/wordpress\/wp-content\/uploads\/2024\/11\/2-Il-laghetto-scaled.jpg'><img loading=\"lazy\" decoding=\"async\" width=\"150\" height=\"150\" src=\"https:\/\/www.radiopiu.net\/wordpress\/wp-content\/uploads\/2024\/11\/2-Il-laghetto-150x150.jpg\" class=\"attachment-thumbnail size-thumbnail\" alt=\"\" aria-describedby=\"gallery-3-421308\" \/><\/a>\n\t\t\t\t<\/dt>\n\t\t\t\t\t<dd class='wp-caption-text gallery-caption' id='gallery-3-421308'>\n\t\t\t\t\tIl laghetto inframorenico delle Peschiere, meta di tanti escursionisti, artisti, botanici, geologi con un sentiero che ne percorre il perimetro\n\t\t\t\t\t<\/dd><\/dl><dl class='gallery-item'>\n\t\t\t\t<dt class='gallery-icon landscape'>\n\t\t\t\t\t<a class=\"rollover rollover-zoom dt-pswp-item\" title=\"3-4.11.24-Peschiere (2)\" data-dt-img-description=\"\" data-large_image_width=\"2560\" data-large_image_height=\"1701\"href='https:\/\/www.radiopiu.net\/wordpress\/wp-content\/uploads\/2024\/11\/3-4.11.24-Peschiere-2-scaled.jpg'><img loading=\"lazy\" decoding=\"async\" width=\"150\" height=\"150\" src=\"https:\/\/www.radiopiu.net\/wordpress\/wp-content\/uploads\/2024\/11\/3-4.11.24-Peschiere-2-150x150.jpg\" class=\"attachment-thumbnail size-thumbnail\" alt=\"\" aria-describedby=\"gallery-3-421309\" \/><\/a>\n\t\t\t\t<\/dt>\n\t\t\t\t\t<dd class='wp-caption-text gallery-caption' id='gallery-3-421309'>\n\t\t\t\t\tEvidente il degrado dell\u2019area che dovrebbe essere un biglietto da visita per la Valle; pondera sulla situazione uno sconsolato spettatore\n\t\t\t\t\t<\/dd><\/dl><br style=\"clear: both\" \/><dl class='gallery-item'>\n\t\t\t\t<dt class='gallery-icon landscape'>\n\t\t\t\t\t<a class=\"rollover rollover-zoom dt-pswp-item\" title=\"4-Zona Peschiere (1)\" data-dt-img-description=\"\" data-large_image_width=\"1019\" data-large_image_height=\"676\"href='https:\/\/www.radiopiu.net\/wordpress\/wp-content\/uploads\/2024\/11\/4-Zona-Peschiere-1.jpg'><img loading=\"lazy\" decoding=\"async\" width=\"150\" height=\"150\" src=\"https:\/\/www.radiopiu.net\/wordpress\/wp-content\/uploads\/2024\/11\/4-Zona-Peschiere-1-150x150.jpg\" class=\"attachment-thumbnail size-thumbnail\" alt=\"\" aria-describedby=\"gallery-3-421310\" \/><\/a>\n\t\t\t\t<\/dt>\n\t\t\t\t\t<dd class='wp-caption-text gallery-caption' id='gallery-3-421310'>\n\t\t\t\t\tL\u2019area delle Peschiere all\u2019indomani del 29 ottobre 2018; i lavori per la realizzazione dell\u2019Auditorium all\u2019aperto erano stati avviati gi\u00e0 dal luglio precedente quando il bosco d\u2019abeti celava in parte l\u2019impatto dell\u2019opera le cui finalit\u00e0 avrebbero potuto essere ben ponderate con obbiettivit\u00e0 prima che dall\u2019entusiasmo\n\t\t\t\t\t<\/dd><\/dl><dl class='gallery-item'>\n\t\t\t\t<dt class='gallery-icon landscape'>\n\t\t\t\t\t<a class=\"rollover rollover-zoom dt-pswp-item\" title=\"5-Zona Peschiere (2)\" data-dt-img-description=\"\" data-large_image_width=\"1867\" data-large_image_height=\"1219\"href='https:\/\/www.radiopiu.net\/wordpress\/wp-content\/uploads\/2024\/11\/5-Zona-Peschiere-2.jpg'><img loading=\"lazy\" decoding=\"async\" width=\"150\" height=\"150\" src=\"https:\/\/www.radiopiu.net\/wordpress\/wp-content\/uploads\/2024\/11\/5-Zona-Peschiere-2-150x150.jpg\" class=\"attachment-thumbnail size-thumbnail\" alt=\"\" aria-describedby=\"gallery-3-421311\" \/><\/a>\n\t\t\t\t<\/dt>\n\t\t\t\t\t<dd class='wp-caption-text gallery-caption' id='gallery-3-421311'>\n\t\t\t\t\tStessa inquadratura del 2024; potrebbe essere l\u2019embrione di un sito turistico ma il bambino come sar\u00e0?\n\t\t\t\t\t<\/dd><\/dl><dl class='gallery-item'>\n\t\t\t\t<dt class='gallery-icon landscape'>\n\t\t\t\t\t<a class=\"rollover rollover-zoom dt-pswp-item\" title=\"6- La casa vicino al lago (1)\" data-dt-img-description=\"\" data-large_image_width=\"2560\" data-large_image_height=\"1724\"href='https:\/\/www.radiopiu.net\/wordpress\/wp-content\/uploads\/2024\/11\/6-La-casa-vicino-al-lago-1-scaled.jpg'><img loading=\"lazy\" decoding=\"async\" width=\"150\" height=\"150\" src=\"https:\/\/www.radiopiu.net\/wordpress\/wp-content\/uploads\/2024\/11\/6-La-casa-vicino-al-lago-1-150x150.jpg\" class=\"attachment-thumbnail size-thumbnail\" alt=\"\" aria-describedby=\"gallery-3-421312\" \/><\/a>\n\t\t\t\t<\/dt>\n\t\t\t\t\t<dd class='wp-caption-text gallery-caption' id='gallery-3-421312'>\n\t\t\t\t\tE da cinquant\u2019anni, qui, sull\u2019area comunale delle Peschiere, sorge anche questo edificio realizzato con un\u2019operazione pubblico-privata attorno agli anni \u201970 del secolo scorso, anche in questo caso con finalit\u00e0 sembra mai state oggetto di una riqualificazione edilizia e dagli aspetti tecnici mai risolti.  \n\t\t\t\t\t<\/dd><\/dl><br style=\"clear: both\" \/>\n\t\t\t<\/div>\n\n<p>&nbsp;<\/p>\n<hr \/>\n<p>&nbsp;<\/p>\n<p><strong>DI MANUEL\u00a0CONEDERA<\/strong><\/p>\n<blockquote><p><em>Quella che sembra una stella in alto a sinistra in realt\u00e0 \u00e8 il pianeta Venere. In basso a sinistra il paese di La Valle, a destra Agordo. Sopra La Valle e Agordo si vedono le luci di Rivamonte, Voltago, Frassen\u00e9.<\/em><\/p><\/blockquote>\n\n\t\t\t<style type='text\/css'>\n\t\t\t\t#gallery-4 {\n\t\t\t\t\tmargin: auto;\n\t\t\t\t}\n\t\t\t\t#gallery-4 .gallery-item {\n\t\t\t\t\tfloat: left;\n\t\t\t\t\tmargin-top: 10px;\n\t\t\t\t\ttext-align: center;\n\t\t\t\t\twidth: 20%;\n\t\t\t\t}\n\t\t\t\t#gallery-4 img {\n\t\t\t\t\tborder: 2px solid #cfcfcf;\n\t\t\t\t}\n\t\t\t\t#gallery-4 .gallery-caption {\n\t\t\t\t\tmargin-left: 0;\n\t\t\t\t}\n\t\t\t\t\/* see gallery_shortcode() in wp-includes\/media.php *\/\n\t\t\t<\/style>\n\t\t<div id='gallery-4' class='dt-gallery-container gallery galleryid-421157 gallery-columns-5 gallery-size-thumbnail'><dl class='gallery-item'>\n\t\t\t\t<dt class='gallery-icon landscape'>\n\t\t\t\t\t<a class=\"rollover\" href='https:\/\/www.radiopiu.net\/wordpress\/conca-agordina-magia-di-luci-e-stelle\/439fbeb6-6b9c-446d-8f7d-3b7efbd5804c\/'><img loading=\"lazy\" decoding=\"async\" width=\"150\" height=\"150\" src=\"https:\/\/www.radiopiu.net\/wordpress\/wp-content\/uploads\/2024\/11\/439fbeb6-6b9c-446d-8f7d-3b7efbd5804c-150x150.jpg\" class=\"attachment-thumbnail size-thumbnail\" alt=\"\" \/><\/a>\n\t\t\t\t<\/dt><\/dl><dl class='gallery-item'>\n\t\t\t\t<dt class='gallery-icon landscape'>\n\t\t\t\t\t<a class=\"rollover\" href='https:\/\/www.radiopiu.net\/wordpress\/conca-agordina-magia-di-luci-e-stelle\/b4deb01f-e745-4577-8c21-5786854432f1\/'><img loading=\"lazy\" decoding=\"async\" width=\"150\" height=\"150\" src=\"https:\/\/www.radiopiu.net\/wordpress\/wp-content\/uploads\/2024\/11\/b4deb01f-e745-4577-8c21-5786854432f1-150x150.jpg\" class=\"attachment-thumbnail size-thumbnail\" alt=\"\" \/><\/a>\n\t\t\t\t<\/dt><\/dl><dl class='gallery-item'>\n\t\t\t\t<dt class='gallery-icon landscape'>\n\t\t\t\t\t<a class=\"rollover\" href='https:\/\/www.radiopiu.net\/wordpress\/conca-agordina-magia-di-luci-e-stelle\/1788a910-eeea-4829-b59d-1474348d0241\/'><img loading=\"lazy\" decoding=\"async\" width=\"150\" height=\"150\" src=\"https:\/\/www.radiopiu.net\/wordpress\/wp-content\/uploads\/2024\/11\/1788a910-eeea-4829-b59d-1474348d0241-150x150.jpg\" class=\"attachment-thumbnail size-thumbnail\" alt=\"\" \/><\/a>\n\t\t\t\t<\/dt><\/dl><dl class='gallery-item'>\n\t\t\t\t<dt class='gallery-icon portrait'>\n\t\t\t\t\t<a class=\"rollover\" href='https:\/\/www.radiopiu.net\/wordpress\/conca-agordina-magia-di-luci-e-stelle\/58be1957-f79a-4439-8920-c2d341e8bc43\/'><img loading=\"lazy\" decoding=\"async\" width=\"150\" height=\"150\" src=\"https:\/\/www.radiopiu.net\/wordpress\/wp-content\/uploads\/2024\/11\/58be1957-f79a-4439-8920-c2d341e8bc43-150x150.jpg\" class=\"attachment-thumbnail size-thumbnail\" alt=\"\" \/><\/a>\n\t\t\t\t<\/dt><\/dl><dl class='gallery-item'>\n\t\t\t\t<dt class='gallery-icon portrait'>\n\t\t\t\t\t<a class=\"rollover\" href='https:\/\/www.radiopiu.net\/wordpress\/conca-agordina-magia-di-luci-e-stelle\/825643df-f23a-40fa-a457-e2697ee023f4\/'><img loading=\"lazy\" decoding=\"async\" width=\"150\" height=\"150\" src=\"https:\/\/www.radiopiu.net\/wordpress\/wp-content\/uploads\/2024\/11\/825643df-f23a-40fa-a457-e2697ee023f4-150x150.jpg\" class=\"attachment-thumbnail size-thumbnail\" alt=\"\" \/><\/a>\n\t\t\t\t<\/dt><\/dl><br style=\"clear: both\" \/>\n\t\t\t<\/div>\n\n<p>&nbsp;<\/p>\n<hr \/>\n<p>&nbsp;<\/p>\n<blockquote>\n<h3>ASSEMBLEE DI CONFEDILIZIA BELLUNO. RINNOVO DEI DELEGATI DELL&#8217;ASSOCIAZIONE<\/h3>\n<\/blockquote>\n<p><strong>BELLUNO<\/strong> Dopo la modifica dello statuto di quest&#8217;estate, Confedilizia Belluno ha chiuso venerd\u00ec sera il ciclo di riunioni delle assemblee zonali che ha portato al rinnovo dei delegati dell&#8217;associazione.<\/p>\n<p><strong>DI DANIELE DALVIT<\/strong><\/p>\n<audio class=\"wp-audio-shortcode\" id=\"audio-421157-11\" preload=\"none\" style=\"width: 100%;\" controls=\"controls\"><source type=\"audio\/mpeg\" src=\"https:\/\/www.radiopiu.net\/wordpress\/wp-content\/uploads\/2024\/11\/Servizio-Confedilizia-assemblea-zonale-Belluno-2024.mp3?_=11\" \/><a href=\"https:\/\/www.radiopiu.net\/wordpress\/wp-content\/uploads\/2024\/11\/Servizio-Confedilizia-assemblea-zonale-Belluno-2024.mp3\">https:\/\/www.radiopiu.net\/wordpress\/wp-content\/uploads\/2024\/11\/Servizio-Confedilizia-assemblea-zonale-Belluno-2024.mp3<\/a><\/audio>\n<p>&nbsp;<\/p>\n\n\t\t\t<style type='text\/css'>\n\t\t\t\t#gallery-5 {\n\t\t\t\t\tmargin: auto;\n\t\t\t\t}\n\t\t\t\t#gallery-5 .gallery-item {\n\t\t\t\t\tfloat: left;\n\t\t\t\t\tmargin-top: 10px;\n\t\t\t\t\ttext-align: center;\n\t\t\t\t\twidth: 50%;\n\t\t\t\t}\n\t\t\t\t#gallery-5 img {\n\t\t\t\t\tborder: 2px solid #cfcfcf;\n\t\t\t\t}\n\t\t\t\t#gallery-5 .gallery-caption {\n\t\t\t\t\tmargin-left: 0;\n\t\t\t\t}\n\t\t\t\t\/* see gallery_shortcode() in wp-includes\/media.php *\/\n\t\t\t<\/style>\n\t\t<div id='gallery-5' class='dt-gallery-container gallery galleryid-421157 gallery-columns-2 gallery-size-medium'><dl class='gallery-item'>\n\t\t\t\t<dt class='gallery-icon landscape'>\n\t\t\t\t\t<a class=\"rollover rollover-zoom dt-pswp-item\" title=\"18a8915c-ed11-48d3-8957-8ea753c28b14\" data-dt-img-description=\"\" data-large_image_width=\"2560\" data-large_image_height=\"1955\"href='https:\/\/www.radiopiu.net\/wordpress\/wp-content\/uploads\/2024\/11\/18a8915c-ed11-48d3-8957-8ea753c28b14-scaled.jpg'><img loading=\"lazy\" decoding=\"async\" width=\"300\" height=\"229\" src=\"https:\/\/www.radiopiu.net\/wordpress\/wp-content\/uploads\/2024\/11\/18a8915c-ed11-48d3-8957-8ea753c28b14-300x229.jpg\" class=\"attachment-medium size-medium\" alt=\"\" srcset=\"https:\/\/www.radiopiu.net\/wordpress\/wp-content\/uploads\/2024\/11\/18a8915c-ed11-48d3-8957-8ea753c28b14-300x229.jpg 300w, https:\/\/www.radiopiu.net\/wordpress\/wp-content\/uploads\/2024\/11\/18a8915c-ed11-48d3-8957-8ea753c28b14-1024x782.jpg 1024w, https:\/\/www.radiopiu.net\/wordpress\/wp-content\/uploads\/2024\/11\/18a8915c-ed11-48d3-8957-8ea753c28b14-768x586.jpg 768w, https:\/\/www.radiopiu.net\/wordpress\/wp-content\/uploads\/2024\/11\/18a8915c-ed11-48d3-8957-8ea753c28b14-1536x1173.jpg 1536w, https:\/\/www.radiopiu.net\/wordpress\/wp-content\/uploads\/2024\/11\/18a8915c-ed11-48d3-8957-8ea753c28b14-2048x1564.jpg 2048w\" sizes=\"auto, (max-width: 300px) 100vw, 300px\" \/><\/a>\n\t\t\t\t<\/dt><\/dl><dl class='gallery-item'>\n\t\t\t\t<dt class='gallery-icon landscape'>\n\t\t\t\t\t<a class=\"rollover rollover-zoom dt-pswp-item\" title=\"be4093c8-c1d1-4ea6-b493-209739ec0dea\" data-dt-img-description=\"\" data-large_image_width=\"2560\" data-large_image_height=\"1920\"href='https:\/\/www.radiopiu.net\/wordpress\/wp-content\/uploads\/2024\/11\/be4093c8-c1d1-4ea6-b493-209739ec0dea-scaled.jpg'><img loading=\"lazy\" decoding=\"async\" width=\"300\" height=\"225\" src=\"https:\/\/www.radiopiu.net\/wordpress\/wp-content\/uploads\/2024\/11\/be4093c8-c1d1-4ea6-b493-209739ec0dea-300x225.jpg\" class=\"attachment-medium size-medium\" alt=\"\" srcset=\"https:\/\/www.radiopiu.net\/wordpress\/wp-content\/uploads\/2024\/11\/be4093c8-c1d1-4ea6-b493-209739ec0dea-300x225.jpg 300w, https:\/\/www.radiopiu.net\/wordpress\/wp-content\/uploads\/2024\/11\/be4093c8-c1d1-4ea6-b493-209739ec0dea-1024x768.jpg 1024w, https:\/\/www.radiopiu.net\/wordpress\/wp-content\/uploads\/2024\/11\/be4093c8-c1d1-4ea6-b493-209739ec0dea-768x576.jpg 768w, https:\/\/www.radiopiu.net\/wordpress\/wp-content\/uploads\/2024\/11\/be4093c8-c1d1-4ea6-b493-209739ec0dea-1536x1152.jpg 1536w, https:\/\/www.radiopiu.net\/wordpress\/wp-content\/uploads\/2024\/11\/be4093c8-c1d1-4ea6-b493-209739ec0dea-2048x1536.jpg 2048w\" sizes=\"auto, (max-width: 300px) 100vw, 300px\" \/><\/a>\n\t\t\t\t<\/dt><\/dl><br style=\"clear: both\" \/>\n\t\t\t<\/div>\n\n<p>&nbsp;<\/p>\n<hr \/>\n<p>&nbsp;<\/p>\n<blockquote>\n<h3>INCONTRO PUBBLICO SULLA COMUNITA&#8217; ENERGETICA<\/h3>\n<\/blockquote>\n<p><strong><a class=\"dt-pswp-item\" href=\"https:\/\/www.radiopiu.net\/wordpress\/wp-content\/uploads\/2021\/10\/PIAZZA-MARTIRI-BELLUNO.jpg\" data-dt-img-description=\"\" data-large_image_width=\"1364\" data-large_image_height=\"908\"><img loading=\"lazy\" decoding=\"async\" class=\" wp-image-235813 alignleft\" src=\"https:\/\/www.radiopiu.net\/wordpress\/wp-content\/uploads\/2021\/10\/PIAZZA-MARTIRI-BELLUNO-300x200.jpg\" alt=\"\" width=\"197\" height=\"131\" srcset=\"https:\/\/www.radiopiu.net\/wordpress\/wp-content\/uploads\/2021\/10\/PIAZZA-MARTIRI-BELLUNO-300x200.jpg 300w, https:\/\/www.radiopiu.net\/wordpress\/wp-content\/uploads\/2021\/10\/PIAZZA-MARTIRI-BELLUNO-1024x682.jpg 1024w, https:\/\/www.radiopiu.net\/wordpress\/wp-content\/uploads\/2021\/10\/PIAZZA-MARTIRI-BELLUNO-768x511.jpg 768w, https:\/\/www.radiopiu.net\/wordpress\/wp-content\/uploads\/2021\/10\/PIAZZA-MARTIRI-BELLUNO.jpg 1364w\" sizes=\"auto, (max-width: 197px) 100vw, 197px\" \/><\/a>BELLUNO <\/strong>Domani a Palazzo Crepadona si terr\u00e0 un incontro pubblico per presentare la Comunit\u00e0 Energetica Rinnovabile Dolomiti (Cer Dolomiti), nata nel luglio 2023. L\u2019iniziativa, promossa dal Comune di Belluno, coinvolge cittadini, aziende e associazioni per favorire la produzione e il consumo condiviso di energia da fonti rinnovabili. Interverranno il sindaco Oscar De Pellegrin, il presidente del Consorzio Bim Marco Staunovo Polacco, il presidente della Cer Dolomiti Antonio Barattin e Giovanni Piccoli del Centro Studi Bellunese. La Cer Dolomiti mira a creare un sistema energetico indipendente a chilometro zero, incentivando l\u2019energia condivisa prodotta da impianti rinnovabili. Tra i fondatori figurano enti pubblici e privati, tra cui i Comuni di Belluno e Feltre e il Consorzio Bim Piave. L&#8217;incontro fornir\u00e0 informazioni su funzionamento, incentivi e modalit\u00e0 di adesione, invitando alla partecipazione tramite il sito <strong><a href=\"http:\/\/www.cerdolomiti.it\" target=\"_new\" rel=\"noopener\">www.cerdolomiti.it<\/a><\/strong>. La comunit\u00e0 punta a coinvolgere altri soggetti per espandere la rete e sviluppare nuovi impianti energetici.<\/p>\n<p>&nbsp;<\/p>\n<p>&nbsp;<\/p>\n<hr \/>\n<p>&nbsp;<\/p>\n<blockquote>\n<h3>IL PREMIO AI BELLUNESI ILLUSTRI IN ITALIA E NEL MONDO<\/h3>\n<\/blockquote>\n<p><strong><a class=\"dt-pswp-item\" href=\"https:\/\/www.radiopiu.net\/wordpress\/wp-content\/uploads\/2024\/11\/premio-bellunesi-che-hanno-onorato-la-provincia-in-italia-e-nel-mondo-scaled.jpg\" data-dt-img-description=\"\" data-large_image_width=\"2560\" data-large_image_height=\"1920\"><img loading=\"lazy\" decoding=\"async\" class=\" wp-image-421197 alignleft\" src=\"https:\/\/www.radiopiu.net\/wordpress\/wp-content\/uploads\/2024\/11\/premio-bellunesi-che-hanno-onorato-la-provincia-in-italia-e-nel-mondo-300x225.jpg\" alt=\"\" width=\"169\" height=\"127\" srcset=\"https:\/\/www.radiopiu.net\/wordpress\/wp-content\/uploads\/2024\/11\/premio-bellunesi-che-hanno-onorato-la-provincia-in-italia-e-nel-mondo-300x225.jpg 300w, https:\/\/www.radiopiu.net\/wordpress\/wp-content\/uploads\/2024\/11\/premio-bellunesi-che-hanno-onorato-la-provincia-in-italia-e-nel-mondo-1024x768.jpg 1024w, https:\/\/www.radiopiu.net\/wordpress\/wp-content\/uploads\/2024\/11\/premio-bellunesi-che-hanno-onorato-la-provincia-in-italia-e-nel-mondo-768x576.jpg 768w, https:\/\/www.radiopiu.net\/wordpress\/wp-content\/uploads\/2024\/11\/premio-bellunesi-che-hanno-onorato-la-provincia-in-italia-e-nel-mondo-1536x1152.jpg 1536w, https:\/\/www.radiopiu.net\/wordpress\/wp-content\/uploads\/2024\/11\/premio-bellunesi-che-hanno-onorato-la-provincia-in-italia-e-nel-mondo-2048x1536.jpg 2048w\" sizes=\"auto, (max-width: 169px) 100vw, 169px\" \/><\/a>SEREN DE GRAPPA<\/strong> Il Premio Internazionale &#8220;Bellunesi che onorano la provincia in Italia e nel mondo&#8221; ha celebrato a Rasai di Seren del Grappa le eccellenze bellunesi che, emigrando, hanno lasciato un segno nel mondo. L\u2019evento, definito \u201cfesta dell\u2019orgoglio delle radici\u201d, ha riconosciuto il valore di chi ha portato lavoro, cultura e innovazione, mantenendo il cuore tra le Dolomiti. Tra i premiati, Ferdinando Samaria, docente e ricercatore a Cambridge, ha sottolineato l\u2019importanza dell\u2019etica nel lavoro. Paola De Martin, ricercatrice in Svizzera, ha ricordato il contributo dei migranti italiani, mentre Michele Rech (ZeroCalcare) ha riaffermato il suo legame con la terra d\u2019origine. Mariaelena Pierobon, professoressa negli USA, ha ringraziato per il sacrificio di chi le ha permesso di emergere. Premi speciali sono andati a Gioachino Bratti per il suo ruolo nella ricostruzione post-Vajont e a Claudio Colmanet, violinista scomparso, omaggiato alla memoria.<\/p>\n<p>&nbsp;<\/p>\n<p>&nbsp;<\/p>\n<hr \/>\n<p>&nbsp;<\/p>\n<blockquote>\n<h3>A LONGARONE FIERE DOLOMITI INAUGURATA MIG 2024<\/h3>\n<\/blockquote>\n<p><strong><a class=\"dt-pswp-item\" href=\"https:\/\/www.radiopiu.net\/wordpress\/wp-content\/uploads\/2024\/10\/GELATO.jpeg\" data-dt-img-description=\"\" data-large_image_width=\"1765\" data-large_image_height=\"1306\"><img loading=\"lazy\" decoding=\"async\" class=\" wp-image-415956 alignleft\" src=\"https:\/\/www.radiopiu.net\/wordpress\/wp-content\/uploads\/2024\/10\/GELATO-300x222.jpeg\" alt=\"\" width=\"168\" height=\"124\" srcset=\"https:\/\/www.radiopiu.net\/wordpress\/wp-content\/uploads\/2024\/10\/GELATO-300x222.jpeg 300w, https:\/\/www.radiopiu.net\/wordpress\/wp-content\/uploads\/2024\/10\/GELATO-1024x758.jpeg 1024w, https:\/\/www.radiopiu.net\/wordpress\/wp-content\/uploads\/2024\/10\/GELATO-768x568.jpeg 768w, https:\/\/www.radiopiu.net\/wordpress\/wp-content\/uploads\/2024\/10\/GELATO-1536x1137.jpeg 1536w, https:\/\/www.radiopiu.net\/wordpress\/wp-content\/uploads\/2024\/10\/GELATO.jpeg 1765w\" sizes=\"auto, (max-width: 168px) 100vw, 168px\" \/><\/a>LONGARONE <\/strong>La 64\u00aa edizione della Mostra Internazionale del Gelato Artigianale (Mig) di Longarone segna un punto di svolta, con un focus sul &#8220;gelato come una volta, ma non il gelato di una volta&#8221;. Il presidente Michele Dal Farra sottolinea il ritorno alla tradizione con un disciplinare rigoroso che premia l\u2019uso di materie prime naturali, garantendo qualit\u00e0 e salute. Per la prima volta, Mig apre al pubblico, coinvolgendo sia produttori che consumatori. L&#8217;evento celebra anche l\u2019innovazione: il gelato come alimento nutraceutico, grazie alla collaborazione con il CNR. La tradizione \u00e8 onorata con l\u2019archivio Caviezel-Pozzi, dedicato a Luca Caviezel, maestro del gelato, mentre l\u2019innovazione \u00e8 rappresentata da Ervin Wan, primo gelatiere stellato Michelin. La giornata inaugurale ha visto premiazioni per eccellenze come la famiglia De Rocco e Chiara Soffioti, vincitrice del &#8220;Festival della granita in Sicilia&#8221;. Mig 2024 ribadisce il ruolo del gelato artigianale come simbolo di tradizione, innovazione e qualit\u00e0 italiana.<\/p>\n<p>&nbsp;<\/p>\n<p>&nbsp;<\/p>\n<hr \/>\n<p>&nbsp;<\/p>\n<blockquote>\n<h3>SOLIDARIETA&#8217; E DOLCEZZA PER AUSER A FALCADE<\/h3>\n<\/blockquote>\n<p><strong>FALCADE<\/strong> Si \u00e8 conclusa oggi pomeriggio la seconda edizione della gara di torte, organizzata con l\u2019obiettivo di raccogliere fondi a favore di AUSER. L\u2019evento ha permesso di donare 400 euro all\u2019associazione grazie alla partecipazione entusiasta dei concorrenti e del pubblico. La vincitrice \u00e8 stata Debora Parissenti, seguita da Teresina De Pra al secondo posto. Il terzo gradino del podio \u00e8 stato condiviso da Dina Minotto e Zayra De Ventura. Una giornata all\u2019insegna della dolcezza e della solidariet\u00e0, che ha unito la comunit\u00e0 per una buona causa.<\/p>\n\n\t\t\t<style type='text\/css'>\n\t\t\t\t#gallery-6 {\n\t\t\t\t\tmargin: auto;\n\t\t\t\t}\n\t\t\t\t#gallery-6 .gallery-item {\n\t\t\t\t\tfloat: left;\n\t\t\t\t\tmargin-top: 10px;\n\t\t\t\t\ttext-align: center;\n\t\t\t\t\twidth: 50%;\n\t\t\t\t}\n\t\t\t\t#gallery-6 img {\n\t\t\t\t\tborder: 2px solid #cfcfcf;\n\t\t\t\t}\n\t\t\t\t#gallery-6 .gallery-caption {\n\t\t\t\t\tmargin-left: 0;\n\t\t\t\t}\n\t\t\t\t\/* see gallery_shortcode() in wp-includes\/media.php *\/\n\t\t\t<\/style>\n\t\t<div id='gallery-6' class='dt-gallery-container gallery galleryid-421157 gallery-columns-2 gallery-size-thumbnail'><dl class='gallery-item'>\n\t\t\t\t<dt class='gallery-icon portrait'>\n\t\t\t\t\t<a class=\"rollover rollover-zoom dt-pswp-item\" title=\"684b4e35-2c89-4dd8-94ee-ec5cac4b08f0\" data-dt-img-description=\"\" data-large_image_width=\"1154\" data-large_image_height=\"2048\"href='https:\/\/www.radiopiu.net\/wordpress\/wp-content\/uploads\/2024\/11\/684b4e35-2c89-4dd8-94ee-ec5cac4b08f0.jpg'><img loading=\"lazy\" decoding=\"async\" width=\"150\" height=\"150\" src=\"https:\/\/www.radiopiu.net\/wordpress\/wp-content\/uploads\/2024\/11\/684b4e35-2c89-4dd8-94ee-ec5cac4b08f0-150x150.jpg\" class=\"attachment-thumbnail size-thumbnail\" alt=\"\" \/><\/a>\n\t\t\t\t<\/dt><\/dl><dl class='gallery-item'>\n\t\t\t\t<dt class='gallery-icon portrait'>\n\t\t\t\t\t<a class=\"rollover rollover-zoom dt-pswp-item\" title=\"2ea855e2-6041-4754-a41e-cfc59f6a3083\" data-dt-img-description=\"\" data-large_image_width=\"1152\" data-large_image_height=\"2048\"href='https:\/\/www.radiopiu.net\/wordpress\/wp-content\/uploads\/2024\/11\/2ea855e2-6041-4754-a41e-cfc59f6a3083.jpg'><img loading=\"lazy\" decoding=\"async\" width=\"150\" height=\"150\" src=\"https:\/\/www.radiopiu.net\/wordpress\/wp-content\/uploads\/2024\/11\/2ea855e2-6041-4754-a41e-cfc59f6a3083-150x150.jpg\" class=\"attachment-thumbnail size-thumbnail\" alt=\"\" \/><\/a>\n\t\t\t\t<\/dt><\/dl><br style=\"clear: both\" \/>\n\t\t\t<\/div>\n\n<p>&nbsp;<\/p>\n<hr \/>\n<p>&nbsp;<\/p>\n<blockquote>\n<h3>FAMIGLIE VENETE: CIBO, BENZINA E BOLLETTE ASSORBONO OLTRE LA META\u2019 DELLA SPESA TOTALE<\/h3>\n<\/blockquote>\n<p><strong>Acquisti di Natale previsti in calo: 100 milioni in meno rispetto alla spesa 2023. Le cause? Sfiducia e, soprattutto, Black Friday<\/strong><br \/>\n==========<\/p>\n<p><a class=\"dt-pswp-item\" href=\"https:\/\/www.radiopiu.net\/wordpress\/wp-content\/uploads\/2024\/11\/20241123093728.png\" data-dt-img-description=\"\" data-large_image_width=\"655\" data-large_image_height=\"638\"><img loading=\"lazy\" decoding=\"async\" class=\"size-medium wp-image-421161 alignleft\" src=\"https:\/\/www.radiopiu.net\/wordpress\/wp-content\/uploads\/2024\/11\/20241123093728-300x292.png\" alt=\"\" width=\"300\" height=\"292\" srcset=\"https:\/\/www.radiopiu.net\/wordpress\/wp-content\/uploads\/2024\/11\/20241123093728-300x292.png 300w, https:\/\/www.radiopiu.net\/wordpress\/wp-content\/uploads\/2024\/11\/20241123093728.png 655w\" sizes=\"auto, (max-width: 300px) 100vw, 300px\" \/><\/a>Secondo l\u2019elaborazione realizzata dall\u2019Ufficio studi della CGIA, le spese \u201cobbligate\u201d sostenute mensilmente nel 2023 dalle famiglie venete &#8211; vale a dire quelle che riguardano indicativamente l\u2019acquisto di cibo, carburante e bollette \u2013 hanno raggiunto i 1.231 euro, pari al 54,6 per cento della spesa totale che, invece, in valore assoluto si \u00e8 attestata a 2.257 euro. Nonostante superi abbondantemente la met\u00e0 della spesa, la nostra quota percentuale \u00e8 tra le pi\u00f9 contenute del Paese; solo Umbria (54,3 per cento), Lombardia (53,3) e Lazio (52,7) presentano un dato inferiore al nostro (vedi Tab. 1). Per quanto concerne la spesa complessiva, invece, il dato del Veneto \u00e8 alquanto preoccupante. Ci collochiamo all\u2019ottavo posto a livello nazionale; tra le grandi regioni del Nord solo il Piemonte occupa una posizione peggiore della nostra (vedi Graf. 1). Ricordiamo che prima della grande crisi 2008\/2009, il Veneto era la regione d\u2019Italia con la spesa mensile media delle famiglie pi\u00f9 alta d\u2019Italia.<\/p>\n<p><strong>\u2022 Spese obbligate pi\u00f9 elevate a causa dell&#8217;inflazione<\/strong><br \/>\nDopo il periodo del Covid e la crisi energetica che hanno caratterizzato il triennio 2020\/2022, le spese \u201cobbligate\u201d si sono stabilizzate su soglie pi\u00f9 elevate. A causa, sicuramente, anche del forte aumento dell\u2019inflazione e della conseguente erosione degli stipendi che si sono verificati in questi anni, anche in Veneto molte famiglie sono state costrette a concentrare gli acquisti in particolare per \u201cvivere\u201d e per recarsi\/tornare dai luoghi di lavoro\/studio.<\/p>\n<p><strong><a class=\"dt-pswp-item\" href=\"https:\/\/www.radiopiu.net\/wordpress\/wp-content\/uploads\/2024\/11\/20241123093832.png\" data-dt-img-description=\"\" data-large_image_width=\"625\" data-large_image_height=\"319\"><img loading=\"lazy\" decoding=\"async\" class=\"size-medium wp-image-421162 alignleft\" src=\"https:\/\/www.radiopiu.net\/wordpress\/wp-content\/uploads\/2024\/11\/20241123093832-300x153.png\" alt=\"\" width=\"300\" height=\"153\" srcset=\"https:\/\/www.radiopiu.net\/wordpress\/wp-content\/uploads\/2024\/11\/20241123093832-300x153.png 300w, https:\/\/www.radiopiu.net\/wordpress\/wp-content\/uploads\/2024\/11\/20241123093832.png 625w\" sizes=\"auto, (max-width: 300px) 100vw, 300px\" \/><\/a>\u2022 Alimentari e bevande la voce che drena di pi\u00f9<\/strong><br \/>\nScomponendo i 1.231 euro di spesa mensile obbligata riferiti alle famiglie venete, constatiamo che 519 euro sono riconducibili all\u2019acquisto di beni alimentari e bevande analcoliche, 365 per la manutenzione della casa, bollette e spese condominiali e 347 per i trasporti, ovvero per il pieno dell\u2019auto e per gli abbonamenti su bus\/tram\/metro\/treni. A questi 1.231 euro vanno sommati 1.025 euro che, invece, sono ascrivibili alla cosiddetta spesa complementare, che fa salire la spesa complessiva media regionale a 2.257 euro (vedi Tab. 1).<\/p>\n<p><strong>\u2022 Questa situazione preoccupa anche artigiani e commercianti<\/strong><br \/>\nGli artigiani e i piccoli commercianti vivono prevalentemente dei consumi delle famiglie. In particolare di quelle che risiedono nelle aree in cui sono ubicate fisicamente queste piccole realt\u00e0 imprenditoriali. Se gli acquisti diminuiscono e in massima parte sono destinati a \u201ccoprire\u201d le spese \u201cobbligate\u201d, \u00e8 evidente che anche i fatturati delle piccole realt\u00e0 artigianali e commerciali ne risentono negativamente. La crisi che ha interessato tantissime botteghe artigiane e altrettanti negozi di vicinato \u00e8 sicuramente ascrivibile alle tasse, al caro-affitti, alla concorrenza molto aggressiva praticata dai centri commerciali e dalla forte espansione del commercio on line, ma certamente anche dal calo dei consumi che, purtroppo, in questi ultimi 10 anni ha riguardato le famiglie meno abbienti e anche quelle che costituiscono il cosiddetto ceto medio.<\/p>\n<p><strong><a class=\"dt-pswp-item\" href=\"https:\/\/www.radiopiu.net\/wordpress\/wp-content\/uploads\/2024\/11\/20241123093810.png\" data-dt-img-description=\"\" data-large_image_width=\"500\" data-large_image_height=\"528\"><img loading=\"lazy\" decoding=\"async\" class=\" wp-image-421163 alignleft\" src=\"https:\/\/www.radiopiu.net\/wordpress\/wp-content\/uploads\/2024\/11\/20241123093810-284x300.png\" alt=\"\" width=\"175\" height=\"185\" srcset=\"https:\/\/www.radiopiu.net\/wordpress\/wp-content\/uploads\/2024\/11\/20241123093810-284x300.png 284w, https:\/\/www.radiopiu.net\/wordpress\/wp-content\/uploads\/2024\/11\/20241123093810.png 500w\" sizes=\"auto, (max-width: 175px) 100vw, 175px\" \/><\/a>\u2022 Acquisti di Natale 2024 probabilmente in calo anche in Veneto<\/strong><br \/>\nNon \u00e8 da escludere che, con spese \u201cobbligate\u201d in grado ormai di \u201cdrenare\u201d ben oltre la met\u00e0 della spesa totale delle famiglie venete, i prossimi acquisti di Natale subiscano una frenata rispetto a quanto avvenuto nel 2023. L\u2019anno scorso, infatti, le stime indicano che in Veneto la spesa per i regali da mettere sotto l\u2019albero \u00e8 stata pari a poco pi\u00f9 di un miliardo di euro. Quest\u2019anno, invece, dovrebbe aggirarsi attorno ai 900 milioni di euro (-10 per cento). Le ragioni di questa contrazione vanno ricercate nella minore disponibilit\u00e0 di spesa delle famiglie, a fronte delle difficolt\u00e0 economiche avvertite negli ultimi mesi, e dal fatto che sempre pi\u00f9 persone anticipano l\u2019acquisto dei regali di Natale a fine novembre, approfittando degli sconti offerti dal Black Friday.<\/p>\n<p>&nbsp;<\/p>\n<p>&nbsp;<\/p>\n<hr \/>\n<p>&nbsp;<\/p>\n<blockquote>\n<h3>IL NUOVO SHOWROOM DI PANCIERA ARREDAMENTI<\/h3>\n<\/blockquote>\n<p><strong>REDAZIONE<\/strong> E&#8217; stato inaugurato il nuovo showroom di Panciera Arredamenti in Viale Pedavena a Feltre. Siamo andato a sbirciare all&#8217;interno dell&#8217;esposizione nella giornata di festa.<\/p>\n<p><iframe loading=\"lazy\" title=\"IL NUOVO SHOWROOM DA PANCIERA ARREDAMENTI\" width=\"1200\" height=\"675\" src=\"https:\/\/www.youtube.com\/embed\/SbU4vPOQCGw?feature=oembed\" frameborder=\"0\" allow=\"accelerometer; autoplay; clipboard-write; encrypted-media; gyroscope; picture-in-picture; web-share\" referrerpolicy=\"strict-origin-when-cross-origin\" allowfullscreen><\/iframe><\/p>\n<p>&nbsp;<\/p>\n<hr \/>\n<p>&nbsp;<\/p>\n<blockquote><p><strong>Workshop sull&#8217;Open Innovation a Belluno: supporto alle imprese locali<\/strong><\/p><\/blockquote>\n<p><strong><a class=\"dt-pswp-item\" href=\"https:\/\/www.radiopiu.net\/wordpress\/wp-content\/uploads\/2024\/09\/GAL_logo.png\" data-dt-img-description=\"\" data-large_image_width=\"286\" data-large_image_height=\"88\"><img loading=\"lazy\" decoding=\"async\" class=\"size-full wp-image-408811 alignleft\" src=\"https:\/\/www.radiopiu.net\/wordpress\/wp-content\/uploads\/2024\/09\/GAL_logo.png\" alt=\"\" width=\"286\" height=\"88\" \/><\/a>BELLUNO<\/strong> Il 26-27 novembre a Belluno si terr\u00e0 un workshop per diffondere strumenti e modelli di Open Innovation, rivolto alle imprese locali. L&#8217;evento, promosso dall\u2019IPA Prealpi e Dolomiti Bellunesi, mira a superare le barriere tecnologiche che ostacolano la crescita delle PMI. Con il supporto di esperti come Giulio Buciuni e Giorgio Soffiato, saranno presentati strumenti pratici per integrare l\u2019innovazione nei processi aziendali. Finanziato da istituti di credito locali, il workshop rappresenta un passo strategico verso l&#8217;economia della conoscenza e la competitivit\u00e0 sostenibile.<\/p>\n<p>&nbsp;<\/p>\n<p>&nbsp;<\/p>\n<hr \/>\n<p>&nbsp;<\/p>\n<h2><span style=\"color: #ff0000;\">CONSIGLI COMUNALI IN AGORDINO<\/span><\/h2>\n<blockquote><p><strong>Giovedi alle 20 consiglio dell&#8217;Unione Montana Agordina in sala Don Tamis. All&#8217;ordine del giorno provvedimento di variazione al bilancio (assestamento) e comunicazioni del Presidente Paolo Frena. IN DIRETTA SUI CANALI FACEBOOK-YOUTUBE-TELEGRAM di\u00a0 RADIOPIU<\/strong><\/p><\/blockquote>\n<p><strong>AGORDO<\/strong> Oggi alle 18 consiglio comunale convocato dal sindaco Roberto Chissal\u00e8. Quattro punti in discussione tra cui l&#8217;acquisizione al patrimonio comunale della sede della scuola materna mons. Luigi Cappello, l&#8217;approvazione del DUP e la presa d&#8217;atto della quantificazione economica deli interventi in capo ai proponenti sui terreni che sono stati oggetto di permuta. <strong>IN DIRETTA SUI CANALI FACEBOOK-YOUTUBE-TELEGRAM di\u00a0 RADIOPIU<\/strong><\/p>\n<p><strong>ROCCA PIETORE<\/strong> Mercoledi alle 18.30 consiglio comunale, variazione da apportare agli stanziamenti del bilancio di previsione finanziario; rinuncia richiesta di ridestinazione del finanziamento da parte del fondo Comuni Confinanti. La minoranza chiede invece conto con un&#8217;iterrogazione del rave party free dello scorso 5 ottobre in localit\u00e0 La Leda.<\/p>\n<p><strong>RIVAMONTE<\/strong> Consiglio comunale convocato dal sindaco Giovanni Deon mercoled\u00ec alle 18:30. In discussione due variazioni al bilancio<\/p>\n<p><strong>ALLEGHE\u00a0<\/strong>Consiglio comunale mercoled\u00ec alle 20:30 per trattare tre punti tra cui una variazione a bilancio e il regolamento per l&#8217;utilizzo del parcheggio multipiano Park Centrale.<\/p>\n<p><strong>LIVINALLONGO<\/strong> Mercoled\u00ec alle 20:45 consiglio comunale. 5 punti da disacutere tra cui ina variazione a bilancio, l&#8217;addizionale IRPEF, IMU e un aggiornamento sl DUP<\/p>\n<p><strong>SELVA DI CADORE<\/strong> Consiglio comunale venerd\u00ec alle 18:30 per parlare di una variazione a bilancio<\/p>\n<p><strong>COLLE SANTA LUCIA\u00a0<\/strong>Consiglio comunale sabato 30 novembre alle 7:30. Undici punti in discussione tra cui una variazione a bilancio, l&#8217;aliquota dell&#8217;addizionale comunale per il 2025, un aggiornamento al DUP e l&#8217;approvazione del bilancio di previsione 2025\/2027.<\/p>\n<div class=\"flex-1 overflow-hidden\">\n<div class=\"h-full\">\n<div class=\"react-scroll-to-bottom--css-xgxjv-79elbk h-full\">\n<div class=\"react-scroll-to-bottom--css-xgxjv-1n7m0yu\">\n<div class=\"flex flex-col text-sm md:pb-9\">\n<article class=\"w-full scroll-mb-[var(--thread-trailing-height,150px)] text-token-text-primary focus-visible:outline-2 focus-visible:outline-offset-[-4px]\" dir=\"auto\" data-testid=\"conversation-turn-15\" data-scroll-anchor=\"true\">\n<div class=\"m-auto text-base py-[18px] px-3 md:px-4 w-full md:px-5 lg:px-4 xl:px-5\">\n<div class=\"mx-auto flex flex-1 gap-4 text-base md:gap-5 lg:gap-6 md:max-w-3xl lg:max-w-[40rem] xl:max-w-[48rem]\">\n<div class=\"group\/conversation-turn relative flex w-full min-w-0 flex-col agent-turn\">\n<div class=\"flex-col gap-1 md:gap-3\">\n<div class=\"mt-3 w-full empty:hidden\">\n<div class=\"text-center\"><strong>L&#8217;ULTIMA DIRETTA DI RADIOPIU DAL MUNICIPIO DI AGORDO, IL CONSIGLIO COMUNALE 18 NOVEMBRE 2024<\/strong><\/div>\n<\/div>\n<\/div>\n<div class=\"absolute\"><\/div>\n<\/div>\n<\/div>\n<\/div>\n<\/article>\n<\/div>\n<\/div>\n<\/div>\n<\/div>\n<\/div>\n<div class=\"md:pt-0 dark:border-white\/20 md:border-transparent md:dark:border-transparent w-full\">\n<div class=\"m-auto text-base px-3 md:px-4 w-full md:px-5 lg:px-4 xl:px-5\">\n<div class=\"mx-auto flex flex-1 gap-4 text-base md:gap-5 lg:gap-6 md:max-w-3xl lg:max-w-[40rem] xl:max-w-[48rem]\">\n<div class=\"flex justify-center\">\n<p><iframe loading=\"lazy\" title=\"Consiglio Comunale di Agordo \/ 18 novembre 2024\" width=\"1200\" height=\"675\" src=\"https:\/\/www.youtube.com\/embed\/5Ud7VGFJf7w?start=1636&#038;feature=oembed\" frameborder=\"0\" allow=\"accelerometer; autoplay; clipboard-write; encrypted-media; gyroscope; picture-in-picture; web-share\" referrerpolicy=\"strict-origin-when-cross-origin\" allowfullscreen><\/iframe><\/p>\n<\/div>\n<form class=\"w-full\" aria-haspopup=\"dialog\" aria-expanded=\"false\" aria-controls=\"radix-:r4d:\" data-state=\"closed\">\n<div class=\"relative flex h-full max-w-full flex-1 flex-col\">\n<div class=\"group relative flex w-full items-center\">\n<div id=\"composer-background\" class=\"flex w-full flex-col transition-colors contain-inline-size gap-1.5 rounded-[26px] px-2.5 py-1.5 bg-[#f4f4f4] dark:bg-token-main-surface-secondary\">\n<div class=\"flex items-end gap-1.5 pl-4 md:gap-2\">\n<div class=\"flex min-w-0 flex-1 flex-col\">\n<div class=\"_prosemirror-parent_15ceg_1 text-token-text-primary max-h-[25dvh] max-h-52 overflow-auto default-browser\">\n<p>&nbsp;<\/p>\n<\/div>\n<\/div>\n<\/div>\n<\/div>\n<\/div>\n<\/div>\n<\/form>\n<\/div>\n<\/div>\n<\/div>\n<hr \/>\n<p>&nbsp;<\/p>\n<blockquote>\n<h3>CONSEGNA DEI DIPLOMI DELL&#8217;ISTITUTO FOLLADOR-DE ROSSI<\/h3>\n<\/blockquote>\n<p><strong><a class=\"dt-pswp-item\" href=\"https:\/\/www.radiopiu.net\/wordpress\/wp-content\/uploads\/2024\/11\/FOLLADOR-DE-ROSSI.png\" data-dt-img-description=\"\" data-large_image_width=\"385\" data-large_image_height=\"148\"><img loading=\"lazy\" decoding=\"async\" class=\" wp-image-420848 alignleft\" src=\"https:\/\/www.radiopiu.net\/wordpress\/wp-content\/uploads\/2024\/11\/FOLLADOR-DE-ROSSI-300x115.png\" alt=\"\" width=\"245\" height=\"94\" srcset=\"https:\/\/www.radiopiu.net\/wordpress\/wp-content\/uploads\/2024\/11\/FOLLADOR-DE-ROSSI-300x115.png 300w, https:\/\/www.radiopiu.net\/wordpress\/wp-content\/uploads\/2024\/11\/FOLLADOR-DE-ROSSI.png 385w\" sizes=\"auto, (max-width: 245px) 100vw, 245px\" \/><\/a>AGORDO<\/strong> Venerd\u00ec 29 novembre 2024, alle ore 19:30, presso la palestra Dolomiti di Falcade (adiacente all\u2019Istituto Follador-De Rossi), si terr\u00e0 la cerimonia di consegna dei Diplomi di Stato dell\u2019Istituto Follador-De Rossi di Agordo. L\u2019evento sar\u00e0 preceduto da un buffet di benvenuto, curato dagli studenti dell\u2019indirizzo enogastronomico, a partire dalle 18:00. La serata celebrer\u00e0 i neo-diplomati e vedr\u00e0 la partecipazione di ospiti e autorit\u00e0. L\u2019iniziativa rappresenta un momento importante per valorizzare il percorso degli studenti e coinvolgere la comunit\u00e0.<\/p>\n<p>&nbsp;<\/p>\n<p>&nbsp;<\/p>\n<hr \/>\n<p>&nbsp;<\/p>\n<blockquote>\n<h2>Divieto di sosta su uno stallo in via Mezzaterra<\/h2>\n<\/blockquote>\n<h2><a class=\"dt-pswp-item\" href=\"https:\/\/www.radiopiu.net\/wordpress\/wp-content\/uploads\/2023\/06\/Belluno-di-sera-i-giovedi.jpg\" data-dt-img-description=\"\" data-large_image_width=\"1000\" data-large_image_height=\"750\"><img loading=\"lazy\" decoding=\"async\" class=\"size-medium wp-image-342240 alignleft\" src=\"https:\/\/www.radiopiu.net\/wordpress\/wp-content\/uploads\/2023\/06\/Belluno-di-sera-i-giovedi-300x225.jpg\" alt=\"\" width=\"300\" height=\"225\" srcset=\"https:\/\/www.radiopiu.net\/wordpress\/wp-content\/uploads\/2023\/06\/Belluno-di-sera-i-giovedi-300x225.jpg 300w, https:\/\/www.radiopiu.net\/wordpress\/wp-content\/uploads\/2023\/06\/Belluno-di-sera-i-giovedi-768x576.jpg 768w, https:\/\/www.radiopiu.net\/wordpress\/wp-content\/uploads\/2023\/06\/Belluno-di-sera-i-giovedi.jpg 1000w\" sizes=\"auto, (max-width: 300px) 100vw, 300px\" \/><\/a><\/h2>\n<p><strong>BELLUNO<\/strong> In alcune giornate, per incontri sulla natura morta al Museo Burel In occasione di alcuni incontri collegati alla mostra \u201cNatura morta. Jessica Moss\u201d, si rende necessaria l\u2019istituzione del divieto di sosta sullo stallo a pagamento antistante all\u2019ingresso del Museo Burel, in via Mezzaterra, all\u2019altezza del civico 49, nelle giornate 23, 24 e 30 novembre e 1, 7 e 8 dicembre, dalle ore 9.00 alle ore 19.00 di ciascuna giornata.<\/p>\n<blockquote>\n<h2>\u00a0Chiusura uffici Polizia locale<\/h2>\n<\/blockquote>\n<p><strong>BELLUNO\u00a0 <\/strong>Il 28 novembre e il 2 dicembre, gli uffici della Polizia locale saranno chiusi al pubblico, per permettere al personale di frequentare dei corsi di formazione. L\u2019attivit\u00e0 riprender\u00e0 regolarmente nelle altre giornate<\/p>\n<p>&nbsp;<\/p>\n<p>&nbsp;<\/p>\n<hr \/>\n<p>&nbsp;<\/p>\n<blockquote>\n<p data-pm-slice=\"1 1 []\"><strong>Concorso per 33 atleti nei gruppi sportivi Fiamme Oro della Polizia di Stato<\/strong><\/p>\n<\/blockquote>\n<p>Sul Portale Unico del reclutamento, all&#8217;indirizzo <a>www.inpa.gov.it<\/a> e sul sito <a>www.poliziadistato.it<\/a>, \u00e8 stato pubblicato il 14 novembre 2024 un bando di concorso pubblico per titoli, finalizzato all&#8217;assunzione di 33 atleti da destinare ai gruppi sportivi \u201cPolizia di Stato \u2013 Fiamme Oro\u201d. Gli atleti selezionati saranno inquadrati nel ruolo degli agenti e assistenti della Polizia di Stato, con qualifica di agente.<\/p>\n<p>&nbsp;<\/p>\n<p>&nbsp;<\/p>\n<hr \/>\n<p>&nbsp;<\/p>\n<blockquote>\n<h3><a class=\"dt-pswp-item\" href=\"https:\/\/www.radiopiu.net\/wordpress\/wp-content\/uploads\/2024\/11\/LANGLOIS-de-SWARTE_TAYLOR.png\" data-dt-img-description=\"\" data-large_image_width=\"1295\" data-large_image_height=\"884\"><img loading=\"lazy\" decoding=\"async\" class=\" wp-image-421023 alignleft\" src=\"https:\/\/www.radiopiu.net\/wordpress\/wp-content\/uploads\/2024\/11\/LANGLOIS-de-SWARTE_TAYLOR-300x205.png\" alt=\"\" width=\"193\" height=\"132\" srcset=\"https:\/\/www.radiopiu.net\/wordpress\/wp-content\/uploads\/2024\/11\/LANGLOIS-de-SWARTE_TAYLOR-300x205.png 300w, https:\/\/www.radiopiu.net\/wordpress\/wp-content\/uploads\/2024\/11\/LANGLOIS-de-SWARTE_TAYLOR-1024x699.png 1024w, https:\/\/www.radiopiu.net\/wordpress\/wp-content\/uploads\/2024\/11\/LANGLOIS-de-SWARTE_TAYLOR-768x524.png 768w, https:\/\/www.radiopiu.net\/wordpress\/wp-content\/uploads\/2024\/11\/LANGLOIS-de-SWARTE_TAYLOR.png 1295w\" sizes=\"auto, (max-width: 193px) 100vw, 193px\" \/><\/a>UN DUO INTERNAZIONALE IN SALA ZANARDELLI A BELLUNO<\/h3>\n<\/blockquote>\n<p><strong>BELLUNO<\/strong> Domani alle 20:30, nella Sala Zanardelli della Prefettura di Belluno, si terr\u00e0 il gran finale della 71\u00aa Stagione del Circolo Culturale Bellunese. Protagonisti Th\u00e9otime Langlois de Swarte (violino barocco) e Justin Taylor (clavicembalo), un duo di fama internazionale. L\u2019ingresso \u00e8 su invito, ritirabile presso Gomitolo d\u2019Oro (via 30 aprile 1, Belluno) durante gli orari di apertura. Per dettagli, contattare il numero +39 348 2684504 o scrivere a <a rel=\"noopener\">segreteriabelcircolo@gmail.com<\/a>.<\/p>\n<p>&nbsp;<\/p>\n<p>&nbsp;<\/p>\n<hr \/>\n<p>&nbsp;<\/p>\n<blockquote>\n<h3>UN WEBINAR SULL&#8217;INTELLIGENZA ARTIFICIALE<\/h3>\n<\/blockquote>\n<p><strong>BELLUNO<\/strong> Gioved\u00ec 28 novembre, dalle 18 alle 20, si terr\u00e0 un webinar gratuito al FabLab di Belluno del progetto &#8220;Dal virtuale al reale: I am here for you&#8221;. Quattro esperti esploreranno il ruolo dell&#8217;Intelligenza Artificiale nello sviluppo aziendale: supporto alle start-up (Francesco Cavestro), nuove professioni digitali (Niccol\u00f2 Boccagni), funzionamento dell&#8217;IA (Armand Thanasi) e rivoluzione creativa e di marketing (Davide Schizzi). L&#8217;evento \u00e8 aperto a tutti e offrir\u00e0 casi studio e testimonianze per sfruttare le tecnologie emergenti.<\/p>\n<p>&nbsp;<\/p>\n<p>&nbsp;<\/p>\n<hr \/>\n<p>&nbsp;<\/p>\n<hr \/>\n<p>&nbsp;<\/p>\n<p><strong><a class=\"dt-pswp-item\" href=\"https:\/\/www.radiopiu.net\/wordpress\/wp-content\/uploads\/2024\/11\/AMICI-MINERARI.png\" data-dt-img-description=\"\" data-large_image_width=\"209\" data-large_image_height=\"174\"><img loading=\"lazy\" decoding=\"async\" class=\"size-full wp-image-419180 alignleft\" src=\"https:\/\/www.radiopiu.net\/wordpress\/wp-content\/uploads\/2024\/11\/AMICI-MINERARI.png\" alt=\"\" width=\"209\" height=\"174\" \/><\/a>&#8220;Con gli Amici dei Minerari: Serate d&#8217;Inverno \u2013 un viaggio tra storia, scienza e meraviglie. Incontri presso la Sala con T\u00e0-Mis. Non mancare!&#8221;<\/strong><\/p>\n<ul>\n<li><em>Venerd\u00ec 20 dicembre, ore 20:30<\/em>: &#8220;La morfogenesi delle frane&#8221; \u2013 Relatore Prof. Vittorio Fenti.<\/li>\n<li><em>Venerd\u00ec 24 gennaio, ore 20:30<\/em>: &#8220;Il meraviglioso mondo dei fossili delle Dolomiti&#8221; \u2013 Relatore Danilo Giordano.<\/li>\n<li><em>Venerd\u00ec 21 febbraio, ore 20:30<\/em>: &#8220;Il traforo del Brennero: studio, progettazione e realizzazione&#8221; \u2013 Relatori Vittorio Fenti e Mario Guadagnini.<\/li>\n<\/ul>\n<p><strong>Vivi la cultura e la passione per la montagna!<\/strong><\/p>\n<p>&nbsp;<\/p>\n<p>&nbsp;<\/p>\n<hr \/>\n<p>&nbsp;<\/p>\n<blockquote>\n<h3><a class=\"dt-pswp-item\" href=\"https:\/\/www.radiopiu.net\/wordpress\/wp-content\/uploads\/2024\/11\/Unknown.jpeg\" data-dt-img-description=\"\" data-large_image_width=\"1080\" data-large_image_height=\"810\"><img loading=\"lazy\" decoding=\"async\" class=\" wp-image-421053 alignleft\" src=\"https:\/\/www.radiopiu.net\/wordpress\/wp-content\/uploads\/2024\/11\/Unknown-300x225.jpeg\" alt=\"\" width=\"191\" height=\"143\" srcset=\"https:\/\/www.radiopiu.net\/wordpress\/wp-content\/uploads\/2024\/11\/Unknown-300x225.jpeg 300w, https:\/\/www.radiopiu.net\/wordpress\/wp-content\/uploads\/2024\/11\/Unknown-1024x768.jpeg 1024w, https:\/\/www.radiopiu.net\/wordpress\/wp-content\/uploads\/2024\/11\/Unknown-768x576.jpeg 768w, https:\/\/www.radiopiu.net\/wordpress\/wp-content\/uploads\/2024\/11\/Unknown.jpeg 1080w\" sizes=\"auto, (max-width: 191px) 100vw, 191px\" \/><\/a>IL 30 NOVEMBRE DONNE IN PERICOLO A BELLUNO<\/h3>\n<\/blockquote>\n<p><strong>BELLUNO<\/strong> Vittoria Belvedere, Bendicta Boccoli e Debora Caprioglio (in ordine alfabetico) sabato 30 novembre alle 20.45 interpreteranno \u201cDONNE IN PERICOLO\u201d della commediografa americana Wendy MacLeod nel secondo appuntamento della 48ma Stagione di Prosa del Circolo Cultura e Stampa Bellunese. Lo spettacolo, che si preannuncia esilarante, sta raggiungendo il sold out: \u00e8 possibile acquistare i biglietti rimasti online dal sito <a href=\"http:\/\/www.circoloculturaestampabellunese.it\">www.circoloculturaestampabellunese.it<\/a>, oppure la sera dello spettacolo dalle 19.30 al Botteghino del Teatro Comunale.<\/p>\n<p>&nbsp;<\/p>\n<p>&nbsp;<\/p>\n<hr \/>\n<p>&nbsp;<\/p>\n<h2><span style=\"color: #ff6600;\">IERI ALLA RADIO<\/span><\/h2>\n<h2><span style=\"color: #008080;\">LA RASSEGNA STAMPA DA L&#8217;AMICO DEL POPOLO<\/span><\/h2>\n<p><strong><a class=\"dt-pswp-item\" href=\"https:\/\/www.radiopiu.net\/wordpress\/wp-content\/uploads\/2024\/11\/Senza-nome-101.png\" data-dt-img-description=\"\" data-large_image_width=\"173\" data-large_image_height=\"170\"><img loading=\"lazy\" decoding=\"async\" class=\" wp-image-421060 alignleft\" src=\"https:\/\/www.radiopiu.net\/wordpress\/wp-content\/uploads\/2024\/11\/Senza-nome-101.png\" alt=\"\" width=\"132\" height=\"130\" \/><\/a>DI GIANNI SANTOMASO<\/strong><\/p>\n<p>OSPITE: Anna Cubattoli<\/p>\n<audio class=\"wp-audio-shortcode\" id=\"audio-421157-12\" preload=\"none\" style=\"width: 100%;\" controls=\"controls\"><source type=\"audio\/mpeg\" src=\"https:\/\/www.radiopiu.net\/wordpress\/wp-content\/uploads\/2024\/11\/RASSEGNA-GIANNI-PER-SITO.mp3?_=12\" \/><a href=\"https:\/\/www.radiopiu.net\/wordpress\/wp-content\/uploads\/2024\/11\/RASSEGNA-GIANNI-PER-SITO.mp3\">https:\/\/www.radiopiu.net\/wordpress\/wp-content\/uploads\/2024\/11\/RASSEGNA-GIANNI-PER-SITO.mp3<\/a><\/audio>\n<p>&nbsp;<\/p>\n<h2><span style=\"color: #ff00ff;\">DUE MINUTI PER TE<\/span><\/h2>\n<p><strong><a class=\"dt-pswp-item\" href=\"https:\/\/www.radiopiu.net\/wordpress\/wp-content\/uploads\/2020\/12\/DON-GIORGIO-LISE.jpg\" data-dt-img-description=\"\" data-large_image_width=\"1600\" data-large_image_height=\"901\"><img loading=\"lazy\" decoding=\"async\" class=\" wp-image-177420 alignleft\" src=\"https:\/\/www.radiopiu.net\/wordpress\/wp-content\/uploads\/2020\/12\/DON-GIORGIO-LISE-300x169.jpg\" alt=\"\" width=\"217\" height=\"122\" srcset=\"https:\/\/www.radiopiu.net\/wordpress\/wp-content\/uploads\/2020\/12\/DON-GIORGIO-LISE-300x169.jpg 300w, https:\/\/www.radiopiu.net\/wordpress\/wp-content\/uploads\/2020\/12\/DON-GIORGIO-LISE-1024x577.jpg 1024w, https:\/\/www.radiopiu.net\/wordpress\/wp-content\/uploads\/2020\/12\/DON-GIORGIO-LISE-768x432.jpg 768w, https:\/\/www.radiopiu.net\/wordpress\/wp-content\/uploads\/2020\/12\/DON-GIORGIO-LISE-1536x865.jpg 1536w, https:\/\/www.radiopiu.net\/wordpress\/wp-content\/uploads\/2020\/12\/DON-GIORGIO-LISE.jpg 1600w\" sizes=\"auto, (max-width: 217px) 100vw, 217px\" \/><\/a>APPUNTAMENTO DELLA DOMENICA CON IL PENSIERO DI MONSIGNOR GIORGIO LISE<\/strong><\/p>\n<audio class=\"wp-audio-shortcode\" id=\"audio-421157-13\" preload=\"none\" style=\"width: 100%;\" controls=\"controls\"><source type=\"audio\/mpeg\" src=\"https:\/\/www.radiopiu.net\/wordpress\/wp-content\/uploads\/2024\/11\/DON-GIORGIO-SITO.mp3?_=13\" \/><a href=\"https:\/\/www.radiopiu.net\/wordpress\/wp-content\/uploads\/2024\/11\/DON-GIORGIO-SITO.mp3\">https:\/\/www.radiopiu.net\/wordpress\/wp-content\/uploads\/2024\/11\/DON-GIORGIO-SITO.mp3<\/a><\/audio>\n<p>&nbsp;<\/p>\n<p>&nbsp;<\/p>\n<hr \/>\n<p>&nbsp;<\/p>\n<blockquote class=\"wp-embedded-content\" data-secret=\"ygo1vrrhEs\"><p><a href=\"https:\/\/www.radiopiu.net\/wordpress\/piu-siamo-con-marina-settimana-dal-18-al-22-novembre-2024\/\">PIU&#8217; SIAMO&#8230;CON MARINA &#8211; SETTIMANA DAL 18 AL 22 NOVEMBRE 2024<\/a><\/p><\/blockquote>\n<p><iframe loading=\"lazy\" class=\"wp-embedded-content\" sandbox=\"allow-scripts\" security=\"restricted\" style=\"position: absolute; visibility: hidden;\" title=\"&#8220;PIU&#8217; SIAMO&#8230;CON MARINA &#8211; SETTIMANA DAL 18 AL 22 NOVEMBRE 2024&#8221; &#8212; Radio Pi\u00f9\" src=\"https:\/\/www.radiopiu.net\/wordpress\/piu-siamo-con-marina-settimana-dal-18-al-22-novembre-2024\/embed\/#?secret=ZdDJ18pHPV#?secret=ygo1vrrhEs\" data-secret=\"ygo1vrrhEs\" width=\"600\" height=\"338\" frameborder=\"0\" marginwidth=\"0\" marginheight=\"0\" scrolling=\"no\"><\/iframe><\/p>\n<p>&nbsp;<\/p>\n<hr \/>\n<p>&nbsp;<\/p>\n<blockquote>\n<h2>Concerto in memoria di Igor Roldo: solidariet\u00e0 e musica al Piccolo Teatro Pierobon<\/h2>\n<\/blockquote>\n<div class=\"flex-1 overflow-hidden\">\n<div class=\"h-full\">\n<div class=\"react-scroll-to-bottom--css-iaghl-79elbk h-full\">\n<div class=\"react-scroll-to-bottom--css-iaghl-1n7m0yu\">\n<div class=\"flex flex-col text-sm md:pb-9\">\n<article class=\"w-full scroll-mb-[var(--thread-trailing-height)] text-token-text-primary focus-visible:outline-2 focus-visible:outline-offset-[-4px]\" dir=\"auto\" data-testid=\"conversation-turn-27\" data-scroll-anchor=\"true\">\n<div class=\"m-auto text-base py-[18px] px-3 md:px-4 w-full md:px-5 lg:px-4 xl:px-5\">\n<div class=\"mx-auto flex flex-1 gap-4 text-base md:gap-5 lg:gap-6 md:max-w-3xl lg:max-w-[40rem] xl:max-w-[48rem]\">\n<div class=\"group\/conversation-turn relative flex w-full min-w-0 flex-col agent-turn\">\n<div class=\"flex-col gap-1 md:gap-3\">\n<div class=\"flex max-w-full flex-col flex-grow\">\n<div class=\"min-h-8 text-message flex w-full flex-col items-end gap-2 whitespace-normal break-words [.text-message+&amp;]:mt-5\" dir=\"auto\" data-message-author-role=\"assistant\" data-message-id=\"2f1985a1-38a8-441c-a356-ef2248e23e98\" data-message-model-slug=\"gpt-4o\">\n<div class=\"flex w-full flex-col gap-1 empty:hidden first:pt-[3px]\">\n<div class=\"markdown prose w-full break-words dark:prose-invert dark\">\n<p><strong><a class=\"dt-pswp-item\" href=\"https:\/\/www.radiopiu.net\/wordpress\/wp-content\/uploads\/2024\/11\/4-foto.jpg\" data-dt-img-description=\"\" data-large_image_width=\"1410\" data-large_image_height=\"1267\"><img loading=\"lazy\" decoding=\"async\" class=\"wp-image-419353 alignleft\" src=\"https:\/\/www.radiopiu.net\/wordpress\/wp-content\/uploads\/2024\/11\/4-foto-300x270.jpg\" alt=\"\" width=\"157\" height=\"141\" srcset=\"https:\/\/www.radiopiu.net\/wordpress\/wp-content\/uploads\/2024\/11\/4-foto-300x270.jpg 300w, https:\/\/www.radiopiu.net\/wordpress\/wp-content\/uploads\/2024\/11\/4-foto-1024x920.jpg 1024w, https:\/\/www.radiopiu.net\/wordpress\/wp-content\/uploads\/2024\/11\/4-foto-768x690.jpg 768w, https:\/\/www.radiopiu.net\/wordpress\/wp-content\/uploads\/2024\/11\/4-foto.jpg 1410w\" sizes=\"auto, (max-width: 157px) 100vw, 157px\" \/><\/a>PONTE NELLE ALPI<\/strong> Sabato 30 novembre, il Piccolo Teatro Pierobon ospiter\u00e0 un concerto in ricordo di Igor Roldo, scomparso un anno fa. Organizzato da WR Events e Comitato Pollicino, l&#8217;evento celebra la memoria di Roldo, 58 anni, noto dirigente del San Giorgio Calcio e ideatore del Festival musicale di Pian dei Castaldi. Considerato un talent scout, Roldo ha sempre supportato nuove formazioni musicali, promuovendo eventi per finanziare progetti solidali del Comitato Pollicino, dedicato ai bambini bisognosi di Petrosani, Romania. La serata sar\u00e0 animata dall\u2019Uncle Frank Project, composto da Franco De Poli, Alberto Mambrini, Andrea Cuzzuol e Mauro De Luca, noti per i loro concerti a scopo benefico. Sul palco, il quartetto racconter\u00e0 l\u2019evoluzione della chitarra attraverso diversi stili musicali, mostrando come questo strumento rimanga centrale nel sound moderno. Il concerto \u00e8 patrocinato dal Comune di Ponte nelle Alpi e prevede ingresso a offerta libera. Tutto il ricavato andr\u00e0 al Comitato Pollicino, proseguendo l\u2019impegno di Roldo nel coniugare musica e solidariet\u00e0.<\/p>\n<\/div>\n<\/div>\n<\/div>\n<\/div>\n<\/div>\n<\/div>\n<\/div>\n<\/div>\n<\/article>\n<\/div>\n<\/div>\n<\/div>\n<\/div>\n<\/div>\n<p>&nbsp;<\/p>\n<p>&nbsp;<\/p>\n<hr \/>\n<p>&nbsp;<\/p>\n<h2><span style=\"color: #ff0000;\"><a class=\"dt-pswp-item\" href=\"https:\/\/www.radiopiu.net\/wordpress\/wp-content\/uploads\/2018\/09\/appuntamenti.jpeg\" data-dt-img-description=\"\" data-large_image_width=\"800\" data-large_image_height=\"100\"><img loading=\"lazy\" decoding=\"async\" class=\"wp-image-61958 size-full aligncenter\" src=\"https:\/\/www.radiopiu.net\/wordpress\/wp-content\/uploads\/2018\/09\/appuntamenti.jpeg\" alt=\"\" width=\"800\" height=\"100\" srcset=\"https:\/\/www.radiopiu.net\/wordpress\/wp-content\/uploads\/2018\/09\/appuntamenti.jpeg 800w, https:\/\/www.radiopiu.net\/wordpress\/wp-content\/uploads\/2018\/09\/appuntamenti-300x38.jpeg 300w, https:\/\/www.radiopiu.net\/wordpress\/wp-content\/uploads\/2018\/09\/appuntamenti-768x96.jpeg 768w\" sizes=\"auto, (max-width: 800px) 100vw, 800px\" \/><\/a><\/span><\/h2>\n<p>&nbsp;<\/p>\n<div style=\"width: 1200px;\" class=\"wp-video\"><video class=\"wp-video-shortcode\" id=\"video-421157-3\" width=\"1200\" height=\"675\" preload=\"metadata\" controls=\"controls\"><source type=\"video\/mp4\" src=\"https:\/\/www.radiopiu.net\/wordpress\/wp-content\/uploads\/2024\/10\/WhatsApp-Video-2024-10-23-at-00.12.10.mp4?_=3\" \/><a href=\"https:\/\/www.radiopiu.net\/wordpress\/wp-content\/uploads\/2024\/10\/WhatsApp-Video-2024-10-23-at-00.12.10.mp4\">https:\/\/www.radiopiu.net\/wordpress\/wp-content\/uploads\/2024\/10\/WhatsApp-Video-2024-10-23-at-00.12.10.mp4<\/a><\/video><\/div>\n<p><strong>\u00a0<\/strong><\/p>\n<p><strong>SABATO E DOMENICA AL CINEMA DOLOMITI DI FALCADE IL FILM &#8220;CAMPO DI BATTAGLIA&#8221; SPETTACOLI ALLE 21, DOMENICA ANCHE ALLE 15:30<\/strong><\/p>\n<div class=\"flex-shrink-0 flex flex-col relative items-end\">\n<div class=\"pt-0\">\n<div class=\"gizmo-bot-avatar flex h-8 w-8 items-center justify-center overflow-hidden rounded-full\">\n<p class=\"relative p-1 rounded-sm flex items-center justify-center bg-token-main-surface-primary text-token-text-primary h-8 w-8\"><strong>CANALE D&#8217;AGORDO <\/strong>Jazzercise \u00e8 un allenamento ad alta intensit\u00e0 che combina danza, pilates, yoga e kickboxing, adatto a tutti i livelli di fitness. \u00c8 efficace per tonificare i muscoli, migliorare la postura e ottenere un fisico snello. Nell&#8217;Agordino, le lezioni si tengono a Canale d&#8217;Agordo, nella sala ex emigranti di via Lotta, il luned\u00ec dalle 18:15 alle 19:15 e il mercoled\u00ec dalle 18:30 alle 19:30. L&#8217;istruttrice certificata RaLuca ti aspetta per un allenamento coinvolgente al ritmo di musica attuale. Per informazioni: 347 9295478<\/p>\n<\/div>\n<\/div>\n<\/div>\n<p><strong>FALCADE<\/strong> Le cena della classe 1974 dei coscritti dell&#8217;<strong>Agordino<\/strong> si terr\u00e0\u00a0 sabato 30 novembre\u00a0 a Falcade, Hotel Stella Alpina. La cena e&#8217; aperta ai nati nel 1974 nei 16 comuni dell&#8217;Agordino, e sara&#8217; un&#8217;occasione di ritrovo,\u00a0 dopo tanto tempo e festeggiare il mezzo secolo.Info\u00a0 3478120853<\/p>\n<p><strong>BELLUNO <\/strong>Sabato 7 dicembre 2024 alle ore 17:30 in Sala Teatro al Giovanni 23mo di piazza Piloni a Belluno, l\u2019Associazione Liberal presieduta da Rosalba Schenal, invita a partecipare alla conferenza sul fallito attentato a Enrico Berlinguer. A 40 anni dalla morte del leader politico del Partito Comunista, l\u2019inchiesta rivela il piano dei servizi segreti bulgari e sovietici per uccidere Berlinguer, che con Aldo Moro aveva ipotizzato il compromesso storico e la via italiana al socialismo. Relatore della serata: Giovanni Fasanella, giornalista e scrittore, conduce: Franco Tosolini, ricercatore storico<\/p>\n<p><strong>CENCENIGHE\u00a0 <\/strong>SABATO 30 NOVEMBRE, DOMENICA 1 DICEMBRE A CENCENIGHE LA FESTA DI SANT&#8217;ANDREA CON PROLOCO E COMUNE.<br \/>\nAL NOF FILO&#8217; SABATO MERCATINO DELL&#8217;ARTIGIANATO DALLE 9 ALLE 19, SERVIZIO BAR E POSSIBILIT\u00e0 DI PRANZO CON PRODOTTI TIPICI. DALLE 16.30 SPETTACOLO DEL GRUPPO I BATI ORZ DA SAN TOMAS E APERITIVO DEI MAGNA MUS CON DJ JACK DOMENICA 1 DICEMBRE DALLE 10 ALLE 16 GIRI IN PONY E CAVALLO PER BAMBINI E RAGAZZI ESPOSIZIONE ANIMALI, DIMOSTRAZIONE DI SCULTURA CON LA MOTOSEGA E ALLE 16 IN SALA CONSILIARE DOLCE E SALATO, SPETTACOLO DI BURATTINI DDI SERGHEI FULLIN. CON GLI ALPINI VIN BRULE&#8217; E CALDARROSTE FIERA DI SANT&#8217;ANDREA DI CENCENIGHE SABATO 30 NOVEMBRE E DOMENICA 1 DICEMBRE CON IL CONTRIBUTO DI BIM COMUNI MONTANI<\/p>\n<p>&nbsp;<\/p>\n<div>\n<div class=\"\" dir=\"auto\">\n<div id=\":r9h:\" class=\"x1iorvi4 x1pi30zi x1l90r2v x1swvt13\" data-ad-comet-preview=\"message\" data-ad-preview=\"message\">\n\n\t\t\t<style type='text\/css'>\n\t\t\t\t#gallery-7 {\n\t\t\t\t\tmargin: auto;\n\t\t\t\t}\n\t\t\t\t#gallery-7 .gallery-item {\n\t\t\t\t\tfloat: left;\n\t\t\t\t\tmargin-top: 10px;\n\t\t\t\t\ttext-align: center;\n\t\t\t\t\twidth: 25%;\n\t\t\t\t}\n\t\t\t\t#gallery-7 img {\n\t\t\t\t\tborder: 2px solid #cfcfcf;\n\t\t\t\t}\n\t\t\t\t#gallery-7 .gallery-caption {\n\t\t\t\t\tmargin-left: 0;\n\t\t\t\t}\n\t\t\t\t\/* see gallery_shortcode() in wp-includes\/media.php *\/\n\t\t\t<\/style>\n\t\t<div id='gallery-7' class='dt-gallery-container gallery galleryid-421157 gallery-columns-4 gallery-size-thumbnail'><dl class='gallery-item'>\n\t\t\t\t<dt class='gallery-icon portrait'>\n\t\t\t\t\t<a class=\"rollover rollover-zoom dt-pswp-item\" title=\"Screenshot\" data-dt-img-description=\"\" data-large_image_width=\"1088\" data-large_image_height=\"1550\"href='https:\/\/www.radiopiu.net\/wordpress\/wp-content\/uploads\/2024\/11\/Cisl_ParlarePerSalvare_FlyerDigitale.jpg'><img loading=\"lazy\" decoding=\"async\" width=\"150\" height=\"150\" src=\"https:\/\/www.radiopiu.net\/wordpress\/wp-content\/uploads\/2024\/11\/Cisl_ParlarePerSalvare_FlyerDigitale-150x150.jpg\" class=\"attachment-thumbnail size-thumbnail\" alt=\"\" aria-describedby=\"gallery-7-420678\" \/><\/a>\n\t\t\t\t<\/dt>\n\t\t\t\t\t<dd class='wp-caption-text gallery-caption' id='gallery-7-420678'>\n\t\t\t\t\tScreenshot\n\t\t\t\t\t<\/dd><\/dl><dl class='gallery-item'>\n\t\t\t\t<dt class='gallery-icon portrait'>\n\t\t\t\t\t<a class=\"rollover rollover-zoom dt-pswp-item\" title=\"4448afab-7b66-4760-8c53-e411b845306d\" data-dt-img-description=\"\" data-large_image_width=\"1144\" data-large_image_height=\"1600\"href='https:\/\/www.radiopiu.net\/wordpress\/wp-content\/uploads\/2024\/11\/4448afab-7b66-4760-8c53-e411b845306d.jpg'><img loading=\"lazy\" decoding=\"async\" width=\"150\" height=\"150\" src=\"https:\/\/www.radiopiu.net\/wordpress\/wp-content\/uploads\/2024\/11\/4448afab-7b66-4760-8c53-e411b845306d-150x150.jpg\" class=\"attachment-thumbnail size-thumbnail\" alt=\"\" aria-describedby=\"gallery-7-419621\" \/><\/a>\n\t\t\t\t<\/dt>\n\t\t\t\t\t<dd class='wp-caption-text gallery-caption' id='gallery-7-419621'>\n\t\t\t\t\tIL FINE SETTIMANA A CAVIOLA\n\t\t\t\t\t<\/dd><\/dl><dl class='gallery-item'>\n\t\t\t\t<dt class='gallery-icon portrait'>\n\t\t\t\t\t<a class=\"rollover rollover-zoom dt-pswp-item\" title=\"Locandina Sant&#039;Andrea nuova\" data-dt-img-description=\"\" data-large_image_width=\"1890\" data-large_image_height=\"2646\"href='https:\/\/www.radiopiu.net\/wordpress\/wp-content\/uploads\/2024\/11\/Locandina-SantAndrea-nuova.png'><img loading=\"lazy\" decoding=\"async\" width=\"150\" height=\"150\" src=\"https:\/\/www.radiopiu.net\/wordpress\/wp-content\/uploads\/2024\/11\/Locandina-SantAndrea-nuova-150x150.png\" class=\"attachment-thumbnail size-thumbnail\" alt=\"\" \/><\/a>\n\t\t\t\t<\/dt><\/dl><dl class='gallery-item'>\n\t\t\t\t<dt class='gallery-icon portrait'>\n\t\t\t\t\t<a class=\"rollover rollover-zoom dt-pswp-item\" title=\"formula_3_loc\" data-dt-img-description=\"\" data-large_image_width=\"600\" data-large_image_height=\"821\"href='https:\/\/www.radiopiu.net\/wordpress\/wp-content\/uploads\/2024\/11\/formula_3_loc.jpg'><img loading=\"lazy\" decoding=\"async\" width=\"150\" height=\"150\" src=\"https:\/\/www.radiopiu.net\/wordpress\/wp-content\/uploads\/2024\/11\/formula_3_loc-150x150.jpg\" class=\"attachment-thumbnail size-thumbnail\" alt=\"\" aria-describedby=\"gallery-7-419609\" \/><\/a>\n\t\t\t\t<\/dt>\n\t\t\t\t\t<dd class='wp-caption-text gallery-caption' id='gallery-7-419609'>\n\t\t\t\t\tI FORMULA 3 A BELLUNO\n\t\t\t\t\t<\/dd><\/dl><br style=\"clear: both\" \/><dl class='gallery-item'>\n\t\t\t\t<dt class='gallery-icon portrait'>\n\t\t\t\t\t<a class=\"rollover rollover-zoom dt-pswp-item\" title=\"Ciao Igor copia\" data-dt-img-description=\"\" data-large_image_width=\"453\" data-large_image_height=\"640\"href='https:\/\/www.radiopiu.net\/wordpress\/wp-content\/uploads\/2024\/11\/Ciao-Igor-copia.jpeg'><img loading=\"lazy\" decoding=\"async\" width=\"150\" height=\"150\" src=\"https:\/\/www.radiopiu.net\/wordpress\/wp-content\/uploads\/2024\/11\/Ciao-Igor-copia-150x150.jpeg\" class=\"attachment-thumbnail size-thumbnail\" alt=\"\" aria-describedby=\"gallery-7-419352\" \/><\/a>\n\t\t\t\t<\/dt>\n\t\t\t\t\t<dd class='wp-caption-text gallery-caption' id='gallery-7-419352'>\n\t\t\t\t\tIN MEMORIA DI IGOR\n\t\t\t\t\t<\/dd><\/dl><dl class='gallery-item'>\n\t\t\t\t<dt class='gallery-icon portrait'>\n\t\t\t\t\t<a class=\"rollover rollover-zoom dt-pswp-item\" title=\"manifesto serate invernali\" data-dt-img-description=\"\" data-large_image_width=\"1683\" data-large_image_height=\"2383\"href='https:\/\/www.radiopiu.net\/wordpress\/wp-content\/uploads\/2024\/11\/manifesto-serate-invernali.jpg'><img loading=\"lazy\" decoding=\"async\" width=\"150\" height=\"150\" src=\"https:\/\/www.radiopiu.net\/wordpress\/wp-content\/uploads\/2024\/11\/manifesto-serate-invernali-150x150.jpg\" class=\"attachment-thumbnail size-thumbnail\" alt=\"\" aria-describedby=\"gallery-7-418816\" \/><\/a>\n\t\t\t\t<\/dt>\n\t\t\t\t\t<dd class='wp-caption-text gallery-caption' id='gallery-7-418816'>\n\t\t\t\t\t21 FEBBRAIO\n\t\t\t\t\t<\/dd><\/dl><dl class='gallery-item'>\n\t\t\t\t<dt class='gallery-icon portrait'>\n\t\t\t\t\t<a class=\"rollover rollover-zoom dt-pswp-item\" title=\"76cccd40-0603-419e-97ce-c76a73bfea49\" data-dt-img-description=\"\" data-large_image_width=\"1131\" data-large_image_height=\"1600\"href='https:\/\/www.radiopiu.net\/wordpress\/wp-content\/uploads\/2024\/11\/76cccd40-0603-419e-97ce-c76a73bfea49.jpg'><img loading=\"lazy\" decoding=\"async\" width=\"150\" height=\"150\" src=\"https:\/\/www.radiopiu.net\/wordpress\/wp-content\/uploads\/2024\/11\/76cccd40-0603-419e-97ce-c76a73bfea49-150x150.jpg\" class=\"attachment-thumbnail size-thumbnail\" alt=\"\" \/><\/a>\n\t\t\t\t<\/dt><\/dl><dl class='gallery-item'>\n\t\t\t\t<dt class='gallery-icon landscape'>\n\t\t\t\t\t<a class=\"rollover rollover-zoom dt-pswp-item\" title=\"0abbc826-bb45-4385-b009-d3e07ffc47d6\" data-dt-img-description=\"\" data-large_image_width=\"1080\" data-large_image_height=\"1080\"href='https:\/\/www.radiopiu.net\/wordpress\/wp-content\/uploads\/2024\/11\/0abbc826-bb45-4385-b009-d3e07ffc47d6.jpg'><img loading=\"lazy\" decoding=\"async\" width=\"150\" height=\"150\" src=\"https:\/\/www.radiopiu.net\/wordpress\/wp-content\/uploads\/2024\/11\/0abbc826-bb45-4385-b009-d3e07ffc47d6-150x150.jpg\" class=\"attachment-thumbnail size-thumbnail\" alt=\"\" aria-describedby=\"gallery-7-420917\" srcset=\"https:\/\/www.radiopiu.net\/wordpress\/wp-content\/uploads\/2024\/11\/0abbc826-bb45-4385-b009-d3e07ffc47d6-150x150.jpg 150w, https:\/\/www.radiopiu.net\/wordpress\/wp-content\/uploads\/2024\/11\/0abbc826-bb45-4385-b009-d3e07ffc47d6-300x300.jpg 300w, https:\/\/www.radiopiu.net\/wordpress\/wp-content\/uploads\/2024\/11\/0abbc826-bb45-4385-b009-d3e07ffc47d6-1024x1024.jpg 1024w, https:\/\/www.radiopiu.net\/wordpress\/wp-content\/uploads\/2024\/11\/0abbc826-bb45-4385-b009-d3e07ffc47d6-768x768.jpg 768w, https:\/\/www.radiopiu.net\/wordpress\/wp-content\/uploads\/2024\/11\/0abbc826-bb45-4385-b009-d3e07ffc47d6.jpg 1080w\" sizes=\"auto, (max-width: 150px) 100vw, 150px\" \/><\/a>\n\t\t\t\t<\/dt>\n\t\t\t\t\t<dd class='wp-caption-text gallery-caption' id='gallery-7-420917'>\n\t\t\t\t\ta taibon il 28\n\t\t\t\t\t<\/dd><\/dl><br style=\"clear: both\" \/><dl class='gallery-item'>\n\t\t\t\t<dt class='gallery-icon portrait'>\n\t\t\t\t\t<a class=\"rollover rollover-zoom dt-pswp-item\" title=\"3b619ed3-7b41-4743-902b-03a8621cd61a\" data-dt-img-description=\"\" data-large_image_width=\"1131\" data-large_image_height=\"1600\"href='https:\/\/www.radiopiu.net\/wordpress\/wp-content\/uploads\/2024\/11\/3b619ed3-7b41-4743-902b-03a8621cd61a.jpg'><img loading=\"lazy\" decoding=\"async\" width=\"150\" height=\"150\" src=\"https:\/\/www.radiopiu.net\/wordpress\/wp-content\/uploads\/2024\/11\/3b619ed3-7b41-4743-902b-03a8621cd61a-150x150.jpg\" class=\"attachment-thumbnail size-thumbnail\" alt=\"\" aria-describedby=\"gallery-7-421299\" \/><\/a>\n\t\t\t\t<\/dt>\n\t\t\t\t\t<dd class='wp-caption-text gallery-caption' id='gallery-7-421299'>\n\t\t\t\t\tAL DE TONI DI ALLEGHE\n\t\t\t\t\t<\/dd><\/dl><dl class='gallery-item'>\n\t\t\t\t<dt class='gallery-icon portrait'>\n\t\t\t\t\t<a class=\"rollover rollover-zoom dt-pswp-item\" title=\"locandina Insieme e\u0300 piu\u0300 bello\" data-dt-img-description=\"\" data-large_image_width=\"1131\" data-large_image_height=\"1600\"href='https:\/\/www.radiopiu.net\/wordpress\/wp-content\/uploads\/2024\/11\/locandina-Insieme-e-piu-bello.jpg'><img loading=\"lazy\" decoding=\"async\" width=\"150\" height=\"150\" src=\"https:\/\/www.radiopiu.net\/wordpress\/wp-content\/uploads\/2024\/11\/locandina-Insieme-e-piu-bello-150x150.jpg\" class=\"attachment-thumbnail size-thumbnail\" alt=\"\" aria-describedby=\"gallery-7-421314\" \/><\/a>\n\t\t\t\t<\/dt>\n\t\t\t\t\t<dd class='wp-caption-text gallery-caption' id='gallery-7-421314'>\n\t\t\t\t\tINSIEME A SAN GREGORIO\n\t\t\t\t\t<\/dd><\/dl><dl class='gallery-item'>\n\t\t\t\t<dt class='gallery-icon portrait'>\n\t\t\t\t\t<a class=\"rollover rollover-zoom dt-pswp-item\" title=\"Senza nome\" data-dt-img-description=\"\" data-large_image_width=\"609\" data-large_image_height=\"690\"href='https:\/\/www.radiopiu.net\/wordpress\/wp-content\/uploads\/2024\/11\/Senza-nome-105.png'><img loading=\"lazy\" decoding=\"async\" width=\"150\" height=\"150\" src=\"https:\/\/www.radiopiu.net\/wordpress\/wp-content\/uploads\/2024\/11\/Senza-nome-105-150x150.png\" class=\"attachment-thumbnail size-thumbnail\" alt=\"\" aria-describedby=\"gallery-7-421384\" \/><\/a>\n\t\t\t\t<\/dt>\n\t\t\t\t\t<dd class='wp-caption-text gallery-caption' id='gallery-7-421384'>\n\t\t\t\t\tGRUPPO SPORTIVO TAIBON\n\t\t\t\t\t<\/dd><\/dl>\n\t\t\t\t<br style='clear: both' \/>\n\t\t\t<\/div>\n\n<\/div>\n<\/div>\n<\/div>\n<p>&nbsp;<\/p>\n<hr \/>\n<p>&nbsp;<\/p>\n<p class=\"mceTemp\"><a class=\"dt-pswp-item\" href=\"https:\/\/www.radiopiu.net\/wordpress\/wp-content\/uploads\/2018\/09\/WhatsApp-Image-2018-09-20-at-16.04.06.jpeg\" data-dt-img-description=\"\" data-large_image_width=\"800\" data-large_image_height=\"100\"><img loading=\"lazy\" decoding=\"async\" class=\"wp-image-61378 size-full aligncenter\" src=\"https:\/\/www.radiopiu.net\/wordpress\/wp-content\/uploads\/2018\/09\/WhatsApp-Image-2018-09-20-at-16.04.06.jpeg\" alt=\"\" width=\"800\" height=\"100\" srcset=\"https:\/\/www.radiopiu.net\/wordpress\/wp-content\/uploads\/2018\/09\/WhatsApp-Image-2018-09-20-at-16.04.06.jpeg 800w, https:\/\/www.radiopiu.net\/wordpress\/wp-content\/uploads\/2018\/09\/WhatsApp-Image-2018-09-20-at-16.04.06-300x38.jpeg 300w, https:\/\/www.radiopiu.net\/wordpress\/wp-content\/uploads\/2018\/09\/WhatsApp-Image-2018-09-20-at-16.04.06-768x96.jpeg 768w\" sizes=\"auto, (max-width: 800px) 100vw, 800px\" \/><\/a><\/p>\n<p><center><\/center><center><\/center><center><b>\u00a0<\/b><\/center><center><b>OGGI<\/b><\/center>Sulle Dolomiti tempo stabile e in prevalenza soleggiato, sulle Prealpi, invece, poco soleggiato con cielo in prevalenza irregolarmente nuvoloso per la formazione di nubi basse nelle ore fredde in molte valli e per il transito di nubi medio-alte.<br \/>\n<b>Precipitazioni: <\/b>Assenti<br \/>\n<b>Temperature: <\/b>In ulteriore ripresa soprattutto le minime e in alta montagna, salvo risultare in questo settore stazionarie le massime, con forte inversione termica nelle valli nelle ore fredde, anche persistente nelle ore diurne in quelle chiuse e poco soleggiate. Valori termici superiori alla norma specie in alta montagna<\/p>\n<hr \/>\n<p><center><b>DOMANI<\/b><\/center>Cielo irregolarmente nuvoloso per la formazione di nubi basse durante le ore fredde e per il transito di nubi medio alte, associate a modesti fenomeni sparsi. Clima umido e tipicamente autunnale.<br \/>\n<b>Precipitazioni: <\/b>Sulle Prealpi possibili deboli e modeste precipitazioni sparse, sulle Dolomiti non del tutto escluse specie nel pomeriggio perlopi\u00f9 deboli e a carattere locale<br \/>\n<b>Temperature: <\/b>In prevalenza senza notevoli variazioni salvo risultare in diminuzione in quota; attenuazione dell&#8217;inversione termica nelle valli.<\/p>\n<hr \/>\n<p><center><b>MERCOLEDI<\/b><\/center>Tempo variabile a tratti leggermente instabile specie al mattino con possibili precipitazioni di entit\u00e0 modesta. Nel pomeriggio relativamente pi\u00f9 soleggiato in un contesto ancora nuvoloso e umido con intensificazione delle nubi basse nelle ore fredde in molte valli. Temperature in lieve calo ad eccezione delle massime nelle valli che saranno in lieve aumento.<\/p>\n<hr \/>\n<p><center><b>GIOVEDI<\/b><\/center>Tempo variabile con annuvolamenti e qualche schiarita e fenomeni generalmente assenti, anche se non sar\u00e0 del tutto esclusa qualche modesta precipitazione, in un contesto in prevalenza ancora molto umido e con possibili formazioni di nubi basse nelle ore pi\u00f9 fredde in molte valli. Temperature minime in diminuzione, massime senza notevoli variazioni<\/p>\n<p>&nbsp;<\/p>\n<hr \/>\n<p>&nbsp;<\/p>\n<p>&nbsp;<\/p>\n<p class=\"mceTemp\"><a class=\"dt-pswp-item\" href=\"https:\/\/www.radiopiu.net\/wordpress\/wp-content\/uploads\/2018\/09\/sport.jpg\" data-dt-img-description=\"\" data-large_image_width=\"800\" data-large_image_height=\"100\"><img loading=\"lazy\" decoding=\"async\" class=\"aligncenter wp-image-60761 size-full\" src=\"https:\/\/www.radiopiu.net\/wordpress\/wp-content\/uploads\/2018\/09\/sport.jpg\" alt=\"\" width=\"800\" height=\"100\" srcset=\"https:\/\/www.radiopiu.net\/wordpress\/wp-content\/uploads\/2018\/09\/sport.jpg 800w, https:\/\/www.radiopiu.net\/wordpress\/wp-content\/uploads\/2018\/09\/sport-300x38.jpg 300w, https:\/\/www.radiopiu.net\/wordpress\/wp-content\/uploads\/2018\/09\/sport-768x96.jpg 768w\" sizes=\"auto, (max-width: 800px) 100vw, 800px\" \/><\/a><span style=\"color: #0000ff;\"><strong>\u00a0 \u00a0 \u00a0 \u00a0 \u00a0 \u00a0 \u00a0\u00a0<\/strong><\/span><\/p>\n<p><span style=\"color: #0000ff;\"><strong>HOCKEY SU GHIACCIO<\/strong><\/span><\/p>\n<blockquote>\n<h3>L&#8217;ALLEGHE SUPERA IL PERGINE ALL&#8217;OVERTIME, IL FELTRE CROLLA AD AOSTA<\/h3>\n<\/blockquote>\n<p><strong>DI MARCO GAZ<\/strong><\/p>\n<p><span style=\"color: #ff0000;\"><strong>IHL \u2013 16\u00b0 GIORNATA<\/strong><\/span><\/p>\n<p><strong>ALLEGHE \u2013 PERGINE 5-4 dot<\/strong><\/p>\n<p>PARZIALI: 0-2, 2-1, 2-1, 1-0<\/p>\n<p>GOL: pt. 3\u201959\u201d Andreotti, 6\u201917\u201d Bitetto. st. 6\u201902\u201d e 12\u201911\u201d Iori, 13\u201928\u201d Covi. tt. 14\u201915\u201d Martini, 17\u201916\u201d Alessio, 17\u201941\u201d Monteleone. ot. 4\u201939\u201d Aleksandrov<\/p>\n<p>Dopo una partita combattuta, l\u2019Alleghe torna a vincere e lo fa all\u2019overtime contro un Pergine mai domo capace di rimanere in partita anche grazie a qualche aiutino da parte degli arbitri. Le civette giocano con anima e corpo portando a casa il punto aggiuntivo dopo un overtime combattutissimo e carico di cambi di fronte. Ottima prestazione di Diego \u201cEl Diablo\u201d Iori che si presenta al De Toni mettendo a segno una doppietta. Punti importanti per gli agordini alla caccia di un posto nel master round e gioved\u00ec di nuovo in campo per affrontare l\u2019Appiano al De Toni di Alleghe. Si gioca subito a viso aperto e l\u2019Alleghe si avvicina al gol. Ma a sbloccare la partita ci pensano i trentini che alla prima penalit\u00e0 a favore trova la rete del vantaggio con Andreotti. Le linci ci prendono gusto e approfittano di una disattenzione difensiva per raddoppiare con Bitetto. Le civette faticano ad impensierire il golie avversario, anche in superiorit\u00e0 numerica. Gli agordini ci provano ma non riescono ad accorciare le distanze. Anche nel secondo tempo l\u2019Alleghe stenta a macinare gioco. Ad accorciare le distanze ci pensa il neoacquisto Diego Iori che coglie al volo l\u2019assist di Makela per spedire il puck alle spalle del golie trentino. Prendono coraggio le civette che continuano a rendersi pericolose. Agordini che pareggiano i conti con un tiro di Aleksanrov deviato da Iori sotto porta. \u00a0Ma il Pergine risponde immediatamente portandosi di nuovo avanti grazie a Covi che approfitta di una disattenzione difensiva per punire Scola. Nella terza frazione i padroni di casa spingono alla ricerca del pareggio. Le occasioni non mancano ma la porta trentina sembra stregata. Gli animi si scaldano e gli arbitri ci mettono lo zampino. Fioccano penalit\u00e0 da entrambe le parti ma ad essere avvantaggiati sono gli agordini che sfruttano il powerplay con Martini che trova il pareggio dopo una serie di conclusioni parate dal golie avversario. Le civette, galvanizzate dal gol, tengono in mano la partita e a 3\u2019 dal termine trovano il gol del vantaggio con una splendida conclusione in diagonale di Alessio. Ultimi minuti al cardiopalma con i trentini che trovano il gol aiutati da una decisione arbitrale che non assegnano un fuorigioco plateale ben segnalata dall\u2019iceman. \u00a0Si va all\u2019overtime con le squadre che danno spettacolo e a decidere la sfida ci pensa Aleksandrov a pochi secondi dal termine della gara.<\/p>\n<p><strong>LE FOTO DI MATTEO FLORIDIA<\/strong><\/p>\n\n\t\t\t<style type='text\/css'>\n\t\t\t\t#gallery-8 {\n\t\t\t\t\tmargin: auto;\n\t\t\t\t}\n\t\t\t\t#gallery-8 .gallery-item {\n\t\t\t\t\tfloat: left;\n\t\t\t\t\tmargin-top: 10px;\n\t\t\t\t\ttext-align: center;\n\t\t\t\t\twidth: 14%;\n\t\t\t\t}\n\t\t\t\t#gallery-8 img {\n\t\t\t\t\tborder: 2px solid #cfcfcf;\n\t\t\t\t}\n\t\t\t\t#gallery-8 .gallery-caption {\n\t\t\t\t\tmargin-left: 0;\n\t\t\t\t}\n\t\t\t\t\/* see gallery_shortcode() in wp-includes\/media.php *\/\n\t\t\t<\/style>\n\t\t<div id='gallery-8' class='dt-gallery-container gallery galleryid-421157 gallery-columns-7 gallery-size-thumbnail'><dl class='gallery-item'>\n\t\t\t\t<dt class='gallery-icon landscape'>\n\t\t\t\t\t<a class=\"rollover rollover-zoom dt-pswp-item\" title=\"D3S_9814\" data-dt-img-description=\"\" data-large_image_width=\"2560\" data-large_image_height=\"1780\"href='https:\/\/www.radiopiu.net\/wordpress\/wp-content\/uploads\/2024\/11\/D3S_9814-scaled.jpg'><img loading=\"lazy\" decoding=\"async\" width=\"150\" height=\"150\" src=\"https:\/\/www.radiopiu.net\/wordpress\/wp-content\/uploads\/2024\/11\/D3S_9814-150x150.jpg\" class=\"attachment-thumbnail size-thumbnail\" alt=\"\" \/><\/a>\n\t\t\t\t<\/dt><\/dl><dl class='gallery-item'>\n\t\t\t\t<dt class='gallery-icon portrait'>\n\t\t\t\t\t<a class=\"rollover rollover-zoom dt-pswp-item\" title=\"D3S_9815\" data-dt-img-description=\"\" data-large_image_width=\"1917\" data-large_image_height=\"2560\"href='https:\/\/www.radiopiu.net\/wordpress\/wp-content\/uploads\/2024\/11\/D3S_9815-scaled.jpg'><img loading=\"lazy\" decoding=\"async\" width=\"150\" height=\"150\" src=\"https:\/\/www.radiopiu.net\/wordpress\/wp-content\/uploads\/2024\/11\/D3S_9815-150x150.jpg\" class=\"attachment-thumbnail size-thumbnail\" alt=\"\" \/><\/a>\n\t\t\t\t<\/dt><\/dl><dl class='gallery-item'>\n\t\t\t\t<dt class='gallery-icon portrait'>\n\t\t\t\t\t<a class=\"rollover rollover-zoom dt-pswp-item\" title=\"D3S_9818\" data-dt-img-description=\"\" data-large_image_width=\"1932\" data-large_image_height=\"2560\"href='https:\/\/www.radiopiu.net\/wordpress\/wp-content\/uploads\/2024\/11\/D3S_9818-scaled.jpg'><img loading=\"lazy\" decoding=\"async\" width=\"150\" height=\"150\" src=\"https:\/\/www.radiopiu.net\/wordpress\/wp-content\/uploads\/2024\/11\/D3S_9818-150x150.jpg\" class=\"attachment-thumbnail size-thumbnail\" alt=\"\" \/><\/a>\n\t\t\t\t<\/dt><\/dl><dl class='gallery-item'>\n\t\t\t\t<dt class='gallery-icon landscape'>\n\t\t\t\t\t<a class=\"rollover rollover-zoom dt-pswp-item\" title=\"D3S_9839\" data-dt-img-description=\"\" data-large_image_width=\"2489\" data-large_image_height=\"1764\"href='https:\/\/www.radiopiu.net\/wordpress\/wp-content\/uploads\/2024\/11\/D3S_9839.jpg'><img loading=\"lazy\" decoding=\"async\" width=\"150\" height=\"150\" src=\"https:\/\/www.radiopiu.net\/wordpress\/wp-content\/uploads\/2024\/11\/D3S_9839-150x150.jpg\" class=\"attachment-thumbnail size-thumbnail\" alt=\"\" \/><\/a>\n\t\t\t\t<\/dt><\/dl><dl class='gallery-item'>\n\t\t\t\t<dt class='gallery-icon landscape'>\n\t\t\t\t\t<a class=\"rollover rollover-zoom dt-pswp-item\" title=\"D3S_9842\" data-dt-img-description=\"\" data-large_image_width=\"2560\" data-large_image_height=\"1762\"href='https:\/\/www.radiopiu.net\/wordpress\/wp-content\/uploads\/2024\/11\/D3S_9842-scaled.jpg'><img loading=\"lazy\" decoding=\"async\" width=\"150\" height=\"150\" src=\"https:\/\/www.radiopiu.net\/wordpress\/wp-content\/uploads\/2024\/11\/D3S_9842-150x150.jpg\" class=\"attachment-thumbnail size-thumbnail\" alt=\"\" \/><\/a>\n\t\t\t\t<\/dt><\/dl><dl class='gallery-item'>\n\t\t\t\t<dt class='gallery-icon landscape'>\n\t\t\t\t\t<a class=\"rollover rollover-zoom dt-pswp-item\" title=\"D3S_9851\" data-dt-img-description=\"\" data-large_image_width=\"2560\" data-large_image_height=\"1986\"href='https:\/\/www.radiopiu.net\/wordpress\/wp-content\/uploads\/2024\/11\/D3S_9851-scaled.jpg'><img loading=\"lazy\" decoding=\"async\" width=\"150\" height=\"150\" src=\"https:\/\/www.radiopiu.net\/wordpress\/wp-content\/uploads\/2024\/11\/D3S_9851-150x150.jpg\" class=\"attachment-thumbnail size-thumbnail\" alt=\"\" \/><\/a>\n\t\t\t\t<\/dt><\/dl><dl class='gallery-item'>\n\t\t\t\t<dt class='gallery-icon landscape'>\n\t\t\t\t\t<a class=\"rollover rollover-zoom dt-pswp-item\" title=\"D3S_9885\" data-dt-img-description=\"\" data-large_image_width=\"2560\" data-large_image_height=\"1840\"href='https:\/\/www.radiopiu.net\/wordpress\/wp-content\/uploads\/2024\/11\/D3S_9885-scaled.jpg'><img loading=\"lazy\" decoding=\"async\" width=\"150\" height=\"150\" src=\"https:\/\/www.radiopiu.net\/wordpress\/wp-content\/uploads\/2024\/11\/D3S_9885-150x150.jpg\" class=\"attachment-thumbnail size-thumbnail\" alt=\"\" \/><\/a>\n\t\t\t\t<\/dt><\/dl><br style=\"clear: both\" \/>\n\t\t\t<\/div>\n\n<p>&nbsp;<\/p>\n<p><strong>AOSTA \u2013 FELTRE 7-3<\/strong><\/p>\n<p>PARZIALI: 2-1, 2-0, 3-2<\/p>\n<p>GOL: pt. 1\u201930\u201d e 3\u201942\u201d De Toni, 19\u201919\u201d Korkiakoski. st. 4\u201902\u201d e 7\u201957\u201d De Toni. tt. 3\u201915\u201d Buono, 8\u201910\u201d Kadlec, 12\u201940\u201d De Toni, 16\u201954\u201d Atamanchuk, 19\u201901\u201d Lysenko<\/p>\n<p>Il Feltre crolla ad Aosta e perde l\u2019occasione di agguantare i valdostani al secondo posto in classifica. Padroni di casa trascinati da uno scatenato De Toni che rifila ben cinque marcature ai feltrini. Una prestazione da dimenticare in fretta per i picchi che gioved\u00ec giocheranno in casa con il Bressanone. Inizia male la sfida per il Feltre che dopo appena 3\u2019 si trova sotto di due reti, entrambe a firma dell\u2019ex alleghese Edgar De Toni. Dopo il momento no, i picchi entrano in partita ed accorciano le distanze a fine primo tempo. Nel secondo drittel l\u2019Aosta trova di nuovo il gol e ancora una volta \u00e8 De Toni che punisce i feltrini. Lo stesso De Toni cala il poker per i valdostani. Aosata che chiude definitivamente la sfida nel terzo tempo con Buono e De Toni. Per i picchi c\u2019\u00e8 spazio ancora per la rete di Kadlec e Atamanchuk. Lysenko chiude la sfida nel finale.<\/p>\n<p>&nbsp;<\/p>\n<p><span style=\"color: #0000ff;\"><strong>CALCIO<\/strong><\/span><\/p>\n<blockquote>\n<h3>L&#8217;AGORDINA VINCE CON IL CORTINA. BENE IL SETTORE GIOVANILE<\/h3>\n<\/blockquote>\n<p><strong><a class=\"dt-pswp-item\" href=\"https:\/\/www.radiopiu.net\/wordpress\/wp-content\/uploads\/2021\/11\/CALCIO-2021.jpg\" data-dt-img-description=\"\" data-large_image_width=\"2560\" data-large_image_height=\"1707\"><img loading=\"lazy\" decoding=\"async\" class=\" wp-image-242798 alignleft\" src=\"https:\/\/www.radiopiu.net\/wordpress\/wp-content\/uploads\/2021\/11\/CALCIO-2021-300x200.jpg\" alt=\"\" width=\"212\" height=\"141\" srcset=\"https:\/\/www.radiopiu.net\/wordpress\/wp-content\/uploads\/2021\/11\/CALCIO-2021-300x200.jpg 300w, https:\/\/www.radiopiu.net\/wordpress\/wp-content\/uploads\/2021\/11\/CALCIO-2021-1024x683.jpg 1024w, https:\/\/www.radiopiu.net\/wordpress\/wp-content\/uploads\/2021\/11\/CALCIO-2021-768x512.jpg 768w, https:\/\/www.radiopiu.net\/wordpress\/wp-content\/uploads\/2021\/11\/CALCIO-2021-1536x1024.jpg 1536w, https:\/\/www.radiopiu.net\/wordpress\/wp-content\/uploads\/2021\/11\/CALCIO-2021-2048x1366.jpg 2048w\" sizes=\"auto, (max-width: 212px) 100vw, 212px\" \/><\/a>DI MARCO GAZ<\/strong><\/p>\n<p><span style=\"color: #ff0000;\"><strong>TERZA CATEGORIA<\/strong><\/span><\/p>\n<p><strong>AGORDINA \u2013 CORTINA 4-3<\/strong><\/p>\n<p><strong>GOL: Casera, 2 Selle, De Luca<\/strong><\/p>\n<p>Dopo un periodo da dimenticare, l\u2019Agordina torna a vincere e lo fa tra le mura amiche contro il Cortina. Un match giocato bene dalla compagine allenata da Chiea che entra in campo con l\u2019atteggiamento giusto in una sfida che era decisiva per il proseguo della stagione. A sboccare il punteggio ci pensa casera ma un minuto dopo gli ampezzani pareggiano i conti e si va al riposo su l\u20191 a 1. Nella ripresa Ci pensa selle a riportare avanti la squadra di Agordo ma il Cortina non si fa sorprendere e pareggia di nuovo i conti. Agordina che trova la rete del nuovo vantaggio ancora una volta con Selle e agordini che calano il poker con De Luca. In pieno recupero gli ospiti accorciano le distanze ma i 3 punti vanno ai padroni di casa. Ora la testa a domenica prossima quando i ragazzi di Chiea saranno chiamati ad un\u2019altra sfida importante contro la Valzoldana<\/p>\n<p><strong>LA CLASSIFICA:<\/strong> Fortogna 25, Auronzo e Alpes Cesio 22, Fulgor Farra 20, Piave 19, Tambre 17, Dynamo Vellai 16, Valzoldana 15, Lamonese 14, Agordina e Cortina 12, Bellunese 4, Cadore 3, Valboite 1.<\/p>\n<p><span style=\"color: #008000;\"><strong>GIOVANILI AGORDINA<\/strong><\/span><\/p>\n<p><span style=\"color: #ff0000;\"><strong>JUNIORES<\/strong><\/span><\/p>\n<p><strong>AGORDINA \u2013 LIMANA 5-2<\/strong><\/p>\n<p>Partita dai due volti per l&#8217;Agordina, che inizia sottotono e subisce il vantaggio del Limana su azione da calcio d&#8217;angolo. Alchini riporta la parit\u00e0 al 45&#8242; con un pallonetto preciso, ma allo scadere del primo tempo un errore difensivo permette agli ospiti di tornare avanti. Nella ripresa, per\u00f2, l&#8217;Agordina cambia marcia: Fontanive firma il pareggio, Favero completa il sorpasso e una doppietta di Marchi mette in cassaforte un prezioso 5-2. Vittoria di carattere per i padroni di casa, che dimostrano grande spirito di squadra nel secondo tempo.<\/p>\n<p><span style=\"color: #ff0000;\"><strong>ALLIEVI<\/strong><\/span><\/p>\n<p><strong>DYNAMO VELLAI \u2013 AGORDINA 2-4<\/strong><\/p>\n<p>L&#8217;Agordina vince soffrendo contro la Dinamo Vellai. Gli ospiti passano in vantaggio al 9&#8242; con un tiro a giro sul secondo palo, ma l&#8217;Agordina pareggia cinque minuti dopo grazie a un tiro-cross di Serafini. Il primo tempo si chiude sull\u20191-1. Nella ripresa, al 50\u2019, De Col realizza un gol fortunoso su punizione, con la palla che, dopo aver colpito la traversa, rimbalza sulla schiena del portiere e finisce in rete. Al 77\u2019, Soccol si inventa una splendida azione personale, dribblando tutta la difesa e superando il portiere. Mezzacasa sigilla il risultato con un gol al termine del tempo regolamentare su una palla filtrante. La Dinamo accorcia al 95\u2019 con un tap-in, ma non basta: finisce 4-2 per l&#8217;Agordina.<\/p>\n<p><span style=\"color: #ff0000;\"><strong>GIOVANISSIMI<\/strong><\/span><\/p>\n<p><strong>GIRONE A<\/strong><\/p>\n<p><strong>PIAVE \u2013 AGORDINA 0-8<\/strong><\/p>\n<p>Netta vittoria per i ragazzi dell&#8217;Agordina che tornano da Salce con i tre punti. La squadra di Agordo ha patito un avvio un po&#8217; sottotono, tanto che solo al 15\u00b0 \u00e8 riuscita a passare in vantaggio con un gol di Emre Chenet. Da l\u00ec, la squadra si \u00e8 sbloccata, giocando con maggiore fluidit\u00e0 ed efficacia. In rapida successione, infatti, il raddoppio a firma di Riccardo Tibolla, il gol di Simone Andrich, di nuovo impeccabile su calcio di rigore, e la realizzazione di capitan Rudatis con una ubriacante azione personale che lo ha portato a tu per tu con il portiere avversario, il quale non ha avuto scampo. Ci ha pensato poi Dherek dell&#8217;Osbel a firmare la doppietta con cui si \u00e8 concluso il primo tempo. Nella seconda frazione le altre due marcature a firma di Manuel Luciani e di Angelo Groppa, finalmente di nuovo disponibile dopo un fastidioso infortunio. Ora ci sar\u00e0 soltanto il tempo per una rifinitura, in quanto marted\u00ec la squadra sar\u00e0 nuovamente in campo, per il recupero contro lo Schiara.<\/p>\n<p><strong>GIRONE B<\/strong><\/p>\n<p><strong>AGORDINA SQUADRA B TURNO DI RIPOSO<\/strong><\/p>\n<blockquote class=\"wp-embedded-content\" data-secret=\"sjGyWHsYXp\"><p><a href=\"https:\/\/www.radiopiu.net\/wordpress\/agordina-in-prima-linea-ogni-domenica-su-radio-piu-il-podcast\/\">AGORDINA IN PRIMA LINEA, OGNI DOMENICA SU RADIO PIU&#8217; &#8211; IL PODCAST<\/a><\/p><\/blockquote>\n<p><iframe loading=\"lazy\" class=\"wp-embedded-content\" sandbox=\"allow-scripts\" security=\"restricted\" style=\"position: absolute; visibility: hidden;\" title=\"&#8220;AGORDINA IN PRIMA LINEA, OGNI DOMENICA SU RADIO PIU&#8217; &#8211; IL PODCAST&#8221; &#8212; Radio Pi\u00f9\" src=\"https:\/\/www.radiopiu.net\/wordpress\/agordina-in-prima-linea-ogni-domenica-su-radio-piu-il-podcast\/embed\/#?secret=oqKEpqRMaP#?secret=sjGyWHsYXp\" data-secret=\"sjGyWHsYXp\" width=\"600\" height=\"338\" frameborder=\"0\" marginwidth=\"0\" marginheight=\"0\" scrolling=\"no\"><\/iframe><\/p>\n<p>&nbsp;<\/p>\n<p><span style=\"color: #0000ff;\"><strong>PALLAVOLO<\/strong><\/span><\/p>\n<blockquote>\n<h3>SECONDO SUCCESSO IN SARDEGNA PER LA BELLUNO VOLLEY<\/h3>\n<\/blockquote>\n<p><b><a class=\"dt-pswp-item\" href=\"https:\/\/www.radiopiu.net\/wordpress\/wp-content\/uploads\/2024\/11\/Secondo_successo_in_Sardegna.jpg\" data-dt-img-description=\"\" data-large_image_width=\"815\" data-large_image_height=\"543\"><img loading=\"lazy\" decoding=\"async\" class=\" wp-image-421278 alignleft\" src=\"https:\/\/www.radiopiu.net\/wordpress\/wp-content\/uploads\/2024\/11\/Secondo_successo_in_Sardegna-300x200.jpg\" alt=\"\" width=\"179\" height=\"119\" srcset=\"https:\/\/www.radiopiu.net\/wordpress\/wp-content\/uploads\/2024\/11\/Secondo_successo_in_Sardegna-300x200.jpg 300w, https:\/\/www.radiopiu.net\/wordpress\/wp-content\/uploads\/2024\/11\/Secondo_successo_in_Sardegna-768x512.jpg 768w, https:\/\/www.radiopiu.net\/wordpress\/wp-content\/uploads\/2024\/11\/Secondo_successo_in_Sardegna.jpg 815w\" sizes=\"auto, (max-width: 179px) 100vw, 179px\" \/><\/a>SARLUX SARROCH-BELLUNO VOLLEY 1-3 (<\/b><strong>23-25, 25-22, 18-25, 14-25)<\/strong><\/p>\n<p>Il Belluno Volley conquista la Sardegna con una vittoria contro la Sarlux a Sarroch, ottenendo il terzo successo in Serie A3 Credem Banca. Con 22 muri-punto, i &#8220;rinoceronti&#8221; hanno imposto una prestazione di forza, segnando l&#8217;esordio vincente del nuovo coach Marco Marzola. Il primo set, combattuto, viene chiuso da Mian, mentre il secondo va ai sardi per un calo dei bellunesi e alcuni errori decisivi. Nel terzo, il Belluno reagisce con autorit\u00e0, ribaltando il parziale iniziale grazie a un gioco di squadra efficace. L&#8217;ultimo set \u00e8 dominato dai dolomitici, con Mozzato e Loglisci protagonisti a muro e Luisetto che sigilla il match con un ace. Coach Marzola esprime soddisfazione per la prova, sottolineando l\u2019atteggiamento della squadra e l\u2019ottima organizzazione del club.<\/p>\n<p>&nbsp;<\/p>\n<blockquote>\n<h3>LA SB VOLLEY TORNA DA ROVIGO CON 3 PUNTI<\/h3>\n<\/blockquote>\n<p><b><a class=\"dt-pswp-item\" href=\"https:\/\/www.radiopiu.net\/wordpress\/wp-content\/uploads\/2024\/11\/Splendido_successo_a_Polesella.jpg\" data-dt-img-description=\"\" data-large_image_width=\"1523\" data-large_image_height=\"857\"><img loading=\"lazy\" decoding=\"async\" class=\" wp-image-421279 alignleft\" src=\"https:\/\/www.radiopiu.net\/wordpress\/wp-content\/uploads\/2024\/11\/Splendido_successo_a_Polesella-300x169.jpg\" alt=\"\" width=\"211\" height=\"119\" srcset=\"https:\/\/www.radiopiu.net\/wordpress\/wp-content\/uploads\/2024\/11\/Splendido_successo_a_Polesella-300x169.jpg 300w, https:\/\/www.radiopiu.net\/wordpress\/wp-content\/uploads\/2024\/11\/Splendido_successo_a_Polesella-1024x576.jpg 1024w, https:\/\/www.radiopiu.net\/wordpress\/wp-content\/uploads\/2024\/11\/Splendido_successo_a_Polesella-768x432.jpg 768w, https:\/\/www.radiopiu.net\/wordpress\/wp-content\/uploads\/2024\/11\/Splendido_successo_a_Polesella.jpg 1523w\" sizes=\"auto, (max-width: 211px) 100vw, 211px\" \/><\/a>POLESELLA-SB VOLLEY 0-3 (<\/b><strong>19-25, 21-25, 24-26)<\/strong><\/p>\n<p>La SB Volley reagisce con forza al cambio di guida tecnica, superando Polesella in trasferta e salendo al quarto posto in classifica, a due punti dalla seconda posizione. Nonostante l\u2019assenza del libero Simona Degortes, le ragazze si dimostrano compatte e determinate, con contributi preziosi da tutte le giocatrici: Beatrice Barp segna 14 punti ed \u00e8 la top scorer, mentre Claudia Fiabane chiude il match con un pallonetto decisivo. Il servizio e la solidit\u00e0 a muro si rivelano fondamentali contro avversarie di valore. L\u2019allenatore ad interim Giovanni Bortoluzzi elogia l\u2019intensit\u00e0 e la voglia di vincere della squadra, sottolineando l&#8217;importanza di giocare con la mente libera. La terza vittoria stagionale carica le ragazze in vista del prossimo scontro con la vicecapolista Imarc Rossano.<\/p>\n<p>&nbsp;<\/p>\n<p><span style=\"color: #0000ff;\"><strong>PATTINAGGIO ARTISTICO<\/strong><\/span><\/p>\n<blockquote>\n<h3>PATTINAGGIO ARTISTICO: BUONI RISULTATI PER ANNA E MARTINA A CLAUT<\/h3>\n<\/blockquote>\n<p><strong><a class=\"dt-pswp-item\" href=\"https:\/\/www.radiopiu.net\/wordpress\/wp-content\/uploads\/2024\/11\/SCR-20241124-qgav.jpeg\" data-dt-img-description=\"\" data-large_image_width=\"1352\" data-large_image_height=\"958\"><img loading=\"lazy\" decoding=\"async\" class=\" wp-image-421294 alignleft\" src=\"https:\/\/www.radiopiu.net\/wordpress\/wp-content\/uploads\/2024\/11\/SCR-20241124-qgav-300x213.jpeg\" alt=\"\" width=\"182\" height=\"129\" srcset=\"https:\/\/www.radiopiu.net\/wordpress\/wp-content\/uploads\/2024\/11\/SCR-20241124-qgav-300x213.jpeg 300w, https:\/\/www.radiopiu.net\/wordpress\/wp-content\/uploads\/2024\/11\/SCR-20241124-qgav-1024x726.jpeg 1024w, https:\/\/www.radiopiu.net\/wordpress\/wp-content\/uploads\/2024\/11\/SCR-20241124-qgav-768x544.jpeg 768w, https:\/\/www.radiopiu.net\/wordpress\/wp-content\/uploads\/2024\/11\/SCR-20241124-qgav.jpeg 1352w\" sizes=\"auto, (max-width: 182px) 100vw, 182px\" \/><\/a>REDAZIONE <\/strong>Il ghiaccio di Claut (PN) ha accolto, nel weekend appena trascorso, la seconda prova Triveneta Silver di pattinaggio artistico, una competizione che ha visto protagonisti giovani talenti da tutto il Nord-Est. L&#8217;evento, caratterizzato da un\u2019atmosfera di entusiasmo e sportivit\u00e0, ha regalato momenti di emozione e grande spettacolo. Tra le protagoniste, Anna Carlini e Martina Da Tos, le due atlete che hanno rappresentato con orgoglio i colori di Agordino Ghiaccio &amp; Sport. Anna, nella categoria Basic Novice, ha affrontato con determinazione una competizione di alto livello, conquistando un onorevole 15\u00b0 posto. Un risultato che testimonia il suo impegno e la sua crescita tecnica in questa disciplina. Martina, nella categoria Intermediate Novice, ha dato prova del suo talento con una performance di grande qualit\u00e0, ottenendo un brillante 9\u00b0 posto.<\/p>\n<p>&nbsp;<\/p>\n<p><span style=\"color: #0000ff;\"><strong>CORSA CAMPESTRE<\/strong><\/span><\/p>\n<blockquote>\n<h3>OLTRE 500 ATLETI A SANTA GIUSTINA<\/h3>\n<\/blockquote>\n<p><a class=\"dt-pswp-item\" href=\"https:\/\/www.radiopiu.net\/wordpress\/wp-content\/uploads\/2024\/11\/campestre-provinciale-santa-giustina-csi-24-novembre-2024-gara-assoluta-uomini-da-sx-mattia-de-barba-vincitore-filippo-votta-terzo-filippo-bortoluzzi-secondo.jpeg\" data-dt-img-description=\"\" data-large_image_width=\"1368\" data-large_image_height=\"912\"><img loading=\"lazy\" decoding=\"async\" class=\" wp-image-421304 alignleft\" src=\"https:\/\/www.radiopiu.net\/wordpress\/wp-content\/uploads\/2024\/11\/campestre-provinciale-santa-giustina-csi-24-novembre-2024-gara-assoluta-uomini-da-sx-mattia-de-barba-vincitore-filippo-votta-terzo-filippo-bortoluzzi-secondo-300x200.jpeg\" alt=\"\" width=\"221\" height=\"147\" srcset=\"https:\/\/www.radiopiu.net\/wordpress\/wp-content\/uploads\/2024\/11\/campestre-provinciale-santa-giustina-csi-24-novembre-2024-gara-assoluta-uomini-da-sx-mattia-de-barba-vincitore-filippo-votta-terzo-filippo-bortoluzzi-secondo-300x200.jpeg 300w, https:\/\/www.radiopiu.net\/wordpress\/wp-content\/uploads\/2024\/11\/campestre-provinciale-santa-giustina-csi-24-novembre-2024-gara-assoluta-uomini-da-sx-mattia-de-barba-vincitore-filippo-votta-terzo-filippo-bortoluzzi-secondo-1024x683.jpeg 1024w, https:\/\/www.radiopiu.net\/wordpress\/wp-content\/uploads\/2024\/11\/campestre-provinciale-santa-giustina-csi-24-novembre-2024-gara-assoluta-uomini-da-sx-mattia-de-barba-vincitore-filippo-votta-terzo-filippo-bortoluzzi-secondo-768x512.jpeg 768w, https:\/\/www.radiopiu.net\/wordpress\/wp-content\/uploads\/2024\/11\/campestre-provinciale-santa-giustina-csi-24-novembre-2024-gara-assoluta-uomini-da-sx-mattia-de-barba-vincitore-filippo-votta-terzo-filippo-bortoluzzi-secondo.jpeg 1368w\" sizes=\"auto, (max-width: 221px) 100vw, 221px\" \/><\/a>Grande spettacolo a Santa Giustina per la quarta prova del Campionato provinciale di corsa campestre, Trofeo Sportway \u2013 Memorial Serafino Barp, organizzato dal Csi Belluno e Feltre. Sul tracciato dell\u2019area di Prior, allestito dalla Polisportiva Santa Giustina, si sono sfidati 506 atleti. La vittoria di societ\u00e0 \u00e8 andata al Gs La Piave 2000 con 653 punti, seguito da Astra Quero e Gs Castionese. Nella graduatoria giovanile, dominio de La Piave 2000, mentre Astra Quero ha primeggiato tra le categorie assolute. Tra gli individuali, successi di Mattia De Barba (Modesto Team) e Giulia Meneghetti (Silca Ultalite). La prossima gara sar\u00e0 il 1\u00b0 dicembre a Bribano, con premiazioni finali ad Agordo il 7 dicembre.<\/p>\n<p><a class=\"dt-pswp-item\" href=\"https:\/\/www.radiopiu.net\/wordpress\/wp-content\/uploads\/2024\/11\/Senza-nome-105.png\" data-dt-img-description=\"\" data-large_image_width=\"609\" data-large_image_height=\"690\"><img loading=\"lazy\" decoding=\"async\" class=\"alignnone size-medium wp-image-421384\" src=\"https:\/\/www.radiopiu.net\/wordpress\/wp-content\/uploads\/2024\/11\/Senza-nome-105-265x300.png\" alt=\"\" width=\"265\" height=\"300\" srcset=\"https:\/\/www.radiopiu.net\/wordpress\/wp-content\/uploads\/2024\/11\/Senza-nome-105-265x300.png 265w, https:\/\/www.radiopiu.net\/wordpress\/wp-content\/uploads\/2024\/11\/Senza-nome-105.png 609w\" sizes=\"auto, (max-width: 265px) 100vw, 265px\" \/><\/a><\/p>\n","protected":false},"excerpt":{"rendered":"<p>***** &nbsp; ADA, ASSOCIAZIONE DANZA AGORDINA \u201cogni donna ha una luce dentro, proteggila\u201d &nbsp; LA\u00a0 APP PER IOS-IPHONE di Nicola Vettorello https:\/\/apps.apple.com\/it\/app\/radio-pi%C3%B9-emittente-agordina\/id1515939845 LA\u00a0 APP RADIO\u00a0 PER ANDROID di Nicola Vettorello https:\/\/play.google.com\/store\/apps\/details?id=net.radiopiu.iniko\u00a0\u00a0\u00a0 &nbsp; &nbsp; &nbsp; OGGI ALLA RADIO&#8230;. ALLE 4 E ALLE 6 LE NOTIZIE DALL&#8217;ITALIA E DAL MONDO 0500 l&#8217;almanacco della nostra gente con il&hellip;<\/p>\n","protected":false},"author":4,"featured_media":421372,"comment_status":"closed","ping_status":"closed","sticky":false,"template":"","format":"standard","meta":{"_monsterinsights_skip_tracking":false,"_monsterinsights_sitenote_active":false,"_monsterinsights_sitenote_note":"","_monsterinsights_sitenote_category":0,"footnotes":""},"categories":[51,86,49],"tags":[],"class_list":["post-421157","post","type-post","status-publish","format-standard","has-post-thumbnail","hentry","category-evidenza-top","category-gr","category-news-18","category-51","category-86","category-49","description-off"],"img_url":"https:\/\/www.radiopiu.net\/wordpress\/wp-content\/uploads\/2024\/11\/fea4e036-5c92-4e6f-b76b-8a9cf4ecbd14.webp","_links":{"self":[{"href":"https:\/\/www.radiopiu.net\/wordpress\/wp-json\/wp\/v2\/posts\/421157","targetHints":{"allow":["GET"]}}],"collection":[{"href":"https:\/\/www.radiopiu.net\/wordpress\/wp-json\/wp\/v2\/posts"}],"about":[{"href":"https:\/\/www.radiopiu.net\/wordpress\/wp-json\/wp\/v2\/types\/post"}],"author":[{"embeddable":true,"href":"https:\/\/www.radiopiu.net\/wordpress\/wp-json\/wp\/v2\/users\/4"}],"replies":[{"embeddable":true,"href":"https:\/\/www.radiopiu.net\/wordpress\/wp-json\/wp\/v2\/comments?post=421157"}],"version-history":[{"count":39,"href":"https:\/\/www.radiopiu.net\/wordpress\/wp-json\/wp\/v2\/posts\/421157\/revisions"}],"predecessor-version":[{"id":421380,"href":"https:\/\/www.radiopiu.net\/wordpress\/wp-json\/wp\/v2\/posts\/421157\/revisions\/421380"}],"wp:featuredmedia":[{"embeddable":true,"href":"https:\/\/www.radiopiu.net\/wordpress\/wp-json\/wp\/v2\/media\/421372"}],"wp:attachment":[{"href":"https:\/\/www.radiopiu.net\/wordpress\/wp-json\/wp\/v2\/media?parent=421157"}],"wp:term":[{"taxonomy":"category","embeddable":true,"href":"https:\/\/www.radiopiu.net\/wordpress\/wp-json\/wp\/v2\/categories?post=421157"},{"taxonomy":"post_tag","embeddable":true,"href":"https:\/\/www.radiopiu.net\/wordpress\/wp-json\/wp\/v2\/tags?post=421157"}],"curies":[{"name":"wp","href":"https:\/\/api.w.org\/{rel}","templated":true}]}}