{"id":421249,"date":"2024-11-25T05:25:08","date_gmt":"2024-11-25T04:25:08","guid":{"rendered":"https:\/\/www.radiopiu.net\/wordpress\/?p=421249"},"modified":"2024-11-25T05:38:29","modified_gmt":"2024-11-25T04:38:29","slug":"crisi-di-panico-per-un-escursionista-in-rientro-dal-rifugio-chiggiato","status":"publish","type":"post","link":"https:\/\/www.radiopiu.net\/wordpress\/crisi-di-panico-per-un-escursionista-in-rientro-dal-rifugio-chiggiato\/","title":{"rendered":"CRISI DI PANICO PER UN ESCURSIONISTA IN RIENTRO DAL RIFUGIO CHIGGIATO"},"content":{"rendered":"<p>*******<\/p>\n<p>&nbsp;<\/p>\n<p><strong>DOMEGGE <\/strong>Attorno alle 17 la Centrale del Suem \u00e8 stata attivata da quattro ragazzi in rientro dal Rifugio Chiggiato verso il Baion, poich\u00e9 uno di loro, colto da crisi di panico, non era pi\u00f9 in grado di proseguire. Ascoltando i consigli del tecnico di Centrale, il 21enne Trentino ha ripreso piano piano a camminare, mentre una squadra del Soccorso alpino del Centro Cadore \u00e8 partita per andare incontro a lui e ai suoi amici.<\/p>\n<p>&nbsp;<\/p>\n<p>&nbsp;<\/p>\n<p>&nbsp;<\/p>\n<p>*********<\/p>\n","protected":false},"excerpt":{"rendered":"<p>******* &nbsp; DOMEGGE Attorno alle 17 la Centrale del Suem \u00e8 stata attivata da quattro ragazzi in rientro dal Rifugio Chiggiato verso il Baion, poich\u00e9 uno di loro, colto da crisi di panico, non era pi\u00f9 in grado di proseguire. Ascoltando i consigli del tecnico di Centrale, il 21enne Trentino ha ripreso piano piano a&hellip;<\/p>\n","protected":false},"author":4,"featured_media":59164,"comment_status":"closed","ping_status":"closed","sticky":false,"template":"","format":"standard","meta":{"_monsterinsights_skip_tracking":false,"_monsterinsights_sitenote_active":false,"_monsterinsights_sitenote_note":"","_monsterinsights_sitenote_category":0,"footnotes":""},"categories":[51,49],"tags":[],"class_list":["post-421249","post","type-post","status-publish","format-standard","has-post-thumbnail","hentry","category-evidenza-top","category-news-18","category-51","category-49","description-off"],"img_url":"https:\/\/www.radiopiu.net\/wordpress\/wp-content\/uploads\/2018\/08\/soccorsoalpino.jpg","_links":{"self":[{"href":"https:\/\/www.radiopiu.net\/wordpress\/wp-json\/wp\/v2\/posts\/421249","targetHints":{"allow":["GET"]}}],"collection":[{"href":"https:\/\/www.radiopiu.net\/wordpress\/wp-json\/wp\/v2\/posts"}],"about":[{"href":"https:\/\/www.radiopiu.net\/wordpress\/wp-json\/wp\/v2\/types\/post"}],"author":[{"embeddable":true,"href":"https:\/\/www.radiopiu.net\/wordpress\/wp-json\/wp\/v2\/users\/4"}],"replies":[{"embeddable":true,"href":"https:\/\/www.radiopiu.net\/wordpress\/wp-json\/wp\/v2\/comments?post=421249"}],"version-history":[{"count":1,"href":"https:\/\/www.radiopiu.net\/wordpress\/wp-json\/wp\/v2\/posts\/421249\/revisions"}],"predecessor-version":[{"id":421250,"href":"https:\/\/www.radiopiu.net\/wordpress\/wp-json\/wp\/v2\/posts\/421249\/revisions\/421250"}],"wp:featuredmedia":[{"embeddable":true,"href":"https:\/\/www.radiopiu.net\/wordpress\/wp-json\/wp\/v2\/media\/59164"}],"wp:attachment":[{"href":"https:\/\/www.radiopiu.net\/wordpress\/wp-json\/wp\/v2\/media?parent=421249"}],"wp:term":[{"taxonomy":"category","embeddable":true,"href":"https:\/\/www.radiopiu.net\/wordpress\/wp-json\/wp\/v2\/categories?post=421249"},{"taxonomy":"post_tag","embeddable":true,"href":"https:\/\/www.radiopiu.net\/wordpress\/wp-json\/wp\/v2\/tags?post=421249"}],"curies":[{"name":"wp","href":"https:\/\/api.w.org\/{rel}","templated":true}]}}