{"id":421277,"date":"2024-11-25T05:27:24","date_gmt":"2024-11-25T04:27:24","guid":{"rendered":"https:\/\/www.radiopiu.net\/wordpress\/?p=421277"},"modified":"2024-11-25T05:37:52","modified_gmt":"2024-11-25T04:37:52","slug":"siulp-di-belluno-in-via-di-estinzione-la-polizia-stradale-in-provincia-di-belluno","status":"publish","type":"post","link":"https:\/\/www.radiopiu.net\/wordpress\/siulp-di-belluno-in-via-di-estinzione-la-polizia-stradale-in-provincia-di-belluno\/","title":{"rendered":"SIULP DI BELLUNO: IN VIA DI ESTINZIONE LA POLIZIA STRADALE IN PROVINCIA DI BELLUNO"},"content":{"rendered":"<p>*******<\/p>\n<p>&nbsp;<\/p>\n<p><strong><a class=\"dt-pswp-item\" href=\"https:\/\/www.radiopiu.net\/wordpress\/wp-content\/uploads\/2022\/05\/POLIZIA-1.jpg\" data-dt-img-description=\"\" data-large_image_width=\"1920\" data-large_image_height=\"1080\"><img loading=\"lazy\" decoding=\"async\" class=\" wp-image-278032 alignleft\" src=\"https:\/\/www.radiopiu.net\/wordpress\/wp-content\/uploads\/2022\/05\/POLIZIA-1-300x169.jpg\" alt=\"\" width=\"220\" height=\"124\" srcset=\"https:\/\/www.radiopiu.net\/wordpress\/wp-content\/uploads\/2022\/05\/POLIZIA-1-300x169.jpg 300w, https:\/\/www.radiopiu.net\/wordpress\/wp-content\/uploads\/2022\/05\/POLIZIA-1-1024x576.jpg 1024w, https:\/\/www.radiopiu.net\/wordpress\/wp-content\/uploads\/2022\/05\/POLIZIA-1-768x432.jpg 768w, https:\/\/www.radiopiu.net\/wordpress\/wp-content\/uploads\/2022\/05\/POLIZIA-1-1536x864.jpg 1536w, https:\/\/www.radiopiu.net\/wordpress\/wp-content\/uploads\/2022\/05\/POLIZIA-1.jpg 1920w\" sizes=\"auto, (max-width: 220px) 100vw, 220px\" \/><\/a>IL RECENTE PIANO DI ASSEGNAZIONE DEGLI AGENTI DEL 227\u00b0 CORSO, PUBBLICATO DAL DIPARTIMENTO DI P.S. IL 22 NOVEMBRE SCORSO, PRECEDUTO DAL PIANO DI MOBILIT\u00c0 DEL PERSONALE GI\u00c0 IN RUOLO, SUONA COME UNA SENTENZA: UNA CONDANNA ALLA CHIUSURA DI FATTO DELLE ATTIVIT\u00c0 DEGLI UFFICI DELLA SPECIALIT\u00c0 IN PROVINCIA.<\/strong><\/p>\n<p>A dicembre, infatti, alla Sezione Capoluogo sar\u00e0 trasferito un solo agente, che si aggiunge ai due trasferimenti gi\u00e0 effettuati a favore del Distaccamento di Feltre e all\u2019assegnazione di due agenti di nuova nomina al Distaccamento di Valle di Cadore, avvenuta la scorsa estate. Numeri assolutamente insufficienti per compensare i continui esodi pensionistici, che si verificano ogni anno. Questa condizione, ben nota al Dipartimento grazie alle puntuali note esplicative inviate dalla nostra Segreteria, si traduce oggi in un deficit di personale preoccupante: <strong>Sezione Capoluogo:<\/strong> 27 poliziotti in servizio su 46 previsti (-42%); <strong>Distaccamento Cadorino:<\/strong> 10 poliziotti su 15 previsti (-33%); <strong>Distaccamento Feltrino:<\/strong> 8 poliziotti su 13 previsti (-39%). Questi numeri descrivono una situazione critica, destinata ad aggravarsi nel giro di un anno, coinvolgendo anche gli altri uffici delle specialit\u00e0 della Polizia di Stato bellunese. Con personale sotto una soglia minima gi\u00e0 ampiamente superata, gli uffici si trasformano in riserve per compensare la carenza altrui. Per garantire una pattuglia o un operatore alla sala radio, una volta impiegati i pochi turnisti rimasti, si attinge dai servizi amministrativi, che vengono cos\u00ec sospesi. Questo determina ritardi e inefficienze nella gestione delle attivit\u00e0 di competenza. Sorprende che, nei tavoli tecnici provinciali, si continuino a disporre servizi straordinari per la viabilit\u00e0 ordinaria (piani neve, presidi sui passi dolomitici, controlli contro le stragi del sabato sera, ecc.) basandosi su risorse che ormai non esistono pi\u00f9. Nonostante le numerose denunce di questa O.S., appare evidente che, se non si sviluppa una consapevolezza a livello locale della grave crisi che investe la Polizia Stradale, difficilmente se ne potr\u00e0 prendere atto a livello centrale. Finora, grazie all\u2019abnegazione e al senso del dovere dei colleghi, oltre che alla responsabilit\u00e0 dimostrata dalle organizzazioni sindacali nel firmare accordi per una maggiore flessibilit\u00e0 d\u2019impiego, si \u00e8 riusciti a garantire molti servizi alla collettivit\u00e0.<\/p>\n<p><strong>Ma ora la misura \u00e8 colma.<\/strong><\/p>\n<p>\u00c8 tempo che chi redige i piani di assegnazione e chi ha potere decisionale sulla mobilit\u00e0 dimostri responsabilit\u00e0 e rispetto verso i lavoratori e la comunit\u00e0. Per parte del SIULP Bellunese, terminata la stagione degli appelli, \u00e8 allo studio l\u2019ipotesi di non firmare ulteriori deroghe d\u2019impiego, gi\u00e0 concesse, fino a quando non sar\u00e0 predisposto un piano concreto e serio di assegnazione di risorse umane. Una posizione che auspichiamo sia condivisa anche dalle altre sigle sindacali del comparto. Tutto questo avviene con le Olimpiadi Invernali Milano-Cortina 2026 ormai imminenti.<\/p>\n<p>&nbsp;<\/p>\n<p>&nbsp;<\/p>\n<p>**********<\/p>\n","protected":false},"excerpt":{"rendered":"<p>******* &nbsp; IL RECENTE PIANO DI ASSEGNAZIONE DEGLI AGENTI DEL 227\u00b0 CORSO, PUBBLICATO DAL DIPARTIMENTO DI P.S. IL 22 NOVEMBRE SCORSO, PRECEDUTO DAL PIANO DI MOBILIT\u00c0 DEL PERSONALE GI\u00c0 IN RUOLO, SUONA COME UNA SENTENZA: UNA CONDANNA ALLA CHIUSURA DI FATTO DELLE ATTIVIT\u00c0 DEGLI UFFICI DELLA SPECIALIT\u00c0 IN PROVINCIA. A dicembre, infatti, alla Sezione Capoluogo&hellip;<\/p>\n","protected":false},"author":4,"featured_media":278032,"comment_status":"closed","ping_status":"closed","sticky":false,"template":"","format":"standard","meta":{"_monsterinsights_skip_tracking":false,"_monsterinsights_sitenote_active":false,"_monsterinsights_sitenote_note":"","_monsterinsights_sitenote_category":0,"footnotes":""},"categories":[51,49],"tags":[],"class_list":["post-421277","post","type-post","status-publish","format-standard","has-post-thumbnail","hentry","category-evidenza-top","category-news-18","category-51","category-49","description-off"],"img_url":"https:\/\/www.radiopiu.net\/wordpress\/wp-content\/uploads\/2022\/05\/POLIZIA-1.jpg","_links":{"self":[{"href":"https:\/\/www.radiopiu.net\/wordpress\/wp-json\/wp\/v2\/posts\/421277","targetHints":{"allow":["GET"]}}],"collection":[{"href":"https:\/\/www.radiopiu.net\/wordpress\/wp-json\/wp\/v2\/posts"}],"about":[{"href":"https:\/\/www.radiopiu.net\/wordpress\/wp-json\/wp\/v2\/types\/post"}],"author":[{"embeddable":true,"href":"https:\/\/www.radiopiu.net\/wordpress\/wp-json\/wp\/v2\/users\/4"}],"replies":[{"embeddable":true,"href":"https:\/\/www.radiopiu.net\/wordpress\/wp-json\/wp\/v2\/comments?post=421277"}],"version-history":[{"count":1,"href":"https:\/\/www.radiopiu.net\/wordpress\/wp-json\/wp\/v2\/posts\/421277\/revisions"}],"predecessor-version":[{"id":421281,"href":"https:\/\/www.radiopiu.net\/wordpress\/wp-json\/wp\/v2\/posts\/421277\/revisions\/421281"}],"wp:featuredmedia":[{"embeddable":true,"href":"https:\/\/www.radiopiu.net\/wordpress\/wp-json\/wp\/v2\/media\/278032"}],"wp:attachment":[{"href":"https:\/\/www.radiopiu.net\/wordpress\/wp-json\/wp\/v2\/media?parent=421277"}],"wp:term":[{"taxonomy":"category","embeddable":true,"href":"https:\/\/www.radiopiu.net\/wordpress\/wp-json\/wp\/v2\/categories?post=421277"},{"taxonomy":"post_tag","embeddable":true,"href":"https:\/\/www.radiopiu.net\/wordpress\/wp-json\/wp\/v2\/tags?post=421277"}],"curies":[{"name":"wp","href":"https:\/\/api.w.org\/{rel}","templated":true}]}}