{"id":421283,"date":"2024-11-25T13:30:12","date_gmt":"2024-11-25T12:30:12","guid":{"rendered":"https:\/\/www.radiopiu.net\/wordpress\/?p=421283"},"modified":"2024-11-24T11:03:14","modified_gmt":"2024-11-24T10:03:14","slug":"i-racconti-di-paolo-soppelsa-puntata-251","status":"publish","type":"post","link":"https:\/\/www.radiopiu.net\/wordpress\/i-racconti-di-paolo-soppelsa-puntata-251\/","title":{"rendered":"I RACCONTI DI PAOLO SOPPELSA &#8211; PUNTATA 251"},"content":{"rendered":"<p>******<\/p>\n<p>&nbsp;<\/p>\n<p><strong>FINE AUTUNNO<\/strong><\/p>\n<p><strong>AUDIO<\/strong><\/p>\n<audio class=\"wp-audio-shortcode\" id=\"audio-421283-1\" preload=\"none\" style=\"width: 100%;\" controls=\"controls\"><source type=\"audio\/mpeg\" src=\"https:\/\/www.radiopiu.net\/wordpress\/wp-content\/uploads\/2024\/11\/PAOLOS-3.mp3?_=1\" \/><a href=\"https:\/\/www.radiopiu.net\/wordpress\/wp-content\/uploads\/2024\/11\/PAOLOS-3.mp3\">https:\/\/www.radiopiu.net\/wordpress\/wp-content\/uploads\/2024\/11\/PAOLOS-3.mp3<\/a><\/audio>\n<p>&nbsp;<\/p>\n<p><a class=\"dt-pswp-item\" href=\"https:\/\/www.radiopiu.net\/wordpress\/wp-content\/uploads\/2024\/11\/b71e1bb2-546b-4fa6-b80e-b37342af8fc0.jpg\" data-dt-img-description=\"\" data-large_image_width=\"1600\" data-large_image_height=\"1200\"><img loading=\"lazy\" decoding=\"async\" class=\" wp-image-421284 alignleft\" src=\"https:\/\/www.radiopiu.net\/wordpress\/wp-content\/uploads\/2024\/11\/b71e1bb2-546b-4fa6-b80e-b37342af8fc0-300x225.jpg\" alt=\"\" width=\"215\" height=\"161\" srcset=\"https:\/\/www.radiopiu.net\/wordpress\/wp-content\/uploads\/2024\/11\/b71e1bb2-546b-4fa6-b80e-b37342af8fc0-300x225.jpg 300w, https:\/\/www.radiopiu.net\/wordpress\/wp-content\/uploads\/2024\/11\/b71e1bb2-546b-4fa6-b80e-b37342af8fc0-1024x768.jpg 1024w, https:\/\/www.radiopiu.net\/wordpress\/wp-content\/uploads\/2024\/11\/b71e1bb2-546b-4fa6-b80e-b37342af8fc0-768x576.jpg 768w, https:\/\/www.radiopiu.net\/wordpress\/wp-content\/uploads\/2024\/11\/b71e1bb2-546b-4fa6-b80e-b37342af8fc0-1536x1152.jpg 1536w, https:\/\/www.radiopiu.net\/wordpress\/wp-content\/uploads\/2024\/11\/b71e1bb2-546b-4fa6-b80e-b37342af8fc0.jpg 1600w\" sizes=\"auto, (max-width: 215px) 100vw, 215px\" \/><\/a>&#8220;&#8230;le stagioni, al loro terzo mese, mostrano le rughe e parlano con la saggezza dei vecchi; hanno dentro il vissuto dei boschi, degli uomini e delle montagne&#8230;&#8221;<br \/>\nL\u2019autunno si presenta alle genti delle valli poco dopo la met\u00e0 di settembre. A volte lo fa in modo gentile, dialogando affabilmente con l&#8217;ormai vecchia estate che, come gli ultimi villeggianti, ha gi\u00e0 preparato le valigie ed \u00e8 pronta a lasciare un&#8217;altra volta la valle. In altre occasioni, invece, si presenta in modo pi\u00f9 rude, portando con s\u00e9 nuvole gonfie di pioggia e un freddo improvviso che chiama il primo fuoco nelle stufe. Ai primi di ottobre l&#8217;autunno \u00e8 gi\u00e0 adulto e come un pittore capace e ispirato, inizia a dipingere i boschi con colori sempre pi\u00f9 carichi. Dapprima sono solitari larici d&#8217;alta quota a tingersi d&#8217;oro, poi, giorno dopo giorno, anche i faggi a mezza costa iniziano a cambiarsi d&#8217;abito. Il pittore Autunno colora le loro foglie di un rosso cupo; di l\u00ec a tre settimane, quel fogliame un tempo verde brillante diverr\u00e0 tappeto che ricoprir\u00e0 prati e sentieri e ad ogni passo, quel delicato frusciare sar\u00e0 musica lieve che accompagner\u00e0 gli uomini che si inoltrano nei boschi dove dimorano nuovi silenzi. Poi, terminato il mese del vino nuovo e delle mele, l&#8217;autunno inizia a mostrare le prime rughe. Accade al tempo severo dei Santi e dei Morti, quando la brina ricopre le lapidi rinnovate e la sera scende improvvisamente con un&#8217;ora di anticipo. In quei giorni \u00e8 il silenzio a parlare, un silenzio che racconta di quiete profonda e talvolta di subbuglio d&#8217;acque di torrente e neve pesante sulle cime. Appena superata la met\u00e0 del mese triste, la stagione dei colori fa intravedere i segni pesanti della vecchiaia. In questo periodo, l&#8217;autunno parla con voce di vento che racconta di faggi ormai spogli e larici che si abbandonano all&#8217;inverno che ora appare improvvisamente vicino. C&#8217;\u00e8 una pacata rassegnazione in quel narrare, c&#8217;\u00e8 la saggezza espressa da una stagione ormai morente. Il suo definitivo congedo \u00e8 l\u00ec ad un passo, ancora pochi giorni e poi l&#8217;autunno sfinito saluter\u00e0 gli uomini e le montagne. Accadr\u00e0 dopo un paio di fredde giornate che porteranno la neve a ricoprire i paesi e i boschi oramai dormienti. Non ci sar\u00e0 nemmeno il tempo per un breve dialogo o per un passaggio di consegne con il giovane inverno. Se ne andr\u00e0 di notte, senza farsi sentire, voltandosi indietro una volta soltanto per salutare i boschi e i monti. In passato, questi erano i giorni degli emigranti rientrati al paese, delle famiglie riunite, dei lavori al minimo e del riposo nelle stue. Uomini e natura si abbandonavano ai freddi silenzi dell&#8217;inverno aspettando il Natale. Oggi invece, nelle valli accade l&#8217;esatto contrario, si spengono i silenzi dell&#8217;autunno e un fervore nuovo anima la montagna. A fine novembre \u00e8 tempo di preparare la stagione turistica invernale, con le piste da sci che prendono vita e alberghi e locali che riaprono i battenti dopo la pausa autunnale. Lavoro febbrile degli uomini, ronzio dei cannoni da neve e i paesi che iniziano ad essere addobbati per il Natale improvvisamente vicino. Nasce cos\u00ec l&#8217;inverno, e la stagione dei colori appena passata \u00e8 gi\u00e0 struggente ricordo.<br \/>\nTi piango gi\u00e0, autunno.<br \/>\nCome si piange un amore perduto,<br \/>\nun fiore appassito.<br \/>\nCome si piange il tempo andato.<\/p>\n<p>&nbsp;<\/p>\n<p>&nbsp;<\/p>\n<p>&nbsp;<\/p>\n<p>*********<\/p>\n","protected":false},"excerpt":{"rendered":"<p>****** &nbsp; FINE AUTUNNO AUDIO &nbsp; &#8220;&#8230;le stagioni, al loro terzo mese, mostrano le rughe e parlano con la saggezza dei vecchi; hanno dentro il vissuto dei boschi, degli uomini e delle montagne&#8230;&#8221; L\u2019autunno si presenta alle genti delle valli poco dopo la met\u00e0 di settembre. A volte lo fa in modo gentile, dialogando affabilmente&hellip;<\/p>\n","protected":false},"author":4,"featured_media":421284,"comment_status":"closed","ping_status":"closed","sticky":false,"template":"","format":"standard","meta":{"_monsterinsights_skip_tracking":false,"_monsterinsights_sitenote_active":false,"_monsterinsights_sitenote_note":"","_monsterinsights_sitenote_category":0,"footnotes":""},"categories":[49,112],"tags":[],"class_list":["post-421283","post","type-post","status-publish","format-standard","has-post-thumbnail","hentry","category-news-18","category-racconti-soppelsa","category-49","category-112","description-off"],"img_url":"https:\/\/www.radiopiu.net\/wordpress\/wp-content\/uploads\/2024\/11\/b71e1bb2-546b-4fa6-b80e-b37342af8fc0.jpg","_links":{"self":[{"href":"https:\/\/www.radiopiu.net\/wordpress\/wp-json\/wp\/v2\/posts\/421283","targetHints":{"allow":["GET"]}}],"collection":[{"href":"https:\/\/www.radiopiu.net\/wordpress\/wp-json\/wp\/v2\/posts"}],"about":[{"href":"https:\/\/www.radiopiu.net\/wordpress\/wp-json\/wp\/v2\/types\/post"}],"author":[{"embeddable":true,"href":"https:\/\/www.radiopiu.net\/wordpress\/wp-json\/wp\/v2\/users\/4"}],"replies":[{"embeddable":true,"href":"https:\/\/www.radiopiu.net\/wordpress\/wp-json\/wp\/v2\/comments?post=421283"}],"version-history":[{"count":1,"href":"https:\/\/www.radiopiu.net\/wordpress\/wp-json\/wp\/v2\/posts\/421283\/revisions"}],"predecessor-version":[{"id":421286,"href":"https:\/\/www.radiopiu.net\/wordpress\/wp-json\/wp\/v2\/posts\/421283\/revisions\/421286"}],"wp:featuredmedia":[{"embeddable":true,"href":"https:\/\/www.radiopiu.net\/wordpress\/wp-json\/wp\/v2\/media\/421284"}],"wp:attachment":[{"href":"https:\/\/www.radiopiu.net\/wordpress\/wp-json\/wp\/v2\/media?parent=421283"}],"wp:term":[{"taxonomy":"category","embeddable":true,"href":"https:\/\/www.radiopiu.net\/wordpress\/wp-json\/wp\/v2\/categories?post=421283"},{"taxonomy":"post_tag","embeddable":true,"href":"https:\/\/www.radiopiu.net\/wordpress\/wp-json\/wp\/v2\/tags?post=421283"}],"curies":[{"name":"wp","href":"https:\/\/api.w.org\/{rel}","templated":true}]}}