{"id":421296,"date":"2024-11-24T23:59:25","date_gmt":"2024-11-24T22:59:25","guid":{"rendered":"https:\/\/www.radiopiu.net\/wordpress\/?p=421296"},"modified":"2024-11-24T18:41:04","modified_gmt":"2024-11-24T17:41:04","slug":"lagordina-vince-con-il-cortina-bene-il-settore-giovanile","status":"publish","type":"post","link":"https:\/\/www.radiopiu.net\/wordpress\/lagordina-vince-con-il-cortina-bene-il-settore-giovanile\/","title":{"rendered":"L&#8217;AGORDINA VINCE CON IL CORTINA. BENE IL SETTORE GIOVANILE"},"content":{"rendered":"<p>*******<\/p>\n<p>&nbsp;<\/p>\n<p><strong><a class=\"dt-pswp-item\" href=\"https:\/\/www.radiopiu.net\/wordpress\/wp-content\/uploads\/2021\/11\/CALCIO-2021.jpg\" data-dt-img-description=\"\" data-large_image_width=\"2560\" data-large_image_height=\"1707\"><img loading=\"lazy\" decoding=\"async\" class=\" wp-image-242798 alignleft\" src=\"https:\/\/www.radiopiu.net\/wordpress\/wp-content\/uploads\/2021\/11\/CALCIO-2021-300x200.jpg\" alt=\"\" width=\"212\" height=\"141\" srcset=\"https:\/\/www.radiopiu.net\/wordpress\/wp-content\/uploads\/2021\/11\/CALCIO-2021-300x200.jpg 300w, https:\/\/www.radiopiu.net\/wordpress\/wp-content\/uploads\/2021\/11\/CALCIO-2021-1024x683.jpg 1024w, https:\/\/www.radiopiu.net\/wordpress\/wp-content\/uploads\/2021\/11\/CALCIO-2021-768x512.jpg 768w, https:\/\/www.radiopiu.net\/wordpress\/wp-content\/uploads\/2021\/11\/CALCIO-2021-1536x1024.jpg 1536w, https:\/\/www.radiopiu.net\/wordpress\/wp-content\/uploads\/2021\/11\/CALCIO-2021-2048x1366.jpg 2048w\" sizes=\"auto, (max-width: 212px) 100vw, 212px\" \/><\/a>DI MARCO GAZ<\/strong><\/p>\n<p><span style=\"color: #ff0000;\"><strong>TERZA CATEGORIA<\/strong><\/span><\/p>\n<p><strong>AGORDINA \u2013 CORTINA 4-3<\/strong><\/p>\n<p><strong>GOL: Casera, 2 Selle, De Luca<\/strong><\/p>\n<p>Dopo un periodo da dimenticare, l\u2019Agordina torna a vincere e lo fa tra le mura amiche contro il Cortina. Un match giocato bene dalla compagine allenata da Chiea che entra in campo con l\u2019atteggiamento giusto in una sfida che era decisiva per il proseguo della stagione. A sboccare il punteggio ci pensa casera ma un minuto dopo gli ampezzani pareggiano i conti e si va al riposo su l\u20191 a 1. Nella ripresa Ci pensa selle a riportare avanti la squadra di Agordo ma il Cortina non si fa sorprendere e pareggia di nuovo i conti. Agordina che trova la rete del nuovo vantaggio ancora una volta con Selle e agordini che calano il poker con De Luca. In pieno recupero gli ospiti accorciano le distanze ma i 3 punti vanno ai padroni di casa. Ora la testa a domenica prossima quando i ragazzi di Chiea saranno chiamati ad un\u2019altra sfida importante contro la Valzoldana<\/p>\n<p><strong>LA CLASSIFICA:<\/strong> Fortogna 25, Auronzo e Alpes Cesio 22, Fulgor Farra 20, Piave 19, Tambre 17, Dynamo Vellai 16, Valzoldana 15, Lamonese 14, Agordina e Cortina 12, Bellunese 4, Cadore 3, Valboite 1.<\/p>\n<p><span style=\"color: #008000;\"><strong>GIOVANILI AGORDINA<\/strong><\/span><\/p>\n<p><span style=\"color: #ff0000;\"><strong>JUNIORES<\/strong><\/span><\/p>\n<p><strong>AGORDINA \u2013 LIMANA 5-2<\/strong><\/p>\n<p>Partita dai due volti per l&#8217;Agordina, che inizia sottotono e subisce il vantaggio del Limana su azione da calcio d&#8217;angolo. Alchini riporta la parit\u00e0 al 45&#8242; con un pallonetto preciso, ma allo scadere del primo tempo un errore difensivo permette agli ospiti di tornare avanti. Nella ripresa, per\u00f2, l&#8217;Agordina cambia marcia: Fontanive firma il pareggio, Favero completa il sorpasso e una doppietta di Marchi mette in cassaforte un prezioso 5-2. Vittoria di carattere per i padroni di casa, che dimostrano grande spirito di squadra nel secondo tempo.<\/p>\n<p><span style=\"color: #ff0000;\"><strong>ALLIEVI<\/strong><\/span><\/p>\n<p><strong>DYNAMO VELLAI \u2013 AGORDINA 2-4<\/strong><\/p>\n<p>L&#8217;Agordina vince soffrendo contro la Dinamo Vellai. Gli ospiti passano in vantaggio al 9&#8242; con un tiro a giro sul secondo palo, ma l&#8217;Agordina pareggia cinque minuti dopo grazie a un tiro-cross di Serafini. Il primo tempo si chiude sull\u20191-1. Nella ripresa, al 50\u2019, De Col realizza un gol fortunoso su punizione, con la palla che, dopo aver colpito la traversa, rimbalza sulla schiena del portiere e finisce in rete. Al 77\u2019, Soccol si inventa una splendida azione personale, dribblando tutta la difesa e superando il portiere. Mezzacasa sigilla il risultato con un gol al termine del tempo regolamentare su una palla filtrante. La Dinamo accorcia al 95\u2019 con un tap-in, ma non basta: finisce 4-2 per l&#8217;Agordina.<\/p>\n<p><span style=\"color: #ff0000;\"><strong>GIOVANISSIMI<\/strong><\/span><\/p>\n<p><strong>GIRONE A<\/strong><\/p>\n<p><strong>PIAVE \u2013 AGORDINA 0-8<\/strong><\/p>\n<p>Netta vittoria per i ragazzi dell&#8217;Agordina che tornano da Salce con i tre punti. La squadra di Agordo ha patito un avvio un po&#8217; sottotono, tanto che solo al 15\u00b0 \u00e8 riuscita a passare in vantaggio con un gol di Emre Chenet. Da l\u00ec, la squadra si \u00e8 sbloccata, giocando con maggiore fluidit\u00e0 ed efficacia. In rapida successione, infatti, il raddoppio a firma di Riccardo Tibolla, il gol di Simone Andrich, di nuovo impeccabile su calcio di rigore, e la realizzazione di capitan Rudatis con una ubriacante azione personale che lo ha portato a tu per tu con il portiere avversario, il quale non ha avuto scampo. Ci ha pensato poi Dherek dell&#8217;Osbel a firmare la doppietta con cui si \u00e8 concluso il primo tempo. Nella seconda frazione le altre due marcature a firma di Manuel Luciani e di Angelo Groppa, finalmente di nuovo disponibile dopo un fastidioso infortunio. Ora ci sar\u00e0 soltanto il tempo per una rifinitura, in quanto marted\u00ec la squadra sar\u00e0 nuovamente in campo, per il recupero contro lo Schiara.<\/p>\n<p><strong>GIRONE B<\/strong><\/p>\n<p><strong>AGORDINA SQUADRA B TURNO DI RIPOSO<\/strong><\/p>\n<p>&nbsp;<\/p>\n<p>&nbsp;<\/p>\n<p>&nbsp;<\/p>\n<p>************<\/p>\n","protected":false},"excerpt":{"rendered":"<p>******* &nbsp; DI MARCO GAZ TERZA CATEGORIA AGORDINA \u2013 CORTINA 4-3 GOL: Casera, 2 Selle, De Luca Dopo un periodo da dimenticare, l\u2019Agordina torna a vincere e lo fa tra le mura amiche contro il Cortina. Un match giocato bene dalla compagine allenata da Chiea che entra in campo con l\u2019atteggiamento giusto in una sfida&hellip;<\/p>\n","protected":false},"author":4,"featured_media":242798,"comment_status":"closed","ping_status":"closed","sticky":false,"template":"","format":"standard","meta":{"_monsterinsights_skip_tracking":false,"_monsterinsights_sitenote_active":false,"_monsterinsights_sitenote_note":"","_monsterinsights_sitenote_category":0,"footnotes":""},"categories":[49],"tags":[],"class_list":["post-421296","post","type-post","status-publish","format-standard","has-post-thumbnail","hentry","category-news-18","category-49","description-off"],"img_url":"https:\/\/www.radiopiu.net\/wordpress\/wp-content\/uploads\/2021\/11\/CALCIO-2021.jpg","_links":{"self":[{"href":"https:\/\/www.radiopiu.net\/wordpress\/wp-json\/wp\/v2\/posts\/421296","targetHints":{"allow":["GET"]}}],"collection":[{"href":"https:\/\/www.radiopiu.net\/wordpress\/wp-json\/wp\/v2\/posts"}],"about":[{"href":"https:\/\/www.radiopiu.net\/wordpress\/wp-json\/wp\/v2\/types\/post"}],"author":[{"embeddable":true,"href":"https:\/\/www.radiopiu.net\/wordpress\/wp-json\/wp\/v2\/users\/4"}],"replies":[{"embeddable":true,"href":"https:\/\/www.radiopiu.net\/wordpress\/wp-json\/wp\/v2\/comments?post=421296"}],"version-history":[{"count":1,"href":"https:\/\/www.radiopiu.net\/wordpress\/wp-json\/wp\/v2\/posts\/421296\/revisions"}],"predecessor-version":[{"id":421298,"href":"https:\/\/www.radiopiu.net\/wordpress\/wp-json\/wp\/v2\/posts\/421296\/revisions\/421298"}],"wp:featuredmedia":[{"embeddable":true,"href":"https:\/\/www.radiopiu.net\/wordpress\/wp-json\/wp\/v2\/media\/242798"}],"wp:attachment":[{"href":"https:\/\/www.radiopiu.net\/wordpress\/wp-json\/wp\/v2\/media?parent=421296"}],"wp:term":[{"taxonomy":"category","embeddable":true,"href":"https:\/\/www.radiopiu.net\/wordpress\/wp-json\/wp\/v2\/categories?post=421296"},{"taxonomy":"post_tag","embeddable":true,"href":"https:\/\/www.radiopiu.net\/wordpress\/wp-json\/wp\/v2\/tags?post=421296"}],"curies":[{"name":"wp","href":"https:\/\/api.w.org\/{rel}","templated":true}]}}