{"id":421306,"date":"2024-11-24T19:46:07","date_gmt":"2024-11-24T18:46:07","guid":{"rendered":"https:\/\/www.radiopiu.net\/wordpress\/?p=421306"},"modified":"2024-11-24T19:46:07","modified_gmt":"2024-11-24T18:46:07","slug":"i-lavori-di-costruzione-di-un-auditorium-allaperto-in-valle-di-san-lucano-il-degrado-simpossessa-dellarea","status":"publish","type":"post","link":"https:\/\/www.radiopiu.net\/wordpress\/i-lavori-di-costruzione-di-un-auditorium-allaperto-in-valle-di-san-lucano-il-degrado-simpossessa-dellarea\/","title":{"rendered":"I LAVORI DI COSTRUZIONE DI UN AUDITORIUM ALL\u2019APERTO IN VALLE DI SAN LUCANO&#8230;IL DEGRADO S\u2019IMPOSSESSA DELL\u2019AREA"},"content":{"rendered":"<p>*******<\/p>\n<p>&nbsp;<\/p>\n<p><strong>DI GIORGIO FONTANIVE<\/strong><\/p>\n<p><strong>TAIBON <\/strong>Valle di San Lucano, Comune di Taibon Agordino una mattinata di novembre 2024; temperatura 4\u00b0 C. Di fronte le pareti delle Pale riverberano luce ma non abbastanza per mitigare le ombre dell\u2019Agn\u00e8r che interrompe il tepore del sole, ormai troppo basso\u2026.. Cos\u00ec il primo piano \u00e8 vago, indistinto, quasi a voler nascondere ci\u00f2 che \u00e8 con una serie di segmenti a raggiera, che poi si tratta di un tetto inopinatamente privo di copertura. Il tutto in un\u2019area protetta, di massimo rispetto com\u2019\u00e8 quel gioiello naturalistico che \u00e8 la Valle di San Lucano qui, accanto al romantico laghetto inframorenico delle Peschiere, residuo di un antico ghiacciaio. Siamo in presenza di una \u201ccattedrale laica\u201d incompiuta e preda dei rovi che ricorda tante scene d\u2019Italia in contrade dove le opere non hanno mai termine a beneficio di altri lavori e altre opere: ma una persona di buonsenso si domanda come possa essere stata avviata una struttura di cotal fatta all\u2019aperto in questo luogo, considerando che, con condizioni meteo favorevoli, si potrebbe utilizzare per non pi\u00f9 di 2\/3 mesi all\u2019anno solo quando l\u2019astro \u00e8 all\u2019incirca allo Zenit. A Taibon vi \u00e8 un diffuso mugugno per questa incompiuta che disturba l\u2019ambiente per la dimensione, l\u2019impatto visivo e ora anche l\u2019abbandono al quale \u00e8 lasciata da pi\u00f9 anni con la vegetazione infestante protagonista anche sul palcoscenico; ma si pongono delle domande anche gli escursionisti che visitano la valle grazie una buona rete sentieristica messa a punto dal Comune con finanziamento Interreg e tabellazione in collaborazione col volontariato locale. Un\u2019opera su cui \u00e8 calato un silenzio di tomba com\u2019\u00e8 anche il colore di questa struttura con uso di cemento e di pregevoli conci in pietra lavorata: quasi fosse un santuario ancorch\u00e9 una struttura laica con moderato utilizzo del legno come invece &#8211; e fortunatamente &#8211; non \u00e8 stato per gli adiacenti servizi (sono collegati alla rete idrica?) e per l\u2019esercizio pubblico pi\u00f9 disgiunto protetto da un cappotto di tavole di larice (ex- \u201cAfter Hours\u201d, speriamo in apertura e in gestione nel 2025). Chi \u00e8 che pu\u00f2 chiarire questa situazione all\u2019ingresso della Valle di San Lucano giustificando il percorso interrotto dell\u2019opera e informando la collettivit\u00e0 anche nel rispetto di un ambiente che il mondo c\u2019invidia: ma dove stiamo andando? Il pannello scolorito dal sole dopo 6 anni informa che si tratta di \u201c<em>Lavori di costruzione auditorium all\u2019aperto ed infrastrutture di accesso in ambito del progetto di valorizzazione turistica del Medio\/Alto Agordino<\/em>\u201d; la data d\u2019avvio dei lavori \u00e8 il 27 agosto 2018 per un importo di svariate centinaia di migliaia di Euro. Che dire di pi\u00f9? A Taibon c\u2019\u00e8 chi dice cosa si dovrebbe fare.<\/p>\n\n\t\t\t<style type='text\/css'>\n\t\t\t\t#gallery-1 {\n\t\t\t\t\tmargin: auto;\n\t\t\t\t}\n\t\t\t\t#gallery-1 .gallery-item {\n\t\t\t\t\tfloat: left;\n\t\t\t\t\tmargin-top: 10px;\n\t\t\t\t\ttext-align: center;\n\t\t\t\t\twidth: 33%;\n\t\t\t\t}\n\t\t\t\t#gallery-1 img {\n\t\t\t\t\tborder: 2px solid #cfcfcf;\n\t\t\t\t}\n\t\t\t\t#gallery-1 .gallery-caption {\n\t\t\t\t\tmargin-left: 0;\n\t\t\t\t}\n\t\t\t\t\/* see gallery_shortcode() in wp-includes\/media.php *\/\n\t\t\t<\/style>\n\t\t<div id='gallery-1' class='dt-gallery-container gallery galleryid-421306 gallery-columns-3 gallery-size-thumbnail'><dl class='gallery-item'>\n\t\t\t\t<dt class='gallery-icon portrait'>\n\t\t\t\t\t<a class=\"rollover rollover-zoom dt-pswp-item\" title=\"1-Peschiere (bis)\" data-dt-img-description=\"\" data-large_image_width=\"1738\" data-large_image_height=\"2560\"href='https:\/\/www.radiopiu.net\/wordpress\/wp-content\/uploads\/2024\/11\/1-Peschiere-bis-scaled.jpg'><img loading=\"lazy\" decoding=\"async\" width=\"150\" height=\"150\" src=\"https:\/\/www.radiopiu.net\/wordpress\/wp-content\/uploads\/2024\/11\/1-Peschiere-bis-150x150.jpg\" class=\"attachment-thumbnail size-thumbnail\" alt=\"\" aria-describedby=\"gallery-1-421307\" \/><\/a>\n\t\t\t\t<\/dt>\n\t\t\t\t\t<dd class='wp-caption-text gallery-caption' id='gallery-1-421307'>\n\t\t\t\t\tLa luce riflessa dalle Pale di S.Lucano aumenta l\u2019intensit\u00e0 dell\u2019ombra confondendo la struttura oggetto di queste note\n\t\t\t\t\t<\/dd><\/dl><dl class='gallery-item'>\n\t\t\t\t<dt class='gallery-icon landscape'>\n\t\t\t\t\t<a class=\"rollover rollover-zoom dt-pswp-item\" title=\"2-Il laghetto\" data-dt-img-description=\"\" data-large_image_width=\"2560\" data-large_image_height=\"1709\"href='https:\/\/www.radiopiu.net\/wordpress\/wp-content\/uploads\/2024\/11\/2-Il-laghetto-scaled.jpg'><img loading=\"lazy\" decoding=\"async\" width=\"150\" height=\"150\" src=\"https:\/\/www.radiopiu.net\/wordpress\/wp-content\/uploads\/2024\/11\/2-Il-laghetto-150x150.jpg\" class=\"attachment-thumbnail size-thumbnail\" alt=\"\" aria-describedby=\"gallery-1-421308\" \/><\/a>\n\t\t\t\t<\/dt>\n\t\t\t\t\t<dd class='wp-caption-text gallery-caption' id='gallery-1-421308'>\n\t\t\t\t\tIl laghetto inframorenico delle Peschiere, meta di tanti escursionisti, artisti, botanici, geologi con un sentiero che ne percorre il perimetro\n\t\t\t\t\t<\/dd><\/dl><dl class='gallery-item'>\n\t\t\t\t<dt class='gallery-icon landscape'>\n\t\t\t\t\t<a class=\"rollover rollover-zoom dt-pswp-item\" title=\"3-4.11.24-Peschiere (2)\" data-dt-img-description=\"\" data-large_image_width=\"2560\" data-large_image_height=\"1701\"href='https:\/\/www.radiopiu.net\/wordpress\/wp-content\/uploads\/2024\/11\/3-4.11.24-Peschiere-2-scaled.jpg'><img loading=\"lazy\" decoding=\"async\" width=\"150\" height=\"150\" src=\"https:\/\/www.radiopiu.net\/wordpress\/wp-content\/uploads\/2024\/11\/3-4.11.24-Peschiere-2-150x150.jpg\" class=\"attachment-thumbnail size-thumbnail\" alt=\"\" aria-describedby=\"gallery-1-421309\" \/><\/a>\n\t\t\t\t<\/dt>\n\t\t\t\t\t<dd class='wp-caption-text gallery-caption' id='gallery-1-421309'>\n\t\t\t\t\tEvidente il degrado dell\u2019area che dovrebbe essere un biglietto da visita per la Valle; pondera sulla situazione uno sconsolato spettatore\n\t\t\t\t\t<\/dd><\/dl><br style=\"clear: both\" \/><dl class='gallery-item'>\n\t\t\t\t<dt class='gallery-icon landscape'>\n\t\t\t\t\t<a class=\"rollover rollover-zoom dt-pswp-item\" title=\"4-Zona Peschiere (1)\" data-dt-img-description=\"\" data-large_image_width=\"1019\" data-large_image_height=\"676\"href='https:\/\/www.radiopiu.net\/wordpress\/wp-content\/uploads\/2024\/11\/4-Zona-Peschiere-1.jpg'><img loading=\"lazy\" decoding=\"async\" width=\"150\" height=\"150\" src=\"https:\/\/www.radiopiu.net\/wordpress\/wp-content\/uploads\/2024\/11\/4-Zona-Peschiere-1-150x150.jpg\" class=\"attachment-thumbnail size-thumbnail\" alt=\"\" aria-describedby=\"gallery-1-421310\" \/><\/a>\n\t\t\t\t<\/dt>\n\t\t\t\t\t<dd class='wp-caption-text gallery-caption' id='gallery-1-421310'>\n\t\t\t\t\tL\u2019area delle Peschiere all\u2019indomani del 29 ottobre 2018; i lavori per la realizzazione dell\u2019Auditorium all\u2019aperto erano stati avviati gi\u00e0 dal luglio precedente quando il bosco d\u2019abeti celava in parte l\u2019impatto dell\u2019opera le cui finalit\u00e0 avrebbero potuto essere ben ponderate con obbiettivit\u00e0 prima che dall\u2019entusiasmo\n\t\t\t\t\t<\/dd><\/dl><dl class='gallery-item'>\n\t\t\t\t<dt class='gallery-icon landscape'>\n\t\t\t\t\t<a class=\"rollover rollover-zoom dt-pswp-item\" title=\"5-Zona Peschiere (2)\" data-dt-img-description=\"\" data-large_image_width=\"1867\" data-large_image_height=\"1219\"href='https:\/\/www.radiopiu.net\/wordpress\/wp-content\/uploads\/2024\/11\/5-Zona-Peschiere-2.jpg'><img loading=\"lazy\" decoding=\"async\" width=\"150\" height=\"150\" src=\"https:\/\/www.radiopiu.net\/wordpress\/wp-content\/uploads\/2024\/11\/5-Zona-Peschiere-2-150x150.jpg\" class=\"attachment-thumbnail size-thumbnail\" alt=\"\" aria-describedby=\"gallery-1-421311\" \/><\/a>\n\t\t\t\t<\/dt>\n\t\t\t\t\t<dd class='wp-caption-text gallery-caption' id='gallery-1-421311'>\n\t\t\t\t\tStessa inquadratura del 2024; potrebbe essere l\u2019embrione di un sito turistico ma il bambino come sar\u00e0?\n\t\t\t\t\t<\/dd><\/dl><dl class='gallery-item'>\n\t\t\t\t<dt class='gallery-icon landscape'>\n\t\t\t\t\t<a class=\"rollover rollover-zoom dt-pswp-item\" title=\"6- La casa vicino al lago (1)\" data-dt-img-description=\"\" data-large_image_width=\"2560\" data-large_image_height=\"1724\"href='https:\/\/www.radiopiu.net\/wordpress\/wp-content\/uploads\/2024\/11\/6-La-casa-vicino-al-lago-1-scaled.jpg'><img loading=\"lazy\" decoding=\"async\" width=\"150\" height=\"150\" src=\"https:\/\/www.radiopiu.net\/wordpress\/wp-content\/uploads\/2024\/11\/6-La-casa-vicino-al-lago-1-150x150.jpg\" class=\"attachment-thumbnail size-thumbnail\" alt=\"\" aria-describedby=\"gallery-1-421312\" \/><\/a>\n\t\t\t\t<\/dt>\n\t\t\t\t\t<dd class='wp-caption-text gallery-caption' id='gallery-1-421312'>\n\t\t\t\t\tE da cinquant\u2019anni, qui, sull\u2019area comunale delle Peschiere, sorge anche questo edificio realizzato con un\u2019operazione pubblico-privata attorno agli anni \u201970 del secolo scorso, anche in questo caso con finalit\u00e0 sembra mai state oggetto di una riqualificazione edilizia e dagli aspetti tecnici mai risolti.  \n\t\t\t\t\t<\/dd><\/dl><br style=\"clear: both\" \/>\n\t\t\t<\/div>\n\n<p>&nbsp;<\/p>\n<p>&nbsp;<\/p>\n<p>&nbsp;<\/p>\n<p>**********<\/p>\n","protected":false},"excerpt":{"rendered":"<p>******* &nbsp; DI GIORGIO FONTANIVE TAIBON Valle di San Lucano, Comune di Taibon Agordino una mattinata di novembre 2024; temperatura 4\u00b0 C. Di fronte le pareti delle Pale riverberano luce ma non abbastanza per mitigare le ombre dell\u2019Agn\u00e8r che interrompe il tepore del sole, ormai troppo basso\u2026.. Cos\u00ec il primo piano \u00e8 vago, indistinto, quasi&hellip;<\/p>\n","protected":false},"author":4,"featured_media":421309,"comment_status":"closed","ping_status":"closed","sticky":false,"template":"","format":"standard","meta":{"_monsterinsights_skip_tracking":false,"_monsterinsights_sitenote_active":false,"_monsterinsights_sitenote_note":"","_monsterinsights_sitenote_category":0,"footnotes":""},"categories":[104,49],"tags":[],"class_list":["post-421306","post","type-post","status-publish","format-standard","has-post-thumbnail","hentry","category-evidenza_3","category-news-18","category-104","category-49","description-off"],"img_url":"https:\/\/www.radiopiu.net\/wordpress\/wp-content\/uploads\/2024\/11\/3-4.11.24-Peschiere-2-scaled.jpg","_links":{"self":[{"href":"https:\/\/www.radiopiu.net\/wordpress\/wp-json\/wp\/v2\/posts\/421306","targetHints":{"allow":["GET"]}}],"collection":[{"href":"https:\/\/www.radiopiu.net\/wordpress\/wp-json\/wp\/v2\/posts"}],"about":[{"href":"https:\/\/www.radiopiu.net\/wordpress\/wp-json\/wp\/v2\/types\/post"}],"author":[{"embeddable":true,"href":"https:\/\/www.radiopiu.net\/wordpress\/wp-json\/wp\/v2\/users\/4"}],"replies":[{"embeddable":true,"href":"https:\/\/www.radiopiu.net\/wordpress\/wp-json\/wp\/v2\/comments?post=421306"}],"version-history":[{"count":1,"href":"https:\/\/www.radiopiu.net\/wordpress\/wp-json\/wp\/v2\/posts\/421306\/revisions"}],"predecessor-version":[{"id":421313,"href":"https:\/\/www.radiopiu.net\/wordpress\/wp-json\/wp\/v2\/posts\/421306\/revisions\/421313"}],"wp:featuredmedia":[{"embeddable":true,"href":"https:\/\/www.radiopiu.net\/wordpress\/wp-json\/wp\/v2\/media\/421309"}],"wp:attachment":[{"href":"https:\/\/www.radiopiu.net\/wordpress\/wp-json\/wp\/v2\/media?parent=421306"}],"wp:term":[{"taxonomy":"category","embeddable":true,"href":"https:\/\/www.radiopiu.net\/wordpress\/wp-json\/wp\/v2\/categories?post=421306"},{"taxonomy":"post_tag","embeddable":true,"href":"https:\/\/www.radiopiu.net\/wordpress\/wp-json\/wp\/v2\/tags?post=421306"}],"curies":[{"name":"wp","href":"https:\/\/api.w.org\/{rel}","templated":true}]}}