{"id":421321,"date":"2024-11-26T05:49:56","date_gmt":"2024-11-26T04:49:56","guid":{"rendered":"https:\/\/www.radiopiu.net\/wordpress\/?p=421321"},"modified":"2024-11-26T08:48:04","modified_gmt":"2024-11-26T07:48:04","slug":"giornale-radiopiu-26-novembre-2024-direttore-mirko-mezzacasada-41-anni-25-giugno-1983-25-giugno-2024","status":"publish","type":"post","link":"https:\/\/www.radiopiu.net\/wordpress\/giornale-radiopiu-26-novembre-2024-direttore-mirko-mezzacasada-41-anni-25-giugno-1983-25-giugno-2024\/","title":{"rendered":"GIORNALE RADIOPIU 26 NOVEMBRE 2024 DIRETTORE MIRKO MEZZACASA\u2026DA 41 ANNI 25 GIUGNO 1983-25 GIUGNO 2024"},"content":{"rendered":"<p>*****<\/p>\n<p>&nbsp;<\/p>\n<p><em><span style=\"color: #ff0000;\"><a class=\"dt-pswp-item\" href=\"https:\/\/www.radiopiu.net\/wordpress\/wp-content\/uploads\/2024\/10\/Senza-nome-8.png\" data-dt-img-description=\"\" data-large_image_width=\"343\" data-large_image_height=\"303\"><img loading=\"lazy\" decoding=\"async\" class=\"wp-image-412130 alignleft\" src=\"https:\/\/www.radiopiu.net\/wordpress\/wp-content\/uploads\/2024\/10\/Senza-nome-8-300x265.png\" alt=\"\" width=\"105\" height=\"93\" srcset=\"https:\/\/www.radiopiu.net\/wordpress\/wp-content\/uploads\/2024\/10\/Senza-nome-8-300x265.png 300w, https:\/\/www.radiopiu.net\/wordpress\/wp-content\/uploads\/2024\/10\/Senza-nome-8.png 343w\" sizes=\"auto, (max-width: 105px) 100vw, 105px\" \/><\/a><\/span><\/em><strong><em><span style=\"color: #ff0000;\"> LA\u00a0 APP PER IOS-IPHONE di Nicola Vettorello<\/span><\/em><\/strong><\/p>\n<p><strong><span style=\"color: #0000ff;\"><a style=\"color: #0000ff;\" href=\"https:\/\/apps.apple.com\/it\/app\/radio-pi%C3%B9-emittente-agordina\/id1515939845\">https:\/\/apps.apple.com\/it\/app\/radio-pi%C3%B9-emittente-agordina\/id1515939845<\/a><\/span><\/strong><\/p>\n<p><strong><em style=\"color: #ff0000;\">LA\u00a0 APP RADIO\u00a0 PER ANDROID di Nicola Vettorello<\/em><\/strong><\/p>\n<p><strong><span style=\"color: #0000ff;\"><a style=\"color: #0000ff;\" href=\"https:\/\/play.google.com\/store\/apps\/details?id=net.radiopiu.iniko\" target=\"_blank\" rel=\"noopener noreferrer\">https:\/\/<\/a><a style=\"color: #0000ff;\" href=\"https:\/\/play.google.com\/store\/apps\/details?id=net.radiopiu.iniko\" target=\"_blank\" rel=\"noopener noreferrer\">play.google.com\/store\/apps\/details?id=net.radiopiu.iniko\u00a0\u00a0\u00a0<\/a><\/span><\/strong><\/p>\n<p>&nbsp;<\/p>\n<p>&nbsp;<\/p>\n<hr \/>\n<p>&nbsp;<\/p>\n<p><strong><a class=\"dt-pswp-item\" href=\"https:\/\/www.radiopiu.net\/wordpress\/wp-content\/uploads\/2024\/11\/1c557e74-a97b-4fcc-8c42-69e2c4ea4430.jpg\" data-dt-img-description=\"\" data-large_image_width=\"977\" data-large_image_height=\"1072\"><img loading=\"lazy\" decoding=\"async\" class=\" wp-image-421542 alignleft\" src=\"https:\/\/www.radiopiu.net\/wordpress\/wp-content\/uploads\/2024\/11\/1c557e74-a97b-4fcc-8c42-69e2c4ea4430-273x300.jpg\" alt=\"\" width=\"162\" height=\"178\" srcset=\"https:\/\/www.radiopiu.net\/wordpress\/wp-content\/uploads\/2024\/11\/1c557e74-a97b-4fcc-8c42-69e2c4ea4430-273x300.jpg 273w, https:\/\/www.radiopiu.net\/wordpress\/wp-content\/uploads\/2024\/11\/1c557e74-a97b-4fcc-8c42-69e2c4ea4430-933x1024.jpg 933w, https:\/\/www.radiopiu.net\/wordpress\/wp-content\/uploads\/2024\/11\/1c557e74-a97b-4fcc-8c42-69e2c4ea4430-768x843.jpg 768w, https:\/\/www.radiopiu.net\/wordpress\/wp-content\/uploads\/2024\/11\/1c557e74-a97b-4fcc-8c42-69e2c4ea4430.jpg 977w\" sizes=\"auto, (max-width: 162px) 100vw, 162px\" \/><\/a>OGGI ALLA RADIO&#8230;.<\/strong> <span style=\"color: #ff0000;\">ALLE 4 E ALLE 6<\/span> LE NOTIZIE DALL&#8217;ITALIA E DAL MONDO <span style=\"color: #ff0000;\"> 0500 <span style=\"color: #0000ff;\"><span style=\"color: #000000;\">l&#8217;almanacco della nostra gente con il MUSLA<\/span>\u00a0<\/span><\/span><span style=\"color: #ff0000;\"> 6.15<\/span> PIROLE DE LENGA A CURA DEL MUSLA <span style=\"color: #ff0000;\">7.20<\/span> EL BAL DEL FIORI, DETTI E TRADIZIONI DI GIULIANA DA RONCH <span style=\"color: #ff0000;\">8.05<\/span> LA RASSEGNA STAMPA LOCALE<span style=\"color: #ff0000;\"> 8.30 <span style=\"color: #000000;\">PIU SIAMO DI MARINA DONA&#8217;\u00a0\u00a0<\/span> 900\u00a0<\/span><span style=\"color: #ff0000;\"><span style=\"color: #000000;\">\u00a0 IL COUNTRY DI ALEX NASCINBEN<\/span> <\/span><span style=\"color: #ff0000;\">9.40<\/span> VIABILITA&#8217; CON BOTOL CAR SERVICE (AGORDO-SEDICO-FELTRE)\u00a0 \u00a0<span style=\"color: #ff0000;\">10.30\u00a0<span style=\"color: #000000;\"> INAUGURAZIONE DEL NUOVO CENTRO MEDICO E ODONTOIATRICO IN VALLE DEL BIOIS CON IL DOTTOR FIORE ED ALESSIO XAIZ<\/span><\/span><span style=\"color: #000000;\">\u00a0<\/span><span style=\"color: #ff0000;\">\u00a0 11.10\u00a0<\/span><span style=\"color: #ff0000;\"><span style=\"color: #000000;\">\u00a0 SCUOLA APERTA, CONOSCIAMO L&#8217;OFFERTA FORMATIVA DEL FOLLADOR-DE ROSSI <\/span>\u00a011.20 LE POESIE DI <span style=\"color: #000000;\">GABRIELLA CRISC<\/span>I\u00a0 <\/span><span style=\"color: #ff0000;\">11.40<\/span> FESTIVALBAR STORY DI ATHOS DJ DAVID BEN\u00a0 \u00a0 <span style=\"color: #ff0000;\">12.00<\/span> VA TUTTO LISCIO\u00a0 <span style=\"color: #ff0000;\">12.30<\/span> GIORNALE RADIO PRINCIPALE <span style=\"color: #ff0000;\">13.20<\/span> FOGLIE E CASTAGNE MARINA DONA&#8217;\u00a0 \u00a0 <span style=\"color: #ff0000;\">14.00<\/span> collage operazione nostalgia di Loris Scussel <span style=\"color: #ff0000;\">15.10<\/span>\u00a0 ai martedi di Luisa Alchini, ospite Paola Taufer-psicologa\u00a0 <span style=\"color: #ff0000;\">16<\/span> IL ROCK DI MARCO COSTANTINI <span style=\"color: #ff0000;\">16 30<\/span> AGORDINA IN PRIMA LINEA DI MARCO GAZ\u00a0 <span style=\"color: #ff0000;\">1645<\/span> LE HIT DI MIRCO BENCIVENNI <span style=\"color: #ff0000;\">18.00<\/span> PIU&#8217; DANCE LE SELEZIONI CHE FANNO SALTARE DI DJ JACK, JACOPO DEL TEDESCO i remix di marina dona&#8217; <span style=\"color: #ff0000;\">19.00 <span style=\"color: #000000;\">LE ANTICIPAZIONI DAL TG DI ANTENNA 3 DI TIZIANA BOLOGNANI\u00a0<\/span><\/span><\/p>\n<p>&nbsp;<\/p>\n<p><strong>rassegna stampa nazionale,<\/strong> ogni giorno alle 5 e alle 6 del mattino<br \/>\ngiornali locali 7 rassegna stampa flash, 8 rassegna stampa, gr flash alle 10 e alle 11, principale 12.30. Informazione pomeriggio alle 15 (speciale) 16, 17, 18. Giornale radio nazionale: ogni ora dalle 5 del mattino, alle 20 della sera.<\/p>\n<p>&nbsp;<\/p>\n<p>&nbsp;<\/p>\n<hr \/>\n<p>&nbsp;<\/p>\n<p>&nbsp;<\/p>\n<div class=\"x11i5rnm xat24cr x1mh8g0r x1vvkbs xtlvy1s x126k92a\">\n<div dir=\"auto\">\n<div dir=\"auto\">\n<p><strong><a class=\"dt-pswp-item\" href=\"https:\/\/www.radiopiu.net\/wordpress\/wp-content\/uploads\/2024\/02\/2d44e751-d8a8-461b-8e22-d8e4e853b032.jpg\" data-dt-img-description=\"\" data-large_image_width=\"1600\" data-large_image_height=\"1200\"><img loading=\"lazy\" decoding=\"async\" class=\"wp-image-373307 alignleft\" src=\"https:\/\/www.radiopiu.net\/wordpress\/wp-content\/uploads\/2024\/02\/2d44e751-d8a8-461b-8e22-d8e4e853b032-300x225.jpg\" alt=\"\" width=\"105\" height=\"79\" srcset=\"https:\/\/www.radiopiu.net\/wordpress\/wp-content\/uploads\/2024\/02\/2d44e751-d8a8-461b-8e22-d8e4e853b032-300x225.jpg 300w, https:\/\/www.radiopiu.net\/wordpress\/wp-content\/uploads\/2024\/02\/2d44e751-d8a8-461b-8e22-d8e4e853b032-1024x768.jpg 1024w, https:\/\/www.radiopiu.net\/wordpress\/wp-content\/uploads\/2024\/02\/2d44e751-d8a8-461b-8e22-d8e4e853b032-768x576.jpg 768w, https:\/\/www.radiopiu.net\/wordpress\/wp-content\/uploads\/2024\/02\/2d44e751-d8a8-461b-8e22-d8e4e853b032-1536x1152.jpg 1536w, https:\/\/www.radiopiu.net\/wordpress\/wp-content\/uploads\/2024\/02\/2d44e751-d8a8-461b-8e22-d8e4e853b032.jpg 1600w\" sizes=\"auto, (max-width: 105px) 100vw, 105px\" \/><\/a>EL BAL DEL FIOR, DI GIULIANA DA RONCH, 26 NOVEMBRE<\/strong><strong>\u00a02024<\/strong><\/p>\n<\/div>\n<\/div>\n<\/div>\n<div><\/div>\n<div>\n<audio class=\"wp-audio-shortcode\" id=\"audio-421321-1\" preload=\"none\" style=\"width: 100%;\" controls=\"controls\"><source type=\"audio\/mpeg\" src=\"https:\/\/www.radiopiu.net\/wordpress\/wp-content\/uploads\/2024\/11\/GMA-3.mp3?_=1\" \/><a href=\"https:\/\/www.radiopiu.net\/wordpress\/wp-content\/uploads\/2024\/11\/GMA-3.mp3\">https:\/\/www.radiopiu.net\/wordpress\/wp-content\/uploads\/2024\/11\/GMA-3.mp3<\/a><\/audio>\n<\/div>\n<div><\/div>\n<hr \/>\n<p>&nbsp;<\/p>\n<p>&nbsp;<\/p>\n<div class=\"x11i5rnm xat24cr x1mh8g0r x1vvkbs xtlvy1s x126k92a\">\n<h1><span style=\"color: #ff0000;\"><a class=\"dt-pswp-item\" href=\"https:\/\/www.radiopiu.net\/wordpress\/wp-content\/uploads\/2024\/06\/th-5.jpg\" data-dt-img-description=\"\" data-large_image_width=\"326\" data-large_image_height=\"180\"><img loading=\"lazy\" decoding=\"async\" class=\"size-medium wp-image-395881 alignleft\" src=\"https:\/\/www.radiopiu.net\/wordpress\/wp-content\/uploads\/2024\/06\/th-5-300x166.jpg\" alt=\"\" width=\"300\" height=\"166\" srcset=\"https:\/\/www.radiopiu.net\/wordpress\/wp-content\/uploads\/2024\/06\/th-5-300x166.jpg 300w, https:\/\/www.radiopiu.net\/wordpress\/wp-content\/uploads\/2024\/06\/th-5.jpg 326w\" sizes=\"auto, (max-width: 300px) 100vw, 300px\" \/><\/a><\/span><\/h1>\n<h1><\/h1>\n<h1><\/h1>\n<h1><span style=\"color: #000000;\">26 NOVEMBRE&#8230; alla radio l&#8217;almanacco\u00a0<\/span><\/h1>\n<p>&nbsp;<\/p>\n<p>&nbsp;<\/p>\n<\/div>\n<div class=\"x11i5rnm xat24cr x1mh8g0r x1vvkbs xtlvy1s x126k92a\">\n<audio class=\"wp-audio-shortcode\" id=\"audio-421321-2\" preload=\"none\" style=\"width: 100%;\" controls=\"controls\"><source type=\"audio\/mpeg\" src=\"https:\/\/www.radiopiu.net\/wordpress\/wp-content\/uploads\/2024\/11\/ALMANACCONEW-20.mp3?_=2\" \/><a href=\"https:\/\/www.radiopiu.net\/wordpress\/wp-content\/uploads\/2024\/11\/ALMANACCONEW-20.mp3\">https:\/\/www.radiopiu.net\/wordpress\/wp-content\/uploads\/2024\/11\/ALMANACCONEW-20.mp3<\/a><\/audio>\n<p>&nbsp;<\/p>\n<div class=\"page-title-head hgroup\">\n<h1 class=\"entry-title\">L\u2019ANTICA STRADA TRA AGORDO E ZOLDO<\/h1>\n<\/div>\n<div class=\"page-title-breadcrumbs\">di TIZIANO DE COL_La Valle<br \/>\n\n\t\t\t<style type='text\/css'>\n\t\t\t\t#gallery-1 {\n\t\t\t\t\tmargin: auto;\n\t\t\t\t}\n\t\t\t\t#gallery-1 .gallery-item {\n\t\t\t\t\tfloat: left;\n\t\t\t\t\tmargin-top: 10px;\n\t\t\t\t\ttext-align: center;\n\t\t\t\t\twidth: 50%;\n\t\t\t\t}\n\t\t\t\t#gallery-1 img {\n\t\t\t\t\tborder: 2px solid #cfcfcf;\n\t\t\t\t}\n\t\t\t\t#gallery-1 .gallery-caption {\n\t\t\t\t\tmargin-left: 0;\n\t\t\t\t}\n\t\t\t\t\/* see gallery_shortcode() in wp-includes\/media.php *\/\n\t\t\t<\/style>\n\t\t<div id='gallery-1' class='dt-gallery-container gallery galleryid-421321 gallery-columns-2 gallery-size-medium'><dl class='gallery-item'>\n\t\t\t\t<dt class='gallery-icon landscape'>\n\t\t\t\t\t<a class=\"rollover rollover-zoom dt-pswp-item\" title=\"6d85f211-b70d-49f9-8b53-5a5042612229\" data-dt-img-description=\"\" data-large_image_width=\"1600\" data-large_image_height=\"1200\"href='https:\/\/www.radiopiu.net\/wordpress\/wp-content\/uploads\/2024\/11\/6d85f211-b70d-49f9-8b53-5a5042612229-1.jpg'><img loading=\"lazy\" decoding=\"async\" width=\"300\" height=\"225\" src=\"https:\/\/www.radiopiu.net\/wordpress\/wp-content\/uploads\/2024\/11\/6d85f211-b70d-49f9-8b53-5a5042612229-1-300x225.jpg\" class=\"attachment-medium size-medium\" alt=\"\" srcset=\"https:\/\/www.radiopiu.net\/wordpress\/wp-content\/uploads\/2024\/11\/6d85f211-b70d-49f9-8b53-5a5042612229-1-300x225.jpg 300w, https:\/\/www.radiopiu.net\/wordpress\/wp-content\/uploads\/2024\/11\/6d85f211-b70d-49f9-8b53-5a5042612229-1-1024x768.jpg 1024w, https:\/\/www.radiopiu.net\/wordpress\/wp-content\/uploads\/2024\/11\/6d85f211-b70d-49f9-8b53-5a5042612229-1-768x576.jpg 768w, https:\/\/www.radiopiu.net\/wordpress\/wp-content\/uploads\/2024\/11\/6d85f211-b70d-49f9-8b53-5a5042612229-1-1536x1152.jpg 1536w, https:\/\/www.radiopiu.net\/wordpress\/wp-content\/uploads\/2024\/11\/6d85f211-b70d-49f9-8b53-5a5042612229-1.jpg 1600w\" sizes=\"auto, (max-width: 300px) 100vw, 300px\" \/><\/a>\n\t\t\t\t<\/dt><\/dl><dl class='gallery-item'>\n\t\t\t\t<dt class='gallery-icon landscape'>\n\t\t\t\t\t<a class=\"rollover rollover-zoom dt-pswp-item\" title=\"67df3db8-75ce-41d1-b5ed-f947f620a7ba\" data-dt-img-description=\"\" data-large_image_width=\"1600\" data-large_image_height=\"1200\"href='https:\/\/www.radiopiu.net\/wordpress\/wp-content\/uploads\/2024\/11\/67df3db8-75ce-41d1-b5ed-f947f620a7ba-1.jpg'><img loading=\"lazy\" decoding=\"async\" width=\"300\" height=\"225\" src=\"https:\/\/www.radiopiu.net\/wordpress\/wp-content\/uploads\/2024\/11\/67df3db8-75ce-41d1-b5ed-f947f620a7ba-1-300x225.jpg\" class=\"attachment-medium size-medium\" alt=\"\" srcset=\"https:\/\/www.radiopiu.net\/wordpress\/wp-content\/uploads\/2024\/11\/67df3db8-75ce-41d1-b5ed-f947f620a7ba-1-300x225.jpg 300w, https:\/\/www.radiopiu.net\/wordpress\/wp-content\/uploads\/2024\/11\/67df3db8-75ce-41d1-b5ed-f947f620a7ba-1-1024x768.jpg 1024w, https:\/\/www.radiopiu.net\/wordpress\/wp-content\/uploads\/2024\/11\/67df3db8-75ce-41d1-b5ed-f947f620a7ba-1-768x576.jpg 768w, https:\/\/www.radiopiu.net\/wordpress\/wp-content\/uploads\/2024\/11\/67df3db8-75ce-41d1-b5ed-f947f620a7ba-1-1536x1152.jpg 1536w, https:\/\/www.radiopiu.net\/wordpress\/wp-content\/uploads\/2024\/11\/67df3db8-75ce-41d1-b5ed-f947f620a7ba-1.jpg 1600w\" sizes=\"auto, (max-width: 300px) 100vw, 300px\" \/><\/a>\n\t\t\t\t<\/dt><\/dl><br style=\"clear: both\" \/>\n\t\t\t<\/div>\n\n<\/div>\n<p>&nbsp;<\/p>\n<hr \/>\n<p>&nbsp;<\/p>\n<p>&nbsp;<\/p>\n<h1><strong><a class=\"dt-pswp-item\" href=\"https:\/\/www.radiopiu.net\/wordpress\/wp-content\/uploads\/2024\/10\/629301fd-708d-4f53-95c2-d28cbefd500f.jpg\" data-dt-img-description=\"\" data-large_image_width=\"1600\" data-large_image_height=\"1322\"><img loading=\"lazy\" decoding=\"async\" class=\"wp-image-413782 alignright\" src=\"https:\/\/www.radiopiu.net\/wordpress\/wp-content\/uploads\/2024\/10\/629301fd-708d-4f53-95c2-d28cbefd500f-300x248.jpg\" alt=\"\" width=\"123\" height=\"102\" srcset=\"https:\/\/www.radiopiu.net\/wordpress\/wp-content\/uploads\/2024\/10\/629301fd-708d-4f53-95c2-d28cbefd500f-300x248.jpg 300w, https:\/\/www.radiopiu.net\/wordpress\/wp-content\/uploads\/2024\/10\/629301fd-708d-4f53-95c2-d28cbefd500f-1024x846.jpg 1024w, https:\/\/www.radiopiu.net\/wordpress\/wp-content\/uploads\/2024\/10\/629301fd-708d-4f53-95c2-d28cbefd500f-768x635.jpg 768w, https:\/\/www.radiopiu.net\/wordpress\/wp-content\/uploads\/2024\/10\/629301fd-708d-4f53-95c2-d28cbefd500f-1536x1269.jpg 1536w, https:\/\/www.radiopiu.net\/wordpress\/wp-content\/uploads\/2024\/10\/629301fd-708d-4f53-95c2-d28cbefd500f.jpg 1600w\" sizes=\"auto, (max-width: 123px) 100vw, 123px\" \/><\/a><a class=\"dt-pswp-item\" href=\"https:\/\/www.radiopiu.net\/wordpress\/wp-content\/uploads\/2024\/11\/th-18.jpg\" data-dt-img-description=\"\" data-large_image_width=\"156\" data-large_image_height=\"180\"><img loading=\"lazy\" decoding=\"async\" class=\"size-full wp-image-421611 alignleft\" src=\"https:\/\/www.radiopiu.net\/wordpress\/wp-content\/uploads\/2024\/11\/th-18.jpg\" alt=\"\" width=\"156\" height=\"180\" \/><\/a><span style=\"color: #0000ff;\">N di parom &#8211; L Almanach de la nosta jent<\/span><\/strong><\/h1>\n<h2>ALLE CINQUE ED ALLE NOVE DEL MATTINO, TUTTI I GIORNI ALLA RADIO &#8230;<\/h2>\n<h3>Le voci: Davide Conedera, Agordo, Michela Dell&#8217;Osbel, La Valle Agordina Simone Ganz, Falcade Veronica Lezuo, Colle Santa Lucia. La voce nella sigla \u00e8 di Giorgia Taio<\/h3>\n<p>&nbsp;<\/p>\n<p><span style=\"color: #0000ff;\"><strong>LA PUNTATA DI OGGI, 26 NOVEMBRE<\/strong><\/span><\/p>\n<\/div>\n<div class=\"x11i5rnm xat24cr x1mh8g0r x1vvkbs xtlvy1s x126k92a\">\n<audio class=\"wp-audio-shortcode\" id=\"audio-421321-3\" preload=\"none\" style=\"width: 100%;\" controls=\"controls\"><source type=\"audio\/mpeg\" src=\"https:\/\/www.radiopiu.net\/wordpress\/wp-content\/uploads\/2024\/11\/AL2-3.mp3?_=3\" \/><a href=\"https:\/\/www.radiopiu.net\/wordpress\/wp-content\/uploads\/2024\/11\/AL2-3.mp3\">https:\/\/www.radiopiu.net\/wordpress\/wp-content\/uploads\/2024\/11\/AL2-3.mp3<\/a><\/audio>\n<p>&nbsp;<\/p>\n<p>&nbsp;<\/p>\n<div dir=\"auto\">\n<hr \/>\n<\/div>\n<\/div>\n<blockquote>\n<blockquote>\n<h1><span style=\"color: #ff0000;\">\u00a0<\/span><\/h1>\n<h1><span style=\"color: #ff0000;\">I podcast informativi del mattino &#8211; audio &#8211;\u00a0\u00a0<\/span><\/h1>\n<\/blockquote>\n<p><strong><a class=\"dt-pswp-item\" href=\"https:\/\/www.radiopiu.net\/wordpress\/wp-content\/uploads\/2024\/11\/6.jpg\" data-dt-img-description=\"\" data-large_image_width=\"177\" data-large_image_height=\"180\"><img loading=\"lazy\" decoding=\"async\" class=\"size-full wp-image-417911 alignleft\" src=\"https:\/\/www.radiopiu.net\/wordpress\/wp-content\/uploads\/2024\/11\/6.jpg\" alt=\"\" width=\"177\" height=\"180\" \/><\/a>LA RASSEGNA STAMPA NAZIONALE ALLA RADIO, OGNI GIORNO ALLE 5 E ALLE 6 DEL MATTINO <span style=\"color: #0000ff;\">viene pubblicata alle 6.00 <span style=\"color: #ff0000;\">DIRETTA RADIO\u00a0 \u00a0\u00a0<\/span><\/span><\/strong><\/p><\/blockquote>\n<p>&nbsp;<\/p>\n<p><span style=\"color: #ff0000;\"><strong>NOTIZIE DELLA NOTTE<\/strong><\/span><\/p>\n<p><strong>Corte Hong Kong<\/strong> mantiene la protezione dei diritti Lgbtq <strong>Cina a Trump,<\/strong> &#8216;nessuno vincer\u00e0 una guerra commerciale&#8217; <strong>Messico<\/strong>, a Culiac\u00e1n \u00e8 guerra tra i clan del Cartello di Sinaloa <strong>Trump, dazi del 25%<\/strong> a Messico e Canada contro droga e migranti <strong>Trump, dazi del 10%<\/strong> a Cina contro traffico di droga in Usa <strong>Funzionario Hamas<\/strong>, sosterremo tregua tra Hezbollah e Israele <strong>Attacco con droni<\/strong> su Kiev, difesa antiaerea in azione <strong>Valditara<\/strong>, confermo quanto ho detto &#8216;Ma non ho mai detto che femminicidi dipendono da stranieri&#8217;<\/p>\n<h2><span style=\"color: #ff0000;\">AUDIO dalle 6 del mattino<\/span><\/h2>\n<audio class=\"wp-audio-shortcode\" id=\"audio-421321-4\" preload=\"none\" style=\"width: 100%;\" controls=\"controls\"><source type=\"audio\/mpeg\" src=\"https:\/\/www.radiopiu.net\/wordpress\/wp-content\/uploads\/2024\/11\/GIORNALEDELLESEI-18.mp3?_=4\" \/><a href=\"https:\/\/www.radiopiu.net\/wordpress\/wp-content\/uploads\/2024\/11\/GIORNALEDELLESEI-18.mp3\">https:\/\/www.radiopiu.net\/wordpress\/wp-content\/uploads\/2024\/11\/GIORNALEDELLESEI-18.mp3<\/a><\/audio>\n<p>&nbsp;<\/p>\n<p>&nbsp;<\/p>\n<p>&nbsp;<\/p>\n<hr \/>\n<p>&nbsp;<\/p>\n<h1 style=\"text-align: center;\"><span style=\"color: #ff0000;\"><a class=\"dt-pswp-item\" href=\"https:\/\/www.radiopiu.net\/wordpress\/wp-content\/uploads\/2024\/11\/7.jpg\" data-dt-img-description=\"\" data-large_image_width=\"180\" data-large_image_height=\"180\"><img loading=\"lazy\" decoding=\"async\" class=\"size-full wp-image-417912 alignleft\" src=\"https:\/\/www.radiopiu.net\/wordpress\/wp-content\/uploads\/2024\/11\/7.jpg\" alt=\"\" width=\"180\" height=\"180\" srcset=\"https:\/\/www.radiopiu.net\/wordpress\/wp-content\/uploads\/2024\/11\/7.jpg 180w, https:\/\/www.radiopiu.net\/wordpress\/wp-content\/uploads\/2024\/11\/7-150x150.jpg 150w\" sizes=\"auto, (max-width: 180px) 100vw, 180px\" \/><\/a><span style=\"color: #800000;\">I podcast informativi del mattino &#8211; audio &#8211;\u00a0<\/span><\/span><\/h1>\n<p><strong>OGNI GIORNO ALLE SETTE DEL MATTINO, LA RASSEGNA STAMPA LOCALE FLASH&#8230; PER CHI VA IN FRETTA. I TITOLI DAI GIORNALI E DAL SITO WWW.RADIOPIU.NET <span style=\"color: #0000ff;\">viene pubblicato alle 7.00<\/span> <span style=\"color: #ff0000;\">DIRETTA RADIO\u00a0<\/span><\/strong><\/p>\n<p><em><span style=\"color: #ff0000;\">per chi va in fretta&#8230; tante notizie in pochi minuti. L&#8217;informazione locale alla radio, ogni ora dalle 7 del mattino alle 19 della sera.<\/span><\/em><\/p>\n<h1><\/h1>\n<h1><span style=\"color: #800000;\">AUDIO dalle 7 del mattino<\/span><\/h1>\n<audio class=\"wp-audio-shortcode\" id=\"audio-421321-5\" preload=\"none\" style=\"width: 100%;\" controls=\"controls\"><source type=\"audio\/mpeg\" src=\"https:\/\/www.radiopiu.net\/wordpress\/wp-content\/uploads\/2024\/11\/GF07-21.mp3?_=5\" \/><a href=\"https:\/\/www.radiopiu.net\/wordpress\/wp-content\/uploads\/2024\/11\/GF07-21.mp3\">https:\/\/www.radiopiu.net\/wordpress\/wp-content\/uploads\/2024\/11\/GF07-21.mp3<\/a><\/audio>\n<p>&nbsp;<\/p>\n<p>&nbsp;<\/p>\n<p>&nbsp;<\/p>\n<hr \/>\n<p>&nbsp;<\/p>\n<h1><\/h1>\n<h1 style=\"text-align: center;\"><span style=\"color: #ff0000;\"><a class=\"dt-pswp-item\" href=\"https:\/\/www.radiopiu.net\/wordpress\/wp-content\/uploads\/2024\/11\/th.jpg\" data-dt-img-description=\"\" data-large_image_width=\"148\" data-large_image_height=\"179\"><img loading=\"lazy\" decoding=\"async\" class=\"size-full wp-image-417913 alignleft\" src=\"https:\/\/www.radiopiu.net\/wordpress\/wp-content\/uploads\/2024\/11\/th.jpg\" alt=\"\" width=\"148\" height=\"179\" \/><\/a>I podcast informativi del mattino &#8211; audio &#8211;\u00a0<\/span><\/h1>\n<blockquote><p><strong>GIORNALE RADIO NAZIONALE, EDIZIONE DELLE SETTE <span style=\"color: #0000ff;\">viene pubblicato alle 7.05 <span style=\"color: #ff0000;\">DIRETTA RADIO\u00a0<\/span><\/span><\/strong><\/p><\/blockquote>\n<p><strong>il giornale radionazionale e&#8217; in onda ogni ora, dalle sette del mattino alle venti della sera\u00a0 \u00a0 <\/strong><\/p>\n<p>&nbsp;<\/p>\n<p><span style=\"color: #ff0000;\"><strong><br \/>\n<a class=\"dt-pswp-item\" href=\"https:\/\/www.radiopiu.net\/wordpress\/wp-content\/uploads\/2024\/11\/Senza-nome-111.png\" data-dt-img-description=\"\" data-large_image_width=\"219\" data-large_image_height=\"191\"><img loading=\"lazy\" decoding=\"async\" class=\"size-full wp-image-421567 alignleft\" src=\"https:\/\/www.radiopiu.net\/wordpress\/wp-content\/uploads\/2024\/11\/Senza-nome-111.png\" alt=\"\" width=\"219\" height=\"191\" \/><\/a><\/strong><\/span><\/p>\n<p style=\"text-align: left;\"><span style=\"color: #ff0000;\"><strong><span style=\"color: #0000ff;\">\u00a0 \u00a0 \u00a0 \u00a0 \u00a0 \u00a0 \u00a0 \u00a0 \u00a0 \u00a0 \u00a0 \u00a0 \u00a0 \u00a0 \u00a0 \u00a0 \u00a0 \u00a0 \u00a0 \u00a0 \u00a0 \u00a0 \u00a0 VENEZIA\u00a0 \u00a0<\/span><\/strong><\/span><\/p>\n<p><span style=\"color: #ff0000;\"><strong>Chiesto l&#8217;ergastolo per Filippo Turetta per il femminicidio di Giulia Cecchettin La richiesta del pm al processo a Venezia: &#8216;C&#8217;\u00e8 premeditazione&#8217;<\/strong><\/span><\/p>\n<p style=\"text-align: center;\"><span style=\"color: #ff0000;\"><strong><span style=\"color: #0000ff;\">MILANO<\/span><\/strong><\/span><\/p>\n<p><span style=\"color: #ff0000;\"><strong>Alessandro Impagnatiello condannato all&#8217;ergastolo per il femminicidio di Giulia Tramontano Sentenza della Corte d&#8217;Assise, la vittima era incinta\u00a0\u00a0<\/strong><\/span><\/p>\n<p><strong>Reggio Emilia<\/strong> Tortura in carcere, chieste condanne fino a 5 anni e 8 mesi <strong>Firenze<\/strong> Fer\u00ec un&#8217;altra alunna a scuola, condannati i genitori <strong>Savona<\/strong> Un arresto per violenza sessuale di gruppo <strong>L&#8217;olimpionico Pizzolato<\/strong> a processo per violenza sessuale Insieme a tre amici per lo stupro di una turista finlandese <strong>Milano <\/strong>Spendono 200mila euro in via Montenapoleone con carte di altri Arrestati cinque americani, avevano gioielli, borse e abiti <strong>Palerm<\/strong>o Badante si impossessa di eredit\u00e0 milionaria imprenditore<br \/>\nConfiscati beni e polizze sottratti al figlio disabile del&#8217;uomo<\/p>\n<p><span style=\"color: #ff0000;\"><span style=\"color: #0000ff;\">CRONACA<\/span> EDIZIONE DELLA SERA , DEL 25 NOVEMBRE 2024 EDIZIONE DI IERI, 20.00<\/span><\/p>\n<audio class=\"wp-audio-shortcode\" id=\"audio-421321-6\" preload=\"none\" style=\"width: 100%;\" controls=\"controls\"><source type=\"audio\/mpeg\" src=\"https:\/\/www.radiopiu.net\/wordpress\/wp-content\/uploads\/2024\/11\/giornale07-40.mp3?_=6\" \/><a href=\"https:\/\/www.radiopiu.net\/wordpress\/wp-content\/uploads\/2024\/11\/giornale07-40.mp3\">https:\/\/www.radiopiu.net\/wordpress\/wp-content\/uploads\/2024\/11\/giornale07-40.mp3<\/a><\/audio>\n<p>&nbsp;<\/p>\n<p><span style=\"color: #ff0000;\"><span style=\"color: #0000ff;\">SPORT<\/span> EDIZIONE DELLE 19, DEL 25 NOVEMBRE 2024, LO SPORT EDIZIONE DI IERI<\/span><\/p>\n<audio class=\"wp-audio-shortcode\" id=\"audio-421321-7\" preload=\"none\" style=\"width: 100%;\" controls=\"controls\"><source type=\"audio\/mpeg\" src=\"https:\/\/www.radiopiu.net\/wordpress\/wp-content\/uploads\/2024\/11\/gr-sport-20.mp3?_=7\" \/><a href=\"https:\/\/www.radiopiu.net\/wordpress\/wp-content\/uploads\/2024\/11\/gr-sport-20.mp3\">https:\/\/www.radiopiu.net\/wordpress\/wp-content\/uploads\/2024\/11\/gr-sport-20.mp3<\/a><\/audio>\n<h2><\/h2>\n<h2><span style=\"color: #ff0000;\"><span style=\"color: #0000ff;\">ULTIM&#8217;ORA<\/span> AUDIO dalle sette del mattino, ogni ora alla radio EDIZIONE DELLE SETTE<\/span><\/h2>\n<audio class=\"wp-audio-shortcode\" id=\"audio-421321-8\" preload=\"none\" style=\"width: 100%;\" controls=\"controls\"><source type=\"audio\/mpeg\" src=\"https:\/\/www.radiopiu.net\/wordpress\/wp-content\/uploads\/2024\/11\/giornale07-41.mp3?_=8\" \/><a href=\"https:\/\/www.radiopiu.net\/wordpress\/wp-content\/uploads\/2024\/11\/giornale07-41.mp3\">https:\/\/www.radiopiu.net\/wordpress\/wp-content\/uploads\/2024\/11\/giornale07-41.mp3<\/a><\/audio>\n<p>&nbsp;<\/p>\n<p>&nbsp;<\/p>\n<hr \/>\n<p>&nbsp;<\/p>\n<p>&nbsp;<\/p>\n<h1><span style=\"color: #ff0000;\"><a class=\"dt-pswp-item\" href=\"https:\/\/www.radiopiu.net\/wordpress\/wp-content\/uploads\/2024\/11\/8.jpg\" data-dt-img-description=\"\" data-large_image_width=\"180\" data-large_image_height=\"180\"><img loading=\"lazy\" decoding=\"async\" class=\"size-full wp-image-417910 alignleft\" src=\"https:\/\/www.radiopiu.net\/wordpress\/wp-content\/uploads\/2024\/11\/8.jpg\" alt=\"\" width=\"180\" height=\"180\" srcset=\"https:\/\/www.radiopiu.net\/wordpress\/wp-content\/uploads\/2024\/11\/8.jpg 180w, https:\/\/www.radiopiu.net\/wordpress\/wp-content\/uploads\/2024\/11\/8-150x150.jpg 150w\" sizes=\"auto, (max-width: 180px) 100vw, 180px\" \/><\/a><span style=\"color: #0000ff;\">I podcast informativi del mattino &#8211; video &#8211;\u00a0<\/span><\/span><\/h1>\n<h2 style=\"text-align: left;\"><strong>RASSEGNA STAMPA LOCALE, ORE OTTO 05<\/strong><\/h2>\n<h2><strong> <span style=\"color: #0000ff;\">viene\u00a0 <\/span><\/strong><strong><span style=\"color: #0000ff;\">pubblicata alle 8.05 <span style=\"color: #ff0000;\">DIRETTA RADIO\u00a0 \u00a0<\/span><\/span><\/strong><strong>DI MIRKO MEZZACASA<\/strong><\/h2>\n<h2><span style=\"color: #ff0000;\"><strong>\u00a0<\/strong><\/span><\/h2>\n<h2><span style=\"color: #ff0000;\"><strong>\u00a0<\/strong><\/span><\/h2>\n<h1><span style=\"color: #0000ff;\"><strong>VIDEO\u00a0 \u00a0in diretta dalle 8 del mattino\u00a0 \u00a0per ASCOLTARE <\/strong><\/span><\/h1>\n<blockquote>\n<h1 style=\"text-align: center;\"><a href=\"https:\/\/www.facebook.com\/radiopiu\/videos\/1101142981536218\">CLICCA QUI<\/a><\/h1>\n<\/blockquote>\n<p><a class=\"dt-pswp-item\" href=\"https:\/\/www.radiopiu.net\/wordpress\/wp-content\/uploads\/2024\/11\/coop1-1.png\" data-dt-img-description=\"\" data-large_image_width=\"602\" data-large_image_height=\"375\">\u00a0<\/a><\/p>\n\n\t\t\t<style type='text\/css'>\n\t\t\t\t#gallery-2 {\n\t\t\t\t\tmargin: auto;\n\t\t\t\t}\n\t\t\t\t#gallery-2 .gallery-item {\n\t\t\t\t\tfloat: left;\n\t\t\t\t\tmargin-top: 10px;\n\t\t\t\t\ttext-align: center;\n\t\t\t\t\twidth: 50%;\n\t\t\t\t}\n\t\t\t\t#gallery-2 img {\n\t\t\t\t\tborder: 2px solid #cfcfcf;\n\t\t\t\t}\n\t\t\t\t#gallery-2 .gallery-caption {\n\t\t\t\t\tmargin-left: 0;\n\t\t\t\t}\n\t\t\t\t\/* see gallery_shortcode() in wp-includes\/media.php *\/\n\t\t\t<\/style>\n\t\t<div id='gallery-2' class='dt-gallery-container gallery galleryid-421321 gallery-columns-2 gallery-size-medium'><dl class='gallery-item'>\n\t\t\t\t<dt class='gallery-icon landscape'>\n\t\t\t\t\t<a class=\"rollover rollover-zoom dt-pswp-item\" title=\"COOP1\" data-dt-img-description=\"\" data-large_image_width=\"491\" data-large_image_height=\"277\"href='https:\/\/www.radiopiu.net\/wordpress\/wp-content\/uploads\/2024\/11\/COOP1-12.png'><img loading=\"lazy\" decoding=\"async\" width=\"300\" height=\"169\" src=\"https:\/\/www.radiopiu.net\/wordpress\/wp-content\/uploads\/2024\/11\/COOP1-12-300x169.png\" class=\"attachment-medium size-medium\" alt=\"\" srcset=\"https:\/\/www.radiopiu.net\/wordpress\/wp-content\/uploads\/2024\/11\/COOP1-12-300x169.png 300w, https:\/\/www.radiopiu.net\/wordpress\/wp-content\/uploads\/2024\/11\/COOP1-12.png 491w\" sizes=\"auto, (max-width: 300px) 100vw, 300px\" \/><\/a>\n\t\t\t\t<\/dt><\/dl><dl class='gallery-item'>\n\t\t\t\t<dt class='gallery-icon landscape'>\n\t\t\t\t\t<a class=\"rollover rollover-zoom dt-pswp-item\" title=\"COOP2\" data-dt-img-description=\"\" data-large_image_width=\"375\" data-large_image_height=\"246\"href='https:\/\/www.radiopiu.net\/wordpress\/wp-content\/uploads\/2024\/11\/COOP2-9.png'><img loading=\"lazy\" decoding=\"async\" width=\"300\" height=\"197\" src=\"https:\/\/www.radiopiu.net\/wordpress\/wp-content\/uploads\/2024\/11\/COOP2-9-300x197.png\" class=\"attachment-medium size-medium\" alt=\"\" srcset=\"https:\/\/www.radiopiu.net\/wordpress\/wp-content\/uploads\/2024\/11\/COOP2-9-300x197.png 300w, https:\/\/www.radiopiu.net\/wordpress\/wp-content\/uploads\/2024\/11\/COOP2-9.png 375w\" sizes=\"auto, (max-width: 300px) 100vw, 300px\" \/><\/a>\n\t\t\t\t<\/dt><\/dl><br style=\"clear: both\" \/>\n\t\t\t<\/div>\n\n<p>&nbsp;<\/p>\n<hr \/>\n<p>&nbsp;<\/p>\n<p>&nbsp;<\/p>\n<p>&nbsp;<\/p>\n<p><strong><a class=\"dt-pswp-item\" href=\"https:\/\/www.radiopiu.net\/wordpress\/wp-content\/uploads\/2024\/11\/th-17.jpg\" data-dt-img-description=\"\" data-large_image_width=\"224\" data-large_image_height=\"180\"><img loading=\"lazy\" decoding=\"async\" class=\"size-full wp-image-421610 alignleft\" src=\"https:\/\/www.radiopiu.net\/wordpress\/wp-content\/uploads\/2024\/11\/th-17.jpg\" alt=\"\" width=\"224\" height=\"180\" \/><\/a><\/strong><\/p>\n<p>&nbsp;<\/p>\n<h1><strong><a class=\"dt-pswp-item\" href=\"https:\/\/www.radiopiu.net\/wordpress\/wp-content\/uploads\/2023\/12\/ANTENNA.png\" data-dt-img-description=\"\" data-large_image_width=\"300\" data-large_image_height=\"166\"><img loading=\"lazy\" decoding=\"async\" class=\" wp-image-366306 alignright\" src=\"https:\/\/www.radiopiu.net\/wordpress\/wp-content\/uploads\/2023\/12\/ANTENNA.png\" alt=\"\" width=\"139\" height=\"77\" \/><\/a><\/strong><\/h1>\n<h1><strong><span style=\"color: #ff9900;\">ogni sera alle 19 le anticipazioni alla radio,<\/span> <\/strong><\/h1>\n<h1><strong>quello che poi seguirete nel TELEGIORNALE <\/strong><\/h1>\n<h1><strong>BELLUNESE\u00a0 in onda alle 19.30 sul CANALE <\/strong><\/h1>\n<h1><strong>10 del digitale terrestre.\u00a0\u00a0<\/strong><\/h1>\n<p><span style=\"color: #ff9900;\"><strong>LE ANTICIPAZIONI DAL TG DI ANTENNA 3 DI\u00a0 fabio fioravanzi<\/strong><\/span><\/p>\n<audio class=\"wp-audio-shortcode\" id=\"audio-421321-9\" preload=\"none\" style=\"width: 100%;\" controls=\"controls\"><source type=\"audio\/mpeg\" src=\"https:\/\/www.radiopiu.net\/wordpress\/wp-content\/uploads\/2024\/11\/ANTENNA3-17.mp3?_=9\" \/><a href=\"https:\/\/www.radiopiu.net\/wordpress\/wp-content\/uploads\/2024\/11\/ANTENNA3-17.mp3\">https:\/\/www.radiopiu.net\/wordpress\/wp-content\/uploads\/2024\/11\/ANTENNA3-17.mp3<\/a><\/audio>\n<p>&nbsp;<\/p>\n<p>&nbsp;<\/p>\n<hr \/>\n<p>&nbsp;<\/p>\n<blockquote>\n<h3>VENERDI SCIOPERO NAZIONALE DEI TRASPORTI<\/h3>\n<\/blockquote>\n<p><strong>BELLUNO<\/strong> DolomitiBus e le sigle sindacali comunicano che nella giornata di venerd\u00ec 29 novembre \u00e8 stato indetto uno sciopero nazionale di 24 ore dei trasporti. DolomitiBus garantisce il servizio dalle 5:40 alle 8:10 e dalle 12:10 alle 15:40. Le corse in partenza prima dell\u2019inizio dello sciopero verranno effettuate regolarmente e le stesse, una volta iniziate, proseguiranno sino al capolinea. I servizi verranno ripristinati completamente a partire dal giorno successivo.<\/p>\n<p>&nbsp;<\/p>\n<hr \/>\n<p>&nbsp;<\/p>\n<blockquote>\n<h3>LAVORI PROGRAMMATI BIM GSP<\/h3>\n<\/blockquote>\n<p><strong>VALLADA<\/strong> Oggi, dalle 13:00 alle 17:00 (o fino a fine lavori), sar\u00e0 sospesa l&#8217;erogazione dell&#8217;acqua a Vallada Agordina, nelle localit\u00e0 Cogul, Piaz e Andrich<\/p>\n<p><strong>AGORDO<\/strong> Domani dalle 8 alle 17\u00a0 verr\u00e0 sospesa l\u2019erogazione dell\u2019acqua ad AGORDO, nelle Vie 5 MAGGIO 1848, CAMPO DEI FIORI, DOZZA e CALZON e in Vicolo 5 MAGGIO 1848.<\/p>\n<p>&nbsp;<\/p>\n<p>&nbsp;<\/p>\n<hr \/>\n<p>&nbsp;<\/p>\n<blockquote>\n<h2><a class=\"dt-pswp-item\" href=\"https:\/\/www.radiopiu.net\/wordpress\/wp-content\/uploads\/2024\/06\/taibon-framont-san-lucano2.jpg\" data-dt-img-description=\"\" data-large_image_width=\"1600\" data-large_image_height=\"1200\"><img loading=\"lazy\" decoding=\"async\" class=\"wp-image-396641 alignleft\" src=\"https:\/\/www.radiopiu.net\/wordpress\/wp-content\/uploads\/2024\/06\/taibon-framont-san-lucano2-300x225.jpg\" alt=\"\" width=\"139\" height=\"104\" srcset=\"https:\/\/www.radiopiu.net\/wordpress\/wp-content\/uploads\/2024\/06\/taibon-framont-san-lucano2-300x225.jpg 300w, https:\/\/www.radiopiu.net\/wordpress\/wp-content\/uploads\/2024\/06\/taibon-framont-san-lucano2-1024x768.jpg 1024w, https:\/\/www.radiopiu.net\/wordpress\/wp-content\/uploads\/2024\/06\/taibon-framont-san-lucano2-768x576.jpg 768w, https:\/\/www.radiopiu.net\/wordpress\/wp-content\/uploads\/2024\/06\/taibon-framont-san-lucano2-1536x1152.jpg 1536w, https:\/\/www.radiopiu.net\/wordpress\/wp-content\/uploads\/2024\/06\/taibon-framont-san-lucano2.jpg 1600w\" sizes=\"auto, (max-width: 139px) 100vw, 139px\" \/><\/a>203 AGORDINA: CHIUSURA DELLO SVINCOLO PER AGORDO<\/h2>\n<\/blockquote>\n<p><strong>TAIBON<\/strong> Fino al 29 novembre, in localit\u00e0 San Cipriano, interdizione totale della circolazione stradale della corsia di svincolo direzione sud\u00a0 per intervento realizzazione rete del gas. <strong>QUINDI PER AGORDO RIMANERE IN TANGENZIALE\u00a0\u00a0<\/strong><\/p>\n<p>&nbsp;<\/p>\n<hr \/>\n<p>&nbsp;<\/p>\n<blockquote>\n<h2>Addio a Renato Bogo, alpino e testimone del Vajont<\/h2>\n<\/blockquote>\n<blockquote><p><strong>Scompare a 82 anni il caporal maggiore che raccont\u00f2 al mondo l\u2019orrore della tragedia di Longarone<\/strong><\/p><\/blockquote>\n<p><strong>BELLUNO\u00a0<\/strong><\/p>\n<div class=\"flex max-w-full flex-col flex-grow\">\n<div class=\"min-h-8 text-message flex w-full flex-col items-end gap-2 whitespace-normal break-words [.text-message+&amp;]:mt-5\" dir=\"auto\" data-message-author-role=\"assistant\" data-message-id=\"0fdcdbab-534c-4e08-b5dd-68fb7e49631a\" data-message-model-slug=\"gpt-4o\">\n<div class=\"flex w-full flex-col gap-1 empty:hidden first:pt-[3px]\">\n<div class=\"markdown prose w-full break-words dark:prose-invert dark\">\n<p><em><a class=\"dt-pswp-item\" href=\"https:\/\/www.radiopiu.net\/wordpress\/wp-content\/uploads\/2024\/11\/renato.png\" data-dt-img-description=\"\" data-large_image_width=\"272\" data-large_image_height=\"284\"><img loading=\"lazy\" decoding=\"async\" class=\" wp-image-421550 alignleft\" src=\"https:\/\/www.radiopiu.net\/wordpress\/wp-content\/uploads\/2024\/11\/renato.png\" alt=\"\" width=\"200\" height=\"209\" \/><\/a>\u00abNeppure a 60 anni di distanza posso dimenticare quei corpi appesi ai rami degli alberi. Come stracci\u2026 ma umani\u00bb.<\/em> Con queste parole Renato Bogo, caporal maggiore degli alpini, raccontava la devastazione che aveva visto la notte del Vajont. Si \u00e8 spento ieri, all\u2019et\u00e0 di 82 anni, lasciando un\u2019eredit\u00e0 di memoria e alpinit\u00e0. Bogo era un volto noto tra le Penne Nere bellunesi, custode instancabile dei ricordi di quel tragico autunno del 1963. Tra i primi a raggiungere Longarone dopo la catastrofe, non smise mai di testimoniare l\u2019orrore vissuto. Tromba alla mano, Bogo accompagnava le cerimonie commemorative, trasformando il suo strumento in un simbolo di rispetto e raccoglimento. Renato Bogo lascia la moglie Gabriella, i figli Alessandro ed Enrico e tutta la comunit\u00e0 alpina, che si stringe nel lutto. Il funerale si terr\u00e0 gioved\u00ec alle ore 15 in Duomo.<\/p>\n<\/div>\n<\/div>\n<\/div>\n<\/div>\n<p>&nbsp;<\/p>\n<p>&nbsp;<\/p>\n<hr \/>\n<p><strong>\u00a0<\/strong><\/p>\n<blockquote>\n<h2><strong>Giovane operaio trevigiano grave dopo una caduta in cantiere\u00a0<\/strong><\/h2>\n<\/blockquote>\n<div class=\"flex max-w-full flex-col flex-grow\">\n<div class=\"min-h-8 text-message flex w-full flex-col items-end gap-2 whitespace-normal break-words [.text-message+&amp;]:mt-5\" dir=\"auto\" data-message-author-role=\"assistant\" data-message-id=\"9343abf0-d9e1-427d-a3f4-b25f70d69d65\" data-message-model-slug=\"gpt-4o\">\n<div class=\"flex w-full flex-col gap-1 empty:hidden first:pt-[3px]\">\n<div class=\"markdown prose w-full break-words dark:prose-invert dark\">\n<blockquote>\n<h1 class=\"flex justify-center\"><strong style=\"font-size: 14px;\">SEDICO<\/strong><\/h1>\n<\/blockquote>\n<div class=\"flex max-w-full flex-col flex-grow\">\n<div class=\"min-h-8 text-message flex w-full flex-col items-end gap-2 whitespace-normal break-words [.text-message+&amp;]:mt-5\" dir=\"auto\" data-message-author-role=\"assistant\" data-message-id=\"9343abf0-d9e1-427d-a3f4-b25f70d69d65\" data-message-model-slug=\"gpt-4o\">\n<div class=\"flex w-full flex-col gap-1 empty:hidden first:pt-[3px]\">\n<div class=\"markdown prose w-full break-words dark:prose-invert dark\">\n<p><img loading=\"lazy\" decoding=\"async\" class=\"alignleft\" src=\"https:\/\/www.radiopiu.net\/wordpress\/wp-content\/uploads\/2018\/11\/edile.jpg\" width=\"149\" height=\"99\" \/>Un incidente sul lavoro si \u00e8 verificato in via Traversa Agordina all\u2019ex Moretti di Roe Alte. , nella zona di Roe di Sedico E. Bekteshi, 29 anni, kosovaro residente nel Trevigiano e titolare della ditta Fratelli Bekteshi, \u00e8 caduto da un&#8217;altezza di circa sei metri durante un intervento sul cantiere.. Secondo le prime ricostruzioni, il giovane stava lavorando in quota quando, per cause ancora da accertare, \u00e8 precipitato al suolo. I colleghi presenti sul posto hanno immediatamente lanciato l\u2019allarme. In pochi minuti \u00e8 intervenuto l\u2019elicottero del Suem 118, che ha prestato i primi soccorsi al giovane, trasferendolo d\u2019urgenza all\u2019ospedale C\u00e0 Foncello di Treviso. Le sue condizioni sono state definite gravi dai sanitari. Le autorit\u00e0 competenti stanno svolgendo accertamenti per chiarire le dinamiche dell\u2019incidente e verificare il rispetto delle norme di sicurezza sul lavoro all\u2019interno del cantiere.<\/p>\n<\/div>\n<\/div>\n<\/div>\n<\/div>\n<\/div>\n<\/div>\n<\/div>\n<\/div>\n<p>&nbsp;<\/p>\n<p>&nbsp;<\/p>\n<blockquote>\n<h3>LA REAZIONE DI ROBERTO TOIGO (UIL)<\/h3>\n<\/blockquote>\n<p><strong>BELLUNO<\/strong> <img loading=\"lazy\" decoding=\"async\" class=\"alignleft\" src=\"https:\/\/www.radiopiu.net\/wordpress\/wp-content\/uploads\/2024\/11\/112cbbb4-f128-4c1f-a82e-1c8321500b05-300x300.webp\" width=\"143\" height=\"143\" \/>Un incidente sul lavoro si \u00e8 verificato ieri in via Traversa Agordina, nella zona di Roe di Sedico, nel Bellunese. Un operaio trevigiano \u00e8 caduto da un\u2019altezza di circa sei metri durante un intervento sul cantiere. Le sue condizioni sono critiche, e la comunit\u00e0 \u00e8 in apprensione per la sua salute. Roberto Toigo, segretario generale della Uil Veneto, ha espresso solidariet\u00e0 alla famiglia, denunciando la situazione: \u201cSiamo di fronte a un continuo attacco alla vita. Invitiamo i lavoratori a fermarsi se percepiscono situazioni pericolose. La Uil \u00e8 al loro fianco\u201d. L\u2019episodio riaccende i riflettori sulla necessit\u00e0 di maggiori misure di sicurezza nei luoghi di lavoro.<\/p>\n<p>&nbsp;<\/p>\n<p>&nbsp;<\/p>\n<hr \/>\n<p>&nbsp;<\/p>\n<blockquote>\n<h3>Principio di incendio a Roe Basse: paura per una donna, ma nessun grave danno<\/h3>\n<\/blockquote>\n<p><strong><img loading=\"lazy\" decoding=\"async\" class=\"alignleft\" src=\"https:\/\/www.radiopiu.net\/wordpress\/wp-content\/uploads\/2021\/07\/7b3b4c7a-9421-4e33-96b9-7161270ef358.jpg\" width=\"128\" height=\"148\" \/>SEDICO<\/strong><\/p>\n<p>Paura ieri a Roe Basse per una donna rimasta intrappolata nella sua abitazione durante un principio di incendio sviluppatosi nel soggiorno. Poco prima di pranzo, il fumo ha invaso gli ambienti, costringendo la signora a chiamare i soccorsi.<\/p>\n<p>&nbsp;<\/p>\n<p>I vigili del fuoco, giunti rapidamente, l\u2019hanno portata fuori dall\u2019abitazione e spento le fiamme, evitando danni gravi. Il fumo \u00e8 stato evacuato e gli ambienti messi in sicurezza. Solo il soggiorno ha riportato danni, mentre il resto della casa \u00e8 rimasto agibile. Nessuna conseguenza fisica per la residente, ma tanto spavento.<\/p>\n<p>&nbsp;<\/p>\n<hr \/>\n<blockquote><p><strong>\u00a0\u00a0<\/strong><\/p>\n<p>&nbsp;<\/p>\n<p><strong>Mobilitazione contro i licenziamenti alla Bosch<\/strong><\/p><\/blockquote>\n<p><strong>SETTEVILLE<\/strong> Prosegue la protesta dei lavoratori dello stabilimento Bosch di Setteville, dove sono previsti 30 licenziamenti, oltre a 10 contratti interinali, su 80 dipendenti. Anche lo stabilimento di Villasanta rischia la <a class=\"dt-pswp-item\" href=\"https:\/\/www.radiopiu.net\/wordpress\/wp-content\/uploads\/2024\/11\/Senza-nome-110.png\" data-dt-img-description=\"\" data-large_image_width=\"482\" data-large_image_height=\"310\"><img loading=\"lazy\" decoding=\"async\" class=\"size-medium wp-image-421552 alignleft\" src=\"https:\/\/www.radiopiu.net\/wordpress\/wp-content\/uploads\/2024\/11\/Senza-nome-110-300x193.png\" alt=\"\" width=\"300\" height=\"193\" srcset=\"https:\/\/www.radiopiu.net\/wordpress\/wp-content\/uploads\/2024\/11\/Senza-nome-110-300x193.png 300w, https:\/\/www.radiopiu.net\/wordpress\/wp-content\/uploads\/2024\/11\/Senza-nome-110.png 482w\" sizes=\"auto, (max-width: 300px) 100vw, 300px\" \/><\/a>cessione, con un totale di 160 esuberi su 380 tra le due sedi. La RSU e i sindacati Fiom e Fim di Belluno hanno indetto un presidio e 4 ore di sciopero il 26 novembre. Si chiede il ritiro della procedura e il rilancio produttivo per evitare che la crisi dell\u2019automotive gravi sulle famiglie e sul territorio.<\/p>\n<blockquote>\n<h3><strong>Edim Bosch: presidio e sciopero contro i licenziamenti<\/strong><\/h3>\n<\/blockquote>\n<p>I lavoratori della Edim Bosch di Quero, uniti a Fiom e Fim di Belluno, protestano contro i tagli: 40 posti, inclusi interinali, sono a rischio su 80 totali. Oggi presidio davanti ai cancelli e sciopero di 4 ore per turno. La crisi coinvolge anche Villasanta (Monza), con 160 esuberi complessivi. Sindacati chiedono il ritiro della procedura di licenziamento e investimenti per il rilancio. L\u2019incontro decisivo in Regione il 3 dicembre.<\/p>\n<p>&nbsp;<\/p>\n<p>&nbsp;<\/p>\n<hr \/>\n<p>&nbsp;<\/p>\n<blockquote>\n<h2>Un nuovo Parco Avventura per bambini a Falcade<\/h2>\n<\/blockquote>\n<p>&nbsp;<\/p>\n<blockquote><p><em><strong>Conclusi i lavori: un\u2019area ludica e didattica in mezzo alla natura pronta per la primavera 2025. Allo studio il percorso vita in destra orografia del torrente Biois.<\/strong><\/em><\/p><\/blockquote>\n<p><strong><img loading=\"lazy\" decoding=\"async\" class=\"alignleft\" src=\"https:\/\/www.radiopiu.net\/wordpress\/wp-content\/uploads\/2024\/11\/Senza-nome-109.png\" width=\"291\" height=\"156\" \/>FALCADE <\/strong>Il 24 novembre 2024 si sono conclusi i lavori per il nuovo Parco Avventura sugli alberi, un progetto dedicato a bambini e ragazzi tra i 4 e i 12 anni. L\u2019iniziativa, inserita nel programma elettorale dell\u2019amministrazione comunale, \u00e8 stata realizzata in poco pi\u00f9 di due anni e mezzo, con il contributo della ditta Arborea di Torbole sul Garda, nonostante alcuni ritardi nella fornitura dei materiali. Situato nella Piana di Falcade, tra il laghetto Aivaz e l\u2019area griglie del parco giochi <a href=\"https:\/\/www.radiopiu.net\/wordpress\/wp-content\/uploads\/2024\/11\/41d3b320-9e0e-4bc3-80c0-329c09254333.webp\"><img loading=\"lazy\" decoding=\"async\" class=\" wp-image-421438 alignright\" src=\"https:\/\/www.radiopiu.net\/wordpress\/wp-content\/uploads\/2024\/11\/41d3b320-9e0e-4bc3-80c0-329c09254333-300x300.webp\" alt=\"\" width=\"220\" height=\"220\" srcset=\"https:\/\/www.radiopiu.net\/wordpress\/wp-content\/uploads\/2024\/11\/41d3b320-9e0e-4bc3-80c0-329c09254333-300x300.webp 300w, https:\/\/www.radiopiu.net\/wordpress\/wp-content\/uploads\/2024\/11\/41d3b320-9e0e-4bc3-80c0-329c09254333-150x150.webp 150w, https:\/\/www.radiopiu.net\/wordpress\/wp-content\/uploads\/2024\/11\/41d3b320-9e0e-4bc3-80c0-329c09254333-768x768.webp 768w, https:\/\/www.radiopiu.net\/wordpress\/wp-content\/uploads\/2024\/11\/41d3b320-9e0e-4bc3-80c0-329c09254333.webp 1024w\" sizes=\"auto, (max-width: 220px) 100vw, 220px\" \/><\/a>(localit\u00e0 Le Busche), il Parco Avventura \u00e8 pensato per offrire un\u2019esperienza ludica, didattica e sicura a contatto con la natura. Come spiega il consigliere con delega a sport e turismo Fulvio Valt, <em>\u201cQuesto spazio permetter\u00e0 ai pi\u00f9 piccoli di divertirsi imparando le tecniche per muoversi in sicurezza in montagna, in un\u2019area attrezzata e gestita da personale qualificato\u201d. <\/em>L\u2019accesso sar\u00e0 facilitato da parcheggi vicini e comodi, situati in Piazza Municipio, al Piazzale dello Sport e presso l\u2019area Aivaz. La stagione di apertura \u00e8 prevista da maggio a ottobre, con l\u2019inaugurazione ufficiale programmata per la primavera 2025. Il sindaco Mauro Salvaterra ha inoltre ricordato l\u2019obiettivo di ampliare l\u2019offerta sportiva del territorio: <em>\u201cDurante la campagna elettorale abbiamo proposto di affiancare al Parco Avventura un percorso vita, per coinvolgere anche un pubblico adulto. \u00c8 un progetto che stiamo sviluppando per restituire alla comunit\u00e0 una struttura amata fin dagli anni \u201980\u201d. <\/em>Con il Parco Avventura e l\u2019eventuale percorso fitness, Falcade conferma il suo impegno a promuovere uno stile di vita attivo e sostenibile per tutte le fasce d\u2019et\u00e0. Al Comune non rimane che\u00a0 predisporre il bando di assegnazione per la gestione del Parco Avventura e la sua prossima apertura prevista per la primavera 2025.<\/p>\n<p>&nbsp;<\/p>\n<hr \/>\n<p>&nbsp;<\/p>\n<p>&nbsp;<\/p>\n<blockquote>\n<h3>25 NOVEMBRE, GIORNATA INTERNAZIONALE CONTRO LA VIOLENZA SULLE DONNE. L&#8217;INTERVENTO DAL CONSIGLIO COMUNALE DI AGORDO<\/h3>\n<\/blockquote>\n<p><strong><a class=\"dt-pswp-item\" href=\"https:\/\/www.radiopiu.net\/wordpress\/wp-content\/uploads\/2024\/11\/74ca7f9c-eae9-4043-af32-173a54bf1bd4.jpg\" data-dt-img-description=\"\" data-large_image_width=\"1600\" data-large_image_height=\"1034\"><img loading=\"lazy\" decoding=\"async\" class=\" wp-image-421524 alignleft\" src=\"https:\/\/www.radiopiu.net\/wordpress\/wp-content\/uploads\/2024\/11\/74ca7f9c-eae9-4043-af32-173a54bf1bd4-300x194.jpg\" alt=\"\" width=\"182\" height=\"118\" srcset=\"https:\/\/www.radiopiu.net\/wordpress\/wp-content\/uploads\/2024\/11\/74ca7f9c-eae9-4043-af32-173a54bf1bd4-300x194.jpg 300w, https:\/\/www.radiopiu.net\/wordpress\/wp-content\/uploads\/2024\/11\/74ca7f9c-eae9-4043-af32-173a54bf1bd4-1024x662.jpg 1024w, https:\/\/www.radiopiu.net\/wordpress\/wp-content\/uploads\/2024\/11\/74ca7f9c-eae9-4043-af32-173a54bf1bd4-768x496.jpg 768w, https:\/\/www.radiopiu.net\/wordpress\/wp-content\/uploads\/2024\/11\/74ca7f9c-eae9-4043-af32-173a54bf1bd4-1536x993.jpg 1536w, https:\/\/www.radiopiu.net\/wordpress\/wp-content\/uploads\/2024\/11\/74ca7f9c-eae9-4043-af32-173a54bf1bd4.jpg 1600w\" sizes=\"auto, (max-width: 182px) 100vw, 182px\" \/><\/a>AGORDO<\/strong> L&#8217;intervento di Cristina Bien, assessore alla cultura e sicurezza del comune di Agordo, durante il consiglio comunale del 25 novembre.<\/p>\n<p><strong>L&#8217;AUDIO<\/strong><\/p>\n<audio class=\"wp-audio-shortcode\" id=\"audio-421321-10\" preload=\"none\" style=\"width: 100%;\" controls=\"controls\"><source type=\"audio\/mpeg\" src=\"https:\/\/www.radiopiu.net\/wordpress\/wp-content\/uploads\/2024\/11\/CRISTINA-BIEN-25-NOVEMBRE.mp3?_=10\" \/><a href=\"https:\/\/www.radiopiu.net\/wordpress\/wp-content\/uploads\/2024\/11\/CRISTINA-BIEN-25-NOVEMBRE.mp3\">https:\/\/www.radiopiu.net\/wordpress\/wp-content\/uploads\/2024\/11\/CRISTINA-BIEN-25-NOVEMBRE.mp3<\/a><\/audio>\n<p>&nbsp;<\/p>\n<p>&nbsp;<\/p>\n<hr \/>\n<p>&nbsp;<\/p>\n<blockquote>\n<h3>IN PIAZZA DEI MARTIRI LA VOCE DELLE DONNE<\/h3>\n<\/blockquote>\n<p><strong>BELLUNO <\/strong>25 NOVEMBRE&#8230; LA GIORNATA INTERNAZIONALE CONTRO LA VIOLENZA SULLA DONNA<\/p>\n<p><strong>CONTRIBUTI AUDIO E VIDEO RACCOLTI DA SILVIA BALDO<\/strong><\/p>\n<audio class=\"wp-audio-shortcode\" id=\"audio-421321-11\" preload=\"none\" style=\"width: 100%;\" controls=\"controls\"><source type=\"audio\/mpeg\" src=\"https:\/\/www.radiopiu.net\/wordpress\/wp-content\/uploads\/2024\/11\/SILVIA-BALDO-INTERVISTE-BELLUNO-1.mp3?_=11\" \/><a href=\"https:\/\/www.radiopiu.net\/wordpress\/wp-content\/uploads\/2024\/11\/SILVIA-BALDO-INTERVISTE-BELLUNO-1.mp3\">https:\/\/www.radiopiu.net\/wordpress\/wp-content\/uploads\/2024\/11\/SILVIA-BALDO-INTERVISTE-BELLUNO-1.mp3<\/a><\/audio>\n<p>&nbsp;<\/p>\n\n\t\t\t<style type='text\/css'>\n\t\t\t\t#gallery-3 {\n\t\t\t\t\tmargin: auto;\n\t\t\t\t}\n\t\t\t\t#gallery-3 .gallery-item {\n\t\t\t\t\tfloat: left;\n\t\t\t\t\tmargin-top: 10px;\n\t\t\t\t\ttext-align: center;\n\t\t\t\t\twidth: 33%;\n\t\t\t\t}\n\t\t\t\t#gallery-3 img {\n\t\t\t\t\tborder: 2px solid #cfcfcf;\n\t\t\t\t}\n\t\t\t\t#gallery-3 .gallery-caption {\n\t\t\t\t\tmargin-left: 0;\n\t\t\t\t}\n\t\t\t\t\/* see gallery_shortcode() in wp-includes\/media.php *\/\n\t\t\t<\/style>\n\t\t<div id='gallery-3' class='dt-gallery-container gallery galleryid-421321 gallery-columns-3 gallery-size-thumbnail'><dl class='gallery-item'>\n\t\t\t\t<dt class='gallery-icon landscape'>\n\t\t\t\t\t<a class=\"rollover rollover-zoom dt-pswp-item\" title=\"b908dc26-9d3c-429a-857e-76146b6f0f65\" data-dt-img-description=\"\" data-large_image_width=\"1512\" data-large_image_height=\"1512\"href='https:\/\/www.radiopiu.net\/wordpress\/wp-content\/uploads\/2024\/11\/b908dc26-9d3c-429a-857e-76146b6f0f65.jpg'><img loading=\"lazy\" decoding=\"async\" width=\"150\" height=\"150\" src=\"https:\/\/www.radiopiu.net\/wordpress\/wp-content\/uploads\/2024\/11\/b908dc26-9d3c-429a-857e-76146b6f0f65-150x150.jpg\" class=\"attachment-thumbnail size-thumbnail\" alt=\"\" srcset=\"https:\/\/www.radiopiu.net\/wordpress\/wp-content\/uploads\/2024\/11\/b908dc26-9d3c-429a-857e-76146b6f0f65-150x150.jpg 150w, https:\/\/www.radiopiu.net\/wordpress\/wp-content\/uploads\/2024\/11\/b908dc26-9d3c-429a-857e-76146b6f0f65-300x300.jpg 300w, https:\/\/www.radiopiu.net\/wordpress\/wp-content\/uploads\/2024\/11\/b908dc26-9d3c-429a-857e-76146b6f0f65-1024x1024.jpg 1024w, https:\/\/www.radiopiu.net\/wordpress\/wp-content\/uploads\/2024\/11\/b908dc26-9d3c-429a-857e-76146b6f0f65-768x768.jpg 768w, https:\/\/www.radiopiu.net\/wordpress\/wp-content\/uploads\/2024\/11\/b908dc26-9d3c-429a-857e-76146b6f0f65.jpg 1512w\" sizes=\"auto, (max-width: 150px) 100vw, 150px\" \/><\/a>\n\t\t\t\t<\/dt><\/dl><dl class='gallery-item'>\n\t\t\t\t<dt class='gallery-icon landscape'>\n\t\t\t\t\t<a class=\"rollover rollover-zoom dt-pswp-item\" title=\"410bc17d-b6c7-43bc-adc4-d901949e909f\" data-dt-img-description=\"\" data-large_image_width=\"1512\" data-large_image_height=\"1512\"href='https:\/\/www.radiopiu.net\/wordpress\/wp-content\/uploads\/2024\/11\/410bc17d-b6c7-43bc-adc4-d901949e909f.jpg'><img loading=\"lazy\" decoding=\"async\" width=\"150\" height=\"150\" src=\"https:\/\/www.radiopiu.net\/wordpress\/wp-content\/uploads\/2024\/11\/410bc17d-b6c7-43bc-adc4-d901949e909f-150x150.jpg\" class=\"attachment-thumbnail size-thumbnail\" alt=\"\" srcset=\"https:\/\/www.radiopiu.net\/wordpress\/wp-content\/uploads\/2024\/11\/410bc17d-b6c7-43bc-adc4-d901949e909f-150x150.jpg 150w, https:\/\/www.radiopiu.net\/wordpress\/wp-content\/uploads\/2024\/11\/410bc17d-b6c7-43bc-adc4-d901949e909f-300x300.jpg 300w, https:\/\/www.radiopiu.net\/wordpress\/wp-content\/uploads\/2024\/11\/410bc17d-b6c7-43bc-adc4-d901949e909f-1024x1024.jpg 1024w, https:\/\/www.radiopiu.net\/wordpress\/wp-content\/uploads\/2024\/11\/410bc17d-b6c7-43bc-adc4-d901949e909f-768x768.jpg 768w, https:\/\/www.radiopiu.net\/wordpress\/wp-content\/uploads\/2024\/11\/410bc17d-b6c7-43bc-adc4-d901949e909f.jpg 1512w\" sizes=\"auto, (max-width: 150px) 100vw, 150px\" \/><\/a>\n\t\t\t\t<\/dt><\/dl><dl class='gallery-item'>\n\t\t\t\t<dt class='gallery-icon landscape'>\n\t\t\t\t\t<a class=\"rollover rollover-zoom dt-pswp-item\" title=\"0a8b0b9b-7595-431a-87cd-35e2085fa568\" data-dt-img-description=\"\" data-large_image_width=\"1512\" data-large_image_height=\"1512\"href='https:\/\/www.radiopiu.net\/wordpress\/wp-content\/uploads\/2024\/11\/0a8b0b9b-7595-431a-87cd-35e2085fa568.jpg'><img loading=\"lazy\" decoding=\"async\" width=\"150\" height=\"150\" src=\"https:\/\/www.radiopiu.net\/wordpress\/wp-content\/uploads\/2024\/11\/0a8b0b9b-7595-431a-87cd-35e2085fa568-150x150.jpg\" class=\"attachment-thumbnail size-thumbnail\" alt=\"\" srcset=\"https:\/\/www.radiopiu.net\/wordpress\/wp-content\/uploads\/2024\/11\/0a8b0b9b-7595-431a-87cd-35e2085fa568-150x150.jpg 150w, https:\/\/www.radiopiu.net\/wordpress\/wp-content\/uploads\/2024\/11\/0a8b0b9b-7595-431a-87cd-35e2085fa568-300x300.jpg 300w, https:\/\/www.radiopiu.net\/wordpress\/wp-content\/uploads\/2024\/11\/0a8b0b9b-7595-431a-87cd-35e2085fa568-1024x1024.jpg 1024w, https:\/\/www.radiopiu.net\/wordpress\/wp-content\/uploads\/2024\/11\/0a8b0b9b-7595-431a-87cd-35e2085fa568-768x768.jpg 768w, https:\/\/www.radiopiu.net\/wordpress\/wp-content\/uploads\/2024\/11\/0a8b0b9b-7595-431a-87cd-35e2085fa568.jpg 1512w\" sizes=\"auto, (max-width: 150px) 100vw, 150px\" \/><\/a>\n\t\t\t\t<\/dt><\/dl><br style=\"clear: both\" \/>\n\t\t\t<\/div>\n\n<p>&nbsp;<\/p>\n<div style=\"width: 848px;\" class=\"wp-video\"><video class=\"wp-video-shortcode\" id=\"video-421321-1\" width=\"848\" height=\"480\" preload=\"metadata\" controls=\"controls\"><source type=\"video\/mp4\" src=\"https:\/\/www.radiopiu.net\/wordpress\/wp-content\/uploads\/2024\/11\/WhatsApp-Video-2024-11-25-at-19.45.44.mp4?_=1\" \/><a href=\"https:\/\/www.radiopiu.net\/wordpress\/wp-content\/uploads\/2024\/11\/WhatsApp-Video-2024-11-25-at-19.45.44.mp4\">https:\/\/www.radiopiu.net\/wordpress\/wp-content\/uploads\/2024\/11\/WhatsApp-Video-2024-11-25-at-19.45.44.mp4<\/a><\/video><\/div>\n<p>&nbsp;<\/p>\n<p>&nbsp;<\/p>\n<hr \/>\n<p>&nbsp;<\/p>\n<blockquote><p><strong><a class=\"dt-pswp-item\" href=\"https:\/\/www.radiopiu.net\/wordpress\/wp-content\/uploads\/2024\/11\/panchina-rossa-ridipinta-25.11.2024-scaled.jpg\" data-dt-img-description=\"\" data-large_image_width=\"2560\" data-large_image_height=\"1920\"><img loading=\"lazy\" decoding=\"async\" class=\" wp-image-421435 alignleft\" src=\"https:\/\/www.radiopiu.net\/wordpress\/wp-content\/uploads\/2024\/11\/panchina-rossa-ridipinta-25.11.2024-300x225.jpg\" alt=\"\" width=\"249\" height=\"187\" srcset=\"https:\/\/www.radiopiu.net\/wordpress\/wp-content\/uploads\/2024\/11\/panchina-rossa-ridipinta-25.11.2024-300x225.jpg 300w, https:\/\/www.radiopiu.net\/wordpress\/wp-content\/uploads\/2024\/11\/panchina-rossa-ridipinta-25.11.2024-1024x768.jpg 1024w, https:\/\/www.radiopiu.net\/wordpress\/wp-content\/uploads\/2024\/11\/panchina-rossa-ridipinta-25.11.2024-768x576.jpg 768w, https:\/\/www.radiopiu.net\/wordpress\/wp-content\/uploads\/2024\/11\/panchina-rossa-ridipinta-25.11.2024-1536x1152.jpg 1536w, https:\/\/www.radiopiu.net\/wordpress\/wp-content\/uploads\/2024\/11\/panchina-rossa-ridipinta-25.11.2024-2048x1536.jpg 2048w\" sizes=\"auto, (max-width: 249px) 100vw, 249px\" \/><\/a>La Panchina Rossa dell&#8217;Auser torna al Parco Citt\u00e0 di Bologna<\/strong><\/p><\/blockquote>\n<p><strong>BELLUNO<\/strong> Dopo circa quattro anni, la Panchina Rossa dell\u2019Auser \u00e8 stata restaurata e riposizionata nel Parco Citt\u00e0 di Bologna grazie al Comune di Belluno. Questo simbolo \u00e8 un richiamo a vigilare contro i femminicidi e la violenza sulle donne. Il 25 novembre ha offerto un\u2019occasione per riflettere sull\u2019impatto delle guerre, che amplificano la violenza di genere, rendendo le donne pi\u00f9 vulnerabili. La giornata invita a un impegno continuo per la pace e la giustizia, pensando alle donne vittime di conflitti in Ucraina, Palestina, Afghanistan e alle coraggiose ragazze iraniane, richiamando un grido universale contro ogni forma di oppressione.<\/p>\n<p>&nbsp;<\/p>\n<p>&nbsp;<\/p>\n<hr \/>\n<p>&nbsp;<\/p>\n<blockquote>\n<h3>UNA PANCHINA ROSSA ANCHE A SANTA GIUSTINA<\/h3>\n<\/blockquote>\n<p><strong><a class=\"dt-pswp-item\" href=\"https:\/\/www.radiopiu.net\/wordpress\/wp-content\/uploads\/2024\/11\/20241122_21465-scaled.jpg\" data-dt-img-description=\"\" data-large_image_width=\"2560\" data-large_image_height=\"1707\"><img loading=\"lazy\" decoding=\"async\" class=\" wp-image-421494 alignleft\" src=\"https:\/\/www.radiopiu.net\/wordpress\/wp-content\/uploads\/2024\/11\/20241122_21465-300x200.jpg\" alt=\"\" width=\"194\" height=\"129\" srcset=\"https:\/\/www.radiopiu.net\/wordpress\/wp-content\/uploads\/2024\/11\/20241122_21465-300x200.jpg 300w, https:\/\/www.radiopiu.net\/wordpress\/wp-content\/uploads\/2024\/11\/20241122_21465-1024x683.jpg 1024w, https:\/\/www.radiopiu.net\/wordpress\/wp-content\/uploads\/2024\/11\/20241122_21465-768x512.jpg 768w, https:\/\/www.radiopiu.net\/wordpress\/wp-content\/uploads\/2024\/11\/20241122_21465-1536x1024.jpg 1536w, https:\/\/www.radiopiu.net\/wordpress\/wp-content\/uploads\/2024\/11\/20241122_21465-2048x1366.jpg 2048w\" sizes=\"auto, (max-width: 194px) 100vw, 194px\" \/><\/a>SANTA GIUSTINA<\/strong> Il Sindaco di Santa Giustina, Ivan Minella, sottolinea l&#8217;importanza di azioni concrete e collettive per eliminare la violenza contro le donne, coinvolgendo istituzioni, scuole, associazioni e cittadini. L\u2019Amministrazione, con il supporto della consigliera Monica Vieceli, promuove progetti e iniziative che si estendono tutto l\u2019anno. Tra gli eventi, il 27 novembre si terr\u00e0 il monologo <em>\u201cCome una regina (tutte uguali, tutte diverse)\u201d<\/em> di Katiuscia Bonato, simbolo dell\u2019impegno comunale. Venerd\u00ec scorso \u00e8 stata inaugurata una panchina rossa, simbolo della lotta contro la violenza, con la partecipazione delle scuole e della dirigente Giuseppina Leo. Altre panchine rosse saranno posizionate nei luoghi pi\u00f9 frequentati per sensibilizzare la comunit\u00e0, coinvolgendo soprattutto le giovani generazioni.<\/p>\n<p><a class=\"dt-pswp-item\" href=\"https:\/\/www.radiopiu.net\/wordpress\/wp-content\/uploads\/2024\/11\/20241122_21481-scaled.jpg\" data-dt-img-description=\"\" data-large_image_width=\"2560\" data-large_image_height=\"1715\"><img loading=\"lazy\" decoding=\"async\" class=\"size-medium wp-image-421548 aligncenter\" src=\"https:\/\/www.radiopiu.net\/wordpress\/wp-content\/uploads\/2024\/11\/20241122_21481-300x201.jpg\" alt=\"\" width=\"300\" height=\"201\" srcset=\"https:\/\/www.radiopiu.net\/wordpress\/wp-content\/uploads\/2024\/11\/20241122_21481-300x201.jpg 300w, https:\/\/www.radiopiu.net\/wordpress\/wp-content\/uploads\/2024\/11\/20241122_21481-1024x686.jpg 1024w, https:\/\/www.radiopiu.net\/wordpress\/wp-content\/uploads\/2024\/11\/20241122_21481-768x515.jpg 768w, https:\/\/www.radiopiu.net\/wordpress\/wp-content\/uploads\/2024\/11\/20241122_21481-1536x1029.jpg 1536w, https:\/\/www.radiopiu.net\/wordpress\/wp-content\/uploads\/2024\/11\/20241122_21481-2048x1372.jpg 2048w\" sizes=\"auto, (max-width: 300px) 100vw, 300px\" \/>\u00a0<\/a><\/p>\n<p>&nbsp;<\/p>\n<p>&nbsp;<\/p>\n<hr \/>\n<p>&nbsp;<\/p>\n<blockquote>\n<h3>L&#8217;IMPRESA DI ESSERE DONNA AL TEATRO DINO BUZZATI DI BELLUNO<\/h3>\n<\/blockquote>\n<p><strong><a class=\"dt-pswp-item\" href=\"https:\/\/www.radiopiu.net\/wordpress\/wp-content\/uploads\/2024\/11\/5c32c376-02af-4d0b-b340-20e1b7cc634a.jpg\" data-dt-img-description=\"\" data-large_image_width=\"1600\" data-large_image_height=\"1196\"><img loading=\"lazy\" decoding=\"async\" class=\" wp-image-421490 alignleft\" src=\"https:\/\/www.radiopiu.net\/wordpress\/wp-content\/uploads\/2024\/11\/5c32c376-02af-4d0b-b340-20e1b7cc634a-300x224.jpg\" alt=\"\" width=\"163\" height=\"122\" srcset=\"https:\/\/www.radiopiu.net\/wordpress\/wp-content\/uploads\/2024\/11\/5c32c376-02af-4d0b-b340-20e1b7cc634a-300x224.jpg 300w, https:\/\/www.radiopiu.net\/wordpress\/wp-content\/uploads\/2024\/11\/5c32c376-02af-4d0b-b340-20e1b7cc634a-1024x765.jpg 1024w, https:\/\/www.radiopiu.net\/wordpress\/wp-content\/uploads\/2024\/11\/5c32c376-02af-4d0b-b340-20e1b7cc634a-768x574.jpg 768w, https:\/\/www.radiopiu.net\/wordpress\/wp-content\/uploads\/2024\/11\/5c32c376-02af-4d0b-b340-20e1b7cc634a-1536x1148.jpg 1536w, https:\/\/www.radiopiu.net\/wordpress\/wp-content\/uploads\/2024\/11\/5c32c376-02af-4d0b-b340-20e1b7cc634a.jpg 1600w\" sizes=\"auto, (max-width: 163px) 100vw, 163px\" \/><\/a>BELLUNO<\/strong> \u00a0Al Teatro Dino Buzzati di Belluno l\u2019Assemblea generale di Confindustria Belluno Dolomiti, con apertura alle 16 e inizio alle 17. L\u2019evento, intitolato \u201cL\u2019impresa di essere donna\u201d, vedr\u00e0 interventi di spicco, tra cui Lorraine Berton, presidente di Confindustria Belluno, e Luca Zaia, presidente della Regione Veneto.<\/p>\n<p><strong>DI BARBARA PAOLAZZI<\/strong><\/p>\n<audio class=\"wp-audio-shortcode\" id=\"audio-421321-12\" preload=\"none\" style=\"width: 100%;\" controls=\"controls\"><source type=\"audio\/mpeg\" src=\"https:\/\/www.radiopiu.net\/wordpress\/wp-content\/uploads\/2024\/11\/WhatsApp-Audio-2024-11-25-at-17.48.52.mp3?_=12\" \/><a href=\"https:\/\/www.radiopiu.net\/wordpress\/wp-content\/uploads\/2024\/11\/WhatsApp-Audio-2024-11-25-at-17.48.52.mp3\">https:\/\/www.radiopiu.net\/wordpress\/wp-content\/uploads\/2024\/11\/WhatsApp-Audio-2024-11-25-at-17.48.52.mp3<\/a><\/audio>\n<p>&nbsp;<\/p>\n<p>&nbsp;<\/p>\n<p>&nbsp;<\/p>\n<hr \/>\n<p>&nbsp;<\/p>\n<blockquote>\n<h3>GIORNATA INTERNAZIONALE PER L&#8217;ELIMINAZIONE DELLA VIOLENZA SULLE DONNE: IL MANIFESTO DELL&#8217;ULSS 1 DOLOMITI<\/h3>\n<\/blockquote>\n<p><strong><a class=\"dt-pswp-item\" href=\"https:\/\/www.radiopiu.net\/wordpress\/wp-content\/uploads\/2024\/11\/a48cd857-3d77-4652-8584-dbb024273a35.jpg\" data-dt-img-description=\"\" data-large_image_width=\"1131\" data-large_image_height=\"1600\"><img loading=\"lazy\" decoding=\"async\" class=\" wp-image-421450 alignleft\" src=\"https:\/\/www.radiopiu.net\/wordpress\/wp-content\/uploads\/2024\/11\/a48cd857-3d77-4652-8584-dbb024273a35-212x300.jpg\" alt=\"\" width=\"129\" height=\"183\" srcset=\"https:\/\/www.radiopiu.net\/wordpress\/wp-content\/uploads\/2024\/11\/a48cd857-3d77-4652-8584-dbb024273a35-212x300.jpg 212w, https:\/\/www.radiopiu.net\/wordpress\/wp-content\/uploads\/2024\/11\/a48cd857-3d77-4652-8584-dbb024273a35-724x1024.jpg 724w, https:\/\/www.radiopiu.net\/wordpress\/wp-content\/uploads\/2024\/11\/a48cd857-3d77-4652-8584-dbb024273a35-768x1086.jpg 768w, https:\/\/www.radiopiu.net\/wordpress\/wp-content\/uploads\/2024\/11\/a48cd857-3d77-4652-8584-dbb024273a35-1086x1536.jpg 1086w, https:\/\/www.radiopiu.net\/wordpress\/wp-content\/uploads\/2024\/11\/a48cd857-3d77-4652-8584-dbb024273a35.jpg 1131w\" sizes=\"auto, (max-width: 129px) 100vw, 129px\" \/><\/a>BELLUNO<\/strong> Si chiama \u201cNoi ci siamo\u201d ed \u00e8 il manifesto realizzato dall&#8217;Ulss 1 Dolomiti in 13 lingue per dare aiuto e informazioni alle donne vittime di violenza.<\/p>\n<p><strong>DI DANIELE DALVIT<\/strong><\/p>\n<p>&nbsp;<\/p>\n<p>&nbsp;<\/p>\n<p>&nbsp;<\/p>\n<p>&nbsp;<\/p>\n<audio class=\"wp-audio-shortcode\" id=\"audio-421321-13\" preload=\"none\" style=\"width: 100%;\" controls=\"controls\"><source type=\"audio\/mpeg\" src=\"https:\/\/www.radiopiu.net\/wordpress\/wp-content\/uploads\/2024\/11\/Servizio-Ulss-Iniziativa-violenza-donne.mp3?_=13\" \/><a href=\"https:\/\/www.radiopiu.net\/wordpress\/wp-content\/uploads\/2024\/11\/Servizio-Ulss-Iniziativa-violenza-donne.mp3\">https:\/\/www.radiopiu.net\/wordpress\/wp-content\/uploads\/2024\/11\/Servizio-Ulss-Iniziativa-violenza-donne.mp3<\/a><\/audio>\n<p>&nbsp;<\/p>\n<div style=\"width: 848px;\" class=\"wp-video\"><video class=\"wp-video-shortcode\" id=\"video-421321-2\" width=\"848\" height=\"480\" preload=\"metadata\" controls=\"controls\"><source type=\"video\/mp4\" src=\"https:\/\/www.radiopiu.net\/wordpress\/wp-content\/uploads\/2024\/11\/WhatsApp-Video-2024-11-25-at-15.27.04.mp4?_=2\" \/><a href=\"https:\/\/www.radiopiu.net\/wordpress\/wp-content\/uploads\/2024\/11\/WhatsApp-Video-2024-11-25-at-15.27.04.mp4\">https:\/\/www.radiopiu.net\/wordpress\/wp-content\/uploads\/2024\/11\/WhatsApp-Video-2024-11-25-at-15.27.04.mp4<\/a><\/video><\/div>\n<p>&nbsp;<\/p>\n<hr \/>\n<p>&nbsp;<\/p>\n<blockquote>\n<h3>L\u2019ARMA DEI CARABINIERI CONTRO LA VIOLENZA SULLE DONNE<\/h3>\n<\/blockquote>\n<p><strong>BELLUNO<\/strong> Il Comandante Provinciale dei Carabinieri di Belluno ribadisce l\u2019importanza di un impegno collettivo e costante contro la violenza sulle donne, un fenomeno purtroppo diffuso anche nella provincia. In occasione del 25 novembre, le caserme locali partecipano alla campagna \u201cOrange the World\u201d illuminandosi simbolicamente di arancione. L\u2019Arma, in collaborazione con associazioni come Soroptimist International e l\u2019AULSS 1 Dolomiti, ha realizzato progetti come \u201cUna stanza tutta per s\u00e9\u201d per accogliere vittime in contesti riservati e formare il personale con corsi specifici. Dall\u2019inizio dell\u2019anno, sono state condotte oltre 160 indagini, applicate misure cautelari e utilizzati braccialetti elettronici per prevenire recidive. Il Comandante invita le vittime a denunciare, ricordando che dietro ogni numero c\u2019\u00e8 una persona e che le istituzioni sono pronte ad aiutarle nel recuperare la loro libert\u00e0.<\/p>\n\n\t\t\t<style type='text\/css'>\n\t\t\t\t#gallery-4 {\n\t\t\t\t\tmargin: auto;\n\t\t\t\t}\n\t\t\t\t#gallery-4 .gallery-item {\n\t\t\t\t\tfloat: left;\n\t\t\t\t\tmargin-top: 10px;\n\t\t\t\t\ttext-align: center;\n\t\t\t\t\twidth: 33%;\n\t\t\t\t}\n\t\t\t\t#gallery-4 img {\n\t\t\t\t\tborder: 2px solid #cfcfcf;\n\t\t\t\t}\n\t\t\t\t#gallery-4 .gallery-caption {\n\t\t\t\t\tmargin-left: 0;\n\t\t\t\t}\n\t\t\t\t\/* see gallery_shortcode() in wp-includes\/media.php *\/\n\t\t\t<\/style>\n\t\t<div id='gallery-4' class='dt-gallery-container gallery galleryid-421321 gallery-columns-3 gallery-size-thumbnail'><dl class='gallery-item'>\n\t\t\t\t<dt class='gallery-icon landscape'>\n\t\t\t\t\t<a class=\"rollover rollover-zoom dt-pswp-item\" title=\"aa0db32a-f2b4-41b8-a89e-fc82615f6477\" data-dt-img-description=\"\" data-large_image_width=\"2000\" data-large_image_height=\"2000\"href='https:\/\/www.radiopiu.net\/wordpress\/wp-content\/uploads\/2024\/11\/aa0db32a-f2b4-41b8-a89e-fc82615f6477.jpg'><img loading=\"lazy\" decoding=\"async\" width=\"150\" height=\"150\" src=\"https:\/\/www.radiopiu.net\/wordpress\/wp-content\/uploads\/2024\/11\/aa0db32a-f2b4-41b8-a89e-fc82615f6477-150x150.jpg\" class=\"attachment-thumbnail size-thumbnail\" alt=\"\" srcset=\"https:\/\/www.radiopiu.net\/wordpress\/wp-content\/uploads\/2024\/11\/aa0db32a-f2b4-41b8-a89e-fc82615f6477-150x150.jpg 150w, https:\/\/www.radiopiu.net\/wordpress\/wp-content\/uploads\/2024\/11\/aa0db32a-f2b4-41b8-a89e-fc82615f6477-300x300.jpg 300w, https:\/\/www.radiopiu.net\/wordpress\/wp-content\/uploads\/2024\/11\/aa0db32a-f2b4-41b8-a89e-fc82615f6477-1024x1024.jpg 1024w, https:\/\/www.radiopiu.net\/wordpress\/wp-content\/uploads\/2024\/11\/aa0db32a-f2b4-41b8-a89e-fc82615f6477-768x768.jpg 768w, https:\/\/www.radiopiu.net\/wordpress\/wp-content\/uploads\/2024\/11\/aa0db32a-f2b4-41b8-a89e-fc82615f6477-1536x1536.jpg 1536w, https:\/\/www.radiopiu.net\/wordpress\/wp-content\/uploads\/2024\/11\/aa0db32a-f2b4-41b8-a89e-fc82615f6477.jpg 2000w\" sizes=\"auto, (max-width: 150px) 100vw, 150px\" \/><\/a>\n\t\t\t\t<\/dt><\/dl><dl class='gallery-item'>\n\t\t\t\t<dt class='gallery-icon landscape'>\n\t\t\t\t\t<a class=\"rollover rollover-zoom dt-pswp-item\" title=\"479dd769-a4b4-42e1-a001-2a005408489a\" data-dt-img-description=\"\" data-large_image_width=\"1600\" data-large_image_height=\"1200\"href='https:\/\/www.radiopiu.net\/wordpress\/wp-content\/uploads\/2024\/11\/479dd769-a4b4-42e1-a001-2a005408489a.jpg'><img loading=\"lazy\" decoding=\"async\" width=\"150\" height=\"150\" src=\"https:\/\/www.radiopiu.net\/wordpress\/wp-content\/uploads\/2024\/11\/479dd769-a4b4-42e1-a001-2a005408489a-150x150.jpg\" class=\"attachment-thumbnail size-thumbnail\" alt=\"\" \/><\/a>\n\t\t\t\t<\/dt><\/dl><dl class='gallery-item'>\n\t\t\t\t<dt class='gallery-icon landscape'>\n\t\t\t\t\t<a class=\"rollover rollover-zoom dt-pswp-item\" title=\"ff7908c6-2656-4118-a89a-44f9fd1b487f\" data-dt-img-description=\"\" data-large_image_width=\"1425\" data-large_image_height=\"1069\"href='https:\/\/www.radiopiu.net\/wordpress\/wp-content\/uploads\/2024\/11\/ff7908c6-2656-4118-a89a-44f9fd1b487f.jpg'><img loading=\"lazy\" decoding=\"async\" width=\"150\" height=\"150\" src=\"https:\/\/www.radiopiu.net\/wordpress\/wp-content\/uploads\/2024\/11\/ff7908c6-2656-4118-a89a-44f9fd1b487f-150x150.jpg\" class=\"attachment-thumbnail size-thumbnail\" alt=\"\" \/><\/a>\n\t\t\t\t<\/dt><\/dl><br style=\"clear: both\" \/>\n\t\t\t<\/div>\n\n<p>&nbsp;<\/p>\n<blockquote>\n<h3>VIOLENZA DONNE, GALLEGO (PROCURA BELLUNO) \u201cCOSTI SOCIALI ALTISSIMI, ORA ABBIAMO PIU\u2019 STRUMENTI\u201d<\/h3>\n<\/blockquote>\n<p>In una lunga intervista realizzata da Synlab\u00a0 per la \u201cGiornata internazionale per l\u2019eliminazione della violenza contro le donne\u201d il magistrato bellunese affronta il tema dal punto di vista sociale e dei costi in termini di salute<\/p>\n<p>&nbsp;<\/p>\n<p><iframe loading=\"lazy\" title=\"Intervista Dr ssaGallego 25 11\" width=\"1200\" height=\"675\" src=\"https:\/\/www.youtube.com\/embed\/OIvRL7RIFoo?feature=oembed\" frameborder=\"0\" allow=\"accelerometer; autoplay; clipboard-write; encrypted-media; gyroscope; picture-in-picture; web-share\" referrerpolicy=\"strict-origin-when-cross-origin\" allowfullscreen><\/iframe><\/p>\n<p>&nbsp;<\/p>\n<hr \/>\n<p>&nbsp;<\/p>\n<p><img loading=\"lazy\" decoding=\"async\" class=\"alignleft\" src=\"https:\/\/www.radiopiu.net\/wordpress\/wp-content\/uploads\/2024\/11\/Senza-nome-106.png\" width=\"320\" height=\"176\" \/>\u201cQuando si parla di violenza bisogna farlo partendo dall\u2019evoluzione del concetto di salute passato da una sua identit\u00e0 in negativo, assenza di malattia, ad una sua costruzione in positivo, ovvero uno stato di benessere psicofisico\u00a0 e realizzazione emotiva e fisiologica, che la giurisprudenza riconosce agli individui nel nome del principio costituzionale dell\u2019articolo 32, la garanzia del diritto alla salute\u201d lo ha affermato la dottoressa Roberta Gallego, Sostituto Procuratore presso la Procura della Repubblica di Belluno, in un\u2019intervista esclusiva realizzata in occasione del 25 novembre \u201cGiornata internazionale per l\u2019eliminazione della violenza contro le donne\u201d.<\/p>\n<p>L\u2019iniziativa \u00e8 stata fortemente voluta da Synlab per sensibilizzare pazienti e collaboratori.<\/p>\n<p>In tutti i punti prelievo e centri polidiagnostici sar\u00e0 esposto un Qr code grazie al quale sar\u00e0 possibile scaricare e ascoltare l\u2019intervista.<\/p>\n<p>\u201cAbbiamo voluto dare un segnale forte per cercare di dare il nostro contributo \u2013 spiega Cesare Gallorini, responsabile area Nord Est di Synlab &#8211;\u00a0 e il video ha l\u2019obiettivo di sensibilizzare quante pi\u00f9 persone possibile. La dottoressa Gallego ha ricordato come questa tematica investa la salute di migliaia di donne, siamo consapevoli di ci\u00f2 e vogliamo fare la nostra parte\u201d.<\/p>\n<p><a class=\"dt-pswp-item\" href=\"https:\/\/www.radiopiu.net\/wordpress\/wp-content\/uploads\/2024\/11\/Senza-nome-107.png\" data-dt-img-description=\"\" data-large_image_width=\"681\" data-large_image_height=\"525\"><img loading=\"lazy\" decoding=\"async\" class=\"size-medium wp-image-421424 alignleft\" src=\"https:\/\/www.radiopiu.net\/wordpress\/wp-content\/uploads\/2024\/11\/Senza-nome-107-300x231.png\" alt=\"\" width=\"300\" height=\"231\" srcset=\"https:\/\/www.radiopiu.net\/wordpress\/wp-content\/uploads\/2024\/11\/Senza-nome-107-300x231.png 300w, https:\/\/www.radiopiu.net\/wordpress\/wp-content\/uploads\/2024\/11\/Senza-nome-107.png 681w\" sizes=\"auto, (max-width: 300px) 100vw, 300px\" \/><\/a>Gallego nella lunga intervista ha ricordato come \u201cLa violenza diventa tale quando questa condotta \u00e8 in grado di comprimere, aggredire e compromettere la salute intesa come benessere psicofisico dell\u2019individuo. Violenza che non \u00e8 solo fisica ma anche emotiva, psicologica ed economica\u201d. \u201cIl massimo comune denominatore della maggior parte dei casi\u00a0di violenza domestica\u2013 spiega il Sostituto Procuratore di Belluno \u2013 \u00e8 che la vittima \u00e8 infungibile, la violenza dunque viene perpetrata spesso e volentieri non da un estraneo ma da un soggetto che ha gi\u00e0 una relazione con la vittima,\u00a0spesso affettiva. In questo caso purtroppo avremo una\u00a0persona offesa\u00a0che\u00a0potrebbe avere\u00a0difficolt\u00e0 a chiedere aiuto perch\u00e9 possono esserci dei meccanismi\u00a0sociologici, emotivi o psicologici che fanno da detraente\u201d. Per la dottoressa Gallego \u201cLa riforma Cartabia,\u00a0unitamente agli interventi normativi degli ultimi anni, dalla legge n. 38 del 2009 in avanti, \u00a0ha introdotto degli elementi importanti. Per esempio ora possiamo procedere d\u2019ufficio in tutte le situazioni in cui la vittima risulta vulnerabile per et\u00e0 o infermit\u00e0\u00a0anche per delitti che prima si perseguivano solo a querela di parte.\u00a0Questo consente all\u2019Autorit\u00e0 Giudiziaria di procedere anche nonostante la mancata \u00a0istanza della vittima\u201d.<\/p>\n<blockquote><p><em>\u201cUn altro vantaggio derivante\u00a0dagli aggiornamenti normativi\u00a0sono sicuramente i tempi \u2013 continua Gallego \u2013 con, per esempio, tre giorni a disposizione dell\u2019autorit\u00e0 giudiziaria per sentire una donna vittima di violenza, con la videoregistrazione e con l\u2019ausilio di un esperto psicologo, e i trenta giorni per chiedere eventuali misure cautelari per i carnefici. Ricordo poi che, a differenza di altri reati, per lo stalking \u00e8 possibile proporre querela a sei mesi dai fatti mentre per la violenza sessuale si arriva a un anno dai fatti.\u00a0Sono aumentate poi le possibilit\u00e0 di procedere a bonificare d\u2019urgenza una situazione pericolosa attraverso gli strumenti dell\u2019arresto in differita e dell\u2019allontanamento immediato dall\u2019abitazione familiare\u201d. \u201cE\u2019 necessario poi un cambio di mentalit\u00e0 rispetto alla violenza domestica che va intesa non pi\u00f9 come fatto puramente privatistico ma come problema sociale \u2013 conclude Gallego \u2013 perch\u00e9\u00a0pu\u00f2 generare\u00a0patologie depressive, dipendenza da alcol fino ad arrivare a atti autolesionistici, bulimia e anoressia, con dei costi sociali, in termini di salute, troppo alti\u201d.<\/em><\/p><\/blockquote>\n<p>&nbsp;<\/p>\n<hr \/>\n<p>&nbsp;<\/p>\n<h1 class=\"_title post-title entry-title\"><a class=\"dt-pswp-item\" href=\"https:\/\/www.radiopiu.net\/wordpress\/wp-content\/uploads\/2023\/12\/ANTENNA.png\" data-dt-img-description=\"\" data-large_image_width=\"300\" data-large_image_height=\"166\"><img loading=\"lazy\" decoding=\"async\" class=\"wp-image-366306 alignleft\" src=\"https:\/\/www.radiopiu.net\/wordpress\/wp-content\/uploads\/2023\/12\/ANTENNA.png\" alt=\"\" width=\"190\" height=\"105\" \/><\/a>CREATO UN PERCORSO PER PREVENIRE LA VIOLENZA DI GENERE<\/h1>\n<p>Intervistati FRANCESCO ZERILLI (QUESTORE BELLUNO), BORTOLO SIMONI (PRESIDENTE AZIENDA FELTRINA SERVIZI ALLA PERSONA), BRIAN VANZO (PRESIDENTE CENTRO ARES) (Servizio di\u00a0<a href=\"https:\/\/antennatre.medianordest.it\/redazione\/Fabio-Fioravanzi\/\">Fabio Fioravanzi<\/a>)<\/p>\n<p><iframe loading=\"lazy\" title=\"CREATO UN PERCORSO PER PREVENIRE LA VIOLENZA DI GENERE | 25\/11\/2024\" width=\"1200\" height=\"675\" src=\"https:\/\/www.youtube.com\/embed\/03bUwRaFJA8?feature=oembed\" frameborder=\"0\" allow=\"accelerometer; autoplay; clipboard-write; encrypted-media; gyroscope; picture-in-picture; web-share\" referrerpolicy=\"strict-origin-when-cross-origin\" allowfullscreen><\/iframe><\/p>\n<hr \/>\n<p>&nbsp;<\/p>\n<blockquote>\n<h3>MARTINA CASANOVA FUGA SI RACCONTA A RADIO PIU&#8217;<\/h3>\n<\/blockquote>\n<p><strong><a class=\"dt-pswp-item\" href=\"https:\/\/www.radiopiu.net\/wordpress\/wp-content\/uploads\/2024\/11\/SCR-20241124-sibg.jpeg\" data-dt-img-description=\"\" data-large_image_width=\"1408\" data-large_image_height=\"958\"><img loading=\"lazy\" decoding=\"async\" class=\" wp-image-421353 alignleft\" src=\"https:\/\/www.radiopiu.net\/wordpress\/wp-content\/uploads\/2024\/11\/SCR-20241124-sibg-300x204.jpeg\" alt=\"\" width=\"168\" height=\"114\" srcset=\"https:\/\/www.radiopiu.net\/wordpress\/wp-content\/uploads\/2024\/11\/SCR-20241124-sibg-300x204.jpeg 300w, https:\/\/www.radiopiu.net\/wordpress\/wp-content\/uploads\/2024\/11\/SCR-20241124-sibg-1024x697.jpeg 1024w, https:\/\/www.radiopiu.net\/wordpress\/wp-content\/uploads\/2024\/11\/SCR-20241124-sibg-768x523.jpeg 768w, https:\/\/www.radiopiu.net\/wordpress\/wp-content\/uploads\/2024\/11\/SCR-20241124-sibg.jpeg 1408w\" sizes=\"auto, (max-width: 168px) 100vw, 168px\" \/><\/a>DI MARINA DONA&#8217;<\/strong><\/p>\n<p>25 novembre giornata contro la violenza sulle donne. In questa giornata alle 10:30 nello spazio reporter a Radio Pi\u00f9 , l&#8217;intervista a Martina Casanova Fuga, nata e cresciuta a Costalta di Cadore, che racconta dello stupro subito all&#8217;et\u00e0 di 15 anni e dal quale dopo 25 anni ha deciso di pubblicare un romanzo autobiografico, libro che per lei rappresenta quella denuncia che non \u00e8 mai riuscita a fare.<br \/>\nIl libro si intitola &#8220;Come stelle aggrappate al cielo&#8221;.<\/p>\n<p>&nbsp;<\/p>\n<p><strong>NEL VIDEO AL CANTO MARTINA CASANOVA FUGA, AUTRICE DEL LIBRO<\/strong><\/p>\n<div style=\"width: 848px;\" class=\"wp-video\"><video class=\"wp-video-shortcode\" id=\"video-421321-3\" width=\"848\" height=\"480\" preload=\"metadata\" controls=\"controls\"><source type=\"video\/mp4\" src=\"https:\/\/www.radiopiu.net\/wordpress\/wp-content\/uploads\/2024\/11\/WhatsApp-Video-2024-11-24-at-20.52.43.mp4?_=3\" \/><a href=\"https:\/\/www.radiopiu.net\/wordpress\/wp-content\/uploads\/2024\/11\/WhatsApp-Video-2024-11-24-at-20.52.43.mp4\">https:\/\/www.radiopiu.net\/wordpress\/wp-content\/uploads\/2024\/11\/WhatsApp-Video-2024-11-24-at-20.52.43.mp4<\/a><\/video><\/div>\n<p>&nbsp;<\/p>\n<p><strong>L&#8217;INTERVISTA DI MARINA DONA&#8217;<\/strong><\/p>\n<audio class=\"wp-audio-shortcode\" id=\"audio-421321-14\" preload=\"none\" style=\"width: 100%;\" controls=\"controls\"><source type=\"audio\/mpeg\" src=\"https:\/\/www.radiopiu.net\/wordpress\/wp-content\/uploads\/2024\/11\/reporter-violenza-sulle-donne-con-martina-casanova-fuga-e-il-suo-romanzo-autobiografico-come-stelle-aggrappate-al-cielo.mp3?_=14\" \/><a href=\"https:\/\/www.radiopiu.net\/wordpress\/wp-content\/uploads\/2024\/11\/reporter-violenza-sulle-donne-con-martina-casanova-fuga-e-il-suo-romanzo-autobiografico-come-stelle-aggrappate-al-cielo.mp3\">https:\/\/www.radiopiu.net\/wordpress\/wp-content\/uploads\/2024\/11\/reporter-violenza-sulle-donne-con-martina-casanova-fuga-e-il-suo-romanzo-autobiografico-come-stelle-aggrappate-al-cielo.mp3<\/a><\/audio>\n<p>&nbsp;<\/p>\n<hr \/>\n<p>&nbsp;<\/p>\n<blockquote>\n<h3>ADA, ASSOCIAZIONE DANZA AGORDINA &#8220;ogni donna ha una luce dentro, proteggila&#8221;<\/h3>\n<\/blockquote>\n<p>video<\/p>\n<div style=\"width: 848px;\" class=\"wp-video\"><video class=\"wp-video-shortcode\" id=\"video-421321-4\" width=\"848\" height=\"480\" preload=\"metadata\" controls=\"controls\"><source type=\"video\/mp4\" src=\"https:\/\/www.radiopiu.net\/wordpress\/wp-content\/uploads\/2024\/11\/WhatsApp-Video-2024-11-25-at-07.20.50.mp4?_=4\" \/><a href=\"https:\/\/www.radiopiu.net\/wordpress\/wp-content\/uploads\/2024\/11\/WhatsApp-Video-2024-11-25-at-07.20.50.mp4\">https:\/\/www.radiopiu.net\/wordpress\/wp-content\/uploads\/2024\/11\/WhatsApp-Video-2024-11-25-at-07.20.50.mp4<\/a><\/video><\/div>\n<p>&nbsp;<\/p>\n<p>&nbsp;<\/p>\n<hr \/>\n<p>&nbsp;<\/p>\n<p><strong>LA GIUDIZIARIA OGGI<\/strong><br \/>\n<strong>DI GIGI SOSSO, SINTESI CORRIERE DELLE ALPI<\/strong><\/p>\n<blockquote>\n<h3><strong>Lite tra vicini: battaglia legale infinita<\/strong><\/h3>\n<\/blockquote>\n<p>I coniugi Rossi e Bianchi si scontrano per aperture e servit\u00f9 su un muro confinante. Dopo sentenze contrastanti del Tribunale di Belluno e della Corte d\u2019Appello di Venezia, la Cassazione ha annullato la decisione e rinviato il <a href=\"https:\/\/www.radiopiu.net\/wordpress\/wp-content\/uploads\/2024\/11\/d0ff8f6e-8012-4db0-8dec-bed9db9543b7.webp\"><img loading=\"lazy\" decoding=\"async\" class=\"wp-image-421563 alignleft\" src=\"https:\/\/www.radiopiu.net\/wordpress\/wp-content\/uploads\/2024\/11\/d0ff8f6e-8012-4db0-8dec-bed9db9543b7-300x300.webp\" alt=\"\" width=\"181\" height=\"181\" srcset=\"https:\/\/www.radiopiu.net\/wordpress\/wp-content\/uploads\/2024\/11\/d0ff8f6e-8012-4db0-8dec-bed9db9543b7-300x300.webp 300w, https:\/\/www.radiopiu.net\/wordpress\/wp-content\/uploads\/2024\/11\/d0ff8f6e-8012-4db0-8dec-bed9db9543b7-150x150.webp 150w, https:\/\/www.radiopiu.net\/wordpress\/wp-content\/uploads\/2024\/11\/d0ff8f6e-8012-4db0-8dec-bed9db9543b7-768x768.webp 768w, https:\/\/www.radiopiu.net\/wordpress\/wp-content\/uploads\/2024\/11\/d0ff8f6e-8012-4db0-8dec-bed9db9543b7.webp 1024w\" sizes=\"auto, (max-width: 181px) 100vw, 181px\" \/><\/a>caso. L\u2019udienza deve ancora essere fissata: i tempi si allungano e il contenzioso rimane aperto.<\/p>\n<h3 style=\"text-align: center;\">Uccisione del cane Kaos: volontariato cancella il reato<\/h3>\n<p><strong>AGORDO<\/strong><\/p>\n<p>M.R., accusato di aver ucciso il cane Kaos nel 2019, ha estinto il reato con otto mesi di lavori di pubblica utilit\u00e0. Volontario per il Comune di Belluno, ha ricevuto una valutazione positiva dall\u2019Ufficio per l\u2019esecuzione penale esterna. L\u2019uccisione di Kaos, avvenuta nel parcheggio del Super W ad Agordo, \u00e8 documentata da video e autopsia: strangolamento con il guinzaglio. Il proprietario del pitbull, Amine Bendaoud, era stato aggredito dal cane in preda a un istinto non controllato. Dopo il risarcimento simbolico a enti animalisti,<\/p>\n<p>&nbsp;<\/p>\n<hr \/>\n<p>&nbsp;<\/p>\n<blockquote>\n<h3>MUSICA E SOLIDARIETA&#8217; PER PETTIROSSO AGORDINO<\/h3>\n<\/blockquote>\n<p><strong><a class=\"dt-pswp-item\" href=\"https:\/\/www.radiopiu.net\/wordpress\/wp-content\/uploads\/2024\/11\/52b0bd05-432a-48f8-8701-cb5a655e5dc9.jpg\" data-dt-img-description=\"\" data-large_image_width=\"1600\" data-large_image_height=\"1200\"><img loading=\"lazy\" decoding=\"async\" class=\" wp-image-421519 alignleft\" src=\"https:\/\/www.radiopiu.net\/wordpress\/wp-content\/uploads\/2024\/11\/52b0bd05-432a-48f8-8701-cb5a655e5dc9-300x225.jpg\" alt=\"\" width=\"215\" height=\"161\" srcset=\"https:\/\/www.radiopiu.net\/wordpress\/wp-content\/uploads\/2024\/11\/52b0bd05-432a-48f8-8701-cb5a655e5dc9-300x225.jpg 300w, https:\/\/www.radiopiu.net\/wordpress\/wp-content\/uploads\/2024\/11\/52b0bd05-432a-48f8-8701-cb5a655e5dc9-1024x768.jpg 1024w, https:\/\/www.radiopiu.net\/wordpress\/wp-content\/uploads\/2024\/11\/52b0bd05-432a-48f8-8701-cb5a655e5dc9-768x576.jpg 768w, https:\/\/www.radiopiu.net\/wordpress\/wp-content\/uploads\/2024\/11\/52b0bd05-432a-48f8-8701-cb5a655e5dc9-1536x1152.jpg 1536w, https:\/\/www.radiopiu.net\/wordpress\/wp-content\/uploads\/2024\/11\/52b0bd05-432a-48f8-8701-cb5a655e5dc9.jpg 1600w\" sizes=\"auto, (max-width: 215px) 100vw, 215px\" \/><\/a>AGORDO<\/strong><\/p>\n<p>DI GIANNI SANTOMASO<\/p>\n<audio class=\"wp-audio-shortcode\" id=\"audio-421321-15\" preload=\"none\" style=\"width: 100%;\" controls=\"controls\"><source type=\"audio\/mpeg\" src=\"https:\/\/www.radiopiu.net\/wordpress\/wp-content\/uploads\/2024\/11\/GIANNI-MUSICA-E-SOLIDARIETA-PER-PETTIROSSO-AGORDINO.mp3?_=15\" \/><a href=\"https:\/\/www.radiopiu.net\/wordpress\/wp-content\/uploads\/2024\/11\/GIANNI-MUSICA-E-SOLIDARIETA-PER-PETTIROSSO-AGORDINO.mp3\">https:\/\/www.radiopiu.net\/wordpress\/wp-content\/uploads\/2024\/11\/GIANNI-MUSICA-E-SOLIDARIETA-PER-PETTIROSSO-AGORDINO.mp3<\/a><\/audio>\n<p>&nbsp;<\/p>\n<hr \/>\n<p>&nbsp;<\/p>\n<blockquote>\n<h3>SOSPIROLO TRA LEGGENDE E MISTERI: LE PREMIAZIONI<\/h3>\n<\/blockquote>\n<p><strong><a class=\"dt-pswp-item\" href=\"https:\/\/www.radiopiu.net\/wordpress\/wp-content\/uploads\/2024\/11\/IMG-20241124-WA0108-scaled.jpg\" data-dt-img-description=\"\" data-large_image_width=\"2560\" data-large_image_height=\"1707\"><img loading=\"lazy\" decoding=\"async\" class=\" wp-image-421455 alignleft\" src=\"https:\/\/www.radiopiu.net\/wordpress\/wp-content\/uploads\/2024\/11\/IMG-20241124-WA0108-300x200.jpg\" alt=\"\" width=\"185\" height=\"123\" srcset=\"https:\/\/www.radiopiu.net\/wordpress\/wp-content\/uploads\/2024\/11\/IMG-20241124-WA0108-300x200.jpg 300w, https:\/\/www.radiopiu.net\/wordpress\/wp-content\/uploads\/2024\/11\/IMG-20241124-WA0108-1024x683.jpg 1024w, https:\/\/www.radiopiu.net\/wordpress\/wp-content\/uploads\/2024\/11\/IMG-20241124-WA0108-768x512.jpg 768w, https:\/\/www.radiopiu.net\/wordpress\/wp-content\/uploads\/2024\/11\/IMG-20241124-WA0108-1536x1024.jpg 1536w, https:\/\/www.radiopiu.net\/wordpress\/wp-content\/uploads\/2024\/11\/IMG-20241124-WA0108-2048x1365.jpg 2048w\" sizes=\"auto, (max-width: 185px) 100vw, 185px\" \/><\/a>SOSPIROLO<\/strong> Al Centro Civico di Sospirolo, si \u00e8 tenuta la premiazione della 15\u00aa edizione del concorso letterario \u201cSospirolo tra leggende e misteri\u201d, organizzato dalla Pro loco \u201cMonti del Sole\u201d e dal Comune di Sospirolo. Il tema era lo zodiaco in chiave astronomica, mitica e antropologica. Il concorso, rivolto ai residenti del Triveneto, ha ricevuto 56 elaborati. Camilla Emili ha vinto la sezione adulti con \u201cDubbi astrali\u201d, mentre nella categoria giovani non ci sono stati vincitori, ma un riconoscimento \u00e8 stato assegnato alla scuola secondaria \u201cF.lli Schiocchet\u201d di Trichiana. Tra gli adulti, quattro racconti hanno ricevuto segnalazioni. La giuria, presieduta da Antonia Arslan, ha apprezzato la qualit\u00e0 dei lavori. La cerimonia rientrava nella rassegna \u201cVeneto, Spettacoli di Mistero\u201d. Durante l\u2019evento, Alba Barattin ha ricevuto il premio \u201cTurismo e Creativit\u00e0 personale&#8221; per il suo impegno culturale.<\/p>\n<p>&nbsp;<\/p>\n<p>&nbsp;<\/p>\n<hr \/>\n<p>&nbsp;<\/p>\n<blockquote>\n<h3>QUANDO IL DISAGIO SI PROTRAE TROPPO<\/h3>\n<\/blockquote>\n<p><strong><a class=\"dt-pswp-item\" href=\"https:\/\/www.radiopiu.net\/wordpress\/wp-content\/uploads\/2023\/08\/fibra-ottica.jpg\" data-dt-img-description=\"\" data-large_image_width=\"1280\" data-large_image_height=\"848\"><img loading=\"lazy\" decoding=\"async\" class=\" wp-image-347053 alignleft\" src=\"https:\/\/www.radiopiu.net\/wordpress\/wp-content\/uploads\/2023\/08\/fibra-ottica-300x199.jpg\" alt=\"\" width=\"216\" height=\"143\" srcset=\"https:\/\/www.radiopiu.net\/wordpress\/wp-content\/uploads\/2023\/08\/fibra-ottica-300x199.jpg 300w, https:\/\/www.radiopiu.net\/wordpress\/wp-content\/uploads\/2023\/08\/fibra-ottica-1024x678.jpg 1024w, https:\/\/www.radiopiu.net\/wordpress\/wp-content\/uploads\/2023\/08\/fibra-ottica-768x509.jpg 768w, https:\/\/www.radiopiu.net\/wordpress\/wp-content\/uploads\/2023\/08\/fibra-ottica.jpg 1280w\" sizes=\"auto, (max-width: 216px) 100vw, 216px\" \/><\/a>DI CLAUDIO PRA<\/strong><\/p>\n<p>Da qualche anno l&#8217;Agordino si \u00e8 trasformato nella patria dei cantieri, vuoi per l&#8217;eredit\u00e0 di Vaia, per l&#8217;ampliamento della fibra e della rete del gas, per la sicurezza di ponti e cavalcavia, per la messa in sicurezza di versanti franosi ecc. ecc. Una infinit\u00e0 di lavori che se da un lato fanno piacere dall&#8217;altro creano un disagio prolungato che mette in difficolt\u00e0 un territorio che si aggrappa alla Strada Regionale 203 Agordina per non rimanere isolato. La conformazione delle nostre valli non permette infatti grandi alternative se non a prezzo di aggiramenti lunghi e disagevoli, cosa che vale per tutte le strade agordine. Cos\u00ec se una via di comunicazione \u00e8 interessata da lavori si rimane sostanzialmente senza alternative, con tutto ci\u00f2 che ne consegue, obbligando, se va bene, a fare la coda ai semafori magari tre quattro volte in pochi chilometri. Semafori spesso tarati approssimativamente che prolungano la sosta, gi\u00e0 poco gradita, ben oltre il lecito. Il risultato \u00e8 che per raggiungere il posto di lavoro o l&#8217;ospedale, per sbrigare incombenze o solo poter transitare per raggiungere la propria destinazione, si sa quando si parte ma non si sa quando si arriva. Un&#8217;autentica odissea. Come premesso i lavori importanti vanno logicamente eseguiti, magari con una miglior programmazione. Tutti credo capiscano che i miglioramenti comportano dei disagi e che dotarsi di sana pazienza \u00e8 cosa buona e giusta. Ma quando il disagio diventa la norma per un tempo infinito il miglioramento non viene nemmeno percepito, mentre rimane il solo disagio che mette in grande difficolt\u00e0 le genti agordine.<\/p>\n<p>&nbsp;<\/p>\n<p>&nbsp;<\/p>\n<hr \/>\n<p>&nbsp;<\/p>\n<blockquote><p><strong>Workshop sull&#8217;Open Innovation a Belluno: supporto alle imprese locali<\/strong><\/p><\/blockquote>\n<p><strong><a class=\"dt-pswp-item\" href=\"https:\/\/www.radiopiu.net\/wordpress\/wp-content\/uploads\/2024\/09\/GAL_logo.png\" data-dt-img-description=\"\" data-large_image_width=\"286\" data-large_image_height=\"88\"><img loading=\"lazy\" decoding=\"async\" class=\"size-full wp-image-408811 alignleft\" src=\"https:\/\/www.radiopiu.net\/wordpress\/wp-content\/uploads\/2024\/09\/GAL_logo.png\" alt=\"\" width=\"286\" height=\"88\" \/><\/a>BELLUNO<\/strong> Il 26-27 novembre a Belluno si terr\u00e0 un workshop per diffondere strumenti e modelli di Open Innovation, rivolto alle imprese locali. L&#8217;evento, promosso dall\u2019IPA Prealpi e Dolomiti Bellunesi, mira a superare le barriere tecnologiche che ostacolano la crescita delle PMI. Con il supporto di esperti come Giulio Buciuni e Giorgio Soffiato, saranno presentati strumenti pratici per integrare l\u2019innovazione nei processi aziendali. Finanziato da istituti di credito locali, il workshop rappresenta un passo strategico verso l&#8217;economia della conoscenza e la competitivit\u00e0 sostenibile.<\/p>\n<p>&nbsp;<\/p>\n<p>&nbsp;<\/p>\n<hr \/>\n<p>&nbsp;<\/p>\n<blockquote>\n<h3>CONSIGLIO COMUNALE AD AGORDO<\/h3>\n<\/blockquote>\n<p><strong>AGORDO<\/strong> Consiglio comunale convocato dal sindaco Roberto Chissal\u00e8. Quattro punti in discussione tra cui l\u2019acquisizione al patrimonio comunale della sede della scuola materna mons. Luigi Cappello, l\u2019approvazione del DUP e la presa d\u2019atto della quantificazione economica deli interventi in capo ai proponenti sui terreni che sono stati oggetto di permuta.<\/p>\n<p>&nbsp;<\/p>\n<p><strong>LA DIRETTA RADIO PIU&#8217;<\/strong><\/p>\n<p><iframe loading=\"lazy\" title=\"Consiglio Comunale di Agordo - 25 novembre 2024\" width=\"1200\" height=\"900\" src=\"https:\/\/www.youtube.com\/embed\/0qgk84SOKY0?feature=oembed\" frameborder=\"0\" allow=\"accelerometer; autoplay; clipboard-write; encrypted-media; gyroscope; picture-in-picture; web-share\" referrerpolicy=\"strict-origin-when-cross-origin\" allowfullscreen><\/iframe><\/p>\n<p>&nbsp;<\/p>\n<p>&nbsp;<\/p>\n<hr \/>\n<p>&nbsp;<\/p>\n<h2><span style=\"color: #ff0000;\">CONSIGLI COMUNALI IN AGORDINO<\/span><\/h2>\n<blockquote><p><strong>Giovedi alle 20 consiglio dell&#8217;Unione Montana Agordina in sala Don Tamis. All&#8217;ordine del giorno provvedimento di variazione al bilancio (assestamento) e comunicazioni del Presidente Paolo Frena. <span style=\"color: #0000ff;\"><em>IN DIRETTA SUI CANALI FACEBOOK-YOUTUBE-TELEGRAM di\u00a0 RADIOPIU<\/em><\/span><\/strong><\/p><\/blockquote>\n<p><strong>ROCCA PIETORE<\/strong> Domani alle 18.30 consiglio comunale, variazione da apportare agli stanziamenti del bilancio di previsione finanziario; rinuncia richiesta di ridestinazione del finanziamento da parte del fondo Comuni Confinanti. La minoranza chiede invece conto con un&#8217;iterrogazione del rave party free dello scorso 5 ottobre in localit\u00e0 La Leda.<\/p>\n<p><strong>RIVAMONTE<\/strong> Consiglio comunale convocato dal sindaco Giovanni Deon domani alle 18:30. In discussione due variazioni al bilancio<\/p>\n<p><strong>ALLEGHE\u00a0<\/strong>Consiglio comunale domani alle 20:30 per trattare tre punti tra cui una variazione a bilancio e il regolamento per l&#8217;utilizzo del parcheggio multipiano Park Centrale.<\/p>\n<p><strong>LIVINALLONGO<\/strong> Domani alle 20:45 consiglio comunale. 5 punti da disacutere tra cui ina variazione a bilancio, l&#8217;addizionale IRPEF, IMU e un aggiornamento sl DUP<\/p>\n<p><strong>SELVA DI CADORE<\/strong> Consiglio comunale venerd\u00ec alle 18:30 per parlare di una variazione a bilancio<\/p>\n<p><strong>COLLE SANTA LUCIA\u00a0<\/strong>Consiglio comunale sabato 30 novembre alle 7:30. Undici punti in discussione tra cui una variazione a bilancio, l&#8217;aliquota dell&#8217;addizionale comunale per il 2025, un aggiornamento al DUP e l&#8217;approvazione del bilancio di previsione 2025\/2027.<\/p>\n<div class=\"flex-1 overflow-hidden\">\n<div class=\"h-full\">\n<div class=\"react-scroll-to-bottom--css-xgxjv-79elbk h-full\">\n<div class=\"react-scroll-to-bottom--css-xgxjv-1n7m0yu\">\n<div class=\"flex flex-col text-sm md:pb-9\">\n<article class=\"w-full scroll-mb-[var(--thread-trailing-height,150px)] text-token-text-primary focus-visible:outline-2 focus-visible:outline-offset-[-4px]\" dir=\"auto\" data-testid=\"conversation-turn-15\" data-scroll-anchor=\"true\">\n<div class=\"m-auto text-base py-[18px] px-3 md:px-4 w-full md:px-5 lg:px-4 xl:px-5\">\n<div class=\"mx-auto flex flex-1 gap-4 text-base md:gap-5 lg:gap-6 md:max-w-3xl lg:max-w-[40rem] xl:max-w-[48rem]\">\n<div class=\"group\/conversation-turn relative flex w-full min-w-0 flex-col agent-turn\">\n<div class=\"absolute\"><\/div>\n<\/div>\n<\/div>\n<\/div>\n<\/article>\n<\/div>\n<\/div>\n<\/div>\n<\/div>\n<\/div>\n<div class=\"md:pt-0 dark:border-white\/20 md:border-transparent md:dark:border-transparent w-full\">\n<div class=\"m-auto text-base px-3 md:px-4 w-full md:px-5 lg:px-4 xl:px-5\">\n<div class=\"mx-auto flex flex-1 gap-4 text-base md:gap-5 lg:gap-6 md:max-w-3xl lg:max-w-[40rem] xl:max-w-[48rem]\">\n<div class=\"flex justify-center\"><\/div>\n<form class=\"w-full\" aria-haspopup=\"dialog\" aria-expanded=\"false\" aria-controls=\"radix-:r4d:\" data-state=\"closed\">\n<div class=\"relative flex h-full max-w-full flex-1 flex-col\">\n<div class=\"group relative flex w-full items-center\">\n<div id=\"composer-background\" class=\"flex w-full flex-col transition-colors contain-inline-size gap-1.5 rounded-[26px] px-2.5 py-1.5 bg-[#f4f4f4] dark:bg-token-main-surface-secondary\">\n<div class=\"flex items-end gap-1.5 pl-4 md:gap-2\">\n<div class=\"flex min-w-0 flex-1 flex-col\">\n<div class=\"_prosemirror-parent_15ceg_1 text-token-text-primary max-h-[25dvh] max-h-52 overflow-auto default-browser\">\n<hr \/>\n<p>&nbsp;<\/p>\n<\/div>\n<div class=\"flex max-w-full flex-col flex-grow\">\n<div class=\"min-h-8 text-message flex w-full flex-col items-end gap-2 whitespace-normal break-words [.text-message+&amp;]:mt-5\" dir=\"auto\" data-message-author-role=\"assistant\" data-message-id=\"9343abf0-d9e1-427d-a3f4-b25f70d69d65\" data-message-model-slug=\"gpt-4o\">\n<div class=\"flex w-full flex-col gap-1 empty:hidden first:pt-[3px]\">\n<div class=\"markdown prose w-full break-words dark:prose-invert dark\">\n<blockquote>\n<h3>INSIEME PER UNA SCUOLA PIU\u2019 INCLUSIVA<\/h3>\n<\/blockquote>\n<p><strong><a class=\"dt-pswp-item\" href=\"https:\/\/www.radiopiu.net\/wordpress\/wp-content\/uploads\/2024\/11\/passepartout_premiazioni.jpg\" data-dt-img-description=\"\" data-large_image_width=\"1080\" data-large_image_height=\"810\"><img loading=\"lazy\" decoding=\"async\" class=\" wp-image-421459 alignleft\" src=\"https:\/\/www.radiopiu.net\/wordpress\/wp-content\/uploads\/2024\/11\/passepartout_premiazioni-300x225.jpg\" alt=\"\" width=\"139\" height=\"104\" srcset=\"https:\/\/www.radiopiu.net\/wordpress\/wp-content\/uploads\/2024\/11\/passepartout_premiazioni-300x225.jpg 300w, https:\/\/www.radiopiu.net\/wordpress\/wp-content\/uploads\/2024\/11\/passepartout_premiazioni-1024x768.jpg 1024w, https:\/\/www.radiopiu.net\/wordpress\/wp-content\/uploads\/2024\/11\/passepartout_premiazioni-768x576.jpg 768w, https:\/\/www.radiopiu.net\/wordpress\/wp-content\/uploads\/2024\/11\/passepartout_premiazioni.jpg 1080w\" sizes=\"auto, (max-width: 139px) 100vw, 139px\" \/><\/a>FELTRE<\/strong> L\u2019AIPD Bellunese rilancia il coinvolgimento scolastico con il concorso \u201cPassepartout &#8211; la chiave giusta per una scuola pi\u00f9 inclusiva\u201d. Rivolto alle classi terze e quarte delle scuole superiori della provincia, il progetto punta a sensibilizzare su diversit\u00e0 e disabilit\u00e0 intellettiva, in particolare sulla sindrome di Down, promuovendo inclusione e volontariato. Nato nel 2023, il concorso \u00e8 alla sua seconda edizione e si concluder\u00e0 nella primavera 2025 con una cerimonia durante la Giornata Mondiale delle Persone con Sindrome di Down, il 21 marzo. Oltre al concorso, sono previsti incontri, laboratori interattivi, eventi culturali e sportivi, e opportunit\u00e0 di volontariato. Quest\u2019anno l\u2019iniziativa ha visto una crescita nella partecipazione degli istituti, con sette scuole coinvolte. Due incontri di presentazione si svolgeranno a Feltre e Belluno il 23 e 26 novembre.<\/p>\n<p>&nbsp;<\/p>\n<p>&nbsp;<\/p>\n<\/div>\n<\/div>\n<\/div>\n<\/div>\n<\/div>\n<\/div>\n<\/div>\n<\/div>\n<\/div>\n<\/form>\n<\/div>\n<\/div>\n<\/div>\n<hr \/>\n<p>&nbsp;<\/p>\n<blockquote>\n<h3>COPPA D\u2019ORO, IL MIGLIOR PISTACCHIO \u00c8 QUELLO DI VANESSA PIANTARI<\/h3>\n<\/blockquote>\n<p><strong><a class=\"dt-pswp-item\" href=\"https:\/\/www.radiopiu.net\/wordpress\/wp-content\/uploads\/2024\/11\/Podio-Coppa-Oro-2024-MIG-Longarone.jpg\" data-dt-img-description=\"\" data-large_image_width=\"2500\" data-large_image_height=\"1667\"><img loading=\"lazy\" decoding=\"async\" class=\" wp-image-421500 alignleft\" src=\"https:\/\/www.radiopiu.net\/wordpress\/wp-content\/uploads\/2024\/11\/Podio-Coppa-Oro-2024-MIG-Longarone-300x200.jpg\" alt=\"\" width=\"177\" height=\"118\" srcset=\"https:\/\/www.radiopiu.net\/wordpress\/wp-content\/uploads\/2024\/11\/Podio-Coppa-Oro-2024-MIG-Longarone-300x200.jpg 300w, https:\/\/www.radiopiu.net\/wordpress\/wp-content\/uploads\/2024\/11\/Podio-Coppa-Oro-2024-MIG-Longarone-1024x683.jpg 1024w, https:\/\/www.radiopiu.net\/wordpress\/wp-content\/uploads\/2024\/11\/Podio-Coppa-Oro-2024-MIG-Longarone-768x512.jpg 768w, https:\/\/www.radiopiu.net\/wordpress\/wp-content\/uploads\/2024\/11\/Podio-Coppa-Oro-2024-MIG-Longarone-1536x1024.jpg 1536w, https:\/\/www.radiopiu.net\/wordpress\/wp-content\/uploads\/2024\/11\/Podio-Coppa-Oro-2024-MIG-Longarone-2048x1366.jpg 2048w\" sizes=\"auto, (max-width: 177px) 100vw, 177px\" \/><\/a>LONGARONE<\/strong> Vanessa Piantari, giovane maestra gelatiera di Camponogara (Venezia), ha conquistato la 54\u00aa Coppa d\u2019Oro della Mig con il miglior gelato al pistacchio del mondo. Proprietaria del locale \u201cAl primo bacio\u201d, ha vinto anche il premio Under 32 grazie a una ricetta tradizionale, basata sul pistacchio di Bronte e su ingredienti semplici e naturali. Emozionata, ha dichiarato di apprezzare la nuova direzione della Mostra del gelato, che valorizza artigianalit\u00e0 e genuinit\u00e0. Sul podio, al secondo posto si \u00e8 classificato Daniele Dall\u2019Antonia (gelateria Nonno Piero di Albignasego), seguito da Marco Dall\u2019Acqua (gelateria Dassie di Istrana). Ex aequo al quarto posto, Davide Bonaventura, premiato anche per la creativit\u00e0, e Thomas Infanti.<\/p>\n<p>&nbsp;<\/p>\n<p>&nbsp;<\/p>\n<hr \/>\n<p>&nbsp;<\/p>\n<blockquote>\n<h3>IL GELATO DELLA SALUTE, A MIG LE RICERCHE DEL CNR TRA NUTRIZIONE E INNOVAZIONE<\/h3>\n<\/blockquote>\n<p><strong><a class=\"dt-pswp-item\" href=\"https:\/\/www.radiopiu.net\/wordpress\/wp-content\/uploads\/2023\/05\/Piatto-gelato-dessert-vincitore-Gelato-a-due-2022-di-Matteo-Bau-e-Alex-Mic.elazzo.jpg\" data-dt-img-description=\"\" data-large_image_width=\"2500\" data-large_image_height=\"1407\"><img loading=\"lazy\" decoding=\"async\" class=\" wp-image-338351 alignleft\" src=\"https:\/\/www.radiopiu.net\/wordpress\/wp-content\/uploads\/2023\/05\/Piatto-gelato-dessert-vincitore-Gelato-a-due-2022-di-Matteo-Bau-e-Alex-Mic.elazzo-300x169.jpg\" alt=\"\" width=\"179\" height=\"101\" srcset=\"https:\/\/www.radiopiu.net\/wordpress\/wp-content\/uploads\/2023\/05\/Piatto-gelato-dessert-vincitore-Gelato-a-due-2022-di-Matteo-Bau-e-Alex-Mic.elazzo-300x169.jpg 300w, https:\/\/www.radiopiu.net\/wordpress\/wp-content\/uploads\/2023\/05\/Piatto-gelato-dessert-vincitore-Gelato-a-due-2022-di-Matteo-Bau-e-Alex-Mic.elazzo-1024x576.jpg 1024w, https:\/\/www.radiopiu.net\/wordpress\/wp-content\/uploads\/2023\/05\/Piatto-gelato-dessert-vincitore-Gelato-a-due-2022-di-Matteo-Bau-e-Alex-Mic.elazzo-768x432.jpg 768w, https:\/\/www.radiopiu.net\/wordpress\/wp-content\/uploads\/2023\/05\/Piatto-gelato-dessert-vincitore-Gelato-a-due-2022-di-Matteo-Bau-e-Alex-Mic.elazzo-1536x864.jpg 1536w, https:\/\/www.radiopiu.net\/wordpress\/wp-content\/uploads\/2023\/05\/Piatto-gelato-dessert-vincitore-Gelato-a-due-2022-di-Matteo-Bau-e-Alex-Mic.elazzo-2048x1153.jpg 2048w\" sizes=\"auto, (max-width: 179px) 100vw, 179px\" \/><\/a>LONGARONE<\/strong> A Longarone Fiere, durante la Mostra internazionale del gelato (Mig), si \u00e8 discusso del gelato come alimento innovativo e salutare. Grazie alla collaborazione tra la Mig e il Cnr, il progetto Nutrage esplora l\u2019uso del gelato per veicolare nutrienti di alta qualit\u00e0 e molecole terapeutiche, favorendo la prevenzione di patologie legate all\u2019invecchiamento. Quest\u2019anno, il team di ricerca ha ampliato i suoi studi, introducendo tecnologie sostenibili per la produzione, come la cavitazione idrodinamica, e valorizzando le eccellenze regionali. Sono state presentate anche nuove tecniche di analisi sensoriale, come sensori che registrano le reazioni emotive dei consumatori durante l\u2019assaggio. Il gelato si propone cos\u00ec non solo come piacere, ma anche come strumento di benessere.<\/p>\n<p>&nbsp;<\/p>\n<p>&nbsp;<\/p>\n<hr \/>\n<p>&nbsp;<\/p>\n<blockquote>\n<h3>CONSEGNA DEI DIPLOMI DELL&#8217;ISTITUTO FOLLADOR-DE ROSSI<\/h3>\n<\/blockquote>\n<p><strong><a class=\"dt-pswp-item\" href=\"https:\/\/www.radiopiu.net\/wordpress\/wp-content\/uploads\/2024\/11\/FOLLADOR-DE-ROSSI.png\" data-dt-img-description=\"\" data-large_image_width=\"385\" data-large_image_height=\"148\"><img loading=\"lazy\" decoding=\"async\" class=\" wp-image-420848 alignleft\" src=\"https:\/\/www.radiopiu.net\/wordpress\/wp-content\/uploads\/2024\/11\/FOLLADOR-DE-ROSSI-300x115.png\" alt=\"\" width=\"245\" height=\"94\" srcset=\"https:\/\/www.radiopiu.net\/wordpress\/wp-content\/uploads\/2024\/11\/FOLLADOR-DE-ROSSI-300x115.png 300w, https:\/\/www.radiopiu.net\/wordpress\/wp-content\/uploads\/2024\/11\/FOLLADOR-DE-ROSSI.png 385w\" sizes=\"auto, (max-width: 245px) 100vw, 245px\" \/><\/a>AGORDO<\/strong> Venerd\u00ec 29 novembre 2024, alle ore 19:30, presso la palestra Dolomiti di Falcade (adiacente all\u2019Istituto Follador-De Rossi), si terr\u00e0 la cerimonia di consegna dei Diplomi di Stato dell\u2019Istituto Follador-De Rossi di Agordo. L\u2019evento sar\u00e0 preceduto da un buffet di benvenuto, curato dagli studenti dell\u2019indirizzo enogastronomico, a partire dalle 18:00. La serata celebrer\u00e0 i neo-diplomati e vedr\u00e0 la partecipazione di ospiti e autorit\u00e0. L\u2019iniziativa rappresenta un momento importante per valorizzare il percorso degli studenti e coinvolgere la comunit\u00e0.<\/p>\n<p>&nbsp;<\/p>\n<p>&nbsp;<\/p>\n<hr \/>\n<p>&nbsp;<\/p>\n<blockquote>\n<h2>Divieto di sosta su uno stallo in via Mezzaterra<\/h2>\n<\/blockquote>\n<h2><a class=\"dt-pswp-item\" href=\"https:\/\/www.radiopiu.net\/wordpress\/wp-content\/uploads\/2023\/06\/Belluno-di-sera-i-giovedi.jpg\" data-dt-img-description=\"\" data-large_image_width=\"1000\" data-large_image_height=\"750\"><img loading=\"lazy\" decoding=\"async\" class=\"size-medium wp-image-342240 alignleft\" src=\"https:\/\/www.radiopiu.net\/wordpress\/wp-content\/uploads\/2023\/06\/Belluno-di-sera-i-giovedi-300x225.jpg\" alt=\"\" width=\"300\" height=\"225\" srcset=\"https:\/\/www.radiopiu.net\/wordpress\/wp-content\/uploads\/2023\/06\/Belluno-di-sera-i-giovedi-300x225.jpg 300w, https:\/\/www.radiopiu.net\/wordpress\/wp-content\/uploads\/2023\/06\/Belluno-di-sera-i-giovedi-768x576.jpg 768w, https:\/\/www.radiopiu.net\/wordpress\/wp-content\/uploads\/2023\/06\/Belluno-di-sera-i-giovedi.jpg 1000w\" sizes=\"auto, (max-width: 300px) 100vw, 300px\" \/><\/a><\/h2>\n<p><strong>BELLUNO<\/strong> In alcune giornate, per incontri sulla natura morta al Museo Burel In occasione di alcuni incontri collegati alla mostra \u201cNatura morta. Jessica Moss\u201d, si rende necessaria l\u2019istituzione del divieto di sosta sullo stallo a pagamento antistante all\u2019ingresso del Museo Burel, in via Mezzaterra, all\u2019altezza del civico 49, nelle giornate del 30 novembre e 1, 7 e 8 dicembre, dalle ore 9.00 alle ore 19.00 di ciascuna giornata.<\/p>\n<blockquote>\n<h2>\u00a0Chiusura uffici Polizia locale<\/h2>\n<\/blockquote>\n<p><strong>BELLUNO\u00a0 <\/strong>Il 28 novembre e il 2 dicembre, gli uffici della Polizia locale saranno chiusi al pubblico, per permettere al personale di frequentare dei corsi di formazione. L\u2019attivit\u00e0 riprender\u00e0 regolarmente nelle altre giornate<\/p>\n<p>&nbsp;<\/p>\n<p>&nbsp;<\/p>\n<hr \/>\n<p>&nbsp;<\/p>\n<blockquote>\n<p data-pm-slice=\"1 1 []\"><strong>Concorso per 33 atleti nei gruppi sportivi Fiamme Oro della Polizia di Stato<\/strong><\/p>\n<\/blockquote>\n<p>Sul Portale Unico del reclutamento, all&#8217;indirizzo <a>www.inpa.gov.it<\/a> e sul sito <a>www.poliziadistato.it<\/a>, \u00e8 stato pubblicato il 14 novembre 2024 un bando di concorso pubblico per titoli, finalizzato all&#8217;assunzione di 33 atleti da destinare ai gruppi sportivi \u201cPolizia di Stato \u2013 Fiamme Oro\u201d. Gli atleti selezionati saranno inquadrati nel ruolo degli agenti e assistenti della Polizia di Stato, con qualifica di agente.<\/p>\n<p>&nbsp;<\/p>\n<p>&nbsp;<\/p>\n<hr \/>\n<p>&nbsp;<\/p>\n<blockquote>\n<h3><a class=\"dt-pswp-item\" href=\"https:\/\/www.radiopiu.net\/wordpress\/wp-content\/uploads\/2024\/11\/LANGLOIS-de-SWARTE_TAYLOR.png\" data-dt-img-description=\"\" data-large_image_width=\"1295\" data-large_image_height=\"884\"><img loading=\"lazy\" decoding=\"async\" class=\" wp-image-421023 alignleft\" src=\"https:\/\/www.radiopiu.net\/wordpress\/wp-content\/uploads\/2024\/11\/LANGLOIS-de-SWARTE_TAYLOR-300x205.png\" alt=\"\" width=\"193\" height=\"132\" srcset=\"https:\/\/www.radiopiu.net\/wordpress\/wp-content\/uploads\/2024\/11\/LANGLOIS-de-SWARTE_TAYLOR-300x205.png 300w, https:\/\/www.radiopiu.net\/wordpress\/wp-content\/uploads\/2024\/11\/LANGLOIS-de-SWARTE_TAYLOR-1024x699.png 1024w, https:\/\/www.radiopiu.net\/wordpress\/wp-content\/uploads\/2024\/11\/LANGLOIS-de-SWARTE_TAYLOR-768x524.png 768w, https:\/\/www.radiopiu.net\/wordpress\/wp-content\/uploads\/2024\/11\/LANGLOIS-de-SWARTE_TAYLOR.png 1295w\" sizes=\"auto, (max-width: 193px) 100vw, 193px\" \/><\/a>UN DUO INTERNAZIONALE IN SALA ZANARDELLI A BELLUNO<\/h3>\n<\/blockquote>\n<p><strong>BELLUNO<\/strong> Oggi alle 20:30, nella Sala Zanardelli della Prefettura di Belluno, si terr\u00e0 il gran finale della 71\u00aa Stagione del Circolo Culturale Bellunese con un duo di fama internazionale. L\u2019ingresso \u00e8 su invito, ritirabile presso Gomitolo d\u2019Oro (via 30 aprile 1, Belluno) durante gli orari di apertura. Per dettagli, contattare il numero +39 348 2684504 o scrivere a <a rel=\"noopener\">segreteriabelcircolo@gmail.com<\/a>.<\/p>\n<p>&nbsp;<\/p>\n<p>&nbsp;<\/p>\n<hr \/>\n<p>&nbsp;<\/p>\n<blockquote>\n<h3>UN WEBINAR SULL&#8217;INTELLIGENZA ARTIFICIALE<\/h3>\n<\/blockquote>\n<p><strong>BELLUNO<\/strong> Gioved\u00ec 28 novembre, dalle 18 alle 20, si terr\u00e0 un webinar gratuito al FabLab di Belluno del progetto &#8220;Dal virtuale al reale: I am here for you&#8221;. Quattro esperti esploreranno il ruolo dell&#8217;Intelligenza Artificiale nello sviluppo aziendale: supporto alle start-up (Francesco Cavestro), nuove professioni digitali (Niccol\u00f2 Boccagni), funzionamento dell&#8217;IA (Armand Thanasi) e rivoluzione creativa e di marketing (Davide Schizzi). L&#8217;evento \u00e8 aperto a tutti e offrir\u00e0 casi studio e testimonianze per sfruttare le tecnologie emergenti.<\/p>\n<p>&nbsp;<\/p>\n<p>&nbsp;<\/p>\n<hr \/>\n<p>&nbsp;<\/p>\n<blockquote>\n<h3>UN CORSO DI DIFESA CONTRO LA VIOLENZA SULLE DONNE<\/h3>\n<\/blockquote>\n<p><strong>BELLUNO<\/strong> In occasione della giornata mondiale contro la violenza sulle donne, l&#8217;associazione Urban Krav Maga, con il patrocinio del Comune di Belluno, organizza una lezione gratuita di &#8220;Difesa femminile&#8221; oggi alle 20 presso la palestra del Liceo scientifico di Belluno. L&#8217;evento, guidato dall&#8217;istruttore Cristian Burde, mira a fornire alle donne strumenti utili per gestire la paura e affrontare aggressioni, sia a livello teorico che pratico. Burde sottolinea l&#8217;importanza della prevenzione e della consapevolezza dell&#8217;ambiente circostante come base per la difesa personale. La serata sar\u00e0 aperta a donne di tutte le et\u00e0 e includer\u00e0 dimostrazioni pratiche di tecniche di difesa e fuga in caso di aggressione.<\/p>\n<p>&nbsp;<\/p>\n<hr \/>\n<p>&nbsp;<\/p>\n<blockquote class=\"wp-embedded-content\" data-secret=\"vq0ZOpSCwp\"><p><a href=\"https:\/\/www.radiopiu.net\/wordpress\/scuola-aperta-al-follador-de-rossi-2024-gli-speciali-alla-radio\/\">SCUOLA APERTA AL FOLLADOR DE ROSSI 2024 GLI SPECIALI ALLA RADIO<\/a><\/p><\/blockquote>\n<p><iframe loading=\"lazy\" class=\"wp-embedded-content\" sandbox=\"allow-scripts\" security=\"restricted\" style=\"position: absolute; visibility: hidden;\" title=\"&#8220;SCUOLA APERTA AL FOLLADOR DE ROSSI 2024 GLI SPECIALI ALLA RADIO&#8221; &#8212; Radio Pi\u00f9\" src=\"https:\/\/www.radiopiu.net\/wordpress\/scuola-aperta-al-follador-de-rossi-2024-gli-speciali-alla-radio\/embed\/#?secret=tJS3ygbJPE#?secret=vq0ZOpSCwp\" data-secret=\"vq0ZOpSCwp\" width=\"600\" height=\"338\" frameborder=\"0\" marginwidth=\"0\" marginheight=\"0\" scrolling=\"no\"><\/iframe><\/p>\n<hr \/>\n<p>&nbsp;<\/p>\n<p><span style=\"color: #ff0000;\"><strong>PROSSIMA SERATA CON GLI AMICI DEI MINERARI E VITTORIO FENTI (DON TAMIS) VENERDI 20 DICEMBRE&#8230; <\/strong><\/span><span style=\"color: #ff0000;\"><strong>NON NOVEMBRE!\u00a0<\/strong><\/span><\/p>\n<p><strong><a class=\"dt-pswp-item\" href=\"https:\/\/www.radiopiu.net\/wordpress\/wp-content\/uploads\/2023\/06\/vittorio-fenti-geologo.jpg\" data-dt-img-description=\"\" data-large_image_width=\"1280\" data-large_image_height=\"720\"><img loading=\"lazy\" decoding=\"async\" class=\"size-medium wp-image-338574 aligncenter\" src=\"https:\/\/www.radiopiu.net\/wordpress\/wp-content\/uploads\/2023\/06\/vittorio-fenti-geologo-300x169.jpg\" alt=\"\" width=\"300\" height=\"169\" srcset=\"https:\/\/www.radiopiu.net\/wordpress\/wp-content\/uploads\/2023\/06\/vittorio-fenti-geologo-300x169.jpg 300w, https:\/\/www.radiopiu.net\/wordpress\/wp-content\/uploads\/2023\/06\/vittorio-fenti-geologo-1024x576.jpg 1024w, https:\/\/www.radiopiu.net\/wordpress\/wp-content\/uploads\/2023\/06\/vittorio-fenti-geologo-768x432.jpg 768w, https:\/\/www.radiopiu.net\/wordpress\/wp-content\/uploads\/2023\/06\/vittorio-fenti-geologo.jpg 1280w\" sizes=\"auto, (max-width: 300px) 100vw, 300px\" \/><\/a><\/strong><\/p>\n<p><strong><a class=\"dt-pswp-item\" href=\"https:\/\/www.radiopiu.net\/wordpress\/wp-content\/uploads\/2024\/11\/AMICI-MINERARI.png\" data-dt-img-description=\"\" data-large_image_width=\"209\" data-large_image_height=\"174\"><img loading=\"lazy\" decoding=\"async\" class=\"size-full wp-image-419180 alignleft\" src=\"https:\/\/www.radiopiu.net\/wordpress\/wp-content\/uploads\/2024\/11\/AMICI-MINERARI.png\" alt=\"\" width=\"209\" height=\"174\" \/><\/a>&#8220;Con gli Amici dei Minerari: Serate d&#8217;Inverno \u2013 un viaggio tra storia, scienza e meraviglie. Incontri presso la Sala con T\u00e0-Mis. Non mancare!&#8221;<\/strong><\/p>\n<ul>\n<li><em>Venerd\u00ec 20 dicembre, ore 20:30<\/em>: &#8220;La morfogenesi delle frane&#8221; \u2013 Relatore Prof. Vittorio Fenti.<\/li>\n<li><em>Venerd\u00ec 24 gennaio, ore 20:30<\/em>: &#8220;Il meraviglioso mondo dei fossili delle Dolomiti&#8221; \u2013 Relatore Danilo Giordano.<\/li>\n<li><em>Venerd\u00ec 21 febbraio, ore 20:30<\/em>: &#8220;Il traforo del Brennero: studio, progettazione e realizzazione&#8221; \u2013 Relatori Vittorio Fenti e Mario Guadagnini.<\/li>\n<\/ul>\n<p><strong>Vivi la cultura e la passione per la montagna!<\/strong><\/p>\n<p><strong>DANILO GIORDANO<\/strong><\/p>\n<audio class=\"wp-audio-shortcode\" id=\"audio-421321-16\" preload=\"none\" style=\"width: 100%;\" controls=\"controls\"><source type=\"audio\/mpeg\" src=\"https:\/\/www.radiopiu.net\/wordpress\/wp-content\/uploads\/2024\/11\/DANILO-GIORDANO-MINERARI.mp3?_=16\" \/><a href=\"https:\/\/www.radiopiu.net\/wordpress\/wp-content\/uploads\/2024\/11\/DANILO-GIORDANO-MINERARI.mp3\">https:\/\/www.radiopiu.net\/wordpress\/wp-content\/uploads\/2024\/11\/DANILO-GIORDANO-MINERARI.mp3<\/a><\/audio>\n<p>&nbsp;<\/p>\n<p>&nbsp;<\/p>\n<hr \/>\n<p>&nbsp;<\/p>\n<blockquote>\n<h3><a class=\"dt-pswp-item\" href=\"https:\/\/www.radiopiu.net\/wordpress\/wp-content\/uploads\/2024\/11\/Unknown.jpeg\" data-dt-img-description=\"\" data-large_image_width=\"1080\" data-large_image_height=\"810\"><img loading=\"lazy\" decoding=\"async\" class=\" wp-image-421053 alignleft\" src=\"https:\/\/www.radiopiu.net\/wordpress\/wp-content\/uploads\/2024\/11\/Unknown-300x225.jpeg\" alt=\"\" width=\"191\" height=\"143\" srcset=\"https:\/\/www.radiopiu.net\/wordpress\/wp-content\/uploads\/2024\/11\/Unknown-300x225.jpeg 300w, https:\/\/www.radiopiu.net\/wordpress\/wp-content\/uploads\/2024\/11\/Unknown-1024x768.jpeg 1024w, https:\/\/www.radiopiu.net\/wordpress\/wp-content\/uploads\/2024\/11\/Unknown-768x576.jpeg 768w, https:\/\/www.radiopiu.net\/wordpress\/wp-content\/uploads\/2024\/11\/Unknown.jpeg 1080w\" sizes=\"auto, (max-width: 191px) 100vw, 191px\" \/><\/a>IL 30 NOVEMBRE DONNE IN PERICOLO A BELLUNO<\/h3>\n<\/blockquote>\n<p><strong>BELLUNO<\/strong> Vittoria Belvedere, Bendicta Boccoli e Debora Caprioglio (in ordine alfabetico) sabato 30 novembre alle 20.45 interpreteranno \u201cDONNE IN PERICOLO\u201d della commediografa americana Wendy MacLeod nel secondo appuntamento della 48ma Stagione di Prosa del Circolo Cultura e Stampa Bellunese. Lo spettacolo, che si preannuncia esilarante, sta raggiungendo il sold out: \u00e8 possibile acquistare i biglietti rimasti online dal sito <a href=\"http:\/\/www.circoloculturaestampabellunese.it\">www.circoloculturaestampabellunese.it<\/a>, oppure la sera dello spettacolo dalle 19.30 al Botteghino del Teatro Comunale.<\/p>\n<p>&nbsp;<\/p>\n<p>&nbsp;<\/p>\n<hr \/>\n<p>&nbsp;<\/p>\n<p>&nbsp;<\/p>\n<h2><span style=\"color: #ff6600;\">IERI ALLA RADIO\u00a0\u00a0<\/span><\/h2>\n<p>&nbsp;<\/p>\n<hr \/>\n<p>&nbsp;<\/p>\n<h2><span style=\"color: #333399;\">RITRATTI SONORI, IL PROGRAMMA DI ALESSIA DALL&#8217;O&#8217; <\/span><\/h2>\n<p><span style=\"color: #ff0000;\"><strong><a class=\"dt-pswp-item\" href=\"https:\/\/www.radiopiu.net\/wordpress\/wp-content\/uploads\/2024\/11\/72730a0f-982f-4ba2-beda-fcb49dd45cff.jpg\" data-dt-img-description=\"\" data-large_image_width=\"1600\" data-large_image_height=\"1200\"><img loading=\"lazy\" decoding=\"async\" class=\" wp-image-421473 alignleft\" src=\"https:\/\/www.radiopiu.net\/wordpress\/wp-content\/uploads\/2024\/11\/72730a0f-982f-4ba2-beda-fcb49dd45cff-300x225.jpg\" alt=\"\" width=\"175\" height=\"131\" srcset=\"https:\/\/www.radiopiu.net\/wordpress\/wp-content\/uploads\/2024\/11\/72730a0f-982f-4ba2-beda-fcb49dd45cff-300x225.jpg 300w, https:\/\/www.radiopiu.net\/wordpress\/wp-content\/uploads\/2024\/11\/72730a0f-982f-4ba2-beda-fcb49dd45cff-1024x768.jpg 1024w, https:\/\/www.radiopiu.net\/wordpress\/wp-content\/uploads\/2024\/11\/72730a0f-982f-4ba2-beda-fcb49dd45cff-768x576.jpg 768w, https:\/\/www.radiopiu.net\/wordpress\/wp-content\/uploads\/2024\/11\/72730a0f-982f-4ba2-beda-fcb49dd45cff-1536x1152.jpg 1536w, https:\/\/www.radiopiu.net\/wordpress\/wp-content\/uploads\/2024\/11\/72730a0f-982f-4ba2-beda-fcb49dd45cff.jpg 1600w\" sizes=\"auto, (max-width: 175px) 100vw, 175px\" \/><\/a>PUNTATA 05 &#8211; SARA SACCHET<\/strong><\/span><\/p>\n<p>PRIMA PARTE<\/p>\n<audio class=\"wp-audio-shortcode\" id=\"audio-421321-17\" preload=\"none\" style=\"width: 100%;\" controls=\"controls\"><source type=\"audio\/mpeg\" src=\"https:\/\/www.radiopiu.net\/wordpress\/wp-content\/uploads\/2024\/11\/RF1-2.mp3?_=17\" \/><a href=\"https:\/\/www.radiopiu.net\/wordpress\/wp-content\/uploads\/2024\/11\/RF1-2.mp3\">https:\/\/www.radiopiu.net\/wordpress\/wp-content\/uploads\/2024\/11\/RF1-2.mp3<\/a><\/audio>\n<p>&nbsp;<\/p>\n<p>SECONDA PARTE<\/p>\n<audio class=\"wp-audio-shortcode\" id=\"audio-421321-18\" preload=\"none\" style=\"width: 100%;\" controls=\"controls\"><source type=\"audio\/mpeg\" src=\"https:\/\/www.radiopiu.net\/wordpress\/wp-content\/uploads\/2024\/11\/RF2-2.mp3?_=18\" \/><a href=\"https:\/\/www.radiopiu.net\/wordpress\/wp-content\/uploads\/2024\/11\/RF2-2.mp3\">https:\/\/www.radiopiu.net\/wordpress\/wp-content\/uploads\/2024\/11\/RF2-2.mp3<\/a><\/audio>\n<p>&nbsp;<\/p>\n<p>TERZA PARTE<\/p>\n<audio class=\"wp-audio-shortcode\" id=\"audio-421321-19\" preload=\"none\" style=\"width: 100%;\" controls=\"controls\"><source type=\"audio\/mpeg\" src=\"https:\/\/www.radiopiu.net\/wordpress\/wp-content\/uploads\/2024\/11\/RF3-2.mp3?_=19\" \/><a href=\"https:\/\/www.radiopiu.net\/wordpress\/wp-content\/uploads\/2024\/11\/RF3-2.mp3\">https:\/\/www.radiopiu.net\/wordpress\/wp-content\/uploads\/2024\/11\/RF3-2.mp3<\/a><\/audio>\n<p>&nbsp;<\/p>\n<h2>LA RACCOLTA COMPLETA <a href=\"https:\/\/www.radiopiu.net\/wordpress\/ritratti-sonori-il-programma-di-alessia-dallo-la-raccolta\/\"><span style=\"color: #3366ff;\">CLICCA QUI<\/span><\/a><\/h2>\n<p>&nbsp;<\/p>\n<p>&nbsp;<\/p>\n<hr \/>\n<p>&nbsp;<\/p>\n<h3 style=\"text-align: center;\"><a class=\"dt-pswp-item\" href=\"https:\/\/www.radiopiu.net\/wordpress\/wp-content\/uploads\/2024\/11\/90e3a8d1-6b59-9a03-d2f5-0cf80d1cce6c.png\" data-dt-img-description=\"\" data-large_image_width=\"800\" data-large_image_height=\"445\"><img loading=\"lazy\" decoding=\"async\" class=\"size-medium wp-image-421400 alignleft\" src=\"https:\/\/www.radiopiu.net\/wordpress\/wp-content\/uploads\/2024\/11\/90e3a8d1-6b59-9a03-d2f5-0cf80d1cce6c-300x167.png\" alt=\"\" width=\"300\" height=\"167\" srcset=\"https:\/\/www.radiopiu.net\/wordpress\/wp-content\/uploads\/2024\/11\/90e3a8d1-6b59-9a03-d2f5-0cf80d1cce6c-300x167.png 300w, https:\/\/www.radiopiu.net\/wordpress\/wp-content\/uploads\/2024\/11\/90e3a8d1-6b59-9a03-d2f5-0cf80d1cce6c-768x427.png 768w, https:\/\/www.radiopiu.net\/wordpress\/wp-content\/uploads\/2024\/11\/90e3a8d1-6b59-9a03-d2f5-0cf80d1cce6c.png 800w\" sizes=\"auto, (max-width: 300px) 100vw, 300px\" \/><\/a>SALUTE E SOCIETA&#8217; CON IL DOTTOR MARCO CARACCIOLO<\/h3>\n<p><strong>Trapianti d&#8217;organo: ridurre le liste d&#8217;attesa grazie all&#8217;innovazione<\/strong><\/p>\n<p>Presentato a Roma l\u2019Organ Care System, la tecnologia che consente di mantenere e trasportare gli organi donati (cuore, polmone e fegato) funzionanti e in uno stato metabolicamente attivo, simile a quello fisiologico.<\/p>\n<p>E\u2019 un sistema di monitoraggio portatile, caratterizzato dall\u2019essere normo-termico ad organo funzionante (il cuore batte, il polmone respira, il fegato produce bile). Grazie ad esso i medici possono monitorare i parametri chiave dell\u2019organo funzionante, valutandone le condizioni generali, la vitalit\u00e0 e la potenziale idoneit\u00e0. Una innovazione grazie alla quale \u00e8 possibile conseguire una percentuale di utilizzo degli organi, dopo morte cardiaca o cerebrale, superiore all\u201980 per cento e che arriva sino al 98 nel caso del fegato.<\/p>\n<audio class=\"wp-audio-shortcode\" id=\"audio-421321-20\" preload=\"none\" style=\"width: 100%;\" controls=\"controls\"><source type=\"audio\/mpeg\" src=\"https:\/\/www.radiopiu.net\/wordpress\/wp-content\/uploads\/2024\/11\/SALUTE-2.mp3?_=20\" \/><a href=\"https:\/\/www.radiopiu.net\/wordpress\/wp-content\/uploads\/2024\/11\/SALUTE-2.mp3\">https:\/\/www.radiopiu.net\/wordpress\/wp-content\/uploads\/2024\/11\/SALUTE-2.mp3<\/a><\/audio>\n<p>LA RACCOLTA COMPLETA <span style=\"color: #0000ff;\"><strong><a style=\"color: #0000ff;\" href=\"https:\/\/www.radiopiu.net\/wordpress\/saluteesocieta\/\">CLICCA QUI\u00a0<\/a><\/strong><\/span><\/p>\n<p>&nbsp;<\/p>\n<p>&nbsp;<\/p>\n<hr \/>\n<p>&nbsp;<\/p>\n<blockquote>\n<h2><a class=\"dt-pswp-item\" href=\"https:\/\/www.radiopiu.net\/wordpress\/wp-content\/uploads\/2023\/09\/309000774_10222572118595513_7956305457803922499_n.jpg\" data-dt-img-description=\"\" data-large_image_width=\"206\" data-large_image_height=\"206\"><img loading=\"lazy\" decoding=\"async\" class=\" wp-image-351101 alignleft\" src=\"https:\/\/www.radiopiu.net\/wordpress\/wp-content\/uploads\/2023\/09\/309000774_10222572118595513_7956305457803922499_n.jpg\" alt=\"\" width=\"90\" height=\"90\" srcset=\"https:\/\/www.radiopiu.net\/wordpress\/wp-content\/uploads\/2023\/09\/309000774_10222572118595513_7956305457803922499_n.jpg 206w, https:\/\/www.radiopiu.net\/wordpress\/wp-content\/uploads\/2023\/09\/309000774_10222572118595513_7956305457803922499_n-150x150.jpg 150w\" sizes=\"auto, (max-width: 90px) 100vw, 90px\" \/><\/a><span style=\"color: #ff0000;\">IERI COME OGGI, CON SILVIA BALDO<\/span><\/h2>\n<h2><\/h2>\n<h2><\/h2>\n<h2>LUNEDI 25 NOVEMBRE<\/h2>\n<audio class=\"wp-audio-shortcode\" id=\"audio-421321-21\" preload=\"none\" style=\"width: 100%;\" controls=\"controls\"><source type=\"audio\/mpeg\" src=\"https:\/\/www.radiopiu.net\/wordpress\/wp-content\/uploads\/2024\/11\/SIBI-2.mp3?_=21\" \/><a href=\"https:\/\/www.radiopiu.net\/wordpress\/wp-content\/uploads\/2024\/11\/SIBI-2.mp3\">https:\/\/www.radiopiu.net\/wordpress\/wp-content\/uploads\/2024\/11\/SIBI-2.mp3<\/a><\/audio>\n<h2>MERCOLEDI 27 NOVEMBRE<\/h2>\n<audio class=\"wp-audio-shortcode\" id=\"audio-421321-22\" preload=\"none\" style=\"width: 100%;\" controls=\"controls\"><source type=\"audio\/mpeg\" src=\"https:\/\/www.radiopiu.net\/wordpress\/wp-content\/uploads\/2024\/11\/SIBI2-2.mp3?_=22\" \/><a href=\"https:\/\/www.radiopiu.net\/wordpress\/wp-content\/uploads\/2024\/11\/SIBI2-2.mp3\">https:\/\/www.radiopiu.net\/wordpress\/wp-content\/uploads\/2024\/11\/SIBI2-2.mp3<\/a><\/audio><\/blockquote>\n<p>&nbsp;<\/p>\n<p>LA RACCOLTA COMPLETA<strong><a href=\"https:\/\/www.radiopiu.net\/wordpress\/alle-nove-oggi-come-ieri-di-e-con-silvia-baldo\/\"> CLICCA QUI\u00a0<\/a><\/strong><\/p>\n<p>&nbsp;<\/p>\n<hr \/>\n<p>&nbsp;<\/p>\n<blockquote>\n<h3>GSP INFORMA SU RADIO PIU&#8217; E RADIO CLUB 103, IL LUNEDI ALLE 10.30<\/h3>\n<\/blockquote>\n<p><a class=\"dt-pswp-item\" href=\"https:\/\/www.radiopiu.net\/wordpress\/wp-content\/uploads\/2024\/11\/2_lesterno-dellimpianto-in-esercizio-1.jpg\" data-dt-img-description=\"\" data-large_image_width=\"1599\" data-large_image_height=\"1200\"><img loading=\"lazy\" decoding=\"async\" class=\"wp-image-421417 alignleft\" src=\"https:\/\/www.radiopiu.net\/wordpress\/wp-content\/uploads\/2024\/11\/2_lesterno-dellimpianto-in-esercizio-1-300x225.jpg\" alt=\"\" width=\"189\" height=\"142\" srcset=\"https:\/\/www.radiopiu.net\/wordpress\/wp-content\/uploads\/2024\/11\/2_lesterno-dellimpianto-in-esercizio-1-300x225.jpg 300w, https:\/\/www.radiopiu.net\/wordpress\/wp-content\/uploads\/2024\/11\/2_lesterno-dellimpianto-in-esercizio-1-1024x768.jpg 1024w, https:\/\/www.radiopiu.net\/wordpress\/wp-content\/uploads\/2024\/11\/2_lesterno-dellimpianto-in-esercizio-1-768x576.jpg 768w, https:\/\/www.radiopiu.net\/wordpress\/wp-content\/uploads\/2024\/11\/2_lesterno-dellimpianto-in-esercizio-1-1536x1153.jpg 1536w, https:\/\/www.radiopiu.net\/wordpress\/wp-content\/uploads\/2024\/11\/2_lesterno-dellimpianto-in-esercizio-1.jpg 1599w\" sizes=\"auto, (max-width: 189px) 100vw, 189px\" \/><\/a><strong>DI BARBARA PAOLAZZI PER RADIO CLUB 103 DOLOMITI E RADIO PIU EMITTENTE AGORDINA\u00a0<\/strong><\/p>\n<p>&nbsp;<\/p>\n<p>&nbsp;<\/p>\n<p>&nbsp;<\/p>\n<p>AUDIO<\/p>\n<audio class=\"wp-audio-shortcode\" id=\"audio-421321-23\" preload=\"none\" style=\"width: 100%;\" controls=\"controls\"><source type=\"audio\/mpeg\" src=\"https:\/\/www.radiopiu.net\/wordpress\/wp-content\/uploads\/2024\/11\/02-GSP-25-11-2024-1.mp3?_=23\" \/><a href=\"https:\/\/www.radiopiu.net\/wordpress\/wp-content\/uploads\/2024\/11\/02-GSP-25-11-2024-1.mp3\">https:\/\/www.radiopiu.net\/wordpress\/wp-content\/uploads\/2024\/11\/02-GSP-25-11-2024-1.mp3<\/a><\/audio>\n<p>&nbsp;<\/p>\n<p>LA RACCOLTA COMPLETA <span style=\"color: #0000ff;\"><strong><a style=\"color: #0000ff;\" href=\"https:\/\/www.radiopiu.net\/wordpress\/gsp-informa\/\">CLICCA QUI\u00a0<\/a><\/strong><\/span><\/p>\n<p>&nbsp;<\/p>\n<p>&nbsp;<\/p>\n<hr \/>\n<p>&nbsp;<\/p>\n<h2><span style=\"color: #00ccff;\">I RACCONTI DI PAOLO SOPPELSA<\/span><\/h2>\n<p><strong>FINE AUTUNNO<\/strong><\/p>\n<p><strong>AUDIO<\/strong><\/p>\n<audio class=\"wp-audio-shortcode\" id=\"audio-421321-24\" preload=\"none\" style=\"width: 100%;\" controls=\"controls\"><source type=\"audio\/mpeg\" src=\"https:\/\/www.radiopiu.net\/wordpress\/wp-content\/uploads\/2024\/11\/PAOLOS-3.mp3?_=24\" \/><a href=\"https:\/\/www.radiopiu.net\/wordpress\/wp-content\/uploads\/2024\/11\/PAOLOS-3.mp3\">https:\/\/www.radiopiu.net\/wordpress\/wp-content\/uploads\/2024\/11\/PAOLOS-3.mp3<\/a><\/audio>\n<p>&nbsp;<\/p>\n<p><a class=\"dt-pswp-item\" href=\"https:\/\/www.radiopiu.net\/wordpress\/wp-content\/uploads\/2024\/11\/b71e1bb2-546b-4fa6-b80e-b37342af8fc0.jpg\" data-dt-img-description=\"\" data-large_image_width=\"1600\" data-large_image_height=\"1200\"><img loading=\"lazy\" decoding=\"async\" class=\" wp-image-421284 alignleft\" src=\"https:\/\/www.radiopiu.net\/wordpress\/wp-content\/uploads\/2024\/11\/b71e1bb2-546b-4fa6-b80e-b37342af8fc0-300x225.jpg\" alt=\"\" width=\"215\" height=\"161\" srcset=\"https:\/\/www.radiopiu.net\/wordpress\/wp-content\/uploads\/2024\/11\/b71e1bb2-546b-4fa6-b80e-b37342af8fc0-300x225.jpg 300w, https:\/\/www.radiopiu.net\/wordpress\/wp-content\/uploads\/2024\/11\/b71e1bb2-546b-4fa6-b80e-b37342af8fc0-1024x768.jpg 1024w, https:\/\/www.radiopiu.net\/wordpress\/wp-content\/uploads\/2024\/11\/b71e1bb2-546b-4fa6-b80e-b37342af8fc0-768x576.jpg 768w, https:\/\/www.radiopiu.net\/wordpress\/wp-content\/uploads\/2024\/11\/b71e1bb2-546b-4fa6-b80e-b37342af8fc0-1536x1152.jpg 1536w, https:\/\/www.radiopiu.net\/wordpress\/wp-content\/uploads\/2024\/11\/b71e1bb2-546b-4fa6-b80e-b37342af8fc0.jpg 1600w\" sizes=\"auto, (max-width: 215px) 100vw, 215px\" \/><\/a>&#8220;&#8230;le stagioni, al loro terzo mese, mostrano le rughe e parlano con la saggezza dei vecchi; hanno dentro il vissuto dei boschi, degli uomini e delle montagne&#8230;&#8221;<br \/>\nL\u2019autunno si presenta alle genti delle valli poco dopo la met\u00e0 di settembre. A volte lo fa in modo gentile, dialogando affabilmente con l&#8217;ormai vecchia estate che, come gli ultimi villeggianti, ha gi\u00e0 preparato le valigie ed \u00e8 pronta a lasciare un&#8217;altra volta la valle. In altre occasioni, invece, si presenta in modo pi\u00f9 rude, portando con s\u00e9 nuvole gonfie di pioggia e un freddo improvviso che chiama il primo fuoco nelle stufe. Ai primi di ottobre l&#8217;autunno \u00e8 gi\u00e0 adulto e come un pittore capace e ispirato, inizia a dipingere i boschi con colori sempre pi\u00f9 carichi. Dapprima sono solitari larici d&#8217;alta quota a tingersi d&#8217;oro, poi, giorno dopo giorno, anche i faggi a mezza costa iniziano a cambiarsi d&#8217;abito. Il pittore Autunno colora le loro foglie di un rosso cupo; di l\u00ec a tre settimane, quel fogliame un tempo verde brillante diverr\u00e0 tappeto che ricoprir\u00e0 prati e sentieri e ad ogni passo, quel delicato frusciare sar\u00e0 musica lieve che accompagner\u00e0 gli uomini che si inoltrano nei boschi dove dimorano nuovi silenzi. Poi, terminato il mese del vino nuovo e delle mele, l&#8217;autunno inizia a mostrare le prime rughe. Accade al tempo severo dei Santi e dei Morti, quando la brina ricopre le lapidi rinnovate e la sera scende improvvisamente con un&#8217;ora di anticipo. In quei giorni \u00e8 il silenzio a parlare, un silenzio che racconta di quiete profonda e talvolta di subbuglio d&#8217;acque di torrente e neve pesante sulle cime. Appena superata la met\u00e0 del mese triste, la stagione dei colori fa intravedere i segni pesanti della vecchiaia. In questo periodo, l&#8217;autunno parla con voce di vento che racconta di faggi ormai spogli e larici che si abbandonano all&#8217;inverno che ora appare improvvisamente vicino. C&#8217;\u00e8 una pacata rassegnazione in quel narrare, c&#8217;\u00e8 la saggezza espressa da una stagione ormai morente. Il suo definitivo congedo \u00e8 l\u00ec ad un passo, ancora pochi giorni e poi l&#8217;autunno sfinito saluter\u00e0 gli uomini e le montagne. Accadr\u00e0 dopo un paio di fredde giornate che porteranno la neve a ricoprire i paesi e i boschi oramai dormienti. Non ci sar\u00e0 nemmeno il tempo per un breve dialogo o per un passaggio di consegne con il giovane inverno. Se ne andr\u00e0 di notte, senza farsi sentire, voltandosi indietro una volta soltanto per salutare i boschi e i monti. In passato, questi erano i giorni degli emigranti rientrati al paese, delle famiglie riunite, dei lavori al minimo e del riposo nelle stue. Uomini e natura si abbandonavano ai freddi silenzi dell&#8217;inverno aspettando il Natale. Oggi invece, nelle valli accade l&#8217;esatto contrario, si spengono i silenzi dell&#8217;autunno e un fervore nuovo anima la montagna. A fine novembre \u00e8 tempo di preparare la stagione turistica invernale, con le piste da sci che prendono vita e alberghi e locali che riaprono i battenti dopo la pausa autunnale. Lavoro febbrile degli uomini, ronzio dei cannoni da neve e i paesi che iniziano ad essere addobbati per il Natale improvvisamente vicino. Nasce cos\u00ec l&#8217;inverno, e la stagione dei colori appena passata \u00e8 gi\u00e0 struggente ricordo.<br \/>\nTi piango gi\u00e0, autunno.<br \/>\nCome si piange un amore perduto,<br \/>\nun fiore appassito.<br \/>\nCome si piange il tempo andato.<\/p>\n<p>&nbsp;<\/p>\n<p>LA RACCOLTA COMPLETA <span style=\"color: #0000ff;\"><strong><a style=\"color: #0000ff;\" href=\"https:\/\/www.radiopiu.net\/wordpress\/i-racconti-di-paolo-soppelsa\/\">CLICCA QUI<\/a><\/strong><\/span><\/p>\n<p>&nbsp;<\/p>\n<hr \/>\n<p>&nbsp;<\/p>\n<blockquote>\n<h2>Concerto in memoria di Igor Roldo: solidariet\u00e0 e musica al Piccolo Teatro Pierobon<\/h2>\n<\/blockquote>\n<div class=\"flex-1 overflow-hidden\">\n<div class=\"h-full\">\n<div class=\"react-scroll-to-bottom--css-iaghl-79elbk h-full\">\n<div class=\"react-scroll-to-bottom--css-iaghl-1n7m0yu\">\n<div class=\"flex flex-col text-sm md:pb-9\">\n<article class=\"w-full scroll-mb-[var(--thread-trailing-height)] text-token-text-primary focus-visible:outline-2 focus-visible:outline-offset-[-4px]\" dir=\"auto\" data-testid=\"conversation-turn-27\" data-scroll-anchor=\"true\">\n<div class=\"m-auto text-base py-[18px] px-3 md:px-4 w-full md:px-5 lg:px-4 xl:px-5\">\n<div class=\"mx-auto flex flex-1 gap-4 text-base md:gap-5 lg:gap-6 md:max-w-3xl lg:max-w-[40rem] xl:max-w-[48rem]\">\n<div class=\"group\/conversation-turn relative flex w-full min-w-0 flex-col agent-turn\">\n<div class=\"flex-col gap-1 md:gap-3\">\n<div class=\"flex max-w-full flex-col flex-grow\">\n<div class=\"min-h-8 text-message flex w-full flex-col items-end gap-2 whitespace-normal break-words [.text-message+&amp;]:mt-5\" dir=\"auto\" data-message-author-role=\"assistant\" data-message-id=\"2f1985a1-38a8-441c-a356-ef2248e23e98\" data-message-model-slug=\"gpt-4o\">\n<div class=\"flex w-full flex-col gap-1 empty:hidden first:pt-[3px]\">\n<div class=\"markdown prose w-full break-words dark:prose-invert dark\">\n<p><strong><a class=\"dt-pswp-item\" href=\"https:\/\/www.radiopiu.net\/wordpress\/wp-content\/uploads\/2024\/11\/4-foto.jpg\" data-dt-img-description=\"\" data-large_image_width=\"1410\" data-large_image_height=\"1267\"><img loading=\"lazy\" decoding=\"async\" class=\"wp-image-419353 alignleft\" src=\"https:\/\/www.radiopiu.net\/wordpress\/wp-content\/uploads\/2024\/11\/4-foto-300x270.jpg\" alt=\"\" width=\"157\" height=\"141\" srcset=\"https:\/\/www.radiopiu.net\/wordpress\/wp-content\/uploads\/2024\/11\/4-foto-300x270.jpg 300w, https:\/\/www.radiopiu.net\/wordpress\/wp-content\/uploads\/2024\/11\/4-foto-1024x920.jpg 1024w, https:\/\/www.radiopiu.net\/wordpress\/wp-content\/uploads\/2024\/11\/4-foto-768x690.jpg 768w, https:\/\/www.radiopiu.net\/wordpress\/wp-content\/uploads\/2024\/11\/4-foto.jpg 1410w\" sizes=\"auto, (max-width: 157px) 100vw, 157px\" \/><\/a>PONTE NELLE ALPI<\/strong> Sabato 30 novembre, il Piccolo Teatro Pierobon ospiter\u00e0 un concerto in ricordo di Igor Roldo, scomparso un anno fa. Organizzato da WR Events e Comitato Pollicino, l&#8217;evento celebra la memoria di Roldo, 58 anni, noto dirigente del San Giorgio Calcio e ideatore del Festival musicale di Pian dei Castaldi. Considerato un talent scout, Roldo ha sempre supportato nuove formazioni musicali, promuovendo eventi per finanziare progetti solidali del Comitato Pollicino, dedicato ai bambini bisognosi di Petrosani, Romania. La serata sar\u00e0 animata dall\u2019Uncle Frank Project, composto da Franco De Poli, Alberto Mambrini, Andrea Cuzzuol e Mauro De Luca, noti per i loro concerti a scopo benefico. Sul palco, il quartetto racconter\u00e0 l\u2019evoluzione della chitarra attraverso diversi stili musicali, mostrando come questo strumento rimanga centrale nel sound moderno. Il concerto \u00e8 patrocinato dal Comune di Ponte nelle Alpi e prevede ingresso a offerta libera. Tutto il ricavato andr\u00e0 al Comitato Pollicino, proseguendo l\u2019impegno di Roldo nel coniugare musica e solidariet\u00e0.<\/p>\n<\/div>\n<\/div>\n<\/div>\n<\/div>\n<\/div>\n<\/div>\n<\/div>\n<\/div>\n<\/article>\n<\/div>\n<\/div>\n<\/div>\n<\/div>\n<\/div>\n<p>&nbsp;<\/p>\n<p>&nbsp;<\/p>\n<hr \/>\n<p>&nbsp;<\/p>\n<h2><span style=\"color: #ff0000;\"><a class=\"dt-pswp-item\" href=\"https:\/\/www.radiopiu.net\/wordpress\/wp-content\/uploads\/2018\/09\/appuntamenti.jpeg\" data-dt-img-description=\"\" data-large_image_width=\"800\" data-large_image_height=\"100\"><img loading=\"lazy\" decoding=\"async\" class=\"wp-image-61958 size-full aligncenter\" src=\"https:\/\/www.radiopiu.net\/wordpress\/wp-content\/uploads\/2018\/09\/appuntamenti.jpeg\" alt=\"\" width=\"800\" height=\"100\" srcset=\"https:\/\/www.radiopiu.net\/wordpress\/wp-content\/uploads\/2018\/09\/appuntamenti.jpeg 800w, https:\/\/www.radiopiu.net\/wordpress\/wp-content\/uploads\/2018\/09\/appuntamenti-300x38.jpeg 300w, https:\/\/www.radiopiu.net\/wordpress\/wp-content\/uploads\/2018\/09\/appuntamenti-768x96.jpeg 768w\" sizes=\"auto, (max-width: 800px) 100vw, 800px\" \/><\/a><\/span><\/h2>\n<p>&nbsp;<\/p>\n<div style=\"width: 1200px;\" class=\"wp-video\"><video class=\"wp-video-shortcode\" id=\"video-421321-5\" width=\"1200\" height=\"675\" preload=\"metadata\" controls=\"controls\"><source type=\"video\/mp4\" src=\"https:\/\/www.radiopiu.net\/wordpress\/wp-content\/uploads\/2024\/10\/WhatsApp-Video-2024-10-23-at-00.12.10.mp4?_=5\" \/><a href=\"https:\/\/www.radiopiu.net\/wordpress\/wp-content\/uploads\/2024\/10\/WhatsApp-Video-2024-10-23-at-00.12.10.mp4\">https:\/\/www.radiopiu.net\/wordpress\/wp-content\/uploads\/2024\/10\/WhatsApp-Video-2024-10-23-at-00.12.10.mp4<\/a><\/video><\/div>\n<p><strong>\u00a0<\/strong><\/p>\n<p><strong>SABATO E DOMENICA AL CINEMA DOLOMITI DI FALCADE IL FILM &#8220;CAMPO DI BATTAGLIA&#8221; SPETTACOLI ALLE 21, DOMENICA ANCHE ALLE 15:30<\/strong><\/p>\n<div class=\"flex-shrink-0 flex flex-col relative items-end\">\n<div class=\"pt-0\">\n<div class=\"gizmo-bot-avatar flex h-8 w-8 items-center justify-center overflow-hidden rounded-full\">\n<p class=\"relative p-1 rounded-sm flex items-center justify-center bg-token-main-surface-primary text-token-text-primary h-8 w-8\"><strong>CANALE D&#8217;AGORDO <\/strong>Jazzercise \u00e8 un allenamento ad alta intensit\u00e0 che combina danza, pilates, yoga e kickboxing, adatto a tutti i livelli di fitness. \u00c8 efficace per tonificare i muscoli, migliorare la postura e ottenere un fisico snello. Nell&#8217;Agordino, le lezioni si tengono a Canale d&#8217;Agordo, nella sala ex emigranti di via Lotta, il luned\u00ec dalle 18:15 alle 19:15 e il mercoled\u00ec dalle 18:30 alle 19:30. L&#8217;istruttrice certificata RaLuca ti aspetta per un allenamento coinvolgente al ritmo di musica attuale. Per informazioni: 347 9295478<\/p>\n<\/div>\n<\/div>\n<\/div>\n<p><strong>FALCADE<\/strong> Le cena della classe 1974 dei coscritti dell&#8217;<strong>Agordino<\/strong> si terr\u00e0\u00a0 sabato 30 novembre\u00a0 a Falcade, Hotel Stella Alpina. La cena e&#8217; aperta ai nati nel 1974 nei 16 comuni dell&#8217;Agordino, e sara&#8217; un&#8217;occasione di ritrovo,\u00a0 dopo tanto tempo e festeggiare il mezzo secolo.Info\u00a0 3478120853<\/p>\n<p><strong>BELLUNO <\/strong>Sabato 7 dicembre 2024 alle ore 17:30 in Sala Teatro al Giovanni 23mo di piazza Piloni a Belluno, l\u2019Associazione Liberal presieduta da Rosalba Schenal, invita a partecipare alla conferenza sul fallito attentato a Enrico Berlinguer. A 40 anni dalla morte del leader politico del Partito Comunista, l\u2019inchiesta rivela il piano dei servizi segreti bulgari e sovietici per uccidere Berlinguer, che con Aldo Moro aveva ipotizzato il compromesso storico e la via italiana al socialismo. Relatore della serata: Giovanni Fasanella, giornalista e scrittore, conduce: Franco Tosolini, ricercatore storico<\/p>\n<p><strong>CENCENIGHE\u00a0 <\/strong>SABATO 30 NOVEMBRE, DOMENICA 1 DICEMBRE A CENCENIGHE LA FESTA DI SANT&#8217;ANDREA CON PROLOCO E COMUNE.<br \/>\nAL NOF FILO&#8217; SABATO MERCATINO DELL&#8217;ARTIGIANATO DALLE 9 ALLE 19, SERVIZIO BAR E POSSIBILIT\u00e0 DI PRANZO CON PRODOTTI TIPICI. DALLE 16.30 SPETTACOLO DEL GRUPPO I BATI ORZ DA SAN TOMAS E APERITIVO DEI MAGNA MUS CON DJ JACK DOMENICA 1 DICEMBRE DALLE 10 ALLE 16 GIRI IN PONY E CAVALLO PER BAMBINI E RAGAZZI ESPOSIZIONE ANIMALI, DIMOSTRAZIONE DI SCULTURA CON LA MOTOSEGA E ALLE 16 IN SALA CONSILIARE DOLCE E SALATO, SPETTACOLO DI BURATTINI DDI SERGHEI FULLIN. CON GLI ALPINI VIN BRULE&#8217; E CALDARROSTE FIERA DI SANT&#8217;ANDREA DI CENCENIGHE SABATO 30 NOVEMBRE E DOMENICA 1 DICEMBRE CON IL CONTRIBUTO DI BIM COMUNI MONTANI<\/p>\n<p>&nbsp;<\/p>\n<div>\n<div class=\"\" dir=\"auto\">\n<div id=\":r9h:\" class=\"x1iorvi4 x1pi30zi x1l90r2v x1swvt13\" data-ad-comet-preview=\"message\" data-ad-preview=\"message\">\n\n\t\t\t<style type='text\/css'>\n\t\t\t\t#gallery-5 {\n\t\t\t\t\tmargin: auto;\n\t\t\t\t}\n\t\t\t\t#gallery-5 .gallery-item {\n\t\t\t\t\tfloat: left;\n\t\t\t\t\tmargin-top: 10px;\n\t\t\t\t\ttext-align: center;\n\t\t\t\t\twidth: 25%;\n\t\t\t\t}\n\t\t\t\t#gallery-5 img {\n\t\t\t\t\tborder: 2px solid #cfcfcf;\n\t\t\t\t}\n\t\t\t\t#gallery-5 .gallery-caption {\n\t\t\t\t\tmargin-left: 0;\n\t\t\t\t}\n\t\t\t\t\/* see gallery_shortcode() in wp-includes\/media.php *\/\n\t\t\t<\/style>\n\t\t<div id='gallery-5' class='dt-gallery-container gallery galleryid-421321 gallery-columns-4 gallery-size-thumbnail'><dl class='gallery-item'>\n\t\t\t\t<dt class='gallery-icon portrait'>\n\t\t\t\t\t<a class=\"rollover rollover-zoom dt-pswp-item\" title=\"Screenshot\" data-dt-img-description=\"\" data-large_image_width=\"1088\" data-large_image_height=\"1550\"href='https:\/\/www.radiopiu.net\/wordpress\/wp-content\/uploads\/2024\/11\/Cisl_ParlarePerSalvare_FlyerDigitale.jpg'><img loading=\"lazy\" decoding=\"async\" width=\"150\" height=\"150\" src=\"https:\/\/www.radiopiu.net\/wordpress\/wp-content\/uploads\/2024\/11\/Cisl_ParlarePerSalvare_FlyerDigitale-150x150.jpg\" class=\"attachment-thumbnail size-thumbnail\" alt=\"\" aria-describedby=\"gallery-5-420678\" \/><\/a>\n\t\t\t\t<\/dt>\n\t\t\t\t\t<dd class='wp-caption-text gallery-caption' id='gallery-5-420678'>\n\t\t\t\t\tScreenshot\n\t\t\t\t\t<\/dd><\/dl><dl class='gallery-item'>\n\t\t\t\t<dt class='gallery-icon portrait'>\n\t\t\t\t\t<a class=\"rollover rollover-zoom dt-pswp-item\" title=\"4448afab-7b66-4760-8c53-e411b845306d\" data-dt-img-description=\"\" data-large_image_width=\"1144\" data-large_image_height=\"1600\"href='https:\/\/www.radiopiu.net\/wordpress\/wp-content\/uploads\/2024\/11\/4448afab-7b66-4760-8c53-e411b845306d.jpg'><img loading=\"lazy\" decoding=\"async\" width=\"150\" height=\"150\" src=\"https:\/\/www.radiopiu.net\/wordpress\/wp-content\/uploads\/2024\/11\/4448afab-7b66-4760-8c53-e411b845306d-150x150.jpg\" class=\"attachment-thumbnail size-thumbnail\" alt=\"\" aria-describedby=\"gallery-5-419621\" \/><\/a>\n\t\t\t\t<\/dt>\n\t\t\t\t\t<dd class='wp-caption-text gallery-caption' id='gallery-5-419621'>\n\t\t\t\t\tIL FINE SETTIMANA A CAVIOLA\n\t\t\t\t\t<\/dd><\/dl><dl class='gallery-item'>\n\t\t\t\t<dt class='gallery-icon portrait'>\n\t\t\t\t\t<a class=\"rollover rollover-zoom dt-pswp-item\" title=\"Locandina Sant&#039;Andrea nuova\" data-dt-img-description=\"\" data-large_image_width=\"1890\" data-large_image_height=\"2646\"href='https:\/\/www.radiopiu.net\/wordpress\/wp-content\/uploads\/2024\/11\/Locandina-SantAndrea-nuova.png'><img loading=\"lazy\" decoding=\"async\" width=\"150\" height=\"150\" src=\"https:\/\/www.radiopiu.net\/wordpress\/wp-content\/uploads\/2024\/11\/Locandina-SantAndrea-nuova-150x150.png\" class=\"attachment-thumbnail size-thumbnail\" alt=\"\" \/><\/a>\n\t\t\t\t<\/dt><\/dl><dl class='gallery-item'>\n\t\t\t\t<dt class='gallery-icon portrait'>\n\t\t\t\t\t<a class=\"rollover rollover-zoom dt-pswp-item\" title=\"formula_3_loc\" data-dt-img-description=\"\" data-large_image_width=\"600\" data-large_image_height=\"821\"href='https:\/\/www.radiopiu.net\/wordpress\/wp-content\/uploads\/2024\/11\/formula_3_loc.jpg'><img loading=\"lazy\" decoding=\"async\" width=\"150\" height=\"150\" src=\"https:\/\/www.radiopiu.net\/wordpress\/wp-content\/uploads\/2024\/11\/formula_3_loc-150x150.jpg\" class=\"attachment-thumbnail size-thumbnail\" alt=\"\" aria-describedby=\"gallery-5-419609\" \/><\/a>\n\t\t\t\t<\/dt>\n\t\t\t\t\t<dd class='wp-caption-text gallery-caption' id='gallery-5-419609'>\n\t\t\t\t\tI FORMULA 3 A BELLUNO\n\t\t\t\t\t<\/dd><\/dl><br style=\"clear: both\" \/><dl class='gallery-item'>\n\t\t\t\t<dt class='gallery-icon portrait'>\n\t\t\t\t\t<a class=\"rollover rollover-zoom dt-pswp-item\" title=\"Ciao Igor copia\" data-dt-img-description=\"\" data-large_image_width=\"453\" data-large_image_height=\"640\"href='https:\/\/www.radiopiu.net\/wordpress\/wp-content\/uploads\/2024\/11\/Ciao-Igor-copia.jpeg'><img loading=\"lazy\" decoding=\"async\" width=\"150\" height=\"150\" src=\"https:\/\/www.radiopiu.net\/wordpress\/wp-content\/uploads\/2024\/11\/Ciao-Igor-copia-150x150.jpeg\" class=\"attachment-thumbnail size-thumbnail\" alt=\"\" aria-describedby=\"gallery-5-419352\" \/><\/a>\n\t\t\t\t<\/dt>\n\t\t\t\t\t<dd class='wp-caption-text gallery-caption' id='gallery-5-419352'>\n\t\t\t\t\tIN MEMORIA DI IGOR\n\t\t\t\t\t<\/dd><\/dl><dl class='gallery-item'>\n\t\t\t\t<dt class='gallery-icon portrait'>\n\t\t\t\t\t<a class=\"rollover rollover-zoom dt-pswp-item\" title=\"manifesto serate invernali\" data-dt-img-description=\"\" data-large_image_width=\"1683\" data-large_image_height=\"2383\"href='https:\/\/www.radiopiu.net\/wordpress\/wp-content\/uploads\/2024\/11\/manifesto-serate-invernali.jpg'><img loading=\"lazy\" decoding=\"async\" width=\"150\" height=\"150\" src=\"https:\/\/www.radiopiu.net\/wordpress\/wp-content\/uploads\/2024\/11\/manifesto-serate-invernali-150x150.jpg\" class=\"attachment-thumbnail size-thumbnail\" alt=\"\" aria-describedby=\"gallery-5-418816\" \/><\/a>\n\t\t\t\t<\/dt>\n\t\t\t\t\t<dd class='wp-caption-text gallery-caption' id='gallery-5-418816'>\n\t\t\t\t\t21 FEBBRAIO\n\t\t\t\t\t<\/dd><\/dl><dl class='gallery-item'>\n\t\t\t\t<dt class='gallery-icon portrait'>\n\t\t\t\t\t<a class=\"rollover rollover-zoom dt-pswp-item\" title=\"76cccd40-0603-419e-97ce-c76a73bfea49\" data-dt-img-description=\"\" data-large_image_width=\"1131\" data-large_image_height=\"1600\"href='https:\/\/www.radiopiu.net\/wordpress\/wp-content\/uploads\/2024\/11\/76cccd40-0603-419e-97ce-c76a73bfea49.jpg'><img loading=\"lazy\" decoding=\"async\" width=\"150\" height=\"150\" src=\"https:\/\/www.radiopiu.net\/wordpress\/wp-content\/uploads\/2024\/11\/76cccd40-0603-419e-97ce-c76a73bfea49-150x150.jpg\" class=\"attachment-thumbnail size-thumbnail\" alt=\"\" \/><\/a>\n\t\t\t\t<\/dt><\/dl><dl class='gallery-item'>\n\t\t\t\t<dt class='gallery-icon landscape'>\n\t\t\t\t\t<a class=\"rollover rollover-zoom dt-pswp-item\" title=\"0abbc826-bb45-4385-b009-d3e07ffc47d6\" data-dt-img-description=\"\" data-large_image_width=\"1080\" data-large_image_height=\"1080\"href='https:\/\/www.radiopiu.net\/wordpress\/wp-content\/uploads\/2024\/11\/0abbc826-bb45-4385-b009-d3e07ffc47d6.jpg'><img loading=\"lazy\" decoding=\"async\" width=\"150\" height=\"150\" src=\"https:\/\/www.radiopiu.net\/wordpress\/wp-content\/uploads\/2024\/11\/0abbc826-bb45-4385-b009-d3e07ffc47d6-150x150.jpg\" class=\"attachment-thumbnail size-thumbnail\" alt=\"\" aria-describedby=\"gallery-5-420917\" srcset=\"https:\/\/www.radiopiu.net\/wordpress\/wp-content\/uploads\/2024\/11\/0abbc826-bb45-4385-b009-d3e07ffc47d6-150x150.jpg 150w, https:\/\/www.radiopiu.net\/wordpress\/wp-content\/uploads\/2024\/11\/0abbc826-bb45-4385-b009-d3e07ffc47d6-300x300.jpg 300w, https:\/\/www.radiopiu.net\/wordpress\/wp-content\/uploads\/2024\/11\/0abbc826-bb45-4385-b009-d3e07ffc47d6-1024x1024.jpg 1024w, https:\/\/www.radiopiu.net\/wordpress\/wp-content\/uploads\/2024\/11\/0abbc826-bb45-4385-b009-d3e07ffc47d6-768x768.jpg 768w, https:\/\/www.radiopiu.net\/wordpress\/wp-content\/uploads\/2024\/11\/0abbc826-bb45-4385-b009-d3e07ffc47d6.jpg 1080w\" sizes=\"auto, (max-width: 150px) 100vw, 150px\" \/><\/a>\n\t\t\t\t<\/dt>\n\t\t\t\t\t<dd class='wp-caption-text gallery-caption' id='gallery-5-420917'>\n\t\t\t\t\ta taibon il 28\n\t\t\t\t\t<\/dd><\/dl><br style=\"clear: both\" \/><dl class='gallery-item'>\n\t\t\t\t<dt class='gallery-icon portrait'>\n\t\t\t\t\t<a class=\"rollover rollover-zoom dt-pswp-item\" title=\"3b619ed3-7b41-4743-902b-03a8621cd61a\" data-dt-img-description=\"\" data-large_image_width=\"1131\" data-large_image_height=\"1600\"href='https:\/\/www.radiopiu.net\/wordpress\/wp-content\/uploads\/2024\/11\/3b619ed3-7b41-4743-902b-03a8621cd61a.jpg'><img loading=\"lazy\" decoding=\"async\" width=\"150\" height=\"150\" src=\"https:\/\/www.radiopiu.net\/wordpress\/wp-content\/uploads\/2024\/11\/3b619ed3-7b41-4743-902b-03a8621cd61a-150x150.jpg\" class=\"attachment-thumbnail size-thumbnail\" alt=\"\" aria-describedby=\"gallery-5-421299\" \/><\/a>\n\t\t\t\t<\/dt>\n\t\t\t\t\t<dd class='wp-caption-text gallery-caption' id='gallery-5-421299'>\n\t\t\t\t\tAL DE TONI DI ALLEGHE\n\t\t\t\t\t<\/dd><\/dl><dl class='gallery-item'>\n\t\t\t\t<dt class='gallery-icon portrait'>\n\t\t\t\t\t<a class=\"rollover rollover-zoom dt-pswp-item\" title=\"locandina Insieme e\u0300 piu\u0300 bello\" data-dt-img-description=\"\" data-large_image_width=\"1131\" data-large_image_height=\"1600\"href='https:\/\/www.radiopiu.net\/wordpress\/wp-content\/uploads\/2024\/11\/locandina-Insieme-e-piu-bello.jpg'><img loading=\"lazy\" decoding=\"async\" width=\"150\" height=\"150\" src=\"https:\/\/www.radiopiu.net\/wordpress\/wp-content\/uploads\/2024\/11\/locandina-Insieme-e-piu-bello-150x150.jpg\" class=\"attachment-thumbnail size-thumbnail\" alt=\"\" aria-describedby=\"gallery-5-421314\" \/><\/a>\n\t\t\t\t<\/dt>\n\t\t\t\t\t<dd class='wp-caption-text gallery-caption' id='gallery-5-421314'>\n\t\t\t\t\tINSIEME A SAN GREGORIO\n\t\t\t\t\t<\/dd><\/dl><dl class='gallery-item'>\n\t\t\t\t<dt class='gallery-icon portrait'>\n\t\t\t\t\t<a class=\"rollover rollover-zoom dt-pswp-item\" title=\"e2b0f656-3cd2-4af9-94d6-f6798e4192aa\" data-dt-img-description=\"\" data-large_image_width=\"631\" data-large_image_height=\"969\"href='https:\/\/www.radiopiu.net\/wordpress\/wp-content\/uploads\/2024\/11\/e2b0f656-3cd2-4af9-94d6-f6798e4192aa.jpg'><img loading=\"lazy\" decoding=\"async\" width=\"150\" height=\"150\" src=\"https:\/\/www.radiopiu.net\/wordpress\/wp-content\/uploads\/2024\/11\/e2b0f656-3cd2-4af9-94d6-f6798e4192aa-150x150.jpg\" class=\"attachment-thumbnail size-thumbnail\" alt=\"\" aria-describedby=\"gallery-5-421410\" \/><\/a>\n\t\t\t\t<\/dt>\n\t\t\t\t\t<dd class='wp-caption-text gallery-caption' id='gallery-5-421410'>\n\t\t\t\t\t30 NOVEMBRE AL SOLITO POSTO\n\t\t\t\t\t<\/dd><\/dl><dl class='gallery-item'>\n\t\t\t\t<dt class='gallery-icon portrait'>\n\t\t\t\t\t<a class=\"rollover rollover-zoom dt-pswp-item\" title=\"Senza nome\" data-dt-img-description=\"\" data-large_image_width=\"609\" data-large_image_height=\"690\"href='https:\/\/www.radiopiu.net\/wordpress\/wp-content\/uploads\/2024\/11\/Senza-nome-105.png'><img loading=\"lazy\" decoding=\"async\" width=\"150\" height=\"150\" src=\"https:\/\/www.radiopiu.net\/wordpress\/wp-content\/uploads\/2024\/11\/Senza-nome-105-150x150.png\" class=\"attachment-thumbnail size-thumbnail\" alt=\"\" aria-describedby=\"gallery-5-421384\" \/><\/a>\n\t\t\t\t<\/dt>\n\t\t\t\t\t<dd class='wp-caption-text gallery-caption' id='gallery-5-421384'>\n\t\t\t\t\tGRUPPO SPORTIVO TAIBON\n\t\t\t\t\t<\/dd><\/dl><br style=\"clear: both\" \/><dl class='gallery-item'>\n\t\t\t\t<dt class='gallery-icon portrait'>\n\t\t\t\t\t<a class=\"rollover rollover-zoom dt-pswp-item\" title=\"Comeunaregina\" data-dt-img-description=\"\" data-large_image_width=\"1440\" data-large_image_height=\"2033\"href='https:\/\/www.radiopiu.net\/wordpress\/wp-content\/uploads\/2024\/11\/Comeunaregina.jpeg'><img loading=\"lazy\" decoding=\"async\" width=\"150\" height=\"150\" src=\"https:\/\/www.radiopiu.net\/wordpress\/wp-content\/uploads\/2024\/11\/Comeunaregina-150x150.jpeg\" class=\"attachment-thumbnail size-thumbnail\" alt=\"\" aria-describedby=\"gallery-5-421498\" \/><\/a>\n\t\t\t\t<\/dt>\n\t\t\t\t\t<dd class='wp-caption-text gallery-caption' id='gallery-5-421498'>\n\t\t\t\t\tA SANTA GIUSTINA\n\t\t\t\t\t<\/dd><\/dl>\n\t\t\t\t<br style='clear: both' \/>\n\t\t\t<\/div>\n\n<\/div>\n<\/div>\n<\/div>\n<p>&nbsp;<\/p>\n<p>&nbsp;<\/p>\n<div>\n<div class=\"\" dir=\"auto\">\n<div id=\":r9h:\" class=\"x1iorvi4 x1pi30zi x1l90r2v x1swvt13\" data-ad-comet-preview=\"message\" data-ad-preview=\"message\"><\/div>\n<\/div>\n<\/div>\n<p>&nbsp;<\/p>\n<hr \/>\n<p>&nbsp;<\/p>\n<p class=\"mceTemp\"><a class=\"dt-pswp-item\" href=\"https:\/\/www.radiopiu.net\/wordpress\/wp-content\/uploads\/2018\/09\/WhatsApp-Image-2018-09-20-at-16.04.06.jpeg\" data-dt-img-description=\"\" data-large_image_width=\"800\" data-large_image_height=\"100\"><img loading=\"lazy\" decoding=\"async\" class=\"wp-image-61378 size-full aligncenter\" src=\"https:\/\/www.radiopiu.net\/wordpress\/wp-content\/uploads\/2018\/09\/WhatsApp-Image-2018-09-20-at-16.04.06.jpeg\" alt=\"\" width=\"800\" height=\"100\" srcset=\"https:\/\/www.radiopiu.net\/wordpress\/wp-content\/uploads\/2018\/09\/WhatsApp-Image-2018-09-20-at-16.04.06.jpeg 800w, https:\/\/www.radiopiu.net\/wordpress\/wp-content\/uploads\/2018\/09\/WhatsApp-Image-2018-09-20-at-16.04.06-300x38.jpeg 300w, https:\/\/www.radiopiu.net\/wordpress\/wp-content\/uploads\/2018\/09\/WhatsApp-Image-2018-09-20-at-16.04.06-768x96.jpeg 768w\" sizes=\"auto, (max-width: 800px) 100vw, 800px\" \/><\/a><\/p>\n<p><center><\/center><center><\/center><center><b>\u00a0<\/b><\/center><center><b>OGGI<\/b><\/center>Cielo irregolarmente nuvoloso per la formazione di nubi basse durante le ore fredde e per il transito di nubi medio alte, con eventuali fenomeni molto modesti. Clima umido e tipicamente autunnale.<br \/>\n<b>Precipitazioni: <\/b>Sulle Prealpi possibili deboli precipitazioni e a carattere intermittente, mentre sulle Dolomiti saranno pi\u00f9 sporadiche.<br \/>\n<b>Temperature: <\/b>Nelle valli minime senza notevoli variazioni o in lieve aumento, massime in lieve diminuzione; attenuazione dell&#8217;inversione termica e modesta escursione termica giornaliera.<\/p>\n<hr \/>\n<p><center><b>DOMANI<\/b><\/center>Tempo variabile con cielo in prevalenza nuvoloso molto nuvoloso e tratti di leggera instabilit\u00e0 alternati a qualche parziale e temporanea schiarita, in un contesto umido favorevole alla formazione di nubi basse e di foschie nelle ore fredde in molte valli.<br \/>\n<b>Precipitazioni: <\/b>Possibili precipitazioni da locali a sparse di entit\u00e0 molto scarsa o del tutto assenti<br \/>\n<b>Temperature: <\/b>Senza variazioni di rilievo, salvo un lieve calo delle massime in alta montagna. Escursione termica giornaliera ancora contenuta.<\/p>\n<hr \/>\n<p><center><b>GIOVEDI<\/b><\/center>Tempo variabile con annuvolamenti e qualche schiarita e fenomeni generalmente assenti, anche se non sar\u00e0 del tutto esclusa qualche modesta precipitazione, specie verso sera, in un contesto in prevalenza ancora molto umido adatto alla formazione di nubi basse nelle ore fredde in molte valli. Temperature minime in generale diminuzione, massime senza notevoli variazioni nelle valli, in lieve aumento in alta montagna.<\/p>\n<hr \/>\n<p><center><b>VENERDI<\/b><\/center>Tempo stabile, soleggiato e fenomeni assenti con aria asiutta e ottima visibilit\u00e0 a tutte le quote. Temperature in diminuzione.<\/p>\n<p>&nbsp;<\/p>\n<hr \/>\n<p>&nbsp;<\/p>\n<p>&nbsp;<\/p>\n<p class=\"mceTemp\"><a class=\"dt-pswp-item\" href=\"https:\/\/www.radiopiu.net\/wordpress\/wp-content\/uploads\/2018\/09\/sport.jpg\" data-dt-img-description=\"\" data-large_image_width=\"800\" data-large_image_height=\"100\"><img loading=\"lazy\" decoding=\"async\" class=\"aligncenter wp-image-60761 size-full\" src=\"https:\/\/www.radiopiu.net\/wordpress\/wp-content\/uploads\/2018\/09\/sport.jpg\" alt=\"\" width=\"800\" height=\"100\" srcset=\"https:\/\/www.radiopiu.net\/wordpress\/wp-content\/uploads\/2018\/09\/sport.jpg 800w, https:\/\/www.radiopiu.net\/wordpress\/wp-content\/uploads\/2018\/09\/sport-300x38.jpg 300w, https:\/\/www.radiopiu.net\/wordpress\/wp-content\/uploads\/2018\/09\/sport-768x96.jpg 768w\" sizes=\"auto, (max-width: 800px) 100vw, 800px\" \/><\/a><span style=\"color: #0000ff;\"><strong>\u00a0 \u00a0 \u00a0 \u00a0 \u00a0 \u00a0 \u00a0\u00a0<\/strong><\/span><\/p>\n<p><span style=\"color: #0000ff;\"><strong>HOCKEY SU GHIACCIO<\/strong><\/span><\/p>\n<blockquote>\n<h3>GIOVANILI ALLEGHE HOCKEY: BENE L&#8217;UNDER 19 E 14. SCONFITTA PER L&#8217;UNDER 16<\/h3>\n<\/blockquote>\n<p><strong><a class=\"dt-pswp-item\" href=\"https:\/\/www.radiopiu.net\/wordpress\/wp-content\/uploads\/2023\/01\/hockey.jpg\" data-dt-img-description=\"\" data-large_image_width=\"1920\" data-large_image_height=\"1280\"><img loading=\"lazy\" decoding=\"async\" class=\" wp-image-315616 alignleft\" src=\"https:\/\/www.radiopiu.net\/wordpress\/wp-content\/uploads\/2023\/01\/hockey-300x200.jpg\" alt=\"\" width=\"204\" height=\"136\" srcset=\"https:\/\/www.radiopiu.net\/wordpress\/wp-content\/uploads\/2023\/01\/hockey-300x200.jpg 300w, https:\/\/www.radiopiu.net\/wordpress\/wp-content\/uploads\/2023\/01\/hockey-1024x683.jpg 1024w, https:\/\/www.radiopiu.net\/wordpress\/wp-content\/uploads\/2023\/01\/hockey-768x512.jpg 768w, https:\/\/www.radiopiu.net\/wordpress\/wp-content\/uploads\/2023\/01\/hockey-1536x1024.jpg 1536w, https:\/\/www.radiopiu.net\/wordpress\/wp-content\/uploads\/2023\/01\/hockey.jpg 1920w\" sizes=\"auto, (max-width: 204px) 100vw, 204px\" \/><\/a>DI MARCO GAZ<\/strong><\/p>\n<p><span style=\"color: #ff0000;\"><strong>UNDER 19<\/strong><\/span><\/p>\n<p><strong>BRESSANONE\/VIPITENO &#8211; CORTINA\/ALLEGHE 1-6<\/strong><\/p>\n<p>Ottima prestazione dei giovani Under 19 della squadra mista bellunese che in terra altoatesina superano facilmente il Bressanone\/Vipiteno. Solo una rete subita dal Cortina\/Alleghe dopo una sfida giocata alla pari e ben gestita dai ragazzi bellunesi che hanno saputo essere pi\u00f9 concreti sotto porta rispetto agli avversari. Nel primo tempo Constantini e Viel vanno a segno. Accorciano gli altoatesini ma il Cortina\/Alleghe chiude la sfida con 4 gol: una doppietta di Zandegiacomo, ancora Viel e Apollonio.<\/p>\n<p><span style=\"color: #ff0000;\"><strong>UNDER 16<\/strong><\/span><\/p>\n<p><strong>CORTINA\/DOBBIACO &#8211; APPIANO 1-3<\/strong><\/p>\n<p>Arriva una sconfitta nella prima sfida del Master Round per il Cortina\/Dobbiaco dove militano anche giocatori alleghesi. Niente da fare per i giovani under 16 che all&#8217;Olimpico di Cortina vengono superati dall&#8217;Appiano. Unica rete per i padroni di casa a firma di Wierer.<\/p>\n<p><span style=\"color: #ff0000;\"><strong>UNDER 14<\/strong><\/span><\/p>\n<p><strong>ZOLDO &#8211; ALLEGHE\/CORTINA 2-8<\/strong><\/p>\n<p>Bella vittoria per la squadra mista bellunese nel derby contro lo Zoldo. L&#8217;Alleghe\/Cortina incamera 3 punti importanti in terra zoldana vincendo tutti e tre i parziali. Una sfida a senso unico che conferma la seconda posizione in classifica per le civettine<\/p>\n<p>&nbsp;<\/p>\n<p><span style=\"color: #0000ff;\"><strong>NUOTO PARALIMPICO<\/strong><\/span><\/p>\n<blockquote>\n<h3>BELLETTI E DAL PAOS BRILLANO AGLI ASSOLUTI DI NUOTO PARALIMPICO: 4 PODI IN 5 GARE<\/h3>\n<\/blockquote>\n<p><strong><a class=\"dt-pswp-item\" href=\"https:\/\/www.radiopiu.net\/wordpress\/wp-content\/uploads\/2024\/11\/Belletti_e_Dal_Paos_a_Livorno.jpg\" data-dt-img-description=\"\" data-large_image_width=\"1536\" data-large_image_height=\"2048\"><img loading=\"lazy\" decoding=\"async\" class=\" wp-image-421457 alignleft\" src=\"https:\/\/www.radiopiu.net\/wordpress\/wp-content\/uploads\/2024\/11\/Belletti_e_Dal_Paos_a_Livorno-225x300.jpg\" alt=\"\" width=\"107\" height=\"143\" srcset=\"https:\/\/www.radiopiu.net\/wordpress\/wp-content\/uploads\/2024\/11\/Belletti_e_Dal_Paos_a_Livorno-225x300.jpg 225w, https:\/\/www.radiopiu.net\/wordpress\/wp-content\/uploads\/2024\/11\/Belletti_e_Dal_Paos_a_Livorno-768x1024.jpg 768w, https:\/\/www.radiopiu.net\/wordpress\/wp-content\/uploads\/2024\/11\/Belletti_e_Dal_Paos_a_Livorno-1152x1536.jpg 1152w, https:\/\/www.radiopiu.net\/wordpress\/wp-content\/uploads\/2024\/11\/Belletti_e_Dal_Paos_a_Livorno.jpg 1536w\" sizes=\"auto, (max-width: 107px) 100vw, 107px\" \/><\/a>BELLUNO\u00a0<\/strong>La piscina &#8220;La Bastia \u2013 Massimo Rosi&#8221; di Livorno ha ospitato i Campionati italiani assoluti di nuoto paralimpico in vasca corta, dove Daniela Belletti ed Eleonora Dal Paos della Sportivamente Belluno hanno brillato. Belletti ha conquistato il bronzo nei 50 stile libero (1\u201940\u201d68) e ha migliorato i suoi tempi anche nei 50 dorso (1\u201940\u201d10). Dal Paos si \u00e8 distinta con tre medaglie: oro nei 50 dorso (1\u201912\u201d14), bronzo nei 50 stile (1\u201919\u201d43) e argento nei 100 stile (2\u201943\u201d52). Il bilancio complessivo &#8211; quattro podi su cinque gare &#8211; \u00e8 stato accolto con soddisfazione dal tecnico Silvia Casagrande. Ora l\u2019attenzione si sposta al Meeting internazionale di Brescia, il 15 dicembre, in vasca lunga. Lo sport paralimpico bellunese continua a ispirare, superando i confini della piscina.<\/p>\n<p>&nbsp;<\/p>\n","protected":false},"excerpt":{"rendered":"<p>***** &nbsp; LA\u00a0 APP PER IOS-IPHONE di Nicola Vettorello https:\/\/apps.apple.com\/it\/app\/radio-pi%C3%B9-emittente-agordina\/id1515939845 LA\u00a0 APP RADIO\u00a0 PER ANDROID di Nicola Vettorello https:\/\/play.google.com\/store\/apps\/details?id=net.radiopiu.iniko\u00a0\u00a0\u00a0 &nbsp; &nbsp; &nbsp; OGGI ALLA RADIO&#8230;. ALLE 4 E ALLE 6 LE NOTIZIE DALL&#8217;ITALIA E DAL MONDO 0500 l&#8217;almanacco della nostra gente con il MUSLA\u00a0 6.15 PIROLE DE LENGA A CURA DEL MUSLA 7.20 EL BAL&hellip;<\/p>\n","protected":false},"author":4,"featured_media":421483,"comment_status":"closed","ping_status":"closed","sticky":false,"template":"","format":"standard","meta":{"_monsterinsights_skip_tracking":false,"_monsterinsights_sitenote_active":false,"_monsterinsights_sitenote_note":"","_monsterinsights_sitenote_category":0,"footnotes":""},"categories":[51,86,49],"tags":[],"class_list":["post-421321","post","type-post","status-publish","format-standard","has-post-thumbnail","hentry","category-evidenza-top","category-gr","category-news-18","category-51","category-86","category-49","description-off"],"img_url":"https:\/\/www.radiopiu.net\/wordpress\/wp-content\/uploads\/2024\/11\/aa0db32a-f2b4-41b8-a89e-fc82615f6477.jpg","_links":{"self":[{"href":"https:\/\/www.radiopiu.net\/wordpress\/wp-json\/wp\/v2\/posts\/421321","targetHints":{"allow":["GET"]}}],"collection":[{"href":"https:\/\/www.radiopiu.net\/wordpress\/wp-json\/wp\/v2\/posts"}],"about":[{"href":"https:\/\/www.radiopiu.net\/wordpress\/wp-json\/wp\/v2\/types\/post"}],"author":[{"embeddable":true,"href":"https:\/\/www.radiopiu.net\/wordpress\/wp-json\/wp\/v2\/users\/4"}],"replies":[{"embeddable":true,"href":"https:\/\/www.radiopiu.net\/wordpress\/wp-json\/wp\/v2\/comments?post=421321"}],"version-history":[{"count":30,"href":"https:\/\/www.radiopiu.net\/wordpress\/wp-json\/wp\/v2\/posts\/421321\/revisions"}],"predecessor-version":[{"id":421615,"href":"https:\/\/www.radiopiu.net\/wordpress\/wp-json\/wp\/v2\/posts\/421321\/revisions\/421615"}],"wp:featuredmedia":[{"embeddable":true,"href":"https:\/\/www.radiopiu.net\/wordpress\/wp-json\/wp\/v2\/media\/421483"}],"wp:attachment":[{"href":"https:\/\/www.radiopiu.net\/wordpress\/wp-json\/wp\/v2\/media?parent=421321"}],"wp:term":[{"taxonomy":"category","embeddable":true,"href":"https:\/\/www.radiopiu.net\/wordpress\/wp-json\/wp\/v2\/categories?post=421321"},{"taxonomy":"post_tag","embeddable":true,"href":"https:\/\/www.radiopiu.net\/wordpress\/wp-json\/wp\/v2\/tags?post=421321"}],"curies":[{"name":"wp","href":"https:\/\/api.w.org\/{rel}","templated":true}]}}