{"id":421422,"date":"2024-11-25T10:41:59","date_gmt":"2024-11-25T09:41:59","guid":{"rendered":"https:\/\/www.radiopiu.net\/wordpress\/?p=421422"},"modified":"2024-11-26T06:06:19","modified_gmt":"2024-11-26T05:06:19","slug":"violenza-donne-gallego-procura-belluno-costi-sociali-altissimi-ora-abbiamo-piu-strumenti","status":"publish","type":"post","link":"https:\/\/www.radiopiu.net\/wordpress\/violenza-donne-gallego-procura-belluno-costi-sociali-altissimi-ora-abbiamo-piu-strumenti\/","title":{"rendered":"VIOLENZA DONNE, GALLEGO (PROCURA BELLUNO) \u201cCOSTI SOCIALI ALTISSIMI, ORA ABBIAMO PIU\u2019 STRUMENTI\u201d"},"content":{"rendered":"<p>In una lunga intervista realizzata da Synlab\u00a0 per la \u201cGiornata internazionale per l\u2019eliminazione della violenza contro le donne\u201d il magistrato bellunese affronta il tema dal punto di vista sociale e dei costi in termini di salute<\/p>\n<p>&nbsp;<\/p>\n<p><iframe loading=\"lazy\" title=\"Intervista Dr ssaGallego 25 11\" width=\"1200\" height=\"675\" src=\"https:\/\/www.youtube.com\/embed\/OIvRL7RIFoo?feature=oembed\" frameborder=\"0\" allow=\"accelerometer; autoplay; clipboard-write; encrypted-media; gyroscope; picture-in-picture; web-share\" referrerpolicy=\"strict-origin-when-cross-origin\" allowfullscreen><\/iframe><\/p>\n<p>&nbsp;<\/p>\n<hr \/>\n<p>&nbsp;<\/p>\n<p><img loading=\"lazy\" decoding=\"async\" class=\"alignleft\" src=\"https:\/\/www.radiopiu.net\/wordpress\/wp-content\/uploads\/2024\/11\/Senza-nome-106.png\" width=\"320\" height=\"176\" \/>\u201cQuando si parla di violenza bisogna farlo partendo dall\u2019evoluzione del concetto di salute passato da una sua identit\u00e0 in negativo, assenza di malattia, ad una sua costruzione in positivo, ovvero uno stato di benessere psicofisico\u00a0 e realizzazione emotiva e fisiologica, che la giurisprudenza riconosce agli individui nel nome del principio costituzionale dell\u2019articolo 32, la garanzia del diritto alla salute\u201d lo ha affermato la dottoressa Roberta Gallego, Sostituto Procuratore presso la Procura della Repubblica di Belluno, in un\u2019intervista esclusiva realizzata in occasione del 25 novembre \u201cGiornata internazionale per l\u2019eliminazione della violenza contro le donne\u201d.<\/p>\n<p>L\u2019iniziativa \u00e8 stata fortemente voluta da Synlab per sensibilizzare pazienti e collaboratori.<\/p>\n<p>In tutti i punti prelievo e centri polidiagnostici sar\u00e0 esposto un Qr code grazie al quale sar\u00e0 possibile scaricare e ascoltare l\u2019intervista.<\/p>\n<p>\u201cAbbiamo voluto dare un segnale forte per cercare di dare il nostro contributo \u2013 spiega Cesare Gallorini, responsabile area Nord Est di Synlab &#8211;\u00a0 e il video ha l\u2019obiettivo di sensibilizzare quante pi\u00f9 persone possibile. La dottoressa Gallego ha ricordato come questa tematica investa la salute di migliaia di donne, siamo consapevoli di ci\u00f2 e vogliamo fare la nostra parte\u201d.<\/p>\n<p><a class=\"dt-pswp-item\" href=\"https:\/\/www.radiopiu.net\/wordpress\/wp-content\/uploads\/2024\/11\/Senza-nome-107.png\" data-dt-img-description=\"\" data-large_image_width=\"681\" data-large_image_height=\"525\"><img loading=\"lazy\" decoding=\"async\" class=\"size-medium wp-image-421424 alignleft\" src=\"https:\/\/www.radiopiu.net\/wordpress\/wp-content\/uploads\/2024\/11\/Senza-nome-107-300x231.png\" alt=\"\" width=\"300\" height=\"231\" srcset=\"https:\/\/www.radiopiu.net\/wordpress\/wp-content\/uploads\/2024\/11\/Senza-nome-107-300x231.png 300w, https:\/\/www.radiopiu.net\/wordpress\/wp-content\/uploads\/2024\/11\/Senza-nome-107.png 681w\" sizes=\"auto, (max-width: 300px) 100vw, 300px\" \/><\/a>Gallego nella lunga intervista ha ricordato come \u201cLa violenza diventa tale quando questa condotta \u00e8 in grado di comprimere, aggredire e compromettere la salute intesa come benessere psicofisico dell\u2019individuo. Violenza che non \u00e8 solo fisica ma anche emotiva, psicologica ed economica\u201d. \u201cIl massimo comune denominatore della maggior parte dei casi\u00a0di violenza domestica\u2013 spiega il Sostituto Procuratore di Belluno \u2013 \u00e8 che la vittima \u00e8 infungibile, la violenza dunque viene perpetrata spesso e volentieri non da un estraneo ma da un soggetto che ha gi\u00e0 una relazione con la vittima,\u00a0spesso affettiva. In questo caso purtroppo avremo una\u00a0persona offesa\u00a0che\u00a0potrebbe avere\u00a0difficolt\u00e0 a chiedere aiuto perch\u00e9 possono esserci dei meccanismi\u00a0sociologici, emotivi o psicologici che fanno da detraente\u201d. Per la dottoressa Gallego \u201cLa riforma Cartabia,\u00a0unitamente agli interventi normativi degli ultimi anni, dalla legge n. 38 del 2009 in avanti, \u00a0ha introdotto degli elementi importanti. Per esempio ora possiamo procedere d\u2019ufficio in tutte le situazioni in cui la vittima risulta vulnerabile per et\u00e0 o infermit\u00e0\u00a0anche per delitti che prima si perseguivano solo a querela di parte.\u00a0Questo consente all\u2019Autorit\u00e0 Giudiziaria di procedere anche nonostante la mancata \u00a0istanza della vittima\u201d.<\/p>\n<p>\u201cUn altro vantaggio derivante\u00a0dagli aggiornamenti normativi\u00a0sono sicuramente i tempi \u2013 continua Gallego \u2013 con, per esempio, tre giorni a disposizione dell\u2019autorit\u00e0 giudiziaria per sentire una donna vittima di violenza, con la videoregistrazione e con l\u2019ausilio di un esperto psicologo, e i trenta giorni per chiedere eventuali misure cautelari per i carnefici. Ricordo poi che, a differenza di altri reati, per lo stalking \u00e8 possibile proporre querela a sei mesi dai fatti mentre per la violenza sessuale si arriva a un anno dai fatti.\u00a0Sono aumentate poi le possibilit\u00e0 di procedere a bonificare d\u2019urgenza una situazione pericolosa attraverso gli strumenti dell\u2019arresto in differita e dell\u2019allontanamento immediato dall\u2019abitazione familiare\u201d. \u201cE\u2019 necessario poi un cambio di mentalit\u00e0 rispetto alla violenza domestica che va intesa non pi\u00f9 come fatto puramente privatistico ma come problema sociale \u2013 conclude Gallego \u2013 perch\u00e9\u00a0pu\u00f2 generare\u00a0patologie depressive, dipendenza da alcol fino ad arrivare a atti autolesionistici, bulimia e anoressia, con dei costi sociali, in termini di salute, troppo alti\u201d.<\/p>\n","protected":false},"excerpt":{"rendered":"<p>In una lunga intervista realizzata da Synlab\u00a0 per la \u201cGiornata internazionale per l\u2019eliminazione della violenza contro le donne\u201d il magistrato bellunese affronta il tema dal punto di vista sociale e dei costi in termini di salute &nbsp; &nbsp; &nbsp; \u201cQuando si parla di violenza bisogna farlo partendo dall\u2019evoluzione del concetto di salute passato da una&hellip;<\/p>\n","protected":false},"author":4,"featured_media":421423,"comment_status":"closed","ping_status":"closed","sticky":false,"template":"","format":"standard","meta":{"_monsterinsights_skip_tracking":false,"_monsterinsights_sitenote_active":false,"_monsterinsights_sitenote_note":"","_monsterinsights_sitenote_category":0,"footnotes":""},"categories":[104,49],"tags":[],"class_list":["post-421422","post","type-post","status-publish","format-standard","has-post-thumbnail","hentry","category-evidenza_3","category-news-18","category-104","category-49","description-off"],"img_url":"https:\/\/www.radiopiu.net\/wordpress\/wp-content\/uploads\/2024\/11\/Senza-nome-106.png","_links":{"self":[{"href":"https:\/\/www.radiopiu.net\/wordpress\/wp-json\/wp\/v2\/posts\/421422","targetHints":{"allow":["GET"]}}],"collection":[{"href":"https:\/\/www.radiopiu.net\/wordpress\/wp-json\/wp\/v2\/posts"}],"about":[{"href":"https:\/\/www.radiopiu.net\/wordpress\/wp-json\/wp\/v2\/types\/post"}],"author":[{"embeddable":true,"href":"https:\/\/www.radiopiu.net\/wordpress\/wp-json\/wp\/v2\/users\/4"}],"replies":[{"embeddable":true,"href":"https:\/\/www.radiopiu.net\/wordpress\/wp-json\/wp\/v2\/comments?post=421422"}],"version-history":[{"count":1,"href":"https:\/\/www.radiopiu.net\/wordpress\/wp-json\/wp\/v2\/posts\/421422\/revisions"}],"predecessor-version":[{"id":421425,"href":"https:\/\/www.radiopiu.net\/wordpress\/wp-json\/wp\/v2\/posts\/421422\/revisions\/421425"}],"wp:featuredmedia":[{"embeddable":true,"href":"https:\/\/www.radiopiu.net\/wordpress\/wp-json\/wp\/v2\/media\/421423"}],"wp:attachment":[{"href":"https:\/\/www.radiopiu.net\/wordpress\/wp-json\/wp\/v2\/media?parent=421422"}],"wp:term":[{"taxonomy":"category","embeddable":true,"href":"https:\/\/www.radiopiu.net\/wordpress\/wp-json\/wp\/v2\/categories?post=421422"},{"taxonomy":"post_tag","embeddable":true,"href":"https:\/\/www.radiopiu.net\/wordpress\/wp-json\/wp\/v2\/tags?post=421422"}],"curies":[{"name":"wp","href":"https:\/\/api.w.org\/{rel}","templated":true}]}}