{"id":421482,"date":"2024-11-25T17:49:43","date_gmt":"2024-11-25T16:49:43","guid":{"rendered":"https:\/\/www.radiopiu.net\/wordpress\/?p=421482"},"modified":"2024-11-26T06:06:43","modified_gmt":"2024-11-26T05:06:43","slug":"larma-dei-carabinieri-contro-la-violenza-sulle-donne-3","status":"publish","type":"post","link":"https:\/\/www.radiopiu.net\/wordpress\/larma-dei-carabinieri-contro-la-violenza-sulle-donne-3\/","title":{"rendered":"L\u2019ARMA DEI CARABINIERI CONTRO LA VIOLENZA SULLE DONNE"},"content":{"rendered":"<p>*******<\/p>\n<p>&nbsp;<\/p>\n<p><strong><a class=\"dt-pswp-item\" href=\"https:\/\/www.radiopiu.net\/wordpress\/wp-content\/uploads\/2024\/11\/aa0db32a-f2b4-41b8-a89e-fc82615f6477.jpg\" data-dt-img-description=\"\" data-large_image_width=\"2000\" data-large_image_height=\"2000\"><img loading=\"lazy\" decoding=\"async\" class=\" wp-image-421483 alignleft\" src=\"https:\/\/www.radiopiu.net\/wordpress\/wp-content\/uploads\/2024\/11\/aa0db32a-f2b4-41b8-a89e-fc82615f6477-300x300.jpg\" alt=\"\" width=\"185\" height=\"185\" srcset=\"https:\/\/www.radiopiu.net\/wordpress\/wp-content\/uploads\/2024\/11\/aa0db32a-f2b4-41b8-a89e-fc82615f6477-300x300.jpg 300w, https:\/\/www.radiopiu.net\/wordpress\/wp-content\/uploads\/2024\/11\/aa0db32a-f2b4-41b8-a89e-fc82615f6477-1024x1024.jpg 1024w, https:\/\/www.radiopiu.net\/wordpress\/wp-content\/uploads\/2024\/11\/aa0db32a-f2b4-41b8-a89e-fc82615f6477-150x150.jpg 150w, https:\/\/www.radiopiu.net\/wordpress\/wp-content\/uploads\/2024\/11\/aa0db32a-f2b4-41b8-a89e-fc82615f6477-768x768.jpg 768w, https:\/\/www.radiopiu.net\/wordpress\/wp-content\/uploads\/2024\/11\/aa0db32a-f2b4-41b8-a89e-fc82615f6477-1536x1536.jpg 1536w, https:\/\/www.radiopiu.net\/wordpress\/wp-content\/uploads\/2024\/11\/aa0db32a-f2b4-41b8-a89e-fc82615f6477.jpg 2000w\" sizes=\"auto, (max-width: 185px) 100vw, 185px\" \/><\/a>BELLUNO<\/strong> \u201cL\u2019impegno contro la violenza sulle donne \u00e8 e deve essere corale, coerente e costante\u201d questa la sintesi del messaggio del Comandante Provinciale dei Carabinieri di Belluno. \u201cIl tema della violenza sulle donne \u00e8, purtroppo, di stringente attualit\u00e0. Si tratta di un fenomeno che permane, anche nella nostra provincia, e impone una grande attenzione, non solo per tutti gli operatori che lo devono contrastare, ma direi per tutti i cittadini. \u00c8 la societ\u00e0 intera che, unita, pu\u00f2 sconfiggere un fenomeno che si radica, purtroppo, in una educazione malata alla socialit\u00e0 e al rapporto con l\u2019altro, che non riesce ancora a creare uno stigma chiaro: il rifiuto da tutti condiviso di certi comportamenti, sul nascere, il cambiamento di approccio a certe condotte di minor rispetto delle libert\u00e0 dell\u2019altro, \u00e8 ci\u00f2 su cui dobbiamo puntare tutti, partendo dalle pi\u00f9 giovani generazioni, cui dobbiamo fornire modelli veri e credibili di uomini, in contrasto a certi messaggi scorretti di cosa \u00e8 l\u2019amore e l\u2019affettivit\u00e0\u201d. In occasione del 25 novembre, \u201cGiornata internazionale per l\u2019eliminazione della violenza contro le donne\u201d, in adesione alla campagna internazionale \u201cOrange the World\u201d, le caserme dei Carabinieri di Belluno, Feltre e Cortina d\u2019Ampezzo si colorano di arancione per rafforzare, con un gesto simbolico che vuole essere rappresentazione del concreto impegno di ogni giorno dell\u2019Arma, la consapevolezza sull\u2019importanza del delicato tema. Ogni giorno gli uomini e le donne dell\u2019Arma sono in prima linea nella lotta alla violenza contro le donne e le iniziative intraprese sono tutte accomunate dall\u2019obiettivo di contrastare qualsiasi forma di comportamento violento o discriminante, ma anche di promuovere una coscienza civile che si informi al principio del rispetto, quale base dei rapporti tra le persone. Negli ultimi anni sono stati moltissimi i progetti seguiti nella provincia di Belluno dall\u2019Arma, sostenendo tutte le campagne e iniziative promosse dalla Prefettura cos\u00ec come da altre associazioni presenti sul territorio, come l\u2019AULSS 1 Dolomiti e Soroptimist International, con la possibilit\u00e0 di incontrare peraltro molti giovani, grazie agli incontri sulla legalit\u00e0 svolti nelle suole, con il coordinamento dell\u2019Ufficio Scolastico Provinciale. <a class=\"dt-pswp-item\" href=\"https:\/\/www.radiopiu.net\/wordpress\/wp-content\/uploads\/2024\/11\/479dd769-a4b4-42e1-a001-2a005408489a.jpg\" data-dt-img-description=\"\" data-large_image_width=\"1600\" data-large_image_height=\"1200\"><img loading=\"lazy\" decoding=\"async\" class=\" wp-image-421484 alignright\" src=\"https:\/\/www.radiopiu.net\/wordpress\/wp-content\/uploads\/2024\/11\/479dd769-a4b4-42e1-a001-2a005408489a-300x225.jpg\" alt=\"\" width=\"264\" height=\"198\" srcset=\"https:\/\/www.radiopiu.net\/wordpress\/wp-content\/uploads\/2024\/11\/479dd769-a4b4-42e1-a001-2a005408489a-300x225.jpg 300w, https:\/\/www.radiopiu.net\/wordpress\/wp-content\/uploads\/2024\/11\/479dd769-a4b4-42e1-a001-2a005408489a-1024x768.jpg 1024w, https:\/\/www.radiopiu.net\/wordpress\/wp-content\/uploads\/2024\/11\/479dd769-a4b4-42e1-a001-2a005408489a-768x576.jpg 768w, https:\/\/www.radiopiu.net\/wordpress\/wp-content\/uploads\/2024\/11\/479dd769-a4b4-42e1-a001-2a005408489a-1536x1152.jpg 1536w, https:\/\/www.radiopiu.net\/wordpress\/wp-content\/uploads\/2024\/11\/479dd769-a4b4-42e1-a001-2a005408489a.jpg 1600w\" sizes=\"auto, (max-width: 264px) 100vw, 264px\" \/><\/a>Crescente \u00e8 stato l\u2019impegno dell\u2019Arma nell\u2019attuare anche iniziative di supporto alle attivit\u00e0 di contrasto al fenomeno, realizzando, con il preziosissimo contributo di Soroptimist International \u2013 Club di Belluno e Feltre, due stanze presso le Caserme dei Carabinieri di Belluno e di Feltre denominate \u201cUna stanza tutta per s\u00e9\u201d, in grado di accogliere adeguatamente le vittime vulnerabili e dotate di strumenti tecnologici utili per l\u2019ascolto delle vittime di violenza domestica e di genere e la verbalizzazione delle denunce in un contesto assolutamente riservato. Progetto che si \u00e8 ulteriormente ampliato, recentemente, con la donazione da parte del Club Belluno-Feltre di Soroptimist International di due valigette dotate di un kit informatico audio-video portatile, rendendo pi\u00f9 facile il lavoro dei Carabinieri. Inoltre, uomini e donne dell\u2019Arma di Belluno, appositamente selezionati, sono stati formati, attraverso specifici e articolati corsi, alla trattazione della delicata materia, fornendo loro gli indispensabili aggiornamenti non solo sulla normativa ma anche sulle migliori prassi per accogliere, ascoltare e supportare le donne vittime di violenza. La loro preparazione \u00e8 stata assicurata tramite corsi svolti presso l\u2019Istituto Superiore di Tecniche Investigative (ISTI) dell\u2019Arma, che, dal 2008, provvede alla specializzazione degli ufficiali di polizia giudiziaria e li abilita alla conduzione delle indagini pi\u00f9 complesse e all\u2019uso di sofisticati strumenti, coniugando innovativi metodi didattici e contenuti formativi aggiornati. Un vero e proprio laboratorio di cultura investigativa in cui converge l\u2019apporto delle pi\u00f9 qualificate risorse dell\u2019Arma. Ad oggi, a livello nazionale, sono stati svolti 36 corsi, che hanno consentito di formare 864 operatori. A integrare questa formazione, nella provincia di Belluno i Carabinieri hanno ampliato la propria rete di militari formati sulla materia, coinvolgendo gli specializzati dell\u2019Arma e formando militari di tutte le Stazioni sul territorio, ma anche svolgendo incontri di aggiornamento con il preziosissimo contributo della Dott.ssa Roberta Gallego, Procuratore Capo f.f. della Procura di Belluno, che in pi\u00f9 occasioni ha incontrato tutti i Comandanti delle Stazioni e delle Compagnie Carabinieri della provincia di Belluno, per affrontare nel dettaglio il fenomeno e fornendo indicazioni utili a sviluppare le attivit\u00e0 dell\u2019Arma. Dall\u2019inizio dell\u2019anno i Carabinieri della provincia di Belluno hanno svolto oltre 163 indagini su fenomeni di violenza sulle donne: maltrattamenti in famiglia e atti persecutori hanno rappresentato i delitti con maggiore incidenza. Molte centinaia di ore di colloqui e oltre 140 audizioni protette svolte utilizzando le cosiddette \u201cstanze tutte per s\u00e9\u201d. Sono state denunciate pi\u00f9 di 105 persone ed eseguite oltre 80 misure cautelari e di sicurezza. Oltre 30 i provvedimenti di divieto di avvicinamento alle vittime e pi\u00f9 di 10 <a class=\"dt-pswp-item\" href=\"https:\/\/www.radiopiu.net\/wordpress\/wp-content\/uploads\/2024\/11\/ff7908c6-2656-4118-a89a-44f9fd1b487f.jpg\" data-dt-img-description=\"\" data-large_image_width=\"1425\" data-large_image_height=\"1069\"><img loading=\"lazy\" decoding=\"async\" class=\" wp-image-421485 alignleft\" src=\"https:\/\/www.radiopiu.net\/wordpress\/wp-content\/uploads\/2024\/11\/ff7908c6-2656-4118-a89a-44f9fd1b487f-300x225.jpg\" alt=\"\" width=\"216\" height=\"162\" srcset=\"https:\/\/www.radiopiu.net\/wordpress\/wp-content\/uploads\/2024\/11\/ff7908c6-2656-4118-a89a-44f9fd1b487f-300x225.jpg 300w, https:\/\/www.radiopiu.net\/wordpress\/wp-content\/uploads\/2024\/11\/ff7908c6-2656-4118-a89a-44f9fd1b487f-1024x768.jpg 1024w, https:\/\/www.radiopiu.net\/wordpress\/wp-content\/uploads\/2024\/11\/ff7908c6-2656-4118-a89a-44f9fd1b487f-768x576.jpg 768w, https:\/\/www.radiopiu.net\/wordpress\/wp-content\/uploads\/2024\/11\/ff7908c6-2656-4118-a89a-44f9fd1b487f.jpg 1425w\" sizes=\"auto, (max-width: 216px) 100vw, 216px\" \/><\/a>quelli di allontanamento dalla casa familiare. 40 i braccialetti elettronici applicati dall\u2019inizio dell\u2019anno per condotte collegate a reati cosiddetti di \u201ccodice rosso\u201d. \u201cSi tratta di dati che devono fare riflettere\u201d commenta il Comandante Provinciale \u201cma dobbiamo ricordare sempre che dietro ai numeri ci sono delle persone e spesso altre che indirettamente subiscono gli effetti di questi odiosi crimini. E non dobbiamo sottovalutare che in questo fenomeno, come in altri, potrebbe esserci un sommerso, un dato oscuro che non appare ancora. Il nostro invito resta allora sempre lo stesso. Non abbiate paura, rivolgetevi con fiducia alle Istituzioni, alle nostre Stazioni per chiedere aiuto e denunciare, cos\u00ec facendo un primo, coraggioso passo per riprendervi la vostra libert\u00e0. Noi possiamo aiutarvi\u201d.<\/p>\n<p>&nbsp;<\/p>\n<p>&nbsp;<\/p>\n<p>&nbsp;<\/p>\n<p>*******<\/p>\n","protected":false},"excerpt":{"rendered":"<p>******* &nbsp; BELLUNO \u201cL\u2019impegno contro la violenza sulle donne \u00e8 e deve essere corale, coerente e costante\u201d questa la sintesi del messaggio del Comandante Provinciale dei Carabinieri di Belluno. \u201cIl tema della violenza sulle donne \u00e8, purtroppo, di stringente attualit\u00e0. Si tratta di un fenomeno che permane, anche nella nostra provincia, e impone una grande&hellip;<\/p>\n","protected":false},"author":4,"featured_media":421484,"comment_status":"closed","ping_status":"closed","sticky":false,"template":"","format":"standard","meta":{"_monsterinsights_skip_tracking":false,"_monsterinsights_sitenote_active":false,"_monsterinsights_sitenote_note":"","_monsterinsights_sitenote_category":0,"footnotes":""},"categories":[104,49],"tags":[],"class_list":["post-421482","post","type-post","status-publish","format-standard","has-post-thumbnail","hentry","category-evidenza_3","category-news-18","category-104","category-49","description-off"],"img_url":"https:\/\/www.radiopiu.net\/wordpress\/wp-content\/uploads\/2024\/11\/479dd769-a4b4-42e1-a001-2a005408489a.jpg","_links":{"self":[{"href":"https:\/\/www.radiopiu.net\/wordpress\/wp-json\/wp\/v2\/posts\/421482","targetHints":{"allow":["GET"]}}],"collection":[{"href":"https:\/\/www.radiopiu.net\/wordpress\/wp-json\/wp\/v2\/posts"}],"about":[{"href":"https:\/\/www.radiopiu.net\/wordpress\/wp-json\/wp\/v2\/types\/post"}],"author":[{"embeddable":true,"href":"https:\/\/www.radiopiu.net\/wordpress\/wp-json\/wp\/v2\/users\/4"}],"replies":[{"embeddable":true,"href":"https:\/\/www.radiopiu.net\/wordpress\/wp-json\/wp\/v2\/comments?post=421482"}],"version-history":[{"count":1,"href":"https:\/\/www.radiopiu.net\/wordpress\/wp-json\/wp\/v2\/posts\/421482\/revisions"}],"predecessor-version":[{"id":421486,"href":"https:\/\/www.radiopiu.net\/wordpress\/wp-json\/wp\/v2\/posts\/421482\/revisions\/421486"}],"wp:featuredmedia":[{"embeddable":true,"href":"https:\/\/www.radiopiu.net\/wordpress\/wp-json\/wp\/v2\/media\/421484"}],"wp:attachment":[{"href":"https:\/\/www.radiopiu.net\/wordpress\/wp-json\/wp\/v2\/media?parent=421482"}],"wp:term":[{"taxonomy":"category","embeddable":true,"href":"https:\/\/www.radiopiu.net\/wordpress\/wp-json\/wp\/v2\/categories?post=421482"},{"taxonomy":"post_tag","embeddable":true,"href":"https:\/\/www.radiopiu.net\/wordpress\/wp-json\/wp\/v2\/tags?post=421482"}],"curies":[{"name":"wp","href":"https:\/\/api.w.org\/{rel}","templated":true}]}}