{"id":421501,"date":"2024-11-25T18:19:38","date_gmt":"2024-11-25T17:19:38","guid":{"rendered":"https:\/\/www.radiopiu.net\/wordpress\/?p=421501"},"modified":"2024-11-25T18:19:38","modified_gmt":"2024-11-25T17:19:38","slug":"quando-il-disagio-si-protrae-troppo","status":"publish","type":"post","link":"https:\/\/www.radiopiu.net\/wordpress\/quando-il-disagio-si-protrae-troppo\/","title":{"rendered":"QUANDO IL DISAGIO SI PROTRAE TROPPO"},"content":{"rendered":"<p>*******<\/p>\n<p>&nbsp;<\/p>\n<p><strong><a class=\"dt-pswp-item\" href=\"https:\/\/www.radiopiu.net\/wordpress\/wp-content\/uploads\/2023\/08\/fibra-ottica.jpg\" data-dt-img-description=\"\" data-large_image_width=\"1280\" data-large_image_height=\"848\"><img loading=\"lazy\" decoding=\"async\" class=\" wp-image-347053 alignleft\" src=\"https:\/\/www.radiopiu.net\/wordpress\/wp-content\/uploads\/2023\/08\/fibra-ottica-300x199.jpg\" alt=\"\" width=\"216\" height=\"143\" srcset=\"https:\/\/www.radiopiu.net\/wordpress\/wp-content\/uploads\/2023\/08\/fibra-ottica-300x199.jpg 300w, https:\/\/www.radiopiu.net\/wordpress\/wp-content\/uploads\/2023\/08\/fibra-ottica-1024x678.jpg 1024w, https:\/\/www.radiopiu.net\/wordpress\/wp-content\/uploads\/2023\/08\/fibra-ottica-768x509.jpg 768w, https:\/\/www.radiopiu.net\/wordpress\/wp-content\/uploads\/2023\/08\/fibra-ottica.jpg 1280w\" sizes=\"auto, (max-width: 216px) 100vw, 216px\" \/><\/a>DI CLAUDIO PRA<\/strong><\/p>\n<p>Da qualche anno l&#8217;Agordino si \u00e8 trasformato nella patria dei cantieri, vuoi per l&#8217;eredit\u00e0 di Vaia, per l&#8217;ampliamento della fibra e della rete del gas, per la sicurezza di ponti e cavalcavia, per la messa in sicurezza di versanti franosi ecc. ecc. Una infinit\u00e0 di lavori che se da un lato fanno piacere dall&#8217;altro creano un disagio prolungato che mette in difficolt\u00e0 un territorio che si aggrappa alla Strada Regionale 203 Agordina per non rimanere isolato. La conformazione delle nostre valli non permette infatti grandi alternative se non a prezzo di aggiramenti lunghi e disagevoli, cosa che vale per tutte le strade agordine. Cos\u00ec se una via di comunicazione \u00e8 interessata da lavori si rimane sostanzialmente senza alternative, con tutto ci\u00f2 che ne consegue, obbligando, se va bene, a fare la coda ai semafori magari tre quattro volte in pochi chilometri. Semafori spesso tarati approssimativamente che prolungano la sosta, gi\u00e0 poco gradita, ben oltre il lecito. Il risultato \u00e8 che per raggiungere il posto di lavoro o l&#8217;ospedale, per sbrigare incombenze o solo poter transitare per raggiungere la propria destinazione, si sa quando si parte ma non si sa quando si arriva. Un&#8217;autentica odissea. Come premesso i lavori importanti vanno logicamente eseguiti, magari con una miglior programmazione. Tutti credo capiscano che i miglioramenti comportano dei disagi e che dotarsi di sana pazienza \u00e8 cosa buona e giusta. Ma quando il disagio diventa la norma per un tempo infinito il miglioramento non viene nemmeno percepito, mentre rimane il solo disagio che mette in grande difficolt\u00e0 le genti agordine.<\/p>\n<p>&nbsp;<\/p>\n<p>&nbsp;<\/p>\n<p>******<\/p>\n","protected":false},"excerpt":{"rendered":"<p>******* &nbsp; DI CLAUDIO PRA Da qualche anno l&#8217;Agordino si \u00e8 trasformato nella patria dei cantieri, vuoi per l&#8217;eredit\u00e0 di Vaia, per l&#8217;ampliamento della fibra e della rete del gas, per la sicurezza di ponti e cavalcavia, per la messa in sicurezza di versanti franosi ecc. ecc. Una infinit\u00e0 di lavori che se da un&hellip;<\/p>\n","protected":false},"author":4,"featured_media":347053,"comment_status":"closed","ping_status":"closed","sticky":false,"template":"","format":"standard","meta":{"_monsterinsights_skip_tracking":false,"_monsterinsights_sitenote_active":false,"_monsterinsights_sitenote_note":"","_monsterinsights_sitenote_category":0,"footnotes":""},"categories":[49],"tags":[],"class_list":["post-421501","post","type-post","status-publish","format-standard","has-post-thumbnail","hentry","category-news-18","category-49","description-off"],"img_url":"https:\/\/www.radiopiu.net\/wordpress\/wp-content\/uploads\/2023\/08\/fibra-ottica.jpg","_links":{"self":[{"href":"https:\/\/www.radiopiu.net\/wordpress\/wp-json\/wp\/v2\/posts\/421501","targetHints":{"allow":["GET"]}}],"collection":[{"href":"https:\/\/www.radiopiu.net\/wordpress\/wp-json\/wp\/v2\/posts"}],"about":[{"href":"https:\/\/www.radiopiu.net\/wordpress\/wp-json\/wp\/v2\/types\/post"}],"author":[{"embeddable":true,"href":"https:\/\/www.radiopiu.net\/wordpress\/wp-json\/wp\/v2\/users\/4"}],"replies":[{"embeddable":true,"href":"https:\/\/www.radiopiu.net\/wordpress\/wp-json\/wp\/v2\/comments?post=421501"}],"version-history":[{"count":1,"href":"https:\/\/www.radiopiu.net\/wordpress\/wp-json\/wp\/v2\/posts\/421501\/revisions"}],"predecessor-version":[{"id":421502,"href":"https:\/\/www.radiopiu.net\/wordpress\/wp-json\/wp\/v2\/posts\/421501\/revisions\/421502"}],"wp:featuredmedia":[{"embeddable":true,"href":"https:\/\/www.radiopiu.net\/wordpress\/wp-json\/wp\/v2\/media\/347053"}],"wp:attachment":[{"href":"https:\/\/www.radiopiu.net\/wordpress\/wp-json\/wp\/v2\/media?parent=421501"}],"wp:term":[{"taxonomy":"category","embeddable":true,"href":"https:\/\/www.radiopiu.net\/wordpress\/wp-json\/wp\/v2\/categories?post=421501"},{"taxonomy":"post_tag","embeddable":true,"href":"https:\/\/www.radiopiu.net\/wordpress\/wp-json\/wp\/v2\/tags?post=421501"}],"curies":[{"name":"wp","href":"https:\/\/api.w.org\/{rel}","templated":true}]}}