{"id":421536,"date":"2024-11-27T05:43:30","date_gmt":"2024-11-27T04:43:30","guid":{"rendered":"https:\/\/www.radiopiu.net\/wordpress\/?p=421536"},"modified":"2024-11-27T08:33:37","modified_gmt":"2024-11-27T07:33:37","slug":"giornale-radiopiu-27-novembre-2024-direttore-mirko-mezzacasada-41-anni-25-giugno-1983-25-giugno-2024","status":"publish","type":"post","link":"https:\/\/www.radiopiu.net\/wordpress\/giornale-radiopiu-27-novembre-2024-direttore-mirko-mezzacasada-41-anni-25-giugno-1983-25-giugno-2024\/","title":{"rendered":"GIORNALE RADIOPIU 27 NOVEMBRE 2024 DIRETTORE MIRKO MEZZACASA\u2026DA 41 ANNI 25 GIUGNO 1983-25 GIUGNO 2024"},"content":{"rendered":"<p>*****<\/p>\n<p>&nbsp;<\/p>\n<p><em><span style=\"color: #ff0000;\"><a class=\"dt-pswp-item\" href=\"https:\/\/www.radiopiu.net\/wordpress\/wp-content\/uploads\/2024\/10\/Senza-nome-8.png\" data-dt-img-description=\"\" data-large_image_width=\"343\" data-large_image_height=\"303\"><img loading=\"lazy\" decoding=\"async\" class=\"wp-image-412130 alignleft\" src=\"https:\/\/www.radiopiu.net\/wordpress\/wp-content\/uploads\/2024\/10\/Senza-nome-8-300x265.png\" alt=\"\" width=\"105\" height=\"93\" srcset=\"https:\/\/www.radiopiu.net\/wordpress\/wp-content\/uploads\/2024\/10\/Senza-nome-8-300x265.png 300w, https:\/\/www.radiopiu.net\/wordpress\/wp-content\/uploads\/2024\/10\/Senza-nome-8.png 343w\" sizes=\"auto, (max-width: 105px) 100vw, 105px\" \/><\/a><\/span><\/em><strong><em><span style=\"color: #ff0000;\"> LA\u00a0 APP PER IOS-IPHONE di Nicola Vettorello<\/span><\/em><\/strong><\/p>\n<p><strong><span style=\"color: #0000ff;\"><a style=\"color: #0000ff;\" href=\"https:\/\/apps.apple.com\/it\/app\/radio-pi%C3%B9-emittente-agordina\/id1515939845\">https:\/\/apps.apple.com\/it\/app\/radio-pi%C3%B9-emittente-agordina\/id1515939845<\/a><\/span><\/strong><\/p>\n<p><strong><em style=\"color: #ff0000;\">LA\u00a0 APP RADIO\u00a0 PER ANDROID di Nicola Vettorello<\/em><\/strong><\/p>\n<p><strong><span style=\"color: #0000ff;\"><a style=\"color: #0000ff;\" href=\"https:\/\/play.google.com\/store\/apps\/details?id=net.radiopiu.iniko\" target=\"_blank\" rel=\"noopener noreferrer\">https:\/\/<\/a><a style=\"color: #0000ff;\" href=\"https:\/\/play.google.com\/store\/apps\/details?id=net.radiopiu.iniko\" target=\"_blank\" rel=\"noopener noreferrer\">play.google.com\/store\/apps\/details?id=net.radiopiu.iniko\u00a0\u00a0\u00a0<\/a><\/span><\/strong><\/p>\n<p>&nbsp;<\/p>\n<p>&nbsp;<\/p>\n<hr \/>\n<p>&nbsp;<\/p>\n<p>&nbsp;<\/p>\n<p><span style=\"color: #ff0000;\"><a class=\"dt-pswp-item\" href=\"https:\/\/www.radiopiu.net\/wordpress\/wp-content\/uploads\/2024\/11\/WhatsApp-Image-2024-11-25-at-12.16.50.jpeg\" data-dt-img-description=\"\" data-large_image_width=\"493\" data-large_image_height=\"702\"><img loading=\"lazy\" decoding=\"async\" class=\"wp-image-421692 alignleft\" src=\"https:\/\/www.radiopiu.net\/wordpress\/wp-content\/uploads\/2024\/11\/WhatsApp-Image-2024-11-25-at-12.16.50-211x300.jpeg\" alt=\"\" width=\"98\" height=\"139\" srcset=\"https:\/\/www.radiopiu.net\/wordpress\/wp-content\/uploads\/2024\/11\/WhatsApp-Image-2024-11-25-at-12.16.50-211x300.jpeg 211w, https:\/\/www.radiopiu.net\/wordpress\/wp-content\/uploads\/2024\/11\/WhatsApp-Image-2024-11-25-at-12.16.50.jpeg 493w\" sizes=\"auto, (max-width: 98px) 100vw, 98px\" \/><\/a>OGGI A RADIO PIU&#8217;&#8230; TRA L&#8217;ALTRO:\u00a0 <\/span>\u00a0<strong>ALLE 900<\/strong> LIBER DI LIANA CAVALLET (FOTO) <strong>10.10<\/strong> CISL LA VOCE PER I LAVORATORI, CON ALESSIO PICCOLI, <strong>10.30<\/strong> SE NON LA SMETTI TI MANDO DAL PRESIDE, CON LA PROF. MARIA ROSA SALMAZO, <strong>13.10<\/strong>\u00a0 SABATO L&#8217;APERTURA DELLA STAGIONA NELLA SKI AREA SAN PALLEGRINO, NE PARLIAMO CON MIRCO TANCON <strong>14.00<\/strong> LA CLASSIFICA UFFICIALE DI RADIO PIU&#8217; CON MARCO GAZ <strong>15.10<\/strong> MIKY E MARINA, DALLA NEVEGAL TOUR AMAZING CALENDAR, QUARTA PUNTATA<\/p>\n<p>&nbsp;<\/p>\n<p><strong>rassegna stampa nazionale,<\/strong> ogni giorno alle 5 e alle 6 del mattino. Giornali locali 7 r<span style=\"color: #0000ff;\">assegna stampa flash<\/span>, 8 Rassegna stampa, gr flash alle 10 e alle 11, Principale 12.30<span style=\"color: #ff0000;\">. Informazione pomeriggio ogni ora fino alle 20, in coda ai notiziari nazionali.<\/span> Giornale radio nazionale: ogni ora dalle 4 del mattino, alle 20 della sera. <span style=\"color: #800080;\">Alle 19 le anticipazioni dal TG di Antenna 3 di Tiziana Bolognani.<\/span><\/p>\n<p>&nbsp;<\/p>\n<p>&nbsp;<\/p>\n<hr \/>\n<p>&nbsp;<\/p>\n<p>&nbsp;<\/p>\n<div class=\"x11i5rnm xat24cr x1mh8g0r x1vvkbs xtlvy1s x126k92a\">\n<div dir=\"auto\">\n<div dir=\"auto\">\n<p><strong><a class=\"dt-pswp-item\" href=\"https:\/\/www.radiopiu.net\/wordpress\/wp-content\/uploads\/2024\/02\/2d44e751-d8a8-461b-8e22-d8e4e853b032.jpg\" data-dt-img-description=\"\" data-large_image_width=\"1600\" data-large_image_height=\"1200\"><img loading=\"lazy\" decoding=\"async\" class=\"wp-image-373307 alignleft\" src=\"https:\/\/www.radiopiu.net\/wordpress\/wp-content\/uploads\/2024\/02\/2d44e751-d8a8-461b-8e22-d8e4e853b032-300x225.jpg\" alt=\"\" width=\"105\" height=\"79\" srcset=\"https:\/\/www.radiopiu.net\/wordpress\/wp-content\/uploads\/2024\/02\/2d44e751-d8a8-461b-8e22-d8e4e853b032-300x225.jpg 300w, https:\/\/www.radiopiu.net\/wordpress\/wp-content\/uploads\/2024\/02\/2d44e751-d8a8-461b-8e22-d8e4e853b032-1024x768.jpg 1024w, https:\/\/www.radiopiu.net\/wordpress\/wp-content\/uploads\/2024\/02\/2d44e751-d8a8-461b-8e22-d8e4e853b032-768x576.jpg 768w, https:\/\/www.radiopiu.net\/wordpress\/wp-content\/uploads\/2024\/02\/2d44e751-d8a8-461b-8e22-d8e4e853b032-1536x1152.jpg 1536w, https:\/\/www.radiopiu.net\/wordpress\/wp-content\/uploads\/2024\/02\/2d44e751-d8a8-461b-8e22-d8e4e853b032.jpg 1600w\" sizes=\"auto, (max-width: 105px) 100vw, 105px\" \/><\/a>EL BAL DEL FIOR, DI GIULIANA DA RONCH, 27 NOVEMBRE<\/strong><strong>\u00a02024<\/strong><\/p>\n<\/div>\n<\/div>\n<\/div>\n<div><\/div>\n<div>\n<audio class=\"wp-audio-shortcode\" id=\"audio-421536-1\" preload=\"none\" style=\"width: 100%;\" controls=\"controls\"><source type=\"audio\/mpeg\" src=\"https:\/\/www.radiopiu.net\/wordpress\/wp-content\/uploads\/2024\/11\/GME-3.mp3?_=1\" \/><a href=\"https:\/\/www.radiopiu.net\/wordpress\/wp-content\/uploads\/2024\/11\/GME-3.mp3\">https:\/\/www.radiopiu.net\/wordpress\/wp-content\/uploads\/2024\/11\/GME-3.mp3<\/a><\/audio>\n<p>&nbsp;<\/p>\n<\/div>\n<hr \/>\n<p>&nbsp;<\/p>\n<p>&nbsp;<\/p>\n<div class=\"x11i5rnm xat24cr x1mh8g0r x1vvkbs xtlvy1s x126k92a\">\n<h1><span style=\"color: #ff0000;\"><a class=\"dt-pswp-item\" href=\"https:\/\/www.radiopiu.net\/wordpress\/wp-content\/uploads\/2024\/06\/th-5.jpg\" data-dt-img-description=\"\" data-large_image_width=\"326\" data-large_image_height=\"180\"><img loading=\"lazy\" decoding=\"async\" class=\"size-medium wp-image-395881 alignleft\" src=\"https:\/\/www.radiopiu.net\/wordpress\/wp-content\/uploads\/2024\/06\/th-5-300x166.jpg\" alt=\"\" width=\"300\" height=\"166\" srcset=\"https:\/\/www.radiopiu.net\/wordpress\/wp-content\/uploads\/2024\/06\/th-5-300x166.jpg 300w, https:\/\/www.radiopiu.net\/wordpress\/wp-content\/uploads\/2024\/06\/th-5.jpg 326w\" sizes=\"auto, (max-width: 300px) 100vw, 300px\" \/><\/a><\/span><\/h1>\n<h1><\/h1>\n<h1><\/h1>\n<h1><span style=\"color: #000000;\">27 NOVEMBRE&#8230; alla radio l&#8217;almanacco\u00a0<\/span><\/h1>\n<\/div>\n<div class=\"x11i5rnm xat24cr x1mh8g0r x1vvkbs xtlvy1s x126k92a\">\n<audio class=\"wp-audio-shortcode\" id=\"audio-421536-2\" preload=\"none\" style=\"width: 100%;\" controls=\"controls\"><source type=\"audio\/mpeg\" src=\"https:\/\/www.radiopiu.net\/wordpress\/wp-content\/uploads\/2024\/11\/ALMANACCONEW-21.mp3?_=2\" \/><a href=\"https:\/\/www.radiopiu.net\/wordpress\/wp-content\/uploads\/2024\/11\/ALMANACCONEW-21.mp3\">https:\/\/www.radiopiu.net\/wordpress\/wp-content\/uploads\/2024\/11\/ALMANACCONEW-21.mp3<\/a><\/audio>\n<p>&nbsp;<\/p>\n<p>&nbsp;<\/p>\n<hr \/>\n<p>&nbsp;<\/p>\n<p>&nbsp;<\/p>\n<blockquote>\n<h1><strong><a class=\"dt-pswp-item\" href=\"https:\/\/www.radiopiu.net\/wordpress\/wp-content\/uploads\/2024\/10\/629301fd-708d-4f53-95c2-d28cbefd500f.jpg\" data-dt-img-description=\"\" data-large_image_width=\"1600\" data-large_image_height=\"1322\"><img loading=\"lazy\" decoding=\"async\" class=\"wp-image-413782 alignright\" src=\"https:\/\/www.radiopiu.net\/wordpress\/wp-content\/uploads\/2024\/10\/629301fd-708d-4f53-95c2-d28cbefd500f-300x248.jpg\" alt=\"\" width=\"106\" height=\"88\" srcset=\"https:\/\/www.radiopiu.net\/wordpress\/wp-content\/uploads\/2024\/10\/629301fd-708d-4f53-95c2-d28cbefd500f-300x248.jpg 300w, https:\/\/www.radiopiu.net\/wordpress\/wp-content\/uploads\/2024\/10\/629301fd-708d-4f53-95c2-d28cbefd500f-1024x846.jpg 1024w, https:\/\/www.radiopiu.net\/wordpress\/wp-content\/uploads\/2024\/10\/629301fd-708d-4f53-95c2-d28cbefd500f-768x635.jpg 768w, https:\/\/www.radiopiu.net\/wordpress\/wp-content\/uploads\/2024\/10\/629301fd-708d-4f53-95c2-d28cbefd500f-1536x1269.jpg 1536w, https:\/\/www.radiopiu.net\/wordpress\/wp-content\/uploads\/2024\/10\/629301fd-708d-4f53-95c2-d28cbefd500f.jpg 1600w\" sizes=\"auto, (max-width: 106px) 100vw, 106px\" \/><\/a><\/strong><\/h1>\n<h1><strong><a class=\"dt-pswp-item\" href=\"https:\/\/www.radiopiu.net\/wordpress\/wp-content\/uploads\/2024\/11\/th-18.jpg\" data-dt-img-description=\"\" data-large_image_width=\"156\" data-large_image_height=\"180\"><img loading=\"lazy\" decoding=\"async\" class=\"size-full wp-image-421611 alignleft\" src=\"https:\/\/www.radiopiu.net\/wordpress\/wp-content\/uploads\/2024\/11\/th-18.jpg\" alt=\"\" width=\"156\" height=\"180\" \/><\/a><\/strong><\/h1>\n<h1><strong>N di parom &#8211; L Almanach de la nosta jent<\/strong><\/h1>\n<\/blockquote>\n<p>&nbsp;<\/p>\n<p>Le voci: Davide Conedera, Agordo, Michela Dell&#8217;Osbel, La Valle Agordina Simone Ganz, Falcade Veronica Lezuo, Colle Santa Lucia. La voce nella sigla \u00e8 di Giorgia Taio<\/p>\n<p>&nbsp;<\/p>\n<p><strong>LA PUNTATA DI OGGI, 27 NOVEMBRE<\/strong><\/p>\n<\/div>\n<div class=\"x11i5rnm xat24cr x1mh8g0r x1vvkbs xtlvy1s x126k92a\">\n<audio class=\"wp-audio-shortcode\" id=\"audio-421536-3\" preload=\"none\" style=\"width: 100%;\" controls=\"controls\"><source type=\"audio\/mpeg\" src=\"https:\/\/www.radiopiu.net\/wordpress\/wp-content\/uploads\/2024\/11\/AL3-2.mp3?_=3\" \/><a href=\"https:\/\/www.radiopiu.net\/wordpress\/wp-content\/uploads\/2024\/11\/AL3-2.mp3\">https:\/\/www.radiopiu.net\/wordpress\/wp-content\/uploads\/2024\/11\/AL3-2.mp3<\/a><\/audio>\n<p>&nbsp;<\/p>\n<div dir=\"auto\">\n<hr \/>\n<\/div>\n<\/div>\n<blockquote>\n<blockquote>\n<h1><span style=\"color: #ff0000;\">\u00a0<\/span><\/h1>\n<h1><span style=\"color: #ff0000;\">I podcast informativi del mattino &#8211; audio &#8211;\u00a0\u00a0<\/span><\/h1>\n<\/blockquote>\n<p><strong><a class=\"dt-pswp-item\" href=\"https:\/\/www.radiopiu.net\/wordpress\/wp-content\/uploads\/2024\/11\/6.jpg\" data-dt-img-description=\"\" data-large_image_width=\"177\" data-large_image_height=\"180\"><img loading=\"lazy\" decoding=\"async\" class=\"size-full wp-image-417911 alignleft\" src=\"https:\/\/www.radiopiu.net\/wordpress\/wp-content\/uploads\/2024\/11\/6.jpg\" alt=\"\" width=\"177\" height=\"180\" \/><\/a>LA RASSEGNA STAMPA NAZIONALE ALLA RADIO, OGNI GIORNO ALLE 5 E ALLE 6 DEL MATTINO <span style=\"color: #0000ff;\">viene pubblicata alle 6.00 <span style=\"color: #ff0000;\">DIRETTA RADIO\u00a0 \u00a0\u00a0<\/span><\/span><\/strong><\/p><\/blockquote>\n<p>&nbsp;<\/p>\n<p><strong>NOTIZIE DELLA NOTTE<\/strong><\/p>\n<p><strong>Al Jazeera,<\/strong> 4 morti dopo bombardamento di una scuola a Gaza <strong>Ft,<\/strong> ministro della Difesa cinese indagato per corruzione <strong>Guerra in Libano,<\/strong> entrato in vigore il cessate il fuoco<br \/>\n<strong>Trump<\/strong> nomina l&#8217;avvocato Jamieson Greer inviato per commercio <strong>Esercito israeliano<\/strong> intima evacuazione edifici a Beirut sud <strong>Hezbollah<\/strong>, lanciato droni su obiettivi militari a Tel Aviv <strong>Tre morti in raid israeliani<\/strong> su valichi confine con il Libano<\/p>\n<h2>AUDIO dalle 6 del mattino<\/h2>\n<audio class=\"wp-audio-shortcode\" id=\"audio-421536-4\" preload=\"none\" style=\"width: 100%;\" controls=\"controls\"><source type=\"audio\/mpeg\" src=\"https:\/\/www.radiopiu.net\/wordpress\/wp-content\/uploads\/2024\/11\/GIORNALEDELLESEI-19.mp3?_=4\" \/><a href=\"https:\/\/www.radiopiu.net\/wordpress\/wp-content\/uploads\/2024\/11\/GIORNALEDELLESEI-19.mp3\">https:\/\/www.radiopiu.net\/wordpress\/wp-content\/uploads\/2024\/11\/GIORNALEDELLESEI-19.mp3<\/a><\/audio>\n<p>&nbsp;<\/p>\n<p>&nbsp;<\/p>\n<p>&nbsp;<\/p>\n<hr \/>\n<p>&nbsp;<\/p>\n<h1 style=\"text-align: center;\"><span style=\"color: #ff0000;\"><a class=\"dt-pswp-item\" href=\"https:\/\/www.radiopiu.net\/wordpress\/wp-content\/uploads\/2024\/11\/7.jpg\" data-dt-img-description=\"\" data-large_image_width=\"180\" data-large_image_height=\"180\"><img loading=\"lazy\" decoding=\"async\" class=\"size-full wp-image-417912 alignleft\" src=\"https:\/\/www.radiopiu.net\/wordpress\/wp-content\/uploads\/2024\/11\/7.jpg\" alt=\"\" width=\"180\" height=\"180\" srcset=\"https:\/\/www.radiopiu.net\/wordpress\/wp-content\/uploads\/2024\/11\/7.jpg 180w, https:\/\/www.radiopiu.net\/wordpress\/wp-content\/uploads\/2024\/11\/7-150x150.jpg 150w\" sizes=\"auto, (max-width: 180px) 100vw, 180px\" \/><\/a>I podcast informativi del mattino &#8211; audio &#8211;\u00a0<\/span><\/h1>\n<p><strong>OGNI GIORNO ALLE SETTE DEL MATTINO, LA RASSEGNA STAMPA LOCALE FLASH&#8230; PER CHI VA IN FRETTA. I TITOLI DAI GIORNALI E DAL SITO WWW.RADIOPIU.NET <span style=\"color: #0000ff;\">viene pubblicato alle 7.00<\/span> <span style=\"color: #ff0000;\">DIRETTA RADIO\u00a0<\/span><\/strong><\/p>\n<p><em><span style=\"color: #ff0000;\">per chi va in fretta&#8230; tante notizie in pochi minuti. L&#8217;informazione locale alla radio, ogni ora dalle 7 del mattino alle 19 della sera.<\/span><\/em><\/p>\n<h1><\/h1>\n<h1>AUDIO dalle 7 del mattino<\/h1>\n<audio class=\"wp-audio-shortcode\" id=\"audio-421536-5\" preload=\"none\" style=\"width: 100%;\" controls=\"controls\"><source type=\"audio\/mpeg\" src=\"https:\/\/www.radiopiu.net\/wordpress\/wp-content\/uploads\/2024\/11\/GF07-22.mp3?_=5\" \/><a href=\"https:\/\/www.radiopiu.net\/wordpress\/wp-content\/uploads\/2024\/11\/GF07-22.mp3\">https:\/\/www.radiopiu.net\/wordpress\/wp-content\/uploads\/2024\/11\/GF07-22.mp3<\/a><\/audio>\n<p>&nbsp;<\/p>\n<p>&nbsp;<\/p>\n<p>&nbsp;<\/p>\n<hr \/>\n<p>&nbsp;<\/p>\n<h1><\/h1>\n<h1 style=\"text-align: center;\"><span style=\"color: #ff0000;\"><a class=\"dt-pswp-item\" href=\"https:\/\/www.radiopiu.net\/wordpress\/wp-content\/uploads\/2024\/11\/th.jpg\" data-dt-img-description=\"\" data-large_image_width=\"148\" data-large_image_height=\"179\"><img loading=\"lazy\" decoding=\"async\" class=\"size-full wp-image-417913 alignleft\" src=\"https:\/\/www.radiopiu.net\/wordpress\/wp-content\/uploads\/2024\/11\/th.jpg\" alt=\"\" width=\"148\" height=\"179\" \/><\/a>I podcast informativi del mattino &#8211; audio &#8211;\u00a0<\/span><\/h1>\n<blockquote><p><strong>GIORNALE RADIO NAZIONALE, EDIZIONE DELLE SETTE <span style=\"color: #0000ff;\">viene pubblicato alle 7.05 <span style=\"color: #ff0000;\">DIRETTA RADIO\u00a0<\/span><\/span><\/strong><\/p><\/blockquote>\n<p><strong>il giornale radionazionale e&#8217; in onda ogni ora, dalle sette del mattino alle venti della sera\u00a0 \u00a0<\/strong><strong>\u00a0<\/strong><\/p>\n<p><strong>TERRACINA<\/strong> A 93 anni uccide la moglie, anziano fermato <strong>MODENA<\/strong> Viene accerchiato da una baby gang e colpito in testa con una chiave\u00a0 <strong>ERCOLANO<\/strong> un fermo per omicidio e caporalato Tre giovani morti lavoravano in nero per 150-250 euro a settimana <strong>POTENZA<\/strong> Crolla una vetrata al palazzo di giustizia a Potenza, muore un operaio <strong>MILANO<\/strong> Roghi e cariche, notte di tensione per Ramy Elgaml<br \/>\n<strong>VENEZIA &#8216;<\/strong>Turetta non teme l&#8217;ergastolo, ma non \u00e8 Pablo Escobar&#8217; I legali: &#8216;Non c&#8217;\u00e8 premeditazione, giudicatelo secondo la legalit\u00e0&#8217;\u00a0 <strong>MILANO<\/strong> &#8216;Arsenale curva Nord&#8217;, resta in carcere l&#8217;ultr\u00e0 arrestato Disposta la custodia cautelare per Cristian Ferrario. Gip: &#8216;Escalation preoccupante&#8217;<\/p>\n<p><span style=\"color: #ff0000;\"><span style=\"color: #0000ff;\">CRONACA<\/span> EDIZIONE DELLA SERA , DEL 26 NOVEMBRE 2024 EDIZIONE DI IERI, 20.00<\/span><\/p>\n<audio class=\"wp-audio-shortcode\" id=\"audio-421536-6\" preload=\"none\" style=\"width: 100%;\" controls=\"controls\"><source type=\"audio\/mpeg\" src=\"https:\/\/www.radiopiu.net\/wordpress\/wp-content\/uploads\/2024\/11\/giornale07-42.mp3?_=6\" \/><a href=\"https:\/\/www.radiopiu.net\/wordpress\/wp-content\/uploads\/2024\/11\/giornale07-42.mp3\">https:\/\/www.radiopiu.net\/wordpress\/wp-content\/uploads\/2024\/11\/giornale07-42.mp3<\/a><\/audio>\n<p>&nbsp;<\/p>\n<p><span style=\"color: #ff0000;\"><span style=\"color: #0000ff;\">SPORT<\/span> EDIZIONE DELLE 19, DEL 26 NOVEMBRE 2024, LO SPORT EDIZIONE DI IERI<\/span><\/p>\n<audio class=\"wp-audio-shortcode\" id=\"audio-421536-7\" preload=\"none\" style=\"width: 100%;\" controls=\"controls\"><source type=\"audio\/mpeg\" src=\"https:\/\/www.radiopiu.net\/wordpress\/wp-content\/uploads\/2024\/11\/gr-sport-21.mp3?_=7\" \/><a href=\"https:\/\/www.radiopiu.net\/wordpress\/wp-content\/uploads\/2024\/11\/gr-sport-21.mp3\">https:\/\/www.radiopiu.net\/wordpress\/wp-content\/uploads\/2024\/11\/gr-sport-21.mp3<\/a><\/audio>\n<h2><\/h2>\n<h2><span style=\"color: #ff0000;\"><span style=\"color: #0000ff;\">ULTIM&#8217;ORA<\/span> AUDIO dalle sette del mattino, ogni ora alla radio EDIZIONE DELLE SETTE<\/span><\/h2>\n<audio class=\"wp-audio-shortcode\" id=\"audio-421536-8\" preload=\"none\" style=\"width: 100%;\" controls=\"controls\"><source type=\"audio\/mpeg\" src=\"https:\/\/www.radiopiu.net\/wordpress\/wp-content\/uploads\/2024\/11\/giornale07-43.mp3?_=8\" \/><a href=\"https:\/\/www.radiopiu.net\/wordpress\/wp-content\/uploads\/2024\/11\/giornale07-43.mp3\">https:\/\/www.radiopiu.net\/wordpress\/wp-content\/uploads\/2024\/11\/giornale07-43.mp3<\/a><\/audio>\n<p>&nbsp;<\/p>\n<p>&nbsp;<\/p>\n<p>&nbsp;<\/p>\n<hr \/>\n<p>&nbsp;<\/p>\n<p>&nbsp;<\/p>\n<h1><span style=\"color: #ff0000;\"><a class=\"dt-pswp-item\" href=\"https:\/\/www.radiopiu.net\/wordpress\/wp-content\/uploads\/2024\/11\/8.jpg\" data-dt-img-description=\"\" data-large_image_width=\"180\" data-large_image_height=\"180\"><img loading=\"lazy\" decoding=\"async\" class=\"size-full wp-image-417910 alignleft\" src=\"https:\/\/www.radiopiu.net\/wordpress\/wp-content\/uploads\/2024\/11\/8.jpg\" alt=\"\" width=\"180\" height=\"180\" srcset=\"https:\/\/www.radiopiu.net\/wordpress\/wp-content\/uploads\/2024\/11\/8.jpg 180w, https:\/\/www.radiopiu.net\/wordpress\/wp-content\/uploads\/2024\/11\/8-150x150.jpg 150w\" sizes=\"auto, (max-width: 180px) 100vw, 180px\" \/><\/a>I podcast informativi del mattino &#8211; video &#8211;\u00a0<\/span><\/h1>\n<h2 style=\"text-align: left;\"><strong>RASSEGNA STAMPA LOCALE, ORE OTTO<\/strong><\/h2>\n<h2><strong> <span style=\"color: #0000ff;\">viene\u00a0 <\/span><\/strong><strong><span style=\"color: #0000ff;\">pubblicata alle 8.05 <span style=\"color: #ff0000;\">DIRETTA RADIO\u00a0 \u00a0<\/span><\/span><\/strong><strong>DI MIRKO MEZZACASA<\/strong><\/h2>\n<h2><span style=\"color: #ff0000;\"><strong>\u00a0<\/strong><\/span><\/h2>\n<h2><span style=\"color: #ff0000;\"><strong>\u00a0<\/strong><\/span><\/h2>\n<h1><span style=\"color: #ff0000;\"><strong>VIDEO\u00a0 \u00a0in diretta dalle 8 del mattino\u00a0 \u00a0per ASCOLTARE <\/strong><\/span><\/h1>\n<blockquote>\n<h1 style=\"text-align: center;\"><a href=\"https:\/\/www.facebook.com\/radiopiu\/videos\/1306489554034467\">CLICCA QUI<\/a><\/h1>\n<\/blockquote>\n<p><a class=\"dt-pswp-item\" href=\"https:\/\/www.radiopiu.net\/wordpress\/wp-content\/uploads\/2024\/11\/coop1-1.png\" data-dt-img-description=\"\" data-large_image_width=\"602\" data-large_image_height=\"375\">\u00a0<\/a><\/p>\n\n\t\t\t<style type='text\/css'>\n\t\t\t\t#gallery-1 {\n\t\t\t\t\tmargin: auto;\n\t\t\t\t}\n\t\t\t\t#gallery-1 .gallery-item {\n\t\t\t\t\tfloat: left;\n\t\t\t\t\tmargin-top: 10px;\n\t\t\t\t\ttext-align: center;\n\t\t\t\t\twidth: 25%;\n\t\t\t\t}\n\t\t\t\t#gallery-1 img {\n\t\t\t\t\tborder: 2px solid #cfcfcf;\n\t\t\t\t}\n\t\t\t\t#gallery-1 .gallery-caption {\n\t\t\t\t\tmargin-left: 0;\n\t\t\t\t}\n\t\t\t\t\/* see gallery_shortcode() in wp-includes\/media.php *\/\n\t\t\t<\/style>\n\t\t<div id='gallery-1' class='dt-gallery-container gallery galleryid-421536 gallery-columns-4 gallery-size-thumbnail'><dl class='gallery-item'>\n\t\t\t\t<dt class='gallery-icon landscape'>\n\t\t\t\t\t<a class=\"rollover rollover-zoom dt-pswp-item\" title=\"COOP4\" data-dt-img-description=\"\" data-large_image_width=\"588\" data-large_image_height=\"311\"href='https:\/\/www.radiopiu.net\/wordpress\/wp-content\/uploads\/2024\/11\/COOP4-2.png'><img loading=\"lazy\" decoding=\"async\" width=\"150\" height=\"150\" src=\"https:\/\/www.radiopiu.net\/wordpress\/wp-content\/uploads\/2024\/11\/COOP4-2-150x150.png\" class=\"attachment-thumbnail size-thumbnail\" alt=\"\" \/><\/a>\n\t\t\t\t<\/dt><\/dl><dl class='gallery-item'>\n\t\t\t\t<dt class='gallery-icon landscape'>\n\t\t\t\t\t<a class=\"rollover rollover-zoom dt-pswp-item\" title=\"COOP2\" data-dt-img-description=\"\" data-large_image_width=\"489\" data-large_image_height=\"244\"href='https:\/\/www.radiopiu.net\/wordpress\/wp-content\/uploads\/2024\/11\/COOP2-10.png'><img loading=\"lazy\" decoding=\"async\" width=\"150\" height=\"150\" src=\"https:\/\/www.radiopiu.net\/wordpress\/wp-content\/uploads\/2024\/11\/COOP2-10-150x150.png\" class=\"attachment-thumbnail size-thumbnail\" alt=\"\" \/><\/a>\n\t\t\t\t<\/dt><\/dl><dl class='gallery-item'>\n\t\t\t\t<dt class='gallery-icon landscape'>\n\t\t\t\t\t<a class=\"rollover rollover-zoom dt-pswp-item\" title=\"COOP1\" data-dt-img-description=\"\" data-large_image_width=\"584\" data-large_image_height=\"336\"href='https:\/\/www.radiopiu.net\/wordpress\/wp-content\/uploads\/2024\/11\/COOP1-13.png'><img loading=\"lazy\" decoding=\"async\" width=\"150\" height=\"150\" src=\"https:\/\/www.radiopiu.net\/wordpress\/wp-content\/uploads\/2024\/11\/COOP1-13-150x150.png\" class=\"attachment-thumbnail size-thumbnail\" alt=\"\" \/><\/a>\n\t\t\t\t<\/dt><\/dl><dl class='gallery-item'>\n\t\t\t\t<dt class='gallery-icon landscape'>\n\t\t\t\t\t<a class=\"rollover rollover-zoom dt-pswp-item\" title=\"COOP3\" data-dt-img-description=\"\" data-large_image_width=\"535\" data-large_image_height=\"215\"href='https:\/\/www.radiopiu.net\/wordpress\/wp-content\/uploads\/2024\/11\/COOP3-6.png'><img loading=\"lazy\" decoding=\"async\" width=\"150\" height=\"150\" src=\"https:\/\/www.radiopiu.net\/wordpress\/wp-content\/uploads\/2024\/11\/COOP3-6-150x150.png\" class=\"attachment-thumbnail size-thumbnail\" alt=\"\" \/><\/a>\n\t\t\t\t<\/dt><\/dl><br style=\"clear: both\" \/>\n\t\t\t<\/div>\n\n<p>&nbsp;<\/p>\n<hr \/>\n<p>&nbsp;<\/p>\n<p>&nbsp;<\/p>\n<p><strong><a class=\"dt-pswp-item\" href=\"https:\/\/www.radiopiu.net\/wordpress\/wp-content\/uploads\/2023\/12\/ANTENNA.png\" data-dt-img-description=\"\" data-large_image_width=\"300\" data-large_image_height=\"166\"><img loading=\"lazy\" decoding=\"async\" class=\"wp-image-366306 alignright\" src=\"https:\/\/www.radiopiu.net\/wordpress\/wp-content\/uploads\/2023\/12\/ANTENNA.png\" alt=\"\" width=\"101\" height=\"56\" \/><\/a><a class=\"dt-pswp-item\" href=\"https:\/\/www.radiopiu.net\/wordpress\/wp-content\/uploads\/2024\/11\/th-17.jpg\" data-dt-img-description=\"\" data-large_image_width=\"224\" data-large_image_height=\"180\"><img loading=\"lazy\" decoding=\"async\" class=\" wp-image-421610 alignleft\" src=\"https:\/\/www.radiopiu.net\/wordpress\/wp-content\/uploads\/2024\/11\/th-17.jpg\" alt=\"\" width=\"167\" height=\"134\" \/><\/a>ogni sera alle 19 le anticipazioni alla radio, quello che poi seguirete nel TELEGIORNALE BELLUNESE\u00a0 in onda alle 19.30 sul CANALE 10 del digitale terrestre.\u00a0\u00a0<\/strong><\/p>\n<p>&nbsp;<\/p>\n<p>&nbsp;<\/p>\n<p><strong>LE ANTICIPAZIONI DAL TG DI ANTENNA 3 DI FABIO FIORAVANZI<\/strong><\/p>\n<audio class=\"wp-audio-shortcode\" id=\"audio-421536-9\" preload=\"none\" style=\"width: 100%;\" controls=\"controls\"><source type=\"audio\/mpeg\" src=\"https:\/\/www.radiopiu.net\/wordpress\/wp-content\/uploads\/2024\/11\/ANTENNA3-18.mp3?_=9\" \/><a href=\"https:\/\/www.radiopiu.net\/wordpress\/wp-content\/uploads\/2024\/11\/ANTENNA3-18.mp3\">https:\/\/www.radiopiu.net\/wordpress\/wp-content\/uploads\/2024\/11\/ANTENNA3-18.mp3<\/a><\/audio>\n<p>&nbsp;<\/p>\n<p>&nbsp;<\/p>\n<hr \/>\n<p>&nbsp;<\/p>\n<blockquote>\n<h3>LAVORI PROGRAMMATI BIM GSP<\/h3>\n<\/blockquote>\n<p><strong>AGORDO<\/strong> Oggi dalle 8 alle 17\u00a0 verr\u00e0 sospesa l\u2019erogazione dell\u2019acqua ad AGORDO, nelle Vie 5 MAGGIO 1848, CAMPO DEI FIORI, DOZZA e CALZON e in Vicolo 5 MAGGIO 1848.<\/p>\n<p>&nbsp;<\/p>\n<p>&nbsp;<\/p>\n<hr \/>\n<p>&nbsp;<\/p>\n<blockquote>\n<h2><a class=\"dt-pswp-item\" href=\"https:\/\/www.radiopiu.net\/wordpress\/wp-content\/uploads\/2024\/06\/taibon-framont-san-lucano2.jpg\" data-dt-img-description=\"\" data-large_image_width=\"1600\" data-large_image_height=\"1200\"><img loading=\"lazy\" decoding=\"async\" class=\"wp-image-396641 alignleft\" src=\"https:\/\/www.radiopiu.net\/wordpress\/wp-content\/uploads\/2024\/06\/taibon-framont-san-lucano2-300x225.jpg\" alt=\"\" width=\"139\" height=\"104\" srcset=\"https:\/\/www.radiopiu.net\/wordpress\/wp-content\/uploads\/2024\/06\/taibon-framont-san-lucano2-300x225.jpg 300w, https:\/\/www.radiopiu.net\/wordpress\/wp-content\/uploads\/2024\/06\/taibon-framont-san-lucano2-1024x768.jpg 1024w, https:\/\/www.radiopiu.net\/wordpress\/wp-content\/uploads\/2024\/06\/taibon-framont-san-lucano2-768x576.jpg 768w, https:\/\/www.radiopiu.net\/wordpress\/wp-content\/uploads\/2024\/06\/taibon-framont-san-lucano2-1536x1152.jpg 1536w, https:\/\/www.radiopiu.net\/wordpress\/wp-content\/uploads\/2024\/06\/taibon-framont-san-lucano2.jpg 1600w\" sizes=\"auto, (max-width: 139px) 100vw, 139px\" \/><\/a>203 AGORDINA: CHIUSURA DELLO SVINCOLO PER AGORDO<\/h2>\n<\/blockquote>\n<p><strong>TAIBON<\/strong> Fino al 29 novembre, in localit\u00e0 San Cipriano, interdizione totale della circolazione stradale della corsia di svincolo direzione sud\u00a0 per intervento realizzazione rete del gas. <strong>QUINDI PER AGORDO RIMANERE IN TANGENZIALE\u00a0\u00a0<\/strong><\/p>\n<p>&nbsp;<\/p>\n<p>&nbsp;<\/p>\n<hr \/>\n<p>&nbsp;<\/p>\n<blockquote>\n<h2>Bimba di Cortina colpita da Escherichia coli: torna a casa dopo una battaglia contro l\u2019infezione<\/h2>\n<\/blockquote>\n<p><strong>CORTINA<\/strong><\/p>\n<div class=\"group\/conversation-turn relative flex w-full min-w-0 flex-col agent-turn\">\n<div class=\"flex-col gap-1 md:gap-3\">\n<div class=\"flex max-w-full flex-col flex-grow\">\n<div class=\"min-h-8 text-message flex w-full flex-col items-end gap-2 whitespace-normal break-words [.text-message+&amp;]:mt-5\" dir=\"auto\" data-message-author-role=\"assistant\" data-message-id=\"a4afed5a-37b0-4945-ab8c-69b44c1bd1c2\" data-message-model-slug=\"gpt-4o\">\n<div class=\"flex w-full flex-col gap-1 empty:hidden first:pt-[3px]\">\n<div class=\"markdown prose w-full break-words dark:prose-invert dark\">\n<p><img loading=\"lazy\" decoding=\"async\" class=\"alignleft\" src=\"https:\/\/www.radiopiu.net\/wordpress\/wp-content\/uploads\/2024\/11\/508c2c1d-8260-4fc0-8053-cafcab876a1a-300x300.webp\" width=\"174\" height=\"174\" \/>\u00c8 tornata finalmente a casa a <strong>Cortina d\u2019Ampezzo<\/strong> la bambina di un anno che ha affrontato una seria infezione da <strong>Escherichia coli<\/strong>, probabilmente legata al consumo di un formaggio prodotto con latte crudo. La piccola, colpita da <strong>STEC<\/strong> (ShigaToxin-producing Escherichia coli), complicata da <strong>sindrome emolitico-uremica (SEU)<\/strong>, ha vissuto un calvario ospedaliero, con trasferimenti tra gli ospedali di <strong>San Candido<\/strong>, <strong>Brunico<\/strong>, <strong>Bolzano<\/strong> e, infine, la <strong>Nefrologia pediatrica di Padova<\/strong>, dove ha ricevuto le cure necessarie per stabilizzarsi.<\/p>\n<\/div>\n<\/div>\n<\/div>\n<\/div>\n<\/div>\n<\/div>\n<p><a class=\"dt-pswp-item\" href=\"https:\/\/www.radiopiu.net\/wordpress\/wp-content\/uploads\/2024\/11\/Senza-nome-113.png\" data-dt-img-description=\"\" data-large_image_width=\"317\" data-large_image_height=\"833\"><img loading=\"lazy\" decoding=\"async\" class=\"size-medium wp-image-421701 alignright\" src=\"https:\/\/www.radiopiu.net\/wordpress\/wp-content\/uploads\/2024\/11\/Senza-nome-113-114x300.png\" alt=\"\" width=\"114\" height=\"300\" srcset=\"https:\/\/www.radiopiu.net\/wordpress\/wp-content\/uploads\/2024\/11\/Senza-nome-113-114x300.png 114w, https:\/\/www.radiopiu.net\/wordpress\/wp-content\/uploads\/2024\/11\/Senza-nome-113.png 317w\" sizes=\"auto, (max-width: 114px) 100vw, 114px\" \/><\/a>La vicenda ha avuto inizio la scorsa settimana, quando l\u2019ospedale di Bolzano ha segnalato un caso di tossinfezione da STEC al Dipartimento di prevenzione dell\u2019ULSS 1 Dolomiti. Dopo una prima valutazione a San Candido e un aggravamento delle condizioni cliniche, la bambina \u00e8 stata trasferita a Padova per ricevere cure specialistiche. Grazie all\u2019intervento tempestivo, la piccola ha reagito positivamente alle cure e, luned\u00ec scorso, ha potuto lasciare l\u2019ospedale per tornare a casa.L\u2019infezione \u00e8 stata ricondotta al consumo di un lotto di formaggio trentino \u201cSaporito della Val di Fassa di Montagna\u201d, prodotto dal Caseificio sociale di Predazzo e Moena. Dopo il sequestro nel negozio di Cortina dove era stato acquistato, il Ministero della Salute ha disposto il ritiro e richiamo su scala nazionale. Le analisi condotte dal Laboratorio dell\u2019Istituto Zooprofilattico Sperimentale delle Venezie hanno confermato la presenza di STEC in un campione del formaggio. Questo prodotto, derivato da latte crudo non pastorizzato, pu\u00f2 talvolta contenere microorganismi patogeni, innocui per la maggior parte degli adulti ma potenzialmente molto pericolosi per i bambini, il cui sistema immunitario non \u00e8 ancora adeguatamente sviluppato.Interpellato sull&#8217;accaduto, il presidente del Caseificio sociale di Predazzo e Moena, Gianbattista Vanzo, ha dichiarato al Corriere delle Alpi: \u00abSappiamo del sequestro, ma al momento non abbiamo dettagli sulle motivazioni\u00bb.<\/p>\n<p>&nbsp;<\/p>\n<hr \/>\n<p>&nbsp;<\/p>\n<blockquote><p><strong>Cade dall\u2019impalcatura: impresario stabile ma grave, indagini in corso<\/strong><\/p><\/blockquote>\n<p><strong><a class=\"dt-pswp-item\" href=\"https:\/\/www.radiopiu.net\/wordpress\/wp-content\/uploads\/2024\/11\/Senza-nome-114.png\" data-dt-img-description=\"\" data-large_image_width=\"294\" data-large_image_height=\"248\"><img loading=\"lazy\" decoding=\"async\" class=\"wp-image-421702 alignleft\" src=\"https:\/\/www.radiopiu.net\/wordpress\/wp-content\/uploads\/2024\/11\/Senza-nome-114.png\" alt=\"\" width=\"172\" height=\"145\" \/><\/a>TREVISO_SEDICO<\/strong>\u00a0 Egzon Bekteshi, 29enne kosovaro, \u00e8 sempre ricoverato in terapia intensiva a Treviso, in gravissime condizioni,\u00a0 dopo una caduta di sette metri da un\u2019impalcatura a Roe Alte di Sedico. L\u2019incidente \u00e8 avvenuto luned\u00ec, provocando gravi politraumi. I carabinieri e lo Spisal indagano per accertare eventuali responsabilit\u00e0, inclusa la possibile mancata osservanza delle norme di sicurezza. Il responsabile della sicurezza potrebbe essere indagato per lesioni colpose. Si valuta se Bekteshi indossasse le protezioni necessarie e avesse completato la formazione obbligatoria. Secondo le prime ricostruzioni, l\u2019uomo ha perso l\u2019equilibrio mentre lavorava sul tetto di un capannone. Le testimonianze dei colleghi saranno cruciali per chiarire la dinamica e verificare eventuali imprudenze. Gli accertamenti continuano.<\/p>\n<p>&nbsp;<\/p>\n<hr \/>\n<p>&nbsp;<\/p>\n<div class=\"flex-shrink-0 flex flex-col relative items-end\">\n<div>\n<div class=\"pt-0\">\n<div class=\"gizmo-bot-avatar flex h-8 w-8 items-center justify-center overflow-hidden rounded-full\"><\/div>\n<\/div>\n<\/div>\n<\/div>\n<div class=\"group\/conversation-turn relative flex w-full min-w-0 flex-col agent-turn\">\n<div class=\"flex-col gap-1 md:gap-3\">\n<div class=\"flex max-w-full flex-col flex-grow\">\n<div class=\"min-h-8 text-message flex w-full flex-col items-end gap-2 whitespace-normal break-words [.text-message+&amp;]:mt-5\" dir=\"auto\" data-message-author-role=\"assistant\" data-message-id=\"5c9fc556-9c7d-4b66-8471-49af193980f0\" data-message-model-slug=\"gpt-4o\">\n<div class=\"flex w-full flex-col gap-1 empty:hidden first:pt-[3px]\">\n<div class=\"markdown prose w-full break-words dark:prose-invert dark\">\n<blockquote><p><strong><a class=\"dt-pswp-item\" href=\"https:\/\/www.radiopiu.net\/wordpress\/wp-content\/uploads\/2024\/11\/Senza-nome-115.png\" data-dt-img-description=\"\" data-large_image_width=\"288\" data-large_image_height=\"197\"><img loading=\"lazy\" decoding=\"async\" class=\"wp-image-421705 alignleft\" src=\"https:\/\/www.radiopiu.net\/wordpress\/wp-content\/uploads\/2024\/11\/Senza-nome-115.png\" alt=\"\" width=\"156\" height=\"107\" \/><\/a>Addio ad Angelo Grando, mecenate e anima generosa di Feltre<\/strong><\/p><\/blockquote>\n<p><strong>FELTRE<\/strong> Angelo Grando, originario di Rocca d\u2019Arsi\u00e9, \u00e8 scomparso in Australia lasciando un vuoto profondo a Feltre. Proprietario di palazzi storici, ospitava eventi cittadini e sosteneva il Palio e concerti.<\/p>\n<\/div>\n<\/div>\n<\/div>\n<\/div>\n<\/div>\n<\/div>\n<div class=\"group\/conversation-turn relative flex w-full min-w-0 flex-col agent-turn\">\n<div class=\"flex-col gap-1 md:gap-3\">\n<div class=\"flex max-w-full flex-col flex-grow\">\n<div class=\"min-h-8 text-message flex w-full flex-col items-end gap-2 whitespace-normal break-words [.text-message+&amp;]:mt-5\" dir=\"auto\" data-message-author-role=\"assistant\" data-message-id=\"a4afed5a-37b0-4945-ab8c-69b44c1bd1c2\" data-message-model-slug=\"gpt-4o\">\n<div class=\"flex w-full flex-col gap-1 empty:hidden first:pt-[3px]\">\n<div class=\"markdown prose w-full break-words dark:prose-invert dark\">\n<p>&nbsp;<\/p>\n<p>&nbsp;<\/p>\n<hr \/>\n<p>&nbsp;<\/p>\n<p>&nbsp;<\/p>\n<blockquote><p><strong><a class=\"dt-pswp-item\" href=\"https:\/\/www.radiopiu.net\/wordpress\/wp-content\/uploads\/2024\/08\/Belluno-giardino-Museo-Fulcis-002.jpg\" data-dt-img-description=\"\" data-large_image_width=\"1000\" data-large_image_height=\"750\"><img loading=\"lazy\" decoding=\"async\" class=\"wp-image-405811 alignleft\" src=\"https:\/\/www.radiopiu.net\/wordpress\/wp-content\/uploads\/2024\/08\/Belluno-giardino-Museo-Fulcis-002-300x225.jpg\" alt=\"\" width=\"192\" height=\"144\" srcset=\"https:\/\/www.radiopiu.net\/wordpress\/wp-content\/uploads\/2024\/08\/Belluno-giardino-Museo-Fulcis-002-300x225.jpg 300w, https:\/\/www.radiopiu.net\/wordpress\/wp-content\/uploads\/2024\/08\/Belluno-giardino-Museo-Fulcis-002-768x576.jpg 768w, https:\/\/www.radiopiu.net\/wordpress\/wp-content\/uploads\/2024\/08\/Belluno-giardino-Museo-Fulcis-002.jpg 1000w\" sizes=\"auto, (max-width: 192px) 100vw, 192px\" \/><\/a>Riscaldamento guasto, chiuso temporaneamente il Museo Fulcis<\/strong><\/p><\/blockquote>\n<p><strong>BELLUNO<\/strong> Il Museo Fulcis di Belluno chiude per un guasto al riscaldamento. L\u2019assessore Addamiano conferma il problema a una conduttura. Gli eventi previsti saranno spostati in Crepadona. Riparazioni in corso.<\/p>\n<p>&nbsp;<\/p>\n<p>&nbsp;<\/p>\n<p>&nbsp;<\/p>\n<\/div>\n<\/div>\n<\/div>\n<\/div>\n<\/div>\n<\/div>\n<hr \/>\n<p><strong>\u00a0 \u00a0<\/strong><\/p>\n<blockquote>\n<h3 class=\"entry-title\">NOVITA\u2019 LUXOTTICA: Essilorluxottica food service srl<\/h3>\n<p><strong>una nuova gestione per mense e pasti domiciliari nel Bellunese<\/strong><\/p><\/blockquote>\n<p><strong>AGORDO<\/strong><\/p>\n<p class=\"photoswipe-wrapper\"><a class=\"dt-pswp-item pspw-wrap-ready\" href=\"https:\/\/www.radiopiu.net\/wordpress\/wp-content\/uploads\/2024\/11\/071c3e5e-f67a-4fad-a052-a0f8174cb6ce.jpg\" data-dt-img-description=\"\" data-large_image_width=\"2048\" data-large_image_height=\"1536\"><img loading=\"lazy\" decoding=\"async\" class=\"size-medium wp-image-421619 alignleft\" src=\"https:\/\/www.radiopiu.net\/wordpress\/wp-content\/uploads\/2024\/11\/071c3e5e-f67a-4fad-a052-a0f8174cb6ce-300x225.jpg\" sizes=\"auto, (max-width: 300px) 100vw, 300px\" srcset=\"https:\/\/www.radiopiu.net\/wordpress\/wp-content\/uploads\/2024\/11\/071c3e5e-f67a-4fad-a052-a0f8174cb6ce-300x225.jpg 300w, https:\/\/www.radiopiu.net\/wordpress\/wp-content\/uploads\/2024\/11\/071c3e5e-f67a-4fad-a052-a0f8174cb6ce-1024x768.jpg 1024w, https:\/\/www.radiopiu.net\/wordpress\/wp-content\/uploads\/2024\/11\/071c3e5e-f67a-4fad-a052-a0f8174cb6ce-768x576.jpg 768w, https:\/\/www.radiopiu.net\/wordpress\/wp-content\/uploads\/2024\/11\/071c3e5e-f67a-4fad-a052-a0f8174cb6ce-1536x1152.jpg 1536w, https:\/\/www.radiopiu.net\/wordpress\/wp-content\/uploads\/2024\/11\/071c3e5e-f67a-4fad-a052-a0f8174cb6ce.jpg 2048w\" alt=\"\" width=\"300\" height=\"225\" \/><\/a>Non passa giorno che Luxottica non riesca a diventare argomento del giorno, dalle vicende della famiglia all\u2019uscita di Giorgio Striano (voci di corridoio, tutt\u2019altro che confermate, fanno riferimento ad un futuro incarico, dopo i tempi necessari in Thelios. Sar\u00e0\u00a0 vero?), dalla mancata festa di Natale al dopo Pison in mensa. Dal 1\u00b0 gennaio 2025,\u00a0<strong>Luxottica Food Service<\/strong>\u00a0prender\u00e0 in carico la gestione di tutte le mense aziendali e dei servizi correlati nel territorio del Bellunese. Questo passaggio avviene a seguito della cessazione della collaborazione con la ditta dei fratelli Pison, che terminer\u00e0 ufficialmente il proprio servizio il 31 dicembre 2024. Il nuovo assetto organizzativo garantir\u00e0 continuit\u00e0 e qualit\u00e0 del servizio, confermando la produzione e distribuzione di\u00a0<strong>oltre 5000 pasti al giorno<\/strong>, tra mense e pasti domiciliari per i dipendenti e i residenti della zona (servizio Auser pasti a domicilio). Un aspetto fondamentale di questa transizione \u00e8 il mantenimento del personale:\u00a0<strong>tutti i lavoratori attualmente impiegati saranno assunti da Luxottica Food Service<\/strong>, assicurando cos\u00ec stabilit\u00e0 lavorativa e valorizzando le competenze del team gi\u00e0 operativo. Questa nuova struttura si propone non solo di continuare l\u2019eccellenza del servizio, ma anche di esplorare possibili innovazioni nei menu e nella gestione dei pasti, con un\u2019attenzione particolare alla sostenibilit\u00e0 e alla valorizzazione dei prodotti locali. Con Luxottica Food Service, si apre una nuova fase per il settore della ristorazione aziendale e territoriale, con l\u2019obiettivo di consolidare un modello di riferimento per il territorio del Bellunese.<\/p>\n<p>&nbsp;<\/p>\n<p>&nbsp;<\/p>\n<hr \/>\n<p>&nbsp;<\/p>\n<blockquote>\n<h3>TRIBUNALE DI BOLOGNA SOLLEVA ECCEZIONE DI ILLEGITTIMITA&#8217; COSTITUZIONALE SULLA CITTADINANZA IURE SANGUINIS<\/h3>\n<\/blockquote>\n<p><strong><a class=\"dt-pswp-item\" href=\"https:\/\/www.radiopiu.net\/wordpress\/wp-content\/uploads\/2024\/11\/PASSAPORTO.jpg\" data-dt-img-description=\"\" data-large_image_width=\"1280\" data-large_image_height=\"908\"><img loading=\"lazy\" decoding=\"async\" class=\" wp-image-421670 alignleft\" src=\"https:\/\/www.radiopiu.net\/wordpress\/wp-content\/uploads\/2024\/11\/PASSAPORTO-300x213.jpg\" alt=\"\" width=\"175\" height=\"124\" srcset=\"https:\/\/www.radiopiu.net\/wordpress\/wp-content\/uploads\/2024\/11\/PASSAPORTO-300x213.jpg 300w, https:\/\/www.radiopiu.net\/wordpress\/wp-content\/uploads\/2024\/11\/PASSAPORTO-1024x726.jpg 1024w, https:\/\/www.radiopiu.net\/wordpress\/wp-content\/uploads\/2024\/11\/PASSAPORTO-768x545.jpg 768w, https:\/\/www.radiopiu.net\/wordpress\/wp-content\/uploads\/2024\/11\/PASSAPORTO.jpg 1280w\" sizes=\"auto, (max-width: 175px) 100vw, 175px\" \/><\/a>REDAZIONE <\/strong>Il Tribunale di Bologna ha sollevato un&#8217;eccezione di illegittimit\u00e0 costituzionale sulla normativa italiana relativa alla cittadinanza, chiedendo alla Corte Costituzionale di valutare la legittimit\u00e0 del riconoscimento della cittadinanza iure sanguinis senza limiti temporali. L&#8217;ordinanza, depositata ieri, riguarda il caso di 12 cittadini brasiliani che chiedono il riconoscimento della cittadinanza italiana in base alla presenza di un antenato italiano nato nel 1876. Secondo il presidente del Tribunale Pasquale Liccardo, la Corte \u00e8 chiamata a esaminare se il riconoscimento della cittadinanza a chiunque abbia un avo italiano, anche se di molte generazioni fa e senza alcun legame culturale, linguistico o territoriale con l&#8217;Italia, sia compatibile con i principi della Costituzione. In Italia, infatti, la legge consente il riconoscimento della cittadinanza a discendenti di italiani senza un limite temporale, una pratica che la rende unica al mondo. Il Tribunale chiede alla Corte Costituzionale di valutare se tale disciplina rispetti i principi di ragionevolezza e i doveri internazionali, inclusi quelli derivanti dall&#8217;Unione Europea. La questione sollevata potrebbe avere implicazioni significative, considerando le decine di milioni di discendenti italiani all&#8217;estero<strong>. Il sindaco di Val di Zoldo Camillo De Pellegrin ha commentato l&#8217;ordinanza definendola &#8220;una svolta&#8221;.<\/strong><\/p>\n<p>&nbsp;<\/p>\n<p>&nbsp;<\/p>\n<hr \/>\n<p>&nbsp;<\/p>\n<blockquote>\n<h3>UCCISIONE DEL CANE KAOS: PER APACA BELLUNO UNA SENTENZA CHE NON FA GIUSTIZIA<\/h3>\n<\/blockquote>\n<p><strong><a class=\"dt-pswp-item\" href=\"https:\/\/www.radiopiu.net\/wordpress\/wp-content\/uploads\/2024\/11\/apaca-dove.jpg\" data-dt-img-description=\"\" data-large_image_width=\"400\" data-large_image_height=\"311\"><img loading=\"lazy\" decoding=\"async\" class=\" wp-image-421647 alignleft\" src=\"https:\/\/www.radiopiu.net\/wordpress\/wp-content\/uploads\/2024\/11\/apaca-dove-300x233.jpg\" alt=\"\" width=\"167\" height=\"130\" srcset=\"https:\/\/www.radiopiu.net\/wordpress\/wp-content\/uploads\/2024\/11\/apaca-dove-300x233.jpg 300w, https:\/\/www.radiopiu.net\/wordpress\/wp-content\/uploads\/2024\/11\/apaca-dove.jpg 400w\" sizes=\"auto, (max-width: 167px) 100vw, 167px\" \/><\/a>BELLUNO<\/strong> Un caso di animalicidio ad Agordo ha sollevato indignazione per la leggerezza della pena inflitta: 16 ore di volontariato al mese per 8 mesi e 50 euro di risarcimento. Due giovani, nel 2019, hanno ucciso con estrema crudelt\u00e0 un cane di nome Kaos, un gesto che, secondo la Zooantropologia della Devianza, potrebbe anticipare future condotte violente verso persone vulnerabili. La vicepresidente di Apaca Belluno, Alessandra Capraro, denuncia l\u2019inadeguatezza delle conseguenze giudiziarie rispetto alla gravit\u00e0 del reato e critica la mancanza di una cultura del rispetto verso gli animali. Apaca, costituitasi parte civile, destiner\u00e0 il risarcimento a famiglie indigenti, ma ribadisce che la radice del problema risiede in un sistema educativo, culturale e istituzionale che minimizza la violenza sugli animali. L\u2019associazione chiede regolamenti pi\u00f9 severi e percorsi educativi obbligatori per promuovere una maggiore consapevolezza e rispetto verso tutte le specie.<\/p>\n<p>&nbsp;<\/p>\n<p>&nbsp;<\/p>\n<hr \/>\n<p>&nbsp;<\/p>\n<blockquote>\n<h3>LICENZIAMENTI ALLA BOSCH DI SETTEVILLE: IERI LO SCIOPERO<\/h3>\n<\/blockquote>\n<p><strong>SETTEVILLE<\/strong> Prosegue la protesta dei lavoratori della Edim Bosch di Quero contro i licenziamenti, con 40 posti a rischio su 80 totali, inclusi contratti interinali. I sindacati Fiom e Fim di Belluno hanno indetto un presidio e uno sciopero di 4 ore nella giornata di ieri, chiedendo il ritiro della procedura di licenziamento e il rilancio produttivo. La crisi coinvolge anche lo stabilimento di Villasanta (Monza), con 160 esuberi su 380 dipendenti tra le due sedi. Un incontro decisivo \u00e8 previsto in Regione il 3 dicembre per cercare una soluzione.<\/p>\n<p><strong>MAURIZIO ZULIAN, FIM CISL BELLUNO TREVISO<\/strong><\/p>\n<div style=\"width: 1200px;\" class=\"wp-video\"><video class=\"wp-video-shortcode\" id=\"video-421536-1\" width=\"1200\" height=\"675\" preload=\"metadata\" controls=\"controls\"><source type=\"video\/mp4\" src=\"https:\/\/www.radiopiu.net\/wordpress\/wp-content\/uploads\/2024\/11\/WhatsApp-Video-2024-11-26-at-16.58.33.mp4?_=1\" \/><a href=\"https:\/\/www.radiopiu.net\/wordpress\/wp-content\/uploads\/2024\/11\/WhatsApp-Video-2024-11-26-at-16.58.33.mp4\">https:\/\/www.radiopiu.net\/wordpress\/wp-content\/uploads\/2024\/11\/WhatsApp-Video-2024-11-26-at-16.58.33.mp4<\/a><\/video><\/div>\n<p>&nbsp;<\/p>\n<p>&nbsp;<\/p>\n<hr \/>\n<p>&nbsp;<\/p>\n<blockquote>\n<h3 class=\"_title post-title entry-title\">CASO EDIM, LA PROTESTA DEI SINDACATI: \u00abNON SI VENDE, NON SI CHIUDE, NON SI LICENZIA\u00bb<\/h3>\n<\/blockquote>\n<p>Intervistati MICHELE DE PALMA (SEGRETARIO GENERALE FIOM CGIL), BRUNO ZANOLLA (SINDACO SETTEVILLE) (Servizio di\u00a0<a href=\"https:\/\/antennatre.medianordest.it\/redazione\/Fabio-Fioravanzi\/\">Fabio Fioravanzi<\/a>)<\/p>\n<p><iframe loading=\"lazy\" title=\"CASO EDIM, LA PROTESTA DEI SINDACATI: \u00abNON SI VENDE, NON SI CHIUDE, NON SI LICENZIA\u00bb | 26\/11\/2024\" width=\"1200\" height=\"675\" src=\"https:\/\/www.youtube.com\/embed\/ybgMx85mpl4?feature=oembed\" frameborder=\"0\" allow=\"accelerometer; autoplay; clipboard-write; encrypted-media; gyroscope; picture-in-picture; web-share\" referrerpolicy=\"strict-origin-when-cross-origin\" allowfullscreen><\/iframe><\/p>\n<p>&nbsp;<\/p>\n<p>&nbsp;<\/p>\n<hr \/>\n<p>&nbsp;<\/p>\n<p>&nbsp;<\/p>\n<blockquote>\n<h3>PRESIDIO EDIM QUERO: PADRIN VICINO AI LAVORATORI<\/h3>\n<\/blockquote>\n<p><strong><a class=\"dt-pswp-item\" href=\"https:\/\/www.radiopiu.net\/wordpress\/wp-content\/uploads\/2023\/04\/PADRIN.jpeg\" data-dt-img-description=\"\" data-large_image_width=\"1110\" data-large_image_height=\"648\"><img loading=\"lazy\" decoding=\"async\" class=\" wp-image-330720 alignleft\" src=\"https:\/\/www.radiopiu.net\/wordpress\/wp-content\/uploads\/2023\/04\/PADRIN-300x175.jpeg\" alt=\"\" width=\"177\" height=\"103\" srcset=\"https:\/\/www.radiopiu.net\/wordpress\/wp-content\/uploads\/2023\/04\/PADRIN-300x175.jpeg 300w, https:\/\/www.radiopiu.net\/wordpress\/wp-content\/uploads\/2023\/04\/PADRIN-1024x598.jpeg 1024w, https:\/\/www.radiopiu.net\/wordpress\/wp-content\/uploads\/2023\/04\/PADRIN-768x448.jpeg 768w, https:\/\/www.radiopiu.net\/wordpress\/wp-content\/uploads\/2023\/04\/PADRIN.jpeg 1110w\" sizes=\"auto, (max-width: 177px) 100vw, 177px\" \/><\/a>BELLUNO<\/strong> La Provincia di Belluno, per voce del presidente Roberto Padrin, ha espresso piena solidariet\u00e0 ai lavoratori della Edim di Quero, coinvolti nella chiusura dello stabilimento annunciata dal Gruppo Bosch, che comporter\u00e0 circa 40 esuberi. La consigliera Matilde Vieceli ha rappresentato l\u2019amministrazione provinciale al presidio, portando il proprio sostegno e condividendo esperienze personali. Padrin ha condannato la decisione, definendola un esempio di mercato spietato che ignora il tessuto territoriale, e ha contattato il Ministero per monitorare gli sviluppi, sottolineando l\u2019urgenza di tutelare lavoro e comunit\u00e0 locali per contrastare lo spopolamento montano.<\/p>\n<p>&nbsp;<\/p>\n<p>&nbsp;<\/p>\n<hr \/>\n<p>&nbsp;<\/p>\n<blockquote>\n<h3>VENERDI SCIOPERO NAZIONALE DEI TRASPORTI<\/h3>\n<\/blockquote>\n<p><strong>BELLUNO<\/strong> DolomitiBus e le sigle sindacali comunicano che nella giornata di venerd\u00ec 29 novembre \u00e8 stato indetto uno sciopero nazionale di 24 ore dei trasporti. DolomitiBus garantisce il servizio dalle 5:40 alle 8:10 e dalle 12:10 alle 15:40. Le corse in partenza prima dell\u2019inizio dello sciopero verranno effettuate regolarmente e le stesse, una volta iniziate, proseguiranno sino al capolinea. I servizi verranno ripristinati completamente a partire dal giorno successivo.<\/p>\n<p>&nbsp;<\/p>\n<hr \/>\n<p>&nbsp;<\/p>\n<blockquote>\n<h3>VENERDI&#8217; LO SCIOPERO GENERALE INDETTO DA UIL E CGIL<\/h3>\n<\/blockquote>\n<p><strong><a class=\"dt-pswp-item\" href=\"https:\/\/www.radiopiu.net\/wordpress\/wp-content\/uploads\/2024\/11\/WhatsApp-Image-2024-11-26-at-12.37.49.jpeg\" data-dt-img-description=\"\" data-large_image_width=\"988\" data-large_image_height=\"626\"><img loading=\"lazy\" decoding=\"async\" class=\" wp-image-421651 alignleft\" src=\"https:\/\/www.radiopiu.net\/wordpress\/wp-content\/uploads\/2024\/11\/WhatsApp-Image-2024-11-26-at-12.37.49-300x190.jpeg\" alt=\"\" width=\"185\" height=\"117\" srcset=\"https:\/\/www.radiopiu.net\/wordpress\/wp-content\/uploads\/2024\/11\/WhatsApp-Image-2024-11-26-at-12.37.49-300x190.jpeg 300w, https:\/\/www.radiopiu.net\/wordpress\/wp-content\/uploads\/2024\/11\/WhatsApp-Image-2024-11-26-at-12.37.49-768x487.jpeg 768w, https:\/\/www.radiopiu.net\/wordpress\/wp-content\/uploads\/2024\/11\/WhatsApp-Image-2024-11-26-at-12.37.49.jpeg 988w\" sizes=\"auto, (max-width: 185px) 100vw, 185px\" \/><\/a>BELLUNO<\/strong> Il 29 novembre 2024 \u00e8 previsto uno sciopero generale per contestare la manovra di bilancio ritenuta inadeguata e chiedere interventi su salari, pensioni, sanit\u00e0, istruzione e servizi pubblici. Tra le critiche principali: perdita del potere d\u2019acquisto, aumento della precariet\u00e0, tagli ai servizi pubblici, rinnovi contrattuali insufficienti, politiche fiscali favorevoli agli evasori e ritardi nell\u2019attuazione del PNRR. I manifestanti rivendicano un finanziamento straordinario per i servizi essenziali, la rivalutazione delle pensioni, una politica industriale sostenibile e il ritiro del Ddl Sicurezza. A Belluno, il presidio territoriale Uil si terr\u00e0 alle 8:30 presso il parco vicino alla stazione ferroviaria, mentre il concentramento principale avverr\u00e0 alle 10:00 a Treviso, in Piazza Vittoria.<\/p>\n<p>&nbsp;<\/p>\n<hr \/>\n<p>&nbsp;<\/p>\n<p><span style=\"color: #ff0000;\">LA GIUDIZIARIA OGGI<\/span><br \/>\n<span style=\"color: #ff0000;\">CORRIERE DELLE ALPI. SINTESI<\/span><br \/>\n<span style=\"color: #ff0000;\">GIGI SOSSO<\/span><\/p>\n<div class=\"flex max-w-full flex-col flex-grow\">\n<div class=\"min-h-8 text-message flex w-full flex-col items-end gap-2 whitespace-normal break-words [.text-message+&amp;]:mt-5\" dir=\"auto\" data-message-author-role=\"assistant\" data-message-id=\"ce4a88b8-9a2f-4402-a63f-b31ecdfa7007\" data-message-model-slug=\"gpt-4o\">\n<div class=\"flex w-full flex-col gap-1 empty:hidden first:pt-[3px]\">\n<div class=\"markdown prose w-full break-words dark:prose-invert dark\">\n<p><strong>Duello legale tra ex amministratori di Cortina: Tabacchi e Franceschi trovano un accordo<\/strong><\/p>\n<p><strong>CORTINA\u00a0<\/strong> Due ex amministratori di Cortina, Valerio Tabacchi e Andrea Franceschi, si sono accusati reciprocamente in tribunale per appropriazione indebita e calunnia. La vicenda si \u00e8 conclusa con un accordo transattivo.<\/p>\n<\/div>\n<\/div>\n<\/div>\n<\/div>\n<p>&nbsp;<\/p>\n<p><strong>False esenzioni vaccinali: medico e due commercianti a processo<\/strong><\/p>\n<p><strong>AGORDINO<\/strong> Il medico Luca Favero e i commercianti Gianantonio Montagner e Mery Pegolo sono imputati per false certificazioni Covid-19. Il processo inizier\u00e0 il 15 maggio. Nell&#8217;udienza predibattimentale di ieri mattina gli avvocati hanno chiesto il proscioglimento, mentre il pubblico ministero Sandra Rossi ha ottenuto il dibattimento dal giudice Luca Berletti. La prima udienza \u00e8 stata fissata per il 15 maggio.<\/p>\n<div><\/div>\n<div class=\"articlePlainTitle\"><strong>Lesioni stradali un&#8217;automobilista finisce a processo<\/strong><\/div>\n<div class=\"articlePlainTitle\"><strong>AGORDO\u00a0<\/strong>Due donne di fronte in tribunale. L.D.V. sar\u00e0 a processo per lesioni stradali per via di un incidente avvenuto in Agordino, nel quale M.A.F. era rimasta ferita. Se n&#8217;\u00e8 discusso ieri mattina, nell&#8217;udienza predibattimentare di fronte al giudice Berletti e al pm Rossi.<\/div>\n<div><\/div>\n<div><strong>Condannato per stalking, accusato di violazione di domicilio.<\/strong><\/div>\n<div><strong>FELTRE<\/strong> A.D.B. scavalca la recinzione del vicino 90enne L.O., che si costituisce parte civile. Processo fissato per il 16 settembre prossimo.\u00a0 Si andr\u00e0 a processo, come richiesto dal pubblico ministero Sandra Rossi, nell&#8217;udienza predibattimentale di ieri. Il 90enne si \u00e8 costituito parte civile per il risarcimento.<\/div>\n<div><\/div>\n<hr \/>\n<p>&nbsp;<\/p>\n<blockquote>\n<h3>APPROVATA LA SESTA VARIAZIONE A BILANCIO NEL CONSIGLIO PROVINCIALE<\/h3>\n<\/blockquote>\n<p><strong>BELLUNO<\/strong> Il consiglio provinciale ha approvato all&#8217;unanimit\u00e0 tre interventi urgenti per dissesti causati dal maltempo e la sesta variazione al bilancio di previsione 2024-2026. Gli interventi di somma urgenza riguardano la messa in sicurezza delle valli di Seren, Schievenin e Saviner di Laste, per un totale di circa 320.000 euro. La variazione di bilancio include maggiori entrate da fondi Covid e modifiche al calcolo delle imposte auto, oltre a maggiori spese per il trasporto pubblico locale e lavori di edilizia scolastica. \u00c8 stata approvata anche la rinuncia al progetto &#8220;Scuola digitale&#8221;, destinando i fondi residui alla zona di Belluno.<\/p>\n<p>&nbsp;<\/p>\n<p>&nbsp;<\/p>\n<hr \/>\n<p>&nbsp;<\/p>\n<blockquote>\n<h3>IERI LA CONFERENZA DEGLI ENTI LOCALI<\/h3>\n<\/blockquote>\n<p><strong><a class=\"dt-pswp-item\" href=\"https:\/\/www.radiopiu.net\/wordpress\/wp-content\/uploads\/2021\/01\/palazzo-piloni-scaled.jpg\" data-dt-img-description=\"\" data-large_image_width=\"2560\" data-large_image_height=\"1440\"><img loading=\"lazy\" decoding=\"async\" class=\" wp-image-187016 alignleft\" src=\"https:\/\/www.radiopiu.net\/wordpress\/wp-content\/uploads\/2021\/01\/palazzo-piloni-300x169.jpg\" alt=\"\" width=\"195\" height=\"110\" srcset=\"https:\/\/www.radiopiu.net\/wordpress\/wp-content\/uploads\/2021\/01\/palazzo-piloni-300x169.jpg 300w, https:\/\/www.radiopiu.net\/wordpress\/wp-content\/uploads\/2021\/01\/palazzo-piloni-1024x576.jpg 1024w, https:\/\/www.radiopiu.net\/wordpress\/wp-content\/uploads\/2021\/01\/palazzo-piloni-768x432.jpg 768w, https:\/\/www.radiopiu.net\/wordpress\/wp-content\/uploads\/2021\/01\/palazzo-piloni-1536x864.jpg 1536w, https:\/\/www.radiopiu.net\/wordpress\/wp-content\/uploads\/2021\/01\/palazzo-piloni-2048x1152.jpg 2048w\" sizes=\"auto, (max-width: 195px) 100vw, 195px\" \/><\/a>BELLUNO<\/strong> La Conferenza enti locali, presieduta dal presidente della Provincia di Belluno Roberto Padrin, si \u00e8 riunita ieri per discutere due temi cruciali: il riordino delle Unioni Montane (Um) previsto dalla Regione Veneto e la crisi di personale che affligge questi enti. L&#8217;incontro ha evidenziato le difficolt\u00e0 nella gestione dei servizi a causa di organici sottodimensionati e la crescente difficolt\u00e0 di reperire personale, anche &#8220;politico&#8221;, con molte amministrazioni che non riescono a formare liste complete. La Conferenza ha deciso di avviare un monitoraggio per valutare la situazione attuale delle Unioni Montane e degli enti locali, con l&#8217;obiettivo di individuare punti di forza e criticit\u00e0, evitando sovrapposizioni dannose e proponendo soluzioni per rafforzare la governance del territorio.<\/p>\n<p>&nbsp;<\/p>\n<p>&nbsp;<\/p>\n<hr \/>\n<p>&nbsp;<\/p>\n<blockquote>\n<h3>AMBITI TERRITORIALI SOCIALI, L\u2019ITER ENTRA NEL VIVO<\/h3>\n<\/blockquote>\n<p><strong><a class=\"dt-pswp-item\" href=\"https:\/\/www.radiopiu.net\/wordpress\/wp-content\/uploads\/2022\/12\/PALAZZO-ROSSO.png\" data-dt-img-description=\"\" data-large_image_width=\"2076\" data-large_image_height=\"1328\"><img loading=\"lazy\" decoding=\"async\" class=\" wp-image-313801 alignleft\" src=\"https:\/\/www.radiopiu.net\/wordpress\/wp-content\/uploads\/2022\/12\/PALAZZO-ROSSO-300x192.png\" alt=\"\" width=\"191\" height=\"122\" srcset=\"https:\/\/www.radiopiu.net\/wordpress\/wp-content\/uploads\/2022\/12\/PALAZZO-ROSSO-300x192.png 300w, https:\/\/www.radiopiu.net\/wordpress\/wp-content\/uploads\/2022\/12\/PALAZZO-ROSSO-1024x655.png 1024w, https:\/\/www.radiopiu.net\/wordpress\/wp-content\/uploads\/2022\/12\/PALAZZO-ROSSO-768x491.png 768w, https:\/\/www.radiopiu.net\/wordpress\/wp-content\/uploads\/2022\/12\/PALAZZO-ROSSO-1536x983.png 1536w, https:\/\/www.radiopiu.net\/wordpress\/wp-content\/uploads\/2022\/12\/PALAZZO-ROSSO-2048x1310.png 2048w\" sizes=\"auto, (max-width: 191px) 100vw, 191px\" \/><\/a>BELLUNO<\/strong> Il Comune di Belluno, con il sindaco Oscar De Pellegrin come portavoce, guida un&#8217;importante trasformazione per la gestione dei servizi sociali: la creazione di un\u2019Azienda Speciale Consortile (ATS) che coinvolger\u00e0 46 Comuni dell\u2019ambito territoriale. Questo nuovo modello mira a garantire uniformit\u00e0 e una distribuzione mirata delle risorse, affrontando sfide come lo spopolamento e la perdita di servizi nelle aree montane. Entro aprile 2025 sar\u00e0 presentato alla Regione il cronoprogramma per la costituzione dell\u2019ATS, con l&#8217;obiettivo di renderla operativa entro aprile 2026. Il processo include incontri informativi e formativi con i Comuni coinvolti e sessioni di formazione per sindaci e assessori. Per avviare l\u2019operativit\u00e0, Belluno ha partecipato a un bando ministeriale per l\u2019assunzione di 20 professionisti, tra cui educatori, psicologi e personale amministrativo. De Pellegrin sottolinea l&#8217;importanza della collaborazione tra enti per affrontare questa sfida storica e sfruttare al meglio l&#8217;opportunit\u00e0.<\/p>\n<p>&nbsp;<\/p>\n<p>&nbsp;<\/p>\n<hr \/>\n<p>&nbsp;<\/p>\n<blockquote>\n<h3>PER I COMUNI VENETI LA LOTTA ALL\u2019EVASIONE NON \u00c8 UNA PRIORIT\u00c0: RECUPERATI 152.874 EURO (IN MEDIA 3 CENTESIMI A CITTADINO), IL 17% IN MENO DELL\u2019ANNO PRECEDENTE<\/h3>\n<\/blockquote>\n<p><strong><a class=\"dt-pswp-item\" href=\"https:\/\/www.radiopiu.net\/wordpress\/wp-content\/uploads\/2023\/02\/SPI-CGIL.png\" data-dt-img-description=\"\" data-large_image_width=\"278\" data-large_image_height=\"244\"><img loading=\"lazy\" decoding=\"async\" class=\" wp-image-322694 alignleft\" src=\"https:\/\/www.radiopiu.net\/wordpress\/wp-content\/uploads\/2023\/02\/SPI-CGIL.png\" alt=\"\" width=\"161\" height=\"141\" \/><\/a>VENEZIA<\/strong> Nel 2023, solo il 5,5% dei Comuni veneti ha utilizzato gli strumenti previsti dal decreto legge 203\/2005 per recuperare somme dall&#8217;evasione fiscale, con un aumento dei Comuni coinvolti (31 rispetto ai 19 del 2022) ma una diminuzione del 17% degli incassi, pari a 152.874 euro totali. Questo strumento, che permette agli Enti locali di ottenere il 50% dei proventi recuperati, resta sottoutilizzato, nonostante i fondi possano essere destinati a welfare e aiuti per famiglie e anziani in difficolt\u00e0. Le somme recuperate sono in forte calo rispetto agli anni precedenti: nel 2018 si sfiorava il milione di euro, contro gli attuali valori molto pi\u00f9 bassi. La provincia di Verona ha registrato i migliori risultati, con 98.152 euro raccolti e 12 Comuni partecipanti, mentre Belluno e Rovigo non hanno svolto alcuna attivit\u00e0. Lo Spi Cgil Veneto critica il mancato utilizzo di queste risorse, ritenendole cruciali per affrontare la povert\u00e0 e il caro vita.<\/p>\n<p>&nbsp;<\/p>\n<p>&nbsp;<\/p>\n<hr \/>\n<p>&nbsp;<\/p>\n<blockquote>\n<h3>LA FIBRA OTTICA SI DIFFONDE SEMPRE DI PIU&#8217;<\/h3>\n<\/blockquote>\n<p><strong><a class=\"dt-pswp-item\" href=\"https:\/\/www.radiopiu.net\/wordpress\/wp-content\/uploads\/2023\/08\/OF_fibra.jpg\" data-dt-img-description=\"\" data-large_image_width=\"1000\" data-large_image_height=\"666\"><img loading=\"lazy\" decoding=\"async\" class=\" wp-image-348634 alignleft\" src=\"https:\/\/www.radiopiu.net\/wordpress\/wp-content\/uploads\/2023\/08\/OF_fibra-300x200.jpg\" alt=\"\" width=\"158\" height=\"105\" srcset=\"https:\/\/www.radiopiu.net\/wordpress\/wp-content\/uploads\/2023\/08\/OF_fibra-300x200.jpg 300w, https:\/\/www.radiopiu.net\/wordpress\/wp-content\/uploads\/2023\/08\/OF_fibra-768x511.jpg 768w, https:\/\/www.radiopiu.net\/wordpress\/wp-content\/uploads\/2023\/08\/OF_fibra.jpg 1000w\" sizes=\"auto, (max-width: 158px) 100vw, 158px\" \/><\/a>MILANO<\/strong> In Italia, il settore delle telecomunicazioni si distingue per costi accessibili, soprattutto per la telefonia mobile e fissa, con tariffe competitive e una vasta offerta di Giga. La fibra ottica FTTH \u00e8 sempre pi\u00f9 diffusa, raggiungendo il 59,6% delle famiglie (novembre 2024), con un costo medio stabile di circa 26,57 euro al mese. Nonostante l\u2019espansione della copertura dal 2021 al 2024, i prezzi sono rimasti quasi invariati, favorendo l\u2019accesso a connessioni ad alta velocit\u00e0. L\u2019Italia vanta i costi della fibra pi\u00f9 bassi tra i principali mercati europei, rispetto a Spagna, Francia, Germania e Regno Unito. Mentre in altri Paesi gli operatori offrono tariffe ridotte con velocit\u00e0 limitata, in Italia \u00e8 possibile accedere direttamente a connessioni da almeno 1 Giga senza compromessi, garantendo un vantaggio per i consumatori.<\/p>\n<p>&nbsp;<\/p>\n<p>&nbsp;<\/p>\n<hr \/>\n<p>&nbsp;<\/p>\n<blockquote>\n<h3>UNA CENA PER LA FONDAZIONE LELE THUN<\/h3>\n<\/blockquote>\n<p><strong><a class=\"dt-pswp-item\" href=\"https:\/\/www.radiopiu.net\/wordpress\/wp-content\/uploads\/2024\/11\/dolomieu-Thun-1.jpeg\" data-dt-img-description=\"\" data-large_image_width=\"1600\" data-large_image_height=\"900\"><img loading=\"lazy\" decoding=\"async\" class=\" wp-image-421654 alignleft\" src=\"https:\/\/www.radiopiu.net\/wordpress\/wp-content\/uploads\/2024\/11\/dolomieu-Thun-1-300x169.jpeg\" alt=\"\" width=\"229\" height=\"129\" srcset=\"https:\/\/www.radiopiu.net\/wordpress\/wp-content\/uploads\/2024\/11\/dolomieu-Thun-1-300x169.jpeg 300w, https:\/\/www.radiopiu.net\/wordpress\/wp-content\/uploads\/2024\/11\/dolomieu-Thun-1-1024x576.jpeg 1024w, https:\/\/www.radiopiu.net\/wordpress\/wp-content\/uploads\/2024\/11\/dolomieu-Thun-1-768x432.jpeg 768w, https:\/\/www.radiopiu.net\/wordpress\/wp-content\/uploads\/2024\/11\/dolomieu-Thun-1-1536x864.jpeg 1536w, https:\/\/www.radiopiu.net\/wordpress\/wp-content\/uploads\/2024\/11\/dolomieu-Thun-1.jpeg 1600w\" sizes=\"auto, (max-width: 229px) 100vw, 229px\" \/><\/a>LONGARONE<\/strong> Gli studenti dell\u2019Istituto Dolomieu di Longarone hanno trasformato una cena di gala in un gesto di solidariet\u00e0, organizzando un evento a favore della Fondazione Lene Thun, che offre laboratori di ceramico-terapia nei reparti oncologici pediatrici. Gioved\u00ec scorso, i ragazzi delle classi terze hanno curato il servizio ai tavoli, mentre quelli di quarta e quinta si sono occupati della preparazione dei piatti, realizzando un menu completo, dall\u2019aperitivo al dessert. L\u2019iniziativa, che ha permesso ai giovani di mettere in pratica le competenze apprese, \u00e8 stata accolta con entusiasmo dagli ospiti, suscitando emozione e ammirazione. L\u2019assessore Erica Cornella ha elogiato l\u2019impegno dei ragazzi e la scuola, sottolineando l\u2019importanza di offrire ai giovani occasioni per dimostrare il loro valore. La serata ha combinato professionalit\u00e0 e solidariet\u00e0, dimostrando il potenziale delle nuove generazioni e l\u2019importanza di sostenere cause benefiche.<\/p>\n<p>&nbsp;<\/p>\n<p>&nbsp;<\/p>\n<hr \/>\n<p>&nbsp;<\/p>\n<blockquote>\n<h3>FELTRE: UNA SERATA PER NAVIGARE IL WEB CON CONSAPEVOLEZZA<\/h3>\n<\/blockquote>\n<p><strong><a class=\"dt-pswp-item\" href=\"https:\/\/www.radiopiu.net\/wordpress\/wp-content\/uploads\/2024\/11\/KGDKLFA.jpg\" data-dt-img-description=\"\" data-large_image_width=\"1413\" data-large_image_height=\"836\"><img loading=\"lazy\" decoding=\"async\" class=\" wp-image-421637 alignleft\" src=\"https:\/\/www.radiopiu.net\/wordpress\/wp-content\/uploads\/2024\/11\/KGDKLFA-300x177.jpg\" alt=\"\" width=\"179\" height=\"106\" srcset=\"https:\/\/www.radiopiu.net\/wordpress\/wp-content\/uploads\/2024\/11\/KGDKLFA-300x177.jpg 300w, https:\/\/www.radiopiu.net\/wordpress\/wp-content\/uploads\/2024\/11\/KGDKLFA-1024x606.jpg 1024w, https:\/\/www.radiopiu.net\/wordpress\/wp-content\/uploads\/2024\/11\/KGDKLFA-768x454.jpg 768w, https:\/\/www.radiopiu.net\/wordpress\/wp-content\/uploads\/2024\/11\/KGDKLFA.jpg 1413w\" sizes=\"auto, (max-width: 179px) 100vw, 179px\" \/><\/a>FELTRE\u00a0<\/strong>Domani alle 20:30, presso l\u2019Aula Magna della Scuola Secondaria \u201cG. Rocca\u201d di Feltre, si terr\u00e0 l\u2019incontro &#8220;Coordinate per l\u2019utilizzo del web a tutte le et\u00e0&#8221;, organizzato dal gruppo genitori del Patto Digitale di Feltre. L\u2019evento, aperto a genitori, insegnanti, educatori e ragazzi, mira a promuovere un uso responsabile della tecnologia, affrontando le sfide digitali con il supporto degli esperti Anna Dal Pan, psicologa, e Marco Brunet, sviluppatore informatico. La serata sar\u00e0 un\u2019occasione di dialogo tra generazioni per comprendere come bambini e ragazzi vivono il mondo digitale rispetto agli adulti, con l\u2019obiettivo di sviluppare strategie condivise per un equilibrio tecnologico. L\u2019iniziativa, sostenuta dall\u2019associazione Scuole in Rete, dagli istituti scolastici di Feltre e dal Comune, evidenzia l\u2019importanza della collaborazione tra famiglie e istituzioni per educare giovani a un uso consapevole del web. L\u2019incontro \u00e8 gratuito e aperto a tutti. Per ulteriori informazioni o per aderire al Patto Digitale, \u00e8 possibile contattare gli organizzatori via email a <strong><a rel=\"noopener\">pattodigitalefeltre@gmail.com<\/a><\/strong>. Un evento per costruire insieme un futuro digitale pi\u00f9 sicuro e inclusivo.<\/p>\n<p>&nbsp;<\/p>\n<p>&nbsp;<\/p>\n<hr \/>\n<p>&nbsp;<\/p>\n<blockquote>\n<h3>LA MIG PIACE AI GIOVANI<\/h3>\n<\/blockquote>\n<p><strong><a class=\"dt-pswp-item\" href=\"https:\/\/www.radiopiu.net\/wordpress\/wp-content\/uploads\/2024\/11\/Vanessa-Piantari-e-Thomas-Infanti-alla-MIG.jpg\" data-dt-img-description=\"\" data-large_image_width=\"2200\" data-large_image_height=\"1908\"><img loading=\"lazy\" decoding=\"async\" class=\" wp-image-421657 alignleft\" src=\"https:\/\/www.radiopiu.net\/wordpress\/wp-content\/uploads\/2024\/11\/Vanessa-Piantari-e-Thomas-Infanti-alla-MIG-300x260.jpg\" alt=\"\" width=\"149\" height=\"129\" srcset=\"https:\/\/www.radiopiu.net\/wordpress\/wp-content\/uploads\/2024\/11\/Vanessa-Piantari-e-Thomas-Infanti-alla-MIG-300x260.jpg 300w, https:\/\/www.radiopiu.net\/wordpress\/wp-content\/uploads\/2024\/11\/Vanessa-Piantari-e-Thomas-Infanti-alla-MIG-1024x888.jpg 1024w, https:\/\/www.radiopiu.net\/wordpress\/wp-content\/uploads\/2024\/11\/Vanessa-Piantari-e-Thomas-Infanti-alla-MIG-768x666.jpg 768w, https:\/\/www.radiopiu.net\/wordpress\/wp-content\/uploads\/2024\/11\/Vanessa-Piantari-e-Thomas-Infanti-alla-MIG-1536x1332.jpg 1536w, https:\/\/www.radiopiu.net\/wordpress\/wp-content\/uploads\/2024\/11\/Vanessa-Piantari-e-Thomas-Infanti-alla-MIG-2048x1776.jpg 2048w\" sizes=\"auto, (max-width: 149px) 100vw, 149px\" \/><\/a>LONGARONE<\/strong> La Mostra Internazionale del Gelato 2024 ha visto l&#8217;emergere di una nuova generazione di gelatieri, giovani e impegnati nell&#8217;artigianalit\u00e0, naturalit\u00e0 e sostenibilit\u00e0 del prodotto. Il 52% dei partecipanti aveva tra 21 e 35 anni, con alcuni addirittura under 20. La vincitrice della Coppa d&#8217;Oro, Vanessa Piantari, ha sottolineato l&#8217;importanza della formazione e innovazione nella sua carriera. I giovani gelatieri investono soprattutto in corsi di aggiornamento e ricerca, piuttosto che in locali o laboratori. Longarone Fiere Dolomiti ha creato un&#8217;opportunit\u00e0 per loro di confrontarsi e valorizzare il gelato come un prodotto &#8220;vivo&#8221; e in continua evoluzione.<\/p>\n<p>&nbsp;<\/p>\n<p>&nbsp;<\/p>\n<hr \/>\n<p>&nbsp;<\/p>\n<blockquote><p><strong>Workshop sull&#8217;Open Innovation a Belluno: supporto alle imprese locali<\/strong><\/p><\/blockquote>\n<p><strong><a class=\"dt-pswp-item\" href=\"https:\/\/www.radiopiu.net\/wordpress\/wp-content\/uploads\/2024\/09\/GAL_logo.png\" data-dt-img-description=\"\" data-large_image_width=\"286\" data-large_image_height=\"88\"><img loading=\"lazy\" decoding=\"async\" class=\"size-full wp-image-408811 alignleft\" src=\"https:\/\/www.radiopiu.net\/wordpress\/wp-content\/uploads\/2024\/09\/GAL_logo.png\" alt=\"\" width=\"286\" height=\"88\" \/><\/a>BELLUNO<\/strong> Il 26-27 novembre a Belluno si terr\u00e0 un workshop per diffondere strumenti e modelli di Open Innovation, rivolto alle imprese locali. L&#8217;evento, promosso dall\u2019IPA Prealpi e Dolomiti Bellunesi, mira a superare le barriere tecnologiche che ostacolano la crescita delle PMI. Con il supporto di esperti come Giulio Buciuni e Giorgio Soffiato, saranno presentati strumenti pratici per integrare l\u2019innovazione nei processi aziendali. Finanziato da istituti di credito locali, il workshop rappresenta un passo strategico verso l&#8217;economia della conoscenza e la competitivit\u00e0 sostenibile.<\/p>\n<p>&nbsp;<\/p>\n<p>&nbsp;<\/p>\n<hr \/>\n<p>&nbsp;<\/p>\n<h2><span style=\"color: #ff0000;\">CONSIGLI COMUNALI IN AGORDINO<\/span><\/h2>\n<blockquote><p><strong>Domani alle 20 consiglio dell&#8217;Unione Montana Agordina in sala Don Tamis. All&#8217;ordine del giorno provvedimento di variazione al bilancio (assestamento) e comunicazioni del Presidente Paolo Frena. IN DIRETTA SUI CANALI FACEBOOK-YOUTUBE-TELEGRAM di\u00a0 RADIOPIU<\/strong><\/p><\/blockquote>\n<p><strong>ROCCA PIETORE<\/strong> Oggi alle 18.30 consiglio comunale, variazione da apportare agli stanziamenti del bilancio di previsione finanziario; rinuncia richiesta di ridestinazione del finanziamento da parte del fondo Comuni Confinanti. La minoranza chiede invece conto con un&#8217;iterrogazione del rave party free dello scorso 5 ottobre in localit\u00e0 La Leda.<\/p>\n<p><strong>RIVAMONTE<\/strong> Consiglio comunale convocato dal sindaco Giovanni Deon oggi alle 18:30. In discussione due variazioni al bilancio e l&#8217;approvazione del programma triennale ed elenco anuale dei lavori pubblici<\/p>\n<p><strong>ALLEGHE\u00a0<\/strong>Consiglio comunale oggi alle 20:30 per trattare tre punti tra cui una variazione a bilancio e il regolamento per l&#8217;utilizzo del parcheggio multipiano Park Centrale.<\/p>\n<p><strong>LIVINALLONGO<\/strong> oggi alle 20:45 consiglio comunale. 5 punti da disacutere tra cui ina variazione a bilancio, l&#8217;addizionale IRPEF, IMU e un aggiornamento sl DUP<\/p>\n<p><strong>SELVA DI CADORE<\/strong> Consiglio comunale venerd\u00ec alle 18:30 per parlare di una variazione a bilancio<\/p>\n<p><strong>TAIBON <\/strong>Sono 6 i punti da discutere nel consiglio comunale di venerdi alle 19:30. Tra questi una variazione a bilancio, l&#8217;individuazione di una zona di degrado in centro a Taibon, la rinuncia di un intervento di recupero e restauro di un vecchio fabbricato e le modifiche al contratto con ASCA.<\/p>\n<p><strong>SAN TOMASO<\/strong> Consiglio comunale venerd\u00ec alle 20:30. Tra i punti in discussione una variazione a bilancio, la nomina del revisore dei conti e il regolamento interno comunale<\/p>\n<p><strong>COLLE SANTA LUCIA\u00a0<\/strong>Consiglio comunale sabato 30 novembre alle 7:30. Undici punti in discussione tra cui una variazione a bilancio, l&#8217;aliquota dell&#8217;addizionale comunale per il 2025, un aggiornamento al DUP e l&#8217;approvazione del bilancio di previsione 2025\/2027.<\/p>\n<p>&nbsp;<\/p>\n<hr \/>\n<p>&nbsp;<\/p>\n<h1 class=\"_title post-title entry-title\">SIULP PREOCCUPATO PER I NUMERI DELLA POLIZIA STRADALE<\/h1>\n<p>Intervistati FRANCESCO ZERILLI (QUESTORE BELLUNO) (Servizio di\u00a0<a href=\"https:\/\/antennatre.medianordest.it\/redazione\/Fabio-Fioravanzi\/\">Fabio Fioravanzi<\/a>)<\/p>\n<p><iframe loading=\"lazy\" title=\"SIULP PREOCCUPATO PER I NUMERI DELLA POLIZIA STRADALE | 26\/11\/2024\" width=\"1200\" height=\"675\" src=\"https:\/\/www.youtube.com\/embed\/nm7INjRfZXI?feature=oembed\" frameborder=\"0\" allow=\"accelerometer; autoplay; clipboard-write; encrypted-media; gyroscope; picture-in-picture; web-share\" referrerpolicy=\"strict-origin-when-cross-origin\" allowfullscreen><\/iframe><\/p>\n<p>&nbsp;<\/p>\n<hr \/>\n<p>&nbsp;<\/p>\n<blockquote>\n<h3>CONSEGNA DEI DIPLOMI DELL&#8217;ISTITUTO FOLLADOR-DE ROSSI<\/h3>\n<\/blockquote>\n<p><strong><a class=\"dt-pswp-item\" href=\"https:\/\/www.radiopiu.net\/wordpress\/wp-content\/uploads\/2024\/11\/FOLLADOR-DE-ROSSI.png\" data-dt-img-description=\"\" data-large_image_width=\"385\" data-large_image_height=\"148\"><img loading=\"lazy\" decoding=\"async\" class=\" wp-image-420848 alignleft\" src=\"https:\/\/www.radiopiu.net\/wordpress\/wp-content\/uploads\/2024\/11\/FOLLADOR-DE-ROSSI-300x115.png\" alt=\"\" width=\"245\" height=\"94\" srcset=\"https:\/\/www.radiopiu.net\/wordpress\/wp-content\/uploads\/2024\/11\/FOLLADOR-DE-ROSSI-300x115.png 300w, https:\/\/www.radiopiu.net\/wordpress\/wp-content\/uploads\/2024\/11\/FOLLADOR-DE-ROSSI.png 385w\" sizes=\"auto, (max-width: 245px) 100vw, 245px\" \/><\/a>AGORDO<\/strong> Venerd\u00ec 29 novembre 2024, alle ore 19:30, presso la palestra Dolomiti di Falcade (adiacente all\u2019Istituto Follador-De Rossi), si terr\u00e0 la cerimonia di consegna dei Diplomi di Stato dell\u2019Istituto Follador-De Rossi di Agordo. L\u2019evento sar\u00e0 preceduto da un buffet di benvenuto, curato dagli studenti dell\u2019indirizzo enogastronomico, a partire dalle 18:00. La serata celebrer\u00e0 i neo-diplomati e vedr\u00e0 la partecipazione di ospiti e autorit\u00e0. L\u2019iniziativa rappresenta un momento importante per valorizzare il percorso degli studenti e coinvolgere la comunit\u00e0.<\/p>\n<p>&nbsp;<\/p>\n<p>&nbsp;<\/p>\n<hr \/>\n<p>&nbsp;<\/p>\n<blockquote>\n<h2>Divieto di sosta su uno stallo in via Mezzaterra<\/h2>\n<\/blockquote>\n<h2><a class=\"dt-pswp-item\" href=\"https:\/\/www.radiopiu.net\/wordpress\/wp-content\/uploads\/2023\/06\/Belluno-di-sera-i-giovedi.jpg\" data-dt-img-description=\"\" data-large_image_width=\"1000\" data-large_image_height=\"750\"><img loading=\"lazy\" decoding=\"async\" class=\"size-medium wp-image-342240 alignleft\" src=\"https:\/\/www.radiopiu.net\/wordpress\/wp-content\/uploads\/2023\/06\/Belluno-di-sera-i-giovedi-300x225.jpg\" alt=\"\" width=\"300\" height=\"225\" srcset=\"https:\/\/www.radiopiu.net\/wordpress\/wp-content\/uploads\/2023\/06\/Belluno-di-sera-i-giovedi-300x225.jpg 300w, https:\/\/www.radiopiu.net\/wordpress\/wp-content\/uploads\/2023\/06\/Belluno-di-sera-i-giovedi-768x576.jpg 768w, https:\/\/www.radiopiu.net\/wordpress\/wp-content\/uploads\/2023\/06\/Belluno-di-sera-i-giovedi.jpg 1000w\" sizes=\"auto, (max-width: 300px) 100vw, 300px\" \/><\/a><\/h2>\n<p><strong>BELLUNO<\/strong> In alcune giornate, per incontri sulla natura morta al Museo Burel In occasione di alcuni incontri collegati alla mostra \u201cNatura morta. Jessica Moss\u201d, si rende necessaria l\u2019istituzione del divieto di sosta sullo stallo a pagamento antistante all\u2019ingresso del Museo Burel, in via Mezzaterra, all\u2019altezza del civico 49, nelle giornate del 30 novembre e 1, 7 e 8 dicembre, dalle ore 9.00 alle ore 19.00 di ciascuna giornata.<\/p>\n<blockquote>\n<h2>\u00a0Chiusura uffici Polizia locale<\/h2>\n<\/blockquote>\n<p><strong>BELLUNO\u00a0 <\/strong>Il 28 novembre e il 2 dicembre, gli uffici della Polizia locale saranno chiusi al pubblico, per permettere al personale di frequentare dei corsi di formazione. L\u2019attivit\u00e0 riprender\u00e0 regolarmente nelle altre giornate<\/p>\n<p>&nbsp;<\/p>\n<p>&nbsp;<\/p>\n<hr \/>\n<p>&nbsp;<\/p>\n<blockquote>\n<h3>UN BANDO PER 1634 ALLIEVI FINANZIERI<\/h3>\n<\/blockquote>\n<p>La Guardia di Finanza ha pubblicato il bando di concorso per il reclutamento di 1634 allievi finanzieri per l&#8217;anno 2024. Il concorso si svolger\u00e0 per titoli ed esami.<\/p>\n<p>&nbsp;<\/p>\n<p>&nbsp;<\/p>\n<hr \/>\n<p>&nbsp;<\/p>\n<blockquote>\n<p data-pm-slice=\"1 1 []\"><strong>Concorso per 33 atleti nei gruppi sportivi Fiamme Oro della Polizia di Stato<\/strong><\/p>\n<\/blockquote>\n<p>Sul Portale Unico del reclutamento, all&#8217;indirizzo <a>www.inpa.gov.it<\/a> e sul sito <a>www.poliziadistato.it<\/a>, \u00e8 stato pubblicato il 14 novembre 2024 un bando di concorso pubblico per titoli, finalizzato all&#8217;assunzione di 33 atleti da destinare ai gruppi sportivi \u201cPolizia di Stato \u2013 Fiamme Oro\u201d. Gli atleti selezionati saranno inquadrati nel ruolo degli agenti e assistenti della Polizia di Stato, con qualifica di agente.<\/p>\n<p>&nbsp;<\/p>\n<p>&nbsp;<\/p>\n<hr \/>\n<p>&nbsp;<\/p>\n<blockquote>\n<h3>VOLGE AL TERMINE LA STAGIONE DI VENETO SPETTACOLI DI MISTERO<\/h3>\n<\/blockquote>\n<p>Si conclude la 16\u00aa edizione di \u201cVeneto: Spettacoli di Mistero\u201d, festival dedicato alle storie occulte della regione, organizzato da Regione Veneto e UNPLI Veneto sotto la direzione artistica di Alberto Toso Fei. Con quasi 80 eventi, la rassegna mescola realt\u00e0 e immaginazione, valorizzando il patrimonio culturale locale. Nel Bellunese, gli ultimi appuntamenti includono il monologo <em>Anatomie di un viaggiatore<\/em> su Girolamo Segato, a Sospirolo il 29 novembre, e <em>Crod\u00e8res e la Principessa sui Monti Pallidi<\/em>, spettacolo per tutte le et\u00e0 a Feltre il 30 novembre. Fino al 17 gennaio 2025, Sospirolo ospita una mostra sulle riproduzioni di tavole dell&#8217;Atlante dell&#8217;Alto e Basso Egitto di Segato, illustrando la sua attivit\u00e0 di cartografo ed egittologo.<\/p>\n<p>&nbsp;<\/p>\n<p>&nbsp;<\/p>\n<hr \/>\n<p>&nbsp;<\/p>\n<blockquote>\n<h3>UN WEBINAR SULL&#8217;INTELLIGENZA ARTIFICIALE<\/h3>\n<\/blockquote>\n<p><strong>BELLUNO<\/strong> Domani, dalle 18 alle 20, si terr\u00e0 un webinar gratuito al FabLab di Belluno del progetto &#8220;Dal virtuale al reale: I am here for you&#8221;. Quattro esperti esploreranno il ruolo dell&#8217;Intelligenza Artificiale nello sviluppo aziendale: supporto alle start-up (Francesco Cavestro), nuove professioni digitali (Niccol\u00f2 Boccagni), funzionamento dell&#8217;IA (Armand Thanasi) e rivoluzione creativa e di marketing (Davide Schizzi). L&#8217;evento \u00e8 aperto a tutti e offrir\u00e0 casi studio e testimonianze per sfruttare le tecnologie emergenti.<\/p>\n<p>&nbsp;<\/p>\n<p>&nbsp;<\/p>\n<hr \/>\n<p>&nbsp;<\/p>\n<p><strong><a class=\"dt-pswp-item\" href=\"https:\/\/www.radiopiu.net\/wordpress\/wp-content\/uploads\/2024\/11\/AMICI-MINERARI.png\" data-dt-img-description=\"\" data-large_image_width=\"209\" data-large_image_height=\"174\"><img loading=\"lazy\" decoding=\"async\" class=\"size-full wp-image-419180 alignleft\" src=\"https:\/\/www.radiopiu.net\/wordpress\/wp-content\/uploads\/2024\/11\/AMICI-MINERARI.png\" alt=\"\" width=\"209\" height=\"174\" \/><\/a>&#8220;Con gli Amici dei Minerari: Serate d&#8217;Inverno \u2013 un viaggio tra storia, scienza e meraviglie. Incontri presso la Sala con T\u00e0-Mis. Non mancare!&#8221;<\/strong><\/p>\n<ul>\n<li><em>Venerd\u00ec 20 dicembre, ore 20:30<\/em>: &#8220;La morfogenesi delle frane&#8221; \u2013 Relatore Prof. Vittorio Fenti.<\/li>\n<li><em>Venerd\u00ec 24 gennaio, ore 20:30<\/em>: &#8220;Il meraviglioso mondo dei fossili delle Dolomiti&#8221; \u2013 Relatore Danilo Giordano.<\/li>\n<li><em>Venerd\u00ec 21 febbraio, ore 20:30<\/em>: &#8220;Il traforo del Brennero: studio, progettazione e realizzazione&#8221; \u2013 Relatori Vittorio Fenti e Mario Guadagnini.<\/li>\n<\/ul>\n<p><strong>Vivi la cultura e la passione per la montagna!<\/strong><\/p>\n<p>&nbsp;<\/p>\n<p>&nbsp;<\/p>\n<hr \/>\n<p>&nbsp;<\/p>\n<blockquote>\n<h3><a class=\"dt-pswp-item\" href=\"https:\/\/www.radiopiu.net\/wordpress\/wp-content\/uploads\/2024\/11\/Unknown.jpeg\" data-dt-img-description=\"\" data-large_image_width=\"1080\" data-large_image_height=\"810\"><img loading=\"lazy\" decoding=\"async\" class=\" wp-image-421053 alignleft\" src=\"https:\/\/www.radiopiu.net\/wordpress\/wp-content\/uploads\/2024\/11\/Unknown-300x225.jpeg\" alt=\"\" width=\"191\" height=\"143\" srcset=\"https:\/\/www.radiopiu.net\/wordpress\/wp-content\/uploads\/2024\/11\/Unknown-300x225.jpeg 300w, https:\/\/www.radiopiu.net\/wordpress\/wp-content\/uploads\/2024\/11\/Unknown-1024x768.jpeg 1024w, https:\/\/www.radiopiu.net\/wordpress\/wp-content\/uploads\/2024\/11\/Unknown-768x576.jpeg 768w, https:\/\/www.radiopiu.net\/wordpress\/wp-content\/uploads\/2024\/11\/Unknown.jpeg 1080w\" sizes=\"auto, (max-width: 191px) 100vw, 191px\" \/><\/a>IL 30 NOVEMBRE DONNE IN PERICOLO A BELLUNO<\/h3>\n<\/blockquote>\n<p><strong>BELLUNO<\/strong> Vittoria Belvedere, Bendicta Boccoli e Debora Caprioglio (in ordine alfabetico) sabato 30 novembre alle 20.45 interpreteranno \u201cDONNE IN PERICOLO\u201d della commediografa americana Wendy MacLeod nel secondo appuntamento della 48ma Stagione di Prosa del Circolo Cultura e Stampa Bellunese. Lo spettacolo, che si preannuncia esilarante, sta raggiungendo il sold out: \u00e8 possibile acquistare i biglietti rimasti online dal sito <a href=\"http:\/\/www.circoloculturaestampabellunese.it\">www.circoloculturaestampabellunese.it<\/a>, oppure la sera dello spettacolo dalle 19.30 al Botteghino del Teatro Comunale.<\/p>\n<p>&nbsp;<\/p>\n<p>&nbsp;<\/p>\n<hr \/>\n<p>&nbsp;<\/p>\n<h2><span style=\"color: #ff6600;\">IERI ALLA RADIO\u00a0\u00a0<\/span><\/h2>\n<h2><span style=\"color: #008000;\">&#8220;DINTORN E FORA VIA&#8221;\u00a0 IL PROGRAMMA\u00a0 A CURA DEL MUSLA<\/span><\/h2>\n<p><strong><a class=\"dt-pswp-item\" href=\"https:\/\/www.radiopiu.net\/wordpress\/wp-content\/uploads\/2024\/09\/GIORNALI.jpg\" data-dt-img-description=\"\" data-large_image_width=\"1280\" data-large_image_height=\"853\"><img loading=\"lazy\" decoding=\"async\" class=\" wp-image-410862 alignleft\" src=\"https:\/\/www.radiopiu.net\/wordpress\/wp-content\/uploads\/2024\/09\/GIORNALI-300x200.jpg\" alt=\"\" width=\"183\" height=\"122\" srcset=\"https:\/\/www.radiopiu.net\/wordpress\/wp-content\/uploads\/2024\/09\/GIORNALI-300x200.jpg 300w, https:\/\/www.radiopiu.net\/wordpress\/wp-content\/uploads\/2024\/09\/GIORNALI-1024x682.jpg 1024w, https:\/\/www.radiopiu.net\/wordpress\/wp-content\/uploads\/2024\/09\/GIORNALI-768x512.jpg 768w, https:\/\/www.radiopiu.net\/wordpress\/wp-content\/uploads\/2024\/09\/GIORNALI.jpg 1280w\" sizes=\"auto, (max-width: 183px) 100vw, 183px\" \/><\/a>PUNTATA DEL 26 NOVEMBRE MARTINO DAL MAS<\/strong><\/p>\n<audio class=\"wp-audio-shortcode\" id=\"audio-421536-10\" preload=\"none\" style=\"width: 100%;\" controls=\"controls\"><source type=\"audio\/mpeg\" src=\"https:\/\/www.radiopiu.net\/wordpress\/wp-content\/uploads\/2024\/11\/MUSLA-8.mp3?_=10\" \/><a href=\"https:\/\/www.radiopiu.net\/wordpress\/wp-content\/uploads\/2024\/11\/MUSLA-8.mp3\">https:\/\/www.radiopiu.net\/wordpress\/wp-content\/uploads\/2024\/11\/MUSLA-8.mp3<\/a><\/audio>\n<p>&nbsp;<\/p>\n<h2>LA RACCOLTA COMPLETA <a href=\"https:\/\/www.radiopiu.net\/wordpress\/musla\/\"><span style=\"color: #3366ff;\">CLICCA QUI<\/span><\/a><\/h2>\n<p>&nbsp;<\/p>\n<hr \/>\n<p>&nbsp;<\/p>\n<h2><span style=\"color: #ff00ff;\">DI MARTEDI&#8230; POMERIGGIO CON LUISA ALCHINI<\/span><\/h2>\n<p><span style=\"color: #ff0000;\"><strong><a class=\"dt-pswp-item\" href=\"https:\/\/www.radiopiu.net\/wordpress\/wp-content\/uploads\/2024\/11\/SCR-20241126-riqi.jpeg\" data-dt-img-description=\"\" data-large_image_width=\"1730\" data-large_image_height=\"1296\"><img loading=\"lazy\" decoding=\"async\" class=\" wp-image-421677 alignleft\" src=\"https:\/\/www.radiopiu.net\/wordpress\/wp-content\/uploads\/2024\/11\/SCR-20241126-riqi-300x225.jpeg\" alt=\"\" width=\"193\" height=\"145\" srcset=\"https:\/\/www.radiopiu.net\/wordpress\/wp-content\/uploads\/2024\/11\/SCR-20241126-riqi-300x225.jpeg 300w, https:\/\/www.radiopiu.net\/wordpress\/wp-content\/uploads\/2024\/11\/SCR-20241126-riqi-1024x767.jpeg 1024w, https:\/\/www.radiopiu.net\/wordpress\/wp-content\/uploads\/2024\/11\/SCR-20241126-riqi-768x575.jpeg 768w, https:\/\/www.radiopiu.net\/wordpress\/wp-content\/uploads\/2024\/11\/SCR-20241126-riqi-1536x1151.jpeg 1536w, https:\/\/www.radiopiu.net\/wordpress\/wp-content\/uploads\/2024\/11\/SCR-20241126-riqi.jpeg 1730w\" sizes=\"auto, (max-width: 193px) 100vw, 193px\" \/><\/a>PUNTATA 20 PARTE UNO &#8211; LA DOTTORESSA PAOLA TAUFER<\/strong><\/span><\/p>\n<audio class=\"wp-audio-shortcode\" id=\"audio-421536-11\" preload=\"none\" style=\"width: 100%;\" controls=\"controls\"><source type=\"audio\/mpeg\" src=\"https:\/\/www.radiopiu.net\/wordpress\/wp-content\/uploads\/2024\/11\/LP1-3.mp3?_=11\" \/><a href=\"https:\/\/www.radiopiu.net\/wordpress\/wp-content\/uploads\/2024\/11\/LP1-3.mp3\">https:\/\/www.radiopiu.net\/wordpress\/wp-content\/uploads\/2024\/11\/LP1-3.mp3<\/a><\/audio>\n<p>&nbsp;<\/p>\n<p><span style=\"color: #ff0000;\"><strong>PARTE DUE<\/strong><\/span><\/p>\n<audio class=\"wp-audio-shortcode\" id=\"audio-421536-12\" preload=\"none\" style=\"width: 100%;\" controls=\"controls\"><source type=\"audio\/mpeg\" src=\"https:\/\/www.radiopiu.net\/wordpress\/wp-content\/uploads\/2024\/11\/LP2-3.mp3?_=12\" \/><a href=\"https:\/\/www.radiopiu.net\/wordpress\/wp-content\/uploads\/2024\/11\/LP2-3.mp3\">https:\/\/www.radiopiu.net\/wordpress\/wp-content\/uploads\/2024\/11\/LP2-3.mp3<\/a><\/audio>\n<p>&nbsp;<\/p>\n<p><span style=\"color: #ff0000;\"><strong>PARTE TRE<\/strong><\/span><\/p>\n<audio class=\"wp-audio-shortcode\" id=\"audio-421536-13\" preload=\"none\" style=\"width: 100%;\" controls=\"controls\"><source type=\"audio\/mpeg\" src=\"https:\/\/www.radiopiu.net\/wordpress\/wp-content\/uploads\/2024\/11\/LP3-2.mp3?_=13\" \/><a href=\"https:\/\/www.radiopiu.net\/wordpress\/wp-content\/uploads\/2024\/11\/LP3-2.mp3\">https:\/\/www.radiopiu.net\/wordpress\/wp-content\/uploads\/2024\/11\/LP3-2.mp3<\/a><\/audio>\n<p>&nbsp;<\/p>\n<h2>LA RACCOLTA COMPLETA <a href=\"https:\/\/www.radiopiu.net\/wordpress\/lmt20\/\"><span style=\"color: #3366ff;\">CLICCA QUI<\/span><\/a><\/h2>\n<p>&nbsp;<\/p>\n<hr \/>\n<p>&nbsp;<\/p>\n<blockquote>\n<h2>VENERDI INAUGURAZIONE E VISITE GUIDATE AL NUOVO CENTRO MEDICO<\/h2>\n<\/blockquote>\n<p><strong><img loading=\"lazy\" decoding=\"async\" class=\"alignleft\" src=\"https:\/\/www.radiopiu.net\/wordpress\/wp-content\/uploads\/2024\/11\/Senza-nome-112.png\" width=\"207\" height=\"124\" \/>In studio, il dottor Andrea Fiore e il responsabile settore infermieristico Alessio Xaiz<\/strong><\/p>\n<p>&nbsp;<\/p>\n<p>&nbsp;<\/p>\n<p>&nbsp;<\/p>\n<audio class=\"wp-audio-shortcode\" id=\"audio-421536-14\" preload=\"none\" style=\"width: 100%;\" controls=\"controls\"><source type=\"audio\/mpeg\" src=\"https:\/\/www.radiopiu.net\/wordpress\/wp-content\/uploads\/2024\/11\/DOTTOR-FIORE-E-XAIZ-SECONDA-PUNTATA.mp3?_=14\" \/><a href=\"https:\/\/www.radiopiu.net\/wordpress\/wp-content\/uploads\/2024\/11\/DOTTOR-FIORE-E-XAIZ-SECONDA-PUNTATA.mp3\">https:\/\/www.radiopiu.net\/wordpress\/wp-content\/uploads\/2024\/11\/DOTTOR-FIORE-E-XAIZ-SECONDA-PUNTATA.mp3<\/a><\/audio>\n<p>&nbsp;<\/p>\n<hr \/>\n<p>&nbsp;<\/p>\n<blockquote class=\"wp-embedded-content\" data-secret=\"owDDLG9Phs\"><p><a href=\"https:\/\/www.radiopiu.net\/wordpress\/scuola-aperta-al-follador-de-rossi-2024-gli-speciali-alla-radio\/\">SCUOLA APERTA AL FOLLADOR DE ROSSI 2024 GLI SPECIALI ALLA RADIO<\/a><\/p><\/blockquote>\n<p><iframe loading=\"lazy\" class=\"wp-embedded-content\" sandbox=\"allow-scripts\" security=\"restricted\" style=\"position: absolute; visibility: hidden;\" title=\"&#8220;SCUOLA APERTA AL FOLLADOR DE ROSSI 2024 GLI SPECIALI ALLA RADIO&#8221; &#8212; Radio Pi\u00f9\" src=\"https:\/\/www.radiopiu.net\/wordpress\/scuola-aperta-al-follador-de-rossi-2024-gli-speciali-alla-radio\/embed\/#?secret=ilcwDvinif#?secret=owDDLG9Phs\" data-secret=\"owDDLG9Phs\" width=\"600\" height=\"338\" frameborder=\"0\" marginwidth=\"0\" marginheight=\"0\" scrolling=\"no\"><\/iframe><\/p>\n<p>&nbsp;<\/p>\n<hr \/>\n<p>&nbsp;<\/p>\n<blockquote>\n<h2>Concerto in memoria di Igor Roldo: solidariet\u00e0 e musica al Piccolo Teatro Pierobon<\/h2>\n<\/blockquote>\n<div class=\"flex-1 overflow-hidden\">\n<div class=\"h-full\">\n<div class=\"react-scroll-to-bottom--css-iaghl-79elbk h-full\">\n<div class=\"react-scroll-to-bottom--css-iaghl-1n7m0yu\">\n<div class=\"flex flex-col text-sm md:pb-9\">\n<article class=\"w-full scroll-mb-[var(--thread-trailing-height)] text-token-text-primary focus-visible:outline-2 focus-visible:outline-offset-[-4px]\" dir=\"auto\" data-testid=\"conversation-turn-27\" data-scroll-anchor=\"true\">\n<div class=\"m-auto text-base py-[18px] px-3 md:px-4 w-full md:px-5 lg:px-4 xl:px-5\">\n<div class=\"mx-auto flex flex-1 gap-4 text-base md:gap-5 lg:gap-6 md:max-w-3xl lg:max-w-[40rem] xl:max-w-[48rem]\">\n<div class=\"group\/conversation-turn relative flex w-full min-w-0 flex-col agent-turn\">\n<div class=\"flex-col gap-1 md:gap-3\">\n<div class=\"flex max-w-full flex-col flex-grow\">\n<div class=\"min-h-8 text-message flex w-full flex-col items-end gap-2 whitespace-normal break-words [.text-message+&amp;]:mt-5\" dir=\"auto\" data-message-author-role=\"assistant\" data-message-id=\"2f1985a1-38a8-441c-a356-ef2248e23e98\" data-message-model-slug=\"gpt-4o\">\n<div class=\"flex w-full flex-col gap-1 empty:hidden first:pt-[3px]\">\n<div class=\"markdown prose w-full break-words dark:prose-invert dark\">\n<p><strong><a class=\"dt-pswp-item\" href=\"https:\/\/www.radiopiu.net\/wordpress\/wp-content\/uploads\/2024\/11\/4-foto.jpg\" data-dt-img-description=\"\" data-large_image_width=\"1410\" data-large_image_height=\"1267\"><img loading=\"lazy\" decoding=\"async\" class=\"wp-image-419353 alignleft\" src=\"https:\/\/www.radiopiu.net\/wordpress\/wp-content\/uploads\/2024\/11\/4-foto-300x270.jpg\" alt=\"\" width=\"157\" height=\"141\" srcset=\"https:\/\/www.radiopiu.net\/wordpress\/wp-content\/uploads\/2024\/11\/4-foto-300x270.jpg 300w, https:\/\/www.radiopiu.net\/wordpress\/wp-content\/uploads\/2024\/11\/4-foto-1024x920.jpg 1024w, https:\/\/www.radiopiu.net\/wordpress\/wp-content\/uploads\/2024\/11\/4-foto-768x690.jpg 768w, https:\/\/www.radiopiu.net\/wordpress\/wp-content\/uploads\/2024\/11\/4-foto.jpg 1410w\" sizes=\"auto, (max-width: 157px) 100vw, 157px\" \/><\/a>PONTE NELLE ALPI<\/strong> Sabato 30 novembre, il Piccolo Teatro Pierobon ospiter\u00e0 un concerto in ricordo di Igor Roldo, scomparso un anno fa. Organizzato da WR Events e Comitato Pollicino, l&#8217;evento celebra la memoria di Roldo, 58 anni, noto dirigente del San Giorgio Calcio e ideatore del Festival musicale di Pian dei Castaldi. Considerato un talent scout, Roldo ha sempre supportato nuove formazioni musicali, promuovendo eventi per finanziare progetti solidali del Comitato Pollicino, dedicato ai bambini bisognosi di Petrosani, Romania. La serata sar\u00e0 animata dall\u2019Uncle Frank Project, composto da Franco De Poli, Alberto Mambrini, Andrea Cuzzuol e Mauro De Luca, noti per i loro concerti a scopo benefico. Sul palco, il quartetto racconter\u00e0 l\u2019evoluzione della chitarra attraverso diversi stili musicali, mostrando come questo strumento rimanga centrale nel sound moderno. Il concerto \u00e8 patrocinato dal Comune di Ponte nelle Alpi e prevede ingresso a offerta libera. Tutto il ricavato andr\u00e0 al Comitato Pollicino, proseguendo l\u2019impegno di Roldo nel coniugare musica e solidariet\u00e0.<\/p>\n<\/div>\n<\/div>\n<\/div>\n<\/div>\n<\/div>\n<\/div>\n<\/div>\n<\/div>\n<\/article>\n<\/div>\n<\/div>\n<\/div>\n<\/div>\n<\/div>\n<p>&nbsp;<\/p>\n<p>&nbsp;<\/p>\n<hr \/>\n<p>&nbsp;<\/p>\n<blockquote>\n<h3>SABATO E DOMENICA AL CINEMA DOLOMITI DI FALCADE &#8220;IL CAMPO DI BATTAGLIA&#8221;<\/h3>\n<\/blockquote>\n<p><strong><a class=\"dt-pswp-item\" href=\"https:\/\/www.radiopiu.net\/wordpress\/wp-content\/uploads\/2024\/11\/il-campo-di-battaglia.jpg\" data-dt-img-description=\"\" data-large_image_width=\"420\" data-large_image_height=\"600\"><img loading=\"lazy\" decoding=\"async\" class=\" wp-image-421687 alignleft\" src=\"https:\/\/www.radiopiu.net\/wordpress\/wp-content\/uploads\/2024\/11\/il-campo-di-battaglia-210x300.jpg\" alt=\"\" width=\"136\" height=\"195\" srcset=\"https:\/\/www.radiopiu.net\/wordpress\/wp-content\/uploads\/2024\/11\/il-campo-di-battaglia-210x300.jpg 210w, https:\/\/www.radiopiu.net\/wordpress\/wp-content\/uploads\/2024\/11\/il-campo-di-battaglia.jpg 420w\" sizes=\"auto, (max-width: 136px) 100vw, 136px\" \/><\/a>REDAZIONE<\/strong> Sar\u00e0 in programmazione sabato e domenica al Cinema Doloomiti di Falcade il film &#8220;Il Campo Di Battaglia&#8221;. Durante la Prima Guerra Mondiale, Stefano e Giulio, amici d\u2019infanzia e ufficiali medici in un ospedale militare al fronte, sono uniti da un passato comune ma divisi da scelte che mettono alla prova la loro amicizia. L\u2019amore per la stessa donna, Elena, una giovane infermiera dell\u2019ospedale, accresce le tensioni tra loro. Tuttavia, il vero scontro emerge quando Stefano scopre che Giulio, spinto da una visione umanitaria ma contraria ai codici militari, peggiora deliberatamente le condizioni dei soldati gravemente feriti per impedire il loro ritorno in trincea. Questo atto, nato dalla piet\u00e0, pone i due di fronte a una scelta devastante: rispettare il giuramento di medici o ribellarsi a un sistema che li trasforma in complici di una carneficina. Tra ideali, senso del dovere e colpa, le vite dei due uomini e di Elena si intrecciano in un crescendo di sacrifici e decisioni irreparabili.\u00a0<strong>Spettacoli alle 21, domenica anche alle 15:30<\/strong><\/p>\n<p><strong>LA PRESENTAZIONE A CURA DI PAOLA LANCIATO<\/strong><\/p>\n<audio class=\"wp-audio-shortcode\" id=\"audio-421536-15\" preload=\"none\" style=\"width: 100%;\" controls=\"controls\"><source type=\"audio\/mpeg\" src=\"https:\/\/www.radiopiu.net\/wordpress\/wp-content\/uploads\/2024\/11\/CAMPO-DI-BATTAGLIA.mp3?_=15\" \/><a href=\"https:\/\/www.radiopiu.net\/wordpress\/wp-content\/uploads\/2024\/11\/CAMPO-DI-BATTAGLIA.mp3\">https:\/\/www.radiopiu.net\/wordpress\/wp-content\/uploads\/2024\/11\/CAMPO-DI-BATTAGLIA.mp3<\/a><\/audio>\n<p>&nbsp;<\/p>\n<hr \/>\n<p>&nbsp;<\/p>\n<h2><span style=\"color: #ff0000;\"><a class=\"dt-pswp-item\" href=\"https:\/\/www.radiopiu.net\/wordpress\/wp-content\/uploads\/2018\/09\/appuntamenti.jpeg\" data-dt-img-description=\"\" data-large_image_width=\"800\" data-large_image_height=\"100\"><img loading=\"lazy\" decoding=\"async\" class=\"wp-image-61958 size-full aligncenter\" src=\"https:\/\/www.radiopiu.net\/wordpress\/wp-content\/uploads\/2018\/09\/appuntamenti.jpeg\" alt=\"\" width=\"800\" height=\"100\" srcset=\"https:\/\/www.radiopiu.net\/wordpress\/wp-content\/uploads\/2018\/09\/appuntamenti.jpeg 800w, https:\/\/www.radiopiu.net\/wordpress\/wp-content\/uploads\/2018\/09\/appuntamenti-300x38.jpeg 300w, https:\/\/www.radiopiu.net\/wordpress\/wp-content\/uploads\/2018\/09\/appuntamenti-768x96.jpeg 768w\" sizes=\"auto, (max-width: 800px) 100vw, 800px\" \/><\/a><\/span><\/h2>\n<p>&nbsp;<\/p>\n<div style=\"width: 1200px;\" class=\"wp-video\"><video class=\"wp-video-shortcode\" id=\"video-421536-2\" width=\"1200\" height=\"675\" preload=\"metadata\" controls=\"controls\"><source type=\"video\/mp4\" src=\"https:\/\/www.radiopiu.net\/wordpress\/wp-content\/uploads\/2024\/10\/WhatsApp-Video-2024-10-23-at-00.12.10.mp4?_=2\" \/><a href=\"https:\/\/www.radiopiu.net\/wordpress\/wp-content\/uploads\/2024\/10\/WhatsApp-Video-2024-10-23-at-00.12.10.mp4\">https:\/\/www.radiopiu.net\/wordpress\/wp-content\/uploads\/2024\/10\/WhatsApp-Video-2024-10-23-at-00.12.10.mp4<\/a><\/video><\/div>\n<p><strong>\u00a0<\/strong><\/p>\n<p><strong>SABATO E DOMENICA AL CINEMA DOLOMITI DI FALCADE IL FILM &#8220;CAMPO DI BATTAGLIA&#8221; SPETTACOLI ALLE 21, DOMENICA ANCHE ALLE 15:30<\/strong><\/p>\n<div class=\"flex-shrink-0 flex flex-col relative items-end\">\n<div class=\"pt-0\">\n<div class=\"gizmo-bot-avatar flex h-8 w-8 items-center justify-center overflow-hidden rounded-full\">\n<p class=\"relative p-1 rounded-sm flex items-center justify-center bg-token-main-surface-primary text-token-text-primary h-8 w-8\"><strong>CANALE D&#8217;AGORDO <\/strong>Jazzercise \u00e8 un allenamento ad alta intensit\u00e0 che combina danza, pilates, yoga e kickboxing, adatto a tutti i livelli di fitness. \u00c8 efficace per tonificare i muscoli, migliorare la postura e ottenere un fisico snello. Nell&#8217;Agordino, le lezioni si tengono a Canale d&#8217;Agordo, nella sala ex emigranti di via Lotta, il luned\u00ec dalle 18:15 alle 19:15 e il mercoled\u00ec dalle 18:30 alle 19:30. L&#8217;istruttrice certificata RaLuca ti aspetta per un allenamento coinvolgente al ritmo di musica attuale. Per informazioni: 347 9295478<\/p>\n<\/div>\n<\/div>\n<\/div>\n<p><strong>FALCADE<\/strong> Le cena della classe 1974 dei coscritti dell&#8217;<strong>Agordino<\/strong> si terr\u00e0\u00a0 sabato 30 novembre\u00a0 a Falcade, Hotel Stella Alpina. La cena e&#8217; aperta ai nati nel 1974 nei 16 comuni dell&#8217;Agordino, e sara&#8217; un&#8217;occasione di ritrovo,\u00a0 dopo tanto tempo e festeggiare il mezzo secolo.Info\u00a0 3478120853<\/p>\n<p><strong>BELLUNO <\/strong>Sabato 7 dicembre 2024 alle ore 17:30 in Sala Teatro al Giovanni 23mo di piazza Piloni a Belluno, l\u2019Associazione Liberal presieduta da Rosalba Schenal, invita a partecipare alla conferenza sul fallito attentato a Enrico Berlinguer. A 40 anni dalla morte del leader politico del Partito Comunista, l\u2019inchiesta rivela il piano dei servizi segreti bulgari e sovietici per uccidere Berlinguer, che con Aldo Moro aveva ipotizzato il compromesso storico e la via italiana al socialismo. Relatore della serata: Giovanni Fasanella, giornalista e scrittore, conduce: Franco Tosolini, ricercatore storico<\/p>\n<p><strong>CENCENIGHE\u00a0 <\/strong>SABATO 30 NOVEMBRE, DOMENICA 1 DICEMBRE A CENCENIGHE LA FESTA DI SANT&#8217;ANDREA CON PROLOCO E COMUNE.<br \/>\nAL NOF FILO&#8217; SABATO MERCATINO DELL&#8217;ARTIGIANATO DALLE 9 ALLE 19, SERVIZIO BAR E POSSIBILIT\u00e0 DI PRANZO CON PRODOTTI TIPICI. DALLE 16.30 SPETTACOLO DEL GRUPPO I BATI ORZ DA SAN TOMAS E APERITIVO DEI MAGNA MUS CON DJ JACK DOMENICA 1 DICEMBRE DALLE 10 ALLE 16 GIRI IN PONY E CAVALLO PER BAMBINI E RAGAZZI ESPOSIZIONE ANIMALI, DIMOSTRAZIONE DI SCULTURA CON LA MOTOSEGA E ALLE 16 IN SALA CONSILIARE DOLCE E SALATO, SPETTACOLO DI BURATTINI DDI SERGHEI FULLIN. CON GLI ALPINI VIN BRULE&#8217; E CALDARROSTE FIERA DI SANT&#8217;ANDREA DI CENCENIGHE SABATO 30 NOVEMBRE E DOMENICA 1 DICEMBRE CON IL CONTRIBUTO DI BIM COMUNI MONTANI<\/p>\n<p>&nbsp;<\/p>\n<div>\n<div class=\"\" dir=\"auto\">\n<div id=\":r9h:\" class=\"x1iorvi4 x1pi30zi x1l90r2v x1swvt13\" data-ad-comet-preview=\"message\" data-ad-preview=\"message\">\n\n\t\t\t<style type='text\/css'>\n\t\t\t\t#gallery-2 {\n\t\t\t\t\tmargin: auto;\n\t\t\t\t}\n\t\t\t\t#gallery-2 .gallery-item {\n\t\t\t\t\tfloat: left;\n\t\t\t\t\tmargin-top: 10px;\n\t\t\t\t\ttext-align: center;\n\t\t\t\t\twidth: 25%;\n\t\t\t\t}\n\t\t\t\t#gallery-2 img {\n\t\t\t\t\tborder: 2px solid #cfcfcf;\n\t\t\t\t}\n\t\t\t\t#gallery-2 .gallery-caption {\n\t\t\t\t\tmargin-left: 0;\n\t\t\t\t}\n\t\t\t\t\/* see gallery_shortcode() in wp-includes\/media.php *\/\n\t\t\t<\/style>\n\t\t<div id='gallery-2' class='dt-gallery-container gallery galleryid-421536 gallery-columns-4 gallery-size-thumbnail'><dl class='gallery-item'>\n\t\t\t\t<dt class='gallery-icon portrait'>\n\t\t\t\t\t<a class=\"rollover rollover-zoom dt-pswp-item\" title=\"4448afab-7b66-4760-8c53-e411b845306d\" data-dt-img-description=\"\" data-large_image_width=\"1144\" data-large_image_height=\"1600\"href='https:\/\/www.radiopiu.net\/wordpress\/wp-content\/uploads\/2024\/11\/4448afab-7b66-4760-8c53-e411b845306d.jpg'><img loading=\"lazy\" decoding=\"async\" width=\"150\" height=\"150\" src=\"https:\/\/www.radiopiu.net\/wordpress\/wp-content\/uploads\/2024\/11\/4448afab-7b66-4760-8c53-e411b845306d-150x150.jpg\" class=\"attachment-thumbnail size-thumbnail\" alt=\"\" aria-describedby=\"gallery-2-419621\" \/><\/a>\n\t\t\t\t<\/dt>\n\t\t\t\t\t<dd class='wp-caption-text gallery-caption' id='gallery-2-419621'>\n\t\t\t\t\tIL FINE SETTIMANA A CAVIOLA\n\t\t\t\t\t<\/dd><\/dl><dl class='gallery-item'>\n\t\t\t\t<dt class='gallery-icon portrait'>\n\t\t\t\t\t<a class=\"rollover rollover-zoom dt-pswp-item\" title=\"Locandina Sant&#039;Andrea nuova\" data-dt-img-description=\"\" data-large_image_width=\"1890\" data-large_image_height=\"2646\"href='https:\/\/www.radiopiu.net\/wordpress\/wp-content\/uploads\/2024\/11\/Locandina-SantAndrea-nuova.png'><img loading=\"lazy\" decoding=\"async\" width=\"150\" height=\"150\" src=\"https:\/\/www.radiopiu.net\/wordpress\/wp-content\/uploads\/2024\/11\/Locandina-SantAndrea-nuova-150x150.png\" class=\"attachment-thumbnail size-thumbnail\" alt=\"\" \/><\/a>\n\t\t\t\t<\/dt><\/dl><dl class='gallery-item'>\n\t\t\t\t<dt class='gallery-icon portrait'>\n\t\t\t\t\t<a class=\"rollover rollover-zoom dt-pswp-item\" title=\"formula_3_loc\" data-dt-img-description=\"\" data-large_image_width=\"600\" data-large_image_height=\"821\"href='https:\/\/www.radiopiu.net\/wordpress\/wp-content\/uploads\/2024\/11\/formula_3_loc.jpg'><img loading=\"lazy\" decoding=\"async\" width=\"150\" height=\"150\" src=\"https:\/\/www.radiopiu.net\/wordpress\/wp-content\/uploads\/2024\/11\/formula_3_loc-150x150.jpg\" class=\"attachment-thumbnail size-thumbnail\" alt=\"\" aria-describedby=\"gallery-2-419609\" \/><\/a>\n\t\t\t\t<\/dt>\n\t\t\t\t\t<dd class='wp-caption-text gallery-caption' id='gallery-2-419609'>\n\t\t\t\t\tI FORMULA 3 A BELLUNO\n\t\t\t\t\t<\/dd><\/dl><dl class='gallery-item'>\n\t\t\t\t<dt class='gallery-icon portrait'>\n\t\t\t\t\t<a class=\"rollover rollover-zoom dt-pswp-item\" title=\"Ciao Igor copia\" data-dt-img-description=\"\" data-large_image_width=\"453\" data-large_image_height=\"640\"href='https:\/\/www.radiopiu.net\/wordpress\/wp-content\/uploads\/2024\/11\/Ciao-Igor-copia.jpeg'><img loading=\"lazy\" decoding=\"async\" width=\"150\" height=\"150\" src=\"https:\/\/www.radiopiu.net\/wordpress\/wp-content\/uploads\/2024\/11\/Ciao-Igor-copia-150x150.jpeg\" class=\"attachment-thumbnail size-thumbnail\" alt=\"\" aria-describedby=\"gallery-2-419352\" \/><\/a>\n\t\t\t\t<\/dt>\n\t\t\t\t\t<dd class='wp-caption-text gallery-caption' id='gallery-2-419352'>\n\t\t\t\t\tIN MEMORIA DI IGOR\n\t\t\t\t\t<\/dd><\/dl><br style=\"clear: both\" \/><dl class='gallery-item'>\n\t\t\t\t<dt class='gallery-icon portrait'>\n\t\t\t\t\t<a class=\"rollover rollover-zoom dt-pswp-item\" title=\"manifesto serate invernali\" data-dt-img-description=\"\" data-large_image_width=\"1683\" data-large_image_height=\"2383\"href='https:\/\/www.radiopiu.net\/wordpress\/wp-content\/uploads\/2024\/11\/manifesto-serate-invernali.jpg'><img loading=\"lazy\" decoding=\"async\" width=\"150\" height=\"150\" src=\"https:\/\/www.radiopiu.net\/wordpress\/wp-content\/uploads\/2024\/11\/manifesto-serate-invernali-150x150.jpg\" class=\"attachment-thumbnail size-thumbnail\" alt=\"\" aria-describedby=\"gallery-2-418816\" \/><\/a>\n\t\t\t\t<\/dt>\n\t\t\t\t\t<dd class='wp-caption-text gallery-caption' id='gallery-2-418816'>\n\t\t\t\t\t21 FEBBRAIO\n\t\t\t\t\t<\/dd><\/dl><dl class='gallery-item'>\n\t\t\t\t<dt class='gallery-icon portrait'>\n\t\t\t\t\t<a class=\"rollover rollover-zoom dt-pswp-item\" title=\"76cccd40-0603-419e-97ce-c76a73bfea49\" data-dt-img-description=\"\" data-large_image_width=\"1131\" data-large_image_height=\"1600\"href='https:\/\/www.radiopiu.net\/wordpress\/wp-content\/uploads\/2024\/11\/76cccd40-0603-419e-97ce-c76a73bfea49.jpg'><img loading=\"lazy\" decoding=\"async\" width=\"150\" height=\"150\" src=\"https:\/\/www.radiopiu.net\/wordpress\/wp-content\/uploads\/2024\/11\/76cccd40-0603-419e-97ce-c76a73bfea49-150x150.jpg\" class=\"attachment-thumbnail size-thumbnail\" alt=\"\" \/><\/a>\n\t\t\t\t<\/dt><\/dl><dl class='gallery-item'>\n\t\t\t\t<dt class='gallery-icon landscape'>\n\t\t\t\t\t<a class=\"rollover rollover-zoom dt-pswp-item\" title=\"0abbc826-bb45-4385-b009-d3e07ffc47d6\" data-dt-img-description=\"\" data-large_image_width=\"1080\" data-large_image_height=\"1080\"href='https:\/\/www.radiopiu.net\/wordpress\/wp-content\/uploads\/2024\/11\/0abbc826-bb45-4385-b009-d3e07ffc47d6.jpg'><img loading=\"lazy\" decoding=\"async\" width=\"150\" height=\"150\" src=\"https:\/\/www.radiopiu.net\/wordpress\/wp-content\/uploads\/2024\/11\/0abbc826-bb45-4385-b009-d3e07ffc47d6-150x150.jpg\" class=\"attachment-thumbnail size-thumbnail\" alt=\"\" aria-describedby=\"gallery-2-420917\" srcset=\"https:\/\/www.radiopiu.net\/wordpress\/wp-content\/uploads\/2024\/11\/0abbc826-bb45-4385-b009-d3e07ffc47d6-150x150.jpg 150w, https:\/\/www.radiopiu.net\/wordpress\/wp-content\/uploads\/2024\/11\/0abbc826-bb45-4385-b009-d3e07ffc47d6-300x300.jpg 300w, https:\/\/www.radiopiu.net\/wordpress\/wp-content\/uploads\/2024\/11\/0abbc826-bb45-4385-b009-d3e07ffc47d6-1024x1024.jpg 1024w, https:\/\/www.radiopiu.net\/wordpress\/wp-content\/uploads\/2024\/11\/0abbc826-bb45-4385-b009-d3e07ffc47d6-768x768.jpg 768w, https:\/\/www.radiopiu.net\/wordpress\/wp-content\/uploads\/2024\/11\/0abbc826-bb45-4385-b009-d3e07ffc47d6.jpg 1080w\" sizes=\"auto, (max-width: 150px) 100vw, 150px\" \/><\/a>\n\t\t\t\t<\/dt>\n\t\t\t\t\t<dd class='wp-caption-text gallery-caption' id='gallery-2-420917'>\n\t\t\t\t\ta taibon il 28\n\t\t\t\t\t<\/dd><\/dl><dl class='gallery-item'>\n\t\t\t\t<dt class='gallery-icon portrait'>\n\t\t\t\t\t<a class=\"rollover rollover-zoom dt-pswp-item\" title=\"3b619ed3-7b41-4743-902b-03a8621cd61a\" data-dt-img-description=\"\" data-large_image_width=\"1131\" data-large_image_height=\"1600\"href='https:\/\/www.radiopiu.net\/wordpress\/wp-content\/uploads\/2024\/11\/3b619ed3-7b41-4743-902b-03a8621cd61a.jpg'><img loading=\"lazy\" decoding=\"async\" width=\"150\" height=\"150\" src=\"https:\/\/www.radiopiu.net\/wordpress\/wp-content\/uploads\/2024\/11\/3b619ed3-7b41-4743-902b-03a8621cd61a-150x150.jpg\" class=\"attachment-thumbnail size-thumbnail\" alt=\"\" aria-describedby=\"gallery-2-421299\" \/><\/a>\n\t\t\t\t<\/dt>\n\t\t\t\t\t<dd class='wp-caption-text gallery-caption' id='gallery-2-421299'>\n\t\t\t\t\tAL DE TONI DI ALLEGHE\n\t\t\t\t\t<\/dd><\/dl><br style=\"clear: both\" \/><dl class='gallery-item'>\n\t\t\t\t<dt class='gallery-icon portrait'>\n\t\t\t\t\t<a class=\"rollover rollover-zoom dt-pswp-item\" title=\"locandina Insieme e\u0300 piu\u0300 bello\" data-dt-img-description=\"\" data-large_image_width=\"1131\" data-large_image_height=\"1600\"href='https:\/\/www.radiopiu.net\/wordpress\/wp-content\/uploads\/2024\/11\/locandina-Insieme-e-piu-bello.jpg'><img loading=\"lazy\" decoding=\"async\" width=\"150\" height=\"150\" src=\"https:\/\/www.radiopiu.net\/wordpress\/wp-content\/uploads\/2024\/11\/locandina-Insieme-e-piu-bello-150x150.jpg\" class=\"attachment-thumbnail size-thumbnail\" alt=\"\" aria-describedby=\"gallery-2-421314\" \/><\/a>\n\t\t\t\t<\/dt>\n\t\t\t\t\t<dd class='wp-caption-text gallery-caption' id='gallery-2-421314'>\n\t\t\t\t\tINSIEME A SAN GREGORIO\n\t\t\t\t\t<\/dd><\/dl><dl class='gallery-item'>\n\t\t\t\t<dt class='gallery-icon portrait'>\n\t\t\t\t\t<a class=\"rollover rollover-zoom dt-pswp-item\" title=\"e2b0f656-3cd2-4af9-94d6-f6798e4192aa\" data-dt-img-description=\"\" data-large_image_width=\"631\" data-large_image_height=\"969\"href='https:\/\/www.radiopiu.net\/wordpress\/wp-content\/uploads\/2024\/11\/e2b0f656-3cd2-4af9-94d6-f6798e4192aa.jpg'><img loading=\"lazy\" decoding=\"async\" width=\"150\" height=\"150\" src=\"https:\/\/www.radiopiu.net\/wordpress\/wp-content\/uploads\/2024\/11\/e2b0f656-3cd2-4af9-94d6-f6798e4192aa-150x150.jpg\" class=\"attachment-thumbnail size-thumbnail\" alt=\"\" aria-describedby=\"gallery-2-421410\" \/><\/a>\n\t\t\t\t<\/dt>\n\t\t\t\t\t<dd class='wp-caption-text gallery-caption' id='gallery-2-421410'>\n\t\t\t\t\t30 NOVEMBRE AL SOLITO POSTO\n\t\t\t\t\t<\/dd><\/dl><dl class='gallery-item'>\n\t\t\t\t<dt class='gallery-icon portrait'>\n\t\t\t\t\t<a class=\"rollover rollover-zoom dt-pswp-item\" title=\"Senza nome\" data-dt-img-description=\"\" data-large_image_width=\"609\" data-large_image_height=\"690\"href='https:\/\/www.radiopiu.net\/wordpress\/wp-content\/uploads\/2024\/11\/Senza-nome-105.png'><img loading=\"lazy\" decoding=\"async\" width=\"150\" height=\"150\" src=\"https:\/\/www.radiopiu.net\/wordpress\/wp-content\/uploads\/2024\/11\/Senza-nome-105-150x150.png\" class=\"attachment-thumbnail size-thumbnail\" alt=\"\" aria-describedby=\"gallery-2-421384\" \/><\/a>\n\t\t\t\t<\/dt>\n\t\t\t\t\t<dd class='wp-caption-text gallery-caption' id='gallery-2-421384'>\n\t\t\t\t\tGRUPPO SPORTIVO TAIBON\n\t\t\t\t\t<\/dd><\/dl><dl class='gallery-item'>\n\t\t\t\t<dt class='gallery-icon portrait'>\n\t\t\t\t\t<a class=\"rollover rollover-zoom dt-pswp-item\" title=\"locandina definitiva quarantennale Biblioteca Limana\" data-dt-img-description=\"\" data-large_image_width=\"1240\" data-large_image_height=\"1754\"href='https:\/\/www.radiopiu.net\/wordpress\/wp-content\/uploads\/2024\/11\/locandina-definitiva-quarantennale-Biblioteca-Limana.jpg'><img loading=\"lazy\" decoding=\"async\" width=\"150\" height=\"150\" src=\"https:\/\/www.radiopiu.net\/wordpress\/wp-content\/uploads\/2024\/11\/locandina-definitiva-quarantennale-Biblioteca-Limana-150x150.jpg\" class=\"attachment-thumbnail size-thumbnail\" alt=\"\" aria-describedby=\"gallery-2-421652\" \/><\/a>\n\t\t\t\t<\/dt>\n\t\t\t\t\t<dd class='wp-caption-text gallery-caption' id='gallery-2-421652'>\n\t\t\t\t\t40 DELLA BIBLIOTECA DI LIMANA\n\t\t\t\t\t<\/dd><\/dl><br style=\"clear: both\" \/><dl class='gallery-item'>\n\t\t\t\t<dt class='gallery-icon portrait'>\n\t\t\t\t\t<a class=\"rollover rollover-zoom dt-pswp-item\" title=\"3d154f78-508e-424c-8391-429179726fb7\" data-dt-img-description=\"\" data-large_image_width=\"900\" data-large_image_height=\"1600\"href='https:\/\/www.radiopiu.net\/wordpress\/wp-content\/uploads\/2024\/11\/3d154f78-508e-424c-8391-429179726fb7.jpg'><img loading=\"lazy\" decoding=\"async\" width=\"150\" height=\"150\" src=\"https:\/\/www.radiopiu.net\/wordpress\/wp-content\/uploads\/2024\/11\/3d154f78-508e-424c-8391-429179726fb7-150x150.jpg\" class=\"attachment-thumbnail size-thumbnail\" alt=\"\" aria-describedby=\"gallery-2-421672\" \/><\/a>\n\t\t\t\t<\/dt>\n\t\t\t\t\t<dd class='wp-caption-text gallery-caption' id='gallery-2-421672'>\n\t\t\t\t\tUN DIALOGO SUI DIRITTI\n\t\t\t\t\t<\/dd><\/dl><dl class='gallery-item'>\n\t\t\t\t<dt class='gallery-icon portrait'>\n\t\t\t\t\t<a class=\"rollover rollover-zoom dt-pswp-item\" title=\"locandina Fiume evento 7 dicembre con patrocinio 2024\" data-dt-img-description=\"\" data-large_image_width=\"1447\" data-large_image_height=\"2048\"href='https:\/\/www.radiopiu.net\/wordpress\/wp-content\/uploads\/2024\/11\/locandina-Fiume-evento-7-dicembre-con-patrocinio-2024.jpg'><img loading=\"lazy\" decoding=\"async\" width=\"150\" height=\"150\" src=\"https:\/\/www.radiopiu.net\/wordpress\/wp-content\/uploads\/2024\/11\/locandina-Fiume-evento-7-dicembre-con-patrocinio-2024-150x150.jpg\" class=\"attachment-thumbnail size-thumbnail\" alt=\"\" aria-describedby=\"gallery-2-421673\" \/><\/a>\n\t\t\t\t<\/dt>\n\t\t\t\t\t<dd class='wp-caption-text gallery-caption' id='gallery-2-421673'>\n\t\t\t\t\tALLA TERRA DEI PADRI\n\t\t\t\t\t<\/dd><\/dl>\n\t\t\t\t<br style='clear: both' \/>\n\t\t\t<\/div>\n\n<\/div>\n<\/div>\n<\/div>\n<p>&nbsp;<\/p>\n<p>&nbsp;<\/p>\n<div>\n<div class=\"\" dir=\"auto\">\n<div id=\":r9h:\" class=\"x1iorvi4 x1pi30zi x1l90r2v x1swvt13\" data-ad-comet-preview=\"message\" data-ad-preview=\"message\"><\/div>\n<\/div>\n<\/div>\n<p>&nbsp;<\/p>\n<hr \/>\n<p>&nbsp;<\/p>\n<p class=\"mceTemp\"><a class=\"dt-pswp-item\" href=\"https:\/\/www.radiopiu.net\/wordpress\/wp-content\/uploads\/2018\/09\/WhatsApp-Image-2018-09-20-at-16.04.06.jpeg\" data-dt-img-description=\"\" data-large_image_width=\"800\" data-large_image_height=\"100\"><img loading=\"lazy\" decoding=\"async\" class=\"wp-image-61378 size-full aligncenter\" src=\"https:\/\/www.radiopiu.net\/wordpress\/wp-content\/uploads\/2018\/09\/WhatsApp-Image-2018-09-20-at-16.04.06.jpeg\" alt=\"\" width=\"800\" height=\"100\" srcset=\"https:\/\/www.radiopiu.net\/wordpress\/wp-content\/uploads\/2018\/09\/WhatsApp-Image-2018-09-20-at-16.04.06.jpeg 800w, https:\/\/www.radiopiu.net\/wordpress\/wp-content\/uploads\/2018\/09\/WhatsApp-Image-2018-09-20-at-16.04.06-300x38.jpeg 300w, https:\/\/www.radiopiu.net\/wordpress\/wp-content\/uploads\/2018\/09\/WhatsApp-Image-2018-09-20-at-16.04.06-768x96.jpeg 768w\" sizes=\"auto, (max-width: 800px) 100vw, 800px\" \/><\/a><\/p>\n<p><center><\/center><center><\/center><center><b>\u00a0<\/b><\/center><center><b>OGGI<\/b><\/center>Tempo variabile con cielo in prevalenza nuvoloso o molto nuvoloso con qualche parziale e temporanea schiarita, in un contesto umido favorevole alla formazione di nubi basse e di foschie nelle ore fredde in molte valli.<br \/>\n<b>Precipitazioni: <\/b>Possibili deboli precipitazioni specie al mattino a carattere perlopi\u00f9 locale o sparso.<br \/>\n<b>Temperature: <\/b>Senza variazioni di rilievo, salvo un lieve aumento delle minime nelle valli e un lieve calo delle massime in alta montagna. Le minime in alcune valli potranno essere misurate a fine giornata; escursione termica giornaliera ancora abbastanza contenuta.<\/p>\n<hr \/>\n<p><center><b>DOMANI<\/b><\/center>Tempo variabile con annuvolamenti e qualche schiarita con scarsi e modesti fenomeni, specie nella seconda parte della giornata, in un contesto in prevalenza ancora molto umido adatto alla formazione di nubi basse nelle ore fredde in molte valli.<br \/>\n<b>Precipitazioni: <\/b>Al mattino generalmente assenti; nel corso del pomeriggio, specie nel Bellunese, possibili precipitazioni da locali a sparse mentre altrove saranno meno probabili e ancora pi\u00f9 scarse o del tutto assenti<br \/>\n<b>Temperature: <\/b>Minime in generale lieve diminuzione e misurate a tutte le quote a fine giornata, massime nelle valli senza notevoli variazioni, in lieve aumento in alta montagna.<\/p>\n<hr \/>\n<p><center><b>VENERDI<\/b><\/center>Tempo stabile, soleggiato con aria asciutta e ottima visibilit\u00e0 a tutte le quote. Temperature in diminuzione.<\/p>\n<hr \/>\n<p><center><b>SABATO<\/b><\/center>Ancora tempo stabile, ben soleggiato e asciutto con ottima visibilit\u00e0 a tutte le quote. Temperature in contenuto aumento specie le massime in alta montagna.<\/p>\n<p>&nbsp;<\/p>\n<hr \/>\n<p>&nbsp;<\/p>\n<p>&nbsp;<\/p>\n<p class=\"mceTemp\"><a class=\"dt-pswp-item\" href=\"https:\/\/www.radiopiu.net\/wordpress\/wp-content\/uploads\/2018\/09\/sport.jpg\" data-dt-img-description=\"\" data-large_image_width=\"800\" data-large_image_height=\"100\"><img loading=\"lazy\" decoding=\"async\" class=\"aligncenter wp-image-60761 size-full\" src=\"https:\/\/www.radiopiu.net\/wordpress\/wp-content\/uploads\/2018\/09\/sport.jpg\" alt=\"\" width=\"800\" height=\"100\" srcset=\"https:\/\/www.radiopiu.net\/wordpress\/wp-content\/uploads\/2018\/09\/sport.jpg 800w, https:\/\/www.radiopiu.net\/wordpress\/wp-content\/uploads\/2018\/09\/sport-300x38.jpg 300w, https:\/\/www.radiopiu.net\/wordpress\/wp-content\/uploads\/2018\/09\/sport-768x96.jpg 768w\" sizes=\"auto, (max-width: 800px) 100vw, 800px\" \/><\/a><span style=\"color: #0000ff;\"><strong>\u00a0 \u00a0 \u00a0 \u00a0 \u00a0 \u00a0 \u00a0\u00a0<\/strong><\/span><\/p>\n<p><span style=\"color: #0000ff;\"><strong>CSI BELLUNO<\/strong><\/span><\/p>\n<blockquote>\n<h3>ILARIO TANCON RICONFERMATO ALLA GUIDA DEL CSI DI BELLUNO<\/h3>\n<\/blockquote>\n<p><strong><a class=\"dt-pswp-item\" href=\"https:\/\/www.radiopiu.net\/wordpress\/wp-content\/uploads\/2024\/11\/8a45c679-cf6c-4e8c-ad43-ea9686edf70e.jpg\" data-dt-img-description=\"\" data-large_image_width=\"1600\" data-large_image_height=\"1066\"><img loading=\"lazy\" decoding=\"async\" class=\" wp-image-421630 alignleft\" src=\"https:\/\/www.radiopiu.net\/wordpress\/wp-content\/uploads\/2024\/11\/8a45c679-cf6c-4e8c-ad43-ea9686edf70e-300x200.jpg\" alt=\"\" width=\"212\" height=\"141\" srcset=\"https:\/\/www.radiopiu.net\/wordpress\/wp-content\/uploads\/2024\/11\/8a45c679-cf6c-4e8c-ad43-ea9686edf70e-300x200.jpg 300w, https:\/\/www.radiopiu.net\/wordpress\/wp-content\/uploads\/2024\/11\/8a45c679-cf6c-4e8c-ad43-ea9686edf70e-1024x682.jpg 1024w, https:\/\/www.radiopiu.net\/wordpress\/wp-content\/uploads\/2024\/11\/8a45c679-cf6c-4e8c-ad43-ea9686edf70e-768x512.jpg 768w, https:\/\/www.radiopiu.net\/wordpress\/wp-content\/uploads\/2024\/11\/8a45c679-cf6c-4e8c-ad43-ea9686edf70e-1536x1023.jpg 1536w, https:\/\/www.radiopiu.net\/wordpress\/wp-content\/uploads\/2024\/11\/8a45c679-cf6c-4e8c-ad43-ea9686edf70e.jpg 1600w\" sizes=\"auto, (max-width: 212px) 100vw, 212px\" \/><\/a>BELLUNO<\/strong> Riconfermato alla guida di CSI Belluno il presidente uscente, Ilario Tancon; le prossime iniziative del CSI vedranno fortemente coinvolto il territorio agordino.<\/p>\n<p><strong>DI DANIELE DALVIT<\/strong><\/p>\n<audio class=\"wp-audio-shortcode\" id=\"audio-421536-16\" preload=\"none\" style=\"width: 100%;\" controls=\"controls\"><source type=\"audio\/mpeg\" src=\"https:\/\/www.radiopiu.net\/wordpress\/wp-content\/uploads\/2024\/11\/Servizio-Tancon-presidente-CSI-Belluno.mp3?_=16\" \/><a href=\"https:\/\/www.radiopiu.net\/wordpress\/wp-content\/uploads\/2024\/11\/Servizio-Tancon-presidente-CSI-Belluno.mp3\">https:\/\/www.radiopiu.net\/wordpress\/wp-content\/uploads\/2024\/11\/Servizio-Tancon-presidente-CSI-Belluno.mp3<\/a><\/audio>\n<p>&nbsp;<\/p>\n<p><span style=\"color: #0000ff;\"><strong>CALCIO<\/strong><\/span><\/p>\n<blockquote>\n<h3>UNA VITTORIA E UNA SCONFITTA NEI RECUPERI DELLA CATEGORIA GIOVANISSIMI DELL&#8217;AGORDINA<\/h3>\n<\/blockquote>\n<p><strong>Schiara &#8211; Agordina A 0-9:<\/strong> La squadra Giovanissimi A conquista altri tre punti nel recupero di marted\u00ec, mantenendo il passo delle prime in classifica. La partita si apre con il gol di Dherek dell\u2019Osbel su contropiede, seguito da un pallonetto di Rudatis al 16\u2019. Dell\u2019Osbel segna ancora, mentre Noah Fusina, al debutto, porta il punteggio sul 4-0. Nel secondo tempo, ritmo alto e altri cinque gol: doppietta di Rudatis, reti di Tibolla e De Bernardin, pi\u00f9 un\u2019autorete.<\/p>\n<p><strong>Agordina B &#8211; Domegge 0-7:<\/strong> I Giovanissimi B subiscono una sconfitta contro la capolista del girone B, che ha dominato grazie a un ottimo possesso e prestazioni individuali di rilievo. Nonostante il risultato, l\u2019Agordina B deve continuare a lavorare per migliorare.<\/p>\n<p>&nbsp;<\/p>\n<p>&nbsp;<\/p>\n<p>&nbsp;<\/p>\n<p>&nbsp;<\/p>\n","protected":false},"excerpt":{"rendered":"<p>***** &nbsp; LA\u00a0 APP PER IOS-IPHONE di Nicola Vettorello https:\/\/apps.apple.com\/it\/app\/radio-pi%C3%B9-emittente-agordina\/id1515939845 LA\u00a0 APP RADIO\u00a0 PER ANDROID di Nicola Vettorello https:\/\/play.google.com\/store\/apps\/details?id=net.radiopiu.iniko\u00a0\u00a0\u00a0 &nbsp; &nbsp; &nbsp; &nbsp; OGGI A RADIO PIU&#8217;&#8230; TRA L&#8217;ALTRO:\u00a0 \u00a0ALLE 900 LIBER DI LIANA CAVALLET (FOTO) 10.10 CISL LA VOCE PER I LAVORATORI, CON ALESSIO PICCOLI, 10.30 SE NON LA SMETTI TI MANDO DAL PRESIDE,&hellip;<\/p>\n","protected":false},"author":4,"featured_media":421711,"comment_status":"closed","ping_status":"closed","sticky":false,"template":"","format":"standard","meta":{"_monsterinsights_skip_tracking":false,"_monsterinsights_sitenote_active":false,"_monsterinsights_sitenote_note":"","_monsterinsights_sitenote_category":0,"footnotes":""},"categories":[51,86,49],"tags":[],"class_list":["post-421536","post","type-post","status-publish","format-standard","has-post-thumbnail","hentry","category-evidenza-top","category-gr","category-news-18","category-51","category-86","category-49","description-off"],"img_url":"https:\/\/www.radiopiu.net\/wordpress\/wp-content\/uploads\/2024\/11\/9e45be87-60a3-423d-9919-1e9a1cbc42f8.webp","_links":{"self":[{"href":"https:\/\/www.radiopiu.net\/wordpress\/wp-json\/wp\/v2\/posts\/421536","targetHints":{"allow":["GET"]}}],"collection":[{"href":"https:\/\/www.radiopiu.net\/wordpress\/wp-json\/wp\/v2\/posts"}],"about":[{"href":"https:\/\/www.radiopiu.net\/wordpress\/wp-json\/wp\/v2\/types\/post"}],"author":[{"embeddable":true,"href":"https:\/\/www.radiopiu.net\/wordpress\/wp-json\/wp\/v2\/users\/4"}],"replies":[{"embeddable":true,"href":"https:\/\/www.radiopiu.net\/wordpress\/wp-json\/wp\/v2\/comments?post=421536"}],"version-history":[{"count":28,"href":"https:\/\/www.radiopiu.net\/wordpress\/wp-json\/wp\/v2\/posts\/421536\/revisions"}],"predecessor-version":[{"id":421715,"href":"https:\/\/www.radiopiu.net\/wordpress\/wp-json\/wp\/v2\/posts\/421536\/revisions\/421715"}],"wp:featuredmedia":[{"embeddable":true,"href":"https:\/\/www.radiopiu.net\/wordpress\/wp-json\/wp\/v2\/media\/421711"}],"wp:attachment":[{"href":"https:\/\/www.radiopiu.net\/wordpress\/wp-json\/wp\/v2\/media?parent=421536"}],"wp:term":[{"taxonomy":"category","embeddable":true,"href":"https:\/\/www.radiopiu.net\/wordpress\/wp-json\/wp\/v2\/categories?post=421536"},{"taxonomy":"post_tag","embeddable":true,"href":"https:\/\/www.radiopiu.net\/wordpress\/wp-json\/wp\/v2\/tags?post=421536"}],"curies":[{"name":"wp","href":"https:\/\/api.w.org\/{rel}","templated":true}]}}