{"id":421549,"date":"2024-11-26T05:48:45","date_gmt":"2024-11-26T04:48:45","guid":{"rendered":"https:\/\/www.radiopiu.net\/wordpress\/?p=421549"},"modified":"2024-11-26T06:00:04","modified_gmt":"2024-11-26T05:00:04","slug":"addio-a-renato-bogo-alpino-e-testimone-del-vajont","status":"publish","type":"post","link":"https:\/\/www.radiopiu.net\/wordpress\/addio-a-renato-bogo-alpino-e-testimone-del-vajont\/","title":{"rendered":"Addio a Renato Bogo, alpino e testimone del Vajont"},"content":{"rendered":"<p>***<\/p>\n<blockquote><p><strong>Scompare a 82 anni il caporal maggiore che raccont\u00f2 al mondo l\u2019orrore della tragedia di Longarone<\/strong><\/p><\/blockquote>\n<p><strong>BELLUNO\u00a0<\/strong><\/p>\n<div class=\"flex max-w-full flex-col flex-grow\">\n<div class=\"min-h-8 text-message flex w-full flex-col items-end gap-2 whitespace-normal break-words [.text-message+&amp;]:mt-5\" dir=\"auto\" data-message-author-role=\"assistant\" data-message-id=\"0fdcdbab-534c-4e08-b5dd-68fb7e49631a\" data-message-model-slug=\"gpt-4o\">\n<div class=\"flex w-full flex-col gap-1 empty:hidden first:pt-[3px]\">\n<div class=\"markdown prose w-full break-words dark:prose-invert dark\">\n<p><em><a class=\"dt-pswp-item\" href=\"https:\/\/www.radiopiu.net\/wordpress\/wp-content\/uploads\/2024\/11\/renato.png\" data-dt-img-description=\"\" data-large_image_width=\"272\" data-large_image_height=\"284\"><img loading=\"lazy\" decoding=\"async\" class=\" wp-image-421550 alignleft\" src=\"https:\/\/www.radiopiu.net\/wordpress\/wp-content\/uploads\/2024\/11\/renato.png\" alt=\"\" width=\"200\" height=\"209\" \/><\/a>\u00abNeppure a 60 anni di distanza posso dimenticare quei corpi appesi ai rami degli alberi. Come stracci\u2026 ma umani\u00bb.<\/em> Con queste parole Renato Bogo, caporal maggiore degli alpini, raccontava la devastazione che aveva visto la notte del Vajont. Si \u00e8 spento ieri, all\u2019et\u00e0 di 82 anni, lasciando un\u2019eredit\u00e0 di memoria e alpinit\u00e0. Bogo era un volto noto tra le Penne Nere bellunesi, custode instancabile dei ricordi di quel tragico autunno del 1963. Tra i primi a raggiungere Longarone dopo la catastrofe, non smise mai di testimoniare l\u2019orrore vissuto. Tromba alla mano, Bogo accompagnava le cerimonie commemorative, trasformando il suo strumento in un simbolo di rispetto e raccoglimento. Renato Bogo lascia la moglie Gabriella, i figli Alessandro ed Enrico e tutta la comunit\u00e0 alpina, che si stringe nel lutto. Il funerale si terr\u00e0 gioved\u00ec alle ore 15 in Duomo.<\/p>\n<p>__<\/p>\n<\/div>\n<\/div>\n<\/div>\n<\/div>\n","protected":false},"excerpt":{"rendered":"<p>*** Scompare a 82 anni il caporal maggiore che raccont\u00f2 al mondo l\u2019orrore della tragedia di Longarone BELLUNO\u00a0 \u00abNeppure a 60 anni di distanza posso dimenticare quei corpi appesi ai rami degli alberi. Come stracci\u2026 ma umani\u00bb. Con queste parole Renato Bogo, caporal maggiore degli alpini, raccontava la devastazione che aveva visto la notte del&hellip;<\/p>\n","protected":false},"author":4,"featured_media":421550,"comment_status":"closed","ping_status":"closed","sticky":false,"template":"","format":"standard","meta":{"_monsterinsights_skip_tracking":false,"_monsterinsights_sitenote_active":false,"_monsterinsights_sitenote_note":"","_monsterinsights_sitenote_category":0,"footnotes":""},"categories":[51,49],"tags":[],"class_list":["post-421549","post","type-post","status-publish","format-standard","has-post-thumbnail","hentry","category-evidenza-top","category-news-18","category-51","category-49","description-off"],"img_url":"https:\/\/www.radiopiu.net\/wordpress\/wp-content\/uploads\/2024\/11\/renato-e1732598733968.png","_links":{"self":[{"href":"https:\/\/www.radiopiu.net\/wordpress\/wp-json\/wp\/v2\/posts\/421549","targetHints":{"allow":["GET"]}}],"collection":[{"href":"https:\/\/www.radiopiu.net\/wordpress\/wp-json\/wp\/v2\/posts"}],"about":[{"href":"https:\/\/www.radiopiu.net\/wordpress\/wp-json\/wp\/v2\/types\/post"}],"author":[{"embeddable":true,"href":"https:\/\/www.radiopiu.net\/wordpress\/wp-json\/wp\/v2\/users\/4"}],"replies":[{"embeddable":true,"href":"https:\/\/www.radiopiu.net\/wordpress\/wp-json\/wp\/v2\/comments?post=421549"}],"version-history":[{"count":1,"href":"https:\/\/www.radiopiu.net\/wordpress\/wp-json\/wp\/v2\/posts\/421549\/revisions"}],"predecessor-version":[{"id":421551,"href":"https:\/\/www.radiopiu.net\/wordpress\/wp-json\/wp\/v2\/posts\/421549\/revisions\/421551"}],"wp:featuredmedia":[{"embeddable":true,"href":"https:\/\/www.radiopiu.net\/wordpress\/wp-json\/wp\/v2\/media\/421550"}],"wp:attachment":[{"href":"https:\/\/www.radiopiu.net\/wordpress\/wp-json\/wp\/v2\/media?parent=421549"}],"wp:term":[{"taxonomy":"category","embeddable":true,"href":"https:\/\/www.radiopiu.net\/wordpress\/wp-json\/wp\/v2\/categories?post=421549"},{"taxonomy":"post_tag","embeddable":true,"href":"https:\/\/www.radiopiu.net\/wordpress\/wp-json\/wp\/v2\/tags?post=421549"}],"curies":[{"name":"wp","href":"https:\/\/api.w.org\/{rel}","templated":true}]}}