{"id":421617,"date":"2024-11-27T05:40:11","date_gmt":"2024-11-27T04:40:11","guid":{"rendered":"https:\/\/www.radiopiu.net\/wordpress\/?p=421617"},"modified":"2024-11-27T05:46:12","modified_gmt":"2024-11-27T04:46:12","slug":"novita-luxottica-essilorluxottica-food-service-srl","status":"publish","type":"post","link":"https:\/\/www.radiopiu.net\/wordpress\/novita-luxottica-essilorluxottica-food-service-srl\/","title":{"rendered":"NOVITA&#8217; LUXOTTICA: Essilorluxottica food service srl"},"content":{"rendered":"<p>**<\/p>\n<div class=\"flex max-w-full flex-col flex-grow\">\n<div class=\"min-h-8 text-message flex w-full flex-col items-end gap-2 whitespace-normal break-words [.text-message+&amp;]:mt-5\" dir=\"auto\" data-message-author-role=\"assistant\" data-message-id=\"e95d15d9-35b6-42ee-82b4-6f243e4a66bb\" data-message-model-slug=\"gpt-4o\">\n<div class=\"flex w-full flex-col gap-1 empty:hidden first:pt-[3px]\">\n<div class=\"markdown prose w-full break-words dark:prose-invert dark\">\n<blockquote><p><strong>una nuova gestione per mense e pasti domiciliari nel Bellunese<\/strong><\/p><\/blockquote>\n<p><strong>AGORDO<\/strong><\/p>\n<p><a class=\"dt-pswp-item\" href=\"https:\/\/www.radiopiu.net\/wordpress\/wp-content\/uploads\/2024\/11\/071c3e5e-f67a-4fad-a052-a0f8174cb6ce.jpg\" data-dt-img-description=\"\" data-large_image_width=\"2048\" data-large_image_height=\"1536\"><img loading=\"lazy\" decoding=\"async\" class=\"size-medium wp-image-421619 alignleft\" src=\"https:\/\/www.radiopiu.net\/wordpress\/wp-content\/uploads\/2024\/11\/071c3e5e-f67a-4fad-a052-a0f8174cb6ce-300x225.jpg\" alt=\"\" width=\"300\" height=\"225\" srcset=\"https:\/\/www.radiopiu.net\/wordpress\/wp-content\/uploads\/2024\/11\/071c3e5e-f67a-4fad-a052-a0f8174cb6ce-300x225.jpg 300w, https:\/\/www.radiopiu.net\/wordpress\/wp-content\/uploads\/2024\/11\/071c3e5e-f67a-4fad-a052-a0f8174cb6ce-1024x768.jpg 1024w, https:\/\/www.radiopiu.net\/wordpress\/wp-content\/uploads\/2024\/11\/071c3e5e-f67a-4fad-a052-a0f8174cb6ce-768x576.jpg 768w, https:\/\/www.radiopiu.net\/wordpress\/wp-content\/uploads\/2024\/11\/071c3e5e-f67a-4fad-a052-a0f8174cb6ce-1536x1152.jpg 1536w, https:\/\/www.radiopiu.net\/wordpress\/wp-content\/uploads\/2024\/11\/071c3e5e-f67a-4fad-a052-a0f8174cb6ce.jpg 2048w\" sizes=\"auto, (max-width: 300px) 100vw, 300px\" \/><\/a>Non passa giorno che Luxottica non riesca a diventare argomento del giorno, dalle vicende della famiglia all&#8217;uscita di Giorgio Striano (voci di corridoio, tutt&#8217;altro che confermate, fanno riferimento ad un futuro incarico, dopo i tempi necessari in Thelios. Sar\u00e0\u00a0 vero?), dalla mancata festa di Natale al dopo Pison in mensa.<\/p>\n<p><strong>ULTIM&#8217;ORA<\/strong><\/p>\n<p>Dal 1\u00b0 gennaio 2025, <strong>Luxottica Food Service<\/strong> prender\u00e0 in carico la gestione di tutte le mense aziendali e dei servizi correlati nel territorio del Bellunese. Questo passaggio avviene a seguito della cessazione della collaborazione con la ditta dei fratelli Pison, che terminer\u00e0 ufficialmente il proprio servizio il 31 dicembre 2024. Il nuovo assetto organizzativo garantir\u00e0 continuit\u00e0 e qualit\u00e0 del servizio, confermando la produzione e distribuzione di <strong>oltre 5000 pasti al giorno<\/strong>, tra mense e pasti domiciliari per i dipendenti e i residenti della zona (servizio Auser pasti a domicilio). Un aspetto fondamentale di questa transizione \u00e8 il mantenimento del personale: <strong>tutti i lavoratori attualmente impiegati saranno assunti da Luxottica Food Service<\/strong>, assicurando cos\u00ec stabilit\u00e0 lavorativa e valorizzando le competenze del team gi\u00e0 operativo. Questa nuova struttura si propone non solo di continuare l&#8217;eccellenza del servizio, ma anche di esplorare possibili innovazioni nei menu e nella gestione dei pasti, con un&#8217;attenzione particolare alla sostenibilit\u00e0 e alla valorizzazione dei prodotti locali. Con Luxottica Food Service, si apre una nuova fase per il settore della ristorazione aziendale e territoriale, con l&#8217;obiettivo di consolidare un modello di riferimento per il territorio del Bellunese.<\/p>\n<p>&nbsp;<\/p>\n<\/div>\n<\/div>\n<\/div>\n<\/div>\n<div class=\"mb-2 flex gap-3 empty:hidden -ml-2\">\n<div class=\"items-center justify-start rounded-xl p-1 flex\">\n<div class=\"flex items-center\">\n<div class=\"flex items-center pb-0\"><\/div>\n<\/div>\n<\/div>\n<\/div>\n<div><\/div>\n<div><\/div>\n<div><\/div>\n<div><\/div>\n","protected":false},"excerpt":{"rendered":"<p>** una nuova gestione per mense e pasti domiciliari nel Bellunese AGORDO Non passa giorno che Luxottica non riesca a diventare argomento del giorno, dalle vicende della famiglia all&#8217;uscita di Giorgio Striano (voci di corridoio, tutt&#8217;altro che confermate, fanno riferimento ad un futuro incarico, dopo i tempi necessari in Thelios. Sar\u00e0\u00a0 vero?), dalla mancata festa&hellip;<\/p>\n","protected":false},"author":4,"featured_media":421619,"comment_status":"closed","ping_status":"closed","sticky":false,"template":"","format":"standard","meta":{"_monsterinsights_skip_tracking":false,"_monsterinsights_sitenote_active":false,"_monsterinsights_sitenote_note":"","_monsterinsights_sitenote_category":0,"footnotes":""},"categories":[51,49],"tags":[],"class_list":["post-421617","post","type-post","status-publish","format-standard","has-post-thumbnail","hentry","category-evidenza-top","category-news-18","category-51","category-49","description-off"],"img_url":"https:\/\/www.radiopiu.net\/wordpress\/wp-content\/uploads\/2024\/11\/071c3e5e-f67a-4fad-a052-a0f8174cb6ce.jpg","_links":{"self":[{"href":"https:\/\/www.radiopiu.net\/wordpress\/wp-json\/wp\/v2\/posts\/421617","targetHints":{"allow":["GET"]}}],"collection":[{"href":"https:\/\/www.radiopiu.net\/wordpress\/wp-json\/wp\/v2\/posts"}],"about":[{"href":"https:\/\/www.radiopiu.net\/wordpress\/wp-json\/wp\/v2\/types\/post"}],"author":[{"embeddable":true,"href":"https:\/\/www.radiopiu.net\/wordpress\/wp-json\/wp\/v2\/users\/4"}],"replies":[{"embeddable":true,"href":"https:\/\/www.radiopiu.net\/wordpress\/wp-json\/wp\/v2\/comments?post=421617"}],"version-history":[{"count":3,"href":"https:\/\/www.radiopiu.net\/wordpress\/wp-json\/wp\/v2\/posts\/421617\/revisions"}],"predecessor-version":[{"id":421621,"href":"https:\/\/www.radiopiu.net\/wordpress\/wp-json\/wp\/v2\/posts\/421617\/revisions\/421621"}],"wp:featuredmedia":[{"embeddable":true,"href":"https:\/\/www.radiopiu.net\/wordpress\/wp-json\/wp\/v2\/media\/421619"}],"wp:attachment":[{"href":"https:\/\/www.radiopiu.net\/wordpress\/wp-json\/wp\/v2\/media?parent=421617"}],"wp:term":[{"taxonomy":"category","embeddable":true,"href":"https:\/\/www.radiopiu.net\/wordpress\/wp-json\/wp\/v2\/categories?post=421617"},{"taxonomy":"post_tag","embeddable":true,"href":"https:\/\/www.radiopiu.net\/wordpress\/wp-json\/wp\/v2\/tags?post=421617"}],"curies":[{"name":"wp","href":"https:\/\/api.w.org\/{rel}","templated":true}]}}