{"id":421635,"date":"2024-11-26T16:03:20","date_gmt":"2024-11-26T15:03:20","guid":{"rendered":"https:\/\/www.radiopiu.net\/wordpress\/?p=421635"},"modified":"2024-11-27T05:47:35","modified_gmt":"2024-11-27T04:47:35","slug":"feltre-una-serata-per-navigare-il-web-con-consapevolezza","status":"publish","type":"post","link":"https:\/\/www.radiopiu.net\/wordpress\/feltre-una-serata-per-navigare-il-web-con-consapevolezza\/","title":{"rendered":"FELTRE: UNA SERATA PER NAVIGARE IL WEB CON CONSAPEVOLEZZA"},"content":{"rendered":"<p>*******<\/p>\n<p>&nbsp;<\/p>\n<p><strong><a class=\"dt-pswp-item\" href=\"https:\/\/www.radiopiu.net\/wordpress\/wp-content\/uploads\/2024\/11\/Locandina-28-11-24-Patto-digitale-di-Feltre1.jpg\" data-dt-img-description=\"\" data-large_image_width=\"1414\" data-large_image_height=\"2000\"><img loading=\"lazy\" decoding=\"async\" class=\"size-medium wp-image-421636 alignleft\" src=\"https:\/\/www.radiopiu.net\/wordpress\/wp-content\/uploads\/2024\/11\/Locandina-28-11-24-Patto-digitale-di-Feltre1-212x300.jpg\" alt=\"\" width=\"212\" height=\"300\" srcset=\"https:\/\/www.radiopiu.net\/wordpress\/wp-content\/uploads\/2024\/11\/Locandina-28-11-24-Patto-digitale-di-Feltre1-212x300.jpg 212w, https:\/\/www.radiopiu.net\/wordpress\/wp-content\/uploads\/2024\/11\/Locandina-28-11-24-Patto-digitale-di-Feltre1-724x1024.jpg 724w, https:\/\/www.radiopiu.net\/wordpress\/wp-content\/uploads\/2024\/11\/Locandina-28-11-24-Patto-digitale-di-Feltre1-768x1086.jpg 768w, https:\/\/www.radiopiu.net\/wordpress\/wp-content\/uploads\/2024\/11\/Locandina-28-11-24-Patto-digitale-di-Feltre1-1086x1536.jpg 1086w, https:\/\/www.radiopiu.net\/wordpress\/wp-content\/uploads\/2024\/11\/Locandina-28-11-24-Patto-digitale-di-Feltre1.jpg 1414w\" sizes=\"auto, (max-width: 212px) 100vw, 212px\" \/><\/a>DI ALESSIA DALL&#8217;O&#8217;<\/strong><\/p>\n<p><strong>FELTRE <\/strong>&#8220;Coordinate per l&#8217;utilizzo del web a tutte le et\u00e0&#8221;, una serata dedicata alla consapevolezza digitale, un appuntamento imperdibile per genitori, insegnanti, educatori e ragazzi: gioved\u00ec 28 novembre, alle ore 20:30 , l&#8217;Aula Magna della Scuola Secondaria di Primo Grado \u201cG. Rocca\u201d di Feltre. L&#8217;evento, organizzato dal gruppo genitori del Patto Digitale di Feltre , si propone di offrire una guida pratica e aggiornata sull&#8217;uso responsabile della tecnologia. A intervenire saranno Anna Dal Pan , psicologa e psicoterapeuta, e Marco Brunet , sviluppatore informatico e consulente tecnologico.<\/p>\n<p><strong>Un patto per affrontare le sfide del mondo digitale<\/strong><\/p>\n<p>Il digitale \u00e8 una realt\u00e0 che coinvolge tutti, ma le esperienze e le percezioni possono variare profondamente tra le generazioni. Come vivono bambini e ragazzi il rapporto con internet e la tecnologia? E come si differenzia il loro punto di vista rispetto a quello degli adulti? Queste sono solo alcune delle domande a cui la serata si propone di rispondere. L&#8217;obiettivo \u00e8 creare uno spazio di confronto, supportato da esperti, per aiutare le famiglie e la comunit\u00e0 educativa a trovare strategie comuni per affrontare il mondo tecnologico in maniera equilibrata.<\/p>\n<p><strong>Un impegno condiviso per una rete consapevole<\/strong><\/p>\n<p>Organizzato in collaborazione con l&#8217;associazione Scuole in Rete per un mondo di solidariet\u00e0 e pace e con il supporto dell&#8217;Istituto Comprensivo e dell&#8217;Istituto Canossiano di Feltre, l&#8217;incontro gode anche del patrocinio del Comune. Questa rete di collaborazioni sottolinea l&#8217;importanza del dialogo e della condivisione delle conoscenze per affrontare le sfide di una societ\u00e0 in costante evoluzione tecnologica. <em>&#8220;Crescere giovani capaci di usare il web in modo sano e consapevole richiede un impegno congiunto tra tutti gli adulti del territorio. \u00c8 per questo che organizziamo incontri come questo, dove chiunque possa ascoltare esperti e acquisire strumenti utili per guidare le nuove generazioni&#8221;<\/em> spiega gli organizzatori.<\/p>\n<p><strong>Un evento aperto a tutti<\/strong><\/p>\n<p>L&#8217;incontro \u00e8 gratuito e rivolto a tutta la cittadinanza. Per informazioni o per aderire al Patto Digitale, \u00e8 possibile contattare gli organizzatori all&#8217;indirizzo pattodigitalefeltre @gmail .com.In un mondo sempre pi\u00f9 connesso, eventi come questo sono un&#8217;opportunit\u00e0 preziosa per costruire un futuro digitale pi\u00f9 consapevole, su misura di grandi e piccoli.<\/p>\n<p>&nbsp;<\/p>\n<p>&nbsp;<\/p>\n<p>&nbsp;<\/p>\n<p>**********<\/p>\n","protected":false},"excerpt":{"rendered":"<p>******* &nbsp; DI ALESSIA DALL&#8217;O&#8217; FELTRE &#8220;Coordinate per l&#8217;utilizzo del web a tutte le et\u00e0&#8221;, una serata dedicata alla consapevolezza digitale, un appuntamento imperdibile per genitori, insegnanti, educatori e ragazzi: gioved\u00ec 28 novembre, alle ore 20:30 , l&#8217;Aula Magna della Scuola Secondaria di Primo Grado \u201cG. Rocca\u201d di Feltre. L&#8217;evento, organizzato dal gruppo genitori del&hellip;<\/p>\n","protected":false},"author":4,"featured_media":421637,"comment_status":"closed","ping_status":"closed","sticky":false,"template":"","format":"standard","meta":{"_monsterinsights_skip_tracking":false,"_monsterinsights_sitenote_active":false,"_monsterinsights_sitenote_note":"","_monsterinsights_sitenote_category":0,"footnotes":""},"categories":[51,49],"tags":[],"class_list":["post-421635","post","type-post","status-publish","format-standard","has-post-thumbnail","hentry","category-evidenza-top","category-news-18","category-51","category-49","description-off"],"img_url":"https:\/\/www.radiopiu.net\/wordpress\/wp-content\/uploads\/2024\/11\/KGDKLFA.jpg","_links":{"self":[{"href":"https:\/\/www.radiopiu.net\/wordpress\/wp-json\/wp\/v2\/posts\/421635","targetHints":{"allow":["GET"]}}],"collection":[{"href":"https:\/\/www.radiopiu.net\/wordpress\/wp-json\/wp\/v2\/posts"}],"about":[{"href":"https:\/\/www.radiopiu.net\/wordpress\/wp-json\/wp\/v2\/types\/post"}],"author":[{"embeddable":true,"href":"https:\/\/www.radiopiu.net\/wordpress\/wp-json\/wp\/v2\/users\/4"}],"replies":[{"embeddable":true,"href":"https:\/\/www.radiopiu.net\/wordpress\/wp-json\/wp\/v2\/comments?post=421635"}],"version-history":[{"count":1,"href":"https:\/\/www.radiopiu.net\/wordpress\/wp-json\/wp\/v2\/posts\/421635\/revisions"}],"predecessor-version":[{"id":421638,"href":"https:\/\/www.radiopiu.net\/wordpress\/wp-json\/wp\/v2\/posts\/421635\/revisions\/421638"}],"wp:featuredmedia":[{"embeddable":true,"href":"https:\/\/www.radiopiu.net\/wordpress\/wp-json\/wp\/v2\/media\/421637"}],"wp:attachment":[{"href":"https:\/\/www.radiopiu.net\/wordpress\/wp-json\/wp\/v2\/media?parent=421635"}],"wp:term":[{"taxonomy":"category","embeddable":true,"href":"https:\/\/www.radiopiu.net\/wordpress\/wp-json\/wp\/v2\/categories?post=421635"},{"taxonomy":"post_tag","embeddable":true,"href":"https:\/\/www.radiopiu.net\/wordpress\/wp-json\/wp\/v2\/tags?post=421635"}],"curies":[{"name":"wp","href":"https:\/\/api.w.org\/{rel}","templated":true}]}}