{"id":421644,"date":"2024-11-27T04:39:42","date_gmt":"2024-11-27T03:39:42","guid":{"rendered":"https:\/\/www.radiopiu.net\/wordpress\/?p=421644"},"modified":"2024-11-27T05:46:31","modified_gmt":"2024-11-27T04:46:31","slug":"uccisione-del-cane-kaos-per-apaca-belluno-una-sentenza-che-non-fa-giustizia","status":"publish","type":"post","link":"https:\/\/www.radiopiu.net\/wordpress\/uccisione-del-cane-kaos-per-apaca-belluno-una-sentenza-che-non-fa-giustizia\/","title":{"rendered":"UCCISIONE DEL CANE KAOS: PER APACA BELLUNO UNA SENTENZA CHE NON FA GIUSTIZIA"},"content":{"rendered":"<p>*******<\/p>\n<p>&nbsp;<\/p>\n<p><strong>IL COMUNICATO DI APACA BELLUNO<\/strong><\/p>\n<p><strong><a class=\"dt-pswp-item\" href=\"https:\/\/www.radiopiu.net\/wordpress\/wp-content\/uploads\/2024\/11\/apaca-dove.jpg\" data-dt-img-description=\"\" data-large_image_width=\"400\" data-large_image_height=\"311\"><img loading=\"lazy\" decoding=\"async\" class=\" wp-image-421647 alignleft\" src=\"https:\/\/www.radiopiu.net\/wordpress\/wp-content\/uploads\/2024\/11\/apaca-dove-300x233.jpg\" alt=\"\" width=\"198\" height=\"154\" srcset=\"https:\/\/www.radiopiu.net\/wordpress\/wp-content\/uploads\/2024\/11\/apaca-dove-300x233.jpg 300w, https:\/\/www.radiopiu.net\/wordpress\/wp-content\/uploads\/2024\/11\/apaca-dove.jpg 400w\" sizes=\"auto, (max-width: 198px) 100vw, 198px\" \/><\/a>BELLUNO<\/strong> Quanto vale uccidere un cane strozzandolo, con crudelt\u00e0 e senza alcuna necessit\u00e0 di difesa e farlo vigliaccamente in gruppo, in modo da essere certi che non possa neppure reagire e scappare? Che differenza c\u2019\u00e8 tra questo animalicidio e le spranghe e i coltelli usati dalle baby gang e dai gruppi di violenti delle borgate, delle tifoserie, dei quartieri bene o delle tranquille citt\u00e0 di periferia per manifestare l\u2019istinto da bulli o la propria superiorit\u00e0 razzista o di genere? Alla prima domanda hanno risposto il Tribunale e la Procura di Belluno: vale 16 ore al mese di volontariato presso il Comune e 50 euro di risarcimento al proprietario e alle associazioni animaliste che si sono costituite parte civile! Alla seconda rispondono, invece, le scienze criminologiche e in particolare la Zooantropologia della Devianza, secondo la quale l\u2019animalicidio in et\u00e0 adolescenziale \u00e8 quasi sempre un segnale anticipatore di comportamenti violenti in et\u00e0 adulta, esercitati soprattutto verso donne e bambini. \u201cDal punto di vista giuridico \u2013 dice Alessandra Capraro, vicepresidente di Apaca &#8211; non ci stupisce che nei confronti di uno dei due giovani che, ad Agordo nel 2019, hanno ammazzato con estrema crudelt\u00e0 Kaos sia stata emessa sentenza di non doversi procedere perch\u00e9 il reato si \u00e8 estinto con il compimento di 16 ore di volontariato al mese per 8 mesi e che, allo stesso modo, i giudici, tra qualche tempo, si pronunceranno anche nei confronti del secondo ragazzo. Ci\u00f2 che ci amareggia \u00e8 l\u2019assenza di proporzionalit\u00e0 delle conseguenze giudiziarie rispetto alla gravit\u00e0 del reato commesso e il fatto che a tanta violenza il sistema abbia replicato con un\u2019inutile, se non controproducente, banale benevolenza, che mal si addice a reati caratterizzati dalla violenza&#8221;. Assistita dall\u2019avv. Marinella Pasin, Apaca si \u00e8 costituita parte civile nel processo a carico dei due giovani e regaler\u00e0 i 50 euro che ricever\u00e0 dagli imputati a una delle famiglie indigenti a cui gi\u00e0 dona cibo per i loro cani. Ma l\u2019associazione vuole utilizzare quest\u2019occasione anche per una riflessione pi\u00f9 ampia. \u201cTrovarsi a commentare una sentenza di animalicidio \u2013 sottolinea la vicepresidente di Apaca &#8211; \u00e8 comunque il segnale di una sconfitta per tutti. Si arriva ad uccidere gli animali in modi cos\u00ec atroci e violenti perch\u00e9 \u00e8 il contesto educativo, culturale e istituzionale che non vuole elaborare una cultura del rispetto dell\u2019altro, men che meno, poi, se l\u2019altro \u00e8 addirittura di una specie diversa: non lo fanno le famiglie e la scuola, che non sorvegliano o sminuiscono le violenze esercitate sugli animali (dal taglio della coda delle lucertole, all\u2019uccisione di uccelli e gatti); non lo fanno i comuni della provincia, moltissimi dei quali neppure dispongono di un regolamento sul benessere animale adeguato alle nuove sensibilit\u00e0 e che raramente mobilitano la polizia locale per maltrattamenti e pessime detenzioni; non lo fanno i politici, che dovrebbero stabilire percorsi formativi obbligatori per i possessori di cani, in particolare per quei soggetti con accentuata aggressivit\u00e0 che richiedono proprietari ancora pi\u00f9 consapevoli, competenti e rispettosi&#8221;. Una rivoluzione del pensiero per cui Apaca continuer\u00e0 a combattere.<\/p>\n<p>&nbsp;<\/p>\n<p><span style=\"color: #ff0000;\">ARCHIVIO\u00a0 IERI\u00a0<\/span><\/p>\n<blockquote>\n<h1>Uccisione del cane Kaos: volontariato cancella il reato<\/h1>\n<\/blockquote>\n<p><strong>AGORDO<\/strong><\/p>\n<p>M.R., accusato di aver ucciso il cane Kaos nel 2019, ha estinto il reato con otto mesi di lavori di pubblica utilit\u00e0. Volontario per il Comune di Belluno, ha ricevuto una valutazione positiva dall\u2019Ufficio per l\u2019esecuzione penale esterna. L\u2019uccisione di Kaos, avvenuta nel parcheggio del Super W ad Agordo, \u00e8 documentata da video e autopsia: strangolamento con il guinzaglio. Il proprietario del pitbull, Amine Bendaoud, era stato aggredito dal cane in preda a un istinto non controllato. Dopo il risarcimento simbolico a enti animalisti<\/p>\n<p>&nbsp;<\/p>\n<p><span style=\"color: #ff0000;\">ARCHIVIO MAGGIO 2022<\/span><\/p>\n<blockquote>\n<h2>AMMAZZARONO IL CANE KAOS, MESSA ALLA PROVA E PERIZIA PSICHIATRICA<\/h2>\n<\/blockquote>\n<p><strong>AGORDO\u00a0<\/strong> Era il 19 aprile di tre anni fa quando in Viale Sommariva, usando un guinzaglio, strangolarono il cane Kaos, in pieno giorno sotto gli occhi dei passanti. A documentarlo un video prima diventato virale sui social e poi finito agli atti processuali. Per questo motivo due giovani agordini sono stati condannati. il Primo M.R. non \u00e8 finito a processo perch\u00e9 ha ottenuto di espiare la pena con i lavori sociali. Il secondo D.P.,\u00a0 su richiesta del difensore \u00e8 stato visitato da uno psichiatra del centro salute mentale di Agordo. Il medico dovr\u00e0 stabilire se il giovane era in grado di intendere e volere al momento della violenza, quindi se il Tribunale proceder\u00e0 o archivier\u00e0. Il Proprietario del cane A.B. si \u00e8 costituito parte civile e con l&#8217;appoggio delle associazioni animaliste chiede il risarcimento danni.<\/p>\n<blockquote>\n<h3><\/h3>\n<h3>ARCHIVIO RADIOPIU<\/h3>\n<p>Strozzarono il pitbull Kaos il proprietario vuole i danni<\/p><\/blockquote>\n<p><em>Al via il processo a due agordini accusati dell&#8217;uccisione dell&#8217;animale nel 2019 Due associazioni si costituiscono parte civile per aiutare altri cani\u00a0<\/em><\/p>\n<p><strong><a href=\"https:\/\/www.radiopiu.net\/wordpress\/wp-content\/uploads\/2022\/02\/amici-proprietario-640x335-1.webp\"><img loading=\"lazy\" decoding=\"async\" class=\"size-medium wp-image-261152 alignleft\" src=\"https:\/\/www.radiopiu.net\/wordpress\/wp-content\/uploads\/2022\/02\/amici-proprietario-640x335-1-300x157.webp\" alt=\"\" width=\"300\" height=\"157\" srcset=\"https:\/\/www.radiopiu.net\/wordpress\/wp-content\/uploads\/2022\/02\/amici-proprietario-640x335-1-300x157.webp 300w, https:\/\/www.radiopiu.net\/wordpress\/wp-content\/uploads\/2022\/02\/amici-proprietario-640x335-1.webp 640w\" sizes=\"auto, (max-width: 300px) 100vw, 300px\" \/><\/a>AGORDO<\/strong>\u00a0 Strangolarono un pitbull con il suo guinzaglio. Kaos mor\u00ec la sera del venerd\u00ec santo del 2019 nel parcheggio di un supermercato di Agordo. Un video pi\u00f9 chiaro di un documentario mostra la scena e un&#8217;autopsia spiega le cause del decesso: la rottura della trachea, come se fosse stato impiccato. Nel drammatico filmato, a raccontarla tutta, si vedono tre persone addosso al cane, ma due sono accusate di uccisione di animale.\u00a0 \u00a0Il video \u00e8 agli atti, essendo stato molto utile per la ricostruzione dei fatti e adesso c&#8217;\u00e8 il processo.<\/p>\n<p>&nbsp;<\/p>\n<p>***********<\/p>\n<p>&nbsp;<\/p>\n","protected":false},"excerpt":{"rendered":"<p>******* &nbsp; IL COMUNICATO DI APACA BELLUNO BELLUNO Quanto vale uccidere un cane strozzandolo, con crudelt\u00e0 e senza alcuna necessit\u00e0 di difesa e farlo vigliaccamente in gruppo, in modo da essere certi che non possa neppure reagire e scappare? Che differenza c\u2019\u00e8 tra questo animalicidio e le spranghe e i coltelli usati dalle baby gang&hellip;<\/p>\n","protected":false},"author":4,"featured_media":421647,"comment_status":"closed","ping_status":"closed","sticky":false,"template":"","format":"standard","meta":{"_monsterinsights_skip_tracking":false,"_monsterinsights_sitenote_active":false,"_monsterinsights_sitenote_note":"","_monsterinsights_sitenote_category":0,"footnotes":""},"categories":[51,49],"tags":[],"class_list":["post-421644","post","type-post","status-publish","format-standard","has-post-thumbnail","hentry","category-evidenza-top","category-news-18","category-51","category-49","description-off"],"img_url":"https:\/\/www.radiopiu.net\/wordpress\/wp-content\/uploads\/2024\/11\/apaca-dove.jpg","_links":{"self":[{"href":"https:\/\/www.radiopiu.net\/wordpress\/wp-json\/wp\/v2\/posts\/421644","targetHints":{"allow":["GET"]}}],"collection":[{"href":"https:\/\/www.radiopiu.net\/wordpress\/wp-json\/wp\/v2\/posts"}],"about":[{"href":"https:\/\/www.radiopiu.net\/wordpress\/wp-json\/wp\/v2\/types\/post"}],"author":[{"embeddable":true,"href":"https:\/\/www.radiopiu.net\/wordpress\/wp-json\/wp\/v2\/users\/4"}],"replies":[{"embeddable":true,"href":"https:\/\/www.radiopiu.net\/wordpress\/wp-json\/wp\/v2\/comments?post=421644"}],"version-history":[{"count":2,"href":"https:\/\/www.radiopiu.net\/wordpress\/wp-json\/wp\/v2\/posts\/421644\/revisions"}],"predecessor-version":[{"id":421704,"href":"https:\/\/www.radiopiu.net\/wordpress\/wp-json\/wp\/v2\/posts\/421644\/revisions\/421704"}],"wp:featuredmedia":[{"embeddable":true,"href":"https:\/\/www.radiopiu.net\/wordpress\/wp-json\/wp\/v2\/media\/421647"}],"wp:attachment":[{"href":"https:\/\/www.radiopiu.net\/wordpress\/wp-json\/wp\/v2\/media?parent=421644"}],"wp:term":[{"taxonomy":"category","embeddable":true,"href":"https:\/\/www.radiopiu.net\/wordpress\/wp-json\/wp\/v2\/categories?post=421644"},{"taxonomy":"post_tag","embeddable":true,"href":"https:\/\/www.radiopiu.net\/wordpress\/wp-json\/wp\/v2\/tags?post=421644"}],"curies":[{"name":"wp","href":"https:\/\/api.w.org\/{rel}","templated":true}]}}