{"id":421680,"date":"2024-11-28T05:36:12","date_gmt":"2024-11-28T04:36:12","guid":{"rendered":"https:\/\/www.radiopiu.net\/wordpress\/?p=421680"},"modified":"2024-11-28T08:57:22","modified_gmt":"2024-11-28T07:57:22","slug":"giornale-radiopiu-28-novembre-2024-direttore-mirko-mezzacasada-41-anni-25-giugno-1983-25-giugno-2024","status":"publish","type":"post","link":"https:\/\/www.radiopiu.net\/wordpress\/giornale-radiopiu-28-novembre-2024-direttore-mirko-mezzacasada-41-anni-25-giugno-1983-25-giugno-2024\/","title":{"rendered":"GIORNALE RADIOPIU 28 NOVEMBRE 2024 DIRETTORE MIRKO MEZZACASA\u2026DA 41 ANNI 25 GIUGNO 1983-25 GIUGNO 2024"},"content":{"rendered":"<p>*****<\/p>\n<p><img decoding=\"async\" class=\"aligncenter\" src=\"https:\/\/www.radiopiu.net\/wordpress\/wp-content\/uploads\/2024\/11\/Senza-nome-121.png\" \/><\/p>\n<p><em><span style=\"color: #ff0000;\"><a class=\"dt-pswp-item\" href=\"https:\/\/www.radiopiu.net\/wordpress\/wp-content\/uploads\/2024\/10\/Senza-nome-8.png\" data-dt-img-description=\"\" data-large_image_width=\"343\" data-large_image_height=\"303\"><img loading=\"lazy\" decoding=\"async\" class=\"wp-image-412130 alignleft\" src=\"https:\/\/www.radiopiu.net\/wordpress\/wp-content\/uploads\/2024\/10\/Senza-nome-8-300x265.png\" alt=\"\" width=\"105\" height=\"93\" srcset=\"https:\/\/www.radiopiu.net\/wordpress\/wp-content\/uploads\/2024\/10\/Senza-nome-8-300x265.png 300w, https:\/\/www.radiopiu.net\/wordpress\/wp-content\/uploads\/2024\/10\/Senza-nome-8.png 343w\" sizes=\"auto, (max-width: 105px) 100vw, 105px\" \/><\/a><\/span><\/em><strong><em><span style=\"color: #ff0000;\"> LA\u00a0 APP PER IOS-IPHONE di Nicola Vettorello<\/span><\/em><\/strong><\/p>\n<p><strong><span style=\"color: #0000ff;\"><a style=\"color: #0000ff;\" href=\"https:\/\/apps.apple.com\/it\/app\/radio-pi%C3%B9-emittente-agordina\/id1515939845\">https:\/\/apps.apple.com\/it\/app\/radio-pi%C3%B9-emittente-agordina\/id1515939845<\/a><\/span><\/strong><\/p>\n<p><strong><em style=\"color: #ff0000;\">LA\u00a0 APP RADIO\u00a0 PER ANDROID di Nicola Vettorello<\/em><\/strong><\/p>\n<p><strong><span style=\"color: #0000ff;\"><a style=\"color: #0000ff;\" href=\"https:\/\/play.google.com\/store\/apps\/details?id=net.radiopiu.iniko\" target=\"_blank\" rel=\"noopener noreferrer\">https:\/\/<\/a><a style=\"color: #0000ff;\" href=\"https:\/\/play.google.com\/store\/apps\/details?id=net.radiopiu.iniko\" target=\"_blank\" rel=\"noopener noreferrer\">play.google.com\/store\/apps\/details?id=net.radiopiu.iniko\u00a0\u00a0\u00a0<\/a><\/span><\/strong><\/p>\n<p>&nbsp;<\/p>\n<p>&nbsp;<\/p>\n<hr \/>\n<p>&nbsp;<\/p>\n<p><span style=\"color: #ff0000;\"><a class=\"dt-pswp-item\" href=\"https:\/\/www.radiopiu.net\/wordpress\/wp-content\/uploads\/2024\/11\/464547664_10229278307696582_6167885414973411598_n.jpg\" data-dt-img-description=\"\" data-large_image_width=\"2048\" data-large_image_height=\"1631\"><img loading=\"lazy\" decoding=\"async\" class=\"wp-image-421767 alignleft\" src=\"https:\/\/www.radiopiu.net\/wordpress\/wp-content\/uploads\/2024\/11\/464547664_10229278307696582_6167885414973411598_n-300x239.jpg\" alt=\"\" width=\"118\" height=\"94\" srcset=\"https:\/\/www.radiopiu.net\/wordpress\/wp-content\/uploads\/2024\/11\/464547664_10229278307696582_6167885414973411598_n-300x239.jpg 300w, https:\/\/www.radiopiu.net\/wordpress\/wp-content\/uploads\/2024\/11\/464547664_10229278307696582_6167885414973411598_n-1024x816.jpg 1024w, https:\/\/www.radiopiu.net\/wordpress\/wp-content\/uploads\/2024\/11\/464547664_10229278307696582_6167885414973411598_n-768x612.jpg 768w, https:\/\/www.radiopiu.net\/wordpress\/wp-content\/uploads\/2024\/11\/464547664_10229278307696582_6167885414973411598_n-1536x1223.jpg 1536w, https:\/\/www.radiopiu.net\/wordpress\/wp-content\/uploads\/2024\/11\/464547664_10229278307696582_6167885414973411598_n.jpg 2048w\" sizes=\"auto, (max-width: 118px) 100vw, 118px\" \/><\/a>OGGI A RADIO PIU&#8217;&#8230; TRA L&#8217;ALTRO:<\/span>\u00a0 ALLE<strong> 10.10<\/strong> AL CINEMA DOLOMITI DI FALCADE, CON PAOLA LANCIATO, <strong>10.30<\/strong> REPORTER, OSPITE MIRCO TANCON (foto), SABATO APERTURA DELLA SKI AREA SAN PELLEGRINO\u00a0 <strong>11.10<\/strong> COSA GUARDO QUESTA SERA IN TV DALLE PIATTAFORME ON DEMAND NON I SOLITI CANALI&#8230; DI PAOLA LANCIATO <strong>13.10\u00a0<\/strong> KRAMPUS A FRASSENE&#8217; AGORDINO, CON YURI PARISSENTI E SHARON DE MARCO.\u00a0 QUESTA SERA DALLE\u00a0<strong>1920 <\/strong>LADINO QUESTO&#8230; CONOSCIUTO. CON NICOLA CASSISI \u00a0<strong>20.30<\/strong> HOCKEY AL PUNTO GIUSTO, IN STUDIO MARCO GAZ, AD ALLEGHE FEDERICO PAGANIN. INCONTRO DI HOCKEY GHIACCIO, IHL ALLEGHE-APPIANO<\/p>\n<p>&nbsp;<\/p>\n<p><strong>rassegna stampa nazionale,<\/strong> ogni giorno alle 5 e alle 6 del mattino.<br \/>\ngiornali locali 7 rassegna stampa flash, 8 rassegna stampa, gr flash alle 10 e alle 11, principale 12.30. Informazione pomeriggio ogni ora fino alle 20, in coda ai notiziari nazionali. Giornale radio nazionale: ogni ora dalle 4 del mattino, alle 20 della sera. Alle 19 le anticipazioni dal TG di Antenna 3 di Tiziana Bolognani.<\/p>\n<p>&nbsp;<\/p>\n<p>&nbsp;<\/p>\n<hr \/>\n<p>&nbsp;<\/p>\n<p>&nbsp;<\/p>\n<div class=\"x11i5rnm xat24cr x1mh8g0r x1vvkbs xtlvy1s x126k92a\">\n<div dir=\"auto\">\n<div dir=\"auto\">\n<p><strong><a class=\"dt-pswp-item\" href=\"https:\/\/www.radiopiu.net\/wordpress\/wp-content\/uploads\/2024\/02\/2d44e751-d8a8-461b-8e22-d8e4e853b032.jpg\" data-dt-img-description=\"\" data-large_image_width=\"1600\" data-large_image_height=\"1200\"><img loading=\"lazy\" decoding=\"async\" class=\"wp-image-373307 alignleft\" src=\"https:\/\/www.radiopiu.net\/wordpress\/wp-content\/uploads\/2024\/02\/2d44e751-d8a8-461b-8e22-d8e4e853b032-300x225.jpg\" alt=\"\" width=\"105\" height=\"79\" srcset=\"https:\/\/www.radiopiu.net\/wordpress\/wp-content\/uploads\/2024\/02\/2d44e751-d8a8-461b-8e22-d8e4e853b032-300x225.jpg 300w, https:\/\/www.radiopiu.net\/wordpress\/wp-content\/uploads\/2024\/02\/2d44e751-d8a8-461b-8e22-d8e4e853b032-1024x768.jpg 1024w, https:\/\/www.radiopiu.net\/wordpress\/wp-content\/uploads\/2024\/02\/2d44e751-d8a8-461b-8e22-d8e4e853b032-768x576.jpg 768w, https:\/\/www.radiopiu.net\/wordpress\/wp-content\/uploads\/2024\/02\/2d44e751-d8a8-461b-8e22-d8e4e853b032-1536x1152.jpg 1536w, https:\/\/www.radiopiu.net\/wordpress\/wp-content\/uploads\/2024\/02\/2d44e751-d8a8-461b-8e22-d8e4e853b032.jpg 1600w\" sizes=\"auto, (max-width: 105px) 100vw, 105px\" \/><\/a>EL BAL DEL FIOR, DI GIULIANA DA RONCH, 28 NOVEMBRE<\/strong><strong>\u00a02024<\/strong><\/p>\n<\/div>\n<\/div>\n<\/div>\n<div><\/div>\n<div>\n<audio class=\"wp-audio-shortcode\" id=\"audio-421680-1\" preload=\"none\" style=\"width: 100%;\" controls=\"controls\"><source type=\"audio\/mpeg\" src=\"https:\/\/www.radiopiu.net\/wordpress\/wp-content\/uploads\/2024\/11\/GGI-3.mp3?_=1\" \/><a href=\"https:\/\/www.radiopiu.net\/wordpress\/wp-content\/uploads\/2024\/11\/GGI-3.mp3\">https:\/\/www.radiopiu.net\/wordpress\/wp-content\/uploads\/2024\/11\/GGI-3.mp3<\/a><\/audio>\n<p>&nbsp;<\/p>\n<\/div>\n<hr \/>\n<p>&nbsp;<\/p>\n<p>&nbsp;<\/p>\n<div class=\"x11i5rnm xat24cr x1mh8g0r x1vvkbs xtlvy1s x126k92a\">\n<h1><span style=\"color: #ff0000;\"><a class=\"dt-pswp-item\" href=\"https:\/\/www.radiopiu.net\/wordpress\/wp-content\/uploads\/2024\/06\/th-5.jpg\" data-dt-img-description=\"\" data-large_image_width=\"326\" data-large_image_height=\"180\"><img loading=\"lazy\" decoding=\"async\" class=\"size-medium wp-image-395881 alignleft\" src=\"https:\/\/www.radiopiu.net\/wordpress\/wp-content\/uploads\/2024\/06\/th-5-300x166.jpg\" alt=\"\" width=\"300\" height=\"166\" srcset=\"https:\/\/www.radiopiu.net\/wordpress\/wp-content\/uploads\/2024\/06\/th-5-300x166.jpg 300w, https:\/\/www.radiopiu.net\/wordpress\/wp-content\/uploads\/2024\/06\/th-5.jpg 326w\" sizes=\"auto, (max-width: 300px) 100vw, 300px\" \/><\/a><\/span><\/h1>\n<h1><\/h1>\n<h1><\/h1>\n<h1><span style=\"color: #000000;\">28 NOVEMBRE&#8230; alla radio l&#8217;almanacco\u00a0<\/span><\/h1>\n<\/div>\n<div class=\"x11i5rnm xat24cr x1mh8g0r x1vvkbs xtlvy1s x126k92a\">\n<audio class=\"wp-audio-shortcode\" id=\"audio-421680-2\" preload=\"none\" style=\"width: 100%;\" controls=\"controls\"><source type=\"audio\/mpeg\" src=\"https:\/\/www.radiopiu.net\/wordpress\/wp-content\/uploads\/2024\/11\/ALMANACCONEW-22.mp3?_=2\" \/><a href=\"https:\/\/www.radiopiu.net\/wordpress\/wp-content\/uploads\/2024\/11\/ALMANACCONEW-22.mp3\">https:\/\/www.radiopiu.net\/wordpress\/wp-content\/uploads\/2024\/11\/ALMANACCONEW-22.mp3<\/a><\/audio>\n<p>&nbsp;<\/p>\n<p>&nbsp;<\/p>\n<hr \/>\n<p>&nbsp;<\/p>\n<p>&nbsp;<\/p>\n<blockquote>\n<h1><strong><a class=\"dt-pswp-item\" href=\"https:\/\/www.radiopiu.net\/wordpress\/wp-content\/uploads\/2024\/10\/629301fd-708d-4f53-95c2-d28cbefd500f.jpg\" data-dt-img-description=\"\" data-large_image_width=\"1600\" data-large_image_height=\"1322\"><img loading=\"lazy\" decoding=\"async\" class=\"wp-image-413782 alignright\" src=\"https:\/\/www.radiopiu.net\/wordpress\/wp-content\/uploads\/2024\/10\/629301fd-708d-4f53-95c2-d28cbefd500f-300x248.jpg\" alt=\"\" width=\"106\" height=\"88\" srcset=\"https:\/\/www.radiopiu.net\/wordpress\/wp-content\/uploads\/2024\/10\/629301fd-708d-4f53-95c2-d28cbefd500f-300x248.jpg 300w, https:\/\/www.radiopiu.net\/wordpress\/wp-content\/uploads\/2024\/10\/629301fd-708d-4f53-95c2-d28cbefd500f-1024x846.jpg 1024w, https:\/\/www.radiopiu.net\/wordpress\/wp-content\/uploads\/2024\/10\/629301fd-708d-4f53-95c2-d28cbefd500f-768x635.jpg 768w, https:\/\/www.radiopiu.net\/wordpress\/wp-content\/uploads\/2024\/10\/629301fd-708d-4f53-95c2-d28cbefd500f-1536x1269.jpg 1536w, https:\/\/www.radiopiu.net\/wordpress\/wp-content\/uploads\/2024\/10\/629301fd-708d-4f53-95c2-d28cbefd500f.jpg 1600w\" sizes=\"auto, (max-width: 106px) 100vw, 106px\" \/><\/a><\/strong><\/h1>\n<h1><strong><a class=\"dt-pswp-item\" href=\"https:\/\/www.radiopiu.net\/wordpress\/wp-content\/uploads\/2024\/11\/th-18.jpg\" data-dt-img-description=\"\" data-large_image_width=\"156\" data-large_image_height=\"180\"><img loading=\"lazy\" decoding=\"async\" class=\"size-full wp-image-421611 alignleft\" src=\"https:\/\/www.radiopiu.net\/wordpress\/wp-content\/uploads\/2024\/11\/th-18.jpg\" alt=\"\" width=\"156\" height=\"180\" \/><\/a><\/strong><\/h1>\n<h1><strong>N di parom &#8211; L Almanach de la nosta jent<\/strong><\/h1>\n<\/blockquote>\n<p>&nbsp;<\/p>\n<p>Le voci: Davide Conedera, Agordo, Michela Dell&#8217;Osbel, La Valle Agordina Simone Ganz, Falcade Veronica Lezuo, Colle Santa Lucia. La voce nella sigla \u00e8 di Giorgia Taio<\/p>\n<p>&nbsp;<\/p>\n<p><strong>LA PUNTATA DI OGGI, 28 NOVEMBRE<\/strong><\/p>\n<audio class=\"wp-audio-shortcode\" id=\"audio-421680-3\" preload=\"none\" style=\"width: 100%;\" controls=\"controls\"><source type=\"audio\/mpeg\" src=\"https:\/\/www.radiopiu.net\/wordpress\/wp-content\/uploads\/2024\/11\/AL4-2.mp3?_=3\" \/><a href=\"https:\/\/www.radiopiu.net\/wordpress\/wp-content\/uploads\/2024\/11\/AL4-2.mp3\">https:\/\/www.radiopiu.net\/wordpress\/wp-content\/uploads\/2024\/11\/AL4-2.mp3<\/a><\/audio>\n<\/div>\n<div class=\"x11i5rnm xat24cr x1mh8g0r x1vvkbs xtlvy1s x126k92a\">\n<p>&nbsp;<\/p>\n<div dir=\"auto\">\n<hr \/>\n<\/div>\n<\/div>\n<blockquote>\n<blockquote>\n<h1><span style=\"color: #ff0000;\">\u00a0<\/span><\/h1>\n<h1><span style=\"color: #ff0000;\">I podcast informativi del mattino &#8211; audio &#8211;\u00a0\u00a0<\/span><\/h1>\n<\/blockquote>\n<p><strong><a class=\"dt-pswp-item\" href=\"https:\/\/www.radiopiu.net\/wordpress\/wp-content\/uploads\/2024\/11\/6.jpg\" data-dt-img-description=\"\" data-large_image_width=\"177\" data-large_image_height=\"180\"><img loading=\"lazy\" decoding=\"async\" class=\"size-full wp-image-417911 alignleft\" src=\"https:\/\/www.radiopiu.net\/wordpress\/wp-content\/uploads\/2024\/11\/6.jpg\" alt=\"\" width=\"177\" height=\"180\" \/><\/a>LA RASSEGNA STAMPA NAZIONALE ALLA RADIO, OGNI GIORNO ALLE 5 E ALLE 6 DEL MATTINO <span style=\"color: #0000ff;\">viene pubblicata alle 6.00 <span style=\"color: #ff0000;\">DIRETTA RADIO\u00a0 \u00a0\u00a0<\/span><\/span><\/strong><\/p><\/blockquote>\n<p>&nbsp;<\/p>\n<p><strong>NOTIZIE DELLA NOTTE<\/strong><\/p>\n<p><strong>Attacchi missilistici<\/strong> sull&#8217;Ucraina, scatta allerta nazionale <strong>Presidente Messico<\/strong> a Trump, nessun piano di chiudere confine <strong>Ucraina<\/strong> lancia massiccio attacco con droni in sud Russia<br \/>\n<strong>Trump,<\/strong> accordo con presidente Messico per stop immigrazione <strong>Musk<\/strong> attacca l&#8217;Ue, la commissione \u00e8 &#8216;antidemocratica&#8217; <strong>Champions:<\/strong> Juve; Motta, &#8216;prendiamo punto, siamo in corsa&#8217; <strong>Champions:<\/strong> Bologna-Lille 1-2 <strong>Il petrolio<\/strong> chiude in calo a New York a 68,65 dollari<\/p>\n<h2>AUDIO dalle 6 del mattino<\/h2>\n<audio class=\"wp-audio-shortcode\" id=\"audio-421680-4\" preload=\"none\" style=\"width: 100%;\" controls=\"controls\"><source type=\"audio\/mpeg\" src=\"https:\/\/www.radiopiu.net\/wordpress\/wp-content\/uploads\/2024\/11\/GIORNALEDELLESEI-20.mp3?_=4\" \/><a href=\"https:\/\/www.radiopiu.net\/wordpress\/wp-content\/uploads\/2024\/11\/GIORNALEDELLESEI-20.mp3\">https:\/\/www.radiopiu.net\/wordpress\/wp-content\/uploads\/2024\/11\/GIORNALEDELLESEI-20.mp3<\/a><\/audio>\n<p>&nbsp;<\/p>\n<p>&nbsp;<\/p>\n<p>&nbsp;<\/p>\n<hr \/>\n<p>&nbsp;<\/p>\n<h1 style=\"text-align: center;\"><span style=\"color: #ff0000;\"><a class=\"dt-pswp-item\" href=\"https:\/\/www.radiopiu.net\/wordpress\/wp-content\/uploads\/2024\/11\/7.jpg\" data-dt-img-description=\"\" data-large_image_width=\"180\" data-large_image_height=\"180\"><img loading=\"lazy\" decoding=\"async\" class=\"size-full wp-image-417912 alignleft\" src=\"https:\/\/www.radiopiu.net\/wordpress\/wp-content\/uploads\/2024\/11\/7.jpg\" alt=\"\" width=\"180\" height=\"180\" srcset=\"https:\/\/www.radiopiu.net\/wordpress\/wp-content\/uploads\/2024\/11\/7.jpg 180w, https:\/\/www.radiopiu.net\/wordpress\/wp-content\/uploads\/2024\/11\/7-150x150.jpg 150w\" sizes=\"auto, (max-width: 180px) 100vw, 180px\" \/><\/a>I podcast informativi del mattino &#8211; audio &#8211;\u00a0<\/span><\/h1>\n<p><strong>OGNI GIORNO ALLE SETTE DEL MATTINO, LA RASSEGNA STAMPA LOCALE FLASH&#8230; PER CHI VA IN FRETTA. I TITOLI DAI GIORNALI E DAL SITO WWW.RADIOPIU.NET <span style=\"color: #0000ff;\">viene pubblicato alle 7.00<\/span> <span style=\"color: #ff0000;\">DIRETTA RADIO\u00a0<\/span><\/strong><\/p>\n<p><em><span style=\"color: #ff0000;\">per chi va in fretta&#8230; tante notizie in pochi minuti. L&#8217;informazione locale alla radio, ogni ora dalle 7 del mattino alle 19 della sera.<\/span><\/em><\/p>\n<h1><\/h1>\n<h1>AUDIO dalle 7 del mattino<\/h1>\n<audio class=\"wp-audio-shortcode\" id=\"audio-421680-5\" preload=\"none\" style=\"width: 100%;\" controls=\"controls\"><source type=\"audio\/mpeg\" src=\"https:\/\/www.radiopiu.net\/wordpress\/wp-content\/uploads\/2024\/11\/GF07-23.mp3?_=5\" \/><a href=\"https:\/\/www.radiopiu.net\/wordpress\/wp-content\/uploads\/2024\/11\/GF07-23.mp3\">https:\/\/www.radiopiu.net\/wordpress\/wp-content\/uploads\/2024\/11\/GF07-23.mp3<\/a><\/audio>\n<p>&nbsp;<\/p>\n<p>&nbsp;<\/p>\n<p>&nbsp;<\/p>\n<hr \/>\n<p>&nbsp;<\/p>\n<h1><\/h1>\n<h1 style=\"text-align: center;\"><span style=\"color: #ff0000;\"><a class=\"dt-pswp-item\" href=\"https:\/\/www.radiopiu.net\/wordpress\/wp-content\/uploads\/2024\/11\/th.jpg\" data-dt-img-description=\"\" data-large_image_width=\"148\" data-large_image_height=\"179\"><img loading=\"lazy\" decoding=\"async\" class=\"size-full wp-image-417913 alignleft\" src=\"https:\/\/www.radiopiu.net\/wordpress\/wp-content\/uploads\/2024\/11\/th.jpg\" alt=\"\" width=\"148\" height=\"179\" \/><\/a>I podcast informativi del mattino &#8211; audio &#8211;\u00a0<\/span><\/h1>\n<blockquote><p><strong>GIORNALE RADIO NAZIONALE, EDIZIONE DELLE SETTE <span style=\"color: #0000ff;\">viene pubblicato alle 7.05 <span style=\"color: #ff0000;\">DIRETTA RADIO\u00a0<\/span><\/span><\/strong><\/p><\/blockquote>\n<p><strong>il giornale radionazionale e&#8217; in onda ogni ora, dalle sette del mattino alle venti della sera\u00a0 \u00a0<\/strong><strong>\u00a0<\/strong><\/p>\n<p><strong>La valanga a Rigopiano<\/strong>, in Cassazione chiesto un nuovo processo per l&#8217;ex prefetto <strong>GENOVA <\/strong>Un&#8217; altra consigliera denuncia violenza sessuale, &#8216;ispirata da Giulia Cecchettin&#8217; All&#8217;epoca degli abusi aveva 12 anni. Procura\u00a0 apre fascicolo contro ignoti <strong>TREVISO <\/strong>Gino Cecchettin: &#8216;Umiliata la memoria di Giulia&#8217; &#8216;Mi sono sentito offeso&#8217;. I difensori: &#8216;Abbiamo svolto il nostro dovere&#8217; <strong>MILANO <\/strong>La rabbia a Corvetto. Salvini: &#8220;Le baby gang di seconda generazione un&#8217;emergenza nazionale&#8221; <strong>MILANO<\/strong> La scelta di Deborah, muore di tumore per far nascere la figlia Rifiuta le cure, la bimba ha 2 mesi. Fontana: &#8216;Un atto d&#8217;amore&#8217; <strong>ROMA<\/strong> Occupato il tetto della facolt\u00e0 di Lettere alla Sapienza: &#8220;Stop a tagli e riforma&#8221; <strong>VARESE<\/strong> Frontale tra due auto, alla guida c&#8217;erano nonno e nipote Il giovane \u00e8 grave, l&#8217;incidente nel Varesotto, in tutto 4 feriti<\/p>\n<p><span style=\"color: #ff0000;\"><span style=\"color: #0000ff;\">CRONACA<\/span> EDIZIONE DELLA SERA , DEL 27 NOVEMBRE 2024 EDIZIONE DI IERI, 20.00<\/span><\/p>\n<audio class=\"wp-audio-shortcode\" id=\"audio-421680-6\" preload=\"none\" style=\"width: 100%;\" controls=\"controls\"><source type=\"audio\/mpeg\" src=\"https:\/\/www.radiopiu.net\/wordpress\/wp-content\/uploads\/2024\/11\/giornale07-44.mp3?_=6\" \/><a href=\"https:\/\/www.radiopiu.net\/wordpress\/wp-content\/uploads\/2024\/11\/giornale07-44.mp3\">https:\/\/www.radiopiu.net\/wordpress\/wp-content\/uploads\/2024\/11\/giornale07-44.mp3<\/a><\/audio>\n<p>&nbsp;<\/p>\n<p><span style=\"color: #ff0000;\"><span style=\"color: #0000ff;\">SPORT<\/span> EDIZIONE DELLE 19, DEL 27 NOVEMBRE 2024, LO SPORT EDIZIONE DI IERI<\/span><\/p>\n<audio class=\"wp-audio-shortcode\" id=\"audio-421680-7\" preload=\"none\" style=\"width: 100%;\" controls=\"controls\"><source type=\"audio\/mpeg\" src=\"https:\/\/www.radiopiu.net\/wordpress\/wp-content\/uploads\/2024\/11\/gr-sport-22.mp3?_=7\" \/><a href=\"https:\/\/www.radiopiu.net\/wordpress\/wp-content\/uploads\/2024\/11\/gr-sport-22.mp3\">https:\/\/www.radiopiu.net\/wordpress\/wp-content\/uploads\/2024\/11\/gr-sport-22.mp3<\/a><\/audio>\n<h2><\/h2>\n<h2><span style=\"color: #ff0000;\"><span style=\"color: #0000ff;\">ULTIM&#8217;ORA<\/span> AUDIO dalle sette del mattino, ogni ora alla radio EDIZIONE DELLE SETTE<\/span><\/h2>\n<audio class=\"wp-audio-shortcode\" id=\"audio-421680-8\" preload=\"none\" style=\"width: 100%;\" controls=\"controls\"><source type=\"audio\/mpeg\" src=\"https:\/\/www.radiopiu.net\/wordpress\/wp-content\/uploads\/2024\/11\/giornale07-45.mp3?_=8\" \/><a href=\"https:\/\/www.radiopiu.net\/wordpress\/wp-content\/uploads\/2024\/11\/giornale07-45.mp3\">https:\/\/www.radiopiu.net\/wordpress\/wp-content\/uploads\/2024\/11\/giornale07-45.mp3<\/a><\/audio>\n<p>&nbsp;<\/p>\n<p>&nbsp;<\/p>\n<hr \/>\n<p>&nbsp;<\/p>\n<p>&nbsp;<\/p>\n<p>&nbsp;<\/p>\n<blockquote>\n<h2>DILLO A RADIO PIU&#8230; QUESTA MATTINA A CANDATEN PER EVITARE IL FRONTALE FINISCE NEL PRATO<\/h2>\n<\/blockquote>\n<p><strong><img decoding=\"async\" class=\"alignleft\" src=\"https:\/\/www.radiopiu.net\/wordpress\/wp-content\/uploads\/2022\/02\/th-3.jpg\" \/>RICEVIAMO E PUBBLICHIAMO<\/strong><\/p>\n<p>Anche questa mattina la statale 203 si \u00e8 rilevata una roulette russa! Alle 7:12 per evitare un frontale secco a Candaten davanti alla foresteria e vicino all&#8217;autovelox con il mio furgone mi sono fatto 20 mt nel prato! Adesso vado dai vigili di Sedico , vediamo cosa mi dicono&#8230;..comunque questa volta me la sono vista proprio brutta.<\/p>\n<p><strong>CHRISTIAN<\/strong><\/p>\n<p>&nbsp;<\/p>\n<p>&nbsp;<\/p>\n<p>&nbsp;<\/p>\n<hr \/>\n<h1><span style=\"color: #ff0000;\"><a class=\"dt-pswp-item\" href=\"https:\/\/www.radiopiu.net\/wordpress\/wp-content\/uploads\/2024\/11\/8.jpg\" data-dt-img-description=\"\" data-large_image_width=\"180\" data-large_image_height=\"180\"><img loading=\"lazy\" decoding=\"async\" class=\"size-full wp-image-417910 alignleft\" src=\"https:\/\/www.radiopiu.net\/wordpress\/wp-content\/uploads\/2024\/11\/8.jpg\" alt=\"\" width=\"180\" height=\"180\" srcset=\"https:\/\/www.radiopiu.net\/wordpress\/wp-content\/uploads\/2024\/11\/8.jpg 180w, https:\/\/www.radiopiu.net\/wordpress\/wp-content\/uploads\/2024\/11\/8-150x150.jpg 150w\" sizes=\"auto, (max-width: 180px) 100vw, 180px\" \/><\/a>I podcast informativi del mattino &#8211; video &#8211;\u00a0<\/span><\/h1>\n<h2 style=\"text-align: left;\"><strong>RASSEGNA STAMPA LOCALE, ORE OTTO<\/strong><\/h2>\n<h2><strong> <span style=\"color: #0000ff;\">viene\u00a0 <\/span><\/strong><strong><span style=\"color: #0000ff;\">pubblicata alle 8.05 <span style=\"color: #ff0000;\">DIRETTA RADIO\u00a0 \u00a0<\/span><\/span><\/strong><strong>DI MIRKO MEZZACASA<\/strong><\/h2>\n<h2><span style=\"color: #ff0000;\"><strong>\u00a0<\/strong><\/span><\/h2>\n<h2><span style=\"color: #ff0000;\"><strong>\u00a0<\/strong><\/span><\/h2>\n<h1><span style=\"color: #ff0000;\"><strong>VIDEO\u00a0 \u00a0in diretta dalle 8 del mattino\u00a0 \u00a0per ASCOLTARE <\/strong><\/span><\/h1>\n<blockquote>\n<h1 style=\"text-align: center;\"><a href=\"https:\/\/www.facebook.com\/radiopiu\/videos\/590644553443604\">CLICCA QUI<\/a><\/h1>\n<\/blockquote>\n\n\t\t\t<style type='text\/css'>\n\t\t\t\t#gallery-1 {\n\t\t\t\t\tmargin: auto;\n\t\t\t\t}\n\t\t\t\t#gallery-1 .gallery-item {\n\t\t\t\t\tfloat: left;\n\t\t\t\t\tmargin-top: 10px;\n\t\t\t\t\ttext-align: center;\n\t\t\t\t\twidth: 50%;\n\t\t\t\t}\n\t\t\t\t#gallery-1 img {\n\t\t\t\t\tborder: 2px solid #cfcfcf;\n\t\t\t\t}\n\t\t\t\t#gallery-1 .gallery-caption {\n\t\t\t\t\tmargin-left: 0;\n\t\t\t\t}\n\t\t\t\t\/* see gallery_shortcode() in wp-includes\/media.php *\/\n\t\t\t<\/style>\n\t\t<div id='gallery-1' class='dt-gallery-container gallery galleryid-421680 gallery-columns-2 gallery-size-medium'><dl class='gallery-item'>\n\t\t\t\t<dt class='gallery-icon landscape'>\n\t\t\t\t\t<a class=\"rollover rollover-zoom dt-pswp-item\" title=\"coop1\" data-dt-img-description=\"\" data-large_image_width=\"541\" data-large_image_height=\"248\"href='https:\/\/www.radiopiu.net\/wordpress\/wp-content\/uploads\/2024\/11\/coop1-14.png'><img loading=\"lazy\" decoding=\"async\" width=\"300\" height=\"138\" src=\"https:\/\/www.radiopiu.net\/wordpress\/wp-content\/uploads\/2024\/11\/coop1-14-300x138.png\" class=\"attachment-medium size-medium\" alt=\"\" srcset=\"https:\/\/www.radiopiu.net\/wordpress\/wp-content\/uploads\/2024\/11\/coop1-14-300x138.png 300w, https:\/\/www.radiopiu.net\/wordpress\/wp-content\/uploads\/2024\/11\/coop1-14.png 541w\" sizes=\"auto, (max-width: 300px) 100vw, 300px\" \/><\/a>\n\t\t\t\t<\/dt><\/dl><dl class='gallery-item'>\n\t\t\t\t<dt class='gallery-icon landscape'>\n\t\t\t\t\t<a class=\"rollover rollover-zoom dt-pswp-item\" title=\"coop2\" data-dt-img-description=\"\" data-large_image_width=\"616\" data-large_image_height=\"405\"href='https:\/\/www.radiopiu.net\/wordpress\/wp-content\/uploads\/2024\/11\/coop2-11.png'><img loading=\"lazy\" decoding=\"async\" width=\"300\" height=\"197\" src=\"https:\/\/www.radiopiu.net\/wordpress\/wp-content\/uploads\/2024\/11\/coop2-11-300x197.png\" class=\"attachment-medium size-medium\" alt=\"\" srcset=\"https:\/\/www.radiopiu.net\/wordpress\/wp-content\/uploads\/2024\/11\/coop2-11-300x197.png 300w, https:\/\/www.radiopiu.net\/wordpress\/wp-content\/uploads\/2024\/11\/coop2-11.png 616w\" sizes=\"auto, (max-width: 300px) 100vw, 300px\" \/><\/a>\n\t\t\t\t<\/dt><\/dl><br style=\"clear: both\" \/>\n\t\t\t<\/div>\n\n<p>&nbsp;<\/p>\n<p>&nbsp;<\/p>\n<p>&nbsp;<\/p>\n<hr \/>\n<p>&nbsp;<\/p>\n<p>&nbsp;<\/p>\n<p><strong><a class=\"dt-pswp-item\" href=\"https:\/\/www.radiopiu.net\/wordpress\/wp-content\/uploads\/2023\/12\/ANTENNA.png\" data-dt-img-description=\"\" data-large_image_width=\"300\" data-large_image_height=\"166\"><img loading=\"lazy\" decoding=\"async\" class=\"wp-image-366306 alignright\" src=\"https:\/\/www.radiopiu.net\/wordpress\/wp-content\/uploads\/2023\/12\/ANTENNA.png\" alt=\"\" width=\"101\" height=\"56\" \/><\/a><a class=\"dt-pswp-item\" href=\"https:\/\/www.radiopiu.net\/wordpress\/wp-content\/uploads\/2024\/11\/th-17.jpg\" data-dt-img-description=\"\" data-large_image_width=\"224\" data-large_image_height=\"180\"><img loading=\"lazy\" decoding=\"async\" class=\" wp-image-421610 alignleft\" src=\"https:\/\/www.radiopiu.net\/wordpress\/wp-content\/uploads\/2024\/11\/th-17.jpg\" alt=\"\" width=\"167\" height=\"134\" \/><\/a>ogni sera alle 19 le anticipazioni alla radio, quello che poi seguirete nel TELEGIORNALE BELLUNESE\u00a0 in onda alle 19.30 sul CANALE 10 del digitale terrestre.\u00a0\u00a0<\/strong><\/p>\n<p>&nbsp;<\/p>\n<p>&nbsp;<\/p>\n<p><strong>LE ANTICIPAZIONI DAL TG DI ANTENNA 3 DI\u00a0 FABIO FIORAVANZI<br \/>\n<\/strong><\/p>\n<audio class=\"wp-audio-shortcode\" id=\"audio-421680-9\" preload=\"none\" style=\"width: 100%;\" controls=\"controls\"><source type=\"audio\/mpeg\" src=\"https:\/\/www.radiopiu.net\/wordpress\/wp-content\/uploads\/2024\/11\/FIORAVANZI.mp3?_=9\" \/><a href=\"https:\/\/www.radiopiu.net\/wordpress\/wp-content\/uploads\/2024\/11\/FIORAVANZI.mp3\">https:\/\/www.radiopiu.net\/wordpress\/wp-content\/uploads\/2024\/11\/FIORAVANZI.mp3<\/a><\/audio>\n<p><strong>\u00a0<\/strong><\/p>\n<p>&nbsp;<\/p>\n<p>&nbsp;<\/p>\n<hr \/>\n<p>&nbsp;<\/p>\n<blockquote>\n<h3>DOMANI SCIOPERO NAZIONALE DEI TRASPORTI DI 4 ORE<\/h3>\n<\/blockquote>\n<p><strong>BELLUNO<\/strong> DolomitiBus e le sigle sindacali comunicano lo sciopero proclamato per domani \u00e8 stato ridotto a 4 ore, in conformit\u00e0 con l&#8217;ordinanza del Ministero delle Infrastrutture e dei Trasporti. Le corse non saranno garantite dalle 09:00 alle 12:09, ma le corse in partenza prima di tale orario saranno effettuate regolarmente e proseguiranno fino al capolinea.<\/p>\n<p>&nbsp;<\/p>\n<p>&nbsp;<\/p>\n<hr \/>\n<p>&nbsp;<\/p>\n<blockquote>\n<h2><a class=\"dt-pswp-item\" href=\"https:\/\/www.radiopiu.net\/wordpress\/wp-content\/uploads\/2024\/06\/taibon-framont-san-lucano2.jpg\" data-dt-img-description=\"\" data-large_image_width=\"1600\" data-large_image_height=\"1200\"><img loading=\"lazy\" decoding=\"async\" class=\"wp-image-396641 alignleft\" src=\"https:\/\/www.radiopiu.net\/wordpress\/wp-content\/uploads\/2024\/06\/taibon-framont-san-lucano2-300x225.jpg\" alt=\"\" width=\"139\" height=\"104\" srcset=\"https:\/\/www.radiopiu.net\/wordpress\/wp-content\/uploads\/2024\/06\/taibon-framont-san-lucano2-300x225.jpg 300w, https:\/\/www.radiopiu.net\/wordpress\/wp-content\/uploads\/2024\/06\/taibon-framont-san-lucano2-1024x768.jpg 1024w, https:\/\/www.radiopiu.net\/wordpress\/wp-content\/uploads\/2024\/06\/taibon-framont-san-lucano2-768x576.jpg 768w, https:\/\/www.radiopiu.net\/wordpress\/wp-content\/uploads\/2024\/06\/taibon-framont-san-lucano2-1536x1152.jpg 1536w, https:\/\/www.radiopiu.net\/wordpress\/wp-content\/uploads\/2024\/06\/taibon-framont-san-lucano2.jpg 1600w\" sizes=\"auto, (max-width: 139px) 100vw, 139px\" \/><\/a>203 AGORDINA: CHIUSURA DELLO SVINCOLO PER AGORDO<\/h2>\n<\/blockquote>\n<p><strong>TAIBON<\/strong> Fino al 29 novembre, in localit\u00e0 San Cipriano, interdizione totale della circolazione stradale della corsia di svincolo direzione sud\u00a0 per intervento realizzazione rete del gas. <strong>QUINDI PER AGORDO RIMANERE IN TANGENZIALE\u00a0\u00a0<\/strong><\/p>\n<p>&nbsp;<\/p>\n<hr \/>\n<p>&nbsp;<\/p>\n<blockquote>\n<h2>DILLO A RADIO PIU&#8217;&#8230;LA FORMICA NEL PASTO DELLA MENSA SCOLASTICA<\/h2>\n<\/blockquote>\n<div class=\"flex-1 overflow-hidden\">\n<div class=\"h-full\">\n<div class=\"react-scroll-to-bottom--css-awyht-79elbk h-full\">\n<div class=\"react-scroll-to-bottom--css-awyht-1n7m0yu\">\n<div class=\"flex h-full flex-col\">\n<div class=\"flex flex-col text-sm md:pb-9\">\n<article class=\"w-full scroll-mb-[var(--thread-trailing-height,150px)] text-token-text-primary focus-visible:outline-2 focus-visible:outline-offset-[-4px]\" dir=\"auto\" data-testid=\"conversation-turn-73\" data-scroll-anchor=\"true\">\n<div class=\"m-auto text-base py-[18px] px-3 md:px-4 w-full md:px-5 lg:px-4 xl:px-5\">\n<div class=\"mx-auto flex flex-1 gap-4 text-base md:gap-5 lg:gap-6 md:max-w-3xl lg:max-w-[40rem] xl:max-w-[48rem] -mx-4\">\n<div class=\"group\/conversation-turn relative flex w-full min-w-0 flex-col agent-turn\">\n<div class=\"flex-col gap-1 md:gap-3\">\n<div class=\"flex max-w-full flex-col flex-grow\">\n<div class=\"min-h-8 text-message flex w-full flex-col items-end gap-2 whitespace-normal break-words [.text-message+&amp;]:mt-5\" dir=\"auto\" data-message-author-role=\"assistant\" data-message-id=\"5d169907-dab7-4b75-9ecc-60156c024c9d\" data-message-model-slug=\"gpt-4o\">\n<div class=\"flex w-full flex-col gap-1 empty:hidden first:pt-[3px]\">\n<div class=\"markdown prose w-full break-words dark:prose-invert dark\">\n<blockquote><p><em>Due segnalazioni giunte alla redazione di RadioPi\u00f9 sollevano preoccupazioni sulla qualit\u00e0 del servizio mensa . Un nonno di Taibon riferisce che i piatti serviti ai bambini erano infestati da insetti. Nonostante l\u2019immediato intervento delle insegnanti, alcuni bambini avrebbero comunque consumato il pasto. Un altro genitore racconta di un episodio simile, in cui una formica \u00e8 stata trovata nella minestra di un bambino. La situazione riaccende i dubbi su precedenti casi di sintomi gastrointestinali tra i piccoli, inizialmente attribuiti a un\u2019influenza stagionale.<\/em><\/p><\/blockquote>\n<\/div>\n<\/div>\n<\/div>\n<\/div>\n<\/div>\n<\/div>\n<\/div>\n<\/div>\n<\/article>\n<\/div>\n<\/div>\n<\/div>\n<\/div>\n<\/div>\n<\/div>\n<p><strong>RICEVIAMO E PUBBLICHIAMO<\/strong><\/p>\n<p><span style=\"color: #ff0000;\">1<\/span><\/p>\n<p>Scrivo in veste di nonno di un bambino frequentante la Scuola Materna di Taibon, Oggi in mensa i bambini avevano i piatti del pranzo\/mensa infestati da insetti. Qualcuno ha consumato il pranzo pur con la presenza di tale forma animale, nonostante il tempestivo intervento delle Insegnanti che hanno subito ritirato i piatti serviti e consegnati da due ditte esterne. I genitori sono arrabbiati e vogliono far intervenire i N.A.S. dei Carabinieri ed il Servizio Igiene dell\u2019ULSS.<\/p>\n<p>Un nonno<\/p>\n<p><span style=\"color: #ff0000;\">2<\/span><\/p>\n<p>Sono il pap\u00e0 di un bambino che frequenta la scuola dell&#8217;infanzia a Rivamonte. Oggi, al rientro da scuola, mio figlio mi ha raccontato che nella minestra di un suo compagno \u00e8 stata trovata una formica. In un primo momento ho cercato di minimizzare, pensando che si trattasse di un malinteso o di un\u2019esagerazione tipica dei bambini. Tuttavia, questa sera ho avuto una conferma sconcertante: \u00e8 stato ufficialmente riportato che sono stati trovati insetti nei pasti forniti dal servizio mensa. Trovo la situazione assolutamente scandalosa e inaccettabile! Inoltre, ripensandoci, ricordo che qualche settimana fa molti bambini hanno sofferto di sintomi gastrointestinali, tra cui vomito e diarrea. All\u2019epoca abbiamo pensato si trattasse di una semplice influenza stagionale, ma ora \u00e8 inevitabile domandarsi se ci\u00f2 potesse essere collegato a pasti contaminati o avariati. \u00c8 un fatto gravissimo, e confido che le autorit\u00e0 competenti, come l\u2019ULSS, si attivino al pi\u00f9 presto per fare piena chiarezza e adottare le misure necessarie per garantire la sicurezza alimentare dei nostri bambini.<\/p>\n<p>Un genitore<\/p>\n\n\t\t\t<style type='text\/css'>\n\t\t\t\t#gallery-2 {\n\t\t\t\t\tmargin: auto;\n\t\t\t\t}\n\t\t\t\t#gallery-2 .gallery-item {\n\t\t\t\t\tfloat: left;\n\t\t\t\t\tmargin-top: 10px;\n\t\t\t\t\ttext-align: center;\n\t\t\t\t\twidth: 33%;\n\t\t\t\t}\n\t\t\t\t#gallery-2 img {\n\t\t\t\t\tborder: 2px solid #cfcfcf;\n\t\t\t\t}\n\t\t\t\t#gallery-2 .gallery-caption {\n\t\t\t\t\tmargin-left: 0;\n\t\t\t\t}\n\t\t\t\t\/* see gallery_shortcode() in wp-includes\/media.php *\/\n\t\t\t<\/style>\n\t\t<div id='gallery-2' class='dt-gallery-container gallery galleryid-421680 gallery-columns-3 gallery-size-thumbnail'><dl class='gallery-item'>\n\t\t\t\t<dt class='gallery-icon portrait'>\n\t\t\t\t\t<a class=\"rollover rollover-zoom dt-pswp-item\" title=\"pro-LUReEhQ8\" data-dt-img-description=\"\" data-large_image_width=\"1500\" data-large_image_height=\"1999\"href='https:\/\/www.radiopiu.net\/wordpress\/wp-content\/uploads\/2024\/11\/pro-LUReEhQ8.jpeg'><img loading=\"lazy\" decoding=\"async\" width=\"150\" height=\"150\" src=\"https:\/\/www.radiopiu.net\/wordpress\/wp-content\/uploads\/2024\/11\/pro-LUReEhQ8-150x150.jpeg\" class=\"attachment-thumbnail size-thumbnail\" alt=\"\" \/><\/a>\n\t\t\t\t<\/dt><\/dl><dl class='gallery-item'>\n\t\t\t\t<dt class='gallery-icon portrait'>\n\t\t\t\t\t<a class=\"rollover rollover-zoom dt-pswp-item\" title=\"pro-kdmzwgK9\" data-dt-img-description=\"\" data-large_image_width=\"1500\" data-large_image_height=\"2000\"href='https:\/\/www.radiopiu.net\/wordpress\/wp-content\/uploads\/2024\/11\/pro-kdmzwgK9.jpeg'><img loading=\"lazy\" decoding=\"async\" width=\"150\" height=\"150\" src=\"https:\/\/www.radiopiu.net\/wordpress\/wp-content\/uploads\/2024\/11\/pro-kdmzwgK9-150x150.jpeg\" class=\"attachment-thumbnail size-thumbnail\" alt=\"\" \/><\/a>\n\t\t\t\t<\/dt><\/dl><dl class='gallery-item'>\n\t\t\t\t<dt class='gallery-icon portrait'>\n\t\t\t\t\t<a class=\"rollover rollover-zoom dt-pswp-item\" title=\"pro-F1XeEzUr\" data-dt-img-description=\"\" data-large_image_width=\"1500\" data-large_image_height=\"2000\"href='https:\/\/www.radiopiu.net\/wordpress\/wp-content\/uploads\/2024\/11\/pro-F1XeEzUr.jpeg'><img loading=\"lazy\" decoding=\"async\" width=\"150\" height=\"150\" src=\"https:\/\/www.radiopiu.net\/wordpress\/wp-content\/uploads\/2024\/11\/pro-F1XeEzUr-150x150.jpeg\" class=\"attachment-thumbnail size-thumbnail\" alt=\"\" \/><\/a>\n\t\t\t\t<\/dt><\/dl><br style=\"clear: both\" \/>\n\t\t\t<\/div>\n\n<p>&nbsp;<\/p>\n<hr \/>\n<p>&nbsp;<\/p>\n<blockquote>\n<h2>Nicola Fontanive trovato senza vita nella sua abitazione<\/h2>\n<\/blockquote>\n<p><strong>SEDICO<\/strong><\/p>\n<div class=\"flex-1 overflow-hidden\">\n<div class=\"h-full\">\n<div class=\"react-scroll-to-bottom--css-awyht-79elbk h-full\">\n<div class=\"react-scroll-to-bottom--css-awyht-1n7m0yu\">\n<div class=\"flex flex-col text-sm md:pb-9\">\n<article class=\"w-full scroll-mb-[var(--thread-trailing-height,150px)] text-token-text-primary focus-visible:outline-2 focus-visible:outline-offset-[-4px]\" dir=\"auto\" data-testid=\"conversation-turn-75\" data-scroll-anchor=\"true\">\n<div class=\"m-auto text-base py-[18px] px-3 md:px-4 w-full md:px-5 lg:px-4 xl:px-5\">\n<div class=\"mx-auto flex flex-1 gap-4 text-base md:gap-5 lg:gap-6 md:max-w-3xl lg:max-w-[40rem] xl:max-w-[48rem]\">\n<div class=\"group\/conversation-turn relative flex w-full min-w-0 flex-col agent-turn\">\n<div class=\"flex-col gap-1 md:gap-3\">\n<div class=\"flex max-w-full flex-col flex-grow\">\n<div class=\"min-h-8 text-message flex w-full flex-col items-end gap-2 whitespace-normal break-words [.text-message+&amp;]:mt-5\" dir=\"auto\" data-message-author-role=\"assistant\" data-message-id=\"5f5a33b8-9787-447f-a16f-8661f1ffd4ce\" data-message-model-slug=\"gpt-4o\">\n<div class=\"flex w-full flex-col gap-1 empty:hidden first:pt-[3px]\">\n<div class=\"markdown prose w-full break-words dark:prose-invert dark\">\n<p><img loading=\"lazy\" decoding=\"async\" class=\"alignleft\" src=\"https:\/\/www.radiopiu.net\/wordpress\/wp-content\/uploads\/2024\/11\/Senza-nome-119.png\" width=\"213\" height=\"165\" \/>Profonda commozione ha suscitato a Sedico la scomparsa improvvisa di <strong>Nicola Fontanive<\/strong>, 52 anni, trovato senza vita ieri mattina nella sua casa a Villa. A causare il decesso sarebbe stato un malore improvviso. Le sirene dell&#8217;ambulanza e dei carabinieri hanno attirato l&#8217;attenzione dei residenti e dei dipendenti del vicino stabilimento Luxottica, ma i soccorsi sono stati inutili: i sanitari non hanno potuto fare altro che constatare il decesso. I primi accertamenti confermano che si \u00e8 trattato di cause naturali. L\u2019ultimo saluto si terr\u00e0 domani alle 10:30 nella chiesa arcipretale di Sedico. Sar\u00e0 possibile rendere omaggio alla salma oggi, presso la casa funeraria Ganz di via Belluno, dalle 9 alle 12 e dalle 15 alle 18, e domani dalle 9 alle 10.<\/p>\n<\/div>\n<\/div>\n<\/div>\n<\/div>\n<\/div>\n<\/div>\n<\/div>\n<\/div>\n<\/article>\n<\/div>\n<\/div>\n<\/div>\n<\/div>\n<\/div>\n<p>&nbsp;<\/p>\n<hr \/>\n<p>&nbsp;<\/p>\n<blockquote>\n<h2 class=\"_title post-title entry-title\">L\u2019ACCUSA PER UN IMPUTATO CHIEDE 22 ANNI E PER L\u2019ALTRO L\u2019ASSOLUZIONE<\/h2>\n<\/blockquote>\n<p>(Servizio di\u00a0<a href=\"https:\/\/antennatre.medianordest.it\/redazione\/Fabio-Fioravanzi\/\">Fabio Fioravanzi<\/a>)<\/p>\n<p><iframe loading=\"lazy\" title=\"L&#039;ACCUSA PER UN IMPUTATO CHIEDE 22 ANNI E PER L&#039;ALTRO L&#039;ASSOLUZIONE | 27\/11\/2024\" width=\"1200\" height=\"675\" src=\"https:\/\/www.youtube.com\/embed\/sVkbFac0W1g?feature=oembed\" frameborder=\"0\" allow=\"accelerometer; autoplay; clipboard-write; encrypted-media; gyroscope; picture-in-picture; web-share\" referrerpolicy=\"strict-origin-when-cross-origin\" allowfullscreen><\/iframe><\/p>\n<p>&nbsp;<\/p>\n<p>&nbsp;<\/p>\n<hr \/>\n<p>&nbsp;<\/p>\n<blockquote>\n<h2>&#8220;Allarme truffe: false offerte a nome della Regione Veneto, attenzione alle telefonate sospette!&#8221;<\/h2>\n<p><strong>BELLUNO<\/strong><\/p><\/blockquote>\n<p><a class=\"dt-pswp-item\" href=\"https:\/\/www.radiopiu.net\/wordpress\/wp-content\/uploads\/2024\/11\/Senza-nome-117.png\" data-dt-img-description=\"\" data-large_image_width=\"443\" data-large_image_height=\"197\"><img loading=\"lazy\" decoding=\"async\" class=\"size-medium wp-image-421752 alignleft\" src=\"https:\/\/www.radiopiu.net\/wordpress\/wp-content\/uploads\/2024\/11\/Senza-nome-117-300x133.png\" alt=\"\" width=\"300\" height=\"133\" srcset=\"https:\/\/www.radiopiu.net\/wordpress\/wp-content\/uploads\/2024\/11\/Senza-nome-117-300x133.png 300w, https:\/\/www.radiopiu.net\/wordpress\/wp-content\/uploads\/2024\/11\/Senza-nome-117.png 443w\" sizes=\"auto, (max-width: 300px) 100vw, 300px\" \/><\/a>La Regione del Veneto lancia un appello urgente alla cittadinanza per prestare attenzione a telefonate sospette che potrebbero nascondere tentativi di frode. Negli ultimi giorni sono emersi casi di chiamate non richieste in cui viene proposta l\u2019offerta gratuita di un addolcitore per l\u2019acqua, attribuita falsamente alla Regione, ma vincolata alla sottoscrizione di un contratto di manutenzione.<\/p>\n<p>La Regione del Veneto chiarisce di non aver avviato alcuna campagna simile e invita i cittadini, soprattutto le persone anziane e pi\u00f9 vulnerabili, a non fornire informazioni personali o sensibili. In caso di telefonate sospette, \u00e8 fondamentale segnalare l\u2019accaduto alle forze dell\u2019ordine competenti.Si raccomanda inoltre di diffidare di numeri sconosciuti e di verificare sempre la veridicit\u00e0 delle proposte, contattando direttamente gli enti o le aziende citate. La collaborazione dei cittadini \u00e8 essenziale per prevenire questi raggiri e garantire la sicurezza della comunit\u00e0.La Regione ribadisce il suo impegno nella lotta contro le truffe, sensibilizzando tutti a un atteggiamento prudente e responsabile.<\/p>\n<p>&nbsp;<\/p>\n<hr \/>\n<p>&nbsp;<\/p>\n<blockquote>\n<h2>&#8220;DolomitiBus e Carabinieri: campagna antitruffa in movimento&#8221;<\/h2>\n<\/blockquote>\n<p><strong>BELLUNO<\/strong><\/p>\n<div class=\"flex max-w-full flex-col flex-grow\">\n<div class=\"min-h-8 text-message flex w-full flex-col items-end gap-2 whitespace-normal break-words [.text-message+&amp;]:mt-5\" dir=\"auto\" data-message-author-role=\"assistant\" data-message-id=\"54eb2c9e-876b-4d05-8020-44fc0231b0c6\" data-message-model-slug=\"gpt-4o\">\n<div class=\"flex w-full flex-col gap-1 empty:hidden first:pt-[3px]\">\n<div class=\"markdown prose w-full break-words dark:prose-invert dark\">\n<p>DolomitiBus e Carabinieri lanciano una campagna contro le truffe su dieci autobus provinciali. Il comandante Enrico Pigozzo segnala crescenti tentativi di frode, dai raggiri telefonici a quelli digitali. Orgoglioso il presidente Andrea Biasiotto: mezzi pubblici come strumenti di prevenzione e sicurezza.<\/p>\n<p><strong>DI DANIELE DALVIT<\/strong><\/p>\n<\/div>\n<\/div>\n<\/div>\n<\/div>\n<div class=\"mb-2 flex gap-3 empty:hidden -ml-2\">\n<div class=\"items-center justify-start rounded-xl p-1 flex\">\n<div class=\"flex items-center\">\n<div class=\"flex\">\n<audio class=\"wp-audio-shortcode\" id=\"audio-421680-10\" preload=\"none\" style=\"width: 100%;\" controls=\"controls\"><source type=\"audio\/mpeg\" src=\"https:\/\/www.radiopiu.net\/wordpress\/wp-content\/uploads\/2024\/11\/Servizio-DolomitiBus-antitruffa-Carabinieri.mp3?_=10\" \/><a href=\"https:\/\/www.radiopiu.net\/wordpress\/wp-content\/uploads\/2024\/11\/Servizio-DolomitiBus-antitruffa-Carabinieri.mp3\">https:\/\/www.radiopiu.net\/wordpress\/wp-content\/uploads\/2024\/11\/Servizio-DolomitiBus-antitruffa-Carabinieri.mp3<\/a><\/audio>\n<p>&nbsp;<\/p>\n\n\t\t\t<style type='text\/css'>\n\t\t\t\t#gallery-3 {\n\t\t\t\t\tmargin: auto;\n\t\t\t\t}\n\t\t\t\t#gallery-3 .gallery-item {\n\t\t\t\t\tfloat: left;\n\t\t\t\t\tmargin-top: 10px;\n\t\t\t\t\ttext-align: center;\n\t\t\t\t\twidth: 33%;\n\t\t\t\t}\n\t\t\t\t#gallery-3 img {\n\t\t\t\t\tborder: 2px solid #cfcfcf;\n\t\t\t\t}\n\t\t\t\t#gallery-3 .gallery-caption {\n\t\t\t\t\tmargin-left: 0;\n\t\t\t\t}\n\t\t\t\t\/* see gallery_shortcode() in wp-includes\/media.php *\/\n\t\t\t<\/style>\n\t\t<div id='gallery-3' class='dt-gallery-container gallery galleryid-421680 gallery-columns-3 gallery-size-thumbnail'><dl class='gallery-item'>\n\t\t\t\t<dt class='gallery-icon landscape'>\n\t\t\t\t\t<a class=\"rollover rollover-zoom dt-pswp-item\" title=\"ec5f32cb-9e82-469f-92d2-44ce4bb90eea\" data-dt-img-description=\"\" data-large_image_width=\"2560\" data-large_image_height=\"1920\"href='https:\/\/www.radiopiu.net\/wordpress\/wp-content\/uploads\/2024\/11\/ec5f32cb-9e82-469f-92d2-44ce4bb90eea-scaled.jpg'><img loading=\"lazy\" decoding=\"async\" width=\"150\" height=\"150\" src=\"https:\/\/www.radiopiu.net\/wordpress\/wp-content\/uploads\/2024\/11\/ec5f32cb-9e82-469f-92d2-44ce4bb90eea-150x150.jpg\" class=\"attachment-thumbnail size-thumbnail\" alt=\"\" \/><\/a>\n\t\t\t\t<\/dt><\/dl><dl class='gallery-item'>\n\t\t\t\t<dt class='gallery-icon landscape'>\n\t\t\t\t\t<a class=\"rollover rollover-zoom dt-pswp-item\" title=\"31c41e43-8102-4e4e-9470-d9088e6d630c\" data-dt-img-description=\"\" data-large_image_width=\"2560\" data-large_image_height=\"1920\"href='https:\/\/www.radiopiu.net\/wordpress\/wp-content\/uploads\/2024\/11\/31c41e43-8102-4e4e-9470-d9088e6d630c-scaled.jpg'><img loading=\"lazy\" decoding=\"async\" width=\"150\" height=\"150\" src=\"https:\/\/www.radiopiu.net\/wordpress\/wp-content\/uploads\/2024\/11\/31c41e43-8102-4e4e-9470-d9088e6d630c-150x150.jpg\" class=\"attachment-thumbnail size-thumbnail\" alt=\"\" \/><\/a>\n\t\t\t\t<\/dt><\/dl><dl class='gallery-item'>\n\t\t\t\t<dt class='gallery-icon landscape'>\n\t\t\t\t\t<a class=\"rollover rollover-zoom dt-pswp-item\" title=\"3a559655-bba9-44b8-b757-b43f951e8432\" data-dt-img-description=\"\" data-large_image_width=\"2560\" data-large_image_height=\"1920\"href='https:\/\/www.radiopiu.net\/wordpress\/wp-content\/uploads\/2024\/11\/3a559655-bba9-44b8-b757-b43f951e8432-scaled.jpg'><img loading=\"lazy\" decoding=\"async\" width=\"150\" height=\"150\" src=\"https:\/\/www.radiopiu.net\/wordpress\/wp-content\/uploads\/2024\/11\/3a559655-bba9-44b8-b757-b43f951e8432-150x150.jpg\" class=\"attachment-thumbnail size-thumbnail\" alt=\"\" \/><\/a>\n\t\t\t\t<\/dt><\/dl><br style=\"clear: both\" \/>\n\t\t\t<\/div>\n\n<p>&nbsp;<\/p>\n<hr \/>\n<p>&nbsp;<\/p>\n<blockquote>\n<h1>Cerimonie in onore dei caduti: l\u2019Associazione Nazionale Carabinieri ricorda il sacrificio e rafforza i legami con il territorio<\/h1>\n<\/blockquote>\n<p><strong>BELLUNO<\/strong><\/p>\n<p>Domenica 24 novembre si sono svolte a Borgo Valbelluna, Longarone e Agordo le cerimonie in ricordo dei caduti, organizzate dalle Sezioni dell\u2019Associazione Nazionale Carabinieri (ANC). Gli eventi, coincidenti con le celebrazioni della Patrona dell\u2019Arma il 21 novembre a Belluno, Feltre e Cortina, hanno previsto deposizioni di corone e messe di suffragio.<\/p>\n<p>La cerimonia di Borgo Valbelluna \u00e8 stata particolarmente partecipata, coinvolgendo tutte le associazioni del feltrino. Nel suo intervento, il Cap. Andrea Caminiti, Comandante della Compagnia di Feltre, ha sottolineato il forte legame tra i carabinieri in congedo e quelli in servizio: <em>\u201cLo spirito di servizio alle comunit\u00e0 ci accomuna e rende i soci dell\u2019ANC un valore aggiunto per il territorio.\u201d<\/em><\/p>\n<p>L\u2019ANC \u00e8 attivamente impegnata in numerosi servizi sociali e collaborazioni con le istituzioni, inclusa la protezione civile. Questo impegno \u00e8 stato riconosciuto durante la festa dell\u2019Arma, lo scorso 5 giugno, con l\u2019assegnazione di attestati di merito dal Comandante Provinciale di Belluno, a testimonianza dell\u2019importanza del lavoro svolto dai volontari dell\u2019associazione.<\/p>\n\n\t\t\t<style type='text\/css'>\n\t\t\t\t#gallery-4 {\n\t\t\t\t\tmargin: auto;\n\t\t\t\t}\n\t\t\t\t#gallery-4 .gallery-item {\n\t\t\t\t\tfloat: left;\n\t\t\t\t\tmargin-top: 10px;\n\t\t\t\t\ttext-align: center;\n\t\t\t\t\twidth: 25%;\n\t\t\t\t}\n\t\t\t\t#gallery-4 img {\n\t\t\t\t\tborder: 2px solid #cfcfcf;\n\t\t\t\t}\n\t\t\t\t#gallery-4 .gallery-caption {\n\t\t\t\t\tmargin-left: 0;\n\t\t\t\t}\n\t\t\t\t\/* see gallery_shortcode() in wp-includes\/media.php *\/\n\t\t\t<\/style>\n\t\t<div id='gallery-4' class='dt-gallery-container gallery galleryid-421680 gallery-columns-4 gallery-size-thumbnail'><dl class='gallery-item'>\n\t\t\t\t<dt class='gallery-icon portrait'>\n\t\t\t\t\t<a class=\"rollover rollover-zoom dt-pswp-item\" title=\"537265dd-512c-4b47-9210-7c2660e4db98\" data-dt-img-description=\"\" data-large_image_width=\"1200\" data-large_image_height=\"1600\"href='https:\/\/www.radiopiu.net\/wordpress\/wp-content\/uploads\/2024\/11\/537265dd-512c-4b47-9210-7c2660e4db98.jpg'><img loading=\"lazy\" decoding=\"async\" width=\"150\" height=\"150\" src=\"https:\/\/www.radiopiu.net\/wordpress\/wp-content\/uploads\/2024\/11\/537265dd-512c-4b47-9210-7c2660e4db98-150x150.jpg\" class=\"attachment-thumbnail size-thumbnail\" alt=\"\" \/><\/a>\n\t\t\t\t<\/dt><\/dl><dl class='gallery-item'>\n\t\t\t\t<dt class='gallery-icon portrait'>\n\t\t\t\t\t<a class=\"rollover rollover-zoom dt-pswp-item\" title=\"5dcc9558-3839-4e58-96bd-18ab701890b8\" data-dt-img-description=\"\" data-large_image_width=\"1536\" data-large_image_height=\"2048\"href='https:\/\/www.radiopiu.net\/wordpress\/wp-content\/uploads\/2024\/11\/5dcc9558-3839-4e58-96bd-18ab701890b8.jpg'><img loading=\"lazy\" decoding=\"async\" width=\"150\" height=\"150\" src=\"https:\/\/www.radiopiu.net\/wordpress\/wp-content\/uploads\/2024\/11\/5dcc9558-3839-4e58-96bd-18ab701890b8-150x150.jpg\" class=\"attachment-thumbnail size-thumbnail\" alt=\"\" \/><\/a>\n\t\t\t\t<\/dt><\/dl><dl class='gallery-item'>\n\t\t\t\t<dt class='gallery-icon portrait'>\n\t\t\t\t\t<a class=\"rollover rollover-zoom dt-pswp-item\" title=\"4895b3b0-355b-43d4-bcf2-35e021b8ef05\" data-dt-img-description=\"\" data-large_image_width=\"1536\" data-large_image_height=\"2048\"href='https:\/\/www.radiopiu.net\/wordpress\/wp-content\/uploads\/2024\/11\/4895b3b0-355b-43d4-bcf2-35e021b8ef05.jpg'><img loading=\"lazy\" decoding=\"async\" width=\"150\" height=\"150\" src=\"https:\/\/www.radiopiu.net\/wordpress\/wp-content\/uploads\/2024\/11\/4895b3b0-355b-43d4-bcf2-35e021b8ef05-150x150.jpg\" class=\"attachment-thumbnail size-thumbnail\" alt=\"\" \/><\/a>\n\t\t\t\t<\/dt><\/dl><dl class='gallery-item'>\n\t\t\t\t<dt class='gallery-icon portrait'>\n\t\t\t\t\t<a class=\"rollover rollover-zoom dt-pswp-item\" title=\"d11711c3-be7b-4f5c-9cae-379f9d22396a\" data-dt-img-description=\"\" data-large_image_width=\"1536\" data-large_image_height=\"2048\"href='https:\/\/www.radiopiu.net\/wordpress\/wp-content\/uploads\/2024\/11\/d11711c3-be7b-4f5c-9cae-379f9d22396a.jpg'><img loading=\"lazy\" decoding=\"async\" width=\"150\" height=\"150\" src=\"https:\/\/www.radiopiu.net\/wordpress\/wp-content\/uploads\/2024\/11\/d11711c3-be7b-4f5c-9cae-379f9d22396a-150x150.jpg\" class=\"attachment-thumbnail size-thumbnail\" alt=\"\" \/><\/a>\n\t\t\t\t<\/dt><\/dl><br style=\"clear: both\" \/>\n\t\t\t<\/div>\n\n<p>&nbsp;<\/p>\n<p>&nbsp;<\/p>\n<p>&nbsp;<\/p>\n<p>&nbsp;<\/p>\n<hr \/>\n<p>&nbsp;<\/p>\n<blockquote>\n<h3>DOMANI IN PREFETTURA LA CONSEGNA DELLE TESSERE DI &#8220;MAESTRO DEL LAVORO&#8221;<\/h3>\n<\/blockquote>\n<p><strong><a class=\"dt-pswp-item\" href=\"https:\/\/www.radiopiu.net\/wordpress\/wp-content\/uploads\/2024\/04\/Maestri-datori-di-lavoro-e-Consiglio-2024.jpg\" data-dt-img-description=\"\" data-large_image_width=\"1600\" data-large_image_height=\"993\"><img loading=\"lazy\" decoding=\"async\" class=\" wp-image-387518 alignleft\" src=\"https:\/\/www.radiopiu.net\/wordpress\/wp-content\/uploads\/2024\/04\/Maestri-datori-di-lavoro-e-Consiglio-2024-300x186.jpg\" alt=\"\" width=\"214\" height=\"133\" srcset=\"https:\/\/www.radiopiu.net\/wordpress\/wp-content\/uploads\/2024\/04\/Maestri-datori-di-lavoro-e-Consiglio-2024-300x186.jpg 300w, https:\/\/www.radiopiu.net\/wordpress\/wp-content\/uploads\/2024\/04\/Maestri-datori-di-lavoro-e-Consiglio-2024-1024x636.jpg 1024w, https:\/\/www.radiopiu.net\/wordpress\/wp-content\/uploads\/2024\/04\/Maestri-datori-di-lavoro-e-Consiglio-2024-768x477.jpg 768w, https:\/\/www.radiopiu.net\/wordpress\/wp-content\/uploads\/2024\/04\/Maestri-datori-di-lavoro-e-Consiglio-2024-1536x953.jpg 1536w, https:\/\/www.radiopiu.net\/wordpress\/wp-content\/uploads\/2024\/04\/Maestri-datori-di-lavoro-e-Consiglio-2024.jpg 1600w\" sizes=\"auto, (max-width: 214px) 100vw, 214px\" \/><\/a>BELLUNO <\/strong>Domani alle\u00a018:00, presso la Prefettura si svolger\u00e0 la cerimonia di consegna delle Tessere di &#8220;Maestro del Lavoro&#8221;. Saranno premiati 16 lavoratori che si sono distinti per dedizione e professionalit\u00e0. Tra i premiati ci sono Cristian Baldovin (Galvalux srl), Cinzia Benvegn\u00f9 (SMA Service), Tiziana Bernard ed Endj Bottega (De Rigo Vision Spa), Dimitri Biasuz (Lattebusche), Manuela Bressan e Mario Scussel (Luxottica), Luisa Caneve e Flavia Ciliotta (Giorgio Fedon &amp; Figli), Attilio Da Rin D\u2019Iseppo (SGM), Dario De Bortoli (Birra Castello), Michela De Dorigo (Luxottica Group), Ciro Deon (Bauunternehmung), Patrizia Giacobbi (Galvalux), Sereno Scopel (Clivet) e Mauro Zorzi (Enel Green Power). L\u2019evento celebra il contributo di eccellenze lavorative locali.<\/p>\n<p>&nbsp;<\/p>\n<p>&nbsp;<\/p>\n<hr \/>\n<p>&nbsp;<\/p>\n<blockquote><p><strong>Al Palaghiaccio di Feltre 2.250.000\u20ac : la Giunta approva l\u2019investimento<\/strong><\/p><\/blockquote>\n<p><strong>FELTRE<\/strong><\/p>\n<div class=\"flex max-w-full flex-col flex-grow\">\n<div class=\"min-h-8 text-message flex w-full flex-col items-end gap-2 whitespace-normal break-words [.text-message+&amp;]:mt-5\" dir=\"auto\" data-message-author-role=\"assistant\" data-message-id=\"dee63cd3-c1e4-4e16-a409-06b0a7c08d83\" data-message-model-slug=\"gpt-4o\">\n<div class=\"flex w-full flex-col gap-1 empty:hidden first:pt-[3px]\">\n<div class=\"markdown prose w-full break-words dark:prose-invert dark\">\n<p><a class=\"dt-pswp-item\" href=\"https:\/\/www.radiopiu.net\/wordpress\/wp-content\/uploads\/2024\/09\/Palaghiaccio-di-Feltre.jpg\" data-dt-img-description=\"\" data-large_image_width=\"720\" data-large_image_height=\"540\"><img loading=\"lazy\" decoding=\"async\" class=\"wp-image-410781 alignleft\" src=\"https:\/\/www.radiopiu.net\/wordpress\/wp-content\/uploads\/2024\/09\/Palaghiaccio-di-Feltre-300x225.jpg\" alt=\"\" width=\"193\" height=\"145\" srcset=\"https:\/\/www.radiopiu.net\/wordpress\/wp-content\/uploads\/2024\/09\/Palaghiaccio-di-Feltre-300x225.jpg 300w, https:\/\/www.radiopiu.net\/wordpress\/wp-content\/uploads\/2024\/09\/Palaghiaccio-di-Feltre.jpg 720w\" sizes=\"auto, (max-width: 193px) 100vw, 193px\" \/><\/a>La Giunta Comunale di Feltre ha approvato all\u2019unanimit\u00e0 un investimento di 2.250.000\u20ac per modernizzare il Palaghiaccio, polo sportivo di rilievo regionale. Il finanziamento include 2 milioni di euro dal Fondo Comuni Confinanti e 250.000\u20ac dalla Regione Veneto.<\/p>\n<p>L\u2019Assessore Maurizio Zatta ha sottolineato l\u2019importanza strategica dell\u2019impianto, gi\u00e0 riferimento per gli sport sul ghiaccio, e il suo ruolo chiave in vista delle Olimpiadi Milano-Cortina 2026. Il progetto mira a migliorare gli standard richiesti dal CONI e a valorizzare lo sport tra i giovani. Coinvolti nel piano anche la Coop. ELEMENTA, l\u2019HCF Feltre e le societ\u00e0 di pattinaggio artistico per definire priorit\u00e0 ed esigenze.<\/p>\n<\/div>\n<\/div>\n<\/div>\n<\/div>\n<div class=\"mb-2 flex gap-3 empty:hidden -ml-2\">\n<div class=\"items-center justify-start rounded-xl p-1 flex\">\n<div class=\"flex items-center\">\n<div class=\"flex items-center pb-0\"><\/div>\n<div><\/div>\n<div>\n<hr \/>\n<\/div>\n<blockquote>\n<h3>Cantieri PNRR scuole: lavori in corso, investimenti per 40 milioni<\/h3>\n<\/blockquote>\n<div><\/div>\n<div>\n<p><strong>BELLUNO<\/strong><\/p>\n<p>La Provincia di Belluno avanza con nove cantieri PNRR per l\u2019edilizia scolastica, con un investimento complessivo di 40 milioni di euro. I lavori, iniziati tra il 2023 e il 2024, puntano a consegnare entro il 2026 edifici sicuri, sostenibili e moderni.<\/p>\n<p><strong>Belluno<\/strong>: Procedono i lavori al liceo Tiziano (4,2 milioni di euro) e all\u2019Iti Segato (8 milioni), dove si stanno realizzando strutture altamente efficienti dal punto di vista energetico.<\/p>\n<p><strong>Feltrino<\/strong>: Completate le aree sportive del Dal Piaz, quasi conclusi i lavori al Colotti e alla mensa di Vellai.<\/p>\n<p><strong>Cadore<\/strong>: A Pieve di Cadore avanza la costruzione della nuova scuola ottici, con consumi quasi a zero.<\/p>\n<p>Il consigliere Sovilla evidenzia l\u2019importanza strategica degli interventi, anche in vista di ulteriori progetti come il rifacimento del convitto di Falcade<\/p>\n<p>&nbsp;<\/p>\n\n\t\t\t<style type='text\/css'>\n\t\t\t\t#gallery-5 {\n\t\t\t\t\tmargin: auto;\n\t\t\t\t}\n\t\t\t\t#gallery-5 .gallery-item {\n\t\t\t\t\tfloat: left;\n\t\t\t\t\tmargin-top: 10px;\n\t\t\t\t\ttext-align: center;\n\t\t\t\t\twidth: 20%;\n\t\t\t\t}\n\t\t\t\t#gallery-5 img {\n\t\t\t\t\tborder: 2px solid #cfcfcf;\n\t\t\t\t}\n\t\t\t\t#gallery-5 .gallery-caption {\n\t\t\t\t\tmargin-left: 0;\n\t\t\t\t}\n\t\t\t\t\/* see gallery_shortcode() in wp-includes\/media.php *\/\n\t\t\t<\/style>\n\t\t<div id='gallery-5' class='dt-gallery-container gallery galleryid-421680 gallery-columns-5 gallery-size-thumbnail'><dl class='gallery-item'>\n\t\t\t\t<dt class='gallery-icon landscape'>\n\t\t\t\t\t<a class=\"rollover rollover-zoom dt-pswp-item\" title=\"Negrelli Feltre 2-1\" data-dt-img-description=\"\" data-large_image_width=\"2200\" data-large_image_height=\"991\"href='https:\/\/www.radiopiu.net\/wordpress\/wp-content\/uploads\/2024\/11\/Negrelli-Feltre-2-1.jpg'><img loading=\"lazy\" decoding=\"async\" width=\"150\" height=\"150\" src=\"https:\/\/www.radiopiu.net\/wordpress\/wp-content\/uploads\/2024\/11\/Negrelli-Feltre-2-1-150x150.jpg\" class=\"attachment-thumbnail size-thumbnail\" alt=\"\" aria-describedby=\"gallery-5-421796\" \/><\/a>\n\t\t\t\t<\/dt>\n\t\t\t\t\t<dd class='wp-caption-text gallery-caption' id='gallery-5-421796'>\n\t\t\t\t\tNegrelli Feltre 2-1\n\t\t\t\t\t<\/dd><\/dl><dl class='gallery-item'>\n\t\t\t\t<dt class='gallery-icon landscape'>\n\t\t\t\t\t<a class=\"rollover rollover-zoom dt-pswp-item\" title=\"Ottici Pieve di Cadore 2-1\" data-dt-img-description=\"\" data-large_image_width=\"2000\" data-large_image_height=\"901\"href='https:\/\/www.radiopiu.net\/wordpress\/wp-content\/uploads\/2024\/11\/Ottici-Pieve-di-Cadore-2-1.jpg'><img loading=\"lazy\" decoding=\"async\" width=\"150\" height=\"150\" src=\"https:\/\/www.radiopiu.net\/wordpress\/wp-content\/uploads\/2024\/11\/Ottici-Pieve-di-Cadore-2-1-150x150.jpg\" class=\"attachment-thumbnail size-thumbnail\" alt=\"\" aria-describedby=\"gallery-5-421800\" \/><\/a>\n\t\t\t\t<\/dt>\n\t\t\t\t\t<dd class='wp-caption-text gallery-caption' id='gallery-5-421800'>\n\t\t\t\t\tOttici Pieve di Cadore 2-1\n\t\t\t\t\t<\/dd><\/dl><dl class='gallery-item'>\n\t\t\t\t<dt class='gallery-icon landscape'>\n\t\t\t\t\t<a class=\"rollover rollover-zoom dt-pswp-item\" title=\"Negrelli Feltre 1-1\" data-dt-img-description=\"\" data-large_image_width=\"2200\" data-large_image_height=\"991\"href='https:\/\/www.radiopiu.net\/wordpress\/wp-content\/uploads\/2024\/11\/Negrelli-Feltre-1-1.jpg'><img loading=\"lazy\" decoding=\"async\" width=\"150\" height=\"150\" src=\"https:\/\/www.radiopiu.net\/wordpress\/wp-content\/uploads\/2024\/11\/Negrelli-Feltre-1-1-150x150.jpg\" class=\"attachment-thumbnail size-thumbnail\" alt=\"\" aria-describedby=\"gallery-5-421799\" \/><\/a>\n\t\t\t\t<\/dt>\n\t\t\t\t\t<dd class='wp-caption-text gallery-caption' id='gallery-5-421799'>\n\t\t\t\t\tNegrelli Feltre 1-1\n\t\t\t\t\t<\/dd><\/dl><dl class='gallery-item'>\n\t\t\t\t<dt class='gallery-icon landscape'>\n\t\t\t\t\t<a class=\"rollover rollover-zoom dt-pswp-item\" title=\"Ottici Pieve di Cadore 1-1\" data-dt-img-description=\"\" data-large_image_width=\"2200\" data-large_image_height=\"991\"href='https:\/\/www.radiopiu.net\/wordpress\/wp-content\/uploads\/2024\/11\/Ottici-Pieve-di-Cadore-1-1.jpg'><img loading=\"lazy\" decoding=\"async\" width=\"150\" height=\"150\" src=\"https:\/\/www.radiopiu.net\/wordpress\/wp-content\/uploads\/2024\/11\/Ottici-Pieve-di-Cadore-1-1-150x150.jpg\" class=\"attachment-thumbnail size-thumbnail\" alt=\"\" aria-describedby=\"gallery-5-421798\" \/><\/a>\n\t\t\t\t<\/dt>\n\t\t\t\t\t<dd class='wp-caption-text gallery-caption' id='gallery-5-421798'>\n\t\t\t\t\tOttici Pieve di Cadore 1-1\n\t\t\t\t\t<\/dd><\/dl><dl class='gallery-item'>\n\t\t\t\t<dt class='gallery-icon landscape'>\n\t\t\t\t\t<a class=\"rollover rollover-zoom dt-pswp-item\" title=\"Negrelli Feltre 3-1\" data-dt-img-description=\"\" data-large_image_width=\"2200\" data-large_image_height=\"991\"href='https:\/\/www.radiopiu.net\/wordpress\/wp-content\/uploads\/2024\/11\/Negrelli-Feltre-3-1.jpg'><img loading=\"lazy\" decoding=\"async\" width=\"150\" height=\"150\" src=\"https:\/\/www.radiopiu.net\/wordpress\/wp-content\/uploads\/2024\/11\/Negrelli-Feltre-3-1-150x150.jpg\" class=\"attachment-thumbnail size-thumbnail\" alt=\"\" aria-describedby=\"gallery-5-421797\" \/><\/a>\n\t\t\t\t<\/dt>\n\t\t\t\t\t<dd class='wp-caption-text gallery-caption' id='gallery-5-421797'>\n\t\t\t\t\tNegrelli Feltre 3-1\n\t\t\t\t\t<\/dd><\/dl><br style=\"clear: both\" \/>\n\t\t\t<\/div>\n\n<p>&nbsp;<\/p>\n<\/div>\n<\/div>\n<\/div>\n<\/div>\n<p>&nbsp;<\/p>\n<p>&nbsp;<\/p>\n<hr \/>\n<p>&nbsp;<\/p>\n<blockquote>\n<h2>101 anni a Pedavena: Maria Maddalena Ferronato festeggia un secolo e pi\u00f9 di vita<\/h2>\n<\/blockquote>\n<div class=\"flex max-w-full flex-col flex-grow\">\n<div class=\"min-h-8 text-message flex w-full flex-col items-end gap-2 whitespace-normal break-words [.text-message+&amp;]:mt-5\" dir=\"auto\" data-message-author-role=\"assistant\" data-message-id=\"72e2a75c-ba0b-4148-905c-be1761b7d00b\" data-message-model-slug=\"gpt-4o\">\n<div class=\"flex w-full flex-col gap-1 empty:hidden first:pt-[3px]\">\n<div class=\"markdown prose w-full break-words dark:prose-invert dark\">\n<p><strong>CISMON DEL GRAPPA<\/strong> Maria Maddalena Ferronato, nata il 18 novembre 1923 a Cismon del Grappa, ha celebrato i suoi 101 anni circondata dall\u2019affetto di una grande famiglia: figli, nipoti, pronipoti, un trisnipote e tanti amici. Conosciuta come Lena, \u00e8 una donna dal carattere forte e dalla memoria invidiabile.<\/p>\n<p>Sposata nel 1950 con Emilio Perco, da questo grande amore sono nati cinque figli. Lena ricorda ancora i tempi difficili della sua infanzia, quando, fragile di salute, fu mandata sul Monte Grappa durante la guerra. Nonostante le apparenze, ha raggiunto l\u2019invidiabile traguardo con energia e lucidit\u00e0.<\/p>\n<p>Negli anni ha vissuto in diversi luoghi, stabilendosi infine a Pedavena, dove ha saputo mantenere vivi i legami di amicizia e parentela, ricordando sempre date importanti. Per il suo 101\u00b0 compleanno, Lena ha festeggiato con i propri cari al ristorante, arrivando sulle sue gambe, simbolo della sua straordinaria vitalit\u00e0.<\/p>\n<p>Un esempio di forza e amore, Lena continua a essere un punto di riferimento per chi la conosce. Auguri alla neo centenaria, con la speranza che il suo cammino possa proseguire ancora a lungo!<\/p>\n\n\t\t\t<style type='text\/css'>\n\t\t\t\t#gallery-6 {\n\t\t\t\t\tmargin: auto;\n\t\t\t\t}\n\t\t\t\t#gallery-6 .gallery-item {\n\t\t\t\t\tfloat: left;\n\t\t\t\t\tmargin-top: 10px;\n\t\t\t\t\ttext-align: center;\n\t\t\t\t\twidth: 33%;\n\t\t\t\t}\n\t\t\t\t#gallery-6 img {\n\t\t\t\t\tborder: 2px solid #cfcfcf;\n\t\t\t\t}\n\t\t\t\t#gallery-6 .gallery-caption {\n\t\t\t\t\tmargin-left: 0;\n\t\t\t\t}\n\t\t\t\t\/* see gallery_shortcode() in wp-includes\/media.php *\/\n\t\t\t<\/style>\n\t\t<div id='gallery-6' class='dt-gallery-container gallery galleryid-421680 gallery-columns-3 gallery-size-thumbnail'><dl class='gallery-item'>\n\t\t\t\t<dt class='gallery-icon portrait'>\n\t\t\t\t\t<a class=\"rollover rollover-zoom dt-pswp-item\" title=\"Immagine WhatsApp 2024-11-24 ore 19.40.45_807c2682\" data-dt-img-description=\"\" data-large_image_width=\"1516\" data-large_image_height=\"2048\"href='https:\/\/www.radiopiu.net\/wordpress\/wp-content\/uploads\/2024\/11\/Immagine-WhatsApp-2024-11-24-ore-19.40.45_807c2682-1.jpg'><img loading=\"lazy\" decoding=\"async\" width=\"150\" height=\"150\" src=\"https:\/\/www.radiopiu.net\/wordpress\/wp-content\/uploads\/2024\/11\/Immagine-WhatsApp-2024-11-24-ore-19.40.45_807c2682-1-150x150.jpg\" class=\"attachment-thumbnail size-thumbnail\" alt=\"\" \/><\/a>\n\t\t\t\t<\/dt><\/dl><dl class='gallery-item'>\n\t\t\t\t<dt class='gallery-icon landscape'>\n\t\t\t\t\t<a class=\"rollover rollover-zoom dt-pswp-item\" title=\"Immagine WhatsApp 2024-11-24 ore 19.40.58_5bb7fbb6\" data-dt-img-description=\"\" data-large_image_width=\"2048\" data-large_image_height=\"1536\"href='https:\/\/www.radiopiu.net\/wordpress\/wp-content\/uploads\/2024\/11\/Immagine-WhatsApp-2024-11-24-ore-19.40.58_5bb7fbb6.jpg'><img loading=\"lazy\" decoding=\"async\" width=\"150\" height=\"150\" src=\"https:\/\/www.radiopiu.net\/wordpress\/wp-content\/uploads\/2024\/11\/Immagine-WhatsApp-2024-11-24-ore-19.40.58_5bb7fbb6-150x150.jpg\" class=\"attachment-thumbnail size-thumbnail\" alt=\"\" \/><\/a>\n\t\t\t\t<\/dt><\/dl><dl class='gallery-item'>\n\t\t\t\t<dt class='gallery-icon portrait'>\n\t\t\t\t\t<a class=\"rollover rollover-zoom dt-pswp-item\" title=\"Immagine WhatsApp 2024-11-24 ore 19.41.01_6993108b\" data-dt-img-description=\"\" data-large_image_width=\"1380\" data-large_image_height=\"2048\"href='https:\/\/www.radiopiu.net\/wordpress\/wp-content\/uploads\/2024\/11\/Immagine-WhatsApp-2024-11-24-ore-19.41.01_6993108b.jpg'><img loading=\"lazy\" decoding=\"async\" width=\"150\" height=\"150\" src=\"https:\/\/www.radiopiu.net\/wordpress\/wp-content\/uploads\/2024\/11\/Immagine-WhatsApp-2024-11-24-ore-19.41.01_6993108b-150x150.jpg\" class=\"attachment-thumbnail size-thumbnail\" alt=\"\" \/><\/a>\n\t\t\t\t<\/dt><\/dl><br style=\"clear: both\" \/>\n\t\t\t<\/div>\n\n<\/div>\n<\/div>\n<\/div>\n<\/div>\n<div class=\"mb-2 flex gap-3 empty:hidden -ml-2\">\n<div class=\"items-center justify-start rounded-xl p-1 flex\">\n<div class=\"flex items-center\">\n<div class=\"flex\"><\/div>\n<\/div>\n<\/div>\n<\/div>\n<\/div>\n<\/div>\n<\/div>\n<\/div>\n<hr \/>\n<p><strong>\u00a0 \u00a0 \u00a0<\/strong><\/p>\n<blockquote>\n<h3>SICUREZZA E DECORO AD AGORDO: PER LA MINORANZA MANCANO LE RISPOSTE<\/h3>\n<\/blockquote>\n<p><strong><a class=\"dt-pswp-item\" href=\"https:\/\/www.radiopiu.net\/wordpress\/wp-content\/uploads\/2024\/11\/AGORDO-INSIEME.png\" data-dt-img-description=\"\" data-large_image_width=\"448\" data-large_image_height=\"354\"><img loading=\"lazy\" decoding=\"async\" class=\" wp-image-420044 alignleft\" src=\"https:\/\/www.radiopiu.net\/wordpress\/wp-content\/uploads\/2024\/11\/AGORDO-INSIEME-300x237.png\" alt=\"\" width=\"159\" height=\"126\" srcset=\"https:\/\/www.radiopiu.net\/wordpress\/wp-content\/uploads\/2024\/11\/AGORDO-INSIEME-300x237.png 300w, https:\/\/www.radiopiu.net\/wordpress\/wp-content\/uploads\/2024\/11\/AGORDO-INSIEME.png 448w\" sizes=\"auto, (max-width: 159px) 100vw, 159px\" \/><\/a>AGORDO<\/strong> Il gruppo consiliare di minoranza &#8220;Agordo Insieme&#8221; ha richiesto e ottenuto un Consiglio Comunale straordinario il 18 novembre per discutere problemi di sicurezza e decoro ad Agordo,\u00a0 il gruppo si \u00e8 detto deluso dalle risposte del Sindaco, giudicate vaghe e prive di impegni concreti. Secondo &#8220;Agordo Insieme&#8221;, l&#8217;inerzia dell&#8217;Amministrazione ha suscitato rabbia e frustrazione nella cittadinanza. Il gruppo critica l&#8217;assenza di una strategia chiara e si oppone alla gestione basata solo sul dialogo con le forze dell\u2019ordine. Ha inoltre rivolto al Sindaco domande precise su azioni e responsabilit\u00e0, chiedendo maggiore trasparenza e coinvolgimento pubblico. Nonostante le divergenze, il gruppo si dichiara disponibile a collaborare per trovare soluzioni concrete, invitando l\u2019Amministrazione ad agire con urgenza per il bene della comunit\u00e0.<\/p>\n<p>&nbsp;<\/p>\n<p>&nbsp;<\/p>\n<hr \/>\n<p>&nbsp;<\/p>\n<h2><span style=\"color: #666699;\">INIZIA LA STAGIONE SCIISTICA NELLA SKI AREA SAN PELLEGRINO<\/span><\/h2>\n<p><strong><a class=\"dt-pswp-item\" href=\"https:\/\/www.radiopiu.net\/wordpress\/wp-content\/uploads\/2018\/03\/ski-area-san-pellegrino_21-marzo.jpg\" data-dt-img-description=\"\" data-large_image_width=\"1600\" data-large_image_height=\"1200\"><img loading=\"lazy\" decoding=\"async\" class=\" wp-image-45211 alignleft\" src=\"https:\/\/www.radiopiu.net\/wordpress\/wp-content\/uploads\/2018\/03\/ski-area-san-pellegrino_21-marzo-300x225.jpg\" alt=\"\" width=\"168\" height=\"126\" srcset=\"https:\/\/www.radiopiu.net\/wordpress\/wp-content\/uploads\/2018\/03\/ski-area-san-pellegrino_21-marzo-300x225.jpg 300w, https:\/\/www.radiopiu.net\/wordpress\/wp-content\/uploads\/2018\/03\/ski-area-san-pellegrino_21-marzo-768x576.jpg 768w, https:\/\/www.radiopiu.net\/wordpress\/wp-content\/uploads\/2018\/03\/ski-area-san-pellegrino_21-marzo-1024x768.jpg 1024w, https:\/\/www.radiopiu.net\/wordpress\/wp-content\/uploads\/2018\/03\/ski-area-san-pellegrino_21-marzo.jpg 1600w\" sizes=\"auto, (max-width: 168px) 100vw, 168px\" \/><\/a>DI MIRKO MEZZACASA<\/strong><\/p>\n<p>OSPITE: Mirco Tancon<\/p>\n<audio class=\"wp-audio-shortcode\" id=\"audio-421680-11\" preload=\"none\" style=\"width: 100%;\" controls=\"controls\"><source type=\"audio\/mpeg\" src=\"https:\/\/www.radiopiu.net\/wordpress\/wp-content\/uploads\/2024\/11\/mirco-tancon-pre-stagione.mp3?_=11\" \/><a href=\"https:\/\/www.radiopiu.net\/wordpress\/wp-content\/uploads\/2024\/11\/mirco-tancon-pre-stagione.mp3\">https:\/\/www.radiopiu.net\/wordpress\/wp-content\/uploads\/2024\/11\/mirco-tancon-pre-stagione.mp3<\/a><\/audio>\n<blockquote>\n<h2><\/h2>\n<h2><a class=\"dt-pswp-item\" href=\"https:\/\/www.radiopiu.net\/wordpress\/wp-content\/uploads\/2019\/12\/SKICIVETTA-1-1.jpg\" data-dt-img-description=\"\" data-large_image_width=\"1772\" data-large_image_height=\"1179\"><img loading=\"lazy\" decoding=\"async\" class=\"wp-image-108969 alignleft\" src=\"https:\/\/www.radiopiu.net\/wordpress\/wp-content\/uploads\/2019\/12\/SKICIVETTA-1-1-300x200.jpg\" alt=\"\" width=\"162\" height=\"108\" srcset=\"https:\/\/www.radiopiu.net\/wordpress\/wp-content\/uploads\/2019\/12\/SKICIVETTA-1-1-300x200.jpg 300w, https:\/\/www.radiopiu.net\/wordpress\/wp-content\/uploads\/2019\/12\/SKICIVETTA-1-1-1024x681.jpg 1024w, https:\/\/www.radiopiu.net\/wordpress\/wp-content\/uploads\/2019\/12\/SKICIVETTA-1-1-768x511.jpg 768w, https:\/\/www.radiopiu.net\/wordpress\/wp-content\/uploads\/2019\/12\/SKICIVETTA-1-1-1536x1022.jpg 1536w, https:\/\/www.radiopiu.net\/wordpress\/wp-content\/uploads\/2019\/12\/SKICIVETTA-1-1.jpg 1772w\" sizes=\"auto, (max-width: 162px) 100vw, 162px\" \/><\/a>AD ALLEGHE, LA STAGIONE INIZIERA&#8217; IL PROSSIMO 7 DICEMBRE<\/h2>\n<\/blockquote>\n<p>L\u2019apertura delle piste ad Alleghe e nel comprensorio Civetta, prevista per il 30 novembre, \u00e8 rinviata al 7 dicembre a causa delle temperature elevate che hanno rallentato la preparazione delle piste.<\/p>\n<p>&nbsp;<\/p>\n<p>&nbsp;<\/p>\n<hr \/>\n<p>&nbsp;<\/p>\n<h2><span style=\"color: #ff0000;\">CONSIGLI COMUNALI IN AGORDINO<\/span><\/h2>\n<blockquote><p><strong>Oggi alle 20 consiglio dell&#8217;Unione Montana Agordina in sala Don Tamis. All&#8217;ordine del giorno provvedimento di variazione al bilancio (assestamento) e comunicazioni del Presidente Paolo Frena. IN DIRETTA SUI CANALI FACEBOOK-YOUTUBE-TELEGRAM di\u00a0 RADIOPIU<\/strong><\/p><\/blockquote>\n<p><strong>SELVA DI CADORE<\/strong> Consiglio comunale domani alle 18:30 per parlare di una variazione a bilancio<\/p>\n<p><strong>TAIBON <\/strong>Sono 6 i punti da discutere nel consiglio comunale di domani alle 19:30. Tra questi una variazione a bilancio, l&#8217;individuazione di una zona di degrado in centro a Taibon, la rinuncia di un intervento di recupero e restauro di un vecchio fabbricato e le modifiche al contratto con ASCA.<\/p>\n<p><strong>SAN TOMASO<\/strong> Consiglio comunale domani alle 20:30. Tra i punti in discussione una variazione a bilancio, la nomina del revisore dei conti e il regolamento interno comunale<\/p>\n<p><strong>COLLE SANTA LUCIA\u00a0<\/strong>Consiglio comunale sabato 30 novembre alle 7:30. Undici punti in discussione tra cui una variazione a bilancio, l&#8217;aliquota dell&#8217;addizionale comunale per il 2025, un aggiornamento al DUP e l&#8217;approvazione del bilancio di previsione 2025\/2027.<\/p>\n<p>&nbsp;<\/p>\n<hr \/>\n<p>&nbsp;<\/p>\n<blockquote>\n<h3>PRESENTATA L&#8217;INIZIATIVA &#8220;LE VIE DEI PRESEPI&#8221;<\/h3>\n<\/blockquote>\n<p><strong>BELLUNO<\/strong><\/p>\n<p>IL SERVIZIO DI BARBARA PAOLAZZI<\/p>\n<audio class=\"wp-audio-shortcode\" id=\"audio-421680-12\" preload=\"none\" style=\"width: 100%;\" controls=\"controls\"><source type=\"audio\/mpeg\" src=\"https:\/\/www.radiopiu.net\/wordpress\/wp-content\/uploads\/2024\/11\/PAOLAZZI-VIA-DEI-PRESEPI-BELLUNO.mp3?_=12\" \/><a href=\"https:\/\/www.radiopiu.net\/wordpress\/wp-content\/uploads\/2024\/11\/PAOLAZZI-VIA-DEI-PRESEPI-BELLUNO.mp3\">https:\/\/www.radiopiu.net\/wordpress\/wp-content\/uploads\/2024\/11\/PAOLAZZI-VIA-DEI-PRESEPI-BELLUNO.mp3<\/a><\/audio>\n<p>&nbsp;<\/p>\n\n\t\t\t<style type='text\/css'>\n\t\t\t\t#gallery-7 {\n\t\t\t\t\tmargin: auto;\n\t\t\t\t}\n\t\t\t\t#gallery-7 .gallery-item {\n\t\t\t\t\tfloat: left;\n\t\t\t\t\tmargin-top: 10px;\n\t\t\t\t\ttext-align: center;\n\t\t\t\t\twidth: 50%;\n\t\t\t\t}\n\t\t\t\t#gallery-7 img {\n\t\t\t\t\tborder: 2px solid #cfcfcf;\n\t\t\t\t}\n\t\t\t\t#gallery-7 .gallery-caption {\n\t\t\t\t\tmargin-left: 0;\n\t\t\t\t}\n\t\t\t\t\/* see gallery_shortcode() in wp-includes\/media.php *\/\n\t\t\t<\/style>\n\t\t<div id='gallery-7' class='dt-gallery-container gallery galleryid-421680 gallery-columns-2 gallery-size-medium'><dl class='gallery-item'>\n\t\t\t\t<dt class='gallery-icon landscape'>\n\t\t\t\t\t<a class=\"rollover rollover-zoom dt-pswp-item\" title=\"847934ee-3e4b-4ce2-9c35-1e4078b23be3\" data-dt-img-description=\"\" data-large_image_width=\"1600\" data-large_image_height=\"1200\"href='https:\/\/www.radiopiu.net\/wordpress\/wp-content\/uploads\/2024\/11\/847934ee-3e4b-4ce2-9c35-1e4078b23be3.jpg'><img loading=\"lazy\" decoding=\"async\" width=\"300\" height=\"225\" src=\"https:\/\/www.radiopiu.net\/wordpress\/wp-content\/uploads\/2024\/11\/847934ee-3e4b-4ce2-9c35-1e4078b23be3-300x225.jpg\" class=\"attachment-medium size-medium\" alt=\"\" srcset=\"https:\/\/www.radiopiu.net\/wordpress\/wp-content\/uploads\/2024\/11\/847934ee-3e4b-4ce2-9c35-1e4078b23be3-300x225.jpg 300w, https:\/\/www.radiopiu.net\/wordpress\/wp-content\/uploads\/2024\/11\/847934ee-3e4b-4ce2-9c35-1e4078b23be3-1024x768.jpg 1024w, https:\/\/www.radiopiu.net\/wordpress\/wp-content\/uploads\/2024\/11\/847934ee-3e4b-4ce2-9c35-1e4078b23be3-768x576.jpg 768w, https:\/\/www.radiopiu.net\/wordpress\/wp-content\/uploads\/2024\/11\/847934ee-3e4b-4ce2-9c35-1e4078b23be3-1536x1152.jpg 1536w, https:\/\/www.radiopiu.net\/wordpress\/wp-content\/uploads\/2024\/11\/847934ee-3e4b-4ce2-9c35-1e4078b23be3.jpg 1600w\" sizes=\"auto, (max-width: 300px) 100vw, 300px\" \/><\/a>\n\t\t\t\t<\/dt><\/dl><dl class='gallery-item'>\n\t\t\t\t<dt class='gallery-icon landscape'>\n\t\t\t\t\t<a class=\"rollover rollover-zoom dt-pswp-item\" title=\"ed1c1d49-9669-41f6-a79d-4fcce0e4be7c\" data-dt-img-description=\"\" data-large_image_width=\"1600\" data-large_image_height=\"1200\"href='https:\/\/www.radiopiu.net\/wordpress\/wp-content\/uploads\/2024\/11\/ed1c1d49-9669-41f6-a79d-4fcce0e4be7c.jpg'><img loading=\"lazy\" decoding=\"async\" width=\"300\" height=\"225\" src=\"https:\/\/www.radiopiu.net\/wordpress\/wp-content\/uploads\/2024\/11\/ed1c1d49-9669-41f6-a79d-4fcce0e4be7c-300x225.jpg\" class=\"attachment-medium size-medium\" alt=\"\" srcset=\"https:\/\/www.radiopiu.net\/wordpress\/wp-content\/uploads\/2024\/11\/ed1c1d49-9669-41f6-a79d-4fcce0e4be7c-300x225.jpg 300w, https:\/\/www.radiopiu.net\/wordpress\/wp-content\/uploads\/2024\/11\/ed1c1d49-9669-41f6-a79d-4fcce0e4be7c-1024x768.jpg 1024w, https:\/\/www.radiopiu.net\/wordpress\/wp-content\/uploads\/2024\/11\/ed1c1d49-9669-41f6-a79d-4fcce0e4be7c-768x576.jpg 768w, https:\/\/www.radiopiu.net\/wordpress\/wp-content\/uploads\/2024\/11\/ed1c1d49-9669-41f6-a79d-4fcce0e4be7c-1536x1152.jpg 1536w, https:\/\/www.radiopiu.net\/wordpress\/wp-content\/uploads\/2024\/11\/ed1c1d49-9669-41f6-a79d-4fcce0e4be7c.jpg 1600w\" sizes=\"auto, (max-width: 300px) 100vw, 300px\" \/><\/a>\n\t\t\t\t<\/dt><\/dl><br style=\"clear: both\" \/>\n\t\t\t<\/div>\n\n<p>&nbsp;<\/p>\n<p><strong>IL PRESIDENTE DELLA CONSULTA CHRISTIAN MARCHETTI<\/strong><\/p>\n<p><iframe loading=\"lazy\" title=\"IL PRESIDENTE DELLA CONSULTA CHRISTIAN MARCHETTI\" width=\"1200\" height=\"675\" src=\"https:\/\/www.youtube.com\/embed\/qB-QhpsffPg?feature=oembed\" frameborder=\"0\" allow=\"accelerometer; autoplay; clipboard-write; encrypted-media; gyroscope; picture-in-picture; web-share\" referrerpolicy=\"strict-origin-when-cross-origin\" allowfullscreen><\/iframe><\/p>\n<p><strong>LO SCULTORE LUCIANO DE BARBA<\/strong><\/p>\n<p><iframe loading=\"lazy\" title=\"LO SCULTORE LUCIANO DE BARBA\" width=\"1200\" height=\"675\" src=\"https:\/\/www.youtube.com\/embed\/d5PbQqJURjA?feature=oembed\" frameborder=\"0\" allow=\"accelerometer; autoplay; clipboard-write; encrypted-media; gyroscope; picture-in-picture; web-share\" referrerpolicy=\"strict-origin-when-cross-origin\" allowfullscreen><\/iframe><\/p>\n<p>&nbsp;<\/p>\n<hr \/>\n<p>&nbsp;<\/p>\n<blockquote>\n<h3>L&#8217;INCONTRO PUBBLICO SULLE COMUNITA&#8217; ENERGETICHE A BELLUNO<\/h3>\n<\/blockquote>\n<p><strong><a class=\"dt-pswp-item\" href=\"https:\/\/www.radiopiu.net\/wordpress\/wp-content\/uploads\/2024\/11\/Unknown-1.jpeg\" data-dt-img-description=\"\" data-large_image_width=\"1600\" data-large_image_height=\"1204\"><img loading=\"lazy\" decoding=\"async\" class=\" wp-image-421815 alignleft\" src=\"https:\/\/www.radiopiu.net\/wordpress\/wp-content\/uploads\/2024\/11\/Unknown-1-300x226.jpeg\" alt=\"\" width=\"175\" height=\"132\" srcset=\"https:\/\/www.radiopiu.net\/wordpress\/wp-content\/uploads\/2024\/11\/Unknown-1-300x226.jpeg 300w, https:\/\/www.radiopiu.net\/wordpress\/wp-content\/uploads\/2024\/11\/Unknown-1-1024x771.jpeg 1024w, https:\/\/www.radiopiu.net\/wordpress\/wp-content\/uploads\/2024\/11\/Unknown-1-768x578.jpeg 768w, https:\/\/www.radiopiu.net\/wordpress\/wp-content\/uploads\/2024\/11\/Unknown-1-1536x1156.jpeg 1536w, https:\/\/www.radiopiu.net\/wordpress\/wp-content\/uploads\/2024\/11\/Unknown-1.jpeg 1600w\" sizes=\"auto, (max-width: 175px) 100vw, 175px\" \/><\/a>BELLUNO<\/strong> Marted\u00ec sera, a Palazzo Crepadona, si \u00e8 tenuto un incontro pubblico sulla &#8220;Comunit\u00e0 energetica rinnovabile Dolomiti&#8221; (CER Dolomiti), promosso dal Comune di Belluno in collaborazione con Cer Dolomiti, Bim Piave, Fondazione Cariverona e Centro Studi Bellunese. Il sindaco Oscar De Pellegrin ha sottolineato l&#8217;importanza di questo progetto innovativo per promuovere energia rinnovabile, indipendenza energetica e sostenibilit\u00e0 nel territorio. La CER Dolomiti, un soggetto giuridico formato da enti, aziende e privati, mira a produrre e consumare energia pulita, valorizzando risorse locali ed economia a chilometro zero. Il progetto sta generando interesse e stimolando il dibattito, con ulteriori incontri previsti per informare e coinvolgere la comunit\u00e0.<\/p>\n<p>&nbsp;<\/p>\n<hr \/>\n<p>&nbsp;<\/p>\n<p>&nbsp;<\/p>\n<blockquote>\n<h3>UN CONCERTO PER VITTORIO FENTI<\/h3>\n<\/blockquote>\n<p><strong class=\"photoswipe-wrapper\"><a class=\"dt-pswp-item pspw-wrap-ready\" href=\"https:\/\/www.radiopiu.net\/wordpress\/wp-content\/uploads\/2024\/11\/541f118a-8f00-44dd-91dd-13dcb4ddbd0d.jpg\" data-dt-img-description=\"\" data-large_image_width=\"1280\" data-large_image_height=\"1600\"><img loading=\"lazy\" decoding=\"async\" class=\" wp-image-421808 alignleft\" src=\"https:\/\/www.radiopiu.net\/wordpress\/wp-content\/uploads\/2024\/11\/541f118a-8f00-44dd-91dd-13dcb4ddbd0d-240x300.jpg\" sizes=\"auto, (max-width: 213px) 100vw, 213px\" srcset=\"https:\/\/www.radiopiu.net\/wordpress\/wp-content\/uploads\/2024\/11\/541f118a-8f00-44dd-91dd-13dcb4ddbd0d-240x300.jpg 240w, https:\/\/www.radiopiu.net\/wordpress\/wp-content\/uploads\/2024\/11\/541f118a-8f00-44dd-91dd-13dcb4ddbd0d-819x1024.jpg 819w, https:\/\/www.radiopiu.net\/wordpress\/wp-content\/uploads\/2024\/11\/541f118a-8f00-44dd-91dd-13dcb4ddbd0d-768x960.jpg 768w, https:\/\/www.radiopiu.net\/wordpress\/wp-content\/uploads\/2024\/11\/541f118a-8f00-44dd-91dd-13dcb4ddbd0d-1229x1536.jpg 1229w, https:\/\/www.radiopiu.net\/wordpress\/wp-content\/uploads\/2024\/11\/541f118a-8f00-44dd-91dd-13dcb4ddbd0d.jpg 1280w\" alt=\"\" width=\"181\" height=\"226\" \/><\/a>AGORDO<\/strong> il Circolo Culturale Agordino organizza in sala Tamis, ad Agordo, per venerd\u00ec 6 dicembre 2024 alle ore 20e30, una serata concerto con riconoscimento a Vittorio Fenti, quale persona che si \u00e8 sempre adoperata e impegnata per la collettivit\u00e0, rispondendo sempre con grande disponibilit\u00e0 ai bisogni del territorio affidandosi alla sua preparazione e competenza.<\/p>\n<p>&nbsp;<\/p>\n<p>&nbsp;<\/p>\n<p>&nbsp;<\/p>\n<p>&nbsp;<\/p>\n<p>&nbsp;<\/p>\n<p><strong>DI GIANNI SANTOMASO<\/strong><\/p>\n<audio class=\"wp-audio-shortcode\" id=\"audio-421680-13\" preload=\"none\" style=\"width: 100%;\" controls=\"controls\"><source type=\"audio\/mpeg\" src=\"https:\/\/www.radiopiu.net\/wordpress\/wp-content\/uploads\/2024\/11\/GIANNI-CONCERTO-VITTORIO-FENTI.mp3?_=13\" \/><a href=\"https:\/\/www.radiopiu.net\/wordpress\/wp-content\/uploads\/2024\/11\/GIANNI-CONCERTO-VITTORIO-FENTI.mp3\">https:\/\/www.radiopiu.net\/wordpress\/wp-content\/uploads\/2024\/11\/GIANNI-CONCERTO-VITTORIO-FENTI.mp3<\/a><\/audio>\n<p>&nbsp;<\/p>\n<hr \/>\n<p>&nbsp;<\/p>\n<p>&nbsp;<\/p>\n<blockquote>\n<h2>I Krampus da Fodom pronti per S. Nicolao<\/h2>\n<\/blockquote>\n<p><strong><img loading=\"lazy\" decoding=\"async\" class=\"alignleft\" src=\"https:\/\/www.radiopiu.net\/wordpress\/wp-content\/uploads\/2024\/11\/Senza-nome-120.png\" width=\"201\" height=\"164\" \/>LIVINALLONGO<\/strong><\/p>\n<div class=\"flex max-w-full flex-col flex-grow\">\n<div class=\"min-h-8 text-message flex w-full flex-col items-end gap-2 whitespace-normal break-words [.text-message+&amp;]:mt-5\" dir=\"auto\" data-message-author-role=\"assistant\" data-message-id=\"8cb2c3e1-d2c3-404e-ab7a-6277f50faa95\" data-message-model-slug=\"gpt-4o\">\n<div class=\"flex w-full flex-col gap-1 empty:hidden first:pt-[3px]\">\n<div class=\"markdown prose w-full break-words dark:prose-invert dark\">\n<p>Il 5 dicembre i Krampus da Fodom porteranno S. Nicolao nelle case della vallata fodoma, regalando ai bambini un momento magico. L\u2019associazione, guidata da Riccardo Dorigo, mantiene viva la tradizione, che include sfilate ad Arabba e partecipazioni a eventi, come la recente trasferta in Sardegna, valorizzando il legame culturale con il passato.<\/p>\n<p>&nbsp;<\/p>\n<p>&nbsp;<\/p>\n<p><strong>DI LORENZO SORATROI<\/strong><\/p>\n<\/div>\n<\/div>\n<\/div>\n<\/div>\n<audio class=\"wp-audio-shortcode\" id=\"audio-421680-14\" preload=\"none\" style=\"width: 100%;\" controls=\"controls\"><source type=\"audio\/mpeg\" src=\"https:\/\/www.radiopiu.net\/wordpress\/wp-content\/uploads\/2024\/11\/lorenzo-krampus.mp3?_=14\" \/><a href=\"https:\/\/www.radiopiu.net\/wordpress\/wp-content\/uploads\/2024\/11\/lorenzo-krampus.mp3\">https:\/\/www.radiopiu.net\/wordpress\/wp-content\/uploads\/2024\/11\/lorenzo-krampus.mp3<\/a><\/audio>\n<p>&nbsp;<\/p>\n<p>&nbsp;<\/p>\n<hr \/>\n<p>&nbsp;<\/p>\n<blockquote>\n<h3>CONSEGNA DEI DIPLOMI DELL&#8217;ISTITUTO FOLLADOR-DE ROSSI<\/h3>\n<\/blockquote>\n<p><strong><a class=\"dt-pswp-item\" href=\"https:\/\/www.radiopiu.net\/wordpress\/wp-content\/uploads\/2024\/11\/FOLLADOR-DE-ROSSI.png\" data-dt-img-description=\"\" data-large_image_width=\"385\" data-large_image_height=\"148\"><img loading=\"lazy\" decoding=\"async\" class=\" wp-image-420848 alignleft\" src=\"https:\/\/www.radiopiu.net\/wordpress\/wp-content\/uploads\/2024\/11\/FOLLADOR-DE-ROSSI-300x115.png\" alt=\"\" width=\"245\" height=\"94\" srcset=\"https:\/\/www.radiopiu.net\/wordpress\/wp-content\/uploads\/2024\/11\/FOLLADOR-DE-ROSSI-300x115.png 300w, https:\/\/www.radiopiu.net\/wordpress\/wp-content\/uploads\/2024\/11\/FOLLADOR-DE-ROSSI.png 385w\" sizes=\"auto, (max-width: 245px) 100vw, 245px\" \/><\/a>AGORDO<\/strong> Domani alle 19:30, presso la palestra Dolomiti di Falcade (adiacente all\u2019Istituto Follador-De Rossi), si terr\u00e0 la cerimonia di consegna dei Diplomi di Stato dell\u2019Istituto Follador-De Rossi di Agordo. L\u2019evento sar\u00e0 preceduto da un buffet di benvenuto, curato dagli studenti dell\u2019indirizzo enogastronomico, a partire dalle 18:00. La serata celebrer\u00e0 i neo-diplomati e vedr\u00e0 la partecipazione di ospiti e autorit\u00e0. L\u2019iniziativa rappresenta un momento importante per valorizzare il percorso degli studenti e coinvolgere la comunit\u00e0.<\/p>\n<p>&nbsp;<\/p>\n<hr \/>\n<p>&nbsp;<\/p>\n<p>&nbsp;<\/p>\n<blockquote><p><strong>&#8220;Scuola Aperta al Liceo Classico Galilei-Tiziano: appuntamento il 30 novembre&#8221;<\/strong><\/p><\/blockquote>\n<p><strong>BELLUNO<\/strong> Sabato 30 novembre, dalle 15.00 alle 16.30, il Liceo Classico dei \u00abLicei Galilei-Tiziano\u00bb di Belluno accoglie studenti e famiglie per presentare l\u2019offerta formativa, inclusa la riapertura della sede di via Cavour nel 2025\/2026. Prenotazioni sul sito liceibelluno.edu.it. Prossimi incontri il 18 gennaio.<\/p>\n<p>&nbsp;<\/p>\n<p>&nbsp;<\/p>\n<hr \/>\n<blockquote>\n<h2>Ladino zoldano: conferenza e presentazione del manuale \u201cScrie polito\u201d<\/h2>\n<\/blockquote>\n<p><strong>VAL DI ZOLDO<\/strong><\/p>\n<div class=\"flex max-w-full flex-col flex-grow\">\n<div class=\"min-h-8 text-message flex w-full flex-col items-end gap-2 whitespace-normal break-words [.text-message+&amp;]:mt-5\" dir=\"auto\" data-message-author-role=\"assistant\" data-message-id=\"20965a7d-4b83-4aa7-afbc-b264b01f9bf5\" data-message-model-slug=\"gpt-4o\">\n<div class=\"flex w-full flex-col gap-1 empty:hidden first:pt-[3px]\">\n<div class=\"markdown prose w-full break-words dark:prose-invert dark\">\n<p><a class=\"dt-pswp-item\" href=\"https:\/\/www.radiopiu.net\/wordpress\/wp-content\/uploads\/2024\/11\/Senza-nome-118.png\" data-dt-img-description=\"\" data-large_image_width=\"174\" data-large_image_height=\"177\"><img loading=\"lazy\" decoding=\"async\" class=\"size-full wp-image-421773 alignleft\" src=\"https:\/\/www.radiopiu.net\/wordpress\/wp-content\/uploads\/2024\/11\/Senza-nome-118.png\" alt=\"\" width=\"174\" height=\"177\" \/><\/a>La lingua e la cultura ladina saranno protagoniste della conferenza <strong>&#8220;Scrie, descore, intende&#8221;<\/strong> (\u201cscrivere, parlare, comprendere\u201d), tenuta dal prof. Nicola Cassisi. (foto) L\u2019appuntamento \u00e8 fissato PER IL 7 DICEMBRE\u00a0 alle\u00a0 18 presso la sala polifunzionale di Fusine.<\/p>\n<p><a class=\"dt-pswp-item\" href=\"https:\/\/www.radiopiu.net\/wordpress\/wp-content\/uploads\/2021\/02\/CASSISI-MUSLA.png\" data-dt-img-description=\"\" data-large_image_width=\"1468\" data-large_image_height=\"832\"><img loading=\"lazy\" decoding=\"async\" class=\" wp-image-191045 alignright\" src=\"https:\/\/www.radiopiu.net\/wordpress\/wp-content\/uploads\/2021\/02\/CASSISI-MUSLA-300x170.png\" alt=\"\" width=\"233\" height=\"132\" srcset=\"https:\/\/www.radiopiu.net\/wordpress\/wp-content\/uploads\/2021\/02\/CASSISI-MUSLA-300x170.png 300w, https:\/\/www.radiopiu.net\/wordpress\/wp-content\/uploads\/2021\/02\/CASSISI-MUSLA-1024x580.png 1024w, https:\/\/www.radiopiu.net\/wordpress\/wp-content\/uploads\/2021\/02\/CASSISI-MUSLA-768x435.png 768w, https:\/\/www.radiopiu.net\/wordpress\/wp-content\/uploads\/2021\/02\/CASSISI-MUSLA.png 1468w\" sizes=\"auto, (max-width: 233px) 100vw, 233px\" \/><\/a>Al centro dell\u2019incontro, le prospettive del ladino zoldano, un patrimonio culturale da tutelare e valorizzare. Durante l\u2019evento verr\u00e0 presentato il manuale <strong>\u201cScrie polito\u201d<\/strong>, realizzato dal gruppo linguistico-letterario del Grop di Ladin da Zoldo. Il testo fornisce linee guida per una corretta resa grafica della parlata zoldana, contribuendo alla preservazione e diffusione di questa lingua antica.<\/p>\n<p>L\u2019iniziativa si rivolge a tutti coloro che desiderano approfondire le radici culturali della valle e partecipare attivamente alla salvaguardia della tradizione ladina, attraverso strumenti pratici e un dialogo aperto sulla sua evoluzione futura. Un\u2019occasione imperdibile per riscoprire il valore della lingua ladina e il suo ruolo nella comunit\u00e0 zoldana.<\/p>\n<\/div>\n<\/div>\n<\/div>\n<\/div>\n<p>&nbsp;<\/p>\n<p>&nbsp;<\/p>\n<hr \/>\n<p>&nbsp;<\/p>\n<blockquote>\n<h2>Volontariato aziendale: Schneider Electric e Societ\u00e0 Nuova uniti per il sociale<\/h2>\n<\/blockquote>\n<p><strong><img loading=\"lazy\" decoding=\"async\" class=\"alignleft\" src=\"https:\/\/www.radiopiu.net\/wordpress\/wp-content\/uploads\/2024\/11\/volontariato-aziendale_societanuova.png\" width=\"309\" height=\"221\" \/>BELLUNO<\/strong><\/p>\n<p>Per il secondo anno, 27 volontari di Eliwell by Schneider Electric hanno dedicato un pomeriggio alla Cooperativa Societ\u00e0 Nuova di Belluno. Il 18 ottobre hanno imbiancato palestra, corridoio e stanze del Centro Diurno Borgo 77, destinate alla futura Comunit\u00e0 Alloggio per persone con disabilit\u00e0.<\/p>\n<p>L\u2019attivit\u00e0 ha rafforzato il legame tra azienda e cooperativa, evidenziando l\u2019importanza di azioni concrete sul territorio. \u201c\u00c8 gratificante vedere i risultati immediati e sapere che il nostro contributo \u00e8 utile a chi ne ha bisogno,\u201d hanno dichiarato i volontari.<\/p>\n<p>Il presidente di Societ\u00e0 Nuova, Federico Bristot, ha ringraziato per l\u2019impegno, sottolineando il valore di questa collaborazione per il sociale.<\/p>\n<p>&nbsp;<\/p>\n<hr \/>\n<p>&nbsp;<\/p>\n<blockquote>\n<h2>&#8220;Giornata Mondiale contro l\u2019AIDS: due appuntamenti a Belluno per sensibilizzare e informare&#8221;<\/h2>\n<\/blockquote>\n<p><a href=\"https:\/\/www.radiopiu.net\/wordpress\/wp-content\/uploads\/2024\/11\/088afd9d-bdde-456a-b57a-62108d125305.webp\"><img loading=\"lazy\" decoding=\"async\" class=\" wp-image-421804 alignleft\" src=\"https:\/\/www.radiopiu.net\/wordpress\/wp-content\/uploads\/2024\/11\/088afd9d-bdde-456a-b57a-62108d125305-300x171.webp\" alt=\"\" width=\"281\" height=\"160\" srcset=\"https:\/\/www.radiopiu.net\/wordpress\/wp-content\/uploads\/2024\/11\/088afd9d-bdde-456a-b57a-62108d125305-300x171.webp 300w, https:\/\/www.radiopiu.net\/wordpress\/wp-content\/uploads\/2024\/11\/088afd9d-bdde-456a-b57a-62108d125305-1024x585.webp 1024w, https:\/\/www.radiopiu.net\/wordpress\/wp-content\/uploads\/2024\/11\/088afd9d-bdde-456a-b57a-62108d125305-768x439.webp 768w, https:\/\/www.radiopiu.net\/wordpress\/wp-content\/uploads\/2024\/11\/088afd9d-bdde-456a-b57a-62108d125305-1536x878.webp 1536w, https:\/\/www.radiopiu.net\/wordpress\/wp-content\/uploads\/2024\/11\/088afd9d-bdde-456a-b57a-62108d125305.webp 1792w\" sizes=\"auto, (max-width: 281px) 100vw, 281px\" \/><\/a><strong>BELLUNO<\/strong><\/p>\n<p>Sabato 30 novembre il collettivo C.I.A.O. LGBTQ+ organizza due eventi a Belluno in occasione della Giornata Mondiale contro l\u2019AIDS (1\u00b0 dicembre). <strong>Mattina:<\/strong> in Piazza dei Martiri (9:00-13:00), gazebo informativo con esperti del Dipartimento di Prevenzione ULSS e test HIV gratuiti e anonimi grazie al camper dell&#8217;ULSS. <strong>Pomeriggio:<\/strong> alla Casa dei Beni Comuni (15:30-18:30), incontro con la Dott.ssa Daniela Piacentini e il Dott. Rodolfo Pessina per approfondire prevenzione, sesso sicuro e abbattere lo stigma sull\u2019HIV. Un\u2019occasione per promuovere consapevolezza, educazione sessuale e combattere i pregiudizi.<\/p>\n<p>&nbsp;<\/p>\n<p>&nbsp;<\/p>\n<hr \/>\n<p>&nbsp;<\/p>\n<blockquote>\n<h3>UN BANDO PER 1634 ALLIEVI FINANZIERI<\/h3>\n<\/blockquote>\n<p>La Guardia di Finanza ha pubblicato il bando di concorso per il reclutamento di 1634 allievi finanzieri per l&#8217;anno 2024. Il concorso si svolger\u00e0 per titoli ed esami.<\/p>\n<p>&nbsp;<\/p>\n<p>&nbsp;<\/p>\n<hr \/>\n<p>&nbsp;<\/p>\n<blockquote>\n<p data-pm-slice=\"1 1 []\"><strong>Concorso per 33 atleti nei gruppi sportivi Fiamme Oro della Polizia di Stato<\/strong><\/p>\n<\/blockquote>\n<p>Sul Portale Unico del reclutamento, all&#8217;indirizzo <a>www.inpa.gov.it<\/a> e sul sito <a>www.poliziadistato.it<\/a>, \u00e8 stato pubblicato il 14 novembre 2024 un bando di concorso pubblico per titoli, finalizzato all&#8217;assunzione di 33 atleti da destinare ai gruppi sportivi \u201cPolizia di Stato \u2013 Fiamme Oro\u201d. Gli atleti selezionati saranno inquadrati nel ruolo degli agenti e assistenti della Polizia di Stato, con qualifica di agente.<\/p>\n<p>&nbsp;<\/p>\n<p>&nbsp;<\/p>\n<hr \/>\n<p>&nbsp;<\/p>\n<blockquote>\n<h3>VOLGE AL TERMINE LA STAGIONE DI VENETO SPETTACOLI DI MISTERO<\/h3>\n<\/blockquote>\n<p>Si conclude la 16\u00aa edizione di \u201cVeneto: Spettacoli di Mistero\u201d, festival dedicato alle storie occulte della regione, organizzato da Regione Veneto e UNPLI Veneto sotto la direzione artistica di Alberto Toso Fei. Con quasi 80 eventi, la rassegna mescola realt\u00e0 e immaginazione, valorizzando il patrimonio culturale locale. Nel Bellunese, gli ultimi appuntamenti includono il monologo <em>Anatomie di un viaggiatore<\/em> su Girolamo Segato, a Sospirolo il 29 novembre, e <em>Crod\u00e8res e la Principessa sui Monti Pallidi<\/em>, spettacolo per tutte le et\u00e0 a Feltre il 30 novembre. Fino al 17 gennaio 2025, Sospirolo ospita una mostra sulle riproduzioni di tavole dell&#8217;Atlante dell&#8217;Alto e Basso Egitto di Segato, illustrando la sua attivit\u00e0 di cartografo ed egittologo.<\/p>\n<p>&nbsp;<\/p>\n<p>&nbsp;<\/p>\n<hr \/>\n<p>&nbsp;<\/p>\n<blockquote>\n<h3>UN WEBINAR SULL&#8217;INTELLIGENZA ARTIFICIALE<\/h3>\n<\/blockquote>\n<p><strong>BELLUNO<\/strong> Oggi, dalle 18 alle 20, si terr\u00e0 un webinar gratuito al FabLab di Belluno del progetto &#8220;Dal virtuale al reale: I am here for you&#8221;. Quattro esperti esploreranno il ruolo dell&#8217;Intelligenza Artificiale nello sviluppo aziendale: supporto alle start-up (Francesco Cavestro), nuove professioni digitali (Niccol\u00f2 Boccagni), funzionamento dell&#8217;IA (Armand Thanasi) e rivoluzione creativa e di marketing (Davide Schizzi). L&#8217;evento \u00e8 aperto a tutti e offrir\u00e0 casi studio e testimonianze per sfruttare le tecnologie emergenti.<\/p>\n<p>&nbsp;<\/p>\n<p>&nbsp;<\/p>\n<hr \/>\n<p>&nbsp;<\/p>\n<p><strong><a class=\"dt-pswp-item\" href=\"https:\/\/www.radiopiu.net\/wordpress\/wp-content\/uploads\/2024\/11\/AMICI-MINERARI.png\" data-dt-img-description=\"\" data-large_image_width=\"209\" data-large_image_height=\"174\"><img loading=\"lazy\" decoding=\"async\" class=\"size-full wp-image-419180 alignleft\" src=\"https:\/\/www.radiopiu.net\/wordpress\/wp-content\/uploads\/2024\/11\/AMICI-MINERARI.png\" alt=\"\" width=\"209\" height=\"174\" \/><\/a>&#8220;Con gli Amici dei Minerari: Serate d&#8217;Inverno \u2013 un viaggio tra storia, scienza e meraviglie. Incontri presso la Sala con T\u00e0-Mis. Non mancare!&#8221;<\/strong><\/p>\n<ul>\n<li><em>Venerd\u00ec 20 dicembre, ore 20:30<\/em>: &#8220;La morfogenesi delle frane&#8221; \u2013 Relatore Prof. Vittorio Fenti.<\/li>\n<li><em>Venerd\u00ec 24 gennaio, ore 20:30<\/em>: &#8220;Il meraviglioso mondo dei fossili delle Dolomiti&#8221; \u2013 Relatore Danilo Giordano.<\/li>\n<li><em>Venerd\u00ec 21 febbraio, ore 20:30<\/em>: &#8220;Il traforo del Brennero: studio, progettazione e realizzazione&#8221; \u2013 Relatori Vittorio Fenti e Mario Guadagnini.<\/li>\n<\/ul>\n<p><strong>Vivi la cultura e la passione per la montagna!<\/strong><\/p>\n<p>&nbsp;<\/p>\n<p>&nbsp;<\/p>\n<hr \/>\n<p>&nbsp;<\/p>\n<blockquote>\n<h3><a class=\"dt-pswp-item\" href=\"https:\/\/www.radiopiu.net\/wordpress\/wp-content\/uploads\/2024\/11\/Unknown.jpeg\" data-dt-img-description=\"\" data-large_image_width=\"1080\" data-large_image_height=\"810\"><img loading=\"lazy\" decoding=\"async\" class=\" wp-image-421053 alignleft\" src=\"https:\/\/www.radiopiu.net\/wordpress\/wp-content\/uploads\/2024\/11\/Unknown-300x225.jpeg\" alt=\"\" width=\"191\" height=\"143\" srcset=\"https:\/\/www.radiopiu.net\/wordpress\/wp-content\/uploads\/2024\/11\/Unknown-300x225.jpeg 300w, https:\/\/www.radiopiu.net\/wordpress\/wp-content\/uploads\/2024\/11\/Unknown-1024x768.jpeg 1024w, https:\/\/www.radiopiu.net\/wordpress\/wp-content\/uploads\/2024\/11\/Unknown-768x576.jpeg 768w, https:\/\/www.radiopiu.net\/wordpress\/wp-content\/uploads\/2024\/11\/Unknown.jpeg 1080w\" sizes=\"auto, (max-width: 191px) 100vw, 191px\" \/><\/a>IL 30 NOVEMBRE DONNE IN PERICOLO A BELLUNO<\/h3>\n<\/blockquote>\n<p><strong>BELLUNO<\/strong> Vittoria Belvedere, Bendicta Boccoli e Debora Caprioglio (in ordine alfabetico) sabato 30 novembre alle 20.45 interpreteranno \u201cDONNE IN PERICOLO\u201d della commediografa americana Wendy MacLeod nel secondo appuntamento della 48ma Stagione di Prosa del Circolo Cultura e Stampa Bellunese. Lo spettacolo, che si preannuncia esilarante, sta raggiungendo il sold out: \u00e8 possibile acquistare i biglietti rimasti online dal sito <a href=\"http:\/\/www.circoloculturaestampabellunese.it\">www.circoloculturaestampabellunese.it<\/a>, oppure la sera dello spettacolo dalle 19.30 al Botteghino del Teatro Comunale.<\/p>\n<p>&nbsp;<\/p>\n<hr \/>\n<p>&nbsp;<\/p>\n<blockquote><p><strong>Presentazione dell\u2019opera multimediale \u201cVajont: La fine di un\u2019epoca\u201d<\/strong><\/p><\/blockquote>\n<p><strong>BELLUNO<\/strong> Sabato 30 novembre alle 17:15, nella Sala Muccin del Centro Giovanni XXIII di Belluno, l\u2019Associazione culturale Tina Merlin presenta <strong>\u201cVajont: La fine di un\u2019epoca\u201d<\/strong>, opera multimediale di Marco De Biasi. Il lavoro intreccia musica, video, fotografia e testi narrativi per raccontare la tragedia del Vajont attraverso le voci dei sopravvissuti. Un\u2019opera che invita alla riflessione sul rapporto tra uomo e ambiente. Saranno presenti Roberto Padrin, sindaco di Longarone, e Mirta Amanda Barbonetti, che dialogher\u00e0 con l\u2019autore.<\/p>\n<p>&nbsp;<\/p>\n<p>&nbsp;<\/p>\n<p>&nbsp;<\/p>\n<hr \/>\n<p>&nbsp;<\/p>\n<h2><span style=\"color: #ff6600;\">IERI ALLA RADIO\u00a0\u00a0<\/span><\/h2>\n<blockquote>\n<h2>LIANA CAVALLET IL MERCOLEDI MATTINA ALLE NOVE CON LIBER<\/h2>\n<\/blockquote>\n<p><strong><a class=\"dt-pswp-item\" href=\"https:\/\/www.radiopiu.net\/wordpress\/wp-content\/uploads\/2024\/11\/WhatsApp-Image-2024-11-25-at-12.16.50.jpeg\" data-dt-img-description=\"\" data-large_image_width=\"493\" data-large_image_height=\"702\"><img loading=\"lazy\" decoding=\"async\" class=\"wp-image-421692 alignleft\" src=\"https:\/\/www.radiopiu.net\/wordpress\/wp-content\/uploads\/2024\/11\/WhatsApp-Image-2024-11-25-at-12.16.50-211x300.jpeg\" alt=\"\" width=\"122\" height=\"173\" srcset=\"https:\/\/www.radiopiu.net\/wordpress\/wp-content\/uploads\/2024\/11\/WhatsApp-Image-2024-11-25-at-12.16.50-211x300.jpeg 211w, https:\/\/www.radiopiu.net\/wordpress\/wp-content\/uploads\/2024\/11\/WhatsApp-Image-2024-11-25-at-12.16.50.jpeg 493w\" sizes=\"auto, (max-width: 122px) 100vw, 122px\" \/><\/a>IRON PROF, DI GIOVANNI CIOT<\/strong><\/p>\n<p>&nbsp;<\/p>\n<p><strong>AUDIO<\/strong><\/p>\n<audio class=\"wp-audio-shortcode\" id=\"audio-421680-15\" preload=\"none\" style=\"width: 100%;\" controls=\"controls\"><source type=\"audio\/mpeg\" src=\"https:\/\/www.radiopiu.net\/wordpress\/wp-content\/uploads\/2024\/11\/LIANA-4.mp3?_=15\" \/><a href=\"https:\/\/www.radiopiu.net\/wordpress\/wp-content\/uploads\/2024\/11\/LIANA-4.mp3\">https:\/\/www.radiopiu.net\/wordpress\/wp-content\/uploads\/2024\/11\/LIANA-4.mp3<\/a><\/audio>\n<p>&nbsp;<\/p>\n<p><strong>LA RACCOLTA COMPLETA <a href=\"https:\/\/www.radiopiu.net\/wordpress\/liber24puntata10\/\"><span style=\"color: #0000ff;\">CLICCA QUI<\/span><\/a><\/strong><\/p>\n<p>&nbsp;<\/p>\n<p>&nbsp;<\/p>\n<hr \/>\n<p>&nbsp;<\/p>\n<h2><span style=\"color: #008000;\">CISL E FEMCA CISL LA VOCE PER I LAVORATORI<\/span><\/h2>\n<p><a class=\"dt-pswp-item\" href=\"https:\/\/www.radiopiu.net\/wordpress\/wp-content\/uploads\/2023\/10\/Senza-nome-7.png\" data-dt-img-description=\"\" data-large_image_width=\"235\" data-large_image_height=\"378\"><img loading=\"lazy\" decoding=\"async\" class=\"wp-image-355326 alignleft\" src=\"https:\/\/www.radiopiu.net\/wordpress\/wp-content\/uploads\/2023\/10\/Senza-nome-7-187x300.png\" alt=\"\" width=\"92\" height=\"148\" srcset=\"https:\/\/www.radiopiu.net\/wordpress\/wp-content\/uploads\/2023\/10\/Senza-nome-7-187x300.png 187w, https:\/\/www.radiopiu.net\/wordpress\/wp-content\/uploads\/2023\/10\/Senza-nome-7.png 235w\" sizes=\"auto, (max-width: 92px) 100vw, 92px\" \/><\/a>puntata del 27 NOVEMBRE 2024<\/p>\n<p><strong>OSPITE ALLESSIO PICCOLI<\/strong><\/p>\n<audio class=\"wp-audio-shortcode\" id=\"audio-421680-16\" preload=\"none\" style=\"width: 100%;\" controls=\"controls\"><source type=\"audio\/mpeg\" src=\"https:\/\/www.radiopiu.net\/wordpress\/wp-content\/uploads\/2024\/10\/FEMCA-CISL-3.mp3?_=16\" \/><a href=\"https:\/\/www.radiopiu.net\/wordpress\/wp-content\/uploads\/2024\/10\/FEMCA-CISL-3.mp3\">https:\/\/www.radiopiu.net\/wordpress\/wp-content\/uploads\/2024\/10\/FEMCA-CISL-3.mp3<\/a><\/audio>\n<p>&nbsp;<\/p>\n<h2><strong>LA RACCOLTA COMPLETA <a href=\"https:\/\/www.radiopiu.net\/wordpress\/cisl-e-femca-cisl-la-vocef\/\"><span style=\"color: #3366ff;\">CLICCA QUI<\/span><\/a><\/strong><\/h2>\n<p>&nbsp;<\/p>\n<hr \/>\n<p>&nbsp;<\/p>\n<h2><span style=\"color: #ff00ff;\">AMAZING CALENDAR, CON MICHELA E MARINA<\/span><\/h2>\n<p><span style=\"color: #0000ff;\"><strong><a class=\"dt-pswp-item\" href=\"https:\/\/www.radiopiu.net\/wordpress\/wp-content\/uploads\/2024\/07\/Header-Dolomites-Ronda-\u00a9wisthaler.com_23_08_dolomitisuperski_hike_DJI_0134.jpg\" data-dt-img-description=\"\" data-large_image_width=\"2100\" data-large_image_height=\"1573\"><img loading=\"lazy\" decoding=\"async\" class=\" wp-image-397861 alignleft\" src=\"https:\/\/www.radiopiu.net\/wordpress\/wp-content\/uploads\/2024\/07\/Header-Dolomites-Ronda-\u00a9wisthaler.com_23_08_dolomitisuperski_hike_DJI_0134-300x225.jpg\" alt=\"\" width=\"171\" height=\"128\" srcset=\"https:\/\/www.radiopiu.net\/wordpress\/wp-content\/uploads\/2024\/07\/Header-Dolomites-Ronda-\u00a9wisthaler.com_23_08_dolomitisuperski_hike_DJI_0134-300x225.jpg 300w, https:\/\/www.radiopiu.net\/wordpress\/wp-content\/uploads\/2024\/07\/Header-Dolomites-Ronda-\u00a9wisthaler.com_23_08_dolomitisuperski_hike_DJI_0134-1024x767.jpg 1024w, https:\/\/www.radiopiu.net\/wordpress\/wp-content\/uploads\/2024\/07\/Header-Dolomites-Ronda-\u00a9wisthaler.com_23_08_dolomitisuperski_hike_DJI_0134-768x575.jpg 768w, https:\/\/www.radiopiu.net\/wordpress\/wp-content\/uploads\/2024\/07\/Header-Dolomites-Ronda-\u00a9wisthaler.com_23_08_dolomitisuperski_hike_DJI_0134-1536x1151.jpg 1536w, https:\/\/www.radiopiu.net\/wordpress\/wp-content\/uploads\/2024\/07\/Header-Dolomites-Ronda-\u00a9wisthaler.com_23_08_dolomitisuperski_hike_DJI_0134-2048x1534.jpg 2048w\" sizes=\"auto, (max-width: 171px) 100vw, 171px\" \/><\/a>4A PUNTATA &#8211; PARTE UNO<\/strong><\/span><\/p>\n<audio class=\"wp-audio-shortcode\" id=\"audio-421680-17\" preload=\"none\" style=\"width: 100%;\" controls=\"controls\"><source type=\"audio\/mpeg\" src=\"https:\/\/www.radiopiu.net\/wordpress\/wp-content\/uploads\/2024\/11\/AMAZING-CALENDAR-QUARTA-PUNTATA-1.mp3?_=17\" \/><a href=\"https:\/\/www.radiopiu.net\/wordpress\/wp-content\/uploads\/2024\/11\/AMAZING-CALENDAR-QUARTA-PUNTATA-1.mp3\">https:\/\/www.radiopiu.net\/wordpress\/wp-content\/uploads\/2024\/11\/AMAZING-CALENDAR-QUARTA-PUNTATA-1.mp3<\/a><\/audio>\n<p><span style=\"color: #0000ff;\">\u00a0<\/span><\/p>\n<p><span style=\"color: #0000ff;\"><strong>PARTE DUE<\/strong><\/span><\/p>\n<audio class=\"wp-audio-shortcode\" id=\"audio-421680-18\" preload=\"none\" style=\"width: 100%;\" controls=\"controls\"><source type=\"audio\/mpeg\" src=\"https:\/\/www.radiopiu.net\/wordpress\/wp-content\/uploads\/2024\/11\/AMAZING-CALENDAR-QUARTA-PUNTATA-2-.mp3?_=18\" \/><a href=\"https:\/\/www.radiopiu.net\/wordpress\/wp-content\/uploads\/2024\/11\/AMAZING-CALENDAR-QUARTA-PUNTATA-2-.mp3\">https:\/\/www.radiopiu.net\/wordpress\/wp-content\/uploads\/2024\/11\/AMAZING-CALENDAR-QUARTA-PUNTATA-2-.mp3<\/a><\/audio>\n<p><span style=\"color: #0000ff;\">\u00a0<\/span><\/p>\n<p><span style=\"color: #0000ff;\"><strong>PARTE TRE<\/strong><\/span><\/p>\n<audio class=\"wp-audio-shortcode\" id=\"audio-421680-19\" preload=\"none\" style=\"width: 100%;\" controls=\"controls\"><source type=\"audio\/mpeg\" src=\"https:\/\/www.radiopiu.net\/wordpress\/wp-content\/uploads\/2024\/11\/AMAZING-CALENDAR-QUARTA-PUNTATA-3.mp3?_=19\" \/><a href=\"https:\/\/www.radiopiu.net\/wordpress\/wp-content\/uploads\/2024\/11\/AMAZING-CALENDAR-QUARTA-PUNTATA-3.mp3\">https:\/\/www.radiopiu.net\/wordpress\/wp-content\/uploads\/2024\/11\/AMAZING-CALENDAR-QUARTA-PUNTATA-3.mp3<\/a><\/audio>\n<p>&nbsp;<\/p>\n<h2>LA RACCOLTA COMPLETA <a href=\"https:\/\/www.radiopiu.net\/wordpress\/amazing-calendar-con-michela-e-marina-la-raccolta\/\"><span style=\"color: #3366ff;\">CLICCA QUI<\/span><\/a><\/h2>\n<p>&nbsp;<\/p>\n<p>&nbsp;<\/p>\n<hr \/>\n<p>&nbsp;<\/p>\n<h2><span style=\"color: #33cccc;\"><a class=\"dt-pswp-item\" href=\"https:\/\/www.radiopiu.net\/wordpress\/wp-content\/uploads\/2022\/11\/scuola-zaino.jpeg\" data-dt-img-description=\"\" data-large_image_width=\"626\" data-large_image_height=\"417\"><img loading=\"lazy\" decoding=\"async\" class=\" wp-image-306830 alignleft\" src=\"https:\/\/www.radiopiu.net\/wordpress\/wp-content\/uploads\/2022\/11\/scuola-zaino-300x200.jpeg\" alt=\"\" width=\"173\" height=\"115\" srcset=\"https:\/\/www.radiopiu.net\/wordpress\/wp-content\/uploads\/2022\/11\/scuola-zaino-300x200.jpeg 300w, https:\/\/www.radiopiu.net\/wordpress\/wp-content\/uploads\/2022\/11\/scuola-zaino.jpeg 626w\" sizes=\"auto, (max-width: 173px) 100vw, 173px\" \/><\/a>SE NON LA SMETTI TI MANDO DAL PRESIDE<\/span><\/h2>\n<p><strong>DI MIRKO MEZZACASA<\/strong><\/p>\n<p>CON MARIA ROSA SALMAZO<\/p>\n<audio class=\"wp-audio-shortcode\" id=\"audio-421680-20\" preload=\"none\" style=\"width: 100%;\" controls=\"controls\"><source type=\"audio\/mpeg\" src=\"https:\/\/www.radiopiu.net\/wordpress\/wp-content\/uploads\/2024\/11\/SE-NON-LA-SMETTI-11-24.mp3?_=20\" \/><a href=\"https:\/\/www.radiopiu.net\/wordpress\/wp-content\/uploads\/2024\/11\/SE-NON-LA-SMETTI-11-24.mp3\">https:\/\/www.radiopiu.net\/wordpress\/wp-content\/uploads\/2024\/11\/SE-NON-LA-SMETTI-11-24.mp3<\/a><\/audio>\n<p>&nbsp;<\/p>\n<p>&nbsp;<\/p>\n<hr \/>\n<p>&nbsp;<\/p>\n<blockquote class=\"wp-embedded-content\" data-secret=\"H1ihKs5SxS\"><p><a href=\"https:\/\/www.radiopiu.net\/wordpress\/scuola-aperta-al-follador-de-rossi-2024-gli-speciali-alla-radio\/\">SCUOLA APERTA AL FOLLADOR DE ROSSI 2024 GLI SPECIALI ALLA RADIO<\/a><\/p><\/blockquote>\n<p><iframe loading=\"lazy\" class=\"wp-embedded-content\" sandbox=\"allow-scripts\" security=\"restricted\" style=\"position: absolute; visibility: hidden;\" title=\"&#8220;SCUOLA APERTA AL FOLLADOR DE ROSSI 2024 GLI SPECIALI ALLA RADIO&#8221; &#8212; Radio Pi\u00f9\" src=\"https:\/\/www.radiopiu.net\/wordpress\/scuola-aperta-al-follador-de-rossi-2024-gli-speciali-alla-radio\/embed\/#?secret=iuOol0eHJV#?secret=H1ihKs5SxS\" data-secret=\"H1ihKs5SxS\" width=\"600\" height=\"338\" frameborder=\"0\" marginwidth=\"0\" marginheight=\"0\" scrolling=\"no\"><\/iframe><\/p>\n<p>&nbsp;<\/p>\n<hr \/>\n<p>&nbsp;<\/p>\n<blockquote>\n<h2>LE QUATTRO POESIE DI GABRIELLA&#8230; ALLA RADIO<\/h2>\n<\/blockquote>\n<p>&nbsp;<\/p>\n<p><strong>TAIBON<\/strong> E&#8217; stata la settimana di &#8230; Gabriella Crisci, 4 poesie dai sui amati libri.<br \/>\n<strong>GABRIELLA CRISCI, DALLA CAMPANIA ALL&#8217;AGORDINO CON LA PASSIONE PER LA POESIA<\/strong><\/p>\n<p><strong><a class=\"dt-pswp-item\" href=\"https:\/\/www.radiopiu.net\/wordpress\/wp-content\/uploads\/2024\/09\/ba77198d-48be-4bda-96ba-d8c6a552e7d9.jpg\" data-dt-img-description=\"\" data-large_image_width=\"2048\" data-large_image_height=\"1152\"><img loading=\"lazy\" decoding=\"async\" class=\" wp-image-411100 alignleft\" src=\"https:\/\/www.radiopiu.net\/wordpress\/wp-content\/uploads\/2024\/09\/ba77198d-48be-4bda-96ba-d8c6a552e7d9-300x169.jpg\" alt=\"\" width=\"195\" height=\"110\" srcset=\"https:\/\/www.radiopiu.net\/wordpress\/wp-content\/uploads\/2024\/09\/ba77198d-48be-4bda-96ba-d8c6a552e7d9-300x169.jpg 300w, https:\/\/www.radiopiu.net\/wordpress\/wp-content\/uploads\/2024\/09\/ba77198d-48be-4bda-96ba-d8c6a552e7d9-1024x576.jpg 1024w, https:\/\/www.radiopiu.net\/wordpress\/wp-content\/uploads\/2024\/09\/ba77198d-48be-4bda-96ba-d8c6a552e7d9-768x432.jpg 768w, https:\/\/www.radiopiu.net\/wordpress\/wp-content\/uploads\/2024\/09\/ba77198d-48be-4bda-96ba-d8c6a552e7d9-1536x864.jpg 1536w, https:\/\/www.radiopiu.net\/wordpress\/wp-content\/uploads\/2024\/09\/ba77198d-48be-4bda-96ba-d8c6a552e7d9.jpg 2048w\" sizes=\"auto, (max-width: 195px) 100vw, 195px\" \/><\/a>DI MIRKO MEZZACASA<\/strong><\/p>\n<p>OSPITE: Gabriella Crisci<\/p>\n<p>&nbsp;<\/p>\n<p>&nbsp;<\/p>\n<p>&nbsp;<\/p>\n<audio class=\"wp-audio-shortcode\" id=\"audio-421680-21\" preload=\"none\" style=\"width: 100%;\" controls=\"controls\"><source type=\"audio\/mpeg\" src=\"https:\/\/www.radiopiu.net\/wordpress\/wp-content\/uploads\/2024\/09\/gabrielle-crisci.mp3?_=21\" \/><a href=\"https:\/\/www.radiopiu.net\/wordpress\/wp-content\/uploads\/2024\/09\/gabrielle-crisci.mp3\">https:\/\/www.radiopiu.net\/wordpress\/wp-content\/uploads\/2024\/09\/gabrielle-crisci.mp3<\/a><\/audio>\n<p>&nbsp;<\/p>\n<hr \/>\n<blockquote>\n<h1><a class=\"dt-pswp-item\" href=\"https:\/\/www.radiopiu.net\/wordpress\/wp-content\/uploads\/2024\/11\/GC3.png\" data-dt-img-description=\"\" data-large_image_width=\"127\" data-large_image_height=\"119\"><img loading=\"lazy\" decoding=\"async\" class=\"size-medium wp-image-421884 alignleft\" src=\"https:\/\/www.radiopiu.net\/wordpress\/wp-content\/uploads\/2024\/11\/GC3.png\" alt=\"\" width=\"127\" height=\"119\" \/><\/a><\/h1>\n<h1><\/h1>\n<h1>LE QUATTRO POESIE&#8230;<\/h1>\n<\/blockquote>\n<p>&nbsp;<\/p>\n<p>&nbsp;<\/p>\n<p><strong>OLTRE L&#8217;ALTROVE<\/strong><\/p>\n<audio class=\"wp-audio-shortcode\" id=\"audio-421680-22\" preload=\"none\" style=\"width: 100%;\" controls=\"controls\"><source type=\"audio\/mpeg\" src=\"https:\/\/www.radiopiu.net\/wordpress\/wp-content\/uploads\/2024\/11\/gabriella-oltre-laltrovet.mp3?_=22\" \/><a href=\"https:\/\/www.radiopiu.net\/wordpress\/wp-content\/uploads\/2024\/11\/gabriella-oltre-laltrovet.mp3\">https:\/\/www.radiopiu.net\/wordpress\/wp-content\/uploads\/2024\/11\/gabriella-oltre-laltrovet.mp3<\/a><\/audio>\n<p>&nbsp;<\/p>\n<p><strong>NORD EST SUD EST<\/strong><\/p>\n<audio class=\"wp-audio-shortcode\" id=\"audio-421680-23\" preload=\"none\" style=\"width: 100%;\" controls=\"controls\"><source type=\"audio\/mpeg\" src=\"https:\/\/www.radiopiu.net\/wordpress\/wp-content\/uploads\/2024\/11\/gabriella-crisci-nord-sud-ovest-est.mp3?_=23\" \/><a href=\"https:\/\/www.radiopiu.net\/wordpress\/wp-content\/uploads\/2024\/11\/gabriella-crisci-nord-sud-ovest-est.mp3\">https:\/\/www.radiopiu.net\/wordpress\/wp-content\/uploads\/2024\/11\/gabriella-crisci-nord-sud-ovest-est.mp3<\/a><\/audio>\n<p>&nbsp;<\/p>\n<p><strong>L&#8217;ARTE DI SCRIVERE<\/strong><\/p>\n<audio class=\"wp-audio-shortcode\" id=\"audio-421680-24\" preload=\"none\" style=\"width: 100%;\" controls=\"controls\"><source type=\"audio\/mpeg\" src=\"https:\/\/www.radiopiu.net\/wordpress\/wp-content\/uploads\/2024\/11\/gabriella-crisci-larte-di-scirvere.mp3?_=24\" \/><a href=\"https:\/\/www.radiopiu.net\/wordpress\/wp-content\/uploads\/2024\/11\/gabriella-crisci-larte-di-scirvere.mp3\">https:\/\/www.radiopiu.net\/wordpress\/wp-content\/uploads\/2024\/11\/gabriella-crisci-larte-di-scirvere.mp3<\/a><\/audio>\n<p>&nbsp;<\/p>\n<p><strong>NEL MEZZO<\/strong><\/p>\n<audio class=\"wp-audio-shortcode\" id=\"audio-421680-25\" preload=\"none\" style=\"width: 100%;\" controls=\"controls\"><source type=\"audio\/mpeg\" src=\"https:\/\/www.radiopiu.net\/wordpress\/wp-content\/uploads\/2024\/11\/gabriella-nelmezzot.mp3?_=25\" \/><a href=\"https:\/\/www.radiopiu.net\/wordpress\/wp-content\/uploads\/2024\/11\/gabriella-nelmezzot.mp3\">https:\/\/www.radiopiu.net\/wordpress\/wp-content\/uploads\/2024\/11\/gabriella-nelmezzot.mp3<\/a><\/audio>\n<p>&nbsp;<\/p>\n\n\t\t\t<style type='text\/css'>\n\t\t\t\t#gallery-8 {\n\t\t\t\t\tmargin: auto;\n\t\t\t\t}\n\t\t\t\t#gallery-8 .gallery-item {\n\t\t\t\t\tfloat: left;\n\t\t\t\t\tmargin-top: 10px;\n\t\t\t\t\ttext-align: center;\n\t\t\t\t\twidth: 33%;\n\t\t\t\t}\n\t\t\t\t#gallery-8 img {\n\t\t\t\t\tborder: 2px solid #cfcfcf;\n\t\t\t\t}\n\t\t\t\t#gallery-8 .gallery-caption {\n\t\t\t\t\tmargin-left: 0;\n\t\t\t\t}\n\t\t\t\t\/* see gallery_shortcode() in wp-includes\/media.php *\/\n\t\t\t<\/style>\n\t\t<div id='gallery-8' class='dt-gallery-container gallery galleryid-421680 gallery-columns-3 gallery-size-thumbnail'><dl class='gallery-item'>\n\t\t\t\t<dt class='gallery-icon portrait'>\n\t\t\t\t\t<a class=\"rollover rollover-zoom dt-pswp-item\" title=\"GC1\" data-dt-img-description=\"\" data-large_image_width=\"351\" data-large_image_height=\"467\"href='https:\/\/www.radiopiu.net\/wordpress\/wp-content\/uploads\/2024\/11\/GC1.png'><img loading=\"lazy\" decoding=\"async\" width=\"150\" height=\"150\" src=\"https:\/\/www.radiopiu.net\/wordpress\/wp-content\/uploads\/2024\/11\/GC1-150x150.png\" class=\"attachment-thumbnail size-thumbnail\" alt=\"\" \/><\/a>\n\t\t\t\t<\/dt><\/dl><dl class='gallery-item'>\n\t\t\t\t<dt class='gallery-icon landscape'>\n\t\t\t\t\t<a class=\"rollover rollover-zoom dt-pswp-item\" title=\"GC3\" data-dt-img-description=\"\" data-large_image_width=\"127\" data-large_image_height=\"119\"href='https:\/\/www.radiopiu.net\/wordpress\/wp-content\/uploads\/2024\/11\/GC3.png'><img loading=\"lazy\" decoding=\"async\" width=\"127\" height=\"119\" src=\"https:\/\/www.radiopiu.net\/wordpress\/wp-content\/uploads\/2024\/11\/GC3.png\" class=\"attachment-thumbnail size-thumbnail\" alt=\"\" \/><\/a>\n\t\t\t\t<\/dt><\/dl><dl class='gallery-item'>\n\t\t\t\t<dt class='gallery-icon landscape'>\n\t\t\t\t\t<a class=\"rollover rollover-zoom dt-pswp-item\" title=\"GC12\" data-dt-img-description=\"\" data-large_image_width=\"427\" data-large_image_height=\"326\"href='https:\/\/www.radiopiu.net\/wordpress\/wp-content\/uploads\/2024\/11\/GC12.png'><img loading=\"lazy\" decoding=\"async\" width=\"150\" height=\"150\" src=\"https:\/\/www.radiopiu.net\/wordpress\/wp-content\/uploads\/2024\/11\/GC12-150x150.png\" class=\"attachment-thumbnail size-thumbnail\" alt=\"\" \/><\/a>\n\t\t\t\t<\/dt><\/dl><br style=\"clear: both\" \/>\n\t\t\t<\/div>\n\n<hr \/>\n<p>&nbsp;<\/p>\n<p>&nbsp;<\/p>\n<p>&nbsp;<\/p>\n<p>&nbsp;<\/p>\n<p>&nbsp;<\/p>\n<p>&nbsp;<\/p>\n<hr \/>\n<p>&nbsp;<\/p>\n<blockquote>\n<h2>Concerto in memoria di Igor Roldo: solidariet\u00e0 e musica al Piccolo Teatro Pierobon<\/h2>\n<\/blockquote>\n<div class=\"flex-1 overflow-hidden\">\n<div class=\"h-full\">\n<div class=\"react-scroll-to-bottom--css-iaghl-79elbk h-full\">\n<div class=\"react-scroll-to-bottom--css-iaghl-1n7m0yu\">\n<div class=\"flex flex-col text-sm md:pb-9\">\n<article class=\"w-full scroll-mb-[var(--thread-trailing-height)] text-token-text-primary focus-visible:outline-2 focus-visible:outline-offset-[-4px]\" dir=\"auto\" data-testid=\"conversation-turn-27\" data-scroll-anchor=\"true\">\n<div class=\"m-auto text-base py-[18px] px-3 md:px-4 w-full md:px-5 lg:px-4 xl:px-5\">\n<div class=\"mx-auto flex flex-1 gap-4 text-base md:gap-5 lg:gap-6 md:max-w-3xl lg:max-w-[40rem] xl:max-w-[48rem]\">\n<div class=\"group\/conversation-turn relative flex w-full min-w-0 flex-col agent-turn\">\n<div class=\"flex-col gap-1 md:gap-3\">\n<div class=\"flex max-w-full flex-col flex-grow\">\n<div class=\"min-h-8 text-message flex w-full flex-col items-end gap-2 whitespace-normal break-words [.text-message+&amp;]:mt-5\" dir=\"auto\" data-message-author-role=\"assistant\" data-message-id=\"2f1985a1-38a8-441c-a356-ef2248e23e98\" data-message-model-slug=\"gpt-4o\">\n<div class=\"flex w-full flex-col gap-1 empty:hidden first:pt-[3px]\">\n<div class=\"markdown prose w-full break-words dark:prose-invert dark\">\n<p><strong><a class=\"dt-pswp-item\" href=\"https:\/\/www.radiopiu.net\/wordpress\/wp-content\/uploads\/2024\/11\/4-foto.jpg\" data-dt-img-description=\"\" data-large_image_width=\"1410\" data-large_image_height=\"1267\"><img loading=\"lazy\" decoding=\"async\" class=\"wp-image-419353 alignleft\" src=\"https:\/\/www.radiopiu.net\/wordpress\/wp-content\/uploads\/2024\/11\/4-foto-300x270.jpg\" alt=\"\" width=\"157\" height=\"141\" srcset=\"https:\/\/www.radiopiu.net\/wordpress\/wp-content\/uploads\/2024\/11\/4-foto-300x270.jpg 300w, https:\/\/www.radiopiu.net\/wordpress\/wp-content\/uploads\/2024\/11\/4-foto-1024x920.jpg 1024w, https:\/\/www.radiopiu.net\/wordpress\/wp-content\/uploads\/2024\/11\/4-foto-768x690.jpg 768w, https:\/\/www.radiopiu.net\/wordpress\/wp-content\/uploads\/2024\/11\/4-foto.jpg 1410w\" sizes=\"auto, (max-width: 157px) 100vw, 157px\" \/><\/a>PONTE NELLE ALPI<\/strong> Sabato 30 novembre, il Piccolo Teatro Pierobon ospiter\u00e0 un concerto in ricordo di Igor Roldo, scomparso un anno fa. Organizzato da WR Events e Comitato Pollicino, l&#8217;evento celebra la memoria di Roldo, 58 anni, noto dirigente del San Giorgio Calcio e ideatore del Festival musicale di Pian dei Castaldi. Considerato un talent scout, Roldo ha sempre supportato nuove formazioni musicali, promuovendo eventi per finanziare progetti solidali del Comitato Pollicino, dedicato ai bambini bisognosi di Petrosani, Romania. La serata sar\u00e0 animata dall\u2019Uncle Frank Project, composto da Franco De Poli, Alberto Mambrini, Andrea Cuzzuol e Mauro De Luca, noti per i loro concerti a scopo benefico. Sul palco, il quartetto racconter\u00e0 l\u2019evoluzione della chitarra attraverso diversi stili musicali, mostrando come questo strumento rimanga centrale nel sound moderno. Il concerto \u00e8 patrocinato dal Comune di Ponte nelle Alpi e prevede ingresso a offerta libera. Tutto il ricavato andr\u00e0 al Comitato Pollicino, proseguendo l\u2019impegno di Roldo nel coniugare musica e solidariet\u00e0.<\/p>\n<\/div>\n<\/div>\n<\/div>\n<\/div>\n<\/div>\n<\/div>\n<\/div>\n<\/div>\n<\/article>\n<\/div>\n<\/div>\n<\/div>\n<\/div>\n<\/div>\n<p>&nbsp;<\/p>\n<p>&nbsp;<\/p>\n<hr \/>\n<p>&nbsp;<\/p>\n<blockquote>\n<h3>SABATO E DOMENICA AL CINEMA DOLOMITI DI FALCADE &#8220;IL CAMPO DI BATTAGLIA&#8221;<\/h3>\n<\/blockquote>\n<p><strong><a class=\"dt-pswp-item\" href=\"https:\/\/www.radiopiu.net\/wordpress\/wp-content\/uploads\/2024\/11\/il-campo-di-battaglia.jpg\" data-dt-img-description=\"\" data-large_image_width=\"420\" data-large_image_height=\"600\"><img loading=\"lazy\" decoding=\"async\" class=\" wp-image-421687 alignleft\" src=\"https:\/\/www.radiopiu.net\/wordpress\/wp-content\/uploads\/2024\/11\/il-campo-di-battaglia-210x300.jpg\" alt=\"\" width=\"136\" height=\"195\" srcset=\"https:\/\/www.radiopiu.net\/wordpress\/wp-content\/uploads\/2024\/11\/il-campo-di-battaglia-210x300.jpg 210w, https:\/\/www.radiopiu.net\/wordpress\/wp-content\/uploads\/2024\/11\/il-campo-di-battaglia.jpg 420w\" sizes=\"auto, (max-width: 136px) 100vw, 136px\" \/><\/a>REDAZIONE<\/strong> Sar\u00e0 in programmazione sabato e domenica al Cinema Doloomiti di Falcade il film &#8220;Il Campo Di Battaglia&#8221;. Durante la Prima Guerra Mondiale, Stefano e Giulio, amici d\u2019infanzia e ufficiali medici in un ospedale militare al fronte, sono uniti da un passato comune ma divisi da scelte che mettono alla prova la loro amicizia. L\u2019amore per la stessa donna, Elena, una giovane infermiera dell\u2019ospedale, accresce le tensioni tra loro. Tuttavia, il vero scontro emerge quando Stefano scopre che Giulio, spinto da una visione umanitaria ma contraria ai codici militari, peggiora deliberatamente le condizioni dei soldati gravemente feriti per impedire il loro ritorno in trincea. Questo atto, nato dalla piet\u00e0, pone i due di fronte a una scelta devastante: rispettare il giuramento di medici o ribellarsi a un sistema che li trasforma in complici di una carneficina. Tra ideali, senso del dovere e colpa, le vite dei due uomini e di Elena si intrecciano in un crescendo di sacrifici e decisioni irreparabili.\u00a0<strong>Spettacoli alle 21, domenica anche alle 15:30<\/strong><\/p>\n<p><strong>LA PRESENTAZIONE A CURA DI PAOLA LANCIATO<\/strong><\/p>\n<audio class=\"wp-audio-shortcode\" id=\"audio-421680-26\" preload=\"none\" style=\"width: 100%;\" controls=\"controls\"><source type=\"audio\/mpeg\" src=\"https:\/\/www.radiopiu.net\/wordpress\/wp-content\/uploads\/2024\/11\/CAMPO-DI-BATTAGLIA.mp3?_=26\" \/><a href=\"https:\/\/www.radiopiu.net\/wordpress\/wp-content\/uploads\/2024\/11\/CAMPO-DI-BATTAGLIA.mp3\">https:\/\/www.radiopiu.net\/wordpress\/wp-content\/uploads\/2024\/11\/CAMPO-DI-BATTAGLIA.mp3<\/a><\/audio>\n<p>&nbsp;<\/p>\n<hr \/>\n<p>&nbsp;<\/p>\n<h2><span style=\"color: #ff0000;\"><a class=\"dt-pswp-item\" href=\"https:\/\/www.radiopiu.net\/wordpress\/wp-content\/uploads\/2018\/09\/appuntamenti.jpeg\" data-dt-img-description=\"\" data-large_image_width=\"800\" data-large_image_height=\"100\"><img loading=\"lazy\" decoding=\"async\" class=\"wp-image-61958 size-full aligncenter\" src=\"https:\/\/www.radiopiu.net\/wordpress\/wp-content\/uploads\/2018\/09\/appuntamenti.jpeg\" alt=\"\" width=\"800\" height=\"100\" srcset=\"https:\/\/www.radiopiu.net\/wordpress\/wp-content\/uploads\/2018\/09\/appuntamenti.jpeg 800w, https:\/\/www.radiopiu.net\/wordpress\/wp-content\/uploads\/2018\/09\/appuntamenti-300x38.jpeg 300w, https:\/\/www.radiopiu.net\/wordpress\/wp-content\/uploads\/2018\/09\/appuntamenti-768x96.jpeg 768w\" sizes=\"auto, (max-width: 800px) 100vw, 800px\" \/><\/a><\/span><\/h2>\n<p>&nbsp;<\/p>\n<div style=\"width: 1200px;\" class=\"wp-video\"><video class=\"wp-video-shortcode\" id=\"video-421680-1\" width=\"1200\" height=\"675\" preload=\"metadata\" controls=\"controls\"><source type=\"video\/mp4\" src=\"https:\/\/www.radiopiu.net\/wordpress\/wp-content\/uploads\/2024\/10\/WhatsApp-Video-2024-10-23-at-00.12.10.mp4?_=1\" \/><a href=\"https:\/\/www.radiopiu.net\/wordpress\/wp-content\/uploads\/2024\/10\/WhatsApp-Video-2024-10-23-at-00.12.10.mp4\">https:\/\/www.radiopiu.net\/wordpress\/wp-content\/uploads\/2024\/10\/WhatsApp-Video-2024-10-23-at-00.12.10.mp4<\/a><\/video><\/div>\n<p><strong>\u00a0<\/strong><\/p>\n<p><strong>SABATO E DOMENICA AL CINEMA DOLOMITI DI FALCADE IL FILM &#8220;CAMPO DI BATTAGLIA&#8221; SPETTACOLI ALLE 21, DOMENICA ANCHE ALLE 15:30<\/strong><\/p>\n<div class=\"flex-shrink-0 flex flex-col relative items-end\">\n<div class=\"pt-0\">\n<div class=\"gizmo-bot-avatar flex h-8 w-8 items-center justify-center overflow-hidden rounded-full\">\n<p class=\"relative p-1 rounded-sm flex items-center justify-center bg-token-main-surface-primary text-token-text-primary h-8 w-8\"><strong>CANALE D&#8217;AGORDO <\/strong>Jazzercise \u00e8 un allenamento ad alta intensit\u00e0 che combina danza, pilates, yoga e kickboxing, adatto a tutti i livelli di fitness. \u00c8 efficace per tonificare i muscoli, migliorare la postura e ottenere un fisico snello. Nell&#8217;Agordino, le lezioni si tengono a Canale d&#8217;Agordo, nella sala ex emigranti di via Lotta, il luned\u00ec dalle 18:15 alle 19:15 e il mercoled\u00ec dalle 18:30 alle 19:30. L&#8217;istruttrice certificata RaLuca ti aspetta per un allenamento coinvolgente al ritmo di musica attuale. Per informazioni: 347 9295478<\/p>\n<\/div>\n<\/div>\n<\/div>\n<p><strong>FALCADE<\/strong> Le cena della classe 1974 dei coscritti dell&#8217;<strong>Agordino<\/strong> si terr\u00e0\u00a0 sabato 30 novembre\u00a0 a Falcade, Hotel Stella Alpina. La cena e&#8217; aperta ai nati nel 1974 nei 16 comuni dell&#8217;Agordino, e sara&#8217; un&#8217;occasione di ritrovo,\u00a0 dopo tanto tempo e festeggiare il mezzo secolo.Info\u00a0 3478120853<\/p>\n<p><strong>BELLUNO <\/strong>Sabato 7 dicembre 2024 alle ore 17:30 in Sala Teatro al Giovanni 23mo di piazza Piloni a Belluno, l\u2019Associazione Liberal presieduta da Rosalba Schenal, invita a partecipare alla conferenza sul fallito attentato a Enrico Berlinguer. A 40 anni dalla morte del leader politico del Partito Comunista, l\u2019inchiesta rivela il piano dei servizi segreti bulgari e sovietici per uccidere Berlinguer, che con Aldo Moro aveva ipotizzato il compromesso storico e la via italiana al socialismo. Relatore della serata: Giovanni Fasanella, giornalista e scrittore, conduce: Franco Tosolini, ricercatore storico<\/p>\n<p><strong>CENCENIGHE\u00a0 <\/strong>SABATO 30 NOVEMBRE, DOMENICA 1 DICEMBRE A CENCENIGHE LA FESTA DI SANT&#8217;ANDREA CON PROLOCO E COMUNE.<br \/>\nAL NOF FILO&#8217; SABATO MERCATINO DELL&#8217;ARTIGIANATO DALLE 9 ALLE 19, SERVIZIO BAR E POSSIBILIT\u00e0 DI PRANZO CON PRODOTTI TIPICI. DALLE 16.30 SPETTACOLO DEL GRUPPO I BATI ORZ DA SAN TOMAS E APERITIVO DEI MAGNA MUS CON DJ JACK DOMENICA 1 DICEMBRE DALLE 10 ALLE 16 GIRI IN PONY E CAVALLO PER BAMBINI E RAGAZZI ESPOSIZIONE ANIMALI, DIMOSTRAZIONE DI SCULTURA CON LA MOTOSEGA E ALLE 16 IN SALA CONSILIARE DOLCE E SALATO, SPETTACOLO DI BURATTINI DDI SERGHEI FULLIN. CON GLI ALPINI VIN BRULE&#8217; E CALDARROSTE FIERA DI SANT&#8217;ANDREA DI CENCENIGHE SABATO 30 NOVEMBRE E DOMENICA 1 DICEMBRE CON IL CONTRIBUTO DI BIM COMUNI MONTANI<\/p>\n<p>&nbsp;<\/p>\n<div>\n<div class=\"\" dir=\"auto\">\n<div id=\":r9h:\" class=\"x1iorvi4 x1pi30zi x1l90r2v x1swvt13\" data-ad-comet-preview=\"message\" data-ad-preview=\"message\">\n\n\t\t\t<style type='text\/css'>\n\t\t\t\t#gallery-9 {\n\t\t\t\t\tmargin: auto;\n\t\t\t\t}\n\t\t\t\t#gallery-9 .gallery-item {\n\t\t\t\t\tfloat: left;\n\t\t\t\t\tmargin-top: 10px;\n\t\t\t\t\ttext-align: center;\n\t\t\t\t\twidth: 25%;\n\t\t\t\t}\n\t\t\t\t#gallery-9 img {\n\t\t\t\t\tborder: 2px solid #cfcfcf;\n\t\t\t\t}\n\t\t\t\t#gallery-9 .gallery-caption {\n\t\t\t\t\tmargin-left: 0;\n\t\t\t\t}\n\t\t\t\t\/* see gallery_shortcode() in wp-includes\/media.php *\/\n\t\t\t<\/style>\n\t\t<div id='gallery-9' class='dt-gallery-container gallery galleryid-421680 gallery-columns-4 gallery-size-thumbnail'><dl class='gallery-item'>\n\t\t\t\t<dt class='gallery-icon portrait'>\n\t\t\t\t\t<a class=\"rollover rollover-zoom dt-pswp-item\" title=\"4448afab-7b66-4760-8c53-e411b845306d\" data-dt-img-description=\"\" data-large_image_width=\"1144\" data-large_image_height=\"1600\"href='https:\/\/www.radiopiu.net\/wordpress\/wp-content\/uploads\/2024\/11\/4448afab-7b66-4760-8c53-e411b845306d.jpg'><img loading=\"lazy\" decoding=\"async\" width=\"150\" height=\"150\" src=\"https:\/\/www.radiopiu.net\/wordpress\/wp-content\/uploads\/2024\/11\/4448afab-7b66-4760-8c53-e411b845306d-150x150.jpg\" class=\"attachment-thumbnail size-thumbnail\" alt=\"\" aria-describedby=\"gallery-9-419621\" \/><\/a>\n\t\t\t\t<\/dt>\n\t\t\t\t\t<dd class='wp-caption-text gallery-caption' id='gallery-9-419621'>\n\t\t\t\t\tIL FINE SETTIMANA A CAVIOLA\n\t\t\t\t\t<\/dd><\/dl><dl class='gallery-item'>\n\t\t\t\t<dt class='gallery-icon portrait'>\n\t\t\t\t\t<a class=\"rollover rollover-zoom dt-pswp-item\" title=\"Locandina Sant&#039;Andrea nuova\" data-dt-img-description=\"\" data-large_image_width=\"1890\" data-large_image_height=\"2646\"href='https:\/\/www.radiopiu.net\/wordpress\/wp-content\/uploads\/2024\/11\/Locandina-SantAndrea-nuova.png'><img loading=\"lazy\" decoding=\"async\" width=\"150\" height=\"150\" src=\"https:\/\/www.radiopiu.net\/wordpress\/wp-content\/uploads\/2024\/11\/Locandina-SantAndrea-nuova-150x150.png\" class=\"attachment-thumbnail size-thumbnail\" alt=\"\" \/><\/a>\n\t\t\t\t<\/dt><\/dl><dl class='gallery-item'>\n\t\t\t\t<dt class='gallery-icon portrait'>\n\t\t\t\t\t<a class=\"rollover rollover-zoom dt-pswp-item\" title=\"formula_3_loc\" data-dt-img-description=\"\" data-large_image_width=\"600\" data-large_image_height=\"821\"href='https:\/\/www.radiopiu.net\/wordpress\/wp-content\/uploads\/2024\/11\/formula_3_loc.jpg'><img loading=\"lazy\" decoding=\"async\" width=\"150\" height=\"150\" src=\"https:\/\/www.radiopiu.net\/wordpress\/wp-content\/uploads\/2024\/11\/formula_3_loc-150x150.jpg\" class=\"attachment-thumbnail size-thumbnail\" alt=\"\" aria-describedby=\"gallery-9-419609\" \/><\/a>\n\t\t\t\t<\/dt>\n\t\t\t\t\t<dd class='wp-caption-text gallery-caption' id='gallery-9-419609'>\n\t\t\t\t\tI FORMULA 3 A BELLUNO\n\t\t\t\t\t<\/dd><\/dl><dl class='gallery-item'>\n\t\t\t\t<dt class='gallery-icon portrait'>\n\t\t\t\t\t<a class=\"rollover rollover-zoom dt-pswp-item\" title=\"Ciao Igor copia\" data-dt-img-description=\"\" data-large_image_width=\"453\" data-large_image_height=\"640\"href='https:\/\/www.radiopiu.net\/wordpress\/wp-content\/uploads\/2024\/11\/Ciao-Igor-copia.jpeg'><img loading=\"lazy\" decoding=\"async\" width=\"150\" height=\"150\" src=\"https:\/\/www.radiopiu.net\/wordpress\/wp-content\/uploads\/2024\/11\/Ciao-Igor-copia-150x150.jpeg\" class=\"attachment-thumbnail size-thumbnail\" alt=\"\" aria-describedby=\"gallery-9-419352\" \/><\/a>\n\t\t\t\t<\/dt>\n\t\t\t\t\t<dd class='wp-caption-text gallery-caption' id='gallery-9-419352'>\n\t\t\t\t\tIN MEMORIA DI IGOR\n\t\t\t\t\t<\/dd><\/dl><br style=\"clear: both\" \/><dl class='gallery-item'>\n\t\t\t\t<dt class='gallery-icon portrait'>\n\t\t\t\t\t<a class=\"rollover rollover-zoom dt-pswp-item\" title=\"manifesto serate invernali\" data-dt-img-description=\"\" data-large_image_width=\"1683\" data-large_image_height=\"2383\"href='https:\/\/www.radiopiu.net\/wordpress\/wp-content\/uploads\/2024\/11\/manifesto-serate-invernali.jpg'><img loading=\"lazy\" decoding=\"async\" width=\"150\" height=\"150\" src=\"https:\/\/www.radiopiu.net\/wordpress\/wp-content\/uploads\/2024\/11\/manifesto-serate-invernali-150x150.jpg\" class=\"attachment-thumbnail size-thumbnail\" alt=\"\" aria-describedby=\"gallery-9-418816\" \/><\/a>\n\t\t\t\t<\/dt>\n\t\t\t\t\t<dd class='wp-caption-text gallery-caption' id='gallery-9-418816'>\n\t\t\t\t\t21 FEBBRAIO\n\t\t\t\t\t<\/dd><\/dl><dl class='gallery-item'>\n\t\t\t\t<dt class='gallery-icon portrait'>\n\t\t\t\t\t<a class=\"rollover rollover-zoom dt-pswp-item\" title=\"76cccd40-0603-419e-97ce-c76a73bfea49\" data-dt-img-description=\"\" data-large_image_width=\"1131\" data-large_image_height=\"1600\"href='https:\/\/www.radiopiu.net\/wordpress\/wp-content\/uploads\/2024\/11\/76cccd40-0603-419e-97ce-c76a73bfea49.jpg'><img loading=\"lazy\" decoding=\"async\" width=\"150\" height=\"150\" src=\"https:\/\/www.radiopiu.net\/wordpress\/wp-content\/uploads\/2024\/11\/76cccd40-0603-419e-97ce-c76a73bfea49-150x150.jpg\" class=\"attachment-thumbnail size-thumbnail\" alt=\"\" \/><\/a>\n\t\t\t\t<\/dt><\/dl><dl class='gallery-item'>\n\t\t\t\t<dt class='gallery-icon landscape'>\n\t\t\t\t\t<a class=\"rollover rollover-zoom dt-pswp-item\" title=\"0abbc826-bb45-4385-b009-d3e07ffc47d6\" data-dt-img-description=\"\" data-large_image_width=\"1080\" data-large_image_height=\"1080\"href='https:\/\/www.radiopiu.net\/wordpress\/wp-content\/uploads\/2024\/11\/0abbc826-bb45-4385-b009-d3e07ffc47d6.jpg'><img loading=\"lazy\" decoding=\"async\" width=\"150\" height=\"150\" src=\"https:\/\/www.radiopiu.net\/wordpress\/wp-content\/uploads\/2024\/11\/0abbc826-bb45-4385-b009-d3e07ffc47d6-150x150.jpg\" class=\"attachment-thumbnail size-thumbnail\" alt=\"\" aria-describedby=\"gallery-9-420917\" srcset=\"https:\/\/www.radiopiu.net\/wordpress\/wp-content\/uploads\/2024\/11\/0abbc826-bb45-4385-b009-d3e07ffc47d6-150x150.jpg 150w, https:\/\/www.radiopiu.net\/wordpress\/wp-content\/uploads\/2024\/11\/0abbc826-bb45-4385-b009-d3e07ffc47d6-300x300.jpg 300w, https:\/\/www.radiopiu.net\/wordpress\/wp-content\/uploads\/2024\/11\/0abbc826-bb45-4385-b009-d3e07ffc47d6-1024x1024.jpg 1024w, https:\/\/www.radiopiu.net\/wordpress\/wp-content\/uploads\/2024\/11\/0abbc826-bb45-4385-b009-d3e07ffc47d6-768x768.jpg 768w, https:\/\/www.radiopiu.net\/wordpress\/wp-content\/uploads\/2024\/11\/0abbc826-bb45-4385-b009-d3e07ffc47d6.jpg 1080w\" sizes=\"auto, (max-width: 150px) 100vw, 150px\" \/><\/a>\n\t\t\t\t<\/dt>\n\t\t\t\t\t<dd class='wp-caption-text gallery-caption' id='gallery-9-420917'>\n\t\t\t\t\ta taibon il 28\n\t\t\t\t\t<\/dd><\/dl><dl class='gallery-item'>\n\t\t\t\t<dt class='gallery-icon portrait'>\n\t\t\t\t\t<a class=\"rollover rollover-zoom dt-pswp-item\" title=\"3b619ed3-7b41-4743-902b-03a8621cd61a\" data-dt-img-description=\"\" data-large_image_width=\"1131\" data-large_image_height=\"1600\"href='https:\/\/www.radiopiu.net\/wordpress\/wp-content\/uploads\/2024\/11\/3b619ed3-7b41-4743-902b-03a8621cd61a.jpg'><img loading=\"lazy\" decoding=\"async\" width=\"150\" height=\"150\" src=\"https:\/\/www.radiopiu.net\/wordpress\/wp-content\/uploads\/2024\/11\/3b619ed3-7b41-4743-902b-03a8621cd61a-150x150.jpg\" class=\"attachment-thumbnail size-thumbnail\" alt=\"\" aria-describedby=\"gallery-9-421299\" \/><\/a>\n\t\t\t\t<\/dt>\n\t\t\t\t\t<dd class='wp-caption-text gallery-caption' id='gallery-9-421299'>\n\t\t\t\t\tAL DE TONI DI ALLEGHE\n\t\t\t\t\t<\/dd><\/dl><br style=\"clear: both\" \/><dl class='gallery-item'>\n\t\t\t\t<dt class='gallery-icon portrait'>\n\t\t\t\t\t<a class=\"rollover rollover-zoom dt-pswp-item\" title=\"locandina Insieme e\u0300 piu\u0300 bello\" data-dt-img-description=\"\" data-large_image_width=\"1131\" data-large_image_height=\"1600\"href='https:\/\/www.radiopiu.net\/wordpress\/wp-content\/uploads\/2024\/11\/locandina-Insieme-e-piu-bello.jpg'><img loading=\"lazy\" decoding=\"async\" width=\"150\" height=\"150\" src=\"https:\/\/www.radiopiu.net\/wordpress\/wp-content\/uploads\/2024\/11\/locandina-Insieme-e-piu-bello-150x150.jpg\" class=\"attachment-thumbnail size-thumbnail\" alt=\"\" aria-describedby=\"gallery-9-421314\" \/><\/a>\n\t\t\t\t<\/dt>\n\t\t\t\t\t<dd class='wp-caption-text gallery-caption' id='gallery-9-421314'>\n\t\t\t\t\tINSIEME A SAN GREGORIO\n\t\t\t\t\t<\/dd><\/dl><dl class='gallery-item'>\n\t\t\t\t<dt class='gallery-icon portrait'>\n\t\t\t\t\t<a class=\"rollover rollover-zoom dt-pswp-item\" title=\"e2b0f656-3cd2-4af9-94d6-f6798e4192aa\" data-dt-img-description=\"\" data-large_image_width=\"631\" data-large_image_height=\"969\"href='https:\/\/www.radiopiu.net\/wordpress\/wp-content\/uploads\/2024\/11\/e2b0f656-3cd2-4af9-94d6-f6798e4192aa.jpg'><img loading=\"lazy\" decoding=\"async\" width=\"150\" height=\"150\" src=\"https:\/\/www.radiopiu.net\/wordpress\/wp-content\/uploads\/2024\/11\/e2b0f656-3cd2-4af9-94d6-f6798e4192aa-150x150.jpg\" class=\"attachment-thumbnail size-thumbnail\" alt=\"\" aria-describedby=\"gallery-9-421410\" \/><\/a>\n\t\t\t\t<\/dt>\n\t\t\t\t\t<dd class='wp-caption-text gallery-caption' id='gallery-9-421410'>\n\t\t\t\t\t30 NOVEMBRE AL SOLITO POSTO\n\t\t\t\t\t<\/dd><\/dl><dl class='gallery-item'>\n\t\t\t\t<dt class='gallery-icon portrait'>\n\t\t\t\t\t<a class=\"rollover rollover-zoom dt-pswp-item\" title=\"Senza nome\" data-dt-img-description=\"\" data-large_image_width=\"609\" data-large_image_height=\"690\"href='https:\/\/www.radiopiu.net\/wordpress\/wp-content\/uploads\/2024\/11\/Senza-nome-105.png'><img loading=\"lazy\" decoding=\"async\" width=\"150\" height=\"150\" src=\"https:\/\/www.radiopiu.net\/wordpress\/wp-content\/uploads\/2024\/11\/Senza-nome-105-150x150.png\" class=\"attachment-thumbnail size-thumbnail\" alt=\"\" aria-describedby=\"gallery-9-421384\" \/><\/a>\n\t\t\t\t<\/dt>\n\t\t\t\t\t<dd class='wp-caption-text gallery-caption' id='gallery-9-421384'>\n\t\t\t\t\tGRUPPO SPORTIVO TAIBON\n\t\t\t\t\t<\/dd><\/dl><dl class='gallery-item'>\n\t\t\t\t<dt class='gallery-icon portrait'>\n\t\t\t\t\t<a class=\"rollover rollover-zoom dt-pswp-item\" title=\"locandina definitiva quarantennale Biblioteca Limana\" data-dt-img-description=\"\" data-large_image_width=\"1240\" data-large_image_height=\"1754\"href='https:\/\/www.radiopiu.net\/wordpress\/wp-content\/uploads\/2024\/11\/locandina-definitiva-quarantennale-Biblioteca-Limana.jpg'><img loading=\"lazy\" decoding=\"async\" width=\"150\" height=\"150\" src=\"https:\/\/www.radiopiu.net\/wordpress\/wp-content\/uploads\/2024\/11\/locandina-definitiva-quarantennale-Biblioteca-Limana-150x150.jpg\" class=\"attachment-thumbnail size-thumbnail\" alt=\"\" aria-describedby=\"gallery-9-421652\" \/><\/a>\n\t\t\t\t<\/dt>\n\t\t\t\t\t<dd class='wp-caption-text gallery-caption' id='gallery-9-421652'>\n\t\t\t\t\t40 DELLA BIBLIOTECA DI LIMANA\n\t\t\t\t\t<\/dd><\/dl><br style=\"clear: both\" \/><dl class='gallery-item'>\n\t\t\t\t<dt class='gallery-icon portrait'>\n\t\t\t\t\t<a class=\"rollover rollover-zoom dt-pswp-item\" title=\"3d154f78-508e-424c-8391-429179726fb7\" data-dt-img-description=\"\" data-large_image_width=\"900\" data-large_image_height=\"1600\"href='https:\/\/www.radiopiu.net\/wordpress\/wp-content\/uploads\/2024\/11\/3d154f78-508e-424c-8391-429179726fb7.jpg'><img loading=\"lazy\" decoding=\"async\" width=\"150\" height=\"150\" src=\"https:\/\/www.radiopiu.net\/wordpress\/wp-content\/uploads\/2024\/11\/3d154f78-508e-424c-8391-429179726fb7-150x150.jpg\" class=\"attachment-thumbnail size-thumbnail\" alt=\"\" aria-describedby=\"gallery-9-421672\" \/><\/a>\n\t\t\t\t<\/dt>\n\t\t\t\t\t<dd class='wp-caption-text gallery-caption' id='gallery-9-421672'>\n\t\t\t\t\tUN DIALOGO SUI DIRITTI\n\t\t\t\t\t<\/dd><\/dl><dl class='gallery-item'>\n\t\t\t\t<dt class='gallery-icon portrait'>\n\t\t\t\t\t<a class=\"rollover rollover-zoom dt-pswp-item\" title=\"locandina Fiume evento 7 dicembre con patrocinio 2024\" data-dt-img-description=\"\" data-large_image_width=\"1447\" data-large_image_height=\"2048\"href='https:\/\/www.radiopiu.net\/wordpress\/wp-content\/uploads\/2024\/11\/locandina-Fiume-evento-7-dicembre-con-patrocinio-2024.jpg'><img loading=\"lazy\" decoding=\"async\" width=\"150\" height=\"150\" src=\"https:\/\/www.radiopiu.net\/wordpress\/wp-content\/uploads\/2024\/11\/locandina-Fiume-evento-7-dicembre-con-patrocinio-2024-150x150.jpg\" class=\"attachment-thumbnail size-thumbnail\" alt=\"\" aria-describedby=\"gallery-9-421673\" \/><\/a>\n\t\t\t\t<\/dt>\n\t\t\t\t\t<dd class='wp-caption-text gallery-caption' id='gallery-9-421673'>\n\t\t\t\t\tALLA TERRA DEI PADRI\n\t\t\t\t\t<\/dd><\/dl><dl class='gallery-item'>\n\t\t\t\t<dt class='gallery-icon landscape'>\n\t\t\t\t\t<a class=\"rollover rollover-zoom dt-pswp-item\" title=\"5222307d-2a5b-4e95-9c64-cef5056dd3b3\" data-dt-img-description=\"\" data-large_image_width=\"1280\" data-large_image_height=\"904\"href='https:\/\/www.radiopiu.net\/wordpress\/wp-content\/uploads\/2024\/11\/5222307d-2a5b-4e95-9c64-cef5056dd3b3.jpg'><img loading=\"lazy\" decoding=\"async\" width=\"150\" height=\"150\" src=\"https:\/\/www.radiopiu.net\/wordpress\/wp-content\/uploads\/2024\/11\/5222307d-2a5b-4e95-9c64-cef5056dd3b3-150x150.jpg\" class=\"attachment-thumbnail size-thumbnail\" alt=\"\" aria-describedby=\"gallery-9-421843\" \/><\/a>\n\t\t\t\t<\/dt>\n\t\t\t\t\t<dd class='wp-caption-text gallery-caption' id='gallery-9-421843'>\n\t\t\t\t\t7 dicembre VOLTAGO\n\t\t\t\t\t<\/dd><\/dl><dl class='gallery-item'>\n\t\t\t\t<dt class='gallery-icon portrait'>\n\t\t\t\t\t<a class=\"rollover rollover-zoom dt-pswp-item\" title=\"d4fb604f-eed2-4b1b-be25-688606083ee7\" data-dt-img-description=\"\" data-large_image_width=\"750\" data-large_image_height=\"1103\"href='https:\/\/www.radiopiu.net\/wordpress\/wp-content\/uploads\/2024\/11\/d4fb604f-eed2-4b1b-be25-688606083ee7.jpg'><img loading=\"lazy\" decoding=\"async\" width=\"150\" height=\"150\" src=\"https:\/\/www.radiopiu.net\/wordpress\/wp-content\/uploads\/2024\/11\/d4fb604f-eed2-4b1b-be25-688606083ee7-150x150.jpg\" class=\"attachment-thumbnail size-thumbnail\" alt=\"\" aria-describedby=\"gallery-9-421867\" \/><\/a>\n\t\t\t\t<\/dt>\n\t\t\t\t\t<dd class='wp-caption-text gallery-caption' id='gallery-9-421867'>\n\t\t\t\t\tSABATO A BELLUNO\n\t\t\t\t\t<\/dd><\/dl><br style=\"clear: both\" \/><dl class='gallery-item'>\n\t\t\t\t<dt class='gallery-icon portrait'>\n\t\t\t\t\t<a class=\"rollover rollover-zoom dt-pswp-item\" title=\"468360033_3309476755849288_2865659872684533364_n\" data-dt-img-description=\"\" data-large_image_width=\"526\" data-large_image_height=\"699\"href='https:\/\/www.radiopiu.net\/wordpress\/wp-content\/uploads\/2024\/11\/468360033_3309476755849288_2865659872684533364_n.jpg'><img loading=\"lazy\" decoding=\"async\" width=\"150\" height=\"150\" src=\"https:\/\/www.radiopiu.net\/wordpress\/wp-content\/uploads\/2024\/11\/468360033_3309476755849288_2865659872684533364_n-150x150.jpg\" class=\"attachment-thumbnail size-thumbnail\" alt=\"\" aria-describedby=\"gallery-9-421865\" \/><\/a>\n\t\t\t\t<\/dt>\n\t\t\t\t\t<dd class='wp-caption-text gallery-caption' id='gallery-9-421865'>\n\t\t\t\t\t7 DICEMBRE ZOLDO\n\t\t\t\t\t<\/dd><\/dl><dl class='gallery-item'>\n\t\t\t\t<dt class='gallery-icon portrait'>\n\t\t\t\t\t<a class=\"rollover rollover-zoom dt-pswp-item\" title=\"541f118a-8f00-44dd-91dd-13dcb4ddbd0d\" data-dt-img-description=\"\" data-large_image_width=\"1280\" data-large_image_height=\"1600\"href='https:\/\/www.radiopiu.net\/wordpress\/wp-content\/uploads\/2024\/11\/541f118a-8f00-44dd-91dd-13dcb4ddbd0d.jpg'><img loading=\"lazy\" decoding=\"async\" width=\"150\" height=\"150\" src=\"https:\/\/www.radiopiu.net\/wordpress\/wp-content\/uploads\/2024\/11\/541f118a-8f00-44dd-91dd-13dcb4ddbd0d-150x150.jpg\" class=\"attachment-thumbnail size-thumbnail\" alt=\"\" aria-describedby=\"gallery-9-421808\" \/><\/a>\n\t\t\t\t<\/dt>\n\t\t\t\t\t<dd class='wp-caption-text gallery-caption' id='gallery-9-421808'>\n\t\t\t\t\t6 DICEMBRE AGORDO\n\t\t\t\t\t<\/dd><\/dl>\n\t\t\t\t<br style='clear: both' \/>\n\t\t\t<\/div>\n\n<\/div>\n<\/div>\n<\/div>\n<p>&nbsp;<\/p>\n<p>&nbsp;<\/p>\n<div>\n<div class=\"\" dir=\"auto\">\n<div id=\":r9h:\" class=\"x1iorvi4 x1pi30zi x1l90r2v x1swvt13\" data-ad-comet-preview=\"message\" data-ad-preview=\"message\"><\/div>\n<\/div>\n<\/div>\n<p>&nbsp;<\/p>\n<hr \/>\n<p>&nbsp;<\/p>\n<p class=\"mceTemp\"><a class=\"dt-pswp-item\" href=\"https:\/\/www.radiopiu.net\/wordpress\/wp-content\/uploads\/2018\/09\/WhatsApp-Image-2018-09-20-at-16.04.06.jpeg\" data-dt-img-description=\"\" data-large_image_width=\"800\" data-large_image_height=\"100\"><img loading=\"lazy\" decoding=\"async\" class=\"wp-image-61378 size-full aligncenter\" src=\"https:\/\/www.radiopiu.net\/wordpress\/wp-content\/uploads\/2018\/09\/WhatsApp-Image-2018-09-20-at-16.04.06.jpeg\" alt=\"\" width=\"800\" height=\"100\" srcset=\"https:\/\/www.radiopiu.net\/wordpress\/wp-content\/uploads\/2018\/09\/WhatsApp-Image-2018-09-20-at-16.04.06.jpeg 800w, https:\/\/www.radiopiu.net\/wordpress\/wp-content\/uploads\/2018\/09\/WhatsApp-Image-2018-09-20-at-16.04.06-300x38.jpeg 300w, https:\/\/www.radiopiu.net\/wordpress\/wp-content\/uploads\/2018\/09\/WhatsApp-Image-2018-09-20-at-16.04.06-768x96.jpeg 768w\" sizes=\"auto, (max-width: 800px) 100vw, 800px\" \/><\/a><\/p>\n<p><center><\/center><center><\/center><center><b>\u00a0<\/b><\/center><center><b>OGGI<\/b><\/center>Tempo discreto al mattino con cielo velato da estese e sottili nubi alte sulle Dolomiti e parte delle Prealpi, mentre su queste ultime si potr\u00e0 avere anche nubi medie e locali stratocumuli. Al pomeriggio temporaneo aumento della nuvolosit\u00e0, specie sulle Dolomiti, dove qualche fenomeno burrascoso potr\u00e0 verificarsi, prima di rasserenamenti serali sempre pi\u00f9 generalizzati, assieme all&#8217;ingresso di forti correnti settentrionali.<br \/>\n<strong>Precipitazioni.<\/strong> Al mattino assenti; nel corso del pomeriggio, specie nel Bellunese, deboli precipitazioni sotto forma di neve burrascosa oltre i 1700-2000 m, mentre la pioggia potrebbe non cadere nelle valli per situazione di sottovento (0-10%). Sulle Prealpi occidentali il rischio fenomeni sar\u00e0 pressoch\u00e9 assenti<br \/>\n<strong>Temperature.<\/strong>\u00a0In generale diminuzione, eccetto temporaneo rialzo nel corso della prossima notte oltre i 1800-2000 m, quando saranno in realt\u00e0 le massime di gioved\u00ec, mentre caleranno sensibile oltre le stesse quote alla sera. In alcune valli potr\u00e0 andare diversament per Foehn serale<\/p>\n<hr \/>\n<p><center><b>DOMANI<\/b><\/center>Tempo stabile con cielo sereno e ritorno incontrastato del sole, sempre meno visibile nei settori ormai a lungo in ombra. Atmosfera nitida con favonio quasi generalizzato nelle valli, salvo poche eccezioni, mentre far\u00e0 pi\u00f9 freddo in quota, anche assai ventoso oltre i 1800-2200 m.<br \/>\n<strong>Precipitazioni.<\/strong> Assenti<br \/>\n<strong>Temperature.<\/strong> In generale ulteriore lieve diminuzione in quota, mentre l&#8217;andamento sar\u00e0 irregolare nelle valli, anche per improvvisi rialzi per episodi di Foehn.<\/p>\n<hr \/>\n<p><center><b>SABATO<\/b><\/center>Stupenda giornata tardo-autunnale con sole, cielo terso, aria limpida ed ottima visibilit\u00e0. Ulteriore calo delle temperature, salvo leggera ripresa delle massime alle quote pi\u00f9 alte; ridotta escursione termica nelle valli in ombra, dove l&#8217;inversione termica torner\u00e0 ad essere presente.<\/p>\n<hr \/>\n<p><center><b>DOMENICA<\/b><\/center>Persiste il tempo stabile tardo-autunnale con cielo sereno, aria limpida ed ottima visibilit\u00e0. Contenuto rialzo termico in quota e lieve nelle valli, con forte escursione termica diurna nelle valli pi\u00f9 assolate, mentre il contesto rimarr\u00e0 fresco in quelle in ombra, dove l&#8217;inversione termica si accentuer\u00e0 ulteriormente.<\/p>\n<p>&nbsp;<\/p>\n<hr \/>\n<p>&nbsp;<\/p>\n<p>&nbsp;<\/p>\n<p class=\"mceTemp\"><a class=\"dt-pswp-item\" href=\"https:\/\/www.radiopiu.net\/wordpress\/wp-content\/uploads\/2018\/09\/sport.jpg\" data-dt-img-description=\"\" data-large_image_width=\"800\" data-large_image_height=\"100\"><img loading=\"lazy\" decoding=\"async\" class=\"aligncenter wp-image-60761 size-full\" src=\"https:\/\/www.radiopiu.net\/wordpress\/wp-content\/uploads\/2018\/09\/sport.jpg\" alt=\"\" width=\"800\" height=\"100\" srcset=\"https:\/\/www.radiopiu.net\/wordpress\/wp-content\/uploads\/2018\/09\/sport.jpg 800w, https:\/\/www.radiopiu.net\/wordpress\/wp-content\/uploads\/2018\/09\/sport-300x38.jpg 300w, https:\/\/www.radiopiu.net\/wordpress\/wp-content\/uploads\/2018\/09\/sport-768x96.jpg 768w\" sizes=\"auto, (max-width: 800px) 100vw, 800px\" \/><\/a><span style=\"color: #0000ff;\"><strong>\u00a0 \u00a0 \u00a0 \u00a0 \u00a0 \u00a0 \u00a0\u00a0<\/strong><\/span><\/p>\n<p><span style=\"color: #0000ff;\"><strong>HOCKEY<br \/>\n<\/strong><\/span><\/p>\n<h3>AD ALLEGHE ARRIVANO I PIRATI DI APPIANO<\/h3>\n<p><strong><a class=\"dt-pswp-item\" href=\"https:\/\/www.radiopiu.net\/wordpress\/wp-content\/uploads\/2024\/11\/ca06b9b6-b6b2-4abb-a1e6-86aba148aa11.jpeg\" data-dt-img-description=\"\" data-large_image_width=\"940\" data-large_image_height=\"530\"><img loading=\"lazy\" decoding=\"async\" class=\"size-medium wp-image-421743 alignleft\" src=\"https:\/\/www.radiopiu.net\/wordpress\/wp-content\/uploads\/2024\/11\/ca06b9b6-b6b2-4abb-a1e6-86aba148aa11-300x169.jpeg\" alt=\"\" width=\"300\" height=\"169\" srcset=\"https:\/\/www.radiopiu.net\/wordpress\/wp-content\/uploads\/2024\/11\/ca06b9b6-b6b2-4abb-a1e6-86aba148aa11-300x169.jpeg 300w, https:\/\/www.radiopiu.net\/wordpress\/wp-content\/uploads\/2024\/11\/ca06b9b6-b6b2-4abb-a1e6-86aba148aa11-768x433.jpeg 768w, https:\/\/www.radiopiu.net\/wordpress\/wp-content\/uploads\/2024\/11\/ca06b9b6-b6b2-4abb-a1e6-86aba148aa11.jpeg 940w\" sizes=\"auto, (max-width: 300px) 100vw, 300px\" \/><\/a>DI ROBERTO MIANA, PORTAVOCE DELL\u2019ALLEGHE HOCKEY<\/strong><\/p>\n<p>Diciassettesima giornata del campionato IHL di hockey su ghiaccio. Gioved\u00ec 28 novembre alle 20:30 l\u2019Alleghe ospita l\u2019Appiano. Nell\u2019ultima gara, l\u2019Alleghe ha battuto il Pergine 5-4 all\u2019overtime, in una gara molto contestata riguardo le decisioni arbitrali. Nel primo tempo gli Agordini scendono sul ghiaccio contratti. Ne approfittano cos\u00ec gli ospiti portandosi in vantaggio al primo power play e raddoppiando subito dopo. Nel secondo periodo ci pensa Diego Iori, al suo esordio in maglia biancorossa, a pareggiare le sorti dell\u2019incontro con una doppietta, prima del nuovo vantaggio delle Linci. Ultimo drittel che vede i Biancorossi ribaltare meritatamente il risultato grazie a Marwin Martini e Giacomo Alessio, ma una contestatissima decisione arbitrare permette al Pergine di pareggiare e mandare la gara all\u2019overtime. Il supplementare sorride alle Civette che portano a casa due punti strameritati grazie alla rete di Aleksandrov. Alleghe che, dopo quattordici gare, \u00e8 ottavo in classifica con 20 punti, a sole due lunghezze dalla sesta posizione valevole per la partecipazione al Master Round. L\u2019Appiano, prossimo avversario dei Biancorossi, \u00e8 reduce dalla sconfitta 3-4 maturata un po\u2019 a sorpresa sul ghiaccio di Dobbiaco. Pirati che, nonostante la sconfitta, mantengono la quinta posizione in classifica con 24 punti in 15 gare. Pericolo pubblico numero uno nelle file dei Basso Atesini il canadese Chrystopher Collin, autore di 13 gol e 13 assist in 13 partite e giustiziere degli Agordini, con una doppietta, nella gara di andata. Venticinque i precedenti giocati in IHL tra Alleghe ed Appiano. Il bilancio vede la netta supremazia dei Pirati con 18 successi contro 7 delle Civette. Nel match di andata si sono imposti i gialloblu 2-1. L\u2019ultimo match in riva al lago, giocato il 7 marzo di quest\u2019anno e valevole per gara 3 playoff, ha visto l\u2019affermazione degli ospiti 3-0.<\/p>\n<p><strong>ALLEGHE HOCKEY &#8211; HC EPPAN APPIANO<\/strong><br \/>\nGioved\u00ec 28 Novembre ore 20:30 &#8211; Palaghiaccio Alvise De Toni di Alleghe (BL) Ingresso dalla gradinata laterale (lato torrente Zunaia) Arbitri: Cristiano Biacoli e Luca Zatta con giudici di linea Fabrizio De Toni e Gabriel Farkas Collegamenti in DIRETTA RADIOFONICA su Radio Pi\u00f9 (www.radiopiu.net) con \u201chockey al punto giusto\u201d, in studio Marco Gaz e da Alleghe interventi di Federico Paganin<\/p>\n<p>&nbsp;<\/p>\n<p>&nbsp;<\/p>\n<p>&nbsp;<\/p>\n<p>&nbsp;<\/p>\n","protected":false},"excerpt":{"rendered":"<p>***** LA\u00a0 APP PER IOS-IPHONE di Nicola Vettorello https:\/\/apps.apple.com\/it\/app\/radio-pi%C3%B9-emittente-agordina\/id1515939845 LA\u00a0 APP RADIO\u00a0 PER ANDROID di Nicola Vettorello https:\/\/play.google.com\/store\/apps\/details?id=net.radiopiu.iniko\u00a0\u00a0\u00a0 &nbsp; &nbsp; &nbsp; OGGI A RADIO PIU&#8217;&#8230; TRA L&#8217;ALTRO:\u00a0 ALLE 10.10 AL CINEMA DOLOMITI DI FALCADE, CON PAOLA LANCIATO, 10.30 REPORTER, OSPITE MIRCO TANCON (foto), SABATO APERTURA DELLA SKI AREA SAN PELLEGRINO\u00a0 11.10 COSA GUARDO QUESTA SERA&hellip;<\/p>\n","protected":false},"author":4,"featured_media":421859,"comment_status":"closed","ping_status":"closed","sticky":false,"template":"","format":"standard","meta":{"_monsterinsights_skip_tracking":false,"_monsterinsights_sitenote_active":false,"_monsterinsights_sitenote_note":"","_monsterinsights_sitenote_category":0,"footnotes":""},"categories":[51,86,49],"tags":[],"class_list":["post-421680","post","type-post","status-publish","format-standard","has-post-thumbnail","hentry","category-evidenza-top","category-gr","category-news-18","category-51","category-86","category-49","description-off"],"img_url":"https:\/\/www.radiopiu.net\/wordpress\/wp-content\/uploads\/2024\/11\/Senza-nome-121.png","_links":{"self":[{"href":"https:\/\/www.radiopiu.net\/wordpress\/wp-json\/wp\/v2\/posts\/421680","targetHints":{"allow":["GET"]}}],"collection":[{"href":"https:\/\/www.radiopiu.net\/wordpress\/wp-json\/wp\/v2\/posts"}],"about":[{"href":"https:\/\/www.radiopiu.net\/wordpress\/wp-json\/wp\/v2\/types\/post"}],"author":[{"embeddable":true,"href":"https:\/\/www.radiopiu.net\/wordpress\/wp-json\/wp\/v2\/users\/4"}],"replies":[{"embeddable":true,"href":"https:\/\/www.radiopiu.net\/wordpress\/wp-json\/wp\/v2\/comments?post=421680"}],"version-history":[{"count":30,"href":"https:\/\/www.radiopiu.net\/wordpress\/wp-json\/wp\/v2\/posts\/421680\/revisions"}],"predecessor-version":[{"id":421909,"href":"https:\/\/www.radiopiu.net\/wordpress\/wp-json\/wp\/v2\/posts\/421680\/revisions\/421909"}],"wp:featuredmedia":[{"embeddable":true,"href":"https:\/\/www.radiopiu.net\/wordpress\/wp-json\/wp\/v2\/media\/421859"}],"wp:attachment":[{"href":"https:\/\/www.radiopiu.net\/wordpress\/wp-json\/wp\/v2\/media?parent=421680"}],"wp:term":[{"taxonomy":"category","embeddable":true,"href":"https:\/\/www.radiopiu.net\/wordpress\/wp-json\/wp\/v2\/categories?post=421680"},{"taxonomy":"post_tag","embeddable":true,"href":"https:\/\/www.radiopiu.net\/wordpress\/wp-json\/wp\/v2\/tags?post=421680"}],"curies":[{"name":"wp","href":"https:\/\/api.w.org\/{rel}","templated":true}]}}