{"id":421825,"date":"2024-11-29T05:25:04","date_gmt":"2024-11-29T04:25:04","guid":{"rendered":"https:\/\/www.radiopiu.net\/wordpress\/?p=421825"},"modified":"2024-11-29T05:31:15","modified_gmt":"2024-11-29T04:31:15","slug":"dillo-a-radio-piu-le-formiche-nel-pasto-della-mensa-scolastica","status":"publish","type":"post","link":"https:\/\/www.radiopiu.net\/wordpress\/dillo-a-radio-piu-le-formiche-nel-pasto-della-mensa-scolastica\/","title":{"rendered":"LA FORMICA NEL PASTO DELLA MENSA SCOLASTICA"},"content":{"rendered":"<p>******<\/p>\n<div class=\"flex-1 overflow-hidden\">\n<div class=\"h-full\">\n<div class=\"react-scroll-to-bottom--css-awyht-79elbk h-full\">\n<div class=\"react-scroll-to-bottom--css-awyht-1n7m0yu\">\n<div class=\"flex h-full flex-col\">\n<div class=\"flex flex-col text-sm md:pb-9\">\n<article class=\"w-full scroll-mb-[var(--thread-trailing-height,150px)] text-token-text-primary focus-visible:outline-2 focus-visible:outline-offset-[-4px]\" dir=\"auto\" data-testid=\"conversation-turn-73\" data-scroll-anchor=\"true\">\n<div class=\"m-auto text-base py-[18px] px-3 md:px-4 w-full md:px-5 lg:px-4 xl:px-5\">\n<div class=\"mx-auto flex flex-1 gap-4 text-base md:gap-5 lg:gap-6 md:max-w-3xl lg:max-w-[40rem] xl:max-w-[48rem] -mx-4\">\n<div class=\"group\/conversation-turn relative flex w-full min-w-0 flex-col agent-turn\">\n<div class=\"flex-col gap-1 md:gap-3\">\n<div class=\"flex max-w-full flex-col flex-grow\">\n<div class=\"min-h-8 text-message flex w-full flex-col items-end gap-2 whitespace-normal break-words [.text-message+&amp;]:mt-5\" dir=\"auto\" data-message-author-role=\"assistant\" data-message-id=\"5d169907-dab7-4b75-9ecc-60156c024c9d\" data-message-model-slug=\"gpt-4o\">\n<div class=\"flex w-full flex-col gap-1 empty:hidden first:pt-[3px]\">\n<div class=\"markdown prose w-full break-words dark:prose-invert dark\">\n<blockquote><p><em>Due segnalazioni giunte alla redazione di Radio Pi\u00f9 sollevano preoccupazioni sulla qualit\u00e0 del servizio mensa in alcune strutture dell&#8217;Agordino. Un nonno riferisce che i piatti serviti ai bambini erano infestati da insetti. Nonostante l\u2019immediato intervento delle insegnanti, alcuni bambini avrebbero comunque consumato il pasto. Un altro genitore racconta di un episodio simile, in cui una formica \u00e8 stata trovata nella minestra di un bambino. La situazione riaccende i dubbi su precedenti casi di sintomi gastrointestinali tra i piccoli, inizialmente attribuiti a un\u2019influenza stagionale.<\/em><\/p><\/blockquote>\n<\/div>\n<\/div>\n<\/div>\n<\/div>\n<\/div>\n<\/div>\n<\/div>\n<\/div>\n<\/article>\n<\/div>\n<\/div>\n<\/div>\n<\/div>\n<\/div>\n<\/div>\n<p><strong>RICEVIAMO E PUBBLICHIAMO<\/strong><\/p>\n<p><span style=\"color: #ff0000;\">1<\/span><\/p>\n<p><strong>TAIBON<\/strong> Scrivo in veste di nonno di un bambino frequentante la Scuola Materna di Taibon, Oggi in mensa i bambini avevano i piatti del pranzo\/mensa infestati da insetti. Qualcuno ha consumato il pranzo pur con la presenza di tale forma animale, nonostante il tempestivo intervento delle Insegnanti che hanno subito ritirato i piatti serviti e consegnati da due ditte esterne. I genitori sono arrabbiati e vogliono far intervenire i N.A.S. dei Carabinieri ed il Servizio Igiene dell\u2019ULSS.<\/p>\n<p>Un nonno<\/p>\n<p><span style=\"color: #ff0000;\">2<\/span><\/p>\n<p><strong>CENCENIGHE<\/strong> Segnalo il costo eccessivo,\u00a0 6 euro a pasto che per una famiglia risulta essere una spesa importante. Considerando che un bambino dai 2 anni in su non mangia quasi mai piatti interi quindi quantitativi enormi di cibo da giustificare ne il costo cos\u00ec elevato, ma visto che alla fine ci tocca pagare,che almeno i pasti siano fatti a regola e non che si legga che nei pasti che si pagano, oltretutto molto cari, si trovano insetti.\u00a0 Anni fa si faceva tutto negli asili e non ci si appoggiava a ditte esterne e i costi erano minori e la qualit\u00e0 maggiore<\/p>\n<p>Un genitore<\/p>\n<p><span style=\"color: #ff0000;\">3<\/span><\/p>\n<p><strong>RIVAMONTE<\/strong>Sono il pap\u00e0 di un bambino che frequenta la scuola dell&#8217;infanzia\u00a0 a Rivamonte. Oggi, al rientro da scuola, mio figlio mi ha raccontato che nella minestra di un suo compagno \u00e8 stata trovata una formica. In un primo momento ho cercato di minimizzare, pensando che si trattasse di un malinteso o di un\u2019esagerazione tipica dei bambini. Tuttavia, questa sera ho avuto una conferma sconcertante: \u00e8 stato ufficialmente riportato che sono stati trovati insetti nei pasti forniti dal servizio mensa. Trovo la situazione assolutamente scandalosa e inaccettabile! Inoltre, ripensandoci, ricordo che qualche settimana fa molti bambini hanno sofferto di sintomi gastrointestinali, tra cui vomito e diarrea. All\u2019epoca abbiamo pensato si trattasse di una semplice influenza stagionale, ma ora \u00e8 inevitabile domandarsi se ci\u00f2 potesse essere collegato a pasti contaminati o avariati. \u00c8 un fatto gravissimo, e confido che le autorit\u00e0 competenti, come l\u2019ULSS, si attivino al pi\u00f9 presto per fare piena chiarezza e adottare le misure necessarie per garantire la sicurezza alimentare dei nostri bambini.<\/p>\n<p>Un genitore<\/p>\n\n\t\t\t<style type='text\/css'>\n\t\t\t\t#gallery-1 {\n\t\t\t\t\tmargin: auto;\n\t\t\t\t}\n\t\t\t\t#gallery-1 .gallery-item {\n\t\t\t\t\tfloat: left;\n\t\t\t\t\tmargin-top: 10px;\n\t\t\t\t\ttext-align: center;\n\t\t\t\t\twidth: 33%;\n\t\t\t\t}\n\t\t\t\t#gallery-1 img {\n\t\t\t\t\tborder: 2px solid #cfcfcf;\n\t\t\t\t}\n\t\t\t\t#gallery-1 .gallery-caption {\n\t\t\t\t\tmargin-left: 0;\n\t\t\t\t}\n\t\t\t\t\/* see gallery_shortcode() in wp-includes\/media.php *\/\n\t\t\t<\/style>\n\t\t<div id='gallery-1' class='dt-gallery-container gallery galleryid-421825 gallery-columns-3 gallery-size-thumbnail'><dl class='gallery-item'>\n\t\t\t\t<dt class='gallery-icon portrait'>\n\t\t\t\t\t<a class=\"rollover rollover-zoom dt-pswp-item\" title=\"pro-LUReEhQ8\" data-dt-img-description=\"\" data-large_image_width=\"1500\" data-large_image_height=\"1999\"href='https:\/\/www.radiopiu.net\/wordpress\/wp-content\/uploads\/2024\/11\/pro-LUReEhQ8.jpeg'><img loading=\"lazy\" decoding=\"async\" width=\"150\" height=\"150\" src=\"https:\/\/www.radiopiu.net\/wordpress\/wp-content\/uploads\/2024\/11\/pro-LUReEhQ8-150x150.jpeg\" class=\"attachment-thumbnail size-thumbnail\" alt=\"\" \/><\/a>\n\t\t\t\t<\/dt><\/dl><dl class='gallery-item'>\n\t\t\t\t<dt class='gallery-icon portrait'>\n\t\t\t\t\t<a class=\"rollover rollover-zoom dt-pswp-item\" title=\"pro-kdmzwgK9\" data-dt-img-description=\"\" data-large_image_width=\"1500\" data-large_image_height=\"2000\"href='https:\/\/www.radiopiu.net\/wordpress\/wp-content\/uploads\/2024\/11\/pro-kdmzwgK9.jpeg'><img loading=\"lazy\" decoding=\"async\" width=\"150\" height=\"150\" src=\"https:\/\/www.radiopiu.net\/wordpress\/wp-content\/uploads\/2024\/11\/pro-kdmzwgK9-150x150.jpeg\" class=\"attachment-thumbnail size-thumbnail\" alt=\"\" \/><\/a>\n\t\t\t\t<\/dt><\/dl><dl class='gallery-item'>\n\t\t\t\t<dt class='gallery-icon portrait'>\n\t\t\t\t\t<a class=\"rollover rollover-zoom dt-pswp-item\" title=\"pro-F1XeEzUr\" data-dt-img-description=\"\" data-large_image_width=\"1500\" data-large_image_height=\"2000\"href='https:\/\/www.radiopiu.net\/wordpress\/wp-content\/uploads\/2024\/11\/pro-F1XeEzUr.jpeg'><img loading=\"lazy\" decoding=\"async\" width=\"150\" height=\"150\" src=\"https:\/\/www.radiopiu.net\/wordpress\/wp-content\/uploads\/2024\/11\/pro-F1XeEzUr-150x150.jpeg\" class=\"attachment-thumbnail size-thumbnail\" alt=\"\" \/><\/a>\n\t\t\t\t<\/dt><\/dl><br style=\"clear: both\" \/>\n\t\t\t<\/div>\n\n<p>&nbsp;<\/p>\n<p>&nbsp;<\/p>\n<p>&nbsp;<\/p>\n<p>*********<\/p>\n","protected":false},"excerpt":{"rendered":"<p>****** Due segnalazioni giunte alla redazione di Radio Pi\u00f9 sollevano preoccupazioni sulla qualit\u00e0 del servizio mensa in alcune strutture dell&#8217;Agordino. Un nonno riferisce che i piatti serviti ai bambini erano infestati da insetti. Nonostante l\u2019immediato intervento delle insegnanti, alcuni bambini avrebbero comunque consumato il pasto. Un altro genitore racconta di un episodio simile, in cui&hellip;<\/p>\n","protected":false},"author":4,"featured_media":421829,"comment_status":"closed","ping_status":"closed","sticky":false,"template":"","format":"standard","meta":{"_monsterinsights_skip_tracking":false,"_monsterinsights_sitenote_active":false,"_monsterinsights_sitenote_note":"","_monsterinsights_sitenote_category":0,"footnotes":""},"categories":[51,49],"tags":[],"class_list":["post-421825","post","type-post","status-publish","format-standard","has-post-thumbnail","hentry","category-evidenza-top","category-news-18","category-51","category-49","description-off"],"img_url":"https:\/\/www.radiopiu.net\/wordpress\/wp-content\/uploads\/2024\/11\/SCR-20241127-trpy.jpeg","_links":{"self":[{"href":"https:\/\/www.radiopiu.net\/wordpress\/wp-json\/wp\/v2\/posts\/421825","targetHints":{"allow":["GET"]}}],"collection":[{"href":"https:\/\/www.radiopiu.net\/wordpress\/wp-json\/wp\/v2\/posts"}],"about":[{"href":"https:\/\/www.radiopiu.net\/wordpress\/wp-json\/wp\/v2\/types\/post"}],"author":[{"embeddable":true,"href":"https:\/\/www.radiopiu.net\/wordpress\/wp-json\/wp\/v2\/users\/4"}],"replies":[{"embeddable":true,"href":"https:\/\/www.radiopiu.net\/wordpress\/wp-json\/wp\/v2\/comments?post=421825"}],"version-history":[{"count":14,"href":"https:\/\/www.radiopiu.net\/wordpress\/wp-json\/wp\/v2\/posts\/421825\/revisions"}],"predecessor-version":[{"id":422061,"href":"https:\/\/www.radiopiu.net\/wordpress\/wp-json\/wp\/v2\/posts\/421825\/revisions\/422061"}],"wp:featuredmedia":[{"embeddable":true,"href":"https:\/\/www.radiopiu.net\/wordpress\/wp-json\/wp\/v2\/media\/421829"}],"wp:attachment":[{"href":"https:\/\/www.radiopiu.net\/wordpress\/wp-json\/wp\/v2\/media?parent=421825"}],"wp:term":[{"taxonomy":"category","embeddable":true,"href":"https:\/\/www.radiopiu.net\/wordpress\/wp-json\/wp\/v2\/categories?post=421825"},{"taxonomy":"post_tag","embeddable":true,"href":"https:\/\/www.radiopiu.net\/wordpress\/wp-json\/wp\/v2\/tags?post=421825"}],"curies":[{"name":"wp","href":"https:\/\/api.w.org\/{rel}","templated":true}]}}