{"id":421995,"date":"2024-11-29T05:27:06","date_gmt":"2024-11-29T04:27:06","guid":{"rendered":"https:\/\/www.radiopiu.net\/wordpress\/?p=421995"},"modified":"2024-11-29T05:30:18","modified_gmt":"2024-11-29T04:30:18","slug":"i-pasti-del-servizio-mensa-della-scuola-dellinfanzia-di-taibon-parla-il-sindaco-silvia-tormen","status":"publish","type":"post","link":"https:\/\/www.radiopiu.net\/wordpress\/i-pasti-del-servizio-mensa-della-scuola-dellinfanzia-di-taibon-parla-il-sindaco-silvia-tormen\/","title":{"rendered":"I PASTI DEL SERVIZIO MENSA DELLA SCUOLA DELL&#8217;INFANZIA DI TAIBON. PARLA IL SINDACO SILVIA TORMEN"},"content":{"rendered":"<p>******<\/p>\n<p>&nbsp;<\/p>\n<p><strong><img loading=\"lazy\" decoding=\"async\" class=\"alignleft\" src=\"https:\/\/www.radiopiu.net\/wordpress\/wp-content\/uploads\/2024\/01\/silvia-tormen.jpeg\" width=\"303\" height=\"226\" \/>TAIBON<\/strong> Dopo le segnalazioni arrivate in radio per i pasti del servizio mensa della scuola dell&#8217;infanzia, tra cui anche quella di Taibon, il sindaco Silvia Tormen risponde.<\/p>\n<p><strong>IL COMUNICATO DEL SINDACO DI TAIBON SILVIA TORMEN<\/strong><\/p>\n<p>La scuola dell\u2019infanzia di Taibon Agordino \u00e8 una scuola pubblica ed il servizio mensa \u00e8 di competenza del nostro Comune. Da alcuni anni, purtroppo, si \u00e8 dovuto ricorrere ad un servizio di catering per fornire i pasti ai bambini frequentanti la scuola, non trovandosi alcun cuoco disponibile a lavorare presso la struttura. Inoltre, negli scorsi anni, per quanto riguarda lo scodellamento dei pasti, era consuetudine siglare una convenzione con l\u2019Istituto Comprensivo di Agordo che metteva a disposizione personale proprio (ATA) per lo svolgimento di questo altrettanto fondamentale e delicato servizio. Purtroppo, a partire da settembre 2024, la dipendente ATA storica della scuola dell\u2019infanzia ha cessato il proprio servizio a Taibon e l\u2019Istituto ha negato la propria disponibilit\u00e0 alla convenzione. Abbiamo dunque affidato il servizio di scodellamento ad ASCA (Azienda Speciale Consortile Agordina) che con grande disponibilit\u00e0 ha organizzato questo supporto venendoci in aiuto data l\u2019incombenza di inizio anno scolastico. C\u2019\u00e8 da dire che, oltre al consistente aggravio economico derivante da questa forma di affidamento del servizio (pi\u00f9 del triplo del costo della Convenzione), vi \u00e8 anche il disagio dell\u2019introduzione presso la struttura di personale dipendente da un datore di lavoro diverso rispetto a chi gi\u00e0 lavora presso la scuola. L\u2019accadimento di ieri \u00e8 molto grave, ne sono rimasta fortemente turbata e, gi\u00e0 dalla prima mattinata di oggi, quando via via si sono delineati i reali contorni della vicenda, abbiamo proceduto ad effettuare tutte le segnalazioni di rito. L\u2019azienda Vipa da anni opera nel nostro territorio, fornendo numerose mense; infatti, sempre in mattinata, ho poi appreso che la stessa minestra era stata distribuita anche presso almeno altre quattro mense scolastiche in Agordino. Dunque situazione analoga a quella di Taibon, con la differenza che da noi personale interno alla struttura avrebbe effettuato alcune fotografie finite poi nei gruppi chat dei genitori, ponendo la nostra scuola sotto i riflettori. Ricordo che, dopo i bambini e le famiglie, anche il Comune \u00e8 parte lesa, giacch\u00e9 il servizio di ieri non \u00e8 stato ovviamente rispondente a quanto previsto da contratto; inoltre, vi \u00e8 un livello pi\u00f9 profondo di quello puramente contrattuale, legato alla ferita che in una comunit\u00e0 si apre quando si fanno strada sentimenti di diffidenza e sfiducia, tanto pi\u00f9 se sono coinvolti bambini. Ci\u00f2 che mi sento di evidenziare \u00e8 che la modalit\u00e0 di comunicazione al mio ente di quanto accaduto ieri non \u00e8 stata efficace e il fatto che la notizia sia stata diffusa a mezzo social prima di informare, in modo completo ed ufficiale, le Amministrazioni competenti \u00e8 un altro aspetto grave di questa vicenda. Grave e dannoso. Non mi stupirei infatti se a fine dicembre, quando scadr\u00e0 l\u2019affidamento dello scodellamento, non trovassimo pi\u00f9 disponibilit\u00e0 da parte di alcuno ad effettuare tale servizio fondamentale all\u2019interno della struttura. Assicuro dunque massimo rigore nell\u2019affrontare l\u2019accaduto e altrettanto nella vigilanza futura.<\/p>\n<p>&nbsp;<\/p>\n<p>&nbsp;<\/p>\n<p>&nbsp;<\/p>\n<p>**********<\/p>\n","protected":false},"excerpt":{"rendered":"<p>****** &nbsp; TAIBON Dopo le segnalazioni arrivate in radio per i pasti del servizio mensa della scuola dell&#8217;infanzia, tra cui anche quella di Taibon, il sindaco Silvia Tormen risponde. IL COMUNICATO DEL SINDACO DI TAIBON SILVIA TORMEN La scuola dell\u2019infanzia di Taibon Agordino \u00e8 una scuola pubblica ed il servizio mensa \u00e8 di competenza del&hellip;<\/p>\n","protected":false},"author":4,"featured_media":370807,"comment_status":"closed","ping_status":"closed","sticky":false,"template":"","format":"standard","meta":{"_monsterinsights_skip_tracking":false,"_monsterinsights_sitenote_active":false,"_monsterinsights_sitenote_note":"","_monsterinsights_sitenote_category":0,"footnotes":""},"categories":[51,49],"tags":[],"class_list":["post-421995","post","type-post","status-publish","format-standard","has-post-thumbnail","hentry","category-evidenza-top","category-news-18","category-51","category-49","description-off"],"img_url":"https:\/\/www.radiopiu.net\/wordpress\/wp-content\/uploads\/2024\/01\/silvia-tormen.jpeg","_links":{"self":[{"href":"https:\/\/www.radiopiu.net\/wordpress\/wp-json\/wp\/v2\/posts\/421995","targetHints":{"allow":["GET"]}}],"collection":[{"href":"https:\/\/www.radiopiu.net\/wordpress\/wp-json\/wp\/v2\/posts"}],"about":[{"href":"https:\/\/www.radiopiu.net\/wordpress\/wp-json\/wp\/v2\/types\/post"}],"author":[{"embeddable":true,"href":"https:\/\/www.radiopiu.net\/wordpress\/wp-json\/wp\/v2\/users\/4"}],"replies":[{"embeddable":true,"href":"https:\/\/www.radiopiu.net\/wordpress\/wp-json\/wp\/v2\/comments?post=421995"}],"version-history":[{"count":3,"href":"https:\/\/www.radiopiu.net\/wordpress\/wp-json\/wp\/v2\/posts\/421995\/revisions"}],"predecessor-version":[{"id":422060,"href":"https:\/\/www.radiopiu.net\/wordpress\/wp-json\/wp\/v2\/posts\/421995\/revisions\/422060"}],"wp:featuredmedia":[{"embeddable":true,"href":"https:\/\/www.radiopiu.net\/wordpress\/wp-json\/wp\/v2\/media\/370807"}],"wp:attachment":[{"href":"https:\/\/www.radiopiu.net\/wordpress\/wp-json\/wp\/v2\/media?parent=421995"}],"wp:term":[{"taxonomy":"category","embeddable":true,"href":"https:\/\/www.radiopiu.net\/wordpress\/wp-json\/wp\/v2\/categories?post=421995"},{"taxonomy":"post_tag","embeddable":true,"href":"https:\/\/www.radiopiu.net\/wordpress\/wp-json\/wp\/v2\/tags?post=421995"}],"curies":[{"name":"wp","href":"https:\/\/api.w.org\/{rel}","templated":true}]}}