{"id":422022,"date":"2024-11-30T05:44:14","date_gmt":"2024-11-30T04:44:14","guid":{"rendered":"https:\/\/www.radiopiu.net\/wordpress\/?p=422022"},"modified":"2024-11-30T08:02:24","modified_gmt":"2024-11-30T07:02:24","slug":"giornale-radiopiu-30-novembre-2024-direttore-mirko-mezzacasada-41-anni-25-giugno-1983-25-giugno-2024","status":"publish","type":"post","link":"https:\/\/www.radiopiu.net\/wordpress\/giornale-radiopiu-30-novembre-2024-direttore-mirko-mezzacasada-41-anni-25-giugno-1983-25-giugno-2024\/","title":{"rendered":"GIORNALE RADIOPIU 30 NOVEMBRE 2024 DIRETTORE MIRKO MEZZACASA\u2026DA 41 ANNI 25 GIUGNO 1983-25 GIUGNO 2024"},"content":{"rendered":"<p>*****<\/p>\n<p>&nbsp;<\/p>\n<p><em><span style=\"color: #ff0000;\"><a class=\"dt-pswp-item\" href=\"https:\/\/www.radiopiu.net\/wordpress\/wp-content\/uploads\/2024\/10\/Senza-nome-8.png\" data-dt-img-description=\"\" data-large_image_width=\"343\" data-large_image_height=\"303\"><img loading=\"lazy\" decoding=\"async\" class=\"wp-image-412130 alignleft\" src=\"https:\/\/www.radiopiu.net\/wordpress\/wp-content\/uploads\/2024\/10\/Senza-nome-8-300x265.png\" alt=\"\" width=\"105\" height=\"93\" srcset=\"https:\/\/www.radiopiu.net\/wordpress\/wp-content\/uploads\/2024\/10\/Senza-nome-8-300x265.png 300w, https:\/\/www.radiopiu.net\/wordpress\/wp-content\/uploads\/2024\/10\/Senza-nome-8.png 343w\" sizes=\"auto, (max-width: 105px) 100vw, 105px\" \/><\/a><\/span><\/em><strong><em><span style=\"color: #ff0000;\"> LA\u00a0 APP PER IOS-IPHONE di Nicola Vettorello<\/span><\/em><\/strong><\/p>\n<p><strong><span style=\"color: #0000ff;\"><a style=\"color: #0000ff;\" href=\"https:\/\/apps.apple.com\/it\/app\/radio-pi%C3%B9-emittente-agordina\/id1515939845\">https:\/\/apps.apple.com\/it\/app\/radio-pi%C3%B9-emittente-agordina\/id1515939845<\/a><\/span><\/strong><\/p>\n<p><strong><em style=\"color: #ff0000;\">LA\u00a0 APP RADIO\u00a0 PER ANDROID di Nicola Vettorello<\/em><\/strong><\/p>\n<p><strong><span style=\"color: #0000ff;\"><a style=\"color: #0000ff;\" href=\"https:\/\/play.google.com\/store\/apps\/details?id=net.radiopiu.iniko\" target=\"_blank\" rel=\"noopener noreferrer\">https:\/\/<\/a><a style=\"color: #0000ff;\" href=\"https:\/\/play.google.com\/store\/apps\/details?id=net.radiopiu.iniko\" target=\"_blank\" rel=\"noopener noreferrer\">play.google.com\/store\/apps\/details?id=net.radiopiu.iniko\u00a0\u00a0\u00a0<\/a><\/span><\/strong><\/p>\n<p>&nbsp;<\/p>\n<p>&nbsp;<\/p>\n<hr \/>\n<p>&nbsp;<\/p>\n<p>&nbsp;<\/p>\n<p><strong><span style=\"color: #ff0000;\"><a href=\"https:\/\/www.radiopiu.net\/wordpress\/wp-content\/uploads\/2024\/11\/cd80452a-91bc-404e-aec1-85649c430cc9.webp\"><img loading=\"lazy\" decoding=\"async\" class=\" wp-image-422207 alignleft\" src=\"https:\/\/www.radiopiu.net\/wordpress\/wp-content\/uploads\/2024\/11\/cd80452a-91bc-404e-aec1-85649c430cc9-300x300.webp\" alt=\"\" width=\"226\" height=\"226\" srcset=\"https:\/\/www.radiopiu.net\/wordpress\/wp-content\/uploads\/2024\/11\/cd80452a-91bc-404e-aec1-85649c430cc9-300x300.webp 300w, https:\/\/www.radiopiu.net\/wordpress\/wp-content\/uploads\/2024\/11\/cd80452a-91bc-404e-aec1-85649c430cc9-150x150.webp 150w, https:\/\/www.radiopiu.net\/wordpress\/wp-content\/uploads\/2024\/11\/cd80452a-91bc-404e-aec1-85649c430cc9-768x768.webp 768w, https:\/\/www.radiopiu.net\/wordpress\/wp-content\/uploads\/2024\/11\/cd80452a-91bc-404e-aec1-85649c430cc9.webp 1024w\" sizes=\"auto, (max-width: 226px) 100vw, 226px\" \/><\/a>OGGI A RADIO PIU&#8217;&#8230; TRA L&#8217;ALTRO:<\/span>\u00a0<\/strong> ALLE <strong>9<\/strong> LE NOVITA&#8217; MUSICALI LE ASCOLTI IL VENERDI MATTINA, IN PREMIER CON MARCO GAZ \u00a0\u00a0\u00a0<strong>10.30<\/strong>\u00a0 LA RASSEGNA STAMPA DA L&#8217;AMICO DEL POPOLO CON GIANNI SANTOMASO. <strong>14,00<\/strong> IL SABATO POMERIGGIO ALLA RADIO CON DJ JACK E LA MUSICA DANCE DI ELECTRO CHOK , E ALLE <strong>15<\/strong> LA CLASSIFICA UFFICIALE DI RADIO PIU&#8217;. ALLE<strong> 20:30<\/strong> HOCKEY AL PUNTO GIUSTO, ALLEGHE &#8211; VALPELLICE: IN STUDIO MARCO GAZ E RADIOCRONACA DI FEDERICO PAGANIN<\/p>\n<p><strong>rassegna stampa nazionale,<\/strong> ogni giorno alle 5 e alle 6 del mattino.<br \/>\ngiornali locali 7 rassegna stampa flash, 8 rassegna stampa, gr flash alle 10 e alle 11, principale 12.30. Informazione pomeriggio ogni ora fino alle 20, in coda ai notiziari nazionali. Giornale radio nazionale: ogni ora dalle 4 del mattino, alle 20 della sera. Alle 19 le anticipazioni dal TG di Antenna 3 di Tiziana Bolognani.<\/p>\n<p>mirko mezzacasa<\/p>\n<audio class=\"wp-audio-shortcode\" id=\"audio-422022-1\" preload=\"none\" style=\"width: 100%;\" controls=\"controls\"><source type=\"audio\/mpeg\" src=\"https:\/\/www.radiopiu.net\/wordpress\/wp-content\/uploads\/2024\/11\/OGGIR-1.mp3?_=1\" \/><a href=\"https:\/\/www.radiopiu.net\/wordpress\/wp-content\/uploads\/2024\/11\/OGGIR-1.mp3\">https:\/\/www.radiopiu.net\/wordpress\/wp-content\/uploads\/2024\/11\/OGGIR-1.mp3<\/a><\/audio>\n<p>&nbsp;<\/p>\n<hr \/>\n<p>&nbsp;<\/p>\n<p>&nbsp;<\/p>\n<div class=\"x11i5rnm xat24cr x1mh8g0r x1vvkbs xtlvy1s x126k92a\">\n<div dir=\"auto\">\n<div dir=\"auto\">\n<p><strong><a class=\"dt-pswp-item\" href=\"https:\/\/www.radiopiu.net\/wordpress\/wp-content\/uploads\/2024\/02\/2d44e751-d8a8-461b-8e22-d8e4e853b032.jpg\" data-dt-img-description=\"\" data-large_image_width=\"1600\" data-large_image_height=\"1200\"><img loading=\"lazy\" decoding=\"async\" class=\"wp-image-373307 alignleft\" src=\"https:\/\/www.radiopiu.net\/wordpress\/wp-content\/uploads\/2024\/02\/2d44e751-d8a8-461b-8e22-d8e4e853b032-300x225.jpg\" alt=\"\" width=\"105\" height=\"79\" srcset=\"https:\/\/www.radiopiu.net\/wordpress\/wp-content\/uploads\/2024\/02\/2d44e751-d8a8-461b-8e22-d8e4e853b032-300x225.jpg 300w, https:\/\/www.radiopiu.net\/wordpress\/wp-content\/uploads\/2024\/02\/2d44e751-d8a8-461b-8e22-d8e4e853b032-1024x768.jpg 1024w, https:\/\/www.radiopiu.net\/wordpress\/wp-content\/uploads\/2024\/02\/2d44e751-d8a8-461b-8e22-d8e4e853b032-768x576.jpg 768w, https:\/\/www.radiopiu.net\/wordpress\/wp-content\/uploads\/2024\/02\/2d44e751-d8a8-461b-8e22-d8e4e853b032-1536x1152.jpg 1536w, https:\/\/www.radiopiu.net\/wordpress\/wp-content\/uploads\/2024\/02\/2d44e751-d8a8-461b-8e22-d8e4e853b032.jpg 1600w\" sizes=\"auto, (max-width: 105px) 100vw, 105px\" \/><\/a>EL BAL DEL FIOR, DI GIULIANA DA RONCH, 30 NOVEMBRE<\/strong><strong>\u00a02024<\/strong><\/p>\n<\/div>\n<\/div>\n<\/div>\n<p>&nbsp;<\/p>\n<p>&nbsp;<\/p>\n<p>giuliana da ronch<\/p>\n<div>\n<audio class=\"wp-audio-shortcode\" id=\"audio-422022-2\" preload=\"none\" style=\"width: 100%;\" controls=\"controls\"><source type=\"audio\/mpeg\" src=\"https:\/\/www.radiopiu.net\/wordpress\/wp-content\/uploads\/2024\/11\/GSA-3.mp3?_=2\" \/><a href=\"https:\/\/www.radiopiu.net\/wordpress\/wp-content\/uploads\/2024\/11\/GSA-3.mp3\">https:\/\/www.radiopiu.net\/wordpress\/wp-content\/uploads\/2024\/11\/GSA-3.mp3<\/a><\/audio>\n<\/div>\n<div><\/div>\n<hr \/>\n<p>&nbsp;<\/p>\n<p>&nbsp;<\/p>\n<div class=\"x11i5rnm xat24cr x1mh8g0r x1vvkbs xtlvy1s x126k92a\">\n<h1><span style=\"color: #ff0000;\"><a class=\"dt-pswp-item\" href=\"https:\/\/www.radiopiu.net\/wordpress\/wp-content\/uploads\/2024\/06\/th-5.jpg\" data-dt-img-description=\"\" data-large_image_width=\"326\" data-large_image_height=\"180\"><img loading=\"lazy\" decoding=\"async\" class=\"size-medium wp-image-395881 alignleft\" src=\"https:\/\/www.radiopiu.net\/wordpress\/wp-content\/uploads\/2024\/06\/th-5-300x166.jpg\" alt=\"\" width=\"300\" height=\"166\" srcset=\"https:\/\/www.radiopiu.net\/wordpress\/wp-content\/uploads\/2024\/06\/th-5-300x166.jpg 300w, https:\/\/www.radiopiu.net\/wordpress\/wp-content\/uploads\/2024\/06\/th-5.jpg 326w\" sizes=\"auto, (max-width: 300px) 100vw, 300px\" \/><\/a><\/span><\/h1>\n<h1><\/h1>\n<h1><\/h1>\n<h1><span style=\"color: #000000;\">30 NOVEMBRE&#8230; alla radio l&#8217;almanacco\u00a0<\/span><\/h1>\n<\/div>\n<div class=\"x11i5rnm xat24cr x1mh8g0r x1vvkbs xtlvy1s x126k92a\">\n<audio class=\"wp-audio-shortcode\" id=\"audio-422022-3\" preload=\"none\" style=\"width: 100%;\" controls=\"controls\"><source type=\"audio\/mpeg\" src=\"https:\/\/www.radiopiu.net\/wordpress\/wp-content\/uploads\/2024\/11\/ALMANACCONEW-24.mp3?_=3\" \/><a href=\"https:\/\/www.radiopiu.net\/wordpress\/wp-content\/uploads\/2024\/11\/ALMANACCONEW-24.mp3\">https:\/\/www.radiopiu.net\/wordpress\/wp-content\/uploads\/2024\/11\/ALMANACCONEW-24.mp3<\/a><\/audio>\n<p>&nbsp;<\/p>\n<p>&nbsp;<\/p>\n<hr \/>\n<p>&nbsp;<\/p>\n<p>&nbsp;<\/p>\n<blockquote>\n<h1><strong><a class=\"dt-pswp-item\" href=\"https:\/\/www.radiopiu.net\/wordpress\/wp-content\/uploads\/2024\/10\/629301fd-708d-4f53-95c2-d28cbefd500f.jpg\" data-dt-img-description=\"\" data-large_image_width=\"1600\" data-large_image_height=\"1322\"><img loading=\"lazy\" decoding=\"async\" class=\"wp-image-413782 alignright\" src=\"https:\/\/www.radiopiu.net\/wordpress\/wp-content\/uploads\/2024\/10\/629301fd-708d-4f53-95c2-d28cbefd500f-300x248.jpg\" alt=\"\" width=\"106\" height=\"88\" srcset=\"https:\/\/www.radiopiu.net\/wordpress\/wp-content\/uploads\/2024\/10\/629301fd-708d-4f53-95c2-d28cbefd500f-300x248.jpg 300w, https:\/\/www.radiopiu.net\/wordpress\/wp-content\/uploads\/2024\/10\/629301fd-708d-4f53-95c2-d28cbefd500f-1024x846.jpg 1024w, https:\/\/www.radiopiu.net\/wordpress\/wp-content\/uploads\/2024\/10\/629301fd-708d-4f53-95c2-d28cbefd500f-768x635.jpg 768w, https:\/\/www.radiopiu.net\/wordpress\/wp-content\/uploads\/2024\/10\/629301fd-708d-4f53-95c2-d28cbefd500f-1536x1269.jpg 1536w, https:\/\/www.radiopiu.net\/wordpress\/wp-content\/uploads\/2024\/10\/629301fd-708d-4f53-95c2-d28cbefd500f.jpg 1600w\" sizes=\"auto, (max-width: 106px) 100vw, 106px\" \/><\/a><\/strong><\/h1>\n<h1><strong><a class=\"dt-pswp-item\" href=\"https:\/\/www.radiopiu.net\/wordpress\/wp-content\/uploads\/2024\/11\/th-18.jpg\" data-dt-img-description=\"\" data-large_image_width=\"156\" data-large_image_height=\"180\"><img loading=\"lazy\" decoding=\"async\" class=\"size-full wp-image-421611 alignleft\" src=\"https:\/\/www.radiopiu.net\/wordpress\/wp-content\/uploads\/2024\/11\/th-18.jpg\" alt=\"\" width=\"156\" height=\"180\" \/><\/a><\/strong><\/h1>\n<h1><strong>N di parom &#8211; L Almanach de la nosta jent<\/strong><\/h1>\n<\/blockquote>\n<p><strong>LA PUNTATA DI OGGI, 30 NOVEMBRE<\/strong><\/p>\n<p>Le voci: Davide Conedera, Agordo, Michela Dell&#8217;Osbel, La Valle Agordina Simone Ganz, Falcade Veronica Lezuo, Colle Santa Lucia. La voce nella sigla \u00e8 di Giorgia Taio<\/p>\n<\/div>\n<div class=\"x11i5rnm xat24cr x1mh8g0r x1vvkbs xtlvy1s x126k92a\">\n<audio class=\"wp-audio-shortcode\" id=\"audio-422022-4\" preload=\"none\" style=\"width: 100%;\" controls=\"controls\"><source type=\"audio\/mpeg\" src=\"https:\/\/www.radiopiu.net\/wordpress\/wp-content\/uploads\/2024\/11\/AL6-1.mp3?_=4\" \/><a href=\"https:\/\/www.radiopiu.net\/wordpress\/wp-content\/uploads\/2024\/11\/AL6-1.mp3\">https:\/\/www.radiopiu.net\/wordpress\/wp-content\/uploads\/2024\/11\/AL6-1.mp3<\/a><\/audio>\n<p>&nbsp;<\/p>\n<div dir=\"auto\">\n<hr \/>\n<\/div>\n<\/div>\n<blockquote>\n<blockquote>\n<h1><span style=\"color: #ff0000;\">\u00a0<\/span><\/h1>\n<h1><span style=\"color: #ff0000;\">I podcast informativi del mattino &#8211; audio &#8211;\u00a0\u00a0<\/span><\/h1>\n<\/blockquote>\n<p><strong><a class=\"dt-pswp-item\" href=\"https:\/\/www.radiopiu.net\/wordpress\/wp-content\/uploads\/2024\/11\/6.jpg\" data-dt-img-description=\"\" data-large_image_width=\"177\" data-large_image_height=\"180\"><img loading=\"lazy\" decoding=\"async\" class=\"size-full wp-image-417911 alignleft\" src=\"https:\/\/www.radiopiu.net\/wordpress\/wp-content\/uploads\/2024\/11\/6.jpg\" alt=\"\" width=\"177\" height=\"180\" \/><\/a>LA RASSEGNA STAMPA NAZIONALE ALLA RADIO, OGNI GIORNO ALLE 5 E ALLE 6 DEL MATTINO <span style=\"color: #0000ff;\">viene pubblicata alle 6.00 <span style=\"color: #ff0000;\">DIRETTA RADIO\u00a0 \u00a0\u00a0<\/span><\/span><\/strong><\/p><\/blockquote>\n<p><strong>NOTIZIE DELLA NOTTE<\/strong><\/p>\n<p><strong>Kim<\/strong>, &#8216;pieno sostegno a Mosca nella sua guerra all&#8217;Ucraina&#8217; <span style=\"color: #ff0000;\"><strong>Terremoto di magnitudo 5.1 nel nord del Per\u00f9 <\/strong><\/span><strong>Nyt,<\/strong> Trudeau da Trump a Mar-a-Lago dopo minaccia dazi<br \/>\nDue morti in incidente stradale sulla Flaminia in Umbria <strong>Zelensky,<\/strong> &#8216;tregua possibile con l&#8217;Ucraina sotto l&#8217;ombrello Nato&#8217; <strong>Scala<\/strong> &#8216;cancella&#8217; concerto per sciopero e ne regala un altro<br \/>\n<strong>Via libera<\/strong> finale dell&#8217;Ue alle nozze tra Ita e Lufthansa <strong>Roccella,<\/strong> potenziata efficacia del braccialetto elettronico<\/p>\n<h2>AUDIO dalle 6 del mattino<\/h2>\n<audio class=\"wp-audio-shortcode\" id=\"audio-422022-5\" preload=\"none\" style=\"width: 100%;\" controls=\"controls\"><source type=\"audio\/mpeg\" src=\"https:\/\/www.radiopiu.net\/wordpress\/wp-content\/uploads\/2024\/11\/GIORNALEDELLESEI-Copia.mp3?_=5\" \/><a href=\"https:\/\/www.radiopiu.net\/wordpress\/wp-content\/uploads\/2024\/11\/GIORNALEDELLESEI-Copia.mp3\">https:\/\/www.radiopiu.net\/wordpress\/wp-content\/uploads\/2024\/11\/GIORNALEDELLESEI-Copia.mp3<\/a><\/audio>\n<p>&nbsp;<\/p>\n<p>&nbsp;<\/p>\n<p>&nbsp;<\/p>\n<hr \/>\n<p>&nbsp;<\/p>\n<h1 style=\"text-align: center;\"><span style=\"color: #ff0000;\"><a class=\"dt-pswp-item\" href=\"https:\/\/www.radiopiu.net\/wordpress\/wp-content\/uploads\/2024\/11\/7.jpg\" data-dt-img-description=\"\" data-large_image_width=\"180\" data-large_image_height=\"180\"><img loading=\"lazy\" decoding=\"async\" class=\"size-full wp-image-417912 alignleft\" src=\"https:\/\/www.radiopiu.net\/wordpress\/wp-content\/uploads\/2024\/11\/7.jpg\" alt=\"\" width=\"180\" height=\"180\" srcset=\"https:\/\/www.radiopiu.net\/wordpress\/wp-content\/uploads\/2024\/11\/7.jpg 180w, https:\/\/www.radiopiu.net\/wordpress\/wp-content\/uploads\/2024\/11\/7-150x150.jpg 150w\" sizes=\"auto, (max-width: 180px) 100vw, 180px\" \/><\/a>I podcast informativi del mattino &#8211; audio &#8211;\u00a0<\/span><\/h1>\n<p><strong>OGNI GIORNO ALLE SETTE DEL MATTINO, LA RASSEGNA STAMPA LOCALE FLASH&#8230; PER CHI VA IN FRETTA. I TITOLI DAI GIORNALI E DAL SITO WWW.RADIOPIU.NET <span style=\"color: #0000ff;\">viene pubblicato alle 7.00<\/span> <span style=\"color: #ff0000;\">DIRETTA RADIO\u00a0<\/span><\/strong><\/p>\n<p><em><span style=\"color: #ff0000;\">per chi va in fretta&#8230; tante notizie in pochi minuti. L&#8217;informazione locale alla radio, ogni ora dalle 7 del mattino alle 19 della sera.\u00a0\u00a0<\/span><\/em><\/p>\n<p><strong>NAPOLI<\/strong> Turista muore in un incendio in un B&amp;B, Il rogo al settimo piano dello stabile in piazza Municipio. Aveva 28 anni <strong>ROMA<\/strong> Totti indagato a Roma per omessa dichiarazione fiscale <strong>VERONA<\/strong> Aveva 26 anni Esplosione in un casolare, un morto <strong>MIGRANTI<\/strong> barcone in avaria soccorso da Mediterranea Ong, fuggivano dalla Libia, erano stremati\u00a0 <strong>RIGOPIANO<\/strong> Slitta al 3 dicembre la sentenza. Il 18 gennaio 2017 morirono 29 persone quando una slavina travolse l&#8217;hotel NAPOLI Sgomberi a Scampia, entro 3 dicembre residenti via. Entro fine 2024 toccher\u00e0 alla Vela Rossa, vertice in Prefettura <strong>FIRENZE<\/strong> Strapparono Rolex ad anziano, arrestati a Napoli <strong>Meteo:<\/strong> crollo termico anche di 10 gradi nel weekend Prevista anche la neve fino in collina al Centro-Sud<\/p>\n<h1>AUDIO dalle 7 del mattino<\/h1>\n<p>mirko mezzacasa<\/p>\n<audio class=\"wp-audio-shortcode\" id=\"audio-422022-6\" preload=\"none\" style=\"width: 100%;\" controls=\"controls\"><source type=\"audio\/mpeg\" src=\"https:\/\/www.radiopiu.net\/wordpress\/wp-content\/uploads\/2024\/11\/GF07-25.mp3?_=6\" \/><a href=\"https:\/\/www.radiopiu.net\/wordpress\/wp-content\/uploads\/2024\/11\/GF07-25.mp3\">https:\/\/www.radiopiu.net\/wordpress\/wp-content\/uploads\/2024\/11\/GF07-25.mp3<\/a><\/audio>\n<p>&nbsp;<\/p>\n<p>&nbsp;<\/p>\n<hr \/>\n<p>&nbsp;<\/p>\n<h1><\/h1>\n<h1 style=\"text-align: center;\"><span style=\"color: #ff0000;\"><a class=\"dt-pswp-item\" href=\"https:\/\/www.radiopiu.net\/wordpress\/wp-content\/uploads\/2024\/11\/th.jpg\" data-dt-img-description=\"\" data-large_image_width=\"148\" data-large_image_height=\"179\"><img loading=\"lazy\" decoding=\"async\" class=\"size-full wp-image-417913 alignleft\" src=\"https:\/\/www.radiopiu.net\/wordpress\/wp-content\/uploads\/2024\/11\/th.jpg\" alt=\"\" width=\"148\" height=\"179\" \/><\/a>I podcast informativi del mattino &#8211; audio &#8211;\u00a0<\/span><\/h1>\n<blockquote><p><strong>GIORNALE RADIO NAZIONALE, EDIZIONE DELLE SETTE <span style=\"color: #0000ff;\">viene pubblicato alle 7.05 <span style=\"color: #ff0000;\">DIRETTA RADIO\u00a0<\/span><\/span><\/strong><\/p><\/blockquote>\n<p><strong>il giornale radionazionale e&#8217; in onda ogni ora, dalle sette del mattino alle venti della sera\u00a0 \u00a0<\/strong><strong>\u00a0<\/strong><\/p>\n<p>&nbsp;<\/p>\n<p><span style=\"color: #ff0000;\"><span style=\"color: #0000ff;\">CRONACA<\/span> EDIZIONE DELLA SERA , DEL 29 NOVEMBRE 2024 EDIZIONE DI IERI, 20.00<\/span><\/p>\n<audio class=\"wp-audio-shortcode\" id=\"audio-422022-7\" preload=\"none\" style=\"width: 100%;\" controls=\"controls\"><source type=\"audio\/mpeg\" src=\"https:\/\/www.radiopiu.net\/wordpress\/wp-content\/uploads\/2024\/11\/giornale07-48.mp3?_=7\" \/><a href=\"https:\/\/www.radiopiu.net\/wordpress\/wp-content\/uploads\/2024\/11\/giornale07-48.mp3\">https:\/\/www.radiopiu.net\/wordpress\/wp-content\/uploads\/2024\/11\/giornale07-48.mp3<\/a><\/audio>\n<p>&nbsp;<\/p>\n<p><span style=\"color: #ff0000;\"><span style=\"color: #0000ff;\">SPORT<\/span> EDIZIONE DELLE 19, DEL 29 NOVEMBRE 2024, LO SPORT EDIZIONE DI IERI<\/span><\/p>\n<audio class=\"wp-audio-shortcode\" id=\"audio-422022-8\" preload=\"none\" style=\"width: 100%;\" controls=\"controls\"><source type=\"audio\/mpeg\" src=\"https:\/\/www.radiopiu.net\/wordpress\/wp-content\/uploads\/2024\/11\/GIORNALEDELLESEI-Copia.mp3?_=8\" \/><a href=\"https:\/\/www.radiopiu.net\/wordpress\/wp-content\/uploads\/2024\/11\/GIORNALEDELLESEI-Copia.mp3\">https:\/\/www.radiopiu.net\/wordpress\/wp-content\/uploads\/2024\/11\/GIORNALEDELLESEI-Copia.mp3<\/a><\/audio>\n<h2><\/h2>\n<h2><span style=\"color: #ff0000;\"><span style=\"color: #0000ff;\">ULTIM&#8217;ORA<\/span> AUDIO dalle sette del mattino, ogni ora alla radio EDIZIONE DELLE SETTE<\/span><\/h2>\n<audio class=\"wp-audio-shortcode\" id=\"audio-422022-9\" preload=\"none\" style=\"width: 100%;\" controls=\"controls\"><source type=\"audio\/mpeg\" src=\"https:\/\/www.radiopiu.net\/wordpress\/wp-content\/uploads\/2024\/11\/giornale07-49.mp3?_=9\" \/><a href=\"https:\/\/www.radiopiu.net\/wordpress\/wp-content\/uploads\/2024\/11\/giornale07-49.mp3\">https:\/\/www.radiopiu.net\/wordpress\/wp-content\/uploads\/2024\/11\/giornale07-49.mp3<\/a><\/audio>\n<p>&nbsp;<\/p>\n<p>&nbsp;<\/p>\n<hr \/>\n<p>&nbsp;<\/p>\n<p>&nbsp;<\/p>\n<h1><span style=\"color: #ff0000;\"><a class=\"dt-pswp-item\" href=\"https:\/\/www.radiopiu.net\/wordpress\/wp-content\/uploads\/2024\/11\/8.jpg\" data-dt-img-description=\"\" data-large_image_width=\"180\" data-large_image_height=\"180\"><img loading=\"lazy\" decoding=\"async\" class=\"size-full wp-image-417910 alignleft\" src=\"https:\/\/www.radiopiu.net\/wordpress\/wp-content\/uploads\/2024\/11\/8.jpg\" alt=\"\" width=\"180\" height=\"180\" srcset=\"https:\/\/www.radiopiu.net\/wordpress\/wp-content\/uploads\/2024\/11\/8.jpg 180w, https:\/\/www.radiopiu.net\/wordpress\/wp-content\/uploads\/2024\/11\/8-150x150.jpg 150w\" sizes=\"auto, (max-width: 180px) 100vw, 180px\" \/><\/a>I podcast informativi del mattino &#8211; video &#8211;\u00a0<\/span><\/h1>\n<h2 style=\"text-align: left;\"><strong>RASSEGNA STAMPA LOCALE, ORE OTTO<\/strong><\/h2>\n<h2><strong> <span style=\"color: #0000ff;\">viene\u00a0 <\/span><\/strong><strong><span style=\"color: #0000ff;\">pubblicata alle 8.05 <span style=\"color: #ff0000;\">DIRETTA RADIO\u00a0 \u00a0<\/span><\/span><\/strong><strong>DI MIRKO MEZZACASA<\/strong><span style=\"color: #ff0000;\"><strong>\u00a0<\/strong><\/span><\/h2>\n<h2><span style=\"color: #ff0000;\"><strong>\u00a0<\/strong><\/span><\/h2>\n<h1><span style=\"color: #ff0000;\"><strong>VIDEO\u00a0 \u00a0in diretta dalle 8 del mattino\u00a0 \u00a0per ASCOLTARE <\/strong><\/span><\/h1>\n<blockquote>\n<h1 style=\"text-align: center;\"><a href=\"https:\/\/www.facebook.com\/radiopiu\/videos\/1580328869537966\">CLICCA QUI<\/a><\/h1>\n<\/blockquote>\n<p><a class=\"dt-pswp-item\" href=\"https:\/\/www.radiopiu.net\/wordpress\/wp-content\/uploads\/2024\/11\/coop1-1.png\" data-dt-img-description=\"\" data-large_image_width=\"602\" data-large_image_height=\"375\">\u00a0<\/a><\/p>\n\n\t\t\t<style type='text\/css'>\n\t\t\t\t#gallery-1 {\n\t\t\t\t\tmargin: auto;\n\t\t\t\t}\n\t\t\t\t#gallery-1 .gallery-item {\n\t\t\t\t\tfloat: left;\n\t\t\t\t\tmargin-top: 10px;\n\t\t\t\t\ttext-align: center;\n\t\t\t\t\twidth: 50%;\n\t\t\t\t}\n\t\t\t\t#gallery-1 img {\n\t\t\t\t\tborder: 2px solid #cfcfcf;\n\t\t\t\t}\n\t\t\t\t#gallery-1 .gallery-caption {\n\t\t\t\t\tmargin-left: 0;\n\t\t\t\t}\n\t\t\t\t\/* see gallery_shortcode() in wp-includes\/media.php *\/\n\t\t\t<\/style>\n\t\t<div id='gallery-1' class='dt-gallery-container gallery galleryid-422022 gallery-columns-2 gallery-size-medium'><dl class='gallery-item'>\n\t\t\t\t<dt class='gallery-icon landscape'>\n\t\t\t\t\t<a class=\"rollover rollover-zoom dt-pswp-item\" title=\"Senza nome\" data-dt-img-description=\"\" data-large_image_width=\"489\" data-large_image_height=\"259\"href='https:\/\/www.radiopiu.net\/wordpress\/wp-content\/uploads\/2024\/11\/Senza-nome-126.png'><img loading=\"lazy\" decoding=\"async\" width=\"300\" height=\"159\" src=\"https:\/\/www.radiopiu.net\/wordpress\/wp-content\/uploads\/2024\/11\/Senza-nome-126-300x159.png\" class=\"attachment-medium size-medium\" alt=\"\" srcset=\"https:\/\/www.radiopiu.net\/wordpress\/wp-content\/uploads\/2024\/11\/Senza-nome-126-300x159.png 300w, https:\/\/www.radiopiu.net\/wordpress\/wp-content\/uploads\/2024\/11\/Senza-nome-126.png 489w\" sizes=\"auto, (max-width: 300px) 100vw, 300px\" \/><\/a>\n\t\t\t\t<\/dt><\/dl><dl class='gallery-item'>\n\t\t\t\t<dt class='gallery-icon landscape'>\n\t\t\t\t\t<a class=\"rollover rollover-zoom dt-pswp-item\" title=\"COP2\" data-dt-img-description=\"\" data-large_image_width=\"561\" data-large_image_height=\"379\"href='https:\/\/www.radiopiu.net\/wordpress\/wp-content\/uploads\/2024\/11\/COP2-3.png'><img loading=\"lazy\" decoding=\"async\" width=\"300\" height=\"203\" src=\"https:\/\/www.radiopiu.net\/wordpress\/wp-content\/uploads\/2024\/11\/COP2-3-300x203.png\" class=\"attachment-medium size-medium\" alt=\"\" srcset=\"https:\/\/www.radiopiu.net\/wordpress\/wp-content\/uploads\/2024\/11\/COP2-3-300x203.png 300w, https:\/\/www.radiopiu.net\/wordpress\/wp-content\/uploads\/2024\/11\/COP2-3.png 561w\" sizes=\"auto, (max-width: 300px) 100vw, 300px\" \/><\/a>\n\t\t\t\t<\/dt><\/dl><br style=\"clear: both\" \/>\n\t\t\t<\/div>\n\n<p>&nbsp;<\/p>\n<hr \/>\n<p>&nbsp;<\/p>\n<p>&nbsp;<\/p>\n<p><strong><a class=\"dt-pswp-item\" href=\"https:\/\/www.radiopiu.net\/wordpress\/wp-content\/uploads\/2023\/12\/ANTENNA.png\" data-dt-img-description=\"\" data-large_image_width=\"300\" data-large_image_height=\"166\"><img loading=\"lazy\" decoding=\"async\" class=\"wp-image-366306 alignright\" src=\"https:\/\/www.radiopiu.net\/wordpress\/wp-content\/uploads\/2023\/12\/ANTENNA.png\" alt=\"\" width=\"101\" height=\"56\" \/><\/a><a class=\"dt-pswp-item\" href=\"https:\/\/www.radiopiu.net\/wordpress\/wp-content\/uploads\/2024\/11\/th-17.jpg\" data-dt-img-description=\"\" data-large_image_width=\"224\" data-large_image_height=\"180\"><img loading=\"lazy\" decoding=\"async\" class=\" wp-image-421610 alignleft\" src=\"https:\/\/www.radiopiu.net\/wordpress\/wp-content\/uploads\/2024\/11\/th-17.jpg\" alt=\"\" width=\"167\" height=\"134\" \/><\/a>ogni sera alle 19 le anticipazioni alla radio, quello che poi seguirete nel TELEGIORNALE BELLUNESE\u00a0 in onda alle 19.30 sul CANALE 10 del digitale terrestre.\u00a0\u00a0<\/strong><\/p>\n<p>&nbsp;<\/p>\n<p>&nbsp;<\/p>\n<p><strong>LE ANTICIPAZIONI DAL TG DI ANTENNA 3 DI\u00a0 TIZIANA BOLOGNANI<\/strong><\/p>\n<audio class=\"wp-audio-shortcode\" id=\"audio-422022-10\" preload=\"none\" style=\"width: 100%;\" controls=\"controls\"><source type=\"audio\/mpeg\" src=\"https:\/\/www.radiopiu.net\/wordpress\/wp-content\/uploads\/2024\/11\/ANTENNA3-21.mp3?_=10\" \/><a href=\"https:\/\/www.radiopiu.net\/wordpress\/wp-content\/uploads\/2024\/11\/ANTENNA3-21.mp3\">https:\/\/www.radiopiu.net\/wordpress\/wp-content\/uploads\/2024\/11\/ANTENNA3-21.mp3<\/a><\/audio>\n<p>&nbsp;<\/p>\n<p>&nbsp;<\/p>\n<hr \/>\n<p>&nbsp;<\/p>\n<blockquote>\n<h3>LAVORI PROGRAMMATI BIM GSP<\/h3>\n<\/blockquote>\n<p><strong>CENCENIGHE<\/strong> Marted\u00ec 3 dicembre 2024, dalle 8 alle 17 (o fino a fine lavori), sar\u00e0 sospesa l\u2019erogazione dell\u2019acqua a Cencenighe Agordino nelle vie Pennsylvania, XX Settembre e Mario De Biasio. Il personale addetto lavorer\u00e0 per minimizzare i disagi alla popolazione.<\/p>\n<p>&nbsp;<\/p>\n<p>&nbsp;<\/p>\n<hr \/>\n<p>&nbsp;<\/p>\n<blockquote>\n<h3>MALORE FATALE PER UN ANZIANO. TRE FERITI NELL&#8217;INCIDENTE DI BELLUNO<\/h3>\n<\/blockquote>\n<p><strong>REDAZIONE<\/strong> Sono due gli interventi del Suem 118 nella giornata di ieri. La prima chiamata alle 11 quando la centrale operativa \u00e8 stata allertata per un malore a Cibiana di Cadore. Sul posto \u00e8 intervenuto l&#8217;elicottero falco ma per l&#8217;uomo di 81 anni non c&#8217;\u00e8 stato nulla da fare. Poco prima delle 13 il secondo intervento sulla strada che da Belluno porta a Ponte Nelle Alpi per un incidente dove sono state coinvolte quattro vetture. Sono state soccorse tre persone dalle ambulanze di Belluno, due maschi e una donna, che sono state portate all&#8217;Ospedale San Martino.<\/p>\n<p>&nbsp;<\/p>\n<hr \/>\n<p>&nbsp;<\/p>\n<blockquote>\n<h3>ADDIO AD UN UOMO CHE AVEVA A CUORE LA MONTAGNA E CAPRILE DI ALLEGHE<\/h3>\n<p><em><img loading=\"lazy\" decoding=\"async\" class=\"alignleft\" src=\"https:\/\/www.radiopiu.net\/wordpress\/wp-content\/uploads\/2024\/11\/Senza-nome-123.png\" width=\"210\" height=\"174\" \/>Giuseppe Sorge, custode della storia e della cultura del Bellunese<\/em><\/p><\/blockquote>\n<p>Giuseppe Sorge, scomparso a 91 anni, \u00e8 stato una figura di grande cultura e impegno per la storia del Bellunese e della montagna. Nato a Gorizia nel 1933, \u00e8 stato presidente di Telebelluno negli anni &#8217;90 e ha collaborato con la &#8220;Rivista Bellunese&#8221; e la rivista &#8220;Dolomiti&#8221;. Ha scritto numerosi testi, il primo dedicato a Caprile, e si \u00e8 impegnato nelle istituzioni come segretario comunale in vari comuni e Giudice di Pace a Treviso. Negli anni &#8217;80, ha guidato il Circolo Culturale dell&#8217;Amicizia e, in seguito, ha approfondito la storia della Resistenza Bellunese. Amico di Bepi Pellegrinon e don Sergio Sacco, viene ricordato per la sua fede cattolica e il suo contributo culturale.<\/p>\n<p>&nbsp;<\/p>\n<p>&nbsp;<\/p>\n<hr \/>\n<p>&nbsp;<\/p>\n<blockquote><p><strong>Addio a Lydia Talin, testimone della vita di Albino Luciani e figura di spicco a Vittorio Veneto<\/strong><\/p><\/blockquote>\n<p><a class=\"dt-pswp-item\" href=\"https:\/\/www.radiopiu.net\/wordpress\/wp-content\/uploads\/2024\/11\/Senza-nome-124.png\" data-dt-img-description=\"\" data-large_image_width=\"219\" data-large_image_height=\"196\"><img loading=\"lazy\" decoding=\"async\" class=\" wp-image-422197 alignleft\" src=\"https:\/\/www.radiopiu.net\/wordpress\/wp-content\/uploads\/2024\/11\/Senza-nome-124.png\" alt=\"\" width=\"130\" height=\"116\" \/><\/a><strong>CANALE D&#8217;AGORDO<\/strong><\/p>\n<div class=\"flex max-w-full flex-col flex-grow\">\n<div class=\"min-h-8 text-message flex w-full flex-col items-end gap-2 whitespace-normal break-words [.text-message+&amp;]:mt-5\" dir=\"auto\" data-message-author-role=\"assistant\" data-message-id=\"02eae7bd-53ce-4251-bd82-531bd7ca78ba\" data-message-model-slug=\"gpt-4o\">\n<div class=\"flex w-full flex-col gap-1 empty:hidden first:pt-[3px]\">\n<div class=\"markdown prose w-full break-words dark:prose-invert dark\">\n<p>Si \u00e8 spenta a 88 anni Lydia Talin, vedova del dottor Antonio Da Ros, medico personale del Beato Giovanni Paolo I. Lydia ha contribuito alla memoria di Luciani, partecipando al processo di beatificazione e restando legata al suo operato. Figlia di Enrico Talin, ex sindaco di Vittorio Veneto, Lydia si \u00e8 dedicata per decenni alla San Vincenzo De Paoli e ad altre attivit\u00e0 sociali e culturali. I funerali si sono svolti nella chiesa di Sant&#8217;Andrea a Vittorio Veneto.<\/p>\n<\/div>\n<\/div>\n<\/div>\n<\/div>\n<p>&nbsp;<\/p>\n<p>&nbsp;<\/p>\n<hr \/>\n<p>&nbsp;<\/p>\n<blockquote>\n<h2>Insetti nella minestra nelle scuole dell&#8217;Agordino: avviati i controlli, nessuna criticit\u00e0 igienica rilevata<\/h2>\n<\/blockquote>\n<div class=\"flex max-w-full flex-col flex-grow\">\n<div class=\"min-h-8 text-message flex w-full flex-col items-end gap-2 whitespace-normal break-words [.text-message+&amp;]:mt-5\" dir=\"auto\" data-message-author-role=\"assistant\" data-message-id=\"7aa9c433-6797-4bad-a8e7-a4590ba499a7\" data-message-model-slug=\"gpt-4o\">\n<div class=\"flex w-full flex-col gap-1 empty:hidden first:pt-[3px]\">\n<div class=\"markdown prose w-full break-words dark:prose-invert dark\">\n<p><strong><a class=\"dt-pswp-item\" href=\"https:\/\/www.radiopiu.net\/wordpress\/wp-content\/uploads\/2024\/11\/Senza-nome-125.png\" data-dt-img-description=\"\" data-large_image_width=\"423\" data-large_image_height=\"296\"><img loading=\"lazy\" decoding=\"async\" class=\"size-medium wp-image-422204 alignleft\" src=\"https:\/\/www.radiopiu.net\/wordpress\/wp-content\/uploads\/2024\/11\/Senza-nome-125-300x210.png\" alt=\"\" width=\"300\" height=\"210\" srcset=\"https:\/\/www.radiopiu.net\/wordpress\/wp-content\/uploads\/2024\/11\/Senza-nome-125-300x210.png 300w, https:\/\/www.radiopiu.net\/wordpress\/wp-content\/uploads\/2024\/11\/Senza-nome-125.png 423w\" sizes=\"auto, (max-width: 300px) 100vw, 300px\" \/><\/a>AGORDINO<\/strong><\/p>\n<p>Il Servizio di igiene degli alimenti dell&#8217;Ulss 1 Dolomiti ha avviato indagini sul centro cottura della Vipa Ristorazione di Feltre, dopo che insetti sono stati trovati nelle minestre servite nelle scuole dell&#8217;Agordino. Secondo il direttore Giovanni Andrea Sava, non sono emerse criticit\u00e0 igienico-sanitarie, ma i controlli proseguiranno per accertare l&#8217;origine della contaminazione, attribuita forse al punteruolo della pasta. Le ispezioni, ostacolate dallo sciopero in una scuola, verranno completate nei prossimi giorni. Intanto, alcune famiglie scelgono di sospendere l&#8217;uso della mensa in attesa dei risultati finali.<\/p>\n<p>&nbsp;<\/p>\n<\/div>\n<\/div>\n<\/div>\n<\/div>\n<p>&nbsp;<\/p>\n<blockquote class=\"wp-embedded-content\" data-secret=\"6EHK4ppEe4\"><p><a href=\"https:\/\/www.radiopiu.net\/wordpress\/azienda-vipa-pronta-a-incontrare-le-famiglie\/\">INSETTI NELLA MINESTRA, L&#8217;AZIENDA VIPA PRONTA A INCONTRARE LE FAMIGLIE<\/a><\/p><\/blockquote>\n<p><iframe loading=\"lazy\" class=\"wp-embedded-content\" sandbox=\"allow-scripts\" security=\"restricted\" style=\"position: absolute; visibility: hidden;\" title=\"&#8220;INSETTI NELLA MINESTRA, L&#8217;AZIENDA VIPA PRONTA A INCONTRARE LE FAMIGLIE&#8221; &#8212; Radio Pi\u00f9\" src=\"https:\/\/www.radiopiu.net\/wordpress\/azienda-vipa-pronta-a-incontrare-le-famiglie\/embed\/#?secret=MxXnqUp3RE#?secret=6EHK4ppEe4\" data-secret=\"6EHK4ppEe4\" width=\"600\" height=\"338\" frameborder=\"0\" marginwidth=\"0\" marginheight=\"0\" scrolling=\"no\"><\/iframe><\/p>\n<p>&nbsp;<\/p>\n<p>&nbsp;<\/p>\n<hr \/>\n<p>&nbsp;<\/p>\n<blockquote>\n<h3>SCIOPERO NAZIONALE: LA MANIFESTAZIONE DI BELLUNO<\/h3>\n<\/blockquote>\n<p><strong>DI MARINA DONA&#8217;<\/strong><\/p>\n<p><strong>BELLUNO<\/strong> Sciopero generale del 29 novembre 2024 indetto da CGIL e UIL contro la manovra del governo. Manifestazione congiunta a Treviso da parte delle due sigle sindacali, la UIL ha voluto manifestare anche a Belluno nella prima mattinata.<\/p>\n<p><strong>IL SERVIZIO<\/strong><\/p>\n<audio class=\"wp-audio-shortcode\" id=\"audio-422022-11\" preload=\"none\" style=\"width: 100%;\" controls=\"controls\"><source type=\"audio\/mpeg\" src=\"https:\/\/www.radiopiu.net\/wordpress\/wp-content\/uploads\/2024\/11\/SERVIZIO-SCIOPERO-29-NOVEMBRE-MANIFESRAZIONE-A-BELLUNO.mp3?_=11\" \/><a href=\"https:\/\/www.radiopiu.net\/wordpress\/wp-content\/uploads\/2024\/11\/SERVIZIO-SCIOPERO-29-NOVEMBRE-MANIFESRAZIONE-A-BELLUNO.mp3\">https:\/\/www.radiopiu.net\/wordpress\/wp-content\/uploads\/2024\/11\/SERVIZIO-SCIOPERO-29-NOVEMBRE-MANIFESRAZIONE-A-BELLUNO.mp3<\/a><\/audio>\n<p>&nbsp;<\/p>\n\n\t\t\t<style type='text\/css'>\n\t\t\t\t#gallery-2 {\n\t\t\t\t\tmargin: auto;\n\t\t\t\t}\n\t\t\t\t#gallery-2 .gallery-item {\n\t\t\t\t\tfloat: left;\n\t\t\t\t\tmargin-top: 10px;\n\t\t\t\t\ttext-align: center;\n\t\t\t\t\twidth: 25%;\n\t\t\t\t}\n\t\t\t\t#gallery-2 img {\n\t\t\t\t\tborder: 2px solid #cfcfcf;\n\t\t\t\t}\n\t\t\t\t#gallery-2 .gallery-caption {\n\t\t\t\t\tmargin-left: 0;\n\t\t\t\t}\n\t\t\t\t\/* see gallery_shortcode() in wp-includes\/media.php *\/\n\t\t\t<\/style>\n\t\t<div id='gallery-2' class='dt-gallery-container gallery galleryid-422022 gallery-columns-4 gallery-size-medium'><dl class='gallery-item'>\n\t\t\t\t<dt class='gallery-icon landscape'>\n\t\t\t\t\t<a class=\"rollover rollover-zoom dt-pswp-item\" title=\"4266dd83-08d8-4a41-b0f8-84c304874bb4\" data-dt-img-description=\"\" data-large_image_width=\"2048\" data-large_image_height=\"1518\"href='https:\/\/www.radiopiu.net\/wordpress\/wp-content\/uploads\/2024\/11\/4266dd83-08d8-4a41-b0f8-84c304874bb4.jpg'><img loading=\"lazy\" decoding=\"async\" width=\"300\" height=\"222\" src=\"https:\/\/www.radiopiu.net\/wordpress\/wp-content\/uploads\/2024\/11\/4266dd83-08d8-4a41-b0f8-84c304874bb4-300x222.jpg\" class=\"attachment-medium size-medium\" alt=\"\" srcset=\"https:\/\/www.radiopiu.net\/wordpress\/wp-content\/uploads\/2024\/11\/4266dd83-08d8-4a41-b0f8-84c304874bb4-300x222.jpg 300w, https:\/\/www.radiopiu.net\/wordpress\/wp-content\/uploads\/2024\/11\/4266dd83-08d8-4a41-b0f8-84c304874bb4-1024x759.jpg 1024w, https:\/\/www.radiopiu.net\/wordpress\/wp-content\/uploads\/2024\/11\/4266dd83-08d8-4a41-b0f8-84c304874bb4-768x569.jpg 768w, https:\/\/www.radiopiu.net\/wordpress\/wp-content\/uploads\/2024\/11\/4266dd83-08d8-4a41-b0f8-84c304874bb4-1536x1139.jpg 1536w, https:\/\/www.radiopiu.net\/wordpress\/wp-content\/uploads\/2024\/11\/4266dd83-08d8-4a41-b0f8-84c304874bb4.jpg 2048w\" sizes=\"auto, (max-width: 300px) 100vw, 300px\" \/><\/a>\n\t\t\t\t<\/dt><\/dl><dl class='gallery-item'>\n\t\t\t\t<dt class='gallery-icon landscape'>\n\t\t\t\t\t<a class=\"rollover rollover-zoom dt-pswp-item\" title=\"061bb33d-88de-4b8a-b93e-3fef2a469f2a\" data-dt-img-description=\"\" data-large_image_width=\"2048\" data-large_image_height=\"1536\"href='https:\/\/www.radiopiu.net\/wordpress\/wp-content\/uploads\/2024\/11\/061bb33d-88de-4b8a-b93e-3fef2a469f2a.jpg'><img loading=\"lazy\" decoding=\"async\" width=\"300\" height=\"225\" src=\"https:\/\/www.radiopiu.net\/wordpress\/wp-content\/uploads\/2024\/11\/061bb33d-88de-4b8a-b93e-3fef2a469f2a-300x225.jpg\" class=\"attachment-medium size-medium\" alt=\"\" srcset=\"https:\/\/www.radiopiu.net\/wordpress\/wp-content\/uploads\/2024\/11\/061bb33d-88de-4b8a-b93e-3fef2a469f2a-300x225.jpg 300w, https:\/\/www.radiopiu.net\/wordpress\/wp-content\/uploads\/2024\/11\/061bb33d-88de-4b8a-b93e-3fef2a469f2a-1024x768.jpg 1024w, https:\/\/www.radiopiu.net\/wordpress\/wp-content\/uploads\/2024\/11\/061bb33d-88de-4b8a-b93e-3fef2a469f2a-768x576.jpg 768w, https:\/\/www.radiopiu.net\/wordpress\/wp-content\/uploads\/2024\/11\/061bb33d-88de-4b8a-b93e-3fef2a469f2a-1536x1152.jpg 1536w, https:\/\/www.radiopiu.net\/wordpress\/wp-content\/uploads\/2024\/11\/061bb33d-88de-4b8a-b93e-3fef2a469f2a.jpg 2048w\" sizes=\"auto, (max-width: 300px) 100vw, 300px\" \/><\/a>\n\t\t\t\t<\/dt><\/dl><dl class='gallery-item'>\n\t\t\t\t<dt class='gallery-icon landscape'>\n\t\t\t\t\t<a class=\"rollover rollover-zoom dt-pswp-item\" title=\"fef190d8-4e3c-459f-8eb3-27cced98c41b\" data-dt-img-description=\"\" data-large_image_width=\"2048\" data-large_image_height=\"1536\"href='https:\/\/www.radiopiu.net\/wordpress\/wp-content\/uploads\/2024\/11\/fef190d8-4e3c-459f-8eb3-27cced98c41b.jpg'><img loading=\"lazy\" decoding=\"async\" width=\"300\" height=\"225\" src=\"https:\/\/www.radiopiu.net\/wordpress\/wp-content\/uploads\/2024\/11\/fef190d8-4e3c-459f-8eb3-27cced98c41b-300x225.jpg\" class=\"attachment-medium size-medium\" alt=\"\" srcset=\"https:\/\/www.radiopiu.net\/wordpress\/wp-content\/uploads\/2024\/11\/fef190d8-4e3c-459f-8eb3-27cced98c41b-300x225.jpg 300w, https:\/\/www.radiopiu.net\/wordpress\/wp-content\/uploads\/2024\/11\/fef190d8-4e3c-459f-8eb3-27cced98c41b-1024x768.jpg 1024w, https:\/\/www.radiopiu.net\/wordpress\/wp-content\/uploads\/2024\/11\/fef190d8-4e3c-459f-8eb3-27cced98c41b-768x576.jpg 768w, https:\/\/www.radiopiu.net\/wordpress\/wp-content\/uploads\/2024\/11\/fef190d8-4e3c-459f-8eb3-27cced98c41b-1536x1152.jpg 1536w, https:\/\/www.radiopiu.net\/wordpress\/wp-content\/uploads\/2024\/11\/fef190d8-4e3c-459f-8eb3-27cced98c41b.jpg 2048w\" sizes=\"auto, (max-width: 300px) 100vw, 300px\" \/><\/a>\n\t\t\t\t<\/dt><\/dl><dl class='gallery-item'>\n\t\t\t\t<dt class='gallery-icon landscape'>\n\t\t\t\t\t<a class=\"rollover rollover-zoom dt-pswp-item\" title=\"6d56c3c3-7a36-4889-bbe8-63675611bae7\" data-dt-img-description=\"\" data-large_image_width=\"2048\" data-large_image_height=\"1536\"href='https:\/\/www.radiopiu.net\/wordpress\/wp-content\/uploads\/2024\/11\/6d56c3c3-7a36-4889-bbe8-63675611bae7.jpg'><img loading=\"lazy\" decoding=\"async\" width=\"300\" height=\"225\" src=\"https:\/\/www.radiopiu.net\/wordpress\/wp-content\/uploads\/2024\/11\/6d56c3c3-7a36-4889-bbe8-63675611bae7-300x225.jpg\" class=\"attachment-medium size-medium\" alt=\"\" srcset=\"https:\/\/www.radiopiu.net\/wordpress\/wp-content\/uploads\/2024\/11\/6d56c3c3-7a36-4889-bbe8-63675611bae7-300x225.jpg 300w, https:\/\/www.radiopiu.net\/wordpress\/wp-content\/uploads\/2024\/11\/6d56c3c3-7a36-4889-bbe8-63675611bae7-1024x768.jpg 1024w, https:\/\/www.radiopiu.net\/wordpress\/wp-content\/uploads\/2024\/11\/6d56c3c3-7a36-4889-bbe8-63675611bae7-768x576.jpg 768w, https:\/\/www.radiopiu.net\/wordpress\/wp-content\/uploads\/2024\/11\/6d56c3c3-7a36-4889-bbe8-63675611bae7-1536x1152.jpg 1536w, https:\/\/www.radiopiu.net\/wordpress\/wp-content\/uploads\/2024\/11\/6d56c3c3-7a36-4889-bbe8-63675611bae7.jpg 2048w\" sizes=\"auto, (max-width: 300px) 100vw, 300px\" \/><\/a>\n\t\t\t\t<\/dt><\/dl><br style=\"clear: both\" \/>\n\t\t\t<\/div>\n\n<p>&nbsp;<\/p>\n<div style=\"width: 848px;\" class=\"wp-video\"><video class=\"wp-video-shortcode\" id=\"video-422022-1\" width=\"848\" height=\"480\" preload=\"metadata\" controls=\"controls\"><source type=\"video\/mp4\" src=\"https:\/\/www.radiopiu.net\/wordpress\/wp-content\/uploads\/2024\/11\/WhatsApp-Video-2024-11-29-at-19.56.19.mp4?_=1\" \/><a href=\"https:\/\/www.radiopiu.net\/wordpress\/wp-content\/uploads\/2024\/11\/WhatsApp-Video-2024-11-29-at-19.56.19.mp4\">https:\/\/www.radiopiu.net\/wordpress\/wp-content\/uploads\/2024\/11\/WhatsApp-Video-2024-11-29-at-19.56.19.mp4<\/a><\/video><\/div>\n<p>&nbsp;<\/p>\n<hr \/>\n<p>&nbsp;<\/p>\n<blockquote>\n<h2 class=\"_title post-title entry-title\">VOTO UNANIME PER LA CITTADINANZA ONORARIA AL SOCCORSO ALPINO<\/h2>\n<p>(Servizio di\u00a0<a href=\"https:\/\/antennatre.medianordest.it\/redazione\/Tiziana-Bolognani\/\">Tiziana Bolognani<\/a>)<\/p><\/blockquote>\n<p><iframe loading=\"lazy\" title=\"VOTO UNANIME PER LA CITTADINANZA ONORARIA AL SOCCORSO ALPINO | 29\/11\/2024\" width=\"1200\" height=\"675\" src=\"https:\/\/www.youtube.com\/embed\/RpySrCEgYvQ?feature=oembed\" frameborder=\"0\" allow=\"accelerometer; autoplay; clipboard-write; encrypted-media; gyroscope; picture-in-picture; web-share\" referrerpolicy=\"strict-origin-when-cross-origin\" allowfullscreen><\/iframe><\/p>\n<hr \/>\n<p>&nbsp;<\/p>\n<blockquote>\n<h3>Carabinieri e Cultura della Legalit\u00e0: incontro speciale con i ragazzi di Fiammoi<\/h3>\n<\/blockquote>\n<p><strong><a class=\"dt-pswp-item\" href=\"https:\/\/www.radiopiu.net\/wordpress\/wp-content\/uploads\/2024\/11\/20241126_1435320-scaled.jpeg\" data-dt-img-description=\"\" data-large_image_width=\"2560\" data-large_image_height=\"1920\"><img loading=\"lazy\" decoding=\"async\" class=\" wp-image-422089 alignleft\" src=\"https:\/\/www.radiopiu.net\/wordpress\/wp-content\/uploads\/2024\/11\/20241126_1435320-300x225.jpeg\" alt=\"\" width=\"219\" height=\"164\" srcset=\"https:\/\/www.radiopiu.net\/wordpress\/wp-content\/uploads\/2024\/11\/20241126_1435320-300x225.jpeg 300w, https:\/\/www.radiopiu.net\/wordpress\/wp-content\/uploads\/2024\/11\/20241126_1435320-1024x768.jpeg 1024w, https:\/\/www.radiopiu.net\/wordpress\/wp-content\/uploads\/2024\/11\/20241126_1435320-768x576.jpeg 768w, https:\/\/www.radiopiu.net\/wordpress\/wp-content\/uploads\/2024\/11\/20241126_1435320-1536x1152.jpeg 1536w, https:\/\/www.radiopiu.net\/wordpress\/wp-content\/uploads\/2024\/11\/20241126_1435320-2048x1536.jpeg 2048w\" sizes=\"auto, (max-width: 219px) 100vw, 219px\" \/><\/a>BELLUNO<\/strong> Il 26 novembre i Carabinieri di Belluno hanno incontrato gli studenti della quinta elementare della Scuola Primaria &#8220;E. Rudio&#8221; di Fiammoi per promuovere la \u201cCultura della Legalit\u00e0\u201d. Il Maggiore Giovanni Meriano e una pattuglia del N.O.R. hanno presentato il lavoro dell\u2019Arma, mostrando un\u2019Alfa Romeo Giulia e le sue dotazioni operative, suscitando grande curiosit\u00e0 nei ragazzi. In aula, l\u2019attenzione si \u00e8 spostata sull\u2019importanza delle regole e del rispetto reciproco. Meriano ha sottolineato il valore di sensibilizzare i giovani fin da piccoli per costruire cittadini consapevoli. Gli studenti, coinvolti e interessati, hanno chiesto un nuovo incontro entro fine anno, proposta accolta con entusiasmo dai Carabinieri, che hanno apprezzato l\u2019interazione e l\u2019entusiasmo dimostrato.<\/p>\n<p>&nbsp;<\/p>\n<hr \/>\n<p>&nbsp;<\/p>\n<blockquote>\n<h2>SKI AREA SAN PELLEGRINO&#8230; DA OGGI SI SCIA<\/h2>\n<\/blockquote>\n<p><strong><img loading=\"lazy\" decoding=\"async\" class=\"alignleft\" src=\"https:\/\/www.radiopiu.net\/wordpress\/wp-content\/uploads\/2024\/11\/c38cf527-0bc1-43ca-9147-e10b7239a310-300x300.webp\" width=\"203\" height=\"203\" \/>FALCADE<\/strong> Uno spettacolo anche ieri sera, al tramonto, da Falcade guardando su si vedevano le &#8220;nuvole&#8221; di neve, frutto dell&#8217;impianto di innevamento artificiale che da oggi, garantir\u00e0 le prime sciate.\u00a0 Buona stagione a tutti! Agli imprenditori della risalita, a tutte le maestranze impegnate, dai manutentori, gattisti, segretarie&#8230; etc.. La prossima settimana sar\u00e0 la volta di Alleghe e comprensorio Civetta.<\/p>\n<p>&nbsp;<\/p>\n<p>&nbsp;<\/p>\n<p>&nbsp;<\/p>\n<p>&nbsp;<\/p>\n<h2>INIZIA LA STAGIONE SCIISTICA NELLA SKI AREA SAN PELLEGRINO<\/h2>\n<p><strong><a class=\"dt-pswp-item\" href=\"https:\/\/www.radiopiu.net\/wordpress\/wp-content\/uploads\/2018\/03\/ski-area-san-pellegrino_21-marzo.jpg\" data-dt-img-description=\"\" data-large_image_width=\"1600\" data-large_image_height=\"1200\"><img loading=\"lazy\" decoding=\"async\" class=\" wp-image-45211 alignleft\" src=\"https:\/\/www.radiopiu.net\/wordpress\/wp-content\/uploads\/2018\/03\/ski-area-san-pellegrino_21-marzo-300x225.jpg\" alt=\"\" width=\"168\" height=\"126\" srcset=\"https:\/\/www.radiopiu.net\/wordpress\/wp-content\/uploads\/2018\/03\/ski-area-san-pellegrino_21-marzo-300x225.jpg 300w, https:\/\/www.radiopiu.net\/wordpress\/wp-content\/uploads\/2018\/03\/ski-area-san-pellegrino_21-marzo-768x576.jpg 768w, https:\/\/www.radiopiu.net\/wordpress\/wp-content\/uploads\/2018\/03\/ski-area-san-pellegrino_21-marzo-1024x768.jpg 1024w, https:\/\/www.radiopiu.net\/wordpress\/wp-content\/uploads\/2018\/03\/ski-area-san-pellegrino_21-marzo.jpg 1600w\" sizes=\"auto, (max-width: 168px) 100vw, 168px\" \/><\/a>DI MIRKO MEZZACASA<\/strong><\/p>\n<p>OSPITE: Mirco Tancon<\/p>\n<audio class=\"wp-audio-shortcode\" id=\"audio-422022-12\" preload=\"none\" style=\"width: 100%;\" controls=\"controls\"><source type=\"audio\/mpeg\" src=\"https:\/\/www.radiopiu.net\/wordpress\/wp-content\/uploads\/2024\/11\/mirco-tancon-pre-stagione.mp3?_=12\" \/><a href=\"https:\/\/www.radiopiu.net\/wordpress\/wp-content\/uploads\/2024\/11\/mirco-tancon-pre-stagione.mp3\">https:\/\/www.radiopiu.net\/wordpress\/wp-content\/uploads\/2024\/11\/mirco-tancon-pre-stagione.mp3<\/a><\/audio>\n<p>&nbsp;<\/p>\n<blockquote>\n<h2><a class=\"dt-pswp-item\" href=\"https:\/\/www.radiopiu.net\/wordpress\/wp-content\/uploads\/2019\/12\/SKICIVETTA-1-1.jpg\" data-dt-img-description=\"\" data-large_image_width=\"1772\" data-large_image_height=\"1179\"><img loading=\"lazy\" decoding=\"async\" class=\"wp-image-108969 alignleft\" src=\"https:\/\/www.radiopiu.net\/wordpress\/wp-content\/uploads\/2019\/12\/SKICIVETTA-1-1-300x200.jpg\" alt=\"\" width=\"162\" height=\"108\" srcset=\"https:\/\/www.radiopiu.net\/wordpress\/wp-content\/uploads\/2019\/12\/SKICIVETTA-1-1-300x200.jpg 300w, https:\/\/www.radiopiu.net\/wordpress\/wp-content\/uploads\/2019\/12\/SKICIVETTA-1-1-1024x681.jpg 1024w, https:\/\/www.radiopiu.net\/wordpress\/wp-content\/uploads\/2019\/12\/SKICIVETTA-1-1-768x511.jpg 768w, https:\/\/www.radiopiu.net\/wordpress\/wp-content\/uploads\/2019\/12\/SKICIVETTA-1-1-1536x1022.jpg 1536w, https:\/\/www.radiopiu.net\/wordpress\/wp-content\/uploads\/2019\/12\/SKICIVETTA-1-1.jpg 1772w\" sizes=\"auto, (max-width: 162px) 100vw, 162px\" \/><\/a>AD ALLEGHE, LA STAGIONE INIZIERA&#8217; IL PROSSIMO 7 DICEMBRE<\/h2>\n<\/blockquote>\n<p>L\u2019apertura delle piste ad Alleghe e nel comprensorio Civetta, prevista per il 30 novembre, \u00e8 rinviata al 7 dicembre a causa delle temperature elevate che hanno rallentato la preparazione delle piste.<\/p>\n<p>&nbsp;<\/p>\n<p>&nbsp;<\/p>\n<hr \/>\n<p>&nbsp;<\/p>\n<blockquote>\n<h3>IL BILANCIO PREVISIONALE DEL COMUNE DI BELLUNO PER IL 2025\/27<\/h3>\n<\/blockquote>\n<p><a class=\"dt-pswp-item\" href=\"https:\/\/www.radiopiu.net\/wordpress\/wp-content\/uploads\/2022\/02\/Palazzo-Rosso-illuminato-scaled.jpg\" data-dt-img-description=\"ACCESO\" data-large_image_width=\"2560\" data-large_image_height=\"1707\"><img loading=\"lazy\" decoding=\"async\" class=\"alignleft wp-image-259024 \" src=\"https:\/\/www.radiopiu.net\/wordpress\/wp-content\/uploads\/2022\/02\/Palazzo-Rosso-illuminato-300x200.jpg\" alt=\"\" width=\"183\" height=\"122\" srcset=\"https:\/\/www.radiopiu.net\/wordpress\/wp-content\/uploads\/2022\/02\/Palazzo-Rosso-illuminato-300x200.jpg 300w, https:\/\/www.radiopiu.net\/wordpress\/wp-content\/uploads\/2022\/02\/Palazzo-Rosso-illuminato-1024x683.jpg 1024w, https:\/\/www.radiopiu.net\/wordpress\/wp-content\/uploads\/2022\/02\/Palazzo-Rosso-illuminato-768x512.jpg 768w, https:\/\/www.radiopiu.net\/wordpress\/wp-content\/uploads\/2022\/02\/Palazzo-Rosso-illuminato-1536x1024.jpg 1536w, https:\/\/www.radiopiu.net\/wordpress\/wp-content\/uploads\/2022\/02\/Palazzo-Rosso-illuminato-2048x1365.jpg 2048w\" sizes=\"auto, (max-width: 183px) 100vw, 183px\" \/><\/a><strong>BELLUNO<\/strong> Il sindaco di Belluno, Oscar De Pellegrin, ha commentato il bilancio di previsione 2025-2027, sottolineando che non ci saranno tagli ai servizi e che sono stati stanziati 2 milioni in pi\u00f9 per il sociale. Il bilancio, preciso e calibrato, assicura il sostegno alle fasce fragili, con un aumento delle esenzioni Irpef. De Pellegrin ha anche evidenziato l&#8217;importanza di un bilancio equilibrato in tempi di difficolt\u00e0 economiche e l&#8217;impegno di fare scelte politiche chiare per mantenere la citt\u00e0 operativa. Il vice sindaco Paolo Gamba ha ringraziato gli uffici e i revisori dei conti per aver lavorato in anticipo. Il bilancio, che rispecchia le priorit\u00e0 dell&#8217;Amministrazione, \u00e8 influenzato da fattori esterni come l&#8217;inflazione, l&#8217;aumento dei costi e le incertezze geopolitiche. Nonostante queste difficolt\u00e0, il Comune \u00e8 riuscito a mantenere l&#8217;equilibrio di bilancio, assicurando trasparenza e prudenza nelle previsioni.<\/p>\n<h1 class=\"_title post-title entry-title\"><\/h1>\n<h1 class=\"_title post-title entry-title\">BILANCIO DI PREVISIONE, DE PELLEGRIN: \u00abCITTADINI SOVRANI, SARANNO LORO A GIUDICARCI\u00bb<\/h1>\n<p>Intervistati OSCAR DE PELLEGRIN (SINDACO DI BELLUNO) (Servizio di\u00a0<a href=\"https:\/\/antennatre.medianordest.it\/redazione\/Tiziana-Bolognani\/\">Tiziana Bolognani<\/a>)<\/p>\n<p><iframe loading=\"lazy\" title=\"BILANCIO DI PREVISIONE, DE PELLEGRIN: \u00abCITTADINI SOVRANI, SARANNO LORO A GIUDICARCI\u00bb | 29\/11\/2024\" width=\"1200\" height=\"675\" src=\"https:\/\/www.youtube.com\/embed\/5455UqDYcjQ?feature=oembed\" frameborder=\"0\" allow=\"accelerometer; autoplay; clipboard-write; encrypted-media; gyroscope; picture-in-picture; web-share\" referrerpolicy=\"strict-origin-when-cross-origin\" allowfullscreen><\/iframe><\/p>\n<h1><\/h1>\n<h1 class=\"_title post-title entry-title\">PALAZZO ROSSO: IN CONSIGLIO PASSA IL PREVISIONALE DI \u2018LACRIME E SANGUE\u2019<\/h1>\n<p>Intervistati CLAUDIA BETTIOL (CAPOGRUPPO PD), SANDRA MELLA (CAPOGRUPPO PATTO PER BELLUNO), PAOLO GAMBA (VICE SINDACO E ASSESSORE BILANCIO COMUNE DI BELLUNO) (Servizio di\u00a0<a href=\"https:\/\/antennatre.medianordest.it\/redazione\/Tiziana-Bolognani\/\">Tiziana Bolognani<\/a>)<\/p>\n<p><iframe loading=\"lazy\" title=\"PALAZZO ROSSO: IN CONSIGLIO PASSA IL PREVISIONALE DI &#039;LACRIME E SANGUE&#039; | 29\/11\/2024\" width=\"1200\" height=\"675\" src=\"https:\/\/www.youtube.com\/embed\/IkCvHokotpA?feature=oembed\" frameborder=\"0\" allow=\"accelerometer; autoplay; clipboard-write; encrypted-media; gyroscope; picture-in-picture; web-share\" referrerpolicy=\"strict-origin-when-cross-origin\" allowfullscreen><\/iframe><\/p>\n<p>&nbsp;<\/p>\n<p>&nbsp;<\/p>\n<hr \/>\n<p>&nbsp;<\/p>\n<blockquote>\n<h3>DMO DOLOMITI E FONDAZIONE CORTINA INSIEME PER MILANO CORTINA 2026<\/h3>\n<\/blockquote>\n<p><strong><a class=\"dt-pswp-item\" href=\"https:\/\/www.radiopiu.net\/wordpress\/wp-content\/uploads\/2021\/03\/LOGO-MILANO-CORTINA-2026.jpg\" data-dt-img-description=\"\" data-large_image_width=\"900\" data-large_image_height=\"838\"><img loading=\"lazy\" decoding=\"async\" class=\" wp-image-200160 alignleft\" src=\"https:\/\/www.radiopiu.net\/wordpress\/wp-content\/uploads\/2021\/03\/LOGO-MILANO-CORTINA-2026-300x279.jpg\" alt=\"\" width=\"158\" height=\"147\" \/><\/a>BELLUNO<\/strong> DMO Dolomiti Bellunesi e Fondazione Cortina insieme nel viaggio che porter\u00e0 la Regina delle Dolomiti e l&#8217;intera provincia alle Olimpiadi e Paralimpiadi 2026. Sport, certo, ma anche tanta promozione.<\/p>\n<p><strong>DI DANIELE DALVIT<\/strong><\/p>\n<audio class=\"wp-audio-shortcode\" id=\"audio-422022-13\" preload=\"none\" style=\"width: 100%;\" controls=\"controls\"><source type=\"audio\/mpeg\" src=\"https:\/\/www.radiopiu.net\/wordpress\/wp-content\/uploads\/2024\/11\/Servizio-Olimpiadi-DMO-e-Fondazione-Cortina.mp3?_=13\" \/><a href=\"https:\/\/www.radiopiu.net\/wordpress\/wp-content\/uploads\/2024\/11\/Servizio-Olimpiadi-DMO-e-Fondazione-Cortina.mp3\">https:\/\/www.radiopiu.net\/wordpress\/wp-content\/uploads\/2024\/11\/Servizio-Olimpiadi-DMO-e-Fondazione-Cortina.mp3<\/a><\/audio>\n<p>&nbsp;<\/p>\n<hr \/>\n<p>&nbsp;<\/p>\n<blockquote>\n<h3>INCONTINENZE E STOMIE: INCONTRO CON LA CITTADINANZA<\/h3>\n<\/blockquote>\n<p><strong>BELLUNO <\/strong>L\u2019Ulss Dolomiti organizza l\u2019incontro <em>\u201cIncontinenze e stomie. Conoscere per capire, capire per affrontare\u201d<\/em>, venerd\u00ec, dalle 16.30 alle 19.00 nella Sala Convegni dell\u2019Ospedale di Feltre. L\u2019evento, rivolto a medici e cittadini, mira a sensibilizzare su temi come incontinenza urinaria e fecale, stomie e riabilitazione. Interverranno esperti in chirurgia, urologia, ginecologia, fisiatria e dietetica, affrontando cause, soluzioni e percorsi riabilitativi. In Italia si stimano 75.000 persone con stomia e oltre 5 milioni con incontinenza, condizioni spesso tab\u00f9 con impatti significativi sulla vita personale e sociale. L\u2019obiettivo \u00e8 rimuovere pregiudizi, favorire la conoscenza e valorizzare il ruolo delle associazioni di pazienti. L\u2019Ulss Dolomiti supporta circa 250 pazienti nei suoi ambulatori provinciali.<\/p>\n<p>&nbsp;<\/p>\n<p>&nbsp;<\/p>\n<hr \/>\n<p>&nbsp;<\/p>\n<blockquote>\n<h3>UN INCONTRO SUL GIOCO D&#8217;AZZARDO A CALALZO DI CADORE<\/h3>\n<\/blockquote>\n<p><strong><a class=\"dt-pswp-item\" href=\"https:\/\/www.radiopiu.net\/wordpress\/wp-content\/uploads\/2021\/03\/ULSS-1.jpg\" data-dt-img-description=\"\" data-large_image_width=\"776\" data-large_image_height=\"408\"><img loading=\"lazy\" decoding=\"async\" class=\" wp-image-198838 alignleft\" src=\"https:\/\/www.radiopiu.net\/wordpress\/wp-content\/uploads\/2021\/03\/ULSS-1-300x158.jpg\" alt=\"\" width=\"177\" height=\"93\" srcset=\"https:\/\/www.radiopiu.net\/wordpress\/wp-content\/uploads\/2021\/03\/ULSS-1-300x158.jpg 300w, https:\/\/www.radiopiu.net\/wordpress\/wp-content\/uploads\/2021\/03\/ULSS-1-768x404.jpg 768w, https:\/\/www.radiopiu.net\/wordpress\/wp-content\/uploads\/2021\/03\/ULSS-1.jpg 776w\" sizes=\"auto, (max-width: 177px) 100vw, 177px\" \/><\/a>BELLUNO<\/strong> Il Dipartimento per le Dipendenze dell\u2019Ulss Dolomiti organizza il secondo incontro del Progetto di contrasto al Gioco d\u2019Azzardo, intitolato <em>\u201cIl nostro denaro: l\u2019azzardo, un gioco a perdere!\u201d<\/em>. L&#8217;evento si terr\u00e0 luned\u00ec 2 dicembre 2024 alle 20:00 nella Sala Consiliare del Comune di Calalzo di Cadore. L&#8217;incontro, aperto a cittadini e familiari, mira a sensibilizzare sul gioco d\u2019azzardo patologico, affrontando temi come la gestione del denaro e i segnali di allarme. Interverranno esperti in educazione finanziaria e professionisti del Dipartimento Dipendenze. Il sindaco Luca Fanton ha evidenziato l\u2019importanza di questi eventi per supportare le famiglie coinvolte e favorire l\u2019accesso ai servizi di aiuto.<\/p>\n<p>&nbsp;<\/p>\n<p>&nbsp;<\/p>\n<hr \/>\n<p>&nbsp;<\/p>\n<blockquote>\n<h3>NUOVI ARREDI PER L\u2019HOSPICE LE VETTE DI FELTRE GRAZIE AL CONTRIBUTO DEL LIONS<\/h3>\n<\/blockquote>\n<p><strong><a class=\"dt-pswp-item\" href=\"https:\/\/www.radiopiu.net\/wordpress\/wp-content\/uploads\/2024\/11\/Lions-Hospice-le-vette-Feltre-2024_-foto-gruppo.jpg\" data-dt-img-description=\"\" data-large_image_width=\"2040\" data-large_image_height=\"1148\"><img loading=\"lazy\" decoding=\"async\" class=\" wp-image-422105 alignleft\" src=\"https:\/\/www.radiopiu.net\/wordpress\/wp-content\/uploads\/2024\/11\/Lions-Hospice-le-vette-Feltre-2024_-foto-gruppo-300x169.jpg\" alt=\"\" width=\"201\" height=\"113\" srcset=\"https:\/\/www.radiopiu.net\/wordpress\/wp-content\/uploads\/2024\/11\/Lions-Hospice-le-vette-Feltre-2024_-foto-gruppo-300x169.jpg 300w, https:\/\/www.radiopiu.net\/wordpress\/wp-content\/uploads\/2024\/11\/Lions-Hospice-le-vette-Feltre-2024_-foto-gruppo-1024x576.jpg 1024w, https:\/\/www.radiopiu.net\/wordpress\/wp-content\/uploads\/2024\/11\/Lions-Hospice-le-vette-Feltre-2024_-foto-gruppo-768x432.jpg 768w, https:\/\/www.radiopiu.net\/wordpress\/wp-content\/uploads\/2024\/11\/Lions-Hospice-le-vette-Feltre-2024_-foto-gruppo-1536x864.jpg 1536w, https:\/\/www.radiopiu.net\/wordpress\/wp-content\/uploads\/2024\/11\/Lions-Hospice-le-vette-Feltre-2024_-foto-gruppo.jpg 2040w\" sizes=\"auto, (max-width: 201px) 100vw, 201px\" \/><\/a>FELTRE<\/strong> Mercoled\u00ec 27 novembre sono stati inaugurati i nuovi arredi dell\u2019Hospice Le Vette di Feltre, grazie al contributo dei Lions Club feltrini e della Fondazione Lions International. L\u2019ingresso \u00e8 stato rinnovato con dipinti realizzati dai ragazzi del centro diurno Le Casette, mentre la sala soggiorno \u00e8 stata ammodernata con nuovi mobili e poltroncine. Alla cerimonia hanno partecipato i rappresentanti dei Lions e il commissario dell\u2019Ulss 1 Dolomiti, Giuseppe Dal Ben, che ha sottolineato l\u2019importanza del sostegno comunitario per garantire dignit\u00e0 e calore agli ospiti. Il responsabile delle cure palliative, dott. Giuseppe Zanne, ha evidenziato come il comfort ambientale migliori le relazioni tra pazienti, famiglie e operatori.<\/p>\n<p>&nbsp;<\/p>\n<p>&nbsp;<\/p>\n<hr \/>\n<p>&nbsp;<\/p>\n<blockquote>\n<h2>Festa per i Diplomati del Follador-De Rossi: Un Traguardo Celebrato con Emozione<\/h2>\n<\/blockquote>\n<p><strong><a class=\"dt-pswp-item\" href=\"https:\/\/www.radiopiu.net\/wordpress\/wp-content\/uploads\/2024\/11\/e47d9d23-9bb5-45c8-a4c5-178058c20dc8.jpg\" data-dt-img-description=\"\" data-large_image_width=\"1600\" data-large_image_height=\"720\"><img loading=\"lazy\" decoding=\"async\" class=\"size-medium wp-image-422179 alignleft\" src=\"https:\/\/www.radiopiu.net\/wordpress\/wp-content\/uploads\/2024\/11\/e47d9d23-9bb5-45c8-a4c5-178058c20dc8-300x135.jpg\" alt=\"\" width=\"300\" height=\"135\" srcset=\"https:\/\/www.radiopiu.net\/wordpress\/wp-content\/uploads\/2024\/11\/e47d9d23-9bb5-45c8-a4c5-178058c20dc8-300x135.jpg 300w, https:\/\/www.radiopiu.net\/wordpress\/wp-content\/uploads\/2024\/11\/e47d9d23-9bb5-45c8-a4c5-178058c20dc8-1024x461.jpg 1024w, https:\/\/www.radiopiu.net\/wordpress\/wp-content\/uploads\/2024\/11\/e47d9d23-9bb5-45c8-a4c5-178058c20dc8-768x346.jpg 768w, https:\/\/www.radiopiu.net\/wordpress\/wp-content\/uploads\/2024\/11\/e47d9d23-9bb5-45c8-a4c5-178058c20dc8-1536x691.jpg 1536w, https:\/\/www.radiopiu.net\/wordpress\/wp-content\/uploads\/2024\/11\/e47d9d23-9bb5-45c8-a4c5-178058c20dc8.jpg 1600w\" sizes=\"auto, (max-width: 300px) 100vw, 300px\" \/><\/a>FALCADE<\/strong> si \u00e8 tenuta a Falcade la tradizionale cerimonia di consegna dei Diplomi di Stato agli studenti che si sono diplomati nell&#8217; a.s.2023\/2024. La serata si \u00e8 aperta con un delizioso e variegato buffet di benvenuto, preparato magistralmente dai ragazzi dell&#8217; indirizzo Enogastronomico. Di seguito i diplomati con i loro familiari e molto insegnati che li hanno accompagnati in questi anni, si sono trasferiti presto la palestra Dolomiti, dove si \u00e8 svolta la cerimonia di consegna. La serata ha ospitato un toccante ricordo del prof. Fulvio Mazzarol, apprezzato docente della scuola al quale la famiglia ha voluto intitolare 4 borse di studio a beneficio di altrettanti studenti che hanno deciso di proseguire gli studi. I riconoscimenti sono andati ad Angelica Alchini, Asia Gabrielli, Enrico Scandiuzzi e Veronica Scanga.<\/p>\n<p>&nbsp;<\/p>\n<p>&nbsp;<\/p>\n<hr \/>\n<p>&nbsp;<\/p>\n<blockquote>\n<h3>UN INCONTRO PER PARLARE DI PACE CON I LIONS BELLUNESI<\/h3>\n<\/blockquote>\n<p><strong>PEDAVENA<\/strong> Gioved\u00ec 21 novembre, i Lions del bellunese si sono riuniti alla Birreria Pedavena per una conviviale dedicata alla riflessione sulla Pace. Il Governatore Ghaleb Ghanem ha evidenziato l\u2019impegno Lions, ricordando la Staffetta per la Pace dalle Dolomiti a Roma e proponendo un&#8217;iniziativa europea per candidare il &#8220;processo di Pace&#8221; a Patrimonio Immateriale UNESCO. La serata \u00e8 stata arricchita da approfondimenti artistici e musicali su Chagall e Beethoven, sottolineandone il messaggio di riconciliazione, e da una testimonianza personale di una docente di inglese di origine curda. Il preside dell\u2019Istituto Canossiano di Feltre ha proposto un progetto scolastico annuale sulla Pace. Il Presidente del Lions Feltre Host, Roberto Scoccia, ha ribadito l&#8217;importanza di creare dibattiti costanti su temi strategici per un futuro di pace e giustizia.<\/p>\n\n\t\t\t<style type='text\/css'>\n\t\t\t\t#gallery-3 {\n\t\t\t\t\tmargin: auto;\n\t\t\t\t}\n\t\t\t\t#gallery-3 .gallery-item {\n\t\t\t\t\tfloat: left;\n\t\t\t\t\tmargin-top: 10px;\n\t\t\t\t\ttext-align: center;\n\t\t\t\t\twidth: 33%;\n\t\t\t\t}\n\t\t\t\t#gallery-3 img {\n\t\t\t\t\tborder: 2px solid #cfcfcf;\n\t\t\t\t}\n\t\t\t\t#gallery-3 .gallery-caption {\n\t\t\t\t\tmargin-left: 0;\n\t\t\t\t}\n\t\t\t\t\/* see gallery_shortcode() in wp-includes\/media.php *\/\n\t\t\t<\/style>\n\t\t<div id='gallery-3' class='dt-gallery-container gallery galleryid-422022 gallery-columns-3 gallery-size-thumbnail'><dl class='gallery-item'>\n\t\t\t\t<dt class='gallery-icon landscape'>\n\t\t\t\t\t<a class=\"rollover rollover-zoom dt-pswp-item\" title=\"Immagine WhatsApp 2024-11-23 ore 22.55.11_4afafe05\" data-dt-img-description=\"\" data-large_image_width=\"1600\" data-large_image_height=\"1200\"href='https:\/\/www.radiopiu.net\/wordpress\/wp-content\/uploads\/2024\/11\/Immagine-WhatsApp-2024-11-23-ore-22.55.11_4afafe05.jpg'><img loading=\"lazy\" decoding=\"async\" width=\"150\" height=\"150\" src=\"https:\/\/www.radiopiu.net\/wordpress\/wp-content\/uploads\/2024\/11\/Immagine-WhatsApp-2024-11-23-ore-22.55.11_4afafe05-150x150.jpg\" class=\"attachment-thumbnail size-thumbnail\" alt=\"\" \/><\/a>\n\t\t\t\t<\/dt><\/dl><dl class='gallery-item'>\n\t\t\t\t<dt class='gallery-icon landscape'>\n\t\t\t\t\t<a class=\"rollover rollover-zoom dt-pswp-item\" title=\"Immagine WhatsApp 2024-11-23 ore 22.55.13_cac17186\" data-dt-img-description=\"\" data-large_image_width=\"1600\" data-large_image_height=\"1200\"href='https:\/\/www.radiopiu.net\/wordpress\/wp-content\/uploads\/2024\/11\/Immagine-WhatsApp-2024-11-23-ore-22.55.13_cac17186.jpg'><img loading=\"lazy\" decoding=\"async\" width=\"150\" height=\"150\" src=\"https:\/\/www.radiopiu.net\/wordpress\/wp-content\/uploads\/2024\/11\/Immagine-WhatsApp-2024-11-23-ore-22.55.13_cac17186-150x150.jpg\" class=\"attachment-thumbnail size-thumbnail\" alt=\"\" \/><\/a>\n\t\t\t\t<\/dt><\/dl><dl class='gallery-item'>\n\t\t\t\t<dt class='gallery-icon landscape'>\n\t\t\t\t\t<a class=\"rollover rollover-zoom dt-pswp-item\" title=\"Immagine WhatsApp 2024-11-23 ore 22.55.14_0b4a0b6e\" data-dt-img-description=\"\" data-large_image_width=\"1600\" data-large_image_height=\"1200\"href='https:\/\/www.radiopiu.net\/wordpress\/wp-content\/uploads\/2024\/11\/Immagine-WhatsApp-2024-11-23-ore-22.55.14_0b4a0b6e.jpg'><img loading=\"lazy\" decoding=\"async\" width=\"150\" height=\"150\" src=\"https:\/\/www.radiopiu.net\/wordpress\/wp-content\/uploads\/2024\/11\/Immagine-WhatsApp-2024-11-23-ore-22.55.14_0b4a0b6e-150x150.jpg\" class=\"attachment-thumbnail size-thumbnail\" alt=\"\" \/><\/a>\n\t\t\t\t<\/dt><\/dl><br style=\"clear: both\" \/>\n\t\t\t<\/div>\n\n<p>&nbsp;<\/p>\n<p>&nbsp;<\/p>\n<hr \/>\n<p>&nbsp;<\/p>\n<h2><span style=\"color: #ff0000;\">CONSIGLI COMUNALI IN AGORDINO<\/span><\/h2>\n<p><strong>COLLE SANTA LUCIA\u00a0<\/strong>Consiglio comunale oggi alle 7:30. Undici punti in discussione tra cui una variazione a bilancio, l&#8217;aliquota dell&#8217;addizionale comunale per il 2025, un aggiornamento al DUP e l&#8217;approvazione del bilancio di previsione 2025\/2027.<\/p>\n<p>&nbsp;<\/p>\n<p>&nbsp;<\/p>\n<hr \/>\n<p>&nbsp;<\/p>\n<blockquote>\n<h3>L&#8217;INAUGURAZIONE DEL CENTRO MEDICINA E ODONTOIATRIA VAL BIOIS DI FALCADE<\/h3>\n<\/blockquote>\n<p><strong>FALCADE<\/strong> \u00c8 stato inaugurato ufficialmente il Centro di Medicina e Odontoiatria Val Biois che vuole essere un punto di riferimento di servizi sanitari di qualit\u00e0 in tutto il territorio della Valle del Biois e dell\u2019Agordino. Il team del centro \u00e8 composto da professionisti esperti ed altamente qualificati che si occupano di odontoiatria per adulti e bambini, medicina estetica, medicina sportiva e della ricerca del benessere psico fisico tramite la corretta alimentazione e cura della psiche.<\/p>\n<p><strong>IL VIDEO<\/strong><\/p>\n<div style=\"width: 848px;\" class=\"wp-video\"><video class=\"wp-video-shortcode\" id=\"video-422022-2\" width=\"848\" height=\"480\" preload=\"metadata\" controls=\"controls\"><source type=\"video\/mp4\" src=\"https:\/\/www.radiopiu.net\/wordpress\/wp-content\/uploads\/2024\/11\/WhatsApp-Video-2024-11-29-at-20.14.50.mp4?_=2\" \/><a href=\"https:\/\/www.radiopiu.net\/wordpress\/wp-content\/uploads\/2024\/11\/WhatsApp-Video-2024-11-29-at-20.14.50.mp4\">https:\/\/www.radiopiu.net\/wordpress\/wp-content\/uploads\/2024\/11\/WhatsApp-Video-2024-11-29-at-20.14.50.mp4<\/a><\/video><\/div>\n<p>&nbsp;<\/p>\n<hr \/>\n<p>&nbsp;<\/p>\n<blockquote>\n<h3>DA OH PER BACCO WINE A CENCENIGHE CON CICCIO<\/h3>\n<\/blockquote>\n<p><strong>CENCENIGHE<\/strong> Il Nof Fil\u00f2 di Cencenighe \u00e8 stato il punto di riferimento per gli amanti del vino nello scorso fine settimana. Siamo andati Da Cristian &#8220;Ciccio&#8221; De Biasio all&#8217;Oh Per Bacco Wine per farci raccontare cosa \u00e8 successo nello scorso weekeend.<\/p>\n<div style=\"width: 848px;\" class=\"wp-video\"><video class=\"wp-video-shortcode\" id=\"video-422022-3\" width=\"848\" height=\"480\" preload=\"metadata\" controls=\"controls\"><source type=\"video\/mp4\" src=\"https:\/\/www.radiopiu.net\/wordpress\/wp-content\/uploads\/2024\/11\/WhatsApp-Video-2024-11-29-at-20.11.03.mp4?_=3\" \/><a href=\"https:\/\/www.radiopiu.net\/wordpress\/wp-content\/uploads\/2024\/11\/WhatsApp-Video-2024-11-29-at-20.11.03.mp4\">https:\/\/www.radiopiu.net\/wordpress\/wp-content\/uploads\/2024\/11\/WhatsApp-Video-2024-11-29-at-20.11.03.mp4<\/a><\/video><\/div>\n<p>&nbsp;<\/p>\n<hr \/>\n<p>&nbsp;<\/p>\n<blockquote>\n<h2>&#8220;Giornata Mondiale contro l\u2019AIDS: due appuntamenti a Belluno per sensibilizzare e informare&#8221;<\/h2>\n<\/blockquote>\n<p><a href=\"https:\/\/www.radiopiu.net\/wordpress\/wp-content\/uploads\/2024\/11\/088afd9d-bdde-456a-b57a-62108d125305.webp\"><img loading=\"lazy\" decoding=\"async\" class=\" wp-image-421804 alignleft\" src=\"https:\/\/www.radiopiu.net\/wordpress\/wp-content\/uploads\/2024\/11\/088afd9d-bdde-456a-b57a-62108d125305-300x171.webp\" alt=\"\" width=\"281\" height=\"160\" srcset=\"https:\/\/www.radiopiu.net\/wordpress\/wp-content\/uploads\/2024\/11\/088afd9d-bdde-456a-b57a-62108d125305-300x171.webp 300w, https:\/\/www.radiopiu.net\/wordpress\/wp-content\/uploads\/2024\/11\/088afd9d-bdde-456a-b57a-62108d125305-1024x585.webp 1024w, https:\/\/www.radiopiu.net\/wordpress\/wp-content\/uploads\/2024\/11\/088afd9d-bdde-456a-b57a-62108d125305-768x439.webp 768w, https:\/\/www.radiopiu.net\/wordpress\/wp-content\/uploads\/2024\/11\/088afd9d-bdde-456a-b57a-62108d125305-1536x878.webp 1536w, https:\/\/www.radiopiu.net\/wordpress\/wp-content\/uploads\/2024\/11\/088afd9d-bdde-456a-b57a-62108d125305.webp 1792w\" sizes=\"auto, (max-width: 281px) 100vw, 281px\" \/><\/a><strong>BELLUNO<\/strong><\/p>\n<p>Oggi il collettivo C.I.A.O. LGBTQ+ organizza due eventi a Belluno in occasione della Giornata Mondiale contro l\u2019AIDS (1\u00b0 dicembre). <strong>Mattina:<\/strong> in Piazza dei Martiri (9:00-13:00), gazebo informativo con esperti del Dipartimento di Prevenzione ULSS e test HIV gratuiti e anonimi grazie al camper dell&#8217;ULSS. <strong>Pomeriggio:<\/strong> alla Casa dei Beni Comuni (15:30-18:30), incontro con la Dott.ssa Daniela Piacentini e il Dott. Rodolfo Pessina per approfondire prevenzione, sesso sicuro e abbattere lo stigma sull\u2019HIV. Un\u2019occasione per promuovere consapevolezza, educazione sessuale e combattere i pregiudizi.<\/p>\n<p>&nbsp;<\/p>\n<p>&nbsp;<\/p>\n<hr \/>\n<p>&nbsp;<\/p>\n<blockquote>\n<h3>UN BANDO PER 1634 ALLIEVI FINANZIERI<\/h3>\n<\/blockquote>\n<p>La Guardia di Finanza ha pubblicato il bando di concorso per il reclutamento di 1634 allievi finanzieri per l&#8217;anno 2024. Il concorso si svolger\u00e0 per titoli ed esami.<\/p>\n<p>&nbsp;<\/p>\n<p>&nbsp;<\/p>\n<hr \/>\n<p>&nbsp;<\/p>\n<blockquote>\n<p data-pm-slice=\"1 1 []\"><strong>Concorso per 33 atleti nei gruppi sportivi Fiamme Oro della Polizia di Stato<\/strong><\/p>\n<\/blockquote>\n<p>Sul Portale Unico del reclutamento, all&#8217;indirizzo <a>www.inpa.gov.it<\/a> e sul sito <a>www.poliziadistato.it<\/a>, \u00e8 stato pubblicato il 14 novembre 2024 un bando di concorso pubblico per titoli, finalizzato all&#8217;assunzione di 33 atleti da destinare ai gruppi sportivi \u201cPolizia di Stato \u2013 Fiamme Oro\u201d. Gli atleti selezionati saranno inquadrati nel ruolo degli agenti e assistenti della Polizia di Stato, con qualifica di agente.<\/p>\n<p>&nbsp;<\/p>\n<p>&nbsp;<\/p>\n<hr \/>\n<p>&nbsp;<\/p>\n<blockquote>\n<h3><a class=\"dt-pswp-item\" href=\"https:\/\/www.radiopiu.net\/wordpress\/wp-content\/uploads\/2024\/11\/Unknown.jpeg\" data-dt-img-description=\"\" data-large_image_width=\"1080\" data-large_image_height=\"810\"><img loading=\"lazy\" decoding=\"async\" class=\" wp-image-421053 alignleft\" src=\"https:\/\/www.radiopiu.net\/wordpress\/wp-content\/uploads\/2024\/11\/Unknown-300x225.jpeg\" alt=\"\" width=\"191\" height=\"143\" srcset=\"https:\/\/www.radiopiu.net\/wordpress\/wp-content\/uploads\/2024\/11\/Unknown-300x225.jpeg 300w, https:\/\/www.radiopiu.net\/wordpress\/wp-content\/uploads\/2024\/11\/Unknown-1024x768.jpeg 1024w, https:\/\/www.radiopiu.net\/wordpress\/wp-content\/uploads\/2024\/11\/Unknown-768x576.jpeg 768w, https:\/\/www.radiopiu.net\/wordpress\/wp-content\/uploads\/2024\/11\/Unknown.jpeg 1080w\" sizes=\"auto, (max-width: 191px) 100vw, 191px\" \/><\/a>OGGI DONNE IN PERICOLO A BELLUNO<\/h3>\n<\/blockquote>\n<p><strong>BELLUNO<\/strong> Vittoria Belvedere, Bendicta Boccoli e Debora Caprioglio (in ordine alfabetico) oggi alle 20.45 interpreteranno \u201cDONNE IN PERICOLO\u201d della commediografa americana Wendy MacLeod nel secondo appuntamento della 48ma Stagione di Prosa del Circolo Cultura e Stampa Bellunese. Lo spettacolo, che si preannuncia esilarante, sta raggiungendo il sold out: \u00e8 possibile acquistare i biglietti rimasti online dal sito <a href=\"http:\/\/www.circoloculturaestampabellunese.it\">www.circoloculturaestampabellunese.it<\/a>, oppure la sera dello spettacolo dalle 19.30 al Botteghino del Teatro Comunale.<\/p>\n<p>&nbsp;<\/p>\n<hr \/>\n<p>&nbsp;<\/p>\n<blockquote><p><strong>Presentazione dell\u2019opera multimediale \u201cVajont: La fine di un\u2019epoca\u201d<\/strong><\/p><\/blockquote>\n<p><strong>BELLUNO<\/strong> Oggi alle 17:15, nella Sala Muccin del Centro Giovanni XXIII di Belluno, l\u2019Associazione culturale Tina Merlin presenta <strong>\u201cVajont: La fine di un\u2019epoca\u201d<\/strong>, opera multimediale di Marco De Biasi. Il lavoro intreccia musica, video, fotografia e testi narrativi per raccontare la tragedia del Vajont attraverso le voci dei sopravvissuti. Un\u2019opera che invita alla riflessione sul rapporto tra uomo e ambiente. Saranno presenti Roberto Padrin, sindaco di Longarone, e Mirta Amanda Barbonetti, che dialogher\u00e0 con l\u2019autore.<\/p>\n<p>&nbsp;<\/p>\n<hr \/>\n<p>&nbsp;<\/p>\n<blockquote>\n<h3>UN CONCERTO PER VITTORIO FENTI<\/h3>\n<\/blockquote>\n<p><strong class=\"photoswipe-wrapper\"><a class=\"dt-pswp-item pspw-wrap-ready\" href=\"https:\/\/www.radiopiu.net\/wordpress\/wp-content\/uploads\/2024\/11\/541f118a-8f00-44dd-91dd-13dcb4ddbd0d.jpg\" data-dt-img-description=\"\" data-large_image_width=\"1280\" data-large_image_height=\"1600\"><img loading=\"lazy\" decoding=\"async\" class=\" wp-image-421808 alignleft\" src=\"https:\/\/www.radiopiu.net\/wordpress\/wp-content\/uploads\/2024\/11\/541f118a-8f00-44dd-91dd-13dcb4ddbd0d-240x300.jpg\" sizes=\"auto, (max-width: 213px) 100vw, 213px\" srcset=\"https:\/\/www.radiopiu.net\/wordpress\/wp-content\/uploads\/2024\/11\/541f118a-8f00-44dd-91dd-13dcb4ddbd0d-240x300.jpg 240w, https:\/\/www.radiopiu.net\/wordpress\/wp-content\/uploads\/2024\/11\/541f118a-8f00-44dd-91dd-13dcb4ddbd0d-819x1024.jpg 819w, https:\/\/www.radiopiu.net\/wordpress\/wp-content\/uploads\/2024\/11\/541f118a-8f00-44dd-91dd-13dcb4ddbd0d-768x960.jpg 768w, https:\/\/www.radiopiu.net\/wordpress\/wp-content\/uploads\/2024\/11\/541f118a-8f00-44dd-91dd-13dcb4ddbd0d-1229x1536.jpg 1229w, https:\/\/www.radiopiu.net\/wordpress\/wp-content\/uploads\/2024\/11\/541f118a-8f00-44dd-91dd-13dcb4ddbd0d.jpg 1280w\" alt=\"\" width=\"181\" height=\"226\" \/><\/a>AGORDO<\/strong> il Circolo Culturale Agordino organizza in sala Tamis, ad Agordo, per venerd\u00ec 6 dicembre 2024 alle ore 20e30, una serata concerto con riconoscimento a Vittorio Fenti, quale persona che si \u00e8 sempre adoperata e impegnata per la collettivit\u00e0, rispondendo sempre con grande disponibilit\u00e0 ai bisogni del territorio affidandosi alla sua preparazione e competenza.<\/p>\n<p>&nbsp;<\/p>\n<p>&nbsp;<\/p>\n<p>&nbsp;<\/p>\n<p><strong>DI GIANNI SANTOMASO<\/strong><\/p>\n<audio class=\"wp-audio-shortcode\" id=\"audio-422022-14\" preload=\"none\" style=\"width: 100%;\" controls=\"controls\"><source type=\"audio\/mpeg\" src=\"https:\/\/www.radiopiu.net\/wordpress\/wp-content\/uploads\/2024\/11\/GIANNI-CONCERTO-VITTORIO-FENTI.mp3?_=14\" \/><a href=\"https:\/\/www.radiopiu.net\/wordpress\/wp-content\/uploads\/2024\/11\/GIANNI-CONCERTO-VITTORIO-FENTI.mp3\">https:\/\/www.radiopiu.net\/wordpress\/wp-content\/uploads\/2024\/11\/GIANNI-CONCERTO-VITTORIO-FENTI.mp3<\/a><\/audio>\n<p>&nbsp;<\/p>\n<p>&nbsp;<\/p>\n<hr \/>\n<p>&nbsp;<\/p>\n<blockquote><p><strong><a class=\"dt-pswp-item\" href=\"https:\/\/www.radiopiu.net\/wordpress\/wp-content\/uploads\/2024\/11\/AMICI-MINERARI.png\" data-dt-img-description=\"\" data-large_image_width=\"209\" data-large_image_height=\"174\"><img loading=\"lazy\" decoding=\"async\" class=\"size-full wp-image-419180 alignleft\" src=\"https:\/\/www.radiopiu.net\/wordpress\/wp-content\/uploads\/2024\/11\/AMICI-MINERARI.png\" alt=\"\" width=\"209\" height=\"174\" \/><\/a>&#8220;Con gli Amici dei Minerari: Serate d&#8217;Inverno \u2013 un viaggio tra storia, scienza e meraviglie. Incontri presso la Sala con T\u00e0-Mis. Non mancare!&#8221;<\/strong><\/p>\n<ul>\n<li><em>Venerd\u00ec 20 dicembre, ore 20:30<\/em>: &#8220;La morfogenesi delle frane&#8221; \u2013 Relatore Prof. Vittorio Fenti.<\/li>\n<li><em>Venerd\u00ec 24 gennaio, ore 20:30<\/em>: &#8220;Il meraviglioso mondo dei fossili delle Dolomiti&#8221; \u2013 Relatore Danilo Giordano.<\/li>\n<li><em>Venerd\u00ec 21 febbraio, ore 20:30<\/em>: &#8220;Il traforo del Brennero: studio, progettazione e realizzazione&#8221; \u2013 Relatori Vittorio Fenti e Mario Guadagnini.<\/li>\n<\/ul>\n<p><strong>Vivi la cultura e la passione per la montagna!<\/strong><\/p>\n<p>&nbsp;<\/p>\n<hr \/>\n<p>&nbsp;<\/p>\n<h1>SANTA BARBARA 2024 CON I PERITI MINERARI&#8230; CON GLI STUDENTI DEL FOLLADOR<\/h1>\n<\/blockquote>\n<p><strong>REDAZIONE<\/strong> Il prossimo sar\u00e0 un fine settimana di festa per i periti minerari, gli studenti del Follador di oggi, di ieri, i tanti affezionati all&#8217;Associazione Periti Minerari di Agordo.<br \/>\nSABATO 7 dicembre, in chiesa e in Sala Don Tamis, Santa Barabara con L&#8217;Apim e L&#8217;Istituto Follador De Rossi, consegna borse di studio e premio Le Miniere di Agordo VENERDI 6 E SABATO 7\u00a0 La festa al PalaFalcade con gli studenti del Follador, classe quinta A Minerari<\/p>\n<p><strong>Santa Barbara 2024, con l&#8217;associazione Periti Industriali Minerari e l&#8217;Istituto Follador-De Rossi.<\/strong><br \/>\nSABATO 7 DICEMBRE ad Agordo, chiesa arcidiaconale, ALLE 10 LA MESSA CON L&#8217;ACCOMPAGNAMENTO DELLA corale della Schola Cantorum di La Valle Agordina Alle 11 in sala Don T\u00e0mis, consegna delle borse di studio agli studenti meritevoli. Premiazione del concorso fotografico &#8220;le miniere di Agordo&#8221;. Al termine rinfresco offerto dall&#8217;Apim. L&#8217;associazione Periti Minerari di Agordo ringrazia quando hanno constribuito per le borse di studio e per la manifestazione.<\/p>\n\n\t\t\t<style type='text\/css'>\n\t\t\t\t#gallery-4 {\n\t\t\t\t\tmargin: auto;\n\t\t\t\t}\n\t\t\t\t#gallery-4 .gallery-item {\n\t\t\t\t\tfloat: left;\n\t\t\t\t\tmargin-top: 10px;\n\t\t\t\t\ttext-align: center;\n\t\t\t\t\twidth: 100%;\n\t\t\t\t}\n\t\t\t\t#gallery-4 img {\n\t\t\t\t\tborder: 2px solid #cfcfcf;\n\t\t\t\t}\n\t\t\t\t#gallery-4 .gallery-caption {\n\t\t\t\t\tmargin-left: 0;\n\t\t\t\t}\n\t\t\t\t\/* see gallery_shortcode() in wp-includes\/media.php *\/\n\t\t\t<\/style>\n\t\t<div id='gallery-4' class='dt-gallery-container gallery galleryid-422022 gallery-columns-1 gallery-size-medium'><dl class='gallery-item'>\n\t\t\t\t<dt class='gallery-icon portrait'>\n\t\t\t\t\t<a class=\"rollover rollover-zoom dt-pswp-item\" title=\"barbara\" data-dt-img-description=\"\" data-large_image_width=\"581\" data-large_image_height=\"720\"href='https:\/\/www.radiopiu.net\/wordpress\/wp-content\/uploads\/2024\/11\/barbara.png'><img loading=\"lazy\" decoding=\"async\" width=\"242\" height=\"300\" src=\"https:\/\/www.radiopiu.net\/wordpress\/wp-content\/uploads\/2024\/11\/barbara-242x300.png\" class=\"attachment-medium size-medium\" alt=\"\" srcset=\"https:\/\/www.radiopiu.net\/wordpress\/wp-content\/uploads\/2024\/11\/barbara-242x300.png 242w, https:\/\/www.radiopiu.net\/wordpress\/wp-content\/uploads\/2024\/11\/barbara.png 581w\" sizes=\"auto, (max-width: 242px) 100vw, 242px\" \/><\/a>\n\t\t\t\t<\/dt><\/dl><br style=\"clear: both\" \/>\n\t\t\t<\/div>\n\n<p>&nbsp;<\/p>\n<p>6 e 7 dicembre, PALAFALCADE in festa! Festa di Santa Barbara, con gli studenti della quinta A minerari!<br \/>\nVenerd\u00ec sera: si balla liscio con i Prestazione Occasionale! Sabato pomeriggio: ore 15, torneo di briscola e beer pong! Alle 18, apertura dell\u2019esclusivo Angolo del Vino. Dalle 21, si scatena la pista con Bass Line DJ! &#x26a1; Due giorni di divertimento, musica e tradizione. Non mancare! Palafalcade, ti aspetta!<\/p>\n<p>&nbsp;<\/p>\n\n\t\t\t<style type='text\/css'>\n\t\t\t\t#gallery-5 {\n\t\t\t\t\tmargin: auto;\n\t\t\t\t}\n\t\t\t\t#gallery-5 .gallery-item {\n\t\t\t\t\tfloat: left;\n\t\t\t\t\tmargin-top: 10px;\n\t\t\t\t\ttext-align: center;\n\t\t\t\t\twidth: 50%;\n\t\t\t\t}\n\t\t\t\t#gallery-5 img {\n\t\t\t\t\tborder: 2px solid #cfcfcf;\n\t\t\t\t}\n\t\t\t\t#gallery-5 .gallery-caption {\n\t\t\t\t\tmargin-left: 0;\n\t\t\t\t}\n\t\t\t\t\/* see gallery_shortcode() in wp-includes\/media.php *\/\n\t\t\t<\/style>\n\t\t<div id='gallery-5' class='dt-gallery-container gallery galleryid-422022 gallery-columns-2 gallery-size-medium'><dl class='gallery-item'>\n\t\t\t\t<dt class='gallery-icon portrait'>\n\t\t\t\t\t<a class=\"rollover rollover-zoom dt-pswp-item\" title=\"57a3778a-99b6-4687-8651-99a41c023a18\" data-dt-img-description=\"\" data-large_image_width=\"987\" data-large_image_height=\"1397\"href='https:\/\/www.radiopiu.net\/wordpress\/wp-content\/uploads\/2024\/11\/57a3778a-99b6-4687-8651-99a41c023a18.jpg'><img loading=\"lazy\" decoding=\"async\" width=\"212\" height=\"300\" src=\"https:\/\/www.radiopiu.net\/wordpress\/wp-content\/uploads\/2024\/11\/57a3778a-99b6-4687-8651-99a41c023a18-212x300.jpg\" class=\"attachment-medium size-medium\" alt=\"\" aria-describedby=\"gallery-5-422224\" srcset=\"https:\/\/www.radiopiu.net\/wordpress\/wp-content\/uploads\/2024\/11\/57a3778a-99b6-4687-8651-99a41c023a18-212x300.jpg 212w, https:\/\/www.radiopiu.net\/wordpress\/wp-content\/uploads\/2024\/11\/57a3778a-99b6-4687-8651-99a41c023a18-723x1024.jpg 723w, https:\/\/www.radiopiu.net\/wordpress\/wp-content\/uploads\/2024\/11\/57a3778a-99b6-4687-8651-99a41c023a18-768x1087.jpg 768w, https:\/\/www.radiopiu.net\/wordpress\/wp-content\/uploads\/2024\/11\/57a3778a-99b6-4687-8651-99a41c023a18.jpg 987w\" sizes=\"auto, (max-width: 212px) 100vw, 212px\" \/><\/a>\n\t\t\t\t<\/dt>\n\t\t\t\t\t<dd class='wp-caption-text gallery-caption' id='gallery-5-422224'>\n\t\t\t\t\tAL PALAFALCADE\n\t\t\t\t\t<\/dd><\/dl><dl class='gallery-item'>\n\t\t\t\t<dt class='gallery-icon landscape'>\n\t\t\t\t\t<a class=\"rollover rollover-zoom dt-pswp-item\" title=\"05cb4524-f499-4bfb-827e-8362489962c4\" data-dt-img-description=\"\" data-large_image_width=\"1553\" data-large_image_height=\"1553\"href='https:\/\/www.radiopiu.net\/wordpress\/wp-content\/uploads\/2024\/11\/05cb4524-f499-4bfb-827e-8362489962c4.jpg'><img loading=\"lazy\" decoding=\"async\" width=\"300\" height=\"300\" src=\"https:\/\/www.radiopiu.net\/wordpress\/wp-content\/uploads\/2024\/11\/05cb4524-f499-4bfb-827e-8362489962c4-300x300.jpg\" class=\"attachment-medium size-medium\" alt=\"\" srcset=\"https:\/\/www.radiopiu.net\/wordpress\/wp-content\/uploads\/2024\/11\/05cb4524-f499-4bfb-827e-8362489962c4-300x300.jpg 300w, https:\/\/www.radiopiu.net\/wordpress\/wp-content\/uploads\/2024\/11\/05cb4524-f499-4bfb-827e-8362489962c4-1024x1024.jpg 1024w, https:\/\/www.radiopiu.net\/wordpress\/wp-content\/uploads\/2024\/11\/05cb4524-f499-4bfb-827e-8362489962c4-150x150.jpg 150w, https:\/\/www.radiopiu.net\/wordpress\/wp-content\/uploads\/2024\/11\/05cb4524-f499-4bfb-827e-8362489962c4-768x768.jpg 768w, https:\/\/www.radiopiu.net\/wordpress\/wp-content\/uploads\/2024\/11\/05cb4524-f499-4bfb-827e-8362489962c4-1536x1536.jpg 1536w, https:\/\/www.radiopiu.net\/wordpress\/wp-content\/uploads\/2024\/11\/05cb4524-f499-4bfb-827e-8362489962c4.jpg 1553w\" sizes=\"auto, (max-width: 300px) 100vw, 300px\" \/><\/a>\n\t\t\t\t<\/dt><\/dl><br style=\"clear: both\" \/>\n\t\t\t<\/div>\n\n<blockquote><p>&nbsp;<\/p>\n<p>&nbsp;<\/p><\/blockquote>\n<hr \/>\n<p>&nbsp;<\/p>\n<blockquote>\n<h3>CON INSIEME SI PUO&#8217;<\/h3>\n<\/blockquote>\n<p><strong>BELLUNO <\/strong>La provincia ospiter\u00e0 due eventi dedicati alla situazione in Afghanistan, con particolare attenzione alla condizione femminile. Protagonista sar\u00e0 Shakiba, attivista di RAWA, che porter\u00e0 la testimonianza della resilienza delle donne afghane. Gli incontri approfondiranno i temi della libert\u00e0, dell\u2019autodeterminazione e dei progetti di riscatto femminile. Il secondo, &#8220;STORIE E SAPORI DALL\u2019AFGHANISTAN&#8221;, domani alle 16.30 a Ponte nelle Alpi. Entrambi gli eventi sono organizzati da &#8220;Insieme si pu\u00f2\u2026&#8221; con il supporto di associazioni locali per sensibilizzare e sostenere i diritti delle donne in Afghanistan.<\/p>\n<p>&nbsp;<\/p>\n<p>&nbsp;<\/p>\n<hr \/>\n<p>&nbsp;<\/p>\n<blockquote>\n<h3>BEPPE CASALES A FELTRE CON &#8220;CARA PROFESSORESSA&#8221;<\/h3>\n<\/blockquote>\n<p><strong><a class=\"dt-pswp-item\" href=\"https:\/\/www.radiopiu.net\/wordpress\/wp-content\/uploads\/2024\/11\/CaraProfessoressa.jpg\" data-dt-img-description=\"\" data-large_image_width=\"800\" data-large_image_height=\"467\"><img loading=\"lazy\" decoding=\"async\" class=\" wp-image-421992 alignleft\" src=\"https:\/\/www.radiopiu.net\/wordpress\/wp-content\/uploads\/2024\/11\/CaraProfessoressa-300x175.jpg\" alt=\"\" width=\"204\" height=\"119\" srcset=\"https:\/\/www.radiopiu.net\/wordpress\/wp-content\/uploads\/2024\/11\/CaraProfessoressa-300x175.jpg 300w, https:\/\/www.radiopiu.net\/wordpress\/wp-content\/uploads\/2024\/11\/CaraProfessoressa-768x448.jpg 768w, https:\/\/www.radiopiu.net\/wordpress\/wp-content\/uploads\/2024\/11\/CaraProfessoressa.jpg 800w\" sizes=\"auto, (max-width: 204px) 100vw, 204px\" \/><\/a>REDAZIONE<\/strong> Andr\u00e0 in scena oggi alle 21 all&#8217;Auditorium delle Cannossiane di Feltre lo spettacolo di Beppe Casales con &#8220;Cara Professoressa&#8221;<\/p>\n<p><strong>L&#8217;INVITO DI ROBERTO FAORO<\/strong><\/p>\n<audio class=\"wp-audio-shortcode\" id=\"audio-422022-15\" preload=\"none\" style=\"width: 100%;\" controls=\"controls\"><source type=\"audio\/mpeg\" src=\"https:\/\/www.radiopiu.net\/wordpress\/wp-content\/uploads\/2024\/11\/Roberto-Faoro.mp3?_=15\" \/><a href=\"https:\/\/www.radiopiu.net\/wordpress\/wp-content\/uploads\/2024\/11\/Roberto-Faoro.mp3\">https:\/\/www.radiopiu.net\/wordpress\/wp-content\/uploads\/2024\/11\/Roberto-Faoro.mp3<\/a><\/audio>\n<p>&nbsp;<\/p>\n<hr \/>\n<p>&nbsp;<\/p>\n<blockquote>\n<h3>OGGI IL CONCERTO IN RICORDO DI DONATO MANFROI<\/h3>\n<\/blockquote>\n<p><strong><a class=\"dt-pswp-item\" href=\"https:\/\/www.radiopiu.net\/wordpress\/wp-content\/uploads\/2024\/11\/f40064e2-49a6-41d4-8907-5dc9db80fe04.jpg\" data-dt-img-description=\"\" data-large_image_width=\"1414\" data-large_image_height=\"2000\"><img loading=\"lazy\" decoding=\"async\" class=\" wp-image-422111 alignleft\" src=\"https:\/\/www.radiopiu.net\/wordpress\/wp-content\/uploads\/2024\/11\/f40064e2-49a6-41d4-8907-5dc9db80fe04-212x300.jpg\" alt=\"\" width=\"131\" height=\"185\" srcset=\"https:\/\/www.radiopiu.net\/wordpress\/wp-content\/uploads\/2024\/11\/f40064e2-49a6-41d4-8907-5dc9db80fe04-212x300.jpg 212w, https:\/\/www.radiopiu.net\/wordpress\/wp-content\/uploads\/2024\/11\/f40064e2-49a6-41d4-8907-5dc9db80fe04-724x1024.jpg 724w, https:\/\/www.radiopiu.net\/wordpress\/wp-content\/uploads\/2024\/11\/f40064e2-49a6-41d4-8907-5dc9db80fe04-768x1086.jpg 768w, https:\/\/www.radiopiu.net\/wordpress\/wp-content\/uploads\/2024\/11\/f40064e2-49a6-41d4-8907-5dc9db80fe04-1086x1536.jpg 1086w, https:\/\/www.radiopiu.net\/wordpress\/wp-content\/uploads\/2024\/11\/f40064e2-49a6-41d4-8907-5dc9db80fe04.jpg 1414w\" sizes=\"auto, (max-width: 131px) 100vw, 131px\" \/><\/a> <\/strong><\/p>\n<p><strong>\u00a0<\/strong><\/p>\n<p><strong>\u00a0<\/strong><\/p>\n<p><strong>CENCENIGHE<\/strong> Concerto corale in memoria di Donato Manfroi, oggi alle 20:30 nella Chiesa Parrocchiale Sant\u2019Antonio Abate di Cencenighe Agordino. Partecipano il Coro Monti del Sole di Sedico, diretto da Luca Lotto, e il Coro Rualan di Valle di Cadore, diretto dalla Maestra Paola Meneghini. Ingresso libero.<\/p>\n<p>&nbsp;<\/p>\n<p>&nbsp;<\/p>\n<p>&nbsp;<\/p>\n<hr \/>\n<p>&nbsp;<\/p>\n<blockquote>\n<h3>GLI ORARI DELLA PRO LOCO E MUSEI DI CANALE D&#8217;AGORDO<\/h3>\n<\/blockquote>\n<p><strong>CANALE D&#8217;AGORDO <\/strong>Gli uffici della Pro Loco e i siti museali di Canale d\u2019Agordo seguiranno questi orari invernali: <strong>Dal 1\u00b0 al 26 dicembre<\/strong>: Museo &amp; Pro Loco aperti venerd\u00ec, sabato e domenica (9.00-12.00, 15.00-18.00); Casa Natale aperta il 7 e 8 dicembre (10.00-13.00, 15.00-18.00). <strong>Dal 27 dicembre al 5 gennaio<\/strong>: Museo &amp; Pro Loco e Casa Natale aperti tutti i giorni con orari simili, chiusi il 31 dicembre pomeriggio e il 1\u00b0 gennaio mattina. <strong>Dal 6 gennaio al 28 febbraio<\/strong>: Museo &amp; Pro Loco aperti venerd\u00ec, sabato e domenica (9.00-12.00, 15.00-18.00). <strong>Marzo<\/strong>: apertura su prenotazione per gruppi di almeno 20\/25 persone.<\/p>\n<p>&nbsp;<\/p>\n<p>&nbsp;<\/p>\n<hr \/>\n<p>&nbsp;<\/p>\n<h2><span style=\"color: #ff6600;\">IERI ALLA RADIO\u00a0\u00a0<\/span><\/h2>\n<h2><span style=\"color: #ff00ff;\">&#8220;DINTORN E FORA VIA&#8221;\u00a0 IL PROGRAMMA\u00a0 A CURA DEL MUSLA<\/span><\/h2>\n<p><strong><a class=\"dt-pswp-item\" href=\"https:\/\/www.radiopiu.net\/wordpress\/wp-content\/uploads\/2018\/07\/Giorgia-Taio.jpg\" data-dt-img-description=\"\" data-large_image_width=\"777\" data-large_image_height=\"1599\"><img loading=\"lazy\" decoding=\"async\" class=\" wp-image-53380 alignleft\" src=\"https:\/\/www.radiopiu.net\/wordpress\/wp-content\/uploads\/2018\/07\/Giorgia-Taio-146x300.jpg\" alt=\"\" width=\"85\" height=\"174\" srcset=\"https:\/\/www.radiopiu.net\/wordpress\/wp-content\/uploads\/2018\/07\/Giorgia-Taio-146x300.jpg 146w, https:\/\/www.radiopiu.net\/wordpress\/wp-content\/uploads\/2018\/07\/Giorgia-Taio-768x1580.jpg 768w, https:\/\/www.radiopiu.net\/wordpress\/wp-content\/uploads\/2018\/07\/Giorgia-Taio-498x1024.jpg 498w, https:\/\/www.radiopiu.net\/wordpress\/wp-content\/uploads\/2018\/07\/Giorgia-Taio.jpg 777w\" sizes=\"auto, (max-width: 85px) 100vw, 85px\" \/><\/a>PUNTATA DEL 29 NOVEMBRE 2024 GIORGIA TAIO<\/strong><\/p>\n<audio class=\"wp-audio-shortcode\" id=\"audio-422022-16\" preload=\"none\" style=\"width: 100%;\" controls=\"controls\"><source type=\"audio\/mpeg\" src=\"https:\/\/www.radiopiu.net\/wordpress\/wp-content\/uploads\/2024\/11\/MUSLA-9.mp3?_=16\" \/><a href=\"https:\/\/www.radiopiu.net\/wordpress\/wp-content\/uploads\/2024\/11\/MUSLA-9.mp3\">https:\/\/www.radiopiu.net\/wordpress\/wp-content\/uploads\/2024\/11\/MUSLA-9.mp3<\/a><\/audio>\n<p>&nbsp;<\/p>\n<h2>LA RACCOLTA COMPLETA <a href=\"https:\/\/www.radiopiu.net\/wordpress\/musla\/\"><span style=\"color: #3366ff;\">CLICCA QUI<\/span><\/a><\/h2>\n<p>&nbsp;<\/p>\n<hr \/>\n<p>&nbsp;<\/p>\n<h2><span style=\"color: #008000;\">MUSIC A B C, IL MONDO DELLA MUSICA UNA LETTERA ALLA VOLTA<\/span><\/h2>\n<p><span style=\"color: #ff0000;\"><strong><a class=\"dt-pswp-item\" href=\"https:\/\/www.radiopiu.net\/wordpress\/wp-content\/uploads\/2021\/07\/microfono-radio-ok-768x448-768x448-1.jpg\" data-dt-img-description=\"\" data-large_image_width=\"768\" data-large_image_height=\"448\"><img loading=\"lazy\" decoding=\"async\" class=\" wp-image-220632 alignleft\" src=\"https:\/\/www.radiopiu.net\/wordpress\/wp-content\/uploads\/2021\/07\/microfono-radio-ok-768x448-768x448-1-300x175.jpg\" alt=\"\" width=\"148\" height=\"86\" srcset=\"https:\/\/www.radiopiu.net\/wordpress\/wp-content\/uploads\/2021\/07\/microfono-radio-ok-768x448-768x448-1-300x175.jpg 300w, https:\/\/www.radiopiu.net\/wordpress\/wp-content\/uploads\/2021\/07\/microfono-radio-ok-768x448-768x448-1.jpg 768w\" sizes=\"auto, (max-width: 148px) 100vw, 148px\" \/><\/a>CON MARINA DONA&#8217; E DAVID &#8220;ATHOS&#8221; BEN<\/strong><\/span><\/p>\n<p><span style=\"color: #0000ff;\"><strong>PUNTATA DEL 29 NOVEMBRE 2024<\/strong><\/span><\/p>\n<p><strong>PRIMA PARTE<\/strong><\/p>\n<audio class=\"wp-audio-shortcode\" id=\"audio-422022-17\" preload=\"none\" style=\"width: 100%;\" controls=\"controls\"><source type=\"audio\/mpeg\" src=\"https:\/\/www.radiopiu.net\/wordpress\/wp-content\/uploads\/2024\/11\/GOLD1-3.mp3?_=17\" \/><a href=\"https:\/\/www.radiopiu.net\/wordpress\/wp-content\/uploads\/2024\/11\/GOLD1-3.mp3\">https:\/\/www.radiopiu.net\/wordpress\/wp-content\/uploads\/2024\/11\/GOLD1-3.mp3<\/a><\/audio>\n<p>&nbsp;<\/p>\n<p><strong>SECONDA PARTE<\/strong><\/p>\n<audio class=\"wp-audio-shortcode\" id=\"audio-422022-18\" preload=\"none\" style=\"width: 100%;\" controls=\"controls\"><source type=\"audio\/mpeg\" src=\"https:\/\/www.radiopiu.net\/wordpress\/wp-content\/uploads\/2024\/11\/GOLD2-3.mp3?_=18\" \/><a href=\"https:\/\/www.radiopiu.net\/wordpress\/wp-content\/uploads\/2024\/11\/GOLD2-3.mp3\">https:\/\/www.radiopiu.net\/wordpress\/wp-content\/uploads\/2024\/11\/GOLD2-3.mp3<\/a><\/audio>\n<p>&nbsp;<\/p>\n<p><strong>TERZA PARTE<\/strong><\/p>\n<audio class=\"wp-audio-shortcode\" id=\"audio-422022-19\" preload=\"none\" style=\"width: 100%;\" controls=\"controls\"><source type=\"audio\/mpeg\" src=\"https:\/\/www.radiopiu.net\/wordpress\/wp-content\/uploads\/2024\/11\/GOLD3-3.mp3?_=19\" \/><a href=\"https:\/\/www.radiopiu.net\/wordpress\/wp-content\/uploads\/2024\/11\/GOLD3-3.mp3\">https:\/\/www.radiopiu.net\/wordpress\/wp-content\/uploads\/2024\/11\/GOLD3-3.mp3<\/a><\/audio>\n<p>&nbsp;<\/p>\n<h2>LA RACCOLTA COMPLETA <a href=\"https:\/\/www.radiopiu.net\/wordpress\/music-a-b-c-il-mondo-della-musica-una-lettera-alla-volta-la-raccolta\/\"><span style=\"color: #3366ff;\">CLICCA QUI<\/span><\/a><\/h2>\n<p>&nbsp;<\/p>\n<hr \/>\n<p>&nbsp;<\/p>\n<h2><span style=\"color: #ff0000;\">GLI APPUNTAMENTI DI NATALE CON LA PRO LOCO DI CAVIOLA<\/span><\/h2>\n<p><strong><a class=\"dt-pswp-item\" href=\"https:\/\/www.radiopiu.net\/wordpress\/wp-content\/uploads\/2024\/11\/caviola-inverno.jpg\" data-dt-img-description=\"\" data-large_image_width=\"2048\" data-large_image_height=\"1153\"><img loading=\"lazy\" decoding=\"async\" class=\" wp-image-422140 alignleft\" src=\"https:\/\/www.radiopiu.net\/wordpress\/wp-content\/uploads\/2024\/11\/caviola-inverno-300x169.jpg\" alt=\"\" width=\"211\" height=\"119\" srcset=\"https:\/\/www.radiopiu.net\/wordpress\/wp-content\/uploads\/2024\/11\/caviola-inverno-300x169.jpg 300w, https:\/\/www.radiopiu.net\/wordpress\/wp-content\/uploads\/2024\/11\/caviola-inverno-1024x577.jpg 1024w, https:\/\/www.radiopiu.net\/wordpress\/wp-content\/uploads\/2024\/11\/caviola-inverno-768x432.jpg 768w, https:\/\/www.radiopiu.net\/wordpress\/wp-content\/uploads\/2024\/11\/caviola-inverno-1536x865.jpg 1536w, https:\/\/www.radiopiu.net\/wordpress\/wp-content\/uploads\/2024\/11\/caviola-inverno.jpg 2048w\" sizes=\"auto, (max-width: 211px) 100vw, 211px\" \/><\/a>DI MIRKO MEZZACASA<\/strong><\/p>\n<p>OSPITI: Alessio Valt e Dario Costa<\/p>\n<audio class=\"wp-audio-shortcode\" id=\"audio-422022-20\" preload=\"none\" style=\"width: 100%;\" controls=\"controls\"><source type=\"audio\/mpeg\" src=\"https:\/\/www.radiopiu.net\/wordpress\/wp-content\/uploads\/2024\/11\/ALESSIO-E-DARIO-CAVIOLA.mp3?_=20\" \/><a href=\"https:\/\/www.radiopiu.net\/wordpress\/wp-content\/uploads\/2024\/11\/ALESSIO-E-DARIO-CAVIOLA.mp3\">https:\/\/www.radiopiu.net\/wordpress\/wp-content\/uploads\/2024\/11\/ALESSIO-E-DARIO-CAVIOLA.mp3<\/a><\/audio>\n<p>&nbsp;<\/p>\n<hr \/>\n<p>&nbsp;<\/p>\n<h2><span style=\"color: #00ccff;\">SPECIALE SULLA LINGUA LADINA CON NICOLA CASSISI<\/span><\/h2>\n<p><strong><a class=\"dt-pswp-item\" href=\"https:\/\/www.radiopiu.net\/wordpress\/wp-content\/uploads\/2021\/02\/CASSISI-MUSLA.png\" data-dt-img-description=\"\" data-large_image_width=\"1468\" data-large_image_height=\"832\"><img loading=\"lazy\" decoding=\"async\" class=\" wp-image-191045 alignleft\" src=\"https:\/\/www.radiopiu.net\/wordpress\/wp-content\/uploads\/2021\/02\/CASSISI-MUSLA-300x170.png\" alt=\"\" width=\"222\" height=\"126\" srcset=\"https:\/\/www.radiopiu.net\/wordpress\/wp-content\/uploads\/2021\/02\/CASSISI-MUSLA-300x170.png 300w, https:\/\/www.radiopiu.net\/wordpress\/wp-content\/uploads\/2021\/02\/CASSISI-MUSLA-1024x580.png 1024w, https:\/\/www.radiopiu.net\/wordpress\/wp-content\/uploads\/2021\/02\/CASSISI-MUSLA-768x435.png 768w, https:\/\/www.radiopiu.net\/wordpress\/wp-content\/uploads\/2021\/02\/CASSISI-MUSLA.png 1468w\" sizes=\"auto, (max-width: 222px) 100vw, 222px\" \/><\/a>DI MARINA DONA&#8217;<\/strong><\/p>\n<p>OSPITE: Nicola Cassisi<\/p>\n<audio class=\"wp-audio-shortcode\" id=\"audio-422022-21\" preload=\"none\" style=\"width: 100%;\" controls=\"controls\"><source type=\"audio\/mpeg\" src=\"https:\/\/www.radiopiu.net\/wordpress\/wp-content\/uploads\/2024\/11\/REPORTER-LINGUA-LADINA-CON-NICOLA-CASSISI-1.mp3?_=21\" \/><a href=\"https:\/\/www.radiopiu.net\/wordpress\/wp-content\/uploads\/2024\/11\/REPORTER-LINGUA-LADINA-CON-NICOLA-CASSISI-1.mp3\">https:\/\/www.radiopiu.net\/wordpress\/wp-content\/uploads\/2024\/11\/REPORTER-LINGUA-LADINA-CON-NICOLA-CASSISI-1.mp3<\/a><\/audio>\n<p>&nbsp;<\/p>\n<hr \/>\n<p>&nbsp;<\/p>\n<blockquote class=\"wp-embedded-content\" data-secret=\"bYuPvqFkRS\"><p><a href=\"https:\/\/www.radiopiu.net\/wordpress\/scuola-aperta-al-follador-de-rossi-2024-gli-speciali-alla-radio\/\">SCUOLA APERTA AL FOLLADOR DE ROSSI 2024 GLI SPECIALI ALLA RADIO<\/a><\/p><\/blockquote>\n<p><iframe loading=\"lazy\" class=\"wp-embedded-content\" sandbox=\"allow-scripts\" security=\"restricted\" style=\"position: absolute; visibility: hidden;\" title=\"&#8220;SCUOLA APERTA AL FOLLADOR DE ROSSI 2024 GLI SPECIALI ALLA RADIO&#8221; &#8212; Radio Pi\u00f9\" src=\"https:\/\/www.radiopiu.net\/wordpress\/scuola-aperta-al-follador-de-rossi-2024-gli-speciali-alla-radio\/embed\/#?secret=U4E76GGiMP#?secret=bYuPvqFkRS\" data-secret=\"bYuPvqFkRS\" width=\"600\" height=\"338\" frameborder=\"0\" marginwidth=\"0\" marginheight=\"0\" scrolling=\"no\"><\/iframe><\/p>\n<p>&nbsp;<\/p>\n<hr \/>\n<p>&nbsp;<\/p>\n<blockquote>\n<h2>Concerto in memoria di Igor Roldo: solidariet\u00e0 e musica al Piccolo Teatro Pierobon<\/h2>\n<\/blockquote>\n<div class=\"flex-1 overflow-hidden\">\n<div class=\"h-full\">\n<div class=\"react-scroll-to-bottom--css-iaghl-79elbk h-full\">\n<div class=\"react-scroll-to-bottom--css-iaghl-1n7m0yu\">\n<div class=\"flex flex-col text-sm md:pb-9\">\n<article class=\"w-full scroll-mb-[var(--thread-trailing-height)] text-token-text-primary focus-visible:outline-2 focus-visible:outline-offset-[-4px]\" dir=\"auto\" data-testid=\"conversation-turn-27\" data-scroll-anchor=\"true\">\n<div class=\"m-auto text-base py-[18px] px-3 md:px-4 w-full md:px-5 lg:px-4 xl:px-5\">\n<div class=\"mx-auto flex flex-1 gap-4 text-base md:gap-5 lg:gap-6 md:max-w-3xl lg:max-w-[40rem] xl:max-w-[48rem]\">\n<div class=\"group\/conversation-turn relative flex w-full min-w-0 flex-col agent-turn\">\n<div class=\"flex-col gap-1 md:gap-3\">\n<div class=\"flex max-w-full flex-col flex-grow\">\n<div class=\"min-h-8 text-message flex w-full flex-col items-end gap-2 whitespace-normal break-words [.text-message+&amp;]:mt-5\" dir=\"auto\" data-message-author-role=\"assistant\" data-message-id=\"2f1985a1-38a8-441c-a356-ef2248e23e98\" data-message-model-slug=\"gpt-4o\">\n<div class=\"flex w-full flex-col gap-1 empty:hidden first:pt-[3px]\">\n<div class=\"markdown prose w-full break-words dark:prose-invert dark\">\n<p><strong><a class=\"dt-pswp-item\" href=\"https:\/\/www.radiopiu.net\/wordpress\/wp-content\/uploads\/2024\/11\/4-foto.jpg\" data-dt-img-description=\"\" data-large_image_width=\"1410\" data-large_image_height=\"1267\"><img loading=\"lazy\" decoding=\"async\" class=\"wp-image-419353 alignleft\" src=\"https:\/\/www.radiopiu.net\/wordpress\/wp-content\/uploads\/2024\/11\/4-foto-300x270.jpg\" alt=\"\" width=\"157\" height=\"141\" srcset=\"https:\/\/www.radiopiu.net\/wordpress\/wp-content\/uploads\/2024\/11\/4-foto-300x270.jpg 300w, https:\/\/www.radiopiu.net\/wordpress\/wp-content\/uploads\/2024\/11\/4-foto-1024x920.jpg 1024w, https:\/\/www.radiopiu.net\/wordpress\/wp-content\/uploads\/2024\/11\/4-foto-768x690.jpg 768w, https:\/\/www.radiopiu.net\/wordpress\/wp-content\/uploads\/2024\/11\/4-foto.jpg 1410w\" sizes=\"auto, (max-width: 157px) 100vw, 157px\" \/><\/a>PONTE NELLE ALPI<\/strong> Oggi, il Piccolo Teatro Pierobon ospiter\u00e0 un concerto in ricordo di Igor Roldo, scomparso un anno fa. Organizzato da WR Events e Comitato Pollicino, l&#8217;evento celebra la memoria di Roldo, 58 anni, noto dirigente del San Giorgio Calcio e ideatore del Festival musicale di Pian dei Castaldi. Considerato un talent scout, Roldo ha sempre supportato nuove formazioni musicali, promuovendo eventi per finanziare progetti solidali del Comitato Pollicino, dedicato ai bambini bisognosi di Petrosani, Romania. La serata sar\u00e0 animata dall\u2019Uncle Frank Project, composto da Franco De Poli, Alberto Mambrini, Andrea Cuzzuol e Mauro De Luca, noti per i loro concerti a scopo benefico. Sul palco, il quartetto racconter\u00e0 l\u2019evoluzione della chitarra attraverso diversi stili musicali, mostrando come questo strumento rimanga centrale nel sound moderno. Il concerto \u00e8 patrocinato dal Comune di Ponte nelle Alpi e prevede ingresso a offerta libera. Tutto il ricavato andr\u00e0 al Comitato Pollicino, proseguendo l\u2019impegno di Roldo nel coniugare musica e solidariet\u00e0.<\/p>\n<\/div>\n<\/div>\n<\/div>\n<\/div>\n<\/div>\n<\/div>\n<\/div>\n<\/div>\n<\/article>\n<\/div>\n<\/div>\n<\/div>\n<\/div>\n<\/div>\n<p>&nbsp;<\/p>\n<p>&nbsp;<\/p>\n<hr \/>\n<p>&nbsp;<\/p>\n<blockquote>\n<h3>SABATO E DOMENICA AL CINEMA DOLOMITI DI FALCADE &#8220;IL CAMPO DI BATTAGLIA&#8221;<\/h3>\n<\/blockquote>\n<p><strong><a class=\"dt-pswp-item\" href=\"https:\/\/www.radiopiu.net\/wordpress\/wp-content\/uploads\/2024\/11\/il-campo-di-battaglia.jpg\" data-dt-img-description=\"\" data-large_image_width=\"420\" data-large_image_height=\"600\"><img loading=\"lazy\" decoding=\"async\" class=\" wp-image-421687 alignleft\" src=\"https:\/\/www.radiopiu.net\/wordpress\/wp-content\/uploads\/2024\/11\/il-campo-di-battaglia-210x300.jpg\" alt=\"\" width=\"136\" height=\"195\" srcset=\"https:\/\/www.radiopiu.net\/wordpress\/wp-content\/uploads\/2024\/11\/il-campo-di-battaglia-210x300.jpg 210w, https:\/\/www.radiopiu.net\/wordpress\/wp-content\/uploads\/2024\/11\/il-campo-di-battaglia.jpg 420w\" sizes=\"auto, (max-width: 136px) 100vw, 136px\" \/><\/a>REDAZIONE<\/strong> Sar\u00e0 in programmazione sabato e domenica al Cinema Doloomiti di Falcade il film &#8220;Il Campo Di Battaglia&#8221;. Durante la Prima Guerra Mondiale, Stefano e Giulio, amici d\u2019infanzia e ufficiali medici in un ospedale militare al fronte, sono uniti da un passato comune ma divisi da scelte che mettono alla prova la loro amicizia. L\u2019amore per la stessa donna, Elena, una giovane infermiera dell\u2019ospedale, accresce le tensioni tra loro. Tuttavia, il vero scontro emerge quando Stefano scopre che Giulio, spinto da una visione umanitaria ma contraria ai codici militari, peggiora deliberatamente le condizioni dei soldati gravemente feriti per impedire il loro ritorno in trincea. Questo atto, nato dalla piet\u00e0, pone i due di fronte a una scelta devastante: rispettare il giuramento di medici o ribellarsi a un sistema che li trasforma in complici di una carneficina. Tra ideali, senso del dovere e colpa, le vite dei due uomini e di Elena si intrecciano in un crescendo di sacrifici e decisioni irreparabili.\u00a0<strong>Spettacoli alle 21, domenica anche alle 15:30<\/strong><\/p>\n<p><strong>LA PRESENTAZIONE A CURA DI PAOLA LANCIATO<\/strong><\/p>\n<audio class=\"wp-audio-shortcode\" id=\"audio-422022-22\" preload=\"none\" style=\"width: 100%;\" controls=\"controls\"><source type=\"audio\/mpeg\" src=\"https:\/\/www.radiopiu.net\/wordpress\/wp-content\/uploads\/2024\/11\/CAMPO-DI-BATTAGLIA.mp3?_=22\" \/><a href=\"https:\/\/www.radiopiu.net\/wordpress\/wp-content\/uploads\/2024\/11\/CAMPO-DI-BATTAGLIA.mp3\">https:\/\/www.radiopiu.net\/wordpress\/wp-content\/uploads\/2024\/11\/CAMPO-DI-BATTAGLIA.mp3<\/a><\/audio>\n<p>&nbsp;<\/p>\n<hr \/>\n<p>&nbsp;<\/p>\n<h2><span style=\"color: #ff0000;\"><a class=\"dt-pswp-item\" href=\"https:\/\/www.radiopiu.net\/wordpress\/wp-content\/uploads\/2018\/09\/appuntamenti.jpeg\" data-dt-img-description=\"\" data-large_image_width=\"800\" data-large_image_height=\"100\"><img loading=\"lazy\" decoding=\"async\" class=\"wp-image-61958 size-full aligncenter\" src=\"https:\/\/www.radiopiu.net\/wordpress\/wp-content\/uploads\/2018\/09\/appuntamenti.jpeg\" alt=\"\" width=\"800\" height=\"100\" srcset=\"https:\/\/www.radiopiu.net\/wordpress\/wp-content\/uploads\/2018\/09\/appuntamenti.jpeg 800w, https:\/\/www.radiopiu.net\/wordpress\/wp-content\/uploads\/2018\/09\/appuntamenti-300x38.jpeg 300w, https:\/\/www.radiopiu.net\/wordpress\/wp-content\/uploads\/2018\/09\/appuntamenti-768x96.jpeg 768w\" sizes=\"auto, (max-width: 800px) 100vw, 800px\" \/><\/a><\/span><\/h2>\n<p>&nbsp;<\/p>\n<div style=\"width: 1200px;\" class=\"wp-video\"><video class=\"wp-video-shortcode\" id=\"video-422022-4\" width=\"1200\" height=\"675\" preload=\"metadata\" controls=\"controls\"><source type=\"video\/mp4\" src=\"https:\/\/www.radiopiu.net\/wordpress\/wp-content\/uploads\/2024\/10\/WhatsApp-Video-2024-10-23-at-00.12.10.mp4?_=4\" \/><a href=\"https:\/\/www.radiopiu.net\/wordpress\/wp-content\/uploads\/2024\/10\/WhatsApp-Video-2024-10-23-at-00.12.10.mp4\">https:\/\/www.radiopiu.net\/wordpress\/wp-content\/uploads\/2024\/10\/WhatsApp-Video-2024-10-23-at-00.12.10.mp4<\/a><\/video><\/div>\n<p><strong>\u00a0<\/strong><\/p>\n<p><strong>SABATO E DOMENICA AL CINEMA DOLOMITI DI FALCADE IL FILM &#8220;CAMPO DI BATTAGLIA&#8221; SPETTACOLI ALLE 21, DOMENICA ANCHE ALLE 15:30<\/strong><\/p>\n<div class=\"flex-shrink-0 flex flex-col relative items-end\">\n<div class=\"pt-0\">\n<div class=\"gizmo-bot-avatar flex h-8 w-8 items-center justify-center overflow-hidden rounded-full\">\n<p class=\"relative p-1 rounded-sm flex items-center justify-center bg-token-main-surface-primary text-token-text-primary h-8 w-8\"><strong>CENCENIGHE\u00a0<\/strong> <strong>SABATO 30 NOVEMBRE, DOMENICA 1 DICEMBRE A CENCENIGHE LA FESTA DI SANT&#8217;ANDREA CON PROLOCO E COMUNE.<\/strong><\/p>\n<\/div>\n<\/div>\n<\/div>\n<div>\n<div class=\"\" dir=\"auto\">\n<div id=\":r9h:\" class=\"x1iorvi4 x1pi30zi x1l90r2v x1swvt13\" data-ad-comet-preview=\"message\" data-ad-preview=\"message\">\n<div>\n<div class=\"\" dir=\"auto\">\n<div id=\":r9h:\" class=\"x1iorvi4 x1pi30zi x1l90r2v x1swvt13\" data-ad-comet-preview=\"message\" data-ad-preview=\"message\">\n\n\t\t\t<style type='text\/css'>\n\t\t\t\t#gallery-6 {\n\t\t\t\t\tmargin: auto;\n\t\t\t\t}\n\t\t\t\t#gallery-6 .gallery-item {\n\t\t\t\t\tfloat: left;\n\t\t\t\t\tmargin-top: 10px;\n\t\t\t\t\ttext-align: center;\n\t\t\t\t\twidth: 25%;\n\t\t\t\t}\n\t\t\t\t#gallery-6 img {\n\t\t\t\t\tborder: 2px solid #cfcfcf;\n\t\t\t\t}\n\t\t\t\t#gallery-6 .gallery-caption {\n\t\t\t\t\tmargin-left: 0;\n\t\t\t\t}\n\t\t\t\t\/* see gallery_shortcode() in wp-includes\/media.php *\/\n\t\t\t<\/style>\n\t\t<div id='gallery-6' class='dt-gallery-container gallery galleryid-422022 gallery-columns-4 gallery-size-thumbnail'><dl class='gallery-item'>\n\t\t\t\t<dt class='gallery-icon portrait'>\n\t\t\t\t\t<a class=\"rollover rollover-zoom dt-pswp-item\" title=\"4448afab-7b66-4760-8c53-e411b845306d\" data-dt-img-description=\"\" data-large_image_width=\"1144\" data-large_image_height=\"1600\"href='https:\/\/www.radiopiu.net\/wordpress\/wp-content\/uploads\/2024\/11\/4448afab-7b66-4760-8c53-e411b845306d.jpg'><img loading=\"lazy\" decoding=\"async\" width=\"150\" height=\"150\" src=\"https:\/\/www.radiopiu.net\/wordpress\/wp-content\/uploads\/2024\/11\/4448afab-7b66-4760-8c53-e411b845306d-150x150.jpg\" class=\"attachment-thumbnail size-thumbnail\" alt=\"\" aria-describedby=\"gallery-6-419621\" \/><\/a>\n\t\t\t\t<\/dt>\n\t\t\t\t\t<dd class='wp-caption-text gallery-caption' id='gallery-6-419621'>\n\t\t\t\t\tIL FINE SETTIMANA A CAVIOLA\n\t\t\t\t\t<\/dd><\/dl><dl class='gallery-item'>\n\t\t\t\t<dt class='gallery-icon portrait'>\n\t\t\t\t\t<a class=\"rollover rollover-zoom dt-pswp-item\" title=\"Locandina Sant&#039;Andrea nuova\" data-dt-img-description=\"\" data-large_image_width=\"1890\" data-large_image_height=\"2646\"href='https:\/\/www.radiopiu.net\/wordpress\/wp-content\/uploads\/2024\/11\/Locandina-SantAndrea-nuova.png'><img loading=\"lazy\" decoding=\"async\" width=\"150\" height=\"150\" src=\"https:\/\/www.radiopiu.net\/wordpress\/wp-content\/uploads\/2024\/11\/Locandina-SantAndrea-nuova-150x150.png\" class=\"attachment-thumbnail size-thumbnail\" alt=\"\" \/><\/a>\n\t\t\t\t<\/dt><\/dl><dl class='gallery-item'>\n\t\t\t\t<dt class='gallery-icon portrait'>\n\t\t\t\t\t<a class=\"rollover rollover-zoom dt-pswp-item\" title=\"formula_3_loc\" data-dt-img-description=\"\" data-large_image_width=\"600\" data-large_image_height=\"821\"href='https:\/\/www.radiopiu.net\/wordpress\/wp-content\/uploads\/2024\/11\/formula_3_loc.jpg'><img loading=\"lazy\" decoding=\"async\" width=\"150\" height=\"150\" src=\"https:\/\/www.radiopiu.net\/wordpress\/wp-content\/uploads\/2024\/11\/formula_3_loc-150x150.jpg\" class=\"attachment-thumbnail size-thumbnail\" alt=\"\" aria-describedby=\"gallery-6-419609\" \/><\/a>\n\t\t\t\t<\/dt>\n\t\t\t\t\t<dd class='wp-caption-text gallery-caption' id='gallery-6-419609'>\n\t\t\t\t\tI FORMULA 3 A BELLUNO\n\t\t\t\t\t<\/dd><\/dl><dl class='gallery-item'>\n\t\t\t\t<dt class='gallery-icon portrait'>\n\t\t\t\t\t<a class=\"rollover rollover-zoom dt-pswp-item\" title=\"Ciao Igor copia\" data-dt-img-description=\"\" data-large_image_width=\"453\" data-large_image_height=\"640\"href='https:\/\/www.radiopiu.net\/wordpress\/wp-content\/uploads\/2024\/11\/Ciao-Igor-copia.jpeg'><img loading=\"lazy\" decoding=\"async\" width=\"150\" height=\"150\" src=\"https:\/\/www.radiopiu.net\/wordpress\/wp-content\/uploads\/2024\/11\/Ciao-Igor-copia-150x150.jpeg\" class=\"attachment-thumbnail size-thumbnail\" alt=\"\" aria-describedby=\"gallery-6-419352\" \/><\/a>\n\t\t\t\t<\/dt>\n\t\t\t\t\t<dd class='wp-caption-text gallery-caption' id='gallery-6-419352'>\n\t\t\t\t\tIN MEMORIA DI IGOR\n\t\t\t\t\t<\/dd><\/dl><br style=\"clear: both\" \/><dl class='gallery-item'>\n\t\t\t\t<dt class='gallery-icon portrait'>\n\t\t\t\t\t<a class=\"rollover rollover-zoom dt-pswp-item\" title=\"manifesto serate invernali\" data-dt-img-description=\"\" data-large_image_width=\"1683\" data-large_image_height=\"2383\"href='https:\/\/www.radiopiu.net\/wordpress\/wp-content\/uploads\/2024\/11\/manifesto-serate-invernali.jpg'><img loading=\"lazy\" decoding=\"async\" width=\"150\" height=\"150\" src=\"https:\/\/www.radiopiu.net\/wordpress\/wp-content\/uploads\/2024\/11\/manifesto-serate-invernali-150x150.jpg\" class=\"attachment-thumbnail size-thumbnail\" alt=\"\" aria-describedby=\"gallery-6-418816\" \/><\/a>\n\t\t\t\t<\/dt>\n\t\t\t\t\t<dd class='wp-caption-text gallery-caption' id='gallery-6-418816'>\n\t\t\t\t\t21 FEBBRAIO\n\t\t\t\t\t<\/dd><\/dl><dl class='gallery-item'>\n\t\t\t\t<dt class='gallery-icon portrait'>\n\t\t\t\t\t<a class=\"rollover rollover-zoom dt-pswp-item\" title=\"76cccd40-0603-419e-97ce-c76a73bfea49\" data-dt-img-description=\"\" data-large_image_width=\"1131\" data-large_image_height=\"1600\"href='https:\/\/www.radiopiu.net\/wordpress\/wp-content\/uploads\/2024\/11\/76cccd40-0603-419e-97ce-c76a73bfea49.jpg'><img loading=\"lazy\" decoding=\"async\" width=\"150\" height=\"150\" src=\"https:\/\/www.radiopiu.net\/wordpress\/wp-content\/uploads\/2024\/11\/76cccd40-0603-419e-97ce-c76a73bfea49-150x150.jpg\" class=\"attachment-thumbnail size-thumbnail\" alt=\"\" \/><\/a>\n\t\t\t\t<\/dt><\/dl><dl class='gallery-item'>\n\t\t\t\t<dt class='gallery-icon landscape'>\n\t\t\t\t\t<a class=\"rollover rollover-zoom dt-pswp-item\" title=\"0abbc826-bb45-4385-b009-d3e07ffc47d6\" data-dt-img-description=\"\" data-large_image_width=\"1080\" data-large_image_height=\"1080\"href='https:\/\/www.radiopiu.net\/wordpress\/wp-content\/uploads\/2024\/11\/0abbc826-bb45-4385-b009-d3e07ffc47d6.jpg'><img loading=\"lazy\" decoding=\"async\" width=\"150\" height=\"150\" src=\"https:\/\/www.radiopiu.net\/wordpress\/wp-content\/uploads\/2024\/11\/0abbc826-bb45-4385-b009-d3e07ffc47d6-150x150.jpg\" class=\"attachment-thumbnail size-thumbnail\" alt=\"\" aria-describedby=\"gallery-6-420917\" srcset=\"https:\/\/www.radiopiu.net\/wordpress\/wp-content\/uploads\/2024\/11\/0abbc826-bb45-4385-b009-d3e07ffc47d6-150x150.jpg 150w, https:\/\/www.radiopiu.net\/wordpress\/wp-content\/uploads\/2024\/11\/0abbc826-bb45-4385-b009-d3e07ffc47d6-300x300.jpg 300w, https:\/\/www.radiopiu.net\/wordpress\/wp-content\/uploads\/2024\/11\/0abbc826-bb45-4385-b009-d3e07ffc47d6-1024x1024.jpg 1024w, https:\/\/www.radiopiu.net\/wordpress\/wp-content\/uploads\/2024\/11\/0abbc826-bb45-4385-b009-d3e07ffc47d6-768x768.jpg 768w, https:\/\/www.radiopiu.net\/wordpress\/wp-content\/uploads\/2024\/11\/0abbc826-bb45-4385-b009-d3e07ffc47d6.jpg 1080w\" sizes=\"auto, (max-width: 150px) 100vw, 150px\" \/><\/a>\n\t\t\t\t<\/dt>\n\t\t\t\t\t<dd class='wp-caption-text gallery-caption' id='gallery-6-420917'>\n\t\t\t\t\ta taibon il 28\n\t\t\t\t\t<\/dd><\/dl><dl class='gallery-item'>\n\t\t\t\t<dt class='gallery-icon portrait'>\n\t\t\t\t\t<a class=\"rollover rollover-zoom dt-pswp-item\" title=\"3b619ed3-7b41-4743-902b-03a8621cd61a\" data-dt-img-description=\"\" data-large_image_width=\"1131\" data-large_image_height=\"1600\"href='https:\/\/www.radiopiu.net\/wordpress\/wp-content\/uploads\/2024\/11\/3b619ed3-7b41-4743-902b-03a8621cd61a.jpg'><img loading=\"lazy\" decoding=\"async\" width=\"150\" height=\"150\" src=\"https:\/\/www.radiopiu.net\/wordpress\/wp-content\/uploads\/2024\/11\/3b619ed3-7b41-4743-902b-03a8621cd61a-150x150.jpg\" class=\"attachment-thumbnail size-thumbnail\" alt=\"\" aria-describedby=\"gallery-6-421299\" \/><\/a>\n\t\t\t\t<\/dt>\n\t\t\t\t\t<dd class='wp-caption-text gallery-caption' id='gallery-6-421299'>\n\t\t\t\t\tAL DE TONI DI ALLEGHE\n\t\t\t\t\t<\/dd><\/dl><br style=\"clear: both\" \/><dl class='gallery-item'>\n\t\t\t\t<dt class='gallery-icon portrait'>\n\t\t\t\t\t<a class=\"rollover rollover-zoom dt-pswp-item\" title=\"locandina Insieme e\u0300 piu\u0300 bello\" data-dt-img-description=\"\" data-large_image_width=\"1131\" data-large_image_height=\"1600\"href='https:\/\/www.radiopiu.net\/wordpress\/wp-content\/uploads\/2024\/11\/locandina-Insieme-e-piu-bello.jpg'><img loading=\"lazy\" decoding=\"async\" width=\"150\" height=\"150\" src=\"https:\/\/www.radiopiu.net\/wordpress\/wp-content\/uploads\/2024\/11\/locandina-Insieme-e-piu-bello-150x150.jpg\" class=\"attachment-thumbnail size-thumbnail\" alt=\"\" aria-describedby=\"gallery-6-421314\" \/><\/a>\n\t\t\t\t<\/dt>\n\t\t\t\t\t<dd class='wp-caption-text gallery-caption' id='gallery-6-421314'>\n\t\t\t\t\tINSIEME A SAN GREGORIO\n\t\t\t\t\t<\/dd><\/dl><dl class='gallery-item'>\n\t\t\t\t<dt class='gallery-icon portrait'>\n\t\t\t\t\t<a class=\"rollover rollover-zoom dt-pswp-item\" title=\"e2b0f656-3cd2-4af9-94d6-f6798e4192aa\" data-dt-img-description=\"\" data-large_image_width=\"631\" data-large_image_height=\"969\"href='https:\/\/www.radiopiu.net\/wordpress\/wp-content\/uploads\/2024\/11\/e2b0f656-3cd2-4af9-94d6-f6798e4192aa.jpg'><img loading=\"lazy\" decoding=\"async\" width=\"150\" height=\"150\" src=\"https:\/\/www.radiopiu.net\/wordpress\/wp-content\/uploads\/2024\/11\/e2b0f656-3cd2-4af9-94d6-f6798e4192aa-150x150.jpg\" class=\"attachment-thumbnail size-thumbnail\" alt=\"\" aria-describedby=\"gallery-6-421410\" \/><\/a>\n\t\t\t\t<\/dt>\n\t\t\t\t\t<dd class='wp-caption-text gallery-caption' id='gallery-6-421410'>\n\t\t\t\t\t30 NOVEMBRE AL SOLITO POSTO\n\t\t\t\t\t<\/dd><\/dl><dl class='gallery-item'>\n\t\t\t\t<dt class='gallery-icon portrait'>\n\t\t\t\t\t<a class=\"rollover rollover-zoom dt-pswp-item\" title=\"Senza nome\" data-dt-img-description=\"\" data-large_image_width=\"609\" data-large_image_height=\"690\"href='https:\/\/www.radiopiu.net\/wordpress\/wp-content\/uploads\/2024\/11\/Senza-nome-105.png'><img loading=\"lazy\" decoding=\"async\" width=\"150\" height=\"150\" src=\"https:\/\/www.radiopiu.net\/wordpress\/wp-content\/uploads\/2024\/11\/Senza-nome-105-150x150.png\" class=\"attachment-thumbnail size-thumbnail\" alt=\"\" aria-describedby=\"gallery-6-421384\" \/><\/a>\n\t\t\t\t<\/dt>\n\t\t\t\t\t<dd class='wp-caption-text gallery-caption' id='gallery-6-421384'>\n\t\t\t\t\tGRUPPO SPORTIVO TAIBON\n\t\t\t\t\t<\/dd><\/dl><dl class='gallery-item'>\n\t\t\t\t<dt class='gallery-icon portrait'>\n\t\t\t\t\t<a class=\"rollover rollover-zoom dt-pswp-item\" title=\"locandina definitiva quarantennale Biblioteca Limana\" data-dt-img-description=\"\" data-large_image_width=\"1240\" data-large_image_height=\"1754\"href='https:\/\/www.radiopiu.net\/wordpress\/wp-content\/uploads\/2024\/11\/locandina-definitiva-quarantennale-Biblioteca-Limana.jpg'><img loading=\"lazy\" decoding=\"async\" width=\"150\" height=\"150\" src=\"https:\/\/www.radiopiu.net\/wordpress\/wp-content\/uploads\/2024\/11\/locandina-definitiva-quarantennale-Biblioteca-Limana-150x150.jpg\" class=\"attachment-thumbnail size-thumbnail\" alt=\"\" aria-describedby=\"gallery-6-421652\" \/><\/a>\n\t\t\t\t<\/dt>\n\t\t\t\t\t<dd class='wp-caption-text gallery-caption' id='gallery-6-421652'>\n\t\t\t\t\t40 DELLA BIBLIOTECA DI LIMANA\n\t\t\t\t\t<\/dd><\/dl><br style=\"clear: both\" \/><dl class='gallery-item'>\n\t\t\t\t<dt class='gallery-icon portrait'>\n\t\t\t\t\t<a class=\"rollover rollover-zoom dt-pswp-item\" title=\"3d154f78-508e-424c-8391-429179726fb7\" data-dt-img-description=\"\" data-large_image_width=\"900\" data-large_image_height=\"1600\"href='https:\/\/www.radiopiu.net\/wordpress\/wp-content\/uploads\/2024\/11\/3d154f78-508e-424c-8391-429179726fb7.jpg'><img loading=\"lazy\" decoding=\"async\" width=\"150\" height=\"150\" src=\"https:\/\/www.radiopiu.net\/wordpress\/wp-content\/uploads\/2024\/11\/3d154f78-508e-424c-8391-429179726fb7-150x150.jpg\" class=\"attachment-thumbnail size-thumbnail\" alt=\"\" aria-describedby=\"gallery-6-421672\" \/><\/a>\n\t\t\t\t<\/dt>\n\t\t\t\t\t<dd class='wp-caption-text gallery-caption' id='gallery-6-421672'>\n\t\t\t\t\tUN DIALOGO SUI DIRITTI\n\t\t\t\t\t<\/dd><\/dl><dl class='gallery-item'>\n\t\t\t\t<dt class='gallery-icon portrait'>\n\t\t\t\t\t<a class=\"rollover rollover-zoom dt-pswp-item\" title=\"locandina Fiume evento 7 dicembre con patrocinio 2024\" data-dt-img-description=\"\" data-large_image_width=\"1447\" data-large_image_height=\"2048\"href='https:\/\/www.radiopiu.net\/wordpress\/wp-content\/uploads\/2024\/11\/locandina-Fiume-evento-7-dicembre-con-patrocinio-2024.jpg'><img loading=\"lazy\" decoding=\"async\" width=\"150\" height=\"150\" src=\"https:\/\/www.radiopiu.net\/wordpress\/wp-content\/uploads\/2024\/11\/locandina-Fiume-evento-7-dicembre-con-patrocinio-2024-150x150.jpg\" class=\"attachment-thumbnail size-thumbnail\" alt=\"\" aria-describedby=\"gallery-6-421673\" \/><\/a>\n\t\t\t\t<\/dt>\n\t\t\t\t\t<dd class='wp-caption-text gallery-caption' id='gallery-6-421673'>\n\t\t\t\t\tALLA TERRA DEI PADRI\n\t\t\t\t\t<\/dd><\/dl><dl class='gallery-item'>\n\t\t\t\t<dt class='gallery-icon landscape'>\n\t\t\t\t\t<a class=\"rollover rollover-zoom dt-pswp-item\" title=\"5222307d-2a5b-4e95-9c64-cef5056dd3b3\" data-dt-img-description=\"\" data-large_image_width=\"1280\" data-large_image_height=\"904\"href='https:\/\/www.radiopiu.net\/wordpress\/wp-content\/uploads\/2024\/11\/5222307d-2a5b-4e95-9c64-cef5056dd3b3.jpg'><img loading=\"lazy\" decoding=\"async\" width=\"150\" height=\"150\" src=\"https:\/\/www.radiopiu.net\/wordpress\/wp-content\/uploads\/2024\/11\/5222307d-2a5b-4e95-9c64-cef5056dd3b3-150x150.jpg\" class=\"attachment-thumbnail size-thumbnail\" alt=\"\" aria-describedby=\"gallery-6-421843\" \/><\/a>\n\t\t\t\t<\/dt>\n\t\t\t\t\t<dd class='wp-caption-text gallery-caption' id='gallery-6-421843'>\n\t\t\t\t\t7 dicembre VOLTAGO\n\t\t\t\t\t<\/dd><\/dl><dl class='gallery-item'>\n\t\t\t\t<dt class='gallery-icon portrait'>\n\t\t\t\t\t<a class=\"rollover rollover-zoom dt-pswp-item\" title=\"d4fb604f-eed2-4b1b-be25-688606083ee7\" data-dt-img-description=\"\" data-large_image_width=\"750\" data-large_image_height=\"1103\"href='https:\/\/www.radiopiu.net\/wordpress\/wp-content\/uploads\/2024\/11\/d4fb604f-eed2-4b1b-be25-688606083ee7.jpg'><img loading=\"lazy\" decoding=\"async\" width=\"150\" height=\"150\" src=\"https:\/\/www.radiopiu.net\/wordpress\/wp-content\/uploads\/2024\/11\/d4fb604f-eed2-4b1b-be25-688606083ee7-150x150.jpg\" class=\"attachment-thumbnail size-thumbnail\" alt=\"\" aria-describedby=\"gallery-6-421867\" \/><\/a>\n\t\t\t\t<\/dt>\n\t\t\t\t\t<dd class='wp-caption-text gallery-caption' id='gallery-6-421867'>\n\t\t\t\t\tSABATO A BELLUNO\n\t\t\t\t\t<\/dd><\/dl><br style=\"clear: both\" \/><dl class='gallery-item'>\n\t\t\t\t<dt class='gallery-icon portrait'>\n\t\t\t\t\t<a class=\"rollover rollover-zoom dt-pswp-item\" title=\"468360033_3309476755849288_2865659872684533364_n\" data-dt-img-description=\"\" data-large_image_width=\"526\" data-large_image_height=\"699\"href='https:\/\/www.radiopiu.net\/wordpress\/wp-content\/uploads\/2024\/11\/468360033_3309476755849288_2865659872684533364_n.jpg'><img loading=\"lazy\" decoding=\"async\" width=\"150\" height=\"150\" src=\"https:\/\/www.radiopiu.net\/wordpress\/wp-content\/uploads\/2024\/11\/468360033_3309476755849288_2865659872684533364_n-150x150.jpg\" class=\"attachment-thumbnail size-thumbnail\" alt=\"\" aria-describedby=\"gallery-6-421865\" \/><\/a>\n\t\t\t\t<\/dt>\n\t\t\t\t\t<dd class='wp-caption-text gallery-caption' id='gallery-6-421865'>\n\t\t\t\t\t7 DICEMBRE ZOLDO\n\t\t\t\t\t<\/dd><\/dl><dl class='gallery-item'>\n\t\t\t\t<dt class='gallery-icon portrait'>\n\t\t\t\t\t<a class=\"rollover rollover-zoom dt-pswp-item\" title=\"541f118a-8f00-44dd-91dd-13dcb4ddbd0d\" data-dt-img-description=\"\" data-large_image_width=\"1280\" data-large_image_height=\"1600\"href='https:\/\/www.radiopiu.net\/wordpress\/wp-content\/uploads\/2024\/11\/541f118a-8f00-44dd-91dd-13dcb4ddbd0d.jpg'><img loading=\"lazy\" decoding=\"async\" width=\"150\" height=\"150\" src=\"https:\/\/www.radiopiu.net\/wordpress\/wp-content\/uploads\/2024\/11\/541f118a-8f00-44dd-91dd-13dcb4ddbd0d-150x150.jpg\" class=\"attachment-thumbnail size-thumbnail\" alt=\"\" aria-describedby=\"gallery-6-421808\" \/><\/a>\n\t\t\t\t<\/dt>\n\t\t\t\t\t<dd class='wp-caption-text gallery-caption' id='gallery-6-421808'>\n\t\t\t\t\t6 DICEMBRE AGORDO\n\t\t\t\t\t<\/dd><\/dl><dl class='gallery-item'>\n\t\t\t\t<dt class='gallery-icon portrait'>\n\t\t\t\t\t<a class=\"rollover rollover-zoom dt-pswp-item\" title=\"c3fe9484-c9d5-4056-adf3-b467b00686cf\" data-dt-img-description=\"\" data-large_image_width=\"1131\" data-large_image_height=\"1600\"href='https:\/\/www.radiopiu.net\/wordpress\/wp-content\/uploads\/2024\/11\/c3fe9484-c9d5-4056-adf3-b467b00686cf.jpg'><img loading=\"lazy\" decoding=\"async\" width=\"150\" height=\"150\" src=\"https:\/\/www.radiopiu.net\/wordpress\/wp-content\/uploads\/2024\/11\/c3fe9484-c9d5-4056-adf3-b467b00686cf-150x150.jpg\" class=\"attachment-thumbnail size-thumbnail\" alt=\"\" \/><\/a>\n\t\t\t\t<\/dt><\/dl><dl class='gallery-item'>\n\t\t\t\t<dt class='gallery-icon portrait'>\n\t\t\t\t\t<a class=\"rollover rollover-zoom dt-pswp-item\" title=\"dd4cdc36-4650-447f-ae9b-9f98a0817bdf\" data-dt-img-description=\"\" data-large_image_width=\"1131\" data-large_image_height=\"1600\"href='https:\/\/www.radiopiu.net\/wordpress\/wp-content\/uploads\/2024\/11\/dd4cdc36-4650-447f-ae9b-9f98a0817bdf.jpg'><img loading=\"lazy\" decoding=\"async\" width=\"150\" height=\"150\" src=\"https:\/\/www.radiopiu.net\/wordpress\/wp-content\/uploads\/2024\/11\/dd4cdc36-4650-447f-ae9b-9f98a0817bdf-150x150.jpg\" class=\"attachment-thumbnail size-thumbnail\" alt=\"\" \/><\/a>\n\t\t\t\t<\/dt><\/dl><br style=\"clear: both\" \/><dl class='gallery-item'>\n\t\t\t\t<dt class='gallery-icon portrait'>\n\t\t\t\t\t<a class=\"rollover rollover-zoom dt-pswp-item\" title=\"468660336_983389073818384_8092754774332981818_n\" data-dt-img-description=\"\" data-large_image_width=\"509\" data-large_image_height=\"720\"href='https:\/\/www.radiopiu.net\/wordpress\/wp-content\/uploads\/2024\/11\/468660336_983389073818384_8092754774332981818_n-1.jpg'><img loading=\"lazy\" decoding=\"async\" width=\"150\" height=\"150\" src=\"https:\/\/www.radiopiu.net\/wordpress\/wp-content\/uploads\/2024\/11\/468660336_983389073818384_8092754774332981818_n-1-150x150.jpg\" class=\"attachment-thumbnail size-thumbnail\" alt=\"\" \/><\/a>\n\t\t\t\t<\/dt><\/dl>\n\t\t\t\t<br style='clear: both' \/>\n\t\t\t<\/div>\n\n<\/div>\n<\/div>\n<\/div>\n<p>&nbsp;<\/p>\n<\/div>\n<\/div>\n<\/div>\n<p>&nbsp;<\/p>\n<p>&nbsp;<\/p>\n<div>\n<div class=\"\" dir=\"auto\">\n<div id=\":r9h:\" class=\"x1iorvi4 x1pi30zi x1l90r2v x1swvt13\" data-ad-comet-preview=\"message\" data-ad-preview=\"message\"><\/div>\n<\/div>\n<\/div>\n<p>&nbsp;<\/p>\n<hr \/>\n<p>&nbsp;<\/p>\n<p class=\"mceTemp\"><a class=\"dt-pswp-item\" href=\"https:\/\/www.radiopiu.net\/wordpress\/wp-content\/uploads\/2018\/09\/WhatsApp-Image-2018-09-20-at-16.04.06.jpeg\" data-dt-img-description=\"\" data-large_image_width=\"800\" data-large_image_height=\"100\"><img loading=\"lazy\" decoding=\"async\" class=\"wp-image-61378 size-full aligncenter\" src=\"https:\/\/www.radiopiu.net\/wordpress\/wp-content\/uploads\/2018\/09\/WhatsApp-Image-2018-09-20-at-16.04.06.jpeg\" alt=\"\" width=\"800\" height=\"100\" srcset=\"https:\/\/www.radiopiu.net\/wordpress\/wp-content\/uploads\/2018\/09\/WhatsApp-Image-2018-09-20-at-16.04.06.jpeg 800w, https:\/\/www.radiopiu.net\/wordpress\/wp-content\/uploads\/2018\/09\/WhatsApp-Image-2018-09-20-at-16.04.06-300x38.jpeg 300w, https:\/\/www.radiopiu.net\/wordpress\/wp-content\/uploads\/2018\/09\/WhatsApp-Image-2018-09-20-at-16.04.06-768x96.jpeg 768w\" sizes=\"auto, (max-width: 800px) 100vw, 800px\" \/><\/a><\/p>\n<p><center><\/center><center><\/center><center><b>\u00a0<\/b><\/center><strong>OGGI<\/strong> Stupenda giornata tardo-autunnale con sole, cielo terso, aria limpida ed ottima visibilit\u00e0. L&#8217;insidia nebbia nei fondovalle prealpini durante le ore pi\u00f9 fredde sar\u00e0 assente, salvo locali banchi lungo il corso del Piave in Valbelluna.<br \/>\n<strong>Precipitazioni.<\/strong> Assenti<br \/>\n<strong>Temperature.<\/strong> Calo delle temperature alle quote inferiori a 1500-1800 m, mentre saranno in rialzo alle quote pi\u00f9 alte. Ridotta escursione termica nelle valli in ombra, dove l&#8217;inversione torner\u00e0 ad essere presente.<\/p>\n<hr \/>\n<p><strong>DOMANI<\/strong> Persiste il tempo stabile tardo-autunnale con sole, cielo sereno, aria limpida ed ottima visibilit\u00e0. Maggiore insidia nebbia notturna in Valbelluna. Forte escursione termica diurna nelle valli pi\u00f9 assolate, mentre il contesto rimarr\u00e0 fresco o addirittura freddo in quelle in ombra<br \/>\n<strong>Precipitazioni.<\/strong> Assenti<br \/>\n<strong>Temperature.<\/strong>\u00a0Contenuto generale rialzo termico in quota, mentre le minime continueranno a diminuire nei fondovalle con probabile diretta incidenza sul calo delle massime, almeno nei settori a lungo in ombra, con conseguente accentuazione dell&#8217;inversione termica.<\/p>\n<hr \/>\n<p><strong>LUNEDI.<\/strong> Sole, cielo terso, aria limpida ed ottima visibilit\u00e0. Alla sera arrivo di sottili nubi alte. L&#8217;insidia nebbie nei fondovalle nelle ore pi\u00f9 fredde rimarr\u00e0 limitata alla Valbelluna. Temperature senza notevoli variazioni rispetto a domenica, magari ulteriore lieve accentuazione dell&#8217;inversione termica nei fondovalle.<\/p>\n<hr \/>\n<p><strong>MARTEDI<\/strong>\u00a0Cielo da nuvoloso a molto nuvoloso con ambiente maggiormente umido e debolissime precipitazioni sparse sulle Dolomiti, meno probabili sulle Prealpi, nevose oltre i 1400-1500 m iniziali, poi in abbassamento fino a 1100-1200 m a fine episodio. Temperature in calo, salvo aumento delle minime nelle valli e scomparsa dell&#8217;inversione.<\/p>\n<p>&nbsp;<\/p>\n<hr \/>\n<p>&nbsp;<\/p>\n<p>&nbsp;<\/p>\n<p class=\"mceTemp\"><a class=\"dt-pswp-item\" href=\"https:\/\/www.radiopiu.net\/wordpress\/wp-content\/uploads\/2018\/09\/sport.jpg\" data-dt-img-description=\"\" data-large_image_width=\"800\" data-large_image_height=\"100\"><img loading=\"lazy\" decoding=\"async\" class=\"aligncenter wp-image-60761 size-full\" src=\"https:\/\/www.radiopiu.net\/wordpress\/wp-content\/uploads\/2018\/09\/sport.jpg\" alt=\"\" width=\"800\" height=\"100\" srcset=\"https:\/\/www.radiopiu.net\/wordpress\/wp-content\/uploads\/2018\/09\/sport.jpg 800w, https:\/\/www.radiopiu.net\/wordpress\/wp-content\/uploads\/2018\/09\/sport-300x38.jpg 300w, https:\/\/www.radiopiu.net\/wordpress\/wp-content\/uploads\/2018\/09\/sport-768x96.jpg 768w\" sizes=\"auto, (max-width: 800px) 100vw, 800px\" \/><\/a><span style=\"color: #0000ff;\"><strong>\u00a0 \u00a0 \u00a0 \u00a0 \u00a0 \u00a0 \u00a0\u00a0<\/strong><\/span><\/p>\n<p><span style=\"color: #0000ff;\"><strong>HOCKEY\u00a0<\/strong><\/span><\/p>\n<blockquote>\n<h3>ALLEGHE ALLA RICERCA DI PUNTI IMPORTANTI CONTRO IL VALPELLICE<\/h3>\n<\/blockquote>\n<p><strong><a class=\"dt-pswp-item\" href=\"https:\/\/www.radiopiu.net\/wordpress\/wp-content\/uploads\/2024\/11\/3a84e15a-5e60-4d1e-9ce4-0e2b53d94058.jpg\" data-dt-img-description=\"\" data-large_image_width=\"940\" data-large_image_height=\"537\"><img loading=\"lazy\" decoding=\"async\" class=\" wp-image-422103 alignleft\" src=\"https:\/\/www.radiopiu.net\/wordpress\/wp-content\/uploads\/2024\/11\/3a84e15a-5e60-4d1e-9ce4-0e2b53d94058-300x171.jpg\" alt=\"\" width=\"211\" height=\"120\" srcset=\"https:\/\/www.radiopiu.net\/wordpress\/wp-content\/uploads\/2024\/11\/3a84e15a-5e60-4d1e-9ce4-0e2b53d94058-300x171.jpg 300w, https:\/\/www.radiopiu.net\/wordpress\/wp-content\/uploads\/2024\/11\/3a84e15a-5e60-4d1e-9ce4-0e2b53d94058-768x439.jpg 768w, https:\/\/www.radiopiu.net\/wordpress\/wp-content\/uploads\/2024\/11\/3a84e15a-5e60-4d1e-9ce4-0e2b53d94058.jpg 940w\" sizes=\"auto, (max-width: 211px) 100vw, 211px\" \/><\/a>DI ROBERTO MIANA, PORTAVOCE DELL&#8217;ALLEGHE HOCKEY<\/strong><\/p>\n<p>Diciottesima giornata del campionato IHL di hockey su ghiaccio. Sabato 30 novembre alle 20:30 l\u2019Alleghe ospita il Valpellice. Nell\u2019ultimo incontro, un brutto Alleghe \u00e8 uscito sconfitto 2-5 dal \u201cDe Toni\u201d, per mano di un Appiano che ha pattinato meglio, portandosi a casa meritatamente l\u2019intera posta in palio. Nel primo tempo gli Agordini passano in vantaggio con Iori ma si fanno raggiungere dagli ospiti in penalty killing. Secondo tempo con l\u2019Appiano che sfrutta le incertezze difensive biancorosse andando in rete altre due volte, portandosi cos\u00ec sul doppio vantaggio. Nell\u2019ultimo periodo le Civette provano ad accorciare le distanze, ma sono i Pirati che mettono a referto la quarta marcatura prima della rete della speranza di M\u00e4kel\u00e4. Finale con l\u2019Appiano che chiude il match con la quinta rete. Alleghe che, dopo quindici gare, \u00e8 ottavo in classifica con 20 punti, a sole due lunghezze dalla sesta posizione, ultima valida per la qualificazione al Master Round e ora occupata dallo stesso Valpellice e dal Pergine. Il Valpellice, prossimo avversario delle Civette, ha osservato il riposo nel turno infrasettimanale, mentre nell\u2019ultima gara giocata \u00e8 uscito sconfitto 2-3 dal ghiaccio del Bressanone. Torresi che occupano la sesta posizione in classifica con 22 punti in 15 gare. Miglior marcatore dei piemontesi il messicano Hector Majul, autore di 13 gol e 13 assist in 15 partite. Nove i precedenti giocati in IHL tra Alleghe e Valpellice. Il bilancio conta 4 vittorie delle Civette e 5 dei Bulldogs. Nel match di andata si sono imposti in trasferta i biancorossi con un rotondo 3-0. L\u2019ultimo match in riva al lago, giocato il 28 ottobre dello scorso anno, ha visto il successo agordino 5-0.<\/p>\n<p><strong>ALLEGHE HOCKEY &#8211; HC VALPELLICE<\/strong><br \/>\nSabato 30 Novembre ore 20:30 &#8211; Palaghiaccio Alvise De Toni di Alleghe (BL) Ingresso dalla gradinata laterale (lato torrente Zunaia). Arbitri: Massimo De Col e Federico Rivis con giudici di linea Paolo Brondi e Andrea Rivis. Collegamenti in DIRETTA RADIOFONICA su Radio Pi\u00f9 (www.radiopiu.net) con \u201chockey al punto giusto\u201d, in studio Marco Gaz e da Alleghe interventi di Federico Paganin<\/p>\n<p>&nbsp;<\/p>\n<p><span style=\"color: #0000ff;\"><strong>CALCIO<\/strong><\/span><\/p>\n<blockquote>\n<h3 class=\"entry-title\">ELVIO CHIEA NON \u00c8 PIU\u2019 L\u2019ALLENATORE DELL\u2019AGORDINA<\/h3>\n<\/blockquote>\n<p><strong class=\"photoswipe-wrapper\"><a class=\"dt-pswp-item pspw-wrap-ready\" href=\"https:\/\/www.radiopiu.net\/wordpress\/wp-content\/uploads\/2019\/09\/AGORDINA-CALCIO.jpeg\" data-dt-img-description=\"\" data-large_image_width=\"225\" data-large_image_height=\"225\"><img loading=\"lazy\" decoding=\"async\" class=\" wp-image-97575 alignleft\" src=\"https:\/\/www.radiopiu.net\/wordpress\/wp-content\/uploads\/2019\/09\/AGORDINA-CALCIO.jpeg\" sizes=\"auto, (max-width: 225px) 100vw, 225px\" srcset=\"https:\/\/www.radiopiu.net\/wordpress\/wp-content\/uploads\/2019\/09\/AGORDINA-CALCIO.jpeg 225w, https:\/\/www.radiopiu.net\/wordpress\/wp-content\/uploads\/2019\/09\/AGORDINA-CALCIO-150x150.jpeg 150w\" alt=\"\" width=\"161\" height=\"161\" \/><\/a>AGORDO\u00a0<\/strong>Le voci circolavano da alcuni giorni ed ora \u00e8 arrivata la conferma da parte dell\u2019Agordina Calcio. Elvio Chiea ha dato le dimissioni da allenatore della prima squadra. Gruppo affidato al vice allenatore Alan Davare.<\/p>\n<p><strong>IL COMUNICATO DELLA SOCIET\u00c0\u00a0<\/strong><\/p>\n<p>La Societ\u00e0 USD Agordina comunica che l\u2019allenatore sig. Elvio Chiea, ha rassegnato le dimissioni dalla conduzione della nostra squadra militante in Terza categoria. Comprendendo le motivazioni che l\u2019hanno spinto a questa decisione, la Societ\u00e0 ringrazia il Mister per la disponibilit\u00e0 ed il costante impegno con il quale ha seguito nel passato ed in questa parte di stagione la squadra a lui affidata. Nell\u2019attesa di definire la nuova conduzione tecnica per il completamento della stagione in corso, la squadra viene affidata all\u2019attuale vice allenatore Sig. Alan Davare.<\/p>\n<p>&nbsp;<\/p>\n<blockquote>\n<h3>ELVIO CHIEA DA&#8217; LE DIMISSIONI DA ALLENATORE DELL&#8217;AGORDINA. IL FINE SETTIMANA DI CALCIO GIOCATO<\/h3>\n<\/blockquote>\n<p><strong><a class=\"dt-pswp-item\" href=\"https:\/\/www.radiopiu.net\/wordpress\/wp-content\/uploads\/2023\/04\/calcio-rigore-2023.png\" data-dt-img-description=\"\" data-large_image_width=\"623\" data-large_image_height=\"402\"><img loading=\"lazy\" decoding=\"async\" class=\" wp-image-331419 alignleft\" src=\"https:\/\/www.radiopiu.net\/wordpress\/wp-content\/uploads\/2023\/04\/calcio-rigore-2023-300x194.png\" alt=\"\" width=\"178\" height=\"115\" srcset=\"https:\/\/www.radiopiu.net\/wordpress\/wp-content\/uploads\/2023\/04\/calcio-rigore-2023-300x194.png 300w, https:\/\/www.radiopiu.net\/wordpress\/wp-content\/uploads\/2023\/04\/calcio-rigore-2023.png 623w\" sizes=\"auto, (max-width: 178px) 100vw, 178px\" \/><\/a>DI MARCO GAZ<\/strong><\/p>\n<p><strong>REDAZIONE <\/strong>Continuano i fine settimana dell\u2019Agordina Calcio che anche questo weekend sar\u00e0 in campo con le sue 5 squadre iscritte ai campionati provinciali LND. Un periodo di assestamento per la prima squadra che ad inizio settimana ha dovuto fare i conti con le dimissioni dell\u2019allenatore Elvio Chiea. Dopo la partita di domenica scorsa contro il Cortina, Elvio ha comunicato alla societ\u00e0 che non voleva proseguire la collaborazione con la squadra di Agordo. La dirigenza ha optato per dare in mano la squadra ad Alan Davare, gi\u00e0 allenatore di seconda con la gestione Chiea. Ma passando al calcio giocato, oggi alle 15 in programma le prime tre partite del settore giovanile. La Juniores di De Zaiacomo scender\u00e0 in terra trevigiana per affrontare l\u2019Union Feletto. In campo anche le due squadre dei campionati dedicati ai Giovanissimi. L\u2019Agordina A cercher\u00e0 conferme in terra feltrina contro la Juventina Mugnai. Squadra B che giocher\u00e0 in casa con il Cadore. Domani mattina sar\u00e0 il turno degli Allievi di Orzetti che scenderanno in campo per l\u2019ultima volta in questo 2024 per giocare il recupero contro il Cadore. Calcio d\u2019inizio alle 10 all\u2019Ivano Dorigo di Agordo. Infine la prima squadra che disputer\u00e0 la 12sima giornata del campionato di Terza Categoria. Domani alle 15 trasferta in Zoldo per giocare contro la Valzoldana. Una sfida importante per gli agordini che hanno bisogno di punti per avvicinarsi alla parte alta della classifica. Domani alle 20:30 su Radio Pi\u00f9 appuntamento con l\u2019approfondimento calcistico in \u201cAgordina In Prima Linea\u201d.<\/p>\n<p>&nbsp;<\/p>\n<p><span style=\"color: #0000ff;\"><strong>PALLAVOLO<\/strong><\/span><\/p>\n<blockquote>\n<h3>LA SB VOLLEY TORNA AL DE MAS<\/h3>\n<\/blockquote>\n<p><a class=\"dt-pswp-item\" href=\"https:\/\/www.radiopiu.net\/wordpress\/wp-content\/uploads\/2024\/11\/Nausicaa_Mascio_in_ricezione.jpg\" data-dt-img-description=\"\" data-large_image_width=\"721\" data-large_image_height=\"902\"><img loading=\"lazy\" decoding=\"async\" class=\" wp-image-422101 alignleft\" src=\"https:\/\/www.radiopiu.net\/wordpress\/wp-content\/uploads\/2024\/11\/Nausicaa_Mascio_in_ricezione-240x300.jpg\" alt=\"\" width=\"144\" height=\"180\" srcset=\"https:\/\/www.radiopiu.net\/wordpress\/wp-content\/uploads\/2024\/11\/Nausicaa_Mascio_in_ricezione-240x300.jpg 240w, https:\/\/www.radiopiu.net\/wordpress\/wp-content\/uploads\/2024\/11\/Nausicaa_Mascio_in_ricezione.jpg 721w\" sizes=\"auto, (max-width: 144px) 100vw, 144px\" \/><\/a>La SB Volley torna a giocare in casa al De Mas dopo due trasferte consecutive. Domani, sabato 30 novembre alle 19, affronter\u00e0 l\u2019Imarc Rossano, attuale seconda forza del girone di Serie C femminile, reduce da quattro vittorie su cinque partite. La squadra di Sedico-Belluno, quarta in classifica, ha solo due punti di distacco e arriva da una convincente vittoria contro Polesella. L\u2019esperta schiacciatrice Nausicaa Maschio sottolinea l\u2019importanza di approcciare ogni partita con aggressivit\u00e0 e concentrazione, indipendentemente dall\u2019avversario. La SB Volley, guidata in panchina da Giovanni Bortoluzzi, ha vissuto un inizio di stagione altalenante ma positivo, grazie all\u2019unione del gruppo e all\u2019apporto delle giovani promesse. Maschio, motivata dal clima positivo dello spogliatoio e dall\u2019appoggio del presidente De Barba, ha deciso di continuare a giocare, puntando con la squadra a risultati ambiziosi oltre la met\u00e0 classifica, con l\u2019obiettivo di vincere ogni partita.<\/p>\n","protected":false},"excerpt":{"rendered":"<p>***** &nbsp; LA\u00a0 APP PER IOS-IPHONE di Nicola Vettorello https:\/\/apps.apple.com\/it\/app\/radio-pi%C3%B9-emittente-agordina\/id1515939845 LA\u00a0 APP RADIO\u00a0 PER ANDROID di Nicola Vettorello https:\/\/play.google.com\/store\/apps\/details?id=net.radiopiu.iniko\u00a0\u00a0\u00a0 &nbsp; &nbsp; &nbsp; &nbsp; OGGI A RADIO PIU&#8217;&#8230; TRA L&#8217;ALTRO:\u00a0 ALLE 9 LE NOVITA&#8217; MUSICALI LE ASCOLTI IL VENERDI MATTINA, IN PREMIER CON MARCO GAZ \u00a0\u00a0\u00a010.30\u00a0 LA RASSEGNA STAMPA DA L&#8217;AMICO DEL POPOLO CON GIANNI SANTOMASO.&hellip;<\/p>\n","protected":false},"author":4,"featured_media":422155,"comment_status":"closed","ping_status":"closed","sticky":false,"template":"","format":"standard","meta":{"_monsterinsights_skip_tracking":false,"_monsterinsights_sitenote_active":false,"_monsterinsights_sitenote_note":"","_monsterinsights_sitenote_category":0,"footnotes":""},"categories":[51,86,49],"tags":[],"class_list":["post-422022","post","type-post","status-publish","format-standard","has-post-thumbnail","hentry","category-evidenza-top","category-gr","category-news-18","category-51","category-86","category-49","description-off"],"img_url":"https:\/\/www.radiopiu.net\/wordpress\/wp-content\/uploads\/2024\/11\/061bb33d-88de-4b8a-b93e-3fef2a469f2a.jpg","_links":{"self":[{"href":"https:\/\/www.radiopiu.net\/wordpress\/wp-json\/wp\/v2\/posts\/422022","targetHints":{"allow":["GET"]}}],"collection":[{"href":"https:\/\/www.radiopiu.net\/wordpress\/wp-json\/wp\/v2\/posts"}],"about":[{"href":"https:\/\/www.radiopiu.net\/wordpress\/wp-json\/wp\/v2\/types\/post"}],"author":[{"embeddable":true,"href":"https:\/\/www.radiopiu.net\/wordpress\/wp-json\/wp\/v2\/users\/4"}],"replies":[{"embeddable":true,"href":"https:\/\/www.radiopiu.net\/wordpress\/wp-json\/wp\/v2\/comments?post=422022"}],"version-history":[{"count":33,"href":"https:\/\/www.radiopiu.net\/wordpress\/wp-json\/wp\/v2\/posts\/422022\/revisions"}],"predecessor-version":[{"id":422236,"href":"https:\/\/www.radiopiu.net\/wordpress\/wp-json\/wp\/v2\/posts\/422022\/revisions\/422236"}],"wp:featuredmedia":[{"embeddable":true,"href":"https:\/\/www.radiopiu.net\/wordpress\/wp-json\/wp\/v2\/media\/422155"}],"wp:attachment":[{"href":"https:\/\/www.radiopiu.net\/wordpress\/wp-json\/wp\/v2\/media?parent=422022"}],"wp:term":[{"taxonomy":"category","embeddable":true,"href":"https:\/\/www.radiopiu.net\/wordpress\/wp-json\/wp\/v2\/categories?post=422022"},{"taxonomy":"post_tag","embeddable":true,"href":"https:\/\/www.radiopiu.net\/wordpress\/wp-json\/wp\/v2\/tags?post=422022"}],"curies":[{"name":"wp","href":"https:\/\/api.w.org\/{rel}","templated":true}]}}