{"id":422075,"date":"2024-11-29T10:13:45","date_gmt":"2024-11-29T09:13:45","guid":{"rendered":"https:\/\/www.radiopiu.net\/wordpress\/?p=422075"},"modified":"2024-11-29T10:13:45","modified_gmt":"2024-11-29T09:13:45","slug":"carabinieri-e-cultura-della-legalita-incontro-speciale-con-i-ragazzi-di-fiammoi","status":"publish","type":"post","link":"https:\/\/www.radiopiu.net\/wordpress\/carabinieri-e-cultura-della-legalita-incontro-speciale-con-i-ragazzi-di-fiammoi\/","title":{"rendered":"&#8220;Carabinieri e Cultura della Legalit\u00e0: incontro speciale con i ragazzi di Fiammoi&#8221;"},"content":{"rendered":"<blockquote><p>**<em>&#8220;Educazione e curiosit\u00e0: una giornata con l\u2019Arma alla scuola primaria&#8221;<\/em><\/p><\/blockquote>\n<p style=\"text-align: left;\"><strong> <a href=\"https:\/\/www.radiopiu.net\/wordpress\/wp-content\/uploads\/2024\/11\/20241126_1435320.heic\"><img decoding=\"async\" class=\"alignnone size-full wp-image-422076\" src=\"https:\/\/www.radiopiu.net\/wordpress\/wp-content\/uploads\/2024\/11\/20241126_1435320.heic\" alt=\"\" \/><\/a><a class=\"dt-pswp-item\" href=\"https:\/\/www.radiopiu.net\/wordpress\/wp-content\/uploads\/2024\/11\/20241126_1435320-scaled.jpeg\" data-dt-img-description=\"\" data-large_image_width=\"2560\" data-large_image_height=\"1920\"><img loading=\"lazy\" decoding=\"async\" class=\"size-medium wp-image-422089 alignleft\" src=\"https:\/\/www.radiopiu.net\/wordpress\/wp-content\/uploads\/2024\/11\/20241126_1435320-300x225.jpeg\" alt=\"\" width=\"300\" height=\"225\" srcset=\"https:\/\/www.radiopiu.net\/wordpress\/wp-content\/uploads\/2024\/11\/20241126_1435320-300x225.jpeg 300w, https:\/\/www.radiopiu.net\/wordpress\/wp-content\/uploads\/2024\/11\/20241126_1435320-1024x768.jpeg 1024w, https:\/\/www.radiopiu.net\/wordpress\/wp-content\/uploads\/2024\/11\/20241126_1435320-768x576.jpeg 768w, https:\/\/www.radiopiu.net\/wordpress\/wp-content\/uploads\/2024\/11\/20241126_1435320-1536x1152.jpeg 1536w, https:\/\/www.radiopiu.net\/wordpress\/wp-content\/uploads\/2024\/11\/20241126_1435320-2048x1536.jpeg 2048w\" sizes=\"auto, (max-width: 300px) 100vw, 300px\" \/><\/a>BELLUNO<\/strong><\/p>\n<p>\u2013 Il 26 novembre i Carabinieri della Compagnia di Belluno hanno fatto visita alla Scuola Primaria \u201cE. Rudio\u201d di Fiammoi, nell\u2019Istituto Comprensivo \u201cTina Merlin\u201d, per un incontro con gli studenti della classe quinta nell\u2019ambito della promozione della \u201cCultura della Legalit\u00e0\u201d. Il Maggiore Giovanni Meriano, accompagnato da una pattuglia del N.O.R. \u2013 Sezione Radiomobile, ha introdotto i ragazzi al mondo dell\u2019Arma, mostrando uno dei mezzi operativi, un\u2019Alfa Romeo Giulia, nel <a class=\"dt-pswp-item\" href=\"https:\/\/www.radiopiu.net\/wordpress\/wp-content\/uploads\/2024\/11\/PAP1.png\" data-dt-img-description=\"\" data-large_image_width=\"1041\" data-large_image_height=\"636\"><img loading=\"lazy\" decoding=\"async\" class=\"size-medium wp-image-422090 alignright\" src=\"https:\/\/www.radiopiu.net\/wordpress\/wp-content\/uploads\/2024\/11\/PAP1-300x183.png\" alt=\"\" width=\"300\" height=\"183\" srcset=\"https:\/\/www.radiopiu.net\/wordpress\/wp-content\/uploads\/2024\/11\/PAP1-300x183.png 300w, https:\/\/www.radiopiu.net\/wordpress\/wp-content\/uploads\/2024\/11\/PAP1-1024x626.png 1024w, https:\/\/www.radiopiu.net\/wordpress\/wp-content\/uploads\/2024\/11\/PAP1-768x469.png 768w, https:\/\/www.radiopiu.net\/wordpress\/wp-content\/uploads\/2024\/11\/PAP1.png 1041w\" sizes=\"auto, (max-width: 300px) 100vw, 300px\" \/><\/a>piazzale della scuola. I giovani studenti, entusiasti, hanno esplorato le dotazioni di bordo, ponendo molte domande sul funzionamento e sull\u2019uso pratico durante le operazioni. In aula, il dialogo si \u00e8 concentrato sull\u2019importanza delle regole e del rispetto reciproco. \u201c\u00c8 fondamentale sensibilizzare i giovani alla legalit\u00e0 fin da piccoli,\u201d ha dichiarato il Magg. Meriano, apprezzando l\u2019interesse e la partecipazione attiva degli studenti. La giornata si \u00e8 conclusa con la promessa di un futuro incontro, segno del successo di un\u2019esperienza che ha lasciato il segno nei giovani e nell\u2019Arma, dimostrando quanto questi momenti siano cruciali per costruire cittadini consapevoli.<\/p>\n<blockquote><p>\u201c<i>E\u2019 stato bello incontrare i ragazzi della scuola elementare di Fiammoi.<\/i>\u201d ha dichiarato il Magg. Giovanni Meriano, Comandante della Compagnia di Belluno, \u201cQ<i>uesti incontri sono per noi molto importanti, perch\u00e9 ci danno la possibilit\u00e0 di sensibilizzare i giovani, anche in tenera et\u00e0, alla cultura della legalit\u00e0 e del corretto vivere in comunit\u00e0; concetti, questi, che devono mettere radici nei nostri figli gi\u00e0 da bambini perch\u00e9 possano svilupparsi e crescere insieme a loro. \u00c9 stata anche l\u2019occasione per far conoscere loro meglio il nostro lavoro e mi hanno sorpreso la loro curiosit\u00e0 e le tante domande che ci hanno rivolto. Una cosa molto bella \u00e8 la richiesta da parte dei bambini di organizzare, prima della fine dell\u2019anno scolastico, un altro incontro e questo \u00e8 motivo per noi di grande soddisfazione e di sicuro li accontenteremo.\u201d\u00a0 <\/i><\/p><\/blockquote>\n<p>&nbsp;<\/p>\n<hr \/>\n<p>&nbsp;<\/p>\n","protected":false},"excerpt":{"rendered":"<p>**&#8220;Educazione e curiosit\u00e0: una giornata con l\u2019Arma alla scuola primaria&#8221; BELLUNO \u2013 Il 26 novembre i Carabinieri della Compagnia di Belluno hanno fatto visita alla Scuola Primaria \u201cE. Rudio\u201d di Fiammoi, nell\u2019Istituto Comprensivo \u201cTina Merlin\u201d, per un incontro con gli studenti della classe quinta nell\u2019ambito della promozione della \u201cCultura della Legalit\u00e0\u201d. Il Maggiore Giovanni Meriano,&hellip;<\/p>\n","protected":false},"author":4,"featured_media":422089,"comment_status":"closed","ping_status":"closed","sticky":false,"template":"","format":"standard","meta":{"_monsterinsights_skip_tracking":false,"_monsterinsights_sitenote_active":false,"_monsterinsights_sitenote_note":"","_monsterinsights_sitenote_category":0,"footnotes":""},"categories":[49],"tags":[],"class_list":["post-422075","post","type-post","status-publish","format-standard","has-post-thumbnail","hentry","category-news-18","category-49","description-off"],"img_url":"https:\/\/www.radiopiu.net\/wordpress\/wp-content\/uploads\/2024\/11\/20241126_1435320-scaled.jpeg","_links":{"self":[{"href":"https:\/\/www.radiopiu.net\/wordpress\/wp-json\/wp\/v2\/posts\/422075","targetHints":{"allow":["GET"]}}],"collection":[{"href":"https:\/\/www.radiopiu.net\/wordpress\/wp-json\/wp\/v2\/posts"}],"about":[{"href":"https:\/\/www.radiopiu.net\/wordpress\/wp-json\/wp\/v2\/types\/post"}],"author":[{"embeddable":true,"href":"https:\/\/www.radiopiu.net\/wordpress\/wp-json\/wp\/v2\/users\/4"}],"replies":[{"embeddable":true,"href":"https:\/\/www.radiopiu.net\/wordpress\/wp-json\/wp\/v2\/comments?post=422075"}],"version-history":[{"count":1,"href":"https:\/\/www.radiopiu.net\/wordpress\/wp-json\/wp\/v2\/posts\/422075\/revisions"}],"predecessor-version":[{"id":422091,"href":"https:\/\/www.radiopiu.net\/wordpress\/wp-json\/wp\/v2\/posts\/422075\/revisions\/422091"}],"wp:featuredmedia":[{"embeddable":true,"href":"https:\/\/www.radiopiu.net\/wordpress\/wp-json\/wp\/v2\/media\/422089"}],"wp:attachment":[{"href":"https:\/\/www.radiopiu.net\/wordpress\/wp-json\/wp\/v2\/media?parent=422075"}],"wp:term":[{"taxonomy":"category","embeddable":true,"href":"https:\/\/www.radiopiu.net\/wordpress\/wp-json\/wp\/v2\/categories?post=422075"},{"taxonomy":"post_tag","embeddable":true,"href":"https:\/\/www.radiopiu.net\/wordpress\/wp-json\/wp\/v2\/tags?post=422075"}],"curies":[{"name":"wp","href":"https:\/\/api.w.org\/{rel}","templated":true}]}}