{"id":422175,"date":"2024-12-02T05:42:53","date_gmt":"2024-12-02T04:42:53","guid":{"rendered":"https:\/\/www.radiopiu.net\/wordpress\/?p=422175"},"modified":"2024-12-02T08:43:47","modified_gmt":"2024-12-02T07:43:47","slug":"giornale-radiopiu-02-dicembre-2024-direttore-mirko-mezzacasada-41-anni-25-giugno-1983-25-giugno-2024","status":"publish","type":"post","link":"https:\/\/www.radiopiu.net\/wordpress\/giornale-radiopiu-02-dicembre-2024-direttore-mirko-mezzacasada-41-anni-25-giugno-1983-25-giugno-2024\/","title":{"rendered":"GIORNALE RADIOPIU 02 DICEMBRE 2024 DIRETTORE MIRKO MEZZACASA\u2026DA 41 ANNI 25 GIUGNO 1983-25 GIUGNO 2024"},"content":{"rendered":"<p>*****<\/p>\n<p>&nbsp;<\/p>\n<p><em><span style=\"color: #ff0000;\"><a class=\"dt-pswp-item\" href=\"https:\/\/www.radiopiu.net\/wordpress\/wp-content\/uploads\/2024\/10\/Senza-nome-8.png\" data-dt-img-description=\"\" data-large_image_width=\"343\" data-large_image_height=\"303\"><img loading=\"lazy\" decoding=\"async\" class=\"wp-image-412130 alignleft\" src=\"https:\/\/www.radiopiu.net\/wordpress\/wp-content\/uploads\/2024\/10\/Senza-nome-8-300x265.png\" alt=\"\" width=\"105\" height=\"93\" srcset=\"https:\/\/www.radiopiu.net\/wordpress\/wp-content\/uploads\/2024\/10\/Senza-nome-8-300x265.png 300w, https:\/\/www.radiopiu.net\/wordpress\/wp-content\/uploads\/2024\/10\/Senza-nome-8.png 343w\" sizes=\"auto, (max-width: 105px) 100vw, 105px\" \/><\/a><\/span><\/em><strong><em><span style=\"color: #ff0000;\"> LA\u00a0 APP PER IOS-IPHONE di Nicola Vettorello<\/span><\/em><\/strong><\/p>\n<p><strong><span style=\"color: #0000ff;\"><a style=\"color: #0000ff;\" href=\"https:\/\/apps.apple.com\/it\/app\/radio-pi%C3%B9-emittente-agordina\/id1515939845\">https:\/\/apps.apple.com\/it\/app\/radio-pi%C3%B9-emittente-agordina\/id1515939845<\/a><\/span><\/strong><\/p>\n<p><strong><em style=\"color: #ff0000;\">LA\u00a0 APP RADIO\u00a0 PER ANDROID di Nicola Vettorello<\/em><\/strong><\/p>\n<p><strong><span style=\"color: #0000ff;\"><a style=\"color: #0000ff;\" href=\"https:\/\/play.google.com\/store\/apps\/details?id=net.radiopiu.iniko\" target=\"_blank\" rel=\"noopener noreferrer\">https:\/\/<\/a><a style=\"color: #0000ff;\" href=\"https:\/\/play.google.com\/store\/apps\/details?id=net.radiopiu.iniko\" target=\"_blank\" rel=\"noopener noreferrer\">play.google.com\/store\/apps\/details?id=net.radiopiu.iniko\u00a0\u00a0\u00a0<\/a><\/span><\/strong><\/p>\n<p>&nbsp;<\/p>\n<p>&nbsp;<\/p>\n<hr \/>\n<p>&nbsp;<\/p>\n<p><strong><span style=\"color: #ff0000;\"><a href=\"https:\/\/www.radiopiu.net\/wordpress\/wp-content\/uploads\/2024\/12\/0549193e-7a3b-4118-b15d-140da56e7fce.webp\"><img loading=\"lazy\" decoding=\"async\" class=\" wp-image-422429 alignleft\" src=\"https:\/\/www.radiopiu.net\/wordpress\/wp-content\/uploads\/2024\/12\/0549193e-7a3b-4118-b15d-140da56e7fce-300x300.webp\" alt=\"\" width=\"222\" height=\"222\" srcset=\"https:\/\/www.radiopiu.net\/wordpress\/wp-content\/uploads\/2024\/12\/0549193e-7a3b-4118-b15d-140da56e7fce-300x300.webp 300w, https:\/\/www.radiopiu.net\/wordpress\/wp-content\/uploads\/2024\/12\/0549193e-7a3b-4118-b15d-140da56e7fce-150x150.webp 150w, https:\/\/www.radiopiu.net\/wordpress\/wp-content\/uploads\/2024\/12\/0549193e-7a3b-4118-b15d-140da56e7fce-768x768.webp 768w, https:\/\/www.radiopiu.net\/wordpress\/wp-content\/uploads\/2024\/12\/0549193e-7a3b-4118-b15d-140da56e7fce.webp 1024w\" sizes=\"auto, (max-width: 222px) 100vw, 222px\" \/><\/a>OGGI A RADIO PIU&#8217;&#8230; TRA L&#8217;ALTRO:<\/span>\u00a0<\/strong> OGGI COME IERI, IL LUNEDI ALLE 9 IL MERCOLEDI ALLE 9.40, LA STORAI IN MUSICA DI SILVIA BALDO <strong>\u00a010.30<\/strong> NON FARE LO STRUZZO&#8230; IN BIBLIOTECA AD AGORDO. l&#8217;APPUNTAMENTO CON IL DOTTOR GIULIANO FEDERA E LA TESTIMONIANZA DI ROBERTO AGNOLET <b>11.00 <\/b>PAOLA LANCIATO CON IL NUOVO PROGRAMMA&#8230; COSA GUARDO QUESTA SERA IN TV,\u00a0 DALLE PIATTAFORME ON DEMAND. NEL POMERIGGIO ALLE <strong>15.10\u00a0<\/strong> OSPITE A RADIO PIU&#8217; MARIO E LA SUA CHITARRA (SUO MARIO E BRUNO), NEL PROGRAMMA RITRATTI SONORI DI ALESSIA DALL&#8217;O<\/p>\n<p>&nbsp;<\/p>\n<p><strong>rassegna stampa nazionale,<\/strong> ogni giorno alle 5 e alle 6 del mattino.<br \/>\ngiornali locali 7 rassegna stampa flash, 8 rassegna stampa, gr flash alle 10 e alle 11, principale 12.30. Informazione pomeriggio ogni ora fino alle 20, in coda ai notiziari nazionali. Giornale radio nazionale: ogni ora dalle 4 del mattino, alle 20 della sera. Alle 19 le anticipazioni dal TG di Antenna 3 di Tiziana Bolognani.<\/p>\n<p>&nbsp;<\/p>\n<p>&nbsp;<\/p>\n<hr \/>\n<p>&nbsp;<\/p>\n<p>&nbsp;<\/p>\n<div class=\"x11i5rnm xat24cr x1mh8g0r x1vvkbs xtlvy1s x126k92a\">\n<div dir=\"auto\">\n<div dir=\"auto\">\n<p><strong><a class=\"dt-pswp-item\" href=\"https:\/\/www.radiopiu.net\/wordpress\/wp-content\/uploads\/2024\/02\/2d44e751-d8a8-461b-8e22-d8e4e853b032.jpg\" data-dt-img-description=\"\" data-large_image_width=\"1600\" data-large_image_height=\"1200\"><img loading=\"lazy\" decoding=\"async\" class=\"wp-image-373307 alignleft\" src=\"https:\/\/www.radiopiu.net\/wordpress\/wp-content\/uploads\/2024\/02\/2d44e751-d8a8-461b-8e22-d8e4e853b032-300x225.jpg\" alt=\"\" width=\"105\" height=\"79\" srcset=\"https:\/\/www.radiopiu.net\/wordpress\/wp-content\/uploads\/2024\/02\/2d44e751-d8a8-461b-8e22-d8e4e853b032-300x225.jpg 300w, https:\/\/www.radiopiu.net\/wordpress\/wp-content\/uploads\/2024\/02\/2d44e751-d8a8-461b-8e22-d8e4e853b032-1024x768.jpg 1024w, https:\/\/www.radiopiu.net\/wordpress\/wp-content\/uploads\/2024\/02\/2d44e751-d8a8-461b-8e22-d8e4e853b032-768x576.jpg 768w, https:\/\/www.radiopiu.net\/wordpress\/wp-content\/uploads\/2024\/02\/2d44e751-d8a8-461b-8e22-d8e4e853b032-1536x1152.jpg 1536w, https:\/\/www.radiopiu.net\/wordpress\/wp-content\/uploads\/2024\/02\/2d44e751-d8a8-461b-8e22-d8e4e853b032.jpg 1600w\" sizes=\"auto, (max-width: 105px) 100vw, 105px\" \/><\/a>EL BAL DEL FIOR, DI GIULIANA DA RONCH, 02 DICEMBRE<\/strong><strong>\u00a02024<\/strong><\/p>\n<\/div>\n<\/div>\n<\/div>\n<div><\/div>\n<div>\n<audio class=\"wp-audio-shortcode\" id=\"audio-422175-1\" preload=\"none\" style=\"width: 100%;\" controls=\"controls\"><source type=\"audio\/mpeg\" src=\"https:\/\/www.radiopiu.net\/wordpress\/wp-content\/uploads\/2024\/12\/GLU.mp3?_=1\" \/><a href=\"https:\/\/www.radiopiu.net\/wordpress\/wp-content\/uploads\/2024\/12\/GLU.mp3\">https:\/\/www.radiopiu.net\/wordpress\/wp-content\/uploads\/2024\/12\/GLU.mp3<\/a><\/audio>\n<\/div>\n<div><\/div>\n<hr \/>\n<p>&nbsp;<\/p>\n<p>&nbsp;<\/p>\n<div class=\"x11i5rnm xat24cr x1mh8g0r x1vvkbs xtlvy1s x126k92a\">\n<h1><span style=\"color: #ff0000;\"><a class=\"dt-pswp-item\" href=\"https:\/\/www.radiopiu.net\/wordpress\/wp-content\/uploads\/2024\/06\/th-5.jpg\" data-dt-img-description=\"\" data-large_image_width=\"326\" data-large_image_height=\"180\"><img loading=\"lazy\" decoding=\"async\" class=\"size-medium wp-image-395881 alignleft\" src=\"https:\/\/www.radiopiu.net\/wordpress\/wp-content\/uploads\/2024\/06\/th-5-300x166.jpg\" alt=\"\" width=\"300\" height=\"166\" srcset=\"https:\/\/www.radiopiu.net\/wordpress\/wp-content\/uploads\/2024\/06\/th-5-300x166.jpg 300w, https:\/\/www.radiopiu.net\/wordpress\/wp-content\/uploads\/2024\/06\/th-5.jpg 326w\" sizes=\"auto, (max-width: 300px) 100vw, 300px\" \/><\/a><\/span><\/h1>\n<h1><\/h1>\n<h1><\/h1>\n<h1><span style=\"color: #000000;\">02 DICEMBRE&#8230; alla radio l&#8217;almanacco\u00a0<\/span><\/h1>\n<\/div>\n<div class=\"x11i5rnm xat24cr x1mh8g0r x1vvkbs xtlvy1s x126k92a\">\n<audio class=\"wp-audio-shortcode\" id=\"audio-422175-2\" preload=\"none\" style=\"width: 100%;\" controls=\"controls\"><source type=\"audio\/mpeg\" src=\"https:\/\/www.radiopiu.net\/wordpress\/wp-content\/uploads\/2024\/12\/ALMANACCONEW.mp3?_=2\" \/><a href=\"https:\/\/www.radiopiu.net\/wordpress\/wp-content\/uploads\/2024\/12\/ALMANACCONEW.mp3\">https:\/\/www.radiopiu.net\/wordpress\/wp-content\/uploads\/2024\/12\/ALMANACCONEW.mp3<\/a><\/audio>\n<p>&nbsp;<\/p>\n<p>&nbsp;<\/p>\n<hr \/>\n<p>&nbsp;<\/p>\n<p>&nbsp;<\/p>\n<blockquote>\n<h1><strong><a class=\"dt-pswp-item\" href=\"https:\/\/www.radiopiu.net\/wordpress\/wp-content\/uploads\/2024\/10\/629301fd-708d-4f53-95c2-d28cbefd500f.jpg\" data-dt-img-description=\"\" data-large_image_width=\"1600\" data-large_image_height=\"1322\"><img loading=\"lazy\" decoding=\"async\" class=\"wp-image-413782 alignright\" src=\"https:\/\/www.radiopiu.net\/wordpress\/wp-content\/uploads\/2024\/10\/629301fd-708d-4f53-95c2-d28cbefd500f-300x248.jpg\" alt=\"\" width=\"106\" height=\"88\" srcset=\"https:\/\/www.radiopiu.net\/wordpress\/wp-content\/uploads\/2024\/10\/629301fd-708d-4f53-95c2-d28cbefd500f-300x248.jpg 300w, https:\/\/www.radiopiu.net\/wordpress\/wp-content\/uploads\/2024\/10\/629301fd-708d-4f53-95c2-d28cbefd500f-1024x846.jpg 1024w, https:\/\/www.radiopiu.net\/wordpress\/wp-content\/uploads\/2024\/10\/629301fd-708d-4f53-95c2-d28cbefd500f-768x635.jpg 768w, https:\/\/www.radiopiu.net\/wordpress\/wp-content\/uploads\/2024\/10\/629301fd-708d-4f53-95c2-d28cbefd500f-1536x1269.jpg 1536w, https:\/\/www.radiopiu.net\/wordpress\/wp-content\/uploads\/2024\/10\/629301fd-708d-4f53-95c2-d28cbefd500f.jpg 1600w\" sizes=\"auto, (max-width: 106px) 100vw, 106px\" \/><\/a><\/strong><\/h1>\n<h1><strong><a class=\"dt-pswp-item\" href=\"https:\/\/www.radiopiu.net\/wordpress\/wp-content\/uploads\/2024\/11\/th-18.jpg\" data-dt-img-description=\"\" data-large_image_width=\"156\" data-large_image_height=\"180\"><img loading=\"lazy\" decoding=\"async\" class=\"size-full wp-image-421611 alignleft\" src=\"https:\/\/www.radiopiu.net\/wordpress\/wp-content\/uploads\/2024\/11\/th-18.jpg\" alt=\"\" width=\"156\" height=\"180\" \/><\/a><\/strong><\/h1>\n<h1><strong>N di parom &#8211; L Almanach de la nosta jent<\/strong><\/h1>\n<\/blockquote>\n<p>&nbsp;<\/p>\n<p>Le voci: Davide Conedera, Agordo, Michela Dell&#8217;Osbel, La Valle Agordina Simone Ganz, Falcade Veronica Lezuo, Colle Santa Lucia. La voce nella sigla \u00e8 di Giorgia Taio<\/p>\n<p><strong>LA PUNTATA DI OGGI, 02 DICEMBRE<\/strong><\/p>\n<audio class=\"wp-audio-shortcode\" id=\"audio-422175-3\" preload=\"none\" style=\"width: 100%;\" controls=\"controls\"><source type=\"audio\/mpeg\" src=\"https:\/\/www.radiopiu.net\/wordpress\/wp-content\/uploads\/2024\/12\/AL1.mp3?_=3\" \/><a href=\"https:\/\/www.radiopiu.net\/wordpress\/wp-content\/uploads\/2024\/12\/AL1.mp3\">https:\/\/www.radiopiu.net\/wordpress\/wp-content\/uploads\/2024\/12\/AL1.mp3<\/a><\/audio>\n<\/div>\n<div class=\"x11i5rnm xat24cr x1mh8g0r x1vvkbs xtlvy1s x126k92a\">\n<p>&nbsp;<\/p>\n<div dir=\"auto\">\n<hr \/>\n<\/div>\n<\/div>\n<blockquote>\n<blockquote>\n<h1><span style=\"color: #ff0000;\">\u00a0<\/span><\/h1>\n<h1><span style=\"color: #ff0000;\">I podcast informativi del mattino &#8211; audio &#8211;\u00a0\u00a0<\/span><\/h1>\n<\/blockquote>\n<p><strong><a class=\"dt-pswp-item\" href=\"https:\/\/www.radiopiu.net\/wordpress\/wp-content\/uploads\/2024\/11\/6.jpg\" data-dt-img-description=\"\" data-large_image_width=\"177\" data-large_image_height=\"180\"><img loading=\"lazy\" decoding=\"async\" class=\"size-full wp-image-417911 alignleft\" src=\"https:\/\/www.radiopiu.net\/wordpress\/wp-content\/uploads\/2024\/11\/6.jpg\" alt=\"\" width=\"177\" height=\"180\" \/><\/a>LA RASSEGNA STAMPA NAZIONALE ALLA RADIO, OGNI GIORNO ALLE 5 E ALLE 6 DEL MATTINO <span style=\"color: #0000ff;\">viene pubblicata alle 6.00 <span style=\"color: #ff0000;\">DIRETTA RADIO\u00a0 \u00a0\u00a0<\/span><\/span><\/strong><\/p><\/blockquote>\n<p>&nbsp;<\/p>\n<p><strong>NOTIZIE DELLA NOTTE<\/strong><\/p>\n<p><strong>Manifattura in Cina<\/strong> cresce anche a novembre, Pmi Caixin a 51,5 <strong>Trump<\/strong> provoca Biden, grazia include anche assalitori 6\/1? <strong>La Russia<\/strong> schiera altri 30mila droni contro l&#8217;Ucraina <strong>Borsa<\/strong>: Hong Kong poco mossa, apre a +0,1%<br \/>\n<strong>Borsa<\/strong>: Shanghai apre +0,06%, Shenzhen a -0,08% <strong>Usa, Francia, Germania e Gb<\/strong> chiedono de-escalation in Siria<br \/>\n<strong>Joe Biden<\/strong> annuncia la grazia per il figlio Hunter <strong>Borsa di Tokyo<\/strong>, apertura poco variata (+0,06%)<\/p>\n<h2>AUDIO dalle 6 del mattino<\/h2>\n<audio class=\"wp-audio-shortcode\" id=\"audio-422175-4\" preload=\"none\" style=\"width: 100%;\" controls=\"controls\"><source type=\"audio\/mpeg\" src=\"https:\/\/www.radiopiu.net\/wordpress\/wp-content\/uploads\/2024\/12\/GIORNALEDELLESEI.mp3?_=4\" \/><a href=\"https:\/\/www.radiopiu.net\/wordpress\/wp-content\/uploads\/2024\/12\/GIORNALEDELLESEI.mp3\">https:\/\/www.radiopiu.net\/wordpress\/wp-content\/uploads\/2024\/12\/GIORNALEDELLESEI.mp3<\/a><\/audio>\n<p>&nbsp;<\/p>\n<p>&nbsp;<\/p>\n<p>&nbsp;<\/p>\n<hr \/>\n<p>&nbsp;<\/p>\n<h1 style=\"text-align: center;\"><span style=\"color: #ff0000;\"><a class=\"dt-pswp-item\" href=\"https:\/\/www.radiopiu.net\/wordpress\/wp-content\/uploads\/2024\/11\/7.jpg\" data-dt-img-description=\"\" data-large_image_width=\"180\" data-large_image_height=\"180\"><img loading=\"lazy\" decoding=\"async\" class=\"size-full wp-image-417912 alignleft\" src=\"https:\/\/www.radiopiu.net\/wordpress\/wp-content\/uploads\/2024\/11\/7.jpg\" alt=\"\" width=\"180\" height=\"180\" srcset=\"https:\/\/www.radiopiu.net\/wordpress\/wp-content\/uploads\/2024\/11\/7.jpg 180w, https:\/\/www.radiopiu.net\/wordpress\/wp-content\/uploads\/2024\/11\/7-150x150.jpg 150w\" sizes=\"auto, (max-width: 180px) 100vw, 180px\" \/><\/a>I podcast informativi del mattino &#8211; audio &#8211;\u00a0<\/span><\/h1>\n<p><strong>OGNI GIORNO ALLE SETTE DEL MATTINO, LA RASSEGNA STAMPA LOCALE FLASH&#8230; PER CHI VA IN FRETTA. I TITOLI DAI GIORNALI E DAL SITO WWW.RADIOPIU.NET <span style=\"color: #0000ff;\">viene pubblicato alle 7.00<\/span> <span style=\"color: #ff0000;\">DIRETTA RADIO\u00a0<\/span><\/strong><\/p>\n<p><em><span style=\"color: #ff0000;\">per chi va in fretta&#8230; tante notizie in pochi minuti. L&#8217;informazione locale alla radio, ogni ora dalle 7 del mattino alle 19 della sera.<\/span><\/em><\/p>\n<h1><\/h1>\n<h1>AUDIO dalle 7 del mattino<\/h1>\n<audio class=\"wp-audio-shortcode\" id=\"audio-422175-5\" preload=\"none\" style=\"width: 100%;\" controls=\"controls\"><source type=\"audio\/mpeg\" src=\"https:\/\/www.radiopiu.net\/wordpress\/wp-content\/uploads\/2024\/12\/GF07.mp3?_=5\" \/><a href=\"https:\/\/www.radiopiu.net\/wordpress\/wp-content\/uploads\/2024\/12\/GF07.mp3\">https:\/\/www.radiopiu.net\/wordpress\/wp-content\/uploads\/2024\/12\/GF07.mp3<\/a><\/audio>\n<p>&nbsp;<\/p>\n<p>&nbsp;<\/p>\n<p>&nbsp;<\/p>\n<hr \/>\n<p>&nbsp;<\/p>\n<h1><\/h1>\n<h1 style=\"text-align: center;\"><span style=\"color: #ff0000;\"><a class=\"dt-pswp-item\" href=\"https:\/\/www.radiopiu.net\/wordpress\/wp-content\/uploads\/2024\/11\/th.jpg\" data-dt-img-description=\"\" data-large_image_width=\"148\" data-large_image_height=\"179\"><img loading=\"lazy\" decoding=\"async\" class=\"size-full wp-image-417913 alignleft\" src=\"https:\/\/www.radiopiu.net\/wordpress\/wp-content\/uploads\/2024\/11\/th.jpg\" alt=\"\" width=\"148\" height=\"179\" \/><\/a>I podcast informativi del mattino &#8211; audio &#8211;\u00a0<\/span><\/h1>\n<blockquote><p><strong>GIORNALE RADIO NAZIONALE, EDIZIONE DELLE SETTE <span style=\"color: #0000ff;\">viene pubblicato alle 7.05 <span style=\"color: #ff0000;\">DIRETTA RADIO\u00a0<\/span><\/span><\/strong><\/p><\/blockquote>\n<p><strong>il giornale radionazionale e&#8217; in onda ogni ora, dalle sette del mattino alle venti della sera\u00a0 \u00a0<\/strong><strong>\u00a0<\/strong><\/p>\n<p><strong>Corvetto<\/strong> Si sveglia dal coma il 22enne che era sullo scooter con Ramy <strong>A Genova<\/strong> Violenza su una ragazzina di 13 anni, spedizione punitiva degli amici a casa dell&#8217;ex 15enne <strong>Sorrento<\/strong> Calci e pugni per aver difeso un amico, 6 ragazzi arrestati <strong>Gelo<\/strong>, neve e vento sull&#8217;Italia, 5 feriti a Salerno\u00a0 <strong>Roma<\/strong>, Contaminato dal plutonio, Isin torna alla Casaccia Marted\u00ec nuova ispezione. &#8216;Al momento sembra un episodio casuale&#8217; <strong>Trudy,<\/strong> la bimba che tutti credevano morta ad Auschwitz Una ricerca svela la storia, salvata da una donna poi fugg\u00ec negli Usa <strong>Siracusa<\/strong> &#8220;Banda dell&#8217;escavatore&#8221;, cinque arresti <strong>Napoli<\/strong> Turista muore in un incendio in un B&amp;B <strong>Parma<\/strong> Docente colpito con pugno in faccia dal padre di un suo studente<\/p>\n<p>&nbsp;<\/p>\n<p><span style=\"color: #ff0000;\"><span style=\"color: #0000ff;\">CRONACA<\/span> EDIZIONE DELLA SERA , DEL 01 DICEMBRE 2024 EDIZIONE DI IERI, 20.00<\/span><\/p>\n<audio class=\"wp-audio-shortcode\" id=\"audio-422175-6\" preload=\"none\" style=\"width: 100%;\" controls=\"controls\"><source type=\"audio\/mpeg\" src=\"https:\/\/www.radiopiu.net\/wordpress\/wp-content\/uploads\/2024\/12\/giornale07.mp3?_=6\" \/><a href=\"https:\/\/www.radiopiu.net\/wordpress\/wp-content\/uploads\/2024\/12\/giornale07.mp3\">https:\/\/www.radiopiu.net\/wordpress\/wp-content\/uploads\/2024\/12\/giornale07.mp3<\/a><\/audio>\n<p>&nbsp;<\/p>\n<p><span style=\"color: #ff0000;\"><span style=\"color: #0000ff;\">SPORT<\/span> EDIZIONE DELLE 19, DEL 01 DICEMBRE 2024, LO SPORT EDIZIONE DI IERI<\/span><\/p>\n<audio class=\"wp-audio-shortcode\" id=\"audio-422175-7\" preload=\"none\" style=\"width: 100%;\" controls=\"controls\"><source type=\"audio\/mpeg\" src=\"https:\/\/www.radiopiu.net\/wordpress\/wp-content\/uploads\/2024\/12\/gr-sport.mp3?_=7\" \/><a href=\"https:\/\/www.radiopiu.net\/wordpress\/wp-content\/uploads\/2024\/12\/gr-sport.mp3\">https:\/\/www.radiopiu.net\/wordpress\/wp-content\/uploads\/2024\/12\/gr-sport.mp3<\/a><\/audio>\n<h2><\/h2>\n<h2><span style=\"color: #ff0000;\"><span style=\"color: #0000ff;\">ULTIM&#8217;ORA<\/span> AUDIO dalle sette del mattino, ogni ora alla radio EDIZIONE DELLE SETTE<\/span><\/h2>\n<audio class=\"wp-audio-shortcode\" id=\"audio-422175-8\" preload=\"none\" style=\"width: 100%;\" controls=\"controls\"><source type=\"audio\/mpeg\" src=\"https:\/\/www.radiopiu.net\/wordpress\/wp-content\/uploads\/2024\/12\/giornale07-1.mp3?_=8\" \/><a href=\"https:\/\/www.radiopiu.net\/wordpress\/wp-content\/uploads\/2024\/12\/giornale07-1.mp3\">https:\/\/www.radiopiu.net\/wordpress\/wp-content\/uploads\/2024\/12\/giornale07-1.mp3<\/a><\/audio>\n<p>&nbsp;<\/p>\n<hr \/>\n<p>&nbsp;<\/p>\n<p>&nbsp;<\/p>\n<h1><span style=\"color: #ff0000;\"><a class=\"dt-pswp-item\" href=\"https:\/\/www.radiopiu.net\/wordpress\/wp-content\/uploads\/2024\/11\/8.jpg\" data-dt-img-description=\"\" data-large_image_width=\"180\" data-large_image_height=\"180\"><img loading=\"lazy\" decoding=\"async\" class=\"size-full wp-image-417910 alignleft\" src=\"https:\/\/www.radiopiu.net\/wordpress\/wp-content\/uploads\/2024\/11\/8.jpg\" alt=\"\" width=\"180\" height=\"180\" srcset=\"https:\/\/www.radiopiu.net\/wordpress\/wp-content\/uploads\/2024\/11\/8.jpg 180w, https:\/\/www.radiopiu.net\/wordpress\/wp-content\/uploads\/2024\/11\/8-150x150.jpg 150w\" sizes=\"auto, (max-width: 180px) 100vw, 180px\" \/><\/a>I podcast informativi del mattino &#8211; video &#8211;\u00a0<\/span><\/h1>\n<h2 style=\"text-align: left;\"><strong>RASSEGNA STAMPA LOCALE, ORE OTTO<\/strong><\/h2>\n<h2><strong> <span style=\"color: #0000ff;\">viene\u00a0 <\/span><\/strong><strong><span style=\"color: #0000ff;\">pubblicata alle 8.05 <span style=\"color: #ff0000;\">DIRETTA RADIO\u00a0 \u00a0<\/span><\/span><\/strong><strong>DI MIRKO MEZZACASA<\/strong><\/h2>\n<h2><span style=\"color: #ff0000;\"><strong>\u00a0<\/strong><\/span><span style=\"color: #ff0000;\"><strong>\u00a0<\/strong><\/span><\/h2>\n<h1><span style=\"color: #ff0000;\"><strong>VIDEO\u00a0 \u00a0in diretta dalle 8 del mattino\u00a0 \u00a0per ASCOLTARE <\/strong><\/span><\/h1>\n<blockquote>\n<h1 style=\"text-align: center;\"><a href=\"https:\/\/www.facebook.com\/radiopiu\/videos\/883636133926707\">CLICCA QUI<\/a><\/h1>\n<\/blockquote>\n\n\t\t\t<style type='text\/css'>\n\t\t\t\t#gallery-1 {\n\t\t\t\t\tmargin: auto;\n\t\t\t\t}\n\t\t\t\t#gallery-1 .gallery-item {\n\t\t\t\t\tfloat: left;\n\t\t\t\t\tmargin-top: 10px;\n\t\t\t\t\ttext-align: center;\n\t\t\t\t\twidth: 25%;\n\t\t\t\t}\n\t\t\t\t#gallery-1 img {\n\t\t\t\t\tborder: 2px solid #cfcfcf;\n\t\t\t\t}\n\t\t\t\t#gallery-1 .gallery-caption {\n\t\t\t\t\tmargin-left: 0;\n\t\t\t\t}\n\t\t\t\t\/* see gallery_shortcode() in wp-includes\/media.php *\/\n\t\t\t<\/style>\n\t\t<div id='gallery-1' class='dt-gallery-container gallery galleryid-422175 gallery-columns-4 gallery-size-thumbnail'><dl class='gallery-item'>\n\t\t\t\t<dt class='gallery-icon landscape'>\n\t\t\t\t\t<a class=\"rollover rollover-zoom dt-pswp-item\" title=\"coop1\" data-dt-img-description=\"\" data-large_image_width=\"503\" data-large_image_height=\"237\"href='https:\/\/www.radiopiu.net\/wordpress\/wp-content\/uploads\/2024\/12\/coop1.png'><img loading=\"lazy\" decoding=\"async\" width=\"150\" height=\"150\" src=\"https:\/\/www.radiopiu.net\/wordpress\/wp-content\/uploads\/2024\/12\/coop1-150x150.png\" class=\"attachment-thumbnail size-thumbnail\" alt=\"\" \/><\/a>\n\t\t\t\t<\/dt><\/dl><dl class='gallery-item'>\n\t\t\t\t<dt class='gallery-icon landscape'>\n\t\t\t\t\t<a class=\"rollover rollover-zoom dt-pswp-item\" title=\"coop2\" data-dt-img-description=\"\" data-large_image_width=\"489\" data-large_image_height=\"189\"href='https:\/\/www.radiopiu.net\/wordpress\/wp-content\/uploads\/2024\/12\/coop2.png'><img loading=\"lazy\" decoding=\"async\" width=\"150\" height=\"150\" src=\"https:\/\/www.radiopiu.net\/wordpress\/wp-content\/uploads\/2024\/12\/coop2-150x150.png\" class=\"attachment-thumbnail size-thumbnail\" alt=\"\" \/><\/a>\n\t\t\t\t<\/dt><\/dl><dl class='gallery-item'>\n\t\t\t\t<dt class='gallery-icon landscape'>\n\t\t\t\t\t<a class=\"rollover rollover-zoom dt-pswp-item\" title=\"coop4\" data-dt-img-description=\"\" data-large_image_width=\"538\" data-large_image_height=\"276\"href='https:\/\/www.radiopiu.net\/wordpress\/wp-content\/uploads\/2024\/12\/coop4.png'><img loading=\"lazy\" decoding=\"async\" width=\"150\" height=\"150\" src=\"https:\/\/www.radiopiu.net\/wordpress\/wp-content\/uploads\/2024\/12\/coop4-150x150.png\" class=\"attachment-thumbnail size-thumbnail\" alt=\"\" \/><\/a>\n\t\t\t\t<\/dt><\/dl><dl class='gallery-item'>\n\t\t\t\t<dt class='gallery-icon landscape'>\n\t\t\t\t\t<a class=\"rollover rollover-zoom dt-pswp-item\" title=\"coop3\" data-dt-img-description=\"\" data-large_image_width=\"565\" data-large_image_height=\"306\"href='https:\/\/www.radiopiu.net\/wordpress\/wp-content\/uploads\/2024\/12\/coop3.png'><img loading=\"lazy\" decoding=\"async\" width=\"150\" height=\"150\" src=\"https:\/\/www.radiopiu.net\/wordpress\/wp-content\/uploads\/2024\/12\/coop3-150x150.png\" class=\"attachment-thumbnail size-thumbnail\" alt=\"\" \/><\/a>\n\t\t\t\t<\/dt><\/dl><br style=\"clear: both\" \/>\n\t\t\t<\/div>\n\n<p><a class=\"dt-pswp-item\" href=\"https:\/\/www.radiopiu.net\/wordpress\/wp-content\/uploads\/2024\/11\/coop1-1.png\" data-dt-img-description=\"\" data-large_image_width=\"602\" data-large_image_height=\"375\">\u00a0<\/a><\/p>\n<p>&nbsp;<\/p>\n<p>&nbsp;<\/p>\n<hr \/>\n<p>&nbsp;<\/p>\n<p>&nbsp;<\/p>\n<p><strong><a class=\"dt-pswp-item\" href=\"https:\/\/www.radiopiu.net\/wordpress\/wp-content\/uploads\/2023\/12\/ANTENNA.png\" data-dt-img-description=\"\" data-large_image_width=\"300\" data-large_image_height=\"166\"><img loading=\"lazy\" decoding=\"async\" class=\"wp-image-366306 alignright\" src=\"https:\/\/www.radiopiu.net\/wordpress\/wp-content\/uploads\/2023\/12\/ANTENNA.png\" alt=\"\" width=\"101\" height=\"56\" \/><\/a><a class=\"dt-pswp-item\" href=\"https:\/\/www.radiopiu.net\/wordpress\/wp-content\/uploads\/2024\/11\/th-17.jpg\" data-dt-img-description=\"\" data-large_image_width=\"224\" data-large_image_height=\"180\"><img loading=\"lazy\" decoding=\"async\" class=\" wp-image-421610 alignleft\" src=\"https:\/\/www.radiopiu.net\/wordpress\/wp-content\/uploads\/2024\/11\/th-17.jpg\" alt=\"\" width=\"167\" height=\"134\" \/><\/a>ogni sera alle 19 le anticipazioni alla radio, quello che poi seguirete nel TELEGIORNALE BELLUNESE\u00a0 in onda alle 19.30 sul CANALE 10 del digitale terrestre.\u00a0\u00a0<\/strong><\/p>\n<p>&nbsp;<\/p>\n<p>&nbsp;<\/p>\n<p>&nbsp;<\/p>\n<p>&nbsp;<\/p>\n<hr \/>\n<p>&nbsp;<\/p>\n<blockquote>\n<h3>LAVORI PROGRAMMATI BIM GSP<\/h3>\n<\/blockquote>\n<p><strong>CENCENIGHE<\/strong> Domani, dalle 8 alle 17 (o fino a fine lavori), sar\u00e0 sospesa l\u2019erogazione dell\u2019acqua a Cencenighe Agordino nelle vie Pennsylvania, XX Settembre e Mario De Biasio. Il personale addetto lavorer\u00e0 per minimizzare i disagi alla popolazione.<\/p>\n<p>&nbsp;<\/p>\n<p>&nbsp;<\/p>\n<hr \/>\n<p>&nbsp;<\/p>\n<blockquote>\n<h3>SOTTO CHOC PIEVE DI SOLIGO PER LA MORTE DI ANDREA ZORDAN, VICE PRESIDENTE DELLA PROLOCO<\/h3>\n<\/blockquote>\n<p><strong><a class=\"dt-pswp-item\" href=\"https:\/\/www.radiopiu.net\/wordpress\/wp-content\/uploads\/2024\/12\/Senza-nome.png\" data-dt-img-description=\"\" data-large_image_width=\"174\" data-large_image_height=\"171\"><img loading=\"lazy\" decoding=\"async\" class=\"size-full wp-image-422380 alignleft\" src=\"https:\/\/www.radiopiu.net\/wordpress\/wp-content\/uploads\/2024\/12\/Senza-nome.png\" alt=\"\" width=\"174\" height=\"171\" \/><\/a>LONGARONE<\/strong> \u00c8 stato purtroppo ritrovato senza vita il corpo dell&#8217;uomo, le cui ricerche erano partite sabato nel pomeriggio, dopo il rinvenimento della sua auto parcheggiata nei pressi della passerella di Igne. Soccorso alpino di Longarone e Vigili del fuoco avevano immediatamente iniziato le perlustrazioni. Ieri mattina si sono uniti dorni e il gruppo forre del Soccorso alpino e speleologico Veneto. La squadra dei forristi ha rinvenuto il corpo di Andrea Zordan, 40 anni, vicepresidente della pro loco di Pieve di Soligo (TV), nella gola del torrente Ma\u00e8, 200 metri pi\u00f9 a valle della passerella. La salma \u00e8 stata recuperata dall&#8217;elicottero dei Vigili del fuoco, con il supporto dei forristi in acqua, e trasportata a Longarone per essere affidata al carro funebre. Lascia la moglie e due figlie. Sotto choc la comunit\u00e0 pievigina e i tanti amici di Zordan che venerd\u00ec sera aveva incontrato nella riunione della proloco.<\/p>\n<p>&nbsp;<\/p>\n<p>&nbsp;<\/p>\n<hr \/>\n<p>&nbsp;<\/p>\n<blockquote>\n<h3>PERDE IL CONTROLLO DELL&#8217;AUTO SUL PASSO SAN PELLEGRINO. DUE AGORDINI FERITI<\/h3>\n<blockquote><p><em>chi guidava l&#8217;auto, acquistata solo nella giornata di venerdi,\u00a0 ne ha perso il controllo mentre percorreva il valico in direzione Moena-Falcade. Un&#8217;uscita autonoma, che non ha coinvolto altri veicoli.<\/em><\/p><\/blockquote>\n<p><strong><a class=\"dt-pswp-item\" href=\"https:\/\/www.radiopiu.net\/wordpress\/wp-content\/uploads\/2024\/12\/Senza-nome-3.png\" data-dt-img-description=\"\" data-large_image_width=\"318\" data-large_image_height=\"284\"><img loading=\"lazy\" decoding=\"async\" class=\" wp-image-422460 alignleft\" src=\"https:\/\/www.radiopiu.net\/wordpress\/wp-content\/uploads\/2024\/12\/Senza-nome-3-300x268.png\" alt=\"\" width=\"226\" height=\"202\" srcset=\"https:\/\/www.radiopiu.net\/wordpress\/wp-content\/uploads\/2024\/12\/Senza-nome-3-300x268.png 300w, https:\/\/www.radiopiu.net\/wordpress\/wp-content\/uploads\/2024\/12\/Senza-nome-3.png 318w\" sizes=\"auto, (max-width: 226px) 100vw, 226px\" \/><\/a>PASSO SAN PELLEGRINO<\/strong> Christian Selle, volto noto del Parco Avventura ai Piani di Pezz\u00e8 di Alleghe, con l&#8217;impresa di famiglia, con il pap\u00e0 Mauro e lo zio Luca \u00e8 ricoverato in gravi condizioni all&#8217;ospedale Santa Chiara di Trento dopo l&#8217;incidente della scorsa notte lungo la provinciale 346 tra Moena e Falcade (Passo San Pellegrino) \u00a0Il Subaru con a bordo due giovani,\u00a0 diretta verso Falcade, \u00e8 finita fuori strada, schiantandosi violentemente contro un masso. I feriti sono stati immediatamente soccorsi dai sanitari giunti sul posto con ambulanze ed elisoccorso, il ragazzo \u00e8 stato\u00a0 trasportati in codice rosso all\u2019ospedale Santa Chiara di Trento. La ragazza Zaira Nicolai, ventenne di\u00a0 Selva di Cadore che vive a Caviola \u00e8 stata medicata le sue condizioni non sono\u00a0 fortunatamente preoccupanti.<\/p>\n<p>Per liberarli dall\u2019auto, \u00e8 stato necessario l\u2019intervento dei Vigili del Fuoco di Moena, con il supporto dei colleghi di Vigo e Pozza di Fassa, che hanno utilizzato le pinze idrauliche. La dinamica dell\u2019incidente \u00e8 ora al vaglio delle forze dell\u2019ordine.<\/p><\/blockquote>\n<p>&nbsp;<\/p>\n<hr \/>\n<p>&nbsp;<\/p>\n<blockquote>\n<h3><a class=\"dt-pswp-item\" href=\"https:\/\/www.radiopiu.net\/wordpress\/wp-content\/uploads\/2023\/11\/vigili-fuoco-7.jpg\" data-dt-img-description=\"\" data-large_image_width=\"1330\" data-large_image_height=\"721\"><img loading=\"lazy\" decoding=\"async\" class=\" wp-image-363297 alignleft\" src=\"https:\/\/www.radiopiu.net\/wordpress\/wp-content\/uploads\/2023\/11\/vigili-fuoco-7-300x163.jpg\" alt=\"\" width=\"186\" height=\"101\" srcset=\"https:\/\/www.radiopiu.net\/wordpress\/wp-content\/uploads\/2023\/11\/vigili-fuoco-7-300x163.jpg 300w, https:\/\/www.radiopiu.net\/wordpress\/wp-content\/uploads\/2023\/11\/vigili-fuoco-7-1024x555.jpg 1024w, https:\/\/www.radiopiu.net\/wordpress\/wp-content\/uploads\/2023\/11\/vigili-fuoco-7-768x416.jpg 768w, https:\/\/www.radiopiu.net\/wordpress\/wp-content\/uploads\/2023\/11\/vigili-fuoco-7.jpg 1330w\" sizes=\"auto, (max-width: 186px) 100vw, 186px\" \/><\/a>INCIDENTE A FELTRE, DUE GIOVANI IN GRAVI CONDIZIONI<\/h3>\n<\/blockquote>\n<p><strong>FELTRE <\/strong>Grave incidente sabato mattina alla rotatoria di via Vignigole, a Feltre. Due minorenni, a bordo di uno scooter, si sono scontrati con un&#8217;Audi per cause ancora in corso di accertamento. Sul posto sono intervenute due ambulanze per soccorrere i ragazzi, trasportati al Santa Maria Del Prato in gravi condizioni. Presenti anche i Vigili del fuoco per mettere in sicurezza l\u2019area e i Carabinieri, che hanno avviato i rilievi per ricostruire la dinamica dello scontro. La circolazione nella zona ha subito rallentamenti durante le operazioni di soccorso.<\/p>\n<p>&nbsp;<\/p>\n<p>&nbsp;<\/p>\n<hr \/>\n<p>&nbsp;<\/p>\n<blockquote>\n<h3>SOCCORSA ESCURSIONISTA IN CANSIGLIO<\/h3>\n<\/blockquote>\n<p><strong>ALPAGO<\/strong> Verso le 16.20 di ieri la Centrale del 118 ha allertato il Soccorso alpino dell&#8217;Alpago, a seguito della richiesta di aiuto di una 27enne di Mogliano Veneto, che aveva smarrito il sentiero in Cansiglio. Partita da Pian Osteria con i suoi due cani nel pomeriggio, la ragazza aveva preso il facile sentiero degli innamorati, salvo poi perdere l&#8217;orientamento e iniziare a girovagare, finch\u00e9, approssimandosi il buio aveva chiamato dando le coordinate della sua posizione. Una squadra l&#8217;ha quindi individuata e raggiunta. Stava bene, seppur impaurita. I soccorritori l&#8217;hanno quindi riaccompagnata alla macchina.<\/p>\n<p>&nbsp;<\/p>\n<hr \/>\n<p>&nbsp;<\/p>\n<blockquote>\n<h2>LUTTO A FALCADE, E&#8217; MANCATA EMANUELA<\/h2>\n<\/blockquote>\n<p><strong><a class=\"dt-pswp-item\" href=\"https:\/\/www.radiopiu.net\/wordpress\/wp-content\/uploads\/2024\/12\/Senza-nome-4.png\" data-dt-img-description=\"\" data-large_image_width=\"222\" data-large_image_height=\"199\"><img loading=\"lazy\" decoding=\"async\" class=\"size-full wp-image-422462 alignleft\" src=\"https:\/\/www.radiopiu.net\/wordpress\/wp-content\/uploads\/2024\/12\/Senza-nome-4.png\" alt=\"\" width=\"222\" height=\"199\" \/><\/a><\/strong><\/p>\n<p><strong>FALCADE<\/strong> \u2013 Comunit\u00e0 in lutto per la scomparsa di Emanuela De Gasperi 59 anni, di Fregona, Canale d&#8217;Agordo. Impiegata presso il Polifunzionale di Agordo, Emanuela era attiva in parrocchia e nella gestione del servizio scuolabus comunale. Recentemente colpita da una grave malattia, ha lasciato un grande vuoto.<\/p>\n<p>La notizia ha scosso Falcade e Belluno, dove uno dei figli, Simone, insegna al Liceo Galilei. Lascia il marito Agostino Genuin, autista dello scuolabus del paese e titolare dell&#8217;azienda di trasporto privato,\u00a0 i figli Andrea, Fabio e Simone, la sorella Tiziana e tanti parenti. I funerali si terranno domani alle 14.30 nella chiesa parrocchiale di Caviola<\/p>\n<p><strong>\u00a0<\/strong><\/p>\n<p><a class=\"dt-pswp-item\" href=\"https:\/\/www.radiopiu.net\/wordpress\/wp-content\/uploads\/2024\/12\/De-Gasperi-Emanuela-epi-sito-scaled.jpg\" data-dt-img-description=\"EPIGRAFI\" data-large_image_width=\"1810\" data-large_image_height=\"2560\"><img loading=\"lazy\" decoding=\"async\" class=\"wp-image-422514 aligncenter\" src=\"https:\/\/www.radiopiu.net\/wordpress\/wp-content\/uploads\/2024\/12\/De-Gasperi-Emanuela-epi-sito-724x1024.jpg\" alt=\"\" width=\"238\" height=\"337\" srcset=\"https:\/\/www.radiopiu.net\/wordpress\/wp-content\/uploads\/2024\/12\/De-Gasperi-Emanuela-epi-sito-724x1024.jpg 724w, https:\/\/www.radiopiu.net\/wordpress\/wp-content\/uploads\/2024\/12\/De-Gasperi-Emanuela-epi-sito-212x300.jpg 212w, https:\/\/www.radiopiu.net\/wordpress\/wp-content\/uploads\/2024\/12\/De-Gasperi-Emanuela-epi-sito-768x1086.jpg 768w, https:\/\/www.radiopiu.net\/wordpress\/wp-content\/uploads\/2024\/12\/De-Gasperi-Emanuela-epi-sito-1086x1536.jpg 1086w, https:\/\/www.radiopiu.net\/wordpress\/wp-content\/uploads\/2024\/12\/De-Gasperi-Emanuela-epi-sito-1448x2048.jpg 1448w, https:\/\/www.radiopiu.net\/wordpress\/wp-content\/uploads\/2024\/12\/De-Gasperi-Emanuela-epi-sito-scaled.jpg 1810w\" sizes=\"auto, (max-width: 238px) 100vw, 238px\" \/><\/a><\/p>\n<hr \/>\n<p>&nbsp;<\/p>\n<blockquote>\n<h2>Gosaldo piange Virgilio Da Zanche, mancato a 72 anni<\/h2>\n<\/blockquote>\n<p><strong><a class=\"dt-pswp-item\" href=\"https:\/\/www.radiopiu.net\/wordpress\/wp-content\/uploads\/2024\/12\/Senza-nome-5.png\" data-dt-img-description=\"\" data-large_image_width=\"233\" data-large_image_height=\"240\"><img loading=\"lazy\" decoding=\"async\" class=\"wp-image-422467 alignleft\" src=\"https:\/\/www.radiopiu.net\/wordpress\/wp-content\/uploads\/2024\/12\/Senza-nome-5.png\" alt=\"\" width=\"140\" height=\"144\" \/><\/a>GOSALDO<\/strong> \u2013 La comunit\u00e0 si stringe nel dolore per la scomparsa di Virgilio Da Zanche, 72 anni. Figura stimata, Virgilio \u00e8 stato amico e gi\u00e0 Presidente della Pro Loco locale, lasciando un segno profondo nella vita sociale del paese. Gi\u00e0 vicesindaco con la lista di Giorgio Serafini, promotore dell&#8217;albero di ghiaccio in Val Gosaldo.<\/p>\n<p>Nel lutto, il figlio Mirko con Sara, Victor e Ginevra, la figlia Arianna con Rita, fratelli, cognate e nipoti. I funerali si terranno domani alle 14.30.<\/p>\n<p>La famiglia, riconoscente, ringrazia il personale dell&#8217;ospedale di Agordo per l&#8217;assistenza prestata a Virgilio nei suoi ultimi momenti.<\/p>\n<p>Ciao Gilo&#8230;<\/p>\n<p>&nbsp;<\/p>\n<hr \/>\n<p>&nbsp;<\/p>\n<blockquote>\n<h3>BELLUNO RICICLONA AL SECONDO POSTO IN VENETO<\/h3>\n<\/blockquote>\n<p><strong><a class=\"dt-pswp-item\" href=\"https:\/\/www.radiopiu.net\/wordpress\/wp-content\/uploads\/2024\/11\/Unknown-2.jpeg\" data-dt-img-description=\"\" data-large_image_width=\"1600\" data-large_image_height=\"1200\"><img loading=\"lazy\" decoding=\"async\" class=\" wp-image-422307 alignleft\" src=\"https:\/\/www.radiopiu.net\/wordpress\/wp-content\/uploads\/2024\/11\/Unknown-2-300x225.jpeg\" alt=\"\" width=\"173\" height=\"130\" srcset=\"https:\/\/www.radiopiu.net\/wordpress\/wp-content\/uploads\/2024\/11\/Unknown-2-300x225.jpeg 300w, https:\/\/www.radiopiu.net\/wordpress\/wp-content\/uploads\/2024\/11\/Unknown-2-1024x768.jpeg 1024w, https:\/\/www.radiopiu.net\/wordpress\/wp-content\/uploads\/2024\/11\/Unknown-2-768x576.jpeg 768w, https:\/\/www.radiopiu.net\/wordpress\/wp-content\/uploads\/2024\/11\/Unknown-2-1536x1152.jpeg 1536w, https:\/\/www.radiopiu.net\/wordpress\/wp-content\/uploads\/2024\/11\/Unknown-2.jpeg 1600w\" sizes=\"auto, (max-width: 173px) 100vw, 173px\" \/><\/a>BELLUNO<\/strong> Belluno si distingue come seconda citt\u00e0 capoluogo in Veneto per raccolta differenziata nel 2024, secondo il Rapporto Comuni Ricicloni Veneto di Legambiente. Con una percentuale dell\u201986% di rifiuti differenziati e solo 65 kg di rifiuto residuo per abitante all\u2019anno, si conferma un esempio di eccellenza ambientale. La premiazione, avvenuta a Rovigo, ha visto la partecipazione dell\u2019assessore Lorenza De Kunovich, che ha sottolineato come il rispetto per l\u2019ambiente sia radicato nella cultura locale. Belluno si posiziona inoltre quarta a livello nazionale nella classifica rifiuti dell\u2019Ecosistema Urbano 2024, con una riduzione della produzione annua di rifiuti per abitante, scesa a 406 kg. Il sindaco Oscar De Pellegrin ha espresso orgoglio per i risultati ottenuti, ringraziando i cittadini per il loro impegno e senso civico.<\/p>\n<p>&nbsp;<\/p>\n<p>&nbsp;<\/p>\n<hr \/>\n<p>&nbsp;<\/p>\n<blockquote>\n<h3>ROCCA PIETORE PREMIATO ALL&#8217;ECOFORUM VENETO COME COMUNE RIFIUTI FREE<\/h3>\n<\/blockquote>\n<p><strong><a class=\"dt-pswp-item\" href=\"https:\/\/www.radiopiu.net\/wordpress\/wp-content\/uploads\/2024\/11\/94ae6670-574f-4cf9-bbc5-ba77e25c0b23.jpg\" data-dt-img-description=\"\" data-large_image_width=\"1600\" data-large_image_height=\"1200\"><img loading=\"lazy\" decoding=\"async\" class=\" wp-image-422297 alignleft\" src=\"https:\/\/www.radiopiu.net\/wordpress\/wp-content\/uploads\/2024\/11\/94ae6670-574f-4cf9-bbc5-ba77e25c0b23-300x225.jpg\" alt=\"\" width=\"155\" height=\"116\" srcset=\"https:\/\/www.radiopiu.net\/wordpress\/wp-content\/uploads\/2024\/11\/94ae6670-574f-4cf9-bbc5-ba77e25c0b23-300x225.jpg 300w, https:\/\/www.radiopiu.net\/wordpress\/wp-content\/uploads\/2024\/11\/94ae6670-574f-4cf9-bbc5-ba77e25c0b23-1024x768.jpg 1024w, https:\/\/www.radiopiu.net\/wordpress\/wp-content\/uploads\/2024\/11\/94ae6670-574f-4cf9-bbc5-ba77e25c0b23-768x576.jpg 768w, https:\/\/www.radiopiu.net\/wordpress\/wp-content\/uploads\/2024\/11\/94ae6670-574f-4cf9-bbc5-ba77e25c0b23-1536x1152.jpg 1536w, https:\/\/www.radiopiu.net\/wordpress\/wp-content\/uploads\/2024\/11\/94ae6670-574f-4cf9-bbc5-ba77e25c0b23.jpg 1600w\" sizes=\"auto, (max-width: 155px) 100vw, 155px\" \/><\/a>ROVIGO <\/strong>Grande soddisfazione per il Comune di Rocca Pietore, che ha partecipato alla IX edizione dell\u2019Ecoforum Veneto organizzato da Legambiente a Rovigo. Il sindaco Valerio Davare ha ritirato il riconoscimento di &#8220;Comune Rifiuti free&#8221;, grazie a un\u2019eccezionale raccolta differenziata al 90,4%. &#8220;Questo risultato \u00e8 un incoraggiamento a fare ancora di pi\u00f9 e meglio,&#8221; ha dichiarato il sindaco, esprimendo gratitudine ai cittadini per la loro sensibilit\u00e0 ecologica, al Consiglio di Bacino Dolomiti e al gestore dei rifiuti Valpe Ambiente. Un traguardo che dimostra come la comunit\u00e0 sia all\u2019avanguardia nella tutela ambientale.<\/p>\n<p>&nbsp;<\/p>\n<p>&nbsp;<\/p>\n<hr \/>\n<p>&nbsp;<\/p>\n<p>&nbsp;<\/p>\n<blockquote>\n<h3>L&#8217;ALBERO DI ROCCA PIETORE ILLUMINA IL NATALE DI ODERZO<\/h3>\n<\/blockquote>\n<p><strong><a class=\"dt-pswp-item\" href=\"https:\/\/www.radiopiu.net\/wordpress\/wp-content\/uploads\/2024\/12\/0fe60884-02d6-4b99-93fb-2866a37ecb56.jpg\" data-dt-img-description=\"\" data-large_image_width=\"1200\" data-large_image_height=\"1600\"><img loading=\"lazy\" decoding=\"async\" class=\" wp-image-422419 alignleft\" src=\"https:\/\/www.radiopiu.net\/wordpress\/wp-content\/uploads\/2024\/12\/0fe60884-02d6-4b99-93fb-2866a37ecb56-225x300.jpg\" alt=\"\" width=\"134\" height=\"179\" srcset=\"https:\/\/www.radiopiu.net\/wordpress\/wp-content\/uploads\/2024\/12\/0fe60884-02d6-4b99-93fb-2866a37ecb56-225x300.jpg 225w, https:\/\/www.radiopiu.net\/wordpress\/wp-content\/uploads\/2024\/12\/0fe60884-02d6-4b99-93fb-2866a37ecb56-768x1024.jpg 768w, https:\/\/www.radiopiu.net\/wordpress\/wp-content\/uploads\/2024\/12\/0fe60884-02d6-4b99-93fb-2866a37ecb56-1152x1536.jpg 1152w, https:\/\/www.radiopiu.net\/wordpress\/wp-content\/uploads\/2024\/12\/0fe60884-02d6-4b99-93fb-2866a37ecb56.jpg 1200w\" sizes=\"auto, (max-width: 134px) 100vw, 134px\" \/><\/a> <\/strong><\/p>\n<p><strong>\u00a0<\/strong><\/p>\n<p><strong>ROCCA PIETORE <\/strong>Anche quest\u2019anno Rocca Pietore ha rinnovato la tradizione donando al Comune di Oderzo l\u2019albero di Natale, acceso ufficialmente sabato. Questo gesto simbolico \u00e8 nato come segno di gratitudine per l\u2019aiuto ricevuto da Oderzo dopo i drammatici eventi legati alla tempesta Vaia. L\u2019albero rappresenta oggi un legame profondo tra due comunit\u00e0, distanti geograficamente ma unite da un\u2019amicizia sincera. &#8220;Grazie a quest\u2019aiuto, la precedente amministrazione ha potuto realizzare diversi progetti. Ora possiamo guardare al futuro con nuove idee per il bene di tutti&#8221;, ha dichiarato il sindaco di Rocca Pietore, Valerio Davare.<\/p>\n<p>&nbsp;<\/p>\n<p>&nbsp;<\/p>\n<hr \/>\n<p>&nbsp;<\/p>\n<blockquote>\n<h3 class=\"entry-title\">LA FESTA DEI VIGILI DEL FUOCO VOLONTARI DI CAPRILE<\/h3>\n<\/blockquote>\n<p><strong class=\"photoswipe-wrapper\"><a class=\"dt-pswp-item pspw-wrap-ready\" href=\"https:\/\/www.radiopiu.net\/wordpress\/wp-content\/uploads\/2024\/12\/e94c15f4-ddf5-4ae6-9a51-7f7123af1f01.jpg\" data-dt-img-description=\"\" data-large_image_width=\"1080\" data-large_image_height=\"491\"><img loading=\"lazy\" decoding=\"async\" class=\" wp-image-422373 alignleft\" src=\"https:\/\/www.radiopiu.net\/wordpress\/wp-content\/uploads\/2024\/12\/e94c15f4-ddf5-4ae6-9a51-7f7123af1f01-300x136.jpg\" sizes=\"auto, (max-width: 218px) 100vw, 218px\" srcset=\"https:\/\/www.radiopiu.net\/wordpress\/wp-content\/uploads\/2024\/12\/e94c15f4-ddf5-4ae6-9a51-7f7123af1f01-300x136.jpg 300w, https:\/\/www.radiopiu.net\/wordpress\/wp-content\/uploads\/2024\/12\/e94c15f4-ddf5-4ae6-9a51-7f7123af1f01-1024x466.jpg 1024w, https:\/\/www.radiopiu.net\/wordpress\/wp-content\/uploads\/2024\/12\/e94c15f4-ddf5-4ae6-9a51-7f7123af1f01-768x349.jpg 768w, https:\/\/www.radiopiu.net\/wordpress\/wp-content\/uploads\/2024\/12\/e94c15f4-ddf5-4ae6-9a51-7f7123af1f01.jpg 1080w\" alt=\"\" width=\"218\" height=\"99\" \/><\/a>DI MARINA DONA\u2019<\/strong><\/p>\n<p><strong>ROCCA PIETORE<\/strong>\u00a0Sabato festeggiamenti per i vigili del fuoco volontari di Caprile. Il loro presidio \u00e8 fondamentale per la vita di montagna, e la presenza capillare dei pompieri nei nostri paesi e comuni assicura un rapido intervento in caso di necessit\u00e0. Le amministrazioni comunali di Rocca Pietore e Alleghe sostengono da sempre i vigili del fuoco volontari, stanziando i necessari finanziamenti per l\u2019acquisto di mezzi e materiali antincendio e di primo soccorso. Presente alla cerimonia anche il Prefetto di Belluno Antonello Roccoberton, che ha onorato il servizio di volontariato di urgenza emergenza in montagna<\/p>\n<p>&nbsp;<\/p>\n<p>&nbsp;<\/p>\n<hr \/>\n<p>&nbsp;<\/p>\n<blockquote>\n<h3>CHIUSA LA PRIMA FASE DEL PAT A SANTA GIUSTINA<\/h3>\n<\/blockquote>\n<p><strong><a class=\"dt-pswp-item\" href=\"https:\/\/www.radiopiu.net\/wordpress\/wp-content\/uploads\/2018\/03\/220px-Municipio_Santa_Giustina.jpg\" data-dt-img-description=\"\" data-large_image_width=\"220\" data-large_image_height=\"165\"><img loading=\"lazy\" decoding=\"async\" class=\" wp-image-44829 alignleft\" src=\"https:\/\/www.radiopiu.net\/wordpress\/wp-content\/uploads\/2018\/03\/220px-Municipio_Santa_Giustina.jpg\" alt=\"\" width=\"176\" height=\"132\" \/><\/a>SANTA GIUSTINA<\/strong> A Santa Giustina si \u00e8 conclusa la prima fase del Piano di Assetto del Territorio (PAT), che ha visto un\u2019intensa partecipazione della comunit\u00e0. L\u2019iter \u00e8 iniziato il 15 ottobre con una serata pubblica dedicata al Piano Ambientale Preliminare, seguita da tre passeggiate esplorative per approfondire direttamente sul campo le potenzialit\u00e0 e le criticit\u00e0 del territorio. L\u2019obiettivo, secondo il Sindaco Ivan Minella, era stimolare un dialogo costruttivo con i cittadini per valorizzare le risorse locali e migliorare l\u2019abitabilit\u00e0. Le osservazioni raccolte saranno ora analizzate dai tecnici e integrate in un documento che sar\u00e0 presentato in una serata pubblica di restituzione, aprendo la strada alla redazione definitiva del PAT. Il Sindaco ha sottolineato l\u2019importanza del processo partecipativo, ringraziando la comunit\u00e0 per il contributo offerto, che funger\u00e0 da modello per futuri progetti condivisi.<\/p>\n<p>&nbsp;<\/p>\n<p>&nbsp;<\/p>\n<hr \/>\n<p>&nbsp;<\/p>\n<blockquote>\n<h3>CONSIGLIO COMUNALE DI SEDICO: LA MINORANZA CONTRARIA AL BILANCIO<\/h3>\n<\/blockquote>\n<p><a class=\"dt-pswp-item\" href=\"https:\/\/www.radiopiu.net\/wordpress\/wp-content\/uploads\/2024\/11\/MUNICIPIO-SEDICO.jpeg\" data-dt-img-description=\"Screenshot\" data-large_image_width=\"1042\" data-large_image_height=\"798\"><img loading=\"lazy\" decoding=\"async\" class=\"wp-image-422309 alignleft\" src=\"https:\/\/www.radiopiu.net\/wordpress\/wp-content\/uploads\/2024\/11\/MUNICIPIO-SEDICO-300x230.jpeg\" alt=\"\" width=\"181\" height=\"139\" srcset=\"https:\/\/www.radiopiu.net\/wordpress\/wp-content\/uploads\/2024\/11\/MUNICIPIO-SEDICO-300x230.jpeg 300w, https:\/\/www.radiopiu.net\/wordpress\/wp-content\/uploads\/2024\/11\/MUNICIPIO-SEDICO-1024x784.jpeg 1024w, https:\/\/www.radiopiu.net\/wordpress\/wp-content\/uploads\/2024\/11\/MUNICIPIO-SEDICO-768x588.jpeg 768w, https:\/\/www.radiopiu.net\/wordpress\/wp-content\/uploads\/2024\/11\/MUNICIPIO-SEDICO.jpeg 1042w\" sizes=\"auto, (max-width: 181px) 100vw, 181px\" \/><\/a><strong>SEDICO <\/strong>Nel consiglio comunale del 29 novembre a Sedico, il gruppo \u201cSedico con Gioia\u201d ha votato contro l\u2019ultima variazione di bilancio dell\u2019anno, denunciando incoerenze con le linee programmatiche e risposte poco collaborative. La consigliera Santina Vieceli ha evidenziato la mancata convocazione della commissione sociale e il rinvio di fondi Cariverona (-37.000\u20ac) al 2025 per errori amministrativi. Sabrina De Toffol ha criticato l\u2019azzeramento dei premi di merito (-3.120\u20ac) e l\u2019incertezza sulla borsa Beniamino Triches. La capogruppo Gioia Sacchet ha chiesto chiarimenti sull\u2019aumento dei costi energetici (+250-300%) e sulla possibilit\u00e0 di recesso dai contratti Consip, senza ricevere dettagli sui costi. Inoltre, ha sollevato perplessit\u00e0 sui costi dell\u2019aspettativa del Sindaco, stimati in oltre 82.000\u20ac annui, sottolineando che tali spese potrebbero essere destinate al sociale. Critiche anche alle accuse dell\u2019assessore Bianchet verso la precedente amministrazione, ritenute infondate e in contrasto con il ruolo passato del capogruppo attuale, Ubaldo De Toffol. Il gruppo invita la maggioranza a concentrarsi su soluzioni concrete anzich\u00e9 recriminazioni.<\/p>\n<p>&nbsp;<\/p>\n<p>&nbsp;<\/p>\n<hr \/>\n<p>&nbsp;<\/p>\n<blockquote>\n<h3>AL VIA LA QUARTA EDIZIONE DI GENERAZIONE2026<\/h3>\n<\/blockquote>\n<p><strong><a class=\"dt-pswp-item\" href=\"https:\/\/www.radiopiu.net\/wordpress\/wp-content\/uploads\/2024\/06\/CAMERA-COMMERCIO.jpg\" data-dt-img-description=\"\" data-large_image_width=\"1107\" data-large_image_height=\"1107\"><img loading=\"lazy\" decoding=\"async\" class=\" wp-image-394657 alignleft\" src=\"https:\/\/www.radiopiu.net\/wordpress\/wp-content\/uploads\/2024\/06\/CAMERA-COMMERCIO-300x300.jpg\" alt=\"\" width=\"161\" height=\"161\" srcset=\"https:\/\/www.radiopiu.net\/wordpress\/wp-content\/uploads\/2024\/06\/CAMERA-COMMERCIO-300x300.jpg 300w, https:\/\/www.radiopiu.net\/wordpress\/wp-content\/uploads\/2024\/06\/CAMERA-COMMERCIO-1024x1024.jpg 1024w, https:\/\/www.radiopiu.net\/wordpress\/wp-content\/uploads\/2024\/06\/CAMERA-COMMERCIO-150x150.jpg 150w, https:\/\/www.radiopiu.net\/wordpress\/wp-content\/uploads\/2024\/06\/CAMERA-COMMERCIO-768x768.jpg 768w, https:\/\/www.radiopiu.net\/wordpress\/wp-content\/uploads\/2024\/06\/CAMERA-COMMERCIO.jpg 1107w\" sizes=\"auto, (max-width: 161px) 100vw, 161px\" \/><\/a>TREVISO <\/strong>La quarta edizione del Progetto &#8220;GenerAZIONE2026 &#8211; Sport powered by youth and education&#8221;, parte del Programma &#8220;Education Gen26&#8221; della Fondazione Milano Cortina 2026, chiude le iscrizioni gratuite il 16 dicembre 2024. L&#8217;iniziativa, dedicata alle scuole primarie e secondarie del Veneto, promuove lo spirito olimpico e paralimpico attraverso attivit\u00e0 educative, artistiche e sportive. Con partner come FICTS, Regione Veneto e Camere di Commercio, il progetto offre percorsi di crescita personale e professionale, integrando sport, inclusione sociale e sostenibilit\u00e0. Tra le novit\u00e0 del 2025, il coinvolgimento diretto di studenti nei Giochi Milano Cortina 2026. Con un premio di 5.000 euro in materiale sportivo e l\u2019obiettivo di ispirare uno stile di vita attivo, il programma valorizza il territorio e la sua immagine, puntando sulla cooperazione intergenerazionale e sulla diffusione della cultura sportiva.<\/p>\n<p>&nbsp;<\/p>\n<p>&nbsp;<\/p>\n<hr \/>\n<p>&nbsp;<\/p>\n<blockquote>\n<h3><a class=\"dt-pswp-item\" href=\"https:\/\/www.radiopiu.net\/wordpress\/wp-content\/uploads\/2020\/03\/spi-1.jpg\" data-dt-img-description=\"\" data-large_image_width=\"300\" data-large_image_height=\"167\"><img loading=\"lazy\" decoding=\"async\" class=\" wp-image-366015 alignleft\" src=\"https:\/\/www.radiopiu.net\/wordpress\/wp-content\/uploads\/2020\/03\/spi-1.jpg\" alt=\"\" width=\"250\" height=\"139\" \/><\/a>LA NUOVA SEDE SPI CGIL A LONGARONE<\/h3>\n<\/blockquote>\n<p><strong>LONGARONE<\/strong> Lo SPI CGIL inaugura una nuova sede a Longarone, in Via Umberto I, 8, per offrire supporto ai pensionati e non solo. La struttura diventa un punto di riferimento per questioni previdenziali, sociali e sanitarie, oltre a promuovere la tutela dei diritti e favorire la socialit\u00e0. Saranno presenti anche un ufficio CAF CGIL per assistenza fiscale e un PATRONATO UNCA CGIL per consulenze sul lavoro. Dal 3 dicembre, gli uffici SPI saranno aperti marted\u00ec, gioved\u00ec e venerd\u00ec dalle 9:00 alle 11:00, mentre il CAF funzioner\u00e0 mercoled\u00ec e venerd\u00ec con orari prolungati fino a marzo. Tutti sono invitati a scoprire i servizi offerti e i diritti disponibili.<\/p>\n<p>&nbsp;<\/p>\n<p>&nbsp;<\/p>\n<hr \/>\n<p>&nbsp;<\/p>\n<blockquote>\n<h3>TREDICESIME IN VENETO: IN ARRIVO 5,4 MILIARDI, MA 1,3 LI PRELEVA IL FISCO<\/h3>\n<\/blockquote>\n<p class=\"p1\"><a class=\"dt-pswp-item\" href=\"https:\/\/www.radiopiu.net\/wordpress\/wp-content\/uploads\/2024\/11\/1.png\" data-dt-img-description=\"\" data-large_image_width=\"576\" data-large_image_height=\"165\"><img loading=\"lazy\" decoding=\"async\" class=\"size-medium wp-image-422240 alignleft\" src=\"https:\/\/www.radiopiu.net\/wordpress\/wp-content\/uploads\/2024\/11\/1-300x86.png\" alt=\"\" width=\"300\" height=\"86\" srcset=\"https:\/\/www.radiopiu.net\/wordpress\/wp-content\/uploads\/2024\/11\/1-300x86.png 300w, https:\/\/www.radiopiu.net\/wordpress\/wp-content\/uploads\/2024\/11\/1-350x100.png 350w, https:\/\/www.radiopiu.net\/wordpress\/wp-content\/uploads\/2024\/11\/1.png 576w\" sizes=\"auto, (max-width: 300px) 100vw, 300px\" \/><\/a>Anche in Veneto i primi a riceverla saranno i pensionati. Da luned\u00ec, infatti, verr\u00e0 accreditata sul conto corrente o potr\u00e0 essere ritirata in contanti presso gli uffici delle Poste. Nelle settimane successive e, comunque, entro Natale, la riceveranno anche i dipendenti pubblici e quelli privati. Stiamo parlando della tredicesima mensilit\u00e0 che quest\u2019anno, secondo le stime elaborate dall\u2019Ufficio studi della CGIA, verr\u00e0 pagata a 3.135.100 veneti che, al netto delle imposte, riceveranno 4,1 miliardi di euro. A rallegrarsi per la gratifica natalizia, per\u00f2, non saranno solo i pensionati gli operai e gli impiegati, ma anche il fisco che beneficer\u00e0 di 1,3 miliardi di gettito Irpef. Pertanto, al lordo delle tasse, l\u2019Inps, le Amministrazioni pubbliche e gli imprenditori privati veneti dovranno erogare per questa mensilit\u00e0 aggiuntiva complessivamente 5,4 miliardi di euro (vedi Tab. 1).<\/p>\n<ul class=\"ul1\">\n<li class=\"li1\"><b>In arrivo anche il bonus di Natale<\/b><\/li>\n<\/ul>\n<p class=\"p3\"><a class=\"dt-pswp-item\" href=\"https:\/\/www.radiopiu.net\/wordpress\/wp-content\/uploads\/2024\/11\/2.png\" data-dt-img-description=\"\" data-large_image_width=\"484\" data-large_image_height=\"799\"><img loading=\"lazy\" decoding=\"async\" class=\"size-medium wp-image-422241 alignleft\" src=\"https:\/\/www.radiopiu.net\/wordpress\/wp-content\/uploads\/2024\/11\/2-182x300.png\" alt=\"\" width=\"182\" height=\"300\" srcset=\"https:\/\/www.radiopiu.net\/wordpress\/wp-content\/uploads\/2024\/11\/2-182x300.png 182w, https:\/\/www.radiopiu.net\/wordpress\/wp-content\/uploads\/2024\/11\/2.png 484w\" sizes=\"auto, (max-width: 182px) 100vw, 182px\" \/><\/a>Dovrebbero essere almeno 370mila i lavoratori dipendenti veneti che, oltre alla tredicesima, nelle prossime settimane percepiranno anche il bonus di Natale di 100 euro netti. Questa novit\u00e0, introdotta quest\u2019anno dal governo Meloni, interessa solo i lavoratori con redditi medio-bassi ed <span class=\"s2\">\u00e8 riservata solo a chi ha un <\/span>reddito complessivo non superiore a 28mila euro e la presenza di almeno un figlio a carico. Allo stesso tempo, non bisogna essere incapienti, ossia avere un\u2019imposta lorda su redditi di lavoro dipendente il cui importo sia superiore alle detrazioni (da lavoro) spettanti. Ancorch\u00e9 non sia una novit\u00e0, sempre <span class=\"s2\">a dicembre e assieme alla tredicesima mensilit\u00e0, alcuni pensionati riceveranno anch\u2019essi un bonus di Natale pari a 154,94\u00a0<a href=\"https:\/\/www.brocardi.it\/dizionario\/2870.html\"><span class=\"s3\">euro<\/span><\/a>. Questo aiuto, destinato agli anziani che, in linea di massima, percepiscono un trattamento pensionistico non superiore all\u2019importo minimo, interesser\u00e0 circa 30mila veneti. Il contributo\u00a0verr\u00e0 erogato dall\u2019Inps in modo automatico, senza bisogno di presentare alcuna domanda. <\/span><\/p>\n<ul class=\"ul1\">\n<li class=\"li4\"><span class=\"s4\"><b>Lo stock \u00e8 cresciuto di 378 milioni<\/b><b><\/b><\/span><\/li>\n<\/ul>\n<p class=\"p5\">Rispetto al 2023, l\u2019ammontare netto delle tredicesime che verr\u00e0 erogato nelle prossime settimane \u00e8 incrementato di 378 milioni di euro. Quali sono le ragioni? Innanzitutto perch\u00e9 rispetto al 2023 le platee dei lavoratori dipendenti e dei pensionati sono cresciute. Va altres\u00ec ricordato che, rispetto l\u2019anno scorso, anche il monte salari \u00e8 salito e questo \u00e8 riconducibile, in larga misura, al fatto che alcuni importanti contratti nazionali di lavoro (CCNL) sono stati rinnovati. Si ricorda, infine, che dei 3.135.100 percettori veneti della tredicesima, 1.313.501 sono pensionati e 1.821.599 sono lavoratori dipendenti (vedi Tab. 2).<\/p>\n<ul class=\"ul1\">\n<li class=\"li7\"><span class=\"s4\"><b>Spenderemo 100 milioni in meno<\/b><\/span><\/li>\n<\/ul>\n<p class=\"p1\">Visto l\u2019andamento dei consumi delle famiglie registrato nella prima parte dell\u2019anno, l\u2019Ufficio studi della CGIA stima che l\u2019ammontare complessivo della spesa destinata ai regali si riduca, rispetto allo scorso Natale, di 100 milioni, scendendo a quota 900 milioni (-10%). Come mai? In primo luogo perch\u00e9 tantissimi veneti, approfittando del <i>Black Friday,<\/i> anticipano sempre pi\u00f9 spesso a novembre l\u2019acquisto dei doni da mettere sotto l\u2019albero. In secondo luogo perch\u00e9 in questi ultimi anni le famiglie hanno diminuito il budget destinato alle spese \u201caccessorie\u201d e ci\u00f2 ha comportato una conseguente flessione dell<\/p>\n<p><img loading=\"lazy\" decoding=\"async\" class=\"size-medium wp-image-422242 alignleft\" src=\"https:\/\/www.radiopiu.net\/wordpress\/wp-content\/uploads\/2024\/11\/3-2-300x233.png\" alt=\"\" width=\"300\" height=\"233\" srcset=\"https:\/\/www.radiopiu.net\/wordpress\/wp-content\/uploads\/2024\/11\/3-2-300x233.png 300w, https:\/\/www.radiopiu.net\/wordpress\/wp-content\/uploads\/2024\/11\/3-2.png 509w\" sizes=\"auto, (max-width: 300px) 100vw, 300px\" \/><\/p>\n<p class=\"p1\">a propensione a fare i regali nel periodo natalizio.<\/p>\n<ul class=\"ul1\">\n<li class=\"li8\"><span class=\"s4\"><b> I regali pi\u00f9 gettonati? Gli alimentari e le bevande alcoliche<\/b><\/span><\/li>\n<\/ul>\n<p class=\"p9\">Anche quest\u2019anno i generi alimentari e le bevande alcoliche dovrebbero confermarsi la tipologia di regalo natalizio pi\u00f9 acquistato anche dai veneti: seguono i giocattoli, i prodotti tecnologici, i libri, l\u2019abbigliamento\/scarpe, i viaggi, i soggiorni nelle Spa e gli articoli per la cura della persona. Non c\u2019\u00e8 alcun dubbio che anche i cosiddetti regali \u201cdigitali\u201d saranno tra i pi\u00f9 gettonati: potendo essere acquistati senza doversi recare presso i negozi fisici, subiranno un ulteriore aumento rispetto ai volumi registrati l\u2019anno scorso. In particolare gli abbonamenti a piattaforme streaming e buoni regalo per gli acquisti online.<\/p>\n<ul class=\"ul1\">\n<li class=\"li11\"><b>A Padova, Verona e Vicenza il pi\u00f9 alto numero di percettori<\/b><\/li>\n<\/ul>\n<p class=\"p11\">A livello geografico la provincia del Veneto che presenta il pi\u00f9 alto numero di beneficiari della tredicesima mensilit\u00e0 \u00e8 quella Padova: tra lavoratori dipendenti e pensionati, le persone interessate saranno quasi 605.000. Seguono Verona con gli oltre 600.000 presenti, Vicenza con<span class=\"Apple-converted-space\">\u00a0 <\/span>565.600 residenti e Treviso con poco pi\u00f9 di 558.000 percettori. Le realt\u00e0 meno interessate, anche perch\u00e9 demograficamente pi\u00f9 piccole delle altre, sono Rovigo con 142.600 residenti e Belluno con quasi 140.200 (vedi Tab. 3).<\/p>\n<ul class=\"ul1\">\n<li class=\"li11\"><b>Tanti dipendenti e altrettanti pensionati ricevono anche la 14esima <\/b><\/li>\n<\/ul>\n<p class=\"p1\">Per quanto concerne i lavoratori dipendenti, tutti i CCNL prevedono, per legge, la tredicesima mensilit\u00e0. Inoltre, secondo una stima dell\u2019Ufficio studi della CGIA, sono tra i 7,5 e gli 8 milioni i lavoratori dipendenti del settore privato presenti in Italia che beneficiano anche della 14esima. La stessa viene erogata nel mese di luglio. I principali contratti nazionali di lavoro che prevedono questa mensilit\u00e0 aggiuntiva sono: l\u2019agricoltura, l\u2019alimentare, l\u2019autotrasporto, il commercio\/turismo e il comparto pulizia\/multiservizi. La quattordicesima spetta anche ai pensionati che hanno compiuto 64 anni di et\u00e0 e in presenza di determinate condizioni. Tra queste ultime, nel 2024 il reddito complessivo non deve superare due volte il trattamento minimo.<\/p>\n<p>&nbsp;<\/p>\n<hr \/>\n<p>&nbsp;<\/p>\n<blockquote>\n<h2>SANTA BARBARA 2024 CON I PERITI MINERARI&#8230; CON GLI STUDENTI DEL FOLLADOR<\/h2>\n<\/blockquote>\n<p><strong><a class=\"dt-pswp-item\" href=\"https:\/\/www.radiopiu.net\/wordpress\/wp-content\/uploads\/2024\/11\/barbara.png\" data-dt-img-description=\"\" data-large_image_width=\"581\" data-large_image_height=\"720\"><img loading=\"lazy\" decoding=\"async\" class=\"size-medium wp-image-422226 alignleft\" src=\"https:\/\/www.radiopiu.net\/wordpress\/wp-content\/uploads\/2024\/11\/barbara-242x300.png\" alt=\"\" width=\"242\" height=\"300\" srcset=\"https:\/\/www.radiopiu.net\/wordpress\/wp-content\/uploads\/2024\/11\/barbara-242x300.png 242w, https:\/\/www.radiopiu.net\/wordpress\/wp-content\/uploads\/2024\/11\/barbara.png 581w\" sizes=\"auto, (max-width: 242px) 100vw, 242px\" \/><\/a>REDAZIONE<\/strong> Il prossimo sar\u00e0 un fine settimana di festa per i periti minerari, gli studenti del Follador di oggi, di ieri, i tanti affezionati all&#8217;Associazione Periti Minerari di Agordo.<br \/>\nSABATO 7 dicembre, in chiesa e in Sala Don Tamis, Santa Barabara con L&#8217;Apim e L&#8217;Istituto Follador De Rossi, consegna borse di studio e premio Le Miniere di Agordo VENERDI 6 E SABATO 7\u00a0 La festa al PalaFalcade con gli studenti del Follador, classe quinta A Minerari<\/p>\n<p><strong><a class=\"dt-pswp-item\" href=\"https:\/\/www.radiopiu.net\/wordpress\/wp-content\/uploads\/2024\/11\/57a3778a-99b6-4687-8651-99a41c023a18.jpg\" data-dt-img-description=\"\" data-large_image_width=\"987\" data-large_image_height=\"1397\"><img loading=\"lazy\" decoding=\"async\" class=\"size-medium wp-image-422224 alignright\" src=\"https:\/\/www.radiopiu.net\/wordpress\/wp-content\/uploads\/2024\/11\/57a3778a-99b6-4687-8651-99a41c023a18-212x300.jpg\" alt=\"\" width=\"212\" height=\"300\" srcset=\"https:\/\/www.radiopiu.net\/wordpress\/wp-content\/uploads\/2024\/11\/57a3778a-99b6-4687-8651-99a41c023a18-212x300.jpg 212w, https:\/\/www.radiopiu.net\/wordpress\/wp-content\/uploads\/2024\/11\/57a3778a-99b6-4687-8651-99a41c023a18-723x1024.jpg 723w, https:\/\/www.radiopiu.net\/wordpress\/wp-content\/uploads\/2024\/11\/57a3778a-99b6-4687-8651-99a41c023a18-768x1087.jpg 768w, https:\/\/www.radiopiu.net\/wordpress\/wp-content\/uploads\/2024\/11\/57a3778a-99b6-4687-8651-99a41c023a18.jpg 987w\" sizes=\"auto, (max-width: 212px) 100vw, 212px\" \/><\/a>Santa Barbara 2024, con l&#8217;associazione Periti Industriali Minerari e l&#8217;Istituto Follador-De Rossi.<\/strong><br \/>\nSABATO 7 DICEMBRE ad Agordo, chiesa arcidiaconale, ALLE 10 LA MESSA CON L&#8217;ACCOMPAGNAMENTO DELLA corale della Schola Cantorum di La Valle Agordina Alle 11 in sala Don T\u00e0mis, consegna delle borse di studio agli studenti meritevoli. Premiazione del concorso fotografico &#8220;le miniere di Agordo&#8221;. Al termine rinfresco offerto dall&#8217;Apim. L&#8217;associazione Periti Minerari di Agordo ringrazia quando hanno constribuito per le borse di studio e per la manifestazione.<\/p>\n<p>6 e 7 dicembre, PALAFALCADE in festa! Festa di Santa Barbara, con gli studenti della quinta A minerari!<br \/>\nVenerd\u00ec sera: si balla liscio con i Prestazione Occasionale! Sabato pomeriggio: ore 15, torneo di briscola e beer pong! Alle 18, apertura dell\u2019esclusivo Angolo del Vino. Dalle 21, si scatena la pista con Bass Line DJ! &#x26a1; Due giorni di divertimento, musica e tradizione. Non mancare! Palafalcade, ti aspetta!<\/p>\n<p>&nbsp;<\/p>\n<blockquote><p>&nbsp;<\/p><\/blockquote>\n<p>&nbsp;<\/p>\n<hr \/>\n<p>&nbsp;<\/p>\n<blockquote>\n<h3>IL CONCERTO IN RICORDO DI DONATO MANFROI<\/h3>\n<\/blockquote>\n<p><strong><a class=\"dt-pswp-item\" href=\"https:\/\/www.radiopiu.net\/wordpress\/wp-content\/uploads\/2024\/11\/f40064e2-49a6-41d4-8907-5dc9db80fe04.jpg\" data-dt-img-description=\"\" data-large_image_width=\"1414\" data-large_image_height=\"2000\"><img loading=\"lazy\" decoding=\"async\" class=\" wp-image-422111 alignleft\" src=\"https:\/\/www.radiopiu.net\/wordpress\/wp-content\/uploads\/2024\/11\/f40064e2-49a6-41d4-8907-5dc9db80fe04-212x300.jpg\" alt=\"\" width=\"131\" height=\"185\" srcset=\"https:\/\/www.radiopiu.net\/wordpress\/wp-content\/uploads\/2024\/11\/f40064e2-49a6-41d4-8907-5dc9db80fe04-212x300.jpg 212w, https:\/\/www.radiopiu.net\/wordpress\/wp-content\/uploads\/2024\/11\/f40064e2-49a6-41d4-8907-5dc9db80fe04-724x1024.jpg 724w, https:\/\/www.radiopiu.net\/wordpress\/wp-content\/uploads\/2024\/11\/f40064e2-49a6-41d4-8907-5dc9db80fe04-768x1086.jpg 768w, https:\/\/www.radiopiu.net\/wordpress\/wp-content\/uploads\/2024\/11\/f40064e2-49a6-41d4-8907-5dc9db80fe04-1086x1536.jpg 1086w, https:\/\/www.radiopiu.net\/wordpress\/wp-content\/uploads\/2024\/11\/f40064e2-49a6-41d4-8907-5dc9db80fe04.jpg 1414w\" sizes=\"auto, (max-width: 131px) 100vw, 131px\" \/><\/a> <\/strong><\/p>\n<p><strong>\u00a0<\/strong><\/p>\n<p><strong>\u00a0<\/strong><\/p>\n<p><strong>CENCENIGHE<\/strong> Concerto corale in memoria di Donato Manfroi, nella Chiesa Parrocchiale Sant\u2019Antonio Abate di Cencenighe Agordino con il Coro Monti del Sole di Sedico, diretto da Luca Lotto, e il Coro Rualan di Valle di Cadore, diretto dalla Maestra Paola Meneghini.<\/p>\n<p>&nbsp;<\/p>\n\n\t\t\t<style type='text\/css'>\n\t\t\t\t#gallery-2 {\n\t\t\t\t\tmargin: auto;\n\t\t\t\t}\n\t\t\t\t#gallery-2 .gallery-item {\n\t\t\t\t\tfloat: left;\n\t\t\t\t\tmargin-top: 10px;\n\t\t\t\t\ttext-align: center;\n\t\t\t\t\twidth: 33%;\n\t\t\t\t}\n\t\t\t\t#gallery-2 img {\n\t\t\t\t\tborder: 2px solid #cfcfcf;\n\t\t\t\t}\n\t\t\t\t#gallery-2 .gallery-caption {\n\t\t\t\t\tmargin-left: 0;\n\t\t\t\t}\n\t\t\t\t\/* see gallery_shortcode() in wp-includes\/media.php *\/\n\t\t\t<\/style>\n\t\t<div id='gallery-2' class='dt-gallery-container gallery galleryid-422175 gallery-columns-3 gallery-size-thumbnail'><dl class='gallery-item'>\n\t\t\t\t<dt class='gallery-icon landscape'>\n\t\t\t\t\t<a class=\"rollover\" href='https:\/\/www.radiopiu.net\/wordpress\/concerto-in-ricordo-di-donato-manfroi\/c5322b73-0388-42c2-8fee-0d31635f6327\/'><img loading=\"lazy\" decoding=\"async\" width=\"150\" height=\"150\" src=\"https:\/\/www.radiopiu.net\/wordpress\/wp-content\/uploads\/2024\/11\/c5322b73-0388-42c2-8fee-0d31635f6327-150x150.jpg\" class=\"attachment-thumbnail size-thumbnail\" alt=\"\" \/><\/a>\n\t\t\t\t<\/dt><\/dl><dl class='gallery-item'>\n\t\t\t\t<dt class='gallery-icon landscape'>\n\t\t\t\t\t<a class=\"rollover\" href='https:\/\/www.radiopiu.net\/wordpress\/concerto-in-ricordo-di-donato-manfroi\/29552368-f3b6-40cf-93d6-4cc989d612be-2\/'><img loading=\"lazy\" decoding=\"async\" width=\"150\" height=\"150\" src=\"https:\/\/www.radiopiu.net\/wordpress\/wp-content\/uploads\/2024\/11\/29552368-f3b6-40cf-93d6-4cc989d612be-1-150x150.jpg\" class=\"attachment-thumbnail size-thumbnail\" alt=\"\" aria-describedby=\"gallery-2-422328\" \/><\/a>\n\t\t\t\t<\/dt>\n\t\t\t\t\t<dd class='wp-caption-text gallery-caption' id='gallery-2-422328'>\n\t\t\t\t\tCORO MONTI DEL SOLE\n\t\t\t\t\t<\/dd><\/dl><dl class='gallery-item'>\n\t\t\t\t<dt class='gallery-icon landscape'>\n\t\t\t\t\t<a class=\"rollover\" href='https:\/\/www.radiopiu.net\/wordpress\/concerto-in-ricordo-di-donato-manfroi\/e3baa32a-f93c-4cf7-ab4a-2418248bfddf\/'><img loading=\"lazy\" decoding=\"async\" width=\"150\" height=\"150\" src=\"https:\/\/www.radiopiu.net\/wordpress\/wp-content\/uploads\/2024\/11\/e3baa32a-f93c-4cf7-ab4a-2418248bfddf-150x150.jpg\" class=\"attachment-thumbnail size-thumbnail\" alt=\"\" \/><\/a>\n\t\t\t\t<\/dt><\/dl><br style=\"clear: both\" \/>\n\t\t\t<\/div>\n\n<p><strong>LA DIRETTA RADIO PIU&#8217;<\/strong><\/p>\n<p>&nbsp;<\/p>\n<p><iframe loading=\"lazy\" title=\"A CENCENIGHE IL CONCERTO IN MEMORIA DI DONATO MANFROI\" width=\"1200\" height=\"675\" src=\"https:\/\/www.youtube.com\/embed\/BGgqs8Ju-JI?feature=oembed\" frameborder=\"0\" allow=\"accelerometer; autoplay; clipboard-write; encrypted-media; gyroscope; picture-in-picture; web-share\" referrerpolicy=\"strict-origin-when-cross-origin\" allowfullscreen><\/iframe><\/p>\n<p>&nbsp;<\/p>\n<hr \/>\n<p>&nbsp;<\/p>\n<blockquote>\n<h3>INAUGURATO IL NUOVO SHOWROOM DA PANCIERA ARREDA<\/h3>\n<\/blockquote>\n<p><strong>DI MARINA DONA&#8217;<\/strong><\/p>\n<p><strong>FELTRE<\/strong> Il 23 novembre \u00e8 stato inaugurato il nuovissimo showroom di Panciera Arredamenti a Feltre in via Pedavena. Emma e Sonia ricordano Ian Panciera, ex titolare venuto a mancare prematuramente nel gennaio 2022 all&#8217;et\u00e0 di 52 anni. Ci parlano della volont\u00e0 di portare avanti questa azienda con la stessa sua passione e di voler dare continuit\u00e0 all&#8217;attivit\u00e0 con i suoi valori. Un gruppo formato da 22 persone tra dipendenti e titolari, una squadra vera e propria per dare il miglior servizio con professionalit\u00e0 ed esperienza a tutti i clienti. Questo \u00e8 semplicemente il loro biglietto da visita.<br \/>\nAll&#8217;inaugurazione ospite anche lo show cooking Andrea Filippi chef e consulente gastronomico conosciuto in tutta Italia, che ha cucinato diverse delizie per il rinfresco, inoltre due aziende locali una di vini e bibite ed una di formaggi. Anche musica con DJ.<\/p>\n<p><strong>NOVELLA MORETTI, RESPONSABILE AMMINISTRATIVO, E MICHELE SPONGA, DIRETTORE DI PANCIERA ARREDAMENTI<\/strong><\/p>\n<audio class=\"wp-audio-shortcode\" id=\"audio-422175-9\" preload=\"none\" style=\"width: 100%;\" controls=\"controls\"><source type=\"audio\/mpeg\" src=\"https:\/\/www.radiopiu.net\/wordpress\/wp-content\/uploads\/2024\/12\/NOVELLA-MORETTI-RESP-AMMINISTRATIVO-E-MICHELE-SPONGA-DIRETTORE.mp3?_=9\" \/><a href=\"https:\/\/www.radiopiu.net\/wordpress\/wp-content\/uploads\/2024\/12\/NOVELLA-MORETTI-RESP-AMMINISTRATIVO-E-MICHELE-SPONGA-DIRETTORE.mp3\">https:\/\/www.radiopiu.net\/wordpress\/wp-content\/uploads\/2024\/12\/NOVELLA-MORETTI-RESP-AMMINISTRATIVO-E-MICHELE-SPONGA-DIRETTORE.mp3<\/a><\/audio>\n<p>&nbsp;<\/p>\n<p><strong>VIDEO 1<\/strong><\/p>\n<p><iframe loading=\"lazy\" style=\"border: none; overflow: hidden;\" src=\"https:\/\/www.facebook.com\/plugins\/video.php?height=314&amp;href=https%3A%2F%2Fwww.facebook.com%2Fmarina.dona.92%2Fvideos%2F580241354542089%2F&amp;show_text=false&amp;width=560&amp;t=0\" width=\"560\" height=\"314\" frameborder=\"0\" scrolling=\"no\" allowfullscreen=\"allowfullscreen\" data-mce-fragment=\"1\"><\/iframe><br \/>\n<strong>VIDEO 2<\/strong><\/p>\n<p><iframe loading=\"lazy\" style=\"border: none; overflow: hidden;\" src=\"https:\/\/www.facebook.com\/plugins\/video.php?height=314&amp;href=https%3A%2F%2Fwww.facebook.com%2Fmarina.dona.92%2Fvideos%2F1097584275109446%2F&amp;show_text=false&amp;width=560&amp;t=0\" width=\"560\" height=\"314\" frameborder=\"0\" scrolling=\"no\" allowfullscreen=\"allowfullscreen\" data-mce-fragment=\"1\"><\/iframe><br \/>\n<strong>LE FOTO DI MARINA DONA&#8217;<\/strong><\/p>\n\n\t\t\t<style type='text\/css'>\n\t\t\t\t#gallery-3 {\n\t\t\t\t\tmargin: auto;\n\t\t\t\t}\n\t\t\t\t#gallery-3 .gallery-item {\n\t\t\t\t\tfloat: left;\n\t\t\t\t\tmargin-top: 10px;\n\t\t\t\t\ttext-align: center;\n\t\t\t\t\twidth: 25%;\n\t\t\t\t}\n\t\t\t\t#gallery-3 img {\n\t\t\t\t\tborder: 2px solid #cfcfcf;\n\t\t\t\t}\n\t\t\t\t#gallery-3 .gallery-caption {\n\t\t\t\t\tmargin-left: 0;\n\t\t\t\t}\n\t\t\t\t\/* see gallery_shortcode() in wp-includes\/media.php *\/\n\t\t\t<\/style>\n\t\t<div id='gallery-3' class='dt-gallery-container gallery galleryid-422175 gallery-columns-4 gallery-size-medium'><dl class='gallery-item'>\n\t\t\t\t<dt class='gallery-icon landscape'>\n\t\t\t\t\t<a class=\"rollover rollover-zoom dt-pswp-item\" title=\"69348fed-cad6-486e-9d8c-4883dfe68b1a\" data-dt-img-description=\"\" data-large_image_width=\"1080\" data-large_image_height=\"599\"href='https:\/\/www.radiopiu.net\/wordpress\/wp-content\/uploads\/2024\/11\/69348fed-cad6-486e-9d8c-4883dfe68b1a.jpg'><img loading=\"lazy\" decoding=\"async\" width=\"300\" height=\"166\" src=\"https:\/\/www.radiopiu.net\/wordpress\/wp-content\/uploads\/2024\/11\/69348fed-cad6-486e-9d8c-4883dfe68b1a-300x166.jpg\" class=\"attachment-medium size-medium\" alt=\"\" srcset=\"https:\/\/www.radiopiu.net\/wordpress\/wp-content\/uploads\/2024\/11\/69348fed-cad6-486e-9d8c-4883dfe68b1a-300x166.jpg 300w, https:\/\/www.radiopiu.net\/wordpress\/wp-content\/uploads\/2024\/11\/69348fed-cad6-486e-9d8c-4883dfe68b1a-1024x568.jpg 1024w, https:\/\/www.radiopiu.net\/wordpress\/wp-content\/uploads\/2024\/11\/69348fed-cad6-486e-9d8c-4883dfe68b1a-768x426.jpg 768w, https:\/\/www.radiopiu.net\/wordpress\/wp-content\/uploads\/2024\/11\/69348fed-cad6-486e-9d8c-4883dfe68b1a.jpg 1080w\" sizes=\"auto, (max-width: 300px) 100vw, 300px\" \/><\/a>\n\t\t\t\t<\/dt><\/dl><dl class='gallery-item'>\n\t\t\t\t<dt class='gallery-icon landscape'>\n\t\t\t\t\t<a class=\"rollover rollover-zoom dt-pswp-item\" title=\"524f0f47-a43c-4216-88a6-5b1055564ade\" data-dt-img-description=\"\" data-large_image_width=\"450\" data-large_image_height=\"291\"href='https:\/\/www.radiopiu.net\/wordpress\/wp-content\/uploads\/2024\/11\/524f0f47-a43c-4216-88a6-5b1055564ade.jpg'><img loading=\"lazy\" decoding=\"async\" width=\"300\" height=\"194\" src=\"https:\/\/www.radiopiu.net\/wordpress\/wp-content\/uploads\/2024\/11\/524f0f47-a43c-4216-88a6-5b1055564ade-300x194.jpg\" class=\"attachment-medium size-medium\" alt=\"\" srcset=\"https:\/\/www.radiopiu.net\/wordpress\/wp-content\/uploads\/2024\/11\/524f0f47-a43c-4216-88a6-5b1055564ade-300x194.jpg 300w, https:\/\/www.radiopiu.net\/wordpress\/wp-content\/uploads\/2024\/11\/524f0f47-a43c-4216-88a6-5b1055564ade.jpg 450w\" sizes=\"auto, (max-width: 300px) 100vw, 300px\" \/><\/a>\n\t\t\t\t<\/dt><\/dl><dl class='gallery-item'>\n\t\t\t\t<dt class='gallery-icon landscape'>\n\t\t\t\t\t<a class=\"rollover rollover-zoom dt-pswp-item\" title=\"5672d98a-abfc-489b-b1f3-f736b072ff4f\" data-dt-img-description=\"\" data-large_image_width=\"904\" data-large_image_height=\"598\"href='https:\/\/www.radiopiu.net\/wordpress\/wp-content\/uploads\/2024\/11\/5672d98a-abfc-489b-b1f3-f736b072ff4f.jpg'><img loading=\"lazy\" decoding=\"async\" width=\"300\" height=\"198\" src=\"https:\/\/www.radiopiu.net\/wordpress\/wp-content\/uploads\/2024\/11\/5672d98a-abfc-489b-b1f3-f736b072ff4f-300x198.jpg\" class=\"attachment-medium size-medium\" alt=\"\" srcset=\"https:\/\/www.radiopiu.net\/wordpress\/wp-content\/uploads\/2024\/11\/5672d98a-abfc-489b-b1f3-f736b072ff4f-300x198.jpg 300w, https:\/\/www.radiopiu.net\/wordpress\/wp-content\/uploads\/2024\/11\/5672d98a-abfc-489b-b1f3-f736b072ff4f-768x508.jpg 768w, https:\/\/www.radiopiu.net\/wordpress\/wp-content\/uploads\/2024\/11\/5672d98a-abfc-489b-b1f3-f736b072ff4f.jpg 904w\" sizes=\"auto, (max-width: 300px) 100vw, 300px\" \/><\/a>\n\t\t\t\t<\/dt><\/dl><dl class='gallery-item'>\n\t\t\t\t<dt class='gallery-icon landscape'>\n\t\t\t\t\t<a class=\"rollover rollover-zoom dt-pswp-item\" title=\"188f3ef2-0391-41c4-a4dd-4d5dc403d922\" data-dt-img-description=\"\" data-large_image_width=\"945\" data-large_image_height=\"598\"href='https:\/\/www.radiopiu.net\/wordpress\/wp-content\/uploads\/2024\/11\/188f3ef2-0391-41c4-a4dd-4d5dc403d922.jpg'><img loading=\"lazy\" decoding=\"async\" width=\"300\" height=\"190\" src=\"https:\/\/www.radiopiu.net\/wordpress\/wp-content\/uploads\/2024\/11\/188f3ef2-0391-41c4-a4dd-4d5dc403d922-300x190.jpg\" class=\"attachment-medium size-medium\" alt=\"\" srcset=\"https:\/\/www.radiopiu.net\/wordpress\/wp-content\/uploads\/2024\/11\/188f3ef2-0391-41c4-a4dd-4d5dc403d922-300x190.jpg 300w, https:\/\/www.radiopiu.net\/wordpress\/wp-content\/uploads\/2024\/11\/188f3ef2-0391-41c4-a4dd-4d5dc403d922-768x486.jpg 768w, https:\/\/www.radiopiu.net\/wordpress\/wp-content\/uploads\/2024\/11\/188f3ef2-0391-41c4-a4dd-4d5dc403d922.jpg 945w\" sizes=\"auto, (max-width: 300px) 100vw, 300px\" \/><\/a>\n\t\t\t\t<\/dt><\/dl><br style=\"clear: both\" \/><dl class='gallery-item'>\n\t\t\t\t<dt class='gallery-icon landscape'>\n\t\t\t\t\t<a class=\"rollover rollover-zoom dt-pswp-item\" title=\"b692d06e-b553-4cdb-b918-aa5ffe94f66b\" data-dt-img-description=\"\" data-large_image_width=\"932\" data-large_image_height=\"588\"href='https:\/\/www.radiopiu.net\/wordpress\/wp-content\/uploads\/2024\/11\/b692d06e-b553-4cdb-b918-aa5ffe94f66b.jpg'><img loading=\"lazy\" decoding=\"async\" width=\"300\" height=\"189\" src=\"https:\/\/www.radiopiu.net\/wordpress\/wp-content\/uploads\/2024\/11\/b692d06e-b553-4cdb-b918-aa5ffe94f66b-300x189.jpg\" class=\"attachment-medium size-medium\" alt=\"\" srcset=\"https:\/\/www.radiopiu.net\/wordpress\/wp-content\/uploads\/2024\/11\/b692d06e-b553-4cdb-b918-aa5ffe94f66b-300x189.jpg 300w, https:\/\/www.radiopiu.net\/wordpress\/wp-content\/uploads\/2024\/11\/b692d06e-b553-4cdb-b918-aa5ffe94f66b-768x485.jpg 768w, https:\/\/www.radiopiu.net\/wordpress\/wp-content\/uploads\/2024\/11\/b692d06e-b553-4cdb-b918-aa5ffe94f66b.jpg 932w\" sizes=\"auto, (max-width: 300px) 100vw, 300px\" \/><\/a>\n\t\t\t\t<\/dt><\/dl><dl class='gallery-item'>\n\t\t\t\t<dt class='gallery-icon landscape'>\n\t\t\t\t\t<a class=\"rollover rollover-zoom dt-pswp-item\" title=\"756c380e-26ef-4ad8-8bf5-95d1791da349\" data-dt-img-description=\"\" data-large_image_width=\"931\" data-large_image_height=\"600\"href='https:\/\/www.radiopiu.net\/wordpress\/wp-content\/uploads\/2024\/11\/756c380e-26ef-4ad8-8bf5-95d1791da349.jpg'><img loading=\"lazy\" decoding=\"async\" width=\"300\" height=\"193\" src=\"https:\/\/www.radiopiu.net\/wordpress\/wp-content\/uploads\/2024\/11\/756c380e-26ef-4ad8-8bf5-95d1791da349-300x193.jpg\" class=\"attachment-medium size-medium\" alt=\"\" srcset=\"https:\/\/www.radiopiu.net\/wordpress\/wp-content\/uploads\/2024\/11\/756c380e-26ef-4ad8-8bf5-95d1791da349-300x193.jpg 300w, https:\/\/www.radiopiu.net\/wordpress\/wp-content\/uploads\/2024\/11\/756c380e-26ef-4ad8-8bf5-95d1791da349-768x495.jpg 768w, https:\/\/www.radiopiu.net\/wordpress\/wp-content\/uploads\/2024\/11\/756c380e-26ef-4ad8-8bf5-95d1791da349.jpg 931w\" sizes=\"auto, (max-width: 300px) 100vw, 300px\" \/><\/a>\n\t\t\t\t<\/dt><\/dl><dl class='gallery-item'>\n\t\t\t\t<dt class='gallery-icon landscape'>\n\t\t\t\t\t<a class=\"rollover rollover-zoom dt-pswp-item\" title=\"56c046ae-f72a-46e6-8e53-c4b4ee5ff333\" data-dt-img-description=\"\" data-large_image_width=\"859\" data-large_image_height=\"603\"href='https:\/\/www.radiopiu.net\/wordpress\/wp-content\/uploads\/2024\/11\/56c046ae-f72a-46e6-8e53-c4b4ee5ff333.jpg'><img loading=\"lazy\" decoding=\"async\" width=\"300\" height=\"211\" src=\"https:\/\/www.radiopiu.net\/wordpress\/wp-content\/uploads\/2024\/11\/56c046ae-f72a-46e6-8e53-c4b4ee5ff333-300x211.jpg\" class=\"attachment-medium size-medium\" alt=\"\" srcset=\"https:\/\/www.radiopiu.net\/wordpress\/wp-content\/uploads\/2024\/11\/56c046ae-f72a-46e6-8e53-c4b4ee5ff333-300x211.jpg 300w, https:\/\/www.radiopiu.net\/wordpress\/wp-content\/uploads\/2024\/11\/56c046ae-f72a-46e6-8e53-c4b4ee5ff333-768x539.jpg 768w, https:\/\/www.radiopiu.net\/wordpress\/wp-content\/uploads\/2024\/11\/56c046ae-f72a-46e6-8e53-c4b4ee5ff333.jpg 859w\" sizes=\"auto, (max-width: 300px) 100vw, 300px\" \/><\/a>\n\t\t\t\t<\/dt><\/dl><dl class='gallery-item'>\n\t\t\t\t<dt class='gallery-icon landscape'>\n\t\t\t\t\t<a class=\"rollover rollover-zoom dt-pswp-item\" title=\"17eb6434-ffed-4e84-9aab-293e5af96770\" data-dt-img-description=\"\" data-large_image_width=\"974\" data-large_image_height=\"624\"href='https:\/\/www.radiopiu.net\/wordpress\/wp-content\/uploads\/2024\/11\/17eb6434-ffed-4e84-9aab-293e5af96770.jpg'><img loading=\"lazy\" decoding=\"async\" width=\"300\" height=\"192\" src=\"https:\/\/www.radiopiu.net\/wordpress\/wp-content\/uploads\/2024\/11\/17eb6434-ffed-4e84-9aab-293e5af96770-300x192.jpg\" class=\"attachment-medium size-medium\" alt=\"\" srcset=\"https:\/\/www.radiopiu.net\/wordpress\/wp-content\/uploads\/2024\/11\/17eb6434-ffed-4e84-9aab-293e5af96770-300x192.jpg 300w, https:\/\/www.radiopiu.net\/wordpress\/wp-content\/uploads\/2024\/11\/17eb6434-ffed-4e84-9aab-293e5af96770-768x492.jpg 768w, https:\/\/www.radiopiu.net\/wordpress\/wp-content\/uploads\/2024\/11\/17eb6434-ffed-4e84-9aab-293e5af96770.jpg 974w\" sizes=\"auto, (max-width: 300px) 100vw, 300px\" \/><\/a>\n\t\t\t\t<\/dt><\/dl><br style=\"clear: both\" \/>\n\t\t\t<\/div>\n\n<hr \/>\n<p>&nbsp;<\/p>\n<blockquote>\n<h3>INCONTINENZE E STOMIE: INCONTRO CON LA CITTADINANZA<\/h3>\n<\/blockquote>\n<p><strong>BELLUNO <\/strong>L\u2019Ulss Dolomiti organizza l\u2019incontro <em>\u201cIncontinenze e stomie. Conoscere per capire, capire per affrontare\u201d<\/em>, venerd\u00ec, dalle 16.30 alle 19.00 nella Sala Convegni dell\u2019Ospedale di Feltre. L\u2019evento, rivolto a medici e cittadini, mira a sensibilizzare su temi come incontinenza urinaria e fecale, stomie e riabilitazione. Interverranno esperti in chirurgia, urologia, ginecologia, fisiatria e dietetica, affrontando cause, soluzioni e percorsi riabilitativi. In Italia si stimano 75.000 persone con stomia e oltre 5 milioni con incontinenza, condizioni spesso tab\u00f9 con impatti significativi sulla vita personale e sociale. L\u2019obiettivo \u00e8 rimuovere pregiudizi, favorire la conoscenza e valorizzare il ruolo delle associazioni di pazienti. L\u2019Ulss Dolomiti supporta circa 250 pazienti nei suoi ambulatori provinciali.<\/p>\n<p>&nbsp;<\/p>\n<p>&nbsp;<\/p>\n<hr \/>\n<p>&nbsp;<\/p>\n<blockquote>\n<h3>UN INCONTRO SUL GIOCO D&#8217;AZZARDO A CALALZO DI CADORE<\/h3>\n<\/blockquote>\n<p><strong><a class=\"dt-pswp-item\" href=\"https:\/\/www.radiopiu.net\/wordpress\/wp-content\/uploads\/2021\/03\/ULSS-1.jpg\" data-dt-img-description=\"\" data-large_image_width=\"776\" data-large_image_height=\"408\"><img loading=\"lazy\" decoding=\"async\" class=\" wp-image-198838 alignleft\" src=\"https:\/\/www.radiopiu.net\/wordpress\/wp-content\/uploads\/2021\/03\/ULSS-1-300x158.jpg\" alt=\"\" width=\"177\" height=\"93\" srcset=\"https:\/\/www.radiopiu.net\/wordpress\/wp-content\/uploads\/2021\/03\/ULSS-1-300x158.jpg 300w, https:\/\/www.radiopiu.net\/wordpress\/wp-content\/uploads\/2021\/03\/ULSS-1-768x404.jpg 768w, https:\/\/www.radiopiu.net\/wordpress\/wp-content\/uploads\/2021\/03\/ULSS-1.jpg 776w\" sizes=\"auto, (max-width: 177px) 100vw, 177px\" \/><\/a>BELLUNO<\/strong> Il Dipartimento per le Dipendenze dell\u2019Ulss Dolomiti organizza il secondo incontro del Progetto di contrasto al Gioco d\u2019Azzardo, intitolato <em>\u201cIl nostro denaro: l\u2019azzardo, un gioco a perdere!\u201d<\/em>. L&#8217;evento si terr\u00e0 oggi alle 20:00 nella Sala Consiliare del Comune di Calalzo di Cadore. L&#8217;incontro, aperto a cittadini e familiari, mira a sensibilizzare sul gioco d\u2019azzardo patologico, affrontando temi come la gestione del denaro e i segnali di allarme. Interverranno esperti in educazione finanziaria e professionisti del Dipartimento Dipendenze. Il sindaco Luca Fanton ha evidenziato l\u2019importanza di questi eventi per supportare le famiglie coinvolte e favorire l\u2019accesso ai servizi di aiuto.<\/p>\n<p>&nbsp;<\/p>\n<p>&nbsp;<\/p>\n<hr \/>\n<p>&nbsp;<\/p>\n<blockquote>\n<h3>UN BANDO PER 1634 ALLIEVI FINANZIERI<\/h3>\n<\/blockquote>\n<p>La Guardia di Finanza ha pubblicato il bando di concorso per il reclutamento di 1634 allievi finanzieri per l&#8217;anno 2024. Il concorso si svolger\u00e0 per titoli ed esami.<\/p>\n<p>&nbsp;<\/p>\n<p>&nbsp;<\/p>\n<hr \/>\n<p>&nbsp;<\/p>\n<blockquote>\n<p data-pm-slice=\"1 1 []\"><strong>Concorso per 33 atleti nei gruppi sportivi Fiamme Oro della Polizia di Stato<\/strong><\/p>\n<\/blockquote>\n<p>Sul Portale Unico del reclutamento, all&#8217;indirizzo <a>www.inpa.gov.it<\/a> e sul sito <a>www.poliziadistato.it<\/a>, \u00e8 stato pubblicato il 14 novembre 2024 un bando di concorso pubblico per titoli, finalizzato all&#8217;assunzione di 33 atleti da destinare ai gruppi sportivi \u201cPolizia di Stato \u2013 Fiamme Oro\u201d. Gli atleti selezionati saranno inquadrati nel ruolo degli agenti e assistenti della Polizia di Stato, con qualifica di agente.<\/p>\n<p>&nbsp;<\/p>\n<p>&nbsp;<\/p>\n<hr \/>\n<p>&nbsp;<\/p>\n<blockquote>\n<h3>UN CONCERTO PER VITTORIO FENTI<\/h3>\n<\/blockquote>\n<p><strong class=\"photoswipe-wrapper\"><a class=\"dt-pswp-item pspw-wrap-ready\" href=\"https:\/\/www.radiopiu.net\/wordpress\/wp-content\/uploads\/2024\/11\/541f118a-8f00-44dd-91dd-13dcb4ddbd0d.jpg\" data-dt-img-description=\"\" data-large_image_width=\"1280\" data-large_image_height=\"1600\"><img loading=\"lazy\" decoding=\"async\" class=\" wp-image-421808 alignleft\" src=\"https:\/\/www.radiopiu.net\/wordpress\/wp-content\/uploads\/2024\/11\/541f118a-8f00-44dd-91dd-13dcb4ddbd0d-240x300.jpg\" sizes=\"auto, (max-width: 213px) 100vw, 213px\" srcset=\"https:\/\/www.radiopiu.net\/wordpress\/wp-content\/uploads\/2024\/11\/541f118a-8f00-44dd-91dd-13dcb4ddbd0d-240x300.jpg 240w, https:\/\/www.radiopiu.net\/wordpress\/wp-content\/uploads\/2024\/11\/541f118a-8f00-44dd-91dd-13dcb4ddbd0d-819x1024.jpg 819w, https:\/\/www.radiopiu.net\/wordpress\/wp-content\/uploads\/2024\/11\/541f118a-8f00-44dd-91dd-13dcb4ddbd0d-768x960.jpg 768w, https:\/\/www.radiopiu.net\/wordpress\/wp-content\/uploads\/2024\/11\/541f118a-8f00-44dd-91dd-13dcb4ddbd0d-1229x1536.jpg 1229w, https:\/\/www.radiopiu.net\/wordpress\/wp-content\/uploads\/2024\/11\/541f118a-8f00-44dd-91dd-13dcb4ddbd0d.jpg 1280w\" alt=\"\" width=\"181\" height=\"226\" \/><\/a>AGORDO<\/strong> il Circolo Culturale Agordino organizza in sala Tamis, ad Agordo, per venerd\u00ec 6 dicembre 2024 alle ore 20e30, una serata concerto con riconoscimento a Vittorio Fenti, quale persona che si \u00e8 sempre adoperata e impegnata per la collettivit\u00e0, rispondendo sempre con grande disponibilit\u00e0 ai bisogni del territorio affidandosi alla sua preparazione e competenza.<\/p>\n<p>&nbsp;<\/p>\n<p>&nbsp;<\/p>\n<p>&nbsp;<\/p>\n<p><strong>DI GIANNI SANTOMASO<\/strong><\/p>\n<audio class=\"wp-audio-shortcode\" id=\"audio-422175-10\" preload=\"none\" style=\"width: 100%;\" controls=\"controls\"><source type=\"audio\/mpeg\" src=\"https:\/\/www.radiopiu.net\/wordpress\/wp-content\/uploads\/2024\/11\/GIANNI-CONCERTO-VITTORIO-FENTI.mp3?_=10\" \/><a href=\"https:\/\/www.radiopiu.net\/wordpress\/wp-content\/uploads\/2024\/11\/GIANNI-CONCERTO-VITTORIO-FENTI.mp3\">https:\/\/www.radiopiu.net\/wordpress\/wp-content\/uploads\/2024\/11\/GIANNI-CONCERTO-VITTORIO-FENTI.mp3<\/a><\/audio>\n<p>&nbsp;<\/p>\n<p>&nbsp;<\/p>\n<hr \/>\n<p>&nbsp;<\/p>\n<blockquote><p><strong><a class=\"dt-pswp-item\" href=\"https:\/\/www.radiopiu.net\/wordpress\/wp-content\/uploads\/2024\/11\/AMICI-MINERARI.png\" data-dt-img-description=\"\" data-large_image_width=\"209\" data-large_image_height=\"174\"><img loading=\"lazy\" decoding=\"async\" class=\"size-full wp-image-419180 alignleft\" src=\"https:\/\/www.radiopiu.net\/wordpress\/wp-content\/uploads\/2024\/11\/AMICI-MINERARI.png\" alt=\"\" width=\"209\" height=\"174\" \/><\/a>&#8220;Con gli Amici dei Minerari: Serate d&#8217;Inverno \u2013 un viaggio tra storia, scienza e meraviglie. Incontri presso la Sala con T\u00e0-Mis. Non mancare!&#8221;<\/strong><\/p>\n<ul>\n<li><em>Venerd\u00ec 20 dicembre, ore 20:30<\/em>: &#8220;La morfogenesi delle frane&#8221; \u2013 Relatore Prof. Vittorio Fenti.<\/li>\n<li><em>Venerd\u00ec 24 gennaio, ore 20:30<\/em>: &#8220;Il meraviglioso mondo dei fossili delle Dolomiti&#8221; \u2013 Relatore Danilo Giordano.<\/li>\n<li><em>Venerd\u00ec 21 febbraio, ore 20:30<\/em>: &#8220;Il traforo del Brennero: studio, progettazione e realizzazione&#8221; \u2013 Relatori Vittorio Fenti e Mario Guadagnini.<\/li>\n<\/ul>\n<p><strong>Vivi la cultura e la passione per la montagna!<\/strong><\/p><\/blockquote>\n<p>&nbsp;<\/p>\n<p>&nbsp;<\/p>\n<hr \/>\n<p>&nbsp;<\/p>\n<blockquote>\n<h3>GLI ORARI DELLA PRO LOCO E MUSEI DI CANALE D&#8217;AGORDO<\/h3>\n<\/blockquote>\n<p><strong>CANALE D&#8217;AGORDO <\/strong>Gli uffici della Pro Loco e i siti museali di Canale d\u2019Agordo seguiranno questi orari invernali: <strong>Dal 1\u00b0 al 26 dicembre<\/strong>: Museo &amp; Pro Loco aperti venerd\u00ec, sabato e domenica (9.00-12.00, 15.00-18.00); Casa Natale aperta il 7 e 8 dicembre (10.00-13.00, 15.00-18.00). <strong>Dal 27 dicembre al 5 gennaio<\/strong>: Museo &amp; Pro Loco e Casa Natale aperti tutti i giorni con orari simili, chiusi il 31 dicembre pomeriggio e il 1\u00b0 gennaio mattina. <strong>Dal 6 gennaio al 28 febbraio<\/strong>: Museo &amp; Pro Loco aperti venerd\u00ec, sabato e domenica (9.00-12.00, 15.00-18.00). <strong>Marzo<\/strong>: apertura su prenotazione per gruppi di almeno 20\/25 persone.<\/p>\n<p>&nbsp;<\/p>\n<p>&nbsp;<\/p>\n<hr \/>\n<p>&nbsp;<\/p>\n<h2><span style=\"color: #ff6600;\">IERI ALLA RADIO\u00a0\u00a0<\/span><\/h2>\n<h2><span style=\"color: #ffcc00;\">LA RASSEGNA STAMPA DA L&#8217;AMICO DEL POPOLO<\/span><\/h2>\n<p><strong><a class=\"dt-pswp-item\" href=\"https:\/\/www.radiopiu.net\/wordpress\/wp-content\/uploads\/2024\/11\/559619d2-4ff7-4f51-8bf3-0e991ff2bf17.jpg\" data-dt-img-description=\"\" data-large_image_width=\"1600\" data-large_image_height=\"1200\"><img loading=\"lazy\" decoding=\"async\" class=\" wp-image-419412 alignleft\" src=\"https:\/\/www.radiopiu.net\/wordpress\/wp-content\/uploads\/2024\/11\/559619d2-4ff7-4f51-8bf3-0e991ff2bf17-300x225.jpg\" alt=\"\" width=\"187\" height=\"140\" srcset=\"https:\/\/www.radiopiu.net\/wordpress\/wp-content\/uploads\/2024\/11\/559619d2-4ff7-4f51-8bf3-0e991ff2bf17-300x225.jpg 300w, https:\/\/www.radiopiu.net\/wordpress\/wp-content\/uploads\/2024\/11\/559619d2-4ff7-4f51-8bf3-0e991ff2bf17-1024x768.jpg 1024w, https:\/\/www.radiopiu.net\/wordpress\/wp-content\/uploads\/2024\/11\/559619d2-4ff7-4f51-8bf3-0e991ff2bf17-768x576.jpg 768w, https:\/\/www.radiopiu.net\/wordpress\/wp-content\/uploads\/2024\/11\/559619d2-4ff7-4f51-8bf3-0e991ff2bf17-1536x1152.jpg 1536w, https:\/\/www.radiopiu.net\/wordpress\/wp-content\/uploads\/2024\/11\/559619d2-4ff7-4f51-8bf3-0e991ff2bf17.jpg 1600w\" sizes=\"auto, (max-width: 187px) 100vw, 187px\" \/><\/a>DI GIANNI SANTOMASO<\/strong><\/p>\n<p>OSPITE: Ada Grilli<\/p>\n<audio class=\"wp-audio-shortcode\" id=\"audio-422175-11\" preload=\"none\" style=\"width: 100%;\" controls=\"controls\"><source type=\"audio\/mpeg\" src=\"https:\/\/www.radiopiu.net\/wordpress\/wp-content\/uploads\/2024\/11\/RASSEGNA-GIANNI-2.mp3?_=11\" \/><a href=\"https:\/\/www.radiopiu.net\/wordpress\/wp-content\/uploads\/2024\/11\/RASSEGNA-GIANNI-2.mp3\">https:\/\/www.radiopiu.net\/wordpress\/wp-content\/uploads\/2024\/11\/RASSEGNA-GIANNI-2.mp3<\/a><\/audio>\n<p>&nbsp;<\/p>\n<h2><span style=\"color: #00ccff;\">DUE MINUTI PER TE<\/span><\/h2>\n<p><strong><a class=\"dt-pswp-item\" href=\"https:\/\/www.radiopiu.net\/wordpress\/wp-content\/uploads\/2020\/12\/DON-GIORGIO-LISE.jpg\" data-dt-img-description=\"\" data-large_image_width=\"1600\" data-large_image_height=\"901\"><img loading=\"lazy\" decoding=\"async\" class=\" wp-image-177420 alignleft\" src=\"https:\/\/www.radiopiu.net\/wordpress\/wp-content\/uploads\/2020\/12\/DON-GIORGIO-LISE-300x169.jpg\" alt=\"\" width=\"220\" height=\"124\" srcset=\"https:\/\/www.radiopiu.net\/wordpress\/wp-content\/uploads\/2020\/12\/DON-GIORGIO-LISE-300x169.jpg 300w, https:\/\/www.radiopiu.net\/wordpress\/wp-content\/uploads\/2020\/12\/DON-GIORGIO-LISE-1024x577.jpg 1024w, https:\/\/www.radiopiu.net\/wordpress\/wp-content\/uploads\/2020\/12\/DON-GIORGIO-LISE-768x432.jpg 768w, https:\/\/www.radiopiu.net\/wordpress\/wp-content\/uploads\/2020\/12\/DON-GIORGIO-LISE-1536x865.jpg 1536w, https:\/\/www.radiopiu.net\/wordpress\/wp-content\/uploads\/2020\/12\/DON-GIORGIO-LISE.jpg 1600w\" sizes=\"auto, (max-width: 220px) 100vw, 220px\" \/><\/a>APPUNTAMENTO DELLA DOMENICA CON IL PENSIERO DI MONSIGNOR GIORGIO LISE<\/strong><\/p>\n<audio class=\"wp-audio-shortcode\" id=\"audio-422175-12\" preload=\"none\" style=\"width: 100%;\" controls=\"controls\"><source type=\"audio\/mpeg\" src=\"https:\/\/www.radiopiu.net\/wordpress\/wp-content\/uploads\/2024\/11\/DON-GIORGIO-3.mp3?_=12\" \/><a href=\"https:\/\/www.radiopiu.net\/wordpress\/wp-content\/uploads\/2024\/11\/DON-GIORGIO-3.mp3\">https:\/\/www.radiopiu.net\/wordpress\/wp-content\/uploads\/2024\/11\/DON-GIORGIO-3.mp3<\/a><\/audio>\n<p>&nbsp;<\/p>\n<hr \/>\n<p>&nbsp;<\/p>\n<blockquote class=\"wp-embedded-content\" data-secret=\"uyd4MOXM0l\"><p><a href=\"https:\/\/www.radiopiu.net\/wordpress\/piu-siamo-con-marina-settimana-da-15-al-30-novembre-2024\/\">PIU&#8217; SIAMO&#8230;CON MARINA &#8211; SETTIMANA DA 15 AL 30 NOVEMBRE 2024<\/a><\/p><\/blockquote>\n<p><iframe loading=\"lazy\" class=\"wp-embedded-content\" sandbox=\"allow-scripts\" security=\"restricted\" style=\"position: absolute; visibility: hidden;\" title=\"&#8220;PIU&#8217; SIAMO&#8230;CON MARINA &#8211; SETTIMANA DA 15 AL 30 NOVEMBRE 2024&#8221; &#8212; Radio Pi\u00f9\" src=\"https:\/\/www.radiopiu.net\/wordpress\/piu-siamo-con-marina-settimana-da-15-al-30-novembre-2024\/embed\/#?secret=l4EHEwy2li#?secret=uyd4MOXM0l\" data-secret=\"uyd4MOXM0l\" width=\"600\" height=\"338\" frameborder=\"0\" marginwidth=\"0\" marginheight=\"0\" scrolling=\"no\"><\/iframe><\/p>\n<p>&nbsp;<\/p>\n<hr \/>\n<p>&nbsp;<\/p>\n<h2><span style=\"color: #ff0000;\"><a class=\"dt-pswp-item\" href=\"https:\/\/www.radiopiu.net\/wordpress\/wp-content\/uploads\/2018\/09\/appuntamenti.jpeg\" data-dt-img-description=\"\" data-large_image_width=\"800\" data-large_image_height=\"100\"><img loading=\"lazy\" decoding=\"async\" class=\"wp-image-61958 size-full aligncenter\" src=\"https:\/\/www.radiopiu.net\/wordpress\/wp-content\/uploads\/2018\/09\/appuntamenti.jpeg\" alt=\"\" width=\"800\" height=\"100\" srcset=\"https:\/\/www.radiopiu.net\/wordpress\/wp-content\/uploads\/2018\/09\/appuntamenti.jpeg 800w, https:\/\/www.radiopiu.net\/wordpress\/wp-content\/uploads\/2018\/09\/appuntamenti-300x38.jpeg 300w, https:\/\/www.radiopiu.net\/wordpress\/wp-content\/uploads\/2018\/09\/appuntamenti-768x96.jpeg 768w\" sizes=\"auto, (max-width: 800px) 100vw, 800px\" \/><\/a><\/span><\/h2>\n<p>&nbsp;<\/p>\n<div style=\"width: 1200px;\" class=\"wp-video\"><video class=\"wp-video-shortcode\" id=\"video-422175-1\" width=\"1200\" height=\"675\" preload=\"metadata\" controls=\"controls\"><source type=\"video\/mp4\" src=\"https:\/\/www.radiopiu.net\/wordpress\/wp-content\/uploads\/2024\/10\/WhatsApp-Video-2024-10-23-at-00.12.10.mp4?_=1\" \/><a href=\"https:\/\/www.radiopiu.net\/wordpress\/wp-content\/uploads\/2024\/10\/WhatsApp-Video-2024-10-23-at-00.12.10.mp4\">https:\/\/www.radiopiu.net\/wordpress\/wp-content\/uploads\/2024\/10\/WhatsApp-Video-2024-10-23-at-00.12.10.mp4<\/a><\/video><\/div>\n<p><strong>\u00a0<\/strong><\/p>\n<p><strong>SABATO E DOMENICA AL CINEMA DOLOMITI DI FALCADE IL FILM &#8220;IL GLADIATORE 2&#8221; SPETTACOLI ALLE 21, DOMENICA ANCHE ALLE 15:30<\/strong><\/p>\n<div class=\"flex-shrink-0 flex flex-col relative items-end\">\n<div class=\"pt-0\">\n<div class=\"gizmo-bot-avatar flex h-8 w-8 items-center justify-center overflow-hidden rounded-full\">\n<p class=\"relative p-1 rounded-sm flex items-center justify-center bg-token-main-surface-primary text-token-text-primary h-8 w-8\">\n<\/div>\n<\/div>\n<\/div>\n<div>\n<div class=\"\" dir=\"auto\">\n<div id=\":r9h:\" class=\"x1iorvi4 x1pi30zi x1l90r2v x1swvt13\" data-ad-comet-preview=\"message\" data-ad-preview=\"message\">\n<div>\n<div class=\"\" dir=\"auto\">\n<div id=\":r9h:\" class=\"x1iorvi4 x1pi30zi x1l90r2v x1swvt13\" data-ad-comet-preview=\"message\" data-ad-preview=\"message\">\n\n\t\t\t<style type='text\/css'>\n\t\t\t\t#gallery-4 {\n\t\t\t\t\tmargin: auto;\n\t\t\t\t}\n\t\t\t\t#gallery-4 .gallery-item {\n\t\t\t\t\tfloat: left;\n\t\t\t\t\tmargin-top: 10px;\n\t\t\t\t\ttext-align: center;\n\t\t\t\t\twidth: 25%;\n\t\t\t\t}\n\t\t\t\t#gallery-4 img {\n\t\t\t\t\tborder: 2px solid #cfcfcf;\n\t\t\t\t}\n\t\t\t\t#gallery-4 .gallery-caption {\n\t\t\t\t\tmargin-left: 0;\n\t\t\t\t}\n\t\t\t\t\/* see gallery_shortcode() in wp-includes\/media.php *\/\n\t\t\t<\/style>\n\t\t<div id='gallery-4' class='dt-gallery-container gallery galleryid-422175 gallery-columns-4 gallery-size-thumbnail'><dl class='gallery-item'>\n\t\t\t\t<dt class='gallery-icon portrait'>\n\t\t\t\t\t<a class=\"rollover rollover-zoom dt-pswp-item\" title=\"formula_3_loc\" data-dt-img-description=\"\" data-large_image_width=\"600\" data-large_image_height=\"821\"href='https:\/\/www.radiopiu.net\/wordpress\/wp-content\/uploads\/2024\/11\/formula_3_loc.jpg'><img loading=\"lazy\" decoding=\"async\" width=\"150\" height=\"150\" src=\"https:\/\/www.radiopiu.net\/wordpress\/wp-content\/uploads\/2024\/11\/formula_3_loc-150x150.jpg\" class=\"attachment-thumbnail size-thumbnail\" alt=\"\" aria-describedby=\"gallery-4-419609\" \/><\/a>\n\t\t\t\t<\/dt>\n\t\t\t\t\t<dd class='wp-caption-text gallery-caption' id='gallery-4-419609'>\n\t\t\t\t\tI FORMULA 3 A BELLUNO\n\t\t\t\t\t<\/dd><\/dl><dl class='gallery-item'>\n\t\t\t\t<dt class='gallery-icon portrait'>\n\t\t\t\t\t<a class=\"rollover rollover-zoom dt-pswp-item\" title=\"57a3778a-99b6-4687-8651-99a41c023a18\" data-dt-img-description=\"\" data-large_image_width=\"987\" data-large_image_height=\"1397\"href='https:\/\/www.radiopiu.net\/wordpress\/wp-content\/uploads\/2024\/11\/57a3778a-99b6-4687-8651-99a41c023a18.jpg'><img loading=\"lazy\" decoding=\"async\" width=\"150\" height=\"150\" src=\"https:\/\/www.radiopiu.net\/wordpress\/wp-content\/uploads\/2024\/11\/57a3778a-99b6-4687-8651-99a41c023a18-150x150.jpg\" class=\"attachment-thumbnail size-thumbnail\" alt=\"\" aria-describedby=\"gallery-4-422224\" \/><\/a>\n\t\t\t\t<\/dt>\n\t\t\t\t\t<dd class='wp-caption-text gallery-caption' id='gallery-4-422224'>\n\t\t\t\t\tAL PALAFALCADE\n\t\t\t\t\t<\/dd><\/dl><dl class='gallery-item'>\n\t\t\t\t<dt class='gallery-icon portrait'>\n\t\t\t\t\t<a class=\"rollover rollover-zoom dt-pswp-item\" title=\"Locandina concerto\" data-dt-img-description=\"\" data-large_image_width=\"1131\" data-large_image_height=\"1600\"href='https:\/\/www.radiopiu.net\/wordpress\/wp-content\/uploads\/2024\/11\/Locandina-concerto-1.jpg'><img loading=\"lazy\" decoding=\"async\" width=\"150\" height=\"150\" src=\"https:\/\/www.radiopiu.net\/wordpress\/wp-content\/uploads\/2024\/11\/Locandina-concerto-1-150x150.jpg\" class=\"attachment-thumbnail size-thumbnail\" alt=\"\" aria-describedby=\"gallery-4-422248\" \/><\/a>\n\t\t\t\t<\/dt>\n\t\t\t\t\t<dd class='wp-caption-text gallery-caption' id='gallery-4-422248'>\n\t\t\t\t\tAL LICEO RENIER\n\t\t\t\t\t<\/dd><\/dl><dl class='gallery-item'>\n\t\t\t\t<dt class='gallery-icon portrait'>\n\t\t\t\t\t<a class=\"rollover rollover-zoom dt-pswp-item\" title=\"manifesto serate invernali\" data-dt-img-description=\"\" data-large_image_width=\"1683\" data-large_image_height=\"2383\"href='https:\/\/www.radiopiu.net\/wordpress\/wp-content\/uploads\/2024\/11\/manifesto-serate-invernali.jpg'><img loading=\"lazy\" decoding=\"async\" width=\"150\" height=\"150\" src=\"https:\/\/www.radiopiu.net\/wordpress\/wp-content\/uploads\/2024\/11\/manifesto-serate-invernali-150x150.jpg\" class=\"attachment-thumbnail size-thumbnail\" alt=\"\" aria-describedby=\"gallery-4-418816\" \/><\/a>\n\t\t\t\t<\/dt>\n\t\t\t\t\t<dd class='wp-caption-text gallery-caption' id='gallery-4-418816'>\n\t\t\t\t\t21 FEBBRAIO\n\t\t\t\t\t<\/dd><\/dl><br style=\"clear: both\" \/><dl class='gallery-item'>\n\t\t\t\t<dt class='gallery-icon portrait'>\n\t\t\t\t\t<a class=\"rollover rollover-zoom dt-pswp-item\" title=\"locandina Insieme e\u0300 piu\u0300 bello\" data-dt-img-description=\"\" data-large_image_width=\"1131\" data-large_image_height=\"1600\"href='https:\/\/www.radiopiu.net\/wordpress\/wp-content\/uploads\/2024\/11\/locandina-Insieme-e-piu-bello.jpg'><img loading=\"lazy\" decoding=\"async\" width=\"150\" height=\"150\" src=\"https:\/\/www.radiopiu.net\/wordpress\/wp-content\/uploads\/2024\/11\/locandina-Insieme-e-piu-bello-150x150.jpg\" class=\"attachment-thumbnail size-thumbnail\" alt=\"\" aria-describedby=\"gallery-4-421314\" \/><\/a>\n\t\t\t\t<\/dt>\n\t\t\t\t\t<dd class='wp-caption-text gallery-caption' id='gallery-4-421314'>\n\t\t\t\t\tINSIEME A SAN GREGORIO\n\t\t\t\t\t<\/dd><\/dl><dl class='gallery-item'>\n\t\t\t\t<dt class='gallery-icon portrait'>\n\t\t\t\t\t<a class=\"rollover rollover-zoom dt-pswp-item\" title=\"Senza nome\" data-dt-img-description=\"\" data-large_image_width=\"609\" data-large_image_height=\"690\"href='https:\/\/www.radiopiu.net\/wordpress\/wp-content\/uploads\/2024\/11\/Senza-nome-105.png'><img loading=\"lazy\" decoding=\"async\" width=\"150\" height=\"150\" src=\"https:\/\/www.radiopiu.net\/wordpress\/wp-content\/uploads\/2024\/11\/Senza-nome-105-150x150.png\" class=\"attachment-thumbnail size-thumbnail\" alt=\"\" aria-describedby=\"gallery-4-421384\" \/><\/a>\n\t\t\t\t<\/dt>\n\t\t\t\t\t<dd class='wp-caption-text gallery-caption' id='gallery-4-421384'>\n\t\t\t\t\tGRUPPO SPORTIVO TAIBON\n\t\t\t\t\t<\/dd><\/dl><dl class='gallery-item'>\n\t\t\t\t<dt class='gallery-icon portrait'>\n\t\t\t\t\t<a class=\"rollover rollover-zoom dt-pswp-item\" title=\"locandina definitiva quarantennale Biblioteca Limana\" data-dt-img-description=\"\" data-large_image_width=\"1240\" data-large_image_height=\"1754\"href='https:\/\/www.radiopiu.net\/wordpress\/wp-content\/uploads\/2024\/11\/locandina-definitiva-quarantennale-Biblioteca-Limana.jpg'><img loading=\"lazy\" decoding=\"async\" width=\"150\" height=\"150\" src=\"https:\/\/www.radiopiu.net\/wordpress\/wp-content\/uploads\/2024\/11\/locandina-definitiva-quarantennale-Biblioteca-Limana-150x150.jpg\" class=\"attachment-thumbnail size-thumbnail\" alt=\"\" aria-describedby=\"gallery-4-421652\" \/><\/a>\n\t\t\t\t<\/dt>\n\t\t\t\t\t<dd class='wp-caption-text gallery-caption' id='gallery-4-421652'>\n\t\t\t\t\t40 DELLA BIBLIOTECA DI LIMANA\n\t\t\t\t\t<\/dd><\/dl><dl class='gallery-item'>\n\t\t\t\t<dt class='gallery-icon portrait'>\n\t\t\t\t\t<a class=\"rollover rollover-zoom dt-pswp-item\" title=\"FANTASMI_MARCINELLE_LOCANDINA-700\" data-dt-img-description=\"\" data-large_image_width=\"1200\" data-large_image_height=\"1696\"href='https:\/\/www.radiopiu.net\/wordpress\/wp-content\/uploads\/2024\/11\/FANTASMI_MARCINELLE_LOCANDINA-700.jpg'><img loading=\"lazy\" decoding=\"async\" width=\"150\" height=\"150\" src=\"https:\/\/www.radiopiu.net\/wordpress\/wp-content\/uploads\/2024\/11\/FANTASMI_MARCINELLE_LOCANDINA-700-150x150.jpg\" class=\"attachment-thumbnail size-thumbnail\" alt=\"\" aria-describedby=\"gallery-4-422317\" \/><\/a>\n\t\t\t\t<\/dt>\n\t\t\t\t\t<dd class='wp-caption-text gallery-caption' id='gallery-4-422317'>\n\t\t\t\t\tIL LIBRO SU MARCINELLE A SOSPIROLO\n\t\t\t\t\t<\/dd><\/dl><br style=\"clear: both\" \/><dl class='gallery-item'>\n\t\t\t\t<dt class='gallery-icon portrait'>\n\t\t\t\t\t<a class=\"rollover rollover-zoom dt-pswp-item\" title=\"541f118a-8f00-44dd-91dd-13dcb4ddbd0d\" data-dt-img-description=\"\" data-large_image_width=\"1280\" data-large_image_height=\"1600\"href='https:\/\/www.radiopiu.net\/wordpress\/wp-content\/uploads\/2024\/11\/541f118a-8f00-44dd-91dd-13dcb4ddbd0d.jpg'><img loading=\"lazy\" decoding=\"async\" width=\"150\" height=\"150\" src=\"https:\/\/www.radiopiu.net\/wordpress\/wp-content\/uploads\/2024\/11\/541f118a-8f00-44dd-91dd-13dcb4ddbd0d-150x150.jpg\" class=\"attachment-thumbnail size-thumbnail\" alt=\"\" aria-describedby=\"gallery-4-421808\" \/><\/a>\n\t\t\t\t<\/dt>\n\t\t\t\t\t<dd class='wp-caption-text gallery-caption' id='gallery-4-421808'>\n\t\t\t\t\t6 DICEMBRE AGORDO\n\t\t\t\t\t<\/dd><\/dl><dl class='gallery-item'>\n\t\t\t\t<dt class='gallery-icon landscape'>\n\t\t\t\t\t<a class=\"rollover rollover-zoom dt-pswp-item\" title=\"5222307d-2a5b-4e95-9c64-cef5056dd3b3\" data-dt-img-description=\"\" data-large_image_width=\"1280\" data-large_image_height=\"904\"href='https:\/\/www.radiopiu.net\/wordpress\/wp-content\/uploads\/2024\/11\/5222307d-2a5b-4e95-9c64-cef5056dd3b3.jpg'><img loading=\"lazy\" decoding=\"async\" width=\"150\" height=\"150\" src=\"https:\/\/www.radiopiu.net\/wordpress\/wp-content\/uploads\/2024\/11\/5222307d-2a5b-4e95-9c64-cef5056dd3b3-150x150.jpg\" class=\"attachment-thumbnail size-thumbnail\" alt=\"\" aria-describedby=\"gallery-4-421843\" \/><\/a>\n\t\t\t\t<\/dt>\n\t\t\t\t\t<dd class='wp-caption-text gallery-caption' id='gallery-4-421843'>\n\t\t\t\t\t7 dicembre VOLTAGO\n\t\t\t\t\t<\/dd><\/dl><dl class='gallery-item'>\n\t\t\t\t<dt class='gallery-icon portrait'>\n\t\t\t\t\t<a class=\"rollover rollover-zoom dt-pswp-item\" title=\"8dic24-Questione-di-futuro-666\" data-dt-img-description=\"\" data-large_image_width=\"1200\" data-large_image_height=\"1697\"href='https:\/\/www.radiopiu.net\/wordpress\/wp-content\/uploads\/2024\/11\/8dic24-Questione-di-futuro-666.jpg'><img loading=\"lazy\" decoding=\"async\" width=\"150\" height=\"150\" src=\"https:\/\/www.radiopiu.net\/wordpress\/wp-content\/uploads\/2024\/11\/8dic24-Questione-di-futuro-666-150x150.jpg\" class=\"attachment-thumbnail size-thumbnail\" alt=\"\" aria-describedby=\"gallery-4-422318\" \/><\/a>\n\t\t\t\t<\/dt>\n\t\t\t\t\t<dd class='wp-caption-text gallery-caption' id='gallery-4-422318'>\n\t\t\t\t\tLETTURA E CONCERTO A SOSPIROLO\n\t\t\t\t\t<\/dd><\/dl><dl class='gallery-item'>\n\t\t\t\t<dt class='gallery-icon portrait'>\n\t\t\t\t\t<a class=\"rollover rollover-zoom dt-pswp-item\" title=\"468360033_3309476755849288_2865659872684533364_n\" data-dt-img-description=\"\" data-large_image_width=\"526\" data-large_image_height=\"699\"href='https:\/\/www.radiopiu.net\/wordpress\/wp-content\/uploads\/2024\/11\/468360033_3309476755849288_2865659872684533364_n.jpg'><img loading=\"lazy\" decoding=\"async\" width=\"150\" height=\"150\" src=\"https:\/\/www.radiopiu.net\/wordpress\/wp-content\/uploads\/2024\/11\/468360033_3309476755849288_2865659872684533364_n-150x150.jpg\" class=\"attachment-thumbnail size-thumbnail\" alt=\"\" aria-describedby=\"gallery-4-421865\" \/><\/a>\n\t\t\t\t<\/dt>\n\t\t\t\t\t<dd class='wp-caption-text gallery-caption' id='gallery-4-421865'>\n\t\t\t\t\t7 DICEMBRE ZOLDO\n\t\t\t\t\t<\/dd><\/dl><br style=\"clear: both\" \/><dl class='gallery-item'>\n\t\t\t\t<dt class='gallery-icon portrait'>\n\t\t\t\t\t<a class=\"rollover rollover-zoom dt-pswp-item\" title=\"13dic24-Locandina-Paola Faraon\" data-dt-img-description=\"\" data-large_image_width=\"1241\" data-large_image_height=\"1755\"href='https:\/\/www.radiopiu.net\/wordpress\/wp-content\/uploads\/2024\/11\/13dic24-Locandina-Paola-Faraon.jpg'><img loading=\"lazy\" decoding=\"async\" width=\"150\" height=\"150\" src=\"https:\/\/www.radiopiu.net\/wordpress\/wp-content\/uploads\/2024\/11\/13dic24-Locandina-Paola-Faraon-150x150.jpg\" class=\"attachment-thumbnail size-thumbnail\" alt=\"\" aria-describedby=\"gallery-4-422316\" \/><\/a>\n\t\t\t\t<\/dt>\n\t\t\t\t\t<dd class='wp-caption-text gallery-caption' id='gallery-4-422316'>\n\t\t\t\t\tLA PRESENTAZIONE DEL LIBRO DI PAOLA FARAONI\n\t\t\t\t\t<\/dd><\/dl>\n\t\t\t\t<br style='clear: both' \/>\n\t\t\t<\/div>\n\n<\/div>\n<\/div>\n<\/div>\n<p>&nbsp;<\/p>\n<\/div>\n<\/div>\n<\/div>\n<p>&nbsp;<\/p>\n<p>&nbsp;<\/p>\n<div>\n<div class=\"\" dir=\"auto\">\n<div id=\":r9h:\" class=\"x1iorvi4 x1pi30zi x1l90r2v x1swvt13\" data-ad-comet-preview=\"message\" data-ad-preview=\"message\"><\/div>\n<\/div>\n<\/div>\n<p>&nbsp;<\/p>\n<hr \/>\n<p>&nbsp;<\/p>\n<p class=\"mceTemp\"><a class=\"dt-pswp-item\" href=\"https:\/\/www.radiopiu.net\/wordpress\/wp-content\/uploads\/2018\/09\/WhatsApp-Image-2018-09-20-at-16.04.06.jpeg\" data-dt-img-description=\"\" data-large_image_width=\"800\" data-large_image_height=\"100\"><img loading=\"lazy\" decoding=\"async\" class=\"wp-image-61378 size-full aligncenter\" src=\"https:\/\/www.radiopiu.net\/wordpress\/wp-content\/uploads\/2018\/09\/WhatsApp-Image-2018-09-20-at-16.04.06.jpeg\" alt=\"\" width=\"800\" height=\"100\" srcset=\"https:\/\/www.radiopiu.net\/wordpress\/wp-content\/uploads\/2018\/09\/WhatsApp-Image-2018-09-20-at-16.04.06.jpeg 800w, https:\/\/www.radiopiu.net\/wordpress\/wp-content\/uploads\/2018\/09\/WhatsApp-Image-2018-09-20-at-16.04.06-300x38.jpeg 300w, https:\/\/www.radiopiu.net\/wordpress\/wp-content\/uploads\/2018\/09\/WhatsApp-Image-2018-09-20-at-16.04.06-768x96.jpeg 768w\" sizes=\"auto, (max-width: 800px) 100vw, 800px\" \/><\/a><\/p>\n<p><center><\/center><center><\/center><center><b>\u00a0<\/b><\/center><center><b>OGGI<\/b><\/center>Cielo sereno o al pi\u00f9 poco nuvoloso per qualche velatura durante le ore centrali con aria limpida ed ottima visibilit\u00e0. Verso sera arrivo di nubi alte via via pi\u00f9 estese fino a cielo velato. L&#8217;insidia nebbie nei fondovalle nelle ore pi\u00f9 fredde rimarr\u00e0 limitata alla Valbelluna.<br \/>\n<b>Precipitazioni: <\/b>Assenti<br \/>\n<b>Temperature: <\/b>Temperature senza notevoli variazioni rispetto a domenica o in lieve aumento, con ulteriore lieve accentuazione dell&#8217;inversione termica nei fondovalle.<\/p>\n<hr \/>\n<p><center><b>DOMANI<\/b><\/center>Cielo per lo pi\u00f9 nuvoloso a molto nuvoloso con qualche irregolare schiarita.<br \/>\n<b>Precipitazioni: <\/b>Al mattino poco probabile qualche isolata e debolissima precipitazione sparsa con qualche fiocco sulle cime (0-20 %), nel pomeriggio\/sera probabilit\u00e0 in lieve aumento specie su Dolomiti per deboli precipitazioni sparse, meno probabili sulle Prealpi, nevose oltre i 1400-1600 m iniziali, poi in abbassamento in serata fino a 1100-1300 m.<br \/>\nTemperature in calo, salvo aumento delle minime nelle valli e scomparsa dell&#8217;inversione.In quota minime raggiunte in serata.<\/p>\n<hr \/>\n<p><center><b>MERCOLEDI<\/b><\/center>Irregolarmente nuvoloso con nuvolosit\u00e0 anche estesa tra notte e fino al mattino, tendenza a schiarite via via pi\u00f9 ampie dal pomeriggio. Molto bassa la probabilit\u00e0 di qualche fiocco oltre i 1000-1300 m tra notte e mattino. Temperature in generale calo.<\/p>\n<hr \/>\n<p><center><b>GIOVEDI<\/b><\/center>Cielo generalmente poco nuvoloso. Temperature minime in calo specie nelle valli e massime stazionarie o in lieve calo in quota.<\/p>\n<p>&nbsp;<\/p>\n<hr \/>\n<p>&nbsp;<\/p>\n<p>&nbsp;<\/p>\n<p class=\"mceTemp\"><a class=\"dt-pswp-item\" href=\"https:\/\/www.radiopiu.net\/wordpress\/wp-content\/uploads\/2018\/09\/sport.jpg\" data-dt-img-description=\"\" data-large_image_width=\"800\" data-large_image_height=\"100\"><img loading=\"lazy\" decoding=\"async\" class=\"aligncenter wp-image-60761 size-full\" src=\"https:\/\/www.radiopiu.net\/wordpress\/wp-content\/uploads\/2018\/09\/sport.jpg\" alt=\"\" width=\"800\" height=\"100\" srcset=\"https:\/\/www.radiopiu.net\/wordpress\/wp-content\/uploads\/2018\/09\/sport.jpg 800w, https:\/\/www.radiopiu.net\/wordpress\/wp-content\/uploads\/2018\/09\/sport-300x38.jpg 300w, https:\/\/www.radiopiu.net\/wordpress\/wp-content\/uploads\/2018\/09\/sport-768x96.jpg 768w\" sizes=\"auto, (max-width: 800px) 100vw, 800px\" \/><\/a><span style=\"color: #0000ff;\"><strong>\u00a0 \u00a0 \u00a0 \u00a0 \u00a0 \u00a0 \u00a0\u00a0<\/strong><\/span><\/p>\n<p><span style=\"color: #0000ff;\"><strong>HOCKEY\u00a0<\/strong><\/span><\/p>\n<blockquote>\n<h3>L&#8217;ALLEGHE VINCE CON IL VALPELLICE, STESSA COSA IL FELTRE A COMO<\/h3>\n<\/blockquote>\n<p><strong>DI MARCO GAZ<\/strong><\/p>\n<p><span style=\"color: #ff0000;\"><strong>IHL \u2013 18\u00b0 GIORNATA<\/strong><\/span><\/p>\n<p><strong>ALLEGHE \u2013 VALPELLICE 3-0<\/strong><\/p>\n<p>PARZIALI: 3-0, 0-0, 0-0<\/p>\n<p>GOL: pt. 5\u201925\u201d e 17\u201943\u201d De Val, 18\u201942\u201d Iori.<\/p>\n<p>Sono bastati tre gol nei primi 20 minuti di gara per l\u2019Alleghe che torna a vincere e lo fa contro un Valpellice dimezzato dalle assenze ma che ha dato tutto per mettere in difficolt\u00e0 le civette. Una vittoria meritata per gli agordini che sono stati in partita per tutti i 60\u2019 di gara. De Val torna al gol e lo fa con una doppietta, l\u2019altra marcatura alleghese a firma di Iori. Ora qualche giorno di riposo per poi tornare in campo gioved\u00ec sera quando l\u2019Alleghe valicher\u00e0 il Passo Fedaia per andare ad Alba di Canazei dove affronter\u00e0 il Fassa. Primi minuti di gara con poche emozioni. Le due formazioni si studiano a lungo. L\u2019Alleghe prova a colpire alla prima penalit\u00e0 a favore. Dopo una serie di tiri andati a vuoto, le civette trovano il gol del vantaggio con Loris De Val. Le squadre si innervosiscono e fioccano le penalit\u00e0. Il Valpellice prova ad impensierire i biancorossi con Majul e De Biasio colpendo un legno. Nel finale di tempo l\u2019Alleghe trova due reti in rapida successione. Prima De Val coglie un assist d\u2019oro di Alessio per siglare la doppietta. Subito dopo Iori fredda con un rasoterra il portiere piemontese. Nel secondo tempo i bulldogs sembrano essere pi\u00f9 propositivi in fase offensiva ma le civette si difendono bene, anche in occasione di powerplay a sfavore. Biancorossi che provano a colpire in contropiede ma senza calare il poker nonostante una superiorit\u00e0 numerica. Nel terzo tempo gli agordini mettono pressione agli avversari anche grazie ad una superiorit\u00e0 numerica. Moberg ci prova ma il puck non centra i pali. Padroni di casa che insistono ma la rete che chiuderebbe definitivamente la sfida non arriva nonostante il Valpellice fatichi a contenere gli agordini. Nel finale la valpe va alla ricerca del gol della bandiera ma gli alleghesi non lasciano spazi.<\/p>\n<p><strong>LE FOTO DI MATTEO FLORIDIA<\/strong><\/p>\n\n\t\t\t<style type='text\/css'>\n\t\t\t\t#gallery-5 {\n\t\t\t\t\tmargin: auto;\n\t\t\t\t}\n\t\t\t\t#gallery-5 .gallery-item {\n\t\t\t\t\tfloat: left;\n\t\t\t\t\tmargin-top: 10px;\n\t\t\t\t\ttext-align: center;\n\t\t\t\t\twidth: 20%;\n\t\t\t\t}\n\t\t\t\t#gallery-5 img {\n\t\t\t\t\tborder: 2px solid #cfcfcf;\n\t\t\t\t}\n\t\t\t\t#gallery-5 .gallery-caption {\n\t\t\t\t\tmargin-left: 0;\n\t\t\t\t}\n\t\t\t\t\/* see gallery_shortcode() in wp-includes\/media.php *\/\n\t\t\t<\/style>\n\t\t<div id='gallery-5' class='dt-gallery-container gallery galleryid-422175 gallery-columns-5 gallery-size-medium'><dl class='gallery-item'>\n\t\t\t\t<dt class='gallery-icon landscape'>\n\t\t\t\t\t<a class=\"rollover rollover-zoom dt-pswp-item\" title=\"0e147fd4-bf9d-4c63-bd26-5ff46a2157a7\" data-dt-img-description=\"\" data-large_image_width=\"1600\" data-large_image_height=\"1130\"href='https:\/\/www.radiopiu.net\/wordpress\/wp-content\/uploads\/2024\/11\/0e147fd4-bf9d-4c63-bd26-5ff46a2157a7.jpg'><img loading=\"lazy\" decoding=\"async\" width=\"300\" height=\"212\" src=\"https:\/\/www.radiopiu.net\/wordpress\/wp-content\/uploads\/2024\/11\/0e147fd4-bf9d-4c63-bd26-5ff46a2157a7-300x212.jpg\" class=\"attachment-medium size-medium\" alt=\"\" srcset=\"https:\/\/www.radiopiu.net\/wordpress\/wp-content\/uploads\/2024\/11\/0e147fd4-bf9d-4c63-bd26-5ff46a2157a7-300x212.jpg 300w, https:\/\/www.radiopiu.net\/wordpress\/wp-content\/uploads\/2024\/11\/0e147fd4-bf9d-4c63-bd26-5ff46a2157a7-1024x723.jpg 1024w, https:\/\/www.radiopiu.net\/wordpress\/wp-content\/uploads\/2024\/11\/0e147fd4-bf9d-4c63-bd26-5ff46a2157a7-768x542.jpg 768w, https:\/\/www.radiopiu.net\/wordpress\/wp-content\/uploads\/2024\/11\/0e147fd4-bf9d-4c63-bd26-5ff46a2157a7-1536x1085.jpg 1536w, https:\/\/www.radiopiu.net\/wordpress\/wp-content\/uploads\/2024\/11\/0e147fd4-bf9d-4c63-bd26-5ff46a2157a7.jpg 1600w\" sizes=\"auto, (max-width: 300px) 100vw, 300px\" \/><\/a>\n\t\t\t\t<\/dt><\/dl><dl class='gallery-item'>\n\t\t\t\t<dt class='gallery-icon landscape'>\n\t\t\t\t\t<a class=\"rollover rollover-zoom dt-pswp-item\" title=\"8fb0cc02-60e4-4a74-91b2-2708e655d40e\" data-dt-img-description=\"\" data-large_image_width=\"1600\" data-large_image_height=\"1101\"href='https:\/\/www.radiopiu.net\/wordpress\/wp-content\/uploads\/2024\/11\/8fb0cc02-60e4-4a74-91b2-2708e655d40e.jpg'><img loading=\"lazy\" decoding=\"async\" width=\"300\" height=\"206\" src=\"https:\/\/www.radiopiu.net\/wordpress\/wp-content\/uploads\/2024\/11\/8fb0cc02-60e4-4a74-91b2-2708e655d40e-300x206.jpg\" class=\"attachment-medium size-medium\" alt=\"\" srcset=\"https:\/\/www.radiopiu.net\/wordpress\/wp-content\/uploads\/2024\/11\/8fb0cc02-60e4-4a74-91b2-2708e655d40e-300x206.jpg 300w, https:\/\/www.radiopiu.net\/wordpress\/wp-content\/uploads\/2024\/11\/8fb0cc02-60e4-4a74-91b2-2708e655d40e-1024x705.jpg 1024w, https:\/\/www.radiopiu.net\/wordpress\/wp-content\/uploads\/2024\/11\/8fb0cc02-60e4-4a74-91b2-2708e655d40e-768x528.jpg 768w, https:\/\/www.radiopiu.net\/wordpress\/wp-content\/uploads\/2024\/11\/8fb0cc02-60e4-4a74-91b2-2708e655d40e-1536x1057.jpg 1536w, https:\/\/www.radiopiu.net\/wordpress\/wp-content\/uploads\/2024\/11\/8fb0cc02-60e4-4a74-91b2-2708e655d40e.jpg 1600w\" sizes=\"auto, (max-width: 300px) 100vw, 300px\" \/><\/a>\n\t\t\t\t<\/dt><\/dl><dl class='gallery-item'>\n\t\t\t\t<dt class='gallery-icon landscape'>\n\t\t\t\t\t<a class=\"rollover rollover-zoom dt-pswp-item\" title=\"46082042-5c62-40f3-920d-bc4623e0a7ca\" data-dt-img-description=\"\" data-large_image_width=\"1600\" data-large_image_height=\"1083\"href='https:\/\/www.radiopiu.net\/wordpress\/wp-content\/uploads\/2024\/11\/46082042-5c62-40f3-920d-bc4623e0a7ca.jpg'><img loading=\"lazy\" decoding=\"async\" width=\"300\" height=\"203\" src=\"https:\/\/www.radiopiu.net\/wordpress\/wp-content\/uploads\/2024\/11\/46082042-5c62-40f3-920d-bc4623e0a7ca-300x203.jpg\" class=\"attachment-medium size-medium\" alt=\"\" srcset=\"https:\/\/www.radiopiu.net\/wordpress\/wp-content\/uploads\/2024\/11\/46082042-5c62-40f3-920d-bc4623e0a7ca-300x203.jpg 300w, https:\/\/www.radiopiu.net\/wordpress\/wp-content\/uploads\/2024\/11\/46082042-5c62-40f3-920d-bc4623e0a7ca-1024x693.jpg 1024w, https:\/\/www.radiopiu.net\/wordpress\/wp-content\/uploads\/2024\/11\/46082042-5c62-40f3-920d-bc4623e0a7ca-768x520.jpg 768w, https:\/\/www.radiopiu.net\/wordpress\/wp-content\/uploads\/2024\/11\/46082042-5c62-40f3-920d-bc4623e0a7ca-1536x1040.jpg 1536w, https:\/\/www.radiopiu.net\/wordpress\/wp-content\/uploads\/2024\/11\/46082042-5c62-40f3-920d-bc4623e0a7ca.jpg 1600w\" sizes=\"auto, (max-width: 300px) 100vw, 300px\" \/><\/a>\n\t\t\t\t<\/dt><\/dl><dl class='gallery-item'>\n\t\t\t\t<dt class='gallery-icon landscape'>\n\t\t\t\t\t<a class=\"rollover rollover-zoom dt-pswp-item\" title=\"5da281d8-bb3c-41ab-9afa-fb48790c6e86\" data-dt-img-description=\"\" data-large_image_width=\"1600\" data-large_image_height=\"1088\"href='https:\/\/www.radiopiu.net\/wordpress\/wp-content\/uploads\/2024\/11\/5da281d8-bb3c-41ab-9afa-fb48790c6e86.jpg'><img loading=\"lazy\" decoding=\"async\" width=\"300\" height=\"204\" src=\"https:\/\/www.radiopiu.net\/wordpress\/wp-content\/uploads\/2024\/11\/5da281d8-bb3c-41ab-9afa-fb48790c6e86-300x204.jpg\" class=\"attachment-medium size-medium\" alt=\"\" srcset=\"https:\/\/www.radiopiu.net\/wordpress\/wp-content\/uploads\/2024\/11\/5da281d8-bb3c-41ab-9afa-fb48790c6e86-300x204.jpg 300w, https:\/\/www.radiopiu.net\/wordpress\/wp-content\/uploads\/2024\/11\/5da281d8-bb3c-41ab-9afa-fb48790c6e86-1024x696.jpg 1024w, https:\/\/www.radiopiu.net\/wordpress\/wp-content\/uploads\/2024\/11\/5da281d8-bb3c-41ab-9afa-fb48790c6e86-768x522.jpg 768w, https:\/\/www.radiopiu.net\/wordpress\/wp-content\/uploads\/2024\/11\/5da281d8-bb3c-41ab-9afa-fb48790c6e86-1536x1044.jpg 1536w, https:\/\/www.radiopiu.net\/wordpress\/wp-content\/uploads\/2024\/11\/5da281d8-bb3c-41ab-9afa-fb48790c6e86.jpg 1600w\" sizes=\"auto, (max-width: 300px) 100vw, 300px\" \/><\/a>\n\t\t\t\t<\/dt><\/dl><dl class='gallery-item'>\n\t\t\t\t<dt class='gallery-icon landscape'>\n\t\t\t\t\t<a class=\"rollover rollover-zoom dt-pswp-item\" title=\"4ccdbe1e-9419-41b4-91bd-da1e97a79447\" data-dt-img-description=\"\" data-large_image_width=\"1600\" data-large_image_height=\"1064\"href='https:\/\/www.radiopiu.net\/wordpress\/wp-content\/uploads\/2024\/11\/4ccdbe1e-9419-41b4-91bd-da1e97a79447.jpg'><img loading=\"lazy\" decoding=\"async\" width=\"300\" height=\"200\" src=\"https:\/\/www.radiopiu.net\/wordpress\/wp-content\/uploads\/2024\/11\/4ccdbe1e-9419-41b4-91bd-da1e97a79447-300x200.jpg\" class=\"attachment-medium size-medium\" alt=\"\" srcset=\"https:\/\/www.radiopiu.net\/wordpress\/wp-content\/uploads\/2024\/11\/4ccdbe1e-9419-41b4-91bd-da1e97a79447-300x200.jpg 300w, https:\/\/www.radiopiu.net\/wordpress\/wp-content\/uploads\/2024\/11\/4ccdbe1e-9419-41b4-91bd-da1e97a79447-1024x681.jpg 1024w, https:\/\/www.radiopiu.net\/wordpress\/wp-content\/uploads\/2024\/11\/4ccdbe1e-9419-41b4-91bd-da1e97a79447-768x511.jpg 768w, https:\/\/www.radiopiu.net\/wordpress\/wp-content\/uploads\/2024\/11\/4ccdbe1e-9419-41b4-91bd-da1e97a79447-1536x1021.jpg 1536w, https:\/\/www.radiopiu.net\/wordpress\/wp-content\/uploads\/2024\/11\/4ccdbe1e-9419-41b4-91bd-da1e97a79447.jpg 1600w\" sizes=\"auto, (max-width: 300px) 100vw, 300px\" \/><\/a>\n\t\t\t\t<\/dt><\/dl><br style=\"clear: both\" \/>\n\t\t\t<\/div>\n\n<p>&nbsp;<\/p>\n<p><strong>COMO \u2013 FELTRE 1-4<\/strong><\/p>\n<p>PARZIALI: 0-0, 0-2, 1-2<\/p>\n<p>GOL: st. 0\u201941\u201d Korkiakoski, 9\u201937\u201d Kadlec. tt. 3\u201934\u201d Subotic, 5\u201949\u201d Fantinel, 19\u201959\u201d Kadlec<\/p>\n<p>Il Feltre torna dalla lunga trasferta in terra comasca con tre punti in tasca. Bella prestazione dei picchi che, dopo un primo tempo sterile di gol, riescono a mettere sul binario giusto una sfida iniziata alla pari. Feltrini che confermano la terza posizione in classifica a braccetto con il Varese. Prima frazione di gara a reti inviolate ma carica di emozioni con le due compagini che lottano alla ricerca del gol. Prima marcatura dell\u2019incontro che arriva ad inizio secondo tempo quando il Feltre passa in vantaggio con Korkiakoski. Al giro di boa della seconda frazione arriva il raddoppio dei picchi con Kadlec. Nel terzo drittel il Como accorcia le distanze ma Fantinel porta a tre le reti per i feltrini. A chiudere la sfida ci pensa Kadlec ad un secondo dalla sirena finale.<\/p>\n<p>&nbsp;<\/p>\n<p><span style=\"color: #0000ff;\"><strong>CALCIO<\/strong><\/span><\/p>\n<blockquote>\n<h3>L&#8217;AGORDINA INCAMERA 3 PUNTI CON LA VALZOLDANA, ALTI E BASSI NEL SETTORE GIOVANILE<\/h3>\n<\/blockquote>\n<p><strong><a class=\"dt-pswp-item\" href=\"https:\/\/www.radiopiu.net\/wordpress\/wp-content\/uploads\/2024\/12\/CALCIO-2025.jpg\" data-dt-img-description=\"\" data-large_image_width=\"1280\" data-large_image_height=\"853\"><img loading=\"lazy\" decoding=\"async\" class=\" wp-image-422411 alignleft\" src=\"https:\/\/www.radiopiu.net\/wordpress\/wp-content\/uploads\/2024\/12\/CALCIO-2025-300x200.jpg\" alt=\"\" width=\"209\" height=\"139\" srcset=\"https:\/\/www.radiopiu.net\/wordpress\/wp-content\/uploads\/2024\/12\/CALCIO-2025-300x200.jpg 300w, https:\/\/www.radiopiu.net\/wordpress\/wp-content\/uploads\/2024\/12\/CALCIO-2025-1024x682.jpg 1024w, https:\/\/www.radiopiu.net\/wordpress\/wp-content\/uploads\/2024\/12\/CALCIO-2025-768x512.jpg 768w, https:\/\/www.radiopiu.net\/wordpress\/wp-content\/uploads\/2024\/12\/CALCIO-2025.jpg 1280w\" sizes=\"auto, (max-width: 209px) 100vw, 209px\" \/><\/a>DI MARCO GAZ<\/strong><\/p>\n<p><span style=\"color: #ff0000;\"><strong>TERZA CATEGORIA<\/strong><\/span><\/p>\n<p><strong>VALZOLDANA \u2013 AGORDINA 2-5<\/strong><\/p>\n<p><strong>GOL AGORDINA: 2 De Col\u00f2, 2 Chiea, Dal Don<\/strong><\/p>\n<p>Si chiude con una vittoria la trasferta in terra zoldana per l\u2019Agordina di Alan Davare. Gli agordini vincono e convincono contro la Valzoldana dopo un\u2019ottima prestazione da parte di tutta la squadra. Agordina subito in gol con De Col\u00f2 e raddoppio che arriva poco dopo grazie a Chiea. Padroni di casa che accorciano le distanze ma prima dell\u2019intervallo Chiea mette la firma alla doppietta personale. Tante occasioni per i ragazzi di Agordo nella ripresa che chiudono definitivamente la sfida con De Col\u00f2 e Dal Don. Valzoldana che trova anche la seconda marcatura. Una vittoria voluta da tutta la squadra che viene dedicata a Manuel Selle e famiglia che non stanno passando un buon momento e tutta la societ\u00e0 si stringe a loro. Ora l\u2019Agordina recupera qualche posizione in classifica e domenica prossima ci sar\u00e0 l\u2019ultima giornata del girone di andata con gli uomini di Davare impegnati in casa con la Fulgor Farra<\/p>\n<p><strong>LA CLASSIFICA:<\/strong> Fortogna 28, Auronzo e Alpes Cesio 25, Fulgor Farra 23, Tambre 20, Piave 19, Dynamo Vellai 16, Agordina, Lamonese e Valzoldana 15, Cortina 12, Bellunese 5, Cadore 3, Valboite 1<\/p>\n<p>&nbsp;<\/p>\n<p><span style=\"color: #008000;\"><strong>GIOVANILI AGORDINA<\/strong><\/span><\/p>\n<p><span style=\"color: #ff0000;\"><strong>JUNIORES<\/strong><\/span><\/p>\n<p><strong>UNION FELETTO \u2013 AGORDINA 4-3<\/strong><\/p>\n<p>L\u2019Agordina Juniores torna dalla trasferta in terra trevigiana con una sconfitta. Primo tempo complicato per i ragazzi di Agordo, che pagano due disattenzioni difensive e chiudono sotto di due reti. La ripresa inizia ancora peggio, con il gol del 3-0 subito al primo minuto. Nonostante tutto, la squadra non si arrende: Valentino Marcon accorcia le distanze con una doppietta in tre minuti, riaccendendo le speranze. Dieci minuti dopo, per\u00f2, una punizione deviata dalla barriera regala ai padroni di casa il 4-2. Nel recupero, Benvegn\u00fa segna il definitivo 4-3 su calcio piazzato. Troppe leggerezze difensive e poca precisione in attacco condannano l\u2019Agordina a una sconfitta che lascia l\u2019amaro in bocca. Domenica ultima partita del girone di andata prima della lunga pausa invernale<\/p>\n<p><span style=\"color: #ff0000;\"><strong>ALLIEVI<\/strong><\/span><\/p>\n<p><strong>AGORDINA \u2013 CADORE 4-4<\/strong><\/p>\n<p>Partita intensa e ricca di colpi di scena all&#8217;Ivano Dorigo, conclusa con un 4-4. L&#8217;Agordina va sotto dopo 8 minuti su punizione, ma Soccol risponde al 32&#8242; con un gol spettacolare e raddoppia al 39&#8242;. Il Cadore pareggia al 63&#8242; con un autogol fortunoso, ma al 78&#8242; l&#8217;Agordina torna avanti grazie a Mezzacasa su assist di Soccol. All&#8217;83&#8217;, una svista arbitrale permette al Cadore di pareggiare di nuovo, e all&#8217;89&#8217; gli ospiti passano in vantaggio con un tiro al volo. Nei secondi finali, Soccol firma il pareggio con un pallonetto decisivo. Nonostante il risultato amaro, la vetta resta a portata di mano. Ora una lunga pausa invernale per gli allievi che torneranno in campo alla fine di febbraio.<\/p>\n<p><span style=\"color: #ff0000;\"><strong>GIOVANISSIMI<\/strong><\/span><\/p>\n<p><span style=\"color: #ff0000;\"><strong>GIRONE A<\/strong><\/span><\/p>\n<p><strong>JUVENTINA MUGNAI \u2013 AGORDINA 1-2<\/strong><\/p>\n<p>L&#8217;Agordina ha conquistato tre punti importanti nella sfida contro la Juventina, vincendo 2-1 a Lamon. La partita \u00e8 stata complessa, con l&#8217;Agordina spesso dominante ma poco precisa sotto porta. Il primo gol \u00e8 arrivato grazie a Dherek Dell&#8217;Osbel, su assist di Giacomo Rudatis. Poco dopo l&#8217;inizio della ripresa, i ruoli si sono invertiti: Dell&#8217;Osbel ha lanciato Rudatis, che ha siglato il raddoppio con un preciso diagonale. Nonostante il doppio svantaggio, la Juventina ha reagito, creando pericoli neutralizzati dal portiere Alan Manfroi, decisivo in diverse occasioni. Il gol della Juventina \u00e8 giunto nel finale, ma non \u00e8 bastato per ribaltare il risultato. L&#8217;Agordina chiuder\u00e0 la prima fase del girone sabato prossimo, con il recupero contro la Plavis.<\/p>\n<p><span style=\"color: #ff0000;\"><strong>GIRONE B<\/strong><\/span><\/p>\n<p><strong>AGORDINA \u2013 CADORE 3-5<\/strong><\/p>\n<p>Il Cadore fa la partita contro un&#8217;Agordina che ha schierato atteggiamento e motivazioni migliori, ma che ha pagato a caro prezzo alcuni errori individuali che alla fine hanno fatto la differenza.\u00a0 Sono due disattenzioni difensive, infatti, a causare l&#8217;iniziale doppio vantaggio ospite, mitigato sul finale di primo tempo dal bel gol dal limite di Federico De Bernardin. Nella ripresa il Cadore entra meglio e dopo 7 minuti confezione un terribile uno-due che ristabilisce le distanze. Anche il 5-1 degli ospiti nasce da un disimpegno sbagliato. Nella parte finale della gara Chicco De Bernardin si carica la squadra sulle spalle e con una doppietta, rende meno pesante il passivo.<\/p>\n<p>&nbsp;<\/p>\n<p><span style=\"color: #0000ff;\"><strong>SNOWBOARD<\/strong><\/span><\/p>\n<blockquote>\n<h3>LUCIA DALMASSO NON SI QUALIFICA NELLO SLALOM PARALLELO<\/h3>\n<\/blockquote>\n<p><strong><a class=\"dt-pswp-item\" href=\"https:\/\/www.radiopiu.net\/wordpress\/wp-content\/uploads\/2024\/12\/lucia-dalmasso.jpeg\" data-dt-img-description=\"\" data-large_image_width=\"1488\" data-large_image_height=\"988\"><img loading=\"lazy\" decoding=\"async\" class=\" wp-image-422343 alignleft\" src=\"https:\/\/www.radiopiu.net\/wordpress\/wp-content\/uploads\/2024\/12\/lucia-dalmasso-300x199.jpeg\" alt=\"\" width=\"172\" height=\"114\" srcset=\"https:\/\/www.radiopiu.net\/wordpress\/wp-content\/uploads\/2024\/12\/lucia-dalmasso-300x199.jpeg 300w, https:\/\/www.radiopiu.net\/wordpress\/wp-content\/uploads\/2024\/12\/lucia-dalmasso-1024x680.jpeg 1024w, https:\/\/www.radiopiu.net\/wordpress\/wp-content\/uploads\/2024\/12\/lucia-dalmasso-768x510.jpeg 768w, https:\/\/www.radiopiu.net\/wordpress\/wp-content\/uploads\/2024\/12\/lucia-dalmasso.jpeg 1488w\" sizes=\"auto, (max-width: 172px) 100vw, 172px\" \/><\/a>REDAZIONE <\/strong>Termina con una mancata qualificazione alla finale di slalom parallelo il primo fine settimana agonistico di Lucia Dalmasso a Mylin, in Cina. Dopo il nono posto ottenuto nel gigante di sabato, la falcadina non \u00e8 riuscita a raggiungere la fase finale della gara di domenica. Si chiude cos\u00ec il primo appuntamento con la Coppa del Mondo di snowboard per l&#8217;atleta delle Fiamme Gialle, che nel prossimo fine settimana sar\u00e0 nuovamente impegnata sulle nevi cinesi di Yanqing per il secondo weekend di gare. Anche in questa occasione, Dalmasso disputer\u00e0 due specialit\u00e0: il gigante parallelo e lo slalom parallelo.<\/p>\n<p>&nbsp;<\/p>\n<p><span style=\"color: #0000ff;\"><strong>PALLAVOLO<\/strong><\/span><\/p>\n<blockquote>\n<h3>SECONDA VITTORIA CONSECUTIVA PER LA SB VOLLEY<\/h3>\n<\/blockquote>\n<p><b><a class=\"dt-pswp-item\" href=\"https:\/\/www.radiopiu.net\/wordpress\/wp-content\/uploads\/2024\/12\/SB_Volley_in_festa.jpg\" data-dt-img-description=\"\" data-large_image_width=\"1440\" data-large_image_height=\"987\"><img loading=\"lazy\" decoding=\"async\" class=\" wp-image-422351 alignleft\" src=\"https:\/\/www.radiopiu.net\/wordpress\/wp-content\/uploads\/2024\/12\/SB_Volley_in_festa-300x206.jpg\" alt=\"\" width=\"197\" height=\"135\" srcset=\"https:\/\/www.radiopiu.net\/wordpress\/wp-content\/uploads\/2024\/12\/SB_Volley_in_festa-300x206.jpg 300w, https:\/\/www.radiopiu.net\/wordpress\/wp-content\/uploads\/2024\/12\/SB_Volley_in_festa-1024x702.jpg 1024w, https:\/\/www.radiopiu.net\/wordpress\/wp-content\/uploads\/2024\/12\/SB_Volley_in_festa-768x526.jpg 768w, https:\/\/www.radiopiu.net\/wordpress\/wp-content\/uploads\/2024\/12\/SB_Volley_in_festa.jpg 1440w\" sizes=\"auto, (max-width: 197px) 100vw, 197px\" \/><\/a>SB VOLLEY-IMARC ROSSANO 3-0 <\/b><strong>(25-23, 25-23, 25-22)<\/strong><\/p>\n<p>La SB Volley conquista la seconda vittoria consecutiva battendo 3-0 l\u2019Imarc Rossano, ex vicecapolista del girone A di Serie C. Determinanti la solidit\u00e0 tattica e la grinta della squadra, capace di ribaltare anche situazioni difficili, come nel secondo set. Spiccano le prestazioni della capitana De Barba, decisiva nei momenti clou, e della top scorer Beatrice Barp con 17 punti. Il rientro di Simona Degortes ha dato stabilit\u00e0 in difesa. Dopo il sorpasso in classifica proprio sull\u2019Imarc, la SB Volley sale al terzo posto. La vittoria \u00e8 stata favorita anche dall\u2019apporto di Andrea Salvadego, momentaneamente al fianco di Giovanni Bortoluzzi in panchina. Nonostante l\u2019ottima qualit\u00e0 difensiva e offensiva delle avversarie, la SB ha risposto colpo su colpo, chiudendo i set grazie a precisione e determinazione. Simona Degortes ha commentato: \u00abLa nostra grinta ha fatto la differenza. \u00c8 un bel segnale per il nostro campionato\u00bb.<\/p>\n<p>&nbsp;<\/p>\n<blockquote><p><strong><a class=\"dt-pswp-item\" href=\"https:\/\/www.radiopiu.net\/wordpress\/wp-content\/uploads\/2024\/12\/Loglisci_e_Mozzato_a_muro.jpg\" data-dt-img-description=\"\" data-large_image_width=\"748\" data-large_image_height=\"462\"><img loading=\"lazy\" decoding=\"async\" class=\" wp-image-422456 alignleft\" src=\"https:\/\/www.radiopiu.net\/wordpress\/wp-content\/uploads\/2024\/12\/Loglisci_e_Mozzato_a_muro-300x185.jpg\" alt=\"\" width=\"258\" height=\"159\" srcset=\"https:\/\/www.radiopiu.net\/wordpress\/wp-content\/uploads\/2024\/12\/Loglisci_e_Mozzato_a_muro-300x185.jpg 300w, https:\/\/www.radiopiu.net\/wordpress\/wp-content\/uploads\/2024\/12\/Loglisci_e_Mozzato_a_muro.jpg 748w\" sizes=\"auto, (max-width: 258px) 100vw, 258px\" \/><\/a>Belluno Volley supera San Giustino: aggancio al terzo posto<\/strong><\/p><\/blockquote>\n<p><strong>BELLUNO<\/strong> Seconda vittoria consecutiva per il Belluno Volley, che travolge l\u2019ErmGroup Altotevere San Giustino 3-0 (25-20, 25-20, 25-11). Davanti a 650 spettatori al Pala Lambioi, i padroni di casa dominano grazie a un muro efficace (14 complessivi) e un servizio continuo. In evidenza Ferrato (9 punti) e Mian (10 punti), oltre al doppio esordio di Bisi e Devranis. Con questo successo, i biancobl\u00f9 agganciano il terzo posto in classifica, confermando la crescita sotto la guida di coach Marzola.<em> \u00abOttima prestazione, ma non possiamo fermarci qui\u00bb, ha commentato Marzola.<\/em><\/p>\n<p>&nbsp;<\/p>\n<p>&nbsp;<\/p>\n<p><span style=\"color: #0000ff;\"><strong>ATLETICA<\/strong><\/span><\/p>\n<blockquote>\n<h3>CORSA DI BABBO NATALE: UN SUCCESSO CON OLTRE 900 PARTECIPANTI<\/h3>\n<\/blockquote>\n<p><strong><a class=\"dt-pswp-item\" href=\"https:\/\/www.radiopiu.net\/wordpress\/wp-content\/uploads\/2024\/12\/00bde8dd-954a-4483-924b-cb2e0a1aabba.jpg\" data-dt-img-description=\"\" data-large_image_width=\"1067\" data-large_image_height=\"867\"><img loading=\"lazy\" decoding=\"async\" class=\" wp-image-422401 alignleft\" src=\"https:\/\/www.radiopiu.net\/wordpress\/wp-content\/uploads\/2024\/12\/00bde8dd-954a-4483-924b-cb2e0a1aabba-300x244.jpg\" alt=\"\" width=\"146\" height=\"119\" srcset=\"https:\/\/www.radiopiu.net\/wordpress\/wp-content\/uploads\/2024\/12\/00bde8dd-954a-4483-924b-cb2e0a1aabba-300x244.jpg 300w, https:\/\/www.radiopiu.net\/wordpress\/wp-content\/uploads\/2024\/12\/00bde8dd-954a-4483-924b-cb2e0a1aabba-1024x832.jpg 1024w, https:\/\/www.radiopiu.net\/wordpress\/wp-content\/uploads\/2024\/12\/00bde8dd-954a-4483-924b-cb2e0a1aabba-768x624.jpg 768w, https:\/\/www.radiopiu.net\/wordpress\/wp-content\/uploads\/2024\/12\/00bde8dd-954a-4483-924b-cb2e0a1aabba.jpg 1067w\" sizes=\"auto, (max-width: 146px) 100vw, 146px\" \/><\/a>PEDAVENA<\/strong> Oltre 900 persone hanno colorato di rosso Feltre e Pedavena nella 15\u00aa edizione della Corsa di Babbo Natale. Nella gara competitiva di 11 km, Daniele Roccon e la giovane Leila Colussi hanno conquistato il podio maschile e femminile. Gli organizzatori si sono detti soddisfatti del successo dell\u2019evento, ormai consolidato come appuntamento natalizio per famiglie e sportivi. Perfette condizioni meteorologiche e un\u2019atmosfera festosa hanno reso speciale la manifestazione, che ha visto partecipanti da dentro e fuori provincia. Premi assegnati anche ai gruppi pi\u00f9 numerosi e alle scolaresche, celebrando l\u2019inclusivit\u00e0 dell\u2019evento.<\/p>\n<p>&nbsp;<\/p>\n<p><span style=\"color: #0000ff;\"><strong>CORSA CAMPESTRE<\/strong><\/span><\/p>\n<blockquote>\n<h3>A BRIBANO DI SEDICO L&#8217;ULTIMA PROVA DEL CAMPIONATO DI CORSA CAMPESTRE CSI<\/h3>\n<\/blockquote>\n<p><a class=\"dt-pswp-item\" href=\"https:\/\/www.radiopiu.net\/wordpress\/wp-content\/uploads\/2024\/12\/bribano-1-dic-2024_Provinciale-CSI_gara-assoluta-donne.jpeg\" data-dt-img-description=\"\" data-large_image_width=\"2048\" data-large_image_height=\"1365\"><img loading=\"lazy\" decoding=\"async\" class=\" wp-image-422407 alignleft\" src=\"https:\/\/www.radiopiu.net\/wordpress\/wp-content\/uploads\/2024\/12\/bribano-1-dic-2024_Provinciale-CSI_gara-assoluta-donne-300x200.jpeg\" alt=\"\" width=\"206\" height=\"137\" srcset=\"https:\/\/www.radiopiu.net\/wordpress\/wp-content\/uploads\/2024\/12\/bribano-1-dic-2024_Provinciale-CSI_gara-assoluta-donne-300x200.jpeg 300w, https:\/\/www.radiopiu.net\/wordpress\/wp-content\/uploads\/2024\/12\/bribano-1-dic-2024_Provinciale-CSI_gara-assoluta-donne-1024x683.jpeg 1024w, https:\/\/www.radiopiu.net\/wordpress\/wp-content\/uploads\/2024\/12\/bribano-1-dic-2024_Provinciale-CSI_gara-assoluta-donne-768x512.jpeg 768w, https:\/\/www.radiopiu.net\/wordpress\/wp-content\/uploads\/2024\/12\/bribano-1-dic-2024_Provinciale-CSI_gara-assoluta-donne-1536x1024.jpeg 1536w, https:\/\/www.radiopiu.net\/wordpress\/wp-content\/uploads\/2024\/12\/bribano-1-dic-2024_Provinciale-CSI_gara-assoluta-donne.jpeg 2048w\" sizes=\"auto, (max-width: 206px) 100vw, 206px\" \/><\/a>A Bribano di Sedico, si \u00e8 conclusa l\u2019edizione 2024 del Campionato provinciale di corsa campestre, organizzato dal Csi Belluno e Feltre. Oltre 400 atleti hanno gareggiato sul tracciato del Gs La Piave 2000, che ha dominato sia nella classifica generale che nelle categorie giovanili. Sul podio complessivo anche il Gs Castionese e il Gs Astra Quero, mentre nella graduatoria giovanile si sono distinti la Polisportiva Santa Giustina e il Gs Castionese. A livello individuale, vittorie per Francesca Comiotto (La Piave 2000) e Mattia De Barba (Modesto Team).\u00a0Il Provinciale di corsa campestre vivr\u00e0 il suo ultimo atto sabato prossimo, 7 dicembre, quando ad Agordo si svolgeranno le premiazioni del circuito, in occasione del Natale dello Sportivo.<\/p>\n<p>&nbsp;<\/p>\n<p><span style=\"color: #0000ff;\"><strong>SCI<\/strong><\/span><\/p>\n<blockquote>\n<h3>PRESENTATO IL GRAND PRIX LATTEBUSCHE 2024\/25<\/h3>\n<\/blockquote>\n<p>La 47\u00aa edizione del Grand Prix Lattebusche, dedicata alle categorie Baby (under 10) e Cuccioli (under 12) di sci alpino e sci di fondo, prevede 24 gare di sci alpino e 14 di fondo. L&#8217;evento inizia il 29 dicembre per il fondo e il 5 gennaio per l\u2019alpino, con finali a met\u00e0 marzo a Cortina d&#8217;Ampezzo. Fiore all&#8217;occhiello del comitato regionale veneto FISI, l\u2019iniziativa rappresenta un modello di collaborazione tra sport e azienda. Ideata da Ivano Giopp, \u00e8 sostenuta da comitati provinciali e sci club veneti.<\/p>\n<p>&nbsp;<\/p>\n","protected":false},"excerpt":{"rendered":"<p>***** &nbsp; LA\u00a0 APP PER IOS-IPHONE di Nicola Vettorello https:\/\/apps.apple.com\/it\/app\/radio-pi%C3%B9-emittente-agordina\/id1515939845 LA\u00a0 APP RADIO\u00a0 PER ANDROID di Nicola Vettorello https:\/\/play.google.com\/store\/apps\/details?id=net.radiopiu.iniko\u00a0\u00a0\u00a0 &nbsp; &nbsp; &nbsp; OGGI A RADIO PIU&#8217;&#8230; TRA L&#8217;ALTRO:\u00a0 OGGI COME IERI, IL LUNEDI ALLE 9 IL MERCOLEDI ALLE 9.40, LA STORAI IN MUSICA DI SILVIA BALDO \u00a010.30 NON FARE LO STRUZZO&#8230; IN BIBLIOTECA AD AGORDO.&hellip;<\/p>\n","protected":false},"author":4,"featured_media":422477,"comment_status":"closed","ping_status":"closed","sticky":false,"template":"","format":"standard","meta":{"_monsterinsights_skip_tracking":false,"_monsterinsights_sitenote_active":false,"_monsterinsights_sitenote_note":"","_monsterinsights_sitenote_category":0,"footnotes":""},"categories":[51,86,49],"tags":[],"class_list":["post-422175","post","type-post","status-publish","format-standard","has-post-thumbnail","hentry","category-evidenza-top","category-gr","category-news-18","category-51","category-86","category-49","description-off"],"img_url":"https:\/\/www.radiopiu.net\/wordpress\/wp-content\/uploads\/2024\/12\/2d67aa77-ead2-4f92-8ee4-04986fa449ba.webp","_links":{"self":[{"href":"https:\/\/www.radiopiu.net\/wordpress\/wp-json\/wp\/v2\/posts\/422175","targetHints":{"allow":["GET"]}}],"collection":[{"href":"https:\/\/www.radiopiu.net\/wordpress\/wp-json\/wp\/v2\/posts"}],"about":[{"href":"https:\/\/www.radiopiu.net\/wordpress\/wp-json\/wp\/v2\/types\/post"}],"author":[{"embeddable":true,"href":"https:\/\/www.radiopiu.net\/wordpress\/wp-json\/wp\/v2\/users\/4"}],"replies":[{"embeddable":true,"href":"https:\/\/www.radiopiu.net\/wordpress\/wp-json\/wp\/v2\/comments?post=422175"}],"version-history":[{"count":47,"href":"https:\/\/www.radiopiu.net\/wordpress\/wp-json\/wp\/v2\/posts\/422175\/revisions"}],"predecessor-version":[{"id":422518,"href":"https:\/\/www.radiopiu.net\/wordpress\/wp-json\/wp\/v2\/posts\/422175\/revisions\/422518"}],"wp:featuredmedia":[{"embeddable":true,"href":"https:\/\/www.radiopiu.net\/wordpress\/wp-json\/wp\/v2\/media\/422477"}],"wp:attachment":[{"href":"https:\/\/www.radiopiu.net\/wordpress\/wp-json\/wp\/v2\/media?parent=422175"}],"wp:term":[{"taxonomy":"category","embeddable":true,"href":"https:\/\/www.radiopiu.net\/wordpress\/wp-json\/wp\/v2\/categories?post=422175"},{"taxonomy":"post_tag","embeddable":true,"href":"https:\/\/www.radiopiu.net\/wordpress\/wp-json\/wp\/v2\/tags?post=422175"}],"curies":[{"name":"wp","href":"https:\/\/api.w.org\/{rel}","templated":true}]}}