{"id":422239,"date":"2024-11-30T11:44:23","date_gmt":"2024-11-30T10:44:23","guid":{"rendered":"https:\/\/www.radiopiu.net\/wordpress\/?p=422239"},"modified":"2024-11-30T11:44:23","modified_gmt":"2024-11-30T10:44:23","slug":"tredicesime-in-veneto-in-arrivo-54-miliardi-ma-13-li-preleva-il-fisco","status":"publish","type":"post","link":"https:\/\/www.radiopiu.net\/wordpress\/tredicesime-in-veneto-in-arrivo-54-miliardi-ma-13-li-preleva-il-fisco\/","title":{"rendered":"TREDICESIME IN VENETO: IN ARRIVO 5,4 MILIARDI, MA 1,3 LI PRELEVA IL FISCO"},"content":{"rendered":"<p class=\"p1\"><a class=\"dt-pswp-item\" href=\"https:\/\/www.radiopiu.net\/wordpress\/wp-content\/uploads\/2024\/11\/1.png\" data-dt-img-description=\"\" data-large_image_width=\"576\" data-large_image_height=\"165\"><img loading=\"lazy\" decoding=\"async\" class=\"size-medium wp-image-422240 alignleft\" src=\"https:\/\/www.radiopiu.net\/wordpress\/wp-content\/uploads\/2024\/11\/1-300x86.png\" alt=\"\" width=\"300\" height=\"86\" srcset=\"https:\/\/www.radiopiu.net\/wordpress\/wp-content\/uploads\/2024\/11\/1-300x86.png 300w, https:\/\/www.radiopiu.net\/wordpress\/wp-content\/uploads\/2024\/11\/1-350x100.png 350w, https:\/\/www.radiopiu.net\/wordpress\/wp-content\/uploads\/2024\/11\/1.png 576w\" sizes=\"auto, (max-width: 300px) 100vw, 300px\" \/><\/a>Anche in Veneto i primi a riceverla saranno i pensionati. Da luned\u00ec, infatti, verr\u00e0 accreditata sul conto corrente o potr\u00e0 essere ritirata in contanti presso gli uffici delle Poste. Nelle settimane successive e, comunque, entro Natale, la riceveranno anche i dipendenti pubblici e quelli privati. Stiamo parlando della tredicesima mensilit\u00e0 che quest\u2019anno, secondo le stime elaborate dall\u2019Ufficio studi della CGIA, verr\u00e0 pagata a 3.135.100 veneti che, al netto delle imposte, riceveranno 4,1 miliardi di euro. A rallegrarsi per la gratifica natalizia, per\u00f2, non saranno solo i pensionati gli operai e gli impiegati, ma anche il fisco che beneficer\u00e0 di 1,3 miliardi di gettito Irpef. Pertanto, al lordo delle tasse, l\u2019Inps, le Amministrazioni pubbliche e gli imprenditori privati veneti dovranno erogare per questa mensilit\u00e0 aggiuntiva complessivamente 5,4 miliardi di euro (vedi Tab. 1).<\/p>\n<ul class=\"ul1\">\n<li class=\"li1\"><b>In arrivo anche il bonus di Natale<\/b><\/li>\n<\/ul>\n<p class=\"p3\"><a class=\"dt-pswp-item\" href=\"https:\/\/www.radiopiu.net\/wordpress\/wp-content\/uploads\/2024\/11\/2.png\" data-dt-img-description=\"\" data-large_image_width=\"484\" data-large_image_height=\"799\"><img loading=\"lazy\" decoding=\"async\" class=\"size-medium wp-image-422241 alignleft\" src=\"https:\/\/www.radiopiu.net\/wordpress\/wp-content\/uploads\/2024\/11\/2-182x300.png\" alt=\"\" width=\"182\" height=\"300\" srcset=\"https:\/\/www.radiopiu.net\/wordpress\/wp-content\/uploads\/2024\/11\/2-182x300.png 182w, https:\/\/www.radiopiu.net\/wordpress\/wp-content\/uploads\/2024\/11\/2.png 484w\" sizes=\"auto, (max-width: 182px) 100vw, 182px\" \/><\/a>Dovrebbero essere almeno 370mila i lavoratori dipendenti veneti che, oltre alla tredicesima, nelle prossime settimane percepiranno anche il bonus di Natale di 100 euro netti. Questa novit\u00e0, introdotta quest\u2019anno dal governo Meloni, interessa solo i lavoratori con redditi medio-bassi ed <span class=\"s2\">\u00e8 riservata solo a chi ha un <\/span>reddito complessivo non superiore a 28mila euro e la presenza di almeno un figlio a carico. Allo stesso tempo, non bisogna essere incapienti, ossia avere un\u2019imposta lorda su redditi di lavoro dipendente il cui importo sia superiore alle detrazioni (da lavoro) spettanti. Ancorch\u00e9 non sia una novit\u00e0, sempre <span class=\"s2\">a dicembre e assieme alla tredicesima mensilit\u00e0, alcuni pensionati riceveranno anch\u2019essi un bonus di Natale pari a 154,94\u00a0<a href=\"https:\/\/www.brocardi.it\/dizionario\/2870.html\"><span class=\"s3\">euro<\/span><\/a>. Questo aiuto, destinato agli anziani che, in linea di massima, percepiscono un trattamento pensionistico non superiore all\u2019importo minimo, interesser\u00e0 circa 30mila veneti. Il contributo\u00a0verr\u00e0 erogato dall\u2019Inps in modo automatico, senza bisogno di presentare alcuna domanda. <\/span><\/p>\n<ul class=\"ul1\">\n<li class=\"li4\"><span class=\"s4\"><b>Lo stock \u00e8 cresciuto di 378 milioni<\/b><b><\/b><\/span><\/li>\n<\/ul>\n<p class=\"p5\">Rispetto al 2023, l\u2019ammontare netto delle tredicesime che verr\u00e0 erogato nelle prossime settimane \u00e8 incrementato di 378 milioni di euro. Quali sono le ragioni? Innanzitutto perch\u00e9 rispetto al 2023 le platee dei lavoratori dipendenti e dei pensionati sono cresciute. Va altres\u00ec ricordato che, rispetto l\u2019anno scorso, anche il monte salari \u00e8 salito e questo \u00e8 riconducibile, in larga misura, al fatto che alcuni importanti contratti nazionali di lavoro (CCNL) sono stati rinnovati. Si ricorda, infine, che dei 3.135.100 percettori veneti della tredicesima, 1.313.501 sono pensionati e 1.821.599 sono lavoratori dipendenti (vedi Tab. 2).<\/p>\n<ul class=\"ul1\">\n<li class=\"li7\"><span class=\"s4\"><b>Spenderemo 100 milioni in meno<\/b><\/span><\/li>\n<\/ul>\n<p class=\"p1\">Visto l\u2019andamento dei consumi delle famiglie registrato nella prima parte dell\u2019anno, l\u2019Ufficio studi della CGIA stima che l\u2019ammontare complessivo della spesa destinata ai regali si riduca, rispetto allo scorso Natale, di 100 milioni, scendendo a quota 900 milioni (-10%). Come mai? In primo luogo perch\u00e9 tantissimi veneti, approfittando del <i>Black Friday,<\/i> anticipano sempre pi\u00f9 spesso a novembre l\u2019acquisto dei doni da mettere sotto l\u2019albero. In secondo luogo perch\u00e9 in questi ultimi anni le famiglie hanno diminuito il budget destinato alle spese \u201caccessorie\u201d e ci\u00f2 ha comportato una conseguente flessione dell<\/p>\n<p><img loading=\"lazy\" decoding=\"async\" class=\"size-medium wp-image-422242 alignleft\" src=\"https:\/\/www.radiopiu.net\/wordpress\/wp-content\/uploads\/2024\/11\/3-2-300x233.png\" alt=\"\" width=\"300\" height=\"233\" srcset=\"https:\/\/www.radiopiu.net\/wordpress\/wp-content\/uploads\/2024\/11\/3-2-300x233.png 300w, https:\/\/www.radiopiu.net\/wordpress\/wp-content\/uploads\/2024\/11\/3-2.png 509w\" sizes=\"auto, (max-width: 300px) 100vw, 300px\" \/><\/p>\n<p class=\"p1\">a propensione a fare i regali nel periodo natalizio.<\/p>\n<ul class=\"ul1\">\n<li class=\"li8\"><span class=\"s4\"><b> I regali pi\u00f9 gettonati? Gli alimentari e le bevande alcoliche<\/b><\/span><\/li>\n<\/ul>\n<p class=\"p9\">Anche quest\u2019anno i generi alimentari e le bevande alcoliche dovrebbero confermarsi la tipologia di regalo natalizio pi\u00f9 acquistato anche dai veneti: seguono i giocattoli, i prodotti tecnologici, i libri, l\u2019abbigliamento\/scarpe, i viaggi, i soggiorni nelle Spa e gli articoli per la cura della persona. Non c\u2019\u00e8 alcun dubbio che anche i cosiddetti regali \u201cdigitali\u201d saranno tra i pi\u00f9 gettonati: potendo essere acquistati senza doversi recare presso i negozi fisici, subiranno un ulteriore aumento rispetto ai volumi registrati l\u2019anno scorso. In particolare gli abbonamenti a piattaforme streaming e buoni regalo per gli acquisti online.<\/p>\n<ul class=\"ul1\">\n<li class=\"li11\"><b>A Padova, Verona e Vicenza il pi\u00f9 alto numero di percettori<\/b><\/li>\n<\/ul>\n<p class=\"p11\">A livello geografico la provincia del Veneto che presenta il pi\u00f9 alto numero di beneficiari della tredicesima mensilit\u00e0 \u00e8 quella Padova: tra lavoratori dipendenti e pensionati, le persone interessate saranno quasi 605.000. Seguono Verona con gli oltre 600.000 presenti, Vicenza con<span class=\"Apple-converted-space\">\u00a0 <\/span>565.600 residenti e Treviso con poco pi\u00f9 di 558.000 percettori. Le realt\u00e0 meno interessate, anche perch\u00e9 demograficamente pi\u00f9 piccole delle altre, sono Rovigo con 142.600 residenti e Belluno con quasi 140.200 (vedi Tab. 3).<\/p>\n<ul class=\"ul1\">\n<li class=\"li11\"><b>Tanti dipendenti e altrettanti pensionati ricevono anche la 14esima <\/b><\/li>\n<\/ul>\n<p class=\"p1\">Per quanto concerne i lavoratori dipendenti, tutti i CCNL prevedono, per legge, la tredicesima mensilit\u00e0. Inoltre, secondo una stima dell\u2019Ufficio studi della CGIA, sono tra i 7,5 e gli 8 milioni i lavoratori dipendenti del settore privato presenti in Italia che beneficiano anche della 14esima. La stessa viene erogata nel mese di luglio. I principali contratti nazionali di lavoro che prevedono questa mensilit\u00e0 aggiuntiva sono: l\u2019agricoltura, l\u2019alimentare, l\u2019autotrasporto, il commercio\/turismo e il comparto pulizia\/multiservizi. La quattordicesima spetta anche ai pensionati che hanno compiuto 64 anni di et\u00e0 e in presenza di determinate condizioni. Tra queste ultime, nel 2024 il reddito complessivo non deve superare due volte il trattamento minimo.<\/p>\n","protected":false},"excerpt":{"rendered":"<p>Anche in Veneto i primi a riceverla saranno i pensionati. Da luned\u00ec, infatti, verr\u00e0 accreditata sul conto corrente o potr\u00e0 essere ritirata in contanti presso gli uffici delle Poste. Nelle settimane successive e, comunque, entro Natale, la riceveranno anche i dipendenti pubblici e quelli privati. Stiamo parlando della tredicesima mensilit\u00e0 che quest\u2019anno, secondo le stime&hellip;<\/p>\n","protected":false},"author":2,"featured_media":115054,"comment_status":"closed","ping_status":"closed","sticky":false,"template":"","format":"standard","meta":{"_monsterinsights_skip_tracking":false,"_monsterinsights_sitenote_active":false,"_monsterinsights_sitenote_note":"","_monsterinsights_sitenote_category":0,"footnotes":""},"categories":[49],"tags":[],"class_list":["post-422239","post","type-post","status-publish","format-standard","has-post-thumbnail","hentry","category-news-18","category-49","description-off"],"img_url":"https:\/\/www.radiopiu.net\/wordpress\/wp-content\/uploads\/2020\/01\/uomo-disteso-che-conta-soldi-con-il-calcolatore_23-2148230056.jpg","_links":{"self":[{"href":"https:\/\/www.radiopiu.net\/wordpress\/wp-json\/wp\/v2\/posts\/422239","targetHints":{"allow":["GET"]}}],"collection":[{"href":"https:\/\/www.radiopiu.net\/wordpress\/wp-json\/wp\/v2\/posts"}],"about":[{"href":"https:\/\/www.radiopiu.net\/wordpress\/wp-json\/wp\/v2\/types\/post"}],"author":[{"embeddable":true,"href":"https:\/\/www.radiopiu.net\/wordpress\/wp-json\/wp\/v2\/users\/2"}],"replies":[{"embeddable":true,"href":"https:\/\/www.radiopiu.net\/wordpress\/wp-json\/wp\/v2\/comments?post=422239"}],"version-history":[{"count":1,"href":"https:\/\/www.radiopiu.net\/wordpress\/wp-json\/wp\/v2\/posts\/422239\/revisions"}],"predecessor-version":[{"id":422243,"href":"https:\/\/www.radiopiu.net\/wordpress\/wp-json\/wp\/v2\/posts\/422239\/revisions\/422243"}],"wp:featuredmedia":[{"embeddable":true,"href":"https:\/\/www.radiopiu.net\/wordpress\/wp-json\/wp\/v2\/media\/115054"}],"wp:attachment":[{"href":"https:\/\/www.radiopiu.net\/wordpress\/wp-json\/wp\/v2\/media?parent=422239"}],"wp:term":[{"taxonomy":"category","embeddable":true,"href":"https:\/\/www.radiopiu.net\/wordpress\/wp-json\/wp\/v2\/categories?post=422239"},{"taxonomy":"post_tag","embeddable":true,"href":"https:\/\/www.radiopiu.net\/wordpress\/wp-json\/wp\/v2\/tags?post=422239"}],"curies":[{"name":"wp","href":"https:\/\/api.w.org\/{rel}","templated":true}]}}