{"id":422366,"date":"2024-12-02T05:14:57","date_gmt":"2024-12-02T04:14:57","guid":{"rendered":"https:\/\/www.radiopiu.net\/wordpress\/?p=422366"},"modified":"2024-12-02T08:32:53","modified_gmt":"2024-12-02T07:32:53","slug":"forza-christian-ti-rivogliamo-ad-agordo","status":"publish","type":"post","link":"https:\/\/www.radiopiu.net\/wordpress\/forza-christian-ti-rivogliamo-ad-agordo\/","title":{"rendered":"FORZA CHRISTIAN! TI RIVOGLIAMO AD AGORDO E TRA LE TUE MONTAGNE"},"content":{"rendered":"<p>******<\/p>\n<blockquote><p><em>chi guidava l&#8217;auto, acquistata solo nella giornata di venerdi,\u00a0 ne ha perso il controllo mentre percorreva il valico in direzione Moena-Falcade. Un&#8217;uscita autonoma, che non ha coinvolto altri veicoli.<\/em><\/p><\/blockquote>\n<p><strong><a class=\"dt-pswp-item\" href=\"https:\/\/www.radiopiu.net\/wordpress\/wp-content\/uploads\/2024\/12\/Senza-nome-3.png\" data-dt-img-description=\"\" data-large_image_width=\"318\" data-large_image_height=\"284\"><img loading=\"lazy\" decoding=\"async\" class=\" wp-image-422460 alignleft\" src=\"https:\/\/www.radiopiu.net\/wordpress\/wp-content\/uploads\/2024\/12\/Senza-nome-3-300x268.png\" alt=\"\" width=\"226\" height=\"202\" srcset=\"https:\/\/www.radiopiu.net\/wordpress\/wp-content\/uploads\/2024\/12\/Senza-nome-3-300x268.png 300w, https:\/\/www.radiopiu.net\/wordpress\/wp-content\/uploads\/2024\/12\/Senza-nome-3.png 318w\" sizes=\"auto, (max-width: 226px) 100vw, 226px\" \/><\/a>PASSO SAN PELLEGRINO<\/strong>Christian Selle, volto noto del Parco Avventura ai Piani di Pezz\u00e8 con l&#8217;impresa di famiglia ai Piani di Pezz\u00e8 di Alleghe, con il pap\u00e0 Mauro e lo zio Luca \u00e8 ricoverato in gravi condizioni all&#8217;ospedale Santa Chiara di Trento dopo l&#8217;incidente della scorsa notte lungo la provinciale 346 tra Moena e Falcade (Passo San Pellegrino) \u00a0Il Subaru con a bordo due giovani,\u00a0 diretta verso Falcade, \u00e8 finita fuori strada, schiantandosi violentemente contro un masso. I feriti sono stati immediatamente soccorsi dai sanitari giunti sul posto con ambulanze ed elisoccorso, il ragazzo \u00e8 stato\u00a0 trasportati in codice rosso all\u2019ospedale Santa Chiara di Trento. La ragazza Zaira Nicolai, ventenne di\u00a0 Selva di Cadore che vive a Caviola \u00e8 stata medicata le sue condizioni non sono\u00a0 fortunatamente preoccupanti. Per liberarli dall\u2019auto, \u00e8 stato necessario l\u2019intervento dei Vigili del Fuoco di Moena, con il supporto dei colleghi di Vigo e Pozza di Fassa, che hanno utilizzato le pinze idrauliche. La dinamica dell\u2019incidente \u00e8 ora al vaglio delle forze dell\u2019ordine.<strong><br \/>\n<\/strong><\/p>\n<p>SITO INTERNET\u00a0 L&#8217;ADIGE, <a href=\"https:\/\/www.ladige.it\/cronaca\/2024\/12\/01\/Auto%20e%20si%20schianta%20al%20passo%20San%20Pellegrino%20grave%20un%20ragazzo-1.3940189\">CLICCA QUI\u00a0<\/a><\/p>\n<p>FOTO SITO INTERNET L&#8217;ADIGE<\/p>\n<p><a class=\"dt-pswp-item\" href=\"https:\/\/www.radiopiu.net\/wordpress\/wp-content\/uploads\/2024\/12\/Senza-nome-2.png\" data-dt-img-description=\"\" data-large_image_width=\"655\" data-large_image_height=\"450\"><img loading=\"lazy\" decoding=\"async\" class=\"alignnone size-medium wp-image-422392\" src=\"https:\/\/www.radiopiu.net\/wordpress\/wp-content\/uploads\/2024\/12\/Senza-nome-2-300x206.png\" alt=\"\" width=\"300\" height=\"206\" srcset=\"https:\/\/www.radiopiu.net\/wordpress\/wp-content\/uploads\/2024\/12\/Senza-nome-2-300x206.png 300w, https:\/\/www.radiopiu.net\/wordpress\/wp-content\/uploads\/2024\/12\/Senza-nome-2.png 655w\" sizes=\"auto, (max-width: 300px) 100vw, 300px\" \/><\/a><\/p>\n<p>&nbsp;<\/p>\n<p>******<\/p>\n","protected":false},"excerpt":{"rendered":"<p>****** chi guidava l&#8217;auto, acquistata solo nella giornata di venerdi,\u00a0 ne ha perso il controllo mentre percorreva il valico in direzione Moena-Falcade. Un&#8217;uscita autonoma, che non ha coinvolto altri veicoli. PASSO SAN PELLEGRINOChristian Selle, volto noto del Parco Avventura ai Piani di Pezz\u00e8 con l&#8217;impresa di famiglia ai Piani di Pezz\u00e8 di Alleghe, con il&hellip;<\/p>\n","protected":false},"author":4,"featured_media":422460,"comment_status":"closed","ping_status":"closed","sticky":false,"template":"","format":"standard","meta":{"_monsterinsights_skip_tracking":false,"_monsterinsights_sitenote_active":false,"_monsterinsights_sitenote_note":"","_monsterinsights_sitenote_category":0,"footnotes":""},"categories":[51,49],"tags":[],"class_list":["post-422366","post","type-post","status-publish","format-standard","has-post-thumbnail","hentry","category-evidenza-top","category-news-18","category-51","category-49","description-off"],"img_url":"https:\/\/www.radiopiu.net\/wordpress\/wp-content\/uploads\/2024\/12\/Senza-nome-3.png","_links":{"self":[{"href":"https:\/\/www.radiopiu.net\/wordpress\/wp-json\/wp\/v2\/posts\/422366","targetHints":{"allow":["GET"]}}],"collection":[{"href":"https:\/\/www.radiopiu.net\/wordpress\/wp-json\/wp\/v2\/posts"}],"about":[{"href":"https:\/\/www.radiopiu.net\/wordpress\/wp-json\/wp\/v2\/types\/post"}],"author":[{"embeddable":true,"href":"https:\/\/www.radiopiu.net\/wordpress\/wp-json\/wp\/v2\/users\/4"}],"replies":[{"embeddable":true,"href":"https:\/\/www.radiopiu.net\/wordpress\/wp-json\/wp\/v2\/comments?post=422366"}],"version-history":[{"count":19,"href":"https:\/\/www.radiopiu.net\/wordpress\/wp-json\/wp\/v2\/posts\/422366\/revisions"}],"predecessor-version":[{"id":422513,"href":"https:\/\/www.radiopiu.net\/wordpress\/wp-json\/wp\/v2\/posts\/422366\/revisions\/422513"}],"wp:featuredmedia":[{"embeddable":true,"href":"https:\/\/www.radiopiu.net\/wordpress\/wp-json\/wp\/v2\/media\/422460"}],"wp:attachment":[{"href":"https:\/\/www.radiopiu.net\/wordpress\/wp-json\/wp\/v2\/media?parent=422366"}],"wp:term":[{"taxonomy":"category","embeddable":true,"href":"https:\/\/www.radiopiu.net\/wordpress\/wp-json\/wp\/v2\/categories?post=422366"},{"taxonomy":"post_tag","embeddable":true,"href":"https:\/\/www.radiopiu.net\/wordpress\/wp-json\/wp\/v2\/tags?post=422366"}],"curies":[{"name":"wp","href":"https:\/\/api.w.org\/{rel}","templated":true}]}}