{"id":422369,"date":"2024-12-02T04:00:50","date_gmt":"2024-12-02T03:00:50","guid":{"rendered":"https:\/\/www.radiopiu.net\/wordpress\/?p=422369"},"modified":"2024-12-02T05:51:25","modified_gmt":"2024-12-02T04:51:25","slug":"sotto-choc-pieve-di-soligo-per-la-morte-di-andrea-zordan-vice-presidente-della-proloco","status":"publish","type":"post","link":"https:\/\/www.radiopiu.net\/wordpress\/sotto-choc-pieve-di-soligo-per-la-morte-di-andrea-zordan-vice-presidente-della-proloco\/","title":{"rendered":"SOTTO CHOC PIEVE DI SOLIGO PER LA MORTE DI ANDREA ZORDAN, VICE PRESIDENTE DELLA PROLOCO"},"content":{"rendered":"<p>***<\/p>\n<p>&nbsp;<\/p>\n<p><strong><a class=\"dt-pswp-item\" href=\"https:\/\/www.radiopiu.net\/wordpress\/wp-content\/uploads\/2024\/12\/Senza-nome.png\" data-dt-img-description=\"\" data-large_image_width=\"174\" data-large_image_height=\"171\"><img loading=\"lazy\" decoding=\"async\" class=\"size-full wp-image-422380 alignleft\" src=\"https:\/\/www.radiopiu.net\/wordpress\/wp-content\/uploads\/2024\/12\/Senza-nome.png\" alt=\"\" width=\"174\" height=\"171\" \/><\/a>LONGARONE<\/strong> \u00c8 stato purtroppo ritrovato senza vita il corpo dell&#8217;uomo, le cui ricerche erano partite ieri nel pomeriggio, dopo il rinvenimento della sua auto parcheggiata nei pressi della passerella di Igne. Soccorso alpino di Longarone e Vigili del fuoco avevano immediatamente iniziato le perlustrazioni. Questa mattina si sono uniti dorni e il gruppo forre del Soccorso alpino e speleologico Veneto. La squadra dei forristi ha rinvenuto il corpo di Andrea.Zordan., 40 anni, vicepresidente della pro loco di Pieve di Soligo (TV), nella gola del torrente Ma\u00e8, 200 metri pi\u00f9 a valle della passerella. La salma \u00e8 stata recuperata dall&#8217;elicottero dei Vigili del fuoco, con il supporto dei forristi in acqua, e trasportata a Longarone per essere affidata al carro funebre. Lascia la moglie e due figlie. Sotto choc la comunit\u00e0 pievigina e i tanti amici di Zordan che venerd\u00ec sera aveva incontrato nella riunione della proloco.<\/p>\n<p>&nbsp;<\/p>\n<hr \/>\n<p>&nbsp;<\/p>\n","protected":false},"excerpt":{"rendered":"<p>*** &nbsp; LONGARONE \u00c8 stato purtroppo ritrovato senza vita il corpo dell&#8217;uomo, le cui ricerche erano partite ieri nel pomeriggio, dopo il rinvenimento della sua auto parcheggiata nei pressi della passerella di Igne. Soccorso alpino di Longarone e Vigili del fuoco avevano immediatamente iniziato le perlustrazioni. Questa mattina si sono uniti dorni e il gruppo&hellip;<\/p>\n","protected":false},"author":4,"featured_media":422380,"comment_status":"closed","ping_status":"closed","sticky":false,"template":"","format":"standard","meta":{"_monsterinsights_skip_tracking":false,"_monsterinsights_sitenote_active":false,"_monsterinsights_sitenote_note":"","_monsterinsights_sitenote_category":0,"footnotes":""},"categories":[51,49],"tags":[],"class_list":["post-422369","post","type-post","status-publish","format-standard","has-post-thumbnail","hentry","category-evidenza-top","category-news-18","category-51","category-49","description-off"],"img_url":"https:\/\/www.radiopiu.net\/wordpress\/wp-content\/uploads\/2024\/12\/Senza-nome.png","_links":{"self":[{"href":"https:\/\/www.radiopiu.net\/wordpress\/wp-json\/wp\/v2\/posts\/422369","targetHints":{"allow":["GET"]}}],"collection":[{"href":"https:\/\/www.radiopiu.net\/wordpress\/wp-json\/wp\/v2\/posts"}],"about":[{"href":"https:\/\/www.radiopiu.net\/wordpress\/wp-json\/wp\/v2\/types\/post"}],"author":[{"embeddable":true,"href":"https:\/\/www.radiopiu.net\/wordpress\/wp-json\/wp\/v2\/users\/4"}],"replies":[{"embeddable":true,"href":"https:\/\/www.radiopiu.net\/wordpress\/wp-json\/wp\/v2\/comments?post=422369"}],"version-history":[{"count":6,"href":"https:\/\/www.radiopiu.net\/wordpress\/wp-json\/wp\/v2\/posts\/422369\/revisions"}],"predecessor-version":[{"id":422381,"href":"https:\/\/www.radiopiu.net\/wordpress\/wp-json\/wp\/v2\/posts\/422369\/revisions\/422381"}],"wp:featuredmedia":[{"embeddable":true,"href":"https:\/\/www.radiopiu.net\/wordpress\/wp-json\/wp\/v2\/media\/422380"}],"wp:attachment":[{"href":"https:\/\/www.radiopiu.net\/wordpress\/wp-json\/wp\/v2\/media?parent=422369"}],"wp:term":[{"taxonomy":"category","embeddable":true,"href":"https:\/\/www.radiopiu.net\/wordpress\/wp-json\/wp\/v2\/categories?post=422369"},{"taxonomy":"post_tag","embeddable":true,"href":"https:\/\/www.radiopiu.net\/wordpress\/wp-json\/wp\/v2\/tags?post=422369"}],"curies":[{"name":"wp","href":"https:\/\/api.w.org\/{rel}","templated":true}]}}